{"id":29362,"date":"2021-09-12T13:06:49","date_gmt":"2021-09-12T11:06:49","guid":{"rendered":"http:\/\/www.romaoggi.eu\/?p=29362"},"modified":"2021-09-12T13:06:49","modified_gmt":"2021-09-12T11:06:49","slug":"rome-art-week","status":"publish","type":"post","link":"https:\/\/www.romaoggi.eu\/index.php\/2021\/09\/12\/rome-art-week\/","title":{"rendered":"Rome Art Week 2021"},"content":{"rendered":"<div>\n<div class=\"ox-37c56fa25f-txtTinyMce-wrapper\">\n<p><img loading=\"lazy\" decoding=\"async\" class=\"aligncenter wp-image-29363 size-full\" src=\"https:\/\/www.romaoggi.eu\/wp-content\/uploads\/2021\/09\/RAW-2021.jpg\" alt=\"Alt text Rome Art Week\" width=\"960\" height=\"540\" srcset=\"https:\/\/www.romaoggi.eu\/wp-content\/uploads\/2021\/09\/RAW-2021.jpg 960w, https:\/\/www.romaoggi.eu\/wp-content\/uploads\/2021\/09\/RAW-2021-300x169.jpg 300w, https:\/\/www.romaoggi.eu\/wp-content\/uploads\/2021\/09\/RAW-2021-678x381.jpg 678w\" sizes=\"auto, (max-width: 960px) 100vw, 960px\" \/><\/p>\n<p>C\u2019\u00e8 tempo\u00a0<strong>fino al 30 settembre<\/strong>\u00a0per aderire alla\u00a0<strong>sesta edizione<\/strong>\u00a0di\u00a0<strong>Rome Art Week<\/strong>: la call \u00e8 aperta a\u00a0<strong>gallerie, spazi espositivi, fondazioni, associazioni, accademie, istituzioni culturali, artisti e curatori<\/strong>\u00a0che\u00a0<strong>dal 25 al 30 ottobre 2021<\/strong>\u00a0animeranno la Capitale con una settimana dedicata\u00a0<strong>all\u2019arte contemporanea<\/strong>\u00a0con un ricco calendario di mostre personali e collettive, open studio, performance, talk, eventi e appuntamenti virtuali.\u00a0<strong>Per partecipare si pu\u00f2 presentare la richiesta di adesione compilando la scheda relativa, collegandosi al link\u00a0<a href=\"https:\/\/romeartweek.com\/it\/iscrizione\/\" target=\"_blank\" rel=\"noopener noreferrer\">https:\/\/romeartweek.com\/it\/iscrizione\/<\/a><\/strong><strong>.<\/strong><\/p>\n<p>Il circuito di RAW rappresenta una vera e propria\u00a0<strong>novit\u00e0 nel settore dell\u2019arte contemporanea romana e nazionale<\/strong>: un evento diffuso e \u201corizzontale\u201d, dove tutti gli operatori possono partecipare con lo scopo di sviluppare e sostenere la conoscenza e la diffusione dell\u2019arte contemporanea in maniera democratica a pi\u00f9 livelli. Fedele a questa filosofia, la\u00a0<strong>partecipazion<\/strong>e a RAW \u00e8 completamente\u00a0<strong>gratuita<\/strong>\u00a0e non saranno ammessi eventi che prevedano un costo di ingresso. Infatti la manifestazione, su iniziativa di\u00a0<strong>KOU &#8211; Associazione culturale per la promozione delle arti visive<\/strong>, si pone come un\u00a0<strong>sofisticato network per l\u2019arte contemporanea<\/strong>\u00a0che ha l\u2019obiettivo di\u00a0<strong>costruire una rete tra tutti gli operatori del settore arte e il pubblico<\/strong>. Dopo il successo delle passate edizioni con oltre 300 eventi sparsi per la citt\u00e0 e pi\u00f9 di 1000 adesioni tra gallerie e istituzioni, artisti e curatori,\u00a0<strong>RAW 2021 si conferma una delle manifestazioni pi\u00f9 ampie e apprezzate nell\u2019agenda artistica e culturale della capitale<\/strong>.<\/p>\n<p>&nbsp;<\/p>\n<p><strong>Massimiliano Padovan Di Benedetto<\/strong>, al timone fin dagli esordi in quanto ideatore e coordinatore del progetto, e assistito da uno staff di addetti ai lavori, spiega \u201c<em>Rome Art Week nasce dalla necessit\u00e0 di creare un sistema di aggregazione orizzontale tra i numerosi operatori romani dell\u2019arte contemporanea con l\u2019obiettivo di attrarre un nuovo pubblico di turisti nella Capitale; prima di RAW a Roma, e in Italia, una manifestazione del genere non esisteva. Solitamente le settimane dell\u2019arte nascono come appoggio agli eventi fieristici mentre con Rome Art Week questo non accade: \u00e8 un evento democratico, aperto a tutti, senza un main event alle spalle, perch\u00e8 il vero main event \u00e8 RAW.\u00a0<\/em><\/p>\n<p><em>Istituzioni, gallerie, singoli artisti, curatori, fondazioni, centri d\u2019arte, spazi espositivi\u2026 tutti possono partecipare proponendo il proprio progetto, open studio o mostra. Anche quest\u2019anno, come le passate edizioni, Rome Art Week proporr\u00e0 un ricco calendario di visite guidate e l\u2019occasione di visitare le mostre in programma anche attraverso dei virtual tour a 360\u00b0. Un ulteriore strumento per scoprire le eccellenze della manifestazione e i talenti presenti viene poi fornito dai Punti di Vista di noti critici, curatori e operatori del settore che guidano il pubblico nella moltitudine di eventi di RAW. Ma Rome Art Week non si ferma qui, prosegue durante tutto l\u2019anno grazie al sito web, una vetrina diretta con il pubblico nel quale tutti gli iscritti possono continuare a promuovere la propria attivit\u00e0 365 giorni l\u2019anno<\/em>\u201d.<\/p>\n<p>&nbsp;<\/p>\n<p><u><strong>Rome Art Week incontra Miami New Media Festival<\/strong><\/u><\/p>\n<p>Anche quest\u2019anno riparte la collaborazione tra Rome Art Week e il\u00a0<strong>Miami New Media Festival<\/strong>, giunto alla sua 16\u00aa edizione: fino al 15 settembre \u00e8 aperta la\u00a0<a href=\"https:\/\/culturaliart.musvc2.net\/e\/t?q=9%3dGX6Z0%26I%3d4%26J%3dDX7%26K%3d9fBbD%26R%3dkP2Mv_NYzS_Yi_OTyX_Yi_NYzS_XnOrIm8uP5BhG.kLp_NYzS_XnFw_NYzS_XnKrPqWlA_zxVv_0Cf7tI-iKz-Sl0mL-dN2FvP1-YCX9_OTyX_Yi_NYzS_YnRwI_1LxNkB_uwaw_60vBzOtBwPmO_uwaw_5b3Qp_ImAlQu_OTyX_ZgAu8lH_zxVv_0cxPu_7i8d0dIx8lCv_OTyX_ZgIiFoQx%26A%3dpQ1SfX.vBw%26E1%3dX4f0Y&amp;mupckp=mupAtu4m8OiX0wt\" target=\"_blank\" rel=\"noopener noreferrer\">call dedicata ai\u00a0<strong>video artisti<\/strong><\/a>\u00a0che parteciperanno a RAW 2021.<\/p>\n<p>I video selezionati saranno esposti durante la settimana di Rome Art Week, in occasione dell\u2019evento del Miami New Media Festival che si terr\u00e0 presso una prestigiosa sede espositiva romana. Le opere verranno poi esposte a Miami e nelle altre tappe mondiali del festival.<\/p>\n<p>Il\u00a0<strong>MNMF 2021<\/strong>\u00a0promuove una riflessione sul contributo che l\u2019arte pu\u00f2 dare alla nuova realt\u00e0: come pu\u00f2 la new media art essere uno strumento per sormontare un mondo sconvolto da una pandemia?<\/p>\n<p><strong>Le espressioni artistiche sono una risposta al nostro presente<\/strong>. Negli ultimi due anni il mondo si \u00e8 fermato: la pausa ha provocato la creazione di numerosi prodotti artistici che esplorano ci\u00f2 che abbiamo vissuto, affrontando il cambiamento della realt\u00e0 di tutti i giorni che ha portato le persone a adattarsi a nuovi ritmi, regole, modi di approcciarsi al prossimo.<\/p>\n<p>Il Miami New Media Festival propone dunque il tema \u201c<strong><em>New Media Art e la pandemia<\/em><\/strong>\u201d, raccogliendo e condividendo opere di\u00a0<strong><em>video art<\/em><\/strong>\u00a0che possano far riflettere su questo periodo difficile e aiutarci ad ottenere il meglio da una situazione cos\u00ec complessa.<\/p>\n<p>Per partecipare:\u00a0<a href=\"https:\/\/romeartweek.com\/it\/notizie\/call-for-video-artists-2021\/\" target=\"_blank\" rel=\"noopener noreferrer\">https:\/\/romeartweek.com\/it\/notizie\/call-for-video-artists-2021\/<\/a><\/p>\n<p>Per la sesta edizione RAW inoltre lancia un appello di\u00a0<strong>collaborazione tra artisti e gestori di attivit\u00e0 commerciali<\/strong>\u00a0per trasformare le vie dei principali quartieri romani in una\u00a0<strong>grande galleria urbana contemporanea<\/strong>, in modo tale da rendere le vetrine luoghi di creativit\u00e0 e di stimolo.\u00a0<strong>RUS (RAW Urban Showcase)<\/strong>\u00a0ha l\u2019intento di esporre opere d\u2019arte realizzate dagli artisti partecipanti a Rome Art Week all\u2019interno di attivit\u00e0 commerciali, al fine di promuovere ed impreziosire gli spazi, favorendo parallelamente la conoscenza e la diffusione dell\u2019arte in modo innovativo. L\u2019obiettivo \u00e8 quello di offrire un supporto creativo ai settori in difficolt\u00e0 tramite un\u2019esposizione gratuita e a beneficio di tutti. Il progetto si pone come un\u00a0<strong>catalizzatore di strada e di quartiere<\/strong>, che permette di attirare nuovi acquirenti e migliorare lo spazio pubblico, consentendo di vedere le attivit\u00e0 commerciali da una prospettiva diversa.<\/p>\n<p>Rome Art Week \u00e8 promossa da\u00a0<strong>KOU<\/strong>\u00a0| Associazione culturale per la promozione delle arti visive e si avvale del patrocinio di:\u00a0<strong>MIBACT\u00a0<\/strong>Ministero dei beni e delle attivit\u00e0 culturali e del turismo,\u00a0<strong>Regione Lazio<\/strong>,\u00a0<strong>Roma Capitale Assessorato alla Crescita Culturale<\/strong>,\u00a0<strong>Sapienza Universit\u00e0 di Roma<\/strong>. Partner:\u00a0<strong>Menexa<\/strong><\/p>\n<p>Le news e gli elenchi dei partecipanti sono in costante aggiornamento e disponibili su\u00a0<a href=\"https:\/\/culturaliart.musvc2.net\/e\/t?q=0%3dFVFa9%26G%3dD%26K%3dCVG%26L%3d8dLcC%26P%3duQ1K_5xZu_F8_yvfw_9A_5xZu_EC4R0.OvHr8yO0BlF.vQ_yvfw_9A_5xZu_FC2Oz_PvP50l_MdzW_XqKlR6IlO7B8h6ny_MdzW_WIR1H_zBkD8J_yvfw_09rJhDy_OXxc_YCP7J_j6zMhDtK_yvfw_09z8pG8M%26k%3dH8P38E.KlO%26vP%3d8VMY9&amp;mupckp=mupAtu4m8OiX0wt\" target=\"_blank\" rel=\"noopener noreferrer\">www.romeartweek.it<\/a><\/p>\n<p>Mentre al seguente link\u00a0<a href=\"https:\/\/culturaliart.musvc2.net\/e\/t?q=0%3dLT8aE%26E%3d6%26K%3dIT9%26L%3dDbDcI%26N%3dmQ7Ix_OdvU_Zn_KVzc_Uk_OdvU_YsKtJr4wQ08jH.pHr_OdvU_YsBy_OdvU_YsBx05B5F2Gj_OdvU_Ys_KVzc_VkR7F_xL8KhB_5tXw_F7sB0LqB7MjO_5tXw_EYzQz_FjAvNr_OdvU_Zq8r8vE_wxfs_7c8Mr_0nFu8v0s_OdvU_ZqFfFyNu%26A%3dzNxSpU.8n4fsB7%26Bx%3dXDc7Y&amp;mupckp=mupAtu4m8OiX0wt\" target=\"_blank\" rel=\"noopener noreferrer\">https:\/\/romeartweek.com\/it\/iscrizione\/<\/a>\u00a0\u00e8 possibile aderire alla sesta edizione di RAW<\/p>\n<p>&nbsp;<\/p>\n<p><strong>INFORMAZIONI UTILI<\/strong><\/p>\n<p><strong>Rome Art Week 2021 \u2013 sesta Edizione<\/strong><\/p>\n<p>DOVE:\u00a0<strong>Roma \u2013 varie sedi<\/strong><\/p>\n<p>QUANDO:\u00a0<strong>dal 25 al 30 ottobre 2021<\/strong><\/p>\n<p>CONTATTI<\/p>\n<p>MAIL:\u00a0<a class=\"mailto-link\" href=\"mailto:info@romeartweek.com\" target=\"_blank\" rel=\"noopener noreferrer\">info@romeartweek.com<\/a><\/p>\n<p>TEL: +39 06 21128870<\/p>\n<p>SITO:\u00a0<a href=\"https:\/\/culturaliart.musvc2.net\/e\/t?q=0%3dCR6a6%26C%3d4%26K%3d0R7%26L%3d5ZBc0%26L%3dkQxG_uxWq_68_vrVw_67_uxWq_5C1Nz.OsDh8vKzBiB.fLq_ITzT_Si_OUtS_ZjLwJ_wFxOg6_uxWq_6Ar6zPp6wQ8e2diI_uxWq_5cyKp_Ji5lRq_ITzT_TgBq2lI_vrVw_6WxQq_4dJt2lDr_ITzT_TgJe0oRt%265%3dpRwMfY.r6w%26Fw%3dR4g6S&amp;mupckp=mupAtu4m8OiX0wt\" target=\"_blank\" rel=\"noopener noreferrer\">www.romeartweek.com<\/a><\/p>\n<p>FACEBOOK:\u00a0<a href=\"https:\/\/culturaliart.musvc2.net\/e\/t?q=4%3dRT4UK%26E%3d2%26E%3dOT5%26F%3dJb0WO%26N%3diKCI_srls_42_AtTq_K9_srls_37FPx.7t6f38Hl.48F_srls_37AHn6tKuNx8l_IjvQ_TyNuD_BHvIv8_srls_452t4b78xJ58uKxK_srls_3WDMn_Dx7jL6_KRti_Ve664jC_AtTq_KYvK6_6bD94j87_KRti_VeDtBmL9%267%3dnLBOdS.78u%260B%3dT2aKU&amp;mupckp=mupAtu4m8OiX0wt\" target=\"_blank\" rel=\"noopener noreferrer\">www.facebook.com\/romeartweek<\/a><\/p>\n<p>INSTAGRAM:\u00a0<a href=\"https:\/\/culturaliart.musvc2.net\/e\/t?q=4%3dJVLUC%26G%3dJ%26E%3dGVM%26F%3dBdRWG%26P%3d1K5K_Ardu_L2_3vlq_CA_Ardu_K78RF.0yNC2rMtD.nJ6_Ibxi_SqM8Dp6AK80xB_3vlq_CA_Ardu_L76O6_JzPA4p_Mjta_XwEpRBCpOC63_Mjta_WOL5H_66oDDD_3vlq_D9xDlD5_Ibxi_SGPCD_n66GlDzE_3vlq_D962tGDG%26o%3dHDJ78K.EpO%262J%3dB2l6tVSSC&amp;mupckp=mupAtu4m8OiX0wt\" target=\"_blank\" rel=\"noopener noreferrer\">www.instagram.com\/romeartweek\/<\/a><\/p>\n<p>TWITTER:\u00a0<a href=\"https:\/\/culturaliart.musvc2.net\/e\/t?q=4%3d0UQU3%26F%3dO%26E%3d7UR%26F%3d2cWW7%26O%3d6KuJ_FrTt_Q2_suqq_30_FrTt_P7xQK.KxCHKfL.1Fn_LotQ_V4IpG32sNK6fE_FrTt_P7_suqq_40IKn_MCLs73_IRwn_TeH3NtF3Ku9F_IRwn_S7OHD_n920vG_FrTt_Q5fGy0m_LotQ_VTLuG_12nJy0hH_FrTt_Q5n57CvJ%262%3dDvMJ43.H3K%26jM%3dORA2b5yVP&amp;mupckp=mupAtu4m8OiX0wt\" target=\"_blank\" rel=\"noopener noreferrer\">www.twitter.com\/romeartweek\/<\/a><\/p>\n<p>VIMEO:\u00a0<a href=\"https:\/\/culturaliart.musvc2.net\/e\/t?q=5%3dIWIVB%26H%3dG%26F%3dFWJ%26G%3dAeOXF%26Q%3dxL4L_8scv_I3_2wir_BB_8scv_H87SC.NsIuG.mK3_Jayf_TpN5Eo78L7AuC_2wir_BB_8scv_I85P3_KyQ85o_Ng3k7quZ_YtFoS9DoP072_NguZ_XLM4I_37nEAE_2wir_C0uEkE2_Jayf_TFQ0E_m73HkEwF_2wir_C033sHAH%26n%3dIAK69H.FoP%26yK%3dAWPTB&amp;mupckp=mupAtu4m8OiX0wt\" target=\"_blank\" rel=\"noopener noreferrer\">www.vimeo.com\/romeartweek\/<\/a><\/p>\n<p>&nbsp;<\/p>\n<p>Ideazione e organizzazione<\/p>\n<p><strong>Kou | Associazione no-profit per la promozione delle arti visive<\/strong><\/p>\n<p>SITO:\u00a0<a href=\"https:\/\/culturaliart.musvc2.net\/e\/t?q=6%3dGV5W0%26G%3d3%26G%3dDV6%26H%3d9dAYD%26P%3djM2K_ttau_54_zvUs_0A_ttau_495Ry.DwP.p82_MSvX_Wh_KYxR_VnPvF_1JwKk0_ttau_57v0yLt0vMmM_ttau_4i6c4Y3Oo_Fm9kNu_MSvX_Xf8u6kE_zvUs_0awMu_8cFx6k0v_MSvX_XfFiDnNx%269%3doN1QeU.v0v%26B1%3dV3c0W&amp;mupckp=mupAtu4m8OiX0wt\" target=\"_blank\" rel=\"noopener noreferrer\">www.kou.net<\/a><\/p>\n<p>&nbsp;<\/p>\n<p><strong>UFFICIO STAMPA NAZIONALE<\/strong><\/p>\n<p><strong>CULTURALIA DI NORMA WALTMANN<\/strong><\/p>\n<\/div>\n<\/div>\n<div class=\"ox-37c56fa25f-img-container ox-37c56fa25f-left ox-37c56fa25f-fixedwidth\" align=\"left\"><img decoding=\"async\" class=\"ox-37c56fa25f-left ox-37c56fa25f-fixedwidth\" src=\"https:\/\/culturaliart.img.musvc2.net\/static\/91342\/images\/1\/CULTURALIA_logo_bn.jpg\" width=\"120\" border=\"0\" \/><\/div>\n<div>\n<div class=\"ox-37c56fa25f-txtTinyMce-wrapper\">\n<p><strong>TEL 051 6569105 &#8211; MOB 392 2527126\u00a0\u00a0<\/strong><\/p>\n<p><a class=\"mailto-link\" href=\"mailto:info@culturaliart.com\" target=\"_blank\" rel=\"noopener noreferrer\">info@culturaliart.com<\/a>\u00a0|\u00a0<a href=\"https:\/\/culturaliart.musvc2.net\/e\/t?q=3%3d0VET3%26G%3dC%26D%3d7VF%26E%3d2dKV7%26P%3dtJuK_4qTu_E1_svep_3A_4qTu_D6xR9.3vG6Ks6x9bM6.3pH_4qTu_D6_svep_4A7Jn_N1Ks8q_HRxb_SeIqMtGqJ1b6mu04_HRxb_R7P6C_n0p9vH_4qTu_E4fHm9m_McsQ_WHKuH_o1nKm9hI_4qTu_E4n6uBvK%26p%3dCvN833.IqJ%26jN%3dCQAWD&amp;mupckp=mupAtu4m8OiX0wt\" target=\"_blank\" rel=\"noopener noreferrer\">www.culturaliart.com<\/a><\/p>\n<p><a href=\"https:\/\/culturaliart.musvc2.net\/e\/t?q=6%3dLSDWE%26D%3dB%26G%3dISE%26H%3dDaJYI%26M%3dsM7H_3tfr_D4_5sds_E8_3tfr_C90O8.9n5p52Gv.62E_3tfr_C9PMwM8JlEv3_3tfr_D98Lx_L2M36r_Jbvc_UoG4n3lrO4ErL585_Jbvc_TGN7E_x8qA6F_5sds_F6pFnAw_Kdua_UIM5F_p3xInArG_5sds_F6x4vD6I%26q%3dE6L95C.GrL%26tL%3dDSKUE&amp;mupckp=mupAtu4m8OiX0wt\" target=\"_blank\" rel=\"noopener noreferrer\">www.facebook.com\/Culturalia<\/a>\u00a0|\u00a0<a href=\"https:\/\/culturaliart.musvc2.net\/e\/t?q=4%3dQU5UJ%26F%3d3%26E%3dNU6%26F%3dIcAWN%26O%3djKBJ_trkt_52_0uUq_J0_trkt_47EQy.06Mv2yLcD.uIo_IiwR_Sx7wCBOt24Cc_47GwE17cIw_5tKw_LSth_WhLBG_uFCLe6_0uUq_K8p6EMn6BNgI_0uUq_JZwK5_Gg51Oo_IiwR_Tv9o21F_trkt_4WCNo_4sGr21Ap_IiwR_TvGc04Or%265%3d5OuMuV.p2s5c6B%26Cu%3dRId4S&amp;mupckp=mupAtu4m8OiX0wt\" target=\"_blank\" rel=\"noopener noreferrer\">www.instagram.com\/culturalia_comunicare_arte<\/a><\/p>\n<p><a href=\"https:\/\/culturaliart.musvc2.net\/e\/t?q=0%3dHWKaA%26H%3dI%26K%3dEWL%26L%3d0eQcE%26Q%3dzQ3L_0xbv_K8_1wkw_AB_0xbv_JC6SE.IrJ3BmE6.0xI_0xbv_JClK5MjJG_OZyh_Yo9CI3Q08uEs-Ar-J7Ov7-E8uP58wJ_0xbv_JC_1wkw_BBCQv_O7R19w_OZyh_ZmJwT2HwQ3A0_OZyh_YEQBJ_vAvF4I_0xbv_KAnIsFu_NizY_XNR3I_u8vLsFpJ_8j7s0xbv_KAv71I4L%26v%3dJ4OD0A.JwQ%26rO%3dIXIXJ&amp;mupckp=mupAtu4m8OiX0wt\" target=\"_blank\" rel=\"noopener noreferrer\">www.linkedin.com\/company\/culturalia-di-norma-waltmann\/<\/a><\/p>\n<p>&nbsp;<\/p>\n<p><strong>UFFICIO STAMPA RAW<\/strong><br \/>\nRoberta Melasecca<br \/>\nMAIL:\u00a0<a class=\"mailto-link\" href=\"mailto:roberta.melasecca@gmail.com\" target=\"_blank\" rel=\"noopener noreferrer\">roberta.melasecca@gmail.com<\/a><\/p>\n<p>MAIL:\u00a0<a class=\"mailto-link\" href=\"mailto:press@romeartweek.com\" target=\"_blank\" rel=\"noopener noreferrer\">press@romeartweek.com<\/a><\/p>\n<p>MOB: +39 3494945612<\/p>\n<\/div>\n<\/div>\n","protected":false},"excerpt":{"rendered":"<div class=\"mh-excerpt\"><p>C\u2019\u00e8 tempo\u00a0fino al 30 settembre\u00a0per aderire alla\u00a0sesta edizione\u00a0di\u00a0Rome Art Week: la call \u00e8 aperta a\u00a0gallerie, spazi espositivi, fondazioni, associazioni, accademie, istituzioni culturali, artisti e curatori\u00a0che\u00a0dal 25 al 30 ottobre 2021\u00a0animeranno la Capitale con una settimana <a class=\"mh-excerpt-more\" href=\"https:\/\/www.romaoggi.eu\/index.php\/2021\/09\/12\/rome-art-week\/\" title=\"Rome Art Week 2021\">[&#8230;]<\/a><\/p>\n<\/div>","protected":false},"author":1,"featured_media":29363,"comment_status":"closed","ping_status":"open","sticky":false,"template":"","format":"standard","meta":{"_sitemap_exclude":false,"_sitemap_priority":"","_sitemap_frequency":"","footnotes":""},"categories":[2],"tags":[1738,3516],"class_list":["post-29362","post","type-post","status-publish","format-standard","has-post-thumbnail","hentry","category-arte","tag-romaoggi-eu","tag-rome-art-week"],"yoast_head":"<!-- This site is optimized with the Yoast SEO plugin v27.5 - https:\/\/yoast.com\/product\/yoast-seo-wordpress\/ -->\n<title>Rome Art Week 2021 Rome Art Week 2021<\/title>\n<meta name=\"description\" content=\"C\u2019\u00e8 tempo\u00a0fino al 30 settembre\u00a0per aderire alla\u00a0sesta edizione\u00a0di\u00a0Rome Art Week: la call \u00e8 aperta a\u00a0gallerie, spazi espositivi, fondazioni, associazioni, C\u2019\u00e8 tempo\u00a0fino al 30 settembre\u00a0per aderire alla\u00a0sesta edizione\u00a0di\u00a0Rome Art Week: la call \u00e8 aperta a\u00a0gallerie, spazi espositivi, fondazioni, associazioni, accademie, istituzioni culturali, artisti e curatori\u00a0che\u00a0dal 25 al 30 ottobre 2021\u00a0animeranno la Capitale con una settimana dedicata\u00a0all\u2019arte contemporanea\u00a0con un ricco calendario di mostre personali e collettive, open studio, performance, talk, eventi e appuntamenti virtuali.\u00a0Per partecipare si pu\u00f2 presentare la richiesta di adesione compilando la scheda relativa, collegandosi al link\u00a0https:\/\/romeartweek.com\/it\/iscrizione\/.\" \/>\n<meta name=\"robots\" content=\"index, follow, max-snippet:-1, max-image-preview:large, max-video-preview:-1\" \/>\n<link rel=\"canonical\" href=\"https:\/\/www.romaoggi.eu\/index.php\/2021\/09\/12\/rome-art-week\/\" \/>\n<meta property=\"og:locale\" content=\"it_IT\" \/>\n<meta property=\"og:type\" content=\"article\" \/>\n<meta property=\"og:title\" content=\"Rome Art Week 2021 Rome Art Week 2021\" \/>\n<meta property=\"og:description\" content=\"C\u2019\u00e8 tempo\u00a0fino al 30 settembre\u00a0per aderire alla\u00a0sesta edizione\u00a0di\u00a0Rome Art Week: la call \u00e8 aperta a\u00a0gallerie, spazi espositivi, fondazioni, associazioni, C\u2019\u00e8 tempo\u00a0fino al 30 settembre\u00a0per aderire alla\u00a0sesta edizione\u00a0di\u00a0Rome Art Week: la call \u00e8 aperta a\u00a0gallerie, spazi espositivi, fondazioni, associazioni, accademie, istituzioni culturali, artisti e curatori\u00a0che\u00a0dal 25 al 30 ottobre 2021\u00a0animeranno la Capitale con una settimana dedicata\u00a0all\u2019arte contemporanea\u00a0con un ricco calendario di mostre personali e collettive, open studio, performance, talk, eventi e appuntamenti virtuali.\u00a0Per partecipare si pu\u00f2 presentare la richiesta di adesione compilando la scheda relativa, collegandosi al link\u00a0https:\/\/romeartweek.com\/it\/iscrizione\/.\" \/>\n<meta property=\"og:url\" content=\"https:\/\/www.romaoggi.eu\/index.php\/2021\/09\/12\/rome-art-week\/\" \/>\n<meta property=\"og:site_name\" content=\"roma oggi\" \/>\n<meta property=\"article:publisher\" content=\"https:\/\/www.facebook.com\/RomaOggi-841544845954114\" \/>\n<meta property=\"article:published_time\" content=\"2021-09-12T11:06:49+00:00\" \/>\n<meta property=\"og:image\" content=\"https:\/\/www.romaoggi.eu\/wp-content\/uploads\/2021\/09\/RAW-2021.jpg\" \/>\n\t<meta property=\"og:image:width\" content=\"960\" \/>\n\t<meta property=\"og:image:height\" content=\"540\" \/>\n\t<meta property=\"og:image:type\" content=\"image\/jpeg\" \/>\n<meta name=\"author\" content=\"admin\" \/>\n<meta name=\"twitter:card\" content=\"summary_large_image\" \/>\n<meta name=\"twitter:creator\" content=\"@romaoggi_eu\" \/>\n<meta name=\"twitter:site\" content=\"@romaoggi_eu\" \/>\n<meta name=\"twitter:label1\" content=\"Scritto da\" \/>\n\t<meta name=\"twitter:data1\" content=\"admin\" \/>\n\t<meta name=\"twitter:label2\" content=\"Tempo di lettura stimato\" \/>\n\t<meta name=\"twitter:data2\" content=\"5 minuti\" \/>\n<script type=\"application\/ld+json\" class=\"yoast-schema-graph\">{\"@context\":\"https:\\\/\\\/schema.org\",\"@graph\":[{\"@type\":\"Article\",\"@id\":\"https:\\\/\\\/www.romaoggi.eu\\\/index.php\\\/2021\\\/09\\\/12\\\/rome-art-week\\\/#article\",\"isPartOf\":{\"@id\":\"https:\\\/\\\/www.romaoggi.eu\\\/index.php\\\/2021\\\/09\\\/12\\\/rome-art-week\\\/\"},\"author\":{\"name\":\"admin\",\"@id\":\"https:\\\/\\\/www.romaoggi.eu\\\/#\\\/schema\\\/person\\\/9b23ceb6a2992a25e98c76a5f1fbb887\"},\"headline\":\"Rome Art Week 2021\",\"datePublished\":\"2021-09-12T11:06:49+00:00\",\"mainEntityOfPage\":{\"@id\":\"https:\\\/\\\/www.romaoggi.eu\\\/index.php\\\/2021\\\/09\\\/12\\\/rome-art-week\\\/\"},\"wordCount\":1040,\"publisher\":{\"@id\":\"https:\\\/\\\/www.romaoggi.eu\\\/#organization\"},\"image\":{\"@id\":\"https:\\\/\\\/www.romaoggi.eu\\\/index.php\\\/2021\\\/09\\\/12\\\/rome-art-week\\\/#primaryimage\"},\"thumbnailUrl\":\"https:\\\/\\\/www.romaoggi.eu\\\/wp-content\\\/uploads\\\/2021\\\/09\\\/RAW-2021.jpg\",\"keywords\":[\"RomaOggi.eu\",\"Rome Art week\"],\"articleSection\":[\"Arte\"],\"inLanguage\":\"it-IT\"},{\"@type\":\"WebPage\",\"@id\":\"https:\\\/\\\/www.romaoggi.eu\\\/index.php\\\/2021\\\/09\\\/12\\\/rome-art-week\\\/\",\"url\":\"https:\\\/\\\/www.romaoggi.eu\\\/index.php\\\/2021\\\/09\\\/12\\\/rome-art-week\\\/\",\"name\":\"Rome Art Week 2021 Rome Art Week 2021\",\"isPartOf\":{\"@id\":\"https:\\\/\\\/www.romaoggi.eu\\\/#website\"},\"primaryImageOfPage\":{\"@id\":\"https:\\\/\\\/www.romaoggi.eu\\\/index.php\\\/2021\\\/09\\\/12\\\/rome-art-week\\\/#primaryimage\"},\"image\":{\"@id\":\"https:\\\/\\\/www.romaoggi.eu\\\/index.php\\\/2021\\\/09\\\/12\\\/rome-art-week\\\/#primaryimage\"},\"thumbnailUrl\":\"https:\\\/\\\/www.romaoggi.eu\\\/wp-content\\\/uploads\\\/2021\\\/09\\\/RAW-2021.jpg\",\"datePublished\":\"2021-09-12T11:06:49+00:00\",\"description\":\"C\u2019\u00e8 tempo\u00a0fino al 30 settembre\u00a0per aderire alla\u00a0sesta edizione\u00a0di\u00a0Rome Art Week: la call \u00e8 aperta a\u00a0gallerie, spazi espositivi, fondazioni, associazioni, C\u2019\u00e8 tempo\u00a0fino al 30 settembre\u00a0per aderire alla\u00a0sesta edizione\u00a0di\u00a0Rome Art Week: la call \u00e8 aperta a\u00a0gallerie, spazi espositivi, fondazioni, associazioni, accademie, istituzioni culturali, artisti e curatori\u00a0che\u00a0dal 25 al 30 ottobre 2021\u00a0animeranno la Capitale con una settimana dedicata\u00a0all\u2019arte contemporanea\u00a0con un ricco calendario di mostre personali e collettive, open studio, performance, talk, eventi e appuntamenti virtuali.\u00a0Per partecipare si pu\u00f2 presentare la richiesta di adesione compilando la scheda relativa, collegandosi al link\u00a0https:\\\/\\\/romeartweek.com\\\/it\\\/iscrizione\\\/.\",\"breadcrumb\":{\"@id\":\"https:\\\/\\\/www.romaoggi.eu\\\/index.php\\\/2021\\\/09\\\/12\\\/rome-art-week\\\/#breadcrumb\"},\"inLanguage\":\"it-IT\",\"potentialAction\":[{\"@type\":\"ReadAction\",\"target\":[\"https:\\\/\\\/www.romaoggi.eu\\\/index.php\\\/2021\\\/09\\\/12\\\/rome-art-week\\\/\"]}]},{\"@type\":\"ImageObject\",\"inLanguage\":\"it-IT\",\"@id\":\"https:\\\/\\\/www.romaoggi.eu\\\/index.php\\\/2021\\\/09\\\/12\\\/rome-art-week\\\/#primaryimage\",\"url\":\"https:\\\/\\\/www.romaoggi.eu\\\/wp-content\\\/uploads\\\/2021\\\/09\\\/RAW-2021.jpg\",\"contentUrl\":\"https:\\\/\\\/www.romaoggi.eu\\\/wp-content\\\/uploads\\\/2021\\\/09\\\/RAW-2021.jpg\",\"width\":960,\"height\":540,\"caption\":\"Alt text Rome Art Week\"},{\"@type\":\"BreadcrumbList\",\"@id\":\"https:\\\/\\\/www.romaoggi.eu\\\/index.php\\\/2021\\\/09\\\/12\\\/rome-art-week\\\/#breadcrumb\",\"itemListElement\":[{\"@type\":\"ListItem\",\"position\":1,\"name\":\"Home\",\"item\":\"https:\\\/\\\/www.romaoggi.eu\\\/\"},{\"@type\":\"ListItem\",\"position\":2,\"name\":\"Rome Art Week 2021\"}]},{\"@type\":\"WebSite\",\"@id\":\"https:\\\/\\\/www.romaoggi.eu\\\/#website\",\"url\":\"https:\\\/\\\/www.romaoggi.eu\\\/\",\"name\":\"roma oggi\",\"description\":\"Interesting News for Interesting people\",\"publisher\":{\"@id\":\"https:\\\/\\\/www.romaoggi.eu\\\/#organization\"},\"potentialAction\":[{\"@type\":\"SearchAction\",\"target\":{\"@type\":\"EntryPoint\",\"urlTemplate\":\"https:\\\/\\\/www.romaoggi.eu\\\/?s={search_term_string}\"},\"query-input\":{\"@type\":\"PropertyValueSpecification\",\"valueRequired\":true,\"valueName\":\"search_term_string\"}}],\"inLanguage\":\"it-IT\"},{\"@type\":\"Organization\",\"@id\":\"https:\\\/\\\/www.romaoggi.eu\\\/#organization\",\"name\":\"RomaOggi\",\"url\":\"https:\\\/\\\/www.romaoggi.eu\\\/\",\"logo\":{\"@type\":\"ImageObject\",\"inLanguage\":\"it-IT\",\"@id\":\"https:\\\/\\\/www.romaoggi.eu\\\/#\\\/schema\\\/logo\\\/image\\\/\",\"url\":\"https:\\\/\\\/www.romaoggi.eu\\\/wp-content\\\/uploads\\\/2017\\\/04\\\/logowp.jpg\",\"contentUrl\":\"https:\\\/\\\/www.romaoggi.eu\\\/wp-content\\\/uploads\\\/2017\\\/04\\\/logowp.jpg\",\"width\":300,\"height\":133,\"caption\":\"RomaOggi\"},\"image\":{\"@id\":\"https:\\\/\\\/www.romaoggi.eu\\\/#\\\/schema\\\/logo\\\/image\\\/\"},\"sameAs\":[\"https:\\\/\\\/www.facebook.com\\\/RomaOggi-841544845954114\",\"https:\\\/\\\/x.com\\\/romaoggi_eu\"]},{\"@type\":\"Person\",\"@id\":\"https:\\\/\\\/www.romaoggi.eu\\\/#\\\/schema\\\/person\\\/9b23ceb6a2992a25e98c76a5f1fbb887\",\"name\":\"admin\",\"image\":{\"@type\":\"ImageObject\",\"inLanguage\":\"it-IT\",\"@id\":\"https:\\\/\\\/secure.gravatar.com\\\/avatar\\\/51b1e0a1f4159e3b5d89435fce5e1a348d6c59e2ff8c2d428dae75560aace504?s=96&d=mm&r=g\",\"url\":\"https:\\\/\\\/secure.gravatar.com\\\/avatar\\\/51b1e0a1f4159e3b5d89435fce5e1a348d6c59e2ff8c2d428dae75560aace504?s=96&d=mm&r=g\",\"contentUrl\":\"https:\\\/\\\/secure.gravatar.com\\\/avatar\\\/51b1e0a1f4159e3b5d89435fce5e1a348d6c59e2ff8c2d428dae75560aace504?s=96&d=mm&r=g\",\"caption\":\"admin\"},\"url\":\"https:\\\/\\\/www.romaoggi.eu\\\/index.php\\\/author\\\/admin\\\/\"}]}<\/script>\n<!-- \/ Yoast SEO plugin. -->","yoast_head_json":{"title":"Rome Art Week 2021 Rome Art Week 2021","description":"C\u2019\u00e8 tempo\u00a0fino al 30 settembre\u00a0per aderire alla\u00a0sesta edizione\u00a0di\u00a0Rome Art Week: la call \u00e8 aperta a\u00a0gallerie, spazi espositivi, fondazioni, associazioni, C\u2019\u00e8 tempo\u00a0fino al 30 settembre\u00a0per aderire alla\u00a0sesta edizione\u00a0di\u00a0Rome Art Week: la call \u00e8 aperta a\u00a0gallerie, spazi espositivi, fondazioni, associazioni, accademie, istituzioni culturali, artisti e curatori\u00a0che\u00a0dal 25 al 30 ottobre 2021\u00a0animeranno la Capitale con una settimana dedicata\u00a0all\u2019arte contemporanea\u00a0con un ricco calendario di mostre personali e collettive, open studio, performance, talk, eventi e appuntamenti virtuali.\u00a0Per partecipare si pu\u00f2 presentare la richiesta di adesione compilando la scheda relativa, collegandosi al link\u00a0https:\/\/romeartweek.com\/it\/iscrizione\/.","robots":{"index":"index","follow":"follow","max-snippet":"max-snippet:-1","max-image-preview":"max-image-preview:large","max-video-preview":"max-video-preview:-1"},"canonical":"https:\/\/www.romaoggi.eu\/index.php\/2021\/09\/12\/rome-art-week\/","og_locale":"it_IT","og_type":"article","og_title":"Rome Art Week 2021 Rome Art Week 2021","og_description":"C\u2019\u00e8 tempo\u00a0fino al 30 settembre\u00a0per aderire alla\u00a0sesta edizione\u00a0di\u00a0Rome Art Week: la call \u00e8 aperta a\u00a0gallerie, spazi espositivi, fondazioni, associazioni, C\u2019\u00e8 tempo\u00a0fino al 30 settembre\u00a0per aderire alla\u00a0sesta edizione\u00a0di\u00a0Rome Art Week: la call \u00e8 aperta a\u00a0gallerie, spazi espositivi, fondazioni, associazioni, accademie, istituzioni culturali, artisti e curatori\u00a0che\u00a0dal 25 al 30 ottobre 2021\u00a0animeranno la Capitale con una settimana dedicata\u00a0all\u2019arte contemporanea\u00a0con un ricco calendario di mostre personali e collettive, open studio, performance, talk, eventi e appuntamenti virtuali.\u00a0Per partecipare si pu\u00f2 presentare la richiesta di adesione compilando la scheda relativa, collegandosi al link\u00a0https:\/\/romeartweek.com\/it\/iscrizione\/.","og_url":"https:\/\/www.romaoggi.eu\/index.php\/2021\/09\/12\/rome-art-week\/","og_site_name":"roma oggi","article_publisher":"https:\/\/www.facebook.com\/RomaOggi-841544845954114","article_published_time":"2021-09-12T11:06:49+00:00","og_image":[{"width":960,"height":540,"url":"https:\/\/www.romaoggi.eu\/wp-content\/uploads\/2021\/09\/RAW-2021.jpg","type":"image\/jpeg"}],"author":"admin","twitter_card":"summary_large_image","twitter_creator":"@romaoggi_eu","twitter_site":"@romaoggi_eu","twitter_misc":{"Scritto da":"admin","Tempo di lettura stimato":"5 minuti"},"schema":{"@context":"https:\/\/schema.org","@graph":[{"@type":"Article","@id":"https:\/\/www.romaoggi.eu\/index.php\/2021\/09\/12\/rome-art-week\/#article","isPartOf":{"@id":"https:\/\/www.romaoggi.eu\/index.php\/2021\/09\/12\/rome-art-week\/"},"author":{"name":"admin","@id":"https:\/\/www.romaoggi.eu\/#\/schema\/person\/9b23ceb6a2992a25e98c76a5f1fbb887"},"headline":"Rome Art Week 2021","datePublished":"2021-09-12T11:06:49+00:00","mainEntityOfPage":{"@id":"https:\/\/www.romaoggi.eu\/index.php\/2021\/09\/12\/rome-art-week\/"},"wordCount":1040,"publisher":{"@id":"https:\/\/www.romaoggi.eu\/#organization"},"image":{"@id":"https:\/\/www.romaoggi.eu\/index.php\/2021\/09\/12\/rome-art-week\/#primaryimage"},"thumbnailUrl":"https:\/\/www.romaoggi.eu\/wp-content\/uploads\/2021\/09\/RAW-2021.jpg","keywords":["RomaOggi.eu","Rome Art week"],"articleSection":["Arte"],"inLanguage":"it-IT"},{"@type":"WebPage","@id":"https:\/\/www.romaoggi.eu\/index.php\/2021\/09\/12\/rome-art-week\/","url":"https:\/\/www.romaoggi.eu\/index.php\/2021\/09\/12\/rome-art-week\/","name":"Rome Art Week 2021 Rome Art Week 2021","isPartOf":{"@id":"https:\/\/www.romaoggi.eu\/#website"},"primaryImageOfPage":{"@id":"https:\/\/www.romaoggi.eu\/index.php\/2021\/09\/12\/rome-art-week\/#primaryimage"},"image":{"@id":"https:\/\/www.romaoggi.eu\/index.php\/2021\/09\/12\/rome-art-week\/#primaryimage"},"thumbnailUrl":"https:\/\/www.romaoggi.eu\/wp-content\/uploads\/2021\/09\/RAW-2021.jpg","datePublished":"2021-09-12T11:06:49+00:00","description":"C\u2019\u00e8 tempo\u00a0fino al 30 settembre\u00a0per aderire alla\u00a0sesta edizione\u00a0di\u00a0Rome Art Week: la call \u00e8 aperta a\u00a0gallerie, spazi espositivi, fondazioni, associazioni, C\u2019\u00e8 tempo\u00a0fino al 30 settembre\u00a0per aderire alla\u00a0sesta edizione\u00a0di\u00a0Rome Art Week: la call \u00e8 aperta a\u00a0gallerie, spazi espositivi, fondazioni, associazioni, accademie, istituzioni culturali, artisti e curatori\u00a0che\u00a0dal 25 al 30 ottobre 2021\u00a0animeranno la Capitale con una settimana dedicata\u00a0all\u2019arte contemporanea\u00a0con un ricco calendario di mostre personali e collettive, open studio, performance, talk, eventi e appuntamenti virtuali.\u00a0Per partecipare si pu\u00f2 presentare la richiesta di adesione compilando la scheda relativa, collegandosi al link\u00a0https:\/\/romeartweek.com\/it\/iscrizione\/.","breadcrumb":{"@id":"https:\/\/www.romaoggi.eu\/index.php\/2021\/09\/12\/rome-art-week\/#breadcrumb"},"inLanguage":"it-IT","potentialAction":[{"@type":"ReadAction","target":["https:\/\/www.romaoggi.eu\/index.php\/2021\/09\/12\/rome-art-week\/"]}]},{"@type":"ImageObject","inLanguage":"it-IT","@id":"https:\/\/www.romaoggi.eu\/index.php\/2021\/09\/12\/rome-art-week\/#primaryimage","url":"https:\/\/www.romaoggi.eu\/wp-content\/uploads\/2021\/09\/RAW-2021.jpg","contentUrl":"https:\/\/www.romaoggi.eu\/wp-content\/uploads\/2021\/09\/RAW-2021.jpg","width":960,"height":540,"caption":"Alt text Rome Art Week"},{"@type":"BreadcrumbList","@id":"https:\/\/www.romaoggi.eu\/index.php\/2021\/09\/12\/rome-art-week\/#breadcrumb","itemListElement":[{"@type":"ListItem","position":1,"name":"Home","item":"https:\/\/www.romaoggi.eu\/"},{"@type":"ListItem","position":2,"name":"Rome Art Week 2021"}]},{"@type":"WebSite","@id":"https:\/\/www.romaoggi.eu\/#website","url":"https:\/\/www.romaoggi.eu\/","name":"roma oggi","description":"Interesting News for Interesting people","publisher":{"@id":"https:\/\/www.romaoggi.eu\/#organization"},"potentialAction":[{"@type":"SearchAction","target":{"@type":"EntryPoint","urlTemplate":"https:\/\/www.romaoggi.eu\/?s={search_term_string}"},"query-input":{"@type":"PropertyValueSpecification","valueRequired":true,"valueName":"search_term_string"}}],"inLanguage":"it-IT"},{"@type":"Organization","@id":"https:\/\/www.romaoggi.eu\/#organization","name":"RomaOggi","url":"https:\/\/www.romaoggi.eu\/","logo":{"@type":"ImageObject","inLanguage":"it-IT","@id":"https:\/\/www.romaoggi.eu\/#\/schema\/logo\/image\/","url":"https:\/\/www.romaoggi.eu\/wp-content\/uploads\/2017\/04\/logowp.jpg","contentUrl":"https:\/\/www.romaoggi.eu\/wp-content\/uploads\/2017\/04\/logowp.jpg","width":300,"height":133,"caption":"RomaOggi"},"image":{"@id":"https:\/\/www.romaoggi.eu\/#\/schema\/logo\/image\/"},"sameAs":["https:\/\/www.facebook.com\/RomaOggi-841544845954114","https:\/\/x.com\/romaoggi_eu"]},{"@type":"Person","@id":"https:\/\/www.romaoggi.eu\/#\/schema\/person\/9b23ceb6a2992a25e98c76a5f1fbb887","name":"admin","image":{"@type":"ImageObject","inLanguage":"it-IT","@id":"https:\/\/secure.gravatar.com\/avatar\/51b1e0a1f4159e3b5d89435fce5e1a348d6c59e2ff8c2d428dae75560aace504?s=96&d=mm&r=g","url":"https:\/\/secure.gravatar.com\/avatar\/51b1e0a1f4159e3b5d89435fce5e1a348d6c59e2ff8c2d428dae75560aace504?s=96&d=mm&r=g","contentUrl":"https:\/\/secure.gravatar.com\/avatar\/51b1e0a1f4159e3b5d89435fce5e1a348d6c59e2ff8c2d428dae75560aace504?s=96&d=mm&r=g","caption":"admin"},"url":"https:\/\/www.romaoggi.eu\/index.php\/author\/admin\/"}]}},"_links":{"self":[{"href":"https:\/\/www.romaoggi.eu\/index.php\/wp-json\/wp\/v2\/posts\/29362","targetHints":{"allow":["GET"]}}],"collection":[{"href":"https:\/\/www.romaoggi.eu\/index.php\/wp-json\/wp\/v2\/posts"}],"about":[{"href":"https:\/\/www.romaoggi.eu\/index.php\/wp-json\/wp\/v2\/types\/post"}],"author":[{"embeddable":true,"href":"https:\/\/www.romaoggi.eu\/index.php\/wp-json\/wp\/v2\/users\/1"}],"replies":[{"embeddable":true,"href":"https:\/\/www.romaoggi.eu\/index.php\/wp-json\/wp\/v2\/comments?post=29362"}],"version-history":[{"count":2,"href":"https:\/\/www.romaoggi.eu\/index.php\/wp-json\/wp\/v2\/posts\/29362\/revisions"}],"predecessor-version":[{"id":29365,"href":"https:\/\/www.romaoggi.eu\/index.php\/wp-json\/wp\/v2\/posts\/29362\/revisions\/29365"}],"wp:featuredmedia":[{"embeddable":true,"href":"https:\/\/www.romaoggi.eu\/index.php\/wp-json\/wp\/v2\/media\/29363"}],"wp:attachment":[{"href":"https:\/\/www.romaoggi.eu\/index.php\/wp-json\/wp\/v2\/media?parent=29362"}],"wp:term":[{"taxonomy":"category","embeddable":true,"href":"https:\/\/www.romaoggi.eu\/index.php\/wp-json\/wp\/v2\/categories?post=29362"},{"taxonomy":"post_tag","embeddable":true,"href":"https:\/\/www.romaoggi.eu\/index.php\/wp-json\/wp\/v2\/tags?post=29362"}],"curies":[{"name":"wp","href":"https:\/\/api.w.org\/{rel}","templated":true}]}}