{"id":29458,"date":"2021-09-26T00:02:26","date_gmt":"2021-09-25T22:02:26","guid":{"rendered":"http:\/\/www.romaoggi.eu\/?p=29458"},"modified":"2021-09-26T00:03:03","modified_gmt":"2021-09-25T22:03:03","slug":"papa-francesco-udienza-con-la-delegazione-dellearth-day-con-la-cop-giovani-e-roberto-cingolani","status":"publish","type":"post","link":"https:\/\/www.romaoggi.eu\/index.php\/2021\/09\/26\/papa-francesco-udienza-con-la-delegazione-dellearth-day-con-la-cop-giovani-e-roberto-cingolani\/","title":{"rendered":"Papa Francesco: udienza con la delegazione dell&#8217;Earth Day, con la Cop giovani e Roberto  Cingolani"},"content":{"rendered":"<p>\u201c<em>Voi non siete il futuro, siete il presente. Noi siamo in evoluzione e dobbiamo andare avanti, dovete farlo per il vostro futuro e quello dei vostri figli. Vi auguro di fare chiasso, fatevi sentire!<\/em>\u201d. <b><strong>Lo ha detto Papa Francesco<\/strong><\/b> all\u2019incontro privato che si \u00e8 tenuto nella <b><strong>Sala Clementina<\/strong><\/b> con una delegazione di <b><strong>50 ragazzi dell\u2019Earth Day<\/strong><\/b>, i rappresentanti dell\u2019Italia alla COP GIOVANI di Milano e il Ministro della Transizione Ecologica, <a href=\"https:\/\/youtu.be\/XA5h_9zTzaY\"><b><strong>Roberto Cingolani<\/strong><\/b><\/a>.<\/p>\n<p>Il 28 settembre 2021 Milano ospiter\u00e0 lo &#8216;<b><strong>Youth4Climate<\/strong><\/b>&#8216;: due giovani per ognuno dei <b><strong>197 Paesi membri<\/strong><\/b> dell&#8217;<b><strong>Unffcc<\/strong><\/b> (la Convenzione delle Nazioni Unite sui cambiamenti climatici) saranno impegnati in gruppi di lavoro e dibattiti, una <b><strong>tappa preparatoria alla Cop 26 di Glasgow<\/strong><\/b>, in cui saranno solo i giovani ad essere i veri protagonisti e, per la prima volta nella storia, <b><strong>avranno la possibilit\u00e0 di contribuire ufficialmente ai negoziati delle Nazioni Unite per il Clima<\/strong><\/b>.<\/p>\n<p><b><strong>Earth Day Italia<\/strong><\/b>, da quando \u00e8 stata annunciata la <b><strong>COP GIOVANI<\/strong><\/b> ha investito ogni energia per <b><strong>sensibilizzare l\u2019opinione pubblica<\/strong><\/b> e <b><strong>le istituzioni<\/strong><\/b> a dare <b><strong>importanza<\/strong><\/b> a questo\u00a0<b><strong>evento storico<\/strong><\/b> che restituisce al tema del cambiamento climatico <b><strong>la giusta prospettiva intergenerazionale<\/strong><\/b>.<\/p>\n<p>\u201c<em>In circa 30 anni, 25 conferenze sul clima non hanno saputo fermare il costante aumento in atmosfera dei gas clima-alternati\u00a0con conseguenze che rischiano ormai di diventare irreversibili. A pagarne il prezzo pi\u00f9 grande saranno i giovani e ascoltarli non \u00e8 pi\u00f9 solo una questione di correttezza istituzionale ma piuttosto di giustizia storica<\/em>\u201d\u00a0\u2013 ha dichiarato\u00a0 <b><strong>Pierluigi Sassi<\/strong><\/b>, Presidente di Earth Day Italia, che spiega: \u201c<em>d\u2019intesa con il Ministro della Transizione Ecologica, Roberto Cingolani, che presiede la Pre Cop di Milano, abbiamo voluto chiedere una benedizione speciale a Papa Francesco che sei anni fa promulgava la lettera enciclica Laudato s\u00ec cercando, come i giovani della COP, di esortate le Nazioni Unite alla ricerca del Bene Comune piuttosto che alla difesa di sistemi economici predatori e fondati su una cultura dello scarto<\/em>\u201d.<\/p>\n<p>A margine dell\u2019udienza il Ministro Cingolani ha raccontato: \u201c<em>siamo alla vigilia di Youth4Climate, l&#8217;iniziativa che vedr\u00e0 centinaia di giovani da tutto il mondo riunirsi a Milano per studiare il futuro del pianeta e del clima. Oggi ci incontriamo con il Pontefice che benedice alcuni di questi giovani. Che sia di buon auspicio, soprattutto che riporti la testimonianza della consapevolezza che ci ha dato l&#8217;enciclica Laudato S\u00ec nei lavori che faremo la prossima settimana<\/em>\u201d.<\/p>\n<p>Hanno preso parte all\u2019udienza privata <b><strong>Padre Joshtrom Isaac Kureethadam<\/strong><\/b>, <em>Coordinatore del settore Ecologia e Creato presso il Dicastero per la Promozione Integrale dello Sviluppo Umano<\/em>, <b><strong>Alberto Gambescia<\/strong><\/b>, <em>Amministratore Unico dell\u2019Agenzia Studiare Sviluppo del MEF<\/em>, <b><strong>Davide D\u2019Arcangelo<\/strong><\/b><em>, <\/em><em>Fondatore di Impatta<\/em>, una rete di imprese impegnata a sostenere i giovani innovatori nel settore ambientale.<\/p>\n<p>Durante l\u2019udienza <b><strong>Papa Francesco ha ricevuto in dono l\u2019opera<\/strong><\/b> \u201c<b><strong>Saving the Earth\u201d <\/strong><\/b>realizzata con <b><strong>materiale di riciclo <\/strong><\/b>dell\u2019artista fiorentino <b><strong>Neri Frullini<\/strong><\/b> che spiega: \u201c<em>\u00e8 una tiratura limitata di 4 pezzi che ho realizzato utilizzando materiali di scarto, destinati al macero, per reinventarli e dar loro una nuova vita: di conseguenza questa \u00e8 un\u2019opera che rispetta la natura, perch\u00e9 non ha avuto bisogno di nuove materie prime per vedere la luce<\/em>\u201d.<\/p>\n<p>Una <b><strong>copia dell\u2019opera \u00e8 stata firmata dai giovani presenti<\/strong><\/b> e <b><strong>dal Santo Padre<\/strong><\/b> e affidata ai <b><strong>due ragazzi che rappresenteranno l\u2019Italia alla COP GIOVANI<\/strong><\/b>, <b><strong>Federica Gasbarro<\/strong><\/b> e <b><strong>Daniele Guadagnolo<\/strong><\/b>, <b><strong>per portarla simbolicamente in dono ai circa 400 colleghi <\/strong><\/b>con i quali si confronteranno a <b><strong>Milano<\/strong><\/b>.<\/p>\n<p>&nbsp;<\/p>\n","protected":false},"excerpt":{"rendered":"<div class=\"mh-excerpt\"><p>\u201cVoi non siete il futuro, siete il presente. Noi siamo in evoluzione e dobbiamo andare avanti, dovete farlo per il vostro futuro e quello dei vostri figli. Vi auguro di fare chiasso, fatevi sentire!\u201d. Lo <a class=\"mh-excerpt-more\" href=\"https:\/\/www.romaoggi.eu\/index.php\/2021\/09\/26\/papa-francesco-udienza-con-la-delegazione-dellearth-day-con-la-cop-giovani-e-roberto-cingolani\/\" title=\"Papa Francesco: udienza con la delegazione dell&#8217;Earth Day, con la Cop giovani e Roberto  Cingolani\">[&#8230;]<\/a><\/p>\n<\/div>","protected":false},"author":13,"featured_media":29459,"comment_status":"closed","ping_status":"open","sticky":false,"template":"","format":"standard","meta":{"_sitemap_exclude":false,"_sitemap_priority":"","_sitemap_frequency":"","footnotes":""},"categories":[522],"tags":[15543,1895,2702,15544],"class_list":["post-29458","post","type-post","status-publish","format-standard","has-post-thumbnail","hentry","category-attualita","tag-cop-giovani-di-milano","tag-earth-day","tag-papa-francesco","tag-youth4climate"],"yoast_head":"<!-- This site is optimized with the Yoast SEO plugin v27.5 - https:\/\/yoast.com\/product\/yoast-seo-wordpress\/ -->\n<title>Papa Francesco: udienza con la delegazione dell&#039;Earth Day, con la Cop giovani e Roberto Cingolani<\/title>\n<meta name=\"description\" content=\"\u201cVoi non siete il futuro, siete il presente. Noi siamo in evoluzione e dobbiamo andare avanti, dovete farlo per il vostro futuro e quello dei vostri\" \/>\n<meta name=\"robots\" content=\"index, follow, max-snippet:-1, max-image-preview:large, max-video-preview:-1\" \/>\n<link rel=\"canonical\" href=\"https:\/\/www.romaoggi.eu\/index.php\/2021\/09\/26\/papa-francesco-udienza-con-la-delegazione-dellearth-day-con-la-cop-giovani-e-roberto-cingolani\/\" \/>\n<meta property=\"og:locale\" content=\"it_IT\" \/>\n<meta property=\"og:type\" content=\"article\" \/>\n<meta property=\"og:title\" content=\"Papa Francesco: udienza con la delegazione dell&#039;Earth Day, con la Cop giovani e Roberto Cingolani\" \/>\n<meta property=\"og:description\" content=\"\u201cVoi non siete il futuro, siete il presente. Noi siamo in evoluzione e dobbiamo andare avanti, dovete farlo per il vostro futuro e quello dei vostri\" \/>\n<meta property=\"og:url\" content=\"https:\/\/www.romaoggi.eu\/index.php\/2021\/09\/26\/papa-francesco-udienza-con-la-delegazione-dellearth-day-con-la-cop-giovani-e-roberto-cingolani\/\" \/>\n<meta property=\"og:site_name\" content=\"roma oggi\" \/>\n<meta property=\"article:publisher\" content=\"https:\/\/www.facebook.com\/RomaOggi-841544845954114\" \/>\n<meta property=\"article:published_time\" content=\"2021-09-25T22:02:26+00:00\" \/>\n<meta property=\"article:modified_time\" content=\"2021-09-25T22:03:03+00:00\" \/>\n<meta property=\"og:image\" content=\"https:\/\/www.romaoggi.eu\/wp-content\/uploads\/2021\/09\/selfie-dei-giovani-di-Earth-day-con-Papa-Francesco.jpg\" \/>\n\t<meta property=\"og:image:width\" content=\"897\" \/>\n\t<meta property=\"og:image:height\" content=\"756\" \/>\n\t<meta property=\"og:image:type\" content=\"image\/jpeg\" \/>\n<meta name=\"author\" content=\"Federica Pansadoro\" \/>\n<meta name=\"twitter:card\" content=\"summary_large_image\" \/>\n<meta name=\"twitter:creator\" content=\"@romaoggi_eu\" \/>\n<meta name=\"twitter:site\" content=\"@romaoggi_eu\" \/>\n<meta name=\"twitter:label1\" content=\"Scritto da\" \/>\n\t<meta name=\"twitter:data1\" content=\"Federica Pansadoro\" \/>\n\t<meta name=\"twitter:label2\" content=\"Tempo di lettura stimato\" \/>\n\t<meta name=\"twitter:data2\" content=\"3 minuti\" \/>\n<script type=\"application\/ld+json\" class=\"yoast-schema-graph\">{\"@context\":\"https:\\\/\\\/schema.org\",\"@graph\":[{\"@type\":\"Article\",\"@id\":\"https:\\\/\\\/www.romaoggi.eu\\\/index.php\\\/2021\\\/09\\\/26\\\/papa-francesco-udienza-con-la-delegazione-dellearth-day-con-la-cop-giovani-e-roberto-cingolani\\\/#article\",\"isPartOf\":{\"@id\":\"https:\\\/\\\/www.romaoggi.eu\\\/index.php\\\/2021\\\/09\\\/26\\\/papa-francesco-udienza-con-la-delegazione-dellearth-day-con-la-cop-giovani-e-roberto-cingolani\\\/\"},\"author\":{\"name\":\"Federica Pansadoro\",\"@id\":\"https:\\\/\\\/www.romaoggi.eu\\\/#\\\/schema\\\/person\\\/569485df663c86fd2d0179a6643546f9\"},\"headline\":\"Papa Francesco: udienza con la delegazione dell&#8217;Earth Day, con la Cop giovani e Roberto Cingolani\",\"datePublished\":\"2021-09-25T22:02:26+00:00\",\"dateModified\":\"2021-09-25T22:03:03+00:00\",\"mainEntityOfPage\":{\"@id\":\"https:\\\/\\\/www.romaoggi.eu\\\/index.php\\\/2021\\\/09\\\/26\\\/papa-francesco-udienza-con-la-delegazione-dellearth-day-con-la-cop-giovani-e-roberto-cingolani\\\/\"},\"wordCount\":577,\"publisher\":{\"@id\":\"https:\\\/\\\/www.romaoggi.eu\\\/#organization\"},\"image\":{\"@id\":\"https:\\\/\\\/www.romaoggi.eu\\\/index.php\\\/2021\\\/09\\\/26\\\/papa-francesco-udienza-con-la-delegazione-dellearth-day-con-la-cop-giovani-e-roberto-cingolani\\\/#primaryimage\"},\"thumbnailUrl\":\"https:\\\/\\\/www.romaoggi.eu\\\/wp-content\\\/uploads\\\/2021\\\/09\\\/selfie-dei-giovani-di-Earth-day-con-Papa-Francesco.jpg\",\"keywords\":[\"COP GIOVANI di Milano\",\"Earth Day\",\"Papa Francesco\",\"Youth4Climate\"],\"articleSection\":[\"attualit\u00e0\"],\"inLanguage\":\"it-IT\"},{\"@type\":\"WebPage\",\"@id\":\"https:\\\/\\\/www.romaoggi.eu\\\/index.php\\\/2021\\\/09\\\/26\\\/papa-francesco-udienza-con-la-delegazione-dellearth-day-con-la-cop-giovani-e-roberto-cingolani\\\/\",\"url\":\"https:\\\/\\\/www.romaoggi.eu\\\/index.php\\\/2021\\\/09\\\/26\\\/papa-francesco-udienza-con-la-delegazione-dellearth-day-con-la-cop-giovani-e-roberto-cingolani\\\/\",\"name\":\"Papa Francesco: udienza con la delegazione dell'Earth Day, con la Cop giovani e Roberto Cingolani\",\"isPartOf\":{\"@id\":\"https:\\\/\\\/www.romaoggi.eu\\\/#website\"},\"primaryImageOfPage\":{\"@id\":\"https:\\\/\\\/www.romaoggi.eu\\\/index.php\\\/2021\\\/09\\\/26\\\/papa-francesco-udienza-con-la-delegazione-dellearth-day-con-la-cop-giovani-e-roberto-cingolani\\\/#primaryimage\"},\"image\":{\"@id\":\"https:\\\/\\\/www.romaoggi.eu\\\/index.php\\\/2021\\\/09\\\/26\\\/papa-francesco-udienza-con-la-delegazione-dellearth-day-con-la-cop-giovani-e-roberto-cingolani\\\/#primaryimage\"},\"thumbnailUrl\":\"https:\\\/\\\/www.romaoggi.eu\\\/wp-content\\\/uploads\\\/2021\\\/09\\\/selfie-dei-giovani-di-Earth-day-con-Papa-Francesco.jpg\",\"datePublished\":\"2021-09-25T22:02:26+00:00\",\"dateModified\":\"2021-09-25T22:03:03+00:00\",\"description\":\"\u201cVoi non siete il futuro, siete il presente. Noi siamo in evoluzione e dobbiamo andare avanti, dovete farlo per il vostro futuro e quello dei vostri\",\"breadcrumb\":{\"@id\":\"https:\\\/\\\/www.romaoggi.eu\\\/index.php\\\/2021\\\/09\\\/26\\\/papa-francesco-udienza-con-la-delegazione-dellearth-day-con-la-cop-giovani-e-roberto-cingolani\\\/#breadcrumb\"},\"inLanguage\":\"it-IT\",\"potentialAction\":[{\"@type\":\"ReadAction\",\"target\":[\"https:\\\/\\\/www.romaoggi.eu\\\/index.php\\\/2021\\\/09\\\/26\\\/papa-francesco-udienza-con-la-delegazione-dellearth-day-con-la-cop-giovani-e-roberto-cingolani\\\/\"]}]},{\"@type\":\"ImageObject\",\"inLanguage\":\"it-IT\",\"@id\":\"https:\\\/\\\/www.romaoggi.eu\\\/index.php\\\/2021\\\/09\\\/26\\\/papa-francesco-udienza-con-la-delegazione-dellearth-day-con-la-cop-giovani-e-roberto-cingolani\\\/#primaryimage\",\"url\":\"https:\\\/\\\/www.romaoggi.eu\\\/wp-content\\\/uploads\\\/2021\\\/09\\\/selfie-dei-giovani-di-Earth-day-con-Papa-Francesco.jpg\",\"contentUrl\":\"https:\\\/\\\/www.romaoggi.eu\\\/wp-content\\\/uploads\\\/2021\\\/09\\\/selfie-dei-giovani-di-Earth-day-con-Papa-Francesco.jpg\",\"width\":897,\"height\":756},{\"@type\":\"BreadcrumbList\",\"@id\":\"https:\\\/\\\/www.romaoggi.eu\\\/index.php\\\/2021\\\/09\\\/26\\\/papa-francesco-udienza-con-la-delegazione-dellearth-day-con-la-cop-giovani-e-roberto-cingolani\\\/#breadcrumb\",\"itemListElement\":[{\"@type\":\"ListItem\",\"position\":1,\"name\":\"Home\",\"item\":\"https:\\\/\\\/www.romaoggi.eu\\\/\"},{\"@type\":\"ListItem\",\"position\":2,\"name\":\"Papa Francesco: udienza con la delegazione dell&#8217;Earth Day, con la Cop giovani e Roberto Cingolani\"}]},{\"@type\":\"WebSite\",\"@id\":\"https:\\\/\\\/www.romaoggi.eu\\\/#website\",\"url\":\"https:\\\/\\\/www.romaoggi.eu\\\/\",\"name\":\"roma oggi\",\"description\":\"Interesting News for Interesting people\",\"publisher\":{\"@id\":\"https:\\\/\\\/www.romaoggi.eu\\\/#organization\"},\"potentialAction\":[{\"@type\":\"SearchAction\",\"target\":{\"@type\":\"EntryPoint\",\"urlTemplate\":\"https:\\\/\\\/www.romaoggi.eu\\\/?s={search_term_string}\"},\"query-input\":{\"@type\":\"PropertyValueSpecification\",\"valueRequired\":true,\"valueName\":\"search_term_string\"}}],\"inLanguage\":\"it-IT\"},{\"@type\":\"Organization\",\"@id\":\"https:\\\/\\\/www.romaoggi.eu\\\/#organization\",\"name\":\"RomaOggi\",\"url\":\"https:\\\/\\\/www.romaoggi.eu\\\/\",\"logo\":{\"@type\":\"ImageObject\",\"inLanguage\":\"it-IT\",\"@id\":\"https:\\\/\\\/www.romaoggi.eu\\\/#\\\/schema\\\/logo\\\/image\\\/\",\"url\":\"https:\\\/\\\/www.romaoggi.eu\\\/wp-content\\\/uploads\\\/2017\\\/04\\\/logowp.jpg\",\"contentUrl\":\"https:\\\/\\\/www.romaoggi.eu\\\/wp-content\\\/uploads\\\/2017\\\/04\\\/logowp.jpg\",\"width\":300,\"height\":133,\"caption\":\"RomaOggi\"},\"image\":{\"@id\":\"https:\\\/\\\/www.romaoggi.eu\\\/#\\\/schema\\\/logo\\\/image\\\/\"},\"sameAs\":[\"https:\\\/\\\/www.facebook.com\\\/RomaOggi-841544845954114\",\"https:\\\/\\\/x.com\\\/romaoggi_eu\"]},{\"@type\":\"Person\",\"@id\":\"https:\\\/\\\/www.romaoggi.eu\\\/#\\\/schema\\\/person\\\/569485df663c86fd2d0179a6643546f9\",\"name\":\"Federica Pansadoro\",\"image\":{\"@type\":\"ImageObject\",\"inLanguage\":\"it-IT\",\"@id\":\"https:\\\/\\\/secure.gravatar.com\\\/avatar\\\/646783eb26ef4eab9fe24f298081663814c4d6acd6ea1c44b2633e8176ba1dc5?s=96&d=mm&r=g\",\"url\":\"https:\\\/\\\/secure.gravatar.com\\\/avatar\\\/646783eb26ef4eab9fe24f298081663814c4d6acd6ea1c44b2633e8176ba1dc5?s=96&d=mm&r=g\",\"contentUrl\":\"https:\\\/\\\/secure.gravatar.com\\\/avatar\\\/646783eb26ef4eab9fe24f298081663814c4d6acd6ea1c44b2633e8176ba1dc5?s=96&d=mm&r=g\",\"caption\":\"Federica Pansadoro\"},\"sameAs\":[\"https:\\\/\\\/www.youtube.com\\\/channel\\\/UCN8Y45Fmdd0XBagxT7qUVEA\"],\"url\":\"https:\\\/\\\/www.romaoggi.eu\\\/index.php\\\/author\\\/federica\\\/\"}]}<\/script>\n<!-- \/ Yoast SEO plugin. -->","yoast_head_json":{"title":"Papa Francesco: udienza con la delegazione dell'Earth Day, con la Cop giovani e Roberto Cingolani","description":"\u201cVoi non siete il futuro, siete il presente. Noi siamo in evoluzione e dobbiamo andare avanti, dovete farlo per il vostro futuro e quello dei vostri","robots":{"index":"index","follow":"follow","max-snippet":"max-snippet:-1","max-image-preview":"max-image-preview:large","max-video-preview":"max-video-preview:-1"},"canonical":"https:\/\/www.romaoggi.eu\/index.php\/2021\/09\/26\/papa-francesco-udienza-con-la-delegazione-dellearth-day-con-la-cop-giovani-e-roberto-cingolani\/","og_locale":"it_IT","og_type":"article","og_title":"Papa Francesco: udienza con la delegazione dell'Earth Day, con la Cop giovani e Roberto Cingolani","og_description":"\u201cVoi non siete il futuro, siete il presente. Noi siamo in evoluzione e dobbiamo andare avanti, dovete farlo per il vostro futuro e quello dei vostri","og_url":"https:\/\/www.romaoggi.eu\/index.php\/2021\/09\/26\/papa-francesco-udienza-con-la-delegazione-dellearth-day-con-la-cop-giovani-e-roberto-cingolani\/","og_site_name":"roma oggi","article_publisher":"https:\/\/www.facebook.com\/RomaOggi-841544845954114","article_published_time":"2021-09-25T22:02:26+00:00","article_modified_time":"2021-09-25T22:03:03+00:00","og_image":[{"width":897,"height":756,"url":"https:\/\/www.romaoggi.eu\/wp-content\/uploads\/2021\/09\/selfie-dei-giovani-di-Earth-day-con-Papa-Francesco.jpg","type":"image\/jpeg"}],"author":"Federica Pansadoro","twitter_card":"summary_large_image","twitter_creator":"@romaoggi_eu","twitter_site":"@romaoggi_eu","twitter_misc":{"Scritto da":"Federica Pansadoro","Tempo di lettura stimato":"3 minuti"},"schema":{"@context":"https:\/\/schema.org","@graph":[{"@type":"Article","@id":"https:\/\/www.romaoggi.eu\/index.php\/2021\/09\/26\/papa-francesco-udienza-con-la-delegazione-dellearth-day-con-la-cop-giovani-e-roberto-cingolani\/#article","isPartOf":{"@id":"https:\/\/www.romaoggi.eu\/index.php\/2021\/09\/26\/papa-francesco-udienza-con-la-delegazione-dellearth-day-con-la-cop-giovani-e-roberto-cingolani\/"},"author":{"name":"Federica Pansadoro","@id":"https:\/\/www.romaoggi.eu\/#\/schema\/person\/569485df663c86fd2d0179a6643546f9"},"headline":"Papa Francesco: udienza con la delegazione dell&#8217;Earth Day, con la Cop giovani e Roberto Cingolani","datePublished":"2021-09-25T22:02:26+00:00","dateModified":"2021-09-25T22:03:03+00:00","mainEntityOfPage":{"@id":"https:\/\/www.romaoggi.eu\/index.php\/2021\/09\/26\/papa-francesco-udienza-con-la-delegazione-dellearth-day-con-la-cop-giovani-e-roberto-cingolani\/"},"wordCount":577,"publisher":{"@id":"https:\/\/www.romaoggi.eu\/#organization"},"image":{"@id":"https:\/\/www.romaoggi.eu\/index.php\/2021\/09\/26\/papa-francesco-udienza-con-la-delegazione-dellearth-day-con-la-cop-giovani-e-roberto-cingolani\/#primaryimage"},"thumbnailUrl":"https:\/\/www.romaoggi.eu\/wp-content\/uploads\/2021\/09\/selfie-dei-giovani-di-Earth-day-con-Papa-Francesco.jpg","keywords":["COP GIOVANI di Milano","Earth Day","Papa Francesco","Youth4Climate"],"articleSection":["attualit\u00e0"],"inLanguage":"it-IT"},{"@type":"WebPage","@id":"https:\/\/www.romaoggi.eu\/index.php\/2021\/09\/26\/papa-francesco-udienza-con-la-delegazione-dellearth-day-con-la-cop-giovani-e-roberto-cingolani\/","url":"https:\/\/www.romaoggi.eu\/index.php\/2021\/09\/26\/papa-francesco-udienza-con-la-delegazione-dellearth-day-con-la-cop-giovani-e-roberto-cingolani\/","name":"Papa Francesco: udienza con la delegazione dell'Earth Day, con la Cop giovani e Roberto Cingolani","isPartOf":{"@id":"https:\/\/www.romaoggi.eu\/#website"},"primaryImageOfPage":{"@id":"https:\/\/www.romaoggi.eu\/index.php\/2021\/09\/26\/papa-francesco-udienza-con-la-delegazione-dellearth-day-con-la-cop-giovani-e-roberto-cingolani\/#primaryimage"},"image":{"@id":"https:\/\/www.romaoggi.eu\/index.php\/2021\/09\/26\/papa-francesco-udienza-con-la-delegazione-dellearth-day-con-la-cop-giovani-e-roberto-cingolani\/#primaryimage"},"thumbnailUrl":"https:\/\/www.romaoggi.eu\/wp-content\/uploads\/2021\/09\/selfie-dei-giovani-di-Earth-day-con-Papa-Francesco.jpg","datePublished":"2021-09-25T22:02:26+00:00","dateModified":"2021-09-25T22:03:03+00:00","description":"\u201cVoi non siete il futuro, siete il presente. Noi siamo in evoluzione e dobbiamo andare avanti, dovete farlo per il vostro futuro e quello dei vostri","breadcrumb":{"@id":"https:\/\/www.romaoggi.eu\/index.php\/2021\/09\/26\/papa-francesco-udienza-con-la-delegazione-dellearth-day-con-la-cop-giovani-e-roberto-cingolani\/#breadcrumb"},"inLanguage":"it-IT","potentialAction":[{"@type":"ReadAction","target":["https:\/\/www.romaoggi.eu\/index.php\/2021\/09\/26\/papa-francesco-udienza-con-la-delegazione-dellearth-day-con-la-cop-giovani-e-roberto-cingolani\/"]}]},{"@type":"ImageObject","inLanguage":"it-IT","@id":"https:\/\/www.romaoggi.eu\/index.php\/2021\/09\/26\/papa-francesco-udienza-con-la-delegazione-dellearth-day-con-la-cop-giovani-e-roberto-cingolani\/#primaryimage","url":"https:\/\/www.romaoggi.eu\/wp-content\/uploads\/2021\/09\/selfie-dei-giovani-di-Earth-day-con-Papa-Francesco.jpg","contentUrl":"https:\/\/www.romaoggi.eu\/wp-content\/uploads\/2021\/09\/selfie-dei-giovani-di-Earth-day-con-Papa-Francesco.jpg","width":897,"height":756},{"@type":"BreadcrumbList","@id":"https:\/\/www.romaoggi.eu\/index.php\/2021\/09\/26\/papa-francesco-udienza-con-la-delegazione-dellearth-day-con-la-cop-giovani-e-roberto-cingolani\/#breadcrumb","itemListElement":[{"@type":"ListItem","position":1,"name":"Home","item":"https:\/\/www.romaoggi.eu\/"},{"@type":"ListItem","position":2,"name":"Papa Francesco: udienza con la delegazione dell&#8217;Earth Day, con la Cop giovani e Roberto Cingolani"}]},{"@type":"WebSite","@id":"https:\/\/www.romaoggi.eu\/#website","url":"https:\/\/www.romaoggi.eu\/","name":"roma oggi","description":"Interesting News for Interesting people","publisher":{"@id":"https:\/\/www.romaoggi.eu\/#organization"},"potentialAction":[{"@type":"SearchAction","target":{"@type":"EntryPoint","urlTemplate":"https:\/\/www.romaoggi.eu\/?s={search_term_string}"},"query-input":{"@type":"PropertyValueSpecification","valueRequired":true,"valueName":"search_term_string"}}],"inLanguage":"it-IT"},{"@type":"Organization","@id":"https:\/\/www.romaoggi.eu\/#organization","name":"RomaOggi","url":"https:\/\/www.romaoggi.eu\/","logo":{"@type":"ImageObject","inLanguage":"it-IT","@id":"https:\/\/www.romaoggi.eu\/#\/schema\/logo\/image\/","url":"https:\/\/www.romaoggi.eu\/wp-content\/uploads\/2017\/04\/logowp.jpg","contentUrl":"https:\/\/www.romaoggi.eu\/wp-content\/uploads\/2017\/04\/logowp.jpg","width":300,"height":133,"caption":"RomaOggi"},"image":{"@id":"https:\/\/www.romaoggi.eu\/#\/schema\/logo\/image\/"},"sameAs":["https:\/\/www.facebook.com\/RomaOggi-841544845954114","https:\/\/x.com\/romaoggi_eu"]},{"@type":"Person","@id":"https:\/\/www.romaoggi.eu\/#\/schema\/person\/569485df663c86fd2d0179a6643546f9","name":"Federica Pansadoro","image":{"@type":"ImageObject","inLanguage":"it-IT","@id":"https:\/\/secure.gravatar.com\/avatar\/646783eb26ef4eab9fe24f298081663814c4d6acd6ea1c44b2633e8176ba1dc5?s=96&d=mm&r=g","url":"https:\/\/secure.gravatar.com\/avatar\/646783eb26ef4eab9fe24f298081663814c4d6acd6ea1c44b2633e8176ba1dc5?s=96&d=mm&r=g","contentUrl":"https:\/\/secure.gravatar.com\/avatar\/646783eb26ef4eab9fe24f298081663814c4d6acd6ea1c44b2633e8176ba1dc5?s=96&d=mm&r=g","caption":"Federica Pansadoro"},"sameAs":["https:\/\/www.youtube.com\/channel\/UCN8Y45Fmdd0XBagxT7qUVEA"],"url":"https:\/\/www.romaoggi.eu\/index.php\/author\/federica\/"}]}},"_links":{"self":[{"href":"https:\/\/www.romaoggi.eu\/index.php\/wp-json\/wp\/v2\/posts\/29458","targetHints":{"allow":["GET"]}}],"collection":[{"href":"https:\/\/www.romaoggi.eu\/index.php\/wp-json\/wp\/v2\/posts"}],"about":[{"href":"https:\/\/www.romaoggi.eu\/index.php\/wp-json\/wp\/v2\/types\/post"}],"author":[{"embeddable":true,"href":"https:\/\/www.romaoggi.eu\/index.php\/wp-json\/wp\/v2\/users\/13"}],"replies":[{"embeddable":true,"href":"https:\/\/www.romaoggi.eu\/index.php\/wp-json\/wp\/v2\/comments?post=29458"}],"version-history":[{"count":2,"href":"https:\/\/www.romaoggi.eu\/index.php\/wp-json\/wp\/v2\/posts\/29458\/revisions"}],"predecessor-version":[{"id":29461,"href":"https:\/\/www.romaoggi.eu\/index.php\/wp-json\/wp\/v2\/posts\/29458\/revisions\/29461"}],"wp:featuredmedia":[{"embeddable":true,"href":"https:\/\/www.romaoggi.eu\/index.php\/wp-json\/wp\/v2\/media\/29459"}],"wp:attachment":[{"href":"https:\/\/www.romaoggi.eu\/index.php\/wp-json\/wp\/v2\/media?parent=29458"}],"wp:term":[{"taxonomy":"category","embeddable":true,"href":"https:\/\/www.romaoggi.eu\/index.php\/wp-json\/wp\/v2\/categories?post=29458"},{"taxonomy":"post_tag","embeddable":true,"href":"https:\/\/www.romaoggi.eu\/index.php\/wp-json\/wp\/v2\/tags?post=29458"}],"curies":[{"name":"wp","href":"https:\/\/api.w.org\/{rel}","templated":true}]}}