{"id":29485,"date":"2021-10-02T10:00:41","date_gmt":"2021-10-02T08:00:41","guid":{"rendered":"http:\/\/www.romaoggi.eu\/?p=29485"},"modified":"2021-10-02T10:00:41","modified_gmt":"2021-10-02T08:00:41","slug":"casina-di-raffaello","status":"publish","type":"post","link":"https:\/\/www.romaoggi.eu\/index.php\/2021\/10\/02\/casina-di-raffaello\/","title":{"rendered":"Casina di Raffaello, le nuove attivit\u00e0 per bambini  dal 5 al 30 ottobre 2021"},"content":{"rendered":"<p align=\"CENTER\"><span style=\"color: #000000;\"><span style=\"font-family: Arial, sans-serif;\"><span style=\"font-size: large;\"><b>Casina di Raffaello, le nuove attivit\u00e0 per bambini<\/b><\/span><\/span><\/span><\/p>\n<p align=\"CENTER\"><span style=\"color: #000000;\"><span style=\"font-family: Arial, sans-serif;\"><span style=\"font-size: large;\"><b>dal 5 al 30 ottobre 2021<\/b><\/span><\/span><\/span><\/p>\n<p align=\"CENTER\"><span style=\"color: #000000;\"><span style=\"font-family: Arial, sans-serif;\"><span style=\"font-size: large;\"><u>Da marted\u00ec a sabato, tante nuove attivit\u00e0 ludico-educative per giocare e imparare divertendosi. Prenotazione obbligatoria allo 060608<\/u><\/span><\/span><\/span><\/p>\n<p align=\"CENTER\"><span style=\"color: #000000;\">\u00a0<\/span><\/p>\n<p align=\"JUSTIFY\"><span style=\"color: #000000;\"><span style=\"font-family: Times New Roman, serif;\"><span style=\"font-size: medium;\"><span style=\"font-family: Arial, sans-serif;\"><i>Roma, 01 ottobre 2021 \u2013<\/i><\/span>\u00a0<span style=\"font-family: Arial, sans-serif;\"><b>Casina di Raffaello<\/b><\/span><span style=\"font-family: Arial, sans-serif;\">, lo spazio arte e creativit\u00e0 dell\u2019<\/span><span style=\"font-family: Arial, sans-serif;\"><i>Assessorato alla Persona, Scuola e Comunit\u00e0 Solidale di Roma Capitale<\/i><\/span><span style=\"font-family: Arial, sans-serif;\">, gestito in collaborazione con\u00a0<\/span><span style=\"font-family: Arial, sans-serif;\"><i>Zetema Progetto Cultura,\u00a0<\/i><\/span><span style=\"font-family: Arial, sans-serif;\"><u><b>da marted\u00ec 5 a sabato 30 ottobre<\/b><\/u><\/span><span style=\"font-family: Arial, sans-serif;\">\u00a0propone nuovi laboratori dedicati ai bambini che potranno giocare e imparare divertendosi.<\/span><\/span><\/span><\/span><\/p>\n<p align=\"JUSTIFY\"><span style=\"color: #000000;\"><span style=\"font-family: Times New Roman, serif;\"><span style=\"font-size: medium;\"><span style=\"font-family: Arial, sans-serif;\"><b>I bambini nati nel 2016-2017 e quelli in et\u00e0 da scuola primaria\u00a0<\/b><\/span><span style=\"font-family: Arial, sans-serif;\">costruiranno\u00a0simpatici libretti ispirati alle creazioni di Munari, realizzeranno con carta e cartoncino sagome colorate di animali e strambi personaggi per storie fantastiche, modelleranno<\/span>\u00a0<span style=\"font-family: Arial, sans-serif;\">nidi di argilla e paglia per gli amici uccellini,\u00a0coloreranno il proprio autoritratto,\u00a0inventeranno un nuovo alfabeto incidendo le lettere su fogli di rame !<\/span><\/span><\/span><\/span><\/p>\n<p align=\"JUSTIFY\"><span style=\"color: #000000;\"><span style=\"font-family: Arial, sans-serif;\"><span style=\"font-size: medium;\">Tutte le attivit\u00e0 sono\u00a0organizzate nel\u00a0<b>rispetto delle disposizioni anti-Covid<\/b>. Al momento dell\u2019accoglienza, verr\u00e0 effettuato il triage nello spazio esterno antistante la struttura. Gli adulti accompagnatori garantiranno sullo stato di salute dei bambini, ai quali verr\u00e0 misurata la temperatura con il rilevatore a distanza e si provveder\u00e0 all\u2019igienizzazione delle mani con il gel. Per i bambini a partire dai 6 anni \u00e8 obbligatorio l\u2019utilizzo della mascherina. L\u2019ingresso e l\u2019uscita dei bambini dall\u2019edificio avverr\u00e0 in modo scaglionato per evitare assembramenti.\u00a0Gli spazi interni, le superfici e i materiali usati durante i laboratori, verranno sanificati quotidianamente.<\/span><\/span><\/span><\/p>\n<p align=\"JUSTIFY\"><span style=\"color: #000000;\"><span style=\"font-family: Arial, sans-serif;\"><span style=\"font-size: medium;\">La prenotazione e il pagamento online sono obbligatori telefonando al call center 060608.<\/span><\/span><\/span><\/p>\n<p align=\"JUSTIFY\"><span style=\"color: #000000;\"><span style=\"font-family: Arial, sans-serif;\"><span style=\"font-size: medium;\">Il costo di ciascun laboratorio \u00e8 di 7\u20ac a bambino (5\u20ac ridotto).<\/span><\/span><\/span><\/p>\n<p align=\"JUSTIFY\"><span style=\"color: #000000;\"><span style=\"font-family: Arial, sans-serif;\"><span style=\"font-size: medium;\"><b>Per le scuole<\/b><\/span><\/span><\/span><span style=\"color: #000000;\"><span style=\"font-family: Times New Roman, serif;\"><span style=\"font-size: medium;\">\u00a0<\/span><\/span><\/span><span style=\"color: #000000;\"><span style=\"font-family: Arial, sans-serif;\"><span style=\"font-size: medium;\">(dell\u2019infanzia, primaria e Secondaria di primo grado) \u00e8 stato inoltre pensato e realizzato uno\u00a0<\/span><\/span><\/span><span style=\"color: #000000;\"><span style=\"font-family: Arial, sans-serif;\"><span style=\"font-size: medium;\"><b>specifico programma di attivit\u00e0<\/b><\/span><\/span><\/span><span style=\"color: #000000;\"><span style=\"font-family: Arial, sans-serif;\"><span style=\"font-size: medium;\">\u00a0attivo\u00a0<\/span><\/span><\/span><span style=\"color: #000000;\"><span style=\"font-family: Arial, sans-serif;\"><span style=\"font-size: medium;\"><b>dal 6 ottobre 2021 al 9 giugno 2022<\/b><\/span><\/span><\/span><span style=\"color: #000000;\"><span style=\"font-family: Arial, sans-serif;\"><span style=\"font-size: medium;\">. In base alle esigenze di ciascuna classe, i laboratori potranno svolgersi a Casina di Raffaello, oppure nelle stesse scuole o anche online. Per maggiori info e richieste le scuole possono scrivere a\u00a0<\/span><\/span><\/span><a href=\"mailto:casinadiraffaello.scuole@gmail.com\" target=\"_blank\" rel=\"noopener noreferrer\"><span style=\"color: #0563c1;\"><span style=\"font-family: Arial, sans-serif;\"><span style=\"font-size: medium;\"><u>casinadiraffaello.scuole@gmail.com<\/u><\/span><\/span><\/span><\/a><span style=\"color: #000000;\"><span style=\"font-family: Arial, sans-serif;\"><span style=\"font-size: medium;\">.<\/span><\/span><\/span><\/p>\n<p align=\"JUSTIFY\"><img loading=\"lazy\" decoding=\"async\" class=\"aligncenter wp-image-29487 size-full\" src=\"https:\/\/www.romaoggi.eu\/wp-content\/uploads\/2021\/10\/Lab-foto-6.jpg\" alt=\"Alt text Casina di Raffaello\" width=\"720\" height=\"720\" srcset=\"https:\/\/www.romaoggi.eu\/wp-content\/uploads\/2021\/10\/Lab-foto-6.jpg 720w, https:\/\/www.romaoggi.eu\/wp-content\/uploads\/2021\/10\/Lab-foto-6-300x300.jpg 300w, https:\/\/www.romaoggi.eu\/wp-content\/uploads\/2021\/10\/Lab-foto-6-150x150.jpg 150w\" sizes=\"auto, (max-width: 720px) 100vw, 720px\" \/><\/p>\n<p align=\"JUSTIFY\">\n<p align=\"CENTER\"><span style=\"color: #00b0f0;\"><span style=\"font-family: Arial, sans-serif;\"><span style=\"font-size: medium;\"><b>Attivit\u00e0 per bambini nati nel 2016 e nel 2017<\/b><\/span><\/span><\/span><\/p>\n<p align=\"JUSTIFY\"><span style=\"color: #000000;\"><span style=\"font-family: Times New Roman, serif;\"><span style=\"font-size: medium;\"><span style=\"font-family: Arial, sans-serif;\"><span style=\"font-size: small;\"><b>Marted\u00ec e gioved\u00ec<\/b><\/span><\/span><span style=\"font-family: Arial, sans-serif;\"><span style=\"font-size: small;\">:\u00a0per il pubblico\u00a0<\/span><\/span><span style=\"font-family: Arial, sans-serif;\"><span style=\"font-size: small;\"><b>alle ore 16.00 e alle 17.15<\/b><\/span><\/span><\/span><\/span><\/span><\/p>\n<p align=\"JUSTIFY\"><span style=\"color: #000000;\"><span style=\"font-family: Times New Roman, serif;\"><span style=\"font-size: medium;\"><span style=\"font-family: Arial, sans-serif;\"><span style=\"font-size: small;\"><b>Sabato<\/b><\/span><\/span><span style=\"font-family: Arial, sans-serif;\"><span style=\"font-size: small;\">:\u00a0per il pubblico\u00a0<\/span><\/span><span style=\"font-family: Arial, sans-serif;\"><span style=\"font-size: small;\"><b>alle ore 10.00, 11.30, 15.00, 16.00<\/b><\/span><\/span><\/span><\/span><\/span><\/p>\n<p align=\"JUSTIFY\"><span style=\"color: #000000;\"><span style=\"font-family: Times New Roman, serif;\"><span style=\"font-size: medium;\"><span style=\"font-family: Arial, sans-serif;\"><span style=\"font-size: small;\"><b>Durata<\/b><\/span><\/span><span style=\"font-family: Arial, sans-serif;\"><span style=\"font-size: small;\">: 50 minuti circa.\u00a0<\/span><\/span><span style=\"font-family: Arial, sans-serif;\"><span style=\"font-size: small;\"><b>Costo<\/b><\/span><\/span><span style=\"font-family: Arial, sans-serif;\"><span style=\"font-size: small;\">: 7\u20ac intero \/ 5\u20ac ridotto.\u00a0<\/span><\/span><span style=\"font-family: Arial, sans-serif;\"><span style=\"font-size: small;\"><b>Max 5 bambini a laboratorio<\/b><\/span><\/span><\/span><\/span><\/span><\/p>\n<p align=\"JUSTIFY\"><span style=\"color: #000000;\"><span style=\"font-family: Arial, sans-serif;\"><span style=\"font-size: small;\"><i>Appuntamento all\u2019ingresso 15 minuti prima per effettuare il triage.<\/i><\/span><\/span><\/span><\/p>\n<p align=\"JUSTIFY\"><span style=\"color: #000000;\">\u00a0<\/span><\/p>\n<p align=\"JUSTIFY\"><span style=\"color: #000000;\"><span style=\"font-family: Arial, sans-serif;\"><span style=\"font-size: small;\"><b>Marted\u00ec 5, 12, 19 e 26 ottobre alle ore 16.00<\/b><\/span><\/span><\/span><\/p>\n<p align=\"JUSTIFY\"><span style=\"color: #000000;\"><span style=\"font-family: Arial, sans-serif;\"><span style=\"font-size: small;\"><b>Gioved\u00ec 7, 14, 21 e 28 ottobre alle ore 17.15<\/b><\/span><\/span><\/span><\/p>\n<p align=\"JUSTIFY\"><span style=\"color: #00b0f0;\"><span style=\"font-family: Arial, sans-serif;\"><span style=\"font-size: small;\"><i><b>Pagine creative<\/b><\/i><\/span><\/span><\/span><\/p>\n<p align=\"JUSTIFY\"><span style=\"color: #000000;\"><span style=\"font-family: Arial, sans-serif;\"><span style=\"font-size: small;\">Dopo la lettura animata di un classico di Bruno Munari, ogni bambino costruir\u00e0 un libretto ispirato ai prelibri munariani: pagine senza parole, fatte di diversi materiali, lavorate con forbici, colla, bucatrici e pennarelli e rilegate con un filo colorato per inventare ogni giorno storie nuove e fantasiose.<\/span><\/span><\/span><\/p>\n<p align=\"JUSTIFY\"><span style=\"color: #000000;\">\u00a0<\/span><\/p>\n<p align=\"JUSTIFY\"><span style=\"color: #000000;\"><span style=\"font-family: Arial, sans-serif;\"><span style=\"font-size: small;\"><b>Marted\u00ec 5, 12, 19 e 26 ottobre alle ore 17.15<\/b><\/span><\/span><\/span><\/p>\n<p align=\"JUSTIFY\"><span style=\"color: #000000;\"><span style=\"font-family: Arial, sans-serif;\"><span style=\"font-size: small;\"><b>Gioved\u00ec 7, 14, 21 e 28 ottobre alle ore 16.00<\/b><\/span><\/span><\/span><\/p>\n<p align=\"JUSTIFY\"><span style=\"color: #00b0f0;\"><span style=\"font-family: Arial, sans-serif;\"><span style=\"font-size: small;\"><i><b>Che sagoma!<\/b><\/i><\/span><\/span><\/span><\/p>\n<p align=\"JUSTIFY\"><span style=\"color: #000000;\"><span style=\"font-family: Arial, sans-serif;\"><span style=\"font-size: small;\">In questo laboratorio, ogni bambino rappresenter\u00e0 il proprio autoritratto: con le tempere creer\u00e0 il giusto colore per dipingere la propria pelle e, finito il disegno del proprio volto, arricchir\u00e0 lo sfondo con immagini di ci\u00f2 che lo caratterizza. Un sorriso e una nuvola, una caramella e un gattino, una bicicletta e un albero o qualsiasi altra cosa che lo identifichi.<\/span><\/span><\/span><\/p>\n<p align=\"JUSTIFY\"><span style=\"color: #000000;\">\u00a0<\/span><\/p>\n<p align=\"JUSTIFY\"><span style=\"color: #000000;\"><span style=\"font-family: Arial, sans-serif;\"><span style=\"font-size: small;\"><b>Sabato 9, 16, 23 e 30 ottobre<\/b><\/span><\/span><\/span><\/p>\n<p align=\"JUSTIFY\"><span style=\"color: #000000;\">\u00a0<\/span><\/p>\n<p align=\"JUSTIFY\"><span style=\"color: #000000;\"><span style=\"font-family: Arial, sans-serif;\"><span style=\"font-size: small;\"><b>alle ore 10.00<\/b><\/span><\/span><\/span><\/p>\n<p align=\"JUSTIFY\"><span style=\"color: #00b0f0;\"><span style=\"font-family: Arial, sans-serif;\"><span style=\"font-size: small;\"><i><b>Coloriamo gli animali<\/b><\/i><\/span><\/span><\/span><\/p>\n<p align=\"JUSTIFY\"><span style=\"color: #000000;\"><span style=\"font-family: Arial, sans-serif;\"><span style=\"font-size: small;\">Ispirati da forme varie di carta e cartoncino di forme diverse, i bambini creano la sagoma di un animale e, scegliendo un colore, useranno pezzetti di vari materiali per decorarlo.<\/span><\/span><\/span><\/p>\n<p align=\"JUSTIFY\"><span style=\"color: #000000;\">\u00a0<\/span><\/p>\n<p align=\"JUSTIFY\"><span style=\"color: #000000;\"><span style=\"font-family: Times New Roman, serif;\"><span style=\"font-size: medium;\"><span style=\"font-family: Arial, sans-serif;\"><span style=\"font-size: small;\"><b>alle ore 11.30<\/b><\/span><\/span><\/span><\/span><\/span><\/p>\n<p align=\"JUSTIFY\"><span style=\"color: #000000;\"><span style=\"font-family: Times New Roman, serif;\"><span style=\"font-size: medium;\"><span style=\"font-family: Arial, sans-serif;\"><span style=\"font-size: small;\"><b><br \/>\n<\/b><\/span><\/span><span style=\"color: #00b0f0;\"><span style=\"font-family: Arial, sans-serif;\"><span style=\"font-size: small;\"><i><b>Disegnare il sole<\/b><\/i><\/span><\/span><\/span><\/span><\/span><\/span><\/p>\n<p align=\"JUSTIFY\"><span style=\"color: #000000;\"><span style=\"font-family: Arial, sans-serif;\"><span style=\"font-size: small;\">Quante volte e come cambia il sole nell\u2019arco di una sola giornata! Non basta il giallo per disegnarlo! In questo laboratorio, ispirato a un famoso libro di Bruno Munari, i bambini scopriranno come cambia il colore del sole dall\u2019alba al tramonto e lo rappresenteranno con colori e materiali diversi per formare un grande sole variopinto.<\/span><\/span><\/span><\/p>\n<p align=\"JUSTIFY\"><span style=\"color: #000000;\">\u00a0<\/span><\/p>\n<p align=\"JUSTIFY\"><span style=\"color: #000000;\"><span style=\"font-family: Arial, sans-serif;\"><span style=\"font-size: small;\"><b>alle ore 15.00<\/b><\/span><\/span><\/span><\/p>\n<p align=\"JUSTIFY\"><span style=\"color: #00b0f0;\"><span style=\"font-family: Arial, sans-serif;\"><span style=\"font-size: small;\"><i><b>Tutto col tatto!<\/b><\/i><\/span><\/span><\/span><\/p>\n<p align=\"JUSTIFY\"><span style=\"color: #000000;\"><span style=\"font-family: Arial, sans-serif;\"><span style=\"font-size: small;\">I bambini potranno sperimentare un approccio tattile libero con materiali naturali e artificiali per scoprire e apprezzare le differenze tra oggetti lisci e ruvidi, duri e morbidi, caldi e freddi e per creare una composizione tattile astratta.<\/span><\/span><\/span><\/p>\n<p align=\"JUSTIFY\"><span style=\"color: #000000;\">\u00a0<\/span><\/p>\n<p align=\"JUSTIFY\"><span style=\"color: #000000;\"><span style=\"font-family: Times New Roman, serif;\"><span style=\"font-size: medium;\"><span style=\"font-family: Arial, sans-serif;\"><span style=\"font-size: small;\"><b>alle ore 16.00<br \/>\n<\/b><\/span><\/span><span style=\"color: #00b0f0;\"><span style=\"font-family: Arial, sans-serif;\"><span style=\"font-size: small;\"><i><b>La casetta di Cip Cip<\/b><\/i><\/span><\/span><\/span><\/span><\/span><\/span><\/p>\n<p align=\"JUSTIFY\"><span style=\"color: #000000;\"><span style=\"font-family: Arial, sans-serif;\"><span style=\"font-size: small;\">Come si costruisce un nido? Usando solo materiali naturali, come argilla, paglia e rametti, ogni bambino modeller\u00e0 un piccolo rifugio per gli uccellini, da appendere in giardino o in balcone per lasciare una casetta piena di cibo per gli uccellini che vivono in citt\u00e0.<\/span><\/span><\/span><\/p>\n<p align=\"JUSTIFY\"><span style=\"color: #000000;\"> <img loading=\"lazy\" decoding=\"async\" class=\"aligncenter wp-image-29488 size-full\" src=\"https:\/\/www.romaoggi.eu\/wp-content\/uploads\/2021\/10\/Lab_sagoma.jpg\" alt=\"Alt text Casina di Raffaello\" width=\"477\" height=\"476\" srcset=\"https:\/\/www.romaoggi.eu\/wp-content\/uploads\/2021\/10\/Lab_sagoma.jpg 477w, https:\/\/www.romaoggi.eu\/wp-content\/uploads\/2021\/10\/Lab_sagoma-300x300.jpg 300w, https:\/\/www.romaoggi.eu\/wp-content\/uploads\/2021\/10\/Lab_sagoma-150x150.jpg 150w\" sizes=\"auto, (max-width: 477px) 100vw, 477px\" \/><\/span><\/p>\n<p align=\"JUSTIFY\"><span style=\"color: #ed7d31;\">\u00a0<\/span><\/p>\n<p align=\"JUSTIFY\"><span style=\"color: #ed7d31;\"><span style=\"font-family: Arial, sans-serif;\"><span style=\"font-size: medium;\"><b>Attivit\u00e0 per bambini dalla 1^ alla 5^ scuola primaria<\/b><\/span><\/span><\/span><\/p>\n<p align=\"JUSTIFY\"><span style=\"color: #000000;\">\u00a0<\/span><\/p>\n<p align=\"JUSTIFY\"><span style=\"color: #000000;\"><span style=\"font-family: Times New Roman, serif;\"><span style=\"font-size: medium;\"><span style=\"font-family: Arial, sans-serif;\"><span style=\"font-size: small;\"><b>Marted\u00ec e gioved\u00ec<\/b><\/span><\/span><span style=\"font-family: Arial, sans-serif;\"><span style=\"font-size: small;\">:\u00a0per il pubblico\u00a0<\/span><\/span><span style=\"font-family: Arial, sans-serif;\"><span style=\"font-size: small;\"><b>alle ore 16.00 e alle 17.15<\/b><\/span><\/span><\/span><\/span><\/span><\/p>\n<p align=\"JUSTIFY\"><span style=\"color: #000000;\"><span style=\"font-family: Times New Roman, serif;\"><span style=\"font-size: medium;\"><span style=\"font-family: Arial, sans-serif;\"><span style=\"font-size: small;\"><b>Sabato<\/b><\/span><\/span><span style=\"font-family: Arial, sans-serif;\"><span style=\"font-size: small;\">:\u00a0per il pubblico\u00a0<\/span><\/span><span style=\"font-family: Arial, sans-serif;\"><span style=\"font-size: small;\"><b>alle ore 10.30, 12.00, 15.30, 16.30<\/b><\/span><\/span><\/span><\/span><\/span><\/p>\n<p align=\"JUSTIFY\"><span style=\"color: #000000;\"><span style=\"font-family: Times New Roman, serif;\"><span style=\"font-size: medium;\"><span style=\"font-family: Arial, sans-serif;\"><span style=\"font-size: small;\"><b>Durata<\/b><\/span><\/span><span style=\"font-family: Arial, sans-serif;\"><span style=\"font-size: small;\">: 50 minuti circa.\u00a0<\/span><\/span><span style=\"font-family: Arial, sans-serif;\"><span style=\"font-size: small;\"><b>Costo<\/b><\/span><\/span><span style=\"font-family: Arial, sans-serif;\"><span style=\"font-size: small;\">: 7\u20ac bambino \/ 5\u20ac ridotto scuola.\u00a0<\/span><\/span><span style=\"font-family: Arial, sans-serif;\"><span style=\"font-size: small;\"><b>Max 7 bambini a laboratorio<\/b><\/span><\/span><\/span><\/span><\/span><\/p>\n<p align=\"JUSTIFY\"><span style=\"color: #000000;\"><span style=\"font-family: Arial, sans-serif;\"><span style=\"font-size: small;\"><i>Appuntamento all\u2019ingresso 15 minuti prima per effettuare il triage.<\/i><\/span><\/span><\/span><\/p>\n<p align=\"JUSTIFY\"><span style=\"color: #000000;\">\u00a0<\/span><\/p>\n<p align=\"JUSTIFY\"><span style=\"color: #000000;\"><span style=\"font-family: Arial, sans-serif;\"><span style=\"font-size: small;\"><b>Marted\u00ec 5, 12, 19 e 26 ottobre alle 16.00<\/b><\/span><\/span><\/span><\/p>\n<p align=\"JUSTIFY\"><span style=\"color: #000000;\"><span style=\"font-family: Arial, sans-serif;\"><span style=\"font-size: small;\"><b>Gioved\u00ec 7, 14, 21 e 28 ottobre alle 17.15<\/b><\/span><\/span><\/span><\/p>\n<p align=\"JUSTIFY\"><span style=\"color: #ed7d31;\"><span style=\"font-family: Arial, sans-serif;\"><span style=\"font-size: small;\"><i><b>CreABC<\/b><\/i><\/span><\/span><\/span><\/p>\n<p align=\"JUSTIFY\"><span style=\"color: #000000;\"><span style=\"font-family: Arial, sans-serif;\"><span style=\"font-size: small;\">Per scrivere in italiano o in inglese usiamo tutti lo stesso alfabeto, che \u00e8 molto diverso dagli alfabeti di altre lingue o di altre civilt\u00e0: ci sono stati i caratteri cuneiformi, i geroglifici, l\u2019alfabeto greco e quello etrusco\u2026Perch\u00e9 non inventarne uno tutto nostro per scrivere messaggi in codice? I bambini, dopo aver inventato un nuovo alfabeto, incideranno le lettere create su fogli di rame con gli appositi strumenti.<\/span><\/span><\/span><\/p>\n<p align=\"JUSTIFY\"><span style=\"color: #000000;\">\u00a0<\/span><\/p>\n<p align=\"JUSTIFY\"><span style=\"color: #000000;\"><span style=\"font-family: Arial, sans-serif;\"><span style=\"font-size: small;\"><b>Marted\u00ec 5, 12, 19 e 26 ottobre alle 17.15<\/b><\/span><\/span><\/span><\/p>\n<p align=\"JUSTIFY\"><span style=\"color: #000000;\"><span style=\"font-family: Arial, sans-serif;\"><span style=\"font-size: small;\"><b>Gioved\u00ec 7, 14, 21 e 28 ottobre alle 16.00<\/b><\/span><\/span><\/span><\/p>\n<p align=\"JUSTIFY\"><span style=\"color: #ed7d31;\"><span style=\"font-family: Arial, sans-serif;\"><span style=\"font-size: small;\"><i><b>Coloriamo gli animali<\/b><\/i><\/span><\/span><\/span><\/p>\n<p align=\"JUSTIFY\"><span style=\"color: #000000;\"><span style=\"font-family: Arial, sans-serif;\"><span style=\"font-size: small;\">Ispirati da pezzi di carta e cartoncino di forme diverse, i bambini creano la sagoma di un animale e, scegliendo un colore, useranno pezzetti di vari materiali per decorarlo.<\/span><\/span><\/span><\/p>\n<p align=\"JUSTIFY\"><span style=\"color: #000000;\">\u00a0<\/span><\/p>\n<p align=\"JUSTIFY\"><span style=\"color: #000000;\"><span style=\"font-family: Arial, sans-serif;\"><span style=\"font-size: small;\"><b>Sabato 9, 16, 23 e 30 ottobre<\/b><\/span><\/span><\/span><\/p>\n<p align=\"JUSTIFY\"><span style=\"color: #000000;\">\u00a0<\/span><\/p>\n<p align=\"JUSTIFY\"><span style=\"color: #000000;\"><span style=\"font-family: Arial, sans-serif;\"><span style=\"font-size: small;\"><b>alle ore 10.30<\/b><\/span><\/span><\/span><\/p>\n<p align=\"JUSTIFY\"><span style=\"color: #ed7d31;\"><span style=\"font-family: Arial, sans-serif;\"><span style=\"font-size: small;\"><i><b>Una storia con il buco<\/b><\/i><\/span><\/span><\/span><\/p>\n<p align=\"JUSTIFY\"><span style=\"color: #000000;\"><span style=\"font-family: Arial, sans-serif;\"><span style=\"font-size: small;\">Un buco rotondo su un foglio verde pu\u00f2 diventare con la successiva pagina azzurra un laghetto in cui far tuffare ritagli di carta a forma di pesce o in cui far veleggiare barche a vela colorate. I bambini in questo laboratorio potranno giocare a creare tagli e buchi sulla carta che evocheranno con altre pagine, tra pieni e vuoti, ambientazioni fantastiche e strambi personaggi.<\/span><\/span><\/span><\/p>\n<p align=\"JUSTIFY\"><span style=\"color: #000000;\">\u00a0<\/span><\/p>\n<p align=\"JUSTIFY\"><span style=\"color: #000000;\"><span style=\"font-family: Arial, sans-serif;\"><span style=\"font-size: small;\"><b>alle ore 12.00<\/b><\/span><\/span><\/span><\/p>\n<p align=\"JUSTIFY\"><span style=\"color: #ed7d31;\"><span style=\"font-family: Arial, sans-serif;\"><span style=\"font-size: small;\"><i><b>La casetta di Cip Cip<\/b><\/i><\/span><\/span><\/span><\/p>\n<p align=\"JUSTIFY\"><span style=\"color: #000000;\"><span style=\"font-family: Arial, sans-serif;\"><span style=\"font-size: small;\">Come si costruisce un nido? Usando solo materiali naturali, come argilla, paglia e rametti, ogni bambino modeller\u00e0 un piccolo rifugio per gli uccellini, da appendere in giardino o in balcone per lasciare una casetta piena di cibo per gli uccellini che vivono in citt\u00e0.<\/span><\/span><\/span><\/p>\n<p align=\"JUSTIFY\"><span style=\"color: #000000;\">\u00a0<\/span><\/p>\n<p align=\"JUSTIFY\"><span style=\"color: #000000;\"><span style=\"font-family: Arial, sans-serif;\"><span style=\"font-size: small;\"><b>alle ore 15.30<\/b><\/span><\/span><\/span><\/p>\n<p align=\"JUSTIFY\"><span style=\"color: #ed7d31;\"><span style=\"font-family: Arial, sans-serif;\"><span style=\"font-size: small;\"><i><b>Un giardino da sfogliare<\/b><\/i><\/span><\/span><\/span><\/p>\n<p align=\"JUSTIFY\"><span style=\"color: #000000;\"><span style=\"font-family: Arial, sans-serif;\"><span style=\"font-size: small;\">In questo laboratorio, verr\u00e0 creato un libro pieghevole che racchiude un paesaggio. Alberi, fiori e cespugli compongono la forma di un piccolo giardino portatile di carta colorata, nato dalla fantasia di ciascuno.<\/span><\/span><\/span><\/p>\n<p align=\"JUSTIFY\"><span style=\"color: #000000;\">\u00a0<\/span><\/p>\n<p align=\"JUSTIFY\"><span style=\"color: #000000;\"><span style=\"font-family: Arial, sans-serif;\"><span style=\"font-size: small;\"><b>alle ore 16.30<\/b><\/span><\/span><\/span><\/p>\n<p align=\"JUSTIFY\"><span style=\"color: #ed7d31;\"><span style=\"font-family: Arial, sans-serif;\"><span style=\"font-size: small;\"><i><b>Che sagoma!<\/b><\/i><\/span><\/span><\/span><\/p>\n<p align=\"JUSTIFY\"><span style=\"color: #000000;\"><span style=\"font-family: Arial, sans-serif;\"><span style=\"font-size: small;\">In questo laboratorio, ogni bambino rappresenter\u00e0 il proprio autoritratto: con le tempere creer\u00e0 il giusto colore per dipingere la propria pelle e, finito il disegno del proprio volto, arricchir\u00e0 lo sfondo con immagini di ci\u00f2 che lo caratterizza. Un sorriso e una nuvola, una caramella e un gattino, una bicicletta e un albero o qualsiasi altra cosa che lo identifichi.<\/span><\/span><\/span><\/p>\n<p align=\"JUSTIFY\">\n<p align=\"CENTER\"><span style=\"color: #000000;\"><span style=\"font-family: Arial, sans-serif;\"><span style=\"font-size: small;\"><b>CASINA DI RAFFAELLO<\/b><\/span><\/span><\/span><\/p>\n<p align=\"CENTER\"><span style=\"color: #000000;\"><span style=\"font-family: Arial, sans-serif;\"><span style=\"font-size: small;\">Via della Casina di Raffaello (Piazza di Siena \u2013 Villa Borghese)<\/span><\/span><\/span><span style=\"color: #000000;\">\u00a0<\/span><\/p>\n<p align=\"CENTER\">\n<p align=\"CENTER\"><span style=\"color: #000000;\"><span style=\"font-family: Arial, sans-serif;\"><span style=\"font-size: small;\"><u><b>Orario di apertura<\/b><\/u><\/span><\/span><\/span><\/p>\n<p align=\"CENTER\"><span style=\"color: #000000;\"><span style=\"font-family: Arial, sans-serif;\"><span style=\"font-size: small;\">Marted\u00ec e gioved\u00ec:\u00a0<i>dalle ore 15 alle 18.30<\/i><\/span><\/span><\/span><\/p>\n<p align=\"CENTER\"><span style=\"color: #000000;\"><span style=\"font-family: Arial, sans-serif;\"><span style=\"font-size: small;\">Mercoled\u00ec e venerd\u00ec:\u00a0<i>dalle ore 9.15 alle 16.45<\/i><br \/>\nSabato e domenica:\u00a0<i>dalle ore 9.45 alle 18.00<\/i><\/span><\/span><\/span><\/p>\n<p align=\"CENTER\"><span style=\"color: #000000;\"><span style=\"font-family: Arial, sans-serif;\"><span style=\"font-size: small;\">Luned\u00ec: chiusura settimanale<\/span><\/span><\/span><\/p>\n<p align=\"CENTER\"><span style=\"color: #000000;\">\u00a0<\/span><\/p>\n<p align=\"CENTER\"><span style=\"color: #000000;\"><span style=\"font-family: Times New Roman, serif;\"><span style=\"font-size: medium;\"><span style=\"font-family: Arial, sans-serif;\"><span style=\"font-size: small;\"><b>Costi:\u00a0<\/b><\/span><\/span><span style=\"font-family: Arial, sans-serif;\"><span style=\"font-size: small;\">7\u20ac intero \/ 5\u20ac ridotto<\/span><\/span><\/span><\/span><\/span><\/p>\n<p align=\"CENTER\"><span style=\"color: #000000;\"><span style=\"font-family: Arial, sans-serif;\"><span style=\"font-size: small;\">La prenotazione e il pagamento online sono obbligatori chiamando il call center 060608.<\/span><\/span><\/span><\/p>\n<p align=\"CENTER\"><span style=\"color: #000000;\">\u00a0<\/span><\/p>\n<p align=\"CENTER\"><a href=\"http:\/\/www.casinadiraffaello.it\/\" target=\"_blank\" rel=\"noopener noreferrer\"><span style=\"color: #0563c1;\"><span style=\"font-family: Arial, sans-serif;\"><span style=\"font-size: small;\"><u>www.casinadiraffaello.it<\/u><\/span><\/span><\/span><\/a><\/p>\n<p align=\"CENTER\"><span style=\"color: #000000;\"><span style=\"font-family: Arial, sans-serif;\"><span style=\"font-size: small;\">Facebook: @Casina di Raffaello-LudotecaaVillaBorghese<\/span><\/span><\/span><\/p>\n<p align=\"CENTER\"><span style=\"color: #000000;\"><span style=\"font-family: Arial, sans-serif;\"><span style=\"font-size: small;\">Instagram: @casinadiraffaello<\/span><\/span><\/span><\/p>\n<p align=\"CENTER\"><span style=\"color: #000000;\">\u00a0<\/span><\/p>\n<p align=\"CENTER\"><span style=\"color: #000000;\"><span style=\"font-family: Arial, sans-serif;\"><span style=\"font-size: small;\">Info per le scuole:\u00a0<\/span><\/span><\/span><a href=\"mailto:casinadiraffaello.scuole@gmail.com\" target=\"_blank\" rel=\"noopener noreferrer\"><span style=\"color: #0563c1;\"><span style=\"font-family: Arial, sans-serif;\"><span style=\"font-size: small;\"><u>casinadiraffaello.scuole@gmail.com<\/u><\/span><\/span><\/span><\/a><\/p>\n<p align=\"JUSTIFY\">\n<p align=\"CENTER\"><b><a href=\"https:\/\/www.romaoggi.eu\/index.php\/2021\/08\/01\/festival-giallo-trasimeno-presentato-il-secondo-libro-di-anna-silvia-angelini\/\">RomaOggi.eu \u2192 Leggi il prossimo articolo<\/a> <\/b><\/p>\n<p align=\"CENTER\">La Redazione<\/p>\n<p align=\"CENTER\">RomaOggi.eu \u201cInteresting news for interesting people\u201d<\/p>\n","protected":false},"excerpt":{"rendered":"<div class=\"mh-excerpt\"><p>Casina di Raffaello, le nuove attivit\u00e0 per bambini dal 5 al 30 ottobre 2021 Da marted\u00ec a sabato, tante nuove attivit\u00e0 ludico-educative per giocare e imparare divertendosi. Prenotazione obbligatoria allo 060608 \u00a0 Roma, 01 ottobre <a class=\"mh-excerpt-more\" href=\"https:\/\/www.romaoggi.eu\/index.php\/2021\/10\/02\/casina-di-raffaello\/\" title=\"Casina di Raffaello, le nuove attivit\u00e0 per bambini  dal 5 al 30 ottobre 2021\">[&#8230;]<\/a><\/p>\n<\/div>","protected":false},"author":5,"featured_media":29486,"comment_status":"closed","ping_status":"open","sticky":false,"template":"","format":"standard","meta":{"_sitemap_exclude":false,"_sitemap_priority":"","_sitemap_frequency":"","footnotes":""},"categories":[1],"tags":[15551,817],"class_list":["post-29485","post","type-post","status-publish","format-standard","has-post-thumbnail","hentry","category-senza-categoria","tag-casina-di-raffaello","tag-romaoggi"],"yoast_head":"<!-- This site is optimized with the Yoast SEO plugin v27.5 - https:\/\/yoast.com\/product\/yoast-seo-wordpress\/ -->\n<title>Casina di Raffaello, le nuove attivit\u00e0 per bambini dal 5 al 30 ottobre 2021<\/title>\n<meta name=\"description\" content=\"Casina di Raffaello, le nuove attivit\u00e0 per bambini dal 5 al 30 ottobre 2021 Da marted\u00ec a sabato, tante nuove attivit\u00e0 ludico-educative per giocare e Casina di Raffaello, lo spazio arte e creativit\u00e0 dell\u2019Assessorato alla Persona, Scuola e Comunit\u00e0 Solidale di Roma Capitale, gestito in collaborazione con\u00a0Zetema Progetto Cultura,\u00a0da marted\u00ec 5 a sabato 30 ottobre\u00a0propone nuovi laboratori dedicati ai bambini che potranno giocare e imparare divertendosi.\" \/>\n<meta name=\"robots\" content=\"index, follow, max-snippet:-1, max-image-preview:large, max-video-preview:-1\" \/>\n<link rel=\"canonical\" href=\"https:\/\/www.romaoggi.eu\/index.php\/2021\/10\/02\/casina-di-raffaello\/\" \/>\n<meta property=\"og:locale\" content=\"it_IT\" \/>\n<meta property=\"og:type\" content=\"article\" \/>\n<meta property=\"og:title\" content=\"Casina di Raffaello, le nuove attivit\u00e0 per bambini dal 5 al 30 ottobre 2021\" \/>\n<meta property=\"og:description\" content=\"Casina di Raffaello, le nuove attivit\u00e0 per bambini dal 5 al 30 ottobre 2021 Da marted\u00ec a sabato, tante nuove attivit\u00e0 ludico-educative per giocare e Casina di Raffaello, lo spazio arte e creativit\u00e0 dell\u2019Assessorato alla Persona, Scuola e Comunit\u00e0 Solidale di Roma Capitale, gestito in collaborazione con\u00a0Zetema Progetto Cultura,\u00a0da marted\u00ec 5 a sabato 30 ottobre\u00a0propone nuovi laboratori dedicati ai bambini che potranno giocare e imparare divertendosi.\" \/>\n<meta property=\"og:url\" content=\"https:\/\/www.romaoggi.eu\/index.php\/2021\/10\/02\/casina-di-raffaello\/\" \/>\n<meta property=\"og:site_name\" content=\"roma oggi\" \/>\n<meta property=\"article:publisher\" content=\"https:\/\/www.facebook.com\/RomaOggi-841544845954114\" \/>\n<meta property=\"article:published_time\" content=\"2021-10-02T08:00:41+00:00\" \/>\n<meta property=\"og:image\" content=\"https:\/\/www.romaoggi.eu\/wp-content\/uploads\/2021\/10\/Galleria.jpg\" \/>\n\t<meta property=\"og:image:width\" content=\"712\" \/>\n\t<meta property=\"og:image:height\" content=\"534\" \/>\n\t<meta property=\"og:image:type\" content=\"image\/jpeg\" \/>\n<meta name=\"author\" content=\"Flavio\" \/>\n<meta name=\"twitter:card\" content=\"summary_large_image\" \/>\n<meta name=\"twitter:creator\" content=\"@romaoggi_eu\" \/>\n<meta name=\"twitter:site\" content=\"@romaoggi_eu\" \/>\n<meta name=\"twitter:label1\" content=\"Scritto da\" \/>\n\t<meta name=\"twitter:data1\" content=\"Flavio\" \/>\n\t<meta name=\"twitter:label2\" content=\"Tempo di lettura stimato\" \/>\n\t<meta name=\"twitter:data2\" content=\"6 minuti\" \/>\n<script type=\"application\/ld+json\" class=\"yoast-schema-graph\">{\"@context\":\"https:\\\/\\\/schema.org\",\"@graph\":[{\"@type\":\"Article\",\"@id\":\"https:\\\/\\\/www.romaoggi.eu\\\/index.php\\\/2021\\\/10\\\/02\\\/casina-di-raffaello\\\/#article\",\"isPartOf\":{\"@id\":\"https:\\\/\\\/www.romaoggi.eu\\\/index.php\\\/2021\\\/10\\\/02\\\/casina-di-raffaello\\\/\"},\"author\":{\"name\":\"Flavio\",\"@id\":\"https:\\\/\\\/www.romaoggi.eu\\\/#\\\/schema\\\/person\\\/cc12bfd93370392d7e41d243e47e6681\"},\"headline\":\"Casina di Raffaello, le nuove attivit\u00e0 per bambini dal 5 al 30 ottobre 2021\",\"datePublished\":\"2021-10-02T08:00:41+00:00\",\"mainEntityOfPage\":{\"@id\":\"https:\\\/\\\/www.romaoggi.eu\\\/index.php\\\/2021\\\/10\\\/02\\\/casina-di-raffaello\\\/\"},\"wordCount\":1162,\"publisher\":{\"@id\":\"https:\\\/\\\/www.romaoggi.eu\\\/#organization\"},\"image\":{\"@id\":\"https:\\\/\\\/www.romaoggi.eu\\\/index.php\\\/2021\\\/10\\\/02\\\/casina-di-raffaello\\\/#primaryimage\"},\"thumbnailUrl\":\"https:\\\/\\\/www.romaoggi.eu\\\/wp-content\\\/uploads\\\/2021\\\/10\\\/Galleria.jpg\",\"keywords\":[\"Casina di Raffaello\",\"romaoggi\"],\"inLanguage\":\"it-IT\"},{\"@type\":\"WebPage\",\"@id\":\"https:\\\/\\\/www.romaoggi.eu\\\/index.php\\\/2021\\\/10\\\/02\\\/casina-di-raffaello\\\/\",\"url\":\"https:\\\/\\\/www.romaoggi.eu\\\/index.php\\\/2021\\\/10\\\/02\\\/casina-di-raffaello\\\/\",\"name\":\"Casina di Raffaello, le nuove attivit\u00e0 per bambini dal 5 al 30 ottobre 2021\",\"isPartOf\":{\"@id\":\"https:\\\/\\\/www.romaoggi.eu\\\/#website\"},\"primaryImageOfPage\":{\"@id\":\"https:\\\/\\\/www.romaoggi.eu\\\/index.php\\\/2021\\\/10\\\/02\\\/casina-di-raffaello\\\/#primaryimage\"},\"image\":{\"@id\":\"https:\\\/\\\/www.romaoggi.eu\\\/index.php\\\/2021\\\/10\\\/02\\\/casina-di-raffaello\\\/#primaryimage\"},\"thumbnailUrl\":\"https:\\\/\\\/www.romaoggi.eu\\\/wp-content\\\/uploads\\\/2021\\\/10\\\/Galleria.jpg\",\"datePublished\":\"2021-10-02T08:00:41+00:00\",\"description\":\"Casina di Raffaello, le nuove attivit\u00e0 per bambini dal 5 al 30 ottobre 2021 Da marted\u00ec a sabato, tante nuove attivit\u00e0 ludico-educative per giocare e Casina di Raffaello, lo spazio arte e creativit\u00e0 dell\u2019Assessorato alla Persona, Scuola e Comunit\u00e0 Solidale di Roma Capitale, gestito in collaborazione con\u00a0Zetema Progetto Cultura,\u00a0da marted\u00ec 5 a sabato 30 ottobre\u00a0propone nuovi laboratori dedicati ai bambini che potranno giocare e imparare divertendosi.\",\"breadcrumb\":{\"@id\":\"https:\\\/\\\/www.romaoggi.eu\\\/index.php\\\/2021\\\/10\\\/02\\\/casina-di-raffaello\\\/#breadcrumb\"},\"inLanguage\":\"it-IT\",\"potentialAction\":[{\"@type\":\"ReadAction\",\"target\":[\"https:\\\/\\\/www.romaoggi.eu\\\/index.php\\\/2021\\\/10\\\/02\\\/casina-di-raffaello\\\/\"]}]},{\"@type\":\"ImageObject\",\"inLanguage\":\"it-IT\",\"@id\":\"https:\\\/\\\/www.romaoggi.eu\\\/index.php\\\/2021\\\/10\\\/02\\\/casina-di-raffaello\\\/#primaryimage\",\"url\":\"https:\\\/\\\/www.romaoggi.eu\\\/wp-content\\\/uploads\\\/2021\\\/10\\\/Galleria.jpg\",\"contentUrl\":\"https:\\\/\\\/www.romaoggi.eu\\\/wp-content\\\/uploads\\\/2021\\\/10\\\/Galleria.jpg\",\"width\":712,\"height\":534,\"caption\":\"Alt text Casina di Raffaello\"},{\"@type\":\"BreadcrumbList\",\"@id\":\"https:\\\/\\\/www.romaoggi.eu\\\/index.php\\\/2021\\\/10\\\/02\\\/casina-di-raffaello\\\/#breadcrumb\",\"itemListElement\":[{\"@type\":\"ListItem\",\"position\":1,\"name\":\"Home\",\"item\":\"https:\\\/\\\/www.romaoggi.eu\\\/\"},{\"@type\":\"ListItem\",\"position\":2,\"name\":\"Casina di Raffaello, le nuove attivit\u00e0 per bambini dal 5 al 30 ottobre 2021\"}]},{\"@type\":\"WebSite\",\"@id\":\"https:\\\/\\\/www.romaoggi.eu\\\/#website\",\"url\":\"https:\\\/\\\/www.romaoggi.eu\\\/\",\"name\":\"roma oggi\",\"description\":\"Interesting News for Interesting people\",\"publisher\":{\"@id\":\"https:\\\/\\\/www.romaoggi.eu\\\/#organization\"},\"potentialAction\":[{\"@type\":\"SearchAction\",\"target\":{\"@type\":\"EntryPoint\",\"urlTemplate\":\"https:\\\/\\\/www.romaoggi.eu\\\/?s={search_term_string}\"},\"query-input\":{\"@type\":\"PropertyValueSpecification\",\"valueRequired\":true,\"valueName\":\"search_term_string\"}}],\"inLanguage\":\"it-IT\"},{\"@type\":\"Organization\",\"@id\":\"https:\\\/\\\/www.romaoggi.eu\\\/#organization\",\"name\":\"RomaOggi\",\"url\":\"https:\\\/\\\/www.romaoggi.eu\\\/\",\"logo\":{\"@type\":\"ImageObject\",\"inLanguage\":\"it-IT\",\"@id\":\"https:\\\/\\\/www.romaoggi.eu\\\/#\\\/schema\\\/logo\\\/image\\\/\",\"url\":\"https:\\\/\\\/www.romaoggi.eu\\\/wp-content\\\/uploads\\\/2017\\\/04\\\/logowp.jpg\",\"contentUrl\":\"https:\\\/\\\/www.romaoggi.eu\\\/wp-content\\\/uploads\\\/2017\\\/04\\\/logowp.jpg\",\"width\":300,\"height\":133,\"caption\":\"RomaOggi\"},\"image\":{\"@id\":\"https:\\\/\\\/www.romaoggi.eu\\\/#\\\/schema\\\/logo\\\/image\\\/\"},\"sameAs\":[\"https:\\\/\\\/www.facebook.com\\\/RomaOggi-841544845954114\",\"https:\\\/\\\/x.com\\\/romaoggi_eu\"]},{\"@type\":\"Person\",\"@id\":\"https:\\\/\\\/www.romaoggi.eu\\\/#\\\/schema\\\/person\\\/cc12bfd93370392d7e41d243e47e6681\",\"name\":\"Flavio\",\"image\":{\"@type\":\"ImageObject\",\"inLanguage\":\"it-IT\",\"@id\":\"https:\\\/\\\/secure.gravatar.com\\\/avatar\\\/7e044ce830ea97853e01500437b37dff4a622b20a194e4d0efe9b67e918f19e5?s=96&d=mm&r=g\",\"url\":\"https:\\\/\\\/secure.gravatar.com\\\/avatar\\\/7e044ce830ea97853e01500437b37dff4a622b20a194e4d0efe9b67e918f19e5?s=96&d=mm&r=g\",\"contentUrl\":\"https:\\\/\\\/secure.gravatar.com\\\/avatar\\\/7e044ce830ea97853e01500437b37dff4a622b20a194e4d0efe9b67e918f19e5?s=96&d=mm&r=g\",\"caption\":\"Flavio\"},\"url\":\"https:\\\/\\\/www.romaoggi.eu\\\/index.php\\\/author\\\/cristiano\\\/\"}]}<\/script>\n<!-- \/ Yoast SEO plugin. -->","yoast_head_json":{"title":"Casina di Raffaello, le nuove attivit\u00e0 per bambini dal 5 al 30 ottobre 2021","description":"Casina di Raffaello, le nuove attivit\u00e0 per bambini dal 5 al 30 ottobre 2021 Da marted\u00ec a sabato, tante nuove attivit\u00e0 ludico-educative per giocare e Casina di Raffaello, lo spazio arte e creativit\u00e0 dell\u2019Assessorato alla Persona, Scuola e Comunit\u00e0 Solidale di Roma Capitale, gestito in collaborazione con\u00a0Zetema Progetto Cultura,\u00a0da marted\u00ec 5 a sabato 30 ottobre\u00a0propone nuovi laboratori dedicati ai bambini che potranno giocare e imparare divertendosi.","robots":{"index":"index","follow":"follow","max-snippet":"max-snippet:-1","max-image-preview":"max-image-preview:large","max-video-preview":"max-video-preview:-1"},"canonical":"https:\/\/www.romaoggi.eu\/index.php\/2021\/10\/02\/casina-di-raffaello\/","og_locale":"it_IT","og_type":"article","og_title":"Casina di Raffaello, le nuove attivit\u00e0 per bambini dal 5 al 30 ottobre 2021","og_description":"Casina di Raffaello, le nuove attivit\u00e0 per bambini dal 5 al 30 ottobre 2021 Da marted\u00ec a sabato, tante nuove attivit\u00e0 ludico-educative per giocare e Casina di Raffaello, lo spazio arte e creativit\u00e0 dell\u2019Assessorato alla Persona, Scuola e Comunit\u00e0 Solidale di Roma Capitale, gestito in collaborazione con\u00a0Zetema Progetto Cultura,\u00a0da marted\u00ec 5 a sabato 30 ottobre\u00a0propone nuovi laboratori dedicati ai bambini che potranno giocare e imparare divertendosi.","og_url":"https:\/\/www.romaoggi.eu\/index.php\/2021\/10\/02\/casina-di-raffaello\/","og_site_name":"roma oggi","article_publisher":"https:\/\/www.facebook.com\/RomaOggi-841544845954114","article_published_time":"2021-10-02T08:00:41+00:00","og_image":[{"width":712,"height":534,"url":"https:\/\/www.romaoggi.eu\/wp-content\/uploads\/2021\/10\/Galleria.jpg","type":"image\/jpeg"}],"author":"Flavio","twitter_card":"summary_large_image","twitter_creator":"@romaoggi_eu","twitter_site":"@romaoggi_eu","twitter_misc":{"Scritto da":"Flavio","Tempo di lettura stimato":"6 minuti"},"schema":{"@context":"https:\/\/schema.org","@graph":[{"@type":"Article","@id":"https:\/\/www.romaoggi.eu\/index.php\/2021\/10\/02\/casina-di-raffaello\/#article","isPartOf":{"@id":"https:\/\/www.romaoggi.eu\/index.php\/2021\/10\/02\/casina-di-raffaello\/"},"author":{"name":"Flavio","@id":"https:\/\/www.romaoggi.eu\/#\/schema\/person\/cc12bfd93370392d7e41d243e47e6681"},"headline":"Casina di Raffaello, le nuove attivit\u00e0 per bambini dal 5 al 30 ottobre 2021","datePublished":"2021-10-02T08:00:41+00:00","mainEntityOfPage":{"@id":"https:\/\/www.romaoggi.eu\/index.php\/2021\/10\/02\/casina-di-raffaello\/"},"wordCount":1162,"publisher":{"@id":"https:\/\/www.romaoggi.eu\/#organization"},"image":{"@id":"https:\/\/www.romaoggi.eu\/index.php\/2021\/10\/02\/casina-di-raffaello\/#primaryimage"},"thumbnailUrl":"https:\/\/www.romaoggi.eu\/wp-content\/uploads\/2021\/10\/Galleria.jpg","keywords":["Casina di Raffaello","romaoggi"],"inLanguage":"it-IT"},{"@type":"WebPage","@id":"https:\/\/www.romaoggi.eu\/index.php\/2021\/10\/02\/casina-di-raffaello\/","url":"https:\/\/www.romaoggi.eu\/index.php\/2021\/10\/02\/casina-di-raffaello\/","name":"Casina di Raffaello, le nuove attivit\u00e0 per bambini dal 5 al 30 ottobre 2021","isPartOf":{"@id":"https:\/\/www.romaoggi.eu\/#website"},"primaryImageOfPage":{"@id":"https:\/\/www.romaoggi.eu\/index.php\/2021\/10\/02\/casina-di-raffaello\/#primaryimage"},"image":{"@id":"https:\/\/www.romaoggi.eu\/index.php\/2021\/10\/02\/casina-di-raffaello\/#primaryimage"},"thumbnailUrl":"https:\/\/www.romaoggi.eu\/wp-content\/uploads\/2021\/10\/Galleria.jpg","datePublished":"2021-10-02T08:00:41+00:00","description":"Casina di Raffaello, le nuove attivit\u00e0 per bambini dal 5 al 30 ottobre 2021 Da marted\u00ec a sabato, tante nuove attivit\u00e0 ludico-educative per giocare e Casina di Raffaello, lo spazio arte e creativit\u00e0 dell\u2019Assessorato alla Persona, Scuola e Comunit\u00e0 Solidale di Roma Capitale, gestito in collaborazione con\u00a0Zetema Progetto Cultura,\u00a0da marted\u00ec 5 a sabato 30 ottobre\u00a0propone nuovi laboratori dedicati ai bambini che potranno giocare e imparare divertendosi.","breadcrumb":{"@id":"https:\/\/www.romaoggi.eu\/index.php\/2021\/10\/02\/casina-di-raffaello\/#breadcrumb"},"inLanguage":"it-IT","potentialAction":[{"@type":"ReadAction","target":["https:\/\/www.romaoggi.eu\/index.php\/2021\/10\/02\/casina-di-raffaello\/"]}]},{"@type":"ImageObject","inLanguage":"it-IT","@id":"https:\/\/www.romaoggi.eu\/index.php\/2021\/10\/02\/casina-di-raffaello\/#primaryimage","url":"https:\/\/www.romaoggi.eu\/wp-content\/uploads\/2021\/10\/Galleria.jpg","contentUrl":"https:\/\/www.romaoggi.eu\/wp-content\/uploads\/2021\/10\/Galleria.jpg","width":712,"height":534,"caption":"Alt text Casina di Raffaello"},{"@type":"BreadcrumbList","@id":"https:\/\/www.romaoggi.eu\/index.php\/2021\/10\/02\/casina-di-raffaello\/#breadcrumb","itemListElement":[{"@type":"ListItem","position":1,"name":"Home","item":"https:\/\/www.romaoggi.eu\/"},{"@type":"ListItem","position":2,"name":"Casina di Raffaello, le nuove attivit\u00e0 per bambini dal 5 al 30 ottobre 2021"}]},{"@type":"WebSite","@id":"https:\/\/www.romaoggi.eu\/#website","url":"https:\/\/www.romaoggi.eu\/","name":"roma oggi","description":"Interesting News for Interesting people","publisher":{"@id":"https:\/\/www.romaoggi.eu\/#organization"},"potentialAction":[{"@type":"SearchAction","target":{"@type":"EntryPoint","urlTemplate":"https:\/\/www.romaoggi.eu\/?s={search_term_string}"},"query-input":{"@type":"PropertyValueSpecification","valueRequired":true,"valueName":"search_term_string"}}],"inLanguage":"it-IT"},{"@type":"Organization","@id":"https:\/\/www.romaoggi.eu\/#organization","name":"RomaOggi","url":"https:\/\/www.romaoggi.eu\/","logo":{"@type":"ImageObject","inLanguage":"it-IT","@id":"https:\/\/www.romaoggi.eu\/#\/schema\/logo\/image\/","url":"https:\/\/www.romaoggi.eu\/wp-content\/uploads\/2017\/04\/logowp.jpg","contentUrl":"https:\/\/www.romaoggi.eu\/wp-content\/uploads\/2017\/04\/logowp.jpg","width":300,"height":133,"caption":"RomaOggi"},"image":{"@id":"https:\/\/www.romaoggi.eu\/#\/schema\/logo\/image\/"},"sameAs":["https:\/\/www.facebook.com\/RomaOggi-841544845954114","https:\/\/x.com\/romaoggi_eu"]},{"@type":"Person","@id":"https:\/\/www.romaoggi.eu\/#\/schema\/person\/cc12bfd93370392d7e41d243e47e6681","name":"Flavio","image":{"@type":"ImageObject","inLanguage":"it-IT","@id":"https:\/\/secure.gravatar.com\/avatar\/7e044ce830ea97853e01500437b37dff4a622b20a194e4d0efe9b67e918f19e5?s=96&d=mm&r=g","url":"https:\/\/secure.gravatar.com\/avatar\/7e044ce830ea97853e01500437b37dff4a622b20a194e4d0efe9b67e918f19e5?s=96&d=mm&r=g","contentUrl":"https:\/\/secure.gravatar.com\/avatar\/7e044ce830ea97853e01500437b37dff4a622b20a194e4d0efe9b67e918f19e5?s=96&d=mm&r=g","caption":"Flavio"},"url":"https:\/\/www.romaoggi.eu\/index.php\/author\/cristiano\/"}]}},"_links":{"self":[{"href":"https:\/\/www.romaoggi.eu\/index.php\/wp-json\/wp\/v2\/posts\/29485","targetHints":{"allow":["GET"]}}],"collection":[{"href":"https:\/\/www.romaoggi.eu\/index.php\/wp-json\/wp\/v2\/posts"}],"about":[{"href":"https:\/\/www.romaoggi.eu\/index.php\/wp-json\/wp\/v2\/types\/post"}],"author":[{"embeddable":true,"href":"https:\/\/www.romaoggi.eu\/index.php\/wp-json\/wp\/v2\/users\/5"}],"replies":[{"embeddable":true,"href":"https:\/\/www.romaoggi.eu\/index.php\/wp-json\/wp\/v2\/comments?post=29485"}],"version-history":[{"count":1,"href":"https:\/\/www.romaoggi.eu\/index.php\/wp-json\/wp\/v2\/posts\/29485\/revisions"}],"predecessor-version":[{"id":29489,"href":"https:\/\/www.romaoggi.eu\/index.php\/wp-json\/wp\/v2\/posts\/29485\/revisions\/29489"}],"wp:featuredmedia":[{"embeddable":true,"href":"https:\/\/www.romaoggi.eu\/index.php\/wp-json\/wp\/v2\/media\/29486"}],"wp:attachment":[{"href":"https:\/\/www.romaoggi.eu\/index.php\/wp-json\/wp\/v2\/media?parent=29485"}],"wp:term":[{"taxonomy":"category","embeddable":true,"href":"https:\/\/www.romaoggi.eu\/index.php\/wp-json\/wp\/v2\/categories?post=29485"},{"taxonomy":"post_tag","embeddable":true,"href":"https:\/\/www.romaoggi.eu\/index.php\/wp-json\/wp\/v2\/tags?post=29485"}],"curies":[{"name":"wp","href":"https:\/\/api.w.org\/{rel}","templated":true}]}}