{"id":29535,"date":"2021-10-05T23:00:40","date_gmt":"2021-10-05T21:00:40","guid":{"rendered":"http:\/\/www.romaoggi.eu\/?p=29535"},"modified":"2021-10-05T23:00:40","modified_gmt":"2021-10-05T21:00:40","slug":"la-mostra-vi-racconto-cuba-e-lesordio-di-irene-vallerotonda","status":"publish","type":"post","link":"https:\/\/www.romaoggi.eu\/index.php\/2021\/10\/05\/la-mostra-vi-racconto-cuba-e-lesordio-di-irene-vallerotonda\/","title":{"rendered":"La mostra &#8220;Vi racconto Cuba&#8221; \u00e8 l&#8217;esordio di Irene Vallerotonda"},"content":{"rendered":"<p align=\"CENTER\"><span style=\"font-family: Stencil Std;\"><span style=\"font-size: x-large;\"><span style=\"color: #ff0000;\"><span style=\"font-size: xx-large;\">TARGET LAB<\/span><\/span> <span style=\"font-size: medium;\">ETS<\/span><\/span><\/span><\/p>\n<p align=\"CENTER\"><span style=\"color: #ff0000;\"><span style=\"font-family: Stencil Std;\"><span style=\"font-size: x-large;\"><span style=\"color: #000000;\"><span style=\"font-size: medium;\">Laboratorio Sperimentale di Fotografia e comunicazione<\/span><\/span> <\/span><\/span><\/span><\/p>\n<p align=\"CENTER\"><span style=\"font-family: Stencil Std;\"><span style=\"font-size: x-large;\"><span style=\"color: #ff0000;\"><span style=\"font-size: small;\">info<\/span><\/span><span style=\"font-size: medium;\"> 371 441 3442<\/span><\/span><\/span><\/p>\n<p align=\"CENTER\"><span style=\"font-family: Stencil Std;\"><span style=\"font-size: medium;\">in collaborazione con <\/span><\/span><\/p>\n<p align=\"CENTER\"><span style=\"font-family: Stencil Std;\"><span style=\"font-size: x-large;\"><span style=\"color: #ff0000;\"><span style=\"font-size: medium;\">A<\/span><\/span><span style=\"color: #ff0000;\"><span style=\"font-size: medium;\">ss. Naz.le di Amicizia<\/span><\/span> <span style=\"color: #000000;\">Italia-Cuba<\/span> <span style=\"color: #ff0000;\"><span style=\"font-size: medium;\">e<\/span><\/span> <span style=\"color: #000000;\">la maggiolina<\/span><\/span><\/span><\/p>\n<p align=\"CENTER\"><span style=\"font-family: Stencil Std;\"><span style=\"font-size: medium;\">PRESENTA<\/span><\/span><\/p>\n<p align=\"CENTER\"><span style=\"font-family: Stencil Std;\"><span style=\"font-size: x-large;\"><span style=\"font-size: large;\">la mostra fotografica<\/span> <\/span><\/span><\/p>\n<p align=\"CENTER\">\u201c <span style=\"font-family: Cooper Std Black;\"><span style=\"font-size: xx-large;\"><span style=\"color: #ff0000;\">VI RACCONTO CUBA\u201d<\/span><\/span><\/span><\/p>\n<p align=\"CENTER\"><span style=\"color: #000000;\"><span style=\"font-family: Cooper Std Black;\"><span style=\"font-size: x-large;\">di <span style=\"font-family: Stencil Std;\">Irene Vallerotonda<\/span><\/span><\/span><\/span><\/p>\n<p align=\"JUSTIFY\"><span style=\"color: #000000;\"><span style=\"font-family: Times New Roman, serif;\"><span style=\"font-size: medium;\">-Cuba \u00e8 diversa da tutte le altre destinazioni della terra. Che sia un posto da sogno o una meta da incubo dipende da molti fattori. Un consiglio? Tenere la mente aperta e lasciarsi \u201cCubare\u201d \u2026 &#8211;<\/span><\/span><\/span><\/p>\n<p align=\"JUSTIFY\"><span style=\"color: #000000;\"><span style=\"font-family: Times New Roman, serif;\"><span style=\"font-size: medium;\">&#8211; In un mondo dove tutto sembra andare alla rovescia esiste un&#8217;isola che sorprende per la gioia, i colori e l&#8217;armonia del suo popolo. Non \u00e8 ricca di petrolio, oro e industrie, ma \u00e8 ricchissima di felicit\u00e0, divertimento e socialit\u00e0. Cuba, un mondo diverso dal nostro dove l&#8217;aspetto essenziale \u00e8 ridere, ballare e vivere alla giornata come se fosse l&#8217;ultima della propria vita&#8230;- <\/span><\/span><\/span><\/p>\n<p align=\"CENTER\"><span style=\"color: #000000;\"><span style=\"font-family: Cooper Std Black;\"><span style=\"font-size: medium;\">introduce e modera <\/span><\/span><\/span><\/p>\n<p align=\"CENTER\"><span style=\"color: #000000;\"><span style=\"font-family: Cooper Std Black;\"><span style=\"font-size: medium;\">il giornalista, autore televisivo <\/span><\/span><\/span><\/p>\n<p align=\"CENTER\"><span style=\"color: #ff0000;\"><span style=\"font-family: Stencil Std;\"><span style=\"font-size: x-large;\">Francesco neri<\/span><\/span><\/span><\/p>\n<p align=\"CENTER\"><span style=\"color: #000000;\"><span style=\"font-family: Cooper Std Black;\"><span style=\"font-size: x-large;\"><b>Merc 6 ottobre <span style=\"font-size: large;\">ore<\/span> 18,00<\/b><\/span><\/span><\/span><\/p>\n<p align=\"CENTER\"><span style=\"color: #000000;\"><span style=\"font-family: Stencil Std;\"><span style=\"font-size: medium;\"><b>presso<\/b><\/span><\/span><\/span><\/p>\n<p align=\"CENTER\"><span style=\"font-family: Stencil Std;\"><span style=\"font-size: xx-large;\">La Maggiolina <\/span><\/span><\/p>\n<p align=\"CENTER\"><span style=\"font-family: Stencil Std;\"><span style=\"font-size: xx-large;\"><span style=\"font-family: Times New Roman, serif;\"><span style=\"font-size: x-large;\"><b>via R. Bencivenga 1 &#8211; <\/b><\/span><\/span><span style=\"color: #000000;\"><span style=\"font-family: Times New Roman, serif;\"><span style=\"font-size: x-large;\"><b>Roma<\/b><\/span><\/span><\/span><\/span><\/span><\/p>\n<p align=\"CENTER\"><span style=\"color: #000000;\"> <span style=\"font-family: Stencil Std;\"><span style=\"font-size: large;\"><span style=\"font-family: Cooper Std Black;\">Intervengono<\/span><\/span><\/span><\/span><\/p>\n<p align=\"LEFT\"><span style=\"color: #000000;\"><span style=\"font-family: Stencil Std;\"><span style=\"font-size: medium;\"><span style=\"font-family: Cooper Std Black;\">Lisset Arg\u00fcelles, <\/span><span style=\"color: #ff0000;\"><span style=\"font-family: Cooper Std Black;\"> Consigliere culturale ambasciata di cuba<\/span><\/span><\/span><\/span><\/span><\/p>\n<p align=\"LEFT\"><span style=\"color: #000000;\"><span style=\"font-family: Stencil Std;\"><span style=\"font-size: large;\"><span style=\"font-family: Cooper Std Black;\"><span style=\"font-size: medium;\">Marco Papacci,<\/span><\/span><span style=\"color: #ff0000;\"><span style=\"font-family: Cooper Std Black;\"><span style=\"font-size: medium;\"> Presidente Ass. Naz.le di amicizia Italia-Cuba<\/span><\/span><\/span><\/span><\/span><\/span><\/p>\n<p align=\"LEFT\"><span style=\"color: #ff0000;\"><span style=\"font-family: Stencil Std;\"><span style=\"font-size: xx-large;\"><span style=\"color: #000000;\"><span style=\"font-family: Cooper Std Black;\"><span style=\"font-size: medium;\">Maurizio Paradisi, <\/span><\/span><\/span><span style=\"font-family: Cooper Std Black;\"><span style=\"font-size: medium;\">membro d&#8217;onore della Feder.ne Cubana Arti Marziali<\/span><\/span><\/span><\/span><\/span><\/p>\n<p align=\"LEFT\"><span style=\"color: #ff0000;\"><span style=\"font-family: Stencil Std;\"><span style=\"font-size: xx-large;\"> <span style=\"color: #000000;\"><span style=\"font-family: Cooper Std Black;\"><span style=\"font-size: large;\"><b>dirette streaming con altri ospiti <\/b><\/span><\/span><\/span><\/span><\/span><\/span><\/p>\n<p align=\"LEFT\"><span style=\"color: #000000;\"><span style=\"font-family: Cooper Std Black;\"><span style=\"font-size: large;\"><b>Intervento musicale al Violino del Maestro Patrizia Pangrazi<\/b><\/span><\/span><\/span><\/p>\n<p align=\"CENTER\"><span style=\"color: #ff0000;\"><span style=\"font-family: Cooper Std Black;\"><span style=\"font-size: large;\"><span style=\"color: #263238;\">Seguir\u00e0 Dj set con <\/span><span style=\"font-size: x-large;\">JCG DJ<\/span><\/span><\/span><\/span><\/p>\n<p align=\"JUSTIFY\"><span style=\"color: #000000;\"><span style=\"font-family: Times New Roman, serif;\"><span style=\"font-size: large;\">La mostra fotografica di <b>Irene Vallerotonda<\/b>, associata di Target Lab , dal titolo \u201c\u00a0<b>Vi racconto Cuba\u201d,\u00a0<\/b>\u00e8 un diario di viaggio composto dall&#8217;autrice con sensibilit\u00e0, rispetto e curiosit\u00e0, che ha il pregio di presentarci uno spaccato di vita del popolo cubano ricco di colore, consuetudini ed umanit\u00e0.<\/span><\/span><\/span><\/p>\n<p align=\"JUSTIFY\"><span style=\"color: #000000;\"><span style=\"font-family: Times New Roman, serif;\"><span style=\"font-size: large;\">La mostra, ha trovato sin da subito il sostegno dell&#8217;Associazione Nazionale di amicizia\u00a0<b>Italia \u2013 Cuba,\u00a0<\/b>vuole anche essere il pretesto per un momento di dibattito e sensibilizzazione in merito l&#8217;anacronistico embargo USA che produce un grave stato di isolamento politico ed economico di Cuba; una misura arbitraria ed oppressiva condannata pi\u00f9 volte dall&#8217;Onu; in ultima data il 23 giugno scorso, con una votazione che ha visto 184 paesi favorevoli alla fine dell&#8217;embargo, 3 astensioni (Colombia, Ucraina ed Emirati Arabi Uniti) e 2 soli voti contrari : USA e Israele. Mentre l&#8217;embargo continua nonostante l&#8217;avvicendarsi delle amministrazioni USA, aumenta il clima di sofferenza della popolazione che sempre necessit\u00e0 di ricevere aiuti di ogni genere.<\/span><\/span><\/span><\/p>\n<p align=\"JUSTIFY\"><span style=\"color: #000000;\"><span style=\"font-family: Times New Roman, serif;\"><span style=\"font-size: large;\">All&#8217;evento parteciperanno e prenderanno la parola il\u00a0<b>giornalista<\/b>\u00a0e autore televisivo\u00a0<b>Francesco Neri <\/b>che sar\u00e0 anche moderatore<b>; <\/b> <b>Lisset Arg\u00fcelles<\/b>, Consigliere culturale ambasciata di Cuba, il maestro\u00a0<b>Maurizio Paradisi,<\/b>\u00a0Membro d&#8217;onore della FCAM (Federazione Cubana Arti Marziali) e assessore tecnico straniero per lo stile Wadoryu; l&#8217;Associazione nazionale di amicizia\u00a0<b>Italia- Cuba<\/b>\u00a0nella persona del Presidente\u00a0<b>Marco Papacci.<\/b><\/span><\/span><\/span><\/p>\n<p align=\"JUSTIFY\"><span style=\"color: #1d2228;\"><span style=\"font-family: Times New Roman, serif;\"><span style=\"font-size: large;\"><span style=\"color: #000000;\">Proprio nell&#8217;intento di sostenere Cuba e il suo popolo con l&#8217;invio di aiuti umanitari sar\u00e0 cura di\u00a0T<\/span><span style=\"color: #000000;\"><b>ARGET LAB Ets<\/b><\/span><span style=\"color: #000000;\">\u00a0di dare indicazioni per farlo attraverso l&#8217;associazione naz. Di amicizia Italia-Cuba.<\/span><\/span><\/span><\/span><\/p>\n<p align=\"JUSTIFY\"><span style=\"color: #000000;\"><span style=\"font-family: Times New Roman, serif;\"><span style=\"font-size: large;\">La stessa autrice delle foto, si rende ben disponibile nel devolvere il ricavato di eventuali vendite all&#8217;associazione Italia-Cuba.<\/span><\/span><\/span><\/p>\n<p align=\"LEFT\"><span style=\"color: #000000;\"><span style=\"font-family: Times New Roman, serif;\"><span style=\"font-size: large;\"> <b>Alessandro Lisci, Presidente Target Lab Ets<\/b><\/span><\/span><\/span><\/p>\n<p align=\"LEFT\"><span style=\"color: #222222;\"><span style=\"font-family: Cooper Std Black;\"><span style=\"font-size: medium;\">Iban per le donazioni c\/c postale intestato a Ass. Naz. amicizia Italia-Cuba <\/span><\/span><\/span><\/p>\n<p align=\"LEFT\"><span style=\"color: #222222;\"><span style=\"font-family: Times New Roman, serif;\"><span style=\"font-size: medium;\"><b>IBAN\u00a0 \u00a0IT59R076010160000037185592<\/b><\/span><\/span><\/span><\/p>\n<ul>\n<li>\n<p align=\"LEFT\"><span style=\"color: #222222;\"><span style=\"font-family: Cooper Std Black;\"><span style=\"font-size: medium;\">c\/c bancario 11096138 &#8211; Banca Etica, Milano intestato a Ass. Naz. Amicizia Italia-Cuba\u00a0<\/span><\/span><\/span><\/p>\n<\/li>\n<li>\n<p align=\"LEFT\"><span style=\"color: #222222;\"><span style=\"font-family: Times New Roman, serif;\"><span style=\"font-size: medium;\"><b>IBAN\u00a0 IT09A0501801600000011096138<\/b><\/span><\/span><\/span><\/p>\n<\/li>\n<\/ul>\n<p align=\"LEFT\"><span style=\"color: #222222;\">\u00a0 \u00a0 \u00a0 \u00a0 \u00a0 \u00a0 \u00a0 \u00a0 \u00a0 \u00a0 \u00a0 \u00a0 \u00a0 \u00a0 \u00a0 \u00a0 \u00a0 \u00a0 \u00a0 \u00a0 \u00a0 \u00a0 \u00a0 \u00a0 \u00a0 \u00a0 \u00a0 \u00a0<\/span><\/p>\n<p align=\"LEFT\"><span style=\"color: #222222;\"> <span style=\"font-family: Cooper Std Black;\"><span style=\"font-size: medium;\">CAUSALE<\/span><\/span><\/span><\/p>\n<p align=\"LEFT\"><span style=\"color: #222222;\"><span style=\"font-family: Times New Roman, serif;\"><span style=\"font-size: medium;\"><b>* EROGAZIONE LIBERALE SIRINGHE PER CUBA<\/b><\/span><\/span><\/span><\/p>\n<p align=\"LEFT\"><span style=\"color: #222222;\"><span style=\"font-family: Times New Roman, serif;\"><span style=\"font-size: medium;\"><b>* EROGAZIONE LIBERALE EMERGENZA BLOCCO A CUBA<\/b><\/span><\/span><\/span><\/p>\n<p align=\"CENTER\"><span style=\"font-family: Times New Roman, serif;\"><span style=\"font-size: medium;\">L&#8217;evento si svolger\u00e0 nel rispetto delle attuali normative anti-covid<\/span><\/span><\/p>\n<p>&nbsp;<\/p>\n<figure id=\"attachment_29540\" aria-describedby=\"caption-attachment-29540\" style=\"width: 1000px\" class=\"wp-caption alignnone\"><img loading=\"lazy\" decoding=\"async\" class=\"size-full wp-image-29540\" src=\"https:\/\/www.romaoggi.eu\/wp-content\/uploads\/2021\/10\/DSC8395.jpg\" alt=\"alt tag vi racconto cuba\" width=\"1000\" height=\"668\" srcset=\"https:\/\/www.romaoggi.eu\/wp-content\/uploads\/2021\/10\/DSC8395.jpg 1000w, https:\/\/www.romaoggi.eu\/wp-content\/uploads\/2021\/10\/DSC8395-300x200.jpg 300w\" sizes=\"auto, (max-width: 1000px) 100vw, 1000px\" \/><figcaption id=\"caption-attachment-29540\" class=\"wp-caption-text\"><strong>Cuba \u00a9 Irene Vallerotonda &#8211; Target Lab<\/strong><\/figcaption><\/figure>\n<figure id=\"attachment_29539\" aria-describedby=\"caption-attachment-29539\" style=\"width: 1000px\" class=\"wp-caption alignnone\"><img loading=\"lazy\" decoding=\"async\" class=\"size-full wp-image-29539\" src=\"https:\/\/www.romaoggi.eu\/wp-content\/uploads\/2021\/10\/DSC3370.jpg\" alt=\"alt tag vi racconto cuba\" width=\"1000\" height=\"668\" srcset=\"https:\/\/www.romaoggi.eu\/wp-content\/uploads\/2021\/10\/DSC3370.jpg 1000w, https:\/\/www.romaoggi.eu\/wp-content\/uploads\/2021\/10\/DSC3370-300x200.jpg 300w\" sizes=\"auto, (max-width: 1000px) 100vw, 1000px\" \/><figcaption id=\"caption-attachment-29539\" class=\"wp-caption-text\"><strong>Cuba \u00a9 Irene Vallerotonda &#8211; Target Lab<\/strong><\/figcaption><\/figure>\n<p>&nbsp;<\/p>\n<figure id=\"attachment_29538\" aria-describedby=\"caption-attachment-29538\" style=\"width: 1000px\" class=\"wp-caption alignnone\"><img loading=\"lazy\" decoding=\"async\" class=\"size-full wp-image-29538\" src=\"https:\/\/www.romaoggi.eu\/wp-content\/uploads\/2021\/10\/DSC0567.jpg\" alt=\"alt tag vi racconto cuba\" width=\"1000\" height=\"668\" srcset=\"https:\/\/www.romaoggi.eu\/wp-content\/uploads\/2021\/10\/DSC0567.jpg 1000w, https:\/\/www.romaoggi.eu\/wp-content\/uploads\/2021\/10\/DSC0567-300x200.jpg 300w\" sizes=\"auto, (max-width: 1000px) 100vw, 1000px\" \/><figcaption id=\"caption-attachment-29538\" class=\"wp-caption-text\"><strong>Cuba \u00a9 Irene Vallerotonda &#8211; Target Lab<\/strong><\/figcaption><\/figure>\n","protected":false},"excerpt":{"rendered":"<div class=\"mh-excerpt\"><p>TARGET LAB ETS Laboratorio Sperimentale di Fotografia e comunicazione info 371 441 3442 in collaborazione con Ass. Naz.le di Amicizia Italia-Cuba e la maggiolina PRESENTA la mostra fotografica \u201c VI RACCONTO CUBA\u201d di Irene Vallerotonda <a class=\"mh-excerpt-more\" href=\"https:\/\/www.romaoggi.eu\/index.php\/2021\/10\/05\/la-mostra-vi-racconto-cuba-e-lesordio-di-irene-vallerotonda\/\" title=\"La mostra &#8220;Vi racconto Cuba&#8221; \u00e8 l&#8217;esordio di Irene Vallerotonda\">[&#8230;]<\/a><\/p>\n<\/div>","protected":false},"author":10,"featured_media":29537,"comment_status":"closed","ping_status":"open","sticky":false,"template":"","format":"standard","meta":{"_sitemap_exclude":false,"_sitemap_priority":"","_sitemap_frequency":"","footnotes":""},"categories":[74],"tags":[4137,15573,15568,7592,15164,15569,15574,15572,15570,15571,14049,4481],"class_list":["post-29535","post","type-post","status-publish","format-standard","has-post-thumbnail","hentry","category-mostre","tag-alessandro-lisci","tag-ass-naz-le-di-amicizia-italia-cuba","tag-atargt-lab","tag-cuba","tag-irene-vallerotonda","tag-italia-cuba","tag-la-maggiolina","tag-lisset-arguelles","tag-marco-papacci","tag-maurizio-paradisi-fcam","tag-patrizia-pangrazi","tag-reportage"],"yoast_head":"<!-- This site is optimized with the Yoast SEO plugin v27.5 - https:\/\/yoast.com\/product\/yoast-seo-wordpress\/ -->\n<title>La mostra &quot;Vi racconto Cuba&quot; \u00e8 l&#039;esordio di Irene Vallerotonda<\/title>\n<meta name=\"description\" content=\"TARGET LAB ETS Laboratorio Sperimentale di Fotografia e comunicazione info 371 441 3442 in collaborazione con Ass. Naz.le di Amicizia Italia-Cuba e la\" \/>\n<meta name=\"robots\" content=\"index, follow, max-snippet:-1, max-image-preview:large, max-video-preview:-1\" \/>\n<link rel=\"canonical\" href=\"https:\/\/www.romaoggi.eu\/index.php\/2021\/10\/05\/la-mostra-vi-racconto-cuba-e-lesordio-di-irene-vallerotonda\/\" \/>\n<meta property=\"og:locale\" content=\"it_IT\" \/>\n<meta property=\"og:type\" content=\"article\" \/>\n<meta property=\"og:title\" content=\"La mostra &quot;Vi racconto Cuba&quot; \u00e8 l&#039;esordio di Irene Vallerotonda\" \/>\n<meta property=\"og:description\" content=\"TARGET LAB ETS Laboratorio Sperimentale di Fotografia e comunicazione info 371 441 3442 in collaborazione con Ass. Naz.le di Amicizia Italia-Cuba e la\" \/>\n<meta property=\"og:url\" content=\"https:\/\/www.romaoggi.eu\/index.php\/2021\/10\/05\/la-mostra-vi-racconto-cuba-e-lesordio-di-irene-vallerotonda\/\" \/>\n<meta property=\"og:site_name\" content=\"roma oggi\" \/>\n<meta property=\"article:publisher\" content=\"https:\/\/www.facebook.com\/RomaOggi-841544845954114\" \/>\n<meta property=\"article:author\" content=\"https:\/\/www.facebook.com\/alessandro.lisci.5\" \/>\n<meta property=\"article:published_time\" content=\"2021-10-05T21:00:40+00:00\" \/>\n<meta property=\"og:image\" content=\"https:\/\/www.romaoggi.eu\/wp-content\/uploads\/2021\/10\/Cover-mostra-marchio-scaled.jpg\" \/>\n\t<meta property=\"og:image:width\" content=\"2560\" \/>\n\t<meta property=\"og:image:height\" content=\"1920\" \/>\n\t<meta property=\"og:image:type\" content=\"image\/jpeg\" \/>\n<meta name=\"author\" content=\"Alessandro Lisci\" \/>\n<meta name=\"twitter:card\" content=\"summary_large_image\" \/>\n<meta name=\"twitter:creator\" content=\"@https:\/\/twitter.com\/alessandrolisci\" \/>\n<meta name=\"twitter:site\" content=\"@romaoggi_eu\" \/>\n<meta name=\"twitter:label1\" content=\"Scritto da\" \/>\n\t<meta name=\"twitter:data1\" content=\"Alessandro Lisci\" \/>\n\t<meta name=\"twitter:label2\" content=\"Tempo di lettura stimato\" \/>\n\t<meta name=\"twitter:data2\" content=\"4 minuti\" \/>\n<script type=\"application\/ld+json\" class=\"yoast-schema-graph\">{\"@context\":\"https:\\\/\\\/schema.org\",\"@graph\":[{\"@type\":\"Article\",\"@id\":\"https:\\\/\\\/www.romaoggi.eu\\\/index.php\\\/2021\\\/10\\\/05\\\/la-mostra-vi-racconto-cuba-e-lesordio-di-irene-vallerotonda\\\/#article\",\"isPartOf\":{\"@id\":\"https:\\\/\\\/www.romaoggi.eu\\\/index.php\\\/2021\\\/10\\\/05\\\/la-mostra-vi-racconto-cuba-e-lesordio-di-irene-vallerotonda\\\/\"},\"author\":{\"name\":\"Alessandro Lisci\",\"@id\":\"https:\\\/\\\/www.romaoggi.eu\\\/#\\\/schema\\\/person\\\/30ada62b3bd510c45a781b7e3bf65e69\"},\"headline\":\"La mostra &#8220;Vi racconto Cuba&#8221; \u00e8 l&#8217;esordio di Irene Vallerotonda\",\"datePublished\":\"2021-10-05T21:00:40+00:00\",\"mainEntityOfPage\":{\"@id\":\"https:\\\/\\\/www.romaoggi.eu\\\/index.php\\\/2021\\\/10\\\/05\\\/la-mostra-vi-racconto-cuba-e-lesordio-di-irene-vallerotonda\\\/\"},\"wordCount\":585,\"publisher\":{\"@id\":\"https:\\\/\\\/www.romaoggi.eu\\\/#organization\"},\"image\":{\"@id\":\"https:\\\/\\\/www.romaoggi.eu\\\/index.php\\\/2021\\\/10\\\/05\\\/la-mostra-vi-racconto-cuba-e-lesordio-di-irene-vallerotonda\\\/#primaryimage\"},\"thumbnailUrl\":\"https:\\\/\\\/www.romaoggi.eu\\\/wp-content\\\/uploads\\\/2021\\\/10\\\/Cover-mostra-marchio-scaled.jpg\",\"keywords\":[\"alessandro lisci\",\"Ass. Naz.le di amicizia Italia-Cuba\",\"atargt lab\",\"Cuba\",\"Irene Vallerotonda\",\"italia cuba\",\"la maggiolina\",\"Lisset Arg\u00fcelles\",\"marco papacci\",\"maurizio paradisi fcam\",\"patrizia pangrazi\",\"reportage\"],\"articleSection\":[\"Mostre\"],\"inLanguage\":\"it-IT\"},{\"@type\":\"WebPage\",\"@id\":\"https:\\\/\\\/www.romaoggi.eu\\\/index.php\\\/2021\\\/10\\\/05\\\/la-mostra-vi-racconto-cuba-e-lesordio-di-irene-vallerotonda\\\/\",\"url\":\"https:\\\/\\\/www.romaoggi.eu\\\/index.php\\\/2021\\\/10\\\/05\\\/la-mostra-vi-racconto-cuba-e-lesordio-di-irene-vallerotonda\\\/\",\"name\":\"La mostra \\\"Vi racconto Cuba\\\" \u00e8 l'esordio di Irene Vallerotonda\",\"isPartOf\":{\"@id\":\"https:\\\/\\\/www.romaoggi.eu\\\/#website\"},\"primaryImageOfPage\":{\"@id\":\"https:\\\/\\\/www.romaoggi.eu\\\/index.php\\\/2021\\\/10\\\/05\\\/la-mostra-vi-racconto-cuba-e-lesordio-di-irene-vallerotonda\\\/#primaryimage\"},\"image\":{\"@id\":\"https:\\\/\\\/www.romaoggi.eu\\\/index.php\\\/2021\\\/10\\\/05\\\/la-mostra-vi-racconto-cuba-e-lesordio-di-irene-vallerotonda\\\/#primaryimage\"},\"thumbnailUrl\":\"https:\\\/\\\/www.romaoggi.eu\\\/wp-content\\\/uploads\\\/2021\\\/10\\\/Cover-mostra-marchio-scaled.jpg\",\"datePublished\":\"2021-10-05T21:00:40+00:00\",\"description\":\"TARGET LAB ETS Laboratorio Sperimentale di Fotografia e comunicazione info 371 441 3442 in collaborazione con Ass. Naz.le di Amicizia Italia-Cuba e la\",\"breadcrumb\":{\"@id\":\"https:\\\/\\\/www.romaoggi.eu\\\/index.php\\\/2021\\\/10\\\/05\\\/la-mostra-vi-racconto-cuba-e-lesordio-di-irene-vallerotonda\\\/#breadcrumb\"},\"inLanguage\":\"it-IT\",\"potentialAction\":[{\"@type\":\"ReadAction\",\"target\":[\"https:\\\/\\\/www.romaoggi.eu\\\/index.php\\\/2021\\\/10\\\/05\\\/la-mostra-vi-racconto-cuba-e-lesordio-di-irene-vallerotonda\\\/\"]}]},{\"@type\":\"ImageObject\",\"inLanguage\":\"it-IT\",\"@id\":\"https:\\\/\\\/www.romaoggi.eu\\\/index.php\\\/2021\\\/10\\\/05\\\/la-mostra-vi-racconto-cuba-e-lesordio-di-irene-vallerotonda\\\/#primaryimage\",\"url\":\"https:\\\/\\\/www.romaoggi.eu\\\/wp-content\\\/uploads\\\/2021\\\/10\\\/Cover-mostra-marchio-scaled.jpg\",\"contentUrl\":\"https:\\\/\\\/www.romaoggi.eu\\\/wp-content\\\/uploads\\\/2021\\\/10\\\/Cover-mostra-marchio-scaled.jpg\",\"width\":2560,\"height\":1920,\"caption\":\"Cuba \u00a9 Irene Vallerotonda - Target Lab\"},{\"@type\":\"BreadcrumbList\",\"@id\":\"https:\\\/\\\/www.romaoggi.eu\\\/index.php\\\/2021\\\/10\\\/05\\\/la-mostra-vi-racconto-cuba-e-lesordio-di-irene-vallerotonda\\\/#breadcrumb\",\"itemListElement\":[{\"@type\":\"ListItem\",\"position\":1,\"name\":\"Home\",\"item\":\"https:\\\/\\\/www.romaoggi.eu\\\/\"},{\"@type\":\"ListItem\",\"position\":2,\"name\":\"La mostra &#8220;Vi racconto Cuba&#8221; \u00e8 l&#8217;esordio di Irene Vallerotonda\"}]},{\"@type\":\"WebSite\",\"@id\":\"https:\\\/\\\/www.romaoggi.eu\\\/#website\",\"url\":\"https:\\\/\\\/www.romaoggi.eu\\\/\",\"name\":\"roma oggi\",\"description\":\"Interesting News for Interesting people\",\"publisher\":{\"@id\":\"https:\\\/\\\/www.romaoggi.eu\\\/#organization\"},\"potentialAction\":[{\"@type\":\"SearchAction\",\"target\":{\"@type\":\"EntryPoint\",\"urlTemplate\":\"https:\\\/\\\/www.romaoggi.eu\\\/?s={search_term_string}\"},\"query-input\":{\"@type\":\"PropertyValueSpecification\",\"valueRequired\":true,\"valueName\":\"search_term_string\"}}],\"inLanguage\":\"it-IT\"},{\"@type\":\"Organization\",\"@id\":\"https:\\\/\\\/www.romaoggi.eu\\\/#organization\",\"name\":\"RomaOggi\",\"url\":\"https:\\\/\\\/www.romaoggi.eu\\\/\",\"logo\":{\"@type\":\"ImageObject\",\"inLanguage\":\"it-IT\",\"@id\":\"https:\\\/\\\/www.romaoggi.eu\\\/#\\\/schema\\\/logo\\\/image\\\/\",\"url\":\"https:\\\/\\\/www.romaoggi.eu\\\/wp-content\\\/uploads\\\/2017\\\/04\\\/logowp.jpg\",\"contentUrl\":\"https:\\\/\\\/www.romaoggi.eu\\\/wp-content\\\/uploads\\\/2017\\\/04\\\/logowp.jpg\",\"width\":300,\"height\":133,\"caption\":\"RomaOggi\"},\"image\":{\"@id\":\"https:\\\/\\\/www.romaoggi.eu\\\/#\\\/schema\\\/logo\\\/image\\\/\"},\"sameAs\":[\"https:\\\/\\\/www.facebook.com\\\/RomaOggi-841544845954114\",\"https:\\\/\\\/x.com\\\/romaoggi_eu\"]},{\"@type\":\"Person\",\"@id\":\"https:\\\/\\\/www.romaoggi.eu\\\/#\\\/schema\\\/person\\\/30ada62b3bd510c45a781b7e3bf65e69\",\"name\":\"Alessandro Lisci\",\"image\":{\"@type\":\"ImageObject\",\"inLanguage\":\"it-IT\",\"@id\":\"https:\\\/\\\/secure.gravatar.com\\\/avatar\\\/9b9712162b2ac404aa0d7d978185f203808e7bd02856a449b19868b2eb80cf12?s=96&d=mm&r=g\",\"url\":\"https:\\\/\\\/secure.gravatar.com\\\/avatar\\\/9b9712162b2ac404aa0d7d978185f203808e7bd02856a449b19868b2eb80cf12?s=96&d=mm&r=g\",\"contentUrl\":\"https:\\\/\\\/secure.gravatar.com\\\/avatar\\\/9b9712162b2ac404aa0d7d978185f203808e7bd02856a449b19868b2eb80cf12?s=96&d=mm&r=g\",\"caption\":\"Alessandro Lisci\"},\"sameAs\":[\"http:\\\/\\\/www.alessandrolisci.com\",\"https:\\\/\\\/www.facebook.com\\\/alessandro.lisci.5\",\"https:\\\/\\\/x.com\\\/https:\\\/\\\/twitter.com\\\/alessandrolisci\",\"https:\\\/\\\/www.youtube.com\\\/user\\\/alessandrolisci\"],\"url\":\"https:\\\/\\\/www.romaoggi.eu\\\/index.php\\\/author\\\/alessandro\\\/\"}]}<\/script>\n<!-- \/ Yoast SEO plugin. -->","yoast_head_json":{"title":"La mostra \"Vi racconto Cuba\" \u00e8 l'esordio di Irene Vallerotonda","description":"TARGET LAB ETS Laboratorio Sperimentale di Fotografia e comunicazione info 371 441 3442 in collaborazione con Ass. Naz.le di Amicizia Italia-Cuba e la","robots":{"index":"index","follow":"follow","max-snippet":"max-snippet:-1","max-image-preview":"max-image-preview:large","max-video-preview":"max-video-preview:-1"},"canonical":"https:\/\/www.romaoggi.eu\/index.php\/2021\/10\/05\/la-mostra-vi-racconto-cuba-e-lesordio-di-irene-vallerotonda\/","og_locale":"it_IT","og_type":"article","og_title":"La mostra \"Vi racconto Cuba\" \u00e8 l'esordio di Irene Vallerotonda","og_description":"TARGET LAB ETS Laboratorio Sperimentale di Fotografia e comunicazione info 371 441 3442 in collaborazione con Ass. Naz.le di Amicizia Italia-Cuba e la","og_url":"https:\/\/www.romaoggi.eu\/index.php\/2021\/10\/05\/la-mostra-vi-racconto-cuba-e-lesordio-di-irene-vallerotonda\/","og_site_name":"roma oggi","article_publisher":"https:\/\/www.facebook.com\/RomaOggi-841544845954114","article_author":"https:\/\/www.facebook.com\/alessandro.lisci.5","article_published_time":"2021-10-05T21:00:40+00:00","og_image":[{"width":2560,"height":1920,"url":"https:\/\/www.romaoggi.eu\/wp-content\/uploads\/2021\/10\/Cover-mostra-marchio-scaled.jpg","type":"image\/jpeg"}],"author":"Alessandro Lisci","twitter_card":"summary_large_image","twitter_creator":"@https:\/\/twitter.com\/alessandrolisci","twitter_site":"@romaoggi_eu","twitter_misc":{"Scritto da":"Alessandro Lisci","Tempo di lettura stimato":"4 minuti"},"schema":{"@context":"https:\/\/schema.org","@graph":[{"@type":"Article","@id":"https:\/\/www.romaoggi.eu\/index.php\/2021\/10\/05\/la-mostra-vi-racconto-cuba-e-lesordio-di-irene-vallerotonda\/#article","isPartOf":{"@id":"https:\/\/www.romaoggi.eu\/index.php\/2021\/10\/05\/la-mostra-vi-racconto-cuba-e-lesordio-di-irene-vallerotonda\/"},"author":{"name":"Alessandro Lisci","@id":"https:\/\/www.romaoggi.eu\/#\/schema\/person\/30ada62b3bd510c45a781b7e3bf65e69"},"headline":"La mostra &#8220;Vi racconto Cuba&#8221; \u00e8 l&#8217;esordio di Irene Vallerotonda","datePublished":"2021-10-05T21:00:40+00:00","mainEntityOfPage":{"@id":"https:\/\/www.romaoggi.eu\/index.php\/2021\/10\/05\/la-mostra-vi-racconto-cuba-e-lesordio-di-irene-vallerotonda\/"},"wordCount":585,"publisher":{"@id":"https:\/\/www.romaoggi.eu\/#organization"},"image":{"@id":"https:\/\/www.romaoggi.eu\/index.php\/2021\/10\/05\/la-mostra-vi-racconto-cuba-e-lesordio-di-irene-vallerotonda\/#primaryimage"},"thumbnailUrl":"https:\/\/www.romaoggi.eu\/wp-content\/uploads\/2021\/10\/Cover-mostra-marchio-scaled.jpg","keywords":["alessandro lisci","Ass. Naz.le di amicizia Italia-Cuba","atargt lab","Cuba","Irene Vallerotonda","italia cuba","la maggiolina","Lisset Arg\u00fcelles","marco papacci","maurizio paradisi fcam","patrizia pangrazi","reportage"],"articleSection":["Mostre"],"inLanguage":"it-IT"},{"@type":"WebPage","@id":"https:\/\/www.romaoggi.eu\/index.php\/2021\/10\/05\/la-mostra-vi-racconto-cuba-e-lesordio-di-irene-vallerotonda\/","url":"https:\/\/www.romaoggi.eu\/index.php\/2021\/10\/05\/la-mostra-vi-racconto-cuba-e-lesordio-di-irene-vallerotonda\/","name":"La mostra \"Vi racconto Cuba\" \u00e8 l'esordio di Irene Vallerotonda","isPartOf":{"@id":"https:\/\/www.romaoggi.eu\/#website"},"primaryImageOfPage":{"@id":"https:\/\/www.romaoggi.eu\/index.php\/2021\/10\/05\/la-mostra-vi-racconto-cuba-e-lesordio-di-irene-vallerotonda\/#primaryimage"},"image":{"@id":"https:\/\/www.romaoggi.eu\/index.php\/2021\/10\/05\/la-mostra-vi-racconto-cuba-e-lesordio-di-irene-vallerotonda\/#primaryimage"},"thumbnailUrl":"https:\/\/www.romaoggi.eu\/wp-content\/uploads\/2021\/10\/Cover-mostra-marchio-scaled.jpg","datePublished":"2021-10-05T21:00:40+00:00","description":"TARGET LAB ETS Laboratorio Sperimentale di Fotografia e comunicazione info 371 441 3442 in collaborazione con Ass. Naz.le di Amicizia Italia-Cuba e la","breadcrumb":{"@id":"https:\/\/www.romaoggi.eu\/index.php\/2021\/10\/05\/la-mostra-vi-racconto-cuba-e-lesordio-di-irene-vallerotonda\/#breadcrumb"},"inLanguage":"it-IT","potentialAction":[{"@type":"ReadAction","target":["https:\/\/www.romaoggi.eu\/index.php\/2021\/10\/05\/la-mostra-vi-racconto-cuba-e-lesordio-di-irene-vallerotonda\/"]}]},{"@type":"ImageObject","inLanguage":"it-IT","@id":"https:\/\/www.romaoggi.eu\/index.php\/2021\/10\/05\/la-mostra-vi-racconto-cuba-e-lesordio-di-irene-vallerotonda\/#primaryimage","url":"https:\/\/www.romaoggi.eu\/wp-content\/uploads\/2021\/10\/Cover-mostra-marchio-scaled.jpg","contentUrl":"https:\/\/www.romaoggi.eu\/wp-content\/uploads\/2021\/10\/Cover-mostra-marchio-scaled.jpg","width":2560,"height":1920,"caption":"Cuba \u00a9 Irene Vallerotonda - Target Lab"},{"@type":"BreadcrumbList","@id":"https:\/\/www.romaoggi.eu\/index.php\/2021\/10\/05\/la-mostra-vi-racconto-cuba-e-lesordio-di-irene-vallerotonda\/#breadcrumb","itemListElement":[{"@type":"ListItem","position":1,"name":"Home","item":"https:\/\/www.romaoggi.eu\/"},{"@type":"ListItem","position":2,"name":"La mostra &#8220;Vi racconto Cuba&#8221; \u00e8 l&#8217;esordio di Irene Vallerotonda"}]},{"@type":"WebSite","@id":"https:\/\/www.romaoggi.eu\/#website","url":"https:\/\/www.romaoggi.eu\/","name":"roma oggi","description":"Interesting News for Interesting people","publisher":{"@id":"https:\/\/www.romaoggi.eu\/#organization"},"potentialAction":[{"@type":"SearchAction","target":{"@type":"EntryPoint","urlTemplate":"https:\/\/www.romaoggi.eu\/?s={search_term_string}"},"query-input":{"@type":"PropertyValueSpecification","valueRequired":true,"valueName":"search_term_string"}}],"inLanguage":"it-IT"},{"@type":"Organization","@id":"https:\/\/www.romaoggi.eu\/#organization","name":"RomaOggi","url":"https:\/\/www.romaoggi.eu\/","logo":{"@type":"ImageObject","inLanguage":"it-IT","@id":"https:\/\/www.romaoggi.eu\/#\/schema\/logo\/image\/","url":"https:\/\/www.romaoggi.eu\/wp-content\/uploads\/2017\/04\/logowp.jpg","contentUrl":"https:\/\/www.romaoggi.eu\/wp-content\/uploads\/2017\/04\/logowp.jpg","width":300,"height":133,"caption":"RomaOggi"},"image":{"@id":"https:\/\/www.romaoggi.eu\/#\/schema\/logo\/image\/"},"sameAs":["https:\/\/www.facebook.com\/RomaOggi-841544845954114","https:\/\/x.com\/romaoggi_eu"]},{"@type":"Person","@id":"https:\/\/www.romaoggi.eu\/#\/schema\/person\/30ada62b3bd510c45a781b7e3bf65e69","name":"Alessandro Lisci","image":{"@type":"ImageObject","inLanguage":"it-IT","@id":"https:\/\/secure.gravatar.com\/avatar\/9b9712162b2ac404aa0d7d978185f203808e7bd02856a449b19868b2eb80cf12?s=96&d=mm&r=g","url":"https:\/\/secure.gravatar.com\/avatar\/9b9712162b2ac404aa0d7d978185f203808e7bd02856a449b19868b2eb80cf12?s=96&d=mm&r=g","contentUrl":"https:\/\/secure.gravatar.com\/avatar\/9b9712162b2ac404aa0d7d978185f203808e7bd02856a449b19868b2eb80cf12?s=96&d=mm&r=g","caption":"Alessandro Lisci"},"sameAs":["http:\/\/www.alessandrolisci.com","https:\/\/www.facebook.com\/alessandro.lisci.5","https:\/\/x.com\/https:\/\/twitter.com\/alessandrolisci","https:\/\/www.youtube.com\/user\/alessandrolisci"],"url":"https:\/\/www.romaoggi.eu\/index.php\/author\/alessandro\/"}]}},"_links":{"self":[{"href":"https:\/\/www.romaoggi.eu\/index.php\/wp-json\/wp\/v2\/posts\/29535","targetHints":{"allow":["GET"]}}],"collection":[{"href":"https:\/\/www.romaoggi.eu\/index.php\/wp-json\/wp\/v2\/posts"}],"about":[{"href":"https:\/\/www.romaoggi.eu\/index.php\/wp-json\/wp\/v2\/types\/post"}],"author":[{"embeddable":true,"href":"https:\/\/www.romaoggi.eu\/index.php\/wp-json\/wp\/v2\/users\/10"}],"replies":[{"embeddable":true,"href":"https:\/\/www.romaoggi.eu\/index.php\/wp-json\/wp\/v2\/comments?post=29535"}],"version-history":[{"count":2,"href":"https:\/\/www.romaoggi.eu\/index.php\/wp-json\/wp\/v2\/posts\/29535\/revisions"}],"predecessor-version":[{"id":29542,"href":"https:\/\/www.romaoggi.eu\/index.php\/wp-json\/wp\/v2\/posts\/29535\/revisions\/29542"}],"wp:featuredmedia":[{"embeddable":true,"href":"https:\/\/www.romaoggi.eu\/index.php\/wp-json\/wp\/v2\/media\/29537"}],"wp:attachment":[{"href":"https:\/\/www.romaoggi.eu\/index.php\/wp-json\/wp\/v2\/media?parent=29535"}],"wp:term":[{"taxonomy":"category","embeddable":true,"href":"https:\/\/www.romaoggi.eu\/index.php\/wp-json\/wp\/v2\/categories?post=29535"},{"taxonomy":"post_tag","embeddable":true,"href":"https:\/\/www.romaoggi.eu\/index.php\/wp-json\/wp\/v2\/tags?post=29535"}],"curies":[{"name":"wp","href":"https:\/\/api.w.org\/{rel}","templated":true}]}}