{"id":29883,"date":"2021-10-27T21:00:09","date_gmt":"2021-10-27T19:00:09","guid":{"rendered":"http:\/\/www.romaoggi.eu\/?p=29883"},"modified":"2021-10-27T21:00:51","modified_gmt":"2021-10-27T19:00:51","slug":"policlinico-gemelli-nuovo-day-hospital-di-radioterapia-oncologica-art4art","status":"publish","type":"post","link":"https:\/\/www.romaoggi.eu\/index.php\/2021\/10\/27\/policlinico-gemelli-nuovo-day-hospital-di-radioterapia-oncologica-art4art\/","title":{"rendered":"Policlinico Gemelli: nuovo Day Hospital di radioterapia oncologica &#8220;Art4ART&#8221;"},"content":{"rendered":"<p>Si chiama <strong>Art4ART<\/strong> ed \u00e8 il nuovo Day Hospital e Degenza per l\u2019Interventistica Radioterapica e la Radioterapia Metabolica del Centro di Radioterapia Oncologica \u2018<strong>Gemelli ART<\/strong>\u2019 della <a href=\"https:\/\/www.policlinicogemelli.it\/\"><strong>Fondazione Policlinico Universitario A. Gemelli IRCCS di Roma<\/strong><\/a>, in collaborazione con l\u2019<strong>Associazione \u2018Attilio Romanini<\/strong>\u2019. L\u2019idea alla base del progetto \u00e8 di rivestire di bellezza, in tutte le sue declinazioni, i trattamenti oncologici di ultima generazione, come l\u2019<em>Advanced Radiation Therapy<\/em>. Un \u2018esperimento\u2019 che si basa su tante evidenze scientifiche. Sono infatti ormai numerosi gli studi che, in vari campi della medicina, dimostrano come l\u2019arte e la bellezza abbiano di per s\u00e9 un potere curativo.\u00a0\u201cGrazie al progetto \u2018Art4ART\u2019 i pazienti potranno estraniarsi dalla situazione contingente e respirare un po\u2019 di bellezza anche dentro le mura di un ospedale. Durante la pandemia abbiamo capito, infatti, cos&#8217;\u00e8 l&#8217;Italia senza cultura, senza la gioia nelle piazze e nelle strade e quanto sia importante nella societ\u00e0 respirare bellezza e trarre energia nella sua visione. Questa \u00e8 un\u2019altra iniziativa del Policlinico Gemelli che dimostra una grande capacit\u00e0 di visione, di immaginazione e di essere sempre un po\u2019 avanti e che molti dovranno imitare in Italia e nel mondo\u201d.\u00a0Lo ha detto il ministro della Cultura<strong> Dario Franceschini<\/strong>, intervenuto all&#8217;inaugurazione della nuova degenza multidimensionale della Radioterapia oncologica, con la presentazione del progetto &#8220;Art4ART&#8221; del Gemelli, che porta l&#8217;arte in ospedale per supportare i giovani pazienti.<\/p>\n<p>\u201cSiamo davvero orgogliosi \u2013 afferma il professor <strong>Marco Elefanti<\/strong>, Direttore Generale di Fondazione Policlinico Universitario Agostino Gemelli IRCCS \u2013 di poter offrire ai nostri pazienti questo esempio eccellente di umanizzazione di cure ad altissimo contenuto tecnologico, come quelle di Gemelli ART. Rendere i trattamenti pi\u00f9 a misura d\u2019uomo, perseguendo sempre l\u2019eccellenza delle cure \u00e8 il binomio che da sempre caratterizza le attivit\u00e0 di Fondazione Policlinico Gemelli e che, con il progetto Art4ART, raggiunge una delle sue espressioni pi\u00f9 alte\u201d.\u00a0 \u00a0 \u00a0 \u00a0 \u00a0 \u00a0 \u201cIl principale obiettivo di Art4ART, un\u2019esperienza unica al mondo \u2013 afferma il professor <strong>Vincenzo Valentini<\/strong>, direttore di Gemelli ART (Advanced Radiation Therapy) e vicedirettore scientifico della Fondazione Policlinico Gemelli \u2013 \u00e8 di ingaggiare la sfera emotiva dei pazienti, che sono spesso provati dallo stress e dalla preoccupazione della malattia, per raggiungere il miglior risultato di cura. \u00c8 un esempio di \u2018welfare culturale\u2019, un modello integrato di promozione del benessere e della salute, attraverso le arti visive, performative e il patrimonio culturale\u201d.<\/p>\n<p>Ambasciatrice di Art4ART in Italia e nel mondo sar\u00e0 <strong>Lavinia Biagiotti Cigna<\/strong>, Presidente e CEO di Biagiotti Group, che ha da sempre a cuore il legame tra bellezza e arti del territorio, tra passato presente e futuro.<\/p>\n<p>\u201cSono molto grata e onorata di poter testimoniare l\u2019avvio di un progetto cos\u00ec straordinario &#8211; ha commentato <strong>Lavinia Biagiotti<\/strong> &#8211; che coniuga la ricerca con la bellezza e ringrazio il professor Vincenzo Valentini e il Policlinico Agostino Gemelli. La pandemia ci ha insegnato molte cose: innanzitutto l\u2019importanza di partecipare e sostenere la ricerca, la formazione e l\u2019assistenza degli ospedali del proprio territorio, non solo nell\u2019emergenza, ma ogni giorno con fiducia e lungimiranza. La bellezza pu\u00f2 e deve contribuire a quel ri-orientamento etico della societ\u00e0 senza il quale si perdono fiducia e speranza. \u00c8 il miglior investimento per il futuro nostro e delle generazioni che verranno.\u201d<\/p>\n<p>Erano presenti all\u2019inaugurazione: <strong>Laura Delli Colli<\/strong>, presidente del Festival Internazionale del Film di Roma, <strong>Paolo Del Brocco<\/strong>, amministratore Delegato di RAI Cinema,<strong> Paolo Ruffini<\/strong>, Prefetto del Dicastero per la Comunicazione della Santa Sede, <strong>Barbara Jatta<\/strong>, direttore dei Musei Vaticani.<\/p>\n<p>&nbsp;<\/p>\n<p><img loading=\"lazy\" decoding=\"async\" class=\"aligncenter size-medium wp-image-29885\" src=\"https:\/\/www.romaoggi.eu\/wp-content\/uploads\/2021\/10\/250015212_3023623977904646_3735541496089220278_n-300x225.jpg\" alt=\"\" width=\"300\" height=\"225\" srcset=\"https:\/\/www.romaoggi.eu\/wp-content\/uploads\/2021\/10\/250015212_3023623977904646_3735541496089220278_n-300x225.jpg 300w, https:\/\/www.romaoggi.eu\/wp-content\/uploads\/2021\/10\/250015212_3023623977904646_3735541496089220278_n-1024x768.jpg 1024w, https:\/\/www.romaoggi.eu\/wp-content\/uploads\/2021\/10\/250015212_3023623977904646_3735541496089220278_n-1536x1152.jpg 1536w, https:\/\/www.romaoggi.eu\/wp-content\/uploads\/2021\/10\/250015212_3023623977904646_3735541496089220278_n-326x245.jpg 326w, https:\/\/www.romaoggi.eu\/wp-content\/uploads\/2021\/10\/250015212_3023623977904646_3735541496089220278_n-80x60.jpg 80w, https:\/\/www.romaoggi.eu\/wp-content\/uploads\/2021\/10\/250015212_3023623977904646_3735541496089220278_n.jpg 2048w\" sizes=\"auto, (max-width: 300px) 100vw, 300px\" \/><\/p>\n<p>&nbsp;<\/p>\n","protected":false},"excerpt":{"rendered":"<div class=\"mh-excerpt\"><p>Si chiama Art4ART ed \u00e8 il nuovo Day Hospital e Degenza per l\u2019Interventistica Radioterapica e la Radioterapia Metabolica del Centro di Radioterapia Oncologica \u2018Gemelli ART\u2019 della Fondazione Policlinico Universitario A. Gemelli IRCCS di Roma, in <a class=\"mh-excerpt-more\" href=\"https:\/\/www.romaoggi.eu\/index.php\/2021\/10\/27\/policlinico-gemelli-nuovo-day-hospital-di-radioterapia-oncologica-art4art\/\" title=\"Policlinico Gemelli: nuovo Day Hospital di radioterapia oncologica &#8220;Art4ART&#8221;\">[&#8230;]<\/a><\/p>\n<\/div>","protected":false},"author":13,"featured_media":29884,"comment_status":"closed","ping_status":"open","sticky":false,"template":"","format":"standard","meta":{"_sitemap_exclude":false,"_sitemap_priority":"","_sitemap_frequency":"","footnotes":""},"categories":[13733],"tags":[15670,730,15668,15669,13606,15671],"class_list":["post-29883","post","type-post","status-publish","format-standard","has-post-thumbnail","hentry","category-salute","tag-art4art","tag-dario-franceschini","tag-lavinia-biagiotti-cigna","tag-marco-elefanti","tag-policlinico-gemelli","tag-vincenzo-valentini"],"yoast_head":"<!-- This site is optimized with the Yoast SEO plugin v27.5 - https:\/\/yoast.com\/product\/yoast-seo-wordpress\/ -->\n<title>Policlinico Gemelli: nuovo Day Hospital di radioterapia oncologica &quot;Art4ART&quot;<\/title>\n<meta name=\"description\" content=\"Si chiama Art4ART ed \u00e8 il nuovo Day Hospital e Degenza per l\u2019Interventistica Radioterapica e la Radioterapia Metabolica del Centro di Radioterapia\" \/>\n<meta name=\"robots\" content=\"index, follow, max-snippet:-1, max-image-preview:large, max-video-preview:-1\" \/>\n<link rel=\"canonical\" href=\"https:\/\/www.romaoggi.eu\/index.php\/2021\/10\/27\/policlinico-gemelli-nuovo-day-hospital-di-radioterapia-oncologica-art4art\/\" \/>\n<meta property=\"og:locale\" content=\"it_IT\" \/>\n<meta property=\"og:type\" content=\"article\" \/>\n<meta property=\"og:title\" content=\"Policlinico Gemelli: nuovo Day Hospital di radioterapia oncologica &quot;Art4ART&quot;\" \/>\n<meta property=\"og:description\" content=\"Si chiama Art4ART ed \u00e8 il nuovo Day Hospital e Degenza per l\u2019Interventistica Radioterapica e la Radioterapia Metabolica del Centro di Radioterapia\" \/>\n<meta property=\"og:url\" content=\"https:\/\/www.romaoggi.eu\/index.php\/2021\/10\/27\/policlinico-gemelli-nuovo-day-hospital-di-radioterapia-oncologica-art4art\/\" \/>\n<meta property=\"og:site_name\" content=\"roma oggi\" \/>\n<meta property=\"article:publisher\" content=\"https:\/\/www.facebook.com\/RomaOggi-841544845954114\" \/>\n<meta property=\"article:published_time\" content=\"2021-10-27T19:00:09+00:00\" \/>\n<meta property=\"article:modified_time\" content=\"2021-10-27T19:00:51+00:00\" \/>\n<meta property=\"og:image\" content=\"https:\/\/www.romaoggi.eu\/wp-content\/uploads\/2021\/10\/249378369_3023623934571317_3461471592647231974_n.jpg\" \/>\n\t<meta property=\"og:image:width\" content=\"2048\" \/>\n\t<meta property=\"og:image:height\" content=\"1536\" \/>\n\t<meta property=\"og:image:type\" content=\"image\/jpeg\" \/>\n<meta name=\"author\" content=\"Federica Pansadoro\" \/>\n<meta name=\"twitter:card\" content=\"summary_large_image\" \/>\n<meta name=\"twitter:creator\" content=\"@romaoggi_eu\" \/>\n<meta name=\"twitter:site\" content=\"@romaoggi_eu\" \/>\n<meta name=\"twitter:label1\" content=\"Scritto da\" \/>\n\t<meta name=\"twitter:data1\" content=\"Federica Pansadoro\" \/>\n\t<meta name=\"twitter:label2\" content=\"Tempo di lettura stimato\" \/>\n\t<meta name=\"twitter:data2\" content=\"3 minuti\" \/>\n<script type=\"application\/ld+json\" class=\"yoast-schema-graph\">{\"@context\":\"https:\\\/\\\/schema.org\",\"@graph\":[{\"@type\":\"Article\",\"@id\":\"https:\\\/\\\/www.romaoggi.eu\\\/index.php\\\/2021\\\/10\\\/27\\\/policlinico-gemelli-nuovo-day-hospital-di-radioterapia-oncologica-art4art\\\/#article\",\"isPartOf\":{\"@id\":\"https:\\\/\\\/www.romaoggi.eu\\\/index.php\\\/2021\\\/10\\\/27\\\/policlinico-gemelli-nuovo-day-hospital-di-radioterapia-oncologica-art4art\\\/\"},\"author\":{\"name\":\"Federica Pansadoro\",\"@id\":\"https:\\\/\\\/www.romaoggi.eu\\\/#\\\/schema\\\/person\\\/569485df663c86fd2d0179a6643546f9\"},\"headline\":\"Policlinico Gemelli: nuovo Day Hospital di radioterapia oncologica &#8220;Art4ART&#8221;\",\"datePublished\":\"2021-10-27T19:00:09+00:00\",\"dateModified\":\"2021-10-27T19:00:51+00:00\",\"mainEntityOfPage\":{\"@id\":\"https:\\\/\\\/www.romaoggi.eu\\\/index.php\\\/2021\\\/10\\\/27\\\/policlinico-gemelli-nuovo-day-hospital-di-radioterapia-oncologica-art4art\\\/\"},\"wordCount\":589,\"publisher\":{\"@id\":\"https:\\\/\\\/www.romaoggi.eu\\\/#organization\"},\"image\":{\"@id\":\"https:\\\/\\\/www.romaoggi.eu\\\/index.php\\\/2021\\\/10\\\/27\\\/policlinico-gemelli-nuovo-day-hospital-di-radioterapia-oncologica-art4art\\\/#primaryimage\"},\"thumbnailUrl\":\"https:\\\/\\\/www.romaoggi.eu\\\/wp-content\\\/uploads\\\/2021\\\/10\\\/249378369_3023623934571317_3461471592647231974_n.jpg\",\"keywords\":[\"Art4ART\",\"Dario Franceschini\",\"Lavinia Biagiotti Cigna\",\"Marco Elefanti\",\"policlinico gemelli\",\"Vincenzo Valentini\"],\"articleSection\":[\"salute\"],\"inLanguage\":\"it-IT\"},{\"@type\":\"WebPage\",\"@id\":\"https:\\\/\\\/www.romaoggi.eu\\\/index.php\\\/2021\\\/10\\\/27\\\/policlinico-gemelli-nuovo-day-hospital-di-radioterapia-oncologica-art4art\\\/\",\"url\":\"https:\\\/\\\/www.romaoggi.eu\\\/index.php\\\/2021\\\/10\\\/27\\\/policlinico-gemelli-nuovo-day-hospital-di-radioterapia-oncologica-art4art\\\/\",\"name\":\"Policlinico Gemelli: nuovo Day Hospital di radioterapia oncologica \\\"Art4ART\\\"\",\"isPartOf\":{\"@id\":\"https:\\\/\\\/www.romaoggi.eu\\\/#website\"},\"primaryImageOfPage\":{\"@id\":\"https:\\\/\\\/www.romaoggi.eu\\\/index.php\\\/2021\\\/10\\\/27\\\/policlinico-gemelli-nuovo-day-hospital-di-radioterapia-oncologica-art4art\\\/#primaryimage\"},\"image\":{\"@id\":\"https:\\\/\\\/www.romaoggi.eu\\\/index.php\\\/2021\\\/10\\\/27\\\/policlinico-gemelli-nuovo-day-hospital-di-radioterapia-oncologica-art4art\\\/#primaryimage\"},\"thumbnailUrl\":\"https:\\\/\\\/www.romaoggi.eu\\\/wp-content\\\/uploads\\\/2021\\\/10\\\/249378369_3023623934571317_3461471592647231974_n.jpg\",\"datePublished\":\"2021-10-27T19:00:09+00:00\",\"dateModified\":\"2021-10-27T19:00:51+00:00\",\"description\":\"Si chiama Art4ART ed \u00e8 il nuovo Day Hospital e Degenza per l\u2019Interventistica Radioterapica e la Radioterapia Metabolica del Centro di Radioterapia\",\"breadcrumb\":{\"@id\":\"https:\\\/\\\/www.romaoggi.eu\\\/index.php\\\/2021\\\/10\\\/27\\\/policlinico-gemelli-nuovo-day-hospital-di-radioterapia-oncologica-art4art\\\/#breadcrumb\"},\"inLanguage\":\"it-IT\",\"potentialAction\":[{\"@type\":\"ReadAction\",\"target\":[\"https:\\\/\\\/www.romaoggi.eu\\\/index.php\\\/2021\\\/10\\\/27\\\/policlinico-gemelli-nuovo-day-hospital-di-radioterapia-oncologica-art4art\\\/\"]}]},{\"@type\":\"ImageObject\",\"inLanguage\":\"it-IT\",\"@id\":\"https:\\\/\\\/www.romaoggi.eu\\\/index.php\\\/2021\\\/10\\\/27\\\/policlinico-gemelli-nuovo-day-hospital-di-radioterapia-oncologica-art4art\\\/#primaryimage\",\"url\":\"https:\\\/\\\/www.romaoggi.eu\\\/wp-content\\\/uploads\\\/2021\\\/10\\\/249378369_3023623934571317_3461471592647231974_n.jpg\",\"contentUrl\":\"https:\\\/\\\/www.romaoggi.eu\\\/wp-content\\\/uploads\\\/2021\\\/10\\\/249378369_3023623934571317_3461471592647231974_n.jpg\",\"width\":2048,\"height\":1536},{\"@type\":\"BreadcrumbList\",\"@id\":\"https:\\\/\\\/www.romaoggi.eu\\\/index.php\\\/2021\\\/10\\\/27\\\/policlinico-gemelli-nuovo-day-hospital-di-radioterapia-oncologica-art4art\\\/#breadcrumb\",\"itemListElement\":[{\"@type\":\"ListItem\",\"position\":1,\"name\":\"Home\",\"item\":\"https:\\\/\\\/www.romaoggi.eu\\\/\"},{\"@type\":\"ListItem\",\"position\":2,\"name\":\"Policlinico Gemelli: nuovo Day Hospital di radioterapia oncologica &#8220;Art4ART&#8221;\"}]},{\"@type\":\"WebSite\",\"@id\":\"https:\\\/\\\/www.romaoggi.eu\\\/#website\",\"url\":\"https:\\\/\\\/www.romaoggi.eu\\\/\",\"name\":\"roma oggi\",\"description\":\"Interesting News for Interesting people\",\"publisher\":{\"@id\":\"https:\\\/\\\/www.romaoggi.eu\\\/#organization\"},\"potentialAction\":[{\"@type\":\"SearchAction\",\"target\":{\"@type\":\"EntryPoint\",\"urlTemplate\":\"https:\\\/\\\/www.romaoggi.eu\\\/?s={search_term_string}\"},\"query-input\":{\"@type\":\"PropertyValueSpecification\",\"valueRequired\":true,\"valueName\":\"search_term_string\"}}],\"inLanguage\":\"it-IT\"},{\"@type\":\"Organization\",\"@id\":\"https:\\\/\\\/www.romaoggi.eu\\\/#organization\",\"name\":\"RomaOggi\",\"url\":\"https:\\\/\\\/www.romaoggi.eu\\\/\",\"logo\":{\"@type\":\"ImageObject\",\"inLanguage\":\"it-IT\",\"@id\":\"https:\\\/\\\/www.romaoggi.eu\\\/#\\\/schema\\\/logo\\\/image\\\/\",\"url\":\"https:\\\/\\\/www.romaoggi.eu\\\/wp-content\\\/uploads\\\/2017\\\/04\\\/logowp.jpg\",\"contentUrl\":\"https:\\\/\\\/www.romaoggi.eu\\\/wp-content\\\/uploads\\\/2017\\\/04\\\/logowp.jpg\",\"width\":300,\"height\":133,\"caption\":\"RomaOggi\"},\"image\":{\"@id\":\"https:\\\/\\\/www.romaoggi.eu\\\/#\\\/schema\\\/logo\\\/image\\\/\"},\"sameAs\":[\"https:\\\/\\\/www.facebook.com\\\/RomaOggi-841544845954114\",\"https:\\\/\\\/x.com\\\/romaoggi_eu\"]},{\"@type\":\"Person\",\"@id\":\"https:\\\/\\\/www.romaoggi.eu\\\/#\\\/schema\\\/person\\\/569485df663c86fd2d0179a6643546f9\",\"name\":\"Federica Pansadoro\",\"image\":{\"@type\":\"ImageObject\",\"inLanguage\":\"it-IT\",\"@id\":\"https:\\\/\\\/secure.gravatar.com\\\/avatar\\\/646783eb26ef4eab9fe24f298081663814c4d6acd6ea1c44b2633e8176ba1dc5?s=96&d=mm&r=g\",\"url\":\"https:\\\/\\\/secure.gravatar.com\\\/avatar\\\/646783eb26ef4eab9fe24f298081663814c4d6acd6ea1c44b2633e8176ba1dc5?s=96&d=mm&r=g\",\"contentUrl\":\"https:\\\/\\\/secure.gravatar.com\\\/avatar\\\/646783eb26ef4eab9fe24f298081663814c4d6acd6ea1c44b2633e8176ba1dc5?s=96&d=mm&r=g\",\"caption\":\"Federica Pansadoro\"},\"sameAs\":[\"https:\\\/\\\/www.youtube.com\\\/channel\\\/UCN8Y45Fmdd0XBagxT7qUVEA\"],\"url\":\"https:\\\/\\\/www.romaoggi.eu\\\/index.php\\\/author\\\/federica\\\/\"}]}<\/script>\n<!-- \/ Yoast SEO plugin. -->","yoast_head_json":{"title":"Policlinico Gemelli: nuovo Day Hospital di radioterapia oncologica \"Art4ART\"","description":"Si chiama Art4ART ed \u00e8 il nuovo Day Hospital e Degenza per l\u2019Interventistica Radioterapica e la Radioterapia Metabolica del Centro di Radioterapia","robots":{"index":"index","follow":"follow","max-snippet":"max-snippet:-1","max-image-preview":"max-image-preview:large","max-video-preview":"max-video-preview:-1"},"canonical":"https:\/\/www.romaoggi.eu\/index.php\/2021\/10\/27\/policlinico-gemelli-nuovo-day-hospital-di-radioterapia-oncologica-art4art\/","og_locale":"it_IT","og_type":"article","og_title":"Policlinico Gemelli: nuovo Day Hospital di radioterapia oncologica \"Art4ART\"","og_description":"Si chiama Art4ART ed \u00e8 il nuovo Day Hospital e Degenza per l\u2019Interventistica Radioterapica e la Radioterapia Metabolica del Centro di Radioterapia","og_url":"https:\/\/www.romaoggi.eu\/index.php\/2021\/10\/27\/policlinico-gemelli-nuovo-day-hospital-di-radioterapia-oncologica-art4art\/","og_site_name":"roma oggi","article_publisher":"https:\/\/www.facebook.com\/RomaOggi-841544845954114","article_published_time":"2021-10-27T19:00:09+00:00","article_modified_time":"2021-10-27T19:00:51+00:00","og_image":[{"width":2048,"height":1536,"url":"https:\/\/www.romaoggi.eu\/wp-content\/uploads\/2021\/10\/249378369_3023623934571317_3461471592647231974_n.jpg","type":"image\/jpeg"}],"author":"Federica Pansadoro","twitter_card":"summary_large_image","twitter_creator":"@romaoggi_eu","twitter_site":"@romaoggi_eu","twitter_misc":{"Scritto da":"Federica Pansadoro","Tempo di lettura stimato":"3 minuti"},"schema":{"@context":"https:\/\/schema.org","@graph":[{"@type":"Article","@id":"https:\/\/www.romaoggi.eu\/index.php\/2021\/10\/27\/policlinico-gemelli-nuovo-day-hospital-di-radioterapia-oncologica-art4art\/#article","isPartOf":{"@id":"https:\/\/www.romaoggi.eu\/index.php\/2021\/10\/27\/policlinico-gemelli-nuovo-day-hospital-di-radioterapia-oncologica-art4art\/"},"author":{"name":"Federica Pansadoro","@id":"https:\/\/www.romaoggi.eu\/#\/schema\/person\/569485df663c86fd2d0179a6643546f9"},"headline":"Policlinico Gemelli: nuovo Day Hospital di radioterapia oncologica &#8220;Art4ART&#8221;","datePublished":"2021-10-27T19:00:09+00:00","dateModified":"2021-10-27T19:00:51+00:00","mainEntityOfPage":{"@id":"https:\/\/www.romaoggi.eu\/index.php\/2021\/10\/27\/policlinico-gemelli-nuovo-day-hospital-di-radioterapia-oncologica-art4art\/"},"wordCount":589,"publisher":{"@id":"https:\/\/www.romaoggi.eu\/#organization"},"image":{"@id":"https:\/\/www.romaoggi.eu\/index.php\/2021\/10\/27\/policlinico-gemelli-nuovo-day-hospital-di-radioterapia-oncologica-art4art\/#primaryimage"},"thumbnailUrl":"https:\/\/www.romaoggi.eu\/wp-content\/uploads\/2021\/10\/249378369_3023623934571317_3461471592647231974_n.jpg","keywords":["Art4ART","Dario Franceschini","Lavinia Biagiotti Cigna","Marco Elefanti","policlinico gemelli","Vincenzo Valentini"],"articleSection":["salute"],"inLanguage":"it-IT"},{"@type":"WebPage","@id":"https:\/\/www.romaoggi.eu\/index.php\/2021\/10\/27\/policlinico-gemelli-nuovo-day-hospital-di-radioterapia-oncologica-art4art\/","url":"https:\/\/www.romaoggi.eu\/index.php\/2021\/10\/27\/policlinico-gemelli-nuovo-day-hospital-di-radioterapia-oncologica-art4art\/","name":"Policlinico Gemelli: nuovo Day Hospital di radioterapia oncologica \"Art4ART\"","isPartOf":{"@id":"https:\/\/www.romaoggi.eu\/#website"},"primaryImageOfPage":{"@id":"https:\/\/www.romaoggi.eu\/index.php\/2021\/10\/27\/policlinico-gemelli-nuovo-day-hospital-di-radioterapia-oncologica-art4art\/#primaryimage"},"image":{"@id":"https:\/\/www.romaoggi.eu\/index.php\/2021\/10\/27\/policlinico-gemelli-nuovo-day-hospital-di-radioterapia-oncologica-art4art\/#primaryimage"},"thumbnailUrl":"https:\/\/www.romaoggi.eu\/wp-content\/uploads\/2021\/10\/249378369_3023623934571317_3461471592647231974_n.jpg","datePublished":"2021-10-27T19:00:09+00:00","dateModified":"2021-10-27T19:00:51+00:00","description":"Si chiama Art4ART ed \u00e8 il nuovo Day Hospital e Degenza per l\u2019Interventistica Radioterapica e la Radioterapia Metabolica del Centro di Radioterapia","breadcrumb":{"@id":"https:\/\/www.romaoggi.eu\/index.php\/2021\/10\/27\/policlinico-gemelli-nuovo-day-hospital-di-radioterapia-oncologica-art4art\/#breadcrumb"},"inLanguage":"it-IT","potentialAction":[{"@type":"ReadAction","target":["https:\/\/www.romaoggi.eu\/index.php\/2021\/10\/27\/policlinico-gemelli-nuovo-day-hospital-di-radioterapia-oncologica-art4art\/"]}]},{"@type":"ImageObject","inLanguage":"it-IT","@id":"https:\/\/www.romaoggi.eu\/index.php\/2021\/10\/27\/policlinico-gemelli-nuovo-day-hospital-di-radioterapia-oncologica-art4art\/#primaryimage","url":"https:\/\/www.romaoggi.eu\/wp-content\/uploads\/2021\/10\/249378369_3023623934571317_3461471592647231974_n.jpg","contentUrl":"https:\/\/www.romaoggi.eu\/wp-content\/uploads\/2021\/10\/249378369_3023623934571317_3461471592647231974_n.jpg","width":2048,"height":1536},{"@type":"BreadcrumbList","@id":"https:\/\/www.romaoggi.eu\/index.php\/2021\/10\/27\/policlinico-gemelli-nuovo-day-hospital-di-radioterapia-oncologica-art4art\/#breadcrumb","itemListElement":[{"@type":"ListItem","position":1,"name":"Home","item":"https:\/\/www.romaoggi.eu\/"},{"@type":"ListItem","position":2,"name":"Policlinico Gemelli: nuovo Day Hospital di radioterapia oncologica &#8220;Art4ART&#8221;"}]},{"@type":"WebSite","@id":"https:\/\/www.romaoggi.eu\/#website","url":"https:\/\/www.romaoggi.eu\/","name":"roma oggi","description":"Interesting News for Interesting people","publisher":{"@id":"https:\/\/www.romaoggi.eu\/#organization"},"potentialAction":[{"@type":"SearchAction","target":{"@type":"EntryPoint","urlTemplate":"https:\/\/www.romaoggi.eu\/?s={search_term_string}"},"query-input":{"@type":"PropertyValueSpecification","valueRequired":true,"valueName":"search_term_string"}}],"inLanguage":"it-IT"},{"@type":"Organization","@id":"https:\/\/www.romaoggi.eu\/#organization","name":"RomaOggi","url":"https:\/\/www.romaoggi.eu\/","logo":{"@type":"ImageObject","inLanguage":"it-IT","@id":"https:\/\/www.romaoggi.eu\/#\/schema\/logo\/image\/","url":"https:\/\/www.romaoggi.eu\/wp-content\/uploads\/2017\/04\/logowp.jpg","contentUrl":"https:\/\/www.romaoggi.eu\/wp-content\/uploads\/2017\/04\/logowp.jpg","width":300,"height":133,"caption":"RomaOggi"},"image":{"@id":"https:\/\/www.romaoggi.eu\/#\/schema\/logo\/image\/"},"sameAs":["https:\/\/www.facebook.com\/RomaOggi-841544845954114","https:\/\/x.com\/romaoggi_eu"]},{"@type":"Person","@id":"https:\/\/www.romaoggi.eu\/#\/schema\/person\/569485df663c86fd2d0179a6643546f9","name":"Federica Pansadoro","image":{"@type":"ImageObject","inLanguage":"it-IT","@id":"https:\/\/secure.gravatar.com\/avatar\/646783eb26ef4eab9fe24f298081663814c4d6acd6ea1c44b2633e8176ba1dc5?s=96&d=mm&r=g","url":"https:\/\/secure.gravatar.com\/avatar\/646783eb26ef4eab9fe24f298081663814c4d6acd6ea1c44b2633e8176ba1dc5?s=96&d=mm&r=g","contentUrl":"https:\/\/secure.gravatar.com\/avatar\/646783eb26ef4eab9fe24f298081663814c4d6acd6ea1c44b2633e8176ba1dc5?s=96&d=mm&r=g","caption":"Federica Pansadoro"},"sameAs":["https:\/\/www.youtube.com\/channel\/UCN8Y45Fmdd0XBagxT7qUVEA"],"url":"https:\/\/www.romaoggi.eu\/index.php\/author\/federica\/"}]}},"_links":{"self":[{"href":"https:\/\/www.romaoggi.eu\/index.php\/wp-json\/wp\/v2\/posts\/29883","targetHints":{"allow":["GET"]}}],"collection":[{"href":"https:\/\/www.romaoggi.eu\/index.php\/wp-json\/wp\/v2\/posts"}],"about":[{"href":"https:\/\/www.romaoggi.eu\/index.php\/wp-json\/wp\/v2\/types\/post"}],"author":[{"embeddable":true,"href":"https:\/\/www.romaoggi.eu\/index.php\/wp-json\/wp\/v2\/users\/13"}],"replies":[{"embeddable":true,"href":"https:\/\/www.romaoggi.eu\/index.php\/wp-json\/wp\/v2\/comments?post=29883"}],"version-history":[{"count":1,"href":"https:\/\/www.romaoggi.eu\/index.php\/wp-json\/wp\/v2\/posts\/29883\/revisions"}],"predecessor-version":[{"id":29886,"href":"https:\/\/www.romaoggi.eu\/index.php\/wp-json\/wp\/v2\/posts\/29883\/revisions\/29886"}],"wp:featuredmedia":[{"embeddable":true,"href":"https:\/\/www.romaoggi.eu\/index.php\/wp-json\/wp\/v2\/media\/29884"}],"wp:attachment":[{"href":"https:\/\/www.romaoggi.eu\/index.php\/wp-json\/wp\/v2\/media?parent=29883"}],"wp:term":[{"taxonomy":"category","embeddable":true,"href":"https:\/\/www.romaoggi.eu\/index.php\/wp-json\/wp\/v2\/categories?post=29883"},{"taxonomy":"post_tag","embeddable":true,"href":"https:\/\/www.romaoggi.eu\/index.php\/wp-json\/wp\/v2\/tags?post=29883"}],"curies":[{"name":"wp","href":"https:\/\/api.w.org\/{rel}","templated":true}]}}