{"id":29918,"date":"2021-10-28T17:45:25","date_gmt":"2021-10-28T15:45:25","guid":{"rendered":"http:\/\/www.romaoggi.eu\/?p=29918"},"modified":"2021-10-28T18:05:25","modified_gmt":"2021-10-28T16:05:25","slug":"museo-della-zecca-di-roma-presentate-la-medaglia-dedicata-alla-pace-in-europa-e-la-stupor-mundi","status":"publish","type":"post","link":"https:\/\/www.romaoggi.eu\/index.php\/2021\/10\/28\/museo-della-zecca-di-roma-presentate-la-medaglia-dedicata-alla-pace-in-europa-e-la-stupor-mundi\/","title":{"rendered":"Museo della Zecca di Roma: presentate la medaglia dedicata alla Pace in Europa e la &#8220;Stupor Mundi&#8221;"},"content":{"rendered":"<p style=\"text-align: left\">Bellezza, stupore, storia, pace, arte, cultura &#8211; sono gli elementi che si intrecceranno<br \/>\nnella conferenza di presentazione, avvenuta gioved\u00ec 28 ottobre presso il <a href=\"https:\/\/www.museozecca.ipzs.it\/\">Museo della<\/a><br \/>\nZecca di Roma, di due medaglie di straordinaria importanza nate dalla collaborazione tra la<br \/>\nCasa Editrice Progetto Editoriale e la Zecca di Stato.<br \/>\nLa conferenza stampa \u00e8 stata moderata dal giornalista Rai <strong>Francesco d\u2019Ayala<\/strong>. Sono intervenuti:<br \/>\nil Direttore di Progetto Editoriale <strong>Francesco Malvasi<\/strong>, l\u2019Ing. <strong>Matteo Taglienti<\/strong> Responsabile<br \/>\ndella Filiera Zecca e produzioni artistiche presso la Direzione Sviluppo Soluzioni integrate<br \/>\ndel Poligrafico, Ing. <strong>Antonio Cascelli<\/strong> Direttore dello stabilimento Zecca dello Stato a via<br \/>\nGino Capponi e<strong> Franco Salvatori<\/strong> Presidente Onorario della Societ\u00e0 Geografica Italiana.<br \/>\nAfare da teatro a questo importante evento, un luogo unico ed eccezionale, aperto al pubblico<br \/>\nin occasioni speciali, il Museo della Zecca di Roma, nato agli inizi dell\u2019Ottocento come<br \/>\nGabinetto Numismatico dello stabilimento monetario pontificio e passato al Regno d\u2019Italia<br \/>\nnel 1870. All\u2019interno vi sono custoditi veri e propri tesori: monete, medaglie, coni, punzoni,<br \/>\nmodelli di cera e le copie di ogni moneta e medaglia di nuova emissione. Non solo, trovano<br \/>\nla loro naturale collocazione anche antichi macchinari destinati alla lavorazione dei metalli<br \/>\ne alla produzione di monete e medaglie, pantografi ottocenteschi e le attrezzature utilizzate<br \/>\nnei diversi reparti della Zecca Italiana, edificata sull\u2019Esquilino nel 1911.<br \/>\nLA BELLEZZA, LA PACE &#8211; Dalla \u201cMoneta pi\u00f9 bella del mondo\u201d alla <strong>medaglia dedicata<\/strong><br \/>\n<strong>alla Pace in Europa<\/strong>. Un percorso nato nel 2015, quando dall\u2019estro creativo di Maria Carmela<br \/>\nColaneri, artista della Scuola della Medaglia dell\u2019IPZS (Istituto Poligrafico della Zecca dello<br \/>\nStato) \u00e8 nata una moneta da 10 euro dedicata al tema della pace nel settantesimo anniversario<br \/>\ndalla fine dell\u2019ultima guerra in Europa. Nel 2017 la moneta \u00e8 stata premiata come la pi\u00f9\u00a0bella\u00a0del\u00a0Mondo\u00a0primeggiando\u00a0tra\u00a0le\u00a0proposte\u00a0di altre 40 Zecche nazionali e nel 2019 il primato \u00e8 stato riconfermato a San Pietroburgo. Attualmente la moneta \u00e8 introvabile e il suo valore di mercato \u00e8 in continua ascesa.<\/p>\n<p style=\"text-align: left\">Nel 2020, anno drammatico di pandemia, Progetto Editoriale ha deciso di comune accordo con IPZS, di rimarcare la centralit\u00e0 di pace, sicurezza e convivenza civile attraverso una rivisitazione della moneta \u201c70 anni di pace in Europa\u201d. La maestria incisoria di Silvia Petrassi ha dato vita ad una nuova medaglia con le stesse raffigurazioni e simbologie, con l\u2019intento di stimolare momenti di riflessione e consapevolezza in un quadro geopolitico internazionale di forte criticit\u00e0 e di non pochi interrogativi per il futuro.<\/p>\n<p style=\"text-align: left\">LO STUPORE &#8211; Quale figura storica, se non quella di Federico II di Svevia, poteva meglio incarnare i valori di pace? L\u2019imperatore del Sacro Romano Impero, re di Sicilia e di gran parte del Mezzogiorno d\u2019Italia, fu infatti un precursore colto e lungimirante, politico accorto e innovativo, appassionato di lettere e arte, tanto da guadagnarsi l\u2019appellativo di<strong> Stupor Mundi<\/strong>.<\/p>\n<p style=\"text-align: left\">Lo stesso nome \u00e8 stato dato alla Medaglia in forma di moneta, creata da Remo Carboni e coniata\u00a0dalla\u00a0Zecca\u00a0Italiana,\u00a0che sar\u00e0 presentata insieme alla Medaglia della Pace. L\u2019artista ha tratto la sua ispirazione direttamente dall\u2019Augustale, l\u2019antica moneta d\u2019oro emessa nel 1231 e dedicata a Federico II. Il dritto presentava il profilo dell\u2019Imperatore alla maniera dei Cesari, incoronato d\u2019alloro, mentre sul rovescio spiccava l\u2019aquila romana con la scritta FRIDERICVS. Nella rivisitazione attuale, l\u2019effige riportata sul dritto \u00e8 stata sostituita con il famoso sigillo storico\u00a0del\u00a0sovrano,\u00a0mai\u00a0riprodotto\u00a0in\u00a0questo\u00a0modo, mentre il retro \u00e8 stato riprodotto in maniera mirabile come l\u2019originale.<\/p>\n<p><img loading=\"lazy\" decoding=\"async\" class=\"aligncenter size-medium wp-image-29921\" src=\"https:\/\/www.romaoggi.eu\/wp-content\/uploads\/2021\/10\/249713757_3024108334522877_3476500931223939012_n-300x225.jpg\" alt=\"\" width=\"300\" height=\"225\" srcset=\"https:\/\/www.romaoggi.eu\/wp-content\/uploads\/2021\/10\/249713757_3024108334522877_3476500931223939012_n-300x225.jpg 300w, https:\/\/www.romaoggi.eu\/wp-content\/uploads\/2021\/10\/249713757_3024108334522877_3476500931223939012_n-1024x768.jpg 1024w, https:\/\/www.romaoggi.eu\/wp-content\/uploads\/2021\/10\/249713757_3024108334522877_3476500931223939012_n-1536x1152.jpg 1536w, https:\/\/www.romaoggi.eu\/wp-content\/uploads\/2021\/10\/249713757_3024108334522877_3476500931223939012_n-326x245.jpg 326w, https:\/\/www.romaoggi.eu\/wp-content\/uploads\/2021\/10\/249713757_3024108334522877_3476500931223939012_n-80x60.jpg 80w, https:\/\/www.romaoggi.eu\/wp-content\/uploads\/2021\/10\/249713757_3024108334522877_3476500931223939012_n.jpg 2048w\" sizes=\"auto, (max-width: 300px) 100vw, 300px\" \/><\/p>\n<p style=\"text-align: left\">LA STORIA &#8211; La presentazione di queste due medaglie rappresenta quindi un viaggio attraverso\u00a0la storia d\u2019Italia e d\u2019Europa, amplificato dal contesto prezioso offerto dal Museo della Zecca, un luogo che sottolinea l\u2019antichissima tradizione della Zecca di Stato Italiana, diventata oggigiorno un modello tecnologico e all\u2019avanguardia mantenendo pur sempre una sua anima artistica e artigianale.<\/p>\n<p style=\"text-align: left\">\u201cAlla luce delle recenti vicende in Medio Oriente, nel Nord Est Asiatico, in Africa e in Afghanistan, il nostro Gruppo ha deciso di realizzare una medaglia dedicata alla pace e ai valori che a questa sottendono &#8211; dichiara Francesco Malvasi, direttore di Progetto Editoriale -. L\u2019abbiamo legata alla creazione di una moneta immaginaria, la Stupor Mundi, un piccolo capolavoro dal grande significato intrinseco. Questo impegno progettuale cos\u00ec importante rappresenta un nostro reale contributo a quelle che possono essere individuate, ci auguriamo, come le linee guida per una Europa forte, accogliente, unita e solidale, punto di riferimento e di confronto per tutti i Paesi e i popoli del Mondo\u201d.<\/p>\n<p><img loading=\"lazy\" decoding=\"async\" class=\"aligncenter size-medium wp-image-29920\" src=\"https:\/\/www.romaoggi.eu\/wp-content\/uploads\/2021\/10\/248341929_3024108097856234_2425307689861650215_n-169x300.jpg\" alt=\"\" width=\"169\" height=\"300\" srcset=\"https:\/\/www.romaoggi.eu\/wp-content\/uploads\/2021\/10\/248341929_3024108097856234_2425307689861650215_n-169x300.jpg 169w, https:\/\/www.romaoggi.eu\/wp-content\/uploads\/2021\/10\/248341929_3024108097856234_2425307689861650215_n-576x1024.jpg 576w, https:\/\/www.romaoggi.eu\/wp-content\/uploads\/2021\/10\/248341929_3024108097856234_2425307689861650215_n-864x1536.jpg 864w, https:\/\/www.romaoggi.eu\/wp-content\/uploads\/2021\/10\/248341929_3024108097856234_2425307689861650215_n.jpg 1080w\" sizes=\"auto, (max-width: 169px) 100vw, 169px\" \/><\/p>\n","protected":false},"excerpt":{"rendered":"<div class=\"mh-excerpt\"><p>Bellezza, stupore, storia, pace, arte, cultura &#8211; sono gli elementi che si intrecceranno nella conferenza di presentazione, avvenuta gioved\u00ec 28 ottobre presso il Museo della Zecca di Roma, di due medaglie di straordinaria importanza nate <a class=\"mh-excerpt-more\" href=\"https:\/\/www.romaoggi.eu\/index.php\/2021\/10\/28\/museo-della-zecca-di-roma-presentate-la-medaglia-dedicata-alla-pace-in-europa-e-la-stupor-mundi\/\" title=\"Museo della Zecca di Roma: presentate la medaglia dedicata alla Pace in Europa e la &#8220;Stupor Mundi&#8221;\">[&#8230;]<\/a><\/p>\n<\/div>","protected":false},"author":13,"featured_media":29919,"comment_status":"closed","ping_status":"open","sticky":false,"template":"","format":"standard","meta":{"_sitemap_exclude":false,"_sitemap_priority":"","_sitemap_frequency":"","footnotes":""},"categories":[13933],"tags":[15676,15680,15678,15679,15677],"class_list":["post-29918","post","type-post","status-publish","format-standard","has-post-thumbnail","hentry","category-comunicati-stampa","tag-casa-editrice-progetto-editoriale","tag-medaglia-della-pace","tag-museo-della-zecca","tag-stupor-mundi","tag-zecca-di-stato"],"yoast_head":"<!-- This site is optimized with the Yoast SEO plugin v27.5 - https:\/\/yoast.com\/product\/yoast-seo-wordpress\/ -->\n<title>Museo della Zecca di Roma: presentate la medaglia dedicata alla Pace in Europa e la &quot;Stupor Mundi&quot;<\/title>\n<meta name=\"description\" content=\"Bellezza, stupore, storia, pace, arte, cultura - sono gli elementi che si intrecceranno nella conferenza di presentazione, avvenuta gioved\u00ec 28 ottobre\" \/>\n<meta name=\"robots\" content=\"index, follow, max-snippet:-1, max-image-preview:large, max-video-preview:-1\" \/>\n<link rel=\"canonical\" href=\"https:\/\/www.romaoggi.eu\/index.php\/2021\/10\/28\/museo-della-zecca-di-roma-presentate-la-medaglia-dedicata-alla-pace-in-europa-e-la-stupor-mundi\/\" \/>\n<meta property=\"og:locale\" content=\"it_IT\" \/>\n<meta property=\"og:type\" content=\"article\" \/>\n<meta property=\"og:title\" content=\"Museo della Zecca di Roma: presentate la medaglia dedicata alla Pace in Europa e la &quot;Stupor Mundi&quot;\" \/>\n<meta property=\"og:description\" content=\"Bellezza, stupore, storia, pace, arte, cultura - sono gli elementi che si intrecceranno nella conferenza di presentazione, avvenuta gioved\u00ec 28 ottobre\" \/>\n<meta property=\"og:url\" content=\"https:\/\/www.romaoggi.eu\/index.php\/2021\/10\/28\/museo-della-zecca-di-roma-presentate-la-medaglia-dedicata-alla-pace-in-europa-e-la-stupor-mundi\/\" \/>\n<meta property=\"og:site_name\" content=\"roma oggi\" \/>\n<meta property=\"article:publisher\" content=\"https:\/\/www.facebook.com\/RomaOggi-841544845954114\" \/>\n<meta property=\"article:published_time\" content=\"2021-10-28T15:45:25+00:00\" \/>\n<meta property=\"article:modified_time\" content=\"2021-10-28T16:05:25+00:00\" \/>\n<meta property=\"og:image\" content=\"https:\/\/www.romaoggi.eu\/wp-content\/uploads\/2021\/10\/248911889_3024108554522855_3535856049742650668_n.jpg\" \/>\n\t<meta property=\"og:image:width\" content=\"2048\" \/>\n\t<meta property=\"og:image:height\" content=\"1536\" \/>\n\t<meta property=\"og:image:type\" content=\"image\/jpeg\" \/>\n<meta name=\"author\" content=\"Federica Pansadoro\" \/>\n<meta name=\"twitter:card\" content=\"summary_large_image\" \/>\n<meta name=\"twitter:creator\" content=\"@romaoggi_eu\" \/>\n<meta name=\"twitter:site\" content=\"@romaoggi_eu\" \/>\n<meta name=\"twitter:label1\" content=\"Scritto da\" \/>\n\t<meta name=\"twitter:data1\" content=\"Federica Pansadoro\" \/>\n\t<meta name=\"twitter:label2\" content=\"Tempo di lettura stimato\" \/>\n\t<meta name=\"twitter:data2\" content=\"4 minuti\" \/>\n<script type=\"application\/ld+json\" class=\"yoast-schema-graph\">{\"@context\":\"https:\\\/\\\/schema.org\",\"@graph\":[{\"@type\":\"Article\",\"@id\":\"https:\\\/\\\/www.romaoggi.eu\\\/index.php\\\/2021\\\/10\\\/28\\\/museo-della-zecca-di-roma-presentate-la-medaglia-dedicata-alla-pace-in-europa-e-la-stupor-mundi\\\/#article\",\"isPartOf\":{\"@id\":\"https:\\\/\\\/www.romaoggi.eu\\\/index.php\\\/2021\\\/10\\\/28\\\/museo-della-zecca-di-roma-presentate-la-medaglia-dedicata-alla-pace-in-europa-e-la-stupor-mundi\\\/\"},\"author\":{\"name\":\"Federica Pansadoro\",\"@id\":\"https:\\\/\\\/www.romaoggi.eu\\\/#\\\/schema\\\/person\\\/569485df663c86fd2d0179a6643546f9\"},\"headline\":\"Museo della Zecca di Roma: presentate la medaglia dedicata alla Pace in Europa e la &#8220;Stupor Mundi&#8221;\",\"datePublished\":\"2021-10-28T15:45:25+00:00\",\"dateModified\":\"2021-10-28T16:05:25+00:00\",\"mainEntityOfPage\":{\"@id\":\"https:\\\/\\\/www.romaoggi.eu\\\/index.php\\\/2021\\\/10\\\/28\\\/museo-della-zecca-di-roma-presentate-la-medaglia-dedicata-alla-pace-in-europa-e-la-stupor-mundi\\\/\"},\"wordCount\":754,\"publisher\":{\"@id\":\"https:\\\/\\\/www.romaoggi.eu\\\/#organization\"},\"image\":{\"@id\":\"https:\\\/\\\/www.romaoggi.eu\\\/index.php\\\/2021\\\/10\\\/28\\\/museo-della-zecca-di-roma-presentate-la-medaglia-dedicata-alla-pace-in-europa-e-la-stupor-mundi\\\/#primaryimage\"},\"thumbnailUrl\":\"https:\\\/\\\/www.romaoggi.eu\\\/wp-content\\\/uploads\\\/2021\\\/10\\\/248911889_3024108554522855_3535856049742650668_n.jpg\",\"keywords\":[\"Casa Editrice Progetto Editoriale\",\"medaglia della pace\",\"Museo della Zecca\",\"Stupor Mundi\",\"Zecca di Stato\"],\"articleSection\":[\"COMUNICATI STAMPA\"],\"inLanguage\":\"it-IT\"},{\"@type\":\"WebPage\",\"@id\":\"https:\\\/\\\/www.romaoggi.eu\\\/index.php\\\/2021\\\/10\\\/28\\\/museo-della-zecca-di-roma-presentate-la-medaglia-dedicata-alla-pace-in-europa-e-la-stupor-mundi\\\/\",\"url\":\"https:\\\/\\\/www.romaoggi.eu\\\/index.php\\\/2021\\\/10\\\/28\\\/museo-della-zecca-di-roma-presentate-la-medaglia-dedicata-alla-pace-in-europa-e-la-stupor-mundi\\\/\",\"name\":\"Museo della Zecca di Roma: presentate la medaglia dedicata alla Pace in Europa e la \\\"Stupor Mundi\\\"\",\"isPartOf\":{\"@id\":\"https:\\\/\\\/www.romaoggi.eu\\\/#website\"},\"primaryImageOfPage\":{\"@id\":\"https:\\\/\\\/www.romaoggi.eu\\\/index.php\\\/2021\\\/10\\\/28\\\/museo-della-zecca-di-roma-presentate-la-medaglia-dedicata-alla-pace-in-europa-e-la-stupor-mundi\\\/#primaryimage\"},\"image\":{\"@id\":\"https:\\\/\\\/www.romaoggi.eu\\\/index.php\\\/2021\\\/10\\\/28\\\/museo-della-zecca-di-roma-presentate-la-medaglia-dedicata-alla-pace-in-europa-e-la-stupor-mundi\\\/#primaryimage\"},\"thumbnailUrl\":\"https:\\\/\\\/www.romaoggi.eu\\\/wp-content\\\/uploads\\\/2021\\\/10\\\/248911889_3024108554522855_3535856049742650668_n.jpg\",\"datePublished\":\"2021-10-28T15:45:25+00:00\",\"dateModified\":\"2021-10-28T16:05:25+00:00\",\"description\":\"Bellezza, stupore, storia, pace, arte, cultura - sono gli elementi che si intrecceranno nella conferenza di presentazione, avvenuta gioved\u00ec 28 ottobre\",\"breadcrumb\":{\"@id\":\"https:\\\/\\\/www.romaoggi.eu\\\/index.php\\\/2021\\\/10\\\/28\\\/museo-della-zecca-di-roma-presentate-la-medaglia-dedicata-alla-pace-in-europa-e-la-stupor-mundi\\\/#breadcrumb\"},\"inLanguage\":\"it-IT\",\"potentialAction\":[{\"@type\":\"ReadAction\",\"target\":[\"https:\\\/\\\/www.romaoggi.eu\\\/index.php\\\/2021\\\/10\\\/28\\\/museo-della-zecca-di-roma-presentate-la-medaglia-dedicata-alla-pace-in-europa-e-la-stupor-mundi\\\/\"]}]},{\"@type\":\"ImageObject\",\"inLanguage\":\"it-IT\",\"@id\":\"https:\\\/\\\/www.romaoggi.eu\\\/index.php\\\/2021\\\/10\\\/28\\\/museo-della-zecca-di-roma-presentate-la-medaglia-dedicata-alla-pace-in-europa-e-la-stupor-mundi\\\/#primaryimage\",\"url\":\"https:\\\/\\\/www.romaoggi.eu\\\/wp-content\\\/uploads\\\/2021\\\/10\\\/248911889_3024108554522855_3535856049742650668_n.jpg\",\"contentUrl\":\"https:\\\/\\\/www.romaoggi.eu\\\/wp-content\\\/uploads\\\/2021\\\/10\\\/248911889_3024108554522855_3535856049742650668_n.jpg\",\"width\":2048,\"height\":1536},{\"@type\":\"BreadcrumbList\",\"@id\":\"https:\\\/\\\/www.romaoggi.eu\\\/index.php\\\/2021\\\/10\\\/28\\\/museo-della-zecca-di-roma-presentate-la-medaglia-dedicata-alla-pace-in-europa-e-la-stupor-mundi\\\/#breadcrumb\",\"itemListElement\":[{\"@type\":\"ListItem\",\"position\":1,\"name\":\"Home\",\"item\":\"https:\\\/\\\/www.romaoggi.eu\\\/\"},{\"@type\":\"ListItem\",\"position\":2,\"name\":\"Museo della Zecca di Roma: presentate la medaglia dedicata alla Pace in Europa e la &#8220;Stupor Mundi&#8221;\"}]},{\"@type\":\"WebSite\",\"@id\":\"https:\\\/\\\/www.romaoggi.eu\\\/#website\",\"url\":\"https:\\\/\\\/www.romaoggi.eu\\\/\",\"name\":\"roma oggi\",\"description\":\"Interesting News for Interesting people\",\"publisher\":{\"@id\":\"https:\\\/\\\/www.romaoggi.eu\\\/#organization\"},\"potentialAction\":[{\"@type\":\"SearchAction\",\"target\":{\"@type\":\"EntryPoint\",\"urlTemplate\":\"https:\\\/\\\/www.romaoggi.eu\\\/?s={search_term_string}\"},\"query-input\":{\"@type\":\"PropertyValueSpecification\",\"valueRequired\":true,\"valueName\":\"search_term_string\"}}],\"inLanguage\":\"it-IT\"},{\"@type\":\"Organization\",\"@id\":\"https:\\\/\\\/www.romaoggi.eu\\\/#organization\",\"name\":\"RomaOggi\",\"url\":\"https:\\\/\\\/www.romaoggi.eu\\\/\",\"logo\":{\"@type\":\"ImageObject\",\"inLanguage\":\"it-IT\",\"@id\":\"https:\\\/\\\/www.romaoggi.eu\\\/#\\\/schema\\\/logo\\\/image\\\/\",\"url\":\"https:\\\/\\\/www.romaoggi.eu\\\/wp-content\\\/uploads\\\/2017\\\/04\\\/logowp.jpg\",\"contentUrl\":\"https:\\\/\\\/www.romaoggi.eu\\\/wp-content\\\/uploads\\\/2017\\\/04\\\/logowp.jpg\",\"width\":300,\"height\":133,\"caption\":\"RomaOggi\"},\"image\":{\"@id\":\"https:\\\/\\\/www.romaoggi.eu\\\/#\\\/schema\\\/logo\\\/image\\\/\"},\"sameAs\":[\"https:\\\/\\\/www.facebook.com\\\/RomaOggi-841544845954114\",\"https:\\\/\\\/x.com\\\/romaoggi_eu\"]},{\"@type\":\"Person\",\"@id\":\"https:\\\/\\\/www.romaoggi.eu\\\/#\\\/schema\\\/person\\\/569485df663c86fd2d0179a6643546f9\",\"name\":\"Federica Pansadoro\",\"image\":{\"@type\":\"ImageObject\",\"inLanguage\":\"it-IT\",\"@id\":\"https:\\\/\\\/secure.gravatar.com\\\/avatar\\\/646783eb26ef4eab9fe24f298081663814c4d6acd6ea1c44b2633e8176ba1dc5?s=96&d=mm&r=g\",\"url\":\"https:\\\/\\\/secure.gravatar.com\\\/avatar\\\/646783eb26ef4eab9fe24f298081663814c4d6acd6ea1c44b2633e8176ba1dc5?s=96&d=mm&r=g\",\"contentUrl\":\"https:\\\/\\\/secure.gravatar.com\\\/avatar\\\/646783eb26ef4eab9fe24f298081663814c4d6acd6ea1c44b2633e8176ba1dc5?s=96&d=mm&r=g\",\"caption\":\"Federica Pansadoro\"},\"sameAs\":[\"https:\\\/\\\/www.youtube.com\\\/channel\\\/UCN8Y45Fmdd0XBagxT7qUVEA\"],\"url\":\"https:\\\/\\\/www.romaoggi.eu\\\/index.php\\\/author\\\/federica\\\/\"}]}<\/script>\n<!-- \/ Yoast SEO plugin. -->","yoast_head_json":{"title":"Museo della Zecca di Roma: presentate la medaglia dedicata alla Pace in Europa e la \"Stupor Mundi\"","description":"Bellezza, stupore, storia, pace, arte, cultura - sono gli elementi che si intrecceranno nella conferenza di presentazione, avvenuta gioved\u00ec 28 ottobre","robots":{"index":"index","follow":"follow","max-snippet":"max-snippet:-1","max-image-preview":"max-image-preview:large","max-video-preview":"max-video-preview:-1"},"canonical":"https:\/\/www.romaoggi.eu\/index.php\/2021\/10\/28\/museo-della-zecca-di-roma-presentate-la-medaglia-dedicata-alla-pace-in-europa-e-la-stupor-mundi\/","og_locale":"it_IT","og_type":"article","og_title":"Museo della Zecca di Roma: presentate la medaglia dedicata alla Pace in Europa e la \"Stupor Mundi\"","og_description":"Bellezza, stupore, storia, pace, arte, cultura - sono gli elementi che si intrecceranno nella conferenza di presentazione, avvenuta gioved\u00ec 28 ottobre","og_url":"https:\/\/www.romaoggi.eu\/index.php\/2021\/10\/28\/museo-della-zecca-di-roma-presentate-la-medaglia-dedicata-alla-pace-in-europa-e-la-stupor-mundi\/","og_site_name":"roma oggi","article_publisher":"https:\/\/www.facebook.com\/RomaOggi-841544845954114","article_published_time":"2021-10-28T15:45:25+00:00","article_modified_time":"2021-10-28T16:05:25+00:00","og_image":[{"width":2048,"height":1536,"url":"https:\/\/www.romaoggi.eu\/wp-content\/uploads\/2021\/10\/248911889_3024108554522855_3535856049742650668_n.jpg","type":"image\/jpeg"}],"author":"Federica Pansadoro","twitter_card":"summary_large_image","twitter_creator":"@romaoggi_eu","twitter_site":"@romaoggi_eu","twitter_misc":{"Scritto da":"Federica Pansadoro","Tempo di lettura stimato":"4 minuti"},"schema":{"@context":"https:\/\/schema.org","@graph":[{"@type":"Article","@id":"https:\/\/www.romaoggi.eu\/index.php\/2021\/10\/28\/museo-della-zecca-di-roma-presentate-la-medaglia-dedicata-alla-pace-in-europa-e-la-stupor-mundi\/#article","isPartOf":{"@id":"https:\/\/www.romaoggi.eu\/index.php\/2021\/10\/28\/museo-della-zecca-di-roma-presentate-la-medaglia-dedicata-alla-pace-in-europa-e-la-stupor-mundi\/"},"author":{"name":"Federica Pansadoro","@id":"https:\/\/www.romaoggi.eu\/#\/schema\/person\/569485df663c86fd2d0179a6643546f9"},"headline":"Museo della Zecca di Roma: presentate la medaglia dedicata alla Pace in Europa e la &#8220;Stupor Mundi&#8221;","datePublished":"2021-10-28T15:45:25+00:00","dateModified":"2021-10-28T16:05:25+00:00","mainEntityOfPage":{"@id":"https:\/\/www.romaoggi.eu\/index.php\/2021\/10\/28\/museo-della-zecca-di-roma-presentate-la-medaglia-dedicata-alla-pace-in-europa-e-la-stupor-mundi\/"},"wordCount":754,"publisher":{"@id":"https:\/\/www.romaoggi.eu\/#organization"},"image":{"@id":"https:\/\/www.romaoggi.eu\/index.php\/2021\/10\/28\/museo-della-zecca-di-roma-presentate-la-medaglia-dedicata-alla-pace-in-europa-e-la-stupor-mundi\/#primaryimage"},"thumbnailUrl":"https:\/\/www.romaoggi.eu\/wp-content\/uploads\/2021\/10\/248911889_3024108554522855_3535856049742650668_n.jpg","keywords":["Casa Editrice Progetto Editoriale","medaglia della pace","Museo della Zecca","Stupor Mundi","Zecca di Stato"],"articleSection":["COMUNICATI STAMPA"],"inLanguage":"it-IT"},{"@type":"WebPage","@id":"https:\/\/www.romaoggi.eu\/index.php\/2021\/10\/28\/museo-della-zecca-di-roma-presentate-la-medaglia-dedicata-alla-pace-in-europa-e-la-stupor-mundi\/","url":"https:\/\/www.romaoggi.eu\/index.php\/2021\/10\/28\/museo-della-zecca-di-roma-presentate-la-medaglia-dedicata-alla-pace-in-europa-e-la-stupor-mundi\/","name":"Museo della Zecca di Roma: presentate la medaglia dedicata alla Pace in Europa e la \"Stupor Mundi\"","isPartOf":{"@id":"https:\/\/www.romaoggi.eu\/#website"},"primaryImageOfPage":{"@id":"https:\/\/www.romaoggi.eu\/index.php\/2021\/10\/28\/museo-della-zecca-di-roma-presentate-la-medaglia-dedicata-alla-pace-in-europa-e-la-stupor-mundi\/#primaryimage"},"image":{"@id":"https:\/\/www.romaoggi.eu\/index.php\/2021\/10\/28\/museo-della-zecca-di-roma-presentate-la-medaglia-dedicata-alla-pace-in-europa-e-la-stupor-mundi\/#primaryimage"},"thumbnailUrl":"https:\/\/www.romaoggi.eu\/wp-content\/uploads\/2021\/10\/248911889_3024108554522855_3535856049742650668_n.jpg","datePublished":"2021-10-28T15:45:25+00:00","dateModified":"2021-10-28T16:05:25+00:00","description":"Bellezza, stupore, storia, pace, arte, cultura - sono gli elementi che si intrecceranno nella conferenza di presentazione, avvenuta gioved\u00ec 28 ottobre","breadcrumb":{"@id":"https:\/\/www.romaoggi.eu\/index.php\/2021\/10\/28\/museo-della-zecca-di-roma-presentate-la-medaglia-dedicata-alla-pace-in-europa-e-la-stupor-mundi\/#breadcrumb"},"inLanguage":"it-IT","potentialAction":[{"@type":"ReadAction","target":["https:\/\/www.romaoggi.eu\/index.php\/2021\/10\/28\/museo-della-zecca-di-roma-presentate-la-medaglia-dedicata-alla-pace-in-europa-e-la-stupor-mundi\/"]}]},{"@type":"ImageObject","inLanguage":"it-IT","@id":"https:\/\/www.romaoggi.eu\/index.php\/2021\/10\/28\/museo-della-zecca-di-roma-presentate-la-medaglia-dedicata-alla-pace-in-europa-e-la-stupor-mundi\/#primaryimage","url":"https:\/\/www.romaoggi.eu\/wp-content\/uploads\/2021\/10\/248911889_3024108554522855_3535856049742650668_n.jpg","contentUrl":"https:\/\/www.romaoggi.eu\/wp-content\/uploads\/2021\/10\/248911889_3024108554522855_3535856049742650668_n.jpg","width":2048,"height":1536},{"@type":"BreadcrumbList","@id":"https:\/\/www.romaoggi.eu\/index.php\/2021\/10\/28\/museo-della-zecca-di-roma-presentate-la-medaglia-dedicata-alla-pace-in-europa-e-la-stupor-mundi\/#breadcrumb","itemListElement":[{"@type":"ListItem","position":1,"name":"Home","item":"https:\/\/www.romaoggi.eu\/"},{"@type":"ListItem","position":2,"name":"Museo della Zecca di Roma: presentate la medaglia dedicata alla Pace in Europa e la &#8220;Stupor Mundi&#8221;"}]},{"@type":"WebSite","@id":"https:\/\/www.romaoggi.eu\/#website","url":"https:\/\/www.romaoggi.eu\/","name":"roma oggi","description":"Interesting News for Interesting people","publisher":{"@id":"https:\/\/www.romaoggi.eu\/#organization"},"potentialAction":[{"@type":"SearchAction","target":{"@type":"EntryPoint","urlTemplate":"https:\/\/www.romaoggi.eu\/?s={search_term_string}"},"query-input":{"@type":"PropertyValueSpecification","valueRequired":true,"valueName":"search_term_string"}}],"inLanguage":"it-IT"},{"@type":"Organization","@id":"https:\/\/www.romaoggi.eu\/#organization","name":"RomaOggi","url":"https:\/\/www.romaoggi.eu\/","logo":{"@type":"ImageObject","inLanguage":"it-IT","@id":"https:\/\/www.romaoggi.eu\/#\/schema\/logo\/image\/","url":"https:\/\/www.romaoggi.eu\/wp-content\/uploads\/2017\/04\/logowp.jpg","contentUrl":"https:\/\/www.romaoggi.eu\/wp-content\/uploads\/2017\/04\/logowp.jpg","width":300,"height":133,"caption":"RomaOggi"},"image":{"@id":"https:\/\/www.romaoggi.eu\/#\/schema\/logo\/image\/"},"sameAs":["https:\/\/www.facebook.com\/RomaOggi-841544845954114","https:\/\/x.com\/romaoggi_eu"]},{"@type":"Person","@id":"https:\/\/www.romaoggi.eu\/#\/schema\/person\/569485df663c86fd2d0179a6643546f9","name":"Federica Pansadoro","image":{"@type":"ImageObject","inLanguage":"it-IT","@id":"https:\/\/secure.gravatar.com\/avatar\/646783eb26ef4eab9fe24f298081663814c4d6acd6ea1c44b2633e8176ba1dc5?s=96&d=mm&r=g","url":"https:\/\/secure.gravatar.com\/avatar\/646783eb26ef4eab9fe24f298081663814c4d6acd6ea1c44b2633e8176ba1dc5?s=96&d=mm&r=g","contentUrl":"https:\/\/secure.gravatar.com\/avatar\/646783eb26ef4eab9fe24f298081663814c4d6acd6ea1c44b2633e8176ba1dc5?s=96&d=mm&r=g","caption":"Federica Pansadoro"},"sameAs":["https:\/\/www.youtube.com\/channel\/UCN8Y45Fmdd0XBagxT7qUVEA"],"url":"https:\/\/www.romaoggi.eu\/index.php\/author\/federica\/"}]}},"_links":{"self":[{"href":"https:\/\/www.romaoggi.eu\/index.php\/wp-json\/wp\/v2\/posts\/29918","targetHints":{"allow":["GET"]}}],"collection":[{"href":"https:\/\/www.romaoggi.eu\/index.php\/wp-json\/wp\/v2\/posts"}],"about":[{"href":"https:\/\/www.romaoggi.eu\/index.php\/wp-json\/wp\/v2\/types\/post"}],"author":[{"embeddable":true,"href":"https:\/\/www.romaoggi.eu\/index.php\/wp-json\/wp\/v2\/users\/13"}],"replies":[{"embeddable":true,"href":"https:\/\/www.romaoggi.eu\/index.php\/wp-json\/wp\/v2\/comments?post=29918"}],"version-history":[{"count":3,"href":"https:\/\/www.romaoggi.eu\/index.php\/wp-json\/wp\/v2\/posts\/29918\/revisions"}],"predecessor-version":[{"id":29924,"href":"https:\/\/www.romaoggi.eu\/index.php\/wp-json\/wp\/v2\/posts\/29918\/revisions\/29924"}],"wp:featuredmedia":[{"embeddable":true,"href":"https:\/\/www.romaoggi.eu\/index.php\/wp-json\/wp\/v2\/media\/29919"}],"wp:attachment":[{"href":"https:\/\/www.romaoggi.eu\/index.php\/wp-json\/wp\/v2\/media?parent=29918"}],"wp:term":[{"taxonomy":"category","embeddable":true,"href":"https:\/\/www.romaoggi.eu\/index.php\/wp-json\/wp\/v2\/categories?post=29918"},{"taxonomy":"post_tag","embeddable":true,"href":"https:\/\/www.romaoggi.eu\/index.php\/wp-json\/wp\/v2\/tags?post=29918"}],"curies":[{"name":"wp","href":"https:\/\/api.w.org\/{rel}","templated":true}]}}