{"id":29986,"date":"2021-11-01T07:06:57","date_gmt":"2021-11-01T06:06:57","guid":{"rendered":"http:\/\/www.romaoggi.eu\/?p=29986"},"modified":"2021-11-07T11:29:29","modified_gmt":"2021-11-07T10:29:29","slug":"amazonia-al-maxxi","status":"publish","type":"post","link":"https:\/\/www.romaoggi.eu\/index.php\/2021\/11\/01\/amazonia-al-maxxi\/","title":{"rendered":"Amaz\u00f4nia. Al Maxxi tra attivismo fotografico e impegno ecologista! ..di Fabiana Cambiaso, Foto di Alessandro Lisci"},"content":{"rendered":"<h1><strong><span style=\"color: #ff0000;\"><span style=\"font-family: Times New Roman, serif;\"><span style=\"font-size: medium;\"><b>sostieni con una donazione il progetto fotografico di Target Lab.\u00a0 <\/b><\/span><\/span><\/span><a href=\"https:\/\/sostieni.link\/28814\"><span style=\"color: #ff0000;\"><span style=\"font-family: Times New Roman, serif;\"><span style=\"font-size: medium;\">https:\/\/sostieni.link\/28814<\/span><\/span><\/span><\/a><\/strong><\/h1>\n<h1><span style=\"color: #222222;\"><span style=\"font-family: Times New Roman, serif;\"><span style=\"font-size: medium;\"><b>Amaz\u00f4nia. Al Maxxi tra attivismo fotografico e impegno ecologista.<\/b><\/span><\/span><\/span><\/h1>\n<p align=\"JUSTIFY\"><span style=\"color: #222222;\"><span style=\"font-family: Times New Roman, serif;\"><span style=\"font-size: medium;\">Unica tappa italiana di un tour internazionale, al Maxxi di Roma, la mostra Amaz\u00f4nia di Sebasti\u00e3o Salgado riporta all&#8217;attenzione le istanze dello Youth4Climate e di COP26, col fine di scuotere le coscienze e ricordare come la Terra sia una risorsa tanto preziosa quanto fragile.<\/span><\/span><\/span><\/p>\n<p align=\"JUSTIFY\"><span style=\"color: #222222;\"><span style=\"font-family: Times New Roman, serif;\"><span style=\"font-size: medium;\">Un viaggio nel viaggio, a met\u00e0 strada tra etnologia ed ecologia: cos\u00ec si presenta la mostra \u201c<\/span><\/span><\/span><strong><span style=\"color: #222222;\"><span style=\"font-family: Times New Roman, serif;\"><span style=\"font-size: medium;\"><b>Amaz\u00f4nia<\/b><\/span><\/span><\/span><\/strong><span style=\"color: #222222;\"><span style=\"font-family: Times New Roman, serif;\"><span style=\"font-size: medium;\">\u201d curata da <\/span><\/span><\/span><strong><span style=\"color: #222222;\"><span style=\"font-family: Times New Roman, serif;\"><span style=\"font-size: medium;\"><b>L\u00e9lia Wanick Salgado<\/b><\/span><\/span><\/span><\/strong><span style=\"color: #222222;\"><span style=\"font-family: Times New Roman, serif;\"><span style=\"font-size: medium;\">e visitabile fino al 13 febbraio 2022. Circa 200 scatti di attivismo fotografico, che attraverso l\u2019occhio di <\/span><\/span><\/span><strong><span style=\"color: #222222;\"><span style=\"font-family: Times New Roman, serif;\"><span style=\"font-size: medium;\"><b>Sebasti\u00e3o Salgado <\/b><\/span><\/span><\/span><\/strong><span style=\"color: #222222;\"><span style=\"font-family: Times New Roman, serif;\"><span style=\"font-size: medium;\">ci svelano un mondo lontano e fiero, ma spesso dimenticato. <\/span><\/span><\/span><span style=\"color: #222222;\"><span style=\"font-family: Times New Roman, serif;\"><span style=\"font-size: medium;\"><b>\u201c<\/b><\/span><\/span><\/span><span style=\"color: #222222;\"><span style=\"font-family: Times New Roman, serif;\"><span style=\"font-size: medium;\"><i>Queste foto sono nate perch\u00e9 ero convinto di essere in paradiso, e avevo il dovere di testimoniare tutta quella bellezza<\/i><\/span><\/span><\/span><span style=\"color: #222222;\"><span style=\"font-family: Times New Roman, serif;\"><span style=\"font-size: medium;\">&#8220;. \u00c8 l&#8217;amore nei confronti di una terra considerata sacra, un Eden da proteggere e da celebrare a muovere gli intenti della curatrice e del fotografo sulla foresta che \u00e8 anche un patrimonio naturale inestimabile e da cui dipende l\u2019intera esistenza del nostro pianeta. <\/span><\/span><\/span><span style=\"color: #000000;\"><span style=\"font-family: Times New Roman, serif;\"><span style=\"font-size: medium;\">\u201c<\/span><\/span><\/span><em><span style=\"color: #000000;\"><span style=\"font-family: Times New Roman, serif;\"><span style=\"font-size: medium;\">Il 25% del territorio amazzone \u00e8 protetto dalla costituzione \u2013 risultato di una lotta di antropologi, sociologi e studiosi \u2013 e un altro 25% \u00e8 sotto la protezione dell\u2019Istituto per l\u2019Ambiente<\/span><\/span><\/span><\/em><span style=\"color: #000000;\"><span style=\"font-family: Times New Roman, serif;\"><span style=\"font-size: medium;\">\u201d, spiega Salgado, che accostandosi alla natura si \u00e8 anche riavvicinato alla fotografia dopo anni da fotogiornalista. <\/span><\/span><\/span><span style=\"color: #222222;\"><span style=\"font-family: Times New Roman, serif;\"><span style=\"font-size: medium;\">L\u2019Amazzonia genera pioggia, raffredda la terra, assorbe gas serra e custodisce il dieci per cento della biodiversit\u00e0 animale. Tuttavia negli ultimi anni la deforestazione ha raggiunto livelli record in Brasile, segnando nel 2019 un aumento di quasi il 10% rispetto all\u2019anno precedente. Le attivit\u00e0 umane intensive interferiscono con i cicli naturali e logorano interi ecosistemi raggiungendo un punto di non ritorno. Basti pensare che la foresta pluviale amazzonica ha iniziato essa stessa a contribuire al riscaldamento globale. \u201c<\/span><\/span><\/span><strong><span style=\"color: #222222;\"><span style=\"font-family: Times New Roman, serif;\"><span style=\"font-size: medium;\"><b>Amaz\u00f4nia<\/b><\/span><\/span><\/span><\/strong><span style=\"color: #222222;\"><span style=\"font-family: Times New Roman, serif;\"><span style=\"font-size: medium;\">\u201d \u00e8 allora un grido di allarme, affinch\u00e9 lo sviluppo non sia sinonimo di distruzione, ma venga rivisto in un\u2019ottica di preservazione delle bellezze naturali.<\/span><\/span><\/span><\/p>\n<p align=\"JUSTIFY\"><span style=\"color: #222222;\">\u201c<\/span><span style=\"font-family: Times New Roman, serif;\"><span style=\"font-size: medium;\"><span style=\"color: #222222;\"><i>L\u2019obiettivo era tirare fuori la potenza di questi luoghi. Volevo che gli spettatori entrassero fisicamente nella foresta, incontrassero le comunit\u00e0, fondendosi insieme. Volevo portare le persone nelle loro case, tra le montagne, nella foresta, nei fiumi e suoni dell\u2019Amazzonia. Volevo che tutto fosse vivo e che si delineasse una sorta di viaggio di esplorazione per il visitator<\/i><\/span><span style=\"color: #222222;\">e\u00bb.<\/span><\/span><\/span><\/p>\n<figure id=\"attachment_29995\" aria-describedby=\"caption-attachment-29995\" style=\"width: 1417px\" class=\"wp-caption alignnone\"><img loading=\"lazy\" decoding=\"async\" class=\"size-full wp-image-29995\" src=\"https:\/\/www.romaoggi.eu\/wp-content\/uploads\/2021\/11\/Photo002-Maxxi-Amazonia-Sebastiao-Salgado.jpg\" alt=\"alt tag Amaz\u00f4nia\" width=\"1417\" height=\"945\" srcset=\"https:\/\/www.romaoggi.eu\/wp-content\/uploads\/2021\/11\/Photo002-Maxxi-Amazonia-Sebastiao-Salgado.jpg 1417w, https:\/\/www.romaoggi.eu\/wp-content\/uploads\/2021\/11\/Photo002-Maxxi-Amazonia-Sebastiao-Salgado-300x200.jpg 300w, https:\/\/www.romaoggi.eu\/wp-content\/uploads\/2021\/11\/Photo002-Maxxi-Amazonia-Sebastiao-Salgado-1024x683.jpg 1024w\" sizes=\"auto, (max-width: 1417px) 100vw, 1417px\" \/><figcaption id=\"caption-attachment-29995\" class=\"wp-caption-text\"><strong>MAXXI, Amaz\u00f4nia di Sebastiao Salgado foto \u00a9 Alessandro Lisci<\/strong><\/figcaption><\/figure>\n<p align=\"JUSTIFY\"><span style=\"color: #000000;\"><span style=\"font-family: Times New Roman, serif;\"><span style=\"font-size: medium;\">Le oltre 200 foto propongono un&#8217;immersione totale nell&#8217;habitat amazzonico, poste a diverse altezze in diversi formati e scattate in sette anni di lavoro (48 i reportage realizzati) \u2013 e compongono la <\/span><\/span><\/span><strong><span style=\"color: #000000;\"><span style=\"font-family: Times New Roman, serif;\"><span style=\"font-size: medium;\"><b>mostra <\/b><\/span><\/span><\/span><\/strong><strong><span style=\"color: #000000;\"><span style=\"font-family: Times New Roman, serif;\"><span style=\"font-size: medium;\">che si <\/span><\/span><\/span><\/strong><span style=\"color: #000000;\"><span style=\"font-family: Times New Roman, serif;\"><span style=\"font-size: medium;\">s<\/span><\/span><\/span><span style=\"color: #000000;\"><span style=\"font-family: Times New Roman, serif;\"><span style=\"font-size: medium;\">viluppa in spazi che ricordano le <\/span><\/span><\/span><em><span style=\"color: #000000;\"><span style=\"font-family: Times New Roman, serif;\"><span style=\"font-size: medium;\"><i>ocas<\/i><\/span><\/span><\/span><\/em><span style=\"color: #000000;\"><span style=\"font-family: Times New Roman, serif;\"><span style=\"font-size: medium;\">, le tipiche abitazioni indigene, evocando in tal modo i piccoli e isolati insediamenti umani nel cuore della giungla. Un allestimento gi\u00e0 encomiabile di suo dove al nero del buio, si alternano il grigio delle pareti e l\u2019ocra rossa di quelle \u2018capanne\u2019. Se da un lato ci viene mostrato il paesaggio boschivo \u2013 con immagini che scorrono accompagnate dal suono del poema sinfonico <\/span><\/span><\/span><em><span style=\"color: #000000;\"><span style=\"font-family: Times New Roman, serif;\"><span style=\"font-size: medium;\"><i>Erosao <\/i><\/span><\/span><\/span><\/em><span style=\"color: #000000;\"><span style=\"font-family: Times New Roman, serif;\"><span style=\"font-size: medium;\">(<\/span><\/span><\/span><em><span style=\"color: #000000;\"><span style=\"font-family: Times New Roman, serif;\"><span style=\"font-size: medium;\"><i>Origem do Rio Amazonas<\/i><\/span><\/span><\/span><\/em><span style=\"color: #000000;\"><span style=\"font-family: Times New Roman, serif;\"><span style=\"font-size: medium;\">) di Heitor Villa Lobos \u2013 dall\u2019altro ci sono i ritratti di uomini e di donne indigeni con sottofondo la musica del musicista brasiliano Rodolfo Stroeter che si aggiunge a quella di Jean-Michel Jarre ispirata ai suoni autentici della foresta, al fruscio degli alberi, ai versi degli animali, al canto degli uccelli e al fragore dell\u2019acqua che cade a picco dalle montagne, vera e propria colonna sonora di questa mostra.<\/span><\/span><\/span><\/p>\n<p align=\"JUSTIFY\"><span style=\"color: #222222;\"><span style=\"font-family: Times New Roman, serif;\"><span style=\"font-size: medium;\">Per quanto inverosimile possa sembrare poter pensare di riprodurre le sensazioni che si provano quando ci si trova nella foresta pluviale, l\u2019alone di magia realizzato negli spazi del <\/span><\/span><\/span><strong><span style=\"color: #222222;\"><span style=\"font-family: Times New Roman, serif;\"><span style=\"font-size: medium;\"><b>MAXXI <\/b><\/span><\/span><\/span><\/strong><span style=\"color: #222222;\"><span style=\"font-family: Times New Roman, serif;\"><span style=\"font-size: medium;\">\u00e8 tale da generare un\u2019immersione fortemente evocativa. L\u2019uso della bicromia genera un racconto epico della natura, in cui le direttrici di spazio e tempo si confondono. Nello scatto di un attimo coesistono millenni di ere geologiche in rapporto agli uomini e alle specie animali, dando origine a un presente che supera la distanza longitudinale per avvicinare la magnificenza di un mondo incontaminato all\u2019incoscienza dell\u2019uomo metropolitano.<\/span><\/span><\/span><\/p>\n<p align=\"JUSTIFY\"><span style=\"color: #222222;\"><span style=\"font-family: Times New Roman, serif;\"><span style=\"font-size: medium;\">Si possono ammirare panoramiche e visioni dall\u2019alto, una fitta vegetazione tropicale interrotta dalle linee sinuose dei corsi d\u2019acqua, i preziosissimi \u201cfiumi volanti\u201d che rendono la foresta amazzonica l\u2019unico luogo al mondo la cui umidit\u00e0 aerea non dipende dall\u2019evaporazione degli oceani, ed ancora, la rappresentazione della forza delle piogge e le incantevoli forme degli isolotti sulle acque del Rio Negro. Accanto alle visioni paesaggistiche ci sono gli abitanti, le persone di questi habitat. Ritratti di diverse e antiche popolazioni indigene, che solo un fotografo attento e scrupoloso nello stabilire relazioni empatiche con i soggetti sa ottenere.<\/span><\/span><\/span><\/p>\n<figure id=\"attachment_29989\" aria-describedby=\"caption-attachment-29989\" style=\"width: 1417px\" class=\"wp-caption alignnone\"><img loading=\"lazy\" decoding=\"async\" class=\"size-full wp-image-29989\" src=\"https:\/\/www.romaoggi.eu\/wp-content\/uploads\/2021\/11\/Photo008-Maxxi-Amazonia-Sebastiao-Salgado.jpg\" alt=\"alt tag Amaz\u00f4nia\" width=\"1417\" height=\"945\" srcset=\"https:\/\/www.romaoggi.eu\/wp-content\/uploads\/2021\/11\/Photo008-Maxxi-Amazonia-Sebastiao-Salgado.jpg 1417w, https:\/\/www.romaoggi.eu\/wp-content\/uploads\/2021\/11\/Photo008-Maxxi-Amazonia-Sebastiao-Salgado-300x200.jpg 300w, https:\/\/www.romaoggi.eu\/wp-content\/uploads\/2021\/11\/Photo008-Maxxi-Amazonia-Sebastiao-Salgado-1024x683.jpg 1024w\" sizes=\"auto, (max-width: 1417px) 100vw, 1417px\" \/><figcaption id=\"caption-attachment-29989\" class=\"wp-caption-text\"><strong>MAXXI, Amaz\u00f4nia di Sebastiao Salgado foto \u00a9 Alessandro Lisci<\/strong><\/figcaption><\/figure>\n<p align=\"JUSTIFY\"><span style=\"color: #222222;\"><span style=\"font-family: Times New Roman, serif;\"><span style=\"font-size: medium;\"><br \/>\nAlla potenza emotiva, alla nitidezza estetica e alla cura del dettaglio del fotografo, si unisce cos\u00ec l\u2019impegno di un\u2019istituzione museale per \u00abun\u2019iconografia da salvare\u00bb. Per questo \u201c<\/span><\/span><\/span><strong><span style=\"color: #222222;\"><span style=\"font-family: Times New Roman, serif;\"><span style=\"font-size: medium;\"><b>Amaz\u00f4nia<\/b><\/span><\/span><\/span><\/strong><span style=\"color: #222222;\"><span style=\"font-family: Times New Roman, serif;\"><span style=\"font-size: medium;\">\u201d per tutta la sua durata, sar\u00e0 animata da conferenze, scambi e da un ricco programma di incontri per approfondire questi temi, in concomitanza, tra l&#8217;altro, con gli appuntamenti italiani per la lotta alla crisi climatica, lo Youth4Climate e la Pre-Cop26.<\/span><\/span><\/span><\/p>\n<p align=\"JUSTIFY\"><span style=\"color: #000000;\"><span style=\"font-family: Times New Roman, serif;\"><span style=\"font-size: medium;\">Sebasti\u00e3o Salgado insegna che con la fotografia possiamo capire il mondo, percorrerlo, comprendere i suoi drammi profondi e la sua bellezza incontaminata; la sua forza come le sue fragilit\u00e0 da difendere. Seguendo il filo delle immagini, magistralmente disposte nello spazio, impariamo a conoscere il cuore verde e prezioso del nostro pianeta e a capire come dobbiamo preservarlo. Con <\/span><\/span><\/span><em><span style=\"color: #000000;\"><span style=\"font-family: Times New Roman, serif;\"><span style=\"font-size: medium;\"><i>Amaz\u00f4nia <\/i><\/span><\/span><\/span><\/em><span style=\"color: #000000;\"><span style=\"font-family: Times New Roman, serif;\"><span style=\"font-size: medium;\">Salgado rinnova la tradizione della grande fotografia di impianto umanista che, tra documentazione e interpretazione, ci mostra come le immagini diventano testimonianza di ci\u00f2 che resta e monito alla riflessione per non farlo scomparire.<\/span><\/span><\/span><\/p>\n<p><strong>\u00a9 FABIANA CAMBIASO<\/strong><\/p>\n<p><strong>Redazione ed editing fotografico di Alessandro Lisci &#8211; TArget Lab Ets<\/strong><\/p>\n<p>&nbsp;<\/p>\n<figure id=\"attachment_29993\" aria-describedby=\"caption-attachment-29993\" style=\"width: 1417px\" class=\"wp-caption alignnone\"><img loading=\"lazy\" decoding=\"async\" class=\"size-full wp-image-29993\" src=\"https:\/\/www.romaoggi.eu\/wp-content\/uploads\/2021\/11\/Photo004-Maxxi-Amazonia-Sebastiao-Salgado.jpg\" alt=\"alt tag Amaz\u00f4nia\" width=\"1417\" height=\"945\" srcset=\"https:\/\/www.romaoggi.eu\/wp-content\/uploads\/2021\/11\/Photo004-Maxxi-Amazonia-Sebastiao-Salgado.jpg 1417w, https:\/\/www.romaoggi.eu\/wp-content\/uploads\/2021\/11\/Photo004-Maxxi-Amazonia-Sebastiao-Salgado-300x200.jpg 300w, https:\/\/www.romaoggi.eu\/wp-content\/uploads\/2021\/11\/Photo004-Maxxi-Amazonia-Sebastiao-Salgado-1024x683.jpg 1024w\" sizes=\"auto, (max-width: 1417px) 100vw, 1417px\" \/><figcaption id=\"caption-attachment-29993\" class=\"wp-caption-text\"><strong>MAXXI, Amaz\u00f4nia di Sebastiao Salgado foto \u00a9 Alessandro Lisci<\/strong><\/figcaption><\/figure>\n<p>&nbsp;<\/p>\n<figure id=\"attachment_29988\" aria-describedby=\"caption-attachment-29988\" style=\"width: 1417px\" class=\"wp-caption alignnone\"><img loading=\"lazy\" decoding=\"async\" class=\"size-full wp-image-29988\" src=\"https:\/\/www.romaoggi.eu\/wp-content\/uploads\/2021\/11\/Photo010-Maxxi-Amazonia-Sebastiao-Salgado.jpg\" alt=\"alt tag Amaz\u00f4nia\" width=\"1417\" height=\"945\" srcset=\"https:\/\/www.romaoggi.eu\/wp-content\/uploads\/2021\/11\/Photo010-Maxxi-Amazonia-Sebastiao-Salgado.jpg 1417w, https:\/\/www.romaoggi.eu\/wp-content\/uploads\/2021\/11\/Photo010-Maxxi-Amazonia-Sebastiao-Salgado-300x200.jpg 300w, https:\/\/www.romaoggi.eu\/wp-content\/uploads\/2021\/11\/Photo010-Maxxi-Amazonia-Sebastiao-Salgado-1024x683.jpg 1024w\" sizes=\"auto, (max-width: 1417px) 100vw, 1417px\" \/><figcaption id=\"caption-attachment-29988\" class=\"wp-caption-text\"><strong>MAXXI, Amaz\u00f4nia di Sebastiao Salgado foto \u00a9 Alessandro Lisci<\/strong><\/figcaption><\/figure>\n<p>&nbsp;<\/p>\n<figure id=\"attachment_29990\" aria-describedby=\"caption-attachment-29990\" style=\"width: 1417px\" class=\"wp-caption alignnone\"><img loading=\"lazy\" decoding=\"async\" class=\"size-full wp-image-29990\" src=\"https:\/\/www.romaoggi.eu\/wp-content\/uploads\/2021\/11\/Photo007-Maxxi-Amazonia-Sebastiao-Salgado.jpg\" alt=\"alt tag Amaz\u00f4nia\" width=\"1417\" height=\"945\" srcset=\"https:\/\/www.romaoggi.eu\/wp-content\/uploads\/2021\/11\/Photo007-Maxxi-Amazonia-Sebastiao-Salgado.jpg 1417w, https:\/\/www.romaoggi.eu\/wp-content\/uploads\/2021\/11\/Photo007-Maxxi-Amazonia-Sebastiao-Salgado-300x200.jpg 300w, https:\/\/www.romaoggi.eu\/wp-content\/uploads\/2021\/11\/Photo007-Maxxi-Amazonia-Sebastiao-Salgado-1024x683.jpg 1024w\" sizes=\"auto, (max-width: 1417px) 100vw, 1417px\" \/><figcaption id=\"caption-attachment-29990\" class=\"wp-caption-text\"><strong>MAXXI, Amaz\u00f4nia di Sebastiao Salgado foto \u00a9 Alessandro Lisci<\/strong><\/figcaption><\/figure>\n<p>&nbsp;<\/p>\n<figure id=\"attachment_29991\" aria-describedby=\"caption-attachment-29991\" style=\"width: 1417px\" class=\"wp-caption alignnone\"><img loading=\"lazy\" decoding=\"async\" class=\"size-full wp-image-29991\" src=\"https:\/\/www.romaoggi.eu\/wp-content\/uploads\/2021\/11\/Photo006-Maxxi-Amazonia-Sebastiao-Salgado.jpg\" alt=\"alt tag Amaz\u00f4nia\" width=\"1417\" height=\"945\" srcset=\"https:\/\/www.romaoggi.eu\/wp-content\/uploads\/2021\/11\/Photo006-Maxxi-Amazonia-Sebastiao-Salgado.jpg 1417w, https:\/\/www.romaoggi.eu\/wp-content\/uploads\/2021\/11\/Photo006-Maxxi-Amazonia-Sebastiao-Salgado-300x200.jpg 300w, https:\/\/www.romaoggi.eu\/wp-content\/uploads\/2021\/11\/Photo006-Maxxi-Amazonia-Sebastiao-Salgado-1024x683.jpg 1024w\" sizes=\"auto, (max-width: 1417px) 100vw, 1417px\" \/><figcaption id=\"caption-attachment-29991\" class=\"wp-caption-text\"><strong>MAXXI, Amaz\u00f4nia di Sebastiao Salgado foto \u00a9 Alessandro Lisci<\/strong><\/figcaption><\/figure>\n<p><span style=\"font-family: Times New Roman, serif;\"><span style=\"font-size: medium;\">\u00a0<\/span><\/span><\/p>\n","protected":false},"excerpt":{"rendered":"<div class=\"mh-excerpt\"><p>sostieni con una donazione il progetto fotografico di Target Lab.\u00a0 https:\/\/sostieni.link\/28814 Amaz\u00f4nia. Al Maxxi tra attivismo fotografico e impegno ecologista. Unica tappa italiana di un tour internazionale, al Maxxi di Roma, la mostra Amaz\u00f4nia di <a class=\"mh-excerpt-more\" href=\"https:\/\/www.romaoggi.eu\/index.php\/2021\/11\/01\/amazonia-al-maxxi\/\" title=\"Amaz\u00f4nia. Al Maxxi tra attivismo fotografico e impegno ecologista! ..di Fabiana Cambiaso, Foto di Alessandro Lisci\">[&#8230;]<\/a><\/p>\n<\/div>","protected":false},"author":10,"featured_media":29996,"comment_status":"closed","ping_status":"open","sticky":false,"template":"","format":"standard","meta":{"_sitemap_exclude":false,"_sitemap_priority":"","_sitemap_frequency":"","footnotes":""},"categories":[74],"tags":[4137,15686,11463,15687,6222,15401,15567],"class_list":["post-29986","post","type-post","status-publish","format-standard","has-post-thumbnail","hentry","category-mostre","tag-alessandro-lisci","tag-amazonia","tag-fabiana-cambiaso","tag-lelia-wanick-salgadoe","tag-maxxi","tag-sebastiao-salgado","tag-target-lab-ets"],"yoast_head":"<!-- This site is optimized with the Yoast SEO plugin v27.5 - https:\/\/yoast.com\/product\/yoast-seo-wordpress\/ -->\n<title>Amaz\u00f4nia. Al Maxxi tra attivismo fotografico e impegno ecologista! ..di Fabiana Cambiaso, Foto di Alessandro Lisci<\/title>\n<meta name=\"description\" content=\"sostieni con una donazione il progetto fotografico di Target Lab.\u00a0 https:\/\/sostieni.link\/28814 Amaz\u00f4nia. Al Maxxi tra attivismo fotografico e impegno\" \/>\n<meta name=\"robots\" content=\"index, follow, max-snippet:-1, max-image-preview:large, max-video-preview:-1\" \/>\n<link rel=\"canonical\" href=\"https:\/\/www.romaoggi.eu\/index.php\/2021\/11\/01\/amazonia-al-maxxi\/\" \/>\n<meta property=\"og:locale\" content=\"it_IT\" \/>\n<meta property=\"og:type\" content=\"article\" \/>\n<meta property=\"og:title\" content=\"Amaz\u00f4nia. Al Maxxi tra attivismo fotografico e impegno ecologista! ..di Fabiana Cambiaso, Foto di Alessandro Lisci\" \/>\n<meta property=\"og:description\" content=\"sostieni con una donazione il progetto fotografico di Target Lab.\u00a0 https:\/\/sostieni.link\/28814 Amaz\u00f4nia. Al Maxxi tra attivismo fotografico e impegno\" \/>\n<meta property=\"og:url\" content=\"https:\/\/www.romaoggi.eu\/index.php\/2021\/11\/01\/amazonia-al-maxxi\/\" \/>\n<meta property=\"og:site_name\" content=\"roma oggi\" \/>\n<meta property=\"article:publisher\" content=\"https:\/\/www.facebook.com\/RomaOggi-841544845954114\" \/>\n<meta property=\"article:author\" content=\"https:\/\/www.facebook.com\/alessandro.lisci.5\" \/>\n<meta property=\"article:published_time\" content=\"2021-11-01T06:06:57+00:00\" \/>\n<meta property=\"article:modified_time\" content=\"2021-11-07T10:29:29+00:00\" \/>\n<meta property=\"og:image\" content=\"https:\/\/www.romaoggi.eu\/wp-content\/uploads\/2021\/11\/Photo001-Maxxi-Amazonia-Sebastiao-Salgado.jpg\" \/>\n\t<meta property=\"og:image:width\" content=\"1417\" \/>\n\t<meta property=\"og:image:height\" content=\"945\" \/>\n\t<meta property=\"og:image:type\" content=\"image\/jpeg\" \/>\n<meta name=\"author\" content=\"Alessandro Lisci\" \/>\n<meta name=\"twitter:card\" content=\"summary_large_image\" \/>\n<meta name=\"twitter:creator\" content=\"@https:\/\/twitter.com\/alessandrolisci\" \/>\n<meta name=\"twitter:site\" content=\"@romaoggi_eu\" \/>\n<meta name=\"twitter:label1\" content=\"Scritto da\" \/>\n\t<meta name=\"twitter:data1\" content=\"Alessandro Lisci\" \/>\n\t<meta name=\"twitter:label2\" content=\"Tempo di lettura stimato\" \/>\n\t<meta name=\"twitter:data2\" content=\"6 minuti\" \/>\n<script type=\"application\/ld+json\" class=\"yoast-schema-graph\">{\"@context\":\"https:\\\/\\\/schema.org\",\"@graph\":[{\"@type\":\"Article\",\"@id\":\"https:\\\/\\\/www.romaoggi.eu\\\/index.php\\\/2021\\\/11\\\/01\\\/amazonia-al-maxxi\\\/#article\",\"isPartOf\":{\"@id\":\"https:\\\/\\\/www.romaoggi.eu\\\/index.php\\\/2021\\\/11\\\/01\\\/amazonia-al-maxxi\\\/\"},\"author\":{\"name\":\"Alessandro Lisci\",\"@id\":\"https:\\\/\\\/www.romaoggi.eu\\\/#\\\/schema\\\/person\\\/30ada62b3bd510c45a781b7e3bf65e69\"},\"headline\":\"Amaz\u00f4nia. Al Maxxi tra attivismo fotografico e impegno ecologista! ..di Fabiana Cambiaso, Foto di Alessandro Lisci\",\"datePublished\":\"2021-11-01T06:06:57+00:00\",\"dateModified\":\"2021-11-07T10:29:29+00:00\",\"mainEntityOfPage\":{\"@id\":\"https:\\\/\\\/www.romaoggi.eu\\\/index.php\\\/2021\\\/11\\\/01\\\/amazonia-al-maxxi\\\/\"},\"wordCount\":1064,\"publisher\":{\"@id\":\"https:\\\/\\\/www.romaoggi.eu\\\/#organization\"},\"image\":{\"@id\":\"https:\\\/\\\/www.romaoggi.eu\\\/index.php\\\/2021\\\/11\\\/01\\\/amazonia-al-maxxi\\\/#primaryimage\"},\"thumbnailUrl\":\"https:\\\/\\\/www.romaoggi.eu\\\/wp-content\\\/uploads\\\/2021\\\/11\\\/Photo001-Maxxi-Amazonia-Sebastiao-Salgado.jpg\",\"keywords\":[\"alessandro lisci\",\"Amaz\u00f4nia\",\"fabiana cambiaso\",\"L\u00e9lia Wanick Salgadoe\",\"Maxxi\",\"Sebasti\u00e3o Salgado\",\"target lab ets\"],\"articleSection\":[\"Mostre\"],\"inLanguage\":\"it-IT\"},{\"@type\":\"WebPage\",\"@id\":\"https:\\\/\\\/www.romaoggi.eu\\\/index.php\\\/2021\\\/11\\\/01\\\/amazonia-al-maxxi\\\/\",\"url\":\"https:\\\/\\\/www.romaoggi.eu\\\/index.php\\\/2021\\\/11\\\/01\\\/amazonia-al-maxxi\\\/\",\"name\":\"Amaz\u00f4nia. Al Maxxi tra attivismo fotografico e impegno ecologista! ..di Fabiana Cambiaso, Foto di Alessandro Lisci\",\"isPartOf\":{\"@id\":\"https:\\\/\\\/www.romaoggi.eu\\\/#website\"},\"primaryImageOfPage\":{\"@id\":\"https:\\\/\\\/www.romaoggi.eu\\\/index.php\\\/2021\\\/11\\\/01\\\/amazonia-al-maxxi\\\/#primaryimage\"},\"image\":{\"@id\":\"https:\\\/\\\/www.romaoggi.eu\\\/index.php\\\/2021\\\/11\\\/01\\\/amazonia-al-maxxi\\\/#primaryimage\"},\"thumbnailUrl\":\"https:\\\/\\\/www.romaoggi.eu\\\/wp-content\\\/uploads\\\/2021\\\/11\\\/Photo001-Maxxi-Amazonia-Sebastiao-Salgado.jpg\",\"datePublished\":\"2021-11-01T06:06:57+00:00\",\"dateModified\":\"2021-11-07T10:29:29+00:00\",\"description\":\"sostieni con una donazione il progetto fotografico di Target Lab.\u00a0 https:\\\/\\\/sostieni.link\\\/28814 Amaz\u00f4nia. Al Maxxi tra attivismo fotografico e impegno\",\"breadcrumb\":{\"@id\":\"https:\\\/\\\/www.romaoggi.eu\\\/index.php\\\/2021\\\/11\\\/01\\\/amazonia-al-maxxi\\\/#breadcrumb\"},\"inLanguage\":\"it-IT\",\"potentialAction\":[{\"@type\":\"ReadAction\",\"target\":[\"https:\\\/\\\/www.romaoggi.eu\\\/index.php\\\/2021\\\/11\\\/01\\\/amazonia-al-maxxi\\\/\"]}]},{\"@type\":\"ImageObject\",\"inLanguage\":\"it-IT\",\"@id\":\"https:\\\/\\\/www.romaoggi.eu\\\/index.php\\\/2021\\\/11\\\/01\\\/amazonia-al-maxxi\\\/#primaryimage\",\"url\":\"https:\\\/\\\/www.romaoggi.eu\\\/wp-content\\\/uploads\\\/2021\\\/11\\\/Photo001-Maxxi-Amazonia-Sebastiao-Salgado.jpg\",\"contentUrl\":\"https:\\\/\\\/www.romaoggi.eu\\\/wp-content\\\/uploads\\\/2021\\\/11\\\/Photo001-Maxxi-Amazonia-Sebastiao-Salgado.jpg\",\"width\":1417,\"height\":945,\"caption\":\"MAXXI, Amaz\u00f4nia di Sebastiao Salgado foto \u00a9 Alessandro Lisci\"},{\"@type\":\"BreadcrumbList\",\"@id\":\"https:\\\/\\\/www.romaoggi.eu\\\/index.php\\\/2021\\\/11\\\/01\\\/amazonia-al-maxxi\\\/#breadcrumb\",\"itemListElement\":[{\"@type\":\"ListItem\",\"position\":1,\"name\":\"Home\",\"item\":\"https:\\\/\\\/www.romaoggi.eu\\\/\"},{\"@type\":\"ListItem\",\"position\":2,\"name\":\"Amaz\u00f4nia. Al Maxxi tra attivismo fotografico e impegno ecologista! ..di Fabiana Cambiaso, Foto di Alessandro Lisci\"}]},{\"@type\":\"WebSite\",\"@id\":\"https:\\\/\\\/www.romaoggi.eu\\\/#website\",\"url\":\"https:\\\/\\\/www.romaoggi.eu\\\/\",\"name\":\"roma oggi\",\"description\":\"Interesting News for Interesting people\",\"publisher\":{\"@id\":\"https:\\\/\\\/www.romaoggi.eu\\\/#organization\"},\"potentialAction\":[{\"@type\":\"SearchAction\",\"target\":{\"@type\":\"EntryPoint\",\"urlTemplate\":\"https:\\\/\\\/www.romaoggi.eu\\\/?s={search_term_string}\"},\"query-input\":{\"@type\":\"PropertyValueSpecification\",\"valueRequired\":true,\"valueName\":\"search_term_string\"}}],\"inLanguage\":\"it-IT\"},{\"@type\":\"Organization\",\"@id\":\"https:\\\/\\\/www.romaoggi.eu\\\/#organization\",\"name\":\"RomaOggi\",\"url\":\"https:\\\/\\\/www.romaoggi.eu\\\/\",\"logo\":{\"@type\":\"ImageObject\",\"inLanguage\":\"it-IT\",\"@id\":\"https:\\\/\\\/www.romaoggi.eu\\\/#\\\/schema\\\/logo\\\/image\\\/\",\"url\":\"https:\\\/\\\/www.romaoggi.eu\\\/wp-content\\\/uploads\\\/2017\\\/04\\\/logowp.jpg\",\"contentUrl\":\"https:\\\/\\\/www.romaoggi.eu\\\/wp-content\\\/uploads\\\/2017\\\/04\\\/logowp.jpg\",\"width\":300,\"height\":133,\"caption\":\"RomaOggi\"},\"image\":{\"@id\":\"https:\\\/\\\/www.romaoggi.eu\\\/#\\\/schema\\\/logo\\\/image\\\/\"},\"sameAs\":[\"https:\\\/\\\/www.facebook.com\\\/RomaOggi-841544845954114\",\"https:\\\/\\\/x.com\\\/romaoggi_eu\"]},{\"@type\":\"Person\",\"@id\":\"https:\\\/\\\/www.romaoggi.eu\\\/#\\\/schema\\\/person\\\/30ada62b3bd510c45a781b7e3bf65e69\",\"name\":\"Alessandro Lisci\",\"image\":{\"@type\":\"ImageObject\",\"inLanguage\":\"it-IT\",\"@id\":\"https:\\\/\\\/secure.gravatar.com\\\/avatar\\\/9b9712162b2ac404aa0d7d978185f203808e7bd02856a449b19868b2eb80cf12?s=96&d=mm&r=g\",\"url\":\"https:\\\/\\\/secure.gravatar.com\\\/avatar\\\/9b9712162b2ac404aa0d7d978185f203808e7bd02856a449b19868b2eb80cf12?s=96&d=mm&r=g\",\"contentUrl\":\"https:\\\/\\\/secure.gravatar.com\\\/avatar\\\/9b9712162b2ac404aa0d7d978185f203808e7bd02856a449b19868b2eb80cf12?s=96&d=mm&r=g\",\"caption\":\"Alessandro Lisci\"},\"sameAs\":[\"http:\\\/\\\/www.alessandrolisci.com\",\"https:\\\/\\\/www.facebook.com\\\/alessandro.lisci.5\",\"https:\\\/\\\/x.com\\\/https:\\\/\\\/twitter.com\\\/alessandrolisci\",\"https:\\\/\\\/www.youtube.com\\\/user\\\/alessandrolisci\"],\"url\":\"https:\\\/\\\/www.romaoggi.eu\\\/index.php\\\/author\\\/alessandro\\\/\"}]}<\/script>\n<!-- \/ Yoast SEO plugin. -->","yoast_head_json":{"title":"Amaz\u00f4nia. Al Maxxi tra attivismo fotografico e impegno ecologista! ..di Fabiana Cambiaso, Foto di Alessandro Lisci","description":"sostieni con una donazione il progetto fotografico di Target Lab.\u00a0 https:\/\/sostieni.link\/28814 Amaz\u00f4nia. Al Maxxi tra attivismo fotografico e impegno","robots":{"index":"index","follow":"follow","max-snippet":"max-snippet:-1","max-image-preview":"max-image-preview:large","max-video-preview":"max-video-preview:-1"},"canonical":"https:\/\/www.romaoggi.eu\/index.php\/2021\/11\/01\/amazonia-al-maxxi\/","og_locale":"it_IT","og_type":"article","og_title":"Amaz\u00f4nia. Al Maxxi tra attivismo fotografico e impegno ecologista! ..di Fabiana Cambiaso, Foto di Alessandro Lisci","og_description":"sostieni con una donazione il progetto fotografico di Target Lab.\u00a0 https:\/\/sostieni.link\/28814 Amaz\u00f4nia. Al Maxxi tra attivismo fotografico e impegno","og_url":"https:\/\/www.romaoggi.eu\/index.php\/2021\/11\/01\/amazonia-al-maxxi\/","og_site_name":"roma oggi","article_publisher":"https:\/\/www.facebook.com\/RomaOggi-841544845954114","article_author":"https:\/\/www.facebook.com\/alessandro.lisci.5","article_published_time":"2021-11-01T06:06:57+00:00","article_modified_time":"2021-11-07T10:29:29+00:00","og_image":[{"width":1417,"height":945,"url":"https:\/\/www.romaoggi.eu\/wp-content\/uploads\/2021\/11\/Photo001-Maxxi-Amazonia-Sebastiao-Salgado.jpg","type":"image\/jpeg"}],"author":"Alessandro Lisci","twitter_card":"summary_large_image","twitter_creator":"@https:\/\/twitter.com\/alessandrolisci","twitter_site":"@romaoggi_eu","twitter_misc":{"Scritto da":"Alessandro Lisci","Tempo di lettura stimato":"6 minuti"},"schema":{"@context":"https:\/\/schema.org","@graph":[{"@type":"Article","@id":"https:\/\/www.romaoggi.eu\/index.php\/2021\/11\/01\/amazonia-al-maxxi\/#article","isPartOf":{"@id":"https:\/\/www.romaoggi.eu\/index.php\/2021\/11\/01\/amazonia-al-maxxi\/"},"author":{"name":"Alessandro Lisci","@id":"https:\/\/www.romaoggi.eu\/#\/schema\/person\/30ada62b3bd510c45a781b7e3bf65e69"},"headline":"Amaz\u00f4nia. Al Maxxi tra attivismo fotografico e impegno ecologista! ..di Fabiana Cambiaso, Foto di Alessandro Lisci","datePublished":"2021-11-01T06:06:57+00:00","dateModified":"2021-11-07T10:29:29+00:00","mainEntityOfPage":{"@id":"https:\/\/www.romaoggi.eu\/index.php\/2021\/11\/01\/amazonia-al-maxxi\/"},"wordCount":1064,"publisher":{"@id":"https:\/\/www.romaoggi.eu\/#organization"},"image":{"@id":"https:\/\/www.romaoggi.eu\/index.php\/2021\/11\/01\/amazonia-al-maxxi\/#primaryimage"},"thumbnailUrl":"https:\/\/www.romaoggi.eu\/wp-content\/uploads\/2021\/11\/Photo001-Maxxi-Amazonia-Sebastiao-Salgado.jpg","keywords":["alessandro lisci","Amaz\u00f4nia","fabiana cambiaso","L\u00e9lia Wanick Salgadoe","Maxxi","Sebasti\u00e3o Salgado","target lab ets"],"articleSection":["Mostre"],"inLanguage":"it-IT"},{"@type":"WebPage","@id":"https:\/\/www.romaoggi.eu\/index.php\/2021\/11\/01\/amazonia-al-maxxi\/","url":"https:\/\/www.romaoggi.eu\/index.php\/2021\/11\/01\/amazonia-al-maxxi\/","name":"Amaz\u00f4nia. Al Maxxi tra attivismo fotografico e impegno ecologista! ..di Fabiana Cambiaso, Foto di Alessandro Lisci","isPartOf":{"@id":"https:\/\/www.romaoggi.eu\/#website"},"primaryImageOfPage":{"@id":"https:\/\/www.romaoggi.eu\/index.php\/2021\/11\/01\/amazonia-al-maxxi\/#primaryimage"},"image":{"@id":"https:\/\/www.romaoggi.eu\/index.php\/2021\/11\/01\/amazonia-al-maxxi\/#primaryimage"},"thumbnailUrl":"https:\/\/www.romaoggi.eu\/wp-content\/uploads\/2021\/11\/Photo001-Maxxi-Amazonia-Sebastiao-Salgado.jpg","datePublished":"2021-11-01T06:06:57+00:00","dateModified":"2021-11-07T10:29:29+00:00","description":"sostieni con una donazione il progetto fotografico di Target Lab.\u00a0 https:\/\/sostieni.link\/28814 Amaz\u00f4nia. Al Maxxi tra attivismo fotografico e impegno","breadcrumb":{"@id":"https:\/\/www.romaoggi.eu\/index.php\/2021\/11\/01\/amazonia-al-maxxi\/#breadcrumb"},"inLanguage":"it-IT","potentialAction":[{"@type":"ReadAction","target":["https:\/\/www.romaoggi.eu\/index.php\/2021\/11\/01\/amazonia-al-maxxi\/"]}]},{"@type":"ImageObject","inLanguage":"it-IT","@id":"https:\/\/www.romaoggi.eu\/index.php\/2021\/11\/01\/amazonia-al-maxxi\/#primaryimage","url":"https:\/\/www.romaoggi.eu\/wp-content\/uploads\/2021\/11\/Photo001-Maxxi-Amazonia-Sebastiao-Salgado.jpg","contentUrl":"https:\/\/www.romaoggi.eu\/wp-content\/uploads\/2021\/11\/Photo001-Maxxi-Amazonia-Sebastiao-Salgado.jpg","width":1417,"height":945,"caption":"MAXXI, Amaz\u00f4nia di Sebastiao Salgado foto \u00a9 Alessandro Lisci"},{"@type":"BreadcrumbList","@id":"https:\/\/www.romaoggi.eu\/index.php\/2021\/11\/01\/amazonia-al-maxxi\/#breadcrumb","itemListElement":[{"@type":"ListItem","position":1,"name":"Home","item":"https:\/\/www.romaoggi.eu\/"},{"@type":"ListItem","position":2,"name":"Amaz\u00f4nia. Al Maxxi tra attivismo fotografico e impegno ecologista! ..di Fabiana Cambiaso, Foto di Alessandro Lisci"}]},{"@type":"WebSite","@id":"https:\/\/www.romaoggi.eu\/#website","url":"https:\/\/www.romaoggi.eu\/","name":"roma oggi","description":"Interesting News for Interesting people","publisher":{"@id":"https:\/\/www.romaoggi.eu\/#organization"},"potentialAction":[{"@type":"SearchAction","target":{"@type":"EntryPoint","urlTemplate":"https:\/\/www.romaoggi.eu\/?s={search_term_string}"},"query-input":{"@type":"PropertyValueSpecification","valueRequired":true,"valueName":"search_term_string"}}],"inLanguage":"it-IT"},{"@type":"Organization","@id":"https:\/\/www.romaoggi.eu\/#organization","name":"RomaOggi","url":"https:\/\/www.romaoggi.eu\/","logo":{"@type":"ImageObject","inLanguage":"it-IT","@id":"https:\/\/www.romaoggi.eu\/#\/schema\/logo\/image\/","url":"https:\/\/www.romaoggi.eu\/wp-content\/uploads\/2017\/04\/logowp.jpg","contentUrl":"https:\/\/www.romaoggi.eu\/wp-content\/uploads\/2017\/04\/logowp.jpg","width":300,"height":133,"caption":"RomaOggi"},"image":{"@id":"https:\/\/www.romaoggi.eu\/#\/schema\/logo\/image\/"},"sameAs":["https:\/\/www.facebook.com\/RomaOggi-841544845954114","https:\/\/x.com\/romaoggi_eu"]},{"@type":"Person","@id":"https:\/\/www.romaoggi.eu\/#\/schema\/person\/30ada62b3bd510c45a781b7e3bf65e69","name":"Alessandro Lisci","image":{"@type":"ImageObject","inLanguage":"it-IT","@id":"https:\/\/secure.gravatar.com\/avatar\/9b9712162b2ac404aa0d7d978185f203808e7bd02856a449b19868b2eb80cf12?s=96&d=mm&r=g","url":"https:\/\/secure.gravatar.com\/avatar\/9b9712162b2ac404aa0d7d978185f203808e7bd02856a449b19868b2eb80cf12?s=96&d=mm&r=g","contentUrl":"https:\/\/secure.gravatar.com\/avatar\/9b9712162b2ac404aa0d7d978185f203808e7bd02856a449b19868b2eb80cf12?s=96&d=mm&r=g","caption":"Alessandro Lisci"},"sameAs":["http:\/\/www.alessandrolisci.com","https:\/\/www.facebook.com\/alessandro.lisci.5","https:\/\/x.com\/https:\/\/twitter.com\/alessandrolisci","https:\/\/www.youtube.com\/user\/alessandrolisci"],"url":"https:\/\/www.romaoggi.eu\/index.php\/author\/alessandro\/"}]}},"_links":{"self":[{"href":"https:\/\/www.romaoggi.eu\/index.php\/wp-json\/wp\/v2\/posts\/29986","targetHints":{"allow":["GET"]}}],"collection":[{"href":"https:\/\/www.romaoggi.eu\/index.php\/wp-json\/wp\/v2\/posts"}],"about":[{"href":"https:\/\/www.romaoggi.eu\/index.php\/wp-json\/wp\/v2\/types\/post"}],"author":[{"embeddable":true,"href":"https:\/\/www.romaoggi.eu\/index.php\/wp-json\/wp\/v2\/users\/10"}],"replies":[{"embeddable":true,"href":"https:\/\/www.romaoggi.eu\/index.php\/wp-json\/wp\/v2\/comments?post=29986"}],"version-history":[{"count":8,"href":"https:\/\/www.romaoggi.eu\/index.php\/wp-json\/wp\/v2\/posts\/29986\/revisions"}],"predecessor-version":[{"id":30003,"href":"https:\/\/www.romaoggi.eu\/index.php\/wp-json\/wp\/v2\/posts\/29986\/revisions\/30003"}],"wp:featuredmedia":[{"embeddable":true,"href":"https:\/\/www.romaoggi.eu\/index.php\/wp-json\/wp\/v2\/media\/29996"}],"wp:attachment":[{"href":"https:\/\/www.romaoggi.eu\/index.php\/wp-json\/wp\/v2\/media?parent=29986"}],"wp:term":[{"taxonomy":"category","embeddable":true,"href":"https:\/\/www.romaoggi.eu\/index.php\/wp-json\/wp\/v2\/categories?post=29986"},{"taxonomy":"post_tag","embeddable":true,"href":"https:\/\/www.romaoggi.eu\/index.php\/wp-json\/wp\/v2\/tags?post=29986"}],"curies":[{"name":"wp","href":"https:\/\/api.w.org\/{rel}","templated":true}]}}