{"id":30153,"date":"2021-11-12T11:30:20","date_gmt":"2021-11-12T10:30:20","guid":{"rendered":"http:\/\/www.romaoggi.eu\/?p=30153"},"modified":"2021-11-12T19:16:45","modified_gmt":"2021-11-12T18:16:45","slug":"iusartelibri-2021-vince-emanuele-gagliardi-con-una-mente-violenta","status":"publish","type":"post","link":"https:\/\/www.romaoggi.eu\/index.php\/2021\/11\/12\/iusartelibri-2021-vince-emanuele-gagliardi-con-una-mente-violenta\/","title":{"rendered":"IUSARTELIBRI 2021 vince Emanuele Gagliardi con &#8220;Una mente violenta&#8221;"},"content":{"rendered":"<div dir=\"auto\" style=\"text-align: justify;\">Vince l&#8217;edizione 2021 del premio letterario-giuridico IUSARTELIBRI- <strong>Emanuele Gagliardi<\/strong> con <strong>\u201cUna mente violenta&#8221;.<\/strong><\/div>\n<div dir=\"auto\">\n<div dir=\"auto\" style=\"text-align: justify;\">\n<p>Si \u00e8 svolta lunedi 8 novembre al Crowne Plaza di Roma l\u2019edizione 2021 del premio\u00a0<strong>IUSARTELIBRI,\u00a0<\/strong>ad opera e grazie alla grande energia e competenza dell\u2019avvocato<strong>\u00a0Antonella Sotira,\u00a0<\/strong>vero motore della manifestazione<strong>, il concorso letterario dedicato ad avvocati e magistrati\u00a0<\/strong>dal sottotitolo<strong>\u00a0il Ponte delle Legalit\u00e0.<\/strong><\/p>\n<p><strong>IUSARTELIBRI\u00a0<\/strong>\u00a0nato nel\u00a0<strong>2010<\/strong>\u00a0con l\u2019intento di creare un\u2019alleanza f<strong>ra cultura e giustizia,\u00a0<\/strong>consolidare ponti fra i cittadini ed giuristi che vanno oltre le aule giudiziarie, vanta\u00a0 il patrocinio dei Comuni di\u00a0<strong>Roccella Jonica<\/strong>\u00a0e\u00a0<strong>Pontremo<\/strong>li e ben 20\u00a0<strong>\u00a0Ordini degli Avvocati<\/strong>, e della Scuola per le Professioni Legali della\u00a0<strong>Universit\u00e0 Federico II di Napoli.<\/strong><\/p>\n<\/div>\n<\/div>\n<div dir=\"auto\" style=\"text-align: justify;\">\n<div dir=\"auto\">Il premio \u00e8 strutturato in tre\u00a0<strong>Collegi E-lettor<\/strong>i fissi:\u00a0<strong>Roma, Roccella Jonica e Pontremoli<\/strong>\u00a0a cui si uniscono le associazioni che ospitano i salotti \/ incontri. In questa edizione 2021 le Associazioni sostenitrici sono state la C<strong>amera Penale di di Roma,<\/strong>\u00a0la\u00a0<strong>Camera Penale Militare di Roma<\/strong>,\u00a0<strong>Allegamente<\/strong>\u00a0e la Sezione di Roma delle\u00a0<strong>Donne Giuriste<\/strong>. Gli E-lettori\u00a0 votano il\u00a0<strong>miglior romanzo,\u00a0<\/strong>\u00a0il\u00a0<strong>miglior saggio<\/strong>\u00a0ed il miglior salotto.<\/div>\n<div dir=\"auto\"><\/div>\n<div dir=\"auto\">Un parterre di finalisti notevoli:\u00a0<strong>Elfriede Gaeng<\/strong>\u00a0con il romanzo \u201c<strong>Sidera Addere Caelo\u201d<\/strong>\u00a0(Romanzo dedicato al\u00a0<strong>divin pittore Raffaello<\/strong>\u00a0che \u00e8 stato ospitato dal\u00a0<strong>Festival della letteratura italiana a Bordeaux<\/strong>, ente che ha siglato sinergia con IUSARTELIBRI dal 2020-21),\u00a0<strong>Paolo Biondi\u00a0<\/strong>con il romanzo\u00a0<strong>\u201cGiulia Potere, poesia, passione<\/strong>\u201c (dedicato alla figlia dell&#8217;imperatore Augusto), <strong>Gian Livio Fasciano<\/strong>\u00a0con il romanzo &#8220;<strong>Il tempo delle ciliege&#8221;<\/strong> (storia di un adolescente di provincia in cerca di identit\u00e0). Pochissimi i voti di differenza con il vincitore che\u00a0<strong>con 5 voti di distacco dalla Gaeng<\/strong>\u00a0straccia la fasscetta da finalista per mettere al suo romanzo &#8220;Una mente violenta&#8221;,\u00a0<strong>omaggio alla identit\u00e0 italiana degli anni &#8217;70<\/strong>\u00a0la fascetta di vincitore.<\/div>\n<div dir=\"auto\">A consegnare a Gagliardi la scultura dell&#8217;artista calabrese\u00a0<strong>Francesco Misuraca,<\/strong>\u00a0oltre alla ideatrice del Premio, il Presidente<strong>\u00a0Tommaso Marvasi,\u00a0<\/strong>magistrato e Socio Onorario IusArte, e la manager\u00a0<strong>Elena Ruo.\u00a0 \u00a0<\/strong><\/div>\n<\/div>\n<div dir=\"auto\"><\/div>\n<div dir=\"auto\" style=\"text-align: justify;\"><strong>Simonetta Matone,\u00a0<\/strong>Socio Onorario IusArte, e l&#8217;avv.\u00a0<strong>Vincenzo Comi<\/strong>, Presidente della Camera Penale di Roma, hanno consegnato il\u00a0 premio per il <strong>Miglior Saggio IUSARTELIBRI<\/strong>\u00a0alla scrittrice-magistrato\u00a0<strong>Paola Di Nicola<\/strong>\u00a0<strong>\u201cLa mia parola contro la sua\u201d.\u00a0<\/strong>Un libro sul\u00a0<strong>pregiudizio nel processo a carico delle vittime di violenza,<\/strong>\u00a0in linea con l&#8217;impegno dell&#8217;Associazione nella lotta alle discriminazione di genere.<\/div>\n<div dir=\"auto\">\n<p><img loading=\"lazy\" decoding=\"async\" class=\"wp-image-30156 size-full\" src=\"https:\/\/www.romaoggi.eu\/wp-content\/uploads\/2021\/11\/256655581_4729800173718536_5220973201439622298_n.jpg\" alt=\"alt tag iusartelibri\" width=\"960\" height=\"638\" srcset=\"https:\/\/www.romaoggi.eu\/wp-content\/uploads\/2021\/11\/256655581_4729800173718536_5220973201439622298_n.jpg 960w, https:\/\/www.romaoggi.eu\/wp-content\/uploads\/2021\/11\/256655581_4729800173718536_5220973201439622298_n-300x199.jpg 300w\" sizes=\"auto, (max-width: 960px) 100vw, 960px\" \/><\/p>\n<div style=\"text-align: justify;\">\u00a0<strong>Miglior salotto Web internazionale<\/strong>\u00a0con collegamenti anche dall\u2019\u00a0<strong>Argentina<\/strong>\u00a0e premio\u00a0<strong>IUScorona\u00a0<\/strong>per il \u00a0miglior libro sul corona,\u00a0<strong>votato dal pubblico in sala<\/strong>\u00a0al magistrato\u00a0<strong>Giacomo Ebner<\/strong>\u00a0per il libro\u00a0<strong>\u201cCoronarebus\u201d<\/strong>. Sifdanti i libri degli avv.ti\u00a0<strong>Giovanni Iorio<\/strong>, &#8220;L<strong>a Perfezione del Dolore&#8221;<\/strong>\u00a0e\u00a0<strong>Diego Perugini<\/strong>\u00a0<strong>&#8220;Protocollo Alfa<\/strong>&#8220;, che hanno tratteggiato i sentimenti, le paure e gli auspici della pandemia.<\/div>\n<div style=\"text-align: justify;\"><\/div>\n<div style=\"text-align: justify;\">Votati e premiati anche i migliori relatori: l\u2019 avv e attore\u00a0<strong>Alessandro Coccoli;<\/strong>\u00a0il magistrato\u00a0<strong>Letizia Golfieri<\/strong>\u00a0e la Prof.ssa R<strong>osetta Attento<\/strong>.Una serata molto elegante ed esclusiva quella della premiazione dell\u2019 8 novembre, alla quale hanno preso parte anche l\u2019artista-giornalista\u00a0<strong>Gio Di Sarno<\/strong>, la giornalista e conduttrice Rai\u00a0<strong>Anna La Rosa<\/strong>\u00a0direttore de \u201cLa Discussione\u201d, a cui \u00e8 andato il riconoscimento IusArte per la conduzione dei salotti e delle interviste,\u00a0 la giornalista di Rai Pubblica Utilit\u00e0\u00a0<strong>Antonietta Di Vizia.<\/strong><\/div>\n<div><\/div>\n<div style=\"text-align: justify;\"><\/div>\n<figure id=\"attachment_30157\" aria-describedby=\"caption-attachment-30157\" style=\"width: 960px\" class=\"wp-caption aligncenter\"><img loading=\"lazy\" decoding=\"async\" class=\"wp-image-30157 size-full\" src=\"https:\/\/www.romaoggi.eu\/wp-content\/uploads\/2021\/11\/256849919_4729800087051878_8350394308818483914_n.jpg\" alt=\"alt tag iusartelibri\" width=\"960\" height=\"741\" srcset=\"https:\/\/www.romaoggi.eu\/wp-content\/uploads\/2021\/11\/256849919_4729800087051878_8350394308818483914_n.jpg 960w, https:\/\/www.romaoggi.eu\/wp-content\/uploads\/2021\/11\/256849919_4729800087051878_8350394308818483914_n-300x232.jpg 300w\" sizes=\"auto, (max-width: 960px) 100vw, 960px\" \/><figcaption id=\"caption-attachment-30157\" class=\"wp-caption-text\">Antonietta Di Vizia, Antonella Sotira e il premiato\u00a0 Giacomo Ebner<\/figcaption><\/figure>\n<div><\/div>\n<div style=\"text-align: justify;\"><strong>IUSARTELIBRI -Non\u00a0 solo diritto e letteratura ma anche tutela della sana alimentazione, <\/strong>molti i soci della prestigiosa Confratrenita Mondiale di Enogastronomia Chaine des Rotisseurs,\u00a0 hanno reso omaggio alla ricetta tradizionale locridea <strong>&#8220;Penne alla Corte di Assise&#8221;, c<\/strong>he lo chef<strong>\u00a0Rocco Agostino,<\/strong>\u00a0membro del\u00a0<strong>Bailliage Amphisya Calabria,\u00a0<\/strong>\u00a0ha preparato per gli ospiti che in anteprima hanno degustato anche i\u00a0<strong>panettoni ed i torroncini al bergamotto.<\/strong><\/div>\n<\/div>\n<div dir=\"auto\"><\/div>\n","protected":false},"excerpt":{"rendered":"<div class=\"mh-excerpt\"><p>Vince l&#8217;edizione 2021 del premio letterario-giuridico IUSARTELIBRI- Emanuele Gagliardi con \u201cUna mente violenta&#8221;. Si \u00e8 svolta lunedi 8 novembre al Crowne Plaza di Roma l\u2019edizione 2021 del premio\u00a0IUSARTELIBRI,\u00a0ad opera e grazie alla grande energia e <a class=\"mh-excerpt-more\" href=\"https:\/\/www.romaoggi.eu\/index.php\/2021\/11\/12\/iusartelibri-2021-vince-emanuele-gagliardi-con-una-mente-violenta\/\" title=\"IUSARTELIBRI 2021 vince Emanuele Gagliardi con &#8220;Una mente violenta&#8221;\">[&#8230;]<\/a><\/p>\n<\/div>","protected":false},"author":3,"featured_media":30158,"comment_status":"closed","ping_status":"open","sticky":false,"template":"","format":"standard","meta":{"_sitemap_exclude":false,"_sitemap_priority":"","_sitemap_frequency":"","footnotes":""},"categories":[522,4480],"tags":[15748,12300,6796,15746,15749,15747,6637,5056],"class_list":["post-30153","post","type-post","status-publish","format-standard","has-post-thumbnail","hentry","category-attualita","category-cultura","tag-anna-la-rosa","tag-gio-di-sarno","tag-giustizia","tag-iusartelibri","tag-paola-di-nicola","tag-ponte-della-legalita","tag-premio","tag-simonetta-matone"],"yoast_head":"<!-- This site is optimized with the Yoast SEO plugin v27.5 - https:\/\/yoast.com\/product\/yoast-seo-wordpress\/ -->\n<title>IUSARTELIBRI 2021 vince Emanuele Gagliardi con &quot;Una mente violenta&quot;<\/title>\n<meta name=\"description\" content=\"Vince l&#039;edizione 2021 del premio letterario-giuridico IUSARTELIBRI- Emanuele Gagliardi con \u201cUna mente violenta&quot;. Si \u00e8 svolta lunedi 8 novembre al Crowne\" \/>\n<meta name=\"robots\" content=\"index, follow, max-snippet:-1, max-image-preview:large, max-video-preview:-1\" \/>\n<link rel=\"canonical\" href=\"https:\/\/www.romaoggi.eu\/index.php\/2021\/11\/12\/iusartelibri-2021-vince-emanuele-gagliardi-con-una-mente-violenta\/\" \/>\n<meta property=\"og:locale\" content=\"it_IT\" \/>\n<meta property=\"og:type\" content=\"article\" \/>\n<meta property=\"og:title\" content=\"IUSARTELIBRI 2021 vince Emanuele Gagliardi con &quot;Una mente violenta&quot;\" \/>\n<meta property=\"og:description\" content=\"Vince l&#039;edizione 2021 del premio letterario-giuridico IUSARTELIBRI- Emanuele Gagliardi con \u201cUna mente violenta&quot;. Si \u00e8 svolta lunedi 8 novembre al Crowne\" \/>\n<meta property=\"og:url\" content=\"https:\/\/www.romaoggi.eu\/index.php\/2021\/11\/12\/iusartelibri-2021-vince-emanuele-gagliardi-con-una-mente-violenta\/\" \/>\n<meta property=\"og:site_name\" content=\"roma oggi\" \/>\n<meta property=\"article:publisher\" content=\"https:\/\/www.facebook.com\/RomaOggi-841544845954114\" \/>\n<meta property=\"article:published_time\" content=\"2021-11-12T10:30:20+00:00\" \/>\n<meta property=\"article:modified_time\" content=\"2021-11-12T18:16:45+00:00\" \/>\n<meta property=\"og:image\" content=\"https:\/\/www.romaoggi.eu\/wp-content\/uploads\/2021\/11\/256313780_4729800330385187_1377312819018636737_n.jpg\" \/>\n\t<meta property=\"og:image:width\" content=\"960\" \/>\n\t<meta property=\"og:image:height\" content=\"639\" \/>\n\t<meta property=\"og:image:type\" content=\"image\/jpeg\" \/>\n<meta name=\"author\" content=\"Antonietta Di Vizia\" \/>\n<meta name=\"twitter:card\" content=\"summary_large_image\" \/>\n<meta name=\"twitter:creator\" content=\"@romaoggi_eu\" \/>\n<meta name=\"twitter:site\" content=\"@romaoggi_eu\" \/>\n<meta name=\"twitter:label1\" content=\"Scritto da\" \/>\n\t<meta name=\"twitter:data1\" content=\"Antonietta Di Vizia\" \/>\n\t<meta name=\"twitter:label2\" content=\"Tempo di lettura stimato\" \/>\n\t<meta name=\"twitter:data2\" content=\"4 minuti\" \/>\n<script type=\"application\/ld+json\" class=\"yoast-schema-graph\">{\"@context\":\"https:\\\/\\\/schema.org\",\"@graph\":[{\"@type\":\"Article\",\"@id\":\"https:\\\/\\\/www.romaoggi.eu\\\/index.php\\\/2021\\\/11\\\/12\\\/iusartelibri-2021-vince-emanuele-gagliardi-con-una-mente-violenta\\\/#article\",\"isPartOf\":{\"@id\":\"https:\\\/\\\/www.romaoggi.eu\\\/index.php\\\/2021\\\/11\\\/12\\\/iusartelibri-2021-vince-emanuele-gagliardi-con-una-mente-violenta\\\/\"},\"author\":{\"name\":\"Antonietta Di Vizia\",\"@id\":\"https:\\\/\\\/www.romaoggi.eu\\\/#\\\/schema\\\/person\\\/c8ca1fb64b5506391fff5f822a866c23\"},\"headline\":\"IUSARTELIBRI 2021 vince Emanuele Gagliardi con &#8220;Una mente violenta&#8221;\",\"datePublished\":\"2021-11-12T10:30:20+00:00\",\"dateModified\":\"2021-11-12T18:16:45+00:00\",\"mainEntityOfPage\":{\"@id\":\"https:\\\/\\\/www.romaoggi.eu\\\/index.php\\\/2021\\\/11\\\/12\\\/iusartelibri-2021-vince-emanuele-gagliardi-con-una-mente-violenta\\\/\"},\"wordCount\":610,\"publisher\":{\"@id\":\"https:\\\/\\\/www.romaoggi.eu\\\/#organization\"},\"image\":{\"@id\":\"https:\\\/\\\/www.romaoggi.eu\\\/index.php\\\/2021\\\/11\\\/12\\\/iusartelibri-2021-vince-emanuele-gagliardi-con-una-mente-violenta\\\/#primaryimage\"},\"thumbnailUrl\":\"https:\\\/\\\/www.romaoggi.eu\\\/wp-content\\\/uploads\\\/2021\\\/11\\\/256313780_4729800330385187_1377312819018636737_n.jpg\",\"keywords\":[\"anna la rosa\",\"Gi\u00f2 Di Sarno\",\"Giustizia\",\"IUSARTELIBRI\",\"paola di nicola\",\"ponte della legalit\u00e0\",\"premio\",\"Simonetta Matone\"],\"articleSection\":[\"attualit\u00e0\",\"cultura\"],\"inLanguage\":\"it-IT\"},{\"@type\":\"WebPage\",\"@id\":\"https:\\\/\\\/www.romaoggi.eu\\\/index.php\\\/2021\\\/11\\\/12\\\/iusartelibri-2021-vince-emanuele-gagliardi-con-una-mente-violenta\\\/\",\"url\":\"https:\\\/\\\/www.romaoggi.eu\\\/index.php\\\/2021\\\/11\\\/12\\\/iusartelibri-2021-vince-emanuele-gagliardi-con-una-mente-violenta\\\/\",\"name\":\"IUSARTELIBRI 2021 vince Emanuele Gagliardi con \\\"Una mente violenta\\\"\",\"isPartOf\":{\"@id\":\"https:\\\/\\\/www.romaoggi.eu\\\/#website\"},\"primaryImageOfPage\":{\"@id\":\"https:\\\/\\\/www.romaoggi.eu\\\/index.php\\\/2021\\\/11\\\/12\\\/iusartelibri-2021-vince-emanuele-gagliardi-con-una-mente-violenta\\\/#primaryimage\"},\"image\":{\"@id\":\"https:\\\/\\\/www.romaoggi.eu\\\/index.php\\\/2021\\\/11\\\/12\\\/iusartelibri-2021-vince-emanuele-gagliardi-con-una-mente-violenta\\\/#primaryimage\"},\"thumbnailUrl\":\"https:\\\/\\\/www.romaoggi.eu\\\/wp-content\\\/uploads\\\/2021\\\/11\\\/256313780_4729800330385187_1377312819018636737_n.jpg\",\"datePublished\":\"2021-11-12T10:30:20+00:00\",\"dateModified\":\"2021-11-12T18:16:45+00:00\",\"description\":\"Vince l'edizione 2021 del premio letterario-giuridico IUSARTELIBRI- Emanuele Gagliardi con \u201cUna mente violenta\\\". Si \u00e8 svolta lunedi 8 novembre al Crowne\",\"breadcrumb\":{\"@id\":\"https:\\\/\\\/www.romaoggi.eu\\\/index.php\\\/2021\\\/11\\\/12\\\/iusartelibri-2021-vince-emanuele-gagliardi-con-una-mente-violenta\\\/#breadcrumb\"},\"inLanguage\":\"it-IT\",\"potentialAction\":[{\"@type\":\"ReadAction\",\"target\":[\"https:\\\/\\\/www.romaoggi.eu\\\/index.php\\\/2021\\\/11\\\/12\\\/iusartelibri-2021-vince-emanuele-gagliardi-con-una-mente-violenta\\\/\"]}]},{\"@type\":\"ImageObject\",\"inLanguage\":\"it-IT\",\"@id\":\"https:\\\/\\\/www.romaoggi.eu\\\/index.php\\\/2021\\\/11\\\/12\\\/iusartelibri-2021-vince-emanuele-gagliardi-con-una-mente-violenta\\\/#primaryimage\",\"url\":\"https:\\\/\\\/www.romaoggi.eu\\\/wp-content\\\/uploads\\\/2021\\\/11\\\/256313780_4729800330385187_1377312819018636737_n.jpg\",\"contentUrl\":\"https:\\\/\\\/www.romaoggi.eu\\\/wp-content\\\/uploads\\\/2021\\\/11\\\/256313780_4729800330385187_1377312819018636737_n.jpg\",\"width\":960,\"height\":639,\"caption\":\"Antonella Sotirra e il vincitore del premio IUSARTELIBRI 2021 Emanuele Gagliardi con \u201cUna mente violenta\\\"\"},{\"@type\":\"BreadcrumbList\",\"@id\":\"https:\\\/\\\/www.romaoggi.eu\\\/index.php\\\/2021\\\/11\\\/12\\\/iusartelibri-2021-vince-emanuele-gagliardi-con-una-mente-violenta\\\/#breadcrumb\",\"itemListElement\":[{\"@type\":\"ListItem\",\"position\":1,\"name\":\"Home\",\"item\":\"https:\\\/\\\/www.romaoggi.eu\\\/\"},{\"@type\":\"ListItem\",\"position\":2,\"name\":\"IUSARTELIBRI 2021 vince Emanuele Gagliardi con &#8220;Una mente violenta&#8221;\"}]},{\"@type\":\"WebSite\",\"@id\":\"https:\\\/\\\/www.romaoggi.eu\\\/#website\",\"url\":\"https:\\\/\\\/www.romaoggi.eu\\\/\",\"name\":\"roma oggi\",\"description\":\"Interesting News for Interesting people\",\"publisher\":{\"@id\":\"https:\\\/\\\/www.romaoggi.eu\\\/#organization\"},\"potentialAction\":[{\"@type\":\"SearchAction\",\"target\":{\"@type\":\"EntryPoint\",\"urlTemplate\":\"https:\\\/\\\/www.romaoggi.eu\\\/?s={search_term_string}\"},\"query-input\":{\"@type\":\"PropertyValueSpecification\",\"valueRequired\":true,\"valueName\":\"search_term_string\"}}],\"inLanguage\":\"it-IT\"},{\"@type\":\"Organization\",\"@id\":\"https:\\\/\\\/www.romaoggi.eu\\\/#organization\",\"name\":\"RomaOggi\",\"url\":\"https:\\\/\\\/www.romaoggi.eu\\\/\",\"logo\":{\"@type\":\"ImageObject\",\"inLanguage\":\"it-IT\",\"@id\":\"https:\\\/\\\/www.romaoggi.eu\\\/#\\\/schema\\\/logo\\\/image\\\/\",\"url\":\"https:\\\/\\\/www.romaoggi.eu\\\/wp-content\\\/uploads\\\/2017\\\/04\\\/logowp.jpg\",\"contentUrl\":\"https:\\\/\\\/www.romaoggi.eu\\\/wp-content\\\/uploads\\\/2017\\\/04\\\/logowp.jpg\",\"width\":300,\"height\":133,\"caption\":\"RomaOggi\"},\"image\":{\"@id\":\"https:\\\/\\\/www.romaoggi.eu\\\/#\\\/schema\\\/logo\\\/image\\\/\"},\"sameAs\":[\"https:\\\/\\\/www.facebook.com\\\/RomaOggi-841544845954114\",\"https:\\\/\\\/x.com\\\/romaoggi_eu\"]},{\"@type\":\"Person\",\"@id\":\"https:\\\/\\\/www.romaoggi.eu\\\/#\\\/schema\\\/person\\\/c8ca1fb64b5506391fff5f822a866c23\",\"name\":\"Antonietta Di Vizia\",\"image\":{\"@type\":\"ImageObject\",\"inLanguage\":\"it-IT\",\"@id\":\"https:\\\/\\\/secure.gravatar.com\\\/avatar\\\/2ad571aa3fbfe3089b06ed5617adf58717b9359c0c97cf9b52804fb2dac293f2?s=96&d=mm&r=g\",\"url\":\"https:\\\/\\\/secure.gravatar.com\\\/avatar\\\/2ad571aa3fbfe3089b06ed5617adf58717b9359c0c97cf9b52804fb2dac293f2?s=96&d=mm&r=g\",\"contentUrl\":\"https:\\\/\\\/secure.gravatar.com\\\/avatar\\\/2ad571aa3fbfe3089b06ed5617adf58717b9359c0c97cf9b52804fb2dac293f2?s=96&d=mm&r=g\",\"caption\":\"Antonietta Di Vizia\"},\"url\":\"https:\\\/\\\/www.romaoggi.eu\\\/index.php\\\/author\\\/antonietta\\\/\"}]}<\/script>\n<!-- \/ Yoast SEO plugin. -->","yoast_head_json":{"title":"IUSARTELIBRI 2021 vince Emanuele Gagliardi con \"Una mente violenta\"","description":"Vince l'edizione 2021 del premio letterario-giuridico IUSARTELIBRI- Emanuele Gagliardi con \u201cUna mente violenta\". Si \u00e8 svolta lunedi 8 novembre al Crowne","robots":{"index":"index","follow":"follow","max-snippet":"max-snippet:-1","max-image-preview":"max-image-preview:large","max-video-preview":"max-video-preview:-1"},"canonical":"https:\/\/www.romaoggi.eu\/index.php\/2021\/11\/12\/iusartelibri-2021-vince-emanuele-gagliardi-con-una-mente-violenta\/","og_locale":"it_IT","og_type":"article","og_title":"IUSARTELIBRI 2021 vince Emanuele Gagliardi con \"Una mente violenta\"","og_description":"Vince l'edizione 2021 del premio letterario-giuridico IUSARTELIBRI- Emanuele Gagliardi con \u201cUna mente violenta\". Si \u00e8 svolta lunedi 8 novembre al Crowne","og_url":"https:\/\/www.romaoggi.eu\/index.php\/2021\/11\/12\/iusartelibri-2021-vince-emanuele-gagliardi-con-una-mente-violenta\/","og_site_name":"roma oggi","article_publisher":"https:\/\/www.facebook.com\/RomaOggi-841544845954114","article_published_time":"2021-11-12T10:30:20+00:00","article_modified_time":"2021-11-12T18:16:45+00:00","og_image":[{"width":960,"height":639,"url":"https:\/\/www.romaoggi.eu\/wp-content\/uploads\/2021\/11\/256313780_4729800330385187_1377312819018636737_n.jpg","type":"image\/jpeg"}],"author":"Antonietta Di Vizia","twitter_card":"summary_large_image","twitter_creator":"@romaoggi_eu","twitter_site":"@romaoggi_eu","twitter_misc":{"Scritto da":"Antonietta Di Vizia","Tempo di lettura stimato":"4 minuti"},"schema":{"@context":"https:\/\/schema.org","@graph":[{"@type":"Article","@id":"https:\/\/www.romaoggi.eu\/index.php\/2021\/11\/12\/iusartelibri-2021-vince-emanuele-gagliardi-con-una-mente-violenta\/#article","isPartOf":{"@id":"https:\/\/www.romaoggi.eu\/index.php\/2021\/11\/12\/iusartelibri-2021-vince-emanuele-gagliardi-con-una-mente-violenta\/"},"author":{"name":"Antonietta Di Vizia","@id":"https:\/\/www.romaoggi.eu\/#\/schema\/person\/c8ca1fb64b5506391fff5f822a866c23"},"headline":"IUSARTELIBRI 2021 vince Emanuele Gagliardi con &#8220;Una mente violenta&#8221;","datePublished":"2021-11-12T10:30:20+00:00","dateModified":"2021-11-12T18:16:45+00:00","mainEntityOfPage":{"@id":"https:\/\/www.romaoggi.eu\/index.php\/2021\/11\/12\/iusartelibri-2021-vince-emanuele-gagliardi-con-una-mente-violenta\/"},"wordCount":610,"publisher":{"@id":"https:\/\/www.romaoggi.eu\/#organization"},"image":{"@id":"https:\/\/www.romaoggi.eu\/index.php\/2021\/11\/12\/iusartelibri-2021-vince-emanuele-gagliardi-con-una-mente-violenta\/#primaryimage"},"thumbnailUrl":"https:\/\/www.romaoggi.eu\/wp-content\/uploads\/2021\/11\/256313780_4729800330385187_1377312819018636737_n.jpg","keywords":["anna la rosa","Gi\u00f2 Di Sarno","Giustizia","IUSARTELIBRI","paola di nicola","ponte della legalit\u00e0","premio","Simonetta Matone"],"articleSection":["attualit\u00e0","cultura"],"inLanguage":"it-IT"},{"@type":"WebPage","@id":"https:\/\/www.romaoggi.eu\/index.php\/2021\/11\/12\/iusartelibri-2021-vince-emanuele-gagliardi-con-una-mente-violenta\/","url":"https:\/\/www.romaoggi.eu\/index.php\/2021\/11\/12\/iusartelibri-2021-vince-emanuele-gagliardi-con-una-mente-violenta\/","name":"IUSARTELIBRI 2021 vince Emanuele Gagliardi con \"Una mente violenta\"","isPartOf":{"@id":"https:\/\/www.romaoggi.eu\/#website"},"primaryImageOfPage":{"@id":"https:\/\/www.romaoggi.eu\/index.php\/2021\/11\/12\/iusartelibri-2021-vince-emanuele-gagliardi-con-una-mente-violenta\/#primaryimage"},"image":{"@id":"https:\/\/www.romaoggi.eu\/index.php\/2021\/11\/12\/iusartelibri-2021-vince-emanuele-gagliardi-con-una-mente-violenta\/#primaryimage"},"thumbnailUrl":"https:\/\/www.romaoggi.eu\/wp-content\/uploads\/2021\/11\/256313780_4729800330385187_1377312819018636737_n.jpg","datePublished":"2021-11-12T10:30:20+00:00","dateModified":"2021-11-12T18:16:45+00:00","description":"Vince l'edizione 2021 del premio letterario-giuridico IUSARTELIBRI- Emanuele Gagliardi con \u201cUna mente violenta\". Si \u00e8 svolta lunedi 8 novembre al Crowne","breadcrumb":{"@id":"https:\/\/www.romaoggi.eu\/index.php\/2021\/11\/12\/iusartelibri-2021-vince-emanuele-gagliardi-con-una-mente-violenta\/#breadcrumb"},"inLanguage":"it-IT","potentialAction":[{"@type":"ReadAction","target":["https:\/\/www.romaoggi.eu\/index.php\/2021\/11\/12\/iusartelibri-2021-vince-emanuele-gagliardi-con-una-mente-violenta\/"]}]},{"@type":"ImageObject","inLanguage":"it-IT","@id":"https:\/\/www.romaoggi.eu\/index.php\/2021\/11\/12\/iusartelibri-2021-vince-emanuele-gagliardi-con-una-mente-violenta\/#primaryimage","url":"https:\/\/www.romaoggi.eu\/wp-content\/uploads\/2021\/11\/256313780_4729800330385187_1377312819018636737_n.jpg","contentUrl":"https:\/\/www.romaoggi.eu\/wp-content\/uploads\/2021\/11\/256313780_4729800330385187_1377312819018636737_n.jpg","width":960,"height":639,"caption":"Antonella Sotirra e il vincitore del premio IUSARTELIBRI 2021 Emanuele Gagliardi con \u201cUna mente violenta\""},{"@type":"BreadcrumbList","@id":"https:\/\/www.romaoggi.eu\/index.php\/2021\/11\/12\/iusartelibri-2021-vince-emanuele-gagliardi-con-una-mente-violenta\/#breadcrumb","itemListElement":[{"@type":"ListItem","position":1,"name":"Home","item":"https:\/\/www.romaoggi.eu\/"},{"@type":"ListItem","position":2,"name":"IUSARTELIBRI 2021 vince Emanuele Gagliardi con &#8220;Una mente violenta&#8221;"}]},{"@type":"WebSite","@id":"https:\/\/www.romaoggi.eu\/#website","url":"https:\/\/www.romaoggi.eu\/","name":"roma oggi","description":"Interesting News for Interesting people","publisher":{"@id":"https:\/\/www.romaoggi.eu\/#organization"},"potentialAction":[{"@type":"SearchAction","target":{"@type":"EntryPoint","urlTemplate":"https:\/\/www.romaoggi.eu\/?s={search_term_string}"},"query-input":{"@type":"PropertyValueSpecification","valueRequired":true,"valueName":"search_term_string"}}],"inLanguage":"it-IT"},{"@type":"Organization","@id":"https:\/\/www.romaoggi.eu\/#organization","name":"RomaOggi","url":"https:\/\/www.romaoggi.eu\/","logo":{"@type":"ImageObject","inLanguage":"it-IT","@id":"https:\/\/www.romaoggi.eu\/#\/schema\/logo\/image\/","url":"https:\/\/www.romaoggi.eu\/wp-content\/uploads\/2017\/04\/logowp.jpg","contentUrl":"https:\/\/www.romaoggi.eu\/wp-content\/uploads\/2017\/04\/logowp.jpg","width":300,"height":133,"caption":"RomaOggi"},"image":{"@id":"https:\/\/www.romaoggi.eu\/#\/schema\/logo\/image\/"},"sameAs":["https:\/\/www.facebook.com\/RomaOggi-841544845954114","https:\/\/x.com\/romaoggi_eu"]},{"@type":"Person","@id":"https:\/\/www.romaoggi.eu\/#\/schema\/person\/c8ca1fb64b5506391fff5f822a866c23","name":"Antonietta Di Vizia","image":{"@type":"ImageObject","inLanguage":"it-IT","@id":"https:\/\/secure.gravatar.com\/avatar\/2ad571aa3fbfe3089b06ed5617adf58717b9359c0c97cf9b52804fb2dac293f2?s=96&d=mm&r=g","url":"https:\/\/secure.gravatar.com\/avatar\/2ad571aa3fbfe3089b06ed5617adf58717b9359c0c97cf9b52804fb2dac293f2?s=96&d=mm&r=g","contentUrl":"https:\/\/secure.gravatar.com\/avatar\/2ad571aa3fbfe3089b06ed5617adf58717b9359c0c97cf9b52804fb2dac293f2?s=96&d=mm&r=g","caption":"Antonietta Di Vizia"},"url":"https:\/\/www.romaoggi.eu\/index.php\/author\/antonietta\/"}]}},"_links":{"self":[{"href":"https:\/\/www.romaoggi.eu\/index.php\/wp-json\/wp\/v2\/posts\/30153","targetHints":{"allow":["GET"]}}],"collection":[{"href":"https:\/\/www.romaoggi.eu\/index.php\/wp-json\/wp\/v2\/posts"}],"about":[{"href":"https:\/\/www.romaoggi.eu\/index.php\/wp-json\/wp\/v2\/types\/post"}],"author":[{"embeddable":true,"href":"https:\/\/www.romaoggi.eu\/index.php\/wp-json\/wp\/v2\/users\/3"}],"replies":[{"embeddable":true,"href":"https:\/\/www.romaoggi.eu\/index.php\/wp-json\/wp\/v2\/comments?post=30153"}],"version-history":[{"count":10,"href":"https:\/\/www.romaoggi.eu\/index.php\/wp-json\/wp\/v2\/posts\/30153\/revisions"}],"predecessor-version":[{"id":30167,"href":"https:\/\/www.romaoggi.eu\/index.php\/wp-json\/wp\/v2\/posts\/30153\/revisions\/30167"}],"wp:featuredmedia":[{"embeddable":true,"href":"https:\/\/www.romaoggi.eu\/index.php\/wp-json\/wp\/v2\/media\/30158"}],"wp:attachment":[{"href":"https:\/\/www.romaoggi.eu\/index.php\/wp-json\/wp\/v2\/media?parent=30153"}],"wp:term":[{"taxonomy":"category","embeddable":true,"href":"https:\/\/www.romaoggi.eu\/index.php\/wp-json\/wp\/v2\/categories?post=30153"},{"taxonomy":"post_tag","embeddable":true,"href":"https:\/\/www.romaoggi.eu\/index.php\/wp-json\/wp\/v2\/tags?post=30153"}],"curies":[{"name":"wp","href":"https:\/\/api.w.org\/{rel}","templated":true}]}}