{"id":30276,"date":"2021-11-24T07:09:37","date_gmt":"2021-11-24T06:09:37","guid":{"rendered":"https:\/\/www.romaoggi.eu\/?p=30276"},"modified":"2021-11-24T07:09:37","modified_gmt":"2021-11-24T06:09:37","slug":"recensione-mostra-di-margaret-bourke-white","status":"publish","type":"post","link":"https:\/\/www.romaoggi.eu\/index.php\/2021\/11\/24\/recensione-mostra-di-margaret-bourke-white\/","title":{"rendered":"Target LAb Ets presenta : &#8220;Prima, donna.Margaret Bourke-White&#8221; di Massimo Scafati, Alessandra Tomassi e Antonio De Marco"},"content":{"rendered":"<figure id=\"attachment_30283\" aria-describedby=\"caption-attachment-30283\" style=\"width: 2560px\" class=\"wp-caption alignnone\"><img loading=\"lazy\" decoding=\"async\" class=\"size-full wp-image-30283\" src=\"https:\/\/www.romaoggi.eu\/wp-content\/uploads\/2021\/11\/P1012011-scaled.jpg\" alt=\"alt tag Prima, donna. Margaret Bourke-White\" width=\"2560\" height=\"1719\" srcset=\"https:\/\/www.romaoggi.eu\/wp-content\/uploads\/2021\/11\/P1012011-scaled.jpg 2560w, https:\/\/www.romaoggi.eu\/wp-content\/uploads\/2021\/11\/P1012011-300x201.jpg 300w, https:\/\/www.romaoggi.eu\/wp-content\/uploads\/2021\/11\/P1012011-1024x688.jpg 1024w, https:\/\/www.romaoggi.eu\/wp-content\/uploads\/2021\/11\/P1012011-1536x1032.jpg 1536w, https:\/\/www.romaoggi.eu\/wp-content\/uploads\/2021\/11\/P1012011-2048x1375.jpg 2048w\" sizes=\"auto, (max-width: 2560px) 100vw, 2560px\" \/><figcaption id=\"caption-attachment-30283\" class=\"wp-caption-text\">Museo in Trastevere, mostra di Margaret Bourke- White foto \u00a9 Massimo Scafati &#8211; Target Lab Ets<\/figcaption><\/figure>\n<p align=\"JUSTIFY\"><span style=\"font-size: medium;\"><span style=\"font-family: Times New Roman, serif;\"><b>Redazione ed editing fotografico di Alessandro Lisci \u2013 Target Lab Ets<\/b><\/span><\/span><\/p>\n<p align=\"JUSTIFY\"><strong>Fotografie \u00a9 Massimo Scafati &#8211; Coordinatore Area Mostre di Target Lab Ets<\/strong><\/p>\n<p align=\"JUSTIFY\"><span style=\"font-size: medium;\"><strong><span style=\"color: #ff0000;\"><span style=\"font-family: Times New Roman, serif;\"><b>sostieni con una donazione il progetto culturale di Target Lab.\u00a0 <\/b><\/span><\/span><\/strong><strong><a href=\"https:\/\/sostieni.link\/28814\"><span style=\"color: #ff0000;\"><span style=\"font-family: Times New Roman, serif;\">https:\/\/sostieni.link\/28814<\/span><\/span><\/a><\/strong><\/span><\/p>\n<p align=\"JUSTIFY\"><span style=\"font-family: Times New Roman, serif;\"><span style=\"font-size: medium;\"><b>Margaret Bourke-White (14\/06\/1904 \u2013 27\/08\/<a href=\"https:\/\/it.wikipedia.org\/wiki\/1971\">1971<\/a>)<\/b><\/span><\/span><\/p>\n<p align=\"JUSTIFY\"><span style=\"font-family: Times New Roman, serif;\"><span style=\"font-size: medium;\"> Quando si parla di fotogiornalismo ed in particolare di reportage di guerra, c\u2019\u00e8 spesso la tentazione di ricordare nomi come Robert Capa, Eddie Adams, David \u201cChim\u201d Seymour e tanti altri che hanno collaborato con la rivista Life, alcuni per vocazione altri per casualit\u00e0. <\/span><\/span><\/p>\n<p align=\"JUSTIFY\"><span style=\"font-family: Times New Roman, serif;\"><span style=\"font-size: medium;\"> Meno nota \u00e8 invece l\u2019attivit\u00e0 di Margaret Bourke-White (figlia di Joseph White, <a href=\"https:\/\/it.wikipedia.org\/wiki\/Inventore\">inventore<\/a> e <a href=\"https:\/\/it.wikipedia.org\/wiki\/Naturalista\">naturalista<\/a> aggiunse al suo cognome quello della madre Minnie Bourke) \u2013 Di lei sappiamo che segu\u00ec un percorso formativo e si dedic\u00f2 inizialmente alla fotografia industriale ma successivamente si appassion\u00f2 al reportage e si trasfer\u00ec a New York su invito della prestigiosa rivista americana <\/span><\/span><span style=\"font-family: Times New Roman, serif;\"><span style=\"font-size: medium;\"><i>Fortune<\/i><\/span><\/span><span style=\"font-family: Times New Roman, serif;\"><span style=\"font-size: medium;\"> e successivamente collabor\u00f2 con <\/span><\/span><span style=\"font-family: Times New Roman, serif;\"><span style=\"font-size: medium;\"><i>Life<\/i><\/span><\/span><span style=\"font-family: Times New Roman, serif;\"><span style=\"font-size: medium;\">; quest\u2019ultima in particolare le permise di pubblicare le storiche documentazioni della <a href=\"https:\/\/it.wikipedia.org\/wiki\/Seconda_Guerra_mondiale\">Seconda Guerra Mondiale<\/a>; dall&#8217;assedio di <a href=\"https:\/\/it.wikipedia.org\/wiki\/Mosca_(Russia)\">Mosca<\/a> all\u2019orrore dei campi di concentramento, dalla guerra in <a href=\"https:\/\/it.wikipedia.org\/wiki\/Corea\">Corea<\/a> alle rivolte sudafricane. La Bourke-White fu senza dubbio una attenta testimone di moltissimi eventi del novecento. Quando l\u2019Unione Sovietica venne invasa dai nazisti nel 1941, la Bourke-White fu l&#8217;unica fotografa straniera ammessa a Mosca e l\u2019unica reporter cui fu consentito nel \u201843 di scattare la foto del primo ritratto non ufficiale di <a href=\"https:\/\/it.wikipedia.org\/wiki\/Stalin\">Stalin<\/a>.<\/span><\/span><\/p>\n<p align=\"JUSTIFY\"><span style=\"font-family: Times New Roman, serif;\"><span style=\"font-size: medium;\"> A seguito della l&#8217;89\u00aa divisione fanteria della 3\u00aa armata degli Stati Uniti, entr\u00f2 nel campo di <a href=\"https:\/\/it.wikipedia.org\/wiki\/Buchenwald\">Buchenwald<\/a> nell\u2019aprile del \u201945, il giorno dopo la liberazione dei pochi prigionieri sopravvissuti. Nel lager realizz\u00f2 lo storico reportage pubblicato da Life che racconta di vagoni carichi di corpi senza vita e molte altre atrocit\u00e0; immagini riprese senza speculare troppo sul sensazionalismo ma nello stesso tempo senza omettere nulla della terribile realt\u00e0. Sicuramente meno diva e turbolenta della sua collega e coetanea Lee Miller, Margaret fu quindi sempre una fotografa estremamente professionale e rispettosa delle situazioni e dotata di una capacit\u00e0 narrativa altrettanto efficace e puntuale.<\/span><\/span><\/p>\n<p align=\"JUSTIFY\"><span style=\"font-family: Times New Roman, serif;\"><span style=\"font-size: medium;\"> Quando nel \u201853 scopr\u00ec di essere affetta dal morbo di <a href=\"https:\/\/it.wikipedia.org\/wiki\/Malattia_di_Parkinson\">Parkinson<\/a> fu costretta a limitare la sua attivit\u00e0 di fotografa e si dedic\u00f2 prevalentemente alla scrittura realizzando la sua autobiografia <\/span><\/span><span style=\"font-family: Times New Roman, serif;\"><span style=\"font-size: medium;\"><i>\u201c<\/i><\/span><\/span><em><span style=\"font-family: Times New Roman, serif;\"><span style=\"font-size: medium;\">Portrait of Myself<\/span><\/span><\/em><span style=\"font-family: Times New Roman, serif;\"><span style=\"font-size: medium;\"><i>\u201d <\/i><\/span><\/span><span style=\"font-family: Times New Roman, serif;\"><span style=\"font-size: medium;\">che venne pubblicata nel 1963 \u2013 Ricoverata in ospedale a seguito di una caduta nella sua casa in <a href=\"https:\/\/it.wikipedia.org\/wiki\/Connecticut\">Connecticut<\/a>, mor\u00ec il 27 agosto 1971, all&#8217;et\u00e0 di 67 anni.<\/span><\/span><\/p>\n<p align=\"JUSTIFY\"><span style=\"font-size: medium;\"><span style=\"font-family: Times New Roman, serif;\"> La raccolta delle immagini \u201cPrima, donna. Margaret Bourke-White\u201d \u00e8 in mostra al Museo di Roma in Trastevere <\/span><span style=\"font-family: Times New Roman, serif;\">dal 21\/09\/2021 al 27\/02\/2022 &#8211; <\/span><em><span style=\"font-family: Times New Roman, serif;\"><b>Massimo Scafati<\/b><\/span><\/em><\/span><\/p>\n<p align=\"JUSTIFY\"><span style=\"font-size: medium;\"><span style=\"font-family: Times New Roman, serif;\"><i> \u201cLa Mostra permette di vedere alcuni degli scatti pi\u00f9 famosi della fotografa americana; l\u2019immagine che pi\u00f9 mi ha colpito sono le sedie lasciate vuote dai capo trib\u00f9 contrari alla destituzione di Seretse Khama \u201ccolpevole\u201d di aver sposato una donna bianca. Le due sedie formano una V simile a quella del maestoso albero sullo sfondo, quasi a significare che quella loro assenza era gi\u00e0 un segno di vittoria condiviso dalla natura\u201d &#8211; <\/i><\/span><span style=\"font-family: Times New Roman, serif;\"><i><b>Alessandra Tomassi <\/b><\/i><\/span><\/span><\/p>\n<p align=\"JUSTIFY\"><span style=\"font-size: medium;\"><span style=\"font-family: Times New Roman, serif;\"><i> \u201cQuesta Mostra in Trastevere racconta la vita di una protagonista della storia della fotografia che ha regalato al mondo dell\u2019arte una raccolta di immagini che descrivono avventure e disavventure di un periodo fondamentale dell\u2019umanit\u00e0. Attraverso le sue foto riporta con estrema puntualit\u00e0 anche situazioni raccapriccianti del genocidio degli ebrei perpetrato dai nazisti durante la seconda guerra mondiale con le riprese dei campi di concentramento appena scoperti, il tutto riportato in modo essenziale anche quando si tratta di mucchi di cadaveri. Margaret Bourke-White anche racconta una America anni \u201930 con curata precisione e schemi grafici di assoluta precisione che oggi, grazie a lei possiamo ancora ammirare\u201d &#8211; <\/i><\/span><span style=\"font-family: Times New Roman, serif;\"><i><b>Antonio De Marco<\/b><\/i><\/span><\/span><\/p>\n<p align=\"JUSTIFY\"><span style=\"font-size: medium;\"><span style=\"font-family: Times New Roman, serif;\"><b>Massimo Scafati, Antonio De Marco, Alessandra Tomassi per Target Lab Ets , Laboratorio Sperimentale di Fotografia e Comunicazione.<\/b><\/span><\/span><\/p>\n<figure id=\"attachment_30280\" aria-describedby=\"caption-attachment-30280\" style=\"width: 1230px\" class=\"wp-caption alignnone\"><img loading=\"lazy\" decoding=\"async\" class=\" wp-image-30280\" src=\"https:\/\/www.romaoggi.eu\/wp-content\/uploads\/2021\/11\/IMG-20211117.jpg\" alt=\"alt tag Prima, donna. Margaret Bourke-White\" width=\"1230\" height=\"951\" srcset=\"https:\/\/www.romaoggi.eu\/wp-content\/uploads\/2021\/11\/IMG-20211117.jpg 908w, https:\/\/www.romaoggi.eu\/wp-content\/uploads\/2021\/11\/IMG-20211117-300x232.jpg 300w\" sizes=\"auto, (max-width: 1230px) 100vw, 1230px\" \/><figcaption id=\"caption-attachment-30280\" class=\"wp-caption-text\">Museo in Trastevere, mostra di Margaret Bourke- White foto \u00a9 Massimo Scafati &#8211; Target Lab Ets<\/figcaption><\/figure>\n<figure id=\"attachment_30284\" aria-describedby=\"caption-attachment-30284\" style=\"width: 2560px\" class=\"wp-caption alignnone\"><img loading=\"lazy\" decoding=\"async\" class=\"size-full wp-image-30284\" src=\"https:\/\/www.romaoggi.eu\/wp-content\/uploads\/2021\/11\/P1012012-scaled.jpg\" alt=\"alt tag Prima, donna. Margaret Bourke-White\" width=\"2560\" height=\"1794\" srcset=\"https:\/\/www.romaoggi.eu\/wp-content\/uploads\/2021\/11\/P1012012-scaled.jpg 2560w, https:\/\/www.romaoggi.eu\/wp-content\/uploads\/2021\/11\/P1012012-300x210.jpg 300w, https:\/\/www.romaoggi.eu\/wp-content\/uploads\/2021\/11\/P1012012-1024x718.jpg 1024w, https:\/\/www.romaoggi.eu\/wp-content\/uploads\/2021\/11\/P1012012-1536x1076.jpg 1536w, https:\/\/www.romaoggi.eu\/wp-content\/uploads\/2021\/11\/P1012012-2048x1435.jpg 2048w\" sizes=\"auto, (max-width: 2560px) 100vw, 2560px\" \/><figcaption id=\"caption-attachment-30284\" class=\"wp-caption-text\">Museo in Trastevere, mostra di Margaret Bourke- White foto \u00a9 Massimo Scafati &#8211; Target Lab Ets<\/figcaption><\/figure>\n<figure id=\"attachment_30289\" aria-describedby=\"caption-attachment-30289\" style=\"width: 2560px\" class=\"wp-caption alignnone\"><img loading=\"lazy\" decoding=\"async\" class=\"size-full wp-image-30289\" src=\"https:\/\/www.romaoggi.eu\/wp-content\/uploads\/2021\/11\/P1012020-scaled.jpg\" alt=\"alt tag Prima, donna. Margaret Bourke-White\" width=\"2560\" height=\"1684\" srcset=\"https:\/\/www.romaoggi.eu\/wp-content\/uploads\/2021\/11\/P1012020-scaled.jpg 2560w, https:\/\/www.romaoggi.eu\/wp-content\/uploads\/2021\/11\/P1012020-300x197.jpg 300w, https:\/\/www.romaoggi.eu\/wp-content\/uploads\/2021\/11\/P1012020-1024x674.jpg 1024w, https:\/\/www.romaoggi.eu\/wp-content\/uploads\/2021\/11\/P1012020-1536x1010.jpg 1536w, https:\/\/www.romaoggi.eu\/wp-content\/uploads\/2021\/11\/P1012020-2048x1347.jpg 2048w\" sizes=\"auto, (max-width: 2560px) 100vw, 2560px\" \/><figcaption id=\"caption-attachment-30289\" class=\"wp-caption-text\">Museo in Trastevere, mostra di Margaret Bourke- White foto \u00a9 Massimo Scafati &#8211; Target Lab Ets<\/figcaption><\/figure>\n<figure id=\"attachment_30288\" aria-describedby=\"caption-attachment-30288\" style=\"width: 2560px\" class=\"wp-caption alignnone\"><img loading=\"lazy\" decoding=\"async\" class=\"size-full wp-image-30288\" src=\"https:\/\/www.romaoggi.eu\/wp-content\/uploads\/2021\/11\/P1012022-scaled.jpg\" alt=\"alt tag Prima, donna. Margaret Bourke-White\" width=\"2560\" height=\"1448\" srcset=\"https:\/\/www.romaoggi.eu\/wp-content\/uploads\/2021\/11\/P1012022-scaled.jpg 2560w, https:\/\/www.romaoggi.eu\/wp-content\/uploads\/2021\/11\/P1012022-300x170.jpg 300w, https:\/\/www.romaoggi.eu\/wp-content\/uploads\/2021\/11\/P1012022-1024x579.jpg 1024w, https:\/\/www.romaoggi.eu\/wp-content\/uploads\/2021\/11\/P1012022-1536x869.jpg 1536w, https:\/\/www.romaoggi.eu\/wp-content\/uploads\/2021\/11\/P1012022-2048x1159.jpg 2048w\" sizes=\"auto, (max-width: 2560px) 100vw, 2560px\" \/><figcaption id=\"caption-attachment-30288\" class=\"wp-caption-text\">Museo in Trastevere, mostra di Margaret Bourke- White foto \u00a9 Massimo Scafati &#8211; Target Lab Ets<\/figcaption><\/figure>\n<figure id=\"attachment_30287\" aria-describedby=\"caption-attachment-30287\" style=\"width: 2560px\" class=\"wp-caption alignnone\"><img loading=\"lazy\" decoding=\"async\" class=\"size-full wp-image-30287\" src=\"https:\/\/www.romaoggi.eu\/wp-content\/uploads\/2021\/11\/P1012018-scaled.jpg\" alt=\"alt tag Prima, donna. Margaret Bourke-White\" width=\"2560\" height=\"1713\" srcset=\"https:\/\/www.romaoggi.eu\/wp-content\/uploads\/2021\/11\/P1012018-scaled.jpg 2560w, https:\/\/www.romaoggi.eu\/wp-content\/uploads\/2021\/11\/P1012018-300x201.jpg 300w, https:\/\/www.romaoggi.eu\/wp-content\/uploads\/2021\/11\/P1012018-1024x685.jpg 1024w, https:\/\/www.romaoggi.eu\/wp-content\/uploads\/2021\/11\/P1012018-1536x1028.jpg 1536w, https:\/\/www.romaoggi.eu\/wp-content\/uploads\/2021\/11\/P1012018-2048x1371.jpg 2048w\" sizes=\"auto, (max-width: 2560px) 100vw, 2560px\" \/><figcaption id=\"caption-attachment-30287\" class=\"wp-caption-text\">Museo in Trastevere, mostra di Margaret Bourke- White foto \u00a9 Massimo Scafati &#8211; Target Lab Ets<\/figcaption><\/figure>\n<figure id=\"attachment_30286\" aria-describedby=\"caption-attachment-30286\" style=\"width: 2560px\" class=\"wp-caption alignnone\"><img loading=\"lazy\" decoding=\"async\" class=\"size-full wp-image-30286\" src=\"https:\/\/www.romaoggi.eu\/wp-content\/uploads\/2021\/11\/P1012016-scaled.jpg\" alt=\"alt tag Prima, donna. Margaret Bourke-White\" width=\"2560\" height=\"1742\" srcset=\"https:\/\/www.romaoggi.eu\/wp-content\/uploads\/2021\/11\/P1012016-scaled.jpg 2560w, https:\/\/www.romaoggi.eu\/wp-content\/uploads\/2021\/11\/P1012016-300x204.jpg 300w, https:\/\/www.romaoggi.eu\/wp-content\/uploads\/2021\/11\/P1012016-1024x697.jpg 1024w, https:\/\/www.romaoggi.eu\/wp-content\/uploads\/2021\/11\/P1012016-1536x1045.jpg 1536w, https:\/\/www.romaoggi.eu\/wp-content\/uploads\/2021\/11\/P1012016-2048x1394.jpg 2048w\" sizes=\"auto, (max-width: 2560px) 100vw, 2560px\" \/><figcaption id=\"caption-attachment-30286\" class=\"wp-caption-text\">Museo in Trastevere, mostra di Margaret Bourke- White foto \u00a9 Massimo Scafati &#8211; Target Lab Ets<\/figcaption><\/figure>\n<figure id=\"attachment_30285\" aria-describedby=\"caption-attachment-30285\" style=\"width: 2560px\" class=\"wp-caption alignnone\"><img loading=\"lazy\" decoding=\"async\" class=\"size-full wp-image-30285\" src=\"https:\/\/www.romaoggi.eu\/wp-content\/uploads\/2021\/11\/P1012015-scaled.jpg\" alt=\"alt tag Prima, donna. Margaret Bourke-White\" width=\"2560\" height=\"1702\" srcset=\"https:\/\/www.romaoggi.eu\/wp-content\/uploads\/2021\/11\/P1012015-scaled.jpg 2560w, https:\/\/www.romaoggi.eu\/wp-content\/uploads\/2021\/11\/P1012015-300x199.jpg 300w, https:\/\/www.romaoggi.eu\/wp-content\/uploads\/2021\/11\/P1012015-1024x681.jpg 1024w, https:\/\/www.romaoggi.eu\/wp-content\/uploads\/2021\/11\/P1012015-1536x1021.jpg 1536w, https:\/\/www.romaoggi.eu\/wp-content\/uploads\/2021\/11\/P1012015-2048x1362.jpg 2048w\" sizes=\"auto, (max-width: 2560px) 100vw, 2560px\" \/><figcaption id=\"caption-attachment-30285\" class=\"wp-caption-text\">Museo in Trastevere, mostra di Margaret Bourke- White foto \u00a9 Massimo Scafati &#8211; Target Lab Ets<\/figcaption><\/figure>\n<figure id=\"attachment_30282\" aria-describedby=\"caption-attachment-30282\" style=\"width: 2560px\" class=\"wp-caption alignnone\"><img loading=\"lazy\" decoding=\"async\" class=\"size-full wp-image-30282\" src=\"https:\/\/www.romaoggi.eu\/wp-content\/uploads\/2021\/11\/P1012010-scaled.jpg\" alt=\"alt tag Prima, donna. Margaret Bourke-White\" width=\"2560\" height=\"1545\" srcset=\"https:\/\/www.romaoggi.eu\/wp-content\/uploads\/2021\/11\/P1012010-scaled.jpg 2560w, https:\/\/www.romaoggi.eu\/wp-content\/uploads\/2021\/11\/P1012010-300x181.jpg 300w, https:\/\/www.romaoggi.eu\/wp-content\/uploads\/2021\/11\/P1012010-1024x618.jpg 1024w, https:\/\/www.romaoggi.eu\/wp-content\/uploads\/2021\/11\/P1012010-1536x927.jpg 1536w, https:\/\/www.romaoggi.eu\/wp-content\/uploads\/2021\/11\/P1012010-2048x1236.jpg 2048w\" sizes=\"auto, (max-width: 2560px) 100vw, 2560px\" \/><figcaption id=\"caption-attachment-30282\" class=\"wp-caption-text\">Museo in Trastevere, mostra di Margaret Bourke- White foto \u00a9 Massimo Scafati &#8211; Target Lab Ets<\/figcaption><\/figure>\n","protected":false},"excerpt":{"rendered":"<div class=\"mh-excerpt\"><p>Redazione ed editing fotografico di Alessandro Lisci \u2013 Target Lab Ets Fotografie \u00a9 Massimo Scafati &#8211; Coordinatore Area Mostre di Target Lab Ets sostieni con una donazione il progetto culturale di Target Lab.\u00a0 https:\/\/sostieni.link\/28814 Margaret <a class=\"mh-excerpt-more\" href=\"https:\/\/www.romaoggi.eu\/index.php\/2021\/11\/24\/recensione-mostra-di-margaret-bourke-white\/\" title=\"Target LAb Ets presenta : &#8220;Prima, donna.Margaret Bourke-White&#8221; di Massimo Scafati, Alessandra Tomassi e Antonio De Marco\">[&#8230;]<\/a><\/p>\n<\/div>","protected":false},"author":10,"featured_media":30281,"comment_status":"closed","ping_status":"open","sticky":false,"template":"","format":"standard","meta":{"_sitemap_exclude":false,"_sitemap_priority":"","_sitemap_frequency":"","footnotes":""},"categories":[74],"tags":[],"class_list":["post-30276","post","type-post","status-publish","format-standard","has-post-thumbnail","hentry","category-mostre"],"yoast_head":"<!-- This site is optimized with the Yoast SEO plugin v27.5 - https:\/\/yoast.com\/product\/yoast-seo-wordpress\/ -->\n<title>Target LAb Ets presenta : &quot;Prima, donna.Margaret Bourke-White&quot; di Massimo Scafati, Alessandra Tomassi e Antonio De Marco<\/title>\n<meta name=\"description\" content=\"Redazione ed editing fotografico di Alessandro Lisci \u2013 Target Lab Ets Fotografie \u00a9 Massimo Scafati - Coordinatore Area Mostre di Target Lab Ets sostieni\" \/>\n<meta name=\"robots\" content=\"index, follow, max-snippet:-1, max-image-preview:large, max-video-preview:-1\" \/>\n<link rel=\"canonical\" href=\"https:\/\/www.romaoggi.eu\/index.php\/2021\/11\/24\/recensione-mostra-di-margaret-bourke-white\/\" \/>\n<meta property=\"og:locale\" content=\"it_IT\" \/>\n<meta property=\"og:type\" content=\"article\" \/>\n<meta property=\"og:title\" content=\"Target LAb Ets presenta : &quot;Prima, donna.Margaret Bourke-White&quot; di Massimo Scafati, Alessandra Tomassi e Antonio De Marco\" \/>\n<meta property=\"og:description\" content=\"Redazione ed editing fotografico di Alessandro Lisci \u2013 Target Lab Ets Fotografie \u00a9 Massimo Scafati - Coordinatore Area Mostre di Target Lab Ets sostieni\" \/>\n<meta property=\"og:url\" content=\"https:\/\/www.romaoggi.eu\/index.php\/2021\/11\/24\/recensione-mostra-di-margaret-bourke-white\/\" \/>\n<meta property=\"og:site_name\" content=\"roma oggi\" \/>\n<meta property=\"article:publisher\" content=\"https:\/\/www.facebook.com\/RomaOggi-841544845954114\" \/>\n<meta property=\"article:author\" content=\"https:\/\/www.facebook.com\/alessandro.lisci.5\" \/>\n<meta property=\"article:published_time\" content=\"2021-11-24T06:09:37+00:00\" \/>\n<meta property=\"og:image\" content=\"https:\/\/www.romaoggi.eu\/wp-content\/uploads\/2021\/11\/P1012008-scaled.jpg\" \/>\n\t<meta property=\"og:image:width\" content=\"2560\" \/>\n\t<meta property=\"og:image:height\" content=\"1794\" \/>\n\t<meta property=\"og:image:type\" content=\"image\/jpeg\" \/>\n<meta name=\"author\" content=\"Alessandro Lisci\" \/>\n<meta name=\"twitter:card\" content=\"summary_large_image\" \/>\n<meta name=\"twitter:creator\" content=\"@https:\/\/twitter.com\/alessandrolisci\" \/>\n<meta name=\"twitter:site\" content=\"@romaoggi_eu\" \/>\n<meta name=\"twitter:label1\" content=\"Scritto da\" \/>\n\t<meta name=\"twitter:data1\" content=\"Alessandro Lisci\" \/>\n\t<meta name=\"twitter:label2\" content=\"Tempo di lettura stimato\" \/>\n\t<meta name=\"twitter:data2\" content=\"6 minuti\" \/>\n<script type=\"application\/ld+json\" class=\"yoast-schema-graph\">{\"@context\":\"https:\\\/\\\/schema.org\",\"@graph\":[{\"@type\":\"Article\",\"@id\":\"https:\\\/\\\/www.romaoggi.eu\\\/index.php\\\/2021\\\/11\\\/24\\\/recensione-mostra-di-margaret-bourke-white\\\/#article\",\"isPartOf\":{\"@id\":\"https:\\\/\\\/www.romaoggi.eu\\\/index.php\\\/2021\\\/11\\\/24\\\/recensione-mostra-di-margaret-bourke-white\\\/\"},\"author\":{\"name\":\"Alessandro Lisci\",\"@id\":\"https:\\\/\\\/www.romaoggi.eu\\\/#\\\/schema\\\/person\\\/30ada62b3bd510c45a781b7e3bf65e69\"},\"headline\":\"Target LAb Ets presenta : &#8220;Prima, donna.Margaret Bourke-White&#8221; di Massimo Scafati, Alessandra Tomassi e Antonio De Marco\",\"datePublished\":\"2021-11-24T06:09:37+00:00\",\"mainEntityOfPage\":{\"@id\":\"https:\\\/\\\/www.romaoggi.eu\\\/index.php\\\/2021\\\/11\\\/24\\\/recensione-mostra-di-margaret-bourke-white\\\/\"},\"wordCount\":819,\"publisher\":{\"@id\":\"https:\\\/\\\/www.romaoggi.eu\\\/#organization\"},\"image\":{\"@id\":\"https:\\\/\\\/www.romaoggi.eu\\\/index.php\\\/2021\\\/11\\\/24\\\/recensione-mostra-di-margaret-bourke-white\\\/#primaryimage\"},\"thumbnailUrl\":\"https:\\\/\\\/www.romaoggi.eu\\\/wp-content\\\/uploads\\\/2021\\\/11\\\/P1012008-scaled.jpg\",\"articleSection\":[\"Mostre\"],\"inLanguage\":\"it-IT\"},{\"@type\":\"WebPage\",\"@id\":\"https:\\\/\\\/www.romaoggi.eu\\\/index.php\\\/2021\\\/11\\\/24\\\/recensione-mostra-di-margaret-bourke-white\\\/\",\"url\":\"https:\\\/\\\/www.romaoggi.eu\\\/index.php\\\/2021\\\/11\\\/24\\\/recensione-mostra-di-margaret-bourke-white\\\/\",\"name\":\"Target LAb Ets presenta : \\\"Prima, donna.Margaret Bourke-White\\\" di Massimo Scafati, Alessandra Tomassi e Antonio De Marco\",\"isPartOf\":{\"@id\":\"https:\\\/\\\/www.romaoggi.eu\\\/#website\"},\"primaryImageOfPage\":{\"@id\":\"https:\\\/\\\/www.romaoggi.eu\\\/index.php\\\/2021\\\/11\\\/24\\\/recensione-mostra-di-margaret-bourke-white\\\/#primaryimage\"},\"image\":{\"@id\":\"https:\\\/\\\/www.romaoggi.eu\\\/index.php\\\/2021\\\/11\\\/24\\\/recensione-mostra-di-margaret-bourke-white\\\/#primaryimage\"},\"thumbnailUrl\":\"https:\\\/\\\/www.romaoggi.eu\\\/wp-content\\\/uploads\\\/2021\\\/11\\\/P1012008-scaled.jpg\",\"datePublished\":\"2021-11-24T06:09:37+00:00\",\"description\":\"Redazione ed editing fotografico di Alessandro Lisci \u2013 Target Lab Ets Fotografie \u00a9 Massimo Scafati - Coordinatore Area Mostre di Target Lab Ets sostieni\",\"breadcrumb\":{\"@id\":\"https:\\\/\\\/www.romaoggi.eu\\\/index.php\\\/2021\\\/11\\\/24\\\/recensione-mostra-di-margaret-bourke-white\\\/#breadcrumb\"},\"inLanguage\":\"it-IT\",\"potentialAction\":[{\"@type\":\"ReadAction\",\"target\":[\"https:\\\/\\\/www.romaoggi.eu\\\/index.php\\\/2021\\\/11\\\/24\\\/recensione-mostra-di-margaret-bourke-white\\\/\"]}]},{\"@type\":\"ImageObject\",\"inLanguage\":\"it-IT\",\"@id\":\"https:\\\/\\\/www.romaoggi.eu\\\/index.php\\\/2021\\\/11\\\/24\\\/recensione-mostra-di-margaret-bourke-white\\\/#primaryimage\",\"url\":\"https:\\\/\\\/www.romaoggi.eu\\\/wp-content\\\/uploads\\\/2021\\\/11\\\/P1012008-scaled.jpg\",\"contentUrl\":\"https:\\\/\\\/www.romaoggi.eu\\\/wp-content\\\/uploads\\\/2021\\\/11\\\/P1012008-scaled.jpg\",\"width\":2560,\"height\":1794,\"caption\":\"Museo in Trastevere, mostra di Margaret Bourke- White foto \u00a9 Massimo Scafati - Target Lab Ets\"},{\"@type\":\"BreadcrumbList\",\"@id\":\"https:\\\/\\\/www.romaoggi.eu\\\/index.php\\\/2021\\\/11\\\/24\\\/recensione-mostra-di-margaret-bourke-white\\\/#breadcrumb\",\"itemListElement\":[{\"@type\":\"ListItem\",\"position\":1,\"name\":\"Home\",\"item\":\"https:\\\/\\\/www.romaoggi.eu\\\/\"},{\"@type\":\"ListItem\",\"position\":2,\"name\":\"Target LAb Ets presenta : &#8220;Prima, donna.Margaret Bourke-White&#8221; di Massimo Scafati, Alessandra Tomassi e Antonio De Marco\"}]},{\"@type\":\"WebSite\",\"@id\":\"https:\\\/\\\/www.romaoggi.eu\\\/#website\",\"url\":\"https:\\\/\\\/www.romaoggi.eu\\\/\",\"name\":\"roma oggi\",\"description\":\"Interesting News for Interesting people\",\"publisher\":{\"@id\":\"https:\\\/\\\/www.romaoggi.eu\\\/#organization\"},\"potentialAction\":[{\"@type\":\"SearchAction\",\"target\":{\"@type\":\"EntryPoint\",\"urlTemplate\":\"https:\\\/\\\/www.romaoggi.eu\\\/?s={search_term_string}\"},\"query-input\":{\"@type\":\"PropertyValueSpecification\",\"valueRequired\":true,\"valueName\":\"search_term_string\"}}],\"inLanguage\":\"it-IT\"},{\"@type\":\"Organization\",\"@id\":\"https:\\\/\\\/www.romaoggi.eu\\\/#organization\",\"name\":\"RomaOggi\",\"url\":\"https:\\\/\\\/www.romaoggi.eu\\\/\",\"logo\":{\"@type\":\"ImageObject\",\"inLanguage\":\"it-IT\",\"@id\":\"https:\\\/\\\/www.romaoggi.eu\\\/#\\\/schema\\\/logo\\\/image\\\/\",\"url\":\"https:\\\/\\\/www.romaoggi.eu\\\/wp-content\\\/uploads\\\/2017\\\/04\\\/logowp.jpg\",\"contentUrl\":\"https:\\\/\\\/www.romaoggi.eu\\\/wp-content\\\/uploads\\\/2017\\\/04\\\/logowp.jpg\",\"width\":300,\"height\":133,\"caption\":\"RomaOggi\"},\"image\":{\"@id\":\"https:\\\/\\\/www.romaoggi.eu\\\/#\\\/schema\\\/logo\\\/image\\\/\"},\"sameAs\":[\"https:\\\/\\\/www.facebook.com\\\/RomaOggi-841544845954114\",\"https:\\\/\\\/x.com\\\/romaoggi_eu\"]},{\"@type\":\"Person\",\"@id\":\"https:\\\/\\\/www.romaoggi.eu\\\/#\\\/schema\\\/person\\\/30ada62b3bd510c45a781b7e3bf65e69\",\"name\":\"Alessandro Lisci\",\"image\":{\"@type\":\"ImageObject\",\"inLanguage\":\"it-IT\",\"@id\":\"https:\\\/\\\/secure.gravatar.com\\\/avatar\\\/9b9712162b2ac404aa0d7d978185f203808e7bd02856a449b19868b2eb80cf12?s=96&d=mm&r=g\",\"url\":\"https:\\\/\\\/secure.gravatar.com\\\/avatar\\\/9b9712162b2ac404aa0d7d978185f203808e7bd02856a449b19868b2eb80cf12?s=96&d=mm&r=g\",\"contentUrl\":\"https:\\\/\\\/secure.gravatar.com\\\/avatar\\\/9b9712162b2ac404aa0d7d978185f203808e7bd02856a449b19868b2eb80cf12?s=96&d=mm&r=g\",\"caption\":\"Alessandro Lisci\"},\"sameAs\":[\"http:\\\/\\\/www.alessandrolisci.com\",\"https:\\\/\\\/www.facebook.com\\\/alessandro.lisci.5\",\"https:\\\/\\\/x.com\\\/https:\\\/\\\/twitter.com\\\/alessandrolisci\",\"https:\\\/\\\/www.youtube.com\\\/user\\\/alessandrolisci\"],\"url\":\"https:\\\/\\\/www.romaoggi.eu\\\/index.php\\\/author\\\/alessandro\\\/\"}]}<\/script>\n<!-- \/ Yoast SEO plugin. -->","yoast_head_json":{"title":"Target LAb Ets presenta : \"Prima, donna.Margaret Bourke-White\" di Massimo Scafati, Alessandra Tomassi e Antonio De Marco","description":"Redazione ed editing fotografico di Alessandro Lisci \u2013 Target Lab Ets Fotografie \u00a9 Massimo Scafati - Coordinatore Area Mostre di Target Lab Ets sostieni","robots":{"index":"index","follow":"follow","max-snippet":"max-snippet:-1","max-image-preview":"max-image-preview:large","max-video-preview":"max-video-preview:-1"},"canonical":"https:\/\/www.romaoggi.eu\/index.php\/2021\/11\/24\/recensione-mostra-di-margaret-bourke-white\/","og_locale":"it_IT","og_type":"article","og_title":"Target LAb Ets presenta : \"Prima, donna.Margaret Bourke-White\" di Massimo Scafati, Alessandra Tomassi e Antonio De Marco","og_description":"Redazione ed editing fotografico di Alessandro Lisci \u2013 Target Lab Ets Fotografie \u00a9 Massimo Scafati - Coordinatore Area Mostre di Target Lab Ets sostieni","og_url":"https:\/\/www.romaoggi.eu\/index.php\/2021\/11\/24\/recensione-mostra-di-margaret-bourke-white\/","og_site_name":"roma oggi","article_publisher":"https:\/\/www.facebook.com\/RomaOggi-841544845954114","article_author":"https:\/\/www.facebook.com\/alessandro.lisci.5","article_published_time":"2021-11-24T06:09:37+00:00","og_image":[{"width":2560,"height":1794,"url":"https:\/\/www.romaoggi.eu\/wp-content\/uploads\/2021\/11\/P1012008-scaled.jpg","type":"image\/jpeg"}],"author":"Alessandro Lisci","twitter_card":"summary_large_image","twitter_creator":"@https:\/\/twitter.com\/alessandrolisci","twitter_site":"@romaoggi_eu","twitter_misc":{"Scritto da":"Alessandro Lisci","Tempo di lettura stimato":"6 minuti"},"schema":{"@context":"https:\/\/schema.org","@graph":[{"@type":"Article","@id":"https:\/\/www.romaoggi.eu\/index.php\/2021\/11\/24\/recensione-mostra-di-margaret-bourke-white\/#article","isPartOf":{"@id":"https:\/\/www.romaoggi.eu\/index.php\/2021\/11\/24\/recensione-mostra-di-margaret-bourke-white\/"},"author":{"name":"Alessandro Lisci","@id":"https:\/\/www.romaoggi.eu\/#\/schema\/person\/30ada62b3bd510c45a781b7e3bf65e69"},"headline":"Target LAb Ets presenta : &#8220;Prima, donna.Margaret Bourke-White&#8221; di Massimo Scafati, Alessandra Tomassi e Antonio De Marco","datePublished":"2021-11-24T06:09:37+00:00","mainEntityOfPage":{"@id":"https:\/\/www.romaoggi.eu\/index.php\/2021\/11\/24\/recensione-mostra-di-margaret-bourke-white\/"},"wordCount":819,"publisher":{"@id":"https:\/\/www.romaoggi.eu\/#organization"},"image":{"@id":"https:\/\/www.romaoggi.eu\/index.php\/2021\/11\/24\/recensione-mostra-di-margaret-bourke-white\/#primaryimage"},"thumbnailUrl":"https:\/\/www.romaoggi.eu\/wp-content\/uploads\/2021\/11\/P1012008-scaled.jpg","articleSection":["Mostre"],"inLanguage":"it-IT"},{"@type":"WebPage","@id":"https:\/\/www.romaoggi.eu\/index.php\/2021\/11\/24\/recensione-mostra-di-margaret-bourke-white\/","url":"https:\/\/www.romaoggi.eu\/index.php\/2021\/11\/24\/recensione-mostra-di-margaret-bourke-white\/","name":"Target LAb Ets presenta : \"Prima, donna.Margaret Bourke-White\" di Massimo Scafati, Alessandra Tomassi e Antonio De Marco","isPartOf":{"@id":"https:\/\/www.romaoggi.eu\/#website"},"primaryImageOfPage":{"@id":"https:\/\/www.romaoggi.eu\/index.php\/2021\/11\/24\/recensione-mostra-di-margaret-bourke-white\/#primaryimage"},"image":{"@id":"https:\/\/www.romaoggi.eu\/index.php\/2021\/11\/24\/recensione-mostra-di-margaret-bourke-white\/#primaryimage"},"thumbnailUrl":"https:\/\/www.romaoggi.eu\/wp-content\/uploads\/2021\/11\/P1012008-scaled.jpg","datePublished":"2021-11-24T06:09:37+00:00","description":"Redazione ed editing fotografico di Alessandro Lisci \u2013 Target Lab Ets Fotografie \u00a9 Massimo Scafati - Coordinatore Area Mostre di Target Lab Ets sostieni","breadcrumb":{"@id":"https:\/\/www.romaoggi.eu\/index.php\/2021\/11\/24\/recensione-mostra-di-margaret-bourke-white\/#breadcrumb"},"inLanguage":"it-IT","potentialAction":[{"@type":"ReadAction","target":["https:\/\/www.romaoggi.eu\/index.php\/2021\/11\/24\/recensione-mostra-di-margaret-bourke-white\/"]}]},{"@type":"ImageObject","inLanguage":"it-IT","@id":"https:\/\/www.romaoggi.eu\/index.php\/2021\/11\/24\/recensione-mostra-di-margaret-bourke-white\/#primaryimage","url":"https:\/\/www.romaoggi.eu\/wp-content\/uploads\/2021\/11\/P1012008-scaled.jpg","contentUrl":"https:\/\/www.romaoggi.eu\/wp-content\/uploads\/2021\/11\/P1012008-scaled.jpg","width":2560,"height":1794,"caption":"Museo in Trastevere, mostra di Margaret Bourke- White foto \u00a9 Massimo Scafati - Target Lab Ets"},{"@type":"BreadcrumbList","@id":"https:\/\/www.romaoggi.eu\/index.php\/2021\/11\/24\/recensione-mostra-di-margaret-bourke-white\/#breadcrumb","itemListElement":[{"@type":"ListItem","position":1,"name":"Home","item":"https:\/\/www.romaoggi.eu\/"},{"@type":"ListItem","position":2,"name":"Target LAb Ets presenta : &#8220;Prima, donna.Margaret Bourke-White&#8221; di Massimo Scafati, Alessandra Tomassi e Antonio De Marco"}]},{"@type":"WebSite","@id":"https:\/\/www.romaoggi.eu\/#website","url":"https:\/\/www.romaoggi.eu\/","name":"roma oggi","description":"Interesting News for Interesting people","publisher":{"@id":"https:\/\/www.romaoggi.eu\/#organization"},"potentialAction":[{"@type":"SearchAction","target":{"@type":"EntryPoint","urlTemplate":"https:\/\/www.romaoggi.eu\/?s={search_term_string}"},"query-input":{"@type":"PropertyValueSpecification","valueRequired":true,"valueName":"search_term_string"}}],"inLanguage":"it-IT"},{"@type":"Organization","@id":"https:\/\/www.romaoggi.eu\/#organization","name":"RomaOggi","url":"https:\/\/www.romaoggi.eu\/","logo":{"@type":"ImageObject","inLanguage":"it-IT","@id":"https:\/\/www.romaoggi.eu\/#\/schema\/logo\/image\/","url":"https:\/\/www.romaoggi.eu\/wp-content\/uploads\/2017\/04\/logowp.jpg","contentUrl":"https:\/\/www.romaoggi.eu\/wp-content\/uploads\/2017\/04\/logowp.jpg","width":300,"height":133,"caption":"RomaOggi"},"image":{"@id":"https:\/\/www.romaoggi.eu\/#\/schema\/logo\/image\/"},"sameAs":["https:\/\/www.facebook.com\/RomaOggi-841544845954114","https:\/\/x.com\/romaoggi_eu"]},{"@type":"Person","@id":"https:\/\/www.romaoggi.eu\/#\/schema\/person\/30ada62b3bd510c45a781b7e3bf65e69","name":"Alessandro Lisci","image":{"@type":"ImageObject","inLanguage":"it-IT","@id":"https:\/\/secure.gravatar.com\/avatar\/9b9712162b2ac404aa0d7d978185f203808e7bd02856a449b19868b2eb80cf12?s=96&d=mm&r=g","url":"https:\/\/secure.gravatar.com\/avatar\/9b9712162b2ac404aa0d7d978185f203808e7bd02856a449b19868b2eb80cf12?s=96&d=mm&r=g","contentUrl":"https:\/\/secure.gravatar.com\/avatar\/9b9712162b2ac404aa0d7d978185f203808e7bd02856a449b19868b2eb80cf12?s=96&d=mm&r=g","caption":"Alessandro Lisci"},"sameAs":["http:\/\/www.alessandrolisci.com","https:\/\/www.facebook.com\/alessandro.lisci.5","https:\/\/x.com\/https:\/\/twitter.com\/alessandrolisci","https:\/\/www.youtube.com\/user\/alessandrolisci"],"url":"https:\/\/www.romaoggi.eu\/index.php\/author\/alessandro\/"}]}},"_links":{"self":[{"href":"https:\/\/www.romaoggi.eu\/index.php\/wp-json\/wp\/v2\/posts\/30276","targetHints":{"allow":["GET"]}}],"collection":[{"href":"https:\/\/www.romaoggi.eu\/index.php\/wp-json\/wp\/v2\/posts"}],"about":[{"href":"https:\/\/www.romaoggi.eu\/index.php\/wp-json\/wp\/v2\/types\/post"}],"author":[{"embeddable":true,"href":"https:\/\/www.romaoggi.eu\/index.php\/wp-json\/wp\/v2\/users\/10"}],"replies":[{"embeddable":true,"href":"https:\/\/www.romaoggi.eu\/index.php\/wp-json\/wp\/v2\/comments?post=30276"}],"version-history":[{"count":4,"href":"https:\/\/www.romaoggi.eu\/index.php\/wp-json\/wp\/v2\/posts\/30276\/revisions"}],"predecessor-version":[{"id":30291,"href":"https:\/\/www.romaoggi.eu\/index.php\/wp-json\/wp\/v2\/posts\/30276\/revisions\/30291"}],"wp:featuredmedia":[{"embeddable":true,"href":"https:\/\/www.romaoggi.eu\/index.php\/wp-json\/wp\/v2\/media\/30281"}],"wp:attachment":[{"href":"https:\/\/www.romaoggi.eu\/index.php\/wp-json\/wp\/v2\/media?parent=30276"}],"wp:term":[{"taxonomy":"category","embeddable":true,"href":"https:\/\/www.romaoggi.eu\/index.php\/wp-json\/wp\/v2\/categories?post=30276"},{"taxonomy":"post_tag","embeddable":true,"href":"https:\/\/www.romaoggi.eu\/index.php\/wp-json\/wp\/v2\/tags?post=30276"}],"curies":[{"name":"wp","href":"https:\/\/api.w.org\/{rel}","templated":true}]}}