{"id":30918,"date":"2022-01-04T16:26:29","date_gmt":"2022-01-04T15:26:29","guid":{"rendered":"https:\/\/www.romaoggi.eu\/?p=30918"},"modified":"2022-01-04T16:26:29","modified_gmt":"2022-01-04T15:26:29","slug":"tempo-al-tempo-al-teatro-manzoni-dal-4-al-23-gennaio","status":"publish","type":"post","link":"https:\/\/www.romaoggi.eu\/index.php\/2022\/01\/04\/tempo-al-tempo-al-teatro-manzoni-dal-4-al-23-gennaio\/","title":{"rendered":"\u201cTempo al Tempo&#8221; al Teatro Manzoni dal 4 al 23 gennaio"},"content":{"rendered":"<div style=\"text-align: justify;\"><strong>Al Teatro Manzoni di Roma una commedia tutta al femminile: \u201cTempo al Tempo\u201d <\/strong><strong>con Alessandra Costanzo, Beatrice Fazi, Antonella Lagan\u00e0, Marta Zoffoli, <\/strong><strong>per la regia di Paola Tiziana Cruciani <\/strong><strong>dal 4 al 23 gennaio 2022<\/strong><\/div>\n<div style=\"text-align: justify;\"><\/div>\n<div style=\"text-align: justify;\">Donne di oggi e di ieri. Un viaggio tra esperienze, confronti e diversi modi di essere. Al Teatro Manzoni di Roma in scena, dal 4 al 23 gennaio 2022, uno spettacolo tutto al femminile \u201cTempo al Tempo\u201d con Alessandra Costanzo, Beatrice Fazi, Antonella Lagan\u00e0, Marta Zoffoli, per la regia di Paola Tiziana Cruciani. La commedia si apre con l\u2019incontro di due amiche in partenza per il week end. Lungo il tragitto in auto si perdono e trovano ospitalit\u00e0 in uno strano casale abitato da due donne cos\u00ec vintage che sembrano provenire dal passato. In realt\u00e0 \u00e8 proprio cos\u00ec! Incredibilmente, forse a causa di un ponte nello spazio temporale, nel rifugio le amiche si ritrovano nel pieno dei rivoluzionari anni settanta. Epoca di grandi battaglie sociali, tra idee di libert\u00e0, creativit\u00e0, innovazioni. \u00a0Un salto indietro nel passato con l\u2019inevitabile e divertentissimo incontro-scontro tra le quattro protagoniste e le due epoche.<\/div>\n<div><img loading=\"lazy\" decoding=\"async\" class=\"aligncenter wp-image-30919 size-full\" src=\"https:\/\/www.romaoggi.eu\/wp-content\/uploads\/2022\/01\/Tempo-locandina-ca.jpg\" alt=\"alt tag tempo al tempo\" width=\"449\" height=\"541\" srcset=\"https:\/\/www.romaoggi.eu\/wp-content\/uploads\/2022\/01\/Tempo-locandina-ca.jpg 449w, https:\/\/www.romaoggi.eu\/wp-content\/uploads\/2022\/01\/Tempo-locandina-ca-249x300.jpg 249w\" sizes=\"auto, (max-width: 449px) 100vw, 449px\" \/><\/div>\n","protected":false},"excerpt":{"rendered":"<div class=\"mh-excerpt\"><p>Al Teatro Manzoni di Roma una commedia tutta al femminile: \u201cTempo al Tempo\u201d con Alessandra Costanzo, Beatrice Fazi, Antonella Lagan\u00e0, Marta Zoffoli, per la regia di Paola Tiziana Cruciani dal 4 al 23 gennaio 2022 <a class=\"mh-excerpt-more\" href=\"https:\/\/www.romaoggi.eu\/index.php\/2022\/01\/04\/tempo-al-tempo-al-teatro-manzoni-dal-4-al-23-gennaio\/\" title=\"\u201cTempo al Tempo&#8221; al Teatro Manzoni dal 4 al 23 gennaio\">[&#8230;]<\/a><\/p>\n<\/div>","protected":false},"author":1,"featured_media":30920,"comment_status":"closed","ping_status":"open","sticky":false,"template":"","format":"standard","meta":{"_sitemap_exclude":false,"_sitemap_priority":"","_sitemap_frequency":"","footnotes":""},"categories":[4281],"tags":[566,109,5079,15140,15907],"class_list":["post-30918","post","type-post","status-publish","format-standard","has-post-thumbnail","hentry","category-teatro","tag-commedia","tag-roma","tag-spettacolo","tag-teatro-manzoni","tag-tempo-al-tempo"],"yoast_head":"<!-- This site is optimized with the Yoast SEO plugin v27.5 - https:\/\/yoast.com\/product\/yoast-seo-wordpress\/ -->\n<title>\u201cTempo al Tempo&quot; al Teatro Manzoni dal 4 al 23 gennaio<\/title>\n<meta name=\"description\" content=\"Al Teatro Manzoni di Roma una commedia tutta al femminile: \u201cTempo al Tempo\u201d con Alessandra Costanzo, Beatrice Fazi, Antonella Lagan\u00e0, Marta Zoffoli, per\" \/>\n<meta name=\"robots\" content=\"index, follow, max-snippet:-1, max-image-preview:large, max-video-preview:-1\" \/>\n<link rel=\"canonical\" href=\"https:\/\/www.romaoggi.eu\/index.php\/2022\/01\/04\/tempo-al-tempo-al-teatro-manzoni-dal-4-al-23-gennaio\/\" \/>\n<meta property=\"og:locale\" content=\"it_IT\" \/>\n<meta property=\"og:type\" content=\"article\" \/>\n<meta property=\"og:title\" content=\"\u201cTempo al Tempo&quot; al Teatro Manzoni dal 4 al 23 gennaio\" \/>\n<meta property=\"og:description\" content=\"Al Teatro Manzoni di Roma una commedia tutta al femminile: \u201cTempo al Tempo\u201d con Alessandra Costanzo, Beatrice Fazi, Antonella Lagan\u00e0, Marta Zoffoli, per\" \/>\n<meta property=\"og:url\" content=\"https:\/\/www.romaoggi.eu\/index.php\/2022\/01\/04\/tempo-al-tempo-al-teatro-manzoni-dal-4-al-23-gennaio\/\" \/>\n<meta property=\"og:site_name\" content=\"roma oggi\" \/>\n<meta property=\"article:publisher\" content=\"https:\/\/www.facebook.com\/RomaOggi-841544845954114\" \/>\n<meta property=\"article:published_time\" content=\"2022-01-04T15:26:29+00:00\" \/>\n<meta property=\"og:image\" content=\"https:\/\/www.romaoggi.eu\/wp-content\/uploads\/2022\/01\/Foto-Tempo-al-Tempo-ph-Teatro-7-ph-Alberta-Rossi-scaled.jpg\" \/>\n\t<meta property=\"og:image:width\" content=\"2560\" \/>\n\t<meta property=\"og:image:height\" content=\"1707\" \/>\n\t<meta property=\"og:image:type\" content=\"image\/jpeg\" \/>\n<meta name=\"author\" content=\"admin\" \/>\n<meta name=\"twitter:card\" content=\"summary_large_image\" \/>\n<meta name=\"twitter:creator\" content=\"@romaoggi_eu\" \/>\n<meta name=\"twitter:site\" content=\"@romaoggi_eu\" \/>\n<meta name=\"twitter:label1\" content=\"Scritto da\" \/>\n\t<meta name=\"twitter:data1\" content=\"admin\" \/>\n\t<meta name=\"twitter:label2\" content=\"Tempo di lettura stimato\" \/>\n\t<meta name=\"twitter:data2\" content=\"2 minuti\" \/>\n<script type=\"application\/ld+json\" class=\"yoast-schema-graph\">{\"@context\":\"https:\\\/\\\/schema.org\",\"@graph\":[{\"@type\":\"Article\",\"@id\":\"https:\\\/\\\/www.romaoggi.eu\\\/index.php\\\/2022\\\/01\\\/04\\\/tempo-al-tempo-al-teatro-manzoni-dal-4-al-23-gennaio\\\/#article\",\"isPartOf\":{\"@id\":\"https:\\\/\\\/www.romaoggi.eu\\\/index.php\\\/2022\\\/01\\\/04\\\/tempo-al-tempo-al-teatro-manzoni-dal-4-al-23-gennaio\\\/\"},\"author\":{\"name\":\"admin\",\"@id\":\"https:\\\/\\\/www.romaoggi.eu\\\/#\\\/schema\\\/person\\\/9b23ceb6a2992a25e98c76a5f1fbb887\"},\"headline\":\"\u201cTempo al Tempo&#8221; al Teatro Manzoni dal 4 al 23 gennaio\",\"datePublished\":\"2022-01-04T15:26:29+00:00\",\"mainEntityOfPage\":{\"@id\":\"https:\\\/\\\/www.romaoggi.eu\\\/index.php\\\/2022\\\/01\\\/04\\\/tempo-al-tempo-al-teatro-manzoni-dal-4-al-23-gennaio\\\/\"},\"wordCount\":188,\"publisher\":{\"@id\":\"https:\\\/\\\/www.romaoggi.eu\\\/#organization\"},\"image\":{\"@id\":\"https:\\\/\\\/www.romaoggi.eu\\\/index.php\\\/2022\\\/01\\\/04\\\/tempo-al-tempo-al-teatro-manzoni-dal-4-al-23-gennaio\\\/#primaryimage\"},\"thumbnailUrl\":\"https:\\\/\\\/www.romaoggi.eu\\\/wp-content\\\/uploads\\\/2022\\\/01\\\/Foto-Tempo-al-Tempo-ph-Teatro-7-ph-Alberta-Rossi-scaled.jpg\",\"keywords\":[\"commedia\",\"roma\",\"spettacolo\",\"teatro manzoni\",\"tempo al tempo\"],\"articleSection\":[\"teatro\"],\"inLanguage\":\"it-IT\"},{\"@type\":\"WebPage\",\"@id\":\"https:\\\/\\\/www.romaoggi.eu\\\/index.php\\\/2022\\\/01\\\/04\\\/tempo-al-tempo-al-teatro-manzoni-dal-4-al-23-gennaio\\\/\",\"url\":\"https:\\\/\\\/www.romaoggi.eu\\\/index.php\\\/2022\\\/01\\\/04\\\/tempo-al-tempo-al-teatro-manzoni-dal-4-al-23-gennaio\\\/\",\"name\":\"\u201cTempo al Tempo\\\" al Teatro Manzoni dal 4 al 23 gennaio\",\"isPartOf\":{\"@id\":\"https:\\\/\\\/www.romaoggi.eu\\\/#website\"},\"primaryImageOfPage\":{\"@id\":\"https:\\\/\\\/www.romaoggi.eu\\\/index.php\\\/2022\\\/01\\\/04\\\/tempo-al-tempo-al-teatro-manzoni-dal-4-al-23-gennaio\\\/#primaryimage\"},\"image\":{\"@id\":\"https:\\\/\\\/www.romaoggi.eu\\\/index.php\\\/2022\\\/01\\\/04\\\/tempo-al-tempo-al-teatro-manzoni-dal-4-al-23-gennaio\\\/#primaryimage\"},\"thumbnailUrl\":\"https:\\\/\\\/www.romaoggi.eu\\\/wp-content\\\/uploads\\\/2022\\\/01\\\/Foto-Tempo-al-Tempo-ph-Teatro-7-ph-Alberta-Rossi-scaled.jpg\",\"datePublished\":\"2022-01-04T15:26:29+00:00\",\"description\":\"Al Teatro Manzoni di Roma una commedia tutta al femminile: \u201cTempo al Tempo\u201d con Alessandra Costanzo, Beatrice Fazi, Antonella Lagan\u00e0, Marta Zoffoli, per\",\"breadcrumb\":{\"@id\":\"https:\\\/\\\/www.romaoggi.eu\\\/index.php\\\/2022\\\/01\\\/04\\\/tempo-al-tempo-al-teatro-manzoni-dal-4-al-23-gennaio\\\/#breadcrumb\"},\"inLanguage\":\"it-IT\",\"potentialAction\":[{\"@type\":\"ReadAction\",\"target\":[\"https:\\\/\\\/www.romaoggi.eu\\\/index.php\\\/2022\\\/01\\\/04\\\/tempo-al-tempo-al-teatro-manzoni-dal-4-al-23-gennaio\\\/\"]}]},{\"@type\":\"ImageObject\",\"inLanguage\":\"it-IT\",\"@id\":\"https:\\\/\\\/www.romaoggi.eu\\\/index.php\\\/2022\\\/01\\\/04\\\/tempo-al-tempo-al-teatro-manzoni-dal-4-al-23-gennaio\\\/#primaryimage\",\"url\":\"https:\\\/\\\/www.romaoggi.eu\\\/wp-content\\\/uploads\\\/2022\\\/01\\\/Foto-Tempo-al-Tempo-ph-Teatro-7-ph-Alberta-Rossi-scaled.jpg\",\"contentUrl\":\"https:\\\/\\\/www.romaoggi.eu\\\/wp-content\\\/uploads\\\/2022\\\/01\\\/Foto-Tempo-al-Tempo-ph-Teatro-7-ph-Alberta-Rossi-scaled.jpg\",\"width\":2560,\"height\":1707,\"caption\":\"foto: Alberta Rossi\"},{\"@type\":\"BreadcrumbList\",\"@id\":\"https:\\\/\\\/www.romaoggi.eu\\\/index.php\\\/2022\\\/01\\\/04\\\/tempo-al-tempo-al-teatro-manzoni-dal-4-al-23-gennaio\\\/#breadcrumb\",\"itemListElement\":[{\"@type\":\"ListItem\",\"position\":1,\"name\":\"Home\",\"item\":\"https:\\\/\\\/www.romaoggi.eu\\\/\"},{\"@type\":\"ListItem\",\"position\":2,\"name\":\"\u201cTempo al Tempo&#8221; al Teatro Manzoni dal 4 al 23 gennaio\"}]},{\"@type\":\"WebSite\",\"@id\":\"https:\\\/\\\/www.romaoggi.eu\\\/#website\",\"url\":\"https:\\\/\\\/www.romaoggi.eu\\\/\",\"name\":\"roma oggi\",\"description\":\"Interesting News for Interesting people\",\"publisher\":{\"@id\":\"https:\\\/\\\/www.romaoggi.eu\\\/#organization\"},\"potentialAction\":[{\"@type\":\"SearchAction\",\"target\":{\"@type\":\"EntryPoint\",\"urlTemplate\":\"https:\\\/\\\/www.romaoggi.eu\\\/?s={search_term_string}\"},\"query-input\":{\"@type\":\"PropertyValueSpecification\",\"valueRequired\":true,\"valueName\":\"search_term_string\"}}],\"inLanguage\":\"it-IT\"},{\"@type\":\"Organization\",\"@id\":\"https:\\\/\\\/www.romaoggi.eu\\\/#organization\",\"name\":\"RomaOggi\",\"url\":\"https:\\\/\\\/www.romaoggi.eu\\\/\",\"logo\":{\"@type\":\"ImageObject\",\"inLanguage\":\"it-IT\",\"@id\":\"https:\\\/\\\/www.romaoggi.eu\\\/#\\\/schema\\\/logo\\\/image\\\/\",\"url\":\"https:\\\/\\\/www.romaoggi.eu\\\/wp-content\\\/uploads\\\/2017\\\/04\\\/logowp.jpg\",\"contentUrl\":\"https:\\\/\\\/www.romaoggi.eu\\\/wp-content\\\/uploads\\\/2017\\\/04\\\/logowp.jpg\",\"width\":300,\"height\":133,\"caption\":\"RomaOggi\"},\"image\":{\"@id\":\"https:\\\/\\\/www.romaoggi.eu\\\/#\\\/schema\\\/logo\\\/image\\\/\"},\"sameAs\":[\"https:\\\/\\\/www.facebook.com\\\/RomaOggi-841544845954114\",\"https:\\\/\\\/x.com\\\/romaoggi_eu\"]},{\"@type\":\"Person\",\"@id\":\"https:\\\/\\\/www.romaoggi.eu\\\/#\\\/schema\\\/person\\\/9b23ceb6a2992a25e98c76a5f1fbb887\",\"name\":\"admin\",\"image\":{\"@type\":\"ImageObject\",\"inLanguage\":\"it-IT\",\"@id\":\"https:\\\/\\\/secure.gravatar.com\\\/avatar\\\/51b1e0a1f4159e3b5d89435fce5e1a348d6c59e2ff8c2d428dae75560aace504?s=96&d=mm&r=g\",\"url\":\"https:\\\/\\\/secure.gravatar.com\\\/avatar\\\/51b1e0a1f4159e3b5d89435fce5e1a348d6c59e2ff8c2d428dae75560aace504?s=96&d=mm&r=g\",\"contentUrl\":\"https:\\\/\\\/secure.gravatar.com\\\/avatar\\\/51b1e0a1f4159e3b5d89435fce5e1a348d6c59e2ff8c2d428dae75560aace504?s=96&d=mm&r=g\",\"caption\":\"admin\"},\"url\":\"https:\\\/\\\/www.romaoggi.eu\\\/index.php\\\/author\\\/admin\\\/\"}]}<\/script>\n<!-- \/ Yoast SEO plugin. -->","yoast_head_json":{"title":"\u201cTempo al Tempo\" al Teatro Manzoni dal 4 al 23 gennaio","description":"Al Teatro Manzoni di Roma una commedia tutta al femminile: \u201cTempo al Tempo\u201d con Alessandra Costanzo, Beatrice Fazi, Antonella Lagan\u00e0, Marta Zoffoli, per","robots":{"index":"index","follow":"follow","max-snippet":"max-snippet:-1","max-image-preview":"max-image-preview:large","max-video-preview":"max-video-preview:-1"},"canonical":"https:\/\/www.romaoggi.eu\/index.php\/2022\/01\/04\/tempo-al-tempo-al-teatro-manzoni-dal-4-al-23-gennaio\/","og_locale":"it_IT","og_type":"article","og_title":"\u201cTempo al Tempo\" al Teatro Manzoni dal 4 al 23 gennaio","og_description":"Al Teatro Manzoni di Roma una commedia tutta al femminile: \u201cTempo al Tempo\u201d con Alessandra Costanzo, Beatrice Fazi, Antonella Lagan\u00e0, Marta Zoffoli, per","og_url":"https:\/\/www.romaoggi.eu\/index.php\/2022\/01\/04\/tempo-al-tempo-al-teatro-manzoni-dal-4-al-23-gennaio\/","og_site_name":"roma oggi","article_publisher":"https:\/\/www.facebook.com\/RomaOggi-841544845954114","article_published_time":"2022-01-04T15:26:29+00:00","og_image":[{"width":2560,"height":1707,"url":"https:\/\/www.romaoggi.eu\/wp-content\/uploads\/2022\/01\/Foto-Tempo-al-Tempo-ph-Teatro-7-ph-Alberta-Rossi-scaled.jpg","type":"image\/jpeg"}],"author":"admin","twitter_card":"summary_large_image","twitter_creator":"@romaoggi_eu","twitter_site":"@romaoggi_eu","twitter_misc":{"Scritto da":"admin","Tempo di lettura stimato":"2 minuti"},"schema":{"@context":"https:\/\/schema.org","@graph":[{"@type":"Article","@id":"https:\/\/www.romaoggi.eu\/index.php\/2022\/01\/04\/tempo-al-tempo-al-teatro-manzoni-dal-4-al-23-gennaio\/#article","isPartOf":{"@id":"https:\/\/www.romaoggi.eu\/index.php\/2022\/01\/04\/tempo-al-tempo-al-teatro-manzoni-dal-4-al-23-gennaio\/"},"author":{"name":"admin","@id":"https:\/\/www.romaoggi.eu\/#\/schema\/person\/9b23ceb6a2992a25e98c76a5f1fbb887"},"headline":"\u201cTempo al Tempo&#8221; al Teatro Manzoni dal 4 al 23 gennaio","datePublished":"2022-01-04T15:26:29+00:00","mainEntityOfPage":{"@id":"https:\/\/www.romaoggi.eu\/index.php\/2022\/01\/04\/tempo-al-tempo-al-teatro-manzoni-dal-4-al-23-gennaio\/"},"wordCount":188,"publisher":{"@id":"https:\/\/www.romaoggi.eu\/#organization"},"image":{"@id":"https:\/\/www.romaoggi.eu\/index.php\/2022\/01\/04\/tempo-al-tempo-al-teatro-manzoni-dal-4-al-23-gennaio\/#primaryimage"},"thumbnailUrl":"https:\/\/www.romaoggi.eu\/wp-content\/uploads\/2022\/01\/Foto-Tempo-al-Tempo-ph-Teatro-7-ph-Alberta-Rossi-scaled.jpg","keywords":["commedia","roma","spettacolo","teatro manzoni","tempo al tempo"],"articleSection":["teatro"],"inLanguage":"it-IT"},{"@type":"WebPage","@id":"https:\/\/www.romaoggi.eu\/index.php\/2022\/01\/04\/tempo-al-tempo-al-teatro-manzoni-dal-4-al-23-gennaio\/","url":"https:\/\/www.romaoggi.eu\/index.php\/2022\/01\/04\/tempo-al-tempo-al-teatro-manzoni-dal-4-al-23-gennaio\/","name":"\u201cTempo al Tempo\" al Teatro Manzoni dal 4 al 23 gennaio","isPartOf":{"@id":"https:\/\/www.romaoggi.eu\/#website"},"primaryImageOfPage":{"@id":"https:\/\/www.romaoggi.eu\/index.php\/2022\/01\/04\/tempo-al-tempo-al-teatro-manzoni-dal-4-al-23-gennaio\/#primaryimage"},"image":{"@id":"https:\/\/www.romaoggi.eu\/index.php\/2022\/01\/04\/tempo-al-tempo-al-teatro-manzoni-dal-4-al-23-gennaio\/#primaryimage"},"thumbnailUrl":"https:\/\/www.romaoggi.eu\/wp-content\/uploads\/2022\/01\/Foto-Tempo-al-Tempo-ph-Teatro-7-ph-Alberta-Rossi-scaled.jpg","datePublished":"2022-01-04T15:26:29+00:00","description":"Al Teatro Manzoni di Roma una commedia tutta al femminile: \u201cTempo al Tempo\u201d con Alessandra Costanzo, Beatrice Fazi, Antonella Lagan\u00e0, Marta Zoffoli, per","breadcrumb":{"@id":"https:\/\/www.romaoggi.eu\/index.php\/2022\/01\/04\/tempo-al-tempo-al-teatro-manzoni-dal-4-al-23-gennaio\/#breadcrumb"},"inLanguage":"it-IT","potentialAction":[{"@type":"ReadAction","target":["https:\/\/www.romaoggi.eu\/index.php\/2022\/01\/04\/tempo-al-tempo-al-teatro-manzoni-dal-4-al-23-gennaio\/"]}]},{"@type":"ImageObject","inLanguage":"it-IT","@id":"https:\/\/www.romaoggi.eu\/index.php\/2022\/01\/04\/tempo-al-tempo-al-teatro-manzoni-dal-4-al-23-gennaio\/#primaryimage","url":"https:\/\/www.romaoggi.eu\/wp-content\/uploads\/2022\/01\/Foto-Tempo-al-Tempo-ph-Teatro-7-ph-Alberta-Rossi-scaled.jpg","contentUrl":"https:\/\/www.romaoggi.eu\/wp-content\/uploads\/2022\/01\/Foto-Tempo-al-Tempo-ph-Teatro-7-ph-Alberta-Rossi-scaled.jpg","width":2560,"height":1707,"caption":"foto: Alberta Rossi"},{"@type":"BreadcrumbList","@id":"https:\/\/www.romaoggi.eu\/index.php\/2022\/01\/04\/tempo-al-tempo-al-teatro-manzoni-dal-4-al-23-gennaio\/#breadcrumb","itemListElement":[{"@type":"ListItem","position":1,"name":"Home","item":"https:\/\/www.romaoggi.eu\/"},{"@type":"ListItem","position":2,"name":"\u201cTempo al Tempo&#8221; al Teatro Manzoni dal 4 al 23 gennaio"}]},{"@type":"WebSite","@id":"https:\/\/www.romaoggi.eu\/#website","url":"https:\/\/www.romaoggi.eu\/","name":"roma oggi","description":"Interesting News for Interesting people","publisher":{"@id":"https:\/\/www.romaoggi.eu\/#organization"},"potentialAction":[{"@type":"SearchAction","target":{"@type":"EntryPoint","urlTemplate":"https:\/\/www.romaoggi.eu\/?s={search_term_string}"},"query-input":{"@type":"PropertyValueSpecification","valueRequired":true,"valueName":"search_term_string"}}],"inLanguage":"it-IT"},{"@type":"Organization","@id":"https:\/\/www.romaoggi.eu\/#organization","name":"RomaOggi","url":"https:\/\/www.romaoggi.eu\/","logo":{"@type":"ImageObject","inLanguage":"it-IT","@id":"https:\/\/www.romaoggi.eu\/#\/schema\/logo\/image\/","url":"https:\/\/www.romaoggi.eu\/wp-content\/uploads\/2017\/04\/logowp.jpg","contentUrl":"https:\/\/www.romaoggi.eu\/wp-content\/uploads\/2017\/04\/logowp.jpg","width":300,"height":133,"caption":"RomaOggi"},"image":{"@id":"https:\/\/www.romaoggi.eu\/#\/schema\/logo\/image\/"},"sameAs":["https:\/\/www.facebook.com\/RomaOggi-841544845954114","https:\/\/x.com\/romaoggi_eu"]},{"@type":"Person","@id":"https:\/\/www.romaoggi.eu\/#\/schema\/person\/9b23ceb6a2992a25e98c76a5f1fbb887","name":"admin","image":{"@type":"ImageObject","inLanguage":"it-IT","@id":"https:\/\/secure.gravatar.com\/avatar\/51b1e0a1f4159e3b5d89435fce5e1a348d6c59e2ff8c2d428dae75560aace504?s=96&d=mm&r=g","url":"https:\/\/secure.gravatar.com\/avatar\/51b1e0a1f4159e3b5d89435fce5e1a348d6c59e2ff8c2d428dae75560aace504?s=96&d=mm&r=g","contentUrl":"https:\/\/secure.gravatar.com\/avatar\/51b1e0a1f4159e3b5d89435fce5e1a348d6c59e2ff8c2d428dae75560aace504?s=96&d=mm&r=g","caption":"admin"},"url":"https:\/\/www.romaoggi.eu\/index.php\/author\/admin\/"}]}},"_links":{"self":[{"href":"https:\/\/www.romaoggi.eu\/index.php\/wp-json\/wp\/v2\/posts\/30918","targetHints":{"allow":["GET"]}}],"collection":[{"href":"https:\/\/www.romaoggi.eu\/index.php\/wp-json\/wp\/v2\/posts"}],"about":[{"href":"https:\/\/www.romaoggi.eu\/index.php\/wp-json\/wp\/v2\/types\/post"}],"author":[{"embeddable":true,"href":"https:\/\/www.romaoggi.eu\/index.php\/wp-json\/wp\/v2\/users\/1"}],"replies":[{"embeddable":true,"href":"https:\/\/www.romaoggi.eu\/index.php\/wp-json\/wp\/v2\/comments?post=30918"}],"version-history":[{"count":2,"href":"https:\/\/www.romaoggi.eu\/index.php\/wp-json\/wp\/v2\/posts\/30918\/revisions"}],"predecessor-version":[{"id":30922,"href":"https:\/\/www.romaoggi.eu\/index.php\/wp-json\/wp\/v2\/posts\/30918\/revisions\/30922"}],"wp:featuredmedia":[{"embeddable":true,"href":"https:\/\/www.romaoggi.eu\/index.php\/wp-json\/wp\/v2\/media\/30920"}],"wp:attachment":[{"href":"https:\/\/www.romaoggi.eu\/index.php\/wp-json\/wp\/v2\/media?parent=30918"}],"wp:term":[{"taxonomy":"category","embeddable":true,"href":"https:\/\/www.romaoggi.eu\/index.php\/wp-json\/wp\/v2\/categories?post=30918"},{"taxonomy":"post_tag","embeddable":true,"href":"https:\/\/www.romaoggi.eu\/index.php\/wp-json\/wp\/v2\/tags?post=30918"}],"curies":[{"name":"wp","href":"https:\/\/api.w.org\/{rel}","templated":true}]}}