{"id":31095,"date":"2022-01-29T08:24:42","date_gmt":"2022-01-29T07:24:42","guid":{"rendered":"https:\/\/www.romaoggi.eu\/?p=31095"},"modified":"2022-01-29T08:25:09","modified_gmt":"2022-01-29T07:25:09","slug":"re-coding-quayola-a-palazzo-cipolla-di-massimo-scafati-target-lab-ets","status":"publish","type":"post","link":"https:\/\/www.romaoggi.eu\/index.php\/2022\/01\/29\/re-coding-quayola-a-palazzo-cipolla-di-massimo-scafati-target-lab-ets\/","title":{"rendered":"Re-coding, Quayola a Palazzo Cipolla&#8230; di Massimo Scafati &#8211; Target Lab Ets"},"content":{"rendered":"<p align=\"JUSTIFY\"><span style=\"font-family: Times New Roman, serif;\"><span style=\"font-size: medium;\"><strong><span style=\"color: #ff0000;\"><b>sostieni con una donazione il progetto fotografico di Target Lab Ets 371 4413442.\u00a0 <\/b><\/span><\/strong><strong><a href=\"https:\/\/sostieni.link\/28814\"><span style=\"color: #ff0000;\">https:\/\/sostieni.link\/28814<\/span><\/a><\/strong><\/span><\/span><\/p>\n<p><span style=\"font-family: Times New Roman, serif;\"><span style=\"font-size: medium;\"><b>Re-coding, Quayola a Palazzo Cipolla<\/b><\/span><\/span><\/p>\n<p align=\"JUSTIFY\"><span style=\"font-family: Times New Roman, serif;\"><span style=\"font-size: medium;\">Pur giovanissimo Davide Quayola classe 1982, nato a Roma ma londinese di adozione, \u00e8 sicuramente uno tra i pi\u00f9 interessanti esponenti della media-art a livello internazionale avendo gi\u00e0 esposto con notevole successo le sue opere a Londra, Bruxselles, Tokyo, Shangai, Pechino, Barcellona e San Paolo.<\/span><\/span><\/p>\n<p align=\"JUSTIFY\"><span style=\"font-family: Times New Roman, serif;\"><span style=\"font-size: medium;\">La mostra monografica Re-coding di Palazzo Cipolla, inaugurata il 29 Settembre 2021 raccoglie praticamente tutte le sue realizzazioni pi\u00f9 significative e sar\u00e0 visitabile a Roma fino al 30 Gennaio 2022.<\/span><\/span><\/p>\n<p align=\"JUSTIFY\"><span style=\"font-family: Times New Roman, serif;\"><span style=\"font-size: medium;\">Descrivere la media-art di Quayola non \u00e8 facilissimo poich\u00e9 si tratta essenzialmente di soluzioni visive sperimentali, anche multidimensionali, realizzate con tecnologie digitali avanzate e sistemi robotici istruiti attraverso modelli di intelligenza artificiale. <\/span><\/span><\/p>\n<p align=\"JUSTIFY\"><span style=\"font-family: Times New Roman, serif;\"><span style=\"font-size: medium;\">In sostanza le opere di Quayola si sviluppano su tre aree tematiche: Iconografia classica, quindi ad esempio opere dell\u2019arte classica rinascimentale scomposte e riorganizzata secondo canoni estetici apparentemente casuali ma presentati appunto in maniera astratta attraverso algoritmi digitali. La seconda area tematica riguarda la scultura di opere incompiute realizzate su vari materiali da sistemi robotizzati, software generativo e stampanti 3D che interpretano di base idee visive umani.. La terza area riguarda la trasformazione di immagini tradizionali secondo criteri policromatici in rapida evoluzione in grado di offrire prospettive artistiche continuamente diverse.<\/span><\/span><\/p>\n<p align=\"JUSTIFY\"><span style=\"font-family: Times New Roman, serif;\"><span style=\"font-size: medium;\">Ovviamente la presentazione di queste opere, per lo pi\u00f9 retro illuminate, richiede spazi e ambientazioni particolari con sale buie, luci e, ombre e note musicali realizzate in modo davvero efficace dai curatori della mostra.<\/span><\/span><\/p>\n<p><span style=\"font-family: Times New Roman, serif;\"><span style=\"font-size: medium;\">MASSIMO SCAFATI \/ Target Lab Ets<\/span><\/span><\/p>\n<p align=\"JUSTIFY\"><span style=\"color: #1d2228;\"><span style=\"font-family: Times New Roman, serif;\"><span style=\"font-size: medium;\"><b><strong>Redazione e editing fotografico a cura di Alessandro Lisci &#8211; Target Lab Ets<\/strong><\/b><\/span><\/span><\/span><\/p>\n<figure id=\"attachment_31103\" aria-describedby=\"caption-attachment-31103\" style=\"width: 1020px\" class=\"wp-caption alignnone\"><img loading=\"lazy\" decoding=\"async\" class=\"size-full wp-image-31103\" src=\"https:\/\/www.romaoggi.eu\/wp-content\/uploads\/2022\/01\/Photo-002-Quayola-a-Palazzo-Cipolla-\u00a9-2022-Massimo-Scafati-Target-Lab-Ets-.jpg\" alt=\"alt tag quayola palazzo cipolla\" width=\"1020\" height=\"680\" srcset=\"https:\/\/www.romaoggi.eu\/wp-content\/uploads\/2022\/01\/Photo-002-Quayola-a-Palazzo-Cipolla-\u00a9-2022-Massimo-Scafati-Target-Lab-Ets-.jpg 1020w, https:\/\/www.romaoggi.eu\/wp-content\/uploads\/2022\/01\/Photo-002-Quayola-a-Palazzo-Cipolla-\u00a9-2022-Massimo-Scafati-Target-Lab-Ets--300x200.jpg 300w\" sizes=\"auto, (max-width: 1020px) 100vw, 1020px\" \/><figcaption id=\"caption-attachment-31103\" class=\"wp-caption-text\">Quayola a Palazzo Cipolla \u00a9 2022 Massimo Scafati &#8211; Target Lab Ets<\/figcaption><\/figure>\n<figure id=\"attachment_31100\" aria-describedby=\"caption-attachment-31100\" style=\"width: 1020px\" class=\"wp-caption alignnone\"><img loading=\"lazy\" decoding=\"async\" class=\"size-full wp-image-31100\" src=\"https:\/\/www.romaoggi.eu\/wp-content\/uploads\/2022\/01\/Photo-006-Quayola-a-Palazzo-Cipolla-\u00a9-2022-Massimo-Scafati-Target-Lab-Ets-.jpg\" alt=\"alt tag quayola palazzo cipolla\" width=\"1020\" height=\"680\" srcset=\"https:\/\/www.romaoggi.eu\/wp-content\/uploads\/2022\/01\/Photo-006-Quayola-a-Palazzo-Cipolla-\u00a9-2022-Massimo-Scafati-Target-Lab-Ets-.jpg 1020w, https:\/\/www.romaoggi.eu\/wp-content\/uploads\/2022\/01\/Photo-006-Quayola-a-Palazzo-Cipolla-\u00a9-2022-Massimo-Scafati-Target-Lab-Ets--300x200.jpg 300w\" sizes=\"auto, (max-width: 1020px) 100vw, 1020px\" \/><figcaption id=\"caption-attachment-31100\" class=\"wp-caption-text\">Quayola a Palazzo Cipolla \u00a9 2022 Massimo Scafati &#8211; Target Lab Ets<\/figcaption><\/figure>\n<figure id=\"attachment_31101\" aria-describedby=\"caption-attachment-31101\" style=\"width: 1020px\" class=\"wp-caption alignnone\"><img loading=\"lazy\" decoding=\"async\" class=\"size-full wp-image-31101\" src=\"https:\/\/www.romaoggi.eu\/wp-content\/uploads\/2022\/01\/Photo-005-Quayola-a-Palazzo-Cipolla-\u00a9-2022-Massimo-Scafati-Target-Lab-Ets-.jpg\" alt=\"alt tag quayola palazzo cipolla\" width=\"1020\" height=\"680\" srcset=\"https:\/\/www.romaoggi.eu\/wp-content\/uploads\/2022\/01\/Photo-005-Quayola-a-Palazzo-Cipolla-\u00a9-2022-Massimo-Scafati-Target-Lab-Ets-.jpg 1020w, https:\/\/www.romaoggi.eu\/wp-content\/uploads\/2022\/01\/Photo-005-Quayola-a-Palazzo-Cipolla-\u00a9-2022-Massimo-Scafati-Target-Lab-Ets--300x200.jpg 300w\" sizes=\"auto, (max-width: 1020px) 100vw, 1020px\" \/><figcaption id=\"caption-attachment-31101\" class=\"wp-caption-text\">Quayola a Palazzo Cipolla \u00a9 2022 Massimo Scafati &#8211; Target Lab Ets<\/figcaption><\/figure>\n<figure id=\"attachment_31102\" aria-describedby=\"caption-attachment-31102\" style=\"width: 1020px\" class=\"wp-caption alignnone\"><img loading=\"lazy\" decoding=\"async\" class=\"size-full wp-image-31102\" src=\"https:\/\/www.romaoggi.eu\/wp-content\/uploads\/2022\/01\/Photo-004-Quayola-a-Palazzo-Cipolla-\u00a9-2022-Massimo-Scafati-Target-Lab-Ets-.jpg\" alt=\"alt tag quayola palazzo cipolla\" width=\"1020\" height=\"680\" srcset=\"https:\/\/www.romaoggi.eu\/wp-content\/uploads\/2022\/01\/Photo-004-Quayola-a-Palazzo-Cipolla-\u00a9-2022-Massimo-Scafati-Target-Lab-Ets-.jpg 1020w, https:\/\/www.romaoggi.eu\/wp-content\/uploads\/2022\/01\/Photo-004-Quayola-a-Palazzo-Cipolla-\u00a9-2022-Massimo-Scafati-Target-Lab-Ets--300x200.jpg 300w\" sizes=\"auto, (max-width: 1020px) 100vw, 1020px\" \/><figcaption id=\"caption-attachment-31102\" class=\"wp-caption-text\">Quayola a Palazzo Cipolla \u00a9 2022 Massimo Scafati &#8211; Target Lab Ets<\/figcaption><\/figure>\n<figure id=\"attachment_31098\" aria-describedby=\"caption-attachment-31098\" style=\"width: 1020px\" class=\"wp-caption alignnone\"><img loading=\"lazy\" decoding=\"async\" class=\"size-full wp-image-31098\" src=\"https:\/\/www.romaoggi.eu\/wp-content\/uploads\/2022\/01\/Photo-010-Quayola-a-Palazzo-Cipolla-\u00a9-2022-Massimo-Scafati-Target-Lab-Ets-.jpg\" alt=\"alt tag quayola palazzo cipolla\" width=\"1020\" height=\"680\" srcset=\"https:\/\/www.romaoggi.eu\/wp-content\/uploads\/2022\/01\/Photo-010-Quayola-a-Palazzo-Cipolla-\u00a9-2022-Massimo-Scafati-Target-Lab-Ets-.jpg 1020w, https:\/\/www.romaoggi.eu\/wp-content\/uploads\/2022\/01\/Photo-010-Quayola-a-Palazzo-Cipolla-\u00a9-2022-Massimo-Scafati-Target-Lab-Ets--300x200.jpg 300w\" sizes=\"auto, (max-width: 1020px) 100vw, 1020px\" \/><figcaption id=\"caption-attachment-31098\" class=\"wp-caption-text\">Quayola a Palazzo Cipolla \u00a9 2022 Massimo Scafati &#8211; Target Lab Ets<\/figcaption><\/figure>\n<figure id=\"attachment_31099\" aria-describedby=\"caption-attachment-31099\" style=\"width: 1020px\" class=\"wp-caption alignnone\"><img loading=\"lazy\" decoding=\"async\" class=\"size-full wp-image-31099\" src=\"https:\/\/www.romaoggi.eu\/wp-content\/uploads\/2022\/01\/Photo-009-Quayola-a-Palazzo-Cipolla-\u00a9-2022-Massimo-Scafati-Target-Lab-Ets-.jpg\" alt=\"alt tag quayola palazzo cipolla\" width=\"1020\" height=\"680\" srcset=\"https:\/\/www.romaoggi.eu\/wp-content\/uploads\/2022\/01\/Photo-009-Quayola-a-Palazzo-Cipolla-\u00a9-2022-Massimo-Scafati-Target-Lab-Ets-.jpg 1020w, https:\/\/www.romaoggi.eu\/wp-content\/uploads\/2022\/01\/Photo-009-Quayola-a-Palazzo-Cipolla-\u00a9-2022-Massimo-Scafati-Target-Lab-Ets--300x200.jpg 300w\" sizes=\"auto, (max-width: 1020px) 100vw, 1020px\" \/><figcaption id=\"caption-attachment-31099\" class=\"wp-caption-text\">Quayola a Palazzo Cipolla \u00a9 2022 Massimo Scafati &#8211; Target Lab Ets<\/figcaption><\/figure>\n<figure id=\"attachment_31097\" aria-describedby=\"caption-attachment-31097\" style=\"width: 1020px\" class=\"wp-caption alignnone\"><img loading=\"lazy\" decoding=\"async\" class=\"size-full wp-image-31097\" src=\"https:\/\/www.romaoggi.eu\/wp-content\/uploads\/2022\/01\/Photo-011-Quayola-a-Palazzo-Cipolla-\u00a9-2022-Massimo-Scafati-Target-Lab-Ets-.jpg\" alt=\"alt tag quayola palazzo cipolla\" width=\"1020\" height=\"680\" srcset=\"https:\/\/www.romaoggi.eu\/wp-content\/uploads\/2022\/01\/Photo-011-Quayola-a-Palazzo-Cipolla-\u00a9-2022-Massimo-Scafati-Target-Lab-Ets-.jpg 1020w, https:\/\/www.romaoggi.eu\/wp-content\/uploads\/2022\/01\/Photo-011-Quayola-a-Palazzo-Cipolla-\u00a9-2022-Massimo-Scafati-Target-Lab-Ets--300x200.jpg 300w\" sizes=\"auto, (max-width: 1020px) 100vw, 1020px\" \/><figcaption id=\"caption-attachment-31097\" class=\"wp-caption-text\">Quayola a Palazzo Cipolla \u00a9 2022 Massimo Scafati &#8211; Target Lab Ets<\/figcaption><\/figure>\n","protected":false},"excerpt":{"rendered":"<div class=\"mh-excerpt\"><p>sostieni con una donazione il progetto fotografico di Target Lab Ets 371 4413442.\u00a0 https:\/\/sostieni.link\/28814 Re-coding, Quayola a Palazzo Cipolla Pur giovanissimo Davide Quayola classe 1982, nato a Roma ma londinese di adozione, \u00e8 sicuramente uno <a class=\"mh-excerpt-more\" href=\"https:\/\/www.romaoggi.eu\/index.php\/2022\/01\/29\/re-coding-quayola-a-palazzo-cipolla-di-massimo-scafati-target-lab-ets\/\" title=\"Re-coding, Quayola a Palazzo Cipolla&#8230; di Massimo Scafati &#8211; Target Lab Ets\">[&#8230;]<\/a><\/p>\n<\/div>","protected":false},"author":10,"featured_media":31104,"comment_status":"closed","ping_status":"open","sticky":false,"template":"","format":"standard","meta":{"_sitemap_exclude":false,"_sitemap_priority":"","_sitemap_frequency":"","footnotes":""},"categories":[74],"tags":[],"class_list":["post-31095","post","type-post","status-publish","format-standard","has-post-thumbnail","hentry","category-mostre"],"yoast_head":"<!-- This site is optimized with the Yoast SEO plugin v27.5 - https:\/\/yoast.com\/product\/yoast-seo-wordpress\/ -->\n<title>Re-coding, Quayola a Palazzo Cipolla di Massimo Scafati -Target Lab Ets<\/title>\n<meta name=\"description\" content=\"sostieni con una donazione il progetto fotografico di Target Lab Ets 371 4413442.\u00a0 https:\/\/sostieni.link\/28814 Re-coding, Quayola a Palazzo Cipolla Pur\" \/>\n<meta name=\"robots\" content=\"index, follow, max-snippet:-1, max-image-preview:large, max-video-preview:-1\" \/>\n<link rel=\"canonical\" href=\"https:\/\/www.romaoggi.eu\/index.php\/2022\/01\/29\/re-coding-quayola-a-palazzo-cipolla-di-massimo-scafati-target-lab-ets\/\" \/>\n<meta property=\"og:locale\" content=\"it_IT\" \/>\n<meta property=\"og:type\" content=\"article\" \/>\n<meta property=\"og:title\" content=\"Re-coding, Quayola a Palazzo Cipolla di Massimo Scafati -Target Lab Ets\" \/>\n<meta property=\"og:description\" content=\"sostieni con una donazione il progetto fotografico di Target Lab Ets 371 4413442.\u00a0 https:\/\/sostieni.link\/28814 Re-coding, Quayola a Palazzo Cipolla Pur\" \/>\n<meta property=\"og:url\" content=\"https:\/\/www.romaoggi.eu\/index.php\/2022\/01\/29\/re-coding-quayola-a-palazzo-cipolla-di-massimo-scafati-target-lab-ets\/\" \/>\n<meta property=\"og:site_name\" content=\"roma oggi\" \/>\n<meta property=\"article:publisher\" content=\"https:\/\/www.facebook.com\/RomaOggi-841544845954114\" \/>\n<meta property=\"article:author\" content=\"https:\/\/www.facebook.com\/alessandro.lisci.5\" \/>\n<meta property=\"article:published_time\" content=\"2022-01-29T07:24:42+00:00\" \/>\n<meta property=\"article:modified_time\" content=\"2022-01-29T07:25:09+00:00\" \/>\n<meta property=\"og:image\" content=\"https:\/\/www.romaoggi.eu\/wp-content\/uploads\/2022\/01\/Photo-001-Quayola-a-Palazzo-Cipolla-\u00a9-2022-Massimo-Scafati-Target-Lab-Ets-.jpg\" \/>\n\t<meta property=\"og:image:width\" content=\"1020\" \/>\n\t<meta property=\"og:image:height\" content=\"680\" \/>\n\t<meta property=\"og:image:type\" content=\"image\/jpeg\" \/>\n<meta name=\"author\" content=\"Alessandro Lisci\" \/>\n<meta name=\"twitter:card\" content=\"summary_large_image\" \/>\n<meta name=\"twitter:creator\" content=\"@https:\/\/twitter.com\/alessandrolisci\" \/>\n<meta name=\"twitter:site\" content=\"@romaoggi_eu\" \/>\n<meta name=\"twitter:label1\" content=\"Scritto da\" \/>\n\t<meta name=\"twitter:data1\" content=\"Alessandro Lisci\" \/>\n\t<meta name=\"twitter:label2\" content=\"Tempo di lettura stimato\" \/>\n\t<meta name=\"twitter:data2\" content=\"4 minuti\" \/>\n<script type=\"application\/ld+json\" class=\"yoast-schema-graph\">{\"@context\":\"https:\\\/\\\/schema.org\",\"@graph\":[{\"@type\":\"Article\",\"@id\":\"https:\\\/\\\/www.romaoggi.eu\\\/index.php\\\/2022\\\/01\\\/29\\\/re-coding-quayola-a-palazzo-cipolla-di-massimo-scafati-target-lab-ets\\\/#article\",\"isPartOf\":{\"@id\":\"https:\\\/\\\/www.romaoggi.eu\\\/index.php\\\/2022\\\/01\\\/29\\\/re-coding-quayola-a-palazzo-cipolla-di-massimo-scafati-target-lab-ets\\\/\"},\"author\":{\"name\":\"Alessandro Lisci\",\"@id\":\"https:\\\/\\\/www.romaoggi.eu\\\/#\\\/schema\\\/person\\\/30ada62b3bd510c45a781b7e3bf65e69\"},\"headline\":\"Re-coding, Quayola a Palazzo Cipolla&#8230; di Massimo Scafati &#8211; Target Lab Ets\",\"datePublished\":\"2022-01-29T07:24:42+00:00\",\"dateModified\":\"2022-01-29T07:25:09+00:00\",\"mainEntityOfPage\":{\"@id\":\"https:\\\/\\\/www.romaoggi.eu\\\/index.php\\\/2022\\\/01\\\/29\\\/re-coding-quayola-a-palazzo-cipolla-di-massimo-scafati-target-lab-ets\\\/\"},\"wordCount\":393,\"publisher\":{\"@id\":\"https:\\\/\\\/www.romaoggi.eu\\\/#organization\"},\"image\":{\"@id\":\"https:\\\/\\\/www.romaoggi.eu\\\/index.php\\\/2022\\\/01\\\/29\\\/re-coding-quayola-a-palazzo-cipolla-di-massimo-scafati-target-lab-ets\\\/#primaryimage\"},\"thumbnailUrl\":\"https:\\\/\\\/www.romaoggi.eu\\\/wp-content\\\/uploads\\\/2022\\\/01\\\/Photo-001-Quayola-a-Palazzo-Cipolla-\u00a9-2022-Massimo-Scafati-Target-Lab-Ets-.jpg\",\"articleSection\":[\"Mostre\"],\"inLanguage\":\"it-IT\"},{\"@type\":\"WebPage\",\"@id\":\"https:\\\/\\\/www.romaoggi.eu\\\/index.php\\\/2022\\\/01\\\/29\\\/re-coding-quayola-a-palazzo-cipolla-di-massimo-scafati-target-lab-ets\\\/\",\"url\":\"https:\\\/\\\/www.romaoggi.eu\\\/index.php\\\/2022\\\/01\\\/29\\\/re-coding-quayola-a-palazzo-cipolla-di-massimo-scafati-target-lab-ets\\\/\",\"name\":\"Re-coding, Quayola a Palazzo Cipolla di Massimo Scafati -Target Lab Ets\",\"isPartOf\":{\"@id\":\"https:\\\/\\\/www.romaoggi.eu\\\/#website\"},\"primaryImageOfPage\":{\"@id\":\"https:\\\/\\\/www.romaoggi.eu\\\/index.php\\\/2022\\\/01\\\/29\\\/re-coding-quayola-a-palazzo-cipolla-di-massimo-scafati-target-lab-ets\\\/#primaryimage\"},\"image\":{\"@id\":\"https:\\\/\\\/www.romaoggi.eu\\\/index.php\\\/2022\\\/01\\\/29\\\/re-coding-quayola-a-palazzo-cipolla-di-massimo-scafati-target-lab-ets\\\/#primaryimage\"},\"thumbnailUrl\":\"https:\\\/\\\/www.romaoggi.eu\\\/wp-content\\\/uploads\\\/2022\\\/01\\\/Photo-001-Quayola-a-Palazzo-Cipolla-\u00a9-2022-Massimo-Scafati-Target-Lab-Ets-.jpg\",\"datePublished\":\"2022-01-29T07:24:42+00:00\",\"dateModified\":\"2022-01-29T07:25:09+00:00\",\"description\":\"sostieni con una donazione il progetto fotografico di Target Lab Ets 371 4413442.\u00a0 https:\\\/\\\/sostieni.link\\\/28814 Re-coding, Quayola a Palazzo Cipolla Pur\",\"breadcrumb\":{\"@id\":\"https:\\\/\\\/www.romaoggi.eu\\\/index.php\\\/2022\\\/01\\\/29\\\/re-coding-quayola-a-palazzo-cipolla-di-massimo-scafati-target-lab-ets\\\/#breadcrumb\"},\"inLanguage\":\"it-IT\",\"potentialAction\":[{\"@type\":\"ReadAction\",\"target\":[\"https:\\\/\\\/www.romaoggi.eu\\\/index.php\\\/2022\\\/01\\\/29\\\/re-coding-quayola-a-palazzo-cipolla-di-massimo-scafati-target-lab-ets\\\/\"]}]},{\"@type\":\"ImageObject\",\"inLanguage\":\"it-IT\",\"@id\":\"https:\\\/\\\/www.romaoggi.eu\\\/index.php\\\/2022\\\/01\\\/29\\\/re-coding-quayola-a-palazzo-cipolla-di-massimo-scafati-target-lab-ets\\\/#primaryimage\",\"url\":\"https:\\\/\\\/www.romaoggi.eu\\\/wp-content\\\/uploads\\\/2022\\\/01\\\/Photo-001-Quayola-a-Palazzo-Cipolla-\u00a9-2022-Massimo-Scafati-Target-Lab-Ets-.jpg\",\"contentUrl\":\"https:\\\/\\\/www.romaoggi.eu\\\/wp-content\\\/uploads\\\/2022\\\/01\\\/Photo-001-Quayola-a-Palazzo-Cipolla-\u00a9-2022-Massimo-Scafati-Target-Lab-Ets-.jpg\",\"width\":1020,\"height\":680,\"caption\":\"Quayola a Palazzo Cipolla \u00a9 2022 Massimo Scafati - Target Lab Ets\"},{\"@type\":\"BreadcrumbList\",\"@id\":\"https:\\\/\\\/www.romaoggi.eu\\\/index.php\\\/2022\\\/01\\\/29\\\/re-coding-quayola-a-palazzo-cipolla-di-massimo-scafati-target-lab-ets\\\/#breadcrumb\",\"itemListElement\":[{\"@type\":\"ListItem\",\"position\":1,\"name\":\"Home\",\"item\":\"https:\\\/\\\/www.romaoggi.eu\\\/\"},{\"@type\":\"ListItem\",\"position\":2,\"name\":\"Re-coding, Quayola a Palazzo Cipolla&#8230; di Massimo Scafati &#8211; Target Lab Ets\"}]},{\"@type\":\"WebSite\",\"@id\":\"https:\\\/\\\/www.romaoggi.eu\\\/#website\",\"url\":\"https:\\\/\\\/www.romaoggi.eu\\\/\",\"name\":\"roma oggi\",\"description\":\"Interesting News for Interesting people\",\"publisher\":{\"@id\":\"https:\\\/\\\/www.romaoggi.eu\\\/#organization\"},\"potentialAction\":[{\"@type\":\"SearchAction\",\"target\":{\"@type\":\"EntryPoint\",\"urlTemplate\":\"https:\\\/\\\/www.romaoggi.eu\\\/?s={search_term_string}\"},\"query-input\":{\"@type\":\"PropertyValueSpecification\",\"valueRequired\":true,\"valueName\":\"search_term_string\"}}],\"inLanguage\":\"it-IT\"},{\"@type\":\"Organization\",\"@id\":\"https:\\\/\\\/www.romaoggi.eu\\\/#organization\",\"name\":\"RomaOggi\",\"url\":\"https:\\\/\\\/www.romaoggi.eu\\\/\",\"logo\":{\"@type\":\"ImageObject\",\"inLanguage\":\"it-IT\",\"@id\":\"https:\\\/\\\/www.romaoggi.eu\\\/#\\\/schema\\\/logo\\\/image\\\/\",\"url\":\"https:\\\/\\\/www.romaoggi.eu\\\/wp-content\\\/uploads\\\/2017\\\/04\\\/logowp.jpg\",\"contentUrl\":\"https:\\\/\\\/www.romaoggi.eu\\\/wp-content\\\/uploads\\\/2017\\\/04\\\/logowp.jpg\",\"width\":300,\"height\":133,\"caption\":\"RomaOggi\"},\"image\":{\"@id\":\"https:\\\/\\\/www.romaoggi.eu\\\/#\\\/schema\\\/logo\\\/image\\\/\"},\"sameAs\":[\"https:\\\/\\\/www.facebook.com\\\/RomaOggi-841544845954114\",\"https:\\\/\\\/x.com\\\/romaoggi_eu\"]},{\"@type\":\"Person\",\"@id\":\"https:\\\/\\\/www.romaoggi.eu\\\/#\\\/schema\\\/person\\\/30ada62b3bd510c45a781b7e3bf65e69\",\"name\":\"Alessandro Lisci\",\"image\":{\"@type\":\"ImageObject\",\"inLanguage\":\"it-IT\",\"@id\":\"https:\\\/\\\/secure.gravatar.com\\\/avatar\\\/9b9712162b2ac404aa0d7d978185f203808e7bd02856a449b19868b2eb80cf12?s=96&d=mm&r=g\",\"url\":\"https:\\\/\\\/secure.gravatar.com\\\/avatar\\\/9b9712162b2ac404aa0d7d978185f203808e7bd02856a449b19868b2eb80cf12?s=96&d=mm&r=g\",\"contentUrl\":\"https:\\\/\\\/secure.gravatar.com\\\/avatar\\\/9b9712162b2ac404aa0d7d978185f203808e7bd02856a449b19868b2eb80cf12?s=96&d=mm&r=g\",\"caption\":\"Alessandro Lisci\"},\"sameAs\":[\"http:\\\/\\\/www.alessandrolisci.com\",\"https:\\\/\\\/www.facebook.com\\\/alessandro.lisci.5\",\"https:\\\/\\\/x.com\\\/https:\\\/\\\/twitter.com\\\/alessandrolisci\",\"https:\\\/\\\/www.youtube.com\\\/user\\\/alessandrolisci\"],\"url\":\"https:\\\/\\\/www.romaoggi.eu\\\/index.php\\\/author\\\/alessandro\\\/\"}]}<\/script>\n<!-- \/ Yoast SEO plugin. -->","yoast_head_json":{"title":"Re-coding, Quayola a Palazzo Cipolla di Massimo Scafati -Target Lab Ets","description":"sostieni con una donazione il progetto fotografico di Target Lab Ets 371 4413442.\u00a0 https:\/\/sostieni.link\/28814 Re-coding, Quayola a Palazzo Cipolla Pur","robots":{"index":"index","follow":"follow","max-snippet":"max-snippet:-1","max-image-preview":"max-image-preview:large","max-video-preview":"max-video-preview:-1"},"canonical":"https:\/\/www.romaoggi.eu\/index.php\/2022\/01\/29\/re-coding-quayola-a-palazzo-cipolla-di-massimo-scafati-target-lab-ets\/","og_locale":"it_IT","og_type":"article","og_title":"Re-coding, Quayola a Palazzo Cipolla di Massimo Scafati -Target Lab Ets","og_description":"sostieni con una donazione il progetto fotografico di Target Lab Ets 371 4413442.\u00a0 https:\/\/sostieni.link\/28814 Re-coding, Quayola a Palazzo Cipolla Pur","og_url":"https:\/\/www.romaoggi.eu\/index.php\/2022\/01\/29\/re-coding-quayola-a-palazzo-cipolla-di-massimo-scafati-target-lab-ets\/","og_site_name":"roma oggi","article_publisher":"https:\/\/www.facebook.com\/RomaOggi-841544845954114","article_author":"https:\/\/www.facebook.com\/alessandro.lisci.5","article_published_time":"2022-01-29T07:24:42+00:00","article_modified_time":"2022-01-29T07:25:09+00:00","og_image":[{"width":1020,"height":680,"url":"https:\/\/www.romaoggi.eu\/wp-content\/uploads\/2022\/01\/Photo-001-Quayola-a-Palazzo-Cipolla-\u00a9-2022-Massimo-Scafati-Target-Lab-Ets-.jpg","type":"image\/jpeg"}],"author":"Alessandro Lisci","twitter_card":"summary_large_image","twitter_creator":"@https:\/\/twitter.com\/alessandrolisci","twitter_site":"@romaoggi_eu","twitter_misc":{"Scritto da":"Alessandro Lisci","Tempo di lettura stimato":"4 minuti"},"schema":{"@context":"https:\/\/schema.org","@graph":[{"@type":"Article","@id":"https:\/\/www.romaoggi.eu\/index.php\/2022\/01\/29\/re-coding-quayola-a-palazzo-cipolla-di-massimo-scafati-target-lab-ets\/#article","isPartOf":{"@id":"https:\/\/www.romaoggi.eu\/index.php\/2022\/01\/29\/re-coding-quayola-a-palazzo-cipolla-di-massimo-scafati-target-lab-ets\/"},"author":{"name":"Alessandro Lisci","@id":"https:\/\/www.romaoggi.eu\/#\/schema\/person\/30ada62b3bd510c45a781b7e3bf65e69"},"headline":"Re-coding, Quayola a Palazzo Cipolla&#8230; di Massimo Scafati &#8211; Target Lab Ets","datePublished":"2022-01-29T07:24:42+00:00","dateModified":"2022-01-29T07:25:09+00:00","mainEntityOfPage":{"@id":"https:\/\/www.romaoggi.eu\/index.php\/2022\/01\/29\/re-coding-quayola-a-palazzo-cipolla-di-massimo-scafati-target-lab-ets\/"},"wordCount":393,"publisher":{"@id":"https:\/\/www.romaoggi.eu\/#organization"},"image":{"@id":"https:\/\/www.romaoggi.eu\/index.php\/2022\/01\/29\/re-coding-quayola-a-palazzo-cipolla-di-massimo-scafati-target-lab-ets\/#primaryimage"},"thumbnailUrl":"https:\/\/www.romaoggi.eu\/wp-content\/uploads\/2022\/01\/Photo-001-Quayola-a-Palazzo-Cipolla-\u00a9-2022-Massimo-Scafati-Target-Lab-Ets-.jpg","articleSection":["Mostre"],"inLanguage":"it-IT"},{"@type":"WebPage","@id":"https:\/\/www.romaoggi.eu\/index.php\/2022\/01\/29\/re-coding-quayola-a-palazzo-cipolla-di-massimo-scafati-target-lab-ets\/","url":"https:\/\/www.romaoggi.eu\/index.php\/2022\/01\/29\/re-coding-quayola-a-palazzo-cipolla-di-massimo-scafati-target-lab-ets\/","name":"Re-coding, Quayola a Palazzo Cipolla di Massimo Scafati -Target Lab Ets","isPartOf":{"@id":"https:\/\/www.romaoggi.eu\/#website"},"primaryImageOfPage":{"@id":"https:\/\/www.romaoggi.eu\/index.php\/2022\/01\/29\/re-coding-quayola-a-palazzo-cipolla-di-massimo-scafati-target-lab-ets\/#primaryimage"},"image":{"@id":"https:\/\/www.romaoggi.eu\/index.php\/2022\/01\/29\/re-coding-quayola-a-palazzo-cipolla-di-massimo-scafati-target-lab-ets\/#primaryimage"},"thumbnailUrl":"https:\/\/www.romaoggi.eu\/wp-content\/uploads\/2022\/01\/Photo-001-Quayola-a-Palazzo-Cipolla-\u00a9-2022-Massimo-Scafati-Target-Lab-Ets-.jpg","datePublished":"2022-01-29T07:24:42+00:00","dateModified":"2022-01-29T07:25:09+00:00","description":"sostieni con una donazione il progetto fotografico di Target Lab Ets 371 4413442.\u00a0 https:\/\/sostieni.link\/28814 Re-coding, Quayola a Palazzo Cipolla Pur","breadcrumb":{"@id":"https:\/\/www.romaoggi.eu\/index.php\/2022\/01\/29\/re-coding-quayola-a-palazzo-cipolla-di-massimo-scafati-target-lab-ets\/#breadcrumb"},"inLanguage":"it-IT","potentialAction":[{"@type":"ReadAction","target":["https:\/\/www.romaoggi.eu\/index.php\/2022\/01\/29\/re-coding-quayola-a-palazzo-cipolla-di-massimo-scafati-target-lab-ets\/"]}]},{"@type":"ImageObject","inLanguage":"it-IT","@id":"https:\/\/www.romaoggi.eu\/index.php\/2022\/01\/29\/re-coding-quayola-a-palazzo-cipolla-di-massimo-scafati-target-lab-ets\/#primaryimage","url":"https:\/\/www.romaoggi.eu\/wp-content\/uploads\/2022\/01\/Photo-001-Quayola-a-Palazzo-Cipolla-\u00a9-2022-Massimo-Scafati-Target-Lab-Ets-.jpg","contentUrl":"https:\/\/www.romaoggi.eu\/wp-content\/uploads\/2022\/01\/Photo-001-Quayola-a-Palazzo-Cipolla-\u00a9-2022-Massimo-Scafati-Target-Lab-Ets-.jpg","width":1020,"height":680,"caption":"Quayola a Palazzo Cipolla \u00a9 2022 Massimo Scafati - Target Lab Ets"},{"@type":"BreadcrumbList","@id":"https:\/\/www.romaoggi.eu\/index.php\/2022\/01\/29\/re-coding-quayola-a-palazzo-cipolla-di-massimo-scafati-target-lab-ets\/#breadcrumb","itemListElement":[{"@type":"ListItem","position":1,"name":"Home","item":"https:\/\/www.romaoggi.eu\/"},{"@type":"ListItem","position":2,"name":"Re-coding, Quayola a Palazzo Cipolla&#8230; di Massimo Scafati &#8211; Target Lab Ets"}]},{"@type":"WebSite","@id":"https:\/\/www.romaoggi.eu\/#website","url":"https:\/\/www.romaoggi.eu\/","name":"roma oggi","description":"Interesting News for Interesting people","publisher":{"@id":"https:\/\/www.romaoggi.eu\/#organization"},"potentialAction":[{"@type":"SearchAction","target":{"@type":"EntryPoint","urlTemplate":"https:\/\/www.romaoggi.eu\/?s={search_term_string}"},"query-input":{"@type":"PropertyValueSpecification","valueRequired":true,"valueName":"search_term_string"}}],"inLanguage":"it-IT"},{"@type":"Organization","@id":"https:\/\/www.romaoggi.eu\/#organization","name":"RomaOggi","url":"https:\/\/www.romaoggi.eu\/","logo":{"@type":"ImageObject","inLanguage":"it-IT","@id":"https:\/\/www.romaoggi.eu\/#\/schema\/logo\/image\/","url":"https:\/\/www.romaoggi.eu\/wp-content\/uploads\/2017\/04\/logowp.jpg","contentUrl":"https:\/\/www.romaoggi.eu\/wp-content\/uploads\/2017\/04\/logowp.jpg","width":300,"height":133,"caption":"RomaOggi"},"image":{"@id":"https:\/\/www.romaoggi.eu\/#\/schema\/logo\/image\/"},"sameAs":["https:\/\/www.facebook.com\/RomaOggi-841544845954114","https:\/\/x.com\/romaoggi_eu"]},{"@type":"Person","@id":"https:\/\/www.romaoggi.eu\/#\/schema\/person\/30ada62b3bd510c45a781b7e3bf65e69","name":"Alessandro Lisci","image":{"@type":"ImageObject","inLanguage":"it-IT","@id":"https:\/\/secure.gravatar.com\/avatar\/9b9712162b2ac404aa0d7d978185f203808e7bd02856a449b19868b2eb80cf12?s=96&d=mm&r=g","url":"https:\/\/secure.gravatar.com\/avatar\/9b9712162b2ac404aa0d7d978185f203808e7bd02856a449b19868b2eb80cf12?s=96&d=mm&r=g","contentUrl":"https:\/\/secure.gravatar.com\/avatar\/9b9712162b2ac404aa0d7d978185f203808e7bd02856a449b19868b2eb80cf12?s=96&d=mm&r=g","caption":"Alessandro Lisci"},"sameAs":["http:\/\/www.alessandrolisci.com","https:\/\/www.facebook.com\/alessandro.lisci.5","https:\/\/x.com\/https:\/\/twitter.com\/alessandrolisci","https:\/\/www.youtube.com\/user\/alessandrolisci"],"url":"https:\/\/www.romaoggi.eu\/index.php\/author\/alessandro\/"}]}},"_links":{"self":[{"href":"https:\/\/www.romaoggi.eu\/index.php\/wp-json\/wp\/v2\/posts\/31095","targetHints":{"allow":["GET"]}}],"collection":[{"href":"https:\/\/www.romaoggi.eu\/index.php\/wp-json\/wp\/v2\/posts"}],"about":[{"href":"https:\/\/www.romaoggi.eu\/index.php\/wp-json\/wp\/v2\/types\/post"}],"author":[{"embeddable":true,"href":"https:\/\/www.romaoggi.eu\/index.php\/wp-json\/wp\/v2\/users\/10"}],"replies":[{"embeddable":true,"href":"https:\/\/www.romaoggi.eu\/index.php\/wp-json\/wp\/v2\/comments?post=31095"}],"version-history":[{"count":2,"href":"https:\/\/www.romaoggi.eu\/index.php\/wp-json\/wp\/v2\/posts\/31095\/revisions"}],"predecessor-version":[{"id":31105,"href":"https:\/\/www.romaoggi.eu\/index.php\/wp-json\/wp\/v2\/posts\/31095\/revisions\/31105"}],"wp:featuredmedia":[{"embeddable":true,"href":"https:\/\/www.romaoggi.eu\/index.php\/wp-json\/wp\/v2\/media\/31104"}],"wp:attachment":[{"href":"https:\/\/www.romaoggi.eu\/index.php\/wp-json\/wp\/v2\/media?parent=31095"}],"wp:term":[{"taxonomy":"category","embeddable":true,"href":"https:\/\/www.romaoggi.eu\/index.php\/wp-json\/wp\/v2\/categories?post=31095"},{"taxonomy":"post_tag","embeddable":true,"href":"https:\/\/www.romaoggi.eu\/index.php\/wp-json\/wp\/v2\/tags?post=31095"}],"curies":[{"name":"wp","href":"https:\/\/api.w.org\/{rel}","templated":true}]}}