{"id":31858,"date":"2022-03-15T15:56:57","date_gmt":"2022-03-15T14:56:57","guid":{"rendered":"https:\/\/www.romaoggi.eu\/?p=31858"},"modified":"2022-09-19T12:02:31","modified_gmt":"2022-09-19T10:02:31","slug":"ri-educare-il-cervello-affamato-by-emanuela-scanu","status":"publish","type":"post","link":"https:\/\/www.romaoggi.eu\/index.php\/2022\/03\/15\/ri-educare-il-cervello-affamato-by-emanuela-scanu\/","title":{"rendered":"RI-EDUCARE IL CERVELLO AFFAMATO- by Emanuela Scanu"},"content":{"rendered":"<p><b>RI-EDUCARE IL CERVELLO AFFAMATO- by Emanuela Scanu<\/b><\/p>\n<p style=\"text-align: justify;\"><i><span style=\"font-weight: 400;\">Nello scorso mese abbiamo parlato delle origini del cervello affamato ed ora \u00e8 il momento di vedere se esistono strategie che possono aiutarci a contenerlo. Infatti il cervello affamato trova di fronte a s\u00e8 diversi ostacoli se non vuole aumentare di peso! Non sempre evitare certi cibi ottiene l\u2019effetto desiderato: meccanismi perversi fanno s\u00ec che pi\u00f9 neghiamo un cibo pi\u00f9 il nostro cervello lo richieder\u00e0.\u00a0<\/span><\/i><\/p>\n<p style=\"text-align: justify;\"><b>Il segreto sta sicuramente nel comprendere nel modo adeguato gli stimoli che provengono dal mondo interno e quelli dal mondo esterno.<\/b><\/p>\n<p style=\"text-align: justify;\"><span style=\"font-weight: 400;\">Il mondo interno ci trasmette dei segnali che spesso interpretiamo come fame, ma molto pi\u00f9 spesso mangiamo per noia, per stanchezza, perch\u00e9 delusi o arrabbiati. Queste ultime modalit\u00e0 non hanno nulla a che vedere con la fame biologica \u00e8 una fame emotiva e neanche quintali di cibo la potranno colmare!\u00a0 A volte ci sono segnali esterni come odori, la vista di un cibo o anche solo il parlarne che fanno venire l\u2019acquolina in bocca. Questi sono i cibi trigger: gli inneschi a determinati comportamenti che con la fame non hanno niente a che vedere.<\/span><\/p>\n<p style=\"text-align: justify;\"><span style=\"font-weight: 400;\">E\u2019 molto importante comprendere questi stimoli. Ascoltare le nostre vere emozioni \u00e8 il primo passo per cambiare le nostre azioni. Mangiare in modo consapevole \u00e8 davvero l\u2019ABC altrimenti \u00e8 solo un riempirsi la bocca!<\/span><\/p>\n<p>&nbsp;<\/p>\n<p style=\"text-align: justify;\"><span style=\"font-weight: 400;\">Se ci accorgiamo che siamo frustrati per via del lavoro o di una relazione poco appagante mangiare di pi\u00f9 non risolve il problema, anzi poi si ingrassa, non ci si piace e si \u00e8 sempre pi\u00f9 frustrati! L\u2019unica alternativa \u00e8 cercare una soluzione al problema, attivarsi affinch\u00e8 la vita possa migliorare attraverso i nostri sforzi. Se siamo stressati e ci ingozziamo di cibo spazzatura porteremo il corpo a maggiori livelli di stress. Cortisolo, insulina, glicemia impazziscono con ripercussioni sul corpo, ma prima di tutto sulle sensazioni\u2026e non sono piacevoli!<\/span><\/p>\n<p style=\"text-align: justify;\"><b>Impariamo a riconoscere il senso di pienezza che \u00e8 diverso dalla saziet\u00e0. Impariamo a mangiare cibi poco elaborati per permettere al corpo di inviarci i giusti segnali e noi riuscire a comprenderli. Impariamo a mangiare con la pancia e non con gli occhi!<\/b><\/p>\n<p style=\"text-align: justify;\"><span style=\"font-weight: 400;\">Allontaniamoci da false credenze o abitudini familiari che possono limitarci quali: va finito tutto quello che c\u2019\u00e8 nel piatto, non deve rimanere nulla\u2026 basta prendere porzioni pi\u00f9 piccole ed eventualmente servirsi ancora.<\/span><\/p>\n<p>&nbsp;<\/p>\n<p style=\"text-align: justify;\"><span style=\"font-weight: 400;\">Imparare ad essere presenti in ogni momento della vita a cominciare dal momento del mangiare. Spesso si innesca il pilota automatico e non si fa caso neanche a cosa si mette in bocca. Essere consapevoli del momento presente \u00e8 fondamentale per gustare al massimo il cibo sano che si sta mangiando o limitare il cibo spazzatura che si sta per introdurre!!<\/span><\/p>\n<p style=\"text-align: justify;\"><span style=\"font-weight: 400;\">Se stiamo mangiando bene \u00e8 bello vivere le sensazioni di un cibo sano, ben cucinato. Osservare, gustare prima l\u2019odore e poi masticare vivendo tutte le sensazioni che le varie parti della bocca rilasciano. Le papille gustative sono disposte in modo da farci sentire in ogni spazio un gusto particolare: il dolce sulla lingua, l\u2019amaro in fondo, il salato ai lati e l\u2019acido ai bordi! Impariamo a sentire le varie sensazioni spostando il cibo nelle varie zone della bocca prima di ingoiarlo. Sentite la consistenza: \u00e8 morbido, duro, croccante?\u00a0<\/span><\/p>\n<p style=\"text-align: justify;\"><span style=\"font-weight: 400;\">Se invece state mangiando cibo spazzatura vi accorgerete che dopo pochi bocconi, in cui avete messo in atto la strategia precedente, il gusto da acceso si spegne e perde attrattiva. Le papille infatti se iper stimolate da uno stesso ingrediente dopo poco sono meno attive ed il cibo diviene meno appagante. Se mangiate lentamente (osservando, annusando, masticando piano e portando il cibo nelle varie aree della bocca prima di ingoiarlo!) mangerete sempre meno! Vi accorgerete che mangiando ed assaporando lo stimolo della saziet\u00e0 arriva prima perch\u00e9 si \u00e8 soddisfatti in tutti i sensi invece siete abituati a smettere di mangiare quando vi sentite pieni, ma in realt\u00e0 non siete soddisfatti!<\/span><\/p>\n<p style=\"text-align: justify;\"><span style=\"font-weight: 400;\">Imparate ad ascoltarvi!<\/span><\/p>\n<p><img loading=\"lazy\" decoding=\"async\" class=\"aligncenter wp-image-31864 size-large\" src=\"https:\/\/www.romaoggi.eu\/wp-content\/uploads\/2022\/03\/dott.ssa-Scanu-768x1024.jpg\" alt=\"alt tag cervello affamato\" width=\"768\" height=\"1024\" srcset=\"https:\/\/www.romaoggi.eu\/wp-content\/uploads\/2022\/03\/dott.ssa-Scanu-768x1024.jpg 768w, https:\/\/www.romaoggi.eu\/wp-content\/uploads\/2022\/03\/dott.ssa-Scanu-225x300.jpg 225w, https:\/\/www.romaoggi.eu\/wp-content\/uploads\/2022\/03\/dott.ssa-Scanu.jpg 843w\" sizes=\"auto, (max-width: 768px) 100vw, 768px\" \/><\/p>\n<p>&nbsp;<\/p>\n<p><strong><em>Dott.ssa\u00a0<a href=\"https:\/\/www.romaoggi.eu\/index.php\/2019\/08\/12\/lestrattore-di-succo-per-stare-bene-e-perdere-peso-di-emanuela-scanu\/\" data-aalisten=\"1\">Emanuela Scanu<\/a><\/em><\/strong><\/p>\n<p>Psicologa esperta in disturbi dell\u2019alimentazione e coach alimentare<\/p>\n<p>Autrice del libro\u00a0<strong>Dimagrire una scelta consapevole<\/strong>\u00a0ed. campi di carta 2013<\/p>\n<p><a href=\"http:\/\/www.emanuelascanupsicologa.com\/\" data-aalisten=\"1\">www.emanuelascanupsicologa.com<\/a><\/p>\n","protected":false},"excerpt":{"rendered":"<div class=\"mh-excerpt\"><p>RI-EDUCARE IL CERVELLO AFFAMATO- by Emanuela Scanu Nello scorso mese abbiamo parlato delle origini del cervello affamato ed ora \u00e8 il momento di vedere se esistono strategie che possono aiutarci a contenerlo. Infatti il cervello <a class=\"mh-excerpt-more\" href=\"https:\/\/www.romaoggi.eu\/index.php\/2022\/03\/15\/ri-educare-il-cervello-affamato-by-emanuela-scanu\/\" title=\"RI-EDUCARE IL CERVELLO AFFAMATO- by Emanuela Scanu\">[&#8230;]<\/a><\/p>\n<\/div>","protected":false},"author":15,"featured_media":33695,"comment_status":"closed","ping_status":"open","sticky":false,"template":"","format":"standard","meta":{"_sitemap_exclude":false,"_sitemap_priority":"","_sitemap_frequency":"","footnotes":""},"categories":[12817],"tags":[5555,13666,5381,4713,12854,12424,15206,16123,13303],"class_list":["post-31858","post","type-post","status-publish","format-standard","has-post-thumbnail","hentry","category-mindfood-di-emanuela-scanu","tag-alimentazione","tag-cervello","tag-cibo","tag-dieta","tag-dimagrire","tag-emanuela-scanu","tag-fame","tag-gustare","tag-mangiare"],"yoast_head":"<!-- This site is optimized with the Yoast SEO plugin v27.5 - https:\/\/yoast.com\/product\/yoast-seo-wordpress\/ -->\n<title>RI-EDUCARE IL CERVELLO AFFAMATO- by Emanuela Scanu<\/title>\n<meta name=\"description\" content=\"RI-EDUCARE IL CERVELLO AFFAMATO- by Emanuela Scanu Nello scorso mese abbiamo parlato delle origini del cervello affamato ed ora \u00e8 il momento di vedere se\" \/>\n<meta name=\"robots\" content=\"index, follow, max-snippet:-1, max-image-preview:large, max-video-preview:-1\" \/>\n<link rel=\"canonical\" href=\"https:\/\/www.romaoggi.eu\/index.php\/2022\/03\/15\/ri-educare-il-cervello-affamato-by-emanuela-scanu\/\" \/>\n<meta property=\"og:locale\" content=\"it_IT\" \/>\n<meta property=\"og:type\" content=\"article\" \/>\n<meta property=\"og:title\" content=\"RI-EDUCARE IL CERVELLO AFFAMATO- by Emanuela Scanu\" \/>\n<meta property=\"og:description\" content=\"RI-EDUCARE IL CERVELLO AFFAMATO- by Emanuela Scanu Nello scorso mese abbiamo parlato delle origini del cervello affamato ed ora \u00e8 il momento di vedere se\" \/>\n<meta property=\"og:url\" content=\"https:\/\/www.romaoggi.eu\/index.php\/2022\/03\/15\/ri-educare-il-cervello-affamato-by-emanuela-scanu\/\" \/>\n<meta property=\"og:site_name\" content=\"roma oggi\" \/>\n<meta property=\"article:publisher\" content=\"https:\/\/www.facebook.com\/RomaOggi-841544845954114\" \/>\n<meta property=\"article:published_time\" content=\"2022-03-15T14:56:57+00:00\" \/>\n<meta property=\"article:modified_time\" content=\"2022-09-19T10:02:31+00:00\" \/>\n<meta property=\"og:image\" content=\"https:\/\/www.romaoggi.eu\/wp-content\/uploads\/2022\/09\/3a.jpeg\" \/>\n\t<meta property=\"og:image:width\" content=\"2048\" \/>\n\t<meta property=\"og:image:height\" content=\"1536\" \/>\n\t<meta property=\"og:image:type\" content=\"image\/jpeg\" \/>\n<meta name=\"author\" content=\"Emanuela Scanu\" \/>\n<meta name=\"twitter:card\" content=\"summary_large_image\" \/>\n<meta name=\"twitter:creator\" content=\"@romaoggi_eu\" \/>\n<meta name=\"twitter:site\" content=\"@romaoggi_eu\" \/>\n<meta name=\"twitter:label1\" content=\"Scritto da\" \/>\n\t<meta name=\"twitter:data1\" content=\"Emanuela Scanu\" \/>\n\t<meta name=\"twitter:label2\" content=\"Tempo di lettura stimato\" \/>\n\t<meta name=\"twitter:data2\" content=\"4 minuti\" \/>\n<script type=\"application\/ld+json\" class=\"yoast-schema-graph\">{\"@context\":\"https:\\\/\\\/schema.org\",\"@graph\":[{\"@type\":\"Article\",\"@id\":\"https:\\\/\\\/www.romaoggi.eu\\\/index.php\\\/2022\\\/03\\\/15\\\/ri-educare-il-cervello-affamato-by-emanuela-scanu\\\/#article\",\"isPartOf\":{\"@id\":\"https:\\\/\\\/www.romaoggi.eu\\\/index.php\\\/2022\\\/03\\\/15\\\/ri-educare-il-cervello-affamato-by-emanuela-scanu\\\/\"},\"author\":{\"name\":\"Emanuela Scanu\",\"@id\":\"https:\\\/\\\/www.romaoggi.eu\\\/#\\\/schema\\\/person\\\/1ec8ab015e67a2efdfc9c021043dc1bb\"},\"headline\":\"RI-EDUCARE IL CERVELLO AFFAMATO- by Emanuela Scanu\",\"datePublished\":\"2022-03-15T14:56:57+00:00\",\"dateModified\":\"2022-09-19T10:02:31+00:00\",\"mainEntityOfPage\":{\"@id\":\"https:\\\/\\\/www.romaoggi.eu\\\/index.php\\\/2022\\\/03\\\/15\\\/ri-educare-il-cervello-affamato-by-emanuela-scanu\\\/\"},\"wordCount\":680,\"publisher\":{\"@id\":\"https:\\\/\\\/www.romaoggi.eu\\\/#organization\"},\"image\":{\"@id\":\"https:\\\/\\\/www.romaoggi.eu\\\/index.php\\\/2022\\\/03\\\/15\\\/ri-educare-il-cervello-affamato-by-emanuela-scanu\\\/#primaryimage\"},\"thumbnailUrl\":\"https:\\\/\\\/www.romaoggi.eu\\\/wp-content\\\/uploads\\\/2022\\\/09\\\/3a.jpeg\",\"keywords\":[\"alimentazione\",\"Cervello\",\"Cibo\",\"dieta\",\"dimagrire\",\"emanuela scanu\",\"fame\",\"gustare\",\"mangiare\"],\"articleSection\":[\"Mind&amp;Food di Emanuela Scanu\"],\"inLanguage\":\"it-IT\"},{\"@type\":\"WebPage\",\"@id\":\"https:\\\/\\\/www.romaoggi.eu\\\/index.php\\\/2022\\\/03\\\/15\\\/ri-educare-il-cervello-affamato-by-emanuela-scanu\\\/\",\"url\":\"https:\\\/\\\/www.romaoggi.eu\\\/index.php\\\/2022\\\/03\\\/15\\\/ri-educare-il-cervello-affamato-by-emanuela-scanu\\\/\",\"name\":\"RI-EDUCARE IL CERVELLO AFFAMATO- by Emanuela Scanu\",\"isPartOf\":{\"@id\":\"https:\\\/\\\/www.romaoggi.eu\\\/#website\"},\"primaryImageOfPage\":{\"@id\":\"https:\\\/\\\/www.romaoggi.eu\\\/index.php\\\/2022\\\/03\\\/15\\\/ri-educare-il-cervello-affamato-by-emanuela-scanu\\\/#primaryimage\"},\"image\":{\"@id\":\"https:\\\/\\\/www.romaoggi.eu\\\/index.php\\\/2022\\\/03\\\/15\\\/ri-educare-il-cervello-affamato-by-emanuela-scanu\\\/#primaryimage\"},\"thumbnailUrl\":\"https:\\\/\\\/www.romaoggi.eu\\\/wp-content\\\/uploads\\\/2022\\\/09\\\/3a.jpeg\",\"datePublished\":\"2022-03-15T14:56:57+00:00\",\"dateModified\":\"2022-09-19T10:02:31+00:00\",\"description\":\"RI-EDUCARE IL CERVELLO AFFAMATO- by Emanuela Scanu Nello scorso mese abbiamo parlato delle origini del cervello affamato ed ora \u00e8 il momento di vedere se\",\"breadcrumb\":{\"@id\":\"https:\\\/\\\/www.romaoggi.eu\\\/index.php\\\/2022\\\/03\\\/15\\\/ri-educare-il-cervello-affamato-by-emanuela-scanu\\\/#breadcrumb\"},\"inLanguage\":\"it-IT\",\"potentialAction\":[{\"@type\":\"ReadAction\",\"target\":[\"https:\\\/\\\/www.romaoggi.eu\\\/index.php\\\/2022\\\/03\\\/15\\\/ri-educare-il-cervello-affamato-by-emanuela-scanu\\\/\"]}]},{\"@type\":\"ImageObject\",\"inLanguage\":\"it-IT\",\"@id\":\"https:\\\/\\\/www.romaoggi.eu\\\/index.php\\\/2022\\\/03\\\/15\\\/ri-educare-il-cervello-affamato-by-emanuela-scanu\\\/#primaryimage\",\"url\":\"https:\\\/\\\/www.romaoggi.eu\\\/wp-content\\\/uploads\\\/2022\\\/09\\\/3a.jpeg\",\"contentUrl\":\"https:\\\/\\\/www.romaoggi.eu\\\/wp-content\\\/uploads\\\/2022\\\/09\\\/3a.jpeg\",\"width\":2048,\"height\":1536,\"caption\":\"alt tag alimentazione consapevole\"},{\"@type\":\"BreadcrumbList\",\"@id\":\"https:\\\/\\\/www.romaoggi.eu\\\/index.php\\\/2022\\\/03\\\/15\\\/ri-educare-il-cervello-affamato-by-emanuela-scanu\\\/#breadcrumb\",\"itemListElement\":[{\"@type\":\"ListItem\",\"position\":1,\"name\":\"Home\",\"item\":\"https:\\\/\\\/www.romaoggi.eu\\\/\"},{\"@type\":\"ListItem\",\"position\":2,\"name\":\"RI-EDUCARE IL CERVELLO AFFAMATO- by Emanuela Scanu\"}]},{\"@type\":\"WebSite\",\"@id\":\"https:\\\/\\\/www.romaoggi.eu\\\/#website\",\"url\":\"https:\\\/\\\/www.romaoggi.eu\\\/\",\"name\":\"roma oggi\",\"description\":\"Interesting News for Interesting people\",\"publisher\":{\"@id\":\"https:\\\/\\\/www.romaoggi.eu\\\/#organization\"},\"potentialAction\":[{\"@type\":\"SearchAction\",\"target\":{\"@type\":\"EntryPoint\",\"urlTemplate\":\"https:\\\/\\\/www.romaoggi.eu\\\/?s={search_term_string}\"},\"query-input\":{\"@type\":\"PropertyValueSpecification\",\"valueRequired\":true,\"valueName\":\"search_term_string\"}}],\"inLanguage\":\"it-IT\"},{\"@type\":\"Organization\",\"@id\":\"https:\\\/\\\/www.romaoggi.eu\\\/#organization\",\"name\":\"RomaOggi\",\"url\":\"https:\\\/\\\/www.romaoggi.eu\\\/\",\"logo\":{\"@type\":\"ImageObject\",\"inLanguage\":\"it-IT\",\"@id\":\"https:\\\/\\\/www.romaoggi.eu\\\/#\\\/schema\\\/logo\\\/image\\\/\",\"url\":\"https:\\\/\\\/www.romaoggi.eu\\\/wp-content\\\/uploads\\\/2017\\\/04\\\/logowp.jpg\",\"contentUrl\":\"https:\\\/\\\/www.romaoggi.eu\\\/wp-content\\\/uploads\\\/2017\\\/04\\\/logowp.jpg\",\"width\":300,\"height\":133,\"caption\":\"RomaOggi\"},\"image\":{\"@id\":\"https:\\\/\\\/www.romaoggi.eu\\\/#\\\/schema\\\/logo\\\/image\\\/\"},\"sameAs\":[\"https:\\\/\\\/www.facebook.com\\\/RomaOggi-841544845954114\",\"https:\\\/\\\/x.com\\\/romaoggi_eu\"]},{\"@type\":\"Person\",\"@id\":\"https:\\\/\\\/www.romaoggi.eu\\\/#\\\/schema\\\/person\\\/1ec8ab015e67a2efdfc9c021043dc1bb\",\"name\":\"Emanuela Scanu\",\"image\":{\"@type\":\"ImageObject\",\"inLanguage\":\"it-IT\",\"@id\":\"https:\\\/\\\/secure.gravatar.com\\\/avatar\\\/39bacfd625ef91a3711b21879f0e8cb1a68afc8d5bdcf92d10a6da6ee9245f23?s=96&d=mm&r=g\",\"url\":\"https:\\\/\\\/secure.gravatar.com\\\/avatar\\\/39bacfd625ef91a3711b21879f0e8cb1a68afc8d5bdcf92d10a6da6ee9245f23?s=96&d=mm&r=g\",\"contentUrl\":\"https:\\\/\\\/secure.gravatar.com\\\/avatar\\\/39bacfd625ef91a3711b21879f0e8cb1a68afc8d5bdcf92d10a6da6ee9245f23?s=96&d=mm&r=g\",\"caption\":\"Emanuela Scanu\"},\"url\":\"https:\\\/\\\/www.romaoggi.eu\\\/index.php\\\/author\\\/emanuela\\\/\"}]}<\/script>\n<!-- \/ Yoast SEO plugin. -->","yoast_head_json":{"title":"RI-EDUCARE IL CERVELLO AFFAMATO- by Emanuela Scanu","description":"RI-EDUCARE IL CERVELLO AFFAMATO- by Emanuela Scanu Nello scorso mese abbiamo parlato delle origini del cervello affamato ed ora \u00e8 il momento di vedere se","robots":{"index":"index","follow":"follow","max-snippet":"max-snippet:-1","max-image-preview":"max-image-preview:large","max-video-preview":"max-video-preview:-1"},"canonical":"https:\/\/www.romaoggi.eu\/index.php\/2022\/03\/15\/ri-educare-il-cervello-affamato-by-emanuela-scanu\/","og_locale":"it_IT","og_type":"article","og_title":"RI-EDUCARE IL CERVELLO AFFAMATO- by Emanuela Scanu","og_description":"RI-EDUCARE IL CERVELLO AFFAMATO- by Emanuela Scanu Nello scorso mese abbiamo parlato delle origini del cervello affamato ed ora \u00e8 il momento di vedere se","og_url":"https:\/\/www.romaoggi.eu\/index.php\/2022\/03\/15\/ri-educare-il-cervello-affamato-by-emanuela-scanu\/","og_site_name":"roma oggi","article_publisher":"https:\/\/www.facebook.com\/RomaOggi-841544845954114","article_published_time":"2022-03-15T14:56:57+00:00","article_modified_time":"2022-09-19T10:02:31+00:00","og_image":[{"width":2048,"height":1536,"url":"https:\/\/www.romaoggi.eu\/wp-content\/uploads\/2022\/09\/3a.jpeg","type":"image\/jpeg"}],"author":"Emanuela Scanu","twitter_card":"summary_large_image","twitter_creator":"@romaoggi_eu","twitter_site":"@romaoggi_eu","twitter_misc":{"Scritto da":"Emanuela Scanu","Tempo di lettura stimato":"4 minuti"},"schema":{"@context":"https:\/\/schema.org","@graph":[{"@type":"Article","@id":"https:\/\/www.romaoggi.eu\/index.php\/2022\/03\/15\/ri-educare-il-cervello-affamato-by-emanuela-scanu\/#article","isPartOf":{"@id":"https:\/\/www.romaoggi.eu\/index.php\/2022\/03\/15\/ri-educare-il-cervello-affamato-by-emanuela-scanu\/"},"author":{"name":"Emanuela Scanu","@id":"https:\/\/www.romaoggi.eu\/#\/schema\/person\/1ec8ab015e67a2efdfc9c021043dc1bb"},"headline":"RI-EDUCARE IL CERVELLO AFFAMATO- by Emanuela Scanu","datePublished":"2022-03-15T14:56:57+00:00","dateModified":"2022-09-19T10:02:31+00:00","mainEntityOfPage":{"@id":"https:\/\/www.romaoggi.eu\/index.php\/2022\/03\/15\/ri-educare-il-cervello-affamato-by-emanuela-scanu\/"},"wordCount":680,"publisher":{"@id":"https:\/\/www.romaoggi.eu\/#organization"},"image":{"@id":"https:\/\/www.romaoggi.eu\/index.php\/2022\/03\/15\/ri-educare-il-cervello-affamato-by-emanuela-scanu\/#primaryimage"},"thumbnailUrl":"https:\/\/www.romaoggi.eu\/wp-content\/uploads\/2022\/09\/3a.jpeg","keywords":["alimentazione","Cervello","Cibo","dieta","dimagrire","emanuela scanu","fame","gustare","mangiare"],"articleSection":["Mind&amp;Food di Emanuela Scanu"],"inLanguage":"it-IT"},{"@type":"WebPage","@id":"https:\/\/www.romaoggi.eu\/index.php\/2022\/03\/15\/ri-educare-il-cervello-affamato-by-emanuela-scanu\/","url":"https:\/\/www.romaoggi.eu\/index.php\/2022\/03\/15\/ri-educare-il-cervello-affamato-by-emanuela-scanu\/","name":"RI-EDUCARE IL CERVELLO AFFAMATO- by Emanuela Scanu","isPartOf":{"@id":"https:\/\/www.romaoggi.eu\/#website"},"primaryImageOfPage":{"@id":"https:\/\/www.romaoggi.eu\/index.php\/2022\/03\/15\/ri-educare-il-cervello-affamato-by-emanuela-scanu\/#primaryimage"},"image":{"@id":"https:\/\/www.romaoggi.eu\/index.php\/2022\/03\/15\/ri-educare-il-cervello-affamato-by-emanuela-scanu\/#primaryimage"},"thumbnailUrl":"https:\/\/www.romaoggi.eu\/wp-content\/uploads\/2022\/09\/3a.jpeg","datePublished":"2022-03-15T14:56:57+00:00","dateModified":"2022-09-19T10:02:31+00:00","description":"RI-EDUCARE IL CERVELLO AFFAMATO- by Emanuela Scanu Nello scorso mese abbiamo parlato delle origini del cervello affamato ed ora \u00e8 il momento di vedere se","breadcrumb":{"@id":"https:\/\/www.romaoggi.eu\/index.php\/2022\/03\/15\/ri-educare-il-cervello-affamato-by-emanuela-scanu\/#breadcrumb"},"inLanguage":"it-IT","potentialAction":[{"@type":"ReadAction","target":["https:\/\/www.romaoggi.eu\/index.php\/2022\/03\/15\/ri-educare-il-cervello-affamato-by-emanuela-scanu\/"]}]},{"@type":"ImageObject","inLanguage":"it-IT","@id":"https:\/\/www.romaoggi.eu\/index.php\/2022\/03\/15\/ri-educare-il-cervello-affamato-by-emanuela-scanu\/#primaryimage","url":"https:\/\/www.romaoggi.eu\/wp-content\/uploads\/2022\/09\/3a.jpeg","contentUrl":"https:\/\/www.romaoggi.eu\/wp-content\/uploads\/2022\/09\/3a.jpeg","width":2048,"height":1536,"caption":"alt tag alimentazione consapevole"},{"@type":"BreadcrumbList","@id":"https:\/\/www.romaoggi.eu\/index.php\/2022\/03\/15\/ri-educare-il-cervello-affamato-by-emanuela-scanu\/#breadcrumb","itemListElement":[{"@type":"ListItem","position":1,"name":"Home","item":"https:\/\/www.romaoggi.eu\/"},{"@type":"ListItem","position":2,"name":"RI-EDUCARE IL CERVELLO AFFAMATO- by Emanuela Scanu"}]},{"@type":"WebSite","@id":"https:\/\/www.romaoggi.eu\/#website","url":"https:\/\/www.romaoggi.eu\/","name":"roma oggi","description":"Interesting News for Interesting people","publisher":{"@id":"https:\/\/www.romaoggi.eu\/#organization"},"potentialAction":[{"@type":"SearchAction","target":{"@type":"EntryPoint","urlTemplate":"https:\/\/www.romaoggi.eu\/?s={search_term_string}"},"query-input":{"@type":"PropertyValueSpecification","valueRequired":true,"valueName":"search_term_string"}}],"inLanguage":"it-IT"},{"@type":"Organization","@id":"https:\/\/www.romaoggi.eu\/#organization","name":"RomaOggi","url":"https:\/\/www.romaoggi.eu\/","logo":{"@type":"ImageObject","inLanguage":"it-IT","@id":"https:\/\/www.romaoggi.eu\/#\/schema\/logo\/image\/","url":"https:\/\/www.romaoggi.eu\/wp-content\/uploads\/2017\/04\/logowp.jpg","contentUrl":"https:\/\/www.romaoggi.eu\/wp-content\/uploads\/2017\/04\/logowp.jpg","width":300,"height":133,"caption":"RomaOggi"},"image":{"@id":"https:\/\/www.romaoggi.eu\/#\/schema\/logo\/image\/"},"sameAs":["https:\/\/www.facebook.com\/RomaOggi-841544845954114","https:\/\/x.com\/romaoggi_eu"]},{"@type":"Person","@id":"https:\/\/www.romaoggi.eu\/#\/schema\/person\/1ec8ab015e67a2efdfc9c021043dc1bb","name":"Emanuela Scanu","image":{"@type":"ImageObject","inLanguage":"it-IT","@id":"https:\/\/secure.gravatar.com\/avatar\/39bacfd625ef91a3711b21879f0e8cb1a68afc8d5bdcf92d10a6da6ee9245f23?s=96&d=mm&r=g","url":"https:\/\/secure.gravatar.com\/avatar\/39bacfd625ef91a3711b21879f0e8cb1a68afc8d5bdcf92d10a6da6ee9245f23?s=96&d=mm&r=g","contentUrl":"https:\/\/secure.gravatar.com\/avatar\/39bacfd625ef91a3711b21879f0e8cb1a68afc8d5bdcf92d10a6da6ee9245f23?s=96&d=mm&r=g","caption":"Emanuela Scanu"},"url":"https:\/\/www.romaoggi.eu\/index.php\/author\/emanuela\/"}]}},"_links":{"self":[{"href":"https:\/\/www.romaoggi.eu\/index.php\/wp-json\/wp\/v2\/posts\/31858","targetHints":{"allow":["GET"]}}],"collection":[{"href":"https:\/\/www.romaoggi.eu\/index.php\/wp-json\/wp\/v2\/posts"}],"about":[{"href":"https:\/\/www.romaoggi.eu\/index.php\/wp-json\/wp\/v2\/types\/post"}],"author":[{"embeddable":true,"href":"https:\/\/www.romaoggi.eu\/index.php\/wp-json\/wp\/v2\/users\/15"}],"replies":[{"embeddable":true,"href":"https:\/\/www.romaoggi.eu\/index.php\/wp-json\/wp\/v2\/comments?post=31858"}],"version-history":[{"count":5,"href":"https:\/\/www.romaoggi.eu\/index.php\/wp-json\/wp\/v2\/posts\/31858\/revisions"}],"predecessor-version":[{"id":33719,"href":"https:\/\/www.romaoggi.eu\/index.php\/wp-json\/wp\/v2\/posts\/31858\/revisions\/33719"}],"wp:featuredmedia":[{"embeddable":true,"href":"https:\/\/www.romaoggi.eu\/index.php\/wp-json\/wp\/v2\/media\/33695"}],"wp:attachment":[{"href":"https:\/\/www.romaoggi.eu\/index.php\/wp-json\/wp\/v2\/media?parent=31858"}],"wp:term":[{"taxonomy":"category","embeddable":true,"href":"https:\/\/www.romaoggi.eu\/index.php\/wp-json\/wp\/v2\/categories?post=31858"},{"taxonomy":"post_tag","embeddable":true,"href":"https:\/\/www.romaoggi.eu\/index.php\/wp-json\/wp\/v2\/tags?post=31858"}],"curies":[{"name":"wp","href":"https:\/\/api.w.org\/{rel}","templated":true}]}}