{"id":31890,"date":"2022-03-19T14:20:57","date_gmt":"2022-03-19T13:20:57","guid":{"rendered":"https:\/\/www.romaoggi.eu\/?p=31890"},"modified":"2022-03-19T14:20:57","modified_gmt":"2022-03-19T13:20:57","slug":"giornalismo-premio-mario-sarzanini-1a-edizione-servizio-di-claudio-polvanesi-target-lab-ets","status":"publish","type":"post","link":"https:\/\/www.romaoggi.eu\/index.php\/2022\/03\/19\/giornalismo-premio-mario-sarzanini-1a-edizione-servizio-di-claudio-polvanesi-target-lab-ets\/","title":{"rendered":"Giornalismo, Premio Mario Sarzanini 1a edizione &#8230;servizio di Claudio Polvanesi \u2013 Target Lab Ets"},"content":{"rendered":"<p align=\"JUSTIFY\"><span style=\"color: #111111\"><span style=\"font-family: Times New Roman, serif\"><span style=\"font-size: medium\"><b><strong><span style=\"color: #ff0000\">sostieni con una donazione il progetto fotografico di Target Lab Ets 371 4413442.\u00a0 <\/span><\/strong><strong><a href=\"https:\/\/sostieni.link\/28814\"><span style=\"color: #ff0000\">https:\/\/sostieni.link\/28814<\/span><\/a><\/strong><\/b><\/span><\/span><\/span><\/p>\n<p align=\"JUSTIFY\"><span style=\"color: #111111\"><span style=\"font-family: Times New Roman, serif\"><span style=\"font-size: medium\"><b>Giornalismo, I\u00b0 Premio &#8216;Mario Sarzanini&#8217; &#8230; servizio di Claudio Polvanesi \u2013 Target Lab Ets<\/b><\/span><\/span><\/span><\/p>\n<p align=\"JUSTIFY\"><span style=\"color: #000000\"><span style=\"font-family: Times New Roman, serif\"><span style=\"font-size: medium\">Assegnati i riconoscimenti della prima edizione del premio Mario Sarzanini, ad un anno dalla scomparsa del giornalista. La consegna dei riconoscimenti si \u00e8 tenuta all&#8217;universit\u00e0 &#8216;Guglielmo Marcon\u00ec di Roma, con il patrocinio dell&#8217;Ordine dei Giornalisti.<\/span><\/span><\/span><\/p>\n<p align=\"JUSTIFY\"><span style=\"color: #000000\"><span style=\"font-family: Times New Roman, serif\"><span style=\"font-size: medium\">&#8220;\u00c8 un onore &#8211; sottolinea Alessio Acomanni, presidente e direttore generale dell&#8217;Unimarconi riferendosi alla figura di Mario Sarzanini &#8211; ospitare e rendere omaggio ad un uomo che ha dedicato la sua vita al giornalismo ispirandosi ai valori pi\u00f9 nobili e autentici di questa professione, ovvero la costante ricerca di fatti e fonti autorevoli e il racconto di una notizia vera e inconfutabile con un linguaggio semplice e diretto utile alla comprensione da parte di tutti i pubblici&#8221;.<\/span><\/span><\/span><\/p>\n<figure id=\"attachment_31909\" aria-describedby=\"caption-attachment-31909\" style=\"width: 1019px\" class=\"wp-caption alignnone\"><img loading=\"lazy\" decoding=\"async\" class=\" wp-image-31909\" src=\"https:\/\/www.romaoggi.eu\/wp-content\/uploads\/2022\/03\/FC2_5976-Il-direttore-di-Unimarconi-Alessio-Acomanni-\u00a9-Claudio-Polvanesi-Target-Lab-Ets-300x200.jpg\" alt=\"alt tag 1\u00b0 premio sarzanini\" width=\"1019\" height=\"679\" srcset=\"https:\/\/www.romaoggi.eu\/wp-content\/uploads\/2022\/03\/FC2_5976-Il-direttore-di-Unimarconi-Alessio-Acomanni-\u00a9-Claudio-Polvanesi-Target-Lab-Ets-300x200.jpg 300w, https:\/\/www.romaoggi.eu\/wp-content\/uploads\/2022\/03\/FC2_5976-Il-direttore-di-Unimarconi-Alessio-Acomanni-\u00a9-Claudio-Polvanesi-Target-Lab-Ets-1024x683.jpg 1024w, https:\/\/www.romaoggi.eu\/wp-content\/uploads\/2022\/03\/FC2_5976-Il-direttore-di-Unimarconi-Alessio-Acomanni-\u00a9-Claudio-Polvanesi-Target-Lab-Ets-1536x1024.jpg 1536w, https:\/\/www.romaoggi.eu\/wp-content\/uploads\/2022\/03\/FC2_5976-Il-direttore-di-Unimarconi-Alessio-Acomanni-\u00a9-Claudio-Polvanesi-Target-Lab-Ets-2048x1365.jpg 2048w\" sizes=\"auto, (max-width: 1019px) 100vw, 1019px\" \/><figcaption id=\"caption-attachment-31909\" class=\"wp-caption-text\">Il direttore di Unimarconi Alessio Acomanni \u00a9 Claudio Polvanesi Target Lab Ets<\/figcaption><\/figure>\n<p align=\"JUSTIFY\"><strong><span style=\"color: #000000\"><span style=\"font-family: Times New Roman, serif\"><span style=\"font-size: medium\"><span style=\"color: #666666\">I premi sono andati a: Marco Incagnola (ufficio stampa Comitato Italiano Paralimpico) vincitore nella categoria degli uffici stampa, Alessia Marani (Il Messaggero) nella carta stampata, Gaia Martignetti (Fanpage) nel web, Valerio Cataldi (Rai News) in radio e tv e Claudio Sebastiani (Ansa) nella categoria agenzie di stampa.<\/span><\/span><\/span><\/span><\/strong><\/p>\n<p align=\"JUSTIFY\"><span style=\"color: #111111\"><strong><span style=\"color: #1f1f1f\"><span style=\"font-family: Times New Roman, serif\"><span style=\"font-size: medium\"><b>La commissione del premio &#8211;<\/b><\/span><\/span><\/span><\/strong><span style=\"color: #1f1f1f\"><span style=\"font-family: Times New Roman, serif\"><span style=\"font-size: medium\">\u00a0<\/span><\/span><\/span><span style=\"color: #1f1f1f\"><span style=\"font-family: Times New Roman, serif\"><span style=\"font-size: medium\">La commissione che ha designato i vincitori presieduta dall&#8217;inviato de\u00a0<\/span><\/span><\/span><em><span style=\"color: #1f1f1f\"><span style=\"font-family: Times New Roman, serif\"><span style=\"font-size: medium\">Il Corriere della Sera<\/span><\/span><\/span><\/em><span style=\"color: #1f1f1f\"><span style=\"font-family: Times New Roman, serif\"><span style=\"font-size: medium\">\u00a0<\/span><\/span><\/span><span style=\"color: #1f1f1f\"><span style=\"font-family: Times New Roman, serif\"><span style=\"font-size: medium\">Andrea Balzanetti era\u00a0formata dal direttore di\u00a0<\/span><\/span><\/span><em><span style=\"color: #1f1f1f\"><span style=\"font-family: Times New Roman, serif\"><span style=\"font-size: medium\">Tgcom24<\/span><\/span><\/span><\/em><span style=\"color: #1f1f1f\"><span style=\"font-family: Times New Roman, serif\"><span style=\"font-size: medium\">\u00a0<\/span><\/span><\/span><span style=\"color: #1f1f1f\"><span style=\"font-family: Times New Roman, serif\"><span style=\"font-size: medium\">Andrea Pucci, da Emma D&#8217;Aquino del\u00a0<\/span><\/span><\/span><em><span style=\"color: #1f1f1f\"><span style=\"font-family: Times New Roman, serif\"><span style=\"font-size: medium\">Tg1<\/span><\/span><\/span><\/em><span style=\"color: #1f1f1f\"><span style=\"font-family: Times New Roman, serif\"><span style=\"font-size: medium\">, dal presidente dell&#8217;Ordine dei giornalisti del Lazio\u00a0Guido D&#8217;Ubaldo, dal direttore de\u00a0<\/span><\/span><\/span><em><span style=\"color: #1f1f1f\"><span style=\"font-family: Times New Roman, serif\"><span style=\"font-size: medium\">Il Messaggero<\/span><\/span><\/span><\/em><span style=\"color: #1f1f1f\"><span style=\"font-family: Times New Roman, serif\"><span style=\"font-size: medium\">\u00a0<\/span><\/span><\/span><span style=\"color: #1f1f1f\"><span style=\"font-family: Times New Roman, serif\"><span style=\"font-size: medium\">Massimo Martinelli, dal direttore dell&#8217;<\/span><\/span><\/span><em><span style=\"color: #1f1f1f\"><span style=\"font-family: Times New Roman, serif\"><span style=\"font-size: medium\">Ansa\u00a0<\/span><\/span><\/span><\/em><span style=\"color: #1f1f1f\"><span style=\"font-family: Times New Roman, serif\"><span style=\"font-size: medium\">Luigi Contu, dal portavoce della Regione Lazio Emanuele Lanfranchi.\u00a0<\/span><\/span><\/span><\/span><\/p>\n<p align=\"JUSTIFY\"><span style=\"font-family: Times New Roman, serif\"><span style=\"font-size: medium\"><span style=\"color: #1f1f1f\">L&#8217;Universit\u00e0 Guglielmo Marconi di recente ha inserito nel suo programma di studi accademici una nuova facolt\u00e0 di Scienze della Comunicazione rivolta alla formazione di professionisti capaci di dialogare con tutti i nuovi strumenti del sapere digitale e tradizionale, in quest&#8217;ambito ha deciso di dedicare una borsa di studio a\u00a0uno studente meritevole.<\/span><\/span><\/span><\/p>\n<p align=\"JUSTIFY\"><strong>Redazione di\u00a0 Target Lab Ets<\/strong><\/p>\n<figure id=\"attachment_31921\" aria-describedby=\"caption-attachment-31921\" style=\"width: 1019px\" class=\"wp-caption alignnone\"><img loading=\"lazy\" decoding=\"async\" class=\" wp-image-31921\" src=\"https:\/\/www.romaoggi.eu\/wp-content\/uploads\/2022\/03\/FC4_2755-La-presentazione-della-giuria-\u00a9-Claudio-Polvanesi-Target-Lab-Ets-300x200.jpg\" alt=\"alt tag 1\u00b0 premio sarzanini\" width=\"1019\" height=\"679\" srcset=\"https:\/\/www.romaoggi.eu\/wp-content\/uploads\/2022\/03\/FC4_2755-La-presentazione-della-giuria-\u00a9-Claudio-Polvanesi-Target-Lab-Ets-300x200.jpg 300w, https:\/\/www.romaoggi.eu\/wp-content\/uploads\/2022\/03\/FC4_2755-La-presentazione-della-giuria-\u00a9-Claudio-Polvanesi-Target-Lab-Ets-1024x683.jpg 1024w, https:\/\/www.romaoggi.eu\/wp-content\/uploads\/2022\/03\/FC4_2755-La-presentazione-della-giuria-\u00a9-Claudio-Polvanesi-Target-Lab-Ets-1536x1024.jpg 1536w, https:\/\/www.romaoggi.eu\/wp-content\/uploads\/2022\/03\/FC4_2755-La-presentazione-della-giuria-\u00a9-Claudio-Polvanesi-Target-Lab-Ets-2048x1365.jpg 2048w\" sizes=\"auto, (max-width: 1019px) 100vw, 1019px\" \/><figcaption id=\"caption-attachment-31921\" class=\"wp-caption-text\">La presentazione della giuria \u00a9 Claudio Polvanesi Target Lab Ets<\/figcaption><\/figure>\n<figure id=\"attachment_31925\" aria-describedby=\"caption-attachment-31925\" style=\"width: 1007px\" class=\"wp-caption alignnone\"><img loading=\"lazy\" decoding=\"async\" class=\" wp-image-31925\" src=\"https:\/\/www.romaoggi.eu\/wp-content\/uploads\/2022\/03\/FC4_2891-La-piu\u0300-giovane-tra-i-premiati-Gaia-Martinetti-\u00a9-Claudio-Polvanesi-Target-Lab-Ets-300x200.jpg\" alt=\"alt tag 1\u00b0 premio sarzanini\" width=\"1007\" height=\"671\" srcset=\"https:\/\/www.romaoggi.eu\/wp-content\/uploads\/2022\/03\/FC4_2891-La-piu\u0300-giovane-tra-i-premiati-Gaia-Martinetti-\u00a9-Claudio-Polvanesi-Target-Lab-Ets-300x200.jpg 300w, https:\/\/www.romaoggi.eu\/wp-content\/uploads\/2022\/03\/FC4_2891-La-piu\u0300-giovane-tra-i-premiati-Gaia-Martinetti-\u00a9-Claudio-Polvanesi-Target-Lab-Ets-1024x683.jpg 1024w, https:\/\/www.romaoggi.eu\/wp-content\/uploads\/2022\/03\/FC4_2891-La-piu\u0300-giovane-tra-i-premiati-Gaia-Martinetti-\u00a9-Claudio-Polvanesi-Target-Lab-Ets-1536x1024.jpg 1536w, https:\/\/www.romaoggi.eu\/wp-content\/uploads\/2022\/03\/FC4_2891-La-piu\u0300-giovane-tra-i-premiati-Gaia-Martinetti-\u00a9-Claudio-Polvanesi-Target-Lab-Ets-2048x1365.jpg 2048w\" sizes=\"auto, (max-width: 1007px) 100vw, 1007px\" \/><figcaption id=\"caption-attachment-31925\" class=\"wp-caption-text\">La piu\u0300 giovane tra i premiati Gaia Martinetti \u00a9 Claudio Polvanesi Target Lab Ets<\/figcaption><\/figure>\n<figure id=\"attachment_31924\" aria-describedby=\"caption-attachment-31924\" style=\"width: 1034px\" class=\"wp-caption alignnone\"><img loading=\"lazy\" decoding=\"async\" class=\" wp-image-31924\" src=\"https:\/\/www.romaoggi.eu\/wp-content\/uploads\/2022\/03\/FC4_2800-Marco-Incagnola-ha-ricevuto-il-premio-\u00a9-Claudio-Polvanesi-Target-Lab-Ets-300x200.jpg\" alt=\"alt tag 1\u00b0 premio sarzanini\" width=\"1034\" height=\"689\" srcset=\"https:\/\/www.romaoggi.eu\/wp-content\/uploads\/2022\/03\/FC4_2800-Marco-Incagnola-ha-ricevuto-il-premio-\u00a9-Claudio-Polvanesi-Target-Lab-Ets-300x200.jpg 300w, https:\/\/www.romaoggi.eu\/wp-content\/uploads\/2022\/03\/FC4_2800-Marco-Incagnola-ha-ricevuto-il-premio-\u00a9-Claudio-Polvanesi-Target-Lab-Ets-1024x683.jpg 1024w, https:\/\/www.romaoggi.eu\/wp-content\/uploads\/2022\/03\/FC4_2800-Marco-Incagnola-ha-ricevuto-il-premio-\u00a9-Claudio-Polvanesi-Target-Lab-Ets-1536x1024.jpg 1536w, https:\/\/www.romaoggi.eu\/wp-content\/uploads\/2022\/03\/FC4_2800-Marco-Incagnola-ha-ricevuto-il-premio-\u00a9-Claudio-Polvanesi-Target-Lab-Ets-2048x1365.jpg 2048w\" sizes=\"auto, (max-width: 1034px) 100vw, 1034px\" \/><figcaption id=\"caption-attachment-31924\" class=\"wp-caption-text\">Marco Incagnola ha ricevuto il premio \u00a9 Claudio Polvanesi Target Lab Ets<\/figcaption><\/figure>\n<figure id=\"attachment_31915\" aria-describedby=\"caption-attachment-31915\" style=\"width: 1040px\" class=\"wp-caption alignnone\"><img loading=\"lazy\" decoding=\"async\" class=\" wp-image-31915\" src=\"https:\/\/www.romaoggi.eu\/wp-content\/uploads\/2022\/03\/FC2_6070-Claudio-Sebastiani-con-il-premio-\u00a9-Claudio-Polvanesi-Target-Lab-Ets-300x200.jpg\" alt=\"alt tag 1\u00b0 premio sarzanini\" width=\"1040\" height=\"693\" srcset=\"https:\/\/www.romaoggi.eu\/wp-content\/uploads\/2022\/03\/FC2_6070-Claudio-Sebastiani-con-il-premio-\u00a9-Claudio-Polvanesi-Target-Lab-Ets-300x200.jpg 300w, https:\/\/www.romaoggi.eu\/wp-content\/uploads\/2022\/03\/FC2_6070-Claudio-Sebastiani-con-il-premio-\u00a9-Claudio-Polvanesi-Target-Lab-Ets-1024x683.jpg 1024w, https:\/\/www.romaoggi.eu\/wp-content\/uploads\/2022\/03\/FC2_6070-Claudio-Sebastiani-con-il-premio-\u00a9-Claudio-Polvanesi-Target-Lab-Ets-1536x1024.jpg 1536w, https:\/\/www.romaoggi.eu\/wp-content\/uploads\/2022\/03\/FC2_6070-Claudio-Sebastiani-con-il-premio-\u00a9-Claudio-Polvanesi-Target-Lab-Ets-2048x1365.jpg 2048w\" sizes=\"auto, (max-width: 1040px) 100vw, 1040px\" \/><figcaption id=\"caption-attachment-31915\" class=\"wp-caption-text\">Claudio Sebastiani con il premio \u00a9 Claudio Polvanesi Target Lab Ets<\/figcaption><\/figure>\n<figure id=\"attachment_31914\" aria-describedby=\"caption-attachment-31914\" style=\"width: 1004px\" class=\"wp-caption alignnone\"><img loading=\"lazy\" decoding=\"async\" class=\" wp-image-31914\" src=\"https:\/\/www.romaoggi.eu\/wp-content\/uploads\/2022\/03\/FC2_6057-Valerio-Cataldi-con-la-targa-\u00a9-Claudio-Polvanesi-Target-Lab-Ets-300x200.jpg\" alt=\"alt tag 1\u00b0 premio sarzanini\" width=\"1004\" height=\"669\" srcset=\"https:\/\/www.romaoggi.eu\/wp-content\/uploads\/2022\/03\/FC2_6057-Valerio-Cataldi-con-la-targa-\u00a9-Claudio-Polvanesi-Target-Lab-Ets-300x200.jpg 300w, https:\/\/www.romaoggi.eu\/wp-content\/uploads\/2022\/03\/FC2_6057-Valerio-Cataldi-con-la-targa-\u00a9-Claudio-Polvanesi-Target-Lab-Ets-1024x683.jpg 1024w, https:\/\/www.romaoggi.eu\/wp-content\/uploads\/2022\/03\/FC2_6057-Valerio-Cataldi-con-la-targa-\u00a9-Claudio-Polvanesi-Target-Lab-Ets-1536x1024.jpg 1536w, https:\/\/www.romaoggi.eu\/wp-content\/uploads\/2022\/03\/FC2_6057-Valerio-Cataldi-con-la-targa-\u00a9-Claudio-Polvanesi-Target-Lab-Ets-2048x1365.jpg 2048w\" sizes=\"auto, (max-width: 1004px) 100vw, 1004px\" \/><figcaption id=\"caption-attachment-31914\" class=\"wp-caption-text\">Valerio Cataldi con la targa \u00a9 Claudio Polvanesi Target Lab Ets<\/figcaption><\/figure>\n<figure id=\"attachment_31913\" aria-describedby=\"caption-attachment-31913\" style=\"width: 1040px\" class=\"wp-caption alignnone\"><img loading=\"lazy\" decoding=\"async\" class=\" wp-image-31913\" src=\"https:\/\/www.romaoggi.eu\/wp-content\/uploads\/2022\/03\/FC2_6042-La-premiata-alessia-Marani-\u00a9-Claudio-Polvanesi-Target-Lab-Ets-300x200.jpg\" alt=\"alt tag 1\u00b0 premio sarzanini\" width=\"1040\" height=\"693\" srcset=\"https:\/\/www.romaoggi.eu\/wp-content\/uploads\/2022\/03\/FC2_6042-La-premiata-alessia-Marani-\u00a9-Claudio-Polvanesi-Target-Lab-Ets-300x200.jpg 300w, https:\/\/www.romaoggi.eu\/wp-content\/uploads\/2022\/03\/FC2_6042-La-premiata-alessia-Marani-\u00a9-Claudio-Polvanesi-Target-Lab-Ets-1024x683.jpg 1024w, https:\/\/www.romaoggi.eu\/wp-content\/uploads\/2022\/03\/FC2_6042-La-premiata-alessia-Marani-\u00a9-Claudio-Polvanesi-Target-Lab-Ets-1536x1024.jpg 1536w, https:\/\/www.romaoggi.eu\/wp-content\/uploads\/2022\/03\/FC2_6042-La-premiata-alessia-Marani-\u00a9-Claudio-Polvanesi-Target-Lab-Ets-2048x1365.jpg 2048w\" sizes=\"auto, (max-width: 1040px) 100vw, 1040px\" \/><figcaption id=\"caption-attachment-31913\" class=\"wp-caption-text\">La premiata alessia Marani \u00a9 Claudio Polvanesi Target Lab Ets<\/figcaption><\/figure>\n<figure id=\"attachment_31922\" aria-describedby=\"caption-attachment-31922\" style=\"width: 1058px\" class=\"wp-caption alignnone\"><img loading=\"lazy\" decoding=\"async\" class=\" wp-image-31922\" src=\"https:\/\/www.romaoggi.eu\/wp-content\/uploads\/2022\/03\/FC4_2760-Lintervento-di-Guido-DUbaldo-\u00a9-Claudio-Polvanesi-Target-Lab-Ets-300x200.jpg\" alt=\"alt tag 1\u00b0 premio sarzanini\" width=\"1058\" height=\"705\" srcset=\"https:\/\/www.romaoggi.eu\/wp-content\/uploads\/2022\/03\/FC4_2760-Lintervento-di-Guido-DUbaldo-\u00a9-Claudio-Polvanesi-Target-Lab-Ets-300x200.jpg 300w, https:\/\/www.romaoggi.eu\/wp-content\/uploads\/2022\/03\/FC4_2760-Lintervento-di-Guido-DUbaldo-\u00a9-Claudio-Polvanesi-Target-Lab-Ets-1024x683.jpg 1024w, https:\/\/www.romaoggi.eu\/wp-content\/uploads\/2022\/03\/FC4_2760-Lintervento-di-Guido-DUbaldo-\u00a9-Claudio-Polvanesi-Target-Lab-Ets-1536x1024.jpg 1536w, https:\/\/www.romaoggi.eu\/wp-content\/uploads\/2022\/03\/FC4_2760-Lintervento-di-Guido-DUbaldo-\u00a9-Claudio-Polvanesi-Target-Lab-Ets-2048x1365.jpg 2048w\" sizes=\"auto, (max-width: 1058px) 100vw, 1058px\" \/><figcaption id=\"caption-attachment-31922\" class=\"wp-caption-text\">L&#8217;intervento di Guido D&#8217;Ubaldo \u00a9 Claudio Polvanesi Target Lab Ets<\/figcaption><\/figure>\n<figure id=\"attachment_31920\" aria-describedby=\"caption-attachment-31920\" style=\"width: 996px\" class=\"wp-caption alignnone\"><img loading=\"lazy\" decoding=\"async\" class=\" wp-image-31920\" src=\"https:\/\/www.romaoggi.eu\/wp-content\/uploads\/2022\/03\/FC2_6189-Roberta-Sarzanini-\u00a9-Claudio-Polvanesi-Target-Lab-Ets-300x200.jpg\" alt=\"alt tag 1\u00b0 premio sarzanini\" width=\"996\" height=\"664\" srcset=\"https:\/\/www.romaoggi.eu\/wp-content\/uploads\/2022\/03\/FC2_6189-Roberta-Sarzanini-\u00a9-Claudio-Polvanesi-Target-Lab-Ets-300x200.jpg 300w, https:\/\/www.romaoggi.eu\/wp-content\/uploads\/2022\/03\/FC2_6189-Roberta-Sarzanini-\u00a9-Claudio-Polvanesi-Target-Lab-Ets-1024x683.jpg 1024w, https:\/\/www.romaoggi.eu\/wp-content\/uploads\/2022\/03\/FC2_6189-Roberta-Sarzanini-\u00a9-Claudio-Polvanesi-Target-Lab-Ets-1536x1024.jpg 1536w, https:\/\/www.romaoggi.eu\/wp-content\/uploads\/2022\/03\/FC2_6189-Roberta-Sarzanini-\u00a9-Claudio-Polvanesi-Target-Lab-Ets-2048x1365.jpg 2048w\" sizes=\"auto, (max-width: 996px) 100vw, 996px\" \/><figcaption id=\"caption-attachment-31920\" class=\"wp-caption-text\">Roberta Sarzanini \u00a9 Claudio Polvanesi Target Lab Ets<\/figcaption><\/figure>\n<figure id=\"attachment_31919\" aria-describedby=\"caption-attachment-31919\" style=\"width: 1010px\" class=\"wp-caption alignnone\"><img loading=\"lazy\" decoding=\"async\" class=\" wp-image-31919\" src=\"https:\/\/www.romaoggi.eu\/wp-content\/uploads\/2022\/03\/FC2_6173-Lintervento-di-Emma-DAquino-\u00a9-Claudio-Polvanesi-Target-Lab-Ets-300x200.jpg\" alt=\"alt tag 1\u00b0 premio sarzanini\" width=\"1010\" height=\"673\" srcset=\"https:\/\/www.romaoggi.eu\/wp-content\/uploads\/2022\/03\/FC2_6173-Lintervento-di-Emma-DAquino-\u00a9-Claudio-Polvanesi-Target-Lab-Ets-300x200.jpg 300w, https:\/\/www.romaoggi.eu\/wp-content\/uploads\/2022\/03\/FC2_6173-Lintervento-di-Emma-DAquino-\u00a9-Claudio-Polvanesi-Target-Lab-Ets-1024x683.jpg 1024w, https:\/\/www.romaoggi.eu\/wp-content\/uploads\/2022\/03\/FC2_6173-Lintervento-di-Emma-DAquino-\u00a9-Claudio-Polvanesi-Target-Lab-Ets-1536x1024.jpg 1536w, https:\/\/www.romaoggi.eu\/wp-content\/uploads\/2022\/03\/FC2_6173-Lintervento-di-Emma-DAquino-\u00a9-Claudio-Polvanesi-Target-Lab-Ets-2048x1365.jpg 2048w\" sizes=\"auto, (max-width: 1010px) 100vw, 1010px\" \/><figcaption id=\"caption-attachment-31919\" class=\"wp-caption-text\">L&#8217;intervento di Emma D&#8217;Aquino \u00a9 Claudio Polvanesi Target Lab Ets<\/figcaption><\/figure>\n<figure id=\"attachment_31918\" aria-describedby=\"caption-attachment-31918\" style=\"width: 1041px\" class=\"wp-caption alignnone\"><img loading=\"lazy\" decoding=\"async\" class=\" wp-image-31918\" src=\"https:\/\/www.romaoggi.eu\/wp-content\/uploads\/2022\/03\/FC2_6121-Federica-la-nipote-di-Mario-Sarzanini-\u00a9-Claudio-Polvanesi-Target-Lab-Ets-300x200.jpg\" alt=\"alt tag 1\u00b0 premio sarzanini\" width=\"1041\" height=\"694\" srcset=\"https:\/\/www.romaoggi.eu\/wp-content\/uploads\/2022\/03\/FC2_6121-Federica-la-nipote-di-Mario-Sarzanini-\u00a9-Claudio-Polvanesi-Target-Lab-Ets-300x200.jpg 300w, https:\/\/www.romaoggi.eu\/wp-content\/uploads\/2022\/03\/FC2_6121-Federica-la-nipote-di-Mario-Sarzanini-\u00a9-Claudio-Polvanesi-Target-Lab-Ets-1024x683.jpg 1024w, https:\/\/www.romaoggi.eu\/wp-content\/uploads\/2022\/03\/FC2_6121-Federica-la-nipote-di-Mario-Sarzanini-\u00a9-Claudio-Polvanesi-Target-Lab-Ets-1536x1024.jpg 1536w, https:\/\/www.romaoggi.eu\/wp-content\/uploads\/2022\/03\/FC2_6121-Federica-la-nipote-di-Mario-Sarzanini-\u00a9-Claudio-Polvanesi-Target-Lab-Ets-2048x1365.jpg 2048w\" sizes=\"auto, (max-width: 1041px) 100vw, 1041px\" \/><figcaption id=\"caption-attachment-31918\" class=\"wp-caption-text\">Federica, la nipote di Mario Sarzanini \u00a9 Claudio Polvanesi Target Lab Ets<\/figcaption><\/figure>\n<figure id=\"attachment_31917\" aria-describedby=\"caption-attachment-31917\" style=\"width: 1005px\" class=\"wp-caption alignnone\"><img loading=\"lazy\" decoding=\"async\" class=\" wp-image-31917\" src=\"https:\/\/www.romaoggi.eu\/wp-content\/uploads\/2022\/03\/FC2_6101-Il-direttore-del-Messaggero-Martinelli-\u00a9-Claudio-Polvanesi-Target-Lab-Ets-300x200.jpg\" alt=\"alt tag 1\u00b0 premio sarzanini\" width=\"1005\" height=\"670\" srcset=\"https:\/\/www.romaoggi.eu\/wp-content\/uploads\/2022\/03\/FC2_6101-Il-direttore-del-Messaggero-Martinelli-\u00a9-Claudio-Polvanesi-Target-Lab-Ets-300x200.jpg 300w, https:\/\/www.romaoggi.eu\/wp-content\/uploads\/2022\/03\/FC2_6101-Il-direttore-del-Messaggero-Martinelli-\u00a9-Claudio-Polvanesi-Target-Lab-Ets-1024x683.jpg 1024w, https:\/\/www.romaoggi.eu\/wp-content\/uploads\/2022\/03\/FC2_6101-Il-direttore-del-Messaggero-Martinelli-\u00a9-Claudio-Polvanesi-Target-Lab-Ets-1536x1024.jpg 1536w, https:\/\/www.romaoggi.eu\/wp-content\/uploads\/2022\/03\/FC2_6101-Il-direttore-del-Messaggero-Martinelli-\u00a9-Claudio-Polvanesi-Target-Lab-Ets-2048x1365.jpg 2048w\" sizes=\"auto, (max-width: 1005px) 100vw, 1005px\" \/><figcaption id=\"caption-attachment-31917\" class=\"wp-caption-text\">Il direttore del Messaggero Martinelli \u00a9 Claudio Polvanesi Target Lab Ets<\/figcaption><\/figure>\n<figure id=\"attachment_31912\" aria-describedby=\"caption-attachment-31912\" style=\"width: 1037px\" class=\"wp-caption alignnone\"><img loading=\"lazy\" decoding=\"async\" class=\" wp-image-31912\" src=\"https:\/\/www.romaoggi.eu\/wp-content\/uploads\/2022\/03\/FC2_6023-Il-presidente-del-CONI-Giovanni-malago\u0300-\u00a9-Claudio-Polvanesi-Target-Lab-Ets-300x200.jpg\" alt=\"alt tag 1\u00b0 premio sarzanini\" width=\"1037\" height=\"691\" srcset=\"https:\/\/www.romaoggi.eu\/wp-content\/uploads\/2022\/03\/FC2_6023-Il-presidente-del-CONI-Giovanni-malago\u0300-\u00a9-Claudio-Polvanesi-Target-Lab-Ets-300x200.jpg 300w, https:\/\/www.romaoggi.eu\/wp-content\/uploads\/2022\/03\/FC2_6023-Il-presidente-del-CONI-Giovanni-malago\u0300-\u00a9-Claudio-Polvanesi-Target-Lab-Ets-1024x683.jpg 1024w, https:\/\/www.romaoggi.eu\/wp-content\/uploads\/2022\/03\/FC2_6023-Il-presidente-del-CONI-Giovanni-malago\u0300-\u00a9-Claudio-Polvanesi-Target-Lab-Ets-1536x1024.jpg 1536w, https:\/\/www.romaoggi.eu\/wp-content\/uploads\/2022\/03\/FC2_6023-Il-presidente-del-CONI-Giovanni-malago\u0300-\u00a9-Claudio-Polvanesi-Target-Lab-Ets-2048x1365.jpg 2048w\" sizes=\"auto, (max-width: 1037px) 100vw, 1037px\" \/><figcaption id=\"caption-attachment-31912\" class=\"wp-caption-text\">Il presidente del CONI Giovanni Malago\u0300 \u00a9 Claudio Polvanesi Target Lab Ets<\/figcaption><\/figure>\n<figure id=\"attachment_31911\" aria-describedby=\"caption-attachment-31911\" style=\"width: 1001px\" class=\"wp-caption alignnone\"><img loading=\"lazy\" decoding=\"async\" class=\" wp-image-31911\" src=\"https:\/\/www.romaoggi.eu\/wp-content\/uploads\/2022\/03\/FC2_6017-Il-presidente-della-giuria-Anrea-Balsanetti-\u00a9-Claudio-Polvanesi-Target-Lab-Ets-300x200.jpg\" alt=\"alt tag 1\u00b0 premio sarzanini\" width=\"1001\" height=\"667\" srcset=\"https:\/\/www.romaoggi.eu\/wp-content\/uploads\/2022\/03\/FC2_6017-Il-presidente-della-giuria-Anrea-Balsanetti-\u00a9-Claudio-Polvanesi-Target-Lab-Ets-300x200.jpg 300w, https:\/\/www.romaoggi.eu\/wp-content\/uploads\/2022\/03\/FC2_6017-Il-presidente-della-giuria-Anrea-Balsanetti-\u00a9-Claudio-Polvanesi-Target-Lab-Ets-1024x683.jpg 1024w, https:\/\/www.romaoggi.eu\/wp-content\/uploads\/2022\/03\/FC2_6017-Il-presidente-della-giuria-Anrea-Balsanetti-\u00a9-Claudio-Polvanesi-Target-Lab-Ets-1536x1024.jpg 1536w, https:\/\/www.romaoggi.eu\/wp-content\/uploads\/2022\/03\/FC2_6017-Il-presidente-della-giuria-Anrea-Balsanetti-\u00a9-Claudio-Polvanesi-Target-Lab-Ets-2048x1365.jpg 2048w\" sizes=\"auto, (max-width: 1001px) 100vw, 1001px\" \/><figcaption id=\"caption-attachment-31911\" class=\"wp-caption-text\">Il presidente della giuria Anrea Balsanetti \u00a9 Claudio Polvanesi Target Lab Ets<\/figcaption><\/figure>\n<figure id=\"attachment_31910\" aria-describedby=\"caption-attachment-31910\" style=\"width: 1023px\" class=\"wp-caption alignnone\"><img loading=\"lazy\" decoding=\"async\" class=\" wp-image-31910\" src=\"https:\/\/www.romaoggi.eu\/wp-content\/uploads\/2022\/03\/FC2_5988-Enrico-Sarzanini-al-microfono-\u00a9-Claudio-Polvanesi-Target-Lab-Ets-300x200.jpg\" alt=\"alt tag 1\u00b0 premio sarzanini\" width=\"1023\" height=\"682\" srcset=\"https:\/\/www.romaoggi.eu\/wp-content\/uploads\/2022\/03\/FC2_5988-Enrico-Sarzanini-al-microfono-\u00a9-Claudio-Polvanesi-Target-Lab-Ets-300x200.jpg 300w, https:\/\/www.romaoggi.eu\/wp-content\/uploads\/2022\/03\/FC2_5988-Enrico-Sarzanini-al-microfono-\u00a9-Claudio-Polvanesi-Target-Lab-Ets-1024x683.jpg 1024w, https:\/\/www.romaoggi.eu\/wp-content\/uploads\/2022\/03\/FC2_5988-Enrico-Sarzanini-al-microfono-\u00a9-Claudio-Polvanesi-Target-Lab-Ets-1536x1024.jpg 1536w, https:\/\/www.romaoggi.eu\/wp-content\/uploads\/2022\/03\/FC2_5988-Enrico-Sarzanini-al-microfono-\u00a9-Claudio-Polvanesi-Target-Lab-Ets-2048x1365.jpg 2048w\" sizes=\"auto, (max-width: 1023px) 100vw, 1023px\" \/><figcaption id=\"caption-attachment-31910\" class=\"wp-caption-text\">Enrico Sarzanini al microfono \u00a9 Claudio Polvanesi Target Lab Ets<\/figcaption><\/figure>\n<figure id=\"attachment_31923\" aria-describedby=\"caption-attachment-31923\" style=\"width: 1025px\" class=\"wp-caption alignnone\"><img loading=\"lazy\" decoding=\"async\" class=\" wp-image-31923\" src=\"https:\/\/www.romaoggi.eu\/wp-content\/uploads\/2022\/03\/FC4_2766-Un-momento-del-ricordo-di-Mario-Sarzanini-\u00a9-Claudio-Polvanesi-Target-Lab-Ets-300x200.jpg\" alt=\"alt tag 1\u00b0 premio sarzanini\" width=\"1025\" height=\"683\" srcset=\"https:\/\/www.romaoggi.eu\/wp-content\/uploads\/2022\/03\/FC4_2766-Un-momento-del-ricordo-di-Mario-Sarzanini-\u00a9-Claudio-Polvanesi-Target-Lab-Ets-300x200.jpg 300w, https:\/\/www.romaoggi.eu\/wp-content\/uploads\/2022\/03\/FC4_2766-Un-momento-del-ricordo-di-Mario-Sarzanini-\u00a9-Claudio-Polvanesi-Target-Lab-Ets-1024x683.jpg 1024w, https:\/\/www.romaoggi.eu\/wp-content\/uploads\/2022\/03\/FC4_2766-Un-momento-del-ricordo-di-Mario-Sarzanini-\u00a9-Claudio-Polvanesi-Target-Lab-Ets-1536x1024.jpg 1536w, https:\/\/www.romaoggi.eu\/wp-content\/uploads\/2022\/03\/FC4_2766-Un-momento-del-ricordo-di-Mario-Sarzanini-\u00a9-Claudio-Polvanesi-Target-Lab-Ets-2048x1365.jpg 2048w\" sizes=\"auto, (max-width: 1025px) 100vw, 1025px\" \/><figcaption id=\"caption-attachment-31923\" class=\"wp-caption-text\">Un momento del ricordo di Mario Sarzanini \u00a9 Claudio Polvanesi Target Lab Ets<\/figcaption><\/figure>\n","protected":false},"excerpt":{"rendered":"<div class=\"mh-excerpt\"><p>sostieni con una donazione il progetto fotografico di Target Lab Ets 371 4413442.\u00a0 https:\/\/sostieni.link\/28814 Giornalismo, I\u00b0 Premio &#8216;Mario Sarzanini&#8217; &#8230; servizio di Claudio Polvanesi \u2013 Target Lab Ets Assegnati i riconoscimenti della prima edizione del <a class=\"mh-excerpt-more\" href=\"https:\/\/www.romaoggi.eu\/index.php\/2022\/03\/19\/giornalismo-premio-mario-sarzanini-1a-edizione-servizio-di-claudio-polvanesi-target-lab-ets\/\" title=\"Giornalismo, Premio Mario Sarzanini 1a edizione &#8230;servizio di Claudio Polvanesi \u2013 Target Lab Ets\">[&#8230;]<\/a><\/p>\n<\/div>","protected":false},"author":17,"featured_media":31929,"comment_status":"closed","ping_status":"open","sticky":false,"template":"","format":"standard","meta":{"_sitemap_exclude":false,"_sitemap_priority":"","_sitemap_frequency":"","footnotes":""},"categories":[522],"tags":[16143,16136,16137,16148,16142,16138,16146,16139,16141,16145,16144,16140,16134,16135,16147],"class_list":["post-31890","post","type-post","status-publish","format-standard","has-post-thumbnail","hentry","category-attualita","tag-alessio-acomanni","tag-andrea-balzanetti","tag-andrea-pucci","tag-claudio-sebastiani","tag-emanuele-lanfranchi","tag-emma-daquino","tag-gaia-martinetti","tag-guido-dubaldo","tag-luigi-contu","tag-marco-incagnola-alessia-marani","tag-mariio-sarzanini","tag-massimo-martinelli","tag-premio-sarzanini","tag-unimarconi","tag-valerio-cataldi"],"yoast_head":"<!-- This site is optimized with the Yoast SEO plugin v27.5 - https:\/\/yoast.com\/product\/yoast-seo-wordpress\/ -->\n<title>Giornalismo, Premio Mario Sarzanini 1a edizione ...servizio di Claudio Polvanesi \u2013 Target Lab Ets<\/title>\n<meta name=\"description\" content=\"sostieni con una donazione il progetto fotografico di Target Lab Ets 371 4413442.\u00a0 https:\/\/sostieni.link\/28814 Giornalismo, I\u00b0 Premio &#039;Mario Sarzanini&#039;\" \/>\n<meta name=\"robots\" content=\"index, follow, max-snippet:-1, max-image-preview:large, max-video-preview:-1\" \/>\n<link rel=\"canonical\" href=\"https:\/\/www.romaoggi.eu\/index.php\/2022\/03\/19\/giornalismo-premio-mario-sarzanini-1a-edizione-servizio-di-claudio-polvanesi-target-lab-ets\/\" \/>\n<meta property=\"og:locale\" content=\"it_IT\" \/>\n<meta property=\"og:type\" content=\"article\" \/>\n<meta property=\"og:title\" content=\"Giornalismo, Premio Mario Sarzanini 1a edizione ...servizio di Claudio Polvanesi \u2013 Target Lab Ets\" \/>\n<meta property=\"og:description\" content=\"sostieni con una donazione il progetto fotografico di Target Lab Ets 371 4413442.\u00a0 https:\/\/sostieni.link\/28814 Giornalismo, I\u00b0 Premio &#039;Mario Sarzanini&#039;\" \/>\n<meta property=\"og:url\" content=\"https:\/\/www.romaoggi.eu\/index.php\/2022\/03\/19\/giornalismo-premio-mario-sarzanini-1a-edizione-servizio-di-claudio-polvanesi-target-lab-ets\/\" \/>\n<meta property=\"og:site_name\" content=\"roma oggi\" \/>\n<meta property=\"article:publisher\" content=\"https:\/\/www.facebook.com\/RomaOggi-841544845954114\" \/>\n<meta property=\"article:published_time\" content=\"2022-03-19T13:20:57+00:00\" \/>\n<meta property=\"og:image\" content=\"https:\/\/www.romaoggi.eu\/wp-content\/uploads\/2022\/03\/FC2_6037-Alessia-Marani-viene-premiata-da-Fiorenza-Sarzanini-\u00a9-Claudio-Polvanesi-Target-Lab-Ets-scaled.jpg\" \/>\n\t<meta property=\"og:image:width\" content=\"2560\" \/>\n\t<meta property=\"og:image:height\" content=\"1707\" \/>\n\t<meta property=\"og:image:type\" content=\"image\/jpeg\" \/>\n<meta name=\"author\" content=\"Target Lab Ets\" \/>\n<meta name=\"twitter:card\" content=\"summary_large_image\" \/>\n<meta name=\"twitter:creator\" content=\"@romaoggi_eu\" \/>\n<meta name=\"twitter:site\" content=\"@romaoggi_eu\" \/>\n<meta name=\"twitter:label1\" content=\"Scritto da\" \/>\n\t<meta name=\"twitter:data1\" content=\"Target Lab Ets\" \/>\n\t<meta name=\"twitter:label2\" content=\"Tempo di lettura stimato\" \/>\n\t<meta name=\"twitter:data2\" content=\"7 minuti\" \/>\n<script type=\"application\/ld+json\" class=\"yoast-schema-graph\">{\"@context\":\"https:\\\/\\\/schema.org\",\"@graph\":[{\"@type\":\"Article\",\"@id\":\"https:\\\/\\\/www.romaoggi.eu\\\/index.php\\\/2022\\\/03\\\/19\\\/giornalismo-premio-mario-sarzanini-1a-edizione-servizio-di-claudio-polvanesi-target-lab-ets\\\/#article\",\"isPartOf\":{\"@id\":\"https:\\\/\\\/www.romaoggi.eu\\\/index.php\\\/2022\\\/03\\\/19\\\/giornalismo-premio-mario-sarzanini-1a-edizione-servizio-di-claudio-polvanesi-target-lab-ets\\\/\"},\"author\":{\"name\":\"Target Lab Ets\",\"@id\":\"https:\\\/\\\/www.romaoggi.eu\\\/#\\\/schema\\\/person\\\/72b8cfc6de60caeb335267c8e21d90fb\"},\"headline\":\"Giornalismo, Premio Mario Sarzanini 1a edizione &#8230;servizio di Claudio Polvanesi \u2013 Target Lab Ets\",\"datePublished\":\"2022-03-19T13:20:57+00:00\",\"mainEntityOfPage\":{\"@id\":\"https:\\\/\\\/www.romaoggi.eu\\\/index.php\\\/2022\\\/03\\\/19\\\/giornalismo-premio-mario-sarzanini-1a-edizione-servizio-di-claudio-polvanesi-target-lab-ets\\\/\"},\"wordCount\":603,\"publisher\":{\"@id\":\"https:\\\/\\\/www.romaoggi.eu\\\/#organization\"},\"image\":{\"@id\":\"https:\\\/\\\/www.romaoggi.eu\\\/index.php\\\/2022\\\/03\\\/19\\\/giornalismo-premio-mario-sarzanini-1a-edizione-servizio-di-claudio-polvanesi-target-lab-ets\\\/#primaryimage\"},\"thumbnailUrl\":\"https:\\\/\\\/www.romaoggi.eu\\\/wp-content\\\/uploads\\\/2022\\\/03\\\/FC2_6037-Alessia-Marani-viene-premiata-da-Fiorenza-Sarzanini-\u00a9-Claudio-Polvanesi-Target-Lab-Ets-scaled.jpg\",\"keywords\":[\"alessio acomanni\",\"andrea balzanetti\",\"andrea pucci\",\"claudio sebastiani\",\"emanuele lanfranchi\",\"emma d'aquino\",\"gaia martinetti\",\"guido d'ubaldo\",\"luigi contu\",\"marco incagnola alessia marani\",\"mariio sarzanini\",\"massimo martinelli\",\"premio sarzanini\",\"unimarconi\",\"valerio cataldi\"],\"articleSection\":[\"attualit\u00e0\"],\"inLanguage\":\"it-IT\"},{\"@type\":\"WebPage\",\"@id\":\"https:\\\/\\\/www.romaoggi.eu\\\/index.php\\\/2022\\\/03\\\/19\\\/giornalismo-premio-mario-sarzanini-1a-edizione-servizio-di-claudio-polvanesi-target-lab-ets\\\/\",\"url\":\"https:\\\/\\\/www.romaoggi.eu\\\/index.php\\\/2022\\\/03\\\/19\\\/giornalismo-premio-mario-sarzanini-1a-edizione-servizio-di-claudio-polvanesi-target-lab-ets\\\/\",\"name\":\"Giornalismo, Premio Mario Sarzanini 1a edizione ...servizio di Claudio Polvanesi \u2013 Target Lab Ets\",\"isPartOf\":{\"@id\":\"https:\\\/\\\/www.romaoggi.eu\\\/#website\"},\"primaryImageOfPage\":{\"@id\":\"https:\\\/\\\/www.romaoggi.eu\\\/index.php\\\/2022\\\/03\\\/19\\\/giornalismo-premio-mario-sarzanini-1a-edizione-servizio-di-claudio-polvanesi-target-lab-ets\\\/#primaryimage\"},\"image\":{\"@id\":\"https:\\\/\\\/www.romaoggi.eu\\\/index.php\\\/2022\\\/03\\\/19\\\/giornalismo-premio-mario-sarzanini-1a-edizione-servizio-di-claudio-polvanesi-target-lab-ets\\\/#primaryimage\"},\"thumbnailUrl\":\"https:\\\/\\\/www.romaoggi.eu\\\/wp-content\\\/uploads\\\/2022\\\/03\\\/FC2_6037-Alessia-Marani-viene-premiata-da-Fiorenza-Sarzanini-\u00a9-Claudio-Polvanesi-Target-Lab-Ets-scaled.jpg\",\"datePublished\":\"2022-03-19T13:20:57+00:00\",\"description\":\"sostieni con una donazione il progetto fotografico di Target Lab Ets 371 4413442.\u00a0 https:\\\/\\\/sostieni.link\\\/28814 Giornalismo, I\u00b0 Premio 'Mario Sarzanini'\",\"breadcrumb\":{\"@id\":\"https:\\\/\\\/www.romaoggi.eu\\\/index.php\\\/2022\\\/03\\\/19\\\/giornalismo-premio-mario-sarzanini-1a-edizione-servizio-di-claudio-polvanesi-target-lab-ets\\\/#breadcrumb\"},\"inLanguage\":\"it-IT\",\"potentialAction\":[{\"@type\":\"ReadAction\",\"target\":[\"https:\\\/\\\/www.romaoggi.eu\\\/index.php\\\/2022\\\/03\\\/19\\\/giornalismo-premio-mario-sarzanini-1a-edizione-servizio-di-claudio-polvanesi-target-lab-ets\\\/\"]}]},{\"@type\":\"ImageObject\",\"inLanguage\":\"it-IT\",\"@id\":\"https:\\\/\\\/www.romaoggi.eu\\\/index.php\\\/2022\\\/03\\\/19\\\/giornalismo-premio-mario-sarzanini-1a-edizione-servizio-di-claudio-polvanesi-target-lab-ets\\\/#primaryimage\",\"url\":\"https:\\\/\\\/www.romaoggi.eu\\\/wp-content\\\/uploads\\\/2022\\\/03\\\/FC2_6037-Alessia-Marani-viene-premiata-da-Fiorenza-Sarzanini-\u00a9-Claudio-Polvanesi-Target-Lab-Ets-scaled.jpg\",\"contentUrl\":\"https:\\\/\\\/www.romaoggi.eu\\\/wp-content\\\/uploads\\\/2022\\\/03\\\/FC2_6037-Alessia-Marani-viene-premiata-da-Fiorenza-Sarzanini-\u00a9-Claudio-Polvanesi-Target-Lab-Ets-scaled.jpg\",\"width\":2560,\"height\":1707,\"caption\":\"Alessia Marani viene premiata da Fiorenza Sarzanini \u00a9 Claudio Polvanesi Target Lab Ets\"},{\"@type\":\"BreadcrumbList\",\"@id\":\"https:\\\/\\\/www.romaoggi.eu\\\/index.php\\\/2022\\\/03\\\/19\\\/giornalismo-premio-mario-sarzanini-1a-edizione-servizio-di-claudio-polvanesi-target-lab-ets\\\/#breadcrumb\",\"itemListElement\":[{\"@type\":\"ListItem\",\"position\":1,\"name\":\"Home\",\"item\":\"https:\\\/\\\/www.romaoggi.eu\\\/\"},{\"@type\":\"ListItem\",\"position\":2,\"name\":\"Giornalismo, Premio Mario Sarzanini 1a edizione &#8230;servizio di Claudio Polvanesi \u2013 Target Lab Ets\"}]},{\"@type\":\"WebSite\",\"@id\":\"https:\\\/\\\/www.romaoggi.eu\\\/#website\",\"url\":\"https:\\\/\\\/www.romaoggi.eu\\\/\",\"name\":\"roma oggi\",\"description\":\"Interesting News for Interesting people\",\"publisher\":{\"@id\":\"https:\\\/\\\/www.romaoggi.eu\\\/#organization\"},\"potentialAction\":[{\"@type\":\"SearchAction\",\"target\":{\"@type\":\"EntryPoint\",\"urlTemplate\":\"https:\\\/\\\/www.romaoggi.eu\\\/?s={search_term_string}\"},\"query-input\":{\"@type\":\"PropertyValueSpecification\",\"valueRequired\":true,\"valueName\":\"search_term_string\"}}],\"inLanguage\":\"it-IT\"},{\"@type\":\"Organization\",\"@id\":\"https:\\\/\\\/www.romaoggi.eu\\\/#organization\",\"name\":\"RomaOggi\",\"url\":\"https:\\\/\\\/www.romaoggi.eu\\\/\",\"logo\":{\"@type\":\"ImageObject\",\"inLanguage\":\"it-IT\",\"@id\":\"https:\\\/\\\/www.romaoggi.eu\\\/#\\\/schema\\\/logo\\\/image\\\/\",\"url\":\"https:\\\/\\\/www.romaoggi.eu\\\/wp-content\\\/uploads\\\/2017\\\/04\\\/logowp.jpg\",\"contentUrl\":\"https:\\\/\\\/www.romaoggi.eu\\\/wp-content\\\/uploads\\\/2017\\\/04\\\/logowp.jpg\",\"width\":300,\"height\":133,\"caption\":\"RomaOggi\"},\"image\":{\"@id\":\"https:\\\/\\\/www.romaoggi.eu\\\/#\\\/schema\\\/logo\\\/image\\\/\"},\"sameAs\":[\"https:\\\/\\\/www.facebook.com\\\/RomaOggi-841544845954114\",\"https:\\\/\\\/x.com\\\/romaoggi_eu\"]},{\"@type\":\"Person\",\"@id\":\"https:\\\/\\\/www.romaoggi.eu\\\/#\\\/schema\\\/person\\\/72b8cfc6de60caeb335267c8e21d90fb\",\"name\":\"Target Lab Ets\",\"image\":{\"@type\":\"ImageObject\",\"inLanguage\":\"it-IT\",\"@id\":\"https:\\\/\\\/secure.gravatar.com\\\/avatar\\\/ab64fd266889a629b0e9e6ab56209e379c2a89cfda303941ee9621d4090292d1?s=96&d=mm&r=g\",\"url\":\"https:\\\/\\\/secure.gravatar.com\\\/avatar\\\/ab64fd266889a629b0e9e6ab56209e379c2a89cfda303941ee9621d4090292d1?s=96&d=mm&r=g\",\"contentUrl\":\"https:\\\/\\\/secure.gravatar.com\\\/avatar\\\/ab64fd266889a629b0e9e6ab56209e379c2a89cfda303941ee9621d4090292d1?s=96&d=mm&r=g\",\"caption\":\"Target Lab Ets\"},\"sameAs\":[\"http:\\\/\\\/www.targetlab.org\"],\"url\":\"https:\\\/\\\/www.romaoggi.eu\\\/index.php\\\/author\\\/isfc\\\/\"}]}<\/script>\n<!-- \/ Yoast SEO plugin. -->","yoast_head_json":{"title":"Giornalismo, Premio Mario Sarzanini 1a edizione ...servizio di Claudio Polvanesi \u2013 Target Lab Ets","description":"sostieni con una donazione il progetto fotografico di Target Lab Ets 371 4413442.\u00a0 https:\/\/sostieni.link\/28814 Giornalismo, I\u00b0 Premio 'Mario Sarzanini'","robots":{"index":"index","follow":"follow","max-snippet":"max-snippet:-1","max-image-preview":"max-image-preview:large","max-video-preview":"max-video-preview:-1"},"canonical":"https:\/\/www.romaoggi.eu\/index.php\/2022\/03\/19\/giornalismo-premio-mario-sarzanini-1a-edizione-servizio-di-claudio-polvanesi-target-lab-ets\/","og_locale":"it_IT","og_type":"article","og_title":"Giornalismo, Premio Mario Sarzanini 1a edizione ...servizio di Claudio Polvanesi \u2013 Target Lab Ets","og_description":"sostieni con una donazione il progetto fotografico di Target Lab Ets 371 4413442.\u00a0 https:\/\/sostieni.link\/28814 Giornalismo, I\u00b0 Premio 'Mario Sarzanini'","og_url":"https:\/\/www.romaoggi.eu\/index.php\/2022\/03\/19\/giornalismo-premio-mario-sarzanini-1a-edizione-servizio-di-claudio-polvanesi-target-lab-ets\/","og_site_name":"roma oggi","article_publisher":"https:\/\/www.facebook.com\/RomaOggi-841544845954114","article_published_time":"2022-03-19T13:20:57+00:00","og_image":[{"width":2560,"height":1707,"url":"https:\/\/www.romaoggi.eu\/wp-content\/uploads\/2022\/03\/FC2_6037-Alessia-Marani-viene-premiata-da-Fiorenza-Sarzanini-\u00a9-Claudio-Polvanesi-Target-Lab-Ets-scaled.jpg","type":"image\/jpeg"}],"author":"Target Lab Ets","twitter_card":"summary_large_image","twitter_creator":"@romaoggi_eu","twitter_site":"@romaoggi_eu","twitter_misc":{"Scritto da":"Target Lab Ets","Tempo di lettura stimato":"7 minuti"},"schema":{"@context":"https:\/\/schema.org","@graph":[{"@type":"Article","@id":"https:\/\/www.romaoggi.eu\/index.php\/2022\/03\/19\/giornalismo-premio-mario-sarzanini-1a-edizione-servizio-di-claudio-polvanesi-target-lab-ets\/#article","isPartOf":{"@id":"https:\/\/www.romaoggi.eu\/index.php\/2022\/03\/19\/giornalismo-premio-mario-sarzanini-1a-edizione-servizio-di-claudio-polvanesi-target-lab-ets\/"},"author":{"name":"Target Lab Ets","@id":"https:\/\/www.romaoggi.eu\/#\/schema\/person\/72b8cfc6de60caeb335267c8e21d90fb"},"headline":"Giornalismo, Premio Mario Sarzanini 1a edizione &#8230;servizio di Claudio Polvanesi \u2013 Target Lab Ets","datePublished":"2022-03-19T13:20:57+00:00","mainEntityOfPage":{"@id":"https:\/\/www.romaoggi.eu\/index.php\/2022\/03\/19\/giornalismo-premio-mario-sarzanini-1a-edizione-servizio-di-claudio-polvanesi-target-lab-ets\/"},"wordCount":603,"publisher":{"@id":"https:\/\/www.romaoggi.eu\/#organization"},"image":{"@id":"https:\/\/www.romaoggi.eu\/index.php\/2022\/03\/19\/giornalismo-premio-mario-sarzanini-1a-edizione-servizio-di-claudio-polvanesi-target-lab-ets\/#primaryimage"},"thumbnailUrl":"https:\/\/www.romaoggi.eu\/wp-content\/uploads\/2022\/03\/FC2_6037-Alessia-Marani-viene-premiata-da-Fiorenza-Sarzanini-\u00a9-Claudio-Polvanesi-Target-Lab-Ets-scaled.jpg","keywords":["alessio acomanni","andrea balzanetti","andrea pucci","claudio sebastiani","emanuele lanfranchi","emma d'aquino","gaia martinetti","guido d'ubaldo","luigi contu","marco incagnola alessia marani","mariio sarzanini","massimo martinelli","premio sarzanini","unimarconi","valerio cataldi"],"articleSection":["attualit\u00e0"],"inLanguage":"it-IT"},{"@type":"WebPage","@id":"https:\/\/www.romaoggi.eu\/index.php\/2022\/03\/19\/giornalismo-premio-mario-sarzanini-1a-edizione-servizio-di-claudio-polvanesi-target-lab-ets\/","url":"https:\/\/www.romaoggi.eu\/index.php\/2022\/03\/19\/giornalismo-premio-mario-sarzanini-1a-edizione-servizio-di-claudio-polvanesi-target-lab-ets\/","name":"Giornalismo, Premio Mario Sarzanini 1a edizione ...servizio di Claudio Polvanesi \u2013 Target Lab Ets","isPartOf":{"@id":"https:\/\/www.romaoggi.eu\/#website"},"primaryImageOfPage":{"@id":"https:\/\/www.romaoggi.eu\/index.php\/2022\/03\/19\/giornalismo-premio-mario-sarzanini-1a-edizione-servizio-di-claudio-polvanesi-target-lab-ets\/#primaryimage"},"image":{"@id":"https:\/\/www.romaoggi.eu\/index.php\/2022\/03\/19\/giornalismo-premio-mario-sarzanini-1a-edizione-servizio-di-claudio-polvanesi-target-lab-ets\/#primaryimage"},"thumbnailUrl":"https:\/\/www.romaoggi.eu\/wp-content\/uploads\/2022\/03\/FC2_6037-Alessia-Marani-viene-premiata-da-Fiorenza-Sarzanini-\u00a9-Claudio-Polvanesi-Target-Lab-Ets-scaled.jpg","datePublished":"2022-03-19T13:20:57+00:00","description":"sostieni con una donazione il progetto fotografico di Target Lab Ets 371 4413442.\u00a0 https:\/\/sostieni.link\/28814 Giornalismo, I\u00b0 Premio 'Mario Sarzanini'","breadcrumb":{"@id":"https:\/\/www.romaoggi.eu\/index.php\/2022\/03\/19\/giornalismo-premio-mario-sarzanini-1a-edizione-servizio-di-claudio-polvanesi-target-lab-ets\/#breadcrumb"},"inLanguage":"it-IT","potentialAction":[{"@type":"ReadAction","target":["https:\/\/www.romaoggi.eu\/index.php\/2022\/03\/19\/giornalismo-premio-mario-sarzanini-1a-edizione-servizio-di-claudio-polvanesi-target-lab-ets\/"]}]},{"@type":"ImageObject","inLanguage":"it-IT","@id":"https:\/\/www.romaoggi.eu\/index.php\/2022\/03\/19\/giornalismo-premio-mario-sarzanini-1a-edizione-servizio-di-claudio-polvanesi-target-lab-ets\/#primaryimage","url":"https:\/\/www.romaoggi.eu\/wp-content\/uploads\/2022\/03\/FC2_6037-Alessia-Marani-viene-premiata-da-Fiorenza-Sarzanini-\u00a9-Claudio-Polvanesi-Target-Lab-Ets-scaled.jpg","contentUrl":"https:\/\/www.romaoggi.eu\/wp-content\/uploads\/2022\/03\/FC2_6037-Alessia-Marani-viene-premiata-da-Fiorenza-Sarzanini-\u00a9-Claudio-Polvanesi-Target-Lab-Ets-scaled.jpg","width":2560,"height":1707,"caption":"Alessia Marani viene premiata da Fiorenza Sarzanini \u00a9 Claudio Polvanesi Target Lab Ets"},{"@type":"BreadcrumbList","@id":"https:\/\/www.romaoggi.eu\/index.php\/2022\/03\/19\/giornalismo-premio-mario-sarzanini-1a-edizione-servizio-di-claudio-polvanesi-target-lab-ets\/#breadcrumb","itemListElement":[{"@type":"ListItem","position":1,"name":"Home","item":"https:\/\/www.romaoggi.eu\/"},{"@type":"ListItem","position":2,"name":"Giornalismo, Premio Mario Sarzanini 1a edizione &#8230;servizio di Claudio Polvanesi \u2013 Target Lab Ets"}]},{"@type":"WebSite","@id":"https:\/\/www.romaoggi.eu\/#website","url":"https:\/\/www.romaoggi.eu\/","name":"roma oggi","description":"Interesting News for Interesting people","publisher":{"@id":"https:\/\/www.romaoggi.eu\/#organization"},"potentialAction":[{"@type":"SearchAction","target":{"@type":"EntryPoint","urlTemplate":"https:\/\/www.romaoggi.eu\/?s={search_term_string}"},"query-input":{"@type":"PropertyValueSpecification","valueRequired":true,"valueName":"search_term_string"}}],"inLanguage":"it-IT"},{"@type":"Organization","@id":"https:\/\/www.romaoggi.eu\/#organization","name":"RomaOggi","url":"https:\/\/www.romaoggi.eu\/","logo":{"@type":"ImageObject","inLanguage":"it-IT","@id":"https:\/\/www.romaoggi.eu\/#\/schema\/logo\/image\/","url":"https:\/\/www.romaoggi.eu\/wp-content\/uploads\/2017\/04\/logowp.jpg","contentUrl":"https:\/\/www.romaoggi.eu\/wp-content\/uploads\/2017\/04\/logowp.jpg","width":300,"height":133,"caption":"RomaOggi"},"image":{"@id":"https:\/\/www.romaoggi.eu\/#\/schema\/logo\/image\/"},"sameAs":["https:\/\/www.facebook.com\/RomaOggi-841544845954114","https:\/\/x.com\/romaoggi_eu"]},{"@type":"Person","@id":"https:\/\/www.romaoggi.eu\/#\/schema\/person\/72b8cfc6de60caeb335267c8e21d90fb","name":"Target Lab Ets","image":{"@type":"ImageObject","inLanguage":"it-IT","@id":"https:\/\/secure.gravatar.com\/avatar\/ab64fd266889a629b0e9e6ab56209e379c2a89cfda303941ee9621d4090292d1?s=96&d=mm&r=g","url":"https:\/\/secure.gravatar.com\/avatar\/ab64fd266889a629b0e9e6ab56209e379c2a89cfda303941ee9621d4090292d1?s=96&d=mm&r=g","contentUrl":"https:\/\/secure.gravatar.com\/avatar\/ab64fd266889a629b0e9e6ab56209e379c2a89cfda303941ee9621d4090292d1?s=96&d=mm&r=g","caption":"Target Lab Ets"},"sameAs":["http:\/\/www.targetlab.org"],"url":"https:\/\/www.romaoggi.eu\/index.php\/author\/isfc\/"}]}},"_links":{"self":[{"href":"https:\/\/www.romaoggi.eu\/index.php\/wp-json\/wp\/v2\/posts\/31890","targetHints":{"allow":["GET"]}}],"collection":[{"href":"https:\/\/www.romaoggi.eu\/index.php\/wp-json\/wp\/v2\/posts"}],"about":[{"href":"https:\/\/www.romaoggi.eu\/index.php\/wp-json\/wp\/v2\/types\/post"}],"author":[{"embeddable":true,"href":"https:\/\/www.romaoggi.eu\/index.php\/wp-json\/wp\/v2\/users\/17"}],"replies":[{"embeddable":true,"href":"https:\/\/www.romaoggi.eu\/index.php\/wp-json\/wp\/v2\/comments?post=31890"}],"version-history":[{"count":6,"href":"https:\/\/www.romaoggi.eu\/index.php\/wp-json\/wp\/v2\/posts\/31890\/revisions"}],"predecessor-version":[{"id":31931,"href":"https:\/\/www.romaoggi.eu\/index.php\/wp-json\/wp\/v2\/posts\/31890\/revisions\/31931"}],"wp:featuredmedia":[{"embeddable":true,"href":"https:\/\/www.romaoggi.eu\/index.php\/wp-json\/wp\/v2\/media\/31929"}],"wp:attachment":[{"href":"https:\/\/www.romaoggi.eu\/index.php\/wp-json\/wp\/v2\/media?parent=31890"}],"wp:term":[{"taxonomy":"category","embeddable":true,"href":"https:\/\/www.romaoggi.eu\/index.php\/wp-json\/wp\/v2\/categories?post=31890"},{"taxonomy":"post_tag","embeddable":true,"href":"https:\/\/www.romaoggi.eu\/index.php\/wp-json\/wp\/v2\/tags?post=31890"}],"curies":[{"name":"wp","href":"https:\/\/api.w.org\/{rel}","templated":true}]}}