{"id":31937,"date":"2022-03-20T21:12:01","date_gmt":"2022-03-20T20:12:01","guid":{"rendered":"https:\/\/www.romaoggi.eu\/?p=31937"},"modified":"2022-03-20T21:18:55","modified_gmt":"2022-03-20T20:18:55","slug":"venti-anni-di-newroz-a-roma","status":"publish","type":"post","link":"https:\/\/www.romaoggi.eu\/index.php\/2022\/03\/20\/venti-anni-di-newroz-a-roma\/","title":{"rendered":"Venti anni di Newroz a Roma al centro Ararat &#8230;servizio di Massimo Scafati e Valentina Antonucci &#8211; Target Lab Ets"},"content":{"rendered":"<p><span style=\"color: #252525\">\u201c<span style=\"font-family: Times New Roman, serif\"><span style=\"font-size: medium\"><strong>Newroz<\/strong> \u00e8 il fuoco che si accende all&#8217;inizio del nuovo anno. A Roma si \u00e8 acceso all&#8217;Ararat in una notte di festa, di musica e di memorie del popolo curdo. In questi uomini e donne che ballano finch\u00e9 il grande fuoco non si spegne si legge una speranza instancabile, un&#8217;energia che si rinnova nel ritrovarsi tutti insieme, ancora una volta.\u201d\u00a0 <\/span><\/span><\/span><b style=\"font-family: 'Times New Roman', serif;color: #252525\">\u00a9 Valentina Antonucci \u2013 Target Lab Ets<\/b><\/p>\n<figure id=\"attachment_31956\" aria-describedby=\"caption-attachment-31956\" style=\"width: 905px\" class=\"wp-caption alignnone\"><img loading=\"lazy\" decoding=\"async\" class=\" wp-image-31956\" src=\"https:\/\/www.romaoggi.eu\/wp-content\/uploads\/2022\/03\/Photo015-Newroz-Ararat-19-Marzo-2022-\u00a9-Massimo-Scafati--300x200.jpg\" alt=\"alt tag Newroz 2022\" width=\"905\" height=\"603\" srcset=\"https:\/\/www.romaoggi.eu\/wp-content\/uploads\/2022\/03\/Photo015-Newroz-Ararat-19-Marzo-2022-\u00a9-Massimo-Scafati--300x200.jpg 300w, https:\/\/www.romaoggi.eu\/wp-content\/uploads\/2022\/03\/Photo015-Newroz-Ararat-19-Marzo-2022-\u00a9-Massimo-Scafati-.jpg 1020w\" sizes=\"auto, (max-width: 905px) 100vw, 905px\" \/><figcaption id=\"caption-attachment-31956\" class=\"wp-caption-text\">Newroz Centro Ararat 19 Marzo 2022 \u00a9 Massimo Scafati &#8211; Target Lab Ets<\/figcaption><\/figure>\n<p><span style=\"font-family: Times New Roman, serif\"><b>NEWROZ \u2013 2022 <\/b><\/span><\/p>\n<p><span style=\"font-family: Times New Roman, serif\"><b>di Massimo Scafati &#8211; Target Lab Ets\u00a0<\/b><\/span><\/p>\n<p align=\"JUSTIFY\"><span style=\"color: #000000\"><span style=\"font-family: Times New Roman, serif\"><span style=\"font-size: medium\">Il 19 Marzo 2022 la comunit\u00e0 curda si \u00e8 riunita a Roma per festeggiare il Newroz, ospite del centro socio-culturale Ararat presso la citt\u00e0 dell\u2019altra economia nel complesso ex-Mattatoio di Testaccio. <\/span><\/span><\/span><\/p>\n<p align=\"JUSTIFY\"><span style=\"color: #000000\"><span style=\"font-family: Times New Roman, serif\"><span style=\"font-size: medium\">Il Newroz, ossia il capodanno Curdo, \u00e8 una ricorrenza tradizionale che ha origine antichissime nella cultura tradizionale persiana; si parla addirittura di una festa sacra zoroastriana vecchia di 15.000 anni.<\/span><\/span><\/span><\/p>\n<p align=\"JUSTIFY\"><span style=\"color: #000000\"><span style=\"font-family: Times New Roman, serif\"><span style=\"font-size: medium\">La prima cosa che colpisce, da ospite \u00e8 la straordinaria variet\u00e0 di colori degli abiti tradizionali indossati soprattutto da donne e bambini, i suoni, l\u2019allegria e la semplicit\u00e0 delle danze che ricordano moltissimo alcune feste patronali del nostro meridione. Si susseguono gli spettacoli per i bambini, la musica e ovviamente le degustazioni del cibo tradizionale preparato senza sosta dagli instancabili organizzatori. Ci sono poi i banchi che offrono oggettistica, libri, pashmine, cibo e pentolame per le ricette tradizionali.<\/span><\/span><\/span><\/p>\n<figure id=\"attachment_31946\" aria-describedby=\"caption-attachment-31946\" style=\"width: 909px\" class=\"wp-caption alignnone\"><img loading=\"lazy\" decoding=\"async\" class=\" wp-image-31946\" src=\"https:\/\/www.romaoggi.eu\/wp-content\/uploads\/2022\/03\/Photo005-Newroz-Ararat-19-Marzo-2022-\u00a9-Massimo-Scafati--300x200.jpg\" alt=\"alt tag Newroz 2022\" width=\"909\" height=\"606\" srcset=\"https:\/\/www.romaoggi.eu\/wp-content\/uploads\/2022\/03\/Photo005-Newroz-Ararat-19-Marzo-2022-\u00a9-Massimo-Scafati--300x200.jpg 300w, https:\/\/www.romaoggi.eu\/wp-content\/uploads\/2022\/03\/Photo005-Newroz-Ararat-19-Marzo-2022-\u00a9-Massimo-Scafati-.jpg 1020w\" sizes=\"auto, (max-width: 909px) 100vw, 909px\" \/><figcaption id=\"caption-attachment-31946\" class=\"wp-caption-text\">Newroz Centro Ararat 19 Marzo 2022 \u00a9 Massimo Scafati &#8211; Target Lab Ets<\/figcaption><\/figure>\n<p align=\"JUSTIFY\"><span style=\"color: #000000\"><span style=\"font-family: Times New Roman, serif\"><span style=\"font-size: medium\">Non mancano ovviamente i riferimenti alla situazione politica delle comunit\u00e0 Curde, da sempre oggetto di persecuzioni da parte del governo Turco che continua ad annoverare il <\/span><\/span><span style=\"font-family: Times New Roman, serif\"><span style=\"font-size: medium\">Partito dei Lavoratori del Kurdistan tra le organizzazioni terroristiche. Nello spazio della festa campeggiano ovunque le immagini del suo fondatore Abdullah \u00d6calan in carcere per reati politici dal 1999. <\/span><\/span><\/span><\/p>\n<p align=\"JUSTIFY\"><span style=\"color: #000000\"><span style=\"font-family: Times New Roman, serif\"><span style=\"font-size: medium\">Ricordo perfettamente la vicenda che vide il l\u2019Italia coinvolta nella vicenda legata alla richiesta di asilo politico di \u00d6calan dopo la fuga a Roma del leader Curdo. Nell\u2019occasione il governo D\u2019Alema rifiut\u00f2 l\u2019asilo politico e accolse la richiesta di estradizione per non creare un incidente diplomatico con la Turchia ottenendo in cambio solo la promessa di non applicare la pena di morte.<\/span><\/span><\/span><\/p>\n<p align=\"JUSTIFY\"><span style=\"color: #000000\"><span style=\"font-family: Times New Roman, serif\"><span style=\"font-size: medium\">Raccontai qualche dettaglio di questa storia a mio figlio visto che ai tempi ne avevano parlato a scuola con gli insegnanti \u2013 Oggi mio figlio ha quasi 34 anni ma Abdullah \u00d6calan \u00e8 ancora in carcere accusato di terrorismo pur non avendo alcun capo di imputazione specifico per attivit\u00e0 criminose. I combattenti Curdi e soprattutto le donne hanno contribuito nel 2019 alla lotta contro il terrorismo dell\u2019ISIS nella Siria del Nord-Est ma anche questo non \u00e8 valso ad ottenere un diverso atteggiamento da parte dei governi occidentali impegnati nel conflitto.<\/span><\/span><\/span><\/p>\n<p align=\"JUSTIFY\"><span style=\"color: #000000\"><span style=\"font-family: Times New Roman, serif\"><span style=\"font-size: medium\">I festeggiamenti del <\/span><\/span><span style=\"font-family: Times New Roman, serif\"><span style=\"font-size: medium\">Newroz continueranno con varie iniziative culturali fino al 21 Marzo con l\u2019augurio di poter vedere in futuro un riconoscimento concreto da parte delle organizzazioni internazionali.<\/span><\/span><\/span><\/p>\n<p align=\"JUSTIFY\"><span style=\"color: #000000\"><b><span style=\"font-family: Times New Roman, serif\"><span style=\"font-size: medium\">\u00a9 Massimo Scafati \u2013 Target Lab Ets<\/span><\/span><\/b><\/span><\/p>\n<figure id=\"attachment_31952\" aria-describedby=\"caption-attachment-31952\" style=\"width: 890px\" class=\"wp-caption alignnone\"><img loading=\"lazy\" decoding=\"async\" class=\" wp-image-31952\" src=\"https:\/\/www.romaoggi.eu\/wp-content\/uploads\/2022\/03\/Photo011-Newroz-Ararat-19-Marzo-2022-\u00a9-Massimo-Scafati--300x200.jpg\" alt=\"alt tag Newroz 2022\" width=\"890\" height=\"593\" srcset=\"https:\/\/www.romaoggi.eu\/wp-content\/uploads\/2022\/03\/Photo011-Newroz-Ararat-19-Marzo-2022-\u00a9-Massimo-Scafati--300x200.jpg 300w, https:\/\/www.romaoggi.eu\/wp-content\/uploads\/2022\/03\/Photo011-Newroz-Ararat-19-Marzo-2022-\u00a9-Massimo-Scafati-.jpg 1021w\" sizes=\"auto, (max-width: 890px) 100vw, 890px\" \/><figcaption id=\"caption-attachment-31952\" class=\"wp-caption-text\">Newroz Centro Ararat 19 Marzo 2022 \u00a9 Massimo Scafati &#8211; Target Lab Ets<\/figcaption><\/figure>\n<figure id=\"attachment_31942\" aria-describedby=\"caption-attachment-31942\" style=\"width: 921px\" class=\"wp-caption alignnone\"><img loading=\"lazy\" decoding=\"async\" class=\" wp-image-31942\" src=\"https:\/\/www.romaoggi.eu\/wp-content\/uploads\/2022\/03\/Photo001-Newroz-Ararat-19-Marzo-2022-\u00a9-Massimo-Scafati--300x200.jpg\" alt=\"alt tag Newroz 2022\" width=\"921\" height=\"614\" srcset=\"https:\/\/www.romaoggi.eu\/wp-content\/uploads\/2022\/03\/Photo001-Newroz-Ararat-19-Marzo-2022-\u00a9-Massimo-Scafati--300x200.jpg 300w, https:\/\/www.romaoggi.eu\/wp-content\/uploads\/2022\/03\/Photo001-Newroz-Ararat-19-Marzo-2022-\u00a9-Massimo-Scafati-.jpg 1020w\" sizes=\"auto, (max-width: 921px) 100vw, 921px\" \/><figcaption id=\"caption-attachment-31942\" class=\"wp-caption-text\">Newroz Centro Ararat 19 Marzo 2022 \u00a9 Massimo Scafati &#8211; Target Lab Ets<\/figcaption><\/figure>\n<figure id=\"attachment_31939\" aria-describedby=\"caption-attachment-31939\" style=\"width: 998px\" class=\"wp-caption alignnone\"><img loading=\"lazy\" decoding=\"async\" class=\" wp-image-31939\" src=\"https:\/\/www.romaoggi.eu\/wp-content\/uploads\/2022\/03\/MG_0652-si\u0300-Valentina-Antonucci-300x200.jpg\" alt=\"alt tag Newroz 2022\" width=\"998\" height=\"665\" srcset=\"https:\/\/www.romaoggi.eu\/wp-content\/uploads\/2022\/03\/MG_0652-si\u0300-Valentina-Antonucci-300x200.jpg 300w, https:\/\/www.romaoggi.eu\/wp-content\/uploads\/2022\/03\/MG_0652-si\u0300-Valentina-Antonucci-1024x683.jpg 1024w, https:\/\/www.romaoggi.eu\/wp-content\/uploads\/2022\/03\/MG_0652-si\u0300-Valentina-Antonucci-1536x1024.jpg 1536w, https:\/\/www.romaoggi.eu\/wp-content\/uploads\/2022\/03\/MG_0652-si\u0300-Valentina-Antonucci-2048x1365.jpg 2048w\" sizes=\"auto, (max-width: 998px) 100vw, 998px\" \/><figcaption id=\"caption-attachment-31939\" class=\"wp-caption-text\">Newroz Centro Ararat 19 Marzo 2022 \u00a9 Valentina Antonucci &#8211; Target Lab Ets<\/figcaption><\/figure>\n<figure id=\"attachment_31951\" aria-describedby=\"caption-attachment-31951\" style=\"width: 903px\" class=\"wp-caption alignnone\"><img loading=\"lazy\" decoding=\"async\" class=\" wp-image-31951\" src=\"https:\/\/www.romaoggi.eu\/wp-content\/uploads\/2022\/03\/Photo010-Newroz-Ararat-19-Marzo-2022-\u00a9-Massimo-Scafati--300x200.jpg\" alt=\"alt tag Newroz 2022\" width=\"903\" height=\"602\" srcset=\"https:\/\/www.romaoggi.eu\/wp-content\/uploads\/2022\/03\/Photo010-Newroz-Ararat-19-Marzo-2022-\u00a9-Massimo-Scafati--300x200.jpg 300w, https:\/\/www.romaoggi.eu\/wp-content\/uploads\/2022\/03\/Photo010-Newroz-Ararat-19-Marzo-2022-\u00a9-Massimo-Scafati-.jpg 1020w\" sizes=\"auto, (max-width: 903px) 100vw, 903px\" \/><figcaption id=\"caption-attachment-31951\" class=\"wp-caption-text\">Newroz Centro Ararat 19 Marzo 2022 \u00a9 Massimo Scafati &#8211; Target Lab Ets<\/figcaption><\/figure>\n<figure id=\"attachment_31945\" aria-describedby=\"caption-attachment-31945\" style=\"width: 917px\" class=\"wp-caption alignnone\"><img loading=\"lazy\" decoding=\"async\" class=\" wp-image-31945\" src=\"https:\/\/www.romaoggi.eu\/wp-content\/uploads\/2022\/03\/Photo004-Newroz-Ararat-19-Marzo-2022-\u00a9-Massimo-Scafati--300x200.jpg\" alt=\"alt tag Newroz 2022\" width=\"917\" height=\"611\" srcset=\"https:\/\/www.romaoggi.eu\/wp-content\/uploads\/2022\/03\/Photo004-Newroz-Ararat-19-Marzo-2022-\u00a9-Massimo-Scafati--300x200.jpg 300w, https:\/\/www.romaoggi.eu\/wp-content\/uploads\/2022\/03\/Photo004-Newroz-Ararat-19-Marzo-2022-\u00a9-Massimo-Scafati-.jpg 1021w\" sizes=\"auto, (max-width: 917px) 100vw, 917px\" \/><figcaption id=\"caption-attachment-31945\" class=\"wp-caption-text\">Newroz Centro Ararat 19 Marzo 2022 \u00a9 Massimo Scafati &#8211; Target Lab Ets<\/figcaption><\/figure>\n<figure id=\"attachment_31944\" aria-describedby=\"caption-attachment-31944\" style=\"width: 905px\" class=\"wp-caption alignnone\"><img loading=\"lazy\" decoding=\"async\" class=\" wp-image-31944\" src=\"https:\/\/www.romaoggi.eu\/wp-content\/uploads\/2022\/03\/Photo003-Newroz-Ararat-19-Marzo-2022-\u00a9-Massimo-Scafati--300x200.jpg\" alt=\"alt tag Newroz 2022\" width=\"905\" height=\"603\" srcset=\"https:\/\/www.romaoggi.eu\/wp-content\/uploads\/2022\/03\/Photo003-Newroz-Ararat-19-Marzo-2022-\u00a9-Massimo-Scafati--300x200.jpg 300w, https:\/\/www.romaoggi.eu\/wp-content\/uploads\/2022\/03\/Photo003-Newroz-Ararat-19-Marzo-2022-\u00a9-Massimo-Scafati-.jpg 1020w\" sizes=\"auto, (max-width: 905px) 100vw, 905px\" \/><figcaption id=\"caption-attachment-31944\" class=\"wp-caption-text\">Newroz Centro Ararat 19 Marzo 2022 \u00a9 Massimo Scafati &#8211; Target Lab Ets<\/figcaption><\/figure>\n<figure id=\"attachment_31949\" aria-describedby=\"caption-attachment-31949\" style=\"width: 909px\" class=\"wp-caption alignnone\"><img loading=\"lazy\" decoding=\"async\" class=\" wp-image-31949\" src=\"https:\/\/www.romaoggi.eu\/wp-content\/uploads\/2022\/03\/Photo008-Newroz-Ararat-19-Marzo-2022-\u00a9-Massimo-Scafati--300x200.jpg\" alt=\"alt tag Newroz 2022\" width=\"909\" height=\"606\" srcset=\"https:\/\/www.romaoggi.eu\/wp-content\/uploads\/2022\/03\/Photo008-Newroz-Ararat-19-Marzo-2022-\u00a9-Massimo-Scafati--300x200.jpg 300w, https:\/\/www.romaoggi.eu\/wp-content\/uploads\/2022\/03\/Photo008-Newroz-Ararat-19-Marzo-2022-\u00a9-Massimo-Scafati-.jpg 1020w\" sizes=\"auto, (max-width: 909px) 100vw, 909px\" \/><figcaption id=\"caption-attachment-31949\" class=\"wp-caption-text\">Newroz Centro Ararat 19 Marzo 2022 \u00a9 Massimo Scafati &#8211; Target Lab Ets<\/figcaption><\/figure>\n<figure id=\"attachment_31955\" aria-describedby=\"caption-attachment-31955\" style=\"width: 899px\" class=\"wp-caption alignnone\"><img loading=\"lazy\" decoding=\"async\" class=\" wp-image-31955\" src=\"https:\/\/www.romaoggi.eu\/wp-content\/uploads\/2022\/03\/Photo014-Newroz-Ararat-19-Marzo-2022-\u00a9-Massimo-Scafati--300x200.jpg\" alt=\"alt tag Newroz 2022\" width=\"899\" height=\"599\" srcset=\"https:\/\/www.romaoggi.eu\/wp-content\/uploads\/2022\/03\/Photo014-Newroz-Ararat-19-Marzo-2022-\u00a9-Massimo-Scafati--300x200.jpg 300w, https:\/\/www.romaoggi.eu\/wp-content\/uploads\/2022\/03\/Photo014-Newroz-Ararat-19-Marzo-2022-\u00a9-Massimo-Scafati-.jpg 1020w\" sizes=\"auto, (max-width: 899px) 100vw, 899px\" \/><figcaption id=\"caption-attachment-31955\" class=\"wp-caption-text\">Newroz Centro Ararat 19 Marzo 2022 \u00a9 Massimo Scafati &#8211; Target Lab Ets<\/figcaption><\/figure>\n<figure id=\"attachment_31953\" aria-describedby=\"caption-attachment-31953\" style=\"width: 905px\" class=\"wp-caption alignnone\"><img loading=\"lazy\" decoding=\"async\" class=\" wp-image-31953\" src=\"https:\/\/www.romaoggi.eu\/wp-content\/uploads\/2022\/03\/Photo012-Newroz-Ararat-19-Marzo-2022-\u00a9-Massimo-Scafati--300x200.jpg\" alt=\"alt tag Newroz 2022\" width=\"905\" height=\"603\" srcset=\"https:\/\/www.romaoggi.eu\/wp-content\/uploads\/2022\/03\/Photo012-Newroz-Ararat-19-Marzo-2022-\u00a9-Massimo-Scafati--300x200.jpg 300w, https:\/\/www.romaoggi.eu\/wp-content\/uploads\/2022\/03\/Photo012-Newroz-Ararat-19-Marzo-2022-\u00a9-Massimo-Scafati-.jpg 1020w\" sizes=\"auto, (max-width: 905px) 100vw, 905px\" \/><figcaption id=\"caption-attachment-31953\" class=\"wp-caption-text\">Newroz Centro Ararat 19 Marzo 2022 \u00a9 Massimo Scafati &#8211; Target Lab Ets<\/figcaption><\/figure>\n<figure id=\"attachment_31950\" aria-describedby=\"caption-attachment-31950\" style=\"width: 903px\" class=\"wp-caption alignnone\"><img loading=\"lazy\" decoding=\"async\" class=\" wp-image-31950\" src=\"https:\/\/www.romaoggi.eu\/wp-content\/uploads\/2022\/03\/Photo009-Newroz-Ararat-19-Marzo-2022-\u00a9-Massimo-Scafati--300x200.jpg\" alt=\"alt tag Newroz 2022\" width=\"903\" height=\"602\" srcset=\"https:\/\/www.romaoggi.eu\/wp-content\/uploads\/2022\/03\/Photo009-Newroz-Ararat-19-Marzo-2022-\u00a9-Massimo-Scafati--300x200.jpg 300w, https:\/\/www.romaoggi.eu\/wp-content\/uploads\/2022\/03\/Photo009-Newroz-Ararat-19-Marzo-2022-\u00a9-Massimo-Scafati-.jpg 1020w\" sizes=\"auto, (max-width: 903px) 100vw, 903px\" \/><figcaption id=\"caption-attachment-31950\" class=\"wp-caption-text\">Newroz Centro Ararat 19 Marzo 2022 \u00a9 Massimo Scafati &#8211; Target Lab Ets<\/figcaption><\/figure>\n<figure id=\"attachment_31947\" aria-describedby=\"caption-attachment-31947\" style=\"width: 926px\" class=\"wp-caption alignnone\"><img loading=\"lazy\" decoding=\"async\" class=\" wp-image-31947\" src=\"https:\/\/www.romaoggi.eu\/wp-content\/uploads\/2022\/03\/Photo006-Newroz-Ararat-19-Marzo-2022-\u00a9-Massimo-Scafati--300x200.jpg\" alt=\"alt tag Newroz 2022\" width=\"926\" height=\"617\" srcset=\"https:\/\/www.romaoggi.eu\/wp-content\/uploads\/2022\/03\/Photo006-Newroz-Ararat-19-Marzo-2022-\u00a9-Massimo-Scafati--300x200.jpg 300w, https:\/\/www.romaoggi.eu\/wp-content\/uploads\/2022\/03\/Photo006-Newroz-Ararat-19-Marzo-2022-\u00a9-Massimo-Scafati-.jpg 1021w\" sizes=\"auto, (max-width: 926px) 100vw, 926px\" \/><figcaption id=\"caption-attachment-31947\" class=\"wp-caption-text\">Newroz Centro Ararat 19 Marzo 2022 \u00a9 Massimo Scafati &#8211; Target Lab Ets<\/figcaption><\/figure>\n<figure id=\"attachment_31943\" aria-describedby=\"caption-attachment-31943\" style=\"width: 930px\" class=\"wp-caption alignnone\"><img loading=\"lazy\" decoding=\"async\" class=\" wp-image-31943\" src=\"https:\/\/www.romaoggi.eu\/wp-content\/uploads\/2022\/03\/Photo002-Newroz-Ararat-19-Marzo-2022-\u00a9-Massimo-Scafati--300x200.jpg\" alt=\"alt tag Newroz 2022\" width=\"930\" height=\"620\" srcset=\"https:\/\/www.romaoggi.eu\/wp-content\/uploads\/2022\/03\/Photo002-Newroz-Ararat-19-Marzo-2022-\u00a9-Massimo-Scafati--300x200.jpg 300w, https:\/\/www.romaoggi.eu\/wp-content\/uploads\/2022\/03\/Photo002-Newroz-Ararat-19-Marzo-2022-\u00a9-Massimo-Scafati-.jpg 1019w\" sizes=\"auto, (max-width: 930px) 100vw, 930px\" \/><figcaption id=\"caption-attachment-31943\" class=\"wp-caption-text\">Newroz Centro Ararat 19 Marzo 2022 \u00a9 Massimo Scafati &#8211; Target Lab Ets<\/figcaption><\/figure>\n<figure id=\"attachment_31957\" aria-describedby=\"caption-attachment-31957\" style=\"width: 927px\" class=\"wp-caption alignnone\"><img loading=\"lazy\" decoding=\"async\" class=\" wp-image-31957\" src=\"https:\/\/www.romaoggi.eu\/wp-content\/uploads\/2022\/03\/Photo018-Newroz-Ararat-19-Marzo-2022-\u00a9-Massimo-Scafati--300x200.jpg\" alt=\"alt tag Newroz 2022\" width=\"927\" height=\"618\" srcset=\"https:\/\/www.romaoggi.eu\/wp-content\/uploads\/2022\/03\/Photo018-Newroz-Ararat-19-Marzo-2022-\u00a9-Massimo-Scafati--300x200.jpg 300w, https:\/\/www.romaoggi.eu\/wp-content\/uploads\/2022\/03\/Photo018-Newroz-Ararat-19-Marzo-2022-\u00a9-Massimo-Scafati-.jpg 1020w\" sizes=\"auto, (max-width: 927px) 100vw, 927px\" \/><figcaption id=\"caption-attachment-31957\" class=\"wp-caption-text\">Newroz Centro Ararat 19 Marzo 2022 \u00a9 Massimo Scafati &#8211; Target Lab Ets<\/figcaption><\/figure>\n<figure id=\"attachment_31940\" aria-describedby=\"caption-attachment-31940\" style=\"width: 929px\" class=\"wp-caption alignnone\"><img loading=\"lazy\" decoding=\"async\" class=\" wp-image-31940\" src=\"https:\/\/www.romaoggi.eu\/wp-content\/uploads\/2022\/03\/MG_0893-si\u0300-Valentina-Antonucci--200x300.jpg\" alt=\"alt tag Newroz 2022\" width=\"929\" height=\"1394\" srcset=\"https:\/\/www.romaoggi.eu\/wp-content\/uploads\/2022\/03\/MG_0893-si\u0300-Valentina-Antonucci--200x300.jpg 200w, https:\/\/www.romaoggi.eu\/wp-content\/uploads\/2022\/03\/MG_0893-si\u0300-Valentina-Antonucci--683x1024.jpg 683w, https:\/\/www.romaoggi.eu\/wp-content\/uploads\/2022\/03\/MG_0893-si\u0300-Valentina-Antonucci--1024x1536.jpg 1024w, https:\/\/www.romaoggi.eu\/wp-content\/uploads\/2022\/03\/MG_0893-si\u0300-Valentina-Antonucci--1365x2048.jpg 1365w, https:\/\/www.romaoggi.eu\/wp-content\/uploads\/2022\/03\/MG_0893-si\u0300-Valentina-Antonucci--scaled.jpg 1707w\" sizes=\"auto, (max-width: 929px) 100vw, 929px\" \/><figcaption id=\"caption-attachment-31940\" class=\"wp-caption-text\">Newroz Centro Ararat 19 Marzo 2022 \u00a9 Valentina Antonucci &#8211; Target Lab Ets<\/figcaption><\/figure>\n","protected":false},"excerpt":{"rendered":"<div class=\"mh-excerpt\"><p>\u201cNewroz \u00e8 il fuoco che si accende all&#8217;inizio del nuovo anno. A Roma si \u00e8 acceso all&#8217;Ararat in una notte di festa, di musica e di memorie del popolo curdo. In questi uomini e donne <a class=\"mh-excerpt-more\" href=\"https:\/\/www.romaoggi.eu\/index.php\/2022\/03\/20\/venti-anni-di-newroz-a-roma\/\" title=\"Venti anni di Newroz a Roma al centro Ararat &#8230;servizio di Massimo Scafati e Valentina Antonucci &#8211; Target Lab Ets\">[&#8230;]<\/a><\/p>\n<\/div>","protected":false},"author":17,"featured_media":31941,"comment_status":"closed","ping_status":"open","sticky":false,"template":"","format":"standard","meta":{"_sitemap_exclude":false,"_sitemap_priority":"","_sitemap_frequency":"","footnotes":""},"categories":[522],"tags":[16151,15611,16150,15003,15295,16132,16004,15567,16149],"class_list":["post-31937","post","type-post","status-publish","format-standard","has-post-thumbnail","hentry","category-attualita","tag-abdullah-ocalan","tag-ararat","tag-kurdistan","tag-laboratorio-sperimentale-di-fotografia-e-comunicazione","tag-massimo-scafati","tag-newroz","tag-rete-kurdistan-italia","tag-target-lab-ets","tag-valentina-antonucci"],"yoast_head":"<!-- This site is optimized with the Yoast SEO plugin v27.5 - https:\/\/yoast.com\/product\/yoast-seo-wordpress\/ -->\n<title>Venti anni di Newroz a Roma al centro Ararat ...servizio di Massimo Scafati e Valentina Antonucci - Target Lab Ets<\/title>\n<meta name=\"description\" content=\"\u201cNewroz \u00e8 il fuoco che si accende all&#039;inizio del nuovo anno. A Roma si \u00e8 acceso all&#039;Ararat in una notte di festa, di musica e di memorie del popolo curdo.\" \/>\n<meta name=\"robots\" content=\"index, follow, max-snippet:-1, max-image-preview:large, max-video-preview:-1\" \/>\n<link rel=\"canonical\" href=\"https:\/\/www.romaoggi.eu\/index.php\/2022\/03\/20\/venti-anni-di-newroz-a-roma\/\" \/>\n<meta property=\"og:locale\" content=\"it_IT\" \/>\n<meta property=\"og:type\" content=\"article\" \/>\n<meta property=\"og:title\" content=\"Venti anni di Newroz a Roma al centro Ararat ...servizio di Massimo Scafati e Valentina Antonucci - Target Lab Ets\" \/>\n<meta property=\"og:description\" content=\"\u201cNewroz \u00e8 il fuoco che si accende all&#039;inizio del nuovo anno. A Roma si \u00e8 acceso all&#039;Ararat in una notte di festa, di musica e di memorie del popolo curdo.\" \/>\n<meta property=\"og:url\" content=\"https:\/\/www.romaoggi.eu\/index.php\/2022\/03\/20\/venti-anni-di-newroz-a-roma\/\" \/>\n<meta property=\"og:site_name\" content=\"roma oggi\" \/>\n<meta property=\"article:publisher\" content=\"https:\/\/www.facebook.com\/RomaOggi-841544845954114\" \/>\n<meta property=\"article:published_time\" content=\"2022-03-20T20:12:01+00:00\" \/>\n<meta property=\"article:modified_time\" content=\"2022-03-20T20:18:55+00:00\" \/>\n<meta property=\"og:image\" content=\"https:\/\/www.romaoggi.eu\/wp-content\/uploads\/2022\/03\/MG_0916-si\u0300-Valentina-Antonucci-scaled.jpg\" \/>\n\t<meta property=\"og:image:width\" content=\"2560\" \/>\n\t<meta property=\"og:image:height\" content=\"1991\" \/>\n\t<meta property=\"og:image:type\" content=\"image\/jpeg\" \/>\n<meta name=\"author\" content=\"Target Lab Ets\" \/>\n<meta name=\"twitter:card\" content=\"summary_large_image\" \/>\n<meta name=\"twitter:creator\" content=\"@romaoggi_eu\" \/>\n<meta name=\"twitter:site\" content=\"@romaoggi_eu\" \/>\n<meta name=\"twitter:label1\" content=\"Scritto da\" \/>\n\t<meta name=\"twitter:data1\" content=\"Target Lab Ets\" \/>\n\t<meta name=\"twitter:label2\" content=\"Tempo di lettura stimato\" \/>\n\t<meta name=\"twitter:data2\" content=\"7 minuti\" \/>\n<script type=\"application\/ld+json\" class=\"yoast-schema-graph\">{\"@context\":\"https:\\\/\\\/schema.org\",\"@graph\":[{\"@type\":\"Article\",\"@id\":\"https:\\\/\\\/www.romaoggi.eu\\\/index.php\\\/2022\\\/03\\\/20\\\/venti-anni-di-newroz-a-roma\\\/#article\",\"isPartOf\":{\"@id\":\"https:\\\/\\\/www.romaoggi.eu\\\/index.php\\\/2022\\\/03\\\/20\\\/venti-anni-di-newroz-a-roma\\\/\"},\"author\":{\"name\":\"Target Lab Ets\",\"@id\":\"https:\\\/\\\/www.romaoggi.eu\\\/#\\\/schema\\\/person\\\/72b8cfc6de60caeb335267c8e21d90fb\"},\"headline\":\"Venti anni di Newroz a Roma al centro Ararat &#8230;servizio di Massimo Scafati e Valentina Antonucci &#8211; Target Lab Ets\",\"datePublished\":\"2022-03-20T20:12:01+00:00\",\"dateModified\":\"2022-03-20T20:18:55+00:00\",\"mainEntityOfPage\":{\"@id\":\"https:\\\/\\\/www.romaoggi.eu\\\/index.php\\\/2022\\\/03\\\/20\\\/venti-anni-di-newroz-a-roma\\\/\"},\"wordCount\":740,\"publisher\":{\"@id\":\"https:\\\/\\\/www.romaoggi.eu\\\/#organization\"},\"image\":{\"@id\":\"https:\\\/\\\/www.romaoggi.eu\\\/index.php\\\/2022\\\/03\\\/20\\\/venti-anni-di-newroz-a-roma\\\/#primaryimage\"},\"thumbnailUrl\":\"https:\\\/\\\/www.romaoggi.eu\\\/wp-content\\\/uploads\\\/2022\\\/03\\\/MG_0916-si\u0300-Valentina-Antonucci-scaled.jpg\",\"keywords\":[\"Abdullah \u00d6calan\",\"ararat\",\"Kurdistan\",\"laboratorio sperimentale di fotografia e comunicazione\",\"massimo scafati\",\"newroz\",\"Rete Kurdistan Italia\",\"target lab ets\",\"valentina antonucci\"],\"articleSection\":[\"attualit\u00e0\"],\"inLanguage\":\"it-IT\"},{\"@type\":\"WebPage\",\"@id\":\"https:\\\/\\\/www.romaoggi.eu\\\/index.php\\\/2022\\\/03\\\/20\\\/venti-anni-di-newroz-a-roma\\\/\",\"url\":\"https:\\\/\\\/www.romaoggi.eu\\\/index.php\\\/2022\\\/03\\\/20\\\/venti-anni-di-newroz-a-roma\\\/\",\"name\":\"Venti anni di Newroz a Roma al centro Ararat ...servizio di Massimo Scafati e Valentina Antonucci - Target Lab Ets\",\"isPartOf\":{\"@id\":\"https:\\\/\\\/www.romaoggi.eu\\\/#website\"},\"primaryImageOfPage\":{\"@id\":\"https:\\\/\\\/www.romaoggi.eu\\\/index.php\\\/2022\\\/03\\\/20\\\/venti-anni-di-newroz-a-roma\\\/#primaryimage\"},\"image\":{\"@id\":\"https:\\\/\\\/www.romaoggi.eu\\\/index.php\\\/2022\\\/03\\\/20\\\/venti-anni-di-newroz-a-roma\\\/#primaryimage\"},\"thumbnailUrl\":\"https:\\\/\\\/www.romaoggi.eu\\\/wp-content\\\/uploads\\\/2022\\\/03\\\/MG_0916-si\u0300-Valentina-Antonucci-scaled.jpg\",\"datePublished\":\"2022-03-20T20:12:01+00:00\",\"dateModified\":\"2022-03-20T20:18:55+00:00\",\"description\":\"\u201cNewroz \u00e8 il fuoco che si accende all'inizio del nuovo anno. A Roma si \u00e8 acceso all'Ararat in una notte di festa, di musica e di memorie del popolo curdo.\",\"breadcrumb\":{\"@id\":\"https:\\\/\\\/www.romaoggi.eu\\\/index.php\\\/2022\\\/03\\\/20\\\/venti-anni-di-newroz-a-roma\\\/#breadcrumb\"},\"inLanguage\":\"it-IT\",\"potentialAction\":[{\"@type\":\"ReadAction\",\"target\":[\"https:\\\/\\\/www.romaoggi.eu\\\/index.php\\\/2022\\\/03\\\/20\\\/venti-anni-di-newroz-a-roma\\\/\"]}]},{\"@type\":\"ImageObject\",\"inLanguage\":\"it-IT\",\"@id\":\"https:\\\/\\\/www.romaoggi.eu\\\/index.php\\\/2022\\\/03\\\/20\\\/venti-anni-di-newroz-a-roma\\\/#primaryimage\",\"url\":\"https:\\\/\\\/www.romaoggi.eu\\\/wp-content\\\/uploads\\\/2022\\\/03\\\/MG_0916-si\u0300-Valentina-Antonucci-scaled.jpg\",\"contentUrl\":\"https:\\\/\\\/www.romaoggi.eu\\\/wp-content\\\/uploads\\\/2022\\\/03\\\/MG_0916-si\u0300-Valentina-Antonucci-scaled.jpg\",\"width\":2560,\"height\":1991,\"caption\":\"Newroz Centro Ararat 19 Marzo 2022 \u00a9 Valentina Antonucci - Target Lab Ets\"},{\"@type\":\"BreadcrumbList\",\"@id\":\"https:\\\/\\\/www.romaoggi.eu\\\/index.php\\\/2022\\\/03\\\/20\\\/venti-anni-di-newroz-a-roma\\\/#breadcrumb\",\"itemListElement\":[{\"@type\":\"ListItem\",\"position\":1,\"name\":\"Home\",\"item\":\"https:\\\/\\\/www.romaoggi.eu\\\/\"},{\"@type\":\"ListItem\",\"position\":2,\"name\":\"Venti anni di Newroz a Roma al centro Ararat &#8230;servizio di Massimo Scafati e Valentina Antonucci &#8211; Target Lab Ets\"}]},{\"@type\":\"WebSite\",\"@id\":\"https:\\\/\\\/www.romaoggi.eu\\\/#website\",\"url\":\"https:\\\/\\\/www.romaoggi.eu\\\/\",\"name\":\"roma oggi\",\"description\":\"Interesting News for Interesting people\",\"publisher\":{\"@id\":\"https:\\\/\\\/www.romaoggi.eu\\\/#organization\"},\"potentialAction\":[{\"@type\":\"SearchAction\",\"target\":{\"@type\":\"EntryPoint\",\"urlTemplate\":\"https:\\\/\\\/www.romaoggi.eu\\\/?s={search_term_string}\"},\"query-input\":{\"@type\":\"PropertyValueSpecification\",\"valueRequired\":true,\"valueName\":\"search_term_string\"}}],\"inLanguage\":\"it-IT\"},{\"@type\":\"Organization\",\"@id\":\"https:\\\/\\\/www.romaoggi.eu\\\/#organization\",\"name\":\"RomaOggi\",\"url\":\"https:\\\/\\\/www.romaoggi.eu\\\/\",\"logo\":{\"@type\":\"ImageObject\",\"inLanguage\":\"it-IT\",\"@id\":\"https:\\\/\\\/www.romaoggi.eu\\\/#\\\/schema\\\/logo\\\/image\\\/\",\"url\":\"https:\\\/\\\/www.romaoggi.eu\\\/wp-content\\\/uploads\\\/2017\\\/04\\\/logowp.jpg\",\"contentUrl\":\"https:\\\/\\\/www.romaoggi.eu\\\/wp-content\\\/uploads\\\/2017\\\/04\\\/logowp.jpg\",\"width\":300,\"height\":133,\"caption\":\"RomaOggi\"},\"image\":{\"@id\":\"https:\\\/\\\/www.romaoggi.eu\\\/#\\\/schema\\\/logo\\\/image\\\/\"},\"sameAs\":[\"https:\\\/\\\/www.facebook.com\\\/RomaOggi-841544845954114\",\"https:\\\/\\\/x.com\\\/romaoggi_eu\"]},{\"@type\":\"Person\",\"@id\":\"https:\\\/\\\/www.romaoggi.eu\\\/#\\\/schema\\\/person\\\/72b8cfc6de60caeb335267c8e21d90fb\",\"name\":\"Target Lab Ets\",\"image\":{\"@type\":\"ImageObject\",\"inLanguage\":\"it-IT\",\"@id\":\"https:\\\/\\\/secure.gravatar.com\\\/avatar\\\/ab64fd266889a629b0e9e6ab56209e379c2a89cfda303941ee9621d4090292d1?s=96&d=mm&r=g\",\"url\":\"https:\\\/\\\/secure.gravatar.com\\\/avatar\\\/ab64fd266889a629b0e9e6ab56209e379c2a89cfda303941ee9621d4090292d1?s=96&d=mm&r=g\",\"contentUrl\":\"https:\\\/\\\/secure.gravatar.com\\\/avatar\\\/ab64fd266889a629b0e9e6ab56209e379c2a89cfda303941ee9621d4090292d1?s=96&d=mm&r=g\",\"caption\":\"Target Lab Ets\"},\"sameAs\":[\"http:\\\/\\\/www.targetlab.org\"],\"url\":\"https:\\\/\\\/www.romaoggi.eu\\\/index.php\\\/author\\\/isfc\\\/\"}]}<\/script>\n<!-- \/ Yoast SEO plugin. -->","yoast_head_json":{"title":"Venti anni di Newroz a Roma al centro Ararat ...servizio di Massimo Scafati e Valentina Antonucci - Target Lab Ets","description":"\u201cNewroz \u00e8 il fuoco che si accende all'inizio del nuovo anno. A Roma si \u00e8 acceso all'Ararat in una notte di festa, di musica e di memorie del popolo curdo.","robots":{"index":"index","follow":"follow","max-snippet":"max-snippet:-1","max-image-preview":"max-image-preview:large","max-video-preview":"max-video-preview:-1"},"canonical":"https:\/\/www.romaoggi.eu\/index.php\/2022\/03\/20\/venti-anni-di-newroz-a-roma\/","og_locale":"it_IT","og_type":"article","og_title":"Venti anni di Newroz a Roma al centro Ararat ...servizio di Massimo Scafati e Valentina Antonucci - Target Lab Ets","og_description":"\u201cNewroz \u00e8 il fuoco che si accende all'inizio del nuovo anno. A Roma si \u00e8 acceso all'Ararat in una notte di festa, di musica e di memorie del popolo curdo.","og_url":"https:\/\/www.romaoggi.eu\/index.php\/2022\/03\/20\/venti-anni-di-newroz-a-roma\/","og_site_name":"roma oggi","article_publisher":"https:\/\/www.facebook.com\/RomaOggi-841544845954114","article_published_time":"2022-03-20T20:12:01+00:00","article_modified_time":"2022-03-20T20:18:55+00:00","og_image":[{"width":2560,"height":1991,"url":"https:\/\/www.romaoggi.eu\/wp-content\/uploads\/2022\/03\/MG_0916-si\u0300-Valentina-Antonucci-scaled.jpg","type":"image\/jpeg"}],"author":"Target Lab Ets","twitter_card":"summary_large_image","twitter_creator":"@romaoggi_eu","twitter_site":"@romaoggi_eu","twitter_misc":{"Scritto da":"Target Lab Ets","Tempo di lettura stimato":"7 minuti"},"schema":{"@context":"https:\/\/schema.org","@graph":[{"@type":"Article","@id":"https:\/\/www.romaoggi.eu\/index.php\/2022\/03\/20\/venti-anni-di-newroz-a-roma\/#article","isPartOf":{"@id":"https:\/\/www.romaoggi.eu\/index.php\/2022\/03\/20\/venti-anni-di-newroz-a-roma\/"},"author":{"name":"Target Lab Ets","@id":"https:\/\/www.romaoggi.eu\/#\/schema\/person\/72b8cfc6de60caeb335267c8e21d90fb"},"headline":"Venti anni di Newroz a Roma al centro Ararat &#8230;servizio di Massimo Scafati e Valentina Antonucci &#8211; Target Lab Ets","datePublished":"2022-03-20T20:12:01+00:00","dateModified":"2022-03-20T20:18:55+00:00","mainEntityOfPage":{"@id":"https:\/\/www.romaoggi.eu\/index.php\/2022\/03\/20\/venti-anni-di-newroz-a-roma\/"},"wordCount":740,"publisher":{"@id":"https:\/\/www.romaoggi.eu\/#organization"},"image":{"@id":"https:\/\/www.romaoggi.eu\/index.php\/2022\/03\/20\/venti-anni-di-newroz-a-roma\/#primaryimage"},"thumbnailUrl":"https:\/\/www.romaoggi.eu\/wp-content\/uploads\/2022\/03\/MG_0916-si\u0300-Valentina-Antonucci-scaled.jpg","keywords":["Abdullah \u00d6calan","ararat","Kurdistan","laboratorio sperimentale di fotografia e comunicazione","massimo scafati","newroz","Rete Kurdistan Italia","target lab ets","valentina antonucci"],"articleSection":["attualit\u00e0"],"inLanguage":"it-IT"},{"@type":"WebPage","@id":"https:\/\/www.romaoggi.eu\/index.php\/2022\/03\/20\/venti-anni-di-newroz-a-roma\/","url":"https:\/\/www.romaoggi.eu\/index.php\/2022\/03\/20\/venti-anni-di-newroz-a-roma\/","name":"Venti anni di Newroz a Roma al centro Ararat ...servizio di Massimo Scafati e Valentina Antonucci - Target Lab Ets","isPartOf":{"@id":"https:\/\/www.romaoggi.eu\/#website"},"primaryImageOfPage":{"@id":"https:\/\/www.romaoggi.eu\/index.php\/2022\/03\/20\/venti-anni-di-newroz-a-roma\/#primaryimage"},"image":{"@id":"https:\/\/www.romaoggi.eu\/index.php\/2022\/03\/20\/venti-anni-di-newroz-a-roma\/#primaryimage"},"thumbnailUrl":"https:\/\/www.romaoggi.eu\/wp-content\/uploads\/2022\/03\/MG_0916-si\u0300-Valentina-Antonucci-scaled.jpg","datePublished":"2022-03-20T20:12:01+00:00","dateModified":"2022-03-20T20:18:55+00:00","description":"\u201cNewroz \u00e8 il fuoco che si accende all'inizio del nuovo anno. A Roma si \u00e8 acceso all'Ararat in una notte di festa, di musica e di memorie del popolo curdo.","breadcrumb":{"@id":"https:\/\/www.romaoggi.eu\/index.php\/2022\/03\/20\/venti-anni-di-newroz-a-roma\/#breadcrumb"},"inLanguage":"it-IT","potentialAction":[{"@type":"ReadAction","target":["https:\/\/www.romaoggi.eu\/index.php\/2022\/03\/20\/venti-anni-di-newroz-a-roma\/"]}]},{"@type":"ImageObject","inLanguage":"it-IT","@id":"https:\/\/www.romaoggi.eu\/index.php\/2022\/03\/20\/venti-anni-di-newroz-a-roma\/#primaryimage","url":"https:\/\/www.romaoggi.eu\/wp-content\/uploads\/2022\/03\/MG_0916-si\u0300-Valentina-Antonucci-scaled.jpg","contentUrl":"https:\/\/www.romaoggi.eu\/wp-content\/uploads\/2022\/03\/MG_0916-si\u0300-Valentina-Antonucci-scaled.jpg","width":2560,"height":1991,"caption":"Newroz Centro Ararat 19 Marzo 2022 \u00a9 Valentina Antonucci - Target Lab Ets"},{"@type":"BreadcrumbList","@id":"https:\/\/www.romaoggi.eu\/index.php\/2022\/03\/20\/venti-anni-di-newroz-a-roma\/#breadcrumb","itemListElement":[{"@type":"ListItem","position":1,"name":"Home","item":"https:\/\/www.romaoggi.eu\/"},{"@type":"ListItem","position":2,"name":"Venti anni di Newroz a Roma al centro Ararat &#8230;servizio di Massimo Scafati e Valentina Antonucci &#8211; Target Lab Ets"}]},{"@type":"WebSite","@id":"https:\/\/www.romaoggi.eu\/#website","url":"https:\/\/www.romaoggi.eu\/","name":"roma oggi","description":"Interesting News for Interesting people","publisher":{"@id":"https:\/\/www.romaoggi.eu\/#organization"},"potentialAction":[{"@type":"SearchAction","target":{"@type":"EntryPoint","urlTemplate":"https:\/\/www.romaoggi.eu\/?s={search_term_string}"},"query-input":{"@type":"PropertyValueSpecification","valueRequired":true,"valueName":"search_term_string"}}],"inLanguage":"it-IT"},{"@type":"Organization","@id":"https:\/\/www.romaoggi.eu\/#organization","name":"RomaOggi","url":"https:\/\/www.romaoggi.eu\/","logo":{"@type":"ImageObject","inLanguage":"it-IT","@id":"https:\/\/www.romaoggi.eu\/#\/schema\/logo\/image\/","url":"https:\/\/www.romaoggi.eu\/wp-content\/uploads\/2017\/04\/logowp.jpg","contentUrl":"https:\/\/www.romaoggi.eu\/wp-content\/uploads\/2017\/04\/logowp.jpg","width":300,"height":133,"caption":"RomaOggi"},"image":{"@id":"https:\/\/www.romaoggi.eu\/#\/schema\/logo\/image\/"},"sameAs":["https:\/\/www.facebook.com\/RomaOggi-841544845954114","https:\/\/x.com\/romaoggi_eu"]},{"@type":"Person","@id":"https:\/\/www.romaoggi.eu\/#\/schema\/person\/72b8cfc6de60caeb335267c8e21d90fb","name":"Target Lab Ets","image":{"@type":"ImageObject","inLanguage":"it-IT","@id":"https:\/\/secure.gravatar.com\/avatar\/ab64fd266889a629b0e9e6ab56209e379c2a89cfda303941ee9621d4090292d1?s=96&d=mm&r=g","url":"https:\/\/secure.gravatar.com\/avatar\/ab64fd266889a629b0e9e6ab56209e379c2a89cfda303941ee9621d4090292d1?s=96&d=mm&r=g","contentUrl":"https:\/\/secure.gravatar.com\/avatar\/ab64fd266889a629b0e9e6ab56209e379c2a89cfda303941ee9621d4090292d1?s=96&d=mm&r=g","caption":"Target Lab Ets"},"sameAs":["http:\/\/www.targetlab.org"],"url":"https:\/\/www.romaoggi.eu\/index.php\/author\/isfc\/"}]}},"_links":{"self":[{"href":"https:\/\/www.romaoggi.eu\/index.php\/wp-json\/wp\/v2\/posts\/31937","targetHints":{"allow":["GET"]}}],"collection":[{"href":"https:\/\/www.romaoggi.eu\/index.php\/wp-json\/wp\/v2\/posts"}],"about":[{"href":"https:\/\/www.romaoggi.eu\/index.php\/wp-json\/wp\/v2\/types\/post"}],"author":[{"embeddable":true,"href":"https:\/\/www.romaoggi.eu\/index.php\/wp-json\/wp\/v2\/users\/17"}],"replies":[{"embeddable":true,"href":"https:\/\/www.romaoggi.eu\/index.php\/wp-json\/wp\/v2\/comments?post=31937"}],"version-history":[{"count":4,"href":"https:\/\/www.romaoggi.eu\/index.php\/wp-json\/wp\/v2\/posts\/31937\/revisions"}],"predecessor-version":[{"id":31960,"href":"https:\/\/www.romaoggi.eu\/index.php\/wp-json\/wp\/v2\/posts\/31937\/revisions\/31960"}],"wp:featuredmedia":[{"embeddable":true,"href":"https:\/\/www.romaoggi.eu\/index.php\/wp-json\/wp\/v2\/media\/31941"}],"wp:attachment":[{"href":"https:\/\/www.romaoggi.eu\/index.php\/wp-json\/wp\/v2\/media?parent=31937"}],"wp:term":[{"taxonomy":"category","embeddable":true,"href":"https:\/\/www.romaoggi.eu\/index.php\/wp-json\/wp\/v2\/categories?post=31937"},{"taxonomy":"post_tag","embeddable":true,"href":"https:\/\/www.romaoggi.eu\/index.php\/wp-json\/wp\/v2\/tags?post=31937"}],"curies":[{"name":"wp","href":"https:\/\/api.w.org\/{rel}","templated":true}]}}