{"id":32237,"date":"2022-04-05T22:17:43","date_gmt":"2022-04-05T20:17:43","guid":{"rendered":"https:\/\/www.romaoggi.eu\/?p=32237"},"modified":"2022-04-05T22:17:43","modified_gmt":"2022-04-05T20:17:43","slug":"io-accuso-il-nuovo-libro-di-massimiliano-lenzi","status":"publish","type":"post","link":"https:\/\/www.romaoggi.eu\/index.php\/2022\/04\/05\/io-accuso-il-nuovo-libro-di-massimiliano-lenzi\/","title":{"rendered":"&#8220;Io Accuso&#8221;, il nuovo libro di Massimiliano Lenzi"},"content":{"rendered":"<p>Presentato a Roma, presso l\u2019Osteria 06, il libro di <strong>Massimiliano Lenzi<\/strong> &#8220;<strong>Io Accuso<\/strong>&#8220;. Ha dialogato con l&#8217; autore il direttore di <a href=\"https:\/\/www.romalife.it\/\">RomaLife<\/a> <strong>Davide Di Stefano<\/strong>. Questo \u00e8 il secondo appuntamento dei Marted\u00ec della Male, tappa settimanale che ci permette di essere aggiornati sulle ultime uscite della casa editrice <a href=\"https:\/\/www.maleedizioni.it\/\"><strong>MaleEdizioni<\/strong> <\/a>di <strong>Monica Macchioni<\/strong>.<\/p>\n<p>IO ACCUSO<br \/>\nIl regno della paura e il tradimento delle libert\u00e0 ai tempi del Virus<br \/>\nEditore<br \/>\nMale Edizioni, Roma \u2013 Gennaio 2022 \u2013 pagine 56<\/p>\n<p>Sinossi<br \/>\nIo accuso i politici. Io accuso i giuristi.<br \/>\nIo accuso i giornalisti.<br \/>\nIo accuso gli intellettuali. Io accuso i sindacalisti.<br \/>\nIo accuso gli imprenditori. Io accuso i preti e il clero.<br \/>\nLa democrazia si \u00e8 gravemente ammalata e voi non avete fatto nulla. Anzi. Ci sono momenti nella storia delle comunit\u00e0 e delle civilt\u00e0 dove<br \/>\nle paure prendono il sopravvento sulla ragione, sulla coesione sociale, scivolando verso un confine fatto soprattutto di timori, di emotivit\u00e0, di controlli. Di PAURA! Una sorveglianza che fa piovere ogni scelta politica dall\u2019alto ed in funzione di un solo scopo. Obbedire. Lo chiede lo Stato.<\/p>\n<p>1922: i primi in Europa ad essere fascisti.<br \/>\n2022: tra i primi a mettere l\u2019obbligo vaccinale (over 50).<br \/>\n100 anni dopo la Marcia su Roma le libert\u00e0 in Italia sono ancora una volta in pericolo<\/p>\n<p>Biografia<br \/>\nGiornalista, scrittore, autore televisivo, poeta ma soprattutto uomo votato alla LIBERT\u00c0, senza costrizioni. Perch\u00e9 la vita &#8211; nel bene e nel male &#8211; \u00e8 sempre un imprevisto ma se non \u00e8 libera, che imprevisto \u00e8?<br \/>\nHa pubblicato diversi libri, il pi\u00f9 recente sul virus, la politica e le sorveglianze del Potere, dal titolo \u201cShining Italia, la libert\u00e0 contro la paura\u201d.<br \/>\nIl resto &#8211; come suggeriva William Shakespeare &#8211; \u00e8 silenzio.<\/p>\n<p>Isbn 978-88-32122-55-8<br \/>\nPrezzo 10 euro<\/p>\n","protected":false},"excerpt":{"rendered":"<div class=\"mh-excerpt\"><p>Presentato a Roma, presso l\u2019Osteria 06, il libro di Massimiliano Lenzi &#8220;Io Accuso&#8220;. Ha dialogato con l&#8217; autore il direttore di RomaLife Davide Di Stefano. Questo \u00e8 il secondo appuntamento dei Marted\u00ec della Male, tappa <a class=\"mh-excerpt-more\" href=\"https:\/\/www.romaoggi.eu\/index.php\/2022\/04\/05\/io-accuso-il-nuovo-libro-di-massimiliano-lenzi\/\" title=\"&#8220;Io Accuso&#8221;, il nuovo libro di Massimiliano Lenzi\">[&#8230;]<\/a><\/p>\n<\/div>","protected":false},"author":13,"featured_media":32238,"comment_status":"closed","ping_status":"open","sticky":false,"template":"","format":"standard","meta":{"_sitemap_exclude":false,"_sitemap_priority":"","_sitemap_frequency":"","footnotes":""},"categories":[10],"tags":[16215,16216,16214,13503],"class_list":["post-32237","post","type-post","status-publish","format-standard","has-post-thumbnail","hentry","category-libri","tag-io-accuso","tag-maleedizioni","tag-massimiliano-lenzi","tag-monica-macchioni"],"yoast_head":"<!-- This site is optimized with the Yoast SEO plugin v27.5 - https:\/\/yoast.com\/product\/yoast-seo-wordpress\/ -->\n<title>&quot;Io Accuso&quot;, il nuovo libro di Massimiliano Lenzi<\/title>\n<meta name=\"description\" content=\"Presentato a Roma, presso l\u2019Osteria 06, il libro di Massimiliano Lenzi &quot;Io Accuso&quot;. Ha dialogato con l&#039; autore il direttore di RomaLife Davide Di Stefano.\" \/>\n<meta name=\"robots\" content=\"index, follow, max-snippet:-1, max-image-preview:large, max-video-preview:-1\" \/>\n<link rel=\"canonical\" href=\"https:\/\/www.romaoggi.eu\/index.php\/2022\/04\/05\/io-accuso-il-nuovo-libro-di-massimiliano-lenzi\/\" \/>\n<meta property=\"og:locale\" content=\"it_IT\" \/>\n<meta property=\"og:type\" content=\"article\" \/>\n<meta property=\"og:title\" content=\"&quot;Io Accuso&quot;, il nuovo libro di Massimiliano Lenzi\" \/>\n<meta property=\"og:description\" content=\"Presentato a Roma, presso l\u2019Osteria 06, il libro di Massimiliano Lenzi &quot;Io Accuso&quot;. Ha dialogato con l&#039; autore il direttore di RomaLife Davide Di Stefano.\" \/>\n<meta property=\"og:url\" content=\"https:\/\/www.romaoggi.eu\/index.php\/2022\/04\/05\/io-accuso-il-nuovo-libro-di-massimiliano-lenzi\/\" \/>\n<meta property=\"og:site_name\" content=\"roma oggi\" \/>\n<meta property=\"article:publisher\" content=\"https:\/\/www.facebook.com\/RomaOggi-841544845954114\" \/>\n<meta property=\"article:published_time\" content=\"2022-04-05T20:17:43+00:00\" \/>\n<meta property=\"og:image\" content=\"https:\/\/www.romaoggi.eu\/wp-content\/uploads\/2022\/04\/278014715_3140863959513980_8417253536981842116_n.jpg\" \/>\n\t<meta property=\"og:image:width\" content=\"720\" \/>\n\t<meta property=\"og:image:height\" content=\"540\" \/>\n\t<meta property=\"og:image:type\" content=\"image\/jpeg\" \/>\n<meta name=\"author\" content=\"Federica Pansadoro\" \/>\n<meta name=\"twitter:card\" content=\"summary_large_image\" \/>\n<meta name=\"twitter:creator\" content=\"@romaoggi_eu\" \/>\n<meta name=\"twitter:site\" content=\"@romaoggi_eu\" \/>\n<meta name=\"twitter:label1\" content=\"Scritto da\" \/>\n\t<meta name=\"twitter:data1\" content=\"Federica Pansadoro\" \/>\n\t<meta name=\"twitter:label2\" content=\"Tempo di lettura stimato\" \/>\n\t<meta name=\"twitter:data2\" content=\"2 minuti\" \/>\n<script type=\"application\/ld+json\" class=\"yoast-schema-graph\">{\"@context\":\"https:\\\/\\\/schema.org\",\"@graph\":[{\"@type\":\"Article\",\"@id\":\"https:\\\/\\\/www.romaoggi.eu\\\/index.php\\\/2022\\\/04\\\/05\\\/io-accuso-il-nuovo-libro-di-massimiliano-lenzi\\\/#article\",\"isPartOf\":{\"@id\":\"https:\\\/\\\/www.romaoggi.eu\\\/index.php\\\/2022\\\/04\\\/05\\\/io-accuso-il-nuovo-libro-di-massimiliano-lenzi\\\/\"},\"author\":{\"name\":\"Federica Pansadoro\",\"@id\":\"https:\\\/\\\/www.romaoggi.eu\\\/#\\\/schema\\\/person\\\/569485df663c86fd2d0179a6643546f9\"},\"headline\":\"&#8220;Io Accuso&#8221;, il nuovo libro di Massimiliano Lenzi\",\"datePublished\":\"2022-04-05T20:17:43+00:00\",\"mainEntityOfPage\":{\"@id\":\"https:\\\/\\\/www.romaoggi.eu\\\/index.php\\\/2022\\\/04\\\/05\\\/io-accuso-il-nuovo-libro-di-massimiliano-lenzi\\\/\"},\"wordCount\":287,\"publisher\":{\"@id\":\"https:\\\/\\\/www.romaoggi.eu\\\/#organization\"},\"image\":{\"@id\":\"https:\\\/\\\/www.romaoggi.eu\\\/index.php\\\/2022\\\/04\\\/05\\\/io-accuso-il-nuovo-libro-di-massimiliano-lenzi\\\/#primaryimage\"},\"thumbnailUrl\":\"https:\\\/\\\/www.romaoggi.eu\\\/wp-content\\\/uploads\\\/2022\\\/04\\\/278014715_3140863959513980_8417253536981842116_n.jpg\",\"keywords\":[\"Io Accuso\",\"MaleEdizioni\",\"Massimiliano Lenzi\",\"Monica Macchioni\"],\"articleSection\":[\"Libri\"],\"inLanguage\":\"it-IT\"},{\"@type\":\"WebPage\",\"@id\":\"https:\\\/\\\/www.romaoggi.eu\\\/index.php\\\/2022\\\/04\\\/05\\\/io-accuso-il-nuovo-libro-di-massimiliano-lenzi\\\/\",\"url\":\"https:\\\/\\\/www.romaoggi.eu\\\/index.php\\\/2022\\\/04\\\/05\\\/io-accuso-il-nuovo-libro-di-massimiliano-lenzi\\\/\",\"name\":\"\\\"Io Accuso\\\", il nuovo libro di Massimiliano Lenzi\",\"isPartOf\":{\"@id\":\"https:\\\/\\\/www.romaoggi.eu\\\/#website\"},\"primaryImageOfPage\":{\"@id\":\"https:\\\/\\\/www.romaoggi.eu\\\/index.php\\\/2022\\\/04\\\/05\\\/io-accuso-il-nuovo-libro-di-massimiliano-lenzi\\\/#primaryimage\"},\"image\":{\"@id\":\"https:\\\/\\\/www.romaoggi.eu\\\/index.php\\\/2022\\\/04\\\/05\\\/io-accuso-il-nuovo-libro-di-massimiliano-lenzi\\\/#primaryimage\"},\"thumbnailUrl\":\"https:\\\/\\\/www.romaoggi.eu\\\/wp-content\\\/uploads\\\/2022\\\/04\\\/278014715_3140863959513980_8417253536981842116_n.jpg\",\"datePublished\":\"2022-04-05T20:17:43+00:00\",\"description\":\"Presentato a Roma, presso l\u2019Osteria 06, il libro di Massimiliano Lenzi \\\"Io Accuso\\\". Ha dialogato con l' autore il direttore di RomaLife Davide Di Stefano.\",\"breadcrumb\":{\"@id\":\"https:\\\/\\\/www.romaoggi.eu\\\/index.php\\\/2022\\\/04\\\/05\\\/io-accuso-il-nuovo-libro-di-massimiliano-lenzi\\\/#breadcrumb\"},\"inLanguage\":\"it-IT\",\"potentialAction\":[{\"@type\":\"ReadAction\",\"target\":[\"https:\\\/\\\/www.romaoggi.eu\\\/index.php\\\/2022\\\/04\\\/05\\\/io-accuso-il-nuovo-libro-di-massimiliano-lenzi\\\/\"]}]},{\"@type\":\"ImageObject\",\"inLanguage\":\"it-IT\",\"@id\":\"https:\\\/\\\/www.romaoggi.eu\\\/index.php\\\/2022\\\/04\\\/05\\\/io-accuso-il-nuovo-libro-di-massimiliano-lenzi\\\/#primaryimage\",\"url\":\"https:\\\/\\\/www.romaoggi.eu\\\/wp-content\\\/uploads\\\/2022\\\/04\\\/278014715_3140863959513980_8417253536981842116_n.jpg\",\"contentUrl\":\"https:\\\/\\\/www.romaoggi.eu\\\/wp-content\\\/uploads\\\/2022\\\/04\\\/278014715_3140863959513980_8417253536981842116_n.jpg\",\"width\":720,\"height\":540},{\"@type\":\"BreadcrumbList\",\"@id\":\"https:\\\/\\\/www.romaoggi.eu\\\/index.php\\\/2022\\\/04\\\/05\\\/io-accuso-il-nuovo-libro-di-massimiliano-lenzi\\\/#breadcrumb\",\"itemListElement\":[{\"@type\":\"ListItem\",\"position\":1,\"name\":\"Home\",\"item\":\"https:\\\/\\\/www.romaoggi.eu\\\/\"},{\"@type\":\"ListItem\",\"position\":2,\"name\":\"&#8220;Io Accuso&#8221;, il nuovo libro di Massimiliano Lenzi\"}]},{\"@type\":\"WebSite\",\"@id\":\"https:\\\/\\\/www.romaoggi.eu\\\/#website\",\"url\":\"https:\\\/\\\/www.romaoggi.eu\\\/\",\"name\":\"roma oggi\",\"description\":\"Interesting News for Interesting people\",\"publisher\":{\"@id\":\"https:\\\/\\\/www.romaoggi.eu\\\/#organization\"},\"potentialAction\":[{\"@type\":\"SearchAction\",\"target\":{\"@type\":\"EntryPoint\",\"urlTemplate\":\"https:\\\/\\\/www.romaoggi.eu\\\/?s={search_term_string}\"},\"query-input\":{\"@type\":\"PropertyValueSpecification\",\"valueRequired\":true,\"valueName\":\"search_term_string\"}}],\"inLanguage\":\"it-IT\"},{\"@type\":\"Organization\",\"@id\":\"https:\\\/\\\/www.romaoggi.eu\\\/#organization\",\"name\":\"RomaOggi\",\"url\":\"https:\\\/\\\/www.romaoggi.eu\\\/\",\"logo\":{\"@type\":\"ImageObject\",\"inLanguage\":\"it-IT\",\"@id\":\"https:\\\/\\\/www.romaoggi.eu\\\/#\\\/schema\\\/logo\\\/image\\\/\",\"url\":\"https:\\\/\\\/www.romaoggi.eu\\\/wp-content\\\/uploads\\\/2017\\\/04\\\/logowp.jpg\",\"contentUrl\":\"https:\\\/\\\/www.romaoggi.eu\\\/wp-content\\\/uploads\\\/2017\\\/04\\\/logowp.jpg\",\"width\":300,\"height\":133,\"caption\":\"RomaOggi\"},\"image\":{\"@id\":\"https:\\\/\\\/www.romaoggi.eu\\\/#\\\/schema\\\/logo\\\/image\\\/\"},\"sameAs\":[\"https:\\\/\\\/www.facebook.com\\\/RomaOggi-841544845954114\",\"https:\\\/\\\/x.com\\\/romaoggi_eu\"]},{\"@type\":\"Person\",\"@id\":\"https:\\\/\\\/www.romaoggi.eu\\\/#\\\/schema\\\/person\\\/569485df663c86fd2d0179a6643546f9\",\"name\":\"Federica Pansadoro\",\"image\":{\"@type\":\"ImageObject\",\"inLanguage\":\"it-IT\",\"@id\":\"https:\\\/\\\/secure.gravatar.com\\\/avatar\\\/646783eb26ef4eab9fe24f298081663814c4d6acd6ea1c44b2633e8176ba1dc5?s=96&d=mm&r=g\",\"url\":\"https:\\\/\\\/secure.gravatar.com\\\/avatar\\\/646783eb26ef4eab9fe24f298081663814c4d6acd6ea1c44b2633e8176ba1dc5?s=96&d=mm&r=g\",\"contentUrl\":\"https:\\\/\\\/secure.gravatar.com\\\/avatar\\\/646783eb26ef4eab9fe24f298081663814c4d6acd6ea1c44b2633e8176ba1dc5?s=96&d=mm&r=g\",\"caption\":\"Federica Pansadoro\"},\"sameAs\":[\"https:\\\/\\\/www.youtube.com\\\/channel\\\/UCN8Y45Fmdd0XBagxT7qUVEA\"],\"url\":\"https:\\\/\\\/www.romaoggi.eu\\\/index.php\\\/author\\\/federica\\\/\"}]}<\/script>\n<!-- \/ Yoast SEO plugin. -->","yoast_head_json":{"title":"\"Io Accuso\", il nuovo libro di Massimiliano Lenzi","description":"Presentato a Roma, presso l\u2019Osteria 06, il libro di Massimiliano Lenzi \"Io Accuso\". Ha dialogato con l' autore il direttore di RomaLife Davide Di Stefano.","robots":{"index":"index","follow":"follow","max-snippet":"max-snippet:-1","max-image-preview":"max-image-preview:large","max-video-preview":"max-video-preview:-1"},"canonical":"https:\/\/www.romaoggi.eu\/index.php\/2022\/04\/05\/io-accuso-il-nuovo-libro-di-massimiliano-lenzi\/","og_locale":"it_IT","og_type":"article","og_title":"\"Io Accuso\", il nuovo libro di Massimiliano Lenzi","og_description":"Presentato a Roma, presso l\u2019Osteria 06, il libro di Massimiliano Lenzi \"Io Accuso\". Ha dialogato con l' autore il direttore di RomaLife Davide Di Stefano.","og_url":"https:\/\/www.romaoggi.eu\/index.php\/2022\/04\/05\/io-accuso-il-nuovo-libro-di-massimiliano-lenzi\/","og_site_name":"roma oggi","article_publisher":"https:\/\/www.facebook.com\/RomaOggi-841544845954114","article_published_time":"2022-04-05T20:17:43+00:00","og_image":[{"width":720,"height":540,"url":"https:\/\/www.romaoggi.eu\/wp-content\/uploads\/2022\/04\/278014715_3140863959513980_8417253536981842116_n.jpg","type":"image\/jpeg"}],"author":"Federica Pansadoro","twitter_card":"summary_large_image","twitter_creator":"@romaoggi_eu","twitter_site":"@romaoggi_eu","twitter_misc":{"Scritto da":"Federica Pansadoro","Tempo di lettura stimato":"2 minuti"},"schema":{"@context":"https:\/\/schema.org","@graph":[{"@type":"Article","@id":"https:\/\/www.romaoggi.eu\/index.php\/2022\/04\/05\/io-accuso-il-nuovo-libro-di-massimiliano-lenzi\/#article","isPartOf":{"@id":"https:\/\/www.romaoggi.eu\/index.php\/2022\/04\/05\/io-accuso-il-nuovo-libro-di-massimiliano-lenzi\/"},"author":{"name":"Federica Pansadoro","@id":"https:\/\/www.romaoggi.eu\/#\/schema\/person\/569485df663c86fd2d0179a6643546f9"},"headline":"&#8220;Io Accuso&#8221;, il nuovo libro di Massimiliano Lenzi","datePublished":"2022-04-05T20:17:43+00:00","mainEntityOfPage":{"@id":"https:\/\/www.romaoggi.eu\/index.php\/2022\/04\/05\/io-accuso-il-nuovo-libro-di-massimiliano-lenzi\/"},"wordCount":287,"publisher":{"@id":"https:\/\/www.romaoggi.eu\/#organization"},"image":{"@id":"https:\/\/www.romaoggi.eu\/index.php\/2022\/04\/05\/io-accuso-il-nuovo-libro-di-massimiliano-lenzi\/#primaryimage"},"thumbnailUrl":"https:\/\/www.romaoggi.eu\/wp-content\/uploads\/2022\/04\/278014715_3140863959513980_8417253536981842116_n.jpg","keywords":["Io Accuso","MaleEdizioni","Massimiliano Lenzi","Monica Macchioni"],"articleSection":["Libri"],"inLanguage":"it-IT"},{"@type":"WebPage","@id":"https:\/\/www.romaoggi.eu\/index.php\/2022\/04\/05\/io-accuso-il-nuovo-libro-di-massimiliano-lenzi\/","url":"https:\/\/www.romaoggi.eu\/index.php\/2022\/04\/05\/io-accuso-il-nuovo-libro-di-massimiliano-lenzi\/","name":"\"Io Accuso\", il nuovo libro di Massimiliano Lenzi","isPartOf":{"@id":"https:\/\/www.romaoggi.eu\/#website"},"primaryImageOfPage":{"@id":"https:\/\/www.romaoggi.eu\/index.php\/2022\/04\/05\/io-accuso-il-nuovo-libro-di-massimiliano-lenzi\/#primaryimage"},"image":{"@id":"https:\/\/www.romaoggi.eu\/index.php\/2022\/04\/05\/io-accuso-il-nuovo-libro-di-massimiliano-lenzi\/#primaryimage"},"thumbnailUrl":"https:\/\/www.romaoggi.eu\/wp-content\/uploads\/2022\/04\/278014715_3140863959513980_8417253536981842116_n.jpg","datePublished":"2022-04-05T20:17:43+00:00","description":"Presentato a Roma, presso l\u2019Osteria 06, il libro di Massimiliano Lenzi \"Io Accuso\". Ha dialogato con l' autore il direttore di RomaLife Davide Di Stefano.","breadcrumb":{"@id":"https:\/\/www.romaoggi.eu\/index.php\/2022\/04\/05\/io-accuso-il-nuovo-libro-di-massimiliano-lenzi\/#breadcrumb"},"inLanguage":"it-IT","potentialAction":[{"@type":"ReadAction","target":["https:\/\/www.romaoggi.eu\/index.php\/2022\/04\/05\/io-accuso-il-nuovo-libro-di-massimiliano-lenzi\/"]}]},{"@type":"ImageObject","inLanguage":"it-IT","@id":"https:\/\/www.romaoggi.eu\/index.php\/2022\/04\/05\/io-accuso-il-nuovo-libro-di-massimiliano-lenzi\/#primaryimage","url":"https:\/\/www.romaoggi.eu\/wp-content\/uploads\/2022\/04\/278014715_3140863959513980_8417253536981842116_n.jpg","contentUrl":"https:\/\/www.romaoggi.eu\/wp-content\/uploads\/2022\/04\/278014715_3140863959513980_8417253536981842116_n.jpg","width":720,"height":540},{"@type":"BreadcrumbList","@id":"https:\/\/www.romaoggi.eu\/index.php\/2022\/04\/05\/io-accuso-il-nuovo-libro-di-massimiliano-lenzi\/#breadcrumb","itemListElement":[{"@type":"ListItem","position":1,"name":"Home","item":"https:\/\/www.romaoggi.eu\/"},{"@type":"ListItem","position":2,"name":"&#8220;Io Accuso&#8221;, il nuovo libro di Massimiliano Lenzi"}]},{"@type":"WebSite","@id":"https:\/\/www.romaoggi.eu\/#website","url":"https:\/\/www.romaoggi.eu\/","name":"roma oggi","description":"Interesting News for Interesting people","publisher":{"@id":"https:\/\/www.romaoggi.eu\/#organization"},"potentialAction":[{"@type":"SearchAction","target":{"@type":"EntryPoint","urlTemplate":"https:\/\/www.romaoggi.eu\/?s={search_term_string}"},"query-input":{"@type":"PropertyValueSpecification","valueRequired":true,"valueName":"search_term_string"}}],"inLanguage":"it-IT"},{"@type":"Organization","@id":"https:\/\/www.romaoggi.eu\/#organization","name":"RomaOggi","url":"https:\/\/www.romaoggi.eu\/","logo":{"@type":"ImageObject","inLanguage":"it-IT","@id":"https:\/\/www.romaoggi.eu\/#\/schema\/logo\/image\/","url":"https:\/\/www.romaoggi.eu\/wp-content\/uploads\/2017\/04\/logowp.jpg","contentUrl":"https:\/\/www.romaoggi.eu\/wp-content\/uploads\/2017\/04\/logowp.jpg","width":300,"height":133,"caption":"RomaOggi"},"image":{"@id":"https:\/\/www.romaoggi.eu\/#\/schema\/logo\/image\/"},"sameAs":["https:\/\/www.facebook.com\/RomaOggi-841544845954114","https:\/\/x.com\/romaoggi_eu"]},{"@type":"Person","@id":"https:\/\/www.romaoggi.eu\/#\/schema\/person\/569485df663c86fd2d0179a6643546f9","name":"Federica Pansadoro","image":{"@type":"ImageObject","inLanguage":"it-IT","@id":"https:\/\/secure.gravatar.com\/avatar\/646783eb26ef4eab9fe24f298081663814c4d6acd6ea1c44b2633e8176ba1dc5?s=96&d=mm&r=g","url":"https:\/\/secure.gravatar.com\/avatar\/646783eb26ef4eab9fe24f298081663814c4d6acd6ea1c44b2633e8176ba1dc5?s=96&d=mm&r=g","contentUrl":"https:\/\/secure.gravatar.com\/avatar\/646783eb26ef4eab9fe24f298081663814c4d6acd6ea1c44b2633e8176ba1dc5?s=96&d=mm&r=g","caption":"Federica Pansadoro"},"sameAs":["https:\/\/www.youtube.com\/channel\/UCN8Y45Fmdd0XBagxT7qUVEA"],"url":"https:\/\/www.romaoggi.eu\/index.php\/author\/federica\/"}]}},"_links":{"self":[{"href":"https:\/\/www.romaoggi.eu\/index.php\/wp-json\/wp\/v2\/posts\/32237","targetHints":{"allow":["GET"]}}],"collection":[{"href":"https:\/\/www.romaoggi.eu\/index.php\/wp-json\/wp\/v2\/posts"}],"about":[{"href":"https:\/\/www.romaoggi.eu\/index.php\/wp-json\/wp\/v2\/types\/post"}],"author":[{"embeddable":true,"href":"https:\/\/www.romaoggi.eu\/index.php\/wp-json\/wp\/v2\/users\/13"}],"replies":[{"embeddable":true,"href":"https:\/\/www.romaoggi.eu\/index.php\/wp-json\/wp\/v2\/comments?post=32237"}],"version-history":[{"count":1,"href":"https:\/\/www.romaoggi.eu\/index.php\/wp-json\/wp\/v2\/posts\/32237\/revisions"}],"predecessor-version":[{"id":32239,"href":"https:\/\/www.romaoggi.eu\/index.php\/wp-json\/wp\/v2\/posts\/32237\/revisions\/32239"}],"wp:featuredmedia":[{"embeddable":true,"href":"https:\/\/www.romaoggi.eu\/index.php\/wp-json\/wp\/v2\/media\/32238"}],"wp:attachment":[{"href":"https:\/\/www.romaoggi.eu\/index.php\/wp-json\/wp\/v2\/media?parent=32237"}],"wp:term":[{"taxonomy":"category","embeddable":true,"href":"https:\/\/www.romaoggi.eu\/index.php\/wp-json\/wp\/v2\/categories?post=32237"},{"taxonomy":"post_tag","embeddable":true,"href":"https:\/\/www.romaoggi.eu\/index.php\/wp-json\/wp\/v2\/tags?post=32237"}],"curies":[{"name":"wp","href":"https:\/\/api.w.org\/{rel}","templated":true}]}}