{"id":32403,"date":"2022-04-12T18:15:04","date_gmt":"2022-04-12T16:15:04","guid":{"rendered":"https:\/\/www.romaoggi.eu\/?p=32403"},"modified":"2022-04-12T18:39:31","modified_gmt":"2022-04-12T16:39:31","slug":"roma-parco-dei-principi-lon-giusy-versace-tra-i-relatori-de-litalia-del-futuro","status":"publish","type":"post","link":"https:\/\/www.romaoggi.eu\/index.php\/2022\/04\/12\/roma-parco-dei-principi-lon-giusy-versace-tra-i-relatori-de-litalia-del-futuro\/","title":{"rendered":"Roma, Parco dei Principi: l&#8217;On. Giusy Versace tra i relatori de &#8220;L\u2019Italia del Futuro&#8221;"},"content":{"rendered":"<p>L&#8217; 8 e il 9 aprile nella immensa sala conference del Grand Hotel <em>Parco Dei Principi <\/em>si \u00e8 svolta &#8220;L\u2019Italia del Futuro&#8221;, l&#8217;assemblea annuale di <a href=\"https:\/\/www.forzaitaliaroma.it\/\">Forza Italia<\/a>.\u00a0 Hanno partecipato tutti i maggiori esponenti del partito.\u00a0 Silvio Berlusconi giunto da Milano per la conclusione dei lavori, \u00e8 stato accolto calorosamente dai partecipanti al convegno, i quali lo hanno salutato con uno sventolio di bandiere di Forza Italia e l&#8217;inno. Berlusconi, durante il suo discorso, ha voluto rilanciare il programma \u201cAltre volte vi ho nominati cavalieri della libert\u00e0. Oggi vi nomino, vi nomino tutti \u2018costruttori di futuro\u2019, perch\u00e9 noi siamo in politica per questo. Per costruire il nostro futuro. Con la vostra passione, con la vostra energia, con il vostro entusiasmo, con la vostra generosit\u00e0, io sono sicuro che ce la faremo! Ancora grazie, grazie di tutto, un forte abbraccio a ciascuno di voi. Viva l\u2019Italia, Viva Forza Italia, viva la Libert\u00e0\u201d, inoltre ha ricordato l&#8217;attuale e difficile momento storico che stiamo vivendo con: \u201cNon posso nascondere di essere deluso e addolorato dal comportamento di Vladimir Putin che si \u00e8 assunto una grave responsabilit\u00e0. Io l\u2019ho conosciuto 20 anni fa e mi era sempre sembrato un uomo di pace e di buonsenso. Ho convintamente votato la risoluzione al Parlamento europeo che condanna l\u2019aggressione russa\u201d. Molto toccante \u00e8 stato il ricordo di Antonio Martino, ex ministro degli affari esteri e tessera n\u00b0 2 di Forza Italia, a lui \u00e8 stato dedicato un bellissimo video. Le pari opportunit\u00e0, lo sport e la disabilit\u00e0 sono stati gli argomenti trattati da Giuseppina Versace, nota come Giusy, atleta paralimpica, personaggio tv e responsabile del dipartimento Sport, Disabilit\u00e0 e Pari Opportunit\u00e0 di Forza Italia. Noi di Roma Oggi.eu l&#8217;abbiamo intervistata insieme alla Dr.ssa criminologa e psicologa Stefania Cacciani, responsabile dei Rapporti con Associazionismo e Terzo Settore di F.I.<\/p>\n<p><iframe loading=\"lazy\"  style=\"display: block; margin: 0px auto;\"  id=\"_ytid_45870\"  width=\"480\" height=\"270\"  data-origwidth=\"480\" data-origheight=\"270\" src=\"https:\/\/www.youtube.com\/embed\/SDoTQ-FVULw?enablejsapi=1&#038;autoplay=0&#038;cc_load_policy=0&#038;cc_lang_pref=&#038;iv_load_policy=1&#038;loop=0&#038;rel=1&#038;fs=1&#038;playsinline=0&#038;autohide=2&#038;theme=dark&#038;color=red&#038;controls=1&#038;disablekb=0&#038;\" class=\"__youtube_prefs__  epyt-is-override  no-lazyload\" title=\"YouTube player\"  allow=\"fullscreen; accelerometer; autoplay; clipboard-write; encrypted-media; gyroscope; picture-in-picture; web-share\" referrerpolicy=\"strict-origin-when-cross-origin\" allowfullscreen data-no-lazy=\"1\" data-skipgform_ajax_framebjll=\"\"><\/iframe><\/p>\n<p>&nbsp;<\/p>\n","protected":false},"excerpt":{"rendered":"<div class=\"mh-excerpt\"><p>L&#8217; 8 e il 9 aprile nella immensa sala conference del Grand Hotel Parco Dei Principi si \u00e8 svolta &#8220;L\u2019Italia del Futuro&#8221;, l&#8217;assemblea annuale di Forza Italia.\u00a0 Hanno partecipato tutti i maggiori esponenti del partito.\u00a0 <a class=\"mh-excerpt-more\" href=\"https:\/\/www.romaoggi.eu\/index.php\/2022\/04\/12\/roma-parco-dei-principi-lon-giusy-versace-tra-i-relatori-de-litalia-del-futuro\/\" title=\"Roma, Parco dei Principi: l&#8217;On. Giusy Versace tra i relatori de &#8220;L\u2019Italia del Futuro&#8221;\">[&#8230;]<\/a><\/p>\n<\/div>","protected":false},"author":13,"featured_media":32406,"comment_status":"closed","ping_status":"open","sticky":false,"template":"","format":"standard","meta":{"_sitemap_exclude":false,"_sitemap_priority":"","_sitemap_frequency":"","footnotes":""},"categories":[522],"tags":[1305,2351,2476,3834,6551],"class_list":["post-32403","post","type-post","status-publish","format-standard","has-post-thumbnail","hentry","category-attualita","tag-berlusconi","tag-federica-pansadoro","tag-forza-italia","tag-giusy-versace","tag-stefania-cacciani"],"yoast_head":"<!-- This site is optimized with the Yoast SEO plugin v27.5 - https:\/\/yoast.com\/product\/yoast-seo-wordpress\/ -->\n<title>Roma, Parco dei Principi: l&#039;On. Giusy Versace tra i relatori de &quot;L\u2019Italia del Futuro&quot;<\/title>\n<meta name=\"description\" content=\"L&#039; 8 e il 9 aprile nella immensa sala conference del Grand Hotel Parco Dei Principi si \u00e8 svolta &quot;L\u2019Italia del Futuro&quot;, l&#039;assemblea annuale di Forza\" \/>\n<meta name=\"robots\" content=\"index, follow, max-snippet:-1, max-image-preview:large, max-video-preview:-1\" \/>\n<link rel=\"canonical\" href=\"https:\/\/www.romaoggi.eu\/index.php\/2022\/04\/12\/roma-parco-dei-principi-lon-giusy-versace-tra-i-relatori-de-litalia-del-futuro\/\" \/>\n<meta property=\"og:locale\" content=\"it_IT\" \/>\n<meta property=\"og:type\" content=\"article\" \/>\n<meta property=\"og:title\" content=\"Roma, Parco dei Principi: l&#039;On. Giusy Versace tra i relatori de &quot;L\u2019Italia del Futuro&quot;\" \/>\n<meta property=\"og:description\" content=\"L&#039; 8 e il 9 aprile nella immensa sala conference del Grand Hotel Parco Dei Principi si \u00e8 svolta &quot;L\u2019Italia del Futuro&quot;, l&#039;assemblea annuale di Forza\" \/>\n<meta property=\"og:url\" content=\"https:\/\/www.romaoggi.eu\/index.php\/2022\/04\/12\/roma-parco-dei-principi-lon-giusy-versace-tra-i-relatori-de-litalia-del-futuro\/\" \/>\n<meta property=\"og:site_name\" content=\"roma oggi\" \/>\n<meta property=\"article:publisher\" content=\"https:\/\/www.facebook.com\/RomaOggi-841544845954114\" \/>\n<meta property=\"article:published_time\" content=\"2022-04-12T16:15:04+00:00\" \/>\n<meta property=\"article:modified_time\" content=\"2022-04-12T16:39:31+00:00\" \/>\n<meta property=\"og:image\" content=\"https:\/\/www.romaoggi.eu\/wp-content\/uploads\/2022\/04\/20220409_175259-scaled.jpg\" \/>\n\t<meta property=\"og:image:width\" content=\"2560\" \/>\n\t<meta property=\"og:image:height\" content=\"1442\" \/>\n\t<meta property=\"og:image:type\" content=\"image\/jpeg\" \/>\n<meta name=\"author\" content=\"Federica Pansadoro\" \/>\n<meta name=\"twitter:card\" content=\"summary_large_image\" \/>\n<meta name=\"twitter:creator\" content=\"@romaoggi_eu\" \/>\n<meta name=\"twitter:site\" content=\"@romaoggi_eu\" \/>\n<meta name=\"twitter:label1\" content=\"Scritto da\" \/>\n\t<meta name=\"twitter:data1\" content=\"Federica Pansadoro\" \/>\n\t<meta name=\"twitter:label2\" content=\"Tempo di lettura stimato\" \/>\n\t<meta name=\"twitter:data2\" content=\"2 minuti\" \/>\n<script type=\"application\/ld+json\" class=\"yoast-schema-graph\">{\"@context\":\"https:\\\/\\\/schema.org\",\"@graph\":[{\"@type\":\"Article\",\"@id\":\"https:\\\/\\\/www.romaoggi.eu\\\/index.php\\\/2022\\\/04\\\/12\\\/roma-parco-dei-principi-lon-giusy-versace-tra-i-relatori-de-litalia-del-futuro\\\/#article\",\"isPartOf\":{\"@id\":\"https:\\\/\\\/www.romaoggi.eu\\\/index.php\\\/2022\\\/04\\\/12\\\/roma-parco-dei-principi-lon-giusy-versace-tra-i-relatori-de-litalia-del-futuro\\\/\"},\"author\":{\"name\":\"Federica Pansadoro\",\"@id\":\"https:\\\/\\\/www.romaoggi.eu\\\/#\\\/schema\\\/person\\\/569485df663c86fd2d0179a6643546f9\"},\"headline\":\"Roma, Parco dei Principi: l&#8217;On. Giusy Versace tra i relatori de &#8220;L\u2019Italia del Futuro&#8221;\",\"datePublished\":\"2022-04-12T16:15:04+00:00\",\"dateModified\":\"2022-04-12T16:39:31+00:00\",\"mainEntityOfPage\":{\"@id\":\"https:\\\/\\\/www.romaoggi.eu\\\/index.php\\\/2022\\\/04\\\/12\\\/roma-parco-dei-principi-lon-giusy-versace-tra-i-relatori-de-litalia-del-futuro\\\/\"},\"wordCount\":330,\"publisher\":{\"@id\":\"https:\\\/\\\/www.romaoggi.eu\\\/#organization\"},\"image\":{\"@id\":\"https:\\\/\\\/www.romaoggi.eu\\\/index.php\\\/2022\\\/04\\\/12\\\/roma-parco-dei-principi-lon-giusy-versace-tra-i-relatori-de-litalia-del-futuro\\\/#primaryimage\"},\"thumbnailUrl\":\"https:\\\/\\\/www.romaoggi.eu\\\/wp-content\\\/uploads\\\/2022\\\/04\\\/20220409_175259-scaled.jpg\",\"keywords\":[\"berlusconi\",\"Federica Pansadoro\",\"forza italia\",\"giusy Versace\",\"stefania cacciani\"],\"articleSection\":[\"attualit\u00e0\"],\"inLanguage\":\"it-IT\"},{\"@type\":\"WebPage\",\"@id\":\"https:\\\/\\\/www.romaoggi.eu\\\/index.php\\\/2022\\\/04\\\/12\\\/roma-parco-dei-principi-lon-giusy-versace-tra-i-relatori-de-litalia-del-futuro\\\/\",\"url\":\"https:\\\/\\\/www.romaoggi.eu\\\/index.php\\\/2022\\\/04\\\/12\\\/roma-parco-dei-principi-lon-giusy-versace-tra-i-relatori-de-litalia-del-futuro\\\/\",\"name\":\"Roma, Parco dei Principi: l'On. Giusy Versace tra i relatori de \\\"L\u2019Italia del Futuro\\\"\",\"isPartOf\":{\"@id\":\"https:\\\/\\\/www.romaoggi.eu\\\/#website\"},\"primaryImageOfPage\":{\"@id\":\"https:\\\/\\\/www.romaoggi.eu\\\/index.php\\\/2022\\\/04\\\/12\\\/roma-parco-dei-principi-lon-giusy-versace-tra-i-relatori-de-litalia-del-futuro\\\/#primaryimage\"},\"image\":{\"@id\":\"https:\\\/\\\/www.romaoggi.eu\\\/index.php\\\/2022\\\/04\\\/12\\\/roma-parco-dei-principi-lon-giusy-versace-tra-i-relatori-de-litalia-del-futuro\\\/#primaryimage\"},\"thumbnailUrl\":\"https:\\\/\\\/www.romaoggi.eu\\\/wp-content\\\/uploads\\\/2022\\\/04\\\/20220409_175259-scaled.jpg\",\"datePublished\":\"2022-04-12T16:15:04+00:00\",\"dateModified\":\"2022-04-12T16:39:31+00:00\",\"description\":\"L' 8 e il 9 aprile nella immensa sala conference del Grand Hotel Parco Dei Principi si \u00e8 svolta \\\"L\u2019Italia del Futuro\\\", l'assemblea annuale di Forza\",\"breadcrumb\":{\"@id\":\"https:\\\/\\\/www.romaoggi.eu\\\/index.php\\\/2022\\\/04\\\/12\\\/roma-parco-dei-principi-lon-giusy-versace-tra-i-relatori-de-litalia-del-futuro\\\/#breadcrumb\"},\"inLanguage\":\"it-IT\",\"potentialAction\":[{\"@type\":\"ReadAction\",\"target\":[\"https:\\\/\\\/www.romaoggi.eu\\\/index.php\\\/2022\\\/04\\\/12\\\/roma-parco-dei-principi-lon-giusy-versace-tra-i-relatori-de-litalia-del-futuro\\\/\"]}]},{\"@type\":\"ImageObject\",\"inLanguage\":\"it-IT\",\"@id\":\"https:\\\/\\\/www.romaoggi.eu\\\/index.php\\\/2022\\\/04\\\/12\\\/roma-parco-dei-principi-lon-giusy-versace-tra-i-relatori-de-litalia-del-futuro\\\/#primaryimage\",\"url\":\"https:\\\/\\\/www.romaoggi.eu\\\/wp-content\\\/uploads\\\/2022\\\/04\\\/20220409_175259-scaled.jpg\",\"contentUrl\":\"https:\\\/\\\/www.romaoggi.eu\\\/wp-content\\\/uploads\\\/2022\\\/04\\\/20220409_175259-scaled.jpg\",\"width\":2560,\"height\":1442},{\"@type\":\"BreadcrumbList\",\"@id\":\"https:\\\/\\\/www.romaoggi.eu\\\/index.php\\\/2022\\\/04\\\/12\\\/roma-parco-dei-principi-lon-giusy-versace-tra-i-relatori-de-litalia-del-futuro\\\/#breadcrumb\",\"itemListElement\":[{\"@type\":\"ListItem\",\"position\":1,\"name\":\"Home\",\"item\":\"https:\\\/\\\/www.romaoggi.eu\\\/\"},{\"@type\":\"ListItem\",\"position\":2,\"name\":\"Roma, Parco dei Principi: l&#8217;On. Giusy Versace tra i relatori de &#8220;L\u2019Italia del Futuro&#8221;\"}]},{\"@type\":\"WebSite\",\"@id\":\"https:\\\/\\\/www.romaoggi.eu\\\/#website\",\"url\":\"https:\\\/\\\/www.romaoggi.eu\\\/\",\"name\":\"roma oggi\",\"description\":\"Interesting News for Interesting people\",\"publisher\":{\"@id\":\"https:\\\/\\\/www.romaoggi.eu\\\/#organization\"},\"potentialAction\":[{\"@type\":\"SearchAction\",\"target\":{\"@type\":\"EntryPoint\",\"urlTemplate\":\"https:\\\/\\\/www.romaoggi.eu\\\/?s={search_term_string}\"},\"query-input\":{\"@type\":\"PropertyValueSpecification\",\"valueRequired\":true,\"valueName\":\"search_term_string\"}}],\"inLanguage\":\"it-IT\"},{\"@type\":\"Organization\",\"@id\":\"https:\\\/\\\/www.romaoggi.eu\\\/#organization\",\"name\":\"RomaOggi\",\"url\":\"https:\\\/\\\/www.romaoggi.eu\\\/\",\"logo\":{\"@type\":\"ImageObject\",\"inLanguage\":\"it-IT\",\"@id\":\"https:\\\/\\\/www.romaoggi.eu\\\/#\\\/schema\\\/logo\\\/image\\\/\",\"url\":\"https:\\\/\\\/www.romaoggi.eu\\\/wp-content\\\/uploads\\\/2017\\\/04\\\/logowp.jpg\",\"contentUrl\":\"https:\\\/\\\/www.romaoggi.eu\\\/wp-content\\\/uploads\\\/2017\\\/04\\\/logowp.jpg\",\"width\":300,\"height\":133,\"caption\":\"RomaOggi\"},\"image\":{\"@id\":\"https:\\\/\\\/www.romaoggi.eu\\\/#\\\/schema\\\/logo\\\/image\\\/\"},\"sameAs\":[\"https:\\\/\\\/www.facebook.com\\\/RomaOggi-841544845954114\",\"https:\\\/\\\/x.com\\\/romaoggi_eu\"]},{\"@type\":\"Person\",\"@id\":\"https:\\\/\\\/www.romaoggi.eu\\\/#\\\/schema\\\/person\\\/569485df663c86fd2d0179a6643546f9\",\"name\":\"Federica Pansadoro\",\"image\":{\"@type\":\"ImageObject\",\"inLanguage\":\"it-IT\",\"@id\":\"https:\\\/\\\/secure.gravatar.com\\\/avatar\\\/646783eb26ef4eab9fe24f298081663814c4d6acd6ea1c44b2633e8176ba1dc5?s=96&d=mm&r=g\",\"url\":\"https:\\\/\\\/secure.gravatar.com\\\/avatar\\\/646783eb26ef4eab9fe24f298081663814c4d6acd6ea1c44b2633e8176ba1dc5?s=96&d=mm&r=g\",\"contentUrl\":\"https:\\\/\\\/secure.gravatar.com\\\/avatar\\\/646783eb26ef4eab9fe24f298081663814c4d6acd6ea1c44b2633e8176ba1dc5?s=96&d=mm&r=g\",\"caption\":\"Federica Pansadoro\"},\"sameAs\":[\"https:\\\/\\\/www.youtube.com\\\/channel\\\/UCN8Y45Fmdd0XBagxT7qUVEA\"],\"url\":\"https:\\\/\\\/www.romaoggi.eu\\\/index.php\\\/author\\\/federica\\\/\"}]}<\/script>\n<!-- \/ Yoast SEO plugin. -->","yoast_head_json":{"title":"Roma, Parco dei Principi: l'On. Giusy Versace tra i relatori de \"L\u2019Italia del Futuro\"","description":"L' 8 e il 9 aprile nella immensa sala conference del Grand Hotel Parco Dei Principi si \u00e8 svolta \"L\u2019Italia del Futuro\", l'assemblea annuale di Forza","robots":{"index":"index","follow":"follow","max-snippet":"max-snippet:-1","max-image-preview":"max-image-preview:large","max-video-preview":"max-video-preview:-1"},"canonical":"https:\/\/www.romaoggi.eu\/index.php\/2022\/04\/12\/roma-parco-dei-principi-lon-giusy-versace-tra-i-relatori-de-litalia-del-futuro\/","og_locale":"it_IT","og_type":"article","og_title":"Roma, Parco dei Principi: l'On. Giusy Versace tra i relatori de \"L\u2019Italia del Futuro\"","og_description":"L' 8 e il 9 aprile nella immensa sala conference del Grand Hotel Parco Dei Principi si \u00e8 svolta \"L\u2019Italia del Futuro\", l'assemblea annuale di Forza","og_url":"https:\/\/www.romaoggi.eu\/index.php\/2022\/04\/12\/roma-parco-dei-principi-lon-giusy-versace-tra-i-relatori-de-litalia-del-futuro\/","og_site_name":"roma oggi","article_publisher":"https:\/\/www.facebook.com\/RomaOggi-841544845954114","article_published_time":"2022-04-12T16:15:04+00:00","article_modified_time":"2022-04-12T16:39:31+00:00","og_image":[{"width":2560,"height":1442,"url":"https:\/\/www.romaoggi.eu\/wp-content\/uploads\/2022\/04\/20220409_175259-scaled.jpg","type":"image\/jpeg"}],"author":"Federica Pansadoro","twitter_card":"summary_large_image","twitter_creator":"@romaoggi_eu","twitter_site":"@romaoggi_eu","twitter_misc":{"Scritto da":"Federica Pansadoro","Tempo di lettura stimato":"2 minuti"},"schema":{"@context":"https:\/\/schema.org","@graph":[{"@type":"Article","@id":"https:\/\/www.romaoggi.eu\/index.php\/2022\/04\/12\/roma-parco-dei-principi-lon-giusy-versace-tra-i-relatori-de-litalia-del-futuro\/#article","isPartOf":{"@id":"https:\/\/www.romaoggi.eu\/index.php\/2022\/04\/12\/roma-parco-dei-principi-lon-giusy-versace-tra-i-relatori-de-litalia-del-futuro\/"},"author":{"name":"Federica Pansadoro","@id":"https:\/\/www.romaoggi.eu\/#\/schema\/person\/569485df663c86fd2d0179a6643546f9"},"headline":"Roma, Parco dei Principi: l&#8217;On. Giusy Versace tra i relatori de &#8220;L\u2019Italia del Futuro&#8221;","datePublished":"2022-04-12T16:15:04+00:00","dateModified":"2022-04-12T16:39:31+00:00","mainEntityOfPage":{"@id":"https:\/\/www.romaoggi.eu\/index.php\/2022\/04\/12\/roma-parco-dei-principi-lon-giusy-versace-tra-i-relatori-de-litalia-del-futuro\/"},"wordCount":330,"publisher":{"@id":"https:\/\/www.romaoggi.eu\/#organization"},"image":{"@id":"https:\/\/www.romaoggi.eu\/index.php\/2022\/04\/12\/roma-parco-dei-principi-lon-giusy-versace-tra-i-relatori-de-litalia-del-futuro\/#primaryimage"},"thumbnailUrl":"https:\/\/www.romaoggi.eu\/wp-content\/uploads\/2022\/04\/20220409_175259-scaled.jpg","keywords":["berlusconi","Federica Pansadoro","forza italia","giusy Versace","stefania cacciani"],"articleSection":["attualit\u00e0"],"inLanguage":"it-IT"},{"@type":"WebPage","@id":"https:\/\/www.romaoggi.eu\/index.php\/2022\/04\/12\/roma-parco-dei-principi-lon-giusy-versace-tra-i-relatori-de-litalia-del-futuro\/","url":"https:\/\/www.romaoggi.eu\/index.php\/2022\/04\/12\/roma-parco-dei-principi-lon-giusy-versace-tra-i-relatori-de-litalia-del-futuro\/","name":"Roma, Parco dei Principi: l'On. Giusy Versace tra i relatori de \"L\u2019Italia del Futuro\"","isPartOf":{"@id":"https:\/\/www.romaoggi.eu\/#website"},"primaryImageOfPage":{"@id":"https:\/\/www.romaoggi.eu\/index.php\/2022\/04\/12\/roma-parco-dei-principi-lon-giusy-versace-tra-i-relatori-de-litalia-del-futuro\/#primaryimage"},"image":{"@id":"https:\/\/www.romaoggi.eu\/index.php\/2022\/04\/12\/roma-parco-dei-principi-lon-giusy-versace-tra-i-relatori-de-litalia-del-futuro\/#primaryimage"},"thumbnailUrl":"https:\/\/www.romaoggi.eu\/wp-content\/uploads\/2022\/04\/20220409_175259-scaled.jpg","datePublished":"2022-04-12T16:15:04+00:00","dateModified":"2022-04-12T16:39:31+00:00","description":"L' 8 e il 9 aprile nella immensa sala conference del Grand Hotel Parco Dei Principi si \u00e8 svolta \"L\u2019Italia del Futuro\", l'assemblea annuale di Forza","breadcrumb":{"@id":"https:\/\/www.romaoggi.eu\/index.php\/2022\/04\/12\/roma-parco-dei-principi-lon-giusy-versace-tra-i-relatori-de-litalia-del-futuro\/#breadcrumb"},"inLanguage":"it-IT","potentialAction":[{"@type":"ReadAction","target":["https:\/\/www.romaoggi.eu\/index.php\/2022\/04\/12\/roma-parco-dei-principi-lon-giusy-versace-tra-i-relatori-de-litalia-del-futuro\/"]}]},{"@type":"ImageObject","inLanguage":"it-IT","@id":"https:\/\/www.romaoggi.eu\/index.php\/2022\/04\/12\/roma-parco-dei-principi-lon-giusy-versace-tra-i-relatori-de-litalia-del-futuro\/#primaryimage","url":"https:\/\/www.romaoggi.eu\/wp-content\/uploads\/2022\/04\/20220409_175259-scaled.jpg","contentUrl":"https:\/\/www.romaoggi.eu\/wp-content\/uploads\/2022\/04\/20220409_175259-scaled.jpg","width":2560,"height":1442},{"@type":"BreadcrumbList","@id":"https:\/\/www.romaoggi.eu\/index.php\/2022\/04\/12\/roma-parco-dei-principi-lon-giusy-versace-tra-i-relatori-de-litalia-del-futuro\/#breadcrumb","itemListElement":[{"@type":"ListItem","position":1,"name":"Home","item":"https:\/\/www.romaoggi.eu\/"},{"@type":"ListItem","position":2,"name":"Roma, Parco dei Principi: l&#8217;On. Giusy Versace tra i relatori de &#8220;L\u2019Italia del Futuro&#8221;"}]},{"@type":"WebSite","@id":"https:\/\/www.romaoggi.eu\/#website","url":"https:\/\/www.romaoggi.eu\/","name":"roma oggi","description":"Interesting News for Interesting people","publisher":{"@id":"https:\/\/www.romaoggi.eu\/#organization"},"potentialAction":[{"@type":"SearchAction","target":{"@type":"EntryPoint","urlTemplate":"https:\/\/www.romaoggi.eu\/?s={search_term_string}"},"query-input":{"@type":"PropertyValueSpecification","valueRequired":true,"valueName":"search_term_string"}}],"inLanguage":"it-IT"},{"@type":"Organization","@id":"https:\/\/www.romaoggi.eu\/#organization","name":"RomaOggi","url":"https:\/\/www.romaoggi.eu\/","logo":{"@type":"ImageObject","inLanguage":"it-IT","@id":"https:\/\/www.romaoggi.eu\/#\/schema\/logo\/image\/","url":"https:\/\/www.romaoggi.eu\/wp-content\/uploads\/2017\/04\/logowp.jpg","contentUrl":"https:\/\/www.romaoggi.eu\/wp-content\/uploads\/2017\/04\/logowp.jpg","width":300,"height":133,"caption":"RomaOggi"},"image":{"@id":"https:\/\/www.romaoggi.eu\/#\/schema\/logo\/image\/"},"sameAs":["https:\/\/www.facebook.com\/RomaOggi-841544845954114","https:\/\/x.com\/romaoggi_eu"]},{"@type":"Person","@id":"https:\/\/www.romaoggi.eu\/#\/schema\/person\/569485df663c86fd2d0179a6643546f9","name":"Federica Pansadoro","image":{"@type":"ImageObject","inLanguage":"it-IT","@id":"https:\/\/secure.gravatar.com\/avatar\/646783eb26ef4eab9fe24f298081663814c4d6acd6ea1c44b2633e8176ba1dc5?s=96&d=mm&r=g","url":"https:\/\/secure.gravatar.com\/avatar\/646783eb26ef4eab9fe24f298081663814c4d6acd6ea1c44b2633e8176ba1dc5?s=96&d=mm&r=g","contentUrl":"https:\/\/secure.gravatar.com\/avatar\/646783eb26ef4eab9fe24f298081663814c4d6acd6ea1c44b2633e8176ba1dc5?s=96&d=mm&r=g","caption":"Federica Pansadoro"},"sameAs":["https:\/\/www.youtube.com\/channel\/UCN8Y45Fmdd0XBagxT7qUVEA"],"url":"https:\/\/www.romaoggi.eu\/index.php\/author\/federica\/"}]}},"_links":{"self":[{"href":"https:\/\/www.romaoggi.eu\/index.php\/wp-json\/wp\/v2\/posts\/32403","targetHints":{"allow":["GET"]}}],"collection":[{"href":"https:\/\/www.romaoggi.eu\/index.php\/wp-json\/wp\/v2\/posts"}],"about":[{"href":"https:\/\/www.romaoggi.eu\/index.php\/wp-json\/wp\/v2\/types\/post"}],"author":[{"embeddable":true,"href":"https:\/\/www.romaoggi.eu\/index.php\/wp-json\/wp\/v2\/users\/13"}],"replies":[{"embeddable":true,"href":"https:\/\/www.romaoggi.eu\/index.php\/wp-json\/wp\/v2\/comments?post=32403"}],"version-history":[{"count":5,"href":"https:\/\/www.romaoggi.eu\/index.php\/wp-json\/wp\/v2\/posts\/32403\/revisions"}],"predecessor-version":[{"id":32409,"href":"https:\/\/www.romaoggi.eu\/index.php\/wp-json\/wp\/v2\/posts\/32403\/revisions\/32409"}],"wp:featuredmedia":[{"embeddable":true,"href":"https:\/\/www.romaoggi.eu\/index.php\/wp-json\/wp\/v2\/media\/32406"}],"wp:attachment":[{"href":"https:\/\/www.romaoggi.eu\/index.php\/wp-json\/wp\/v2\/media?parent=32403"}],"wp:term":[{"taxonomy":"category","embeddable":true,"href":"https:\/\/www.romaoggi.eu\/index.php\/wp-json\/wp\/v2\/categories?post=32403"},{"taxonomy":"post_tag","embeddable":true,"href":"https:\/\/www.romaoggi.eu\/index.php\/wp-json\/wp\/v2\/tags?post=32403"}],"curies":[{"name":"wp","href":"https:\/\/api.w.org\/{rel}","templated":true}]}}