{"id":33074,"date":"2022-06-06T10:41:15","date_gmt":"2022-06-06T08:41:15","guid":{"rendered":"https:\/\/www.romaoggi.eu\/?p=33074"},"modified":"2022-06-06T10:42:59","modified_gmt":"2022-06-06T08:42:59","slug":"viaggi-nel-tempo-con-le-visite-guidate-teatralizzate-a-roma","status":"publish","type":"post","link":"https:\/\/www.romaoggi.eu\/index.php\/2022\/06\/06\/viaggi-nel-tempo-con-le-visite-guidate-teatralizzate-a-roma\/","title":{"rendered":"Viaggi nel tempo con le &#8220;Visite Guidate Teatralizzate&#8221; a Roma"},"content":{"rendered":"<p style=\"text-align: justify;\">Ripartono i viaggi nel tempo con le <strong>&#8220;Visite Guidate Teatralizzate&#8221;,<\/strong> il teatro en plein air nello scenario suggestivo di Roma.<\/p>\n<p style=\"text-align: justify;\">Novit\u00e0 estate 2022 una versione 2.0 de \u201cI Borgia: i protagonisti, i luoghi, le malefatte, gli amori\u201d e &#8220;Il Medioevo di Roma&#8221;. Dal 3 giugno 2022 ogni fine settimana<\/p>\n<p style=\"text-align: justify;\">Chi non ha mai sognato di viaggiare nel tempo, magari tornare indietro nel passato o scoprire come saremo in futuro? C\u2019\u00e8 chi ha dedicato la vita intera allo studio di una macchina in grado di attraversare le epoche, ma per ora solo la letteratura e i film di fantascienza ci hanno regalato questo \u201cbrivido\u201d. Ma se \u00e8 vero che viaggiare a spasso tra i secoli non ci \u00e8 permesso esiste una affascinante opportunit\u00e0 di rivivere dal vivo eventi storici, quasi da protagonisti. A rendere possibile questa \u201cmagia\u201d l\u2019<strong>associazione I Viaggi di Adriano<\/strong> che da ben dodici edizioni, in collaborazione con <strong>Luca Basile<\/strong> e la C<strong>ompagnia Teatrale Fenix 1530<\/strong>, riporta in vita celebri personaggi come I Borgia, Trilussa, Beatrice Cenci, Caravaggio, Michelangelo. Avventure, storie, curiosit\u00e0 che prendono il nome di \u201cVisite Guidate Teatralizzate\u201d, una sorta di teatro en plein air nello scenario naturale di Roma, con preziosi costumi ereditati da celebri pellicole cinematografiche e un cast di talentuosi attori che hanno deciso di effettuare ricerche, riscrivere testi e dialoghi, di alcuni immaginari incontri che incredibilmente diventano talmente reali da lasciare i visitatori senza fiato. Per l\u2019estate 2022 si riparte con una nuova versione 2.0 de \u201cI Borgia: i protagonisti, i luoghi, le malefatte, gli amori\u201d, dal 3 giugno alle ore 21 in piazza Sforza Cesarini (15 minuti prima dell\u2019inizio).<\/p>\n<p><img loading=\"lazy\" decoding=\"async\" class=\"aligncenter wp-image-33080 size-large\" src=\"https:\/\/www.romaoggi.eu\/wp-content\/uploads\/2022\/06\/20220603_213925-1024x768.jpg\" alt=\"alt tag visite guidate teatralizzate\" width=\"1024\" height=\"768\" srcset=\"https:\/\/www.romaoggi.eu\/wp-content\/uploads\/2022\/06\/20220603_213925-1024x768.jpg 1024w, https:\/\/www.romaoggi.eu\/wp-content\/uploads\/2022\/06\/20220603_213925-300x225.jpg 300w, https:\/\/www.romaoggi.eu\/wp-content\/uploads\/2022\/06\/20220603_213925-1536x1152.jpg 1536w, https:\/\/www.romaoggi.eu\/wp-content\/uploads\/2022\/06\/20220603_213925-2048x1536.jpg 2048w, https:\/\/www.romaoggi.eu\/wp-content\/uploads\/2022\/06\/20220603_213925-326x245.jpg 326w, https:\/\/www.romaoggi.eu\/wp-content\/uploads\/2022\/06\/20220603_213925-80x60.jpg 80w\" sizes=\"auto, (max-width: 1024px) 100vw, 1024px\" \/><\/p>\n<p style=\"text-align: justify;\">Tutta la verit\u00e0 sulla famiglia pi\u00f9 famigerata della storia di Roma, tra vicoli e piazze nei quali Alessandro VI, Lucrezia, Cesare, Giovanni, si paleseranno accanto alla guida per ricostruire dalla loro viva voce la ricostruzione avvincente della loro ascesa. Delitti, intrighi e amori pronti per essere confidati al pubblico. Altra novit\u00e0 2022 \u201cIl Medioevo di Roma\u201d, visita guidata teatralizzata ambientata nel cuore di Trastevere, che far\u00e0 \u201capparire\u201d, il 17 giugno ore 21.00 in Piazza San Cosimato, personaggi illuminati quali Federico II, ma anche di immensa spiritualit\u00e0 come San Francesco, passando per Dante Alighieri e lo schiaffo di Anagni fino a recuperare la memoria dell\u2019ultimo dei \u201ctribuni de lo popolo\u201d Cola di Rienzo, personaggio del quale al di l\u00e0 della celebre via sembra perdersi la memoria. Fu l\u2019unica esperienza politica di Roma come ente comunale, con proprie istituzioni comunali, chiamata ad autogestirsi con il papa ad Avignone ed i baroni al loro posto \u201cgli unici 7 mesi giusti in tanti secoli di violenza e sopraffazione\u201d. Perch\u00e9 Roma \u00e8 stata anche questo fino a quando Cola di Rienzo cominci\u00f2 a comportarsi da barone. \u201cCola trad\u00ec Cola e Roma torn\u00f2 senza padrone.\u201d Grandi personaggi e storie straordinarie che si avvicenderanno, rendendo sempre pi\u00f9 unico il mondo originale delle visite guidate con teatro itinerante dove turisti, curiosi ed appassionati diventano parte integrante de racconto.<\/p>\n<figure id=\"attachment_33076\" aria-describedby=\"caption-attachment-33076\" style=\"width: 1024px\" class=\"wp-caption aligncenter\"><img loading=\"lazy\" decoding=\"async\" class=\"wp-image-33076 size-large\" src=\"https:\/\/www.romaoggi.eu\/wp-content\/uploads\/2022\/06\/285303762_5375576325807581_5343802375589131361_n-1024x768.jpg\" alt=\"alt tag visite guidate teatralizzate\" width=\"1024\" height=\"768\" srcset=\"https:\/\/www.romaoggi.eu\/wp-content\/uploads\/2022\/06\/285303762_5375576325807581_5343802375589131361_n-1024x768.jpg 1024w, https:\/\/www.romaoggi.eu\/wp-content\/uploads\/2022\/06\/285303762_5375576325807581_5343802375589131361_n-300x225.jpg 300w, https:\/\/www.romaoggi.eu\/wp-content\/uploads\/2022\/06\/285303762_5375576325807581_5343802375589131361_n-1536x1152.jpg 1536w, https:\/\/www.romaoggi.eu\/wp-content\/uploads\/2022\/06\/285303762_5375576325807581_5343802375589131361_n-326x245.jpg 326w, https:\/\/www.romaoggi.eu\/wp-content\/uploads\/2022\/06\/285303762_5375576325807581_5343802375589131361_n-80x60.jpg 80w, https:\/\/www.romaoggi.eu\/wp-content\/uploads\/2022\/06\/285303762_5375576325807581_5343802375589131361_n.jpg 2048w\" sizes=\"auto, (max-width: 1024px) 100vw, 1024px\" \/><figcaption id=\"caption-attachment-33076\" class=\"wp-caption-text\">visita guidata teatralizzata e la giornalista Antonietta Di Vizia<\/figcaption><\/figure>\n<p style=\"text-align: justify;\">Per info e prenotazioni <a href=\"https:\/\/www.pigierre.com\/\">www.viaggidiadriano.it<\/a> telefono 3343006636<\/p>\n<p>&nbsp;<\/p>\n","protected":false},"excerpt":{"rendered":"<div class=\"mh-excerpt\"><p>Ripartono i viaggi nel tempo con le &#8220;Visite Guidate Teatralizzate&#8221;, il teatro en plein air nello scenario suggestivo di Roma. Novit\u00e0 estate 2022 una versione 2.0 de \u201cI Borgia: i protagonisti, i luoghi, le malefatte, <a class=\"mh-excerpt-more\" href=\"https:\/\/www.romaoggi.eu\/index.php\/2022\/06\/06\/viaggi-nel-tempo-con-le-visite-guidate-teatralizzate-a-roma\/\" title=\"Viaggi nel tempo con le &#8220;Visite Guidate Teatralizzate&#8221; a Roma\">[&#8230;]<\/a><\/p>\n<\/div>","protected":false},"author":1,"featured_media":33077,"comment_status":"closed","ping_status":"open","sticky":false,"template":"","format":"standard","meta":{"_sitemap_exclude":false,"_sitemap_priority":"","_sitemap_frequency":"","footnotes":""},"categories":[4281],"tags":[16341,9434,109,14069,85,11224,2418,16340],"class_list":["post-33074","post","type-post","status-publish","format-standard","has-post-thumbnail","hentry","category-teatro","tag-borgia","tag-personaggi","tag-roma","tag-storia","tag-teatro","tag-turismo","tag-viaggi","tag-visite-teatralizzate"],"yoast_head":"<!-- This site is optimized with the Yoast SEO plugin v27.5 - https:\/\/yoast.com\/product\/yoast-seo-wordpress\/ -->\n<title>Viaggi nel tempo con le &quot;Visite Guidate Teatralizzate&quot; a Roma<\/title>\n<meta name=\"description\" content=\"Ripartono i viaggi nel tempo con le &quot;Visite Guidate Teatralizzate&quot;, il teatro en plein air nello scenario suggestivo di Roma. Novit\u00e0 estate 2022 una\" \/>\n<meta name=\"robots\" content=\"index, follow, max-snippet:-1, max-image-preview:large, max-video-preview:-1\" \/>\n<link rel=\"canonical\" href=\"https:\/\/www.romaoggi.eu\/index.php\/2022\/06\/06\/viaggi-nel-tempo-con-le-visite-guidate-teatralizzate-a-roma\/\" \/>\n<meta property=\"og:locale\" content=\"it_IT\" \/>\n<meta property=\"og:type\" content=\"article\" \/>\n<meta property=\"og:title\" content=\"Viaggi nel tempo con le &quot;Visite Guidate Teatralizzate&quot; a Roma\" \/>\n<meta property=\"og:description\" content=\"Ripartono i viaggi nel tempo con le &quot;Visite Guidate Teatralizzate&quot;, il teatro en plein air nello scenario suggestivo di Roma. Novit\u00e0 estate 2022 una\" \/>\n<meta property=\"og:url\" content=\"https:\/\/www.romaoggi.eu\/index.php\/2022\/06\/06\/viaggi-nel-tempo-con-le-visite-guidate-teatralizzate-a-roma\/\" \/>\n<meta property=\"og:site_name\" content=\"roma oggi\" \/>\n<meta property=\"article:publisher\" content=\"https:\/\/www.facebook.com\/RomaOggi-841544845954114\" \/>\n<meta property=\"article:published_time\" content=\"2022-06-06T08:41:15+00:00\" \/>\n<meta property=\"article:modified_time\" content=\"2022-06-06T08:42:59+00:00\" \/>\n<meta property=\"og:image\" content=\"https:\/\/www.romaoggi.eu\/wp-content\/uploads\/2022\/06\/285202397_5375576549140892_3172705047289149115_n.jpg\" \/>\n\t<meta property=\"og:image:width\" content=\"1536\" \/>\n\t<meta property=\"og:image:height\" content=\"2048\" \/>\n\t<meta property=\"og:image:type\" content=\"image\/jpeg\" \/>\n<meta name=\"author\" content=\"admin\" \/>\n<meta name=\"twitter:card\" content=\"summary_large_image\" \/>\n<meta name=\"twitter:creator\" content=\"@romaoggi_eu\" \/>\n<meta name=\"twitter:site\" content=\"@romaoggi_eu\" \/>\n<meta name=\"twitter:label1\" content=\"Scritto da\" \/>\n\t<meta name=\"twitter:data1\" content=\"admin\" \/>\n\t<meta name=\"twitter:label2\" content=\"Tempo di lettura stimato\" \/>\n\t<meta name=\"twitter:data2\" content=\"3 minuti\" \/>\n<script type=\"application\/ld+json\" class=\"yoast-schema-graph\">{\"@context\":\"https:\\\/\\\/schema.org\",\"@graph\":[{\"@type\":\"Article\",\"@id\":\"https:\\\/\\\/www.romaoggi.eu\\\/index.php\\\/2022\\\/06\\\/06\\\/viaggi-nel-tempo-con-le-visite-guidate-teatralizzate-a-roma\\\/#article\",\"isPartOf\":{\"@id\":\"https:\\\/\\\/www.romaoggi.eu\\\/index.php\\\/2022\\\/06\\\/06\\\/viaggi-nel-tempo-con-le-visite-guidate-teatralizzate-a-roma\\\/\"},\"author\":{\"name\":\"admin\",\"@id\":\"https:\\\/\\\/www.romaoggi.eu\\\/#\\\/schema\\\/person\\\/9b23ceb6a2992a25e98c76a5f1fbb887\"},\"headline\":\"Viaggi nel tempo con le &#8220;Visite Guidate Teatralizzate&#8221; a Roma\",\"datePublished\":\"2022-06-06T08:41:15+00:00\",\"dateModified\":\"2022-06-06T08:42:59+00:00\",\"mainEntityOfPage\":{\"@id\":\"https:\\\/\\\/www.romaoggi.eu\\\/index.php\\\/2022\\\/06\\\/06\\\/viaggi-nel-tempo-con-le-visite-guidate-teatralizzate-a-roma\\\/\"},\"wordCount\":510,\"publisher\":{\"@id\":\"https:\\\/\\\/www.romaoggi.eu\\\/#organization\"},\"image\":{\"@id\":\"https:\\\/\\\/www.romaoggi.eu\\\/index.php\\\/2022\\\/06\\\/06\\\/viaggi-nel-tempo-con-le-visite-guidate-teatralizzate-a-roma\\\/#primaryimage\"},\"thumbnailUrl\":\"https:\\\/\\\/www.romaoggi.eu\\\/wp-content\\\/uploads\\\/2022\\\/06\\\/285202397_5375576549140892_3172705047289149115_n.jpg\",\"keywords\":[\"borgia\",\"personaggi\",\"roma\",\"storia\",\"teatro\",\"turismo\",\"viaggi\",\"visite teatralizzate\"],\"articleSection\":[\"teatro\"],\"inLanguage\":\"it-IT\"},{\"@type\":\"WebPage\",\"@id\":\"https:\\\/\\\/www.romaoggi.eu\\\/index.php\\\/2022\\\/06\\\/06\\\/viaggi-nel-tempo-con-le-visite-guidate-teatralizzate-a-roma\\\/\",\"url\":\"https:\\\/\\\/www.romaoggi.eu\\\/index.php\\\/2022\\\/06\\\/06\\\/viaggi-nel-tempo-con-le-visite-guidate-teatralizzate-a-roma\\\/\",\"name\":\"Viaggi nel tempo con le \\\"Visite Guidate Teatralizzate\\\" a Roma\",\"isPartOf\":{\"@id\":\"https:\\\/\\\/www.romaoggi.eu\\\/#website\"},\"primaryImageOfPage\":{\"@id\":\"https:\\\/\\\/www.romaoggi.eu\\\/index.php\\\/2022\\\/06\\\/06\\\/viaggi-nel-tempo-con-le-visite-guidate-teatralizzate-a-roma\\\/#primaryimage\"},\"image\":{\"@id\":\"https:\\\/\\\/www.romaoggi.eu\\\/index.php\\\/2022\\\/06\\\/06\\\/viaggi-nel-tempo-con-le-visite-guidate-teatralizzate-a-roma\\\/#primaryimage\"},\"thumbnailUrl\":\"https:\\\/\\\/www.romaoggi.eu\\\/wp-content\\\/uploads\\\/2022\\\/06\\\/285202397_5375576549140892_3172705047289149115_n.jpg\",\"datePublished\":\"2022-06-06T08:41:15+00:00\",\"dateModified\":\"2022-06-06T08:42:59+00:00\",\"description\":\"Ripartono i viaggi nel tempo con le \\\"Visite Guidate Teatralizzate\\\", il teatro en plein air nello scenario suggestivo di Roma. Novit\u00e0 estate 2022 una\",\"breadcrumb\":{\"@id\":\"https:\\\/\\\/www.romaoggi.eu\\\/index.php\\\/2022\\\/06\\\/06\\\/viaggi-nel-tempo-con-le-visite-guidate-teatralizzate-a-roma\\\/#breadcrumb\"},\"inLanguage\":\"it-IT\",\"potentialAction\":[{\"@type\":\"ReadAction\",\"target\":[\"https:\\\/\\\/www.romaoggi.eu\\\/index.php\\\/2022\\\/06\\\/06\\\/viaggi-nel-tempo-con-le-visite-guidate-teatralizzate-a-roma\\\/\"]}]},{\"@type\":\"ImageObject\",\"inLanguage\":\"it-IT\",\"@id\":\"https:\\\/\\\/www.romaoggi.eu\\\/index.php\\\/2022\\\/06\\\/06\\\/viaggi-nel-tempo-con-le-visite-guidate-teatralizzate-a-roma\\\/#primaryimage\",\"url\":\"https:\\\/\\\/www.romaoggi.eu\\\/wp-content\\\/uploads\\\/2022\\\/06\\\/285202397_5375576549140892_3172705047289149115_n.jpg\",\"contentUrl\":\"https:\\\/\\\/www.romaoggi.eu\\\/wp-content\\\/uploads\\\/2022\\\/06\\\/285202397_5375576549140892_3172705047289149115_n.jpg\",\"width\":1536,\"height\":2048,\"caption\":\"alt tag visite guidate teatralizzate\"},{\"@type\":\"BreadcrumbList\",\"@id\":\"https:\\\/\\\/www.romaoggi.eu\\\/index.php\\\/2022\\\/06\\\/06\\\/viaggi-nel-tempo-con-le-visite-guidate-teatralizzate-a-roma\\\/#breadcrumb\",\"itemListElement\":[{\"@type\":\"ListItem\",\"position\":1,\"name\":\"Home\",\"item\":\"https:\\\/\\\/www.romaoggi.eu\\\/\"},{\"@type\":\"ListItem\",\"position\":2,\"name\":\"Viaggi nel tempo con le &#8220;Visite Guidate Teatralizzate&#8221; a Roma\"}]},{\"@type\":\"WebSite\",\"@id\":\"https:\\\/\\\/www.romaoggi.eu\\\/#website\",\"url\":\"https:\\\/\\\/www.romaoggi.eu\\\/\",\"name\":\"roma oggi\",\"description\":\"Interesting News for Interesting people\",\"publisher\":{\"@id\":\"https:\\\/\\\/www.romaoggi.eu\\\/#organization\"},\"potentialAction\":[{\"@type\":\"SearchAction\",\"target\":{\"@type\":\"EntryPoint\",\"urlTemplate\":\"https:\\\/\\\/www.romaoggi.eu\\\/?s={search_term_string}\"},\"query-input\":{\"@type\":\"PropertyValueSpecification\",\"valueRequired\":true,\"valueName\":\"search_term_string\"}}],\"inLanguage\":\"it-IT\"},{\"@type\":\"Organization\",\"@id\":\"https:\\\/\\\/www.romaoggi.eu\\\/#organization\",\"name\":\"RomaOggi\",\"url\":\"https:\\\/\\\/www.romaoggi.eu\\\/\",\"logo\":{\"@type\":\"ImageObject\",\"inLanguage\":\"it-IT\",\"@id\":\"https:\\\/\\\/www.romaoggi.eu\\\/#\\\/schema\\\/logo\\\/image\\\/\",\"url\":\"https:\\\/\\\/www.romaoggi.eu\\\/wp-content\\\/uploads\\\/2017\\\/04\\\/logowp.jpg\",\"contentUrl\":\"https:\\\/\\\/www.romaoggi.eu\\\/wp-content\\\/uploads\\\/2017\\\/04\\\/logowp.jpg\",\"width\":300,\"height\":133,\"caption\":\"RomaOggi\"},\"image\":{\"@id\":\"https:\\\/\\\/www.romaoggi.eu\\\/#\\\/schema\\\/logo\\\/image\\\/\"},\"sameAs\":[\"https:\\\/\\\/www.facebook.com\\\/RomaOggi-841544845954114\",\"https:\\\/\\\/x.com\\\/romaoggi_eu\"]},{\"@type\":\"Person\",\"@id\":\"https:\\\/\\\/www.romaoggi.eu\\\/#\\\/schema\\\/person\\\/9b23ceb6a2992a25e98c76a5f1fbb887\",\"name\":\"admin\",\"image\":{\"@type\":\"ImageObject\",\"inLanguage\":\"it-IT\",\"@id\":\"https:\\\/\\\/secure.gravatar.com\\\/avatar\\\/51b1e0a1f4159e3b5d89435fce5e1a348d6c59e2ff8c2d428dae75560aace504?s=96&d=mm&r=g\",\"url\":\"https:\\\/\\\/secure.gravatar.com\\\/avatar\\\/51b1e0a1f4159e3b5d89435fce5e1a348d6c59e2ff8c2d428dae75560aace504?s=96&d=mm&r=g\",\"contentUrl\":\"https:\\\/\\\/secure.gravatar.com\\\/avatar\\\/51b1e0a1f4159e3b5d89435fce5e1a348d6c59e2ff8c2d428dae75560aace504?s=96&d=mm&r=g\",\"caption\":\"admin\"},\"url\":\"https:\\\/\\\/www.romaoggi.eu\\\/index.php\\\/author\\\/admin\\\/\"}]}<\/script>\n<!-- \/ Yoast SEO plugin. -->","yoast_head_json":{"title":"Viaggi nel tempo con le \"Visite Guidate Teatralizzate\" a Roma","description":"Ripartono i viaggi nel tempo con le \"Visite Guidate Teatralizzate\", il teatro en plein air nello scenario suggestivo di Roma. Novit\u00e0 estate 2022 una","robots":{"index":"index","follow":"follow","max-snippet":"max-snippet:-1","max-image-preview":"max-image-preview:large","max-video-preview":"max-video-preview:-1"},"canonical":"https:\/\/www.romaoggi.eu\/index.php\/2022\/06\/06\/viaggi-nel-tempo-con-le-visite-guidate-teatralizzate-a-roma\/","og_locale":"it_IT","og_type":"article","og_title":"Viaggi nel tempo con le \"Visite Guidate Teatralizzate\" a Roma","og_description":"Ripartono i viaggi nel tempo con le \"Visite Guidate Teatralizzate\", il teatro en plein air nello scenario suggestivo di Roma. Novit\u00e0 estate 2022 una","og_url":"https:\/\/www.romaoggi.eu\/index.php\/2022\/06\/06\/viaggi-nel-tempo-con-le-visite-guidate-teatralizzate-a-roma\/","og_site_name":"roma oggi","article_publisher":"https:\/\/www.facebook.com\/RomaOggi-841544845954114","article_published_time":"2022-06-06T08:41:15+00:00","article_modified_time":"2022-06-06T08:42:59+00:00","og_image":[{"width":1536,"height":2048,"url":"https:\/\/www.romaoggi.eu\/wp-content\/uploads\/2022\/06\/285202397_5375576549140892_3172705047289149115_n.jpg","type":"image\/jpeg"}],"author":"admin","twitter_card":"summary_large_image","twitter_creator":"@romaoggi_eu","twitter_site":"@romaoggi_eu","twitter_misc":{"Scritto da":"admin","Tempo di lettura stimato":"3 minuti"},"schema":{"@context":"https:\/\/schema.org","@graph":[{"@type":"Article","@id":"https:\/\/www.romaoggi.eu\/index.php\/2022\/06\/06\/viaggi-nel-tempo-con-le-visite-guidate-teatralizzate-a-roma\/#article","isPartOf":{"@id":"https:\/\/www.romaoggi.eu\/index.php\/2022\/06\/06\/viaggi-nel-tempo-con-le-visite-guidate-teatralizzate-a-roma\/"},"author":{"name":"admin","@id":"https:\/\/www.romaoggi.eu\/#\/schema\/person\/9b23ceb6a2992a25e98c76a5f1fbb887"},"headline":"Viaggi nel tempo con le &#8220;Visite Guidate Teatralizzate&#8221; a Roma","datePublished":"2022-06-06T08:41:15+00:00","dateModified":"2022-06-06T08:42:59+00:00","mainEntityOfPage":{"@id":"https:\/\/www.romaoggi.eu\/index.php\/2022\/06\/06\/viaggi-nel-tempo-con-le-visite-guidate-teatralizzate-a-roma\/"},"wordCount":510,"publisher":{"@id":"https:\/\/www.romaoggi.eu\/#organization"},"image":{"@id":"https:\/\/www.romaoggi.eu\/index.php\/2022\/06\/06\/viaggi-nel-tempo-con-le-visite-guidate-teatralizzate-a-roma\/#primaryimage"},"thumbnailUrl":"https:\/\/www.romaoggi.eu\/wp-content\/uploads\/2022\/06\/285202397_5375576549140892_3172705047289149115_n.jpg","keywords":["borgia","personaggi","roma","storia","teatro","turismo","viaggi","visite teatralizzate"],"articleSection":["teatro"],"inLanguage":"it-IT"},{"@type":"WebPage","@id":"https:\/\/www.romaoggi.eu\/index.php\/2022\/06\/06\/viaggi-nel-tempo-con-le-visite-guidate-teatralizzate-a-roma\/","url":"https:\/\/www.romaoggi.eu\/index.php\/2022\/06\/06\/viaggi-nel-tempo-con-le-visite-guidate-teatralizzate-a-roma\/","name":"Viaggi nel tempo con le \"Visite Guidate Teatralizzate\" a Roma","isPartOf":{"@id":"https:\/\/www.romaoggi.eu\/#website"},"primaryImageOfPage":{"@id":"https:\/\/www.romaoggi.eu\/index.php\/2022\/06\/06\/viaggi-nel-tempo-con-le-visite-guidate-teatralizzate-a-roma\/#primaryimage"},"image":{"@id":"https:\/\/www.romaoggi.eu\/index.php\/2022\/06\/06\/viaggi-nel-tempo-con-le-visite-guidate-teatralizzate-a-roma\/#primaryimage"},"thumbnailUrl":"https:\/\/www.romaoggi.eu\/wp-content\/uploads\/2022\/06\/285202397_5375576549140892_3172705047289149115_n.jpg","datePublished":"2022-06-06T08:41:15+00:00","dateModified":"2022-06-06T08:42:59+00:00","description":"Ripartono i viaggi nel tempo con le \"Visite Guidate Teatralizzate\", il teatro en plein air nello scenario suggestivo di Roma. Novit\u00e0 estate 2022 una","breadcrumb":{"@id":"https:\/\/www.romaoggi.eu\/index.php\/2022\/06\/06\/viaggi-nel-tempo-con-le-visite-guidate-teatralizzate-a-roma\/#breadcrumb"},"inLanguage":"it-IT","potentialAction":[{"@type":"ReadAction","target":["https:\/\/www.romaoggi.eu\/index.php\/2022\/06\/06\/viaggi-nel-tempo-con-le-visite-guidate-teatralizzate-a-roma\/"]}]},{"@type":"ImageObject","inLanguage":"it-IT","@id":"https:\/\/www.romaoggi.eu\/index.php\/2022\/06\/06\/viaggi-nel-tempo-con-le-visite-guidate-teatralizzate-a-roma\/#primaryimage","url":"https:\/\/www.romaoggi.eu\/wp-content\/uploads\/2022\/06\/285202397_5375576549140892_3172705047289149115_n.jpg","contentUrl":"https:\/\/www.romaoggi.eu\/wp-content\/uploads\/2022\/06\/285202397_5375576549140892_3172705047289149115_n.jpg","width":1536,"height":2048,"caption":"alt tag visite guidate teatralizzate"},{"@type":"BreadcrumbList","@id":"https:\/\/www.romaoggi.eu\/index.php\/2022\/06\/06\/viaggi-nel-tempo-con-le-visite-guidate-teatralizzate-a-roma\/#breadcrumb","itemListElement":[{"@type":"ListItem","position":1,"name":"Home","item":"https:\/\/www.romaoggi.eu\/"},{"@type":"ListItem","position":2,"name":"Viaggi nel tempo con le &#8220;Visite Guidate Teatralizzate&#8221; a Roma"}]},{"@type":"WebSite","@id":"https:\/\/www.romaoggi.eu\/#website","url":"https:\/\/www.romaoggi.eu\/","name":"roma oggi","description":"Interesting News for Interesting people","publisher":{"@id":"https:\/\/www.romaoggi.eu\/#organization"},"potentialAction":[{"@type":"SearchAction","target":{"@type":"EntryPoint","urlTemplate":"https:\/\/www.romaoggi.eu\/?s={search_term_string}"},"query-input":{"@type":"PropertyValueSpecification","valueRequired":true,"valueName":"search_term_string"}}],"inLanguage":"it-IT"},{"@type":"Organization","@id":"https:\/\/www.romaoggi.eu\/#organization","name":"RomaOggi","url":"https:\/\/www.romaoggi.eu\/","logo":{"@type":"ImageObject","inLanguage":"it-IT","@id":"https:\/\/www.romaoggi.eu\/#\/schema\/logo\/image\/","url":"https:\/\/www.romaoggi.eu\/wp-content\/uploads\/2017\/04\/logowp.jpg","contentUrl":"https:\/\/www.romaoggi.eu\/wp-content\/uploads\/2017\/04\/logowp.jpg","width":300,"height":133,"caption":"RomaOggi"},"image":{"@id":"https:\/\/www.romaoggi.eu\/#\/schema\/logo\/image\/"},"sameAs":["https:\/\/www.facebook.com\/RomaOggi-841544845954114","https:\/\/x.com\/romaoggi_eu"]},{"@type":"Person","@id":"https:\/\/www.romaoggi.eu\/#\/schema\/person\/9b23ceb6a2992a25e98c76a5f1fbb887","name":"admin","image":{"@type":"ImageObject","inLanguage":"it-IT","@id":"https:\/\/secure.gravatar.com\/avatar\/51b1e0a1f4159e3b5d89435fce5e1a348d6c59e2ff8c2d428dae75560aace504?s=96&d=mm&r=g","url":"https:\/\/secure.gravatar.com\/avatar\/51b1e0a1f4159e3b5d89435fce5e1a348d6c59e2ff8c2d428dae75560aace504?s=96&d=mm&r=g","contentUrl":"https:\/\/secure.gravatar.com\/avatar\/51b1e0a1f4159e3b5d89435fce5e1a348d6c59e2ff8c2d428dae75560aace504?s=96&d=mm&r=g","caption":"admin"},"url":"https:\/\/www.romaoggi.eu\/index.php\/author\/admin\/"}]}},"_links":{"self":[{"href":"https:\/\/www.romaoggi.eu\/index.php\/wp-json\/wp\/v2\/posts\/33074","targetHints":{"allow":["GET"]}}],"collection":[{"href":"https:\/\/www.romaoggi.eu\/index.php\/wp-json\/wp\/v2\/posts"}],"about":[{"href":"https:\/\/www.romaoggi.eu\/index.php\/wp-json\/wp\/v2\/types\/post"}],"author":[{"embeddable":true,"href":"https:\/\/www.romaoggi.eu\/index.php\/wp-json\/wp\/v2\/users\/1"}],"replies":[{"embeddable":true,"href":"https:\/\/www.romaoggi.eu\/index.php\/wp-json\/wp\/v2\/comments?post=33074"}],"version-history":[{"count":5,"href":"https:\/\/www.romaoggi.eu\/index.php\/wp-json\/wp\/v2\/posts\/33074\/revisions"}],"predecessor-version":[{"id":33079,"href":"https:\/\/www.romaoggi.eu\/index.php\/wp-json\/wp\/v2\/posts\/33074\/revisions\/33079"}],"wp:featuredmedia":[{"embeddable":true,"href":"https:\/\/www.romaoggi.eu\/index.php\/wp-json\/wp\/v2\/media\/33077"}],"wp:attachment":[{"href":"https:\/\/www.romaoggi.eu\/index.php\/wp-json\/wp\/v2\/media?parent=33074"}],"wp:term":[{"taxonomy":"category","embeddable":true,"href":"https:\/\/www.romaoggi.eu\/index.php\/wp-json\/wp\/v2\/categories?post=33074"},{"taxonomy":"post_tag","embeddable":true,"href":"https:\/\/www.romaoggi.eu\/index.php\/wp-json\/wp\/v2\/tags?post=33074"}],"curies":[{"name":"wp","href":"https:\/\/api.w.org\/{rel}","templated":true}]}}