{"id":33227,"date":"2022-06-19T13:42:46","date_gmt":"2022-06-19T11:42:46","guid":{"rendered":"https:\/\/www.romaoggi.eu\/?p=33227"},"modified":"2022-06-24T09:52:47","modified_gmt":"2022-06-24T07:52:47","slug":"monsignore-il-nuovo-singolo-di-massi-farina","status":"publish","type":"post","link":"https:\/\/www.romaoggi.eu\/index.php\/2022\/06\/19\/monsignore-il-nuovo-singolo-di-massi-farina\/","title":{"rendered":"&#8220;Monsignore&#8221;, il nuovo singolo di Massi Farina"},"content":{"rendered":"<p><strong><a href=\"https:\/\/www.massifarina.it\/\">Massi Farina<\/a>,<\/strong> il cantautore romanesco, si presenta al pubblico con il secondo singolo <strong>MONSIGNORE<\/strong> e le critiche curiose non si fanno attendere. Il brano \u00e8 uscito da pochissimi giorni e gi\u00e0 il personaggio di cui Massi Farina ci canta i tanti vizi e le poche virt\u00f9 ha destato curiosit\u00e0 ed un pizzico di scalpore. Irriverente e, soprattutto, ironico il cantautore romano gliele canta e gliele\u00a0 suona a certi personaggi che dietro la facciata e pieni della loro \u201cpotenza\u201d conducono una vita piena di spregiudicatezza ed inesattezze verso il prossimo.\u00a0 Il brano \u00e8 gi\u00e0 on air in alcune importanti radio romane e laziali e si pu\u00f2 ascoltare su tutte\u00a0 le piattaforme digitali<\/p>\n<p><a href=\"https:\/\/distrokid.com\/hyperfollow\/massifarina\/monsignore\">https:\/\/distrokid.com\/hyperfollow\/massifarina\/monsignore<\/a><\/p>\n<p><a href=\"https:\/\/open.spotify.com\/track\/6OtAjPyznc1zF67pRI449f\">ascolta il brano su Spotify<\/a><\/p>\n<p>MONSIGNORE \u00e8 il secondo singolo da \u201csolista\u201d di Massi Farina e rappresenta anche il secondo atto del progetto &#8220;in nove uscite con copertine d\u2019autore\u201d ad opera di Paco Rianna e con le collaterali opere artistiche di Barbara Maresti, per un progetto multiarte e multidisciplinare. Dopo il successo ottenuto con ER BARONE DECADENTE, di cui \u00e8 imminente anche l\u2019uscita del videoclip, il\u00a0 pungente cantautore romano colpisce duro con questo brano pop rock a tinte forti, con un testo che lascia ben poco all&#8217;immaginazione .<\/p>\n<p>\u201cUna vita vissuta in balia delle tentazioni, lontana anni luce dalla via impostagli dal sacerdozio. Come un killer seriale, ripete compulsivamente le sue azioni sbagliate, ed \u00e8 costretto pi\u00f9 volte a cambiare citt\u00e0.\u201d (Massi Farina)<\/p>\n<p>MONSIGNORE vede l\u2019arrangiamento di Claudio Perini, alla batteria Kicco Careddu, alle percussioni \u00a0Paulo La Rosa, con il Mix e Mastering di Simone Coen.<\/p>\n<p>Tanti anni di esperienza sui palchi e tanti premi e riconoscimenti raggiunti con le band di cui ha fatto parte e co-fondato per un cantautore che ha avuto ed ha tanto da dire. Un percorso musicale a cavallo tra il rap ed il pop rock, passando per il folk ironico e le tante vie delle strade della musica. MONSIGNORE \u00e8 un brano che ci far\u00e0 sorridere e riflettere.<\/p>\n<p><strong>BIO MASSI FARINA<\/strong><\/p>\n<p>Pubblica il suo primo brano ufficiale da solista il 5 aprile 2022, dal titolo ER BARONE DECADENTE, con cui attira l\u2019attenzione del pubblico e degli addetti ai lavori grazie anche all\u2019uso del dialetto romano ed alla tematica trattata. Mentre prepara l\u2019uscita del videoclip esce il nuovo brano MONSIGNORE e getta le basi per il brano successivo. La sua storia da solista \u00a0era gi\u00e0 iniziata con dei live nel 2020, \u00a0dopo le interessanti esperienze nelle band, di cui \u00e8 stato anche il co-fondatore: \u00a0\u201cLa Cricca dell\u2019Orma\u201d, &#8220;Le AnimeNote&#8221; e i \u201cD.S.P. (DigitalSoundParadise)\u201d.\u00a0 Ha realizzato per Le AnimeNote, &#8220;Che \u00e8 rimasto de loro&#8221;, un brano di beneficenza dedicato ai giudici Falcone e Borsellino, mixato da Fabrizio Simoncioni, caro amico e grandissimo fonico e musicista (attualmente tastierista dei Litfiba). Il videoclip del brano, per la Regia di Damiano Impiccich\u00e9, si \u00e8 aggiudicato la vittoria del Premio Roma Videoclip per il sociale,\u00a0 nel Giugno 2021. Tra le altre soddisfazioni raggiunte con le band ci sono state le finali del Premio Califano (2016 e 2019), 2016 live nel meraviglioso Teatro Olimpico e nel 2019 al Puff,\u00a0 storico locale romano di Lando Fiorini.<\/p>\n<p>Link Spotify Artista <a href=\"https:\/\/open.spotify.com\/artist\/5icPgb2IXN5RSJFcG8zq9L\">https:\/\/open.spotify.com\/artist\/5icPgb2IXN5RSJFcG8zq9L<\/a><\/p>\n<p>Link Spotify brano\u00a0 <a href=\"https:\/\/open.spotify.com\/track\/6OtAjPyznc1zF67pRI449f\">https:\/\/open.spotify.com\/track\/6OtAjPyznc1zF67pRI449f<\/a><\/p>\n<p>link Apple Music <a href=\"https:\/\/music.apple.com\/us\/album\/monsignore-single\/1624897566\">https:\/\/music.apple.com\/us\/album\/monsignore-single\/1624897566<\/a><\/p>\n<p>Link Social Massi Farina:<\/p>\n<p><a href=\"https:\/\/www.facebook.com\/massifarina2020\/\">https:\/\/www.facebook.com\/massifarina2020\/<\/a><\/p>\n<p><a href=\"https:\/\/instagram.com\/massi_farina?utm_medium=copy_link\">https:\/\/instagram.com\/massi_farina<\/a><\/p>\n<p>Link Youtube Artista<\/p>\n<p><a href=\"https:\/\/www.youtube.com\/channel\/UCr1Sjf_wycN7d4U5SbvHZ_w\">https:\/\/www.youtube.com\/channel\/UCr1Sjf_wycN7d4U5SbvHZ_w<\/a><\/p>\n<p>&nbsp;<\/p>\n<p><img loading=\"lazy\" decoding=\"async\" class=\"aligncenter size-medium wp-image-33228\" src=\"https:\/\/www.romaoggi.eu\/wp-content\/uploads\/2022\/06\/Monsignore-Massi-Farina-Cover-3000x3000-1-300x300.jpg\" alt=\"\" width=\"300\" height=\"300\" srcset=\"https:\/\/www.romaoggi.eu\/wp-content\/uploads\/2022\/06\/Monsignore-Massi-Farina-Cover-3000x3000-1-300x300.jpg 300w, https:\/\/www.romaoggi.eu\/wp-content\/uploads\/2022\/06\/Monsignore-Massi-Farina-Cover-3000x3000-1-1024x1024.jpg 1024w, https:\/\/www.romaoggi.eu\/wp-content\/uploads\/2022\/06\/Monsignore-Massi-Farina-Cover-3000x3000-1-150x150.jpg 150w, https:\/\/www.romaoggi.eu\/wp-content\/uploads\/2022\/06\/Monsignore-Massi-Farina-Cover-3000x3000-1-1536x1536.jpg 1536w, https:\/\/www.romaoggi.eu\/wp-content\/uploads\/2022\/06\/Monsignore-Massi-Farina-Cover-3000x3000-1-2048x2048.jpg 2048w\" sizes=\"auto, (max-width: 300px) 100vw, 300px\" \/><\/p>\n","protected":false},"excerpt":{"rendered":"<div class=\"mh-excerpt\"><p>Massi Farina, il cantautore romanesco, si presenta al pubblico con il secondo singolo MONSIGNORE e le critiche curiose non si fanno attendere. Il brano \u00e8 uscito da pochissimi giorni e gi\u00e0 il personaggio di cui <a class=\"mh-excerpt-more\" href=\"https:\/\/www.romaoggi.eu\/index.php\/2022\/06\/19\/monsignore-il-nuovo-singolo-di-massi-farina\/\" title=\"&#8220;Monsignore&#8221;, il nuovo singolo di Massi Farina\">[&#8230;]<\/a><\/p>\n<\/div>","protected":false},"author":13,"featured_media":33229,"comment_status":"closed","ping_status":"open","sticky":false,"template":"","format":"standard","meta":{"_sitemap_exclude":false,"_sitemap_priority":"","_sitemap_frequency":"","footnotes":""},"categories":[2715],"tags":[16210,16372],"class_list":["post-33227","post","type-post","status-publish","format-standard","has-post-thumbnail","hentry","category-musica","tag-massi-farina","tag-monsignore"],"yoast_head":"<!-- This site is optimized with the Yoast SEO plugin v27.5 - https:\/\/yoast.com\/product\/yoast-seo-wordpress\/ -->\n<title>&quot;Monsignore&quot;, il nuovo singolo di Massi Farina<\/title>\n<meta name=\"description\" content=\"Massi Farina, il cantautore romanesco, si presenta al pubblico con il secondo singolo MONSIGNORE e le critiche curiose non si fanno attendere. Il brano \u00e8\" \/>\n<meta name=\"robots\" content=\"index, follow, max-snippet:-1, max-image-preview:large, max-video-preview:-1\" \/>\n<link rel=\"canonical\" href=\"https:\/\/www.romaoggi.eu\/index.php\/2022\/06\/19\/monsignore-il-nuovo-singolo-di-massi-farina\/\" \/>\n<meta property=\"og:locale\" content=\"it_IT\" \/>\n<meta property=\"og:type\" content=\"article\" \/>\n<meta property=\"og:title\" content=\"&quot;Monsignore&quot;, il nuovo singolo di Massi Farina\" \/>\n<meta property=\"og:description\" content=\"Massi Farina, il cantautore romanesco, si presenta al pubblico con il secondo singolo MONSIGNORE e le critiche curiose non si fanno attendere. Il brano \u00e8\" \/>\n<meta property=\"og:url\" content=\"https:\/\/www.romaoggi.eu\/index.php\/2022\/06\/19\/monsignore-il-nuovo-singolo-di-massi-farina\/\" \/>\n<meta property=\"og:site_name\" content=\"roma oggi\" \/>\n<meta property=\"article:publisher\" content=\"https:\/\/www.facebook.com\/RomaOggi-841544845954114\" \/>\n<meta property=\"article:published_time\" content=\"2022-06-19T11:42:46+00:00\" \/>\n<meta property=\"article:modified_time\" content=\"2022-06-24T07:52:47+00:00\" \/>\n<meta property=\"og:image\" content=\"https:\/\/www.romaoggi.eu\/wp-content\/uploads\/2022\/06\/Massi-Farina.jpeg\" \/>\n\t<meta property=\"og:image:width\" content=\"960\" \/>\n\t<meta property=\"og:image:height\" content=\"939\" \/>\n\t<meta property=\"og:image:type\" content=\"image\/jpeg\" \/>\n<meta name=\"author\" content=\"Federica Pansadoro\" \/>\n<meta name=\"twitter:card\" content=\"summary_large_image\" \/>\n<meta name=\"twitter:creator\" content=\"@romaoggi_eu\" \/>\n<meta name=\"twitter:site\" content=\"@romaoggi_eu\" \/>\n<meta name=\"twitter:label1\" content=\"Scritto da\" \/>\n\t<meta name=\"twitter:data1\" content=\"Federica Pansadoro\" \/>\n\t<meta name=\"twitter:label2\" content=\"Tempo di lettura stimato\" \/>\n\t<meta name=\"twitter:data2\" content=\"4 minuti\" \/>\n<script type=\"application\/ld+json\" class=\"yoast-schema-graph\">{\"@context\":\"https:\\\/\\\/schema.org\",\"@graph\":[{\"@type\":\"Article\",\"@id\":\"https:\\\/\\\/www.romaoggi.eu\\\/index.php\\\/2022\\\/06\\\/19\\\/monsignore-il-nuovo-singolo-di-massi-farina\\\/#article\",\"isPartOf\":{\"@id\":\"https:\\\/\\\/www.romaoggi.eu\\\/index.php\\\/2022\\\/06\\\/19\\\/monsignore-il-nuovo-singolo-di-massi-farina\\\/\"},\"author\":{\"name\":\"Federica Pansadoro\",\"@id\":\"https:\\\/\\\/www.romaoggi.eu\\\/#\\\/schema\\\/person\\\/569485df663c86fd2d0179a6643546f9\"},\"headline\":\"&#8220;Monsignore&#8221;, il nuovo singolo di Massi Farina\",\"datePublished\":\"2022-06-19T11:42:46+00:00\",\"dateModified\":\"2022-06-24T07:52:47+00:00\",\"mainEntityOfPage\":{\"@id\":\"https:\\\/\\\/www.romaoggi.eu\\\/index.php\\\/2022\\\/06\\\/19\\\/monsignore-il-nuovo-singolo-di-massi-farina\\\/\"},\"wordCount\":585,\"publisher\":{\"@id\":\"https:\\\/\\\/www.romaoggi.eu\\\/#organization\"},\"image\":{\"@id\":\"https:\\\/\\\/www.romaoggi.eu\\\/index.php\\\/2022\\\/06\\\/19\\\/monsignore-il-nuovo-singolo-di-massi-farina\\\/#primaryimage\"},\"thumbnailUrl\":\"https:\\\/\\\/www.romaoggi.eu\\\/wp-content\\\/uploads\\\/2022\\\/06\\\/Massi-Farina.jpeg\",\"keywords\":[\"Massi Farina\",\"MONSIGNORE\"],\"articleSection\":[\"musica\"],\"inLanguage\":\"it-IT\"},{\"@type\":\"WebPage\",\"@id\":\"https:\\\/\\\/www.romaoggi.eu\\\/index.php\\\/2022\\\/06\\\/19\\\/monsignore-il-nuovo-singolo-di-massi-farina\\\/\",\"url\":\"https:\\\/\\\/www.romaoggi.eu\\\/index.php\\\/2022\\\/06\\\/19\\\/monsignore-il-nuovo-singolo-di-massi-farina\\\/\",\"name\":\"\\\"Monsignore\\\", il nuovo singolo di Massi Farina\",\"isPartOf\":{\"@id\":\"https:\\\/\\\/www.romaoggi.eu\\\/#website\"},\"primaryImageOfPage\":{\"@id\":\"https:\\\/\\\/www.romaoggi.eu\\\/index.php\\\/2022\\\/06\\\/19\\\/monsignore-il-nuovo-singolo-di-massi-farina\\\/#primaryimage\"},\"image\":{\"@id\":\"https:\\\/\\\/www.romaoggi.eu\\\/index.php\\\/2022\\\/06\\\/19\\\/monsignore-il-nuovo-singolo-di-massi-farina\\\/#primaryimage\"},\"thumbnailUrl\":\"https:\\\/\\\/www.romaoggi.eu\\\/wp-content\\\/uploads\\\/2022\\\/06\\\/Massi-Farina.jpeg\",\"datePublished\":\"2022-06-19T11:42:46+00:00\",\"dateModified\":\"2022-06-24T07:52:47+00:00\",\"description\":\"Massi Farina, il cantautore romanesco, si presenta al pubblico con il secondo singolo MONSIGNORE e le critiche curiose non si fanno attendere. Il brano \u00e8\",\"breadcrumb\":{\"@id\":\"https:\\\/\\\/www.romaoggi.eu\\\/index.php\\\/2022\\\/06\\\/19\\\/monsignore-il-nuovo-singolo-di-massi-farina\\\/#breadcrumb\"},\"inLanguage\":\"it-IT\",\"potentialAction\":[{\"@type\":\"ReadAction\",\"target\":[\"https:\\\/\\\/www.romaoggi.eu\\\/index.php\\\/2022\\\/06\\\/19\\\/monsignore-il-nuovo-singolo-di-massi-farina\\\/\"]}]},{\"@type\":\"ImageObject\",\"inLanguage\":\"it-IT\",\"@id\":\"https:\\\/\\\/www.romaoggi.eu\\\/index.php\\\/2022\\\/06\\\/19\\\/monsignore-il-nuovo-singolo-di-massi-farina\\\/#primaryimage\",\"url\":\"https:\\\/\\\/www.romaoggi.eu\\\/wp-content\\\/uploads\\\/2022\\\/06\\\/Massi-Farina.jpeg\",\"contentUrl\":\"https:\\\/\\\/www.romaoggi.eu\\\/wp-content\\\/uploads\\\/2022\\\/06\\\/Massi-Farina.jpeg\",\"width\":960,\"height\":939},{\"@type\":\"BreadcrumbList\",\"@id\":\"https:\\\/\\\/www.romaoggi.eu\\\/index.php\\\/2022\\\/06\\\/19\\\/monsignore-il-nuovo-singolo-di-massi-farina\\\/#breadcrumb\",\"itemListElement\":[{\"@type\":\"ListItem\",\"position\":1,\"name\":\"Home\",\"item\":\"https:\\\/\\\/www.romaoggi.eu\\\/\"},{\"@type\":\"ListItem\",\"position\":2,\"name\":\"&#8220;Monsignore&#8221;, il nuovo singolo di Massi Farina\"}]},{\"@type\":\"WebSite\",\"@id\":\"https:\\\/\\\/www.romaoggi.eu\\\/#website\",\"url\":\"https:\\\/\\\/www.romaoggi.eu\\\/\",\"name\":\"roma oggi\",\"description\":\"Interesting News for Interesting people\",\"publisher\":{\"@id\":\"https:\\\/\\\/www.romaoggi.eu\\\/#organization\"},\"potentialAction\":[{\"@type\":\"SearchAction\",\"target\":{\"@type\":\"EntryPoint\",\"urlTemplate\":\"https:\\\/\\\/www.romaoggi.eu\\\/?s={search_term_string}\"},\"query-input\":{\"@type\":\"PropertyValueSpecification\",\"valueRequired\":true,\"valueName\":\"search_term_string\"}}],\"inLanguage\":\"it-IT\"},{\"@type\":\"Organization\",\"@id\":\"https:\\\/\\\/www.romaoggi.eu\\\/#organization\",\"name\":\"RomaOggi\",\"url\":\"https:\\\/\\\/www.romaoggi.eu\\\/\",\"logo\":{\"@type\":\"ImageObject\",\"inLanguage\":\"it-IT\",\"@id\":\"https:\\\/\\\/www.romaoggi.eu\\\/#\\\/schema\\\/logo\\\/image\\\/\",\"url\":\"https:\\\/\\\/www.romaoggi.eu\\\/wp-content\\\/uploads\\\/2017\\\/04\\\/logowp.jpg\",\"contentUrl\":\"https:\\\/\\\/www.romaoggi.eu\\\/wp-content\\\/uploads\\\/2017\\\/04\\\/logowp.jpg\",\"width\":300,\"height\":133,\"caption\":\"RomaOggi\"},\"image\":{\"@id\":\"https:\\\/\\\/www.romaoggi.eu\\\/#\\\/schema\\\/logo\\\/image\\\/\"},\"sameAs\":[\"https:\\\/\\\/www.facebook.com\\\/RomaOggi-841544845954114\",\"https:\\\/\\\/x.com\\\/romaoggi_eu\"]},{\"@type\":\"Person\",\"@id\":\"https:\\\/\\\/www.romaoggi.eu\\\/#\\\/schema\\\/person\\\/569485df663c86fd2d0179a6643546f9\",\"name\":\"Federica Pansadoro\",\"image\":{\"@type\":\"ImageObject\",\"inLanguage\":\"it-IT\",\"@id\":\"https:\\\/\\\/secure.gravatar.com\\\/avatar\\\/646783eb26ef4eab9fe24f298081663814c4d6acd6ea1c44b2633e8176ba1dc5?s=96&d=mm&r=g\",\"url\":\"https:\\\/\\\/secure.gravatar.com\\\/avatar\\\/646783eb26ef4eab9fe24f298081663814c4d6acd6ea1c44b2633e8176ba1dc5?s=96&d=mm&r=g\",\"contentUrl\":\"https:\\\/\\\/secure.gravatar.com\\\/avatar\\\/646783eb26ef4eab9fe24f298081663814c4d6acd6ea1c44b2633e8176ba1dc5?s=96&d=mm&r=g\",\"caption\":\"Federica Pansadoro\"},\"sameAs\":[\"https:\\\/\\\/www.youtube.com\\\/channel\\\/UCN8Y45Fmdd0XBagxT7qUVEA\"],\"url\":\"https:\\\/\\\/www.romaoggi.eu\\\/index.php\\\/author\\\/federica\\\/\"}]}<\/script>\n<!-- \/ Yoast SEO plugin. -->","yoast_head_json":{"title":"\"Monsignore\", il nuovo singolo di Massi Farina","description":"Massi Farina, il cantautore romanesco, si presenta al pubblico con il secondo singolo MONSIGNORE e le critiche curiose non si fanno attendere. Il brano \u00e8","robots":{"index":"index","follow":"follow","max-snippet":"max-snippet:-1","max-image-preview":"max-image-preview:large","max-video-preview":"max-video-preview:-1"},"canonical":"https:\/\/www.romaoggi.eu\/index.php\/2022\/06\/19\/monsignore-il-nuovo-singolo-di-massi-farina\/","og_locale":"it_IT","og_type":"article","og_title":"\"Monsignore\", il nuovo singolo di Massi Farina","og_description":"Massi Farina, il cantautore romanesco, si presenta al pubblico con il secondo singolo MONSIGNORE e le critiche curiose non si fanno attendere. Il brano \u00e8","og_url":"https:\/\/www.romaoggi.eu\/index.php\/2022\/06\/19\/monsignore-il-nuovo-singolo-di-massi-farina\/","og_site_name":"roma oggi","article_publisher":"https:\/\/www.facebook.com\/RomaOggi-841544845954114","article_published_time":"2022-06-19T11:42:46+00:00","article_modified_time":"2022-06-24T07:52:47+00:00","og_image":[{"width":960,"height":939,"url":"https:\/\/www.romaoggi.eu\/wp-content\/uploads\/2022\/06\/Massi-Farina.jpeg","type":"image\/jpeg"}],"author":"Federica Pansadoro","twitter_card":"summary_large_image","twitter_creator":"@romaoggi_eu","twitter_site":"@romaoggi_eu","twitter_misc":{"Scritto da":"Federica Pansadoro","Tempo di lettura stimato":"4 minuti"},"schema":{"@context":"https:\/\/schema.org","@graph":[{"@type":"Article","@id":"https:\/\/www.romaoggi.eu\/index.php\/2022\/06\/19\/monsignore-il-nuovo-singolo-di-massi-farina\/#article","isPartOf":{"@id":"https:\/\/www.romaoggi.eu\/index.php\/2022\/06\/19\/monsignore-il-nuovo-singolo-di-massi-farina\/"},"author":{"name":"Federica Pansadoro","@id":"https:\/\/www.romaoggi.eu\/#\/schema\/person\/569485df663c86fd2d0179a6643546f9"},"headline":"&#8220;Monsignore&#8221;, il nuovo singolo di Massi Farina","datePublished":"2022-06-19T11:42:46+00:00","dateModified":"2022-06-24T07:52:47+00:00","mainEntityOfPage":{"@id":"https:\/\/www.romaoggi.eu\/index.php\/2022\/06\/19\/monsignore-il-nuovo-singolo-di-massi-farina\/"},"wordCount":585,"publisher":{"@id":"https:\/\/www.romaoggi.eu\/#organization"},"image":{"@id":"https:\/\/www.romaoggi.eu\/index.php\/2022\/06\/19\/monsignore-il-nuovo-singolo-di-massi-farina\/#primaryimage"},"thumbnailUrl":"https:\/\/www.romaoggi.eu\/wp-content\/uploads\/2022\/06\/Massi-Farina.jpeg","keywords":["Massi Farina","MONSIGNORE"],"articleSection":["musica"],"inLanguage":"it-IT"},{"@type":"WebPage","@id":"https:\/\/www.romaoggi.eu\/index.php\/2022\/06\/19\/monsignore-il-nuovo-singolo-di-massi-farina\/","url":"https:\/\/www.romaoggi.eu\/index.php\/2022\/06\/19\/monsignore-il-nuovo-singolo-di-massi-farina\/","name":"\"Monsignore\", il nuovo singolo di Massi Farina","isPartOf":{"@id":"https:\/\/www.romaoggi.eu\/#website"},"primaryImageOfPage":{"@id":"https:\/\/www.romaoggi.eu\/index.php\/2022\/06\/19\/monsignore-il-nuovo-singolo-di-massi-farina\/#primaryimage"},"image":{"@id":"https:\/\/www.romaoggi.eu\/index.php\/2022\/06\/19\/monsignore-il-nuovo-singolo-di-massi-farina\/#primaryimage"},"thumbnailUrl":"https:\/\/www.romaoggi.eu\/wp-content\/uploads\/2022\/06\/Massi-Farina.jpeg","datePublished":"2022-06-19T11:42:46+00:00","dateModified":"2022-06-24T07:52:47+00:00","description":"Massi Farina, il cantautore romanesco, si presenta al pubblico con il secondo singolo MONSIGNORE e le critiche curiose non si fanno attendere. Il brano \u00e8","breadcrumb":{"@id":"https:\/\/www.romaoggi.eu\/index.php\/2022\/06\/19\/monsignore-il-nuovo-singolo-di-massi-farina\/#breadcrumb"},"inLanguage":"it-IT","potentialAction":[{"@type":"ReadAction","target":["https:\/\/www.romaoggi.eu\/index.php\/2022\/06\/19\/monsignore-il-nuovo-singolo-di-massi-farina\/"]}]},{"@type":"ImageObject","inLanguage":"it-IT","@id":"https:\/\/www.romaoggi.eu\/index.php\/2022\/06\/19\/monsignore-il-nuovo-singolo-di-massi-farina\/#primaryimage","url":"https:\/\/www.romaoggi.eu\/wp-content\/uploads\/2022\/06\/Massi-Farina.jpeg","contentUrl":"https:\/\/www.romaoggi.eu\/wp-content\/uploads\/2022\/06\/Massi-Farina.jpeg","width":960,"height":939},{"@type":"BreadcrumbList","@id":"https:\/\/www.romaoggi.eu\/index.php\/2022\/06\/19\/monsignore-il-nuovo-singolo-di-massi-farina\/#breadcrumb","itemListElement":[{"@type":"ListItem","position":1,"name":"Home","item":"https:\/\/www.romaoggi.eu\/"},{"@type":"ListItem","position":2,"name":"&#8220;Monsignore&#8221;, il nuovo singolo di Massi Farina"}]},{"@type":"WebSite","@id":"https:\/\/www.romaoggi.eu\/#website","url":"https:\/\/www.romaoggi.eu\/","name":"roma oggi","description":"Interesting News for Interesting people","publisher":{"@id":"https:\/\/www.romaoggi.eu\/#organization"},"potentialAction":[{"@type":"SearchAction","target":{"@type":"EntryPoint","urlTemplate":"https:\/\/www.romaoggi.eu\/?s={search_term_string}"},"query-input":{"@type":"PropertyValueSpecification","valueRequired":true,"valueName":"search_term_string"}}],"inLanguage":"it-IT"},{"@type":"Organization","@id":"https:\/\/www.romaoggi.eu\/#organization","name":"RomaOggi","url":"https:\/\/www.romaoggi.eu\/","logo":{"@type":"ImageObject","inLanguage":"it-IT","@id":"https:\/\/www.romaoggi.eu\/#\/schema\/logo\/image\/","url":"https:\/\/www.romaoggi.eu\/wp-content\/uploads\/2017\/04\/logowp.jpg","contentUrl":"https:\/\/www.romaoggi.eu\/wp-content\/uploads\/2017\/04\/logowp.jpg","width":300,"height":133,"caption":"RomaOggi"},"image":{"@id":"https:\/\/www.romaoggi.eu\/#\/schema\/logo\/image\/"},"sameAs":["https:\/\/www.facebook.com\/RomaOggi-841544845954114","https:\/\/x.com\/romaoggi_eu"]},{"@type":"Person","@id":"https:\/\/www.romaoggi.eu\/#\/schema\/person\/569485df663c86fd2d0179a6643546f9","name":"Federica Pansadoro","image":{"@type":"ImageObject","inLanguage":"it-IT","@id":"https:\/\/secure.gravatar.com\/avatar\/646783eb26ef4eab9fe24f298081663814c4d6acd6ea1c44b2633e8176ba1dc5?s=96&d=mm&r=g","url":"https:\/\/secure.gravatar.com\/avatar\/646783eb26ef4eab9fe24f298081663814c4d6acd6ea1c44b2633e8176ba1dc5?s=96&d=mm&r=g","contentUrl":"https:\/\/secure.gravatar.com\/avatar\/646783eb26ef4eab9fe24f298081663814c4d6acd6ea1c44b2633e8176ba1dc5?s=96&d=mm&r=g","caption":"Federica Pansadoro"},"sameAs":["https:\/\/www.youtube.com\/channel\/UCN8Y45Fmdd0XBagxT7qUVEA"],"url":"https:\/\/www.romaoggi.eu\/index.php\/author\/federica\/"}]}},"_links":{"self":[{"href":"https:\/\/www.romaoggi.eu\/index.php\/wp-json\/wp\/v2\/posts\/33227","targetHints":{"allow":["GET"]}}],"collection":[{"href":"https:\/\/www.romaoggi.eu\/index.php\/wp-json\/wp\/v2\/posts"}],"about":[{"href":"https:\/\/www.romaoggi.eu\/index.php\/wp-json\/wp\/v2\/types\/post"}],"author":[{"embeddable":true,"href":"https:\/\/www.romaoggi.eu\/index.php\/wp-json\/wp\/v2\/users\/13"}],"replies":[{"embeddable":true,"href":"https:\/\/www.romaoggi.eu\/index.php\/wp-json\/wp\/v2\/comments?post=33227"}],"version-history":[{"count":1,"href":"https:\/\/www.romaoggi.eu\/index.php\/wp-json\/wp\/v2\/posts\/33227\/revisions"}],"predecessor-version":[{"id":33230,"href":"https:\/\/www.romaoggi.eu\/index.php\/wp-json\/wp\/v2\/posts\/33227\/revisions\/33230"}],"wp:featuredmedia":[{"embeddable":true,"href":"https:\/\/www.romaoggi.eu\/index.php\/wp-json\/wp\/v2\/media\/33229"}],"wp:attachment":[{"href":"https:\/\/www.romaoggi.eu\/index.php\/wp-json\/wp\/v2\/media?parent=33227"}],"wp:term":[{"taxonomy":"category","embeddable":true,"href":"https:\/\/www.romaoggi.eu\/index.php\/wp-json\/wp\/v2\/categories?post=33227"},{"taxonomy":"post_tag","embeddable":true,"href":"https:\/\/www.romaoggi.eu\/index.php\/wp-json\/wp\/v2\/tags?post=33227"}],"curies":[{"name":"wp","href":"https:\/\/api.w.org\/{rel}","templated":true}]}}