{"id":33522,"date":"2022-07-24T20:56:26","date_gmt":"2022-07-24T18:56:26","guid":{"rendered":"https:\/\/www.romaoggi.eu\/?p=33522"},"modified":"2022-11-06T13:02:05","modified_gmt":"2022-11-06T12:02:05","slug":"le-sistine-svelate-di-massimo-scafati-target-lab-ets","status":"publish","type":"post","link":"https:\/\/www.romaoggi.eu\/index.php\/2022\/07\/24\/le-sistine-svelate-di-massimo-scafati-target-lab-ets\/","title":{"rendered":"Le Sistine Svelate&#8230;a cura di Target Lab Ets"},"content":{"rendered":"<p><span style=\"font-family: Times New Roman, serif\"><span style=\"font-size: medium\"><b>Le Sistine Svelate<\/b><\/span><\/span><\/p>\n<p align=\"JUSTIFY\"><span style=\"color: #000000\"><span style=\"font-family: Times New Roman, serif\"><span style=\"font-size: medium\">Il 22 Luglio 2022, dopo una lunga fase di restauro, sono state inaugurate le Corsie Sistine dell\u2019Area Monumentale Ospedaliera di S. Spirito in Saxia nel rione Borgo. L\u2019evento \u00e8 stato organizzato alla presenza del presidente della Repubblica Sergio Mattarella, del presidente della Regione Lazio Nicola Zingaretti, del sindaco di Roma Roberto Gualtieri, del Ministro della Cultura Dario Franceschini e del Ministro della Salute Roberto Speranza.<\/span><\/span><\/span><\/p>\n<p align=\"JUSTIFY\"><span style=\"color: #000000\"><span style=\"font-family: Times New Roman, serif\"><span style=\"font-size: medium\">Le Corsie Sistine, di epoca rinascimentale, sono parte del complesso ospedaliero pi\u00f9 antico d&#8217;Europa. L\u2019opera, che ampliava un antico ricovero del XII secolo, fu voluta nel 1475 da Papa Sisto IV in previsione dell\u2019Anno Santo con la specifica finalit\u00e0 di realizzare un luogo pubblico in grado di fornire cure mediche. <\/span><\/span><\/span><\/p>\n<p align=\"JUSTIFY\"><span style=\"color: #000000\"><span style=\"font-family: Times New Roman, serif\"><span style=\"font-size: medium\">Per l\u2019occasione, il complesso dell&#8217;Arcispedale \u00e8 stato aperto in forma gratuita ai cittadini romani dal 22 al 24 luglio e arricchito da una mostra di 48 fotografie fornite delle principali agenzie di stampa per documentare le fasi pi\u00f9 drammatiche della lotta al Covid.\u00a0<\/span><\/span><\/span><\/p>\n<figure id=\"attachment_33528\" aria-describedby=\"caption-attachment-33528\" style=\"width: 733px\" class=\"wp-caption alignnone\"><img loading=\"lazy\" decoding=\"async\" class=\" wp-image-33528\" src=\"https:\/\/www.romaoggi.eu\/wp-content\/uploads\/2022\/07\/1013364_Mostra-Fotografica-Corsie-Sistine-del-Complesso-S.-Spirito-in-Saxia-\u00a9-Massimo-Scafati-Target-Lab-Ets--300x208.jpg\" alt=\"alt tag corsie sistine\" width=\"733\" height=\"508\" srcset=\"https:\/\/www.romaoggi.eu\/wp-content\/uploads\/2022\/07\/1013364_Mostra-Fotografica-Corsie-Sistine-del-Complesso-S.-Spirito-in-Saxia-\u00a9-Massimo-Scafati-Target-Lab-Ets--300x208.jpg 300w, https:\/\/www.romaoggi.eu\/wp-content\/uploads\/2022\/07\/1013364_Mostra-Fotografica-Corsie-Sistine-del-Complesso-S.-Spirito-in-Saxia-\u00a9-Massimo-Scafati-Target-Lab-Ets-.jpg 1020w\" sizes=\"auto, (max-width: 733px) 100vw, 733px\" \/><figcaption id=\"caption-attachment-33528\" class=\"wp-caption-text\"><strong>Mostra Fotografica Corsie Sistine del Complesso S. Spirito in Saxia \u00a9 Massimo Scafati &#8211; Target Lab Ets<\/strong><\/figcaption><\/figure>\n<p align=\"JUSTIFY\"><span style=\"color: #000000\"><span style=\"font-size: medium\"><span style=\"font-family: Times New Roman, serif\">Il colpo d\u2019occhio all\u2019ingresso \u00e8 spettacolare per la vastit\u00e0 degli ambienti valorizzati da una luce che rende un effetto rosso-dorato davvero impressionante, ma anche per le grandi finestre nella parte superiore, la ricchezza degli affreschi (si parla di 1200 mq di opere conservate) e le targhe <\/span><span style=\"font-family: Times New Roman, serif\"><i>ad memoriam<\/i><\/span><span style=\"font-family: Times New Roman, serif\"> poste nei vari periodi storici. <\/span><\/span><\/span><\/p>\n<p align=\"JUSTIFY\"><span style=\"color: #000000\"><span style=\"font-family: Times New Roman, serif\"><span style=\"font-size: medium\">Le due corsie separate da grandi volte sono aperte e collegate tra loro per realizzare un\u2019unica grande navata al centro del quale troneggia il bellissimo Ciborio attribuito ad Andrea Palladio (necessariamente successivo alla realizzazione originale) e la Pala d\u2019altare di Carlo Maratta.<\/span><\/span><\/span><\/p>\n<p align=\"JUSTIFY\"><span style=\"color: #000000\"><span style=\"font-family: Times New Roman, serif\"><span style=\"font-size: medium\">In fondo alla corsia uno schermo gigante propone un breve filmato con moltissime informazioni storiche relative alle origini del complesso e alla sua evoluzione attraverso i secoli. Il soffitto a cassettone che diffonde la luce in modo uniforme \u00e8 di epoca pi\u00f9 recente e risale circa alla met\u00e0 del XIX secolo.<\/span><\/span><\/span><\/p>\n<figure id=\"attachment_33530\" aria-describedby=\"caption-attachment-33530\" style=\"width: 750px\" class=\"wp-caption alignnone\"><img loading=\"lazy\" decoding=\"async\" class=\" wp-image-33530\" src=\"https:\/\/www.romaoggi.eu\/wp-content\/uploads\/2022\/07\/1013369_Affreschi-Corsie-Sistine-del-Complesso-S.-Spirito-in-Saxia-\u00a9-Massimo-Scafati-Target-Lab-Ets--300x200.jpg\" alt=\"alt tag corsie sistine\" width=\"750\" height=\"500\" srcset=\"https:\/\/www.romaoggi.eu\/wp-content\/uploads\/2022\/07\/1013369_Affreschi-Corsie-Sistine-del-Complesso-S.-Spirito-in-Saxia-\u00a9-Massimo-Scafati-Target-Lab-Ets--300x200.jpg 300w, https:\/\/www.romaoggi.eu\/wp-content\/uploads\/2022\/07\/1013369_Affreschi-Corsie-Sistine-del-Complesso-S.-Spirito-in-Saxia-\u00a9-Massimo-Scafati-Target-Lab-Ets-.jpg 1020w\" sizes=\"auto, (max-width: 750px) 100vw, 750px\" \/><figcaption id=\"caption-attachment-33530\" class=\"wp-caption-text\"><strong>Affreschi Corsie Sistine del Complesso S. Spirito in Saxia \u00a9 Massimo Scafati &#8211; Target Lab Ets<\/strong><\/figcaption><\/figure>\n<p align=\"JUSTIFY\"><span style=\"font-family: Times New Roman, serif\"><span style=\"font-size: medium\">Uscendo dall\u2019area monumentale, di fianco della struttura, si pu\u00f2 notare l\u2019antico \u201cProietto\u201d del S. Spirito, una sorta di culla a ruota cilindrica rotante in legno nella quale venivano abbandonati in anonimato i neonati dei quali, per diversi motivi, non ci si poteva prendere cura. I neonati in questo modo venivano affidati alle cure dei religiosi. Di lato alla ruota, una bocca in pietra, probabilmente collegata ad una cassetta interna, dove potevano essere versate le eventuali offerte.<\/span><\/span><\/p>\n<p align=\"JUSTIFY\"><span style=\"font-family: Times New Roman, serif\"><span style=\"font-size: medium\"><b>\u00a9 Massimo Scafati \u2013 Target Lab Ets <\/b><\/span><\/span><\/p>\n<p align=\"JUSTIFY\"><strong><span style=\"color: #000000\"><span style=\"font-family: Times New Roman, serif\"><span style=\"font-size: medium\"><b>Sostieni il progetto fotografico di Target Lab Ets con una <\/b><\/span><\/span><\/span><\/strong><strong><span style=\"color: #ff0000\"><span style=\"font-family: Times New Roman, serif\"><span style=\"font-size: medium\"><b>donazione simbolica<\/b><\/span><\/span><\/span><\/strong><strong><span style=\"color: #000000\"><span style=\"font-family: Times New Roman, serif\"><span style=\"font-size: medium\"><b> tramite PayPal alla seguente mail TARGET.LSFC@GMAIL.COM <\/b><\/span><\/span><\/span><\/strong><\/p>\n<p align=\"JUSTIFY\"><span style=\"font-size: medium\"><strong><span style=\"color: #ff0000\"><span style=\"font-family: Times New Roman, serif\"><b>Devolvi il 5xmille nella prossima dichiarazione dei redditi a Target Lab Ets<\/b><\/span><\/span><\/strong><strong><span style=\"color: #000000\"><span style=\"font-family: Times New Roman, serif\"><b> inserendo il <\/b><\/span><\/span><\/strong><strong><span style=\"color: #ff0000\"><span style=\"font-family: Times New Roman, serif\"><b>CF : 96498910585<\/b><\/span><\/span><\/strong><strong><span style=\"color: #000000\"><span style=\"font-family: Times New Roman, serif\"><b> riquadro Enti Terzo Settore e Aps per finanziare futuri progetti fotografici a ricaduta sociale<\/b><\/span><\/span><\/strong><\/span><\/p>\n<figure id=\"attachment_33537\" aria-describedby=\"caption-attachment-33537\" style=\"width: 698px\" class=\"wp-caption alignnone\"><img loading=\"lazy\" decoding=\"async\" class=\" wp-image-33537\" src=\"https:\/\/www.romaoggi.eu\/wp-content\/uploads\/2022\/07\/1013396_Mostra-Fotografica-Corsie-Sistine-del-Complesso-S.-Spirito-in-Saxia-\u00a9-Massimo-Scafati-Target-Lab-Ets--300x200.jpg\" alt=\"alt tag corsie sistine\" width=\"698\" height=\"465\" srcset=\"https:\/\/www.romaoggi.eu\/wp-content\/uploads\/2022\/07\/1013396_Mostra-Fotografica-Corsie-Sistine-del-Complesso-S.-Spirito-in-Saxia-\u00a9-Massimo-Scafati-Target-Lab-Ets--300x200.jpg 300w, https:\/\/www.romaoggi.eu\/wp-content\/uploads\/2022\/07\/1013396_Mostra-Fotografica-Corsie-Sistine-del-Complesso-S.-Spirito-in-Saxia-\u00a9-Massimo-Scafati-Target-Lab-Ets-.jpg 1020w\" sizes=\"auto, (max-width: 698px) 100vw, 698px\" \/><figcaption id=\"caption-attachment-33537\" class=\"wp-caption-text\"><strong>Mostra Fotografica Corsie Sistine del Complesso S. Spirito in Saxia \u00a9 Massimo Scafati &#8211; Target Lab Ets<\/strong><\/figcaption><\/figure>\n<figure id=\"attachment_33538\" aria-describedby=\"caption-attachment-33538\" style=\"width: 726px\" class=\"wp-caption alignnone\"><img loading=\"lazy\" decoding=\"async\" class=\" wp-image-33538\" src=\"https:\/\/www.romaoggi.eu\/wp-content\/uploads\/2022\/07\/1013397_Mostra-Fotografica-Corsie-Sistine-del-Complesso-S.-Spirito-in-Saxia-\u00a9-Massimo-Scafati-Target-Lab-Ets--300x200.jpg\" alt=\"alt tag corsie sistine\" width=\"726\" height=\"484\" srcset=\"https:\/\/www.romaoggi.eu\/wp-content\/uploads\/2022\/07\/1013397_Mostra-Fotografica-Corsie-Sistine-del-Complesso-S.-Spirito-in-Saxia-\u00a9-Massimo-Scafati-Target-Lab-Ets--300x200.jpg 300w, https:\/\/www.romaoggi.eu\/wp-content\/uploads\/2022\/07\/1013397_Mostra-Fotografica-Corsie-Sistine-del-Complesso-S.-Spirito-in-Saxia-\u00a9-Massimo-Scafati-Target-Lab-Ets-.jpg 1020w\" sizes=\"auto, (max-width: 726px) 100vw, 726px\" \/><figcaption id=\"caption-attachment-33538\" class=\"wp-caption-text\"><strong>Mostra Fotografica Corsie Sistine del Complesso S. Spirito in Saxia \u00a9 Massimo Scafati &#8211; Target Lab Ets<\/strong><\/figcaption><\/figure>\n<figure id=\"attachment_33535\" aria-describedby=\"caption-attachment-33535\" style=\"width: 698px\" class=\"wp-caption alignnone\"><img loading=\"lazy\" decoding=\"async\" class=\" wp-image-33535\" src=\"https:\/\/www.romaoggi.eu\/wp-content\/uploads\/2022\/07\/1013393_Corsia-Sistina-Corsie-Sistine-del-Complesso-S.-Spirito-in-Saxia-\u00a9-Massimo-Scafati-Target-Lab-Ets--300x200.jpg\" alt=\"alt tag corsie sistine\" width=\"698\" height=\"465\" srcset=\"https:\/\/www.romaoggi.eu\/wp-content\/uploads\/2022\/07\/1013393_Corsia-Sistina-Corsie-Sistine-del-Complesso-S.-Spirito-in-Saxia-\u00a9-Massimo-Scafati-Target-Lab-Ets--300x200.jpg 300w, https:\/\/www.romaoggi.eu\/wp-content\/uploads\/2022\/07\/1013393_Corsia-Sistina-Corsie-Sistine-del-Complesso-S.-Spirito-in-Saxia-\u00a9-Massimo-Scafati-Target-Lab-Ets-.jpg 1020w\" sizes=\"auto, (max-width: 698px) 100vw, 698px\" \/><figcaption id=\"caption-attachment-33535\" class=\"wp-caption-text\"><strong>Corsia Sistina Corsie Sistine del Complesso S. Spirito in Saxia \u00a9 Massimo Scafati &#8211; Target Lab Ets<\/strong><\/figcaption><\/figure>\n<figure id=\"attachment_33536\" aria-describedby=\"caption-attachment-33536\" style=\"width: 692px\" class=\"wp-caption alignnone\"><img loading=\"lazy\" decoding=\"async\" class=\" wp-image-33536\" src=\"https:\/\/www.romaoggi.eu\/wp-content\/uploads\/2022\/07\/1013395_Arcate-tra-corsie-Corsie-Sistine-del-Complesso-S.-Spirito-in-Saxia-\u00a9-Massimo-Scafati-Target-Lab-Ets--300x200.jpg\" alt=\"alt tag corsie sistine\" width=\"692\" height=\"461\" srcset=\"https:\/\/www.romaoggi.eu\/wp-content\/uploads\/2022\/07\/1013395_Arcate-tra-corsie-Corsie-Sistine-del-Complesso-S.-Spirito-in-Saxia-\u00a9-Massimo-Scafati-Target-Lab-Ets--300x200.jpg 300w, https:\/\/www.romaoggi.eu\/wp-content\/uploads\/2022\/07\/1013395_Arcate-tra-corsie-Corsie-Sistine-del-Complesso-S.-Spirito-in-Saxia-\u00a9-Massimo-Scafati-Target-Lab-Ets-.jpg 1020w\" sizes=\"auto, (max-width: 692px) 100vw, 692px\" \/><figcaption id=\"caption-attachment-33536\" class=\"wp-caption-text\"><strong>Arcate tra corsie Corsie Sistine del Complesso S. Spirito in Saxia \u00a9 Massimo Scafati &#8211; Target Lab Ets<\/strong><\/figcaption><\/figure>\n<figure id=\"attachment_33534\" aria-describedby=\"caption-attachment-33534\" style=\"width: 714px\" class=\"wp-caption alignnone\"><img loading=\"lazy\" decoding=\"async\" class=\" wp-image-33534\" src=\"https:\/\/www.romaoggi.eu\/wp-content\/uploads\/2022\/07\/1013389_Ciborio-attribuito-a-Palladio-Corsie-Sistine-del-Complesso-S.-Spirito-in-Saxia-\u00a9-Massimo-Scafati-Target-Lab-Ets--300x200.jpg\" alt=\"alt tag corsie sistine\" width=\"714\" height=\"476\" srcset=\"https:\/\/www.romaoggi.eu\/wp-content\/uploads\/2022\/07\/1013389_Ciborio-attribuito-a-Palladio-Corsie-Sistine-del-Complesso-S.-Spirito-in-Saxia-\u00a9-Massimo-Scafati-Target-Lab-Ets--300x200.jpg 300w, https:\/\/www.romaoggi.eu\/wp-content\/uploads\/2022\/07\/1013389_Ciborio-attribuito-a-Palladio-Corsie-Sistine-del-Complesso-S.-Spirito-in-Saxia-\u00a9-Massimo-Scafati-Target-Lab-Ets-.jpg 1020w\" sizes=\"auto, (max-width: 714px) 100vw, 714px\" \/><figcaption id=\"caption-attachment-33534\" class=\"wp-caption-text\"><strong>Ciborio attribuito a Palladio Corsie Sistine del Complesso S. Spirito in Saxia \u00a9 Massimo Scafati &#8211; Target Lab Ets<\/strong><\/figcaption><\/figure>\n<figure id=\"attachment_33532\" aria-describedby=\"caption-attachment-33532\" style=\"width: 770px\" class=\"wp-caption alignnone\"><img loading=\"lazy\" decoding=\"async\" class=\" wp-image-33532\" src=\"https:\/\/www.romaoggi.eu\/wp-content\/uploads\/2022\/07\/1013377_Volta-del-Ciborio-Corsie-Sistine-del-Complesso-S.-Spirito-in-Saxia-\u00a9-Massimo-Scafati-Target-Lab-Ets--300x200.jpg\" alt=\"alt tag corsie sistine\" width=\"770\" height=\"513\" srcset=\"https:\/\/www.romaoggi.eu\/wp-content\/uploads\/2022\/07\/1013377_Volta-del-Ciborio-Corsie-Sistine-del-Complesso-S.-Spirito-in-Saxia-\u00a9-Massimo-Scafati-Target-Lab-Ets--300x200.jpg 300w, https:\/\/www.romaoggi.eu\/wp-content\/uploads\/2022\/07\/1013377_Volta-del-Ciborio-Corsie-Sistine-del-Complesso-S.-Spirito-in-Saxia-\u00a9-Massimo-Scafati-Target-Lab-Ets-.jpg 1020w\" sizes=\"auto, (max-width: 770px) 100vw, 770px\" \/><figcaption id=\"caption-attachment-33532\" class=\"wp-caption-text\"><strong>Volta del Ciborio Corsie Sistine del Complesso S. Spirito in Saxia \u00a9 Massimo Scafati &#8211; Target Lab Ets<\/strong><\/figcaption><\/figure>\n<figure id=\"attachment_33533\" aria-describedby=\"caption-attachment-33533\" style=\"width: 711px\" class=\"wp-caption alignnone\"><img loading=\"lazy\" decoding=\"async\" class=\" wp-image-33533\" src=\"https:\/\/www.romaoggi.eu\/wp-content\/uploads\/2022\/07\/1013388_Volte-e-Lucernario-Corsie-Sistine-del-Complesso-S.-Spirito-in-Saxia-\u00a9-Massimo-Scafati-Target-Lab-Ets--300x200.jpg\" alt=\"alt tag corsie sistine\" width=\"711\" height=\"474\" srcset=\"https:\/\/www.romaoggi.eu\/wp-content\/uploads\/2022\/07\/1013388_Volte-e-Lucernario-Corsie-Sistine-del-Complesso-S.-Spirito-in-Saxia-\u00a9-Massimo-Scafati-Target-Lab-Ets--300x200.jpg 300w, https:\/\/www.romaoggi.eu\/wp-content\/uploads\/2022\/07\/1013388_Volte-e-Lucernario-Corsie-Sistine-del-Complesso-S.-Spirito-in-Saxia-\u00a9-Massimo-Scafati-Target-Lab-Ets-.jpg 1020w\" sizes=\"auto, (max-width: 711px) 100vw, 711px\" \/><figcaption id=\"caption-attachment-33533\" class=\"wp-caption-text\"><strong>Volte e Lucernario Corsie Sistine del Complesso S. Spirito in Saxia \u00a9 Massimo Scafati &#8211; Target Lab Ets<\/strong><\/figcaption><\/figure>\n<figure id=\"attachment_33531\" aria-describedby=\"caption-attachment-33531\" style=\"width: 746px\" class=\"wp-caption alignnone\"><img loading=\"lazy\" decoding=\"async\" class=\" wp-image-33531\" src=\"https:\/\/www.romaoggi.eu\/wp-content\/uploads\/2022\/07\/1013371_Ciborio-attribuito-a-Palladio-Corsie-Sistine-del-Complesso-S.-Spirito-in-Saxia-\u00a9-Massimo-Scafati-Target-Lab-Ets--300x200.jpg\" alt=\"alt tag corsie sistine\" width=\"746\" height=\"497\" srcset=\"https:\/\/www.romaoggi.eu\/wp-content\/uploads\/2022\/07\/1013371_Ciborio-attribuito-a-Palladio-Corsie-Sistine-del-Complesso-S.-Spirito-in-Saxia-\u00a9-Massimo-Scafati-Target-Lab-Ets--300x200.jpg 300w, https:\/\/www.romaoggi.eu\/wp-content\/uploads\/2022\/07\/1013371_Ciborio-attribuito-a-Palladio-Corsie-Sistine-del-Complesso-S.-Spirito-in-Saxia-\u00a9-Massimo-Scafati-Target-Lab-Ets-.jpg 1020w\" sizes=\"auto, (max-width: 746px) 100vw, 746px\" \/><figcaption id=\"caption-attachment-33531\" class=\"wp-caption-text\"><strong>Ciborio attribuito a Palladio Corsie Sistine del Complesso S. Spirito in Saxia \u00a9 Massimo Scafati &#8211; Target Lab Ets<\/strong><\/figcaption><\/figure>\n<figure id=\"attachment_33529\" aria-describedby=\"caption-attachment-33529\" style=\"width: 800px\" class=\"wp-caption alignnone\"><img loading=\"lazy\" decoding=\"async\" class=\" wp-image-33529\" src=\"https:\/\/www.romaoggi.eu\/wp-content\/uploads\/2022\/07\/1013366_Targa-Corsie-Sistine-del-Complesso-S.-Spirito-in-Saxia-\u00a9-Massimo-Scafati-Target-Lab-Ets--300x200.jpg\" alt=\"alt tag corsie sistine\" width=\"800\" height=\"533\" srcset=\"https:\/\/www.romaoggi.eu\/wp-content\/uploads\/2022\/07\/1013366_Targa-Corsie-Sistine-del-Complesso-S.-Spirito-in-Saxia-\u00a9-Massimo-Scafati-Target-Lab-Ets--300x200.jpg 300w, https:\/\/www.romaoggi.eu\/wp-content\/uploads\/2022\/07\/1013366_Targa-Corsie-Sistine-del-Complesso-S.-Spirito-in-Saxia-\u00a9-Massimo-Scafati-Target-Lab-Ets-.jpg 1020w\" sizes=\"auto, (max-width: 800px) 100vw, 800px\" \/><figcaption id=\"caption-attachment-33529\" class=\"wp-caption-text\"><strong>Targa Corsie Sistine del Complesso S. Spirito in Saxia \u00a9 Massimo Scafati &#8211; Target Lab Ets<\/strong><\/figcaption><\/figure>\n<figure id=\"attachment_33527\" aria-describedby=\"caption-attachment-33527\" style=\"width: 774px\" class=\"wp-caption alignnone\"><img loading=\"lazy\" decoding=\"async\" class=\" wp-image-33527\" src=\"https:\/\/www.romaoggi.eu\/wp-content\/uploads\/2022\/07\/1013363_Affreschi-Corsie-Sistine-del-Complesso-S.-Spirito-in-Saxia-\u00a9-Massimo-Scafati-Target-Lab-Ets--300x200.jpg\" alt=\"alt tag corsie sistine\" width=\"774\" height=\"516\" srcset=\"https:\/\/www.romaoggi.eu\/wp-content\/uploads\/2022\/07\/1013363_Affreschi-Corsie-Sistine-del-Complesso-S.-Spirito-in-Saxia-\u00a9-Massimo-Scafati-Target-Lab-Ets--300x200.jpg 300w, https:\/\/www.romaoggi.eu\/wp-content\/uploads\/2022\/07\/1013363_Affreschi-Corsie-Sistine-del-Complesso-S.-Spirito-in-Saxia-\u00a9-Massimo-Scafati-Target-Lab-Ets-.jpg 1020w\" sizes=\"auto, (max-width: 774px) 100vw, 774px\" \/><figcaption id=\"caption-attachment-33527\" class=\"wp-caption-text\"><strong>Affreschi Corsie Sistine del Complesso S. Spirito in Saxia \u00a9 Massimo Scafati &#8211; Target Lab Ets<\/strong><\/figcaption><\/figure>\n<figure id=\"attachment_33524\" aria-describedby=\"caption-attachment-33524\" style=\"width: 755px\" class=\"wp-caption alignnone\"><img loading=\"lazy\" decoding=\"async\" class=\" wp-image-33524\" src=\"https:\/\/www.romaoggi.eu\/wp-content\/uploads\/2022\/07\/1013356-Corsie-Sistine-del-Complesso-S.-Spirito-in-Saxia-\u00a9-Massimo-Scafati-Target-Lab-Ets--300x200.jpg\" alt=\"alt tag corsie sistine\" width=\"755\" height=\"503\" srcset=\"https:\/\/www.romaoggi.eu\/wp-content\/uploads\/2022\/07\/1013356-Corsie-Sistine-del-Complesso-S.-Spirito-in-Saxia-\u00a9-Massimo-Scafati-Target-Lab-Ets--300x200.jpg 300w, https:\/\/www.romaoggi.eu\/wp-content\/uploads\/2022\/07\/1013356-Corsie-Sistine-del-Complesso-S.-Spirito-in-Saxia-\u00a9-Massimo-Scafati-Target-Lab-Ets-.jpg 1020w\" sizes=\"auto, (max-width: 755px) 100vw, 755px\" \/><figcaption id=\"caption-attachment-33524\" class=\"wp-caption-text\"><strong>Corsie Sistine del Complesso S. Spirito in Saxia \u00a9 Massimo Scafati &#8211; Target Lab Ets<\/strong><\/figcaption><\/figure>\n<figure id=\"attachment_33525\" aria-describedby=\"caption-attachment-33525\" style=\"width: 744px\" class=\"wp-caption alignnone\"><img loading=\"lazy\" decoding=\"async\" class=\" wp-image-33525\" src=\"https:\/\/www.romaoggi.eu\/wp-content\/uploads\/2022\/07\/1013357-Corsie-Sistine-del-Complesso-S.-Spirito-in-Saxia-\u00a9-Massimo-Scafati-Target-Lab-Ets--300x200.jpg\" alt=\"alt tag corsie sistine\" width=\"744\" height=\"496\" srcset=\"https:\/\/www.romaoggi.eu\/wp-content\/uploads\/2022\/07\/1013357-Corsie-Sistine-del-Complesso-S.-Spirito-in-Saxia-\u00a9-Massimo-Scafati-Target-Lab-Ets--300x200.jpg 300w, https:\/\/www.romaoggi.eu\/wp-content\/uploads\/2022\/07\/1013357-Corsie-Sistine-del-Complesso-S.-Spirito-in-Saxia-\u00a9-Massimo-Scafati-Target-Lab-Ets-.jpg 1020w\" sizes=\"auto, (max-width: 744px) 100vw, 744px\" \/><figcaption id=\"caption-attachment-33525\" class=\"wp-caption-text\"><strong>Corsie Sistine del Complesso S. Spirito in Saxia \u00a9 Massimo Scafati &#8211; Target Lab Ets<\/strong><\/figcaption><\/figure>\n<figure id=\"attachment_33540\" aria-describedby=\"caption-attachment-33540\" style=\"width: 833px\" class=\"wp-caption alignnone\"><img loading=\"lazy\" decoding=\"async\" class=\" wp-image-33540\" src=\"https:\/\/www.romaoggi.eu\/wp-content\/uploads\/2022\/07\/1013404_Proietto-Neonati-Corsie-Sistine-del-Complesso-S.-Spirito-in-Saxia-\u00a9-Massimo-Scafati-Target-Lab-Ets--300x200.jpg\" alt=\"alt tag corsie sistine\" width=\"833\" height=\"555\" srcset=\"https:\/\/www.romaoggi.eu\/wp-content\/uploads\/2022\/07\/1013404_Proietto-Neonati-Corsie-Sistine-del-Complesso-S.-Spirito-in-Saxia-\u00a9-Massimo-Scafati-Target-Lab-Ets--300x200.jpg 300w, https:\/\/www.romaoggi.eu\/wp-content\/uploads\/2022\/07\/1013404_Proietto-Neonati-Corsie-Sistine-del-Complesso-S.-Spirito-in-Saxia-\u00a9-Massimo-Scafati-Target-Lab-Ets-.jpg 1020w\" sizes=\"auto, (max-width: 833px) 100vw, 833px\" \/><figcaption id=\"caption-attachment-33540\" class=\"wp-caption-text\"><strong>Proietto Neonati Corsie Sistine del Complesso S. Spirito in Saxia \u00a9 Massimo Scafati &#8211; Target Lab Ets<\/strong><\/figcaption><\/figure>\n","protected":false},"excerpt":{"rendered":"<div class=\"mh-excerpt\"><p>Le Sistine Svelate Il 22 Luglio 2022, dopo una lunga fase di restauro, sono state inaugurate le Corsie Sistine dell\u2019Area Monumentale Ospedaliera di S. Spirito in Saxia nel rione Borgo. L\u2019evento \u00e8 stato organizzato alla <a class=\"mh-excerpt-more\" href=\"https:\/\/www.romaoggi.eu\/index.php\/2022\/07\/24\/le-sistine-svelate-di-massimo-scafati-target-lab-ets\/\" title=\"Le Sistine Svelate&#8230;a cura di Target Lab Ets\">[&#8230;]<\/a><\/p>\n<\/div>","protected":false},"author":17,"featured_media":33541,"comment_status":"closed","ping_status":"open","sticky":false,"template":"","format":"standard","meta":{"_sitemap_exclude":false,"_sitemap_priority":"","_sitemap_frequency":"","footnotes":""},"categories":[14247],"tags":[16431,1541,16433,16434,1738,16432,518,15567,16026],"class_list":["post-33522","post","type-post","status-publish","format-standard","has-post-thumbnail","hentry","category-dentro-roma","tag-corsie-sistine","tag-nicola-zingaretti","tag-papa-sisto-iv","tag-roberto-gualtieri","tag-romaoggi-eu","tag-s-spirito-in-saxia","tag-sergio-mattarella","tag-target-lab-ets","tag-target-lab-laboratorio-sperimentale-di-fotografia-e-comunicazione"],"yoast_head":"<!-- This site is optimized with the Yoast SEO plugin v27.5 - https:\/\/yoast.com\/product\/yoast-seo-wordpress\/ -->\n<title>Le Sistine Svelate...a cura di Target Lab Ets<\/title>\n<meta name=\"description\" content=\"Le Sistine Svelate Il 22 Luglio 2022, dopo una lunga fase di restauro, sono state inaugurate le Corsie Sistine dell\u2019Area Monumentale Ospedaliera di S.\" \/>\n<meta name=\"robots\" content=\"index, follow, max-snippet:-1, max-image-preview:large, max-video-preview:-1\" \/>\n<link rel=\"canonical\" href=\"https:\/\/www.romaoggi.eu\/index.php\/2022\/07\/24\/le-sistine-svelate-di-massimo-scafati-target-lab-ets\/\" \/>\n<meta property=\"og:locale\" content=\"it_IT\" \/>\n<meta property=\"og:type\" content=\"article\" \/>\n<meta property=\"og:title\" content=\"Le Sistine Svelate...a cura di Target Lab Ets\" \/>\n<meta property=\"og:description\" content=\"Le Sistine Svelate Il 22 Luglio 2022, dopo una lunga fase di restauro, sono state inaugurate le Corsie Sistine dell\u2019Area Monumentale Ospedaliera di S.\" \/>\n<meta property=\"og:url\" content=\"https:\/\/www.romaoggi.eu\/index.php\/2022\/07\/24\/le-sistine-svelate-di-massimo-scafati-target-lab-ets\/\" \/>\n<meta property=\"og:site_name\" content=\"roma oggi\" \/>\n<meta property=\"article:publisher\" content=\"https:\/\/www.facebook.com\/RomaOggi-841544845954114\" \/>\n<meta property=\"article:published_time\" content=\"2022-07-24T18:56:26+00:00\" \/>\n<meta property=\"article:modified_time\" content=\"2022-11-06T12:02:05+00:00\" \/>\n<meta property=\"og:image\" content=\"https:\/\/www.romaoggi.eu\/wp-content\/uploads\/2022\/07\/1013381_Video-Storia-S.Spirito-Corsie-Sistine-del-Complesso-S.-Spirito-in-Saxia-\u00a9-Massimo-Scafati-Target-Lab-Ets-.jpg\" \/>\n\t<meta property=\"og:image:width\" content=\"1020\" \/>\n\t<meta property=\"og:image:height\" content=\"680\" \/>\n\t<meta property=\"og:image:type\" content=\"image\/jpeg\" \/>\n<meta name=\"author\" content=\"Target Lab Ets\" \/>\n<meta name=\"twitter:card\" content=\"summary_large_image\" \/>\n<meta name=\"twitter:creator\" content=\"@romaoggi_eu\" \/>\n<meta name=\"twitter:site\" content=\"@romaoggi_eu\" \/>\n<meta name=\"twitter:label1\" content=\"Scritto da\" \/>\n\t<meta name=\"twitter:data1\" content=\"Target Lab Ets\" \/>\n\t<meta name=\"twitter:label2\" content=\"Tempo di lettura stimato\" \/>\n\t<meta name=\"twitter:data2\" content=\"7 minuti\" \/>\n<script type=\"application\/ld+json\" class=\"yoast-schema-graph\">{\"@context\":\"https:\\\/\\\/schema.org\",\"@graph\":[{\"@type\":\"Article\",\"@id\":\"https:\\\/\\\/www.romaoggi.eu\\\/index.php\\\/2022\\\/07\\\/24\\\/le-sistine-svelate-di-massimo-scafati-target-lab-ets\\\/#article\",\"isPartOf\":{\"@id\":\"https:\\\/\\\/www.romaoggi.eu\\\/index.php\\\/2022\\\/07\\\/24\\\/le-sistine-svelate-di-massimo-scafati-target-lab-ets\\\/\"},\"author\":{\"name\":\"Target Lab Ets\",\"@id\":\"https:\\\/\\\/www.romaoggi.eu\\\/#\\\/schema\\\/person\\\/72b8cfc6de60caeb335267c8e21d90fb\"},\"headline\":\"Le Sistine Svelate&#8230;a cura di Target Lab Ets\",\"datePublished\":\"2022-07-24T18:56:26+00:00\",\"dateModified\":\"2022-11-06T12:02:05+00:00\",\"mainEntityOfPage\":{\"@id\":\"https:\\\/\\\/www.romaoggi.eu\\\/index.php\\\/2022\\\/07\\\/24\\\/le-sistine-svelate-di-massimo-scafati-target-lab-ets\\\/\"},\"wordCount\":794,\"publisher\":{\"@id\":\"https:\\\/\\\/www.romaoggi.eu\\\/#organization\"},\"image\":{\"@id\":\"https:\\\/\\\/www.romaoggi.eu\\\/index.php\\\/2022\\\/07\\\/24\\\/le-sistine-svelate-di-massimo-scafati-target-lab-ets\\\/#primaryimage\"},\"thumbnailUrl\":\"https:\\\/\\\/www.romaoggi.eu\\\/wp-content\\\/uploads\\\/2022\\\/07\\\/1013381_Video-Storia-S.Spirito-Corsie-Sistine-del-Complesso-S.-Spirito-in-Saxia-\u00a9-Massimo-Scafati-Target-Lab-Ets-.jpg\",\"keywords\":[\"Corsie Sistine\",\"Nicola Zingaretti\",\"Papa Sisto IV\",\"Roberto Gualtieri\",\"RomaOggi.eu\",\"S. Spirito in Saxia\",\"Sergio Mattarella\",\"target lab ets\",\"Target Lab Laboratorio Sperimentale di Fotografia e Comunicazione.\"],\"articleSection\":[\"DENTRO ROMA\"],\"inLanguage\":\"it-IT\"},{\"@type\":\"WebPage\",\"@id\":\"https:\\\/\\\/www.romaoggi.eu\\\/index.php\\\/2022\\\/07\\\/24\\\/le-sistine-svelate-di-massimo-scafati-target-lab-ets\\\/\",\"url\":\"https:\\\/\\\/www.romaoggi.eu\\\/index.php\\\/2022\\\/07\\\/24\\\/le-sistine-svelate-di-massimo-scafati-target-lab-ets\\\/\",\"name\":\"Le Sistine Svelate...a cura di Target Lab Ets\",\"isPartOf\":{\"@id\":\"https:\\\/\\\/www.romaoggi.eu\\\/#website\"},\"primaryImageOfPage\":{\"@id\":\"https:\\\/\\\/www.romaoggi.eu\\\/index.php\\\/2022\\\/07\\\/24\\\/le-sistine-svelate-di-massimo-scafati-target-lab-ets\\\/#primaryimage\"},\"image\":{\"@id\":\"https:\\\/\\\/www.romaoggi.eu\\\/index.php\\\/2022\\\/07\\\/24\\\/le-sistine-svelate-di-massimo-scafati-target-lab-ets\\\/#primaryimage\"},\"thumbnailUrl\":\"https:\\\/\\\/www.romaoggi.eu\\\/wp-content\\\/uploads\\\/2022\\\/07\\\/1013381_Video-Storia-S.Spirito-Corsie-Sistine-del-Complesso-S.-Spirito-in-Saxia-\u00a9-Massimo-Scafati-Target-Lab-Ets-.jpg\",\"datePublished\":\"2022-07-24T18:56:26+00:00\",\"dateModified\":\"2022-11-06T12:02:05+00:00\",\"description\":\"Le Sistine Svelate Il 22 Luglio 2022, dopo una lunga fase di restauro, sono state inaugurate le Corsie Sistine dell\u2019Area Monumentale Ospedaliera di S.\",\"breadcrumb\":{\"@id\":\"https:\\\/\\\/www.romaoggi.eu\\\/index.php\\\/2022\\\/07\\\/24\\\/le-sistine-svelate-di-massimo-scafati-target-lab-ets\\\/#breadcrumb\"},\"inLanguage\":\"it-IT\",\"potentialAction\":[{\"@type\":\"ReadAction\",\"target\":[\"https:\\\/\\\/www.romaoggi.eu\\\/index.php\\\/2022\\\/07\\\/24\\\/le-sistine-svelate-di-massimo-scafati-target-lab-ets\\\/\"]}]},{\"@type\":\"ImageObject\",\"inLanguage\":\"it-IT\",\"@id\":\"https:\\\/\\\/www.romaoggi.eu\\\/index.php\\\/2022\\\/07\\\/24\\\/le-sistine-svelate-di-massimo-scafati-target-lab-ets\\\/#primaryimage\",\"url\":\"https:\\\/\\\/www.romaoggi.eu\\\/wp-content\\\/uploads\\\/2022\\\/07\\\/1013381_Video-Storia-S.Spirito-Corsie-Sistine-del-Complesso-S.-Spirito-in-Saxia-\u00a9-Massimo-Scafati-Target-Lab-Ets-.jpg\",\"contentUrl\":\"https:\\\/\\\/www.romaoggi.eu\\\/wp-content\\\/uploads\\\/2022\\\/07\\\/1013381_Video-Storia-S.Spirito-Corsie-Sistine-del-Complesso-S.-Spirito-in-Saxia-\u00a9-Massimo-Scafati-Target-Lab-Ets-.jpg\",\"width\":1020,\"height\":680,\"caption\":\"Video Storia S.Spirito Corsie Sistine del Complesso S. Spirito in Saxia \u00a9 Massimo Scafati - Target Lab Ets\"},{\"@type\":\"BreadcrumbList\",\"@id\":\"https:\\\/\\\/www.romaoggi.eu\\\/index.php\\\/2022\\\/07\\\/24\\\/le-sistine-svelate-di-massimo-scafati-target-lab-ets\\\/#breadcrumb\",\"itemListElement\":[{\"@type\":\"ListItem\",\"position\":1,\"name\":\"Home\",\"item\":\"https:\\\/\\\/www.romaoggi.eu\\\/\"},{\"@type\":\"ListItem\",\"position\":2,\"name\":\"Le Sistine Svelate&#8230;a cura di Target Lab Ets\"}]},{\"@type\":\"WebSite\",\"@id\":\"https:\\\/\\\/www.romaoggi.eu\\\/#website\",\"url\":\"https:\\\/\\\/www.romaoggi.eu\\\/\",\"name\":\"roma oggi\",\"description\":\"Interesting News for Interesting people\",\"publisher\":{\"@id\":\"https:\\\/\\\/www.romaoggi.eu\\\/#organization\"},\"potentialAction\":[{\"@type\":\"SearchAction\",\"target\":{\"@type\":\"EntryPoint\",\"urlTemplate\":\"https:\\\/\\\/www.romaoggi.eu\\\/?s={search_term_string}\"},\"query-input\":{\"@type\":\"PropertyValueSpecification\",\"valueRequired\":true,\"valueName\":\"search_term_string\"}}],\"inLanguage\":\"it-IT\"},{\"@type\":\"Organization\",\"@id\":\"https:\\\/\\\/www.romaoggi.eu\\\/#organization\",\"name\":\"RomaOggi\",\"url\":\"https:\\\/\\\/www.romaoggi.eu\\\/\",\"logo\":{\"@type\":\"ImageObject\",\"inLanguage\":\"it-IT\",\"@id\":\"https:\\\/\\\/www.romaoggi.eu\\\/#\\\/schema\\\/logo\\\/image\\\/\",\"url\":\"https:\\\/\\\/www.romaoggi.eu\\\/wp-content\\\/uploads\\\/2017\\\/04\\\/logowp.jpg\",\"contentUrl\":\"https:\\\/\\\/www.romaoggi.eu\\\/wp-content\\\/uploads\\\/2017\\\/04\\\/logowp.jpg\",\"width\":300,\"height\":133,\"caption\":\"RomaOggi\"},\"image\":{\"@id\":\"https:\\\/\\\/www.romaoggi.eu\\\/#\\\/schema\\\/logo\\\/image\\\/\"},\"sameAs\":[\"https:\\\/\\\/www.facebook.com\\\/RomaOggi-841544845954114\",\"https:\\\/\\\/x.com\\\/romaoggi_eu\"]},{\"@type\":\"Person\",\"@id\":\"https:\\\/\\\/www.romaoggi.eu\\\/#\\\/schema\\\/person\\\/72b8cfc6de60caeb335267c8e21d90fb\",\"name\":\"Target Lab Ets\",\"image\":{\"@type\":\"ImageObject\",\"inLanguage\":\"it-IT\",\"@id\":\"https:\\\/\\\/secure.gravatar.com\\\/avatar\\\/ab64fd266889a629b0e9e6ab56209e379c2a89cfda303941ee9621d4090292d1?s=96&d=mm&r=g\",\"url\":\"https:\\\/\\\/secure.gravatar.com\\\/avatar\\\/ab64fd266889a629b0e9e6ab56209e379c2a89cfda303941ee9621d4090292d1?s=96&d=mm&r=g\",\"contentUrl\":\"https:\\\/\\\/secure.gravatar.com\\\/avatar\\\/ab64fd266889a629b0e9e6ab56209e379c2a89cfda303941ee9621d4090292d1?s=96&d=mm&r=g\",\"caption\":\"Target Lab Ets\"},\"sameAs\":[\"http:\\\/\\\/www.targetlab.org\"],\"url\":\"https:\\\/\\\/www.romaoggi.eu\\\/index.php\\\/author\\\/isfc\\\/\"}]}<\/script>\n<!-- \/ Yoast SEO plugin. -->","yoast_head_json":{"title":"Le Sistine Svelate...a cura di Target Lab Ets","description":"Le Sistine Svelate Il 22 Luglio 2022, dopo una lunga fase di restauro, sono state inaugurate le Corsie Sistine dell\u2019Area Monumentale Ospedaliera di S.","robots":{"index":"index","follow":"follow","max-snippet":"max-snippet:-1","max-image-preview":"max-image-preview:large","max-video-preview":"max-video-preview:-1"},"canonical":"https:\/\/www.romaoggi.eu\/index.php\/2022\/07\/24\/le-sistine-svelate-di-massimo-scafati-target-lab-ets\/","og_locale":"it_IT","og_type":"article","og_title":"Le Sistine Svelate...a cura di Target Lab Ets","og_description":"Le Sistine Svelate Il 22 Luglio 2022, dopo una lunga fase di restauro, sono state inaugurate le Corsie Sistine dell\u2019Area Monumentale Ospedaliera di S.","og_url":"https:\/\/www.romaoggi.eu\/index.php\/2022\/07\/24\/le-sistine-svelate-di-massimo-scafati-target-lab-ets\/","og_site_name":"roma oggi","article_publisher":"https:\/\/www.facebook.com\/RomaOggi-841544845954114","article_published_time":"2022-07-24T18:56:26+00:00","article_modified_time":"2022-11-06T12:02:05+00:00","og_image":[{"width":1020,"height":680,"url":"https:\/\/www.romaoggi.eu\/wp-content\/uploads\/2022\/07\/1013381_Video-Storia-S.Spirito-Corsie-Sistine-del-Complesso-S.-Spirito-in-Saxia-\u00a9-Massimo-Scafati-Target-Lab-Ets-.jpg","type":"image\/jpeg"}],"author":"Target Lab Ets","twitter_card":"summary_large_image","twitter_creator":"@romaoggi_eu","twitter_site":"@romaoggi_eu","twitter_misc":{"Scritto da":"Target Lab Ets","Tempo di lettura stimato":"7 minuti"},"schema":{"@context":"https:\/\/schema.org","@graph":[{"@type":"Article","@id":"https:\/\/www.romaoggi.eu\/index.php\/2022\/07\/24\/le-sistine-svelate-di-massimo-scafati-target-lab-ets\/#article","isPartOf":{"@id":"https:\/\/www.romaoggi.eu\/index.php\/2022\/07\/24\/le-sistine-svelate-di-massimo-scafati-target-lab-ets\/"},"author":{"name":"Target Lab Ets","@id":"https:\/\/www.romaoggi.eu\/#\/schema\/person\/72b8cfc6de60caeb335267c8e21d90fb"},"headline":"Le Sistine Svelate&#8230;a cura di Target Lab Ets","datePublished":"2022-07-24T18:56:26+00:00","dateModified":"2022-11-06T12:02:05+00:00","mainEntityOfPage":{"@id":"https:\/\/www.romaoggi.eu\/index.php\/2022\/07\/24\/le-sistine-svelate-di-massimo-scafati-target-lab-ets\/"},"wordCount":794,"publisher":{"@id":"https:\/\/www.romaoggi.eu\/#organization"},"image":{"@id":"https:\/\/www.romaoggi.eu\/index.php\/2022\/07\/24\/le-sistine-svelate-di-massimo-scafati-target-lab-ets\/#primaryimage"},"thumbnailUrl":"https:\/\/www.romaoggi.eu\/wp-content\/uploads\/2022\/07\/1013381_Video-Storia-S.Spirito-Corsie-Sistine-del-Complesso-S.-Spirito-in-Saxia-\u00a9-Massimo-Scafati-Target-Lab-Ets-.jpg","keywords":["Corsie Sistine","Nicola Zingaretti","Papa Sisto IV","Roberto Gualtieri","RomaOggi.eu","S. Spirito in Saxia","Sergio Mattarella","target lab ets","Target Lab Laboratorio Sperimentale di Fotografia e Comunicazione."],"articleSection":["DENTRO ROMA"],"inLanguage":"it-IT"},{"@type":"WebPage","@id":"https:\/\/www.romaoggi.eu\/index.php\/2022\/07\/24\/le-sistine-svelate-di-massimo-scafati-target-lab-ets\/","url":"https:\/\/www.romaoggi.eu\/index.php\/2022\/07\/24\/le-sistine-svelate-di-massimo-scafati-target-lab-ets\/","name":"Le Sistine Svelate...a cura di Target Lab Ets","isPartOf":{"@id":"https:\/\/www.romaoggi.eu\/#website"},"primaryImageOfPage":{"@id":"https:\/\/www.romaoggi.eu\/index.php\/2022\/07\/24\/le-sistine-svelate-di-massimo-scafati-target-lab-ets\/#primaryimage"},"image":{"@id":"https:\/\/www.romaoggi.eu\/index.php\/2022\/07\/24\/le-sistine-svelate-di-massimo-scafati-target-lab-ets\/#primaryimage"},"thumbnailUrl":"https:\/\/www.romaoggi.eu\/wp-content\/uploads\/2022\/07\/1013381_Video-Storia-S.Spirito-Corsie-Sistine-del-Complesso-S.-Spirito-in-Saxia-\u00a9-Massimo-Scafati-Target-Lab-Ets-.jpg","datePublished":"2022-07-24T18:56:26+00:00","dateModified":"2022-11-06T12:02:05+00:00","description":"Le Sistine Svelate Il 22 Luglio 2022, dopo una lunga fase di restauro, sono state inaugurate le Corsie Sistine dell\u2019Area Monumentale Ospedaliera di S.","breadcrumb":{"@id":"https:\/\/www.romaoggi.eu\/index.php\/2022\/07\/24\/le-sistine-svelate-di-massimo-scafati-target-lab-ets\/#breadcrumb"},"inLanguage":"it-IT","potentialAction":[{"@type":"ReadAction","target":["https:\/\/www.romaoggi.eu\/index.php\/2022\/07\/24\/le-sistine-svelate-di-massimo-scafati-target-lab-ets\/"]}]},{"@type":"ImageObject","inLanguage":"it-IT","@id":"https:\/\/www.romaoggi.eu\/index.php\/2022\/07\/24\/le-sistine-svelate-di-massimo-scafati-target-lab-ets\/#primaryimage","url":"https:\/\/www.romaoggi.eu\/wp-content\/uploads\/2022\/07\/1013381_Video-Storia-S.Spirito-Corsie-Sistine-del-Complesso-S.-Spirito-in-Saxia-\u00a9-Massimo-Scafati-Target-Lab-Ets-.jpg","contentUrl":"https:\/\/www.romaoggi.eu\/wp-content\/uploads\/2022\/07\/1013381_Video-Storia-S.Spirito-Corsie-Sistine-del-Complesso-S.-Spirito-in-Saxia-\u00a9-Massimo-Scafati-Target-Lab-Ets-.jpg","width":1020,"height":680,"caption":"Video Storia S.Spirito Corsie Sistine del Complesso S. Spirito in Saxia \u00a9 Massimo Scafati - Target Lab Ets"},{"@type":"BreadcrumbList","@id":"https:\/\/www.romaoggi.eu\/index.php\/2022\/07\/24\/le-sistine-svelate-di-massimo-scafati-target-lab-ets\/#breadcrumb","itemListElement":[{"@type":"ListItem","position":1,"name":"Home","item":"https:\/\/www.romaoggi.eu\/"},{"@type":"ListItem","position":2,"name":"Le Sistine Svelate&#8230;a cura di Target Lab Ets"}]},{"@type":"WebSite","@id":"https:\/\/www.romaoggi.eu\/#website","url":"https:\/\/www.romaoggi.eu\/","name":"roma oggi","description":"Interesting News for Interesting people","publisher":{"@id":"https:\/\/www.romaoggi.eu\/#organization"},"potentialAction":[{"@type":"SearchAction","target":{"@type":"EntryPoint","urlTemplate":"https:\/\/www.romaoggi.eu\/?s={search_term_string}"},"query-input":{"@type":"PropertyValueSpecification","valueRequired":true,"valueName":"search_term_string"}}],"inLanguage":"it-IT"},{"@type":"Organization","@id":"https:\/\/www.romaoggi.eu\/#organization","name":"RomaOggi","url":"https:\/\/www.romaoggi.eu\/","logo":{"@type":"ImageObject","inLanguage":"it-IT","@id":"https:\/\/www.romaoggi.eu\/#\/schema\/logo\/image\/","url":"https:\/\/www.romaoggi.eu\/wp-content\/uploads\/2017\/04\/logowp.jpg","contentUrl":"https:\/\/www.romaoggi.eu\/wp-content\/uploads\/2017\/04\/logowp.jpg","width":300,"height":133,"caption":"RomaOggi"},"image":{"@id":"https:\/\/www.romaoggi.eu\/#\/schema\/logo\/image\/"},"sameAs":["https:\/\/www.facebook.com\/RomaOggi-841544845954114","https:\/\/x.com\/romaoggi_eu"]},{"@type":"Person","@id":"https:\/\/www.romaoggi.eu\/#\/schema\/person\/72b8cfc6de60caeb335267c8e21d90fb","name":"Target Lab Ets","image":{"@type":"ImageObject","inLanguage":"it-IT","@id":"https:\/\/secure.gravatar.com\/avatar\/ab64fd266889a629b0e9e6ab56209e379c2a89cfda303941ee9621d4090292d1?s=96&d=mm&r=g","url":"https:\/\/secure.gravatar.com\/avatar\/ab64fd266889a629b0e9e6ab56209e379c2a89cfda303941ee9621d4090292d1?s=96&d=mm&r=g","contentUrl":"https:\/\/secure.gravatar.com\/avatar\/ab64fd266889a629b0e9e6ab56209e379c2a89cfda303941ee9621d4090292d1?s=96&d=mm&r=g","caption":"Target Lab Ets"},"sameAs":["http:\/\/www.targetlab.org"],"url":"https:\/\/www.romaoggi.eu\/index.php\/author\/isfc\/"}]}},"_links":{"self":[{"href":"https:\/\/www.romaoggi.eu\/index.php\/wp-json\/wp\/v2\/posts\/33522","targetHints":{"allow":["GET"]}}],"collection":[{"href":"https:\/\/www.romaoggi.eu\/index.php\/wp-json\/wp\/v2\/posts"}],"about":[{"href":"https:\/\/www.romaoggi.eu\/index.php\/wp-json\/wp\/v2\/types\/post"}],"author":[{"embeddable":true,"href":"https:\/\/www.romaoggi.eu\/index.php\/wp-json\/wp\/v2\/users\/17"}],"replies":[{"embeddable":true,"href":"https:\/\/www.romaoggi.eu\/index.php\/wp-json\/wp\/v2\/comments?post=33522"}],"version-history":[{"count":4,"href":"https:\/\/www.romaoggi.eu\/index.php\/wp-json\/wp\/v2\/posts\/33522\/revisions"}],"predecessor-version":[{"id":34064,"href":"https:\/\/www.romaoggi.eu\/index.php\/wp-json\/wp\/v2\/posts\/33522\/revisions\/34064"}],"wp:featuredmedia":[{"embeddable":true,"href":"https:\/\/www.romaoggi.eu\/index.php\/wp-json\/wp\/v2\/media\/33541"}],"wp:attachment":[{"href":"https:\/\/www.romaoggi.eu\/index.php\/wp-json\/wp\/v2\/media?parent=33522"}],"wp:term":[{"taxonomy":"category","embeddable":true,"href":"https:\/\/www.romaoggi.eu\/index.php\/wp-json\/wp\/v2\/categories?post=33522"},{"taxonomy":"post_tag","embeddable":true,"href":"https:\/\/www.romaoggi.eu\/index.php\/wp-json\/wp\/v2\/tags?post=33522"}],"curies":[{"name":"wp","href":"https:\/\/api.w.org\/{rel}","templated":true}]}}