{"id":33545,"date":"2022-07-25T18:58:08","date_gmt":"2022-07-25T16:58:08","guid":{"rendered":"https:\/\/www.romaoggi.eu\/?p=33545"},"modified":"2022-07-25T18:58:08","modified_gmt":"2022-07-25T16:58:08","slug":"moda-i-trend-di-stagione-piu-forti-del-2022","status":"publish","type":"post","link":"https:\/\/www.romaoggi.eu\/index.php\/2022\/07\/25\/moda-i-trend-di-stagione-piu-forti-del-2022\/","title":{"rendered":"Moda: i trend di stagione pi\u00f9 forti del 2022"},"content":{"rendered":"<p align=\"JUSTIFY\">I modelli di scarpe da donna proposti dalle pi\u00f9 grandi maison di moda in questa stagione spaziano da creazioni estremamente glamour ad altre dal piglio pi\u00f9 stravagante.<\/p>\n<p align=\"JUSTIFY\">Tra i modelli pi\u00f9 chic e sofisticati abbiamo le creazioni di Louis Vuitton, con cinturino alla caviglia e tacco a rocchetto, dall\u2019allure vintage ma con una nota moderna grazie alla punta a spirale. Ci sono poi gli stivaletti leggeri dalla punta arrotondata firmati Chlo\u00e9, gli stivali allacciati di\u00a0Giambattista Valli, e le creazioni di Saint Laurent ed Elie Saab, con stivali alti o alla caviglia, spuntati e con fibbia. Dior e Roberto Cavalli puntano invece sul tacco rotondo in plexiglass, mentre brand del calibro di Salvatore Ferragamo, Rochas e Maison Martin Margiela prediligono i tacchi futuristici.<\/p>\n<p align=\"JUSTIFY\">Rimangono sulla cresta dell\u2019onda anche le ballerine, eleganti e, al contempo, casual, proposte in colori e fantasie originali, come, ad esempio, i modelli proposti da Max &amp; Co, in pelle nera lucida con borchie e in pelle martellata rossa e nera, con cinturino doppio.<\/p>\n<p align=\"JUSTIFY\">Quanto alle d\u00e9collet\u00e9, \u00e8 il gran ritorno della punta, ma non particolarmente allungata. Le collezioni dei pi\u00f9 grandi fashion designer si popolano di creazioni dallo stile esclusivo, con forme nuove arricchite da pellami pregiati, superfici degrad\u00e8 e decori raffinati.<\/p>\n<p align=\"JUSTIFY\">Anche le sneakers da donna si allineano al trend delle fantasie animalier e dei pellami raffinati. In questa stagione le sneakers sono rese meno sportive proprio dall\u2019uso di materiali pregiati, come il suede, e dall\u2019uso di applicazioni luccicanti, come i modelli proposti da Miu Miu.<\/p>\n<h2 class=\"western\" align=\"JUSTIFY\">Il ritorno della minigonna tra i trend del 2022<\/h2>\n<p align=\"JUSTIFY\">Realizzata per la prima volta a Londra nel 1965 con solo pochi centimetri di stoffa dalla stilista inglese Mary Quant, la minigonna \u00e8 rapidamente diventata un cult nel Regno Unito e, ben presto, nel resto dell\u2019Europa e del mondo. A proposito di Londra e del Regno Unito, ricordiamo agli appassionati di calcio che sul portale <a href=\"https:\/\/scommesse.netbet.it\/\"><span style=\"color: #1155cc;\"><u>scommesse.netbet.it<\/u><\/span><\/a> \u00e8 possibile scommettere non solo sulle partite della Serie A e Serie B italiane, ma anche sulle massime competizioni europee e sui match internazionali di team che spaziano dal Tottenham al Chelsea, dal Manchester United all\u2019Olympiacos e il Viktoria Plzen.<\/p>\n<p align=\"JUSTIFY\">Torniamo a noi. Ripercorrere la storia della miniskirt equivale a raccontare\u00a0un pezzo di storia della moda. Divenuta nel tempo una vera e propria icona, utilizzata come simbolo di emancipazione, la mini fece parlare di s\u00e9 ovunque venisse indossata, in quanto rappresentava una vera e propria sfida al comune senso del pudore dell\u2019epoca.<\/p>\n<p align=\"JUSTIFY\">Nel corso degli anni e dei decenni, la minigonna \u00e8 stata rivisitata e proposta in mille varianti, dai primi modelli multicolor e svasati degli anni Sessanta a quelli in tessuto sintetico, da quelli in pelle nera dei punk a quelli in pizzo e in jeans.<\/p>\n<p align=\"JUSTIFY\">Oggi, a quasi 60 anni dalla sua nascita, la mini \u00e8 tornata a essere a tutti gli effetti un capo\u00a0must have nel guardaroba di ogni donna, proposta nelle collezioni dei pi\u00f9 grandi fashion designer.<\/p>\n<p align=\"JUSTIFY\">In questa stagione sono in voga le minigonne con lavorazione\u00a0jacquard, ideali da sfoggiare di giorno in abbinamento a un paio di\u00a0biker\u00a0boots in pelle sia per un look serale. Per un\u00a0outfit da cocktail, potete abbinare la minigonna a una blusa in una nuance chiara e scarpe flat.<\/p>\n<p align=\"JUSTIFY\">A vita rigorosamente alta, sobria e strutturata, la\u00a0minigonna a trapezio\u00a0ha un sapore bon ton, che strizza l\u2019occhio agli anni Sessanta. Perfetta da abbinare a un\u00a0crop top, la mini doner\u00e0 al vostro look un\u2019adorabile nota preppy-chic. Per le serate nei club pi\u00f9 esclusivi non pu\u00f2 mancare una minigonna con decorazioni in strass e paillettes, come, per esempio, il modello firmato <a href=\"https:\/\/www.repubblica.it\/moda-e-beauty\/2022\/07\/08\/news\/dolce_e_gabbana_siracusa_sfilata_ospiti_evento-357065061\/\"><span style=\"color: #0563c1;\"><u>Dolce &amp; Gabbana<\/u><\/span><\/a>, con\u00a0applicazioni argentate dagli accenti azzurri.<\/p>\n<p align=\"JUSTIFY\">Piacevole al tatto ed estremamente morbida, la minigonna in\u00a0<i>suede<\/i> si adatta a ogni silhouette.\u00a0S\u00ec anche alla minigonna in pelle, pezzo cult di stagione. Perfetta di giorno e di sera, viene proposta in infinite varianti, in ecopelle, a vita alta, a pieghe e a tubo.<\/p>\n","protected":false},"excerpt":{"rendered":"<div class=\"mh-excerpt\"><p>I modelli di scarpe da donna proposti dalle pi\u00f9 grandi maison di moda in questa stagione spaziano da creazioni estremamente glamour ad altre dal piglio pi\u00f9 stravagante. Tra i modelli pi\u00f9 chic e sofisticati abbiamo <a class=\"mh-excerpt-more\" href=\"https:\/\/www.romaoggi.eu\/index.php\/2022\/07\/25\/moda-i-trend-di-stagione-piu-forti-del-2022\/\" title=\"Moda: i trend di stagione pi\u00f9 forti del 2022\">[&#8230;]<\/a><\/p>\n<\/div>","protected":false},"author":1,"featured_media":33546,"comment_status":"closed","ping_status":"open","sticky":false,"template":"","format":"standard","meta":{"_sitemap_exclude":false,"_sitemap_priority":"","_sitemap_frequency":"","footnotes":""},"categories":[5273],"tags":[201,16435],"class_list":["post-33545","post","type-post","status-publish","format-standard","has-post-thumbnail","hentry","category-oltre-roma","tag-moda","tag-scarpe-da-donna"],"yoast_head":"<!-- This site is optimized with the Yoast SEO plugin v27.4 - https:\/\/yoast.com\/product\/yoast-seo-wordpress\/ -->\n<title>Moda: i trend di stagione pi\u00f9 forti del 2022<\/title>\n<meta name=\"description\" content=\"I modelli di scarpe da donna proposti dalle pi\u00f9 grandi maison di moda in questa stagione spaziano da creazioni estremamente glamour ad altre dal piglio\" \/>\n<meta name=\"robots\" content=\"index, follow, max-snippet:-1, max-image-preview:large, max-video-preview:-1\" \/>\n<link rel=\"canonical\" href=\"https:\/\/www.romaoggi.eu\/index.php\/2022\/07\/25\/moda-i-trend-di-stagione-piu-forti-del-2022\/\" \/>\n<meta property=\"og:locale\" content=\"it_IT\" \/>\n<meta property=\"og:type\" content=\"article\" \/>\n<meta property=\"og:title\" content=\"Moda: i trend di stagione pi\u00f9 forti del 2022\" \/>\n<meta property=\"og:description\" content=\"I modelli di scarpe da donna proposti dalle pi\u00f9 grandi maison di moda in questa stagione spaziano da creazioni estremamente glamour ad altre dal piglio\" \/>\n<meta property=\"og:url\" content=\"https:\/\/www.romaoggi.eu\/index.php\/2022\/07\/25\/moda-i-trend-di-stagione-piu-forti-del-2022\/\" \/>\n<meta property=\"og:site_name\" content=\"roma oggi\" \/>\n<meta property=\"article:publisher\" content=\"https:\/\/www.facebook.com\/RomaOggi-841544845954114\" \/>\n<meta property=\"article:published_time\" content=\"2022-07-25T16:58:08+00:00\" \/>\n<meta property=\"og:image\" content=\"https:\/\/www.romaoggi.eu\/wp-content\/uploads\/2022\/07\/feticismo-freud.jpg\" \/>\n\t<meta property=\"og:image:width\" content=\"700\" \/>\n\t<meta property=\"og:image:height\" content=\"380\" \/>\n\t<meta property=\"og:image:type\" content=\"image\/jpeg\" \/>\n<meta name=\"author\" content=\"admin\" \/>\n<meta name=\"twitter:card\" content=\"summary_large_image\" \/>\n<meta name=\"twitter:creator\" content=\"@romaoggi_eu\" \/>\n<meta name=\"twitter:site\" content=\"@romaoggi_eu\" \/>\n<meta name=\"twitter:label1\" content=\"Scritto da\" \/>\n\t<meta name=\"twitter:data1\" content=\"admin\" \/>\n\t<meta name=\"twitter:label2\" content=\"Tempo di lettura stimato\" \/>\n\t<meta name=\"twitter:data2\" content=\"4 minuti\" \/>\n<script type=\"application\/ld+json\" class=\"yoast-schema-graph\">{\"@context\":\"https:\\\/\\\/schema.org\",\"@graph\":[{\"@type\":\"Article\",\"@id\":\"https:\\\/\\\/www.romaoggi.eu\\\/index.php\\\/2022\\\/07\\\/25\\\/moda-i-trend-di-stagione-piu-forti-del-2022\\\/#article\",\"isPartOf\":{\"@id\":\"https:\\\/\\\/www.romaoggi.eu\\\/index.php\\\/2022\\\/07\\\/25\\\/moda-i-trend-di-stagione-piu-forti-del-2022\\\/\"},\"author\":{\"name\":\"admin\",\"@id\":\"https:\\\/\\\/www.romaoggi.eu\\\/#\\\/schema\\\/person\\\/9b23ceb6a2992a25e98c76a5f1fbb887\"},\"headline\":\"Moda: i trend di stagione pi\u00f9 forti del 2022\",\"datePublished\":\"2022-07-25T16:58:08+00:00\",\"mainEntityOfPage\":{\"@id\":\"https:\\\/\\\/www.romaoggi.eu\\\/index.php\\\/2022\\\/07\\\/25\\\/moda-i-trend-di-stagione-piu-forti-del-2022\\\/\"},\"wordCount\":668,\"publisher\":{\"@id\":\"https:\\\/\\\/www.romaoggi.eu\\\/#organization\"},\"image\":{\"@id\":\"https:\\\/\\\/www.romaoggi.eu\\\/index.php\\\/2022\\\/07\\\/25\\\/moda-i-trend-di-stagione-piu-forti-del-2022\\\/#primaryimage\"},\"thumbnailUrl\":\"https:\\\/\\\/www.romaoggi.eu\\\/wp-content\\\/uploads\\\/2022\\\/07\\\/feticismo-freud.jpg\",\"keywords\":[\"moda\",\"scarpe da donna\"],\"articleSection\":[\"oltre Roma\"],\"inLanguage\":\"it-IT\"},{\"@type\":\"WebPage\",\"@id\":\"https:\\\/\\\/www.romaoggi.eu\\\/index.php\\\/2022\\\/07\\\/25\\\/moda-i-trend-di-stagione-piu-forti-del-2022\\\/\",\"url\":\"https:\\\/\\\/www.romaoggi.eu\\\/index.php\\\/2022\\\/07\\\/25\\\/moda-i-trend-di-stagione-piu-forti-del-2022\\\/\",\"name\":\"Moda: i trend di stagione pi\u00f9 forti del 2022\",\"isPartOf\":{\"@id\":\"https:\\\/\\\/www.romaoggi.eu\\\/#website\"},\"primaryImageOfPage\":{\"@id\":\"https:\\\/\\\/www.romaoggi.eu\\\/index.php\\\/2022\\\/07\\\/25\\\/moda-i-trend-di-stagione-piu-forti-del-2022\\\/#primaryimage\"},\"image\":{\"@id\":\"https:\\\/\\\/www.romaoggi.eu\\\/index.php\\\/2022\\\/07\\\/25\\\/moda-i-trend-di-stagione-piu-forti-del-2022\\\/#primaryimage\"},\"thumbnailUrl\":\"https:\\\/\\\/www.romaoggi.eu\\\/wp-content\\\/uploads\\\/2022\\\/07\\\/feticismo-freud.jpg\",\"datePublished\":\"2022-07-25T16:58:08+00:00\",\"description\":\"I modelli di scarpe da donna proposti dalle pi\u00f9 grandi maison di moda in questa stagione spaziano da creazioni estremamente glamour ad altre dal piglio\",\"breadcrumb\":{\"@id\":\"https:\\\/\\\/www.romaoggi.eu\\\/index.php\\\/2022\\\/07\\\/25\\\/moda-i-trend-di-stagione-piu-forti-del-2022\\\/#breadcrumb\"},\"inLanguage\":\"it-IT\",\"potentialAction\":[{\"@type\":\"ReadAction\",\"target\":[\"https:\\\/\\\/www.romaoggi.eu\\\/index.php\\\/2022\\\/07\\\/25\\\/moda-i-trend-di-stagione-piu-forti-del-2022\\\/\"]}]},{\"@type\":\"ImageObject\",\"inLanguage\":\"it-IT\",\"@id\":\"https:\\\/\\\/www.romaoggi.eu\\\/index.php\\\/2022\\\/07\\\/25\\\/moda-i-trend-di-stagione-piu-forti-del-2022\\\/#primaryimage\",\"url\":\"https:\\\/\\\/www.romaoggi.eu\\\/wp-content\\\/uploads\\\/2022\\\/07\\\/feticismo-freud.jpg\",\"contentUrl\":\"https:\\\/\\\/www.romaoggi.eu\\\/wp-content\\\/uploads\\\/2022\\\/07\\\/feticismo-freud.jpg\",\"width\":700,\"height\":380,\"caption\":\"Alt text Moda\"},{\"@type\":\"BreadcrumbList\",\"@id\":\"https:\\\/\\\/www.romaoggi.eu\\\/index.php\\\/2022\\\/07\\\/25\\\/moda-i-trend-di-stagione-piu-forti-del-2022\\\/#breadcrumb\",\"itemListElement\":[{\"@type\":\"ListItem\",\"position\":1,\"name\":\"Home\",\"item\":\"https:\\\/\\\/www.romaoggi.eu\\\/\"},{\"@type\":\"ListItem\",\"position\":2,\"name\":\"Moda: i trend di stagione pi\u00f9 forti del 2022\"}]},{\"@type\":\"WebSite\",\"@id\":\"https:\\\/\\\/www.romaoggi.eu\\\/#website\",\"url\":\"https:\\\/\\\/www.romaoggi.eu\\\/\",\"name\":\"roma oggi\",\"description\":\"Interesting News for Interesting people\",\"publisher\":{\"@id\":\"https:\\\/\\\/www.romaoggi.eu\\\/#organization\"},\"potentialAction\":[{\"@type\":\"SearchAction\",\"target\":{\"@type\":\"EntryPoint\",\"urlTemplate\":\"https:\\\/\\\/www.romaoggi.eu\\\/?s={search_term_string}\"},\"query-input\":{\"@type\":\"PropertyValueSpecification\",\"valueRequired\":true,\"valueName\":\"search_term_string\"}}],\"inLanguage\":\"it-IT\"},{\"@type\":\"Organization\",\"@id\":\"https:\\\/\\\/www.romaoggi.eu\\\/#organization\",\"name\":\"RomaOggi\",\"url\":\"https:\\\/\\\/www.romaoggi.eu\\\/\",\"logo\":{\"@type\":\"ImageObject\",\"inLanguage\":\"it-IT\",\"@id\":\"https:\\\/\\\/www.romaoggi.eu\\\/#\\\/schema\\\/logo\\\/image\\\/\",\"url\":\"https:\\\/\\\/www.romaoggi.eu\\\/wp-content\\\/uploads\\\/2017\\\/04\\\/logowp.jpg\",\"contentUrl\":\"https:\\\/\\\/www.romaoggi.eu\\\/wp-content\\\/uploads\\\/2017\\\/04\\\/logowp.jpg\",\"width\":300,\"height\":133,\"caption\":\"RomaOggi\"},\"image\":{\"@id\":\"https:\\\/\\\/www.romaoggi.eu\\\/#\\\/schema\\\/logo\\\/image\\\/\"},\"sameAs\":[\"https:\\\/\\\/www.facebook.com\\\/RomaOggi-841544845954114\",\"https:\\\/\\\/x.com\\\/romaoggi_eu\"]},{\"@type\":\"Person\",\"@id\":\"https:\\\/\\\/www.romaoggi.eu\\\/#\\\/schema\\\/person\\\/9b23ceb6a2992a25e98c76a5f1fbb887\",\"name\":\"admin\",\"image\":{\"@type\":\"ImageObject\",\"inLanguage\":\"it-IT\",\"@id\":\"https:\\\/\\\/secure.gravatar.com\\\/avatar\\\/51b1e0a1f4159e3b5d89435fce5e1a348d6c59e2ff8c2d428dae75560aace504?s=96&d=mm&r=g\",\"url\":\"https:\\\/\\\/secure.gravatar.com\\\/avatar\\\/51b1e0a1f4159e3b5d89435fce5e1a348d6c59e2ff8c2d428dae75560aace504?s=96&d=mm&r=g\",\"contentUrl\":\"https:\\\/\\\/secure.gravatar.com\\\/avatar\\\/51b1e0a1f4159e3b5d89435fce5e1a348d6c59e2ff8c2d428dae75560aace504?s=96&d=mm&r=g\",\"caption\":\"admin\"},\"url\":\"https:\\\/\\\/www.romaoggi.eu\\\/index.php\\\/author\\\/admin\\\/\"}]}<\/script>\n<!-- \/ Yoast SEO plugin. -->","yoast_head_json":{"title":"Moda: i trend di stagione pi\u00f9 forti del 2022","description":"I modelli di scarpe da donna proposti dalle pi\u00f9 grandi maison di moda in questa stagione spaziano da creazioni estremamente glamour ad altre dal piglio","robots":{"index":"index","follow":"follow","max-snippet":"max-snippet:-1","max-image-preview":"max-image-preview:large","max-video-preview":"max-video-preview:-1"},"canonical":"https:\/\/www.romaoggi.eu\/index.php\/2022\/07\/25\/moda-i-trend-di-stagione-piu-forti-del-2022\/","og_locale":"it_IT","og_type":"article","og_title":"Moda: i trend di stagione pi\u00f9 forti del 2022","og_description":"I modelli di scarpe da donna proposti dalle pi\u00f9 grandi maison di moda in questa stagione spaziano da creazioni estremamente glamour ad altre dal piglio","og_url":"https:\/\/www.romaoggi.eu\/index.php\/2022\/07\/25\/moda-i-trend-di-stagione-piu-forti-del-2022\/","og_site_name":"roma oggi","article_publisher":"https:\/\/www.facebook.com\/RomaOggi-841544845954114","article_published_time":"2022-07-25T16:58:08+00:00","og_image":[{"width":700,"height":380,"url":"https:\/\/www.romaoggi.eu\/wp-content\/uploads\/2022\/07\/feticismo-freud.jpg","type":"image\/jpeg"}],"author":"admin","twitter_card":"summary_large_image","twitter_creator":"@romaoggi_eu","twitter_site":"@romaoggi_eu","twitter_misc":{"Scritto da":"admin","Tempo di lettura stimato":"4 minuti"},"schema":{"@context":"https:\/\/schema.org","@graph":[{"@type":"Article","@id":"https:\/\/www.romaoggi.eu\/index.php\/2022\/07\/25\/moda-i-trend-di-stagione-piu-forti-del-2022\/#article","isPartOf":{"@id":"https:\/\/www.romaoggi.eu\/index.php\/2022\/07\/25\/moda-i-trend-di-stagione-piu-forti-del-2022\/"},"author":{"name":"admin","@id":"https:\/\/www.romaoggi.eu\/#\/schema\/person\/9b23ceb6a2992a25e98c76a5f1fbb887"},"headline":"Moda: i trend di stagione pi\u00f9 forti del 2022","datePublished":"2022-07-25T16:58:08+00:00","mainEntityOfPage":{"@id":"https:\/\/www.romaoggi.eu\/index.php\/2022\/07\/25\/moda-i-trend-di-stagione-piu-forti-del-2022\/"},"wordCount":668,"publisher":{"@id":"https:\/\/www.romaoggi.eu\/#organization"},"image":{"@id":"https:\/\/www.romaoggi.eu\/index.php\/2022\/07\/25\/moda-i-trend-di-stagione-piu-forti-del-2022\/#primaryimage"},"thumbnailUrl":"https:\/\/www.romaoggi.eu\/wp-content\/uploads\/2022\/07\/feticismo-freud.jpg","keywords":["moda","scarpe da donna"],"articleSection":["oltre Roma"],"inLanguage":"it-IT"},{"@type":"WebPage","@id":"https:\/\/www.romaoggi.eu\/index.php\/2022\/07\/25\/moda-i-trend-di-stagione-piu-forti-del-2022\/","url":"https:\/\/www.romaoggi.eu\/index.php\/2022\/07\/25\/moda-i-trend-di-stagione-piu-forti-del-2022\/","name":"Moda: i trend di stagione pi\u00f9 forti del 2022","isPartOf":{"@id":"https:\/\/www.romaoggi.eu\/#website"},"primaryImageOfPage":{"@id":"https:\/\/www.romaoggi.eu\/index.php\/2022\/07\/25\/moda-i-trend-di-stagione-piu-forti-del-2022\/#primaryimage"},"image":{"@id":"https:\/\/www.romaoggi.eu\/index.php\/2022\/07\/25\/moda-i-trend-di-stagione-piu-forti-del-2022\/#primaryimage"},"thumbnailUrl":"https:\/\/www.romaoggi.eu\/wp-content\/uploads\/2022\/07\/feticismo-freud.jpg","datePublished":"2022-07-25T16:58:08+00:00","description":"I modelli di scarpe da donna proposti dalle pi\u00f9 grandi maison di moda in questa stagione spaziano da creazioni estremamente glamour ad altre dal piglio","breadcrumb":{"@id":"https:\/\/www.romaoggi.eu\/index.php\/2022\/07\/25\/moda-i-trend-di-stagione-piu-forti-del-2022\/#breadcrumb"},"inLanguage":"it-IT","potentialAction":[{"@type":"ReadAction","target":["https:\/\/www.romaoggi.eu\/index.php\/2022\/07\/25\/moda-i-trend-di-stagione-piu-forti-del-2022\/"]}]},{"@type":"ImageObject","inLanguage":"it-IT","@id":"https:\/\/www.romaoggi.eu\/index.php\/2022\/07\/25\/moda-i-trend-di-stagione-piu-forti-del-2022\/#primaryimage","url":"https:\/\/www.romaoggi.eu\/wp-content\/uploads\/2022\/07\/feticismo-freud.jpg","contentUrl":"https:\/\/www.romaoggi.eu\/wp-content\/uploads\/2022\/07\/feticismo-freud.jpg","width":700,"height":380,"caption":"Alt text Moda"},{"@type":"BreadcrumbList","@id":"https:\/\/www.romaoggi.eu\/index.php\/2022\/07\/25\/moda-i-trend-di-stagione-piu-forti-del-2022\/#breadcrumb","itemListElement":[{"@type":"ListItem","position":1,"name":"Home","item":"https:\/\/www.romaoggi.eu\/"},{"@type":"ListItem","position":2,"name":"Moda: i trend di stagione pi\u00f9 forti del 2022"}]},{"@type":"WebSite","@id":"https:\/\/www.romaoggi.eu\/#website","url":"https:\/\/www.romaoggi.eu\/","name":"roma oggi","description":"Interesting News for Interesting people","publisher":{"@id":"https:\/\/www.romaoggi.eu\/#organization"},"potentialAction":[{"@type":"SearchAction","target":{"@type":"EntryPoint","urlTemplate":"https:\/\/www.romaoggi.eu\/?s={search_term_string}"},"query-input":{"@type":"PropertyValueSpecification","valueRequired":true,"valueName":"search_term_string"}}],"inLanguage":"it-IT"},{"@type":"Organization","@id":"https:\/\/www.romaoggi.eu\/#organization","name":"RomaOggi","url":"https:\/\/www.romaoggi.eu\/","logo":{"@type":"ImageObject","inLanguage":"it-IT","@id":"https:\/\/www.romaoggi.eu\/#\/schema\/logo\/image\/","url":"https:\/\/www.romaoggi.eu\/wp-content\/uploads\/2017\/04\/logowp.jpg","contentUrl":"https:\/\/www.romaoggi.eu\/wp-content\/uploads\/2017\/04\/logowp.jpg","width":300,"height":133,"caption":"RomaOggi"},"image":{"@id":"https:\/\/www.romaoggi.eu\/#\/schema\/logo\/image\/"},"sameAs":["https:\/\/www.facebook.com\/RomaOggi-841544845954114","https:\/\/x.com\/romaoggi_eu"]},{"@type":"Person","@id":"https:\/\/www.romaoggi.eu\/#\/schema\/person\/9b23ceb6a2992a25e98c76a5f1fbb887","name":"admin","image":{"@type":"ImageObject","inLanguage":"it-IT","@id":"https:\/\/secure.gravatar.com\/avatar\/51b1e0a1f4159e3b5d89435fce5e1a348d6c59e2ff8c2d428dae75560aace504?s=96&d=mm&r=g","url":"https:\/\/secure.gravatar.com\/avatar\/51b1e0a1f4159e3b5d89435fce5e1a348d6c59e2ff8c2d428dae75560aace504?s=96&d=mm&r=g","contentUrl":"https:\/\/secure.gravatar.com\/avatar\/51b1e0a1f4159e3b5d89435fce5e1a348d6c59e2ff8c2d428dae75560aace504?s=96&d=mm&r=g","caption":"admin"},"url":"https:\/\/www.romaoggi.eu\/index.php\/author\/admin\/"}]}},"_links":{"self":[{"href":"https:\/\/www.romaoggi.eu\/index.php\/wp-json\/wp\/v2\/posts\/33545","targetHints":{"allow":["GET"]}}],"collection":[{"href":"https:\/\/www.romaoggi.eu\/index.php\/wp-json\/wp\/v2\/posts"}],"about":[{"href":"https:\/\/www.romaoggi.eu\/index.php\/wp-json\/wp\/v2\/types\/post"}],"author":[{"embeddable":true,"href":"https:\/\/www.romaoggi.eu\/index.php\/wp-json\/wp\/v2\/users\/1"}],"replies":[{"embeddable":true,"href":"https:\/\/www.romaoggi.eu\/index.php\/wp-json\/wp\/v2\/comments?post=33545"}],"version-history":[{"count":1,"href":"https:\/\/www.romaoggi.eu\/index.php\/wp-json\/wp\/v2\/posts\/33545\/revisions"}],"predecessor-version":[{"id":33547,"href":"https:\/\/www.romaoggi.eu\/index.php\/wp-json\/wp\/v2\/posts\/33545\/revisions\/33547"}],"wp:featuredmedia":[{"embeddable":true,"href":"https:\/\/www.romaoggi.eu\/index.php\/wp-json\/wp\/v2\/media\/33546"}],"wp:attachment":[{"href":"https:\/\/www.romaoggi.eu\/index.php\/wp-json\/wp\/v2\/media?parent=33545"}],"wp:term":[{"taxonomy":"category","embeddable":true,"href":"https:\/\/www.romaoggi.eu\/index.php\/wp-json\/wp\/v2\/categories?post=33545"},{"taxonomy":"post_tag","embeddable":true,"href":"https:\/\/www.romaoggi.eu\/index.php\/wp-json\/wp\/v2\/tags?post=33545"}],"curies":[{"name":"wp","href":"https:\/\/api.w.org\/{rel}","templated":true}]}}