{"id":33550,"date":"2022-07-29T22:00:41","date_gmt":"2022-07-29T20:00:41","guid":{"rendered":"https:\/\/www.romaoggi.eu\/?p=33550"},"modified":"2022-07-29T22:29:59","modified_gmt":"2022-07-29T20:29:59","slug":"a-torvaianica-100-ugo-un-mese-di-festeggiamenti-per-i-100-anni-di-ugo-tognazzi","status":"publish","type":"post","link":"https:\/\/www.romaoggi.eu\/index.php\/2022\/07\/29\/a-torvaianica-100-ugo-un-mese-di-festeggiamenti-per-i-100-anni-di-ugo-tognazzi\/","title":{"rendered":"A Torvaianica, 100% Ugo, un mese di festeggiamenti per i 100 anni di Ugo Tognazzi"},"content":{"rendered":"<p style=\"margin-bottom: 0cm;line-height: 150%\"><span style=\"font-size: 9.0pt;line-height: 150%;font-family: 'Cambria',serif;color: black\">Dopo il successo delle due precedenti edizioni, \u201c<i>Ugo Pari 30\u201d<\/i> del 2020 e \u201c<i>TrentUgo Tognazzi\u201d <\/i>del 2021, torna a <b>Torvaianica &#8211; Comune di Pomezia (Roma) <\/b>l\u2019appuntamento che omaggia uno dei grandi mattatori della commedia italiana, <a href=\"http:\/\/www.ugotognazzi.com\/wp\/\"><b>Ugo Tognazzi<\/b><\/a>. Il festival, per l\u2019occasione ribattezzato <b>100% Ugo<\/b>, per ricordare la ricorrenza dei 100 anni dalla sua nascita, intende raccontarne carriera, passioni, amori e amici. <\/span><\/p>\n<p><span style=\"font-size: 9.0pt;line-height: 150%;font-family: 'Cambria',serif;color: black\">Un intero mese di festeggiamenti che il <b>Comune di Pomezia<\/b> organizza in suo onore a <b>Torvaianica<\/b>, territorio a cui Ugo era tanto legato, in collaborazione con tutti i suoi figli, <b>Ricky<\/b>, <b>Gianmarco<\/b>, <b>Thomas e Maria Sole<\/b>, e con<b> Stefania Bettoja, Laura Delli Colli e Simona Izzo<\/b>. La manifestazione, che ha il <b>patrocinio di Citt\u00e0 Metropolitana di Roma Capitale, Municipio X, delle Citt\u00e0 di Velletri e di Cremona e il contributo della Regione Lazio<\/b>, rientra nel calendario del <b>Centenario 100% Ugo Tognazzi<\/b>, che prevede eventi diffusi, in corso e in arrivo in tutta la nostra penisola, in gemellaggio con i <b>Comuni di Pomezia, Velletri e Cremona,<\/b> tutti luoghi all\u2019attore particolarmente cari.<\/span><\/p>\n<p><span style=\"font-size: 12.0pt;line-height: 150%;color: black\">\u201c<\/span><i><span style=\"font-size: 9.0pt;line-height: 150%;font-family: 'Cambria',serif;color: black\">E\u2019 un grande piacere ospitare l\u2019omaggio al grande mattatore della commedia italiana, un appuntamento fisso della nostra estate di cultura, musica e spettacolo \u2013 <\/span><\/i><span style=\"font-size: 9.0pt;line-height: 150%;font-family: 'Cambria',serif;color: black\">dichiara il <b>Sindaco Adriano Zuccal\u00e0<\/b><i> \u2013 Un mese di festeggiamenti, nei cento anni della sua nascita, che si svolgeranno nei luoghi simbolo di Torvajanica, a iniziare da Piazza Ungheria. E gi\u00e0 voglio dare a tutti appuntamento al prossimo anno quando la piazza finalmente avr\u00e0 la sua vista mare, dopo l\u2019abbattimento, previsto a settembre 2022, dell\u2019ecomostro ex Biagio che da oltre 15 anni la deturpava\u201d . \u201cUgo Tognazzi aveva con il nostro territorio un legame molto stretto, un affetto che si \u00e8 tramandato alla sua famiglia e che Pomezia e Torvaianica hanno sempre ricambiato<\/i> \u2013 aggiunge la <b>vice Sindaco<\/b> <b>Simona Morcellini<\/b> \u2013 E<i> in stretta collaborazione con la famiglia, che tengo a ringraziare, quest\u2019anno abbiamo organizzato la terza edizione del Festival, un&#8217;edizione ricca di novit\u00e0, tra cui anche l&#8217;annullo speciale del francobollo dedicato al grande maestro, per augurare con tutto l\u2019affetto che possiamo: buon compleanno Ugo!\u201d .<\/i><\/span><\/p>\n<p><b><span style=\"font-size: 9.0pt;line-height: 150%;font-family: 'Cambria',serif;color: black\">LE DUE MOSTRE FOTOGRAFICHE \u2013<\/span><\/b><span style=\"font-size: 9.0pt;line-height: 150%;font-family: 'Cambria',serif;color: black\"> Il mese agostano parte con la mostra fotografica diffusa <b>\u201c100% Ugo\u201d<\/b>, <b>dal 1 al 31 agosto<\/b>:<b> <\/b>10 totem con 100 immagini dell\u2019attore, dislocati sul lungomare di Torvaianica, per ripercorrere la vita, la carriera e le passioni dell\u2019uomo e dell\u2019artista. In parallelo, sar\u00e0 visitabile anche l\u2019esposizione <b>\u201cLo scolapasta d\u2019oro\u201d<\/b>, in viale Spagna n\u00b05, realizzata dal gioielliere <b>Ettore Costa<\/b>, creatore del premio dei celebri tornei di tennis organizzati dall\u2019attore. <\/span><\/p>\n<p><b><span style=\"font-size: 9.0pt;line-height: 150%;font-family: 'Cambria',serif;color: black\">LE ABBUFFATE IN RICORDO DI UGO &#8211; Dal 1 al 31 agosto <\/span><\/b><span style=\"font-size: 9.0pt;line-height: 150%;font-family: 'Cambria',serif;color: black\">ci<b> <\/b>sar\u00e0 anche<b> \u201cIl mese dell\u2019Abbuffone\u201d,<\/b> contest culinario che vedr\u00e0 protagonisti gli chef di Torvaianica e Pomezia, impegnati a creare originali rivisitazioni delle ricette dell\u2019\u201cinventore della supercazzola\u201d, da proporre ai loro ospiti, dal Bab\u00e0 al kiwi alle Farfalle fuxia, ricette tratte dai suoi numerosi libri di cucina.<\/span><\/p>\n<p><b><span style=\"font-size: 9.0pt;line-height: 150%;font-family: 'Cambria',serif;color: black\">LA RASSEGNA CINEMATOGRAFICA \u2013 Si svolger\u00e0 dal 20 al 26 agosto<\/span><\/b><span style=\"font-size: 9.0pt;line-height: 150%;font-family: 'Cambria',serif;color: black\">, invece, <b>la rassegna cinematografica \u201c100% Ugo Tognazzi\u201d<\/b> presso l\u2019arena in <b>Piazza Ungheria<\/b>, una settimana di cinema e spettacolo in omaggio all\u2019attore, con la partecipazione di parenti, amici e colleghi, fra proiezioni e riconoscimenti. Le serate, start ore 21:30, vedranno in successione i seguenti film: sabato 20 agosto <b>\u201cLa voglia matta di vivere\u201d <\/b>di Ricky Tognazzi, domenica 21 <b>\u201cC\u2019era una volta il crimine\u201d<\/b> di Massimiliano Bruno, luned\u00ec 22 <b>\u201cSettembre\u201d <\/b>di Giulia Steigerwalt, marted\u00ec 23 <b>\u201cCome un gatto in tangenziale 2 &#8211; Ritorno a Coccia di Morto\u201d<\/b> di Riccardo Milani, mercoled\u00ec 24 <b>\u201cSette donne e un mistero\u201d<\/b> di Alessandro Genovesi, gioved\u00ec 25<b> \u201cI fratelli De Filippo\u201d<\/b> di Sergio Rubini, venerd\u00ec 26 <b>\u201cI cassamortari\u201d<\/b> di Claudio Amendola.<\/span><\/p>\n<p><b><span style=\"font-size: 9.0pt;line-height: 150%;font-family: 'Cambria',serif;color: black\">I PREMI SPECIALI &#8211; <\/span><\/b><span style=\"font-size: 9.0pt;line-height: 150%;font-family: 'Cambria',serif;color: black\">In occasione del Centenario, all\u2019interno della kermesse, anche <b>la prima edizione della rassegna \u201cLa commedia pi\u00f9 bella dell\u2019anno &#8211; Omaggio ad Ugo Tognazzi\u201d, condotta da Stefania Bettoja, Ricky Tognazzi, Gianmarco Tognazzi e Maria Sole Tognazzi, <\/b>che<b> <\/b>premier\u00e0 la pi\u00f9 bella pellicola scelta tra le sei commedie in concorso, proiettate dal 21 al 26 agosto. Per la serata inaugurale, quella di sabato 20, i premi a <b>Pupi Avati <\/b>e<b> Giovanna Ralli (Premio Amici Miei)<\/b>; per quella di domenica 21 andr\u00e0 a <b>Carolina Crescentini (Premio Ape Regina)<\/b>, per la serata di luned\u00ec 22<b> <\/b>a <b>Barbara Ronchi (Premio Primo Amore)<\/b>, mentre per quelle di marted\u00ec 23 e di venerd\u00ec 26 rispettivamente a <b>Riccardo Milani (Premio Romanzo Popolare) <\/b>e<b> Massimo Ghini<\/b> <b>(Premio I Mostri).<\/b><\/span><\/p>\n<p><span style=\"font-size: 9.0pt;line-height: 150%;font-family: 'Cambria',serif;color: black\">Tra gli ospiti di gioved\u00ec 25, <b>Myriam Catania<\/b> e<b> Guenda Goria<\/b> con un omaggio musicale a <b>Gigi Proietti<\/b>, mentre per l\u2019ultima serata sono previsti <b>Michele Placido<\/b>, <b>Violante Placido, Massimiliano Piro<\/b> e <b>Beppe Convertini<\/b>. Nella serata di venerd\u00ec verr\u00e0 consegnato anche il <b>Premio Citt\u00e0 di Torvaianica<\/b> ad un amico del villaggio Tognazzi. Il programma, che potrebbe subire lievi variazioni, prevede anche ospiti extra e sorprese.<\/span><\/p>\n<p><b><span style=\"font-size: 9.0pt;line-height: 150%;font-family: 'Cambria',serif;color: black\">GLI EVENTI SPORTIVI \u2013 Prevista per domenica 21 agosto la \u201cRegata di vela omaggio ad Ugo<\/span><\/b><span style=\"font-size: 9.0pt;line-height: 150%;font-family: 'Cambria',serif;color: black\">\u201d, organizzata dal <b>Circolo Velico del Villaggio Tognazzi,<\/b> che vedr\u00e0 sfidarsi diversi circoli velici del litorale di Pomezia lungo il tratto di mare che va dal Villaggio alla citt\u00e0 di Torvaianica. <b>Da sabato 27 a domenica 28 agosto<\/b>, invece, <b>il Torneo di Padel Tognazzi \u201cLa Padella d\u2019oro\u201d<\/b>, presso il circolo<b> City Sport Center di Torvaianica,<\/b> rivisitazione dello storico <b>Torneo di Tennis Tognazzi \u201clo Scolapasta d\u2019oro<\/b>\u201d, che vedr\u00e0 scendere in campo personaggi dello spettacolo e dello sport, come <b>Lillo<\/b>, <b>Edoardo Siravo<\/b> e <b>Roberto Ciufoli,<\/b> con il commento di <b>Fabrizio Sabatucci<\/b>. <i>&#8220;Grazie a tutti e agli organizzatori dell&#8217;evento per aver ospitato il progetto di inclusione sociale Twenty Love in collaborazione con Behuman ed Anthony Couture. Le borse sportive Twenty Love, dedicate al padel sono personalizzate da Tommaso Nicoletti, artista cervello ribelle&#8221;<\/i>, dichiara <b>Anna D&#8217;Anzi, amministratrice unica della Behuman<\/b>.<\/span><\/p>\n<p><b><span style=\"font-size: 9.0pt;line-height: 150%;font-family: 'Cambria',serif;color: black\">GLI ALTRI APPUNTAMENTI \u2013 Da domenica 21 a gioved\u00ec 25 agosto<\/span><\/b><span style=\"font-size: 9.0pt;line-height: 150%;font-family: 'Cambria',serif;color: black\">, ore 21:30, anche la rassegna di film <b>\u201cUgo dirige Ugo\u201d<\/b> presso la spiaggia del <b>Circolo Velico Villaggio Tognazzi<\/b>. Cinque serate di proiezioni sotto le stelle con le pellicole dirette da Ugo: <b>Il mantenuto, Il fischio al naso, Sissignori, Cattivi pensieri <\/b>e<b> I viaggiatori della sera<\/b>. Infine <b>domenica<\/b> <b>28 agosto<\/b>, al termine del torneo, il \u201c<b>100% Ugo party\u201d, <\/b>una grande festa conclusiva per omaggiare il grande attore e per premiare i vincitori de \u201cLa Padella d\u2019oro\u201d.\u00a0<\/span><\/p>\n<p><img loading=\"lazy\" decoding=\"async\" class=\"aligncenter size-medium wp-image-33553\" src=\"https:\/\/www.romaoggi.eu\/wp-content\/uploads\/2022\/07\/Locandina46604-210x300.jpg\" alt=\"\" width=\"210\" height=\"300\" srcset=\"https:\/\/www.romaoggi.eu\/wp-content\/uploads\/2022\/07\/Locandina46604-210x300.jpg 210w, https:\/\/www.romaoggi.eu\/wp-content\/uploads\/2022\/07\/Locandina46604.jpg 524w\" sizes=\"auto, (max-width: 210px) 100vw, 210px\" \/><\/p>\n<p><img loading=\"lazy\" decoding=\"async\" class=\"aligncenter size-medium wp-image-33552\" src=\"https:\/\/www.romaoggi.eu\/wp-content\/uploads\/2022\/07\/Da-sx-Ricky-Simona-Morcellini-Gianmarco-Fabrizio-Sabatucci-e-Maria-Sole46606-300x225.jpg\" alt=\"\" width=\"300\" height=\"225\" srcset=\"https:\/\/www.romaoggi.eu\/wp-content\/uploads\/2022\/07\/Da-sx-Ricky-Simona-Morcellini-Gianmarco-Fabrizio-Sabatucci-e-Maria-Sole46606-300x225.jpg 300w, https:\/\/www.romaoggi.eu\/wp-content\/uploads\/2022\/07\/Da-sx-Ricky-Simona-Morcellini-Gianmarco-Fabrizio-Sabatucci-e-Maria-Sole46606-1024x768.jpg 1024w, https:\/\/www.romaoggi.eu\/wp-content\/uploads\/2022\/07\/Da-sx-Ricky-Simona-Morcellini-Gianmarco-Fabrizio-Sabatucci-e-Maria-Sole46606-1536x1152.jpg 1536w, https:\/\/www.romaoggi.eu\/wp-content\/uploads\/2022\/07\/Da-sx-Ricky-Simona-Morcellini-Gianmarco-Fabrizio-Sabatucci-e-Maria-Sole46606-326x245.jpg 326w, https:\/\/www.romaoggi.eu\/wp-content\/uploads\/2022\/07\/Da-sx-Ricky-Simona-Morcellini-Gianmarco-Fabrizio-Sabatucci-e-Maria-Sole46606-80x60.jpg 80w, https:\/\/www.romaoggi.eu\/wp-content\/uploads\/2022\/07\/Da-sx-Ricky-Simona-Morcellini-Gianmarco-Fabrizio-Sabatucci-e-Maria-Sole46606.jpg 1600w\" sizes=\"auto, (max-width: 300px) 100vw, 300px\" \/><\/p>\n<p style=\"margin-bottom: 0cm;line-height: 150%\"><span style=\"font-size: 12.0pt;line-height: 150%;color: black\">\u00a0<\/span><\/p>\n","protected":false},"excerpt":{"rendered":"<div class=\"mh-excerpt\"><p>Dopo il successo delle due precedenti edizioni, \u201cUgo Pari 30\u201d del 2020 e \u201cTrentUgo Tognazzi\u201d del 2021, torna a Torvaianica &#8211; Comune di Pomezia (Roma) l\u2019appuntamento che omaggia uno dei grandi mattatori della commedia italiana, <a class=\"mh-excerpt-more\" href=\"https:\/\/www.romaoggi.eu\/index.php\/2022\/07\/29\/a-torvaianica-100-ugo-un-mese-di-festeggiamenti-per-i-100-anni-di-ugo-tognazzi\/\" title=\"A Torvaianica, 100% Ugo, un mese di festeggiamenti per i 100 anni di Ugo Tognazzi\">[&#8230;]<\/a><\/p>\n<\/div>","protected":false},"author":13,"featured_media":33551,"comment_status":"closed","ping_status":"open","sticky":false,"template":"","format":"standard","meta":{"_sitemap_exclude":false,"_sitemap_priority":"","_sitemap_frequency":"","footnotes":""},"categories":[3],"tags":[16437,4080,16436],"class_list":["post-33550","post","type-post","status-publish","format-standard","has-post-thumbnail","hentry","category-eventi","tag-100-ugo","tag-ugo-tognazzi","tag-villaggio-tognazzi"],"yoast_head":"<!-- This site is optimized with the Yoast SEO plugin v27.5 - https:\/\/yoast.com\/product\/yoast-seo-wordpress\/ -->\n<title>A Torvaianica, 100% Ugo, un mese di festeggiamenti per i 100 anni di Ugo Tognazzi<\/title>\n<meta name=\"description\" content=\"Dopo il successo delle due precedenti edizioni, \u201cUgo Pari 30\u201d del 2020 e \u201cTrentUgo Tognazzi\u201d del 2021, torna a Torvaianica - Comune di Pomezia (Roma)\" \/>\n<meta name=\"robots\" content=\"index, follow, max-snippet:-1, max-image-preview:large, max-video-preview:-1\" \/>\n<link rel=\"canonical\" href=\"https:\/\/www.romaoggi.eu\/index.php\/2022\/07\/29\/a-torvaianica-100-ugo-un-mese-di-festeggiamenti-per-i-100-anni-di-ugo-tognazzi\/\" \/>\n<meta property=\"og:locale\" content=\"it_IT\" \/>\n<meta property=\"og:type\" content=\"article\" \/>\n<meta property=\"og:title\" content=\"A Torvaianica, 100% Ugo, un mese di festeggiamenti per i 100 anni di Ugo Tognazzi\" \/>\n<meta property=\"og:description\" content=\"Dopo il successo delle due precedenti edizioni, \u201cUgo Pari 30\u201d del 2020 e \u201cTrentUgo Tognazzi\u201d del 2021, torna a Torvaianica - Comune di Pomezia (Roma)\" \/>\n<meta property=\"og:url\" content=\"https:\/\/www.romaoggi.eu\/index.php\/2022\/07\/29\/a-torvaianica-100-ugo-un-mese-di-festeggiamenti-per-i-100-anni-di-ugo-tognazzi\/\" \/>\n<meta property=\"og:site_name\" content=\"roma oggi\" \/>\n<meta property=\"article:publisher\" content=\"https:\/\/www.facebook.com\/RomaOggi-841544845954114\" \/>\n<meta property=\"article:published_time\" content=\"2022-07-29T20:00:41+00:00\" \/>\n<meta property=\"article:modified_time\" content=\"2022-07-29T20:29:59+00:00\" \/>\n<meta property=\"og:image\" content=\"https:\/\/www.romaoggi.eu\/wp-content\/uploads\/2022\/07\/Da-sx-Maria-Sole-Ricky-Simona-Morcellini-Gianmarco-Fabrizio-Sabatucci-Salvo-Cagnazzo46605.jpg\" \/>\n\t<meta property=\"og:image:width\" content=\"1024\" \/>\n\t<meta property=\"og:image:height\" content=\"768\" \/>\n\t<meta property=\"og:image:type\" content=\"image\/jpeg\" \/>\n<meta name=\"author\" content=\"Federica Pansadoro\" \/>\n<meta name=\"twitter:card\" content=\"summary_large_image\" \/>\n<meta name=\"twitter:creator\" content=\"@romaoggi_eu\" \/>\n<meta name=\"twitter:site\" content=\"@romaoggi_eu\" \/>\n<meta name=\"twitter:label1\" content=\"Scritto da\" \/>\n\t<meta name=\"twitter:data1\" content=\"Federica Pansadoro\" \/>\n\t<meta name=\"twitter:label2\" content=\"Tempo di lettura stimato\" \/>\n\t<meta name=\"twitter:data2\" content=\"6 minuti\" \/>\n<script type=\"application\/ld+json\" class=\"yoast-schema-graph\">{\"@context\":\"https:\\\/\\\/schema.org\",\"@graph\":[{\"@type\":\"Article\",\"@id\":\"https:\\\/\\\/www.romaoggi.eu\\\/index.php\\\/2022\\\/07\\\/29\\\/a-torvaianica-100-ugo-un-mese-di-festeggiamenti-per-i-100-anni-di-ugo-tognazzi\\\/#article\",\"isPartOf\":{\"@id\":\"https:\\\/\\\/www.romaoggi.eu\\\/index.php\\\/2022\\\/07\\\/29\\\/a-torvaianica-100-ugo-un-mese-di-festeggiamenti-per-i-100-anni-di-ugo-tognazzi\\\/\"},\"author\":{\"name\":\"Federica Pansadoro\",\"@id\":\"https:\\\/\\\/www.romaoggi.eu\\\/#\\\/schema\\\/person\\\/569485df663c86fd2d0179a6643546f9\"},\"headline\":\"A Torvaianica, 100% Ugo, un mese di festeggiamenti per i 100 anni di Ugo Tognazzi\",\"datePublished\":\"2022-07-29T20:00:41+00:00\",\"dateModified\":\"2022-07-29T20:29:59+00:00\",\"mainEntityOfPage\":{\"@id\":\"https:\\\/\\\/www.romaoggi.eu\\\/index.php\\\/2022\\\/07\\\/29\\\/a-torvaianica-100-ugo-un-mese-di-festeggiamenti-per-i-100-anni-di-ugo-tognazzi\\\/\"},\"wordCount\":1010,\"publisher\":{\"@id\":\"https:\\\/\\\/www.romaoggi.eu\\\/#organization\"},\"image\":{\"@id\":\"https:\\\/\\\/www.romaoggi.eu\\\/index.php\\\/2022\\\/07\\\/29\\\/a-torvaianica-100-ugo-un-mese-di-festeggiamenti-per-i-100-anni-di-ugo-tognazzi\\\/#primaryimage\"},\"thumbnailUrl\":\"https:\\\/\\\/www.romaoggi.eu\\\/wp-content\\\/uploads\\\/2022\\\/07\\\/Da-sx-Maria-Sole-Ricky-Simona-Morcellini-Gianmarco-Fabrizio-Sabatucci-Salvo-Cagnazzo46605.jpg\",\"keywords\":[\"100% Ugo\",\"Ugo Tognazzi\",\"Villaggio Tognazzi\"],\"articleSection\":[\"Eventi\"],\"inLanguage\":\"it-IT\"},{\"@type\":\"WebPage\",\"@id\":\"https:\\\/\\\/www.romaoggi.eu\\\/index.php\\\/2022\\\/07\\\/29\\\/a-torvaianica-100-ugo-un-mese-di-festeggiamenti-per-i-100-anni-di-ugo-tognazzi\\\/\",\"url\":\"https:\\\/\\\/www.romaoggi.eu\\\/index.php\\\/2022\\\/07\\\/29\\\/a-torvaianica-100-ugo-un-mese-di-festeggiamenti-per-i-100-anni-di-ugo-tognazzi\\\/\",\"name\":\"A Torvaianica, 100% Ugo, un mese di festeggiamenti per i 100 anni di Ugo Tognazzi\",\"isPartOf\":{\"@id\":\"https:\\\/\\\/www.romaoggi.eu\\\/#website\"},\"primaryImageOfPage\":{\"@id\":\"https:\\\/\\\/www.romaoggi.eu\\\/index.php\\\/2022\\\/07\\\/29\\\/a-torvaianica-100-ugo-un-mese-di-festeggiamenti-per-i-100-anni-di-ugo-tognazzi\\\/#primaryimage\"},\"image\":{\"@id\":\"https:\\\/\\\/www.romaoggi.eu\\\/index.php\\\/2022\\\/07\\\/29\\\/a-torvaianica-100-ugo-un-mese-di-festeggiamenti-per-i-100-anni-di-ugo-tognazzi\\\/#primaryimage\"},\"thumbnailUrl\":\"https:\\\/\\\/www.romaoggi.eu\\\/wp-content\\\/uploads\\\/2022\\\/07\\\/Da-sx-Maria-Sole-Ricky-Simona-Morcellini-Gianmarco-Fabrizio-Sabatucci-Salvo-Cagnazzo46605.jpg\",\"datePublished\":\"2022-07-29T20:00:41+00:00\",\"dateModified\":\"2022-07-29T20:29:59+00:00\",\"description\":\"Dopo il successo delle due precedenti edizioni, \u201cUgo Pari 30\u201d del 2020 e \u201cTrentUgo Tognazzi\u201d del 2021, torna a Torvaianica - Comune di Pomezia (Roma)\",\"breadcrumb\":{\"@id\":\"https:\\\/\\\/www.romaoggi.eu\\\/index.php\\\/2022\\\/07\\\/29\\\/a-torvaianica-100-ugo-un-mese-di-festeggiamenti-per-i-100-anni-di-ugo-tognazzi\\\/#breadcrumb\"},\"inLanguage\":\"it-IT\",\"potentialAction\":[{\"@type\":\"ReadAction\",\"target\":[\"https:\\\/\\\/www.romaoggi.eu\\\/index.php\\\/2022\\\/07\\\/29\\\/a-torvaianica-100-ugo-un-mese-di-festeggiamenti-per-i-100-anni-di-ugo-tognazzi\\\/\"]}]},{\"@type\":\"ImageObject\",\"inLanguage\":\"it-IT\",\"@id\":\"https:\\\/\\\/www.romaoggi.eu\\\/index.php\\\/2022\\\/07\\\/29\\\/a-torvaianica-100-ugo-un-mese-di-festeggiamenti-per-i-100-anni-di-ugo-tognazzi\\\/#primaryimage\",\"url\":\"https:\\\/\\\/www.romaoggi.eu\\\/wp-content\\\/uploads\\\/2022\\\/07\\\/Da-sx-Maria-Sole-Ricky-Simona-Morcellini-Gianmarco-Fabrizio-Sabatucci-Salvo-Cagnazzo46605.jpg\",\"contentUrl\":\"https:\\\/\\\/www.romaoggi.eu\\\/wp-content\\\/uploads\\\/2022\\\/07\\\/Da-sx-Maria-Sole-Ricky-Simona-Morcellini-Gianmarco-Fabrizio-Sabatucci-Salvo-Cagnazzo46605.jpg\",\"width\":1024,\"height\":768},{\"@type\":\"BreadcrumbList\",\"@id\":\"https:\\\/\\\/www.romaoggi.eu\\\/index.php\\\/2022\\\/07\\\/29\\\/a-torvaianica-100-ugo-un-mese-di-festeggiamenti-per-i-100-anni-di-ugo-tognazzi\\\/#breadcrumb\",\"itemListElement\":[{\"@type\":\"ListItem\",\"position\":1,\"name\":\"Home\",\"item\":\"https:\\\/\\\/www.romaoggi.eu\\\/\"},{\"@type\":\"ListItem\",\"position\":2,\"name\":\"A Torvaianica, 100% Ugo, un mese di festeggiamenti per i 100 anni di Ugo Tognazzi\"}]},{\"@type\":\"WebSite\",\"@id\":\"https:\\\/\\\/www.romaoggi.eu\\\/#website\",\"url\":\"https:\\\/\\\/www.romaoggi.eu\\\/\",\"name\":\"roma oggi\",\"description\":\"Interesting News for Interesting people\",\"publisher\":{\"@id\":\"https:\\\/\\\/www.romaoggi.eu\\\/#organization\"},\"potentialAction\":[{\"@type\":\"SearchAction\",\"target\":{\"@type\":\"EntryPoint\",\"urlTemplate\":\"https:\\\/\\\/www.romaoggi.eu\\\/?s={search_term_string}\"},\"query-input\":{\"@type\":\"PropertyValueSpecification\",\"valueRequired\":true,\"valueName\":\"search_term_string\"}}],\"inLanguage\":\"it-IT\"},{\"@type\":\"Organization\",\"@id\":\"https:\\\/\\\/www.romaoggi.eu\\\/#organization\",\"name\":\"RomaOggi\",\"url\":\"https:\\\/\\\/www.romaoggi.eu\\\/\",\"logo\":{\"@type\":\"ImageObject\",\"inLanguage\":\"it-IT\",\"@id\":\"https:\\\/\\\/www.romaoggi.eu\\\/#\\\/schema\\\/logo\\\/image\\\/\",\"url\":\"https:\\\/\\\/www.romaoggi.eu\\\/wp-content\\\/uploads\\\/2017\\\/04\\\/logowp.jpg\",\"contentUrl\":\"https:\\\/\\\/www.romaoggi.eu\\\/wp-content\\\/uploads\\\/2017\\\/04\\\/logowp.jpg\",\"width\":300,\"height\":133,\"caption\":\"RomaOggi\"},\"image\":{\"@id\":\"https:\\\/\\\/www.romaoggi.eu\\\/#\\\/schema\\\/logo\\\/image\\\/\"},\"sameAs\":[\"https:\\\/\\\/www.facebook.com\\\/RomaOggi-841544845954114\",\"https:\\\/\\\/x.com\\\/romaoggi_eu\"]},{\"@type\":\"Person\",\"@id\":\"https:\\\/\\\/www.romaoggi.eu\\\/#\\\/schema\\\/person\\\/569485df663c86fd2d0179a6643546f9\",\"name\":\"Federica Pansadoro\",\"image\":{\"@type\":\"ImageObject\",\"inLanguage\":\"it-IT\",\"@id\":\"https:\\\/\\\/secure.gravatar.com\\\/avatar\\\/646783eb26ef4eab9fe24f298081663814c4d6acd6ea1c44b2633e8176ba1dc5?s=96&d=mm&r=g\",\"url\":\"https:\\\/\\\/secure.gravatar.com\\\/avatar\\\/646783eb26ef4eab9fe24f298081663814c4d6acd6ea1c44b2633e8176ba1dc5?s=96&d=mm&r=g\",\"contentUrl\":\"https:\\\/\\\/secure.gravatar.com\\\/avatar\\\/646783eb26ef4eab9fe24f298081663814c4d6acd6ea1c44b2633e8176ba1dc5?s=96&d=mm&r=g\",\"caption\":\"Federica Pansadoro\"},\"sameAs\":[\"https:\\\/\\\/www.youtube.com\\\/channel\\\/UCN8Y45Fmdd0XBagxT7qUVEA\"],\"url\":\"https:\\\/\\\/www.romaoggi.eu\\\/index.php\\\/author\\\/federica\\\/\"}]}<\/script>\n<!-- \/ Yoast SEO plugin. -->","yoast_head_json":{"title":"A Torvaianica, 100% Ugo, un mese di festeggiamenti per i 100 anni di Ugo Tognazzi","description":"Dopo il successo delle due precedenti edizioni, \u201cUgo Pari 30\u201d del 2020 e \u201cTrentUgo Tognazzi\u201d del 2021, torna a Torvaianica - Comune di Pomezia (Roma)","robots":{"index":"index","follow":"follow","max-snippet":"max-snippet:-1","max-image-preview":"max-image-preview:large","max-video-preview":"max-video-preview:-1"},"canonical":"https:\/\/www.romaoggi.eu\/index.php\/2022\/07\/29\/a-torvaianica-100-ugo-un-mese-di-festeggiamenti-per-i-100-anni-di-ugo-tognazzi\/","og_locale":"it_IT","og_type":"article","og_title":"A Torvaianica, 100% Ugo, un mese di festeggiamenti per i 100 anni di Ugo Tognazzi","og_description":"Dopo il successo delle due precedenti edizioni, \u201cUgo Pari 30\u201d del 2020 e \u201cTrentUgo Tognazzi\u201d del 2021, torna a Torvaianica - Comune di Pomezia (Roma)","og_url":"https:\/\/www.romaoggi.eu\/index.php\/2022\/07\/29\/a-torvaianica-100-ugo-un-mese-di-festeggiamenti-per-i-100-anni-di-ugo-tognazzi\/","og_site_name":"roma oggi","article_publisher":"https:\/\/www.facebook.com\/RomaOggi-841544845954114","article_published_time":"2022-07-29T20:00:41+00:00","article_modified_time":"2022-07-29T20:29:59+00:00","og_image":[{"width":1024,"height":768,"url":"https:\/\/www.romaoggi.eu\/wp-content\/uploads\/2022\/07\/Da-sx-Maria-Sole-Ricky-Simona-Morcellini-Gianmarco-Fabrizio-Sabatucci-Salvo-Cagnazzo46605.jpg","type":"image\/jpeg"}],"author":"Federica Pansadoro","twitter_card":"summary_large_image","twitter_creator":"@romaoggi_eu","twitter_site":"@romaoggi_eu","twitter_misc":{"Scritto da":"Federica Pansadoro","Tempo di lettura stimato":"6 minuti"},"schema":{"@context":"https:\/\/schema.org","@graph":[{"@type":"Article","@id":"https:\/\/www.romaoggi.eu\/index.php\/2022\/07\/29\/a-torvaianica-100-ugo-un-mese-di-festeggiamenti-per-i-100-anni-di-ugo-tognazzi\/#article","isPartOf":{"@id":"https:\/\/www.romaoggi.eu\/index.php\/2022\/07\/29\/a-torvaianica-100-ugo-un-mese-di-festeggiamenti-per-i-100-anni-di-ugo-tognazzi\/"},"author":{"name":"Federica Pansadoro","@id":"https:\/\/www.romaoggi.eu\/#\/schema\/person\/569485df663c86fd2d0179a6643546f9"},"headline":"A Torvaianica, 100% Ugo, un mese di festeggiamenti per i 100 anni di Ugo Tognazzi","datePublished":"2022-07-29T20:00:41+00:00","dateModified":"2022-07-29T20:29:59+00:00","mainEntityOfPage":{"@id":"https:\/\/www.romaoggi.eu\/index.php\/2022\/07\/29\/a-torvaianica-100-ugo-un-mese-di-festeggiamenti-per-i-100-anni-di-ugo-tognazzi\/"},"wordCount":1010,"publisher":{"@id":"https:\/\/www.romaoggi.eu\/#organization"},"image":{"@id":"https:\/\/www.romaoggi.eu\/index.php\/2022\/07\/29\/a-torvaianica-100-ugo-un-mese-di-festeggiamenti-per-i-100-anni-di-ugo-tognazzi\/#primaryimage"},"thumbnailUrl":"https:\/\/www.romaoggi.eu\/wp-content\/uploads\/2022\/07\/Da-sx-Maria-Sole-Ricky-Simona-Morcellini-Gianmarco-Fabrizio-Sabatucci-Salvo-Cagnazzo46605.jpg","keywords":["100% Ugo","Ugo Tognazzi","Villaggio Tognazzi"],"articleSection":["Eventi"],"inLanguage":"it-IT"},{"@type":"WebPage","@id":"https:\/\/www.romaoggi.eu\/index.php\/2022\/07\/29\/a-torvaianica-100-ugo-un-mese-di-festeggiamenti-per-i-100-anni-di-ugo-tognazzi\/","url":"https:\/\/www.romaoggi.eu\/index.php\/2022\/07\/29\/a-torvaianica-100-ugo-un-mese-di-festeggiamenti-per-i-100-anni-di-ugo-tognazzi\/","name":"A Torvaianica, 100% Ugo, un mese di festeggiamenti per i 100 anni di Ugo Tognazzi","isPartOf":{"@id":"https:\/\/www.romaoggi.eu\/#website"},"primaryImageOfPage":{"@id":"https:\/\/www.romaoggi.eu\/index.php\/2022\/07\/29\/a-torvaianica-100-ugo-un-mese-di-festeggiamenti-per-i-100-anni-di-ugo-tognazzi\/#primaryimage"},"image":{"@id":"https:\/\/www.romaoggi.eu\/index.php\/2022\/07\/29\/a-torvaianica-100-ugo-un-mese-di-festeggiamenti-per-i-100-anni-di-ugo-tognazzi\/#primaryimage"},"thumbnailUrl":"https:\/\/www.romaoggi.eu\/wp-content\/uploads\/2022\/07\/Da-sx-Maria-Sole-Ricky-Simona-Morcellini-Gianmarco-Fabrizio-Sabatucci-Salvo-Cagnazzo46605.jpg","datePublished":"2022-07-29T20:00:41+00:00","dateModified":"2022-07-29T20:29:59+00:00","description":"Dopo il successo delle due precedenti edizioni, \u201cUgo Pari 30\u201d del 2020 e \u201cTrentUgo Tognazzi\u201d del 2021, torna a Torvaianica - Comune di Pomezia (Roma)","breadcrumb":{"@id":"https:\/\/www.romaoggi.eu\/index.php\/2022\/07\/29\/a-torvaianica-100-ugo-un-mese-di-festeggiamenti-per-i-100-anni-di-ugo-tognazzi\/#breadcrumb"},"inLanguage":"it-IT","potentialAction":[{"@type":"ReadAction","target":["https:\/\/www.romaoggi.eu\/index.php\/2022\/07\/29\/a-torvaianica-100-ugo-un-mese-di-festeggiamenti-per-i-100-anni-di-ugo-tognazzi\/"]}]},{"@type":"ImageObject","inLanguage":"it-IT","@id":"https:\/\/www.romaoggi.eu\/index.php\/2022\/07\/29\/a-torvaianica-100-ugo-un-mese-di-festeggiamenti-per-i-100-anni-di-ugo-tognazzi\/#primaryimage","url":"https:\/\/www.romaoggi.eu\/wp-content\/uploads\/2022\/07\/Da-sx-Maria-Sole-Ricky-Simona-Morcellini-Gianmarco-Fabrizio-Sabatucci-Salvo-Cagnazzo46605.jpg","contentUrl":"https:\/\/www.romaoggi.eu\/wp-content\/uploads\/2022\/07\/Da-sx-Maria-Sole-Ricky-Simona-Morcellini-Gianmarco-Fabrizio-Sabatucci-Salvo-Cagnazzo46605.jpg","width":1024,"height":768},{"@type":"BreadcrumbList","@id":"https:\/\/www.romaoggi.eu\/index.php\/2022\/07\/29\/a-torvaianica-100-ugo-un-mese-di-festeggiamenti-per-i-100-anni-di-ugo-tognazzi\/#breadcrumb","itemListElement":[{"@type":"ListItem","position":1,"name":"Home","item":"https:\/\/www.romaoggi.eu\/"},{"@type":"ListItem","position":2,"name":"A Torvaianica, 100% Ugo, un mese di festeggiamenti per i 100 anni di Ugo Tognazzi"}]},{"@type":"WebSite","@id":"https:\/\/www.romaoggi.eu\/#website","url":"https:\/\/www.romaoggi.eu\/","name":"roma oggi","description":"Interesting News for Interesting people","publisher":{"@id":"https:\/\/www.romaoggi.eu\/#organization"},"potentialAction":[{"@type":"SearchAction","target":{"@type":"EntryPoint","urlTemplate":"https:\/\/www.romaoggi.eu\/?s={search_term_string}"},"query-input":{"@type":"PropertyValueSpecification","valueRequired":true,"valueName":"search_term_string"}}],"inLanguage":"it-IT"},{"@type":"Organization","@id":"https:\/\/www.romaoggi.eu\/#organization","name":"RomaOggi","url":"https:\/\/www.romaoggi.eu\/","logo":{"@type":"ImageObject","inLanguage":"it-IT","@id":"https:\/\/www.romaoggi.eu\/#\/schema\/logo\/image\/","url":"https:\/\/www.romaoggi.eu\/wp-content\/uploads\/2017\/04\/logowp.jpg","contentUrl":"https:\/\/www.romaoggi.eu\/wp-content\/uploads\/2017\/04\/logowp.jpg","width":300,"height":133,"caption":"RomaOggi"},"image":{"@id":"https:\/\/www.romaoggi.eu\/#\/schema\/logo\/image\/"},"sameAs":["https:\/\/www.facebook.com\/RomaOggi-841544845954114","https:\/\/x.com\/romaoggi_eu"]},{"@type":"Person","@id":"https:\/\/www.romaoggi.eu\/#\/schema\/person\/569485df663c86fd2d0179a6643546f9","name":"Federica Pansadoro","image":{"@type":"ImageObject","inLanguage":"it-IT","@id":"https:\/\/secure.gravatar.com\/avatar\/646783eb26ef4eab9fe24f298081663814c4d6acd6ea1c44b2633e8176ba1dc5?s=96&d=mm&r=g","url":"https:\/\/secure.gravatar.com\/avatar\/646783eb26ef4eab9fe24f298081663814c4d6acd6ea1c44b2633e8176ba1dc5?s=96&d=mm&r=g","contentUrl":"https:\/\/secure.gravatar.com\/avatar\/646783eb26ef4eab9fe24f298081663814c4d6acd6ea1c44b2633e8176ba1dc5?s=96&d=mm&r=g","caption":"Federica Pansadoro"},"sameAs":["https:\/\/www.youtube.com\/channel\/UCN8Y45Fmdd0XBagxT7qUVEA"],"url":"https:\/\/www.romaoggi.eu\/index.php\/author\/federica\/"}]}},"_links":{"self":[{"href":"https:\/\/www.romaoggi.eu\/index.php\/wp-json\/wp\/v2\/posts\/33550","targetHints":{"allow":["GET"]}}],"collection":[{"href":"https:\/\/www.romaoggi.eu\/index.php\/wp-json\/wp\/v2\/posts"}],"about":[{"href":"https:\/\/www.romaoggi.eu\/index.php\/wp-json\/wp\/v2\/types\/post"}],"author":[{"embeddable":true,"href":"https:\/\/www.romaoggi.eu\/index.php\/wp-json\/wp\/v2\/users\/13"}],"replies":[{"embeddable":true,"href":"https:\/\/www.romaoggi.eu\/index.php\/wp-json\/wp\/v2\/comments?post=33550"}],"version-history":[{"count":3,"href":"https:\/\/www.romaoggi.eu\/index.php\/wp-json\/wp\/v2\/posts\/33550\/revisions"}],"predecessor-version":[{"id":33562,"href":"https:\/\/www.romaoggi.eu\/index.php\/wp-json\/wp\/v2\/posts\/33550\/revisions\/33562"}],"wp:featuredmedia":[{"embeddable":true,"href":"https:\/\/www.romaoggi.eu\/index.php\/wp-json\/wp\/v2\/media\/33551"}],"wp:attachment":[{"href":"https:\/\/www.romaoggi.eu\/index.php\/wp-json\/wp\/v2\/media?parent=33550"}],"wp:term":[{"taxonomy":"category","embeddable":true,"href":"https:\/\/www.romaoggi.eu\/index.php\/wp-json\/wp\/v2\/categories?post=33550"},{"taxonomy":"post_tag","embeddable":true,"href":"https:\/\/www.romaoggi.eu\/index.php\/wp-json\/wp\/v2\/tags?post=33550"}],"curies":[{"name":"wp","href":"https:\/\/api.w.org\/{rel}","templated":true}]}}