{"id":33579,"date":"2022-08-21T14:10:19","date_gmt":"2022-08-21T12:10:19","guid":{"rendered":"https:\/\/www.romaoggi.eu\/?p=33579"},"modified":"2022-08-21T14:11:15","modified_gmt":"2022-08-21T12:11:15","slug":"salotto-tevere-matteo-sica-live-il-23-agosto","status":"publish","type":"post","link":"https:\/\/www.romaoggi.eu\/index.php\/2022\/08\/21\/salotto-tevere-matteo-sica-live-il-23-agosto\/","title":{"rendered":"Salotto Tevere: Matteo Sica live il 23 agosto"},"content":{"rendered":"<p><a href=\"https:\/\/open.spotify.com\/artist\/2iEsHOMJTjpbKdwusGrhLA\"><strong>MATTEO SICA <\/strong><\/a>ritorna live in versione acustica, il 23 agosto dalle ore 19.,30, a <strong>Lungo il Tevere \u2026 Roma<\/strong>, il palco da cui fu lanciato il suo nuovo percorso musicale nel luglio 2019. <strong>SALOTTO TEVERE<\/strong>, grazie alla direzione artistica di <strong>Gi\u00f2 di Sarno<\/strong>, \u00e8 lo spazio della banchina in cui si incontrano e si incrociano musica, arte, cultura, dibattiti e tanto teatro. Versioni acustiche o con un tocco di base musicale per ripercorrere gli ultimi brani di Matteo Sica, cantautore romano che \u00e8 stato soprannominato dalla critica musicale il <strong>\u201cPop-Poeta\u201d<\/strong> per i suoi testi evocativi ed evanescenti, bench\u00e9, spesso le tematiche trattate sfocino anche in campi difficili. Con il brano <strong>\u201cPer tutte le volte\u201d,<\/strong> dedicato alla rinascita ed voglia di farcela,\u00a0 e che cantato live in full band a <strong>Piazza del Popolo<\/strong> il 22 maggio,\u00a0 il cantautore ha vinto il <strong>Premio Social<\/strong> del Pubblico al <strong>Play Music Stop Violence <\/strong>organizzato da<strong> Giovani per la Pace <\/strong>e la comunit\u00e0 di <strong>Sant\u2019Egidio<\/strong>.<\/p>\n<p>\u201cA luglio del 2019 da questo palco \u00e8 iniziato il mio nuovo percorso musicale con il brano <strong>Traffico<\/strong> e da quel momento non mi sono pi\u00f9 fermato nonostante la pandemia. Questo \u00e8 l\u2019augurio che faccio ad ognuno di noi\u2026 di avere la forza di non fermarsi mai e di seguire i nostri sogni. Sar\u00e0 un\u2019ora intensa in cui, mentre voi farete l\u2019aperitivo, vi far\u00f2 percorrere con me le tracce del mio EP Nel Paese dei Balocchi e le versioni acustiche degli ultimi singoli, ma forse vi far\u00f2 anche qualche cover e vi racconter\u00f2 qualche piccolo aneddoto. Per me \u00e8 un\u2019emozione tornare da dov\u2019\u00e8 partita la mia \u201cseconda parte\u201d artistica\u201d<\/p>\n<p>Appuntamento, quindi a <strong>Salotto Tevere<\/strong>, situato all\u2019altezza di Ponte Cestio, il 23 agosto 2022, dalle ore 19,30 alle ore 20,30 con Matteo Sica Acustic Live; a seguire spettacolo d\u2019improvvisazione teatrale a cura di Silvia Merola.<\/p>\n<p><strong><em>\u201cLa musica porta messaggi, provo solo a darle un vestito adatto alla mia generazione per farla arrivare e farla vostra. E ricordiamoci di non sottovalutare mai un sognatore\u201d (Matteo Sica)<\/em><\/strong><\/p>\n<p><strong>SPOTIFY brano &#8220;PER TUTTE LE VOLTE&#8221;\u00a0<\/strong>:<\/p>\n<p><a href=\"https:\/\/open.spotify.com\/track\/4CIy24nz3s8KHFUu3HheXZ\">https:\/\/open.spotify.com\/track\/4CIy24nz3s8KHFUu3HheXZ<\/a><\/p>\n<p><strong>Biografia Matteo Sica<\/strong><\/p>\n<p><strong>Matteo Sica<\/strong>, classe 1998, \u00e8 un cantautore romano di genere Pop soprannominato il <strong>Pop-Poeta<\/strong>. Da pochi mesi ha vinto il Premio del Pubblico per <strong>Play Music Stop Violence<\/strong>, contest internazionale che si \u00e8 svolto a Piazza del Popolo ed organizzato da <strong>Giovani per la Pace<\/strong> con la comunit\u00e0 di <strong>Sant\u2019Egidio<\/strong> alla presenza di circa <strong>4000<\/strong> persone. Un live che l\u2019ha riportato alle emozioni del 2018 e 2019 quando vinse il <strong>Deejay On Stage ed al Deejay On Ice di Radio Deejay<\/strong>.<\/p>\n<p>Nel 2022 ha gi\u00e0 all\u2019attivo due brani a tinte urban: <strong>RUGGINE<\/strong>, feat. D\u2019Art, uscito il 13 maggio e <strong>PARADISO<\/strong> <strong>INFERNO<\/strong>, feat. Emez uscito il 4 marzo, ed\u00a0 altri brani saranno in uscita a partire dall\u2019autunno.<\/p>\n<p>Nel 2021 ha pubblicato il brano <strong>PER TUTTE LE VOLTE<\/strong>, diventato un vero e proprio inno alla rinascita ed al \u201cbrindare\u201d al superamento dei propri ostacoli, spesso inserito in spot motivazionali.<\/p>\n<p>Nel 2020, durante la pandemia, ha presentato il suo Ep d\u2019esordio <strong>\u201cNel Paese dei Balocchi\u201d<\/strong> con cui ha ottenuto circa 500.000 plays su Spotify, E\u2019 stato ospite di <strong>Fiorello <\/strong>a <strong>Viva RaiPlay<\/strong> nel dicembre 2019 e Bollino Rosso ad <strong>Edicola Fiore<\/strong> nel 2016.<\/p>\n<p>Nel 2020 \u00e8 stato finalista nel contest di <strong>Aw Lab<\/strong> come artista selezionato da <strong>Madame<\/strong> ed <strong>Ensi<\/strong>.\u00a0 Studia canto, chitarra e pianoforte sin da piccolo ed ha iniziato a comporre all&#8217;et\u00e0 di 14 anni, finalista nel 2016 al contest della <strong>Disney<\/strong> &#8220;Zootropolis Music Star&#8221;. Sempre nel 2016 si esibisce a Milano con <strong>Rds<\/strong> nel 2016, presenta il brano \u201cFino a tre\u201d sul red carpet dell\u2019Ariston durante il <strong>Festival di Sanremo<\/strong> e viene ripreso dalle telecamere di <strong>Rai3<\/strong> per <strong>Blob<\/strong>.<\/p>\n<p>Dall\u2019uscita del suo Ep d\u2019esordio del 2020 \u00e8 stato pi\u00f9 volte definito dalla stampa il cantautore <strong>POP-Poeta<\/strong>, per via dei suoi testi dalle evocazioni poetiche e scevri da parolacce e riferimenti ambigui.<\/p>\n<p>INSTAGRAM <a href=\"https:\/\/www.instagram.com\/mattewsica\/\">https:\/\/www.instagram.com\/mattewsica\/<\/a><\/p>\n<p>FACEBOOK <a href=\"https:\/\/www.facebook.com\/matteosicaofficial\/\">https:\/\/www.facebook.com\/matteosicaofficial\/<\/a><\/p>\n<p>TIK TOK: <a href=\"https:\/\/vm.tiktok.com\/ZMRn4mrrJ\/\">https:\/\/vm.tiktok.com\/ZMRn4mrrJ\/<\/a><\/p>\n<p><strong>SPOTIFY ARTISTA<\/strong> : <a href=\"https:\/\/open.spotify.com\/artist\/2iEsHOMJTjpbKdwusGrhLA\">https:\/\/open.spotify.com\/artist\/2iEsHOMJTjpbKdwusGrhLA<\/a><\/p>\n<p>&nbsp;<\/p>\n","protected":false},"excerpt":{"rendered":"<div class=\"mh-excerpt\"><p>MATTEO SICA ritorna live in versione acustica, il 23 agosto dalle ore 19.,30, a Lungo il Tevere \u2026 Roma, il palco da cui fu lanciato il suo nuovo percorso musicale nel luglio 2019. SALOTTO TEVERE, <a class=\"mh-excerpt-more\" href=\"https:\/\/www.romaoggi.eu\/index.php\/2022\/08\/21\/salotto-tevere-matteo-sica-live-il-23-agosto\/\" title=\"Salotto Tevere: Matteo Sica live il 23 agosto\">[&#8230;]<\/a><\/p>\n<\/div>","protected":false},"author":13,"featured_media":33580,"comment_status":"closed","ping_status":"open","sticky":false,"template":"","format":"standard","meta":{"_sitemap_exclude":false,"_sitemap_priority":"","_sitemap_frequency":"","footnotes":""},"categories":[4480],"tags":[12300,13031,16441],"class_list":["post-33579","post","type-post","status-publish","format-standard","has-post-thumbnail","hentry","category-cultura","tag-gio-di-sarno","tag-matteo-sica","tag-salotto-tevere"],"yoast_head":"<!-- This site is optimized with the Yoast SEO plugin v27.5 - https:\/\/yoast.com\/product\/yoast-seo-wordpress\/ -->\n<title>Salotto Tevere: Matteo Sica live il 23 agosto<\/title>\n<meta name=\"description\" content=\"MATTEO SICA ritorna live in versione acustica, il 23 agosto dalle ore 19.,30, a Lungo il Tevere \u2026 Roma, il palco da cui fu lanciato il suo nuovo percorso\" \/>\n<meta name=\"robots\" content=\"index, follow, max-snippet:-1, max-image-preview:large, max-video-preview:-1\" \/>\n<link rel=\"canonical\" href=\"https:\/\/www.romaoggi.eu\/index.php\/2022\/08\/21\/salotto-tevere-matteo-sica-live-il-23-agosto\/\" \/>\n<meta property=\"og:locale\" content=\"it_IT\" \/>\n<meta property=\"og:type\" content=\"article\" \/>\n<meta property=\"og:title\" content=\"Salotto Tevere: Matteo Sica live il 23 agosto\" \/>\n<meta property=\"og:description\" content=\"MATTEO SICA ritorna live in versione acustica, il 23 agosto dalle ore 19.,30, a Lungo il Tevere \u2026 Roma, il palco da cui fu lanciato il suo nuovo percorso\" \/>\n<meta property=\"og:url\" content=\"https:\/\/www.romaoggi.eu\/index.php\/2022\/08\/21\/salotto-tevere-matteo-sica-live-il-23-agosto\/\" \/>\n<meta property=\"og:site_name\" content=\"roma oggi\" \/>\n<meta property=\"article:publisher\" content=\"https:\/\/www.facebook.com\/RomaOggi-841544845954114\" \/>\n<meta property=\"article:published_time\" content=\"2022-08-21T12:10:19+00:00\" \/>\n<meta property=\"article:modified_time\" content=\"2022-08-21T12:11:15+00:00\" \/>\n<meta property=\"og:image\" content=\"https:\/\/www.romaoggi.eu\/wp-content\/uploads\/2022\/08\/TUTTE-NUOVE.png\" \/>\n\t<meta property=\"og:image:width\" content=\"1080\" \/>\n\t<meta property=\"og:image:height\" content=\"1080\" \/>\n\t<meta property=\"og:image:type\" content=\"image\/png\" \/>\n<meta name=\"author\" content=\"Federica Pansadoro\" \/>\n<meta name=\"twitter:card\" content=\"summary_large_image\" \/>\n<meta name=\"twitter:creator\" content=\"@romaoggi_eu\" \/>\n<meta name=\"twitter:site\" content=\"@romaoggi_eu\" \/>\n<meta name=\"twitter:label1\" content=\"Scritto da\" \/>\n\t<meta name=\"twitter:data1\" content=\"Federica Pansadoro\" \/>\n\t<meta name=\"twitter:label2\" content=\"Tempo di lettura stimato\" \/>\n\t<meta name=\"twitter:data2\" content=\"4 minuti\" \/>\n<script type=\"application\/ld+json\" class=\"yoast-schema-graph\">{\"@context\":\"https:\\\/\\\/schema.org\",\"@graph\":[{\"@type\":\"Article\",\"@id\":\"https:\\\/\\\/www.romaoggi.eu\\\/index.php\\\/2022\\\/08\\\/21\\\/salotto-tevere-matteo-sica-live-il-23-agosto\\\/#article\",\"isPartOf\":{\"@id\":\"https:\\\/\\\/www.romaoggi.eu\\\/index.php\\\/2022\\\/08\\\/21\\\/salotto-tevere-matteo-sica-live-il-23-agosto\\\/\"},\"author\":{\"name\":\"Federica Pansadoro\",\"@id\":\"https:\\\/\\\/www.romaoggi.eu\\\/#\\\/schema\\\/person\\\/569485df663c86fd2d0179a6643546f9\"},\"headline\":\"Salotto Tevere: Matteo Sica live il 23 agosto\",\"datePublished\":\"2022-08-21T12:10:19+00:00\",\"dateModified\":\"2022-08-21T12:11:15+00:00\",\"mainEntityOfPage\":{\"@id\":\"https:\\\/\\\/www.romaoggi.eu\\\/index.php\\\/2022\\\/08\\\/21\\\/salotto-tevere-matteo-sica-live-il-23-agosto\\\/\"},\"wordCount\":670,\"publisher\":{\"@id\":\"https:\\\/\\\/www.romaoggi.eu\\\/#organization\"},\"image\":{\"@id\":\"https:\\\/\\\/www.romaoggi.eu\\\/index.php\\\/2022\\\/08\\\/21\\\/salotto-tevere-matteo-sica-live-il-23-agosto\\\/#primaryimage\"},\"thumbnailUrl\":\"https:\\\/\\\/www.romaoggi.eu\\\/wp-content\\\/uploads\\\/2022\\\/08\\\/TUTTE-NUOVE.png\",\"keywords\":[\"Gi\u00f2 Di Sarno\",\"matteo sica\",\"Salotto Tevere\"],\"articleSection\":[\"cultura\"],\"inLanguage\":\"it-IT\"},{\"@type\":\"WebPage\",\"@id\":\"https:\\\/\\\/www.romaoggi.eu\\\/index.php\\\/2022\\\/08\\\/21\\\/salotto-tevere-matteo-sica-live-il-23-agosto\\\/\",\"url\":\"https:\\\/\\\/www.romaoggi.eu\\\/index.php\\\/2022\\\/08\\\/21\\\/salotto-tevere-matteo-sica-live-il-23-agosto\\\/\",\"name\":\"Salotto Tevere: Matteo Sica live il 23 agosto\",\"isPartOf\":{\"@id\":\"https:\\\/\\\/www.romaoggi.eu\\\/#website\"},\"primaryImageOfPage\":{\"@id\":\"https:\\\/\\\/www.romaoggi.eu\\\/index.php\\\/2022\\\/08\\\/21\\\/salotto-tevere-matteo-sica-live-il-23-agosto\\\/#primaryimage\"},\"image\":{\"@id\":\"https:\\\/\\\/www.romaoggi.eu\\\/index.php\\\/2022\\\/08\\\/21\\\/salotto-tevere-matteo-sica-live-il-23-agosto\\\/#primaryimage\"},\"thumbnailUrl\":\"https:\\\/\\\/www.romaoggi.eu\\\/wp-content\\\/uploads\\\/2022\\\/08\\\/TUTTE-NUOVE.png\",\"datePublished\":\"2022-08-21T12:10:19+00:00\",\"dateModified\":\"2022-08-21T12:11:15+00:00\",\"description\":\"MATTEO SICA ritorna live in versione acustica, il 23 agosto dalle ore 19.,30, a Lungo il Tevere \u2026 Roma, il palco da cui fu lanciato il suo nuovo percorso\",\"breadcrumb\":{\"@id\":\"https:\\\/\\\/www.romaoggi.eu\\\/index.php\\\/2022\\\/08\\\/21\\\/salotto-tevere-matteo-sica-live-il-23-agosto\\\/#breadcrumb\"},\"inLanguage\":\"it-IT\",\"potentialAction\":[{\"@type\":\"ReadAction\",\"target\":[\"https:\\\/\\\/www.romaoggi.eu\\\/index.php\\\/2022\\\/08\\\/21\\\/salotto-tevere-matteo-sica-live-il-23-agosto\\\/\"]}]},{\"@type\":\"ImageObject\",\"inLanguage\":\"it-IT\",\"@id\":\"https:\\\/\\\/www.romaoggi.eu\\\/index.php\\\/2022\\\/08\\\/21\\\/salotto-tevere-matteo-sica-live-il-23-agosto\\\/#primaryimage\",\"url\":\"https:\\\/\\\/www.romaoggi.eu\\\/wp-content\\\/uploads\\\/2022\\\/08\\\/TUTTE-NUOVE.png\",\"contentUrl\":\"https:\\\/\\\/www.romaoggi.eu\\\/wp-content\\\/uploads\\\/2022\\\/08\\\/TUTTE-NUOVE.png\",\"width\":1080,\"height\":1080},{\"@type\":\"BreadcrumbList\",\"@id\":\"https:\\\/\\\/www.romaoggi.eu\\\/index.php\\\/2022\\\/08\\\/21\\\/salotto-tevere-matteo-sica-live-il-23-agosto\\\/#breadcrumb\",\"itemListElement\":[{\"@type\":\"ListItem\",\"position\":1,\"name\":\"Home\",\"item\":\"https:\\\/\\\/www.romaoggi.eu\\\/\"},{\"@type\":\"ListItem\",\"position\":2,\"name\":\"Salotto Tevere: Matteo Sica live il 23 agosto\"}]},{\"@type\":\"WebSite\",\"@id\":\"https:\\\/\\\/www.romaoggi.eu\\\/#website\",\"url\":\"https:\\\/\\\/www.romaoggi.eu\\\/\",\"name\":\"roma oggi\",\"description\":\"Interesting News for Interesting people\",\"publisher\":{\"@id\":\"https:\\\/\\\/www.romaoggi.eu\\\/#organization\"},\"potentialAction\":[{\"@type\":\"SearchAction\",\"target\":{\"@type\":\"EntryPoint\",\"urlTemplate\":\"https:\\\/\\\/www.romaoggi.eu\\\/?s={search_term_string}\"},\"query-input\":{\"@type\":\"PropertyValueSpecification\",\"valueRequired\":true,\"valueName\":\"search_term_string\"}}],\"inLanguage\":\"it-IT\"},{\"@type\":\"Organization\",\"@id\":\"https:\\\/\\\/www.romaoggi.eu\\\/#organization\",\"name\":\"RomaOggi\",\"url\":\"https:\\\/\\\/www.romaoggi.eu\\\/\",\"logo\":{\"@type\":\"ImageObject\",\"inLanguage\":\"it-IT\",\"@id\":\"https:\\\/\\\/www.romaoggi.eu\\\/#\\\/schema\\\/logo\\\/image\\\/\",\"url\":\"https:\\\/\\\/www.romaoggi.eu\\\/wp-content\\\/uploads\\\/2017\\\/04\\\/logowp.jpg\",\"contentUrl\":\"https:\\\/\\\/www.romaoggi.eu\\\/wp-content\\\/uploads\\\/2017\\\/04\\\/logowp.jpg\",\"width\":300,\"height\":133,\"caption\":\"RomaOggi\"},\"image\":{\"@id\":\"https:\\\/\\\/www.romaoggi.eu\\\/#\\\/schema\\\/logo\\\/image\\\/\"},\"sameAs\":[\"https:\\\/\\\/www.facebook.com\\\/RomaOggi-841544845954114\",\"https:\\\/\\\/x.com\\\/romaoggi_eu\"]},{\"@type\":\"Person\",\"@id\":\"https:\\\/\\\/www.romaoggi.eu\\\/#\\\/schema\\\/person\\\/569485df663c86fd2d0179a6643546f9\",\"name\":\"Federica Pansadoro\",\"image\":{\"@type\":\"ImageObject\",\"inLanguage\":\"it-IT\",\"@id\":\"https:\\\/\\\/secure.gravatar.com\\\/avatar\\\/646783eb26ef4eab9fe24f298081663814c4d6acd6ea1c44b2633e8176ba1dc5?s=96&d=mm&r=g\",\"url\":\"https:\\\/\\\/secure.gravatar.com\\\/avatar\\\/646783eb26ef4eab9fe24f298081663814c4d6acd6ea1c44b2633e8176ba1dc5?s=96&d=mm&r=g\",\"contentUrl\":\"https:\\\/\\\/secure.gravatar.com\\\/avatar\\\/646783eb26ef4eab9fe24f298081663814c4d6acd6ea1c44b2633e8176ba1dc5?s=96&d=mm&r=g\",\"caption\":\"Federica Pansadoro\"},\"sameAs\":[\"https:\\\/\\\/www.youtube.com\\\/channel\\\/UCN8Y45Fmdd0XBagxT7qUVEA\"],\"url\":\"https:\\\/\\\/www.romaoggi.eu\\\/index.php\\\/author\\\/federica\\\/\"}]}<\/script>\n<!-- \/ Yoast SEO plugin. -->","yoast_head_json":{"title":"Salotto Tevere: Matteo Sica live il 23 agosto","description":"MATTEO SICA ritorna live in versione acustica, il 23 agosto dalle ore 19.,30, a Lungo il Tevere \u2026 Roma, il palco da cui fu lanciato il suo nuovo percorso","robots":{"index":"index","follow":"follow","max-snippet":"max-snippet:-1","max-image-preview":"max-image-preview:large","max-video-preview":"max-video-preview:-1"},"canonical":"https:\/\/www.romaoggi.eu\/index.php\/2022\/08\/21\/salotto-tevere-matteo-sica-live-il-23-agosto\/","og_locale":"it_IT","og_type":"article","og_title":"Salotto Tevere: Matteo Sica live il 23 agosto","og_description":"MATTEO SICA ritorna live in versione acustica, il 23 agosto dalle ore 19.,30, a Lungo il Tevere \u2026 Roma, il palco da cui fu lanciato il suo nuovo percorso","og_url":"https:\/\/www.romaoggi.eu\/index.php\/2022\/08\/21\/salotto-tevere-matteo-sica-live-il-23-agosto\/","og_site_name":"roma oggi","article_publisher":"https:\/\/www.facebook.com\/RomaOggi-841544845954114","article_published_time":"2022-08-21T12:10:19+00:00","article_modified_time":"2022-08-21T12:11:15+00:00","og_image":[{"width":1080,"height":1080,"url":"https:\/\/www.romaoggi.eu\/wp-content\/uploads\/2022\/08\/TUTTE-NUOVE.png","type":"image\/png"}],"author":"Federica Pansadoro","twitter_card":"summary_large_image","twitter_creator":"@romaoggi_eu","twitter_site":"@romaoggi_eu","twitter_misc":{"Scritto da":"Federica Pansadoro","Tempo di lettura stimato":"4 minuti"},"schema":{"@context":"https:\/\/schema.org","@graph":[{"@type":"Article","@id":"https:\/\/www.romaoggi.eu\/index.php\/2022\/08\/21\/salotto-tevere-matteo-sica-live-il-23-agosto\/#article","isPartOf":{"@id":"https:\/\/www.romaoggi.eu\/index.php\/2022\/08\/21\/salotto-tevere-matteo-sica-live-il-23-agosto\/"},"author":{"name":"Federica Pansadoro","@id":"https:\/\/www.romaoggi.eu\/#\/schema\/person\/569485df663c86fd2d0179a6643546f9"},"headline":"Salotto Tevere: Matteo Sica live il 23 agosto","datePublished":"2022-08-21T12:10:19+00:00","dateModified":"2022-08-21T12:11:15+00:00","mainEntityOfPage":{"@id":"https:\/\/www.romaoggi.eu\/index.php\/2022\/08\/21\/salotto-tevere-matteo-sica-live-il-23-agosto\/"},"wordCount":670,"publisher":{"@id":"https:\/\/www.romaoggi.eu\/#organization"},"image":{"@id":"https:\/\/www.romaoggi.eu\/index.php\/2022\/08\/21\/salotto-tevere-matteo-sica-live-il-23-agosto\/#primaryimage"},"thumbnailUrl":"https:\/\/www.romaoggi.eu\/wp-content\/uploads\/2022\/08\/TUTTE-NUOVE.png","keywords":["Gi\u00f2 Di Sarno","matteo sica","Salotto Tevere"],"articleSection":["cultura"],"inLanguage":"it-IT"},{"@type":"WebPage","@id":"https:\/\/www.romaoggi.eu\/index.php\/2022\/08\/21\/salotto-tevere-matteo-sica-live-il-23-agosto\/","url":"https:\/\/www.romaoggi.eu\/index.php\/2022\/08\/21\/salotto-tevere-matteo-sica-live-il-23-agosto\/","name":"Salotto Tevere: Matteo Sica live il 23 agosto","isPartOf":{"@id":"https:\/\/www.romaoggi.eu\/#website"},"primaryImageOfPage":{"@id":"https:\/\/www.romaoggi.eu\/index.php\/2022\/08\/21\/salotto-tevere-matteo-sica-live-il-23-agosto\/#primaryimage"},"image":{"@id":"https:\/\/www.romaoggi.eu\/index.php\/2022\/08\/21\/salotto-tevere-matteo-sica-live-il-23-agosto\/#primaryimage"},"thumbnailUrl":"https:\/\/www.romaoggi.eu\/wp-content\/uploads\/2022\/08\/TUTTE-NUOVE.png","datePublished":"2022-08-21T12:10:19+00:00","dateModified":"2022-08-21T12:11:15+00:00","description":"MATTEO SICA ritorna live in versione acustica, il 23 agosto dalle ore 19.,30, a Lungo il Tevere \u2026 Roma, il palco da cui fu lanciato il suo nuovo percorso","breadcrumb":{"@id":"https:\/\/www.romaoggi.eu\/index.php\/2022\/08\/21\/salotto-tevere-matteo-sica-live-il-23-agosto\/#breadcrumb"},"inLanguage":"it-IT","potentialAction":[{"@type":"ReadAction","target":["https:\/\/www.romaoggi.eu\/index.php\/2022\/08\/21\/salotto-tevere-matteo-sica-live-il-23-agosto\/"]}]},{"@type":"ImageObject","inLanguage":"it-IT","@id":"https:\/\/www.romaoggi.eu\/index.php\/2022\/08\/21\/salotto-tevere-matteo-sica-live-il-23-agosto\/#primaryimage","url":"https:\/\/www.romaoggi.eu\/wp-content\/uploads\/2022\/08\/TUTTE-NUOVE.png","contentUrl":"https:\/\/www.romaoggi.eu\/wp-content\/uploads\/2022\/08\/TUTTE-NUOVE.png","width":1080,"height":1080},{"@type":"BreadcrumbList","@id":"https:\/\/www.romaoggi.eu\/index.php\/2022\/08\/21\/salotto-tevere-matteo-sica-live-il-23-agosto\/#breadcrumb","itemListElement":[{"@type":"ListItem","position":1,"name":"Home","item":"https:\/\/www.romaoggi.eu\/"},{"@type":"ListItem","position":2,"name":"Salotto Tevere: Matteo Sica live il 23 agosto"}]},{"@type":"WebSite","@id":"https:\/\/www.romaoggi.eu\/#website","url":"https:\/\/www.romaoggi.eu\/","name":"roma oggi","description":"Interesting News for Interesting people","publisher":{"@id":"https:\/\/www.romaoggi.eu\/#organization"},"potentialAction":[{"@type":"SearchAction","target":{"@type":"EntryPoint","urlTemplate":"https:\/\/www.romaoggi.eu\/?s={search_term_string}"},"query-input":{"@type":"PropertyValueSpecification","valueRequired":true,"valueName":"search_term_string"}}],"inLanguage":"it-IT"},{"@type":"Organization","@id":"https:\/\/www.romaoggi.eu\/#organization","name":"RomaOggi","url":"https:\/\/www.romaoggi.eu\/","logo":{"@type":"ImageObject","inLanguage":"it-IT","@id":"https:\/\/www.romaoggi.eu\/#\/schema\/logo\/image\/","url":"https:\/\/www.romaoggi.eu\/wp-content\/uploads\/2017\/04\/logowp.jpg","contentUrl":"https:\/\/www.romaoggi.eu\/wp-content\/uploads\/2017\/04\/logowp.jpg","width":300,"height":133,"caption":"RomaOggi"},"image":{"@id":"https:\/\/www.romaoggi.eu\/#\/schema\/logo\/image\/"},"sameAs":["https:\/\/www.facebook.com\/RomaOggi-841544845954114","https:\/\/x.com\/romaoggi_eu"]},{"@type":"Person","@id":"https:\/\/www.romaoggi.eu\/#\/schema\/person\/569485df663c86fd2d0179a6643546f9","name":"Federica Pansadoro","image":{"@type":"ImageObject","inLanguage":"it-IT","@id":"https:\/\/secure.gravatar.com\/avatar\/646783eb26ef4eab9fe24f298081663814c4d6acd6ea1c44b2633e8176ba1dc5?s=96&d=mm&r=g","url":"https:\/\/secure.gravatar.com\/avatar\/646783eb26ef4eab9fe24f298081663814c4d6acd6ea1c44b2633e8176ba1dc5?s=96&d=mm&r=g","contentUrl":"https:\/\/secure.gravatar.com\/avatar\/646783eb26ef4eab9fe24f298081663814c4d6acd6ea1c44b2633e8176ba1dc5?s=96&d=mm&r=g","caption":"Federica Pansadoro"},"sameAs":["https:\/\/www.youtube.com\/channel\/UCN8Y45Fmdd0XBagxT7qUVEA"],"url":"https:\/\/www.romaoggi.eu\/index.php\/author\/federica\/"}]}},"_links":{"self":[{"href":"https:\/\/www.romaoggi.eu\/index.php\/wp-json\/wp\/v2\/posts\/33579","targetHints":{"allow":["GET"]}}],"collection":[{"href":"https:\/\/www.romaoggi.eu\/index.php\/wp-json\/wp\/v2\/posts"}],"about":[{"href":"https:\/\/www.romaoggi.eu\/index.php\/wp-json\/wp\/v2\/types\/post"}],"author":[{"embeddable":true,"href":"https:\/\/www.romaoggi.eu\/index.php\/wp-json\/wp\/v2\/users\/13"}],"replies":[{"embeddable":true,"href":"https:\/\/www.romaoggi.eu\/index.php\/wp-json\/wp\/v2\/comments?post=33579"}],"version-history":[{"count":1,"href":"https:\/\/www.romaoggi.eu\/index.php\/wp-json\/wp\/v2\/posts\/33579\/revisions"}],"predecessor-version":[{"id":33581,"href":"https:\/\/www.romaoggi.eu\/index.php\/wp-json\/wp\/v2\/posts\/33579\/revisions\/33581"}],"wp:featuredmedia":[{"embeddable":true,"href":"https:\/\/www.romaoggi.eu\/index.php\/wp-json\/wp\/v2\/media\/33580"}],"wp:attachment":[{"href":"https:\/\/www.romaoggi.eu\/index.php\/wp-json\/wp\/v2\/media?parent=33579"}],"wp:term":[{"taxonomy":"category","embeddable":true,"href":"https:\/\/www.romaoggi.eu\/index.php\/wp-json\/wp\/v2\/categories?post=33579"},{"taxonomy":"post_tag","embeddable":true,"href":"https:\/\/www.romaoggi.eu\/index.php\/wp-json\/wp\/v2\/tags?post=33579"}],"curies":[{"name":"wp","href":"https:\/\/api.w.org\/{rel}","templated":true}]}}