{"id":33604,"date":"2022-09-01T08:59:22","date_gmt":"2022-09-01T06:59:22","guid":{"rendered":"https:\/\/www.romaoggi.eu\/?p=33604"},"modified":"2022-09-01T08:59:22","modified_gmt":"2022-09-01T06:59:22","slug":"bajocco-festival-arti-performative-dal-9-all11-settembre-ad-albano-laziale","status":"publish","type":"post","link":"https:\/\/www.romaoggi.eu\/index.php\/2022\/09\/01\/bajocco-festival-arti-performative-dal-9-all11-settembre-ad-albano-laziale\/","title":{"rendered":"\u2018BAJOCCO FESTIVAL ARTI PERFORMATIVE\u2019 dal 9 all&#8217;11 settembre ad Albano Laziale"},"content":{"rendered":"<p style=\"text-align: justify;\"><em>Al via dal 9 all\u201911 Settembre 2022 ad Albano Laziale (Rm) l\u2019undicesima edizione del <\/em><strong><a href=\"https:\/\/www.bajoccofestival.com\/\">\u2018BAJOCCO FESTIVAL ARTI PERFORMATIVE<\/a>\u2019 <\/strong><\/p>\n<p style=\"text-align: justify;\"><em>Dopo due anni l\u2019evento <\/em><em>torner\u00e0 ad animare il Centro Storico della citt\u00e0, con artisti dall\u2019Italia e dall\u2019estero, per un cartellone ricco di esibizioni s<\/em><em>traordinarie<\/em><em>. <\/em><em>L\u2019evento sar\u00e0 <strong>ufficialmente inaugurato<\/strong> <strong>Venerd\u00ec 09 Settembre alle ore 17:00<\/strong> con il taglio del nastro dal <strong>Sindaco di Albano, Massimiliano Borelli,<\/strong> <\/em>e da <strong>Gianluca Pelle, Presidente dell\u2019Associazione XV Miglio <\/strong>ideatrice e organizzatrice del Bajocco Festival.<\/p>\n<p style=\"text-align: justify;\">Dopo il fermo per la pandemia nel 2020 e l\u2019edizione in forma ridotta del 2021 per le restrizioni causa Covid-19, il <strong>Bajocco Festival Internazionale di Arti Performative <\/strong><strong>torna<\/strong> quest\u2019anno nella sua location abituale, il Centro Storico della Citt\u00e0 di Albano Laziale (Rm). Uno scenario storico che per tre giorni, <strong>dal 9 all\u201911 Settembre 2022, si animer\u00e0 <\/strong>d\u2019arte tra, musica, giocoleria, fuochi, funamboli, acrobati, teatranti urbani, nelle <strong>straordinarie esibizioni <\/strong><strong>di tantissimi artisti di strada italiani e internazionali. <\/strong><\/p>\n<p style=\"text-align: justify;\"><strong>Ideato e realizzato nel 2011 dall\u2019Associazione XV Miglio ETS<\/strong> in collaborazione con il <strong>Comune di Albano Laziale<\/strong> e il <strong>circuito United for Busking<\/strong>, il <strong>Bajocco Festival<\/strong> vedr\u00e0 <strong>la partecipazione di 7 Nazioni <\/strong>(Argentina, Finlandia, Germania, Gran Bretagna, Italia, Messico, Spagna) per un cartellone artistico di<strong> 149 spettacoli<\/strong> circensi e musicali a turnazione in<strong> 13 postazioni<\/strong>, ed un<strong> aumento delle ore delle esibizioni <\/strong>che quest\u2019anno inizieranno alle ore 18:00, ben due ore prima rispetto agli anni scorsi.<\/p>\n<p><img loading=\"lazy\" decoding=\"async\" class=\"aligncenter wp-image-33606 size-large\" src=\"https:\/\/www.romaoggi.eu\/wp-content\/uploads\/2022\/09\/Locandina-Bajocco-Festival-2022-717x1024.jpg\" alt=\"alt tag bajocco festival\" width=\"717\" height=\"1024\" srcset=\"https:\/\/www.romaoggi.eu\/wp-content\/uploads\/2022\/09\/Locandina-Bajocco-Festival-2022-717x1024.jpg 717w, https:\/\/www.romaoggi.eu\/wp-content\/uploads\/2022\/09\/Locandina-Bajocco-Festival-2022-210x300.jpg 210w, https:\/\/www.romaoggi.eu\/wp-content\/uploads\/2022\/09\/Locandina-Bajocco-Festival-2022-1075x1536.jpg 1075w, https:\/\/www.romaoggi.eu\/wp-content\/uploads\/2022\/09\/Locandina-Bajocco-Festival-2022.jpg 1080w\" sizes=\"auto, (max-width: 717px) 100vw, 717px\" \/><\/p>\n<p style=\"text-align: justify;\"><em>\u201cQuest\u2019anno <\/em><em>abbiamo cercato di differenziare quanto pi\u00f9 possibile le tematiche trattate nelle produzioni artistiche dell\u2019area circense, puntando sulla tecnica<\/em> <strong>&#8211; sottolinea il Presidente dell\u2019<\/strong><strong>Associazione XV Miglio ETS, Gianluca Pelle &#8211;<\/strong><strong>.<\/strong> <em>Gli artisti accreditati hanno formazioni di lunga data alle spalle, alcuni di loro si sono esibiti nell\u2019edizione ridotta dello scorso anno, portando in scena gli spettacoli per un pubblico ristretto, obbligati da normative legate al contenimento pandemico. Le loro esibizioni meritavano il grande pubblico di Bajocco Festival, per questo abbiamo riconfermato la loro presenza nell\u2019edizione 2022\u201d. \u201cL\u2019area musicale quest\u2019anno \u00e8 particolarmente numerosa<\/em> <strong>&#8211; aggiunge Pelle -,<\/strong> <em>composta prevalentemente da gruppi di musicisti il cui percorso formativo vanta esibizioni in prestigiose rassegne e palchi internazionali\u201d. <\/em><\/p>\n<p style=\"text-align: justify;\"><strong>Una manifestazione artistica e culturale,<\/strong> dunque, che si conferma come la pi\u00f9 attesa nel territorio con numeri sorprendenti: l\u2019ultima edizione del 2019 pre-pandemia, infatti, <strong>ha registrato 150mila presenze <\/strong>in tre giorni,<strong> un numero <\/strong>a tutt\u2019oggi<strong> ineguagliato <\/strong>da altri festival dello stesso genere. Consensi che collocano Bajocco tra i principali festival di artisti di strada in Italia, tanto da aver <strong>ottenuto<\/strong> <strong>dal Ministero della Cultura il premio \u201cMeraviglia Italiana\u201d <\/strong>come manifestazione portatrice di cultura. \u201cA Bajocco Festival, non abbiamo palchi, non sono nel nostro DNA <strong>&#8211; spiega <\/strong><strong>Pelle &#8211;<\/strong><strong>, <\/strong>da noi la strada diventa palco, come il pubblico diventa parte dello spettacolo e la storia incastonata nelle pietre della Citt\u00e0 \u00e8 la nostra prima spettatrice\u201d.<\/p>\n<p style=\"text-align: justify;\"><em>\u201cL&#8217; evento, grazie al lavoro tenace dell\u2019Associazione XV Miglio, da anni attira curiosi e amanti dell\u2019arte e del divertimento da ogni parte della nostra Regione<\/em> <strong>&#8211; sottolinea il Sindaco di Albano Laziale, Massimiliano Borelli -.<\/strong> <em>\u00c8 ormai diventata non solo la festa della nostra Citt\u00e0, ma la festa di un territorio che, mai come questo anno, ha bisogno di farsi riscoprire e vivere. Sono certo che questa edizione avr\u00e0 ancora pi\u00f9 successo e porter\u00e0 gioia, serenit\u00e0 e allegria per grandi e piccini\u201d.<\/em><\/p>\n<p style=\"text-align: justify;\">A sostenere l\u2019organizzazione della manifestazione la collaborazione con la Fondazione Marta Czok, cos\u00ec come agli spettacoli in cartellone si affiancano proposte culturali <strong>\u201cOltre Festival\u201d<\/strong>. E poi il <strong>concorso fotografico \u201cBajocco Click\u201d<\/strong> riaprir\u00e0 la sfida per appassionati e professionisti a catturare i momenti pi\u00f9 belli del Festival; il <strong>concorso \u201cDolce Bajocco\u201d<\/strong> alla riscoperta dei dolci della tradizione locale; le aree ristoro, il mercatino dell\u2019artigianato e lo spazio bimbi.<\/p>\n<p style=\"text-align: justify;\">\u201c<em>A nome dell\u2019Associazione XV Miglio<\/em> <strong>&#8211; saluta il suo Presidente<\/strong><strong> &#8211; <\/strong><em>do il benvenuto a tutti i visitatori che torneranno a trovarci e bentrovati ai cittadini che si apprestano a raggiungerci. Vi aspettiamo!\u201d<\/em><\/p>\n","protected":false},"excerpt":{"rendered":"<div class=\"mh-excerpt\"><p>Al via dal 9 all\u201911 Settembre 2022 ad Albano Laziale (Rm) l\u2019undicesima edizione del \u2018BAJOCCO FESTIVAL ARTI PERFORMATIVE\u2019 Dopo due anni l\u2019evento torner\u00e0 ad animare il Centro Storico della citt\u00e0, con artisti dall\u2019Italia e dall\u2019estero, <a class=\"mh-excerpt-more\" href=\"https:\/\/www.romaoggi.eu\/index.php\/2022\/09\/01\/bajocco-festival-arti-performative-dal-9-all11-settembre-ad-albano-laziale\/\" title=\"\u2018BAJOCCO FESTIVAL ARTI PERFORMATIVE\u2019 dal 9 all&#8217;11 settembre ad Albano Laziale\">[&#8230;]<\/a><\/p>\n<\/div>","protected":false},"author":1,"featured_media":33609,"comment_status":"closed","ping_status":"open","sticky":false,"template":"","format":"standard","meta":{"_sitemap_exclude":false,"_sitemap_priority":"","_sitemap_frequency":"","footnotes":""},"categories":[3],"tags":[16453,2804,1610,7490,16454,11468,3057,3748,560,5989,16456,3059,16455,16451,1280,16452,7074],"class_list":["post-33604","post","type-post","status-publish","format-standard","has-post-thumbnail","hentry","category-eventi","tag-acrobati","tag-albano-laziale","tag-arte","tag-artigianato","tag-artisti-di-trada","tag-bajocco","tag-bajocco-festival","tag-concorso-fotografico","tag-cultura","tag-festival","tag-funanbuli","tag-gianluca-pelle","tag-giocoleria","tag-massimiliano-borelli","tag-musica","tag-oltre-festival","tag-spettacoli"],"yoast_head":"<!-- This site is optimized with the Yoast SEO plugin v27.5 - https:\/\/yoast.com\/product\/yoast-seo-wordpress\/ -->\n<title>\u2018BAJOCCO FESTIVAL ARTI PERFORMATIVE\u2019 dal 9 all&#039;11 settembre ad Albano Laziale<\/title>\n<meta name=\"description\" content=\"Al via dal 9 all\u201911 Settembre 2022 ad Albano Laziale (Rm) l\u2019undicesima edizione del \u2018BAJOCCO FESTIVAL ARTI PERFORMATIVE\u2019 Dopo due anni l\u2019evento torner\u00e0 ad\" \/>\n<meta name=\"robots\" content=\"index, follow, max-snippet:-1, max-image-preview:large, max-video-preview:-1\" \/>\n<link rel=\"canonical\" href=\"https:\/\/www.romaoggi.eu\/index.php\/2022\/09\/01\/bajocco-festival-arti-performative-dal-9-all11-settembre-ad-albano-laziale\/\" \/>\n<meta property=\"og:locale\" content=\"it_IT\" \/>\n<meta property=\"og:type\" content=\"article\" \/>\n<meta property=\"og:title\" content=\"\u2018BAJOCCO FESTIVAL ARTI PERFORMATIVE\u2019 dal 9 all&#039;11 settembre ad Albano Laziale\" \/>\n<meta property=\"og:description\" content=\"Al via dal 9 all\u201911 Settembre 2022 ad Albano Laziale (Rm) l\u2019undicesima edizione del \u2018BAJOCCO FESTIVAL ARTI PERFORMATIVE\u2019 Dopo due anni l\u2019evento torner\u00e0 ad\" \/>\n<meta property=\"og:url\" content=\"https:\/\/www.romaoggi.eu\/index.php\/2022\/09\/01\/bajocco-festival-arti-performative-dal-9-all11-settembre-ad-albano-laziale\/\" \/>\n<meta property=\"og:site_name\" content=\"roma oggi\" \/>\n<meta property=\"article:publisher\" content=\"https:\/\/www.facebook.com\/RomaOggi-841544845954114\" \/>\n<meta property=\"article:published_time\" content=\"2022-09-01T06:59:22+00:00\" \/>\n<meta property=\"og:image\" content=\"https:\/\/www.romaoggi.eu\/wp-content\/uploads\/2022\/09\/Locandina-Bajocco.jpg\" \/>\n\t<meta property=\"og:image:width\" content=\"1073\" \/>\n\t<meta property=\"og:image:height\" content=\"793\" \/>\n\t<meta property=\"og:image:type\" content=\"image\/jpeg\" \/>\n<meta name=\"author\" content=\"admin\" \/>\n<meta name=\"twitter:card\" content=\"summary_large_image\" \/>\n<meta name=\"twitter:creator\" content=\"@romaoggi_eu\" \/>\n<meta name=\"twitter:site\" content=\"@romaoggi_eu\" \/>\n<meta name=\"twitter:label1\" content=\"Scritto da\" \/>\n\t<meta name=\"twitter:data1\" content=\"admin\" \/>\n\t<meta name=\"twitter:label2\" content=\"Tempo di lettura stimato\" \/>\n\t<meta name=\"twitter:data2\" content=\"4 minuti\" \/>\n<script type=\"application\/ld+json\" class=\"yoast-schema-graph\">{\"@context\":\"https:\\\/\\\/schema.org\",\"@graph\":[{\"@type\":\"Article\",\"@id\":\"https:\\\/\\\/www.romaoggi.eu\\\/index.php\\\/2022\\\/09\\\/01\\\/bajocco-festival-arti-performative-dal-9-all11-settembre-ad-albano-laziale\\\/#article\",\"isPartOf\":{\"@id\":\"https:\\\/\\\/www.romaoggi.eu\\\/index.php\\\/2022\\\/09\\\/01\\\/bajocco-festival-arti-performative-dal-9-all11-settembre-ad-albano-laziale\\\/\"},\"author\":{\"name\":\"admin\",\"@id\":\"https:\\\/\\\/www.romaoggi.eu\\\/#\\\/schema\\\/person\\\/9b23ceb6a2992a25e98c76a5f1fbb887\"},\"headline\":\"\u2018BAJOCCO FESTIVAL ARTI PERFORMATIVE\u2019 dal 9 all&#8217;11 settembre ad Albano Laziale\",\"datePublished\":\"2022-09-01T06:59:22+00:00\",\"mainEntityOfPage\":{\"@id\":\"https:\\\/\\\/www.romaoggi.eu\\\/index.php\\\/2022\\\/09\\\/01\\\/bajocco-festival-arti-performative-dal-9-all11-settembre-ad-albano-laziale\\\/\"},\"wordCount\":657,\"publisher\":{\"@id\":\"https:\\\/\\\/www.romaoggi.eu\\\/#organization\"},\"image\":{\"@id\":\"https:\\\/\\\/www.romaoggi.eu\\\/index.php\\\/2022\\\/09\\\/01\\\/bajocco-festival-arti-performative-dal-9-all11-settembre-ad-albano-laziale\\\/#primaryimage\"},\"thumbnailUrl\":\"https:\\\/\\\/www.romaoggi.eu\\\/wp-content\\\/uploads\\\/2022\\\/09\\\/Locandina-Bajocco.jpg\",\"keywords\":[\"acrobati\",\"Albano Laziale\",\"arte\",\"artigianato\",\"artisti di trada\",\"bajocco\",\"Bajocco Festival\",\"concorso fotografico\",\"Cultura\",\"Festival\",\"funanbuli\",\"Gianluca Pelle\",\"giocoleria\",\"massimiliano borelli\",\"musica\",\"oltre festival\",\"Spettacoli\"],\"articleSection\":[\"Eventi\"],\"inLanguage\":\"it-IT\"},{\"@type\":\"WebPage\",\"@id\":\"https:\\\/\\\/www.romaoggi.eu\\\/index.php\\\/2022\\\/09\\\/01\\\/bajocco-festival-arti-performative-dal-9-all11-settembre-ad-albano-laziale\\\/\",\"url\":\"https:\\\/\\\/www.romaoggi.eu\\\/index.php\\\/2022\\\/09\\\/01\\\/bajocco-festival-arti-performative-dal-9-all11-settembre-ad-albano-laziale\\\/\",\"name\":\"\u2018BAJOCCO FESTIVAL ARTI PERFORMATIVE\u2019 dal 9 all'11 settembre ad Albano Laziale\",\"isPartOf\":{\"@id\":\"https:\\\/\\\/www.romaoggi.eu\\\/#website\"},\"primaryImageOfPage\":{\"@id\":\"https:\\\/\\\/www.romaoggi.eu\\\/index.php\\\/2022\\\/09\\\/01\\\/bajocco-festival-arti-performative-dal-9-all11-settembre-ad-albano-laziale\\\/#primaryimage\"},\"image\":{\"@id\":\"https:\\\/\\\/www.romaoggi.eu\\\/index.php\\\/2022\\\/09\\\/01\\\/bajocco-festival-arti-performative-dal-9-all11-settembre-ad-albano-laziale\\\/#primaryimage\"},\"thumbnailUrl\":\"https:\\\/\\\/www.romaoggi.eu\\\/wp-content\\\/uploads\\\/2022\\\/09\\\/Locandina-Bajocco.jpg\",\"datePublished\":\"2022-09-01T06:59:22+00:00\",\"description\":\"Al via dal 9 all\u201911 Settembre 2022 ad Albano Laziale (Rm) l\u2019undicesima edizione del \u2018BAJOCCO FESTIVAL ARTI PERFORMATIVE\u2019 Dopo due anni l\u2019evento torner\u00e0 ad\",\"breadcrumb\":{\"@id\":\"https:\\\/\\\/www.romaoggi.eu\\\/index.php\\\/2022\\\/09\\\/01\\\/bajocco-festival-arti-performative-dal-9-all11-settembre-ad-albano-laziale\\\/#breadcrumb\"},\"inLanguage\":\"it-IT\",\"potentialAction\":[{\"@type\":\"ReadAction\",\"target\":[\"https:\\\/\\\/www.romaoggi.eu\\\/index.php\\\/2022\\\/09\\\/01\\\/bajocco-festival-arti-performative-dal-9-all11-settembre-ad-albano-laziale\\\/\"]}]},{\"@type\":\"ImageObject\",\"inLanguage\":\"it-IT\",\"@id\":\"https:\\\/\\\/www.romaoggi.eu\\\/index.php\\\/2022\\\/09\\\/01\\\/bajocco-festival-arti-performative-dal-9-all11-settembre-ad-albano-laziale\\\/#primaryimage\",\"url\":\"https:\\\/\\\/www.romaoggi.eu\\\/wp-content\\\/uploads\\\/2022\\\/09\\\/Locandina-Bajocco.jpg\",\"contentUrl\":\"https:\\\/\\\/www.romaoggi.eu\\\/wp-content\\\/uploads\\\/2022\\\/09\\\/Locandina-Bajocco.jpg\",\"width\":1073,\"height\":793,\"caption\":\"alt tag bajocco festival\"},{\"@type\":\"BreadcrumbList\",\"@id\":\"https:\\\/\\\/www.romaoggi.eu\\\/index.php\\\/2022\\\/09\\\/01\\\/bajocco-festival-arti-performative-dal-9-all11-settembre-ad-albano-laziale\\\/#breadcrumb\",\"itemListElement\":[{\"@type\":\"ListItem\",\"position\":1,\"name\":\"Home\",\"item\":\"https:\\\/\\\/www.romaoggi.eu\\\/\"},{\"@type\":\"ListItem\",\"position\":2,\"name\":\"\u2018BAJOCCO FESTIVAL ARTI PERFORMATIVE\u2019 dal 9 all&#8217;11 settembre ad Albano Laziale\"}]},{\"@type\":\"WebSite\",\"@id\":\"https:\\\/\\\/www.romaoggi.eu\\\/#website\",\"url\":\"https:\\\/\\\/www.romaoggi.eu\\\/\",\"name\":\"roma oggi\",\"description\":\"Interesting News for Interesting people\",\"publisher\":{\"@id\":\"https:\\\/\\\/www.romaoggi.eu\\\/#organization\"},\"potentialAction\":[{\"@type\":\"SearchAction\",\"target\":{\"@type\":\"EntryPoint\",\"urlTemplate\":\"https:\\\/\\\/www.romaoggi.eu\\\/?s={search_term_string}\"},\"query-input\":{\"@type\":\"PropertyValueSpecification\",\"valueRequired\":true,\"valueName\":\"search_term_string\"}}],\"inLanguage\":\"it-IT\"},{\"@type\":\"Organization\",\"@id\":\"https:\\\/\\\/www.romaoggi.eu\\\/#organization\",\"name\":\"RomaOggi\",\"url\":\"https:\\\/\\\/www.romaoggi.eu\\\/\",\"logo\":{\"@type\":\"ImageObject\",\"inLanguage\":\"it-IT\",\"@id\":\"https:\\\/\\\/www.romaoggi.eu\\\/#\\\/schema\\\/logo\\\/image\\\/\",\"url\":\"https:\\\/\\\/www.romaoggi.eu\\\/wp-content\\\/uploads\\\/2017\\\/04\\\/logowp.jpg\",\"contentUrl\":\"https:\\\/\\\/www.romaoggi.eu\\\/wp-content\\\/uploads\\\/2017\\\/04\\\/logowp.jpg\",\"width\":300,\"height\":133,\"caption\":\"RomaOggi\"},\"image\":{\"@id\":\"https:\\\/\\\/www.romaoggi.eu\\\/#\\\/schema\\\/logo\\\/image\\\/\"},\"sameAs\":[\"https:\\\/\\\/www.facebook.com\\\/RomaOggi-841544845954114\",\"https:\\\/\\\/x.com\\\/romaoggi_eu\"]},{\"@type\":\"Person\",\"@id\":\"https:\\\/\\\/www.romaoggi.eu\\\/#\\\/schema\\\/person\\\/9b23ceb6a2992a25e98c76a5f1fbb887\",\"name\":\"admin\",\"image\":{\"@type\":\"ImageObject\",\"inLanguage\":\"it-IT\",\"@id\":\"https:\\\/\\\/secure.gravatar.com\\\/avatar\\\/51b1e0a1f4159e3b5d89435fce5e1a348d6c59e2ff8c2d428dae75560aace504?s=96&d=mm&r=g\",\"url\":\"https:\\\/\\\/secure.gravatar.com\\\/avatar\\\/51b1e0a1f4159e3b5d89435fce5e1a348d6c59e2ff8c2d428dae75560aace504?s=96&d=mm&r=g\",\"contentUrl\":\"https:\\\/\\\/secure.gravatar.com\\\/avatar\\\/51b1e0a1f4159e3b5d89435fce5e1a348d6c59e2ff8c2d428dae75560aace504?s=96&d=mm&r=g\",\"caption\":\"admin\"},\"url\":\"https:\\\/\\\/www.romaoggi.eu\\\/index.php\\\/author\\\/admin\\\/\"}]}<\/script>\n<!-- \/ Yoast SEO plugin. -->","yoast_head_json":{"title":"\u2018BAJOCCO FESTIVAL ARTI PERFORMATIVE\u2019 dal 9 all'11 settembre ad Albano Laziale","description":"Al via dal 9 all\u201911 Settembre 2022 ad Albano Laziale (Rm) l\u2019undicesima edizione del \u2018BAJOCCO FESTIVAL ARTI PERFORMATIVE\u2019 Dopo due anni l\u2019evento torner\u00e0 ad","robots":{"index":"index","follow":"follow","max-snippet":"max-snippet:-1","max-image-preview":"max-image-preview:large","max-video-preview":"max-video-preview:-1"},"canonical":"https:\/\/www.romaoggi.eu\/index.php\/2022\/09\/01\/bajocco-festival-arti-performative-dal-9-all11-settembre-ad-albano-laziale\/","og_locale":"it_IT","og_type":"article","og_title":"\u2018BAJOCCO FESTIVAL ARTI PERFORMATIVE\u2019 dal 9 all'11 settembre ad Albano Laziale","og_description":"Al via dal 9 all\u201911 Settembre 2022 ad Albano Laziale (Rm) l\u2019undicesima edizione del \u2018BAJOCCO FESTIVAL ARTI PERFORMATIVE\u2019 Dopo due anni l\u2019evento torner\u00e0 ad","og_url":"https:\/\/www.romaoggi.eu\/index.php\/2022\/09\/01\/bajocco-festival-arti-performative-dal-9-all11-settembre-ad-albano-laziale\/","og_site_name":"roma oggi","article_publisher":"https:\/\/www.facebook.com\/RomaOggi-841544845954114","article_published_time":"2022-09-01T06:59:22+00:00","og_image":[{"width":1073,"height":793,"url":"https:\/\/www.romaoggi.eu\/wp-content\/uploads\/2022\/09\/Locandina-Bajocco.jpg","type":"image\/jpeg"}],"author":"admin","twitter_card":"summary_large_image","twitter_creator":"@romaoggi_eu","twitter_site":"@romaoggi_eu","twitter_misc":{"Scritto da":"admin","Tempo di lettura stimato":"4 minuti"},"schema":{"@context":"https:\/\/schema.org","@graph":[{"@type":"Article","@id":"https:\/\/www.romaoggi.eu\/index.php\/2022\/09\/01\/bajocco-festival-arti-performative-dal-9-all11-settembre-ad-albano-laziale\/#article","isPartOf":{"@id":"https:\/\/www.romaoggi.eu\/index.php\/2022\/09\/01\/bajocco-festival-arti-performative-dal-9-all11-settembre-ad-albano-laziale\/"},"author":{"name":"admin","@id":"https:\/\/www.romaoggi.eu\/#\/schema\/person\/9b23ceb6a2992a25e98c76a5f1fbb887"},"headline":"\u2018BAJOCCO FESTIVAL ARTI PERFORMATIVE\u2019 dal 9 all&#8217;11 settembre ad Albano Laziale","datePublished":"2022-09-01T06:59:22+00:00","mainEntityOfPage":{"@id":"https:\/\/www.romaoggi.eu\/index.php\/2022\/09\/01\/bajocco-festival-arti-performative-dal-9-all11-settembre-ad-albano-laziale\/"},"wordCount":657,"publisher":{"@id":"https:\/\/www.romaoggi.eu\/#organization"},"image":{"@id":"https:\/\/www.romaoggi.eu\/index.php\/2022\/09\/01\/bajocco-festival-arti-performative-dal-9-all11-settembre-ad-albano-laziale\/#primaryimage"},"thumbnailUrl":"https:\/\/www.romaoggi.eu\/wp-content\/uploads\/2022\/09\/Locandina-Bajocco.jpg","keywords":["acrobati","Albano Laziale","arte","artigianato","artisti di trada","bajocco","Bajocco Festival","concorso fotografico","Cultura","Festival","funanbuli","Gianluca Pelle","giocoleria","massimiliano borelli","musica","oltre festival","Spettacoli"],"articleSection":["Eventi"],"inLanguage":"it-IT"},{"@type":"WebPage","@id":"https:\/\/www.romaoggi.eu\/index.php\/2022\/09\/01\/bajocco-festival-arti-performative-dal-9-all11-settembre-ad-albano-laziale\/","url":"https:\/\/www.romaoggi.eu\/index.php\/2022\/09\/01\/bajocco-festival-arti-performative-dal-9-all11-settembre-ad-albano-laziale\/","name":"\u2018BAJOCCO FESTIVAL ARTI PERFORMATIVE\u2019 dal 9 all'11 settembre ad Albano Laziale","isPartOf":{"@id":"https:\/\/www.romaoggi.eu\/#website"},"primaryImageOfPage":{"@id":"https:\/\/www.romaoggi.eu\/index.php\/2022\/09\/01\/bajocco-festival-arti-performative-dal-9-all11-settembre-ad-albano-laziale\/#primaryimage"},"image":{"@id":"https:\/\/www.romaoggi.eu\/index.php\/2022\/09\/01\/bajocco-festival-arti-performative-dal-9-all11-settembre-ad-albano-laziale\/#primaryimage"},"thumbnailUrl":"https:\/\/www.romaoggi.eu\/wp-content\/uploads\/2022\/09\/Locandina-Bajocco.jpg","datePublished":"2022-09-01T06:59:22+00:00","description":"Al via dal 9 all\u201911 Settembre 2022 ad Albano Laziale (Rm) l\u2019undicesima edizione del \u2018BAJOCCO FESTIVAL ARTI PERFORMATIVE\u2019 Dopo due anni l\u2019evento torner\u00e0 ad","breadcrumb":{"@id":"https:\/\/www.romaoggi.eu\/index.php\/2022\/09\/01\/bajocco-festival-arti-performative-dal-9-all11-settembre-ad-albano-laziale\/#breadcrumb"},"inLanguage":"it-IT","potentialAction":[{"@type":"ReadAction","target":["https:\/\/www.romaoggi.eu\/index.php\/2022\/09\/01\/bajocco-festival-arti-performative-dal-9-all11-settembre-ad-albano-laziale\/"]}]},{"@type":"ImageObject","inLanguage":"it-IT","@id":"https:\/\/www.romaoggi.eu\/index.php\/2022\/09\/01\/bajocco-festival-arti-performative-dal-9-all11-settembre-ad-albano-laziale\/#primaryimage","url":"https:\/\/www.romaoggi.eu\/wp-content\/uploads\/2022\/09\/Locandina-Bajocco.jpg","contentUrl":"https:\/\/www.romaoggi.eu\/wp-content\/uploads\/2022\/09\/Locandina-Bajocco.jpg","width":1073,"height":793,"caption":"alt tag bajocco festival"},{"@type":"BreadcrumbList","@id":"https:\/\/www.romaoggi.eu\/index.php\/2022\/09\/01\/bajocco-festival-arti-performative-dal-9-all11-settembre-ad-albano-laziale\/#breadcrumb","itemListElement":[{"@type":"ListItem","position":1,"name":"Home","item":"https:\/\/www.romaoggi.eu\/"},{"@type":"ListItem","position":2,"name":"\u2018BAJOCCO FESTIVAL ARTI PERFORMATIVE\u2019 dal 9 all&#8217;11 settembre ad Albano Laziale"}]},{"@type":"WebSite","@id":"https:\/\/www.romaoggi.eu\/#website","url":"https:\/\/www.romaoggi.eu\/","name":"roma oggi","description":"Interesting News for Interesting people","publisher":{"@id":"https:\/\/www.romaoggi.eu\/#organization"},"potentialAction":[{"@type":"SearchAction","target":{"@type":"EntryPoint","urlTemplate":"https:\/\/www.romaoggi.eu\/?s={search_term_string}"},"query-input":{"@type":"PropertyValueSpecification","valueRequired":true,"valueName":"search_term_string"}}],"inLanguage":"it-IT"},{"@type":"Organization","@id":"https:\/\/www.romaoggi.eu\/#organization","name":"RomaOggi","url":"https:\/\/www.romaoggi.eu\/","logo":{"@type":"ImageObject","inLanguage":"it-IT","@id":"https:\/\/www.romaoggi.eu\/#\/schema\/logo\/image\/","url":"https:\/\/www.romaoggi.eu\/wp-content\/uploads\/2017\/04\/logowp.jpg","contentUrl":"https:\/\/www.romaoggi.eu\/wp-content\/uploads\/2017\/04\/logowp.jpg","width":300,"height":133,"caption":"RomaOggi"},"image":{"@id":"https:\/\/www.romaoggi.eu\/#\/schema\/logo\/image\/"},"sameAs":["https:\/\/www.facebook.com\/RomaOggi-841544845954114","https:\/\/x.com\/romaoggi_eu"]},{"@type":"Person","@id":"https:\/\/www.romaoggi.eu\/#\/schema\/person\/9b23ceb6a2992a25e98c76a5f1fbb887","name":"admin","image":{"@type":"ImageObject","inLanguage":"it-IT","@id":"https:\/\/secure.gravatar.com\/avatar\/51b1e0a1f4159e3b5d89435fce5e1a348d6c59e2ff8c2d428dae75560aace504?s=96&d=mm&r=g","url":"https:\/\/secure.gravatar.com\/avatar\/51b1e0a1f4159e3b5d89435fce5e1a348d6c59e2ff8c2d428dae75560aace504?s=96&d=mm&r=g","contentUrl":"https:\/\/secure.gravatar.com\/avatar\/51b1e0a1f4159e3b5d89435fce5e1a348d6c59e2ff8c2d428dae75560aace504?s=96&d=mm&r=g","caption":"admin"},"url":"https:\/\/www.romaoggi.eu\/index.php\/author\/admin\/"}]}},"_links":{"self":[{"href":"https:\/\/www.romaoggi.eu\/index.php\/wp-json\/wp\/v2\/posts\/33604","targetHints":{"allow":["GET"]}}],"collection":[{"href":"https:\/\/www.romaoggi.eu\/index.php\/wp-json\/wp\/v2\/posts"}],"about":[{"href":"https:\/\/www.romaoggi.eu\/index.php\/wp-json\/wp\/v2\/types\/post"}],"author":[{"embeddable":true,"href":"https:\/\/www.romaoggi.eu\/index.php\/wp-json\/wp\/v2\/users\/1"}],"replies":[{"embeddable":true,"href":"https:\/\/www.romaoggi.eu\/index.php\/wp-json\/wp\/v2\/comments?post=33604"}],"version-history":[{"count":4,"href":"https:\/\/www.romaoggi.eu\/index.php\/wp-json\/wp\/v2\/posts\/33604\/revisions"}],"predecessor-version":[{"id":33610,"href":"https:\/\/www.romaoggi.eu\/index.php\/wp-json\/wp\/v2\/posts\/33604\/revisions\/33610"}],"wp:featuredmedia":[{"embeddable":true,"href":"https:\/\/www.romaoggi.eu\/index.php\/wp-json\/wp\/v2\/media\/33609"}],"wp:attachment":[{"href":"https:\/\/www.romaoggi.eu\/index.php\/wp-json\/wp\/v2\/media?parent=33604"}],"wp:term":[{"taxonomy":"category","embeddable":true,"href":"https:\/\/www.romaoggi.eu\/index.php\/wp-json\/wp\/v2\/categories?post=33604"},{"taxonomy":"post_tag","embeddable":true,"href":"https:\/\/www.romaoggi.eu\/index.php\/wp-json\/wp\/v2\/tags?post=33604"}],"curies":[{"name":"wp","href":"https:\/\/api.w.org\/{rel}","templated":true}]}}