{"id":34066,"date":"2022-11-07T07:00:04","date_gmt":"2022-11-07T06:00:04","guid":{"rendered":"https:\/\/www.romaoggi.eu\/?p=34066"},"modified":"2022-11-11T07:29:51","modified_gmt":"2022-11-11T06:29:51","slug":"marcia-per-la-pace-volti-e-rumors-a-cura-di-fabrizio-casagrande-target-lab-ets","status":"publish","type":"post","link":"https:\/\/www.romaoggi.eu\/index.php\/2022\/11\/07\/marcia-per-la-pace-volti-e-rumors-a-cura-di-fabrizio-casagrande-target-lab-ets\/","title":{"rendered":"Marcia per la Pace. Volti e rumors&#8230;a cura di Fabrizio Casagrande &#8211; Target Lab Ets"},"content":{"rendered":"<p align=\"JUSTIFY\"><span style=\"font-size: medium\"><b>LA MARCIA PER LA PACE\u2026la marcia di tante anime unite in un solo corpo<\/b><\/span><\/p>\n<p align=\"JUSTIFY\"><span style=\"font-size: medium\">Erano tanti ieri a Roma quelli che hanno deciso di esserci, quelli che hanno voluto esprimere con un gesto concreto il NO ALLA GUERRA! NO A TUTTI I CONFLITTI che in questo momento storico stanno proliferando in ogni latitudine del nostro mondo. Un lungo fiume di persone, un fiume in piena di emozioni, di volti e vite diverse. <\/span><\/p>\n<p align=\"JUSTIFY\"><span style=\"font-size: medium\">Non c\u2019\u00e8 et\u00e0, colore, fede o qualsivoglia differenza che non sia rappresentata perch\u00e9 per chi vuole la pace NON C\u2019E\u2019 DIFFERENZA che tenga. Siamo tutti un UNO indistinguibile.<\/span><\/p>\n<figure id=\"attachment_34071\" aria-describedby=\"caption-attachment-34071\" style=\"width: 761px\" class=\"wp-caption alignnone\"><img loading=\"lazy\" decoding=\"async\" class=\" wp-image-34071\" src=\"https:\/\/www.romaoggi.eu\/wp-content\/uploads\/2022\/11\/IMG_6824-300x200.jpg\" alt=\"alt tag marcia della pace\" width=\"761\" height=\"507\" srcset=\"https:\/\/www.romaoggi.eu\/wp-content\/uploads\/2022\/11\/IMG_6824-300x200.jpg 300w, https:\/\/www.romaoggi.eu\/wp-content\/uploads\/2022\/11\/IMG_6824.jpg 1020w\" sizes=\"auto, (max-width: 761px) 100vw, 761px\" \/><figcaption id=\"caption-attachment-34071\" class=\"wp-caption-text\"><strong>Marcia della Pace. Roma 5 novembre 2022 \u00a9 Fabrizio Casagrande &#8211; Target Lab Ets<\/strong><\/figcaption><\/figure>\n<p align=\"JUSTIFY\"><span style=\"font-size: medium\">Chi ride e scherza, chi canta o balla, chi suona, chi discute e accompagna i passi di quell\u2019inesorabile andare avanti con parole e concetti che vogliono non si disperdano nell\u2019aria ma diventino realt\u00e0.<\/span><\/p>\n<p align=\"JUSTIFY\"><span style=\"font-size: medium\">C\u2019\u00e8 l\u2019anziano che accompagna il bambino quasi a rappresentare lo scambio generazionale tra ideali passati e futuri. Ci sono lavoratori e non, studenti e professori, uomini e donne di nazionalit\u00e0 diverse, istituzioni e gente comune, sindacati e associazioni di ogni natura, famiglie; insomma, un poliedrico insieme di persone che ancora crede si possa vivere un futuro diverso da quello che da pi\u00f9 parti viene oramai profetizzato come inevitabile, senza alternative, un futuro fatto di morte e distruzione.<\/span><\/p>\n<p align=\"JUSTIFY\"><span style=\"font-size: medium\">Quella di ieri non \u00e8 stata una semplice manifestazione ma la rappresentazione di quello che l\u2019essere veramente uniti pu\u00f2 creare. Un\u2019energia positiva, contagiosa che pu\u00f2 spazzare via tutti quei sentimenti negativi che vogliono la gente schiava delle paure. <\/span><\/p>\n<p align=\"JUSTIFY\"><span style=\"font-size: medium\">E come il fiume per vivere si alimenta continuamente di acqua che scorre incessante, cos\u00ec la PACE per vivere e proliferare ha necessit\u00e0 che venga costantemente alimentata da gente di buona volont\u00e0 che non si ferma alle parole ma compie quotidiani atti di solidariet\u00e0 verso il prossimo. Tanti piccoli gesti che uniti ad uno ad uno fanno la differenza in un mondo troppo orientato verso l\u2019individualismo e la chiusura in s\u00e9 stessi.<\/span><\/p>\n<p align=\"JUSTIFY\"><span style=\"font-size: medium\">LA PACE \u00e8 colore, la PACE \u00e8 gioia, la PACE \u00e8 la pi\u00f9 grande espressione di LIBERTA\u2019 di ogni uomo.<\/span><\/p>\n<p align=\"JUSTIFY\"><span style=\"font-size: medium\"><b>\u00a9 Fabrizio Casagrande \u2013 Target Lab Ets<\/b><\/span><\/p>\n<p align=\"JUSTIFY\"><strong><span style=\"color: #000000\"><span style=\"font-family: Times, serif\"><span style=\"font-size: medium\"><b>Sostieni il progetto fotografico di Target Lab Ets con una <\/b><\/span><\/span><\/span><\/strong><strong><span style=\"color: #ff0000\"><span style=\"font-family: Times, serif\"><span style=\"font-size: medium\"><b>donazione simbolica<\/b><\/span><\/span><\/span><\/strong><strong><span style=\"color: #000000\"><span style=\"font-family: Times, serif\"><span style=\"font-size: medium\"><b> tramite PayPal alla seguente mail TARGET.LSFC@GMAIL.COM <\/b><\/span><\/span><\/span><\/strong><\/p>\n<p align=\"JUSTIFY\"><span style=\"font-size: medium\"><strong><span style=\"color: #ff0000\"><span style=\"font-family: Times, serif\"><b>Devolvi il 5xmille nella prossima dichiarazione dei redditi a Target Lab Ets<\/b><\/span><\/span><\/strong><strong><span style=\"color: #000000\"><span style=\"font-family: Times, serif\"><b> inserendo il <\/b><\/span><\/span><\/strong><strong><span style=\"color: #ff0000\"><span style=\"font-family: Times, serif\"><b>CF : 96498910585<\/b><\/span><\/span><\/strong><strong><span style=\"color: #000000\"><span style=\"font-family: Times, serif\"><b> riquadro Enti Terzo Settore e Aps per finanziare futuri progetti fotografici a ricaduta sociale <\/b><\/span><\/span><\/strong><\/span><\/p>\n<p>&nbsp;<\/p>\n<figure id=\"attachment_34093\" aria-describedby=\"caption-attachment-34093\" style=\"width: 774px\" class=\"wp-caption alignnone\"><img loading=\"lazy\" decoding=\"async\" class=\" wp-image-34093\" src=\"https:\/\/www.romaoggi.eu\/wp-content\/uploads\/2022\/11\/IMG_6178-300x200.jpg\" alt=\"alt tag marcia della pace\" width=\"774\" height=\"516\" srcset=\"https:\/\/www.romaoggi.eu\/wp-content\/uploads\/2022\/11\/IMG_6178-300x200.jpg 300w, https:\/\/www.romaoggi.eu\/wp-content\/uploads\/2022\/11\/IMG_6178.jpg 1020w\" sizes=\"auto, (max-width: 774px) 100vw, 774px\" \/><figcaption id=\"caption-attachment-34093\" class=\"wp-caption-text\"><strong>Marcia della Pace. Roma 5 novembre 2022 \u00a9 Fabrizio Casagrande &#8211; Target Lab Ets<\/strong><\/figcaption><\/figure>\n<figure id=\"attachment_34090\" aria-describedby=\"caption-attachment-34090\" style=\"width: 801px\" class=\"wp-caption alignnone\"><img loading=\"lazy\" decoding=\"async\" class=\" wp-image-34090\" src=\"https:\/\/www.romaoggi.eu\/wp-content\/uploads\/2022\/11\/IMG_6348-300x200.jpg\" alt=\"alt tag marcia della pace\" width=\"801\" height=\"534\" srcset=\"https:\/\/www.romaoggi.eu\/wp-content\/uploads\/2022\/11\/IMG_6348-300x200.jpg 300w, https:\/\/www.romaoggi.eu\/wp-content\/uploads\/2022\/11\/IMG_6348.jpg 1020w\" sizes=\"auto, (max-width: 801px) 100vw, 801px\" \/><figcaption id=\"caption-attachment-34090\" class=\"wp-caption-text\"><strong>Marcia della Pace. Roma 5 novembre 2022 \u00a9 Fabrizio Casagrande &#8211; Target Lab Ets<\/strong><\/figcaption><\/figure>\n<figure id=\"attachment_34089\" aria-describedby=\"caption-attachment-34089\" style=\"width: 827px\" class=\"wp-caption alignnone\"><img loading=\"lazy\" decoding=\"async\" class=\" wp-image-34089\" src=\"https:\/\/www.romaoggi.eu\/wp-content\/uploads\/2022\/11\/IMG_6399-300x200.jpg\" alt=\"alt tag marcia della pace\" width=\"827\" height=\"551\" srcset=\"https:\/\/www.romaoggi.eu\/wp-content\/uploads\/2022\/11\/IMG_6399-300x200.jpg 300w, https:\/\/www.romaoggi.eu\/wp-content\/uploads\/2022\/11\/IMG_6399.jpg 1020w\" sizes=\"auto, (max-width: 827px) 100vw, 827px\" \/><figcaption id=\"caption-attachment-34089\" class=\"wp-caption-text\"><strong>Marcia della Pace. Roma 5 novembre 2022 \u00a9 Fabrizio Casagrande &#8211; Target Lab Ets<\/strong><\/figcaption><\/figure>\n<figure id=\"attachment_34088\" aria-describedby=\"caption-attachment-34088\" style=\"width: 761px\" class=\"wp-caption alignnone\"><img loading=\"lazy\" decoding=\"async\" class=\" wp-image-34088\" src=\"https:\/\/www.romaoggi.eu\/wp-content\/uploads\/2022\/11\/IMG_6405-300x200.jpg\" alt=\"alt tag marcia della pace\" width=\"761\" height=\"507\" srcset=\"https:\/\/www.romaoggi.eu\/wp-content\/uploads\/2022\/11\/IMG_6405-300x200.jpg 300w, https:\/\/www.romaoggi.eu\/wp-content\/uploads\/2022\/11\/IMG_6405.jpg 1020w\" sizes=\"auto, (max-width: 761px) 100vw, 761px\" \/><figcaption id=\"caption-attachment-34088\" class=\"wp-caption-text\"><strong>Marcia della Pace. Roma 5 novembre 2022 \u00a9 Fabrizio Casagrande &#8211; Target Lab Ets<\/strong><\/figcaption><\/figure>\n<figure id=\"attachment_34086\" aria-describedby=\"caption-attachment-34086\" style=\"width: 776px\" class=\"wp-caption alignnone\"><img loading=\"lazy\" decoding=\"async\" class=\" wp-image-34086\" src=\"https:\/\/www.romaoggi.eu\/wp-content\/uploads\/2022\/11\/IMG_6464-300x200.jpg\" alt=\"alt tag marcia della pace\" width=\"776\" height=\"517\" srcset=\"https:\/\/www.romaoggi.eu\/wp-content\/uploads\/2022\/11\/IMG_6464-300x200.jpg 300w, https:\/\/www.romaoggi.eu\/wp-content\/uploads\/2022\/11\/IMG_6464.jpg 1020w\" sizes=\"auto, (max-width: 776px) 100vw, 776px\" \/><figcaption id=\"caption-attachment-34086\" class=\"wp-caption-text\"><strong>Marcia della Pace. Roma 5 novembre 2022 \u00a9 Fabrizio Casagrande &#8211; Target Lab Ets<\/strong><\/figcaption><\/figure>\n<figure id=\"attachment_34084\" aria-describedby=\"caption-attachment-34084\" style=\"width: 855px\" class=\"wp-caption alignnone\"><img loading=\"lazy\" decoding=\"async\" class=\" wp-image-34084\" src=\"https:\/\/www.romaoggi.eu\/wp-content\/uploads\/2022\/11\/IMG_6501-300x200.jpg\" alt=\"alt tag marcia della pace\" width=\"855\" height=\"570\" srcset=\"https:\/\/www.romaoggi.eu\/wp-content\/uploads\/2022\/11\/IMG_6501-300x200.jpg 300w, https:\/\/www.romaoggi.eu\/wp-content\/uploads\/2022\/11\/IMG_6501.jpg 1021w\" sizes=\"auto, (max-width: 855px) 100vw, 855px\" \/><figcaption id=\"caption-attachment-34084\" class=\"wp-caption-text\"><strong>Marcia della Pace. Roma 5 novembre 2022 \u00a9 Fabrizio Casagrande &#8211; Target Lab Ets<\/strong><\/figcaption><\/figure>\n<figure id=\"attachment_34081\" aria-describedby=\"caption-attachment-34081\" style=\"width: 776px\" class=\"wp-caption alignnone\"><img loading=\"lazy\" decoding=\"async\" class=\" wp-image-34081\" src=\"https:\/\/www.romaoggi.eu\/wp-content\/uploads\/2022\/11\/IMG_6582-300x200.jpg\" alt=\"alt tag marcia della pace\" width=\"776\" height=\"517\" srcset=\"https:\/\/www.romaoggi.eu\/wp-content\/uploads\/2022\/11\/IMG_6582-300x200.jpg 300w, https:\/\/www.romaoggi.eu\/wp-content\/uploads\/2022\/11\/IMG_6582.jpg 1020w\" sizes=\"auto, (max-width: 776px) 100vw, 776px\" \/><figcaption id=\"caption-attachment-34081\" class=\"wp-caption-text\"><strong>Marcia della Pace. Roma 5 novembre 2022 \u00a9 Fabrizio Casagrande &#8211; Target Lab Ets<\/strong><\/figcaption><\/figure>\n<figure id=\"attachment_34080\" aria-describedby=\"caption-attachment-34080\" style=\"width: 881px\" class=\"wp-caption alignnone\"><img loading=\"lazy\" decoding=\"async\" class=\" wp-image-34080\" src=\"https:\/\/www.romaoggi.eu\/wp-content\/uploads\/2022\/11\/IMG_6595-300x200.jpg\" alt=\"alt tag marcia della pace\" width=\"881\" height=\"587\" srcset=\"https:\/\/www.romaoggi.eu\/wp-content\/uploads\/2022\/11\/IMG_6595-300x200.jpg 300w, https:\/\/www.romaoggi.eu\/wp-content\/uploads\/2022\/11\/IMG_6595.jpg 1020w\" sizes=\"auto, (max-width: 881px) 100vw, 881px\" \/><figcaption id=\"caption-attachment-34080\" class=\"wp-caption-text\"><strong>Marcia della Pace. Roma 5 novembre 2022 \u00a9 Fabrizio Casagrande &#8211; Target Lab Ets<\/strong><\/figcaption><\/figure>\n<figure id=\"attachment_34077\" aria-describedby=\"caption-attachment-34077\" style=\"width: 810px\" class=\"wp-caption alignnone\"><img loading=\"lazy\" decoding=\"async\" class=\" wp-image-34077\" src=\"https:\/\/www.romaoggi.eu\/wp-content\/uploads\/2022\/11\/IMG_6670-300x200.jpg\" alt=\"alt tag marcia della pace\" width=\"810\" height=\"540\" srcset=\"https:\/\/www.romaoggi.eu\/wp-content\/uploads\/2022\/11\/IMG_6670-300x200.jpg 300w, https:\/\/www.romaoggi.eu\/wp-content\/uploads\/2022\/11\/IMG_6670.jpg 1020w\" sizes=\"auto, (max-width: 810px) 100vw, 810px\" \/><figcaption id=\"caption-attachment-34077\" class=\"wp-caption-text\"><strong>Marcia della Pace. Roma 5 novembre 2022 \u00a9 Fabrizio Casagrande &#8211; Target Lab Ets<\/strong><\/figcaption><\/figure>\n<figure id=\"attachment_34076\" aria-describedby=\"caption-attachment-34076\" style=\"width: 801px\" class=\"wp-caption alignnone\"><img loading=\"lazy\" decoding=\"async\" class=\" wp-image-34076\" src=\"https:\/\/www.romaoggi.eu\/wp-content\/uploads\/2022\/11\/IMG_6743-300x200.jpg\" alt=\"alt tag marcia della pace\" width=\"801\" height=\"534\" srcset=\"https:\/\/www.romaoggi.eu\/wp-content\/uploads\/2022\/11\/IMG_6743-300x200.jpg 300w, https:\/\/www.romaoggi.eu\/wp-content\/uploads\/2022\/11\/IMG_6743.jpg 1020w\" sizes=\"auto, (max-width: 801px) 100vw, 801px\" \/><figcaption id=\"caption-attachment-34076\" class=\"wp-caption-text\"><strong>Marcia della Pace. Roma 5 novembre 2022 \u00a9 Fabrizio Casagrande &#8211; Target Lab Ets<\/strong><\/figcaption><\/figure>\n<figure id=\"attachment_34075\" aria-describedby=\"caption-attachment-34075\" style=\"width: 815px\" class=\"wp-caption alignnone\"><img loading=\"lazy\" decoding=\"async\" class=\" wp-image-34075\" src=\"https:\/\/www.romaoggi.eu\/wp-content\/uploads\/2022\/11\/IMG_6755-300x200.jpg\" alt=\"alt tag marcia della pace\" width=\"815\" height=\"543\" srcset=\"https:\/\/www.romaoggi.eu\/wp-content\/uploads\/2022\/11\/IMG_6755-300x200.jpg 300w, https:\/\/www.romaoggi.eu\/wp-content\/uploads\/2022\/11\/IMG_6755.jpg 1020w\" sizes=\"auto, (max-width: 815px) 100vw, 815px\" \/><figcaption id=\"caption-attachment-34075\" class=\"wp-caption-text\"><strong>Marcia della Pace. Roma 5 novembre 2022 \u00a9 Fabrizio Casagrande &#8211; Target Lab Ets<\/strong><\/figcaption><\/figure>\n<figure id=\"attachment_34072\" aria-describedby=\"caption-attachment-34072\" style=\"width: 809px\" class=\"wp-caption alignnone\"><img loading=\"lazy\" decoding=\"async\" class=\" wp-image-34072\" src=\"https:\/\/www.romaoggi.eu\/wp-content\/uploads\/2022\/11\/IMG_6797-300x200.jpg\" alt=\"alt tag marcia della pace\" width=\"809\" height=\"539\" srcset=\"https:\/\/www.romaoggi.eu\/wp-content\/uploads\/2022\/11\/IMG_6797-300x200.jpg 300w, https:\/\/www.romaoggi.eu\/wp-content\/uploads\/2022\/11\/IMG_6797.jpg 1020w\" sizes=\"auto, (max-width: 809px) 100vw, 809px\" \/><figcaption id=\"caption-attachment-34072\" class=\"wp-caption-text\"><strong>Marcia della Pace. Roma 5 novembre 2022 \u00a9 Fabrizio Casagrande &#8211; Target Lab Ets<\/strong><\/figcaption><\/figure>\n<figure id=\"attachment_34073\" aria-describedby=\"caption-attachment-34073\" style=\"width: 776px\" class=\"wp-caption alignnone\"><img loading=\"lazy\" decoding=\"async\" class=\" wp-image-34073\" src=\"https:\/\/www.romaoggi.eu\/wp-content\/uploads\/2022\/11\/IMG_6779-300x200.jpg\" alt=\"alt tag marcia della pace\" width=\"776\" height=\"517\" srcset=\"https:\/\/www.romaoggi.eu\/wp-content\/uploads\/2022\/11\/IMG_6779-300x200.jpg 300w, https:\/\/www.romaoggi.eu\/wp-content\/uploads\/2022\/11\/IMG_6779.jpg 1020w\" sizes=\"auto, (max-width: 776px) 100vw, 776px\" \/><figcaption id=\"caption-attachment-34073\" class=\"wp-caption-text\"><strong>Marcia della Pace. Roma 5 novembre 2022 \u00a9 Fabrizio Casagrande &#8211; Target Lab Ets<\/strong><\/figcaption><\/figure>\n<figure id=\"attachment_34074\" aria-describedby=\"caption-attachment-34074\" style=\"width: 858px\" class=\"wp-caption alignnone\"><img loading=\"lazy\" decoding=\"async\" class=\" wp-image-34074\" src=\"https:\/\/www.romaoggi.eu\/wp-content\/uploads\/2022\/11\/IMG_6772-300x200.jpg\" alt=\"alt tag marcia della pace\" width=\"858\" height=\"572\" srcset=\"https:\/\/www.romaoggi.eu\/wp-content\/uploads\/2022\/11\/IMG_6772-300x200.jpg 300w, https:\/\/www.romaoggi.eu\/wp-content\/uploads\/2022\/11\/IMG_6772.jpg 1020w\" sizes=\"auto, (max-width: 858px) 100vw, 858px\" \/><figcaption id=\"caption-attachment-34074\" class=\"wp-caption-text\"><strong>Marcia della Pace. Roma 5 novembre 2022 \u00a9 Fabrizio Casagrande &#8211; Target Lab Ets<\/strong><\/figcaption><\/figure>\n<figure id=\"attachment_34070\" aria-describedby=\"caption-attachment-34070\" style=\"width: 902px\" class=\"wp-caption alignnone\"><img loading=\"lazy\" decoding=\"async\" class=\" wp-image-34070\" src=\"https:\/\/www.romaoggi.eu\/wp-content\/uploads\/2022\/11\/IMG_6890-300x200.jpg\" alt=\"alt tag marcia della pace\" width=\"902\" height=\"601\" srcset=\"https:\/\/www.romaoggi.eu\/wp-content\/uploads\/2022\/11\/IMG_6890-300x200.jpg 300w, https:\/\/www.romaoggi.eu\/wp-content\/uploads\/2022\/11\/IMG_6890.jpg 1020w\" sizes=\"auto, (max-width: 902px) 100vw, 902px\" \/><figcaption id=\"caption-attachment-34070\" class=\"wp-caption-text\"><strong>Marcia della Pace. Roma 5 novembre 2022 \u00a9 Fabrizio Casagrande &#8211; Target Lab Ets<\/strong><\/figcaption><\/figure>\n","protected":false},"excerpt":{"rendered":"<div class=\"mh-excerpt\"><p>LA MARCIA PER LA PACE\u2026la marcia di tante anime unite in un solo corpo Erano tanti ieri a Roma quelli che hanno deciso di esserci, quelli che hanno voluto esprimere con un gesto concreto il <a class=\"mh-excerpt-more\" href=\"https:\/\/www.romaoggi.eu\/index.php\/2022\/11\/07\/marcia-per-la-pace-volti-e-rumors-a-cura-di-fabrizio-casagrande-target-lab-ets\/\" title=\"Marcia per la Pace. Volti e rumors&#8230;a cura di Fabrizio Casagrande &#8211; Target Lab Ets\">[&#8230;]<\/a><\/p>\n<\/div>","protected":false},"author":17,"featured_media":34094,"comment_status":"closed","ping_status":"open","sticky":false,"template":"","format":"standard","meta":{"_sitemap_exclude":false,"_sitemap_priority":"","_sitemap_frequency":"","footnotes":""},"categories":[8172],"tags":[16357,16553,16554,109,15567],"class_list":["post-34066","post","type-post","status-publish","format-standard","has-post-thumbnail","hentry","category-reportage","tag-fabrizio-casagrande","tag-marcia-della-pace","tag-no-alla-guerra","tag-roma","tag-target-lab-ets"],"yoast_head":"<!-- This site is optimized with the Yoast SEO plugin v27.5 - https:\/\/yoast.com\/product\/yoast-seo-wordpress\/ -->\n<title>Marcia per la Pace. Volti e rumors...a cura di Fabrizio Casagrande - Target Lab Ets<\/title>\n<meta name=\"description\" content=\"LA MARCIA PER LA PACE\u2026la marcia di tante anime unite in un solo corpo Erano tanti ieri a Roma quelli che hanno deciso di esserci, quelli che hanno voluto\" \/>\n<meta name=\"robots\" content=\"index, follow, max-snippet:-1, max-image-preview:large, max-video-preview:-1\" \/>\n<link rel=\"canonical\" href=\"https:\/\/www.romaoggi.eu\/index.php\/2022\/11\/07\/marcia-per-la-pace-volti-e-rumors-a-cura-di-fabrizio-casagrande-target-lab-ets\/\" \/>\n<meta property=\"og:locale\" content=\"it_IT\" \/>\n<meta property=\"og:type\" content=\"article\" \/>\n<meta property=\"og:title\" content=\"Marcia per la Pace. Volti e rumors...a cura di Fabrizio Casagrande - Target Lab Ets\" \/>\n<meta property=\"og:description\" content=\"LA MARCIA PER LA PACE\u2026la marcia di tante anime unite in un solo corpo Erano tanti ieri a Roma quelli che hanno deciso di esserci, quelli che hanno voluto\" \/>\n<meta property=\"og:url\" content=\"https:\/\/www.romaoggi.eu\/index.php\/2022\/11\/07\/marcia-per-la-pace-volti-e-rumors-a-cura-di-fabrizio-casagrande-target-lab-ets\/\" \/>\n<meta property=\"og:site_name\" content=\"roma oggi\" \/>\n<meta property=\"article:publisher\" content=\"https:\/\/www.facebook.com\/RomaOggi-841544845954114\" \/>\n<meta property=\"article:published_time\" content=\"2022-11-07T06:00:04+00:00\" \/>\n<meta property=\"article:modified_time\" content=\"2022-11-11T06:29:51+00:00\" \/>\n<meta property=\"og:image\" content=\"https:\/\/www.romaoggi.eu\/wp-content\/uploads\/2022\/11\/IMG_6141.jpg\" \/>\n\t<meta property=\"og:image:width\" content=\"1020\" \/>\n\t<meta property=\"og:image:height\" content=\"680\" \/>\n\t<meta property=\"og:image:type\" content=\"image\/jpeg\" \/>\n<meta name=\"author\" content=\"Target Lab Ets\" \/>\n<meta name=\"twitter:card\" content=\"summary_large_image\" \/>\n<meta name=\"twitter:creator\" content=\"@romaoggi_eu\" \/>\n<meta name=\"twitter:site\" content=\"@romaoggi_eu\" \/>\n<meta name=\"twitter:label1\" content=\"Scritto da\" \/>\n\t<meta name=\"twitter:data1\" content=\"Target Lab Ets\" \/>\n\t<meta name=\"twitter:label2\" content=\"Tempo di lettura stimato\" \/>\n\t<meta name=\"twitter:data2\" content=\"7 minuti\" \/>\n<script type=\"application\/ld+json\" class=\"yoast-schema-graph\">{\"@context\":\"https:\\\/\\\/schema.org\",\"@graph\":[{\"@type\":\"Article\",\"@id\":\"https:\\\/\\\/www.romaoggi.eu\\\/index.php\\\/2022\\\/11\\\/07\\\/marcia-per-la-pace-volti-e-rumors-a-cura-di-fabrizio-casagrande-target-lab-ets\\\/#article\",\"isPartOf\":{\"@id\":\"https:\\\/\\\/www.romaoggi.eu\\\/index.php\\\/2022\\\/11\\\/07\\\/marcia-per-la-pace-volti-e-rumors-a-cura-di-fabrizio-casagrande-target-lab-ets\\\/\"},\"author\":{\"name\":\"Target Lab Ets\",\"@id\":\"https:\\\/\\\/www.romaoggi.eu\\\/#\\\/schema\\\/person\\\/72b8cfc6de60caeb335267c8e21d90fb\"},\"headline\":\"Marcia per la Pace. Volti e rumors&#8230;a cura di Fabrizio Casagrande &#8211; Target Lab Ets\",\"datePublished\":\"2022-11-07T06:00:04+00:00\",\"dateModified\":\"2022-11-11T06:29:51+00:00\",\"mainEntityOfPage\":{\"@id\":\"https:\\\/\\\/www.romaoggi.eu\\\/index.php\\\/2022\\\/11\\\/07\\\/marcia-per-la-pace-volti-e-rumors-a-cura-di-fabrizio-casagrande-target-lab-ets\\\/\"},\"wordCount\":704,\"publisher\":{\"@id\":\"https:\\\/\\\/www.romaoggi.eu\\\/#organization\"},\"image\":{\"@id\":\"https:\\\/\\\/www.romaoggi.eu\\\/index.php\\\/2022\\\/11\\\/07\\\/marcia-per-la-pace-volti-e-rumors-a-cura-di-fabrizio-casagrande-target-lab-ets\\\/#primaryimage\"},\"thumbnailUrl\":\"https:\\\/\\\/www.romaoggi.eu\\\/wp-content\\\/uploads\\\/2022\\\/11\\\/IMG_6141.jpg\",\"keywords\":[\"fabrizio casagrande\",\"marcia della pace\",\"no alla guerra\",\"roma\",\"target lab ets\"],\"articleSection\":[\"Reportage\"],\"inLanguage\":\"it-IT\"},{\"@type\":\"WebPage\",\"@id\":\"https:\\\/\\\/www.romaoggi.eu\\\/index.php\\\/2022\\\/11\\\/07\\\/marcia-per-la-pace-volti-e-rumors-a-cura-di-fabrizio-casagrande-target-lab-ets\\\/\",\"url\":\"https:\\\/\\\/www.romaoggi.eu\\\/index.php\\\/2022\\\/11\\\/07\\\/marcia-per-la-pace-volti-e-rumors-a-cura-di-fabrizio-casagrande-target-lab-ets\\\/\",\"name\":\"Marcia per la Pace. Volti e rumors...a cura di Fabrizio Casagrande - Target Lab Ets\",\"isPartOf\":{\"@id\":\"https:\\\/\\\/www.romaoggi.eu\\\/#website\"},\"primaryImageOfPage\":{\"@id\":\"https:\\\/\\\/www.romaoggi.eu\\\/index.php\\\/2022\\\/11\\\/07\\\/marcia-per-la-pace-volti-e-rumors-a-cura-di-fabrizio-casagrande-target-lab-ets\\\/#primaryimage\"},\"image\":{\"@id\":\"https:\\\/\\\/www.romaoggi.eu\\\/index.php\\\/2022\\\/11\\\/07\\\/marcia-per-la-pace-volti-e-rumors-a-cura-di-fabrizio-casagrande-target-lab-ets\\\/#primaryimage\"},\"thumbnailUrl\":\"https:\\\/\\\/www.romaoggi.eu\\\/wp-content\\\/uploads\\\/2022\\\/11\\\/IMG_6141.jpg\",\"datePublished\":\"2022-11-07T06:00:04+00:00\",\"dateModified\":\"2022-11-11T06:29:51+00:00\",\"description\":\"LA MARCIA PER LA PACE\u2026la marcia di tante anime unite in un solo corpo Erano tanti ieri a Roma quelli che hanno deciso di esserci, quelli che hanno voluto\",\"breadcrumb\":{\"@id\":\"https:\\\/\\\/www.romaoggi.eu\\\/index.php\\\/2022\\\/11\\\/07\\\/marcia-per-la-pace-volti-e-rumors-a-cura-di-fabrizio-casagrande-target-lab-ets\\\/#breadcrumb\"},\"inLanguage\":\"it-IT\",\"potentialAction\":[{\"@type\":\"ReadAction\",\"target\":[\"https:\\\/\\\/www.romaoggi.eu\\\/index.php\\\/2022\\\/11\\\/07\\\/marcia-per-la-pace-volti-e-rumors-a-cura-di-fabrizio-casagrande-target-lab-ets\\\/\"]}]},{\"@type\":\"ImageObject\",\"inLanguage\":\"it-IT\",\"@id\":\"https:\\\/\\\/www.romaoggi.eu\\\/index.php\\\/2022\\\/11\\\/07\\\/marcia-per-la-pace-volti-e-rumors-a-cura-di-fabrizio-casagrande-target-lab-ets\\\/#primaryimage\",\"url\":\"https:\\\/\\\/www.romaoggi.eu\\\/wp-content\\\/uploads\\\/2022\\\/11\\\/IMG_6141.jpg\",\"contentUrl\":\"https:\\\/\\\/www.romaoggi.eu\\\/wp-content\\\/uploads\\\/2022\\\/11\\\/IMG_6141.jpg\",\"width\":1020,\"height\":680,\"caption\":\"Marcia della Pace. Roma 5 novembre 2022 \u00a9 Fabrizio Casagrande - Target Lab Ets\"},{\"@type\":\"BreadcrumbList\",\"@id\":\"https:\\\/\\\/www.romaoggi.eu\\\/index.php\\\/2022\\\/11\\\/07\\\/marcia-per-la-pace-volti-e-rumors-a-cura-di-fabrizio-casagrande-target-lab-ets\\\/#breadcrumb\",\"itemListElement\":[{\"@type\":\"ListItem\",\"position\":1,\"name\":\"Home\",\"item\":\"https:\\\/\\\/www.romaoggi.eu\\\/\"},{\"@type\":\"ListItem\",\"position\":2,\"name\":\"Marcia per la Pace. Volti e rumors&#8230;a cura di Fabrizio Casagrande &#8211; Target Lab Ets\"}]},{\"@type\":\"WebSite\",\"@id\":\"https:\\\/\\\/www.romaoggi.eu\\\/#website\",\"url\":\"https:\\\/\\\/www.romaoggi.eu\\\/\",\"name\":\"roma oggi\",\"description\":\"Interesting News for Interesting people\",\"publisher\":{\"@id\":\"https:\\\/\\\/www.romaoggi.eu\\\/#organization\"},\"potentialAction\":[{\"@type\":\"SearchAction\",\"target\":{\"@type\":\"EntryPoint\",\"urlTemplate\":\"https:\\\/\\\/www.romaoggi.eu\\\/?s={search_term_string}\"},\"query-input\":{\"@type\":\"PropertyValueSpecification\",\"valueRequired\":true,\"valueName\":\"search_term_string\"}}],\"inLanguage\":\"it-IT\"},{\"@type\":\"Organization\",\"@id\":\"https:\\\/\\\/www.romaoggi.eu\\\/#organization\",\"name\":\"RomaOggi\",\"url\":\"https:\\\/\\\/www.romaoggi.eu\\\/\",\"logo\":{\"@type\":\"ImageObject\",\"inLanguage\":\"it-IT\",\"@id\":\"https:\\\/\\\/www.romaoggi.eu\\\/#\\\/schema\\\/logo\\\/image\\\/\",\"url\":\"https:\\\/\\\/www.romaoggi.eu\\\/wp-content\\\/uploads\\\/2017\\\/04\\\/logowp.jpg\",\"contentUrl\":\"https:\\\/\\\/www.romaoggi.eu\\\/wp-content\\\/uploads\\\/2017\\\/04\\\/logowp.jpg\",\"width\":300,\"height\":133,\"caption\":\"RomaOggi\"},\"image\":{\"@id\":\"https:\\\/\\\/www.romaoggi.eu\\\/#\\\/schema\\\/logo\\\/image\\\/\"},\"sameAs\":[\"https:\\\/\\\/www.facebook.com\\\/RomaOggi-841544845954114\",\"https:\\\/\\\/x.com\\\/romaoggi_eu\"]},{\"@type\":\"Person\",\"@id\":\"https:\\\/\\\/www.romaoggi.eu\\\/#\\\/schema\\\/person\\\/72b8cfc6de60caeb335267c8e21d90fb\",\"name\":\"Target Lab Ets\",\"image\":{\"@type\":\"ImageObject\",\"inLanguage\":\"it-IT\",\"@id\":\"https:\\\/\\\/secure.gravatar.com\\\/avatar\\\/ab64fd266889a629b0e9e6ab56209e379c2a89cfda303941ee9621d4090292d1?s=96&d=mm&r=g\",\"url\":\"https:\\\/\\\/secure.gravatar.com\\\/avatar\\\/ab64fd266889a629b0e9e6ab56209e379c2a89cfda303941ee9621d4090292d1?s=96&d=mm&r=g\",\"contentUrl\":\"https:\\\/\\\/secure.gravatar.com\\\/avatar\\\/ab64fd266889a629b0e9e6ab56209e379c2a89cfda303941ee9621d4090292d1?s=96&d=mm&r=g\",\"caption\":\"Target Lab Ets\"},\"sameAs\":[\"http:\\\/\\\/www.targetlab.org\"],\"url\":\"https:\\\/\\\/www.romaoggi.eu\\\/index.php\\\/author\\\/isfc\\\/\"}]}<\/script>\n<!-- \/ Yoast SEO plugin. -->","yoast_head_json":{"title":"Marcia per la Pace. Volti e rumors...a cura di Fabrizio Casagrande - Target Lab Ets","description":"LA MARCIA PER LA PACE\u2026la marcia di tante anime unite in un solo corpo Erano tanti ieri a Roma quelli che hanno deciso di esserci, quelli che hanno voluto","robots":{"index":"index","follow":"follow","max-snippet":"max-snippet:-1","max-image-preview":"max-image-preview:large","max-video-preview":"max-video-preview:-1"},"canonical":"https:\/\/www.romaoggi.eu\/index.php\/2022\/11\/07\/marcia-per-la-pace-volti-e-rumors-a-cura-di-fabrizio-casagrande-target-lab-ets\/","og_locale":"it_IT","og_type":"article","og_title":"Marcia per la Pace. Volti e rumors...a cura di Fabrizio Casagrande - Target Lab Ets","og_description":"LA MARCIA PER LA PACE\u2026la marcia di tante anime unite in un solo corpo Erano tanti ieri a Roma quelli che hanno deciso di esserci, quelli che hanno voluto","og_url":"https:\/\/www.romaoggi.eu\/index.php\/2022\/11\/07\/marcia-per-la-pace-volti-e-rumors-a-cura-di-fabrizio-casagrande-target-lab-ets\/","og_site_name":"roma oggi","article_publisher":"https:\/\/www.facebook.com\/RomaOggi-841544845954114","article_published_time":"2022-11-07T06:00:04+00:00","article_modified_time":"2022-11-11T06:29:51+00:00","og_image":[{"width":1020,"height":680,"url":"https:\/\/www.romaoggi.eu\/wp-content\/uploads\/2022\/11\/IMG_6141.jpg","type":"image\/jpeg"}],"author":"Target Lab Ets","twitter_card":"summary_large_image","twitter_creator":"@romaoggi_eu","twitter_site":"@romaoggi_eu","twitter_misc":{"Scritto da":"Target Lab Ets","Tempo di lettura stimato":"7 minuti"},"schema":{"@context":"https:\/\/schema.org","@graph":[{"@type":"Article","@id":"https:\/\/www.romaoggi.eu\/index.php\/2022\/11\/07\/marcia-per-la-pace-volti-e-rumors-a-cura-di-fabrizio-casagrande-target-lab-ets\/#article","isPartOf":{"@id":"https:\/\/www.romaoggi.eu\/index.php\/2022\/11\/07\/marcia-per-la-pace-volti-e-rumors-a-cura-di-fabrizio-casagrande-target-lab-ets\/"},"author":{"name":"Target Lab Ets","@id":"https:\/\/www.romaoggi.eu\/#\/schema\/person\/72b8cfc6de60caeb335267c8e21d90fb"},"headline":"Marcia per la Pace. Volti e rumors&#8230;a cura di Fabrizio Casagrande &#8211; Target Lab Ets","datePublished":"2022-11-07T06:00:04+00:00","dateModified":"2022-11-11T06:29:51+00:00","mainEntityOfPage":{"@id":"https:\/\/www.romaoggi.eu\/index.php\/2022\/11\/07\/marcia-per-la-pace-volti-e-rumors-a-cura-di-fabrizio-casagrande-target-lab-ets\/"},"wordCount":704,"publisher":{"@id":"https:\/\/www.romaoggi.eu\/#organization"},"image":{"@id":"https:\/\/www.romaoggi.eu\/index.php\/2022\/11\/07\/marcia-per-la-pace-volti-e-rumors-a-cura-di-fabrizio-casagrande-target-lab-ets\/#primaryimage"},"thumbnailUrl":"https:\/\/www.romaoggi.eu\/wp-content\/uploads\/2022\/11\/IMG_6141.jpg","keywords":["fabrizio casagrande","marcia della pace","no alla guerra","roma","target lab ets"],"articleSection":["Reportage"],"inLanguage":"it-IT"},{"@type":"WebPage","@id":"https:\/\/www.romaoggi.eu\/index.php\/2022\/11\/07\/marcia-per-la-pace-volti-e-rumors-a-cura-di-fabrizio-casagrande-target-lab-ets\/","url":"https:\/\/www.romaoggi.eu\/index.php\/2022\/11\/07\/marcia-per-la-pace-volti-e-rumors-a-cura-di-fabrizio-casagrande-target-lab-ets\/","name":"Marcia per la Pace. Volti e rumors...a cura di Fabrizio Casagrande - Target Lab Ets","isPartOf":{"@id":"https:\/\/www.romaoggi.eu\/#website"},"primaryImageOfPage":{"@id":"https:\/\/www.romaoggi.eu\/index.php\/2022\/11\/07\/marcia-per-la-pace-volti-e-rumors-a-cura-di-fabrizio-casagrande-target-lab-ets\/#primaryimage"},"image":{"@id":"https:\/\/www.romaoggi.eu\/index.php\/2022\/11\/07\/marcia-per-la-pace-volti-e-rumors-a-cura-di-fabrizio-casagrande-target-lab-ets\/#primaryimage"},"thumbnailUrl":"https:\/\/www.romaoggi.eu\/wp-content\/uploads\/2022\/11\/IMG_6141.jpg","datePublished":"2022-11-07T06:00:04+00:00","dateModified":"2022-11-11T06:29:51+00:00","description":"LA MARCIA PER LA PACE\u2026la marcia di tante anime unite in un solo corpo Erano tanti ieri a Roma quelli che hanno deciso di esserci, quelli che hanno voluto","breadcrumb":{"@id":"https:\/\/www.romaoggi.eu\/index.php\/2022\/11\/07\/marcia-per-la-pace-volti-e-rumors-a-cura-di-fabrizio-casagrande-target-lab-ets\/#breadcrumb"},"inLanguage":"it-IT","potentialAction":[{"@type":"ReadAction","target":["https:\/\/www.romaoggi.eu\/index.php\/2022\/11\/07\/marcia-per-la-pace-volti-e-rumors-a-cura-di-fabrizio-casagrande-target-lab-ets\/"]}]},{"@type":"ImageObject","inLanguage":"it-IT","@id":"https:\/\/www.romaoggi.eu\/index.php\/2022\/11\/07\/marcia-per-la-pace-volti-e-rumors-a-cura-di-fabrizio-casagrande-target-lab-ets\/#primaryimage","url":"https:\/\/www.romaoggi.eu\/wp-content\/uploads\/2022\/11\/IMG_6141.jpg","contentUrl":"https:\/\/www.romaoggi.eu\/wp-content\/uploads\/2022\/11\/IMG_6141.jpg","width":1020,"height":680,"caption":"Marcia della Pace. Roma 5 novembre 2022 \u00a9 Fabrizio Casagrande - Target Lab Ets"},{"@type":"BreadcrumbList","@id":"https:\/\/www.romaoggi.eu\/index.php\/2022\/11\/07\/marcia-per-la-pace-volti-e-rumors-a-cura-di-fabrizio-casagrande-target-lab-ets\/#breadcrumb","itemListElement":[{"@type":"ListItem","position":1,"name":"Home","item":"https:\/\/www.romaoggi.eu\/"},{"@type":"ListItem","position":2,"name":"Marcia per la Pace. Volti e rumors&#8230;a cura di Fabrizio Casagrande &#8211; Target Lab Ets"}]},{"@type":"WebSite","@id":"https:\/\/www.romaoggi.eu\/#website","url":"https:\/\/www.romaoggi.eu\/","name":"roma oggi","description":"Interesting News for Interesting people","publisher":{"@id":"https:\/\/www.romaoggi.eu\/#organization"},"potentialAction":[{"@type":"SearchAction","target":{"@type":"EntryPoint","urlTemplate":"https:\/\/www.romaoggi.eu\/?s={search_term_string}"},"query-input":{"@type":"PropertyValueSpecification","valueRequired":true,"valueName":"search_term_string"}}],"inLanguage":"it-IT"},{"@type":"Organization","@id":"https:\/\/www.romaoggi.eu\/#organization","name":"RomaOggi","url":"https:\/\/www.romaoggi.eu\/","logo":{"@type":"ImageObject","inLanguage":"it-IT","@id":"https:\/\/www.romaoggi.eu\/#\/schema\/logo\/image\/","url":"https:\/\/www.romaoggi.eu\/wp-content\/uploads\/2017\/04\/logowp.jpg","contentUrl":"https:\/\/www.romaoggi.eu\/wp-content\/uploads\/2017\/04\/logowp.jpg","width":300,"height":133,"caption":"RomaOggi"},"image":{"@id":"https:\/\/www.romaoggi.eu\/#\/schema\/logo\/image\/"},"sameAs":["https:\/\/www.facebook.com\/RomaOggi-841544845954114","https:\/\/x.com\/romaoggi_eu"]},{"@type":"Person","@id":"https:\/\/www.romaoggi.eu\/#\/schema\/person\/72b8cfc6de60caeb335267c8e21d90fb","name":"Target Lab Ets","image":{"@type":"ImageObject","inLanguage":"it-IT","@id":"https:\/\/secure.gravatar.com\/avatar\/ab64fd266889a629b0e9e6ab56209e379c2a89cfda303941ee9621d4090292d1?s=96&d=mm&r=g","url":"https:\/\/secure.gravatar.com\/avatar\/ab64fd266889a629b0e9e6ab56209e379c2a89cfda303941ee9621d4090292d1?s=96&d=mm&r=g","contentUrl":"https:\/\/secure.gravatar.com\/avatar\/ab64fd266889a629b0e9e6ab56209e379c2a89cfda303941ee9621d4090292d1?s=96&d=mm&r=g","caption":"Target Lab Ets"},"sameAs":["http:\/\/www.targetlab.org"],"url":"https:\/\/www.romaoggi.eu\/index.php\/author\/isfc\/"}]}},"_links":{"self":[{"href":"https:\/\/www.romaoggi.eu\/index.php\/wp-json\/wp\/v2\/posts\/34066","targetHints":{"allow":["GET"]}}],"collection":[{"href":"https:\/\/www.romaoggi.eu\/index.php\/wp-json\/wp\/v2\/posts"}],"about":[{"href":"https:\/\/www.romaoggi.eu\/index.php\/wp-json\/wp\/v2\/types\/post"}],"author":[{"embeddable":true,"href":"https:\/\/www.romaoggi.eu\/index.php\/wp-json\/wp\/v2\/users\/17"}],"replies":[{"embeddable":true,"href":"https:\/\/www.romaoggi.eu\/index.php\/wp-json\/wp\/v2\/comments?post=34066"}],"version-history":[{"count":4,"href":"https:\/\/www.romaoggi.eu\/index.php\/wp-json\/wp\/v2\/posts\/34066\/revisions"}],"predecessor-version":[{"id":34127,"href":"https:\/\/www.romaoggi.eu\/index.php\/wp-json\/wp\/v2\/posts\/34066\/revisions\/34127"}],"wp:featuredmedia":[{"embeddable":true,"href":"https:\/\/www.romaoggi.eu\/index.php\/wp-json\/wp\/v2\/media\/34094"}],"wp:attachment":[{"href":"https:\/\/www.romaoggi.eu\/index.php\/wp-json\/wp\/v2\/media?parent=34066"}],"wp:term":[{"taxonomy":"category","embeddable":true,"href":"https:\/\/www.romaoggi.eu\/index.php\/wp-json\/wp\/v2\/categories?post=34066"},{"taxonomy":"post_tag","embeddable":true,"href":"https:\/\/www.romaoggi.eu\/index.php\/wp-json\/wp\/v2\/tags?post=34066"}],"curies":[{"name":"wp","href":"https:\/\/api.w.org\/{rel}","templated":true}]}}