{"id":34456,"date":"2022-12-06T07:19:51","date_gmt":"2022-12-06T06:19:51","guid":{"rendered":"https:\/\/www.romaoggi.eu\/?p=34456"},"modified":"2022-12-06T10:49:49","modified_gmt":"2022-12-06T09:49:49","slug":"pasolini-inattuale-il-nuovo-libro-del-filosofo-giacomo-marramao","status":"publish","type":"post","link":"https:\/\/www.romaoggi.eu\/index.php\/2022\/12\/06\/pasolini-inattuale-il-nuovo-libro-del-filosofo-giacomo-marramao\/","title":{"rendered":"&#8220;Pasolini Inattuale&#8221; il nuovo libro del filosofo Giacomo Marramao"},"content":{"rendered":"<p align=\"CENTER\"><b>Gall&#8217;Art Roma<\/b><\/p>\n<p align=\"CENTER\">Galleria d&#8217;arte contemporanea<\/p>\n<p align=\"CENTER\">Vicolo de&#8217; Bovari 7 (Campo de&#8217; Fiori)<\/p>\n<p align=\"CENTER\"><strong><span style=\"color: #000000\"><span style=\"font-family: Times New Roman, serif\"><span style=\"font-size: medium\">Marted\u00ec 6 dicembre 2022 <\/span><\/span><\/span><\/strong><\/p>\n<h2 align=\"CENTER\"><span style=\"color: #000000\"><span style=\"font-family: Times New Roman, serif\"><span style=\"font-size: medium\"><b>ore 18.00<\/b><\/span><\/span><\/span><\/h2>\n<p align=\"CENTER\"><span style=\"color: #000000\"><span style=\"font-family: Times New Roman, serif\"><span style=\"font-size: medium\">presentazione del libro<\/span><\/span><\/span><\/p>\n<h1 align=\"CENTER\"><strong><span style=\"color: #000000\">\u201c<span style=\"font-family: Times New Roman, serif\"><span style=\"font-size: medium\">Pasolini Inattuale\u201d di Giacomo Marramao ed Mimesis 2022<\/span><\/span><\/span><\/strong><\/h1>\n<p align=\"CENTER\"><span style=\"color: #000000\"><span style=\"font-family: Times New Roman, serif\"><span style=\"font-size: medium\"><strong>con l&#8217;autore Giacomo Marramao<\/strong>, filosofo <\/span><\/span><\/span><\/p>\n<p align=\"CENTER\"><span style=\"color: #000000\"><span style=\"font-family: Times New Roman, serif\"><span style=\"font-size: medium\">e <\/span><\/span><\/span><\/p>\n<p align=\"CENTER\"><span style=\"color: #000000\"><span style=\"font-family: Times New Roman, serif\"><span style=\"font-size: medium\"><strong>Massimo Canevacci<\/strong> , antropologo<\/span><\/span><\/span><\/p>\n<p align=\"CENTER\"><span style=\"color: #000000\"><span style=\"font-family: Times New Roman, serif\"><span style=\"font-size: medium\">nell&#8217;ambito della mostra <\/span><\/span><\/span><\/p>\n<p align=\"CENTER\"><span style=\"color: #000000\"><span style=\"font-family: Times New Roman, serif\"><span style=\"font-size: medium\"><b>FRUT FANTASSUT ZOVIN ZOVINUT<\/b><br \/>\nPier Paolo Pasolini (1922-2022)<br \/>\nMostra personale di\u00a0<b>Luca PANDOLFI<\/b><br \/>\nvisitabile fino all&#8217;8 dicembre 2022<br \/>\n<\/span><\/span><\/span><\/p>\n<p align=\"JUSTIFY\"><span style=\"color: #263238\"><span style=\"font-family: Raleway, sans-serif\"><span style=\"font-size: small\"><strong>Sinossi:<\/strong> Rivisitata oggi, a tanti anni di distanza dalla scena tragica del suo corpo massacrato, fuori dai pregiudizi e guardando oltre la barriera di cristallo dei conformismi, l&#8217;opera di Pier Paolo Pasolini comincia ad apparirci per quel che \u00e8 veramente: l&#8217;opera-testimonianza di un pessimista radicale che &#8211; come ogni serio pessimista radicale, da Pascal a Leopardi &#8211; intende esprimere, nella sua spietata denuncia, il proprio inno alla vita. In questo denso volumetto, Giacomo Marramao indaga l&#8217;inattualit\u00e0 anticipatrice di quell&#8217;opera e di quella testimonianza che ci appare oggi, a fronte di tante avarizie intellettuali, come un donare dal corno dell&#8217;abbondanza.<\/span><\/span><\/span><\/p>\n<p>Comunicato Stampa<\/p>\n<p>Pasolini inattuale<br \/>\ntra vita, pensiero e arte<\/p>\n<p>Ne parliamo con G. Marramao, M. Canevacci e L. Pandolfi<\/p>\n<p>Marted\u00ec 6 Dicembre alle 18 presso la Gall\u2019Art di Roma, Vicolo de\u2019 Bovari, 7 (Campo de\u2019 Fiori) sar\u00e0 presentato il libro del noto filosofo Giacomo Marramao, \u201cPasolini inattuale\u201d, Ed. Mimesis 2022. Pasolini e l\u2019autore si incontrano nella vita, negli amici comuni e in alcuni passaggi del pensiero sul tempo e la storia. Ne parler\u00e0 con lui l\u2019antropologo Massimo Canevacci. La presentazione nella galleria avviene nel contesto della Mostra di disegni e dipinti di Luca Pandolfi, antropologo, sociologo, formatore e per la prima volta in una sua personale pittorica. La mostra inaugurata sabato 3 dicembre con pi\u00f9 di 200 persone rimarr\u00e0 aperta fino a Gioved\u00ec 8 chiudendosi alle 18 con letture di testi di Pasolini a cura dell\u2019attore Bruno Petrosino. La Galleria, animata dalla pittrice Kristina Milakovi, \u00e8 aperta tutti i giorni dalle 11 alle 13 e dalle 16 alle 19. INFO 347.0088425<\/p>\n<p align=\"JUSTIFY\"><strong><span style=\"color: #000000\"><span style=\"font-family: Times, serif\"><span style=\"font-size: medium\"><b>Sostieni il progetto fotografico di Target Lab Ets con una <\/b><\/span><\/span><\/span><\/strong><strong><span style=\"color: #ff0000\"><span style=\"font-family: Times, serif\"><span style=\"font-size: medium\"><b>donazione simbolica<\/b><\/span><\/span><\/span><\/strong><strong><span style=\"color: #000000\"><span style=\"font-family: Times, serif\"><span style=\"font-size: medium\"><b> tramite PayPal alla seguente mail TARGET.LSFC@GMAIL.COM <\/b><\/span><\/span><\/span><\/strong><\/p>\n<p align=\"JUSTIFY\"><span style=\"font-size: medium\"><strong><span style=\"color: #ff0000\"><span style=\"font-family: Times, serif\"><b>Devolvi il 5xmille nella prossima dichiarazione dei redditi a Target Lab Ets<\/b><\/span><\/span><\/strong><strong><span style=\"color: #000000\"><span style=\"font-family: Times, serif\"><b> inserendo il <\/b><\/span><\/span><\/strong><strong><span style=\"color: #ff0000\"><span style=\"font-family: Times, serif\"><b>CF : 96498910585<\/b><\/span><\/span><\/strong><strong><span style=\"color: #000000\"><span style=\"font-family: Times, serif\"><b> riquadro Enti Terzo Settore e Aps per finanziare futuri progetti fotografici a ricaduta sociale<\/b><\/span><\/span><\/strong><\/span><\/p>\n<figure id=\"attachment_34458\" aria-describedby=\"caption-attachment-34458\" style=\"width: 635px\" class=\"wp-caption alignnone\"><img loading=\"lazy\" decoding=\"async\" class=\" wp-image-34458\" src=\"https:\/\/www.romaoggi.eu\/wp-content\/uploads\/2022\/12\/WhatsApp-Image-2022-12-05-at-15.19.52-208x300.jpeg\" alt=\"alt tag Pasolini Inattuale\" width=\"635\" height=\"916\" srcset=\"https:\/\/www.romaoggi.eu\/wp-content\/uploads\/2022\/12\/WhatsApp-Image-2022-12-05-at-15.19.52-208x300.jpeg 208w, https:\/\/www.romaoggi.eu\/wp-content\/uploads\/2022\/12\/WhatsApp-Image-2022-12-05-at-15.19.52-709x1024.jpeg 709w, https:\/\/www.romaoggi.eu\/wp-content\/uploads\/2022\/12\/WhatsApp-Image-2022-12-05-at-15.19.52.jpeg 720w\" sizes=\"auto, (max-width: 635px) 100vw, 635px\" \/><figcaption id=\"caption-attachment-34458\" class=\"wp-caption-text\"><strong>\u201cPasolini Inattuale\u201d di Giacomo Marramao ed Mimesis 2022<\/strong><\/figcaption><\/figure>\n","protected":false},"excerpt":{"rendered":"<div class=\"mh-excerpt\"><p>Gall&#8217;Art Roma Galleria d&#8217;arte contemporanea Vicolo de&#8217; Bovari 7 (Campo de&#8217; Fiori) Marted\u00ec 6 dicembre 2022 ore 18.00 presentazione del libro \u201cPasolini Inattuale\u201d di Giacomo Marramao ed Mimesis 2022 con l&#8217;autore Giacomo Marramao, filosofo e <a class=\"mh-excerpt-more\" href=\"https:\/\/www.romaoggi.eu\/index.php\/2022\/12\/06\/pasolini-inattuale-il-nuovo-libro-del-filosofo-giacomo-marramao\/\" title=\"&#8220;Pasolini Inattuale&#8221; il nuovo libro del filosofo Giacomo Marramao\">[&#8230;]<\/a><\/p>\n<\/div>","protected":false},"author":17,"featured_media":34458,"comment_status":"closed","ping_status":"open","sticky":false,"template":"","format":"standard","meta":{"_sitemap_exclude":false,"_sitemap_priority":"","_sitemap_frequency":"","footnotes":""},"categories":[14247],"tags":[16668,16666,16664,16667,16540,16665,16669],"class_list":["post-34456","post","type-post","status-publish","format-standard","has-post-thumbnail","hentry","category-dentro-roma","tag-frut-fantassut-zovin-zovinut","tag-gallart","tag-giacomo-marramao","tag-luca-pandolfi","tag-massimo-canevacci","tag-mimesi","tag-pasolini-inattuale"],"yoast_head":"<!-- This site is optimized with the Yoast SEO plugin v27.5 - https:\/\/yoast.com\/product\/yoast-seo-wordpress\/ -->\n<title>&quot;Pasolini Inattuale&quot; il nuovo libro del filosofo Giacomo Marramao<\/title>\n<meta name=\"description\" content=\"Gall&#039;Art Roma Galleria d&#039;arte contemporanea Vicolo de&#039; Bovari 7 (Campo de&#039; Fiori) Marted\u00ec 6 dicembre 2022 ore 18.00 presentazione del libro \u201cPasolini\" \/>\n<meta name=\"robots\" content=\"index, follow, max-snippet:-1, max-image-preview:large, max-video-preview:-1\" \/>\n<link rel=\"canonical\" href=\"https:\/\/www.romaoggi.eu\/index.php\/2022\/12\/06\/pasolini-inattuale-il-nuovo-libro-del-filosofo-giacomo-marramao\/\" \/>\n<meta property=\"og:locale\" content=\"it_IT\" \/>\n<meta property=\"og:type\" content=\"article\" \/>\n<meta property=\"og:title\" content=\"&quot;Pasolini Inattuale&quot; il nuovo libro del filosofo Giacomo Marramao\" \/>\n<meta property=\"og:description\" content=\"Gall&#039;Art Roma Galleria d&#039;arte contemporanea Vicolo de&#039; Bovari 7 (Campo de&#039; Fiori) Marted\u00ec 6 dicembre 2022 ore 18.00 presentazione del libro \u201cPasolini\" \/>\n<meta property=\"og:url\" content=\"https:\/\/www.romaoggi.eu\/index.php\/2022\/12\/06\/pasolini-inattuale-il-nuovo-libro-del-filosofo-giacomo-marramao\/\" \/>\n<meta property=\"og:site_name\" content=\"roma oggi\" \/>\n<meta property=\"article:publisher\" content=\"https:\/\/www.facebook.com\/RomaOggi-841544845954114\" \/>\n<meta property=\"article:published_time\" content=\"2022-12-06T06:19:51+00:00\" \/>\n<meta property=\"article:modified_time\" content=\"2022-12-06T09:49:49+00:00\" \/>\n<meta property=\"og:image\" content=\"https:\/\/www.romaoggi.eu\/wp-content\/uploads\/2022\/12\/WhatsApp-Image-2022-12-05-at-15.19.52.jpeg\" \/>\n\t<meta property=\"og:image:width\" content=\"720\" \/>\n\t<meta property=\"og:image:height\" content=\"1040\" \/>\n\t<meta property=\"og:image:type\" content=\"image\/jpeg\" \/>\n<meta name=\"author\" content=\"Target Lab Ets\" \/>\n<meta name=\"twitter:card\" content=\"summary_large_image\" \/>\n<meta name=\"twitter:creator\" content=\"@romaoggi_eu\" \/>\n<meta name=\"twitter:site\" content=\"@romaoggi_eu\" \/>\n<meta name=\"twitter:label1\" content=\"Scritto da\" \/>\n\t<meta name=\"twitter:data1\" content=\"Target Lab Ets\" \/>\n\t<meta name=\"twitter:label2\" content=\"Tempo di lettura stimato\" \/>\n\t<meta name=\"twitter:data2\" content=\"3 minuti\" \/>\n<script type=\"application\/ld+json\" class=\"yoast-schema-graph\">{\"@context\":\"https:\\\/\\\/schema.org\",\"@graph\":[{\"@type\":\"Article\",\"@id\":\"https:\\\/\\\/www.romaoggi.eu\\\/index.php\\\/2022\\\/12\\\/06\\\/pasolini-inattuale-il-nuovo-libro-del-filosofo-giacomo-marramao\\\/#article\",\"isPartOf\":{\"@id\":\"https:\\\/\\\/www.romaoggi.eu\\\/index.php\\\/2022\\\/12\\\/06\\\/pasolini-inattuale-il-nuovo-libro-del-filosofo-giacomo-marramao\\\/\"},\"author\":{\"name\":\"Target Lab Ets\",\"@id\":\"https:\\\/\\\/www.romaoggi.eu\\\/#\\\/schema\\\/person\\\/72b8cfc6de60caeb335267c8e21d90fb\"},\"headline\":\"&#8220;Pasolini Inattuale&#8221; il nuovo libro del filosofo Giacomo Marramao\",\"datePublished\":\"2022-12-06T06:19:51+00:00\",\"dateModified\":\"2022-12-06T09:49:49+00:00\",\"mainEntityOfPage\":{\"@id\":\"https:\\\/\\\/www.romaoggi.eu\\\/index.php\\\/2022\\\/12\\\/06\\\/pasolini-inattuale-il-nuovo-libro-del-filosofo-giacomo-marramao\\\/\"},\"wordCount\":384,\"publisher\":{\"@id\":\"https:\\\/\\\/www.romaoggi.eu\\\/#organization\"},\"image\":{\"@id\":\"https:\\\/\\\/www.romaoggi.eu\\\/index.php\\\/2022\\\/12\\\/06\\\/pasolini-inattuale-il-nuovo-libro-del-filosofo-giacomo-marramao\\\/#primaryimage\"},\"thumbnailUrl\":\"https:\\\/\\\/www.romaoggi.eu\\\/wp-content\\\/uploads\\\/2022\\\/12\\\/WhatsApp-Image-2022-12-05-at-15.19.52.jpeg\",\"keywords\":[\"FRUT FANTASSUT ZOVIN ZOVINUT\",\"gall'art\",\"giacomo marramao\",\"luca pandolfi\",\"massimo canevacci\",\"mimesi\",\"Pasolini Inattuale\"],\"articleSection\":[\"DENTRO ROMA\"],\"inLanguage\":\"it-IT\"},{\"@type\":\"WebPage\",\"@id\":\"https:\\\/\\\/www.romaoggi.eu\\\/index.php\\\/2022\\\/12\\\/06\\\/pasolini-inattuale-il-nuovo-libro-del-filosofo-giacomo-marramao\\\/\",\"url\":\"https:\\\/\\\/www.romaoggi.eu\\\/index.php\\\/2022\\\/12\\\/06\\\/pasolini-inattuale-il-nuovo-libro-del-filosofo-giacomo-marramao\\\/\",\"name\":\"\\\"Pasolini Inattuale\\\" il nuovo libro del filosofo Giacomo Marramao\",\"isPartOf\":{\"@id\":\"https:\\\/\\\/www.romaoggi.eu\\\/#website\"},\"primaryImageOfPage\":{\"@id\":\"https:\\\/\\\/www.romaoggi.eu\\\/index.php\\\/2022\\\/12\\\/06\\\/pasolini-inattuale-il-nuovo-libro-del-filosofo-giacomo-marramao\\\/#primaryimage\"},\"image\":{\"@id\":\"https:\\\/\\\/www.romaoggi.eu\\\/index.php\\\/2022\\\/12\\\/06\\\/pasolini-inattuale-il-nuovo-libro-del-filosofo-giacomo-marramao\\\/#primaryimage\"},\"thumbnailUrl\":\"https:\\\/\\\/www.romaoggi.eu\\\/wp-content\\\/uploads\\\/2022\\\/12\\\/WhatsApp-Image-2022-12-05-at-15.19.52.jpeg\",\"datePublished\":\"2022-12-06T06:19:51+00:00\",\"dateModified\":\"2022-12-06T09:49:49+00:00\",\"description\":\"Gall'Art Roma Galleria d'arte contemporanea Vicolo de' Bovari 7 (Campo de' Fiori) Marted\u00ec 6 dicembre 2022 ore 18.00 presentazione del libro \u201cPasolini\",\"breadcrumb\":{\"@id\":\"https:\\\/\\\/www.romaoggi.eu\\\/index.php\\\/2022\\\/12\\\/06\\\/pasolini-inattuale-il-nuovo-libro-del-filosofo-giacomo-marramao\\\/#breadcrumb\"},\"inLanguage\":\"it-IT\",\"potentialAction\":[{\"@type\":\"ReadAction\",\"target\":[\"https:\\\/\\\/www.romaoggi.eu\\\/index.php\\\/2022\\\/12\\\/06\\\/pasolini-inattuale-il-nuovo-libro-del-filosofo-giacomo-marramao\\\/\"]}]},{\"@type\":\"ImageObject\",\"inLanguage\":\"it-IT\",\"@id\":\"https:\\\/\\\/www.romaoggi.eu\\\/index.php\\\/2022\\\/12\\\/06\\\/pasolini-inattuale-il-nuovo-libro-del-filosofo-giacomo-marramao\\\/#primaryimage\",\"url\":\"https:\\\/\\\/www.romaoggi.eu\\\/wp-content\\\/uploads\\\/2022\\\/12\\\/WhatsApp-Image-2022-12-05-at-15.19.52.jpeg\",\"contentUrl\":\"https:\\\/\\\/www.romaoggi.eu\\\/wp-content\\\/uploads\\\/2022\\\/12\\\/WhatsApp-Image-2022-12-05-at-15.19.52.jpeg\",\"width\":720,\"height\":1040,\"caption\":\"\u201cPasolini Inattuale\u201d di Giacomo Marramao ed Mimesis 2022\"},{\"@type\":\"BreadcrumbList\",\"@id\":\"https:\\\/\\\/www.romaoggi.eu\\\/index.php\\\/2022\\\/12\\\/06\\\/pasolini-inattuale-il-nuovo-libro-del-filosofo-giacomo-marramao\\\/#breadcrumb\",\"itemListElement\":[{\"@type\":\"ListItem\",\"position\":1,\"name\":\"Home\",\"item\":\"https:\\\/\\\/www.romaoggi.eu\\\/\"},{\"@type\":\"ListItem\",\"position\":2,\"name\":\"&#8220;Pasolini Inattuale&#8221; il nuovo libro del filosofo Giacomo Marramao\"}]},{\"@type\":\"WebSite\",\"@id\":\"https:\\\/\\\/www.romaoggi.eu\\\/#website\",\"url\":\"https:\\\/\\\/www.romaoggi.eu\\\/\",\"name\":\"roma oggi\",\"description\":\"Interesting News for Interesting people\",\"publisher\":{\"@id\":\"https:\\\/\\\/www.romaoggi.eu\\\/#organization\"},\"potentialAction\":[{\"@type\":\"SearchAction\",\"target\":{\"@type\":\"EntryPoint\",\"urlTemplate\":\"https:\\\/\\\/www.romaoggi.eu\\\/?s={search_term_string}\"},\"query-input\":{\"@type\":\"PropertyValueSpecification\",\"valueRequired\":true,\"valueName\":\"search_term_string\"}}],\"inLanguage\":\"it-IT\"},{\"@type\":\"Organization\",\"@id\":\"https:\\\/\\\/www.romaoggi.eu\\\/#organization\",\"name\":\"RomaOggi\",\"url\":\"https:\\\/\\\/www.romaoggi.eu\\\/\",\"logo\":{\"@type\":\"ImageObject\",\"inLanguage\":\"it-IT\",\"@id\":\"https:\\\/\\\/www.romaoggi.eu\\\/#\\\/schema\\\/logo\\\/image\\\/\",\"url\":\"https:\\\/\\\/www.romaoggi.eu\\\/wp-content\\\/uploads\\\/2017\\\/04\\\/logowp.jpg\",\"contentUrl\":\"https:\\\/\\\/www.romaoggi.eu\\\/wp-content\\\/uploads\\\/2017\\\/04\\\/logowp.jpg\",\"width\":300,\"height\":133,\"caption\":\"RomaOggi\"},\"image\":{\"@id\":\"https:\\\/\\\/www.romaoggi.eu\\\/#\\\/schema\\\/logo\\\/image\\\/\"},\"sameAs\":[\"https:\\\/\\\/www.facebook.com\\\/RomaOggi-841544845954114\",\"https:\\\/\\\/x.com\\\/romaoggi_eu\"]},{\"@type\":\"Person\",\"@id\":\"https:\\\/\\\/www.romaoggi.eu\\\/#\\\/schema\\\/person\\\/72b8cfc6de60caeb335267c8e21d90fb\",\"name\":\"Target Lab Ets\",\"image\":{\"@type\":\"ImageObject\",\"inLanguage\":\"it-IT\",\"@id\":\"https:\\\/\\\/secure.gravatar.com\\\/avatar\\\/ab64fd266889a629b0e9e6ab56209e379c2a89cfda303941ee9621d4090292d1?s=96&d=mm&r=g\",\"url\":\"https:\\\/\\\/secure.gravatar.com\\\/avatar\\\/ab64fd266889a629b0e9e6ab56209e379c2a89cfda303941ee9621d4090292d1?s=96&d=mm&r=g\",\"contentUrl\":\"https:\\\/\\\/secure.gravatar.com\\\/avatar\\\/ab64fd266889a629b0e9e6ab56209e379c2a89cfda303941ee9621d4090292d1?s=96&d=mm&r=g\",\"caption\":\"Target Lab Ets\"},\"sameAs\":[\"http:\\\/\\\/www.targetlab.org\"],\"url\":\"https:\\\/\\\/www.romaoggi.eu\\\/index.php\\\/author\\\/isfc\\\/\"}]}<\/script>\n<!-- \/ Yoast SEO plugin. -->","yoast_head_json":{"title":"\"Pasolini Inattuale\" il nuovo libro del filosofo Giacomo Marramao","description":"Gall'Art Roma Galleria d'arte contemporanea Vicolo de' Bovari 7 (Campo de' Fiori) Marted\u00ec 6 dicembre 2022 ore 18.00 presentazione del libro \u201cPasolini","robots":{"index":"index","follow":"follow","max-snippet":"max-snippet:-1","max-image-preview":"max-image-preview:large","max-video-preview":"max-video-preview:-1"},"canonical":"https:\/\/www.romaoggi.eu\/index.php\/2022\/12\/06\/pasolini-inattuale-il-nuovo-libro-del-filosofo-giacomo-marramao\/","og_locale":"it_IT","og_type":"article","og_title":"\"Pasolini Inattuale\" il nuovo libro del filosofo Giacomo Marramao","og_description":"Gall'Art Roma Galleria d'arte contemporanea Vicolo de' Bovari 7 (Campo de' Fiori) Marted\u00ec 6 dicembre 2022 ore 18.00 presentazione del libro \u201cPasolini","og_url":"https:\/\/www.romaoggi.eu\/index.php\/2022\/12\/06\/pasolini-inattuale-il-nuovo-libro-del-filosofo-giacomo-marramao\/","og_site_name":"roma oggi","article_publisher":"https:\/\/www.facebook.com\/RomaOggi-841544845954114","article_published_time":"2022-12-06T06:19:51+00:00","article_modified_time":"2022-12-06T09:49:49+00:00","og_image":[{"width":720,"height":1040,"url":"https:\/\/www.romaoggi.eu\/wp-content\/uploads\/2022\/12\/WhatsApp-Image-2022-12-05-at-15.19.52.jpeg","type":"image\/jpeg"}],"author":"Target Lab Ets","twitter_card":"summary_large_image","twitter_creator":"@romaoggi_eu","twitter_site":"@romaoggi_eu","twitter_misc":{"Scritto da":"Target Lab Ets","Tempo di lettura stimato":"3 minuti"},"schema":{"@context":"https:\/\/schema.org","@graph":[{"@type":"Article","@id":"https:\/\/www.romaoggi.eu\/index.php\/2022\/12\/06\/pasolini-inattuale-il-nuovo-libro-del-filosofo-giacomo-marramao\/#article","isPartOf":{"@id":"https:\/\/www.romaoggi.eu\/index.php\/2022\/12\/06\/pasolini-inattuale-il-nuovo-libro-del-filosofo-giacomo-marramao\/"},"author":{"name":"Target Lab Ets","@id":"https:\/\/www.romaoggi.eu\/#\/schema\/person\/72b8cfc6de60caeb335267c8e21d90fb"},"headline":"&#8220;Pasolini Inattuale&#8221; il nuovo libro del filosofo Giacomo Marramao","datePublished":"2022-12-06T06:19:51+00:00","dateModified":"2022-12-06T09:49:49+00:00","mainEntityOfPage":{"@id":"https:\/\/www.romaoggi.eu\/index.php\/2022\/12\/06\/pasolini-inattuale-il-nuovo-libro-del-filosofo-giacomo-marramao\/"},"wordCount":384,"publisher":{"@id":"https:\/\/www.romaoggi.eu\/#organization"},"image":{"@id":"https:\/\/www.romaoggi.eu\/index.php\/2022\/12\/06\/pasolini-inattuale-il-nuovo-libro-del-filosofo-giacomo-marramao\/#primaryimage"},"thumbnailUrl":"https:\/\/www.romaoggi.eu\/wp-content\/uploads\/2022\/12\/WhatsApp-Image-2022-12-05-at-15.19.52.jpeg","keywords":["FRUT FANTASSUT ZOVIN ZOVINUT","gall'art","giacomo marramao","luca pandolfi","massimo canevacci","mimesi","Pasolini Inattuale"],"articleSection":["DENTRO ROMA"],"inLanguage":"it-IT"},{"@type":"WebPage","@id":"https:\/\/www.romaoggi.eu\/index.php\/2022\/12\/06\/pasolini-inattuale-il-nuovo-libro-del-filosofo-giacomo-marramao\/","url":"https:\/\/www.romaoggi.eu\/index.php\/2022\/12\/06\/pasolini-inattuale-il-nuovo-libro-del-filosofo-giacomo-marramao\/","name":"\"Pasolini Inattuale\" il nuovo libro del filosofo Giacomo Marramao","isPartOf":{"@id":"https:\/\/www.romaoggi.eu\/#website"},"primaryImageOfPage":{"@id":"https:\/\/www.romaoggi.eu\/index.php\/2022\/12\/06\/pasolini-inattuale-il-nuovo-libro-del-filosofo-giacomo-marramao\/#primaryimage"},"image":{"@id":"https:\/\/www.romaoggi.eu\/index.php\/2022\/12\/06\/pasolini-inattuale-il-nuovo-libro-del-filosofo-giacomo-marramao\/#primaryimage"},"thumbnailUrl":"https:\/\/www.romaoggi.eu\/wp-content\/uploads\/2022\/12\/WhatsApp-Image-2022-12-05-at-15.19.52.jpeg","datePublished":"2022-12-06T06:19:51+00:00","dateModified":"2022-12-06T09:49:49+00:00","description":"Gall'Art Roma Galleria d'arte contemporanea Vicolo de' Bovari 7 (Campo de' Fiori) Marted\u00ec 6 dicembre 2022 ore 18.00 presentazione del libro \u201cPasolini","breadcrumb":{"@id":"https:\/\/www.romaoggi.eu\/index.php\/2022\/12\/06\/pasolini-inattuale-il-nuovo-libro-del-filosofo-giacomo-marramao\/#breadcrumb"},"inLanguage":"it-IT","potentialAction":[{"@type":"ReadAction","target":["https:\/\/www.romaoggi.eu\/index.php\/2022\/12\/06\/pasolini-inattuale-il-nuovo-libro-del-filosofo-giacomo-marramao\/"]}]},{"@type":"ImageObject","inLanguage":"it-IT","@id":"https:\/\/www.romaoggi.eu\/index.php\/2022\/12\/06\/pasolini-inattuale-il-nuovo-libro-del-filosofo-giacomo-marramao\/#primaryimage","url":"https:\/\/www.romaoggi.eu\/wp-content\/uploads\/2022\/12\/WhatsApp-Image-2022-12-05-at-15.19.52.jpeg","contentUrl":"https:\/\/www.romaoggi.eu\/wp-content\/uploads\/2022\/12\/WhatsApp-Image-2022-12-05-at-15.19.52.jpeg","width":720,"height":1040,"caption":"\u201cPasolini Inattuale\u201d di Giacomo Marramao ed Mimesis 2022"},{"@type":"BreadcrumbList","@id":"https:\/\/www.romaoggi.eu\/index.php\/2022\/12\/06\/pasolini-inattuale-il-nuovo-libro-del-filosofo-giacomo-marramao\/#breadcrumb","itemListElement":[{"@type":"ListItem","position":1,"name":"Home","item":"https:\/\/www.romaoggi.eu\/"},{"@type":"ListItem","position":2,"name":"&#8220;Pasolini Inattuale&#8221; il nuovo libro del filosofo Giacomo Marramao"}]},{"@type":"WebSite","@id":"https:\/\/www.romaoggi.eu\/#website","url":"https:\/\/www.romaoggi.eu\/","name":"roma oggi","description":"Interesting News for Interesting people","publisher":{"@id":"https:\/\/www.romaoggi.eu\/#organization"},"potentialAction":[{"@type":"SearchAction","target":{"@type":"EntryPoint","urlTemplate":"https:\/\/www.romaoggi.eu\/?s={search_term_string}"},"query-input":{"@type":"PropertyValueSpecification","valueRequired":true,"valueName":"search_term_string"}}],"inLanguage":"it-IT"},{"@type":"Organization","@id":"https:\/\/www.romaoggi.eu\/#organization","name":"RomaOggi","url":"https:\/\/www.romaoggi.eu\/","logo":{"@type":"ImageObject","inLanguage":"it-IT","@id":"https:\/\/www.romaoggi.eu\/#\/schema\/logo\/image\/","url":"https:\/\/www.romaoggi.eu\/wp-content\/uploads\/2017\/04\/logowp.jpg","contentUrl":"https:\/\/www.romaoggi.eu\/wp-content\/uploads\/2017\/04\/logowp.jpg","width":300,"height":133,"caption":"RomaOggi"},"image":{"@id":"https:\/\/www.romaoggi.eu\/#\/schema\/logo\/image\/"},"sameAs":["https:\/\/www.facebook.com\/RomaOggi-841544845954114","https:\/\/x.com\/romaoggi_eu"]},{"@type":"Person","@id":"https:\/\/www.romaoggi.eu\/#\/schema\/person\/72b8cfc6de60caeb335267c8e21d90fb","name":"Target Lab Ets","image":{"@type":"ImageObject","inLanguage":"it-IT","@id":"https:\/\/secure.gravatar.com\/avatar\/ab64fd266889a629b0e9e6ab56209e379c2a89cfda303941ee9621d4090292d1?s=96&d=mm&r=g","url":"https:\/\/secure.gravatar.com\/avatar\/ab64fd266889a629b0e9e6ab56209e379c2a89cfda303941ee9621d4090292d1?s=96&d=mm&r=g","contentUrl":"https:\/\/secure.gravatar.com\/avatar\/ab64fd266889a629b0e9e6ab56209e379c2a89cfda303941ee9621d4090292d1?s=96&d=mm&r=g","caption":"Target Lab Ets"},"sameAs":["http:\/\/www.targetlab.org"],"url":"https:\/\/www.romaoggi.eu\/index.php\/author\/isfc\/"}]}},"_links":{"self":[{"href":"https:\/\/www.romaoggi.eu\/index.php\/wp-json\/wp\/v2\/posts\/34456","targetHints":{"allow":["GET"]}}],"collection":[{"href":"https:\/\/www.romaoggi.eu\/index.php\/wp-json\/wp\/v2\/posts"}],"about":[{"href":"https:\/\/www.romaoggi.eu\/index.php\/wp-json\/wp\/v2\/types\/post"}],"author":[{"embeddable":true,"href":"https:\/\/www.romaoggi.eu\/index.php\/wp-json\/wp\/v2\/users\/17"}],"replies":[{"embeddable":true,"href":"https:\/\/www.romaoggi.eu\/index.php\/wp-json\/wp\/v2\/comments?post=34456"}],"version-history":[{"count":4,"href":"https:\/\/www.romaoggi.eu\/index.php\/wp-json\/wp\/v2\/posts\/34456\/revisions"}],"predecessor-version":[{"id":34466,"href":"https:\/\/www.romaoggi.eu\/index.php\/wp-json\/wp\/v2\/posts\/34456\/revisions\/34466"}],"wp:featuredmedia":[{"embeddable":true,"href":"https:\/\/www.romaoggi.eu\/index.php\/wp-json\/wp\/v2\/media\/34458"}],"wp:attachment":[{"href":"https:\/\/www.romaoggi.eu\/index.php\/wp-json\/wp\/v2\/media?parent=34456"}],"wp:term":[{"taxonomy":"category","embeddable":true,"href":"https:\/\/www.romaoggi.eu\/index.php\/wp-json\/wp\/v2\/categories?post=34456"},{"taxonomy":"post_tag","embeddable":true,"href":"https:\/\/www.romaoggi.eu\/index.php\/wp-json\/wp\/v2\/tags?post=34456"}],"curies":[{"name":"wp","href":"https:\/\/api.w.org\/{rel}","templated":true}]}}