{"id":34480,"date":"2022-12-09T11:27:58","date_gmt":"2022-12-09T10:27:58","guid":{"rendered":"https:\/\/www.romaoggi.eu\/?p=34480"},"modified":"2022-12-09T11:27:58","modified_gmt":"2022-12-09T10:27:58","slug":"dani-bra-in-leggerissimo-me-al-teatro-cometa-off-27-30-dicembre","status":"publish","type":"post","link":"https:\/\/www.romaoggi.eu\/index.php\/2022\/12\/09\/dani-bra-in-leggerissimo-me-al-teatro-cometa-off-27-30-dicembre\/","title":{"rendered":"Dani Bra in &#8220;Leggerissimo ME&#8221; al Teatro Cometa-OFF  27-30 Dicembre"},"content":{"rendered":"<p style=\"text-align: justify;\">Con <strong>&#8220;Leggerissimo ME<\/strong>&#8221; <strong>Dani Bra<\/strong> ci regaler\u00e0 sorrisi di fine anno.<br \/>\nDopo il successo dell&#8217;anteprima nella scorsa Primavera, debutta al <strong>Teatro Cometa-OFF<\/strong> di Testaccio a Roma, dal <strong>27 al 30 Dicembre<\/strong> &#8220;Leggerissimo me&#8221;, il nuovo spettacolo dell&#8217;attore comico Dani Bra, scritto con Maurizio Francabandiera, che ne cura anche la regia.<br \/>\n&#8220;Leggerissimo me&#8221; una comicit\u00e0 esilarante, a tratti pungente, ma con una impronta nuova rispetto agli show precedenti del comico romano, che questa volta induce a chiare ed importanti riflessioni, a sprazzi commoventi, condite da intramontabili e noti brani musicali, e, a mio parere, trovate geniali inserite nei tempi giusti, vanno a delineare vividamente lo spettacolo. Un\u2019ambientazione semplice e minimale ospita le battute brillanti dell\u2019artista, creando cos\u00ec un\u2019atmosfera accogliente in cui la risata si dimostra il collante umano pi\u00f9 efficace da condividere con gli altri.<br \/>\n\u201c<em>Affitto un teatro, do al pubblico un live, lo spaparacchio sulla poltrona e il tutto, senza telecomando, quello ce l\u2019ho io, mi cambio canale da solo!\u201d<\/em>. Su per gi\u00f9 \u00e8 questo il pensiero di Dani Bra, comico romano divenuto un personaggio noto grazie alla trasmissione \u201cS.C.Q.R.\u201d (Sono Comici Questi Romani) e nei vari Lab. Zelig sparsi nella penisola.<\/p>\n<p style=\"text-align: justify;\">Teatrante prestato al cabaret, presenta la sua ultima creatura in chiave comica e non solo. Lo\u00a0 spettacolo presentato lo scorso anno con il titolo \u201cWonder Bra\u201d forse, a detta di Dani, ha segnato la sua epoca \u201ccomicarola\u201d. In \u201cLeggerissimo me\u201d ha voluto mettere in piedi uno show allergico a tutti i contenuti, la curiosit\u00e0 che fa da anticamera alla risata come \u00e8 nel suo stile, uno show non giudicabile, dove le idee sono in eccesso, pronte ad essere esibite al pubblico come nuove \u201cBRAvate\u201d. Si spazia dal padre\/marito vessato, al rapporto che si ha con un agente di viaggio, si mette a nudo una citt\u00e0 come New York (questo pezzo mi \u00e8 piaciuto particolarmente) amplificando la propria romanit\u00e0 e si ridimensiona l\u2019Europa Unita, fantasia dei politicanti di turno, si vede il mondo dietro una transenna, ci si burla di un personalissimo Amleto, si critica la non credibilit\u00e0. E mentre tutto questo accade, si instaura una presa diretta col pubblico.<\/p>\n<p style=\"text-align: justify;\">Monologhista, cantante, fantasista, intrattenitore, in \u201cLeggerissimo me\u201d Dani Bra non cerca di cucir pezze all\u2019abito delle \u201ccabarettate\u201d, ma prova a mettergli l\u2019abito pi\u00f9 elegante. La risata riveste qui una funzione catartica, per rivelare talvolta la realt\u00e0 che tendiamo ad auto- censurare, perch\u00e9 \u00e8 attraverso un momento di svago fatto di grosse e grasse risate che riusciamo davvero a leggere la quotidianit\u00e0 e renderci conto di tutte le sue contraddizioni.<\/p>\n<p style=\"text-align: justify;\">Per tutti coloro che vogliono farsi due risate o regalarle; ai propri cari ed amici tra le festivit\u00e0 di Natale e Capodanno! Quale migliore occasione per chiudere il 2022 in allegria!?!<\/p>\n<p><img loading=\"lazy\" decoding=\"async\" class=\"aligncenter wp-image-34484 size-large\" src=\"https:\/\/www.romaoggi.eu\/wp-content\/uploads\/2022\/12\/316001922_1258797488001889_4813482358890434411_n-654x1024.jpg\" alt=\"alt tag leggerissimo me\" width=\"654\" height=\"1024\" srcset=\"https:\/\/www.romaoggi.eu\/wp-content\/uploads\/2022\/12\/316001922_1258797488001889_4813482358890434411_n-654x1024.jpg 654w, https:\/\/www.romaoggi.eu\/wp-content\/uploads\/2022\/12\/316001922_1258797488001889_4813482358890434411_n-192x300.jpg 192w, https:\/\/www.romaoggi.eu\/wp-content\/uploads\/2022\/12\/316001922_1258797488001889_4813482358890434411_n-981x1536.jpg 981w, https:\/\/www.romaoggi.eu\/wp-content\/uploads\/2022\/12\/316001922_1258797488001889_4813482358890434411_n.jpg 1181w\" sizes=\"auto, (max-width: 654px) 100vw, 654px\" \/><\/p>\n<p><a href=\"https:\/\/www.cometaoff.it\/\">Teatro Cometa-OFF<\/a><br \/>\nDa Marted\u00ec 27 Dicembre a Venerd\u00ec 30 Dicembre ore 21.00<br \/>\nUfficio stampa: <a href=\"https:\/\/www.romaoggi.eu\/index.php\/2020\/01\/21\/sogno-e-realta-spazio-alla-liberta-espressiva-alla-galleria-il-laboratorio\/\">Marlene Loredana Filoni<\/a><\/p>\n","protected":false},"excerpt":{"rendered":"<div class=\"mh-excerpt\"><p>Con &#8220;Leggerissimo ME&#8221; Dani Bra ci regaler\u00e0 sorrisi di fine anno. Dopo il successo dell&#8217;anteprima nella scorsa Primavera, debutta al Teatro Cometa-OFF di Testaccio a Roma, dal 27 al 30 Dicembre &#8220;Leggerissimo me&#8221;, il nuovo <a class=\"mh-excerpt-more\" href=\"https:\/\/www.romaoggi.eu\/index.php\/2022\/12\/09\/dani-bra-in-leggerissimo-me-al-teatro-cometa-off-27-30-dicembre\/\" title=\"Dani Bra in &#8220;Leggerissimo ME&#8221; al Teatro Cometa-OFF  27-30 Dicembre\">[&#8230;]<\/a><\/p>\n<\/div>","protected":false},"author":1,"featured_media":34487,"comment_status":"closed","ping_status":"open","sticky":false,"template":"","format":"standard","meta":{"_sitemap_exclude":false,"_sitemap_priority":"","_sitemap_frequency":"","footnotes":""},"categories":[13933],"tags":[547,4077,12228,14186,16678,16679,1603,3863,9953,109,85,1555],"class_list":["post-34480","post","type-post","status-publish","format-standard","has-post-thumbnail","hentry","category-comunicati-stampa","tag-cabaret","tag-capodanno","tag-comico","tag-dani-bra","tag-leggerissimo-me","tag-marlene-loredana-filoni","tag-monologo","tag-natale","tag-risate","tag-roma","tag-teatro","tag-testaccio"],"yoast_head":"<!-- This site is optimized with the Yoast SEO plugin v27.5 - https:\/\/yoast.com\/product\/yoast-seo-wordpress\/ -->\n<title>Dani Bra in &quot;Leggerissimo ME&quot; al Teatro Cometa-OFF 27-30 Dicembre<\/title>\n<meta name=\"description\" content=\"Con &quot;Leggerissimo ME&quot; Dani Bra ci regaler\u00e0 sorrisi di fine anno. Dopo il successo dell&#039;anteprima nella scorsa Primavera, debutta al Teatro Cometa-OFF di\" \/>\n<meta name=\"robots\" content=\"index, follow, max-snippet:-1, max-image-preview:large, max-video-preview:-1\" \/>\n<link rel=\"canonical\" href=\"https:\/\/www.romaoggi.eu\/index.php\/2022\/12\/09\/dani-bra-in-leggerissimo-me-al-teatro-cometa-off-27-30-dicembre\/\" \/>\n<meta property=\"og:locale\" content=\"it_IT\" \/>\n<meta property=\"og:type\" content=\"article\" \/>\n<meta property=\"og:title\" content=\"Dani Bra in &quot;Leggerissimo ME&quot; al Teatro Cometa-OFF 27-30 Dicembre\" \/>\n<meta property=\"og:description\" content=\"Con &quot;Leggerissimo ME&quot; Dani Bra ci regaler\u00e0 sorrisi di fine anno. Dopo il successo dell&#039;anteprima nella scorsa Primavera, debutta al Teatro Cometa-OFF di\" \/>\n<meta property=\"og:url\" content=\"https:\/\/www.romaoggi.eu\/index.php\/2022\/12\/09\/dani-bra-in-leggerissimo-me-al-teatro-cometa-off-27-30-dicembre\/\" \/>\n<meta property=\"og:site_name\" content=\"roma oggi\" \/>\n<meta property=\"article:publisher\" content=\"https:\/\/www.facebook.com\/RomaOggi-841544845954114\" \/>\n<meta property=\"article:published_time\" content=\"2022-12-09T10:27:58+00:00\" \/>\n<meta property=\"og:image\" content=\"https:\/\/www.romaoggi.eu\/wp-content\/uploads\/2022\/12\/ufffffffffaaaaaa.jpg\" \/>\n\t<meta property=\"og:image:width\" content=\"1970\" \/>\n\t<meta property=\"og:image:height\" content=\"980\" \/>\n\t<meta property=\"og:image:type\" content=\"image\/jpeg\" \/>\n<meta name=\"author\" content=\"admin\" \/>\n<meta name=\"twitter:card\" content=\"summary_large_image\" \/>\n<meta name=\"twitter:creator\" content=\"@romaoggi_eu\" \/>\n<meta name=\"twitter:site\" content=\"@romaoggi_eu\" \/>\n<meta name=\"twitter:label1\" content=\"Scritto da\" \/>\n\t<meta name=\"twitter:data1\" content=\"admin\" \/>\n\t<meta name=\"twitter:label2\" content=\"Tempo di lettura stimato\" \/>\n\t<meta name=\"twitter:data2\" content=\"3 minuti\" \/>\n<script type=\"application\/ld+json\" class=\"yoast-schema-graph\">{\"@context\":\"https:\\\/\\\/schema.org\",\"@graph\":[{\"@type\":\"Article\",\"@id\":\"https:\\\/\\\/www.romaoggi.eu\\\/index.php\\\/2022\\\/12\\\/09\\\/dani-bra-in-leggerissimo-me-al-teatro-cometa-off-27-30-dicembre\\\/#article\",\"isPartOf\":{\"@id\":\"https:\\\/\\\/www.romaoggi.eu\\\/index.php\\\/2022\\\/12\\\/09\\\/dani-bra-in-leggerissimo-me-al-teatro-cometa-off-27-30-dicembre\\\/\"},\"author\":{\"name\":\"admin\",\"@id\":\"https:\\\/\\\/www.romaoggi.eu\\\/#\\\/schema\\\/person\\\/9b23ceb6a2992a25e98c76a5f1fbb887\"},\"headline\":\"Dani Bra in &#8220;Leggerissimo ME&#8221; al Teatro Cometa-OFF 27-30 Dicembre\",\"datePublished\":\"2022-12-09T10:27:58+00:00\",\"mainEntityOfPage\":{\"@id\":\"https:\\\/\\\/www.romaoggi.eu\\\/index.php\\\/2022\\\/12\\\/09\\\/dani-bra-in-leggerissimo-me-al-teatro-cometa-off-27-30-dicembre\\\/\"},\"wordCount\":481,\"publisher\":{\"@id\":\"https:\\\/\\\/www.romaoggi.eu\\\/#organization\"},\"image\":{\"@id\":\"https:\\\/\\\/www.romaoggi.eu\\\/index.php\\\/2022\\\/12\\\/09\\\/dani-bra-in-leggerissimo-me-al-teatro-cometa-off-27-30-dicembre\\\/#primaryimage\"},\"thumbnailUrl\":\"https:\\\/\\\/www.romaoggi.eu\\\/wp-content\\\/uploads\\\/2022\\\/12\\\/ufffffffffaaaaaa.jpg\",\"keywords\":[\"cabaret\",\"capodanno\",\"comico\",\"Dani Bra\",\"leggerissimo me\",\"marlene loredana filoni\",\"monologo\",\"Natale\",\"risate\",\"roma\",\"teatro\",\"testaccio\"],\"articleSection\":[\"COMUNICATI STAMPA\"],\"inLanguage\":\"it-IT\"},{\"@type\":\"WebPage\",\"@id\":\"https:\\\/\\\/www.romaoggi.eu\\\/index.php\\\/2022\\\/12\\\/09\\\/dani-bra-in-leggerissimo-me-al-teatro-cometa-off-27-30-dicembre\\\/\",\"url\":\"https:\\\/\\\/www.romaoggi.eu\\\/index.php\\\/2022\\\/12\\\/09\\\/dani-bra-in-leggerissimo-me-al-teatro-cometa-off-27-30-dicembre\\\/\",\"name\":\"Dani Bra in \\\"Leggerissimo ME\\\" al Teatro Cometa-OFF 27-30 Dicembre\",\"isPartOf\":{\"@id\":\"https:\\\/\\\/www.romaoggi.eu\\\/#website\"},\"primaryImageOfPage\":{\"@id\":\"https:\\\/\\\/www.romaoggi.eu\\\/index.php\\\/2022\\\/12\\\/09\\\/dani-bra-in-leggerissimo-me-al-teatro-cometa-off-27-30-dicembre\\\/#primaryimage\"},\"image\":{\"@id\":\"https:\\\/\\\/www.romaoggi.eu\\\/index.php\\\/2022\\\/12\\\/09\\\/dani-bra-in-leggerissimo-me-al-teatro-cometa-off-27-30-dicembre\\\/#primaryimage\"},\"thumbnailUrl\":\"https:\\\/\\\/www.romaoggi.eu\\\/wp-content\\\/uploads\\\/2022\\\/12\\\/ufffffffffaaaaaa.jpg\",\"datePublished\":\"2022-12-09T10:27:58+00:00\",\"description\":\"Con \\\"Leggerissimo ME\\\" Dani Bra ci regaler\u00e0 sorrisi di fine anno. Dopo il successo dell'anteprima nella scorsa Primavera, debutta al Teatro Cometa-OFF di\",\"breadcrumb\":{\"@id\":\"https:\\\/\\\/www.romaoggi.eu\\\/index.php\\\/2022\\\/12\\\/09\\\/dani-bra-in-leggerissimo-me-al-teatro-cometa-off-27-30-dicembre\\\/#breadcrumb\"},\"inLanguage\":\"it-IT\",\"potentialAction\":[{\"@type\":\"ReadAction\",\"target\":[\"https:\\\/\\\/www.romaoggi.eu\\\/index.php\\\/2022\\\/12\\\/09\\\/dani-bra-in-leggerissimo-me-al-teatro-cometa-off-27-30-dicembre\\\/\"]}]},{\"@type\":\"ImageObject\",\"inLanguage\":\"it-IT\",\"@id\":\"https:\\\/\\\/www.romaoggi.eu\\\/index.php\\\/2022\\\/12\\\/09\\\/dani-bra-in-leggerissimo-me-al-teatro-cometa-off-27-30-dicembre\\\/#primaryimage\",\"url\":\"https:\\\/\\\/www.romaoggi.eu\\\/wp-content\\\/uploads\\\/2022\\\/12\\\/ufffffffffaaaaaa.jpg\",\"contentUrl\":\"https:\\\/\\\/www.romaoggi.eu\\\/wp-content\\\/uploads\\\/2022\\\/12\\\/ufffffffffaaaaaa.jpg\",\"width\":1970,\"height\":980,\"caption\":\"ALT TAG LEGGERISSIMO ME\"},{\"@type\":\"BreadcrumbList\",\"@id\":\"https:\\\/\\\/www.romaoggi.eu\\\/index.php\\\/2022\\\/12\\\/09\\\/dani-bra-in-leggerissimo-me-al-teatro-cometa-off-27-30-dicembre\\\/#breadcrumb\",\"itemListElement\":[{\"@type\":\"ListItem\",\"position\":1,\"name\":\"Home\",\"item\":\"https:\\\/\\\/www.romaoggi.eu\\\/\"},{\"@type\":\"ListItem\",\"position\":2,\"name\":\"Dani Bra in &#8220;Leggerissimo ME&#8221; al Teatro Cometa-OFF 27-30 Dicembre\"}]},{\"@type\":\"WebSite\",\"@id\":\"https:\\\/\\\/www.romaoggi.eu\\\/#website\",\"url\":\"https:\\\/\\\/www.romaoggi.eu\\\/\",\"name\":\"roma oggi\",\"description\":\"Interesting News for Interesting people\",\"publisher\":{\"@id\":\"https:\\\/\\\/www.romaoggi.eu\\\/#organization\"},\"potentialAction\":[{\"@type\":\"SearchAction\",\"target\":{\"@type\":\"EntryPoint\",\"urlTemplate\":\"https:\\\/\\\/www.romaoggi.eu\\\/?s={search_term_string}\"},\"query-input\":{\"@type\":\"PropertyValueSpecification\",\"valueRequired\":true,\"valueName\":\"search_term_string\"}}],\"inLanguage\":\"it-IT\"},{\"@type\":\"Organization\",\"@id\":\"https:\\\/\\\/www.romaoggi.eu\\\/#organization\",\"name\":\"RomaOggi\",\"url\":\"https:\\\/\\\/www.romaoggi.eu\\\/\",\"logo\":{\"@type\":\"ImageObject\",\"inLanguage\":\"it-IT\",\"@id\":\"https:\\\/\\\/www.romaoggi.eu\\\/#\\\/schema\\\/logo\\\/image\\\/\",\"url\":\"https:\\\/\\\/www.romaoggi.eu\\\/wp-content\\\/uploads\\\/2017\\\/04\\\/logowp.jpg\",\"contentUrl\":\"https:\\\/\\\/www.romaoggi.eu\\\/wp-content\\\/uploads\\\/2017\\\/04\\\/logowp.jpg\",\"width\":300,\"height\":133,\"caption\":\"RomaOggi\"},\"image\":{\"@id\":\"https:\\\/\\\/www.romaoggi.eu\\\/#\\\/schema\\\/logo\\\/image\\\/\"},\"sameAs\":[\"https:\\\/\\\/www.facebook.com\\\/RomaOggi-841544845954114\",\"https:\\\/\\\/x.com\\\/romaoggi_eu\"]},{\"@type\":\"Person\",\"@id\":\"https:\\\/\\\/www.romaoggi.eu\\\/#\\\/schema\\\/person\\\/9b23ceb6a2992a25e98c76a5f1fbb887\",\"name\":\"admin\",\"image\":{\"@type\":\"ImageObject\",\"inLanguage\":\"it-IT\",\"@id\":\"https:\\\/\\\/secure.gravatar.com\\\/avatar\\\/51b1e0a1f4159e3b5d89435fce5e1a348d6c59e2ff8c2d428dae75560aace504?s=96&d=mm&r=g\",\"url\":\"https:\\\/\\\/secure.gravatar.com\\\/avatar\\\/51b1e0a1f4159e3b5d89435fce5e1a348d6c59e2ff8c2d428dae75560aace504?s=96&d=mm&r=g\",\"contentUrl\":\"https:\\\/\\\/secure.gravatar.com\\\/avatar\\\/51b1e0a1f4159e3b5d89435fce5e1a348d6c59e2ff8c2d428dae75560aace504?s=96&d=mm&r=g\",\"caption\":\"admin\"},\"url\":\"https:\\\/\\\/www.romaoggi.eu\\\/index.php\\\/author\\\/admin\\\/\"}]}<\/script>\n<!-- \/ Yoast SEO plugin. -->","yoast_head_json":{"title":"Dani Bra in \"Leggerissimo ME\" al Teatro Cometa-OFF 27-30 Dicembre","description":"Con \"Leggerissimo ME\" Dani Bra ci regaler\u00e0 sorrisi di fine anno. Dopo il successo dell'anteprima nella scorsa Primavera, debutta al Teatro Cometa-OFF di","robots":{"index":"index","follow":"follow","max-snippet":"max-snippet:-1","max-image-preview":"max-image-preview:large","max-video-preview":"max-video-preview:-1"},"canonical":"https:\/\/www.romaoggi.eu\/index.php\/2022\/12\/09\/dani-bra-in-leggerissimo-me-al-teatro-cometa-off-27-30-dicembre\/","og_locale":"it_IT","og_type":"article","og_title":"Dani Bra in \"Leggerissimo ME\" al Teatro Cometa-OFF 27-30 Dicembre","og_description":"Con \"Leggerissimo ME\" Dani Bra ci regaler\u00e0 sorrisi di fine anno. Dopo il successo dell'anteprima nella scorsa Primavera, debutta al Teatro Cometa-OFF di","og_url":"https:\/\/www.romaoggi.eu\/index.php\/2022\/12\/09\/dani-bra-in-leggerissimo-me-al-teatro-cometa-off-27-30-dicembre\/","og_site_name":"roma oggi","article_publisher":"https:\/\/www.facebook.com\/RomaOggi-841544845954114","article_published_time":"2022-12-09T10:27:58+00:00","og_image":[{"width":1970,"height":980,"url":"https:\/\/www.romaoggi.eu\/wp-content\/uploads\/2022\/12\/ufffffffffaaaaaa.jpg","type":"image\/jpeg"}],"author":"admin","twitter_card":"summary_large_image","twitter_creator":"@romaoggi_eu","twitter_site":"@romaoggi_eu","twitter_misc":{"Scritto da":"admin","Tempo di lettura stimato":"3 minuti"},"schema":{"@context":"https:\/\/schema.org","@graph":[{"@type":"Article","@id":"https:\/\/www.romaoggi.eu\/index.php\/2022\/12\/09\/dani-bra-in-leggerissimo-me-al-teatro-cometa-off-27-30-dicembre\/#article","isPartOf":{"@id":"https:\/\/www.romaoggi.eu\/index.php\/2022\/12\/09\/dani-bra-in-leggerissimo-me-al-teatro-cometa-off-27-30-dicembre\/"},"author":{"name":"admin","@id":"https:\/\/www.romaoggi.eu\/#\/schema\/person\/9b23ceb6a2992a25e98c76a5f1fbb887"},"headline":"Dani Bra in &#8220;Leggerissimo ME&#8221; al Teatro Cometa-OFF 27-30 Dicembre","datePublished":"2022-12-09T10:27:58+00:00","mainEntityOfPage":{"@id":"https:\/\/www.romaoggi.eu\/index.php\/2022\/12\/09\/dani-bra-in-leggerissimo-me-al-teatro-cometa-off-27-30-dicembre\/"},"wordCount":481,"publisher":{"@id":"https:\/\/www.romaoggi.eu\/#organization"},"image":{"@id":"https:\/\/www.romaoggi.eu\/index.php\/2022\/12\/09\/dani-bra-in-leggerissimo-me-al-teatro-cometa-off-27-30-dicembre\/#primaryimage"},"thumbnailUrl":"https:\/\/www.romaoggi.eu\/wp-content\/uploads\/2022\/12\/ufffffffffaaaaaa.jpg","keywords":["cabaret","capodanno","comico","Dani Bra","leggerissimo me","marlene loredana filoni","monologo","Natale","risate","roma","teatro","testaccio"],"articleSection":["COMUNICATI STAMPA"],"inLanguage":"it-IT"},{"@type":"WebPage","@id":"https:\/\/www.romaoggi.eu\/index.php\/2022\/12\/09\/dani-bra-in-leggerissimo-me-al-teatro-cometa-off-27-30-dicembre\/","url":"https:\/\/www.romaoggi.eu\/index.php\/2022\/12\/09\/dani-bra-in-leggerissimo-me-al-teatro-cometa-off-27-30-dicembre\/","name":"Dani Bra in \"Leggerissimo ME\" al Teatro Cometa-OFF 27-30 Dicembre","isPartOf":{"@id":"https:\/\/www.romaoggi.eu\/#website"},"primaryImageOfPage":{"@id":"https:\/\/www.romaoggi.eu\/index.php\/2022\/12\/09\/dani-bra-in-leggerissimo-me-al-teatro-cometa-off-27-30-dicembre\/#primaryimage"},"image":{"@id":"https:\/\/www.romaoggi.eu\/index.php\/2022\/12\/09\/dani-bra-in-leggerissimo-me-al-teatro-cometa-off-27-30-dicembre\/#primaryimage"},"thumbnailUrl":"https:\/\/www.romaoggi.eu\/wp-content\/uploads\/2022\/12\/ufffffffffaaaaaa.jpg","datePublished":"2022-12-09T10:27:58+00:00","description":"Con \"Leggerissimo ME\" Dani Bra ci regaler\u00e0 sorrisi di fine anno. Dopo il successo dell'anteprima nella scorsa Primavera, debutta al Teatro Cometa-OFF di","breadcrumb":{"@id":"https:\/\/www.romaoggi.eu\/index.php\/2022\/12\/09\/dani-bra-in-leggerissimo-me-al-teatro-cometa-off-27-30-dicembre\/#breadcrumb"},"inLanguage":"it-IT","potentialAction":[{"@type":"ReadAction","target":["https:\/\/www.romaoggi.eu\/index.php\/2022\/12\/09\/dani-bra-in-leggerissimo-me-al-teatro-cometa-off-27-30-dicembre\/"]}]},{"@type":"ImageObject","inLanguage":"it-IT","@id":"https:\/\/www.romaoggi.eu\/index.php\/2022\/12\/09\/dani-bra-in-leggerissimo-me-al-teatro-cometa-off-27-30-dicembre\/#primaryimage","url":"https:\/\/www.romaoggi.eu\/wp-content\/uploads\/2022\/12\/ufffffffffaaaaaa.jpg","contentUrl":"https:\/\/www.romaoggi.eu\/wp-content\/uploads\/2022\/12\/ufffffffffaaaaaa.jpg","width":1970,"height":980,"caption":"ALT TAG LEGGERISSIMO ME"},{"@type":"BreadcrumbList","@id":"https:\/\/www.romaoggi.eu\/index.php\/2022\/12\/09\/dani-bra-in-leggerissimo-me-al-teatro-cometa-off-27-30-dicembre\/#breadcrumb","itemListElement":[{"@type":"ListItem","position":1,"name":"Home","item":"https:\/\/www.romaoggi.eu\/"},{"@type":"ListItem","position":2,"name":"Dani Bra in &#8220;Leggerissimo ME&#8221; al Teatro Cometa-OFF 27-30 Dicembre"}]},{"@type":"WebSite","@id":"https:\/\/www.romaoggi.eu\/#website","url":"https:\/\/www.romaoggi.eu\/","name":"roma oggi","description":"Interesting News for Interesting people","publisher":{"@id":"https:\/\/www.romaoggi.eu\/#organization"},"potentialAction":[{"@type":"SearchAction","target":{"@type":"EntryPoint","urlTemplate":"https:\/\/www.romaoggi.eu\/?s={search_term_string}"},"query-input":{"@type":"PropertyValueSpecification","valueRequired":true,"valueName":"search_term_string"}}],"inLanguage":"it-IT"},{"@type":"Organization","@id":"https:\/\/www.romaoggi.eu\/#organization","name":"RomaOggi","url":"https:\/\/www.romaoggi.eu\/","logo":{"@type":"ImageObject","inLanguage":"it-IT","@id":"https:\/\/www.romaoggi.eu\/#\/schema\/logo\/image\/","url":"https:\/\/www.romaoggi.eu\/wp-content\/uploads\/2017\/04\/logowp.jpg","contentUrl":"https:\/\/www.romaoggi.eu\/wp-content\/uploads\/2017\/04\/logowp.jpg","width":300,"height":133,"caption":"RomaOggi"},"image":{"@id":"https:\/\/www.romaoggi.eu\/#\/schema\/logo\/image\/"},"sameAs":["https:\/\/www.facebook.com\/RomaOggi-841544845954114","https:\/\/x.com\/romaoggi_eu"]},{"@type":"Person","@id":"https:\/\/www.romaoggi.eu\/#\/schema\/person\/9b23ceb6a2992a25e98c76a5f1fbb887","name":"admin","image":{"@type":"ImageObject","inLanguage":"it-IT","@id":"https:\/\/secure.gravatar.com\/avatar\/51b1e0a1f4159e3b5d89435fce5e1a348d6c59e2ff8c2d428dae75560aace504?s=96&d=mm&r=g","url":"https:\/\/secure.gravatar.com\/avatar\/51b1e0a1f4159e3b5d89435fce5e1a348d6c59e2ff8c2d428dae75560aace504?s=96&d=mm&r=g","contentUrl":"https:\/\/secure.gravatar.com\/avatar\/51b1e0a1f4159e3b5d89435fce5e1a348d6c59e2ff8c2d428dae75560aace504?s=96&d=mm&r=g","caption":"admin"},"url":"https:\/\/www.romaoggi.eu\/index.php\/author\/admin\/"}]}},"_links":{"self":[{"href":"https:\/\/www.romaoggi.eu\/index.php\/wp-json\/wp\/v2\/posts\/34480","targetHints":{"allow":["GET"]}}],"collection":[{"href":"https:\/\/www.romaoggi.eu\/index.php\/wp-json\/wp\/v2\/posts"}],"about":[{"href":"https:\/\/www.romaoggi.eu\/index.php\/wp-json\/wp\/v2\/types\/post"}],"author":[{"embeddable":true,"href":"https:\/\/www.romaoggi.eu\/index.php\/wp-json\/wp\/v2\/users\/1"}],"replies":[{"embeddable":true,"href":"https:\/\/www.romaoggi.eu\/index.php\/wp-json\/wp\/v2\/comments?post=34480"}],"version-history":[{"count":4,"href":"https:\/\/www.romaoggi.eu\/index.php\/wp-json\/wp\/v2\/posts\/34480\/revisions"}],"predecessor-version":[{"id":34485,"href":"https:\/\/www.romaoggi.eu\/index.php\/wp-json\/wp\/v2\/posts\/34480\/revisions\/34485"}],"wp:featuredmedia":[{"embeddable":true,"href":"https:\/\/www.romaoggi.eu\/index.php\/wp-json\/wp\/v2\/media\/34487"}],"wp:attachment":[{"href":"https:\/\/www.romaoggi.eu\/index.php\/wp-json\/wp\/v2\/media?parent=34480"}],"wp:term":[{"taxonomy":"category","embeddable":true,"href":"https:\/\/www.romaoggi.eu\/index.php\/wp-json\/wp\/v2\/categories?post=34480"},{"taxonomy":"post_tag","embeddable":true,"href":"https:\/\/www.romaoggi.eu\/index.php\/wp-json\/wp\/v2\/tags?post=34480"}],"curies":[{"name":"wp","href":"https:\/\/api.w.org\/{rel}","templated":true}]}}