{"id":34521,"date":"2022-12-15T20:45:38","date_gmt":"2022-12-15T19:45:38","guid":{"rendered":"https:\/\/www.romaoggi.eu\/?p=34521"},"modified":"2022-12-15T20:45:38","modified_gmt":"2022-12-15T19:45:38","slug":"il-tempo-che-mi-e-stato-dato-il-diario-strappato-di-adriana-martino-per-davide-ghaleb-editore","status":"publish","type":"post","link":"https:\/\/www.romaoggi.eu\/index.php\/2022\/12\/15\/il-tempo-che-mi-e-stato-dato-il-diario-strappato-di-adriana-martino-per-davide-ghaleb-editore\/","title":{"rendered":"&#8220;Il Tempo che mi \u00e8 stato dato. Il diario strappato&#8221; di Adriana Martino per  Davide Ghaleb Editore"},"content":{"rendered":"<p class=\"Stile169\" dir=\"ltr\" align=\"center\"><strong>Mercoled\u00ec 14 dicembre 2022 alle ore 18:00<\/strong><\/p>\n<p style=\"text-align: center\">presso la Libreria UBIK Spazio Sette<br \/>\nvia dei Barbieri, 7 &#8211; Roma<\/p>\n<p style=\"text-align: center\">si \u00e8 tenuta la presentazione del libro<\/p>\n<p style=\"text-align: center\"><strong>IL TEMPO CHE MI \u00c8 STATO DATO<br \/>\n<em>Il diario strappato<\/em><\/strong><\/p>\n<p style=\"text-align: center\">di <strong>Adriana Martino<\/strong><br \/>\n(Davide Ghaleb Editore)<\/p>\n<p class=\"links12\" style=\"text-align: center\"><span class=\"Stile169\">ha moderato<br \/>\n<\/span><strong><span class=\"Stile169\">Rory Cappelli<\/span><\/strong><\/p>\n<p class=\"links12\" style=\"text-align: center\">sono intervenuti<strong><br \/>\nGoffredo Bettini<\/strong><strong><br \/>\nSabrina Alfonsi<\/strong><br \/>\n<strong>Marcello Panni<\/strong><\/p>\n<p style=\"text-align: center\">letture<br \/>\n<strong>Annamaria Guarnieri<\/strong><br \/>\n<strong>David Gallarello<\/strong><\/p>\n<p align=\"LEFT\"><span style=\"color: #000000\"><span style=\"font-family: Times New Roman, serif\"><span style=\"font-size: medium\">Importanti ospiti sono intervenuti alla presentazione: <strong>Goffredo Bettini<\/strong> (politico italiano), <strong>Sabrina Alfonsi<\/strong> (Assessore al Comune di Roma) e <strong>Marcello Panni<\/strong> (Direttore d&#8217;ochestra e compositore italiano)<\/span><\/span><\/span><\/p>\n<p>Grande affluenza di pubblico.<\/p>\n<p align=\"JUSTIFY\"><span style=\"color: #000000\"><span style=\"font-family: Times New Roman, serif\"><span style=\"font-size: medium\">L&#8217;autrice Adriana Martino, cos\u00ec scrive del suo libro nella quarta di copertina:<br \/>\n&#8220;Nella mia lunga vita ho cambiato citt\u00e0, paesi e case ma ho sempre portato con me un piccolo quaderno a righe strappato in due pezzi che si teneva insieme malamente con delle strisce incollate le cui pagine si rendevano riconoscibili dal colore invecchiato dell\u2019inchiostro. Per raccontarne la storia devo risalire agli anni \u201940 quando abitavo a Roma con la mia famiglia e quando mio padre nel 1943 fece richiesta di essere trasferito a Padova avendo vinto una cattedra di professore di Economia e Commercio in un Istituto tecnico. Eravamo in pieno periodo di guerra e dopo qualche mese del nostro soggiorno anche a Padova cominciarono i bombardamenti aerei che ci costrinsero a sfollare in un paese vicino, Piove di Sacco.&#8221;<\/span><\/span><\/span><\/p>\n<p align=\"JUSTIFY\"><span style=\"color: #000000\"><span style=\"font-family: Times New Roman, serif\"><span style=\"font-size: medium\">Il volume \u00e8 il trentaseiesimo della collana \u201cFogli di vita\u201d diretta da Gabriella Norcia.\u00a0\u00a0<\/span><\/span><\/span><\/p>\n<p align=\"LEFT\"><strong><span style=\"font-family: Times New Roman, serif\"><span style=\"font-size: medium\">Spedizione gratuita solo in Italia<\/span><\/span><\/strong><\/p>\n<p><a href=\"http:\/\/www.ghaleb.it\/Eventi_2022_12_14.htm\">http:\/\/www.ghaleb.it\/Eventi_2022_12_14.htm<\/a><\/p>\n<p><strong>Redazione e foto a cura di Alessandro Lisci &#8211; Target LAb Ets<\/strong><\/p>\n<p align=\"JUSTIFY\"><strong><span style=\"color: #000000\"><span style=\"font-family: Times, serif\"><span style=\"font-size: medium\"><b>Sostieni il progetto fotografico di Target Lab Ets con una <\/b><\/span><\/span><\/span><\/strong><strong><span style=\"color: #ff0000\"><span style=\"font-family: Times, serif\"><span style=\"font-size: medium\"><b>donazione simbolica<\/b><\/span><\/span><\/span><\/strong><strong><span style=\"color: #000000\"><span style=\"font-family: Times, serif\"><span style=\"font-size: medium\"><b> tramite PayPal alla seguente mail TARGET.LSFC@GMAIL.COM <\/b><\/span><\/span><\/span><\/strong><\/p>\n<p align=\"JUSTIFY\"><span style=\"font-size: medium\"><strong><span style=\"color: #ff0000\"><span style=\"font-family: Times, serif\"><b>Devolvi il 5xmille nella prossima dichiarazione dei redditi a Target Lab Ets<\/b><\/span><\/span><\/strong><strong><span style=\"color: #000000\"><span style=\"font-family: Times, serif\"><b> inserendo il <\/b><\/span><\/span><\/strong><strong><span style=\"color: #ff0000\"><span style=\"font-family: Times, serif\"><b>CF : 96498910585<\/b><\/span><\/span><\/strong><strong><span style=\"color: #000000\"><span style=\"font-family: Times, serif\"><b> riquadro Enti Terzo Settore e Aps per finanziare futuri progetti fotografici a ricaduta sociale <\/b><\/span><\/span><\/strong><\/span><\/p>\n<figure id=\"attachment_34543\" aria-describedby=\"caption-attachment-34543\" style=\"width: 1205px\" class=\"wp-caption alignnone\"><img loading=\"lazy\" decoding=\"async\" class=\" wp-image-34543\" src=\"https:\/\/www.romaoggi.eu\/wp-content\/uploads\/2022\/12\/DSC_4171ADRIANA-MARTINO-PRESENTAZIONE-\u00a9-Alessandro-Lisci-Target-Lab-Ets-3316379346-300x200.jpg\" alt=\"alt tag target lab ets\" width=\"1205\" height=\"803\" srcset=\"https:\/\/www.romaoggi.eu\/wp-content\/uploads\/2022\/12\/DSC_4171ADRIANA-MARTINO-PRESENTAZIONE-\u00a9-Alessandro-Lisci-Target-Lab-Ets-3316379346-300x200.jpg 300w, https:\/\/www.romaoggi.eu\/wp-content\/uploads\/2022\/12\/DSC_4171ADRIANA-MARTINO-PRESENTAZIONE-\u00a9-Alessandro-Lisci-Target-Lab-Ets-3316379346.jpg 1020w\" sizes=\"auto, (max-width: 1205px) 100vw, 1205px\" \/><figcaption id=\"caption-attachment-34543\" class=\"wp-caption-text\"><strong>Annamaria Guarnieri. Libreria Ubik \u00a9 Alessandro Lisci &#8211; Target Lab Ets 3316379346<\/strong><\/figcaption><\/figure>\n<figure id=\"attachment_34542\" aria-describedby=\"caption-attachment-34542\" style=\"width: 1242px\" class=\"wp-caption alignnone\"><img loading=\"lazy\" decoding=\"async\" class=\" wp-image-34542\" src=\"https:\/\/www.romaoggi.eu\/wp-content\/uploads\/2022\/12\/DSC_4172ADRIANA-MARTINO-PRESENTAZIONE-\u00a9-Alessandro-Lisci-Target-Lab-Ets-3316379346-300x200.jpg\" alt=\"\" width=\"1242\" height=\"828\" srcset=\"https:\/\/www.romaoggi.eu\/wp-content\/uploads\/2022\/12\/DSC_4172ADRIANA-MARTINO-PRESENTAZIONE-\u00a9-Alessandro-Lisci-Target-Lab-Ets-3316379346-300x200.jpg 300w, https:\/\/www.romaoggi.eu\/wp-content\/uploads\/2022\/12\/DSC_4172ADRIANA-MARTINO-PRESENTAZIONE-\u00a9-Alessandro-Lisci-Target-Lab-Ets-3316379346.jpg 1020w\" sizes=\"auto, (max-width: 1242px) 100vw, 1242px\" \/><figcaption id=\"caption-attachment-34542\" class=\"wp-caption-text\"><\/strong> <strong>IL TEMPO CHE MI \u00c8 STATO DATO presentazione presso la libreria Ubik \u00a9 Alessandro Lisci &#8211; Target Lab Ets 3316379346<\/strong><\/figcaption><\/figure>\n<figure id=\"attachment_34538\" aria-describedby=\"caption-attachment-34538\" style=\"width: 1217px\" class=\"wp-caption alignnone\"><img loading=\"lazy\" decoding=\"async\" class=\" wp-image-34538\" src=\"https:\/\/www.romaoggi.eu\/wp-content\/uploads\/2022\/12\/DSC_4190ADRIANA-MARTINO-PRESENTAZIONE-\u00a9-Alessandro-Lisci-Target-Lab-Ets-3316379346-300x200.jpg\" alt=\"alt tag target lab ets\" width=\"1217\" height=\"811\" srcset=\"https:\/\/www.romaoggi.eu\/wp-content\/uploads\/2022\/12\/DSC_4190ADRIANA-MARTINO-PRESENTAZIONE-\u00a9-Alessandro-Lisci-Target-Lab-Ets-3316379346-300x200.jpg 300w, https:\/\/www.romaoggi.eu\/wp-content\/uploads\/2022\/12\/DSC_4190ADRIANA-MARTINO-PRESENTAZIONE-\u00a9-Alessandro-Lisci-Target-Lab-Ets-3316379346.jpg 1020w\" sizes=\"auto, (max-width: 1217px) 100vw, 1217px\" \/><figcaption id=\"caption-attachment-34538\" class=\"wp-caption-text\"><\/strong> <strong>Guarnieri, Gallarello, Rory Cappelli e sabrina Alfonsi, Libreria Ubik \u00a9 Alessandro Lisci &#8211; Target Lab Ets 3316379346<\/strong><\/figcaption><\/figure>\n<figure id=\"attachment_34537\" aria-describedby=\"caption-attachment-34537\" style=\"width: 1197px\" class=\"wp-caption alignnone\"><img loading=\"lazy\" decoding=\"async\" class=\" wp-image-34537\" src=\"https:\/\/www.romaoggi.eu\/wp-content\/uploads\/2022\/12\/DSC_4192ADRIANA-MARTINO-PRESENTAZIONE-\u00a9-Alessandro-Lisci-Target-Lab-Ets-3316379346-300x200.jpg\" alt=\"alt tag target lab ets\" width=\"1197\" height=\"798\" srcset=\"https:\/\/www.romaoggi.eu\/wp-content\/uploads\/2022\/12\/DSC_4192ADRIANA-MARTINO-PRESENTAZIONE-\u00a9-Alessandro-Lisci-Target-Lab-Ets-3316379346-300x200.jpg 300w, https:\/\/www.romaoggi.eu\/wp-content\/uploads\/2022\/12\/DSC_4192ADRIANA-MARTINO-PRESENTAZIONE-\u00a9-Alessandro-Lisci-Target-Lab-Ets-3316379346.jpg 1020w\" sizes=\"auto, (max-width: 1197px) 100vw, 1197px\" \/><figcaption id=\"caption-attachment-34537\" class=\"wp-caption-text\"><\/strong> <strong>IL TEMPO CHE MI \u00c8 STATO DATO. Presentazione presso la libreria Ubik \u00a9 Alessandro Lisci &#8211; Target Lab Ets 3316379346<\/strong><\/figcaption><\/figure>\n<figure id=\"attachment_34535\" aria-describedby=\"caption-attachment-34535\" style=\"width: 1178px\" class=\"wp-caption alignnone\"><img loading=\"lazy\" decoding=\"async\" class=\" wp-image-34535\" src=\"https:\/\/www.romaoggi.eu\/wp-content\/uploads\/2022\/12\/DSC_4231ADRIANA-MARTINO-PRESENTAZIONE-\u00a9-Alessandro-Lisci-Target-Lab-Ets-3316379346-300x200.jpg\" alt=\"alt tag target lab ets\" width=\"1178\" height=\"785\" srcset=\"https:\/\/www.romaoggi.eu\/wp-content\/uploads\/2022\/12\/DSC_4231ADRIANA-MARTINO-PRESENTAZIONE-\u00a9-Alessandro-Lisci-Target-Lab-Ets-3316379346-300x200.jpg 300w, https:\/\/www.romaoggi.eu\/wp-content\/uploads\/2022\/12\/DSC_4231ADRIANA-MARTINO-PRESENTAZIONE-\u00a9-Alessandro-Lisci-Target-Lab-Ets-3316379346.jpg 1020w\" sizes=\"auto, (max-width: 1178px) 100vw, 1178px\" \/><figcaption id=\"caption-attachment-34535\" class=\"wp-caption-text\"><\/strong> <strong>Goffredo Bettini e Marcello Panni, Libreria Ubik \u00a9 Alessandro Lisci &#8211; Target Lab Ets 3316379346<\/strong><\/figcaption><\/figure>\n<figure id=\"attachment_34541\" aria-describedby=\"caption-attachment-34541\" style=\"width: 1223px\" class=\"wp-caption alignnone\"><img loading=\"lazy\" decoding=\"async\" class=\" wp-image-34541\" src=\"https:\/\/www.romaoggi.eu\/wp-content\/uploads\/2022\/12\/DSC_4175ADRIANA-MARTINO-PRESENTAZIONE-\u00a9-Alessandro-Lisci-Target-Lab-Ets-3316379346-300x200.jpg\" alt=\"alt tag target lab ets\" width=\"1223\" height=\"815\" srcset=\"https:\/\/www.romaoggi.eu\/wp-content\/uploads\/2022\/12\/DSC_4175ADRIANA-MARTINO-PRESENTAZIONE-\u00a9-Alessandro-Lisci-Target-Lab-Ets-3316379346-300x200.jpg 300w, https:\/\/www.romaoggi.eu\/wp-content\/uploads\/2022\/12\/DSC_4175ADRIANA-MARTINO-PRESENTAZIONE-\u00a9-Alessandro-Lisci-Target-Lab-Ets-3316379346.jpg 1020w\" sizes=\"auto, (max-width: 1223px) 100vw, 1223px\" \/><figcaption id=\"caption-attachment-34541\" class=\"wp-caption-text\"><\/strong> <strong>IL TEMPO CHE MI \u00c8 STATO DATO. Presentazione presso la libreria Ubik \u00a9 Alessandro Lisci &#8211; Target Lab Ets 3316379346<\/strong><\/figcaption><\/figure>\n<figure id=\"attachment_34536\" aria-describedby=\"caption-attachment-34536\" style=\"width: 1283px\" class=\"wp-caption alignnone\"><img loading=\"lazy\" decoding=\"async\" class=\" wp-image-34536\" src=\"https:\/\/www.romaoggi.eu\/wp-content\/uploads\/2022\/12\/DSC_4197ADRIANA-MARTINO-PRESENTAZIONE-\u00a9-Alessandro-Lisci-Target-Lab-Ets-3316379346-300x200.jpg\" alt=\"alt tag target lab ets\" width=\"1283\" height=\"855\" srcset=\"https:\/\/www.romaoggi.eu\/wp-content\/uploads\/2022\/12\/DSC_4197ADRIANA-MARTINO-PRESENTAZIONE-\u00a9-Alessandro-Lisci-Target-Lab-Ets-3316379346-300x200.jpg 300w, https:\/\/www.romaoggi.eu\/wp-content\/uploads\/2022\/12\/DSC_4197ADRIANA-MARTINO-PRESENTAZIONE-\u00a9-Alessandro-Lisci-Target-Lab-Ets-3316379346.jpg 1020w\" sizes=\"auto, (max-width: 1283px) 100vw, 1283px\" \/><figcaption id=\"caption-attachment-34536\" class=\"wp-caption-text\"><\/strong> <strong>David Gallarello, Rory Cappelli. Libreria Ubik \u00a9 Alessandro Lisci &#8211; Target Lab Ets 3316379346<\/strong><\/figcaption><\/figure>\n<figure id=\"attachment_34534\" aria-describedby=\"caption-attachment-34534\" style=\"width: 1211px\" class=\"wp-caption alignnone\"><img loading=\"lazy\" decoding=\"async\" class=\" wp-image-34534\" src=\"https:\/\/www.romaoggi.eu\/wp-content\/uploads\/2022\/12\/DSC_4249ADRIANA-MARTINO-PRESENTAZIONE-\u00a9-Alessandro-Lisci-Target-Lab-Ets-3316379346-300x200.jpg\" alt=\"alt tag target lab ets\" width=\"1211\" height=\"807\" srcset=\"https:\/\/www.romaoggi.eu\/wp-content\/uploads\/2022\/12\/DSC_4249ADRIANA-MARTINO-PRESENTAZIONE-\u00a9-Alessandro-Lisci-Target-Lab-Ets-3316379346-300x200.jpg 300w, https:\/\/www.romaoggi.eu\/wp-content\/uploads\/2022\/12\/DSC_4249ADRIANA-MARTINO-PRESENTAZIONE-\u00a9-Alessandro-Lisci-Target-Lab-Ets-3316379346.jpg 1020w\" sizes=\"auto, (max-width: 1211px) 100vw, 1211px\" \/><figcaption id=\"caption-attachment-34534\" class=\"wp-caption-text\"><\/strong> <strong>IL TEMPO CHE MI \u00c8 STATO DATO presentazione presso la libreria Ubik \u00a9 Alessandro Lisci &#8211; Target Lab Ets 3316379346<\/strong><\/figcaption><\/figure>\n<figure id=\"attachment_34533\" aria-describedby=\"caption-attachment-34533\" style=\"width: 1169px\" class=\"wp-caption alignnone\"><img loading=\"lazy\" decoding=\"async\" class=\" wp-image-34533\" src=\"https:\/\/www.romaoggi.eu\/wp-content\/uploads\/2022\/12\/DSC_4250ADRIANA-MARTINO-PRESENTAZIONE-\u00a9-Alessandro-Lisci-Target-Lab-Ets-3316379346-300x200.jpg\" alt=\"Alt tag Sabrina Alfonsi\" width=\"1169\" height=\"779\" srcset=\"https:\/\/www.romaoggi.eu\/wp-content\/uploads\/2022\/12\/DSC_4250ADRIANA-MARTINO-PRESENTAZIONE-\u00a9-Alessandro-Lisci-Target-Lab-Ets-3316379346-300x200.jpg 300w, https:\/\/www.romaoggi.eu\/wp-content\/uploads\/2022\/12\/DSC_4250ADRIANA-MARTINO-PRESENTAZIONE-\u00a9-Alessandro-Lisci-Target-Lab-Ets-3316379346.jpg 1020w\" sizes=\"auto, (max-width: 1169px) 100vw, 1169px\" \/><figcaption id=\"caption-attachment-34533\" class=\"wp-caption-text\"><\/strong> <strong>Gallarello, Rory Cappelli e Sabrina Alfonsi. Libreria Ubik \u00a9 Alessandro Lisci &#8211; Target Lab Ets 3316379346<\/strong><\/figcaption><\/figure>\n<figure id=\"attachment_34531\" aria-describedby=\"caption-attachment-34531\" style=\"width: 1212px\" class=\"wp-caption alignnone\"><img loading=\"lazy\" decoding=\"async\" class=\" wp-image-34531\" src=\"https:\/\/www.romaoggi.eu\/wp-content\/uploads\/2022\/12\/DSC_4257ADRIANA-MARTINO-PRESENTAZIONE-\u00a9-Alessandro-Lisci-Target-Lab-Ets-3316379346-300x200.jpg\" alt=\"Alt Tag Sabrina Alfonsi\" width=\"1212\" height=\"808\" srcset=\"https:\/\/www.romaoggi.eu\/wp-content\/uploads\/2022\/12\/DSC_4257ADRIANA-MARTINO-PRESENTAZIONE-\u00a9-Alessandro-Lisci-Target-Lab-Ets-3316379346-300x200.jpg 300w, https:\/\/www.romaoggi.eu\/wp-content\/uploads\/2022\/12\/DSC_4257ADRIANA-MARTINO-PRESENTAZIONE-\u00a9-Alessandro-Lisci-Target-Lab-Ets-3316379346.jpg 1020w\" sizes=\"auto, (max-width: 1212px) 100vw, 1212px\" \/><figcaption id=\"caption-attachment-34531\" class=\"wp-caption-text\"><\/strong> <strong>Guarnieri, Gallarello, Rory Cappelli e Sabrina Alfonsi Libreria Ubik \u00a9 Alessandro Lisci &#8211; Target Lab Ets 3316379346<\/strong><\/figcaption><\/figure>\n<figure id=\"attachment_34532\" aria-describedby=\"caption-attachment-34532\" style=\"width: 1193px\" class=\"wp-caption alignnone\"><img loading=\"lazy\" decoding=\"async\" class=\" wp-image-34532\" src=\"https:\/\/www.romaoggi.eu\/wp-content\/uploads\/2022\/12\/DSC_4253ADRIANA-MARTINO-PRESENTAZIONE-\u00a9-Alessandro-Lisci-Target-Lab-Ets-3316379346-300x200.jpg\" alt=\"Alt tag Target Lab Ets\" width=\"1193\" height=\"795\" srcset=\"https:\/\/www.romaoggi.eu\/wp-content\/uploads\/2022\/12\/DSC_4253ADRIANA-MARTINO-PRESENTAZIONE-\u00a9-Alessandro-Lisci-Target-Lab-Ets-3316379346-300x200.jpg 300w, https:\/\/www.romaoggi.eu\/wp-content\/uploads\/2022\/12\/DSC_4253ADRIANA-MARTINO-PRESENTAZIONE-\u00a9-Alessandro-Lisci-Target-Lab-Ets-3316379346.jpg 1020w\" sizes=\"auto, (max-width: 1193px) 100vw, 1193px\" \/><figcaption id=\"caption-attachment-34532\" class=\"wp-caption-text\"><\/strong> <strong>IL TEMPO CHE MI \u00c8 STATO DATO. Presentazione presso la libreria Ubik \u00a9 Alessandro Lisci &#8211; Target Lab Ets 3316379346<\/strong><\/figcaption><\/figure>\n<figure id=\"attachment_34530\" aria-describedby=\"caption-attachment-34530\" style=\"width: 1199px\" class=\"wp-caption alignnone\"><img loading=\"lazy\" decoding=\"async\" class=\" wp-image-34530\" src=\"https:\/\/www.romaoggi.eu\/wp-content\/uploads\/2022\/12\/DSC_4268ADRIANA-MARTINO-PRESENTAZIONE-\u00a9-Alessandro-Lisci-Target-Lab-Ets-3316379346-300x200.jpg\" alt=\"Alt tag Target Lab Ets\" width=\"1199\" height=\"799\" srcset=\"https:\/\/www.romaoggi.eu\/wp-content\/uploads\/2022\/12\/DSC_4268ADRIANA-MARTINO-PRESENTAZIONE-\u00a9-Alessandro-Lisci-Target-Lab-Ets-3316379346-300x200.jpg 300w, https:\/\/www.romaoggi.eu\/wp-content\/uploads\/2022\/12\/DSC_4268ADRIANA-MARTINO-PRESENTAZIONE-\u00a9-Alessandro-Lisci-Target-Lab-Ets-3316379346.jpg 1020w\" sizes=\"auto, (max-width: 1199px) 100vw, 1199px\" \/><figcaption id=\"caption-attachment-34530\" class=\"wp-caption-text\"><\/strong> <strong>IL TEMPO CHE MI \u00c8 STATO DATO. Presentazione presso la libreria Ubik \u00a9 Alessandro Lisci &#8211; Target Lab Ets 3316379346<\/strong><\/figcaption><\/figure>\n<figure id=\"attachment_34529\" aria-describedby=\"caption-attachment-34529\" style=\"width: 1238px\" class=\"wp-caption alignnone\"><img loading=\"lazy\" decoding=\"async\" class=\" wp-image-34529\" src=\"https:\/\/www.romaoggi.eu\/wp-content\/uploads\/2022\/12\/DSC_4272ADRIANA-MARTINO-PRESENTAZIONE-\u00a9-Alessandro-Lisci-Target-Lab-Ets-3316379346-300x200.jpg\" alt=\"Alt tag Target Lab Ets\" width=\"1238\" height=\"825\" srcset=\"https:\/\/www.romaoggi.eu\/wp-content\/uploads\/2022\/12\/DSC_4272ADRIANA-MARTINO-PRESENTAZIONE-\u00a9-Alessandro-Lisci-Target-Lab-Ets-3316379346-300x200.jpg 300w, https:\/\/www.romaoggi.eu\/wp-content\/uploads\/2022\/12\/DSC_4272ADRIANA-MARTINO-PRESENTAZIONE-\u00a9-Alessandro-Lisci-Target-Lab-Ets-3316379346.jpg 1020w\" sizes=\"auto, (max-width: 1238px) 100vw, 1238px\" \/><figcaption id=\"caption-attachment-34529\" class=\"wp-caption-text\"><\/strong> <strong>IL TEMPO CHE MI \u00c8 STATO DATO. Presentazione presso la libreria Ubik \u00a9 Alessandro Lisci &#8211; Target Lab Ets 3316379346<\/strong><\/figcaption><\/figure>\n<figure id=\"attachment_34528\" aria-describedby=\"caption-attachment-34528\" style=\"width: 1175px\" class=\"wp-caption alignnone\"><img loading=\"lazy\" decoding=\"async\" class=\" wp-image-34528\" src=\"https:\/\/www.romaoggi.eu\/wp-content\/uploads\/2022\/12\/DSC_4288ADRIANA-MARTINO-PRESENTAZIONE-\u00a9-Alessandro-Lisci-Target-Lab-Ets-3316379346-300x200.jpg\" alt=\"Alt tag Target Lab Ets\" width=\"1175\" height=\"783\" srcset=\"https:\/\/www.romaoggi.eu\/wp-content\/uploads\/2022\/12\/DSC_4288ADRIANA-MARTINO-PRESENTAZIONE-\u00a9-Alessandro-Lisci-Target-Lab-Ets-3316379346-300x200.jpg 300w, https:\/\/www.romaoggi.eu\/wp-content\/uploads\/2022\/12\/DSC_4288ADRIANA-MARTINO-PRESENTAZIONE-\u00a9-Alessandro-Lisci-Target-Lab-Ets-3316379346.jpg 1020w\" sizes=\"auto, (max-width: 1175px) 100vw, 1175px\" \/><figcaption id=\"caption-attachment-34528\" class=\"wp-caption-text\"><\/strong> <strong>Firma copie di Adriana Martino. Libreria Ubik \u00a9 Alessandro Lisci &#8211; Target Lab Ets 3316379346<\/strong><\/figcaption><\/figure>\n<figure id=\"attachment_34540\" aria-describedby=\"caption-attachment-34540\" style=\"width: 1238px\" class=\"wp-caption alignnone\"><img loading=\"lazy\" decoding=\"async\" class=\" wp-image-34540\" src=\"https:\/\/www.romaoggi.eu\/wp-content\/uploads\/2022\/12\/DSC_4177ADRIANA-MARTINO-PRESENTAZIONE-\u00a9-Alessandro-Lisci-Target-Lab-Ets-3316379346-300x200.jpg\" alt=\"alt tag target lab ets\" width=\"1238\" height=\"825\" srcset=\"https:\/\/www.romaoggi.eu\/wp-content\/uploads\/2022\/12\/DSC_4177ADRIANA-MARTINO-PRESENTAZIONE-\u00a9-Alessandro-Lisci-Target-Lab-Ets-3316379346-300x200.jpg 300w, https:\/\/www.romaoggi.eu\/wp-content\/uploads\/2022\/12\/DSC_4177ADRIANA-MARTINO-PRESENTAZIONE-\u00a9-Alessandro-Lisci-Target-Lab-Ets-3316379346.jpg 1020w\" sizes=\"auto, (max-width: 1238px) 100vw, 1238px\" \/><figcaption id=\"caption-attachment-34540\" class=\"wp-caption-text\"><\/strong> <strong>Davide Ghaleb Editore. Libreria Ubik \u00a9 Alessandro Lisci &#8211; Target Lab Ets 3316379346<\/strong><\/figcaption><\/figure>\n<figure id=\"attachment_34539\" aria-describedby=\"caption-attachment-34539\" style=\"width: 1157px\" class=\"wp-caption alignnone\"><img loading=\"lazy\" decoding=\"async\" class=\" wp-image-34539\" src=\"https:\/\/www.romaoggi.eu\/wp-content\/uploads\/2022\/12\/DSC_4188ADRIANA-MARTINO-PRESENTAZIONE-\u00a9-Alessandro-Lisci-Target-Lab-Ets-3316379346-300x200.jpg\" alt=\"alt tag target lab ets\" width=\"1157\" height=\"771\" srcset=\"https:\/\/www.romaoggi.eu\/wp-content\/uploads\/2022\/12\/DSC_4188ADRIANA-MARTINO-PRESENTAZIONE-\u00a9-Alessandro-Lisci-Target-Lab-Ets-3316379346-300x200.jpg 300w, https:\/\/www.romaoggi.eu\/wp-content\/uploads\/2022\/12\/DSC_4188ADRIANA-MARTINO-PRESENTAZIONE-\u00a9-Alessandro-Lisci-Target-Lab-Ets-3316379346.jpg 1020w\" sizes=\"auto, (max-width: 1157px) 100vw, 1157px\" \/><figcaption id=\"caption-attachment-34539\" class=\"wp-caption-text\"><\/strong> <strong>David Gallarello e Annamaria Guarnieri Libreria Ubik\u00a0 Alessandro Lisci &#8211; Target Lab Ets 3316379346<\/strong><\/figcaption><\/figure>\n","protected":false},"excerpt":{"rendered":"<div class=\"mh-excerpt\"><p>Mercoled\u00ec 14 dicembre 2022 alle ore 18:00 presso la Libreria UBIK Spazio Sette via dei Barbieri, 7 &#8211; Roma si \u00e8 tenuta la presentazione del libro IL TEMPO CHE MI \u00c8 STATO DATO Il diario <a class=\"mh-excerpt-more\" href=\"https:\/\/www.romaoggi.eu\/index.php\/2022\/12\/15\/il-tempo-che-mi-e-stato-dato-il-diario-strappato-di-adriana-martino-per-davide-ghaleb-editore\/\" title=\"&#8220;Il Tempo che mi \u00e8 stato dato. Il diario strappato&#8221; di Adriana Martino per  Davide Ghaleb Editore\">[&#8230;]<\/a><\/p>\n<\/div>","protected":false},"author":17,"featured_media":34545,"comment_status":"closed","ping_status":"open","sticky":false,"template":"","format":"standard","meta":{"_sitemap_exclude":false,"_sitemap_priority":"","_sitemap_frequency":"","footnotes":""},"categories":[10],"tags":[16702,16705,16706,16707,16699,16704,16703,13631,16700,2290,15567],"class_list":["post-34521","post","type-post","status-publish","format-standard","has-post-thumbnail","hentry","category-libri","tag-adriana-martino","tag-annamaria-guarnieri","tag-david-gallarello","tag-gabriella-norcia","tag-goffredo-bettini","tag-il-diario-strappato","tag-il-tempo-che-mi-e-stato-dato","tag-marcello-panni","tag-rory-cappelli","tag-sabrina-alfonsi","tag-target-lab-ets"],"yoast_head":"<!-- This site is optimized with the Yoast SEO plugin v27.5 - https:\/\/yoast.com\/product\/yoast-seo-wordpress\/ -->\n<title>&quot;Il Tempo che mi \u00e8 stato dato. Il diario strappato&quot; di Adriana Martino per Davide Ghaleb Editore<\/title>\n<meta name=\"description\" content=\"Mercoled\u00ec 14 dicembre 2022 alle ore 18:00 presso la Libreria UBIK Spazio Sette via dei Barbieri, 7 - Roma si \u00e8 tenuta la presentazione del libro IL TEMPO\" \/>\n<meta name=\"robots\" content=\"index, follow, max-snippet:-1, max-image-preview:large, max-video-preview:-1\" \/>\n<link rel=\"canonical\" href=\"https:\/\/www.romaoggi.eu\/index.php\/2022\/12\/15\/il-tempo-che-mi-e-stato-dato-il-diario-strappato-di-adriana-martino-per-davide-ghaleb-editore\/\" \/>\n<meta property=\"og:locale\" content=\"it_IT\" \/>\n<meta property=\"og:type\" content=\"article\" \/>\n<meta property=\"og:title\" content=\"&quot;Il Tempo che mi \u00e8 stato dato. Il diario strappato&quot; di Adriana Martino per Davide Ghaleb Editore\" \/>\n<meta property=\"og:description\" content=\"Mercoled\u00ec 14 dicembre 2022 alle ore 18:00 presso la Libreria UBIK Spazio Sette via dei Barbieri, 7 - Roma si \u00e8 tenuta la presentazione del libro IL TEMPO\" \/>\n<meta property=\"og:url\" content=\"https:\/\/www.romaoggi.eu\/index.php\/2022\/12\/15\/il-tempo-che-mi-e-stato-dato-il-diario-strappato-di-adriana-martino-per-davide-ghaleb-editore\/\" \/>\n<meta property=\"og:site_name\" content=\"roma oggi\" \/>\n<meta property=\"article:publisher\" content=\"https:\/\/www.facebook.com\/RomaOggi-841544845954114\" \/>\n<meta property=\"article:published_time\" content=\"2022-12-15T19:45:38+00:00\" \/>\n<meta property=\"og:image\" content=\"https:\/\/www.romaoggi.eu\/wp-content\/uploads\/2022\/12\/DSC_4163ADRIANA-MARTINO-PRESENTAZIONE-\u00a9-Alessandro-Lisci-Target-Lab-Ets-3316379346-1.jpg\" \/>\n\t<meta property=\"og:image:width\" content=\"1020\" \/>\n\t<meta property=\"og:image:height\" content=\"681\" \/>\n\t<meta property=\"og:image:type\" content=\"image\/jpeg\" \/>\n<meta name=\"author\" content=\"Target Lab Ets\" \/>\n<meta name=\"twitter:card\" content=\"summary_large_image\" \/>\n<meta name=\"twitter:creator\" content=\"@romaoggi_eu\" \/>\n<meta name=\"twitter:site\" content=\"@romaoggi_eu\" \/>\n<meta name=\"twitter:label1\" content=\"Scritto da\" \/>\n\t<meta name=\"twitter:data1\" content=\"Target Lab Ets\" \/>\n\t<meta name=\"twitter:label2\" content=\"Tempo di lettura stimato\" \/>\n\t<meta name=\"twitter:data2\" content=\"7 minuti\" \/>\n<script type=\"application\/ld+json\" class=\"yoast-schema-graph\">{\"@context\":\"https:\\\/\\\/schema.org\",\"@graph\":[{\"@type\":\"Article\",\"@id\":\"https:\\\/\\\/www.romaoggi.eu\\\/index.php\\\/2022\\\/12\\\/15\\\/il-tempo-che-mi-e-stato-dato-il-diario-strappato-di-adriana-martino-per-davide-ghaleb-editore\\\/#article\",\"isPartOf\":{\"@id\":\"https:\\\/\\\/www.romaoggi.eu\\\/index.php\\\/2022\\\/12\\\/15\\\/il-tempo-che-mi-e-stato-dato-il-diario-strappato-di-adriana-martino-per-davide-ghaleb-editore\\\/\"},\"author\":{\"name\":\"Target Lab Ets\",\"@id\":\"https:\\\/\\\/www.romaoggi.eu\\\/#\\\/schema\\\/person\\\/72b8cfc6de60caeb335267c8e21d90fb\"},\"headline\":\"&#8220;Il Tempo che mi \u00e8 stato dato. Il diario strappato&#8221; di Adriana Martino per Davide Ghaleb Editore\",\"datePublished\":\"2022-12-15T19:45:38+00:00\",\"mainEntityOfPage\":{\"@id\":\"https:\\\/\\\/www.romaoggi.eu\\\/index.php\\\/2022\\\/12\\\/15\\\/il-tempo-che-mi-e-stato-dato-il-diario-strappato-di-adriana-martino-per-davide-ghaleb-editore\\\/\"},\"wordCount\":664,\"publisher\":{\"@id\":\"https:\\\/\\\/www.romaoggi.eu\\\/#organization\"},\"image\":{\"@id\":\"https:\\\/\\\/www.romaoggi.eu\\\/index.php\\\/2022\\\/12\\\/15\\\/il-tempo-che-mi-e-stato-dato-il-diario-strappato-di-adriana-martino-per-davide-ghaleb-editore\\\/#primaryimage\"},\"thumbnailUrl\":\"https:\\\/\\\/www.romaoggi.eu\\\/wp-content\\\/uploads\\\/2022\\\/12\\\/DSC_4163ADRIANA-MARTINO-PRESENTAZIONE-\u00a9-Alessandro-Lisci-Target-Lab-Ets-3316379346-1.jpg\",\"keywords\":[\"Adriana Martino\",\"Annamaria Guarnieri\",\"David Gallarello\",\"Gabriella Norcia\",\"Goffredo Bettini\",\"Il Diario strappato\",\"Il Tempo che mi \u00e8 Stato dato\",\"Marcello Panni\",\"Rory Cappelli\",\"Sabrina Alfonsi\",\"target lab ets\"],\"articleSection\":[\"Libri\"],\"inLanguage\":\"it-IT\"},{\"@type\":\"WebPage\",\"@id\":\"https:\\\/\\\/www.romaoggi.eu\\\/index.php\\\/2022\\\/12\\\/15\\\/il-tempo-che-mi-e-stato-dato-il-diario-strappato-di-adriana-martino-per-davide-ghaleb-editore\\\/\",\"url\":\"https:\\\/\\\/www.romaoggi.eu\\\/index.php\\\/2022\\\/12\\\/15\\\/il-tempo-che-mi-e-stato-dato-il-diario-strappato-di-adriana-martino-per-davide-ghaleb-editore\\\/\",\"name\":\"\\\"Il Tempo che mi \u00e8 stato dato. Il diario strappato\\\" di Adriana Martino per Davide Ghaleb Editore\",\"isPartOf\":{\"@id\":\"https:\\\/\\\/www.romaoggi.eu\\\/#website\"},\"primaryImageOfPage\":{\"@id\":\"https:\\\/\\\/www.romaoggi.eu\\\/index.php\\\/2022\\\/12\\\/15\\\/il-tempo-che-mi-e-stato-dato-il-diario-strappato-di-adriana-martino-per-davide-ghaleb-editore\\\/#primaryimage\"},\"image\":{\"@id\":\"https:\\\/\\\/www.romaoggi.eu\\\/index.php\\\/2022\\\/12\\\/15\\\/il-tempo-che-mi-e-stato-dato-il-diario-strappato-di-adriana-martino-per-davide-ghaleb-editore\\\/#primaryimage\"},\"thumbnailUrl\":\"https:\\\/\\\/www.romaoggi.eu\\\/wp-content\\\/uploads\\\/2022\\\/12\\\/DSC_4163ADRIANA-MARTINO-PRESENTAZIONE-\u00a9-Alessandro-Lisci-Target-Lab-Ets-3316379346-1.jpg\",\"datePublished\":\"2022-12-15T19:45:38+00:00\",\"description\":\"Mercoled\u00ec 14 dicembre 2022 alle ore 18:00 presso la Libreria UBIK Spazio Sette via dei Barbieri, 7 - Roma si \u00e8 tenuta la presentazione del libro IL TEMPO\",\"breadcrumb\":{\"@id\":\"https:\\\/\\\/www.romaoggi.eu\\\/index.php\\\/2022\\\/12\\\/15\\\/il-tempo-che-mi-e-stato-dato-il-diario-strappato-di-adriana-martino-per-davide-ghaleb-editore\\\/#breadcrumb\"},\"inLanguage\":\"it-IT\",\"potentialAction\":[{\"@type\":\"ReadAction\",\"target\":[\"https:\\\/\\\/www.romaoggi.eu\\\/index.php\\\/2022\\\/12\\\/15\\\/il-tempo-che-mi-e-stato-dato-il-diario-strappato-di-adriana-martino-per-davide-ghaleb-editore\\\/\"]}]},{\"@type\":\"ImageObject\",\"inLanguage\":\"it-IT\",\"@id\":\"https:\\\/\\\/www.romaoggi.eu\\\/index.php\\\/2022\\\/12\\\/15\\\/il-tempo-che-mi-e-stato-dato-il-diario-strappato-di-adriana-martino-per-davide-ghaleb-editore\\\/#primaryimage\",\"url\":\"https:\\\/\\\/www.romaoggi.eu\\\/wp-content\\\/uploads\\\/2022\\\/12\\\/DSC_4163ADRIANA-MARTINO-PRESENTAZIONE-\u00a9-Alessandro-Lisci-Target-Lab-Ets-3316379346-1.jpg\",\"contentUrl\":\"https:\\\/\\\/www.romaoggi.eu\\\/wp-content\\\/uploads\\\/2022\\\/12\\\/DSC_4163ADRIANA-MARTINO-PRESENTAZIONE-\u00a9-Alessandro-Lisci-Target-Lab-Ets-3316379346-1.jpg\",\"width\":1020,\"height\":681,\"caption\":\"Goffredo Bettini, Marcello Panni e Adriana Martino, Annamaria Guarnieri -Libreria Ubik \u00a9 Alessandro Lisci - Target Lab Ets 3316379346\"},{\"@type\":\"BreadcrumbList\",\"@id\":\"https:\\\/\\\/www.romaoggi.eu\\\/index.php\\\/2022\\\/12\\\/15\\\/il-tempo-che-mi-e-stato-dato-il-diario-strappato-di-adriana-martino-per-davide-ghaleb-editore\\\/#breadcrumb\",\"itemListElement\":[{\"@type\":\"ListItem\",\"position\":1,\"name\":\"Home\",\"item\":\"https:\\\/\\\/www.romaoggi.eu\\\/\"},{\"@type\":\"ListItem\",\"position\":2,\"name\":\"&#8220;Il Tempo che mi \u00e8 stato dato. Il diario strappato&#8221; di Adriana Martino per Davide Ghaleb Editore\"}]},{\"@type\":\"WebSite\",\"@id\":\"https:\\\/\\\/www.romaoggi.eu\\\/#website\",\"url\":\"https:\\\/\\\/www.romaoggi.eu\\\/\",\"name\":\"roma oggi\",\"description\":\"Interesting News for Interesting people\",\"publisher\":{\"@id\":\"https:\\\/\\\/www.romaoggi.eu\\\/#organization\"},\"potentialAction\":[{\"@type\":\"SearchAction\",\"target\":{\"@type\":\"EntryPoint\",\"urlTemplate\":\"https:\\\/\\\/www.romaoggi.eu\\\/?s={search_term_string}\"},\"query-input\":{\"@type\":\"PropertyValueSpecification\",\"valueRequired\":true,\"valueName\":\"search_term_string\"}}],\"inLanguage\":\"it-IT\"},{\"@type\":\"Organization\",\"@id\":\"https:\\\/\\\/www.romaoggi.eu\\\/#organization\",\"name\":\"RomaOggi\",\"url\":\"https:\\\/\\\/www.romaoggi.eu\\\/\",\"logo\":{\"@type\":\"ImageObject\",\"inLanguage\":\"it-IT\",\"@id\":\"https:\\\/\\\/www.romaoggi.eu\\\/#\\\/schema\\\/logo\\\/image\\\/\",\"url\":\"https:\\\/\\\/www.romaoggi.eu\\\/wp-content\\\/uploads\\\/2017\\\/04\\\/logowp.jpg\",\"contentUrl\":\"https:\\\/\\\/www.romaoggi.eu\\\/wp-content\\\/uploads\\\/2017\\\/04\\\/logowp.jpg\",\"width\":300,\"height\":133,\"caption\":\"RomaOggi\"},\"image\":{\"@id\":\"https:\\\/\\\/www.romaoggi.eu\\\/#\\\/schema\\\/logo\\\/image\\\/\"},\"sameAs\":[\"https:\\\/\\\/www.facebook.com\\\/RomaOggi-841544845954114\",\"https:\\\/\\\/x.com\\\/romaoggi_eu\"]},{\"@type\":\"Person\",\"@id\":\"https:\\\/\\\/www.romaoggi.eu\\\/#\\\/schema\\\/person\\\/72b8cfc6de60caeb335267c8e21d90fb\",\"name\":\"Target Lab Ets\",\"image\":{\"@type\":\"ImageObject\",\"inLanguage\":\"it-IT\",\"@id\":\"https:\\\/\\\/secure.gravatar.com\\\/avatar\\\/ab64fd266889a629b0e9e6ab56209e379c2a89cfda303941ee9621d4090292d1?s=96&d=mm&r=g\",\"url\":\"https:\\\/\\\/secure.gravatar.com\\\/avatar\\\/ab64fd266889a629b0e9e6ab56209e379c2a89cfda303941ee9621d4090292d1?s=96&d=mm&r=g\",\"contentUrl\":\"https:\\\/\\\/secure.gravatar.com\\\/avatar\\\/ab64fd266889a629b0e9e6ab56209e379c2a89cfda303941ee9621d4090292d1?s=96&d=mm&r=g\",\"caption\":\"Target Lab Ets\"},\"sameAs\":[\"http:\\\/\\\/www.targetlab.org\"],\"url\":\"https:\\\/\\\/www.romaoggi.eu\\\/index.php\\\/author\\\/isfc\\\/\"}]}<\/script>\n<!-- \/ Yoast SEO plugin. -->","yoast_head_json":{"title":"\"Il Tempo che mi \u00e8 stato dato. Il diario strappato\" di Adriana Martino per Davide Ghaleb Editore","description":"Mercoled\u00ec 14 dicembre 2022 alle ore 18:00 presso la Libreria UBIK Spazio Sette via dei Barbieri, 7 - Roma si \u00e8 tenuta la presentazione del libro IL TEMPO","robots":{"index":"index","follow":"follow","max-snippet":"max-snippet:-1","max-image-preview":"max-image-preview:large","max-video-preview":"max-video-preview:-1"},"canonical":"https:\/\/www.romaoggi.eu\/index.php\/2022\/12\/15\/il-tempo-che-mi-e-stato-dato-il-diario-strappato-di-adriana-martino-per-davide-ghaleb-editore\/","og_locale":"it_IT","og_type":"article","og_title":"\"Il Tempo che mi \u00e8 stato dato. Il diario strappato\" di Adriana Martino per Davide Ghaleb Editore","og_description":"Mercoled\u00ec 14 dicembre 2022 alle ore 18:00 presso la Libreria UBIK Spazio Sette via dei Barbieri, 7 - Roma si \u00e8 tenuta la presentazione del libro IL TEMPO","og_url":"https:\/\/www.romaoggi.eu\/index.php\/2022\/12\/15\/il-tempo-che-mi-e-stato-dato-il-diario-strappato-di-adriana-martino-per-davide-ghaleb-editore\/","og_site_name":"roma oggi","article_publisher":"https:\/\/www.facebook.com\/RomaOggi-841544845954114","article_published_time":"2022-12-15T19:45:38+00:00","og_image":[{"width":1020,"height":681,"url":"https:\/\/www.romaoggi.eu\/wp-content\/uploads\/2022\/12\/DSC_4163ADRIANA-MARTINO-PRESENTAZIONE-\u00a9-Alessandro-Lisci-Target-Lab-Ets-3316379346-1.jpg","type":"image\/jpeg"}],"author":"Target Lab Ets","twitter_card":"summary_large_image","twitter_creator":"@romaoggi_eu","twitter_site":"@romaoggi_eu","twitter_misc":{"Scritto da":"Target Lab Ets","Tempo di lettura stimato":"7 minuti"},"schema":{"@context":"https:\/\/schema.org","@graph":[{"@type":"Article","@id":"https:\/\/www.romaoggi.eu\/index.php\/2022\/12\/15\/il-tempo-che-mi-e-stato-dato-il-diario-strappato-di-adriana-martino-per-davide-ghaleb-editore\/#article","isPartOf":{"@id":"https:\/\/www.romaoggi.eu\/index.php\/2022\/12\/15\/il-tempo-che-mi-e-stato-dato-il-diario-strappato-di-adriana-martino-per-davide-ghaleb-editore\/"},"author":{"name":"Target Lab Ets","@id":"https:\/\/www.romaoggi.eu\/#\/schema\/person\/72b8cfc6de60caeb335267c8e21d90fb"},"headline":"&#8220;Il Tempo che mi \u00e8 stato dato. Il diario strappato&#8221; di Adriana Martino per Davide Ghaleb Editore","datePublished":"2022-12-15T19:45:38+00:00","mainEntityOfPage":{"@id":"https:\/\/www.romaoggi.eu\/index.php\/2022\/12\/15\/il-tempo-che-mi-e-stato-dato-il-diario-strappato-di-adriana-martino-per-davide-ghaleb-editore\/"},"wordCount":664,"publisher":{"@id":"https:\/\/www.romaoggi.eu\/#organization"},"image":{"@id":"https:\/\/www.romaoggi.eu\/index.php\/2022\/12\/15\/il-tempo-che-mi-e-stato-dato-il-diario-strappato-di-adriana-martino-per-davide-ghaleb-editore\/#primaryimage"},"thumbnailUrl":"https:\/\/www.romaoggi.eu\/wp-content\/uploads\/2022\/12\/DSC_4163ADRIANA-MARTINO-PRESENTAZIONE-\u00a9-Alessandro-Lisci-Target-Lab-Ets-3316379346-1.jpg","keywords":["Adriana Martino","Annamaria Guarnieri","David Gallarello","Gabriella Norcia","Goffredo Bettini","Il Diario strappato","Il Tempo che mi \u00e8 Stato dato","Marcello Panni","Rory Cappelli","Sabrina Alfonsi","target lab ets"],"articleSection":["Libri"],"inLanguage":"it-IT"},{"@type":"WebPage","@id":"https:\/\/www.romaoggi.eu\/index.php\/2022\/12\/15\/il-tempo-che-mi-e-stato-dato-il-diario-strappato-di-adriana-martino-per-davide-ghaleb-editore\/","url":"https:\/\/www.romaoggi.eu\/index.php\/2022\/12\/15\/il-tempo-che-mi-e-stato-dato-il-diario-strappato-di-adriana-martino-per-davide-ghaleb-editore\/","name":"\"Il Tempo che mi \u00e8 stato dato. Il diario strappato\" di Adriana Martino per Davide Ghaleb Editore","isPartOf":{"@id":"https:\/\/www.romaoggi.eu\/#website"},"primaryImageOfPage":{"@id":"https:\/\/www.romaoggi.eu\/index.php\/2022\/12\/15\/il-tempo-che-mi-e-stato-dato-il-diario-strappato-di-adriana-martino-per-davide-ghaleb-editore\/#primaryimage"},"image":{"@id":"https:\/\/www.romaoggi.eu\/index.php\/2022\/12\/15\/il-tempo-che-mi-e-stato-dato-il-diario-strappato-di-adriana-martino-per-davide-ghaleb-editore\/#primaryimage"},"thumbnailUrl":"https:\/\/www.romaoggi.eu\/wp-content\/uploads\/2022\/12\/DSC_4163ADRIANA-MARTINO-PRESENTAZIONE-\u00a9-Alessandro-Lisci-Target-Lab-Ets-3316379346-1.jpg","datePublished":"2022-12-15T19:45:38+00:00","description":"Mercoled\u00ec 14 dicembre 2022 alle ore 18:00 presso la Libreria UBIK Spazio Sette via dei Barbieri, 7 - Roma si \u00e8 tenuta la presentazione del libro IL TEMPO","breadcrumb":{"@id":"https:\/\/www.romaoggi.eu\/index.php\/2022\/12\/15\/il-tempo-che-mi-e-stato-dato-il-diario-strappato-di-adriana-martino-per-davide-ghaleb-editore\/#breadcrumb"},"inLanguage":"it-IT","potentialAction":[{"@type":"ReadAction","target":["https:\/\/www.romaoggi.eu\/index.php\/2022\/12\/15\/il-tempo-che-mi-e-stato-dato-il-diario-strappato-di-adriana-martino-per-davide-ghaleb-editore\/"]}]},{"@type":"ImageObject","inLanguage":"it-IT","@id":"https:\/\/www.romaoggi.eu\/index.php\/2022\/12\/15\/il-tempo-che-mi-e-stato-dato-il-diario-strappato-di-adriana-martino-per-davide-ghaleb-editore\/#primaryimage","url":"https:\/\/www.romaoggi.eu\/wp-content\/uploads\/2022\/12\/DSC_4163ADRIANA-MARTINO-PRESENTAZIONE-\u00a9-Alessandro-Lisci-Target-Lab-Ets-3316379346-1.jpg","contentUrl":"https:\/\/www.romaoggi.eu\/wp-content\/uploads\/2022\/12\/DSC_4163ADRIANA-MARTINO-PRESENTAZIONE-\u00a9-Alessandro-Lisci-Target-Lab-Ets-3316379346-1.jpg","width":1020,"height":681,"caption":"Goffredo Bettini, Marcello Panni e Adriana Martino, Annamaria Guarnieri -Libreria Ubik \u00a9 Alessandro Lisci - Target Lab Ets 3316379346"},{"@type":"BreadcrumbList","@id":"https:\/\/www.romaoggi.eu\/index.php\/2022\/12\/15\/il-tempo-che-mi-e-stato-dato-il-diario-strappato-di-adriana-martino-per-davide-ghaleb-editore\/#breadcrumb","itemListElement":[{"@type":"ListItem","position":1,"name":"Home","item":"https:\/\/www.romaoggi.eu\/"},{"@type":"ListItem","position":2,"name":"&#8220;Il Tempo che mi \u00e8 stato dato. Il diario strappato&#8221; di Adriana Martino per Davide Ghaleb Editore"}]},{"@type":"WebSite","@id":"https:\/\/www.romaoggi.eu\/#website","url":"https:\/\/www.romaoggi.eu\/","name":"roma oggi","description":"Interesting News for Interesting people","publisher":{"@id":"https:\/\/www.romaoggi.eu\/#organization"},"potentialAction":[{"@type":"SearchAction","target":{"@type":"EntryPoint","urlTemplate":"https:\/\/www.romaoggi.eu\/?s={search_term_string}"},"query-input":{"@type":"PropertyValueSpecification","valueRequired":true,"valueName":"search_term_string"}}],"inLanguage":"it-IT"},{"@type":"Organization","@id":"https:\/\/www.romaoggi.eu\/#organization","name":"RomaOggi","url":"https:\/\/www.romaoggi.eu\/","logo":{"@type":"ImageObject","inLanguage":"it-IT","@id":"https:\/\/www.romaoggi.eu\/#\/schema\/logo\/image\/","url":"https:\/\/www.romaoggi.eu\/wp-content\/uploads\/2017\/04\/logowp.jpg","contentUrl":"https:\/\/www.romaoggi.eu\/wp-content\/uploads\/2017\/04\/logowp.jpg","width":300,"height":133,"caption":"RomaOggi"},"image":{"@id":"https:\/\/www.romaoggi.eu\/#\/schema\/logo\/image\/"},"sameAs":["https:\/\/www.facebook.com\/RomaOggi-841544845954114","https:\/\/x.com\/romaoggi_eu"]},{"@type":"Person","@id":"https:\/\/www.romaoggi.eu\/#\/schema\/person\/72b8cfc6de60caeb335267c8e21d90fb","name":"Target Lab Ets","image":{"@type":"ImageObject","inLanguage":"it-IT","@id":"https:\/\/secure.gravatar.com\/avatar\/ab64fd266889a629b0e9e6ab56209e379c2a89cfda303941ee9621d4090292d1?s=96&d=mm&r=g","url":"https:\/\/secure.gravatar.com\/avatar\/ab64fd266889a629b0e9e6ab56209e379c2a89cfda303941ee9621d4090292d1?s=96&d=mm&r=g","contentUrl":"https:\/\/secure.gravatar.com\/avatar\/ab64fd266889a629b0e9e6ab56209e379c2a89cfda303941ee9621d4090292d1?s=96&d=mm&r=g","caption":"Target Lab Ets"},"sameAs":["http:\/\/www.targetlab.org"],"url":"https:\/\/www.romaoggi.eu\/index.php\/author\/isfc\/"}]}},"_links":{"self":[{"href":"https:\/\/www.romaoggi.eu\/index.php\/wp-json\/wp\/v2\/posts\/34521","targetHints":{"allow":["GET"]}}],"collection":[{"href":"https:\/\/www.romaoggi.eu\/index.php\/wp-json\/wp\/v2\/posts"}],"about":[{"href":"https:\/\/www.romaoggi.eu\/index.php\/wp-json\/wp\/v2\/types\/post"}],"author":[{"embeddable":true,"href":"https:\/\/www.romaoggi.eu\/index.php\/wp-json\/wp\/v2\/users\/17"}],"replies":[{"embeddable":true,"href":"https:\/\/www.romaoggi.eu\/index.php\/wp-json\/wp\/v2\/comments?post=34521"}],"version-history":[{"count":11,"href":"https:\/\/www.romaoggi.eu\/index.php\/wp-json\/wp\/v2\/posts\/34521\/revisions"}],"predecessor-version":[{"id":34553,"href":"https:\/\/www.romaoggi.eu\/index.php\/wp-json\/wp\/v2\/posts\/34521\/revisions\/34553"}],"wp:featuredmedia":[{"embeddable":true,"href":"https:\/\/www.romaoggi.eu\/index.php\/wp-json\/wp\/v2\/media\/34545"}],"wp:attachment":[{"href":"https:\/\/www.romaoggi.eu\/index.php\/wp-json\/wp\/v2\/media?parent=34521"}],"wp:term":[{"taxonomy":"category","embeddable":true,"href":"https:\/\/www.romaoggi.eu\/index.php\/wp-json\/wp\/v2\/categories?post=34521"},{"taxonomy":"post_tag","embeddable":true,"href":"https:\/\/www.romaoggi.eu\/index.php\/wp-json\/wp\/v2\/tags?post=34521"}],"curies":[{"name":"wp","href":"https:\/\/api.w.org\/{rel}","templated":true}]}}