{"id":34765,"date":"2023-02-15T11:32:03","date_gmt":"2023-02-15T10:32:03","guid":{"rendered":"https:\/\/www.romaoggi.eu\/?p=34765"},"modified":"2023-02-15T11:32:03","modified_gmt":"2023-02-15T10:32:03","slug":"jamal-taslaq-con-la-collezione-eternal-omaggia-roma","status":"publish","type":"post","link":"https:\/\/www.romaoggi.eu\/index.php\/2023\/02\/15\/jamal-taslaq-con-la-collezione-eternal-omaggia-roma\/","title":{"rendered":"Jamal Taslaq con la collezione Eternal omaggia Roma"},"content":{"rendered":"<p><strong>Jamal Taslaq<\/strong> omaggia Roma con la collezione <strong>Eternal<\/strong>.<\/p>\n<figure id=\"attachment_34767\" aria-describedby=\"caption-attachment-34767\" style=\"width: 1024px\" class=\"wp-caption aligncenter\"><img loading=\"lazy\" decoding=\"async\" class=\"wp-image-34767 size-large\" src=\"https:\/\/www.romaoggi.eu\/wp-content\/uploads\/2023\/02\/BFC1B9BF-8CAC-43E1-9C7D-11454C94206F-1024x683.jpeg\" alt=\"alt tag jamal taslaq\" width=\"1024\" height=\"683\" srcset=\"https:\/\/www.romaoggi.eu\/wp-content\/uploads\/2023\/02\/BFC1B9BF-8CAC-43E1-9C7D-11454C94206F-1024x683.jpeg 1024w, https:\/\/www.romaoggi.eu\/wp-content\/uploads\/2023\/02\/BFC1B9BF-8CAC-43E1-9C7D-11454C94206F-300x200.jpeg 300w, https:\/\/www.romaoggi.eu\/wp-content\/uploads\/2023\/02\/BFC1B9BF-8CAC-43E1-9C7D-11454C94206F-1536x1024.jpeg 1536w, https:\/\/www.romaoggi.eu\/wp-content\/uploads\/2023\/02\/BFC1B9BF-8CAC-43E1-9C7D-11454C94206F.jpeg 1620w\" sizes=\"auto, (max-width: 1024px) 100vw, 1024px\" \/><figcaption id=\"caption-attachment-34767\" class=\"wp-caption-text\">Jamal Taslaq<\/figcaption><\/figure>\n<p style=\"text-align: justify;\">E\u2019 un parterre de rois di pi\u00f9 di quattrocento ospiti quello accorso alla Galleria del Cardinale Colonna per la sfilata di Jamal Taslaq. Lo stilista italo palestinese sceglie di omaggiare la Citt\u00e0 Eterna che lo ha accolto pi\u00f9 di trent\u2019anni fa grazie alla nuova collezione ETERNAL e lancia sul mercato un grande progetto di unione tra popoli, culture, tradizioni e innovazioni: Taslaq World. La sfilata \u00e8 stata presentata da <strong>Elena Parmegiani<\/strong>, Direttore Eventi della <strong>Galleria del Cardinale Colonna<\/strong> e della <strong>Coffee House di Palazzo Colonna<\/strong> e giornalista di moda e costume, con un\u2019introduzione affidata al Console Generale a San Francisco, Dott. <strong>Sergio Strozzi<\/strong>, per supportare l\u2019iniziativa dall\u2019Italian Innovation and Culture Hub in Silicon Valley.<\/p>\n<p><img loading=\"lazy\" decoding=\"async\" class=\"aligncenter wp-image-34768 size-large\" src=\"https:\/\/www.romaoggi.eu\/wp-content\/uploads\/2023\/02\/140EA5BB-0794-47FC-919E-88C052104EBD-682x1024.jpeg\" alt=\"alt tag jamal taslaq\" width=\"682\" height=\"1024\" srcset=\"https:\/\/www.romaoggi.eu\/wp-content\/uploads\/2023\/02\/140EA5BB-0794-47FC-919E-88C052104EBD-682x1024.jpeg 682w, https:\/\/www.romaoggi.eu\/wp-content\/uploads\/2023\/02\/140EA5BB-0794-47FC-919E-88C052104EBD-200x300.jpeg 200w, https:\/\/www.romaoggi.eu\/wp-content\/uploads\/2023\/02\/140EA5BB-0794-47FC-919E-88C052104EBD.jpeg 857w\" sizes=\"auto, (max-width: 682px) 100vw, 682px\" \/><\/p>\n<p style=\"text-align: justify;\">Dopo 23 anni spesi a sperimentare il meglio dell\u2019artigianalit\u00e0 italiana e un percorso creativo che da Nablus in Palestina lo ha portato a sfilare, da assoluto protagonista, nella sede delle Nazioni Unite a New York, Jamal ha deciso di celebrare la sua amata Roma. In passerella numerosi applausi per gli abiti statuari, bianco e nero e sfumature di verde e rosso per arricchirla; tessuti pregiati, ricami con linee geometriche lavorate con il filo di seta, specchi e cristalli; intarsi in pelle, contrasti che creano armonia tra i colori, forme che rievocano l\u2019impero romano e relative contaminazioni osservate fin da bambino in medio oriente. In passerella l\u2019abito omaggio a Roma completamente dipinto a mano e l\u2019abito di organza dipinto a mano in cui era raffigurato un albero di olivo, eterno e sacro come Roma, che rappresenta la Palestina. Consensi per l\u2019uscita finale grazie alla sposa che incede nella maestosa Galleria sulle note della Magnificat di Mina.<\/p>\n<p style=\"text-align: justify;\"><img loading=\"lazy\" decoding=\"async\" class=\"aligncenter wp-image-34769 size-large\" src=\"https:\/\/www.romaoggi.eu\/wp-content\/uploads\/2023\/02\/4C22B8BC-9DF6-4C12-AF2D-83212ED3CD4F-682x1024.jpeg\" alt=\"alt tag jamal taslaq\" width=\"682\" height=\"1024\" srcset=\"https:\/\/www.romaoggi.eu\/wp-content\/uploads\/2023\/02\/4C22B8BC-9DF6-4C12-AF2D-83212ED3CD4F-682x1024.jpeg 682w, https:\/\/www.romaoggi.eu\/wp-content\/uploads\/2023\/02\/4C22B8BC-9DF6-4C12-AF2D-83212ED3CD4F-200x300.jpeg 200w, https:\/\/www.romaoggi.eu\/wp-content\/uploads\/2023\/02\/4C22B8BC-9DF6-4C12-AF2D-83212ED3CD4F.jpeg 857w\" sizes=\"auto, (max-width: 682px) 100vw, 682px\" \/><\/p>\n<p>Nella nuova configurazione, <strong>Taslaq World<\/strong> affiancher\u00e0 <strong>Jamal Taslaq Couture<\/strong> per completare l\u2019offerta dello stilista Italo-Palestinese &#8211; finora principalmente dedicata a conquistare l\u2019interesse di donne di ogni parte del mondo; dalla Regina Rania di Giordania a Sharon Stone, Ornella Muti con il fashion maschile su misura. Nel tempo, la Joint Venture con WorldcApp.com e Reda Industries estender\u00e0 i suoi orizzonti per includere tutto ci\u00f2 che un artista come Jamal pu\u00f2 ideare e creare.<\/p>\n<p><img loading=\"lazy\" decoding=\"async\" class=\"aligncenter wp-image-34770 size-large\" src=\"https:\/\/www.romaoggi.eu\/wp-content\/uploads\/2023\/02\/5E780E97-7747-4BA4-92BC-69A93AA8AB4D-682x1024.jpeg\" alt=\"alt tag jamal taslaq\" width=\"682\" height=\"1024\" srcset=\"https:\/\/www.romaoggi.eu\/wp-content\/uploads\/2023\/02\/5E780E97-7747-4BA4-92BC-69A93AA8AB4D-682x1024.jpeg 682w, https:\/\/www.romaoggi.eu\/wp-content\/uploads\/2023\/02\/5E780E97-7747-4BA4-92BC-69A93AA8AB4D-200x300.jpeg 200w, https:\/\/www.romaoggi.eu\/wp-content\/uploads\/2023\/02\/5E780E97-7747-4BA4-92BC-69A93AA8AB4D.jpeg 857w\" sizes=\"auto, (max-width: 682px) 100vw, 682px\" \/><\/p>\n<p style=\"text-align: justify;\">Nella nuova collezione Eternal colori mediterranei, richiami alla sua terra d\u2019origine e cultura italiana continuano a mescolarsi per essere riproposti in chiave moderna e raggiungere un pubblico ancora pi\u00f9 vasto. La bellezza Made in Italy che ne scaturisce non \u00e8 fine a s\u00e9 stessa, ma rappresenta uno stile di vita ricco di contenuti e alimenter\u00e0 un prestigio capace di trascendere l\u2019attivit\u00e0 economica per porsi al servizio di chiunque voglia contribuire al dialogo e all\u2019armonia. Ad accorrere all\u2019evento le attrici <strong>Nancy Brilli, Maria Rosario Omaggio, Grazia Schiavo, Alessia Fabiani, Raffaella Paleari<\/strong>. Ed ancora <strong>Jacqueline De Laurentiis, Leopoldo Mastelloni e Nicol\u00f2 Marian<\/strong>i. Per l\u2019aristocrazia i Principi Ascanio Colonna e <strong>Guglielmo Giovanelli Marconi<\/strong> insieme alla mamma Elettra e alla moglie Vittoria, la Principessa <strong>Maria Pia Ruspoli,<\/strong> la Principessa <strong>Maria Grazia Borghese<\/strong> insieme al figlio Tara Francesco. Ad applaudire anche personalit\u00e0 diplomatiche dell\u2019Argentina e della Serbia. Presenti anche i pittori <strong>Amedeo Brogli,<\/strong>\u00a0<strong>Ilian Rachov e Massimiliano Ferragina<\/strong>, lo stilista astrologo <strong>Massimo Bomba,<\/strong> il produttore <strong>Pascal Vicedomini<\/strong> e il regista <strong>Sandro Corelli,<\/strong> le giornaliste tv <strong>Federica De Denaro<\/strong> e <strong>Antonietta Di Vizia<\/strong>. <strong>Katia Ricciarelli<\/strong> ha omaggiato lo stilista con un video messaggio di auguri per i nuovi progetti.<\/p>\n<p style=\"text-align: justify;\">La Galleria del Cardinale Colonna fu costruita nel 1730 dall\u2019architetto Paolo Posi ed \u00e8 sostenuta da colonne che si narra provengano dal Pantheon. La struttura era originariamente destinata dal Cardinale Girolamo II a biblioteca e alla collezione pittorica della Famiglia. Proprio qui si svolse il battesimo delle due gemelle Savoia: Maria Teresa e Maria Anna, futura imperatrice d\u2019Austria.<\/p>\n<p>Ph. Credits: <strong>Michele Simolo <\/strong>e <strong>Giancarlo Fiori<\/strong><\/p>\n","protected":false},"excerpt":{"rendered":"<div class=\"mh-excerpt\"><p>Jamal Taslaq omaggia Roma con la collezione Eternal. E\u2019 un parterre de rois di pi\u00f9 di quattrocento ospiti quello accorso alla Galleria del Cardinale Colonna per la sfilata di Jamal Taslaq. Lo stilista italo palestinese <a class=\"mh-excerpt-more\" href=\"https:\/\/www.romaoggi.eu\/index.php\/2023\/02\/15\/jamal-taslaq-con-la-collezione-eternal-omaggia-roma\/\" title=\"Jamal Taslaq con la collezione Eternal omaggia Roma\">[&#8230;]<\/a><\/p>\n<\/div>","protected":false},"author":1,"featured_media":34766,"comment_status":"closed","ping_status":"open","sticky":false,"template":"","format":"standard","meta":{"_sitemap_exclude":false,"_sitemap_priority":"","_sitemap_frequency":"","footnotes":""},"categories":[3416],"tags":[2844,12427,9204,4449,6538,201,109,1325],"class_list":["post-34765","post","type-post","status-publish","format-standard","has-post-thumbnail","hentry","category-moda","tag-altamoda","tag-eleganza","tag-elena-parmegiani","tag-haute-couture","tag-jamal-taslaq","tag-moda","tag-roma","tag-sfilata"],"yoast_head":"<!-- This site is optimized with the Yoast SEO plugin v27.5 - https:\/\/yoast.com\/product\/yoast-seo-wordpress\/ -->\n<title>Jamal Taslaq con la collezione Eternal omaggia Roma<\/title>\n<meta name=\"description\" content=\"Jamal Taslaq omaggia Roma con la collezione Eternal. E\u2019 un parterre de rois di pi\u00f9 di quattrocento ospiti quello accorso alla Galleria del Cardinale\" \/>\n<meta name=\"robots\" content=\"index, follow, max-snippet:-1, max-image-preview:large, max-video-preview:-1\" \/>\n<link rel=\"canonical\" href=\"https:\/\/www.romaoggi.eu\/index.php\/2023\/02\/15\/jamal-taslaq-con-la-collezione-eternal-omaggia-roma\/\" \/>\n<meta property=\"og:locale\" content=\"it_IT\" \/>\n<meta property=\"og:type\" content=\"article\" \/>\n<meta property=\"og:title\" content=\"Jamal Taslaq con la collezione Eternal omaggia Roma\" \/>\n<meta property=\"og:description\" content=\"Jamal Taslaq omaggia Roma con la collezione Eternal. E\u2019 un parterre de rois di pi\u00f9 di quattrocento ospiti quello accorso alla Galleria del Cardinale\" \/>\n<meta property=\"og:url\" content=\"https:\/\/www.romaoggi.eu\/index.php\/2023\/02\/15\/jamal-taslaq-con-la-collezione-eternal-omaggia-roma\/\" \/>\n<meta property=\"og:site_name\" content=\"roma oggi\" \/>\n<meta property=\"article:publisher\" content=\"https:\/\/www.facebook.com\/RomaOggi-841544845954114\" \/>\n<meta property=\"article:published_time\" content=\"2023-02-15T10:32:03+00:00\" \/>\n<meta property=\"og:image\" content=\"https:\/\/www.romaoggi.eu\/wp-content\/uploads\/2023\/02\/Elena-Parmegiani-presentazione-ph.-Michele-Simolo.jpg\" \/>\n\t<meta property=\"og:image:width\" content=\"1620\" \/>\n\t<meta property=\"og:image:height\" content=\"1080\" \/>\n\t<meta property=\"og:image:type\" content=\"image\/jpeg\" \/>\n<meta name=\"author\" content=\"admin\" \/>\n<meta name=\"twitter:card\" content=\"summary_large_image\" \/>\n<meta name=\"twitter:creator\" content=\"@romaoggi_eu\" \/>\n<meta name=\"twitter:site\" content=\"@romaoggi_eu\" \/>\n<meta name=\"twitter:label1\" content=\"Scritto da\" \/>\n\t<meta name=\"twitter:data1\" content=\"admin\" \/>\n\t<meta name=\"twitter:label2\" content=\"Tempo di lettura stimato\" \/>\n\t<meta name=\"twitter:data2\" content=\"5 minuti\" \/>\n<script type=\"application\/ld+json\" class=\"yoast-schema-graph\">{\"@context\":\"https:\\\/\\\/schema.org\",\"@graph\":[{\"@type\":\"Article\",\"@id\":\"https:\\\/\\\/www.romaoggi.eu\\\/index.php\\\/2023\\\/02\\\/15\\\/jamal-taslaq-con-la-collezione-eternal-omaggia-roma\\\/#article\",\"isPartOf\":{\"@id\":\"https:\\\/\\\/www.romaoggi.eu\\\/index.php\\\/2023\\\/02\\\/15\\\/jamal-taslaq-con-la-collezione-eternal-omaggia-roma\\\/\"},\"author\":{\"name\":\"admin\",\"@id\":\"https:\\\/\\\/www.romaoggi.eu\\\/#\\\/schema\\\/person\\\/9b23ceb6a2992a25e98c76a5f1fbb887\"},\"headline\":\"Jamal Taslaq con la collezione Eternal omaggia Roma\",\"datePublished\":\"2023-02-15T10:32:03+00:00\",\"mainEntityOfPage\":{\"@id\":\"https:\\\/\\\/www.romaoggi.eu\\\/index.php\\\/2023\\\/02\\\/15\\\/jamal-taslaq-con-la-collezione-eternal-omaggia-roma\\\/\"},\"wordCount\":639,\"publisher\":{\"@id\":\"https:\\\/\\\/www.romaoggi.eu\\\/#organization\"},\"image\":{\"@id\":\"https:\\\/\\\/www.romaoggi.eu\\\/index.php\\\/2023\\\/02\\\/15\\\/jamal-taslaq-con-la-collezione-eternal-omaggia-roma\\\/#primaryimage\"},\"thumbnailUrl\":\"https:\\\/\\\/www.romaoggi.eu\\\/wp-content\\\/uploads\\\/2023\\\/02\\\/Elena-Parmegiani-presentazione-ph.-Michele-Simolo.jpg\",\"keywords\":[\"Altamoda\",\"eleganza\",\"elena parmegiani\",\"haute couture\",\"Jamal Taslaq\",\"moda\",\"roma\",\"sfilata\"],\"articleSection\":[\"Moda\"],\"inLanguage\":\"it-IT\"},{\"@type\":\"WebPage\",\"@id\":\"https:\\\/\\\/www.romaoggi.eu\\\/index.php\\\/2023\\\/02\\\/15\\\/jamal-taslaq-con-la-collezione-eternal-omaggia-roma\\\/\",\"url\":\"https:\\\/\\\/www.romaoggi.eu\\\/index.php\\\/2023\\\/02\\\/15\\\/jamal-taslaq-con-la-collezione-eternal-omaggia-roma\\\/\",\"name\":\"Jamal Taslaq con la collezione Eternal omaggia Roma\",\"isPartOf\":{\"@id\":\"https:\\\/\\\/www.romaoggi.eu\\\/#website\"},\"primaryImageOfPage\":{\"@id\":\"https:\\\/\\\/www.romaoggi.eu\\\/index.php\\\/2023\\\/02\\\/15\\\/jamal-taslaq-con-la-collezione-eternal-omaggia-roma\\\/#primaryimage\"},\"image\":{\"@id\":\"https:\\\/\\\/www.romaoggi.eu\\\/index.php\\\/2023\\\/02\\\/15\\\/jamal-taslaq-con-la-collezione-eternal-omaggia-roma\\\/#primaryimage\"},\"thumbnailUrl\":\"https:\\\/\\\/www.romaoggi.eu\\\/wp-content\\\/uploads\\\/2023\\\/02\\\/Elena-Parmegiani-presentazione-ph.-Michele-Simolo.jpg\",\"datePublished\":\"2023-02-15T10:32:03+00:00\",\"description\":\"Jamal Taslaq omaggia Roma con la collezione Eternal. E\u2019 un parterre de rois di pi\u00f9 di quattrocento ospiti quello accorso alla Galleria del Cardinale\",\"breadcrumb\":{\"@id\":\"https:\\\/\\\/www.romaoggi.eu\\\/index.php\\\/2023\\\/02\\\/15\\\/jamal-taslaq-con-la-collezione-eternal-omaggia-roma\\\/#breadcrumb\"},\"inLanguage\":\"it-IT\",\"potentialAction\":[{\"@type\":\"ReadAction\",\"target\":[\"https:\\\/\\\/www.romaoggi.eu\\\/index.php\\\/2023\\\/02\\\/15\\\/jamal-taslaq-con-la-collezione-eternal-omaggia-roma\\\/\"]}]},{\"@type\":\"ImageObject\",\"inLanguage\":\"it-IT\",\"@id\":\"https:\\\/\\\/www.romaoggi.eu\\\/index.php\\\/2023\\\/02\\\/15\\\/jamal-taslaq-con-la-collezione-eternal-omaggia-roma\\\/#primaryimage\",\"url\":\"https:\\\/\\\/www.romaoggi.eu\\\/wp-content\\\/uploads\\\/2023\\\/02\\\/Elena-Parmegiani-presentazione-ph.-Michele-Simolo.jpg\",\"contentUrl\":\"https:\\\/\\\/www.romaoggi.eu\\\/wp-content\\\/uploads\\\/2023\\\/02\\\/Elena-Parmegiani-presentazione-ph.-Michele-Simolo.jpg\",\"width\":1620,\"height\":1080,\"caption\":\"Elena Parmegiani- presentazione- ph. Michele Simolo\"},{\"@type\":\"BreadcrumbList\",\"@id\":\"https:\\\/\\\/www.romaoggi.eu\\\/index.php\\\/2023\\\/02\\\/15\\\/jamal-taslaq-con-la-collezione-eternal-omaggia-roma\\\/#breadcrumb\",\"itemListElement\":[{\"@type\":\"ListItem\",\"position\":1,\"name\":\"Home\",\"item\":\"https:\\\/\\\/www.romaoggi.eu\\\/\"},{\"@type\":\"ListItem\",\"position\":2,\"name\":\"Jamal Taslaq con la collezione Eternal omaggia Roma\"}]},{\"@type\":\"WebSite\",\"@id\":\"https:\\\/\\\/www.romaoggi.eu\\\/#website\",\"url\":\"https:\\\/\\\/www.romaoggi.eu\\\/\",\"name\":\"roma oggi\",\"description\":\"Interesting News for Interesting people\",\"publisher\":{\"@id\":\"https:\\\/\\\/www.romaoggi.eu\\\/#organization\"},\"potentialAction\":[{\"@type\":\"SearchAction\",\"target\":{\"@type\":\"EntryPoint\",\"urlTemplate\":\"https:\\\/\\\/www.romaoggi.eu\\\/?s={search_term_string}\"},\"query-input\":{\"@type\":\"PropertyValueSpecification\",\"valueRequired\":true,\"valueName\":\"search_term_string\"}}],\"inLanguage\":\"it-IT\"},{\"@type\":\"Organization\",\"@id\":\"https:\\\/\\\/www.romaoggi.eu\\\/#organization\",\"name\":\"RomaOggi\",\"url\":\"https:\\\/\\\/www.romaoggi.eu\\\/\",\"logo\":{\"@type\":\"ImageObject\",\"inLanguage\":\"it-IT\",\"@id\":\"https:\\\/\\\/www.romaoggi.eu\\\/#\\\/schema\\\/logo\\\/image\\\/\",\"url\":\"https:\\\/\\\/www.romaoggi.eu\\\/wp-content\\\/uploads\\\/2017\\\/04\\\/logowp.jpg\",\"contentUrl\":\"https:\\\/\\\/www.romaoggi.eu\\\/wp-content\\\/uploads\\\/2017\\\/04\\\/logowp.jpg\",\"width\":300,\"height\":133,\"caption\":\"RomaOggi\"},\"image\":{\"@id\":\"https:\\\/\\\/www.romaoggi.eu\\\/#\\\/schema\\\/logo\\\/image\\\/\"},\"sameAs\":[\"https:\\\/\\\/www.facebook.com\\\/RomaOggi-841544845954114\",\"https:\\\/\\\/x.com\\\/romaoggi_eu\"]},{\"@type\":\"Person\",\"@id\":\"https:\\\/\\\/www.romaoggi.eu\\\/#\\\/schema\\\/person\\\/9b23ceb6a2992a25e98c76a5f1fbb887\",\"name\":\"admin\",\"image\":{\"@type\":\"ImageObject\",\"inLanguage\":\"it-IT\",\"@id\":\"https:\\\/\\\/secure.gravatar.com\\\/avatar\\\/51b1e0a1f4159e3b5d89435fce5e1a348d6c59e2ff8c2d428dae75560aace504?s=96&d=mm&r=g\",\"url\":\"https:\\\/\\\/secure.gravatar.com\\\/avatar\\\/51b1e0a1f4159e3b5d89435fce5e1a348d6c59e2ff8c2d428dae75560aace504?s=96&d=mm&r=g\",\"contentUrl\":\"https:\\\/\\\/secure.gravatar.com\\\/avatar\\\/51b1e0a1f4159e3b5d89435fce5e1a348d6c59e2ff8c2d428dae75560aace504?s=96&d=mm&r=g\",\"caption\":\"admin\"},\"url\":\"https:\\\/\\\/www.romaoggi.eu\\\/index.php\\\/author\\\/admin\\\/\"}]}<\/script>\n<!-- \/ Yoast SEO plugin. -->","yoast_head_json":{"title":"Jamal Taslaq con la collezione Eternal omaggia Roma","description":"Jamal Taslaq omaggia Roma con la collezione Eternal. E\u2019 un parterre de rois di pi\u00f9 di quattrocento ospiti quello accorso alla Galleria del Cardinale","robots":{"index":"index","follow":"follow","max-snippet":"max-snippet:-1","max-image-preview":"max-image-preview:large","max-video-preview":"max-video-preview:-1"},"canonical":"https:\/\/www.romaoggi.eu\/index.php\/2023\/02\/15\/jamal-taslaq-con-la-collezione-eternal-omaggia-roma\/","og_locale":"it_IT","og_type":"article","og_title":"Jamal Taslaq con la collezione Eternal omaggia Roma","og_description":"Jamal Taslaq omaggia Roma con la collezione Eternal. E\u2019 un parterre de rois di pi\u00f9 di quattrocento ospiti quello accorso alla Galleria del Cardinale","og_url":"https:\/\/www.romaoggi.eu\/index.php\/2023\/02\/15\/jamal-taslaq-con-la-collezione-eternal-omaggia-roma\/","og_site_name":"roma oggi","article_publisher":"https:\/\/www.facebook.com\/RomaOggi-841544845954114","article_published_time":"2023-02-15T10:32:03+00:00","og_image":[{"width":1620,"height":1080,"url":"https:\/\/www.romaoggi.eu\/wp-content\/uploads\/2023\/02\/Elena-Parmegiani-presentazione-ph.-Michele-Simolo.jpg","type":"image\/jpeg"}],"author":"admin","twitter_card":"summary_large_image","twitter_creator":"@romaoggi_eu","twitter_site":"@romaoggi_eu","twitter_misc":{"Scritto da":"admin","Tempo di lettura stimato":"5 minuti"},"schema":{"@context":"https:\/\/schema.org","@graph":[{"@type":"Article","@id":"https:\/\/www.romaoggi.eu\/index.php\/2023\/02\/15\/jamal-taslaq-con-la-collezione-eternal-omaggia-roma\/#article","isPartOf":{"@id":"https:\/\/www.romaoggi.eu\/index.php\/2023\/02\/15\/jamal-taslaq-con-la-collezione-eternal-omaggia-roma\/"},"author":{"name":"admin","@id":"https:\/\/www.romaoggi.eu\/#\/schema\/person\/9b23ceb6a2992a25e98c76a5f1fbb887"},"headline":"Jamal Taslaq con la collezione Eternal omaggia Roma","datePublished":"2023-02-15T10:32:03+00:00","mainEntityOfPage":{"@id":"https:\/\/www.romaoggi.eu\/index.php\/2023\/02\/15\/jamal-taslaq-con-la-collezione-eternal-omaggia-roma\/"},"wordCount":639,"publisher":{"@id":"https:\/\/www.romaoggi.eu\/#organization"},"image":{"@id":"https:\/\/www.romaoggi.eu\/index.php\/2023\/02\/15\/jamal-taslaq-con-la-collezione-eternal-omaggia-roma\/#primaryimage"},"thumbnailUrl":"https:\/\/www.romaoggi.eu\/wp-content\/uploads\/2023\/02\/Elena-Parmegiani-presentazione-ph.-Michele-Simolo.jpg","keywords":["Altamoda","eleganza","elena parmegiani","haute couture","Jamal Taslaq","moda","roma","sfilata"],"articleSection":["Moda"],"inLanguage":"it-IT"},{"@type":"WebPage","@id":"https:\/\/www.romaoggi.eu\/index.php\/2023\/02\/15\/jamal-taslaq-con-la-collezione-eternal-omaggia-roma\/","url":"https:\/\/www.romaoggi.eu\/index.php\/2023\/02\/15\/jamal-taslaq-con-la-collezione-eternal-omaggia-roma\/","name":"Jamal Taslaq con la collezione Eternal omaggia Roma","isPartOf":{"@id":"https:\/\/www.romaoggi.eu\/#website"},"primaryImageOfPage":{"@id":"https:\/\/www.romaoggi.eu\/index.php\/2023\/02\/15\/jamal-taslaq-con-la-collezione-eternal-omaggia-roma\/#primaryimage"},"image":{"@id":"https:\/\/www.romaoggi.eu\/index.php\/2023\/02\/15\/jamal-taslaq-con-la-collezione-eternal-omaggia-roma\/#primaryimage"},"thumbnailUrl":"https:\/\/www.romaoggi.eu\/wp-content\/uploads\/2023\/02\/Elena-Parmegiani-presentazione-ph.-Michele-Simolo.jpg","datePublished":"2023-02-15T10:32:03+00:00","description":"Jamal Taslaq omaggia Roma con la collezione Eternal. E\u2019 un parterre de rois di pi\u00f9 di quattrocento ospiti quello accorso alla Galleria del Cardinale","breadcrumb":{"@id":"https:\/\/www.romaoggi.eu\/index.php\/2023\/02\/15\/jamal-taslaq-con-la-collezione-eternal-omaggia-roma\/#breadcrumb"},"inLanguage":"it-IT","potentialAction":[{"@type":"ReadAction","target":["https:\/\/www.romaoggi.eu\/index.php\/2023\/02\/15\/jamal-taslaq-con-la-collezione-eternal-omaggia-roma\/"]}]},{"@type":"ImageObject","inLanguage":"it-IT","@id":"https:\/\/www.romaoggi.eu\/index.php\/2023\/02\/15\/jamal-taslaq-con-la-collezione-eternal-omaggia-roma\/#primaryimage","url":"https:\/\/www.romaoggi.eu\/wp-content\/uploads\/2023\/02\/Elena-Parmegiani-presentazione-ph.-Michele-Simolo.jpg","contentUrl":"https:\/\/www.romaoggi.eu\/wp-content\/uploads\/2023\/02\/Elena-Parmegiani-presentazione-ph.-Michele-Simolo.jpg","width":1620,"height":1080,"caption":"Elena Parmegiani- presentazione- ph. Michele Simolo"},{"@type":"BreadcrumbList","@id":"https:\/\/www.romaoggi.eu\/index.php\/2023\/02\/15\/jamal-taslaq-con-la-collezione-eternal-omaggia-roma\/#breadcrumb","itemListElement":[{"@type":"ListItem","position":1,"name":"Home","item":"https:\/\/www.romaoggi.eu\/"},{"@type":"ListItem","position":2,"name":"Jamal Taslaq con la collezione Eternal omaggia Roma"}]},{"@type":"WebSite","@id":"https:\/\/www.romaoggi.eu\/#website","url":"https:\/\/www.romaoggi.eu\/","name":"roma oggi","description":"Interesting News for Interesting people","publisher":{"@id":"https:\/\/www.romaoggi.eu\/#organization"},"potentialAction":[{"@type":"SearchAction","target":{"@type":"EntryPoint","urlTemplate":"https:\/\/www.romaoggi.eu\/?s={search_term_string}"},"query-input":{"@type":"PropertyValueSpecification","valueRequired":true,"valueName":"search_term_string"}}],"inLanguage":"it-IT"},{"@type":"Organization","@id":"https:\/\/www.romaoggi.eu\/#organization","name":"RomaOggi","url":"https:\/\/www.romaoggi.eu\/","logo":{"@type":"ImageObject","inLanguage":"it-IT","@id":"https:\/\/www.romaoggi.eu\/#\/schema\/logo\/image\/","url":"https:\/\/www.romaoggi.eu\/wp-content\/uploads\/2017\/04\/logowp.jpg","contentUrl":"https:\/\/www.romaoggi.eu\/wp-content\/uploads\/2017\/04\/logowp.jpg","width":300,"height":133,"caption":"RomaOggi"},"image":{"@id":"https:\/\/www.romaoggi.eu\/#\/schema\/logo\/image\/"},"sameAs":["https:\/\/www.facebook.com\/RomaOggi-841544845954114","https:\/\/x.com\/romaoggi_eu"]},{"@type":"Person","@id":"https:\/\/www.romaoggi.eu\/#\/schema\/person\/9b23ceb6a2992a25e98c76a5f1fbb887","name":"admin","image":{"@type":"ImageObject","inLanguage":"it-IT","@id":"https:\/\/secure.gravatar.com\/avatar\/51b1e0a1f4159e3b5d89435fce5e1a348d6c59e2ff8c2d428dae75560aace504?s=96&d=mm&r=g","url":"https:\/\/secure.gravatar.com\/avatar\/51b1e0a1f4159e3b5d89435fce5e1a348d6c59e2ff8c2d428dae75560aace504?s=96&d=mm&r=g","contentUrl":"https:\/\/secure.gravatar.com\/avatar\/51b1e0a1f4159e3b5d89435fce5e1a348d6c59e2ff8c2d428dae75560aace504?s=96&d=mm&r=g","caption":"admin"},"url":"https:\/\/www.romaoggi.eu\/index.php\/author\/admin\/"}]}},"_links":{"self":[{"href":"https:\/\/www.romaoggi.eu\/index.php\/wp-json\/wp\/v2\/posts\/34765","targetHints":{"allow":["GET"]}}],"collection":[{"href":"https:\/\/www.romaoggi.eu\/index.php\/wp-json\/wp\/v2\/posts"}],"about":[{"href":"https:\/\/www.romaoggi.eu\/index.php\/wp-json\/wp\/v2\/types\/post"}],"author":[{"embeddable":true,"href":"https:\/\/www.romaoggi.eu\/index.php\/wp-json\/wp\/v2\/users\/1"}],"replies":[{"embeddable":true,"href":"https:\/\/www.romaoggi.eu\/index.php\/wp-json\/wp\/v2\/comments?post=34765"}],"version-history":[{"count":2,"href":"https:\/\/www.romaoggi.eu\/index.php\/wp-json\/wp\/v2\/posts\/34765\/revisions"}],"predecessor-version":[{"id":34772,"href":"https:\/\/www.romaoggi.eu\/index.php\/wp-json\/wp\/v2\/posts\/34765\/revisions\/34772"}],"wp:featuredmedia":[{"embeddable":true,"href":"https:\/\/www.romaoggi.eu\/index.php\/wp-json\/wp\/v2\/media\/34766"}],"wp:attachment":[{"href":"https:\/\/www.romaoggi.eu\/index.php\/wp-json\/wp\/v2\/media?parent=34765"}],"wp:term":[{"taxonomy":"category","embeddable":true,"href":"https:\/\/www.romaoggi.eu\/index.php\/wp-json\/wp\/v2\/categories?post=34765"},{"taxonomy":"post_tag","embeddable":true,"href":"https:\/\/www.romaoggi.eu\/index.php\/wp-json\/wp\/v2\/tags?post=34765"}],"curies":[{"name":"wp","href":"https:\/\/api.w.org\/{rel}","templated":true}]}}