{"id":35056,"date":"2023-04-12T14:20:00","date_gmt":"2023-04-12T12:20:00","guid":{"rendered":"https:\/\/www.romaoggi.eu\/?p=35056"},"modified":"2023-04-12T14:20:00","modified_gmt":"2023-04-12T12:20:00","slug":"credere-in-un-dio","status":"publish","type":"post","link":"https:\/\/www.romaoggi.eu\/index.php\/2023\/04\/12\/credere-in-un-dio\/","title":{"rendered":"Credere in se stessi lo canta Giosef nel brano Credere in un Dio"},"content":{"rendered":"<h1 style=\"text-align: justify\">CREDERE IN UN DIO<strong><em> \u00a0<\/em><\/strong><strong>\u00e8 il nuovo singolo di<em> GIOSEF<\/em><\/strong><\/h1>\n<p style=\"text-align: justify\">in cui il cantautore da la sua interpretazione del significato di credere in se stessi o anche in qualcosa o qualcuno. Nel suo pensiero Dio non \u00e8 necessariamente un&#8217;entit\u00e0 religiosa, quanto quel nucleo in cui \u00e8 concentrata la forza interiore a cui attingere.<\/p>\n<h2 style=\"text-align: justify\">Credere in un Dio \u00e8 <strong>\u00a0online su tutte le piattaforme streaming<\/strong> dall&#8217;8 aprile e lo stesso cantautore, sui suoi social,<\/h2>\n<p style=\"text-align: justify\">lo ha annunciato scrivendo che &#8220;<strong data-rich-text-format-boundary=\"true\">parla di solitudine, di fiducia, di coraggio e di forza. Dio o un Dio pu\u00f2 essere quel qualcosa che ci aiuta a mettere da parte le paure ed a vivere.&#8221;\u00a0<\/strong><\/p>\n<h3 style=\"text-align: justify\"><strong><em>Del brano \u00e8 stato scritto: &#8220;Giosef \u00e8 un Mary Poppins del cantautorato che con un poco di zucchero parla di temi intimi e difficoltosi. E, come sempre, lascia il filo della speranza e della possibilit\u00e0: al termine il brano pone una metamorfosi&#8230; quella persona che per incoraggiarsi abbraccia un albero diventa albero e forza esso stesso. Un testo da stampare e mettere in cornice come memento&#8221; <\/em><\/strong><\/h3>\n<p style=\"text-align: justify\">La canzone riprende un po\u2019 la nostra\u00a0<strong>abitudine a lamentarci continuamente<\/strong>, la condizione che ognuno di noi vive durante il giorno, mettendo in risalto\u00a0<strong>la paura del fallimento<\/strong>, la paura di non riuscire a vivere la vita come la si vuole.\u00a0<strong>Non siamo abituati a chiedere ad una forza pi\u00f9 potente<\/strong>, ognuno ha il suo Dio che ci aiuta, ma non abbiamo troppa fiducia nel poterlo credere e preferiamo mollare o abbandonare invece di raggiungere e conquistare..<\/p>\n<p style=\"text-align: justify\"><em>&#8220;A volte la fede, la fiducia nella vita o nel prossimo viene a mancare, non siamo abituati a chiedere e percorrere la strada che ci pu\u00f2 fare stare bene, allora per paura ci rintaniamo nella solitudine e nel lamentarci.&#8221;<\/em><\/p>\n<h4 style=\"text-align: justify\">\u201cCredere in un Dio\u201d si presenta in una chiave POP con\u00a0<strong>un arrangiamento elettronico e positivo<\/strong>\u00a0ma con un testo profondo e riflessivo in classico stile Giosef.<\/h4>\n<p style=\"text-align: justify\"><em>\u201cNon amo il caos, alcune volte sopporto poco stare con determinate persone o energie allora mi isolo, un po\u2019 per paura di farmi vedere per come sono, un po per l\u2019ansia di non poter sorreggere il grande salto verso il mio successo. Ed ecco che trovo manforte nella musica, se non vivo un\u2019esperienza \u00e8 difficile che io la scriva.\u201d\u00a0<\/em>racconta Giosef.<\/p>\n<h4 style=\"text-align: justify\">Il singolo \u00e8 il terzo estratto che prosegue il lancio del nuovo progetto discografico<strong>\u00a0\u201cAmore e Psiche\u201d<\/strong>, ed \u00e8 scritto e composto dall\u2019artista in collaborazione con l\u2019ormai fedele etichetta discografica Yourvoice Records con arrangiamento e registrazione a cura di\u00a0<strong>Marco Giorgi<\/strong>.<\/h4>\n<p style=\"text-align: justify\">Ascolta il\u00a0 brano su Spotify:<\/p>\n<p style=\"text-align: justify\"><a href=\"https:\/\/open.spotify.com\/track\/6JAmhT2UuPwIbPlXKTakm3\">https:\/\/open.spotify.com\/track\/6JAmhT2UuPwIbPlXKTakm3<\/a><\/p>\n<p style=\"text-align: justify\"><strong>Giosef &#8211; Biografia Artista<\/strong><\/p>\n<p style=\"text-align: justify\">Giosef, al secolo Giuseppe Oppedisano, \u00e8 un cantautore classe 1982<\/p>\n<p style=\"text-align: justify\">Dal 2005 comincia l\u2019avventura musicale grazie agli insegnamenti del maestro Davide Conti: i brividi e le emozioni che prova con la musica diventano da subito uno dei temi che abiteranno i suoi brani.<\/p>\n<p style=\"text-align: justify\">Nell\u2019ottobre del 2008 pubblica il suo primo singolo \u201cE\u2019 Tutto Migliore\u201d\u00a0 con la collaborazione dell\u2019etichetta Note Pulite e prosegue il suo cammino di studi presso l\u2019accademia di musica Baravalle di Fossano con Albert Hera per il canto e intraprende un percorso strumentale (pianoforte) con il maestro Enzo Fornione che lo porter\u00e0 a tuffarsi nella scrittura delle canzoni.<\/p>\n<p style=\"text-align: justify\">Nel 2010 vince la XVI edizione del Notepulite Festival aggiudicandosi una borsa di studio che gli permette di diplomarsi nello stesso anno al Cet Music di Mogol, grazie alla scelta esplicita del maestro, presente in giuria. Nello stesso anno pubblica l\u2019EP &#8220;Il Mio Domani\u201d ricevendo riscontri positivi sia dal pubblico che da addetti ai lavori e radio (il brano \u201cIl Mio Domani\u201d ad essere inserito in alta rotazione per un mese su Radio Jukebox in Piemonte).<\/p>\n<p style=\"text-align: justify\">\u00a02012 con \u201cBolle Di Sapone\u201d partecipa all\u2019accademia Area e nel 2013 vince il concorso internazionale AD Music awards.Dal 2013 al 2015 si unisce al gruppo gospel &#8220;Anno Domini Gospel Choir\u201d come voce tenorile, incidendo come membro del coro il disco &#8220;Jesus Christ Is The Way\u201d.<\/p>\n<p style=\"text-align: justify\">2014 vince il premio della stampa al concorso Pop Music Festival.<\/p>\n<p style=\"text-align: justify\">2015 partecipa al reality musicale Artist Academy Talent Reality in onda sul digitale terrestre e pubblica i singoli \u201cBolle Di Sapone\u201d e \u201cNon E\u2019 Mai\u201d che saranno poi contenuti nell\u2019EP \u201cLibera Uscita\u201d (con la collaborazione di Roberto Gerardi).<\/p>\n<p style=\"text-align: justify\">Nel luglio 2017 si diploma come insegnante di canto &#8220;Voice To Teach\u00ae&#8221; e pubblica \u201cCitt\u00e0 Fantasia\u201d, terzo singolo estratto dall\u2019EP, supportato dal relativo tour italiano.<\/p>\n<p style=\"text-align: justify\">Il 2020 \u00e8 l\u2019anno del disco \u201cLa Rinascita Del Viola\u201d in collaborazione con l\u2019etichetta discografica \u201cYOURVOICE RECORDS\u201d di Rimini, nato da un progetto partito nel 2018 grazie al successo della campagna di crowdfunding su Musicraiser con pi\u00f9 di 300.000 streaming in tutte le piattaforme digitali.<\/p>\n<p style=\"text-align: justify\">Nel 2022 il ritorno con un nuovo progetto discografico \u201cAmore e Psiche\u201d di cui \u201cNIENTE DA CAPIRE\u201d e \u201c<a href=\"https:\/\/www.romaoggi.eu\/index.php\/2022\/12\/21\/le-3-di-notte-il-nuovo-brano-di-giosef-ci-canta-la-vita-semplice\/\">LE 3 DI NOTTE<\/a>\u201d sono i due primi SINGOLI estratti.\u00a0<strong>\u00a0<\/strong><\/p>\n<p style=\"text-align: justify\"><strong>LINK ARTISTA:<\/strong><\/p>\n<p><strong>\u00a0<\/strong><\/p>\n<p>Sito Ufficiale:\u00a0<a href=\"https:\/\/panel2.mediasender.it\/api\/?class=client&amp;method=tl&amp;o=postcard&amp;u=ZXQ3bFF4cHV3NjhXNHg3OVhaSnNsMEU1QldZVg==&amp;c=WmQzbUhVY29nNnNFOGg3NVc1QT0=&amp;mq=42aea1c546c014954a935a99a00a84f3\">www.giosef.com<\/a><\/p>\n<p>Facebook:\u00a0<a href=\"https:\/\/panel2.mediasender.it\/api\/?class=client&amp;method=tl&amp;o=postcard&amp;u=ZXQ3bFF4cHV3NjhXNHg3OFZaNTZrRWg0RFNjYkhSWGswTGViTjBkM21ENnJJZ0JxY2hJPQ==&amp;c=WmQzbUhVWWdqNzBEKzEveEdwNXdud2h3RDJZTEZ4NmswYmlkSjB0d213PT0=&amp;mq=42aea1c546c014954a935a99a00a84f3\">www.facebook.com\/giosefofficial<\/a><\/p>\n<p>Instagram:\u00a0<a href=\"https:\/\/panel2.mediasender.it\/api\/?class=client&amp;method=tl&amp;o=postcard&amp;u=ZXQ3bFF4cHV3NjhXNHg3eldvNXJrMEJsQjJSV0VSZW1tTG1kSzFGMGtUZXJMUXBnZWgvK2tnPT0=&amp;c=WmQzbUhVa3ZuNndBODBMN1dkTjhuVW80QVdBWEFSMnQyTGlTTFVGNGxqVGk=&amp;mq=42aea1c546c014954a935a99a00a84f3\">www.instagram.com\/giosefofficial\/<\/a><\/p>\n<p>YouTube:\u00a0<a href=\"https:\/\/panel2.mediasender.it\/api\/?class=client&amp;method=tl&amp;o=postcard&amp;u=ZXQ3bFF4cHV3NjhXNHg3alc0aHJoMFZ5U0dvWEgxZXMzckdISVVSK2tUNmtLQXBpZnc9PQ==&amp;c=WmQzbUhWa3VtYXdVOWxXMFY1SnkzVUIrQ1hvZEZCZXQwYmVYTFVOOQ==&amp;mq=42aea1c546c014954a935a99a00a84f3\">www.youtube.com\/giosefofficial<\/a><\/p>\n<p>Spotify:\u00a0\u00a0<a href=\"https:\/\/panel2.mediasender.it\/api\/?class=client&amp;method=tl&amp;o=postcard&amp;u=ZXQ3bFExTjd3L2NTNUYvdVhkTjVtd2drVlRrTEZnK0Q=&amp;c=ZXQ3bFExTjd3L2NTNUYvdVhkTjVtd2drVlRrTEZnK0Q=&amp;mq=42aea1c546c014954a935a99a00a84f3\">https:\/\/spoti.fi\/330sdwH<\/a><\/p>\n<p>per info<\/p>\n<p><a href=\"https:\/\/panel2.mediasender.it\/api\/?class=client&amp;method=tl&amp;o=postcard&amp;u=Zjh2NFgxUXUxckVQOGwvYVRaSnFnRkY0RDJvZEFCMm8yS3lRTnd4eW1EVT0=&amp;c=ZThUM1hHQTRnNjBUNGwvelY1aHRsMFI0RkcwTFhCdWsyZz09&amp;mq=42aea1c546c014954a935a99a00a84f3\">info@yourvoicerecords.com<\/a><\/p>\n<p><strong>Testo canzone<\/strong><\/p>\n<h5><strong>Credere in un Dio &#8211; Giosef\u00a0<\/strong><\/h5>\n<p>Testo canzone<\/p>\n<p>&nbsp;<\/p>\n<h6><strong>Credere in un Dio\u2026<\/strong><\/h6>\n<p>&nbsp;<\/p>\n<p>Sono stato anche io un bambino<\/p>\n<p>che credeva nella\u00a0\u00a0vita<\/p>\n<p>un sorriso fisso in viso<\/p>\n<p>e negli occhi una partita<\/p>\n<p>&nbsp;<\/p>\n<p>ma oggi chiuso in questa stanza<\/p>\n<p>non ho voglia di parlare<\/p>\n<p>odio nel telegiornale<\/p>\n<p>le storie di terrore<\/p>\n<p>non credo pi\u00f9 a niente<\/p>\n<p>non credo alla gente<\/p>\n<p>&nbsp;<\/p>\n<p>la solitudine<\/p>\n<p>\u00e8 paura di trionfare<\/p>\n<p>di credere in un Dio e poi<\/p>\n<p>lasciarlo fare<\/p>\n<p>la solitudine<\/p>\n<p>in cui ci puoi affogare<\/p>\n<p>aprire le tue braccia<\/p>\n<p>poterti lamentare<\/p>\n<p>&nbsp;<\/p>\n<p>voglio di pi\u00f9 da questi anni amari<\/p>\n<p>di paure e di rancori<\/p>\n<p>chiusi dentro nella propria casa<\/p>\n<p>a sfornare pane e cantare nei balconi<\/p>\n<p>&nbsp;<\/p>\n<p>voglio di pi\u00f9 da me stesso<\/p>\n<p>la vita in fondo \u00e8 adesso<\/p>\n<p>abbracciare forte un albero<\/p>\n<p>e sentire che anche io ho un angelo<\/p>\n<p>&nbsp;<\/p>\n<p>che mi\u00a0\u00a0protegge<\/p>\n<p>da queste insicurezze<\/p>\n<p>&nbsp;<\/p>\n<p>rit. la solitudine<\/p>\n<p>\u00e8 paura di trionfare<\/p>\n<p>di credere in un Dio e poi<\/p>\n<p>lasciarlo fare<\/p>\n<p>la solitudine<\/p>\n<p>in cui ci puoi affogare<\/p>\n<p>aprire le tue braccia<\/p>\n<p>e poterti lamentare<\/p>\n<p>&nbsp;<\/p>\n<p>Special: E quando gli anni passeranno e non ci sarai pi\u00f9<\/p>\n<p>rester\u00e0 solo l&#8217;amore che hai dato<\/p>\n<p>pi\u00f9 di quello che hai vissuto<\/p>\n<p>e quando gli anni passeranno e non ci sarai pi\u00f9<\/p>\n<p>sarai la cura di chi ti abbraccia<\/p>\n<p>quell\u2019albero \u2026\u2026\u2026..sarai tu<\/p>\n<p>&nbsp;<\/p>\n<p>la solitudine<\/p>\n<p>\u00e8 paura di trionfare<\/p>\n<p>di credere in un Dio e poi<\/p>\n<p>lasciarlo fare<\/p>\n<p>la solitudine<\/p>\n<p>una scusa per mollare<\/p>\n<p>aprire le tue braccia<\/p>\n<p>non fidarsi e rinunciare<\/p>\n<p>non fidarsi e rinunciare<\/p>\n<p>la paura che fa male<\/p>\n<p>la paura ti fa male<\/p>\n<p>tu che NO non puoi mollare<\/p>\n<p>tu che No non puoi mollare<\/p>\n<p>la paura ti fa male<\/p>\n<p>non fidarsi e rinunciare<\/p>\n<p>non fidarsi e rinunciare<\/p>\n","protected":false},"excerpt":{"rendered":"<div class=\"mh-excerpt\"><p>CREDERE IN UN DIO \u00a0\u00e8 il nuovo singolo di GIOSEF in cui il cantautore da la sua interpretazione del significato di credere in se stessi o anche in qualcosa o qualcuno. Nel suo pensiero Dio <a class=\"mh-excerpt-more\" href=\"https:\/\/www.romaoggi.eu\/index.php\/2023\/04\/12\/credere-in-un-dio\/\" title=\"Credere in se stessi lo canta Giosef nel brano Credere in un Dio\">[&#8230;]<\/a><\/p>\n<\/div>","protected":false},"author":18,"featured_media":35057,"comment_status":"closed","ping_status":"open","sticky":false,"template":"","format":"standard","meta":{"_sitemap_exclude":false,"_sitemap_priority":"","_sitemap_frequency":"","footnotes":""},"categories":[2715],"tags":[11171,16834,14211,16835,16391,13905,16836],"class_list":["post-35056","post","type-post","status-publish","format-standard","has-post-thumbnail","hentry","category-musica","tag-cantautore","tag-dio","tag-fallimento","tag-fiducia","tag-giosef","tag-solitudine","tag-yourvoice-records"],"yoast_head":"<!-- This site is optimized with the Yoast SEO plugin v27.5 - https:\/\/yoast.com\/product\/yoast-seo-wordpress\/ -->\n<title>Credere in se stessi lo canta Giosef nel brano Credere in un Dio<\/title>\n<meta name=\"description\" content=\"CREDERE IN UN DIO \u00a0\u00e8 il nuovo singolo di GIOSEF in cui il cantautore da la sua interpretazione del significato di credere in se stessi o anche in qualcosa Credere in se stessi \u00e8 il motto di Giosef nel brano Credere in un Dio in cui il cantautore da la sua interpretazione del significato di credere in se stessi o anche in qualcosa o qualcuno. On line su tutte le piattaforme streaming dall&#039;8 aprile\" \/>\n<meta name=\"robots\" content=\"index, follow, max-snippet:-1, max-image-preview:large, max-video-preview:-1\" \/>\n<link rel=\"canonical\" href=\"https:\/\/www.romaoggi.eu\/index.php\/2023\/04\/12\/credere-in-un-dio\/\" \/>\n<meta property=\"og:locale\" content=\"it_IT\" \/>\n<meta property=\"og:type\" content=\"article\" \/>\n<meta property=\"og:title\" content=\"Credere in se stessi lo canta Giosef nel brano Credere in un Dio\" \/>\n<meta property=\"og:description\" content=\"CREDERE IN UN DIO \u00a0\u00e8 il nuovo singolo di GIOSEF in cui il cantautore da la sua interpretazione del significato di credere in se stessi o anche in qualcosa Credere in se stessi \u00e8 il motto di Giosef nel brano Credere in un Dio in cui il cantautore da la sua interpretazione del significato di credere in se stessi o anche in qualcosa o qualcuno. On line su tutte le piattaforme streaming dall&#039;8 aprile\" \/>\n<meta property=\"og:url\" content=\"https:\/\/www.romaoggi.eu\/index.php\/2023\/04\/12\/credere-in-un-dio\/\" \/>\n<meta property=\"og:site_name\" content=\"roma oggi\" \/>\n<meta property=\"article:publisher\" content=\"https:\/\/www.facebook.com\/RomaOggi-841544845954114\" \/>\n<meta property=\"article:published_time\" content=\"2023-04-12T12:20:00+00:00\" \/>\n<meta property=\"og:image\" content=\"https:\/\/www.romaoggi.eu\/wp-content\/uploads\/2023\/04\/cover-credere-in-un-dio-ok.jpg\" \/>\n\t<meta property=\"og:image:width\" content=\"1440\" \/>\n\t<meta property=\"og:image:height\" content=\"1440\" \/>\n\t<meta property=\"og:image:type\" content=\"image\/jpeg\" \/>\n<meta name=\"author\" content=\"Sara Lauricella\" \/>\n<meta name=\"twitter:card\" content=\"summary_large_image\" \/>\n<meta name=\"twitter:creator\" content=\"@romaoggi_eu\" \/>\n<meta name=\"twitter:site\" content=\"@romaoggi_eu\" \/>\n<meta name=\"twitter:label1\" content=\"Scritto da\" \/>\n\t<meta name=\"twitter:data1\" content=\"Sara Lauricella\" \/>\n\t<meta name=\"twitter:label2\" content=\"Tempo di lettura stimato\" \/>\n\t<meta name=\"twitter:data2\" content=\"6 minuti\" \/>\n<script type=\"application\/ld+json\" class=\"yoast-schema-graph\">{\"@context\":\"https:\\\/\\\/schema.org\",\"@graph\":[{\"@type\":\"Article\",\"@id\":\"https:\\\/\\\/www.romaoggi.eu\\\/index.php\\\/2023\\\/04\\\/12\\\/credere-in-un-dio\\\/#article\",\"isPartOf\":{\"@id\":\"https:\\\/\\\/www.romaoggi.eu\\\/index.php\\\/2023\\\/04\\\/12\\\/credere-in-un-dio\\\/\"},\"author\":{\"name\":\"Sara Lauricella\",\"@id\":\"https:\\\/\\\/www.romaoggi.eu\\\/#\\\/schema\\\/person\\\/a3fe6791a069e7831dbc270a2dc5fb6a\"},\"headline\":\"Credere in se stessi lo canta Giosef nel brano Credere in un Dio\",\"datePublished\":\"2023-04-12T12:20:00+00:00\",\"mainEntityOfPage\":{\"@id\":\"https:\\\/\\\/www.romaoggi.eu\\\/index.php\\\/2023\\\/04\\\/12\\\/credere-in-un-dio\\\/\"},\"wordCount\":1129,\"publisher\":{\"@id\":\"https:\\\/\\\/www.romaoggi.eu\\\/#organization\"},\"image\":{\"@id\":\"https:\\\/\\\/www.romaoggi.eu\\\/index.php\\\/2023\\\/04\\\/12\\\/credere-in-un-dio\\\/#primaryimage\"},\"thumbnailUrl\":\"https:\\\/\\\/www.romaoggi.eu\\\/wp-content\\\/uploads\\\/2023\\\/04\\\/cover-credere-in-un-dio-ok.jpg\",\"keywords\":[\"cantautore\",\"Dio\",\"fallimento\",\"fiducia\",\"GIOSEF\",\"solitudine\",\"yourvoice records\"],\"articleSection\":[\"musica\"],\"inLanguage\":\"it-IT\"},{\"@type\":\"WebPage\",\"@id\":\"https:\\\/\\\/www.romaoggi.eu\\\/index.php\\\/2023\\\/04\\\/12\\\/credere-in-un-dio\\\/\",\"url\":\"https:\\\/\\\/www.romaoggi.eu\\\/index.php\\\/2023\\\/04\\\/12\\\/credere-in-un-dio\\\/\",\"name\":\"Credere in se stessi lo canta Giosef nel brano Credere in un Dio\",\"isPartOf\":{\"@id\":\"https:\\\/\\\/www.romaoggi.eu\\\/#website\"},\"primaryImageOfPage\":{\"@id\":\"https:\\\/\\\/www.romaoggi.eu\\\/index.php\\\/2023\\\/04\\\/12\\\/credere-in-un-dio\\\/#primaryimage\"},\"image\":{\"@id\":\"https:\\\/\\\/www.romaoggi.eu\\\/index.php\\\/2023\\\/04\\\/12\\\/credere-in-un-dio\\\/#primaryimage\"},\"thumbnailUrl\":\"https:\\\/\\\/www.romaoggi.eu\\\/wp-content\\\/uploads\\\/2023\\\/04\\\/cover-credere-in-un-dio-ok.jpg\",\"datePublished\":\"2023-04-12T12:20:00+00:00\",\"description\":\"CREDERE IN UN DIO \u00a0\u00e8 il nuovo singolo di GIOSEF in cui il cantautore da la sua interpretazione del significato di credere in se stessi o anche in qualcosa Credere in se stessi \u00e8 il motto di Giosef nel brano Credere in un Dio in cui il cantautore da la sua interpretazione del significato di credere in se stessi o anche in qualcosa o qualcuno. On line su tutte le piattaforme streaming dall'8 aprile\",\"breadcrumb\":{\"@id\":\"https:\\\/\\\/www.romaoggi.eu\\\/index.php\\\/2023\\\/04\\\/12\\\/credere-in-un-dio\\\/#breadcrumb\"},\"inLanguage\":\"it-IT\",\"potentialAction\":[{\"@type\":\"ReadAction\",\"target\":[\"https:\\\/\\\/www.romaoggi.eu\\\/index.php\\\/2023\\\/04\\\/12\\\/credere-in-un-dio\\\/\"]}]},{\"@type\":\"ImageObject\",\"inLanguage\":\"it-IT\",\"@id\":\"https:\\\/\\\/www.romaoggi.eu\\\/index.php\\\/2023\\\/04\\\/12\\\/credere-in-un-dio\\\/#primaryimage\",\"url\":\"https:\\\/\\\/www.romaoggi.eu\\\/wp-content\\\/uploads\\\/2023\\\/04\\\/cover-credere-in-un-dio-ok.jpg\",\"contentUrl\":\"https:\\\/\\\/www.romaoggi.eu\\\/wp-content\\\/uploads\\\/2023\\\/04\\\/cover-credere-in-un-dio-ok.jpg\",\"width\":1440,\"height\":1440,\"caption\":\"atl tag credere in un dio\"},{\"@type\":\"BreadcrumbList\",\"@id\":\"https:\\\/\\\/www.romaoggi.eu\\\/index.php\\\/2023\\\/04\\\/12\\\/credere-in-un-dio\\\/#breadcrumb\",\"itemListElement\":[{\"@type\":\"ListItem\",\"position\":1,\"name\":\"Home\",\"item\":\"https:\\\/\\\/www.romaoggi.eu\\\/\"},{\"@type\":\"ListItem\",\"position\":2,\"name\":\"Credere in se stessi lo canta Giosef nel brano Credere in un Dio\"}]},{\"@type\":\"WebSite\",\"@id\":\"https:\\\/\\\/www.romaoggi.eu\\\/#website\",\"url\":\"https:\\\/\\\/www.romaoggi.eu\\\/\",\"name\":\"roma oggi\",\"description\":\"Interesting News for Interesting people\",\"publisher\":{\"@id\":\"https:\\\/\\\/www.romaoggi.eu\\\/#organization\"},\"potentialAction\":[{\"@type\":\"SearchAction\",\"target\":{\"@type\":\"EntryPoint\",\"urlTemplate\":\"https:\\\/\\\/www.romaoggi.eu\\\/?s={search_term_string}\"},\"query-input\":{\"@type\":\"PropertyValueSpecification\",\"valueRequired\":true,\"valueName\":\"search_term_string\"}}],\"inLanguage\":\"it-IT\"},{\"@type\":\"Organization\",\"@id\":\"https:\\\/\\\/www.romaoggi.eu\\\/#organization\",\"name\":\"RomaOggi\",\"url\":\"https:\\\/\\\/www.romaoggi.eu\\\/\",\"logo\":{\"@type\":\"ImageObject\",\"inLanguage\":\"it-IT\",\"@id\":\"https:\\\/\\\/www.romaoggi.eu\\\/#\\\/schema\\\/logo\\\/image\\\/\",\"url\":\"https:\\\/\\\/www.romaoggi.eu\\\/wp-content\\\/uploads\\\/2017\\\/04\\\/logowp.jpg\",\"contentUrl\":\"https:\\\/\\\/www.romaoggi.eu\\\/wp-content\\\/uploads\\\/2017\\\/04\\\/logowp.jpg\",\"width\":300,\"height\":133,\"caption\":\"RomaOggi\"},\"image\":{\"@id\":\"https:\\\/\\\/www.romaoggi.eu\\\/#\\\/schema\\\/logo\\\/image\\\/\"},\"sameAs\":[\"https:\\\/\\\/www.facebook.com\\\/RomaOggi-841544845954114\",\"https:\\\/\\\/x.com\\\/romaoggi_eu\"]},{\"@type\":\"Person\",\"@id\":\"https:\\\/\\\/www.romaoggi.eu\\\/#\\\/schema\\\/person\\\/a3fe6791a069e7831dbc270a2dc5fb6a\",\"name\":\"Sara Lauricella\",\"image\":{\"@type\":\"ImageObject\",\"inLanguage\":\"it-IT\",\"@id\":\"https:\\\/\\\/secure.gravatar.com\\\/avatar\\\/43b5b38ca5c211eeda3f5a753f08074b99bca18896a51722d2103203fe68f14f?s=96&d=mm&r=g\",\"url\":\"https:\\\/\\\/secure.gravatar.com\\\/avatar\\\/43b5b38ca5c211eeda3f5a753f08074b99bca18896a51722d2103203fe68f14f?s=96&d=mm&r=g\",\"contentUrl\":\"https:\\\/\\\/secure.gravatar.com\\\/avatar\\\/43b5b38ca5c211eeda3f5a753f08074b99bca18896a51722d2103203fe68f14f?s=96&d=mm&r=g\",\"caption\":\"Sara Lauricella\"},\"url\":\"https:\\\/\\\/www.romaoggi.eu\\\/index.php\\\/author\\\/s-lauricella\\\/\"}]}<\/script>\n<!-- \/ Yoast SEO plugin. -->","yoast_head_json":{"title":"Credere in se stessi lo canta Giosef nel brano Credere in un Dio","description":"CREDERE IN UN DIO \u00a0\u00e8 il nuovo singolo di GIOSEF in cui il cantautore da la sua interpretazione del significato di credere in se stessi o anche in qualcosa Credere in se stessi \u00e8 il motto di Giosef nel brano Credere in un Dio in cui il cantautore da la sua interpretazione del significato di credere in se stessi o anche in qualcosa o qualcuno. On line su tutte le piattaforme streaming dall'8 aprile","robots":{"index":"index","follow":"follow","max-snippet":"max-snippet:-1","max-image-preview":"max-image-preview:large","max-video-preview":"max-video-preview:-1"},"canonical":"https:\/\/www.romaoggi.eu\/index.php\/2023\/04\/12\/credere-in-un-dio\/","og_locale":"it_IT","og_type":"article","og_title":"Credere in se stessi lo canta Giosef nel brano Credere in un Dio","og_description":"CREDERE IN UN DIO \u00a0\u00e8 il nuovo singolo di GIOSEF in cui il cantautore da la sua interpretazione del significato di credere in se stessi o anche in qualcosa Credere in se stessi \u00e8 il motto di Giosef nel brano Credere in un Dio in cui il cantautore da la sua interpretazione del significato di credere in se stessi o anche in qualcosa o qualcuno. On line su tutte le piattaforme streaming dall'8 aprile","og_url":"https:\/\/www.romaoggi.eu\/index.php\/2023\/04\/12\/credere-in-un-dio\/","og_site_name":"roma oggi","article_publisher":"https:\/\/www.facebook.com\/RomaOggi-841544845954114","article_published_time":"2023-04-12T12:20:00+00:00","og_image":[{"width":1440,"height":1440,"url":"https:\/\/www.romaoggi.eu\/wp-content\/uploads\/2023\/04\/cover-credere-in-un-dio-ok.jpg","type":"image\/jpeg"}],"author":"Sara Lauricella","twitter_card":"summary_large_image","twitter_creator":"@romaoggi_eu","twitter_site":"@romaoggi_eu","twitter_misc":{"Scritto da":"Sara Lauricella","Tempo di lettura stimato":"6 minuti"},"schema":{"@context":"https:\/\/schema.org","@graph":[{"@type":"Article","@id":"https:\/\/www.romaoggi.eu\/index.php\/2023\/04\/12\/credere-in-un-dio\/#article","isPartOf":{"@id":"https:\/\/www.romaoggi.eu\/index.php\/2023\/04\/12\/credere-in-un-dio\/"},"author":{"name":"Sara Lauricella","@id":"https:\/\/www.romaoggi.eu\/#\/schema\/person\/a3fe6791a069e7831dbc270a2dc5fb6a"},"headline":"Credere in se stessi lo canta Giosef nel brano Credere in un Dio","datePublished":"2023-04-12T12:20:00+00:00","mainEntityOfPage":{"@id":"https:\/\/www.romaoggi.eu\/index.php\/2023\/04\/12\/credere-in-un-dio\/"},"wordCount":1129,"publisher":{"@id":"https:\/\/www.romaoggi.eu\/#organization"},"image":{"@id":"https:\/\/www.romaoggi.eu\/index.php\/2023\/04\/12\/credere-in-un-dio\/#primaryimage"},"thumbnailUrl":"https:\/\/www.romaoggi.eu\/wp-content\/uploads\/2023\/04\/cover-credere-in-un-dio-ok.jpg","keywords":["cantautore","Dio","fallimento","fiducia","GIOSEF","solitudine","yourvoice records"],"articleSection":["musica"],"inLanguage":"it-IT"},{"@type":"WebPage","@id":"https:\/\/www.romaoggi.eu\/index.php\/2023\/04\/12\/credere-in-un-dio\/","url":"https:\/\/www.romaoggi.eu\/index.php\/2023\/04\/12\/credere-in-un-dio\/","name":"Credere in se stessi lo canta Giosef nel brano Credere in un Dio","isPartOf":{"@id":"https:\/\/www.romaoggi.eu\/#website"},"primaryImageOfPage":{"@id":"https:\/\/www.romaoggi.eu\/index.php\/2023\/04\/12\/credere-in-un-dio\/#primaryimage"},"image":{"@id":"https:\/\/www.romaoggi.eu\/index.php\/2023\/04\/12\/credere-in-un-dio\/#primaryimage"},"thumbnailUrl":"https:\/\/www.romaoggi.eu\/wp-content\/uploads\/2023\/04\/cover-credere-in-un-dio-ok.jpg","datePublished":"2023-04-12T12:20:00+00:00","description":"CREDERE IN UN DIO \u00a0\u00e8 il nuovo singolo di GIOSEF in cui il cantautore da la sua interpretazione del significato di credere in se stessi o anche in qualcosa Credere in se stessi \u00e8 il motto di Giosef nel brano Credere in un Dio in cui il cantautore da la sua interpretazione del significato di credere in se stessi o anche in qualcosa o qualcuno. On line su tutte le piattaforme streaming dall'8 aprile","breadcrumb":{"@id":"https:\/\/www.romaoggi.eu\/index.php\/2023\/04\/12\/credere-in-un-dio\/#breadcrumb"},"inLanguage":"it-IT","potentialAction":[{"@type":"ReadAction","target":["https:\/\/www.romaoggi.eu\/index.php\/2023\/04\/12\/credere-in-un-dio\/"]}]},{"@type":"ImageObject","inLanguage":"it-IT","@id":"https:\/\/www.romaoggi.eu\/index.php\/2023\/04\/12\/credere-in-un-dio\/#primaryimage","url":"https:\/\/www.romaoggi.eu\/wp-content\/uploads\/2023\/04\/cover-credere-in-un-dio-ok.jpg","contentUrl":"https:\/\/www.romaoggi.eu\/wp-content\/uploads\/2023\/04\/cover-credere-in-un-dio-ok.jpg","width":1440,"height":1440,"caption":"atl tag credere in un dio"},{"@type":"BreadcrumbList","@id":"https:\/\/www.romaoggi.eu\/index.php\/2023\/04\/12\/credere-in-un-dio\/#breadcrumb","itemListElement":[{"@type":"ListItem","position":1,"name":"Home","item":"https:\/\/www.romaoggi.eu\/"},{"@type":"ListItem","position":2,"name":"Credere in se stessi lo canta Giosef nel brano Credere in un Dio"}]},{"@type":"WebSite","@id":"https:\/\/www.romaoggi.eu\/#website","url":"https:\/\/www.romaoggi.eu\/","name":"roma oggi","description":"Interesting News for Interesting people","publisher":{"@id":"https:\/\/www.romaoggi.eu\/#organization"},"potentialAction":[{"@type":"SearchAction","target":{"@type":"EntryPoint","urlTemplate":"https:\/\/www.romaoggi.eu\/?s={search_term_string}"},"query-input":{"@type":"PropertyValueSpecification","valueRequired":true,"valueName":"search_term_string"}}],"inLanguage":"it-IT"},{"@type":"Organization","@id":"https:\/\/www.romaoggi.eu\/#organization","name":"RomaOggi","url":"https:\/\/www.romaoggi.eu\/","logo":{"@type":"ImageObject","inLanguage":"it-IT","@id":"https:\/\/www.romaoggi.eu\/#\/schema\/logo\/image\/","url":"https:\/\/www.romaoggi.eu\/wp-content\/uploads\/2017\/04\/logowp.jpg","contentUrl":"https:\/\/www.romaoggi.eu\/wp-content\/uploads\/2017\/04\/logowp.jpg","width":300,"height":133,"caption":"RomaOggi"},"image":{"@id":"https:\/\/www.romaoggi.eu\/#\/schema\/logo\/image\/"},"sameAs":["https:\/\/www.facebook.com\/RomaOggi-841544845954114","https:\/\/x.com\/romaoggi_eu"]},{"@type":"Person","@id":"https:\/\/www.romaoggi.eu\/#\/schema\/person\/a3fe6791a069e7831dbc270a2dc5fb6a","name":"Sara Lauricella","image":{"@type":"ImageObject","inLanguage":"it-IT","@id":"https:\/\/secure.gravatar.com\/avatar\/43b5b38ca5c211eeda3f5a753f08074b99bca18896a51722d2103203fe68f14f?s=96&d=mm&r=g","url":"https:\/\/secure.gravatar.com\/avatar\/43b5b38ca5c211eeda3f5a753f08074b99bca18896a51722d2103203fe68f14f?s=96&d=mm&r=g","contentUrl":"https:\/\/secure.gravatar.com\/avatar\/43b5b38ca5c211eeda3f5a753f08074b99bca18896a51722d2103203fe68f14f?s=96&d=mm&r=g","caption":"Sara Lauricella"},"url":"https:\/\/www.romaoggi.eu\/index.php\/author\/s-lauricella\/"}]}},"_links":{"self":[{"href":"https:\/\/www.romaoggi.eu\/index.php\/wp-json\/wp\/v2\/posts\/35056","targetHints":{"allow":["GET"]}}],"collection":[{"href":"https:\/\/www.romaoggi.eu\/index.php\/wp-json\/wp\/v2\/posts"}],"about":[{"href":"https:\/\/www.romaoggi.eu\/index.php\/wp-json\/wp\/v2\/types\/post"}],"author":[{"embeddable":true,"href":"https:\/\/www.romaoggi.eu\/index.php\/wp-json\/wp\/v2\/users\/18"}],"replies":[{"embeddable":true,"href":"https:\/\/www.romaoggi.eu\/index.php\/wp-json\/wp\/v2\/comments?post=35056"}],"version-history":[{"count":1,"href":"https:\/\/www.romaoggi.eu\/index.php\/wp-json\/wp\/v2\/posts\/35056\/revisions"}],"predecessor-version":[{"id":35058,"href":"https:\/\/www.romaoggi.eu\/index.php\/wp-json\/wp\/v2\/posts\/35056\/revisions\/35058"}],"wp:featuredmedia":[{"embeddable":true,"href":"https:\/\/www.romaoggi.eu\/index.php\/wp-json\/wp\/v2\/media\/35057"}],"wp:attachment":[{"href":"https:\/\/www.romaoggi.eu\/index.php\/wp-json\/wp\/v2\/media?parent=35056"}],"wp:term":[{"taxonomy":"category","embeddable":true,"href":"https:\/\/www.romaoggi.eu\/index.php\/wp-json\/wp\/v2\/categories?post=35056"},{"taxonomy":"post_tag","embeddable":true,"href":"https:\/\/www.romaoggi.eu\/index.php\/wp-json\/wp\/v2\/tags?post=35056"}],"curies":[{"name":"wp","href":"https:\/\/api.w.org\/{rel}","templated":true}]}}