{"id":35075,"date":"2023-04-14T12:11:22","date_gmt":"2023-04-14T10:11:22","guid":{"rendered":"https:\/\/www.romaoggi.eu\/?p=35075"},"modified":"2023-04-14T12:11:22","modified_gmt":"2023-04-14T10:11:22","slug":"a-dieta-con-le-domande-giuste-by-emanuela-scanu","status":"publish","type":"post","link":"https:\/\/www.romaoggi.eu\/index.php\/2023\/04\/14\/a-dieta-con-le-domande-giuste-by-emanuela-scanu\/","title":{"rendered":"A dieta con le domande giuste- by Emanuela Scanu"},"content":{"rendered":"<h3>A dieta con le domande giuste<\/h3>\n<p style=\"text-align: justify;\">La risposta pu\u00f2 sembrare ovvia: per perdere peso, ma per ogni persona questa condizione ha significati diversi.<\/p>\n<p style=\"text-align: justify;\">Se ci si fa le domande giuste, a patto di essere sinceri, si pu\u00f2 prevedere l\u2019esito della vostra dieta ancor prima che iniziate. Se avete dubbi, se non vi sentite pronti, se la spinta viene dall\u2019esterno, se cercate una strada facile e veloce, se solo l\u2019idea vi provoca frustrazione lasciate perdere!<br \/>\nVediamo insieme le domande necessarie prima di cominciare un programma di dimagrimento ed in base alle vostre risposte cerchiamo di comprendere quali sono i reali motivi e se ci sono aspetti ai quali possiamo appoggiarci per garantirne il successo\u2026<\/p>\n<p style=\"text-align: justify;\">Prendersi cura di se stessi dovrebbe essere un\u2019occasione che genera entusiasmo non disperazione! Innanzitutto pensate al perch\u00e9 avete preso peso ed in quanto tempo. <strong>Siete sempre stati rotondetti? In famiglia sono tutti un po&#8217; in sovrappeso? Vi hanno insegnato a non lasciare nulla nel piatto?<\/strong><\/p>\n<p style=\"text-align: justify;\">La cultura familiare sul cibo \u00e8 molto condizionante ed \u00e8 possibile che siate stati esposti da sempre a certe visioni su cosa, quanto e quando mangiare. Sono condizionamenti importanti legati alla sfera affettiva per cui se iniziate un programma per perdere peso ne dovrete tenere conto e la dieta non basta serve anche un percorso psicologico e rieducativo personalizzato. Se invece avete vissuto un periodo stressante o avete appena partorito con poco impegno tornerete al peso di sempre e troverete la giusta via tra gusto e rinuncia. La cosa importante \u00e8 stabilire una data di inizio ed una di fine ed essere ligi negli step intermedi\u2026<a href=\"https:\/\/emanuelascanupsicologa.com\/2023\/02\/27\/rispondi-con-onesta-perche-vuoi-iniziare-una-dieta\/\">emanuelascanupsicologa.com<\/a><\/p>\n<p style=\"text-align: justify;\">Chiarito questo punto bisogna anche chiedersi perch\u00e9 si vuole perdere peso. La risposta dovrebbe essere sentirsi a proprio agio, poter vestire senza troppi limiti, maggiore sicurezza. Se invece pensate al fatto che qualcuno vi giudica per il vostro peso dovete mettere da parte questo aspetto e concentrarvi solo ed esclusivamente su ci\u00f2 che desiderate voi per il vostro corpo ed il vostro spirito.<\/p>\n<p style=\"text-align: justify;\"><strong>Avete qualcuno che vi aiuterebbe o appoggerebbe in un percorso dietetico? Avete paura di fallire? Pensate di evitare tutte le situazioni sociali mentre siete a dieta per evitare sgarri?<\/strong> Non serve ed \u00e8 impossibile. Dovrete imparare a fare le scelte giuste per voi e non solo vivere il tutto come una rinuncia. Non aspettate di vivere fino al momento di essere magri, che nella vostra testa corrisponde anche al momento di essere felici, ma concedetevi momenti belli da soli, con amici o parenti che non corrisponde necessariamente al mangiare!<\/p>\n<p style=\"text-align: justify;\">Capire cosa rappresenta il cibo: se placa l\u2019ansia, lo stress, se vi ritenete golosi, se non sapete dire di no \u00e8 un\u2019altra domanda importante. A volte \u00e8 anche molto difficile darsi una risposta perch\u00e9 non siamo abituati ad ascoltare il nostro corpo, i segnali che ci invia e le sue reali necessit\u00e0.<strong> Scappiamo dalle emozioni, le vogliamo azzittire? Non capiamo quando siamo sazi? Pienezza e saziet\u00e0 sono segnali che non distinguete? Avete dei cibi trigger o dei momenti o delle situazioni in cui mangereste qualsiasi cosa?<\/strong> In questo caso se le risposte tardano a venire o vi trovano confusi un percorso di mindfulness eating potrebbe risolvere il problema ancor prima di mettersi a dieta\u2026<\/p>\n<p style=\"text-align: justify;\">Le aspettative sono importanti per cui anche chiedersi cosa ci si spetta da una dieta non \u00e8 affatto una domanda fuori luogo!<br \/>\nCostanza, pazienza, nuove abitudini e nuovi schemi mentali indispensabili per raggiungere l\u2019obiettivo che devono essere previsti a grandi dosi ed immaginarsi nelle sensazioni di essere gi\u00e0 al giusto peso rende tutto molto pi\u00f9\u2026leggero!<\/p>\n<p style=\"text-align: justify;\">Altro annoso problema \u00e8 quale sar\u00e0 la dieta pi\u00f9 efficace. Si pensa sempre che pi\u00f9 la dieta \u00e8 rigida e pi\u00f9 dar\u00e0 risultati: mi spiace dirvelo, ma ci\u00f2 non corrisponde a verit\u00e0. Pi\u00f9 la dieta \u00e8 rigida e pi\u00f9 facile arrivare allo sgarro. E con lo sgarro partono i pensieri del tutto o nulla! deleteri e non funzionali! L\u2019unica dieta \u00e8 quella sana, variegata, adatta alle nostre necessit\u00e0. Un consiglio: imparate prima di tutto ad abbinare gli alimenti, a cucinare in modo semplice ed evitare cibi elaborati. I dolci relegateli solo ad occasioni speciali: non sono necessari alla nostra alimentazione e sono responsabili di sbalzi ormonali! Le diete sane funzionano sempre: l\u2019importante \u00e8 seguirle e non basta attaccarle al frigorifero!<\/p>\n<p style=\"text-align: justify;\">Imparate che uno sgarro ogni tanto non inficia irrimediabilmente la dieta. Uno o pi\u00f9 sgarri al giorno invece si! Per questo faccio compilare un diario alimentare. E\u2019 importante tenere nota dei successi quanto dei fallimenti per poter migliorare un poco alla volta in base ai propri tempi.<br \/>\nNon guardate la bilancia con ansia. Misura solo il vostro peso, non il vostro valore come persona, Se intendete iniziare una dieta dovete sapere che il peso durante la giornata subisce spesso dei cambiamenti per vari motivi e che il peso giusto \u00e8 determinato da una media per cui basta pesarsi a digiuno una volta a settimana nelle stesse condizioni ed orario. Infine pensa alla dieta come un momento di grandi scelte e quindi di opportunit\u00e0 per piacerti di pi\u00f9 ed imparare pi\u00f9 cose di te. La qualit\u00e0 della tua vita passa anche da come vivi il tuo corpo e da come ti senti con te stessa e con gli altri.<\/p>\n<p><img loading=\"lazy\" decoding=\"async\" class=\"aligncenter wp-image-34613 size-large\" src=\"https:\/\/www.romaoggi.eu\/wp-content\/uploads\/2022\/12\/io-768x1024.jpg\" alt=\"\" width=\"768\" height=\"1024\" srcset=\"https:\/\/www.romaoggi.eu\/wp-content\/uploads\/2022\/12\/io-768x1024.jpg 768w, https:\/\/www.romaoggi.eu\/wp-content\/uploads\/2022\/12\/io-225x300.jpg 225w, https:\/\/www.romaoggi.eu\/wp-content\/uploads\/2022\/12\/io-1152x1536.jpg 1152w, https:\/\/www.romaoggi.eu\/wp-content\/uploads\/2022\/12\/io.jpg 1536w\" sizes=\"auto, (max-width: 768px) 100vw, 768px\" \/><\/p>\n<p><strong><em>Dott.ssa\u00a0<a href=\"https:\/\/www.romaoggi.eu\/index.php\/2019\/08\/12\/lestrattore-di-succo-per-stare-bene-e-perdere-peso-di-emanuela-scanu\/\" data-aalisten=\"1\">Emanuela Scanu<\/a><\/em><\/strong><\/p>\n<p>Psicologa esperta in disturbi dell\u2019alimentazione e coach alimentare<\/p>\n<p>Autrice del libro\u00a0<strong>Dimagrire una scelta consapevole<\/strong>\u00a0ed. campi di carta 2013<\/p>\n","protected":false},"excerpt":{"rendered":"<div class=\"mh-excerpt\"><p>A dieta con le domande giuste La risposta pu\u00f2 sembrare ovvia: per perdere peso, ma per ogni persona questa condizione ha significati diversi. Se ci si fa le domande giuste, a patto di essere sinceri, <a class=\"mh-excerpt-more\" href=\"https:\/\/www.romaoggi.eu\/index.php\/2023\/04\/14\/a-dieta-con-le-domande-giuste-by-emanuela-scanu\/\" title=\"A dieta con le domande giuste- by Emanuela Scanu\">[&#8230;]<\/a><\/p>\n<\/div>","protected":false},"author":15,"featured_media":35078,"comment_status":"closed","ping_status":"open","sticky":false,"template":"","format":"standard","meta":{"_sitemap_exclude":false,"_sitemap_priority":"","_sitemap_frequency":"","footnotes":""},"categories":[12817],"tags":[5555,16740,14060,4713,16845,12424,11110,16846,16416,16847],"class_list":["post-35075","post","type-post","status-publish","format-standard","has-post-thumbnail","hentry","category-mindfood-di-emanuela-scanu","tag-alimentazione","tag-bilancia","tag-diario-alimentare","tag-dieta","tag-dimagrimento","tag-emanuela-scanu","tag-felicita","tag-mindfulness-eating","tag-pienezza","tag-sazieta"],"yoast_head":"<!-- This site is optimized with the Yoast SEO plugin v27.5 - https:\/\/yoast.com\/product\/yoast-seo-wordpress\/ -->\n<title>A dieta con le domande giuste- by Emanuela Scanu<\/title>\n<meta name=\"description\" content=\"A dieta con le domande giuste La risposta pu\u00f2 sembrare ovvia: per perdere peso, ma per ogni persona questa condizione ha significati diversi. Se ci si fa\" \/>\n<meta name=\"robots\" content=\"index, follow, max-snippet:-1, max-image-preview:large, max-video-preview:-1\" \/>\n<link rel=\"canonical\" href=\"https:\/\/www.romaoggi.eu\/index.php\/2023\/04\/14\/a-dieta-con-le-domande-giuste-by-emanuela-scanu\/\" \/>\n<meta property=\"og:locale\" content=\"it_IT\" \/>\n<meta property=\"og:type\" content=\"article\" \/>\n<meta property=\"og:title\" content=\"A dieta con le domande giuste- by Emanuela Scanu\" \/>\n<meta property=\"og:description\" content=\"A dieta con le domande giuste La risposta pu\u00f2 sembrare ovvia: per perdere peso, ma per ogni persona questa condizione ha significati diversi. Se ci si fa\" \/>\n<meta property=\"og:url\" content=\"https:\/\/www.romaoggi.eu\/index.php\/2023\/04\/14\/a-dieta-con-le-domande-giuste-by-emanuela-scanu\/\" \/>\n<meta property=\"og:site_name\" content=\"roma oggi\" \/>\n<meta property=\"article:publisher\" content=\"https:\/\/www.facebook.com\/RomaOggi-841544845954114\" \/>\n<meta property=\"article:published_time\" content=\"2023-04-14T10:11:22+00:00\" \/>\n<meta property=\"og:image\" content=\"https:\/\/www.romaoggi.eu\/wp-content\/uploads\/2023\/04\/per-aprile-ok.jpeg\" \/>\n\t<meta property=\"og:image:width\" content=\"1640\" \/>\n\t<meta property=\"og:image:height\" content=\"924\" \/>\n\t<meta property=\"og:image:type\" content=\"image\/jpeg\" \/>\n<meta name=\"author\" content=\"Emanuela Scanu\" \/>\n<meta name=\"twitter:card\" content=\"summary_large_image\" \/>\n<meta name=\"twitter:creator\" content=\"@romaoggi_eu\" \/>\n<meta name=\"twitter:site\" content=\"@romaoggi_eu\" \/>\n<meta name=\"twitter:label1\" content=\"Scritto da\" \/>\n\t<meta name=\"twitter:data1\" content=\"Emanuela Scanu\" \/>\n\t<meta name=\"twitter:label2\" content=\"Tempo di lettura stimato\" \/>\n\t<meta name=\"twitter:data2\" content=\"5 minuti\" \/>\n<script type=\"application\/ld+json\" class=\"yoast-schema-graph\">{\"@context\":\"https:\\\/\\\/schema.org\",\"@graph\":[{\"@type\":\"Article\",\"@id\":\"https:\\\/\\\/www.romaoggi.eu\\\/index.php\\\/2023\\\/04\\\/14\\\/a-dieta-con-le-domande-giuste-by-emanuela-scanu\\\/#article\",\"isPartOf\":{\"@id\":\"https:\\\/\\\/www.romaoggi.eu\\\/index.php\\\/2023\\\/04\\\/14\\\/a-dieta-con-le-domande-giuste-by-emanuela-scanu\\\/\"},\"author\":{\"name\":\"Emanuela Scanu\",\"@id\":\"https:\\\/\\\/www.romaoggi.eu\\\/#\\\/schema\\\/person\\\/1ec8ab015e67a2efdfc9c021043dc1bb\"},\"headline\":\"A dieta con le domande giuste- by Emanuela Scanu\",\"datePublished\":\"2023-04-14T10:11:22+00:00\",\"mainEntityOfPage\":{\"@id\":\"https:\\\/\\\/www.romaoggi.eu\\\/index.php\\\/2023\\\/04\\\/14\\\/a-dieta-con-le-domande-giuste-by-emanuela-scanu\\\/\"},\"wordCount\":895,\"publisher\":{\"@id\":\"https:\\\/\\\/www.romaoggi.eu\\\/#organization\"},\"image\":{\"@id\":\"https:\\\/\\\/www.romaoggi.eu\\\/index.php\\\/2023\\\/04\\\/14\\\/a-dieta-con-le-domande-giuste-by-emanuela-scanu\\\/#primaryimage\"},\"thumbnailUrl\":\"https:\\\/\\\/www.romaoggi.eu\\\/wp-content\\\/uploads\\\/2023\\\/04\\\/per-aprile-ok.jpeg\",\"keywords\":[\"alimentazione\",\"bilancia\",\"diario alimentare\",\"dieta\",\"dimagrimento\",\"emanuela scanu\",\"felicita'\",\"mindfulness eating\",\"pienezza\",\"saziet\u00e0\"],\"articleSection\":[\"Mind&amp;Food di Emanuela Scanu\"],\"inLanguage\":\"it-IT\"},{\"@type\":\"WebPage\",\"@id\":\"https:\\\/\\\/www.romaoggi.eu\\\/index.php\\\/2023\\\/04\\\/14\\\/a-dieta-con-le-domande-giuste-by-emanuela-scanu\\\/\",\"url\":\"https:\\\/\\\/www.romaoggi.eu\\\/index.php\\\/2023\\\/04\\\/14\\\/a-dieta-con-le-domande-giuste-by-emanuela-scanu\\\/\",\"name\":\"A dieta con le domande giuste- by Emanuela Scanu\",\"isPartOf\":{\"@id\":\"https:\\\/\\\/www.romaoggi.eu\\\/#website\"},\"primaryImageOfPage\":{\"@id\":\"https:\\\/\\\/www.romaoggi.eu\\\/index.php\\\/2023\\\/04\\\/14\\\/a-dieta-con-le-domande-giuste-by-emanuela-scanu\\\/#primaryimage\"},\"image\":{\"@id\":\"https:\\\/\\\/www.romaoggi.eu\\\/index.php\\\/2023\\\/04\\\/14\\\/a-dieta-con-le-domande-giuste-by-emanuela-scanu\\\/#primaryimage\"},\"thumbnailUrl\":\"https:\\\/\\\/www.romaoggi.eu\\\/wp-content\\\/uploads\\\/2023\\\/04\\\/per-aprile-ok.jpeg\",\"datePublished\":\"2023-04-14T10:11:22+00:00\",\"description\":\"A dieta con le domande giuste La risposta pu\u00f2 sembrare ovvia: per perdere peso, ma per ogni persona questa condizione ha significati diversi. Se ci si fa\",\"breadcrumb\":{\"@id\":\"https:\\\/\\\/www.romaoggi.eu\\\/index.php\\\/2023\\\/04\\\/14\\\/a-dieta-con-le-domande-giuste-by-emanuela-scanu\\\/#breadcrumb\"},\"inLanguage\":\"it-IT\",\"potentialAction\":[{\"@type\":\"ReadAction\",\"target\":[\"https:\\\/\\\/www.romaoggi.eu\\\/index.php\\\/2023\\\/04\\\/14\\\/a-dieta-con-le-domande-giuste-by-emanuela-scanu\\\/\"]}]},{\"@type\":\"ImageObject\",\"inLanguage\":\"it-IT\",\"@id\":\"https:\\\/\\\/www.romaoggi.eu\\\/index.php\\\/2023\\\/04\\\/14\\\/a-dieta-con-le-domande-giuste-by-emanuela-scanu\\\/#primaryimage\",\"url\":\"https:\\\/\\\/www.romaoggi.eu\\\/wp-content\\\/uploads\\\/2023\\\/04\\\/per-aprile-ok.jpeg\",\"contentUrl\":\"https:\\\/\\\/www.romaoggi.eu\\\/wp-content\\\/uploads\\\/2023\\\/04\\\/per-aprile-ok.jpeg\",\"width\":1640,\"height\":924,\"caption\":\"alt tag dieta\"},{\"@type\":\"BreadcrumbList\",\"@id\":\"https:\\\/\\\/www.romaoggi.eu\\\/index.php\\\/2023\\\/04\\\/14\\\/a-dieta-con-le-domande-giuste-by-emanuela-scanu\\\/#breadcrumb\",\"itemListElement\":[{\"@type\":\"ListItem\",\"position\":1,\"name\":\"Home\",\"item\":\"https:\\\/\\\/www.romaoggi.eu\\\/\"},{\"@type\":\"ListItem\",\"position\":2,\"name\":\"A dieta con le domande giuste- by Emanuela Scanu\"}]},{\"@type\":\"WebSite\",\"@id\":\"https:\\\/\\\/www.romaoggi.eu\\\/#website\",\"url\":\"https:\\\/\\\/www.romaoggi.eu\\\/\",\"name\":\"roma oggi\",\"description\":\"Interesting News for Interesting people\",\"publisher\":{\"@id\":\"https:\\\/\\\/www.romaoggi.eu\\\/#organization\"},\"potentialAction\":[{\"@type\":\"SearchAction\",\"target\":{\"@type\":\"EntryPoint\",\"urlTemplate\":\"https:\\\/\\\/www.romaoggi.eu\\\/?s={search_term_string}\"},\"query-input\":{\"@type\":\"PropertyValueSpecification\",\"valueRequired\":true,\"valueName\":\"search_term_string\"}}],\"inLanguage\":\"it-IT\"},{\"@type\":\"Organization\",\"@id\":\"https:\\\/\\\/www.romaoggi.eu\\\/#organization\",\"name\":\"RomaOggi\",\"url\":\"https:\\\/\\\/www.romaoggi.eu\\\/\",\"logo\":{\"@type\":\"ImageObject\",\"inLanguage\":\"it-IT\",\"@id\":\"https:\\\/\\\/www.romaoggi.eu\\\/#\\\/schema\\\/logo\\\/image\\\/\",\"url\":\"https:\\\/\\\/www.romaoggi.eu\\\/wp-content\\\/uploads\\\/2017\\\/04\\\/logowp.jpg\",\"contentUrl\":\"https:\\\/\\\/www.romaoggi.eu\\\/wp-content\\\/uploads\\\/2017\\\/04\\\/logowp.jpg\",\"width\":300,\"height\":133,\"caption\":\"RomaOggi\"},\"image\":{\"@id\":\"https:\\\/\\\/www.romaoggi.eu\\\/#\\\/schema\\\/logo\\\/image\\\/\"},\"sameAs\":[\"https:\\\/\\\/www.facebook.com\\\/RomaOggi-841544845954114\",\"https:\\\/\\\/x.com\\\/romaoggi_eu\"]},{\"@type\":\"Person\",\"@id\":\"https:\\\/\\\/www.romaoggi.eu\\\/#\\\/schema\\\/person\\\/1ec8ab015e67a2efdfc9c021043dc1bb\",\"name\":\"Emanuela Scanu\",\"image\":{\"@type\":\"ImageObject\",\"inLanguage\":\"it-IT\",\"@id\":\"https:\\\/\\\/secure.gravatar.com\\\/avatar\\\/39bacfd625ef91a3711b21879f0e8cb1a68afc8d5bdcf92d10a6da6ee9245f23?s=96&d=mm&r=g\",\"url\":\"https:\\\/\\\/secure.gravatar.com\\\/avatar\\\/39bacfd625ef91a3711b21879f0e8cb1a68afc8d5bdcf92d10a6da6ee9245f23?s=96&d=mm&r=g\",\"contentUrl\":\"https:\\\/\\\/secure.gravatar.com\\\/avatar\\\/39bacfd625ef91a3711b21879f0e8cb1a68afc8d5bdcf92d10a6da6ee9245f23?s=96&d=mm&r=g\",\"caption\":\"Emanuela Scanu\"},\"url\":\"https:\\\/\\\/www.romaoggi.eu\\\/index.php\\\/author\\\/emanuela\\\/\"}]}<\/script>\n<!-- \/ Yoast SEO plugin. -->","yoast_head_json":{"title":"A dieta con le domande giuste- by Emanuela Scanu","description":"A dieta con le domande giuste La risposta pu\u00f2 sembrare ovvia: per perdere peso, ma per ogni persona questa condizione ha significati diversi. Se ci si fa","robots":{"index":"index","follow":"follow","max-snippet":"max-snippet:-1","max-image-preview":"max-image-preview:large","max-video-preview":"max-video-preview:-1"},"canonical":"https:\/\/www.romaoggi.eu\/index.php\/2023\/04\/14\/a-dieta-con-le-domande-giuste-by-emanuela-scanu\/","og_locale":"it_IT","og_type":"article","og_title":"A dieta con le domande giuste- by Emanuela Scanu","og_description":"A dieta con le domande giuste La risposta pu\u00f2 sembrare ovvia: per perdere peso, ma per ogni persona questa condizione ha significati diversi. Se ci si fa","og_url":"https:\/\/www.romaoggi.eu\/index.php\/2023\/04\/14\/a-dieta-con-le-domande-giuste-by-emanuela-scanu\/","og_site_name":"roma oggi","article_publisher":"https:\/\/www.facebook.com\/RomaOggi-841544845954114","article_published_time":"2023-04-14T10:11:22+00:00","og_image":[{"width":1640,"height":924,"url":"https:\/\/www.romaoggi.eu\/wp-content\/uploads\/2023\/04\/per-aprile-ok.jpeg","type":"image\/jpeg"}],"author":"Emanuela Scanu","twitter_card":"summary_large_image","twitter_creator":"@romaoggi_eu","twitter_site":"@romaoggi_eu","twitter_misc":{"Scritto da":"Emanuela Scanu","Tempo di lettura stimato":"5 minuti"},"schema":{"@context":"https:\/\/schema.org","@graph":[{"@type":"Article","@id":"https:\/\/www.romaoggi.eu\/index.php\/2023\/04\/14\/a-dieta-con-le-domande-giuste-by-emanuela-scanu\/#article","isPartOf":{"@id":"https:\/\/www.romaoggi.eu\/index.php\/2023\/04\/14\/a-dieta-con-le-domande-giuste-by-emanuela-scanu\/"},"author":{"name":"Emanuela Scanu","@id":"https:\/\/www.romaoggi.eu\/#\/schema\/person\/1ec8ab015e67a2efdfc9c021043dc1bb"},"headline":"A dieta con le domande giuste- by Emanuela Scanu","datePublished":"2023-04-14T10:11:22+00:00","mainEntityOfPage":{"@id":"https:\/\/www.romaoggi.eu\/index.php\/2023\/04\/14\/a-dieta-con-le-domande-giuste-by-emanuela-scanu\/"},"wordCount":895,"publisher":{"@id":"https:\/\/www.romaoggi.eu\/#organization"},"image":{"@id":"https:\/\/www.romaoggi.eu\/index.php\/2023\/04\/14\/a-dieta-con-le-domande-giuste-by-emanuela-scanu\/#primaryimage"},"thumbnailUrl":"https:\/\/www.romaoggi.eu\/wp-content\/uploads\/2023\/04\/per-aprile-ok.jpeg","keywords":["alimentazione","bilancia","diario alimentare","dieta","dimagrimento","emanuela scanu","felicita'","mindfulness eating","pienezza","saziet\u00e0"],"articleSection":["Mind&amp;Food di Emanuela Scanu"],"inLanguage":"it-IT"},{"@type":"WebPage","@id":"https:\/\/www.romaoggi.eu\/index.php\/2023\/04\/14\/a-dieta-con-le-domande-giuste-by-emanuela-scanu\/","url":"https:\/\/www.romaoggi.eu\/index.php\/2023\/04\/14\/a-dieta-con-le-domande-giuste-by-emanuela-scanu\/","name":"A dieta con le domande giuste- by Emanuela Scanu","isPartOf":{"@id":"https:\/\/www.romaoggi.eu\/#website"},"primaryImageOfPage":{"@id":"https:\/\/www.romaoggi.eu\/index.php\/2023\/04\/14\/a-dieta-con-le-domande-giuste-by-emanuela-scanu\/#primaryimage"},"image":{"@id":"https:\/\/www.romaoggi.eu\/index.php\/2023\/04\/14\/a-dieta-con-le-domande-giuste-by-emanuela-scanu\/#primaryimage"},"thumbnailUrl":"https:\/\/www.romaoggi.eu\/wp-content\/uploads\/2023\/04\/per-aprile-ok.jpeg","datePublished":"2023-04-14T10:11:22+00:00","description":"A dieta con le domande giuste La risposta pu\u00f2 sembrare ovvia: per perdere peso, ma per ogni persona questa condizione ha significati diversi. Se ci si fa","breadcrumb":{"@id":"https:\/\/www.romaoggi.eu\/index.php\/2023\/04\/14\/a-dieta-con-le-domande-giuste-by-emanuela-scanu\/#breadcrumb"},"inLanguage":"it-IT","potentialAction":[{"@type":"ReadAction","target":["https:\/\/www.romaoggi.eu\/index.php\/2023\/04\/14\/a-dieta-con-le-domande-giuste-by-emanuela-scanu\/"]}]},{"@type":"ImageObject","inLanguage":"it-IT","@id":"https:\/\/www.romaoggi.eu\/index.php\/2023\/04\/14\/a-dieta-con-le-domande-giuste-by-emanuela-scanu\/#primaryimage","url":"https:\/\/www.romaoggi.eu\/wp-content\/uploads\/2023\/04\/per-aprile-ok.jpeg","contentUrl":"https:\/\/www.romaoggi.eu\/wp-content\/uploads\/2023\/04\/per-aprile-ok.jpeg","width":1640,"height":924,"caption":"alt tag dieta"},{"@type":"BreadcrumbList","@id":"https:\/\/www.romaoggi.eu\/index.php\/2023\/04\/14\/a-dieta-con-le-domande-giuste-by-emanuela-scanu\/#breadcrumb","itemListElement":[{"@type":"ListItem","position":1,"name":"Home","item":"https:\/\/www.romaoggi.eu\/"},{"@type":"ListItem","position":2,"name":"A dieta con le domande giuste- by Emanuela Scanu"}]},{"@type":"WebSite","@id":"https:\/\/www.romaoggi.eu\/#website","url":"https:\/\/www.romaoggi.eu\/","name":"roma oggi","description":"Interesting News for Interesting people","publisher":{"@id":"https:\/\/www.romaoggi.eu\/#organization"},"potentialAction":[{"@type":"SearchAction","target":{"@type":"EntryPoint","urlTemplate":"https:\/\/www.romaoggi.eu\/?s={search_term_string}"},"query-input":{"@type":"PropertyValueSpecification","valueRequired":true,"valueName":"search_term_string"}}],"inLanguage":"it-IT"},{"@type":"Organization","@id":"https:\/\/www.romaoggi.eu\/#organization","name":"RomaOggi","url":"https:\/\/www.romaoggi.eu\/","logo":{"@type":"ImageObject","inLanguage":"it-IT","@id":"https:\/\/www.romaoggi.eu\/#\/schema\/logo\/image\/","url":"https:\/\/www.romaoggi.eu\/wp-content\/uploads\/2017\/04\/logowp.jpg","contentUrl":"https:\/\/www.romaoggi.eu\/wp-content\/uploads\/2017\/04\/logowp.jpg","width":300,"height":133,"caption":"RomaOggi"},"image":{"@id":"https:\/\/www.romaoggi.eu\/#\/schema\/logo\/image\/"},"sameAs":["https:\/\/www.facebook.com\/RomaOggi-841544845954114","https:\/\/x.com\/romaoggi_eu"]},{"@type":"Person","@id":"https:\/\/www.romaoggi.eu\/#\/schema\/person\/1ec8ab015e67a2efdfc9c021043dc1bb","name":"Emanuela Scanu","image":{"@type":"ImageObject","inLanguage":"it-IT","@id":"https:\/\/secure.gravatar.com\/avatar\/39bacfd625ef91a3711b21879f0e8cb1a68afc8d5bdcf92d10a6da6ee9245f23?s=96&d=mm&r=g","url":"https:\/\/secure.gravatar.com\/avatar\/39bacfd625ef91a3711b21879f0e8cb1a68afc8d5bdcf92d10a6da6ee9245f23?s=96&d=mm&r=g","contentUrl":"https:\/\/secure.gravatar.com\/avatar\/39bacfd625ef91a3711b21879f0e8cb1a68afc8d5bdcf92d10a6da6ee9245f23?s=96&d=mm&r=g","caption":"Emanuela Scanu"},"url":"https:\/\/www.romaoggi.eu\/index.php\/author\/emanuela\/"}]}},"_links":{"self":[{"href":"https:\/\/www.romaoggi.eu\/index.php\/wp-json\/wp\/v2\/posts\/35075","targetHints":{"allow":["GET"]}}],"collection":[{"href":"https:\/\/www.romaoggi.eu\/index.php\/wp-json\/wp\/v2\/posts"}],"about":[{"href":"https:\/\/www.romaoggi.eu\/index.php\/wp-json\/wp\/v2\/types\/post"}],"author":[{"embeddable":true,"href":"https:\/\/www.romaoggi.eu\/index.php\/wp-json\/wp\/v2\/users\/15"}],"replies":[{"embeddable":true,"href":"https:\/\/www.romaoggi.eu\/index.php\/wp-json\/wp\/v2\/comments?post=35075"}],"version-history":[{"count":6,"href":"https:\/\/www.romaoggi.eu\/index.php\/wp-json\/wp\/v2\/posts\/35075\/revisions"}],"predecessor-version":[{"id":35081,"href":"https:\/\/www.romaoggi.eu\/index.php\/wp-json\/wp\/v2\/posts\/35075\/revisions\/35081"}],"wp:featuredmedia":[{"embeddable":true,"href":"https:\/\/www.romaoggi.eu\/index.php\/wp-json\/wp\/v2\/media\/35078"}],"wp:attachment":[{"href":"https:\/\/www.romaoggi.eu\/index.php\/wp-json\/wp\/v2\/media?parent=35075"}],"wp:term":[{"taxonomy":"category","embeddable":true,"href":"https:\/\/www.romaoggi.eu\/index.php\/wp-json\/wp\/v2\/categories?post=35075"},{"taxonomy":"post_tag","embeddable":true,"href":"https:\/\/www.romaoggi.eu\/index.php\/wp-json\/wp\/v2\/tags?post=35075"}],"curies":[{"name":"wp","href":"https:\/\/api.w.org\/{rel}","templated":true}]}}