{"id":35186,"date":"2023-04-28T11:35:38","date_gmt":"2023-04-28T09:35:38","guid":{"rendered":"https:\/\/www.romaoggi.eu\/?p=35186"},"modified":"2023-04-28T19:44:24","modified_gmt":"2023-04-28T17:44:24","slug":"volano-gli-aquiloni-nel-cielo-di-primavera","status":"publish","type":"post","link":"https:\/\/www.romaoggi.eu\/index.php\/2023\/04\/28\/volano-gli-aquiloni-nel-cielo-di-primavera\/","title":{"rendered":"Volano gli aquiloni nel cielo di primavera"},"content":{"rendered":"<h1 style=\"text-align: center\"><strong>&#8220;Volano gli aquiloni nel cielo di primavera&#8221;<\/strong><\/h1>\n<h2 style=\"text-align: center\"><strong>Prima festa degli aquiloni di Weifang a Roma<\/strong><\/h2>\n<p>Sei pronto per un viaggio nella cultura tradizionale cinese? No, non devi andare in Cina perch\u00e9 la Festa degli Aquiloni di Weifang arriva per te a Roma!<\/p>\n<p><strong>Il 29 aprile, al parco degli acquedotti (ingresso da viale Appio Claudio-via Lemonia) dalle 14 alle 18.<\/strong><\/p>\n<p>La festa degli aquiloni \u00e8 una festivit\u00e0 tradizionale tipica della cultura cinese con pi\u00f9 di duemila anni storia.<\/p>\n<p>Gli aquiloni, in cinese, sono noti anche come &#8220;falchi di carta&#8221; e nel corso della storia, hanno visto grandi cambiamenti in termini di forme, tipologie e colori.<\/p>\n<p>Durante la Festa potrai ammirarne tante variet\u00e0 diverse e fare una piena immersione nella cultura tradizionale cinese.<\/p>\n<p>La Festa \u00e8 una iniziativa di\u00a0 Melodie di Seta, associazione culturale internazionale dell&#8217;Orchestra\u00a0 tradizionale cinese, in collaborazione con il Club Giovani Amici della Cina, la prima associazione italiana di studenti e appassionati di lingua cinese e con ZhangChangKang Taiji &#8211; Scuola di TaiJiQuan.<\/p>\n<p>Partecipando potrai, non solo vivere un&#8217;esperienza immersiva nella cultura tradizionale cinese toccando mano tanti aspetti diversi dagli aquiloni alle esibizioni di Taijiquan, dalla musica tradizionale alla calligrafia, ma anche partecipare ai mini-workshop pratici per metterti alla prova!<\/p>\n<p><strong>Cosa intendiamo?<\/strong><\/p>\n<p>Intendiamo che potrai darti da fare e provare a costruire un aquilone, praticare un po&#8217; di Taijiquan, impugnare il pennello e provare a scrivere o a dipingere. Intendiamo anche che potrai fare un giretto nel mercatino di prodotti tradizionali cinesi e addirittura indossare lo <em>hanfu, <\/em>i costumi tradizionali cinesi per un Photoshoot o fare i giochi della tradizione come &#8220;anatra, anatra, oca&#8221;\u00a0 o <em>jianzi <\/em>un gioco cinese simile al badminton.<\/p>\n<p><strong>Ecco il programma:<\/strong><\/p>\n<p>14:00 ingresso e registrazione con consegna numero per la lotteria<\/p>\n<p><strong>PRIMA PARTE <\/strong><\/p>\n<p><strong>UN ASSAGGIO DI CULTURA CINESE<\/strong><\/p>\n<p>14:30 Saluto di benvenuto con esibizione di musica tradizionale cinese e di Taijiquan-Cantante cinese Zhou yi-Associazione sportiva dilettantistica HKB<\/p>\n<p>15:00 Scopri come nasce un aquilone con le nostre guide di eccezione:<\/p>\n<p>visita alle postazioni creative<\/p>\n<p>15:30 Ci dividiamo in gruppi e ci mettiamo all&#8217;opera per costruire il nostro aquilone che facciamo volare!<\/p>\n<p>16:00 Pratichiamo insieme Taijiquan con la maestra Margherita Zhang<\/p>\n<p>Impugna il pennello, scrivi e dipingi con noi, Giochi cinesi&#8221;anatra, anatra, oca&#8221;.<\/p>\n<p><strong>SECONDA PARTE<\/strong><\/p>\n<p>17:00 GIOCHI E LOTTERIA<\/p>\n<p>17:00 Torneo di <em>jianzi <\/em>badminton cinese<\/p>\n<p>17:30 Estrazione della lotteria<\/p>\n<p>18:00 Foto ricordo e picnic<\/p>\n<p><strong>COME PARTECIPARE?<\/strong><\/p>\n<p>La partecipazione \u00e8 gratuita, per iscriverti leggi sotto.<\/p>\n<p>Ricordati di portare con te:<\/p>\n<p>-Una coperta o telo da picnic<\/p>\n<p>-Metteremo noi a disposizione gli aquiloni da finire insieme e da far volare!<\/p>\n<p>-Se hai un aquilone e vuoi portarlo sei libero di farlo!<\/p>\n<p>-Se hai qualcosa di abbigliamento che richiama la cultura cinese, indossalo!<\/p>\n<p>Per partecipare registrati scansionando questo qr code:<\/p>\n<p>O scrivici una email a:<strong> info.melodiediseta@gmail.com<\/strong><\/p>\n<p>Ti aspettiamo per fare festa insieme e per un&#8217;esperienza che sar\u00e0 indimenticabile! Per qualsiasi informazione puoi contattare Melodie Di Seta.<\/p>\n<p style=\"text-align: left\"><strong>Redazione a cura di\u00a0 Alessandro Lisci &#8211; Target Lab Ets<\/strong><\/p>\n<p><img loading=\"lazy\" decoding=\"async\" class=\"alignnone wp-image-35187\" src=\"https:\/\/www.romaoggi.eu\/wp-content\/uploads\/2023\/04\/IMG-20230424-WA0022-212x300.jpg\" alt=\"\" width=\"916\" height=\"1296\" srcset=\"https:\/\/www.romaoggi.eu\/wp-content\/uploads\/2023\/04\/IMG-20230424-WA0022-212x300.jpg 212w, https:\/\/www.romaoggi.eu\/wp-content\/uploads\/2023\/04\/IMG-20230424-WA0022-724x1024.jpg 724w, https:\/\/www.romaoggi.eu\/wp-content\/uploads\/2023\/04\/IMG-20230424-WA0022-1086x1536.jpg 1086w, https:\/\/www.romaoggi.eu\/wp-content\/uploads\/2023\/04\/IMG-20230424-WA0022.jpg 1131w\" sizes=\"auto, (max-width: 916px) 100vw, 916px\" \/><\/p>\n<p align=\"JUSTIFY\"><strong><b>Sostieni il progetto fotografico di Target Lab Ets con una <\/b><\/strong><strong><b>donazione simbolica<\/b><\/strong><strong><b> tramite PayPal alla seguente mail TARGET.LSFC@GMAIL.COM <\/b><\/strong><\/p>\n<p align=\"JUSTIFY\"><strong><b>Devolvi il 5xmille nella prossima dichiarazione dei redditi a Target Lab Ets<\/b><\/strong><strong><b> inserendo il <\/b><\/strong><strong><b>CF : 96498910585<\/b><\/strong><strong><b> riquadro Enti Terzo Settore e Aps per finanziare futuri progetti fotografici a ricaduta sociale<\/b><\/strong><\/p>\n","protected":false},"excerpt":{"rendered":"<div class=\"mh-excerpt\"><p>&#8220;Volano gli aquiloni nel cielo di primavera&#8221; Prima festa degli aquiloni di Weifang a Roma Sei pronto per un viaggio nella cultura tradizionale cinese? No, non devi andare in Cina perch\u00e9 la Festa degli Aquiloni <a class=\"mh-excerpt-more\" href=\"https:\/\/www.romaoggi.eu\/index.php\/2023\/04\/28\/volano-gli-aquiloni-nel-cielo-di-primavera\/\" title=\"Volano gli aquiloni nel cielo di primavera\">[&#8230;]<\/a><\/p>\n<\/div>","protected":false},"author":17,"featured_media":35188,"comment_status":"closed","ping_status":"open","sticky":false,"template":"","format":"standard","meta":{"_sitemap_exclude":false,"_sitemap_priority":"","_sitemap_frequency":"","footnotes":""},"categories":[3],"tags":[16862,16863,13214,15567,16864],"class_list":["post-35186","post","type-post","status-publish","format-standard","has-post-thumbnail","hentry","category-eventi","tag-festa-degli-aquiloni","tag-melodie-di-seta","tag-parco-degli-acquedotti-di-roma","tag-target-lab-ets","tag-weifang"],"yoast_head":"<!-- This site is optimized with the Yoast SEO plugin v27.5 - https:\/\/yoast.com\/product\/yoast-seo-wordpress\/ -->\n<title>Volano gli aquiloni nel cielo di primavera<\/title>\n<meta name=\"description\" content=\"&quot;Volano gli aquiloni nel cielo di primavera&quot; Prima festa degli aquiloni di Weifang a Roma Sei pronto per un viaggio nella cultura tradizionale cinese? No,\" \/>\n<meta name=\"robots\" content=\"index, follow, max-snippet:-1, max-image-preview:large, max-video-preview:-1\" \/>\n<link rel=\"canonical\" href=\"https:\/\/www.romaoggi.eu\/index.php\/2023\/04\/28\/volano-gli-aquiloni-nel-cielo-di-primavera\/\" \/>\n<meta property=\"og:locale\" content=\"it_IT\" \/>\n<meta property=\"og:type\" content=\"article\" \/>\n<meta property=\"og:title\" content=\"Volano gli aquiloni nel cielo di primavera\" \/>\n<meta property=\"og:description\" content=\"&quot;Volano gli aquiloni nel cielo di primavera&quot; Prima festa degli aquiloni di Weifang a Roma Sei pronto per un viaggio nella cultura tradizionale cinese? No,\" \/>\n<meta property=\"og:url\" content=\"https:\/\/www.romaoggi.eu\/index.php\/2023\/04\/28\/volano-gli-aquiloni-nel-cielo-di-primavera\/\" \/>\n<meta property=\"og:site_name\" content=\"roma oggi\" \/>\n<meta property=\"article:publisher\" content=\"https:\/\/www.facebook.com\/RomaOggi-841544845954114\" \/>\n<meta property=\"article:published_time\" content=\"2023-04-28T09:35:38+00:00\" \/>\n<meta property=\"article:modified_time\" content=\"2023-04-28T17:44:24+00:00\" \/>\n<meta property=\"og:image\" content=\"https:\/\/www.romaoggi.eu\/wp-content\/uploads\/2023\/04\/IMG-20230424-WA0022-1.jpg\" \/>\n\t<meta property=\"og:image:width\" content=\"1113\" \/>\n\t<meta property=\"og:image:height\" content=\"937\" \/>\n\t<meta property=\"og:image:type\" content=\"image\/jpeg\" \/>\n<meta name=\"author\" content=\"Target Lab Ets\" \/>\n<meta name=\"twitter:card\" content=\"summary_large_image\" \/>\n<meta name=\"twitter:creator\" content=\"@romaoggi_eu\" \/>\n<meta name=\"twitter:site\" content=\"@romaoggi_eu\" \/>\n<meta name=\"twitter:label1\" content=\"Scritto da\" \/>\n\t<meta name=\"twitter:data1\" content=\"Target Lab Ets\" \/>\n\t<meta name=\"twitter:label2\" content=\"Tempo di lettura stimato\" \/>\n\t<meta name=\"twitter:data2\" content=\"4 minuti\" \/>\n<script type=\"application\/ld+json\" class=\"yoast-schema-graph\">{\"@context\":\"https:\\\/\\\/schema.org\",\"@graph\":[{\"@type\":\"Article\",\"@id\":\"https:\\\/\\\/www.romaoggi.eu\\\/index.php\\\/2023\\\/04\\\/28\\\/volano-gli-aquiloni-nel-cielo-di-primavera\\\/#article\",\"isPartOf\":{\"@id\":\"https:\\\/\\\/www.romaoggi.eu\\\/index.php\\\/2023\\\/04\\\/28\\\/volano-gli-aquiloni-nel-cielo-di-primavera\\\/\"},\"author\":{\"name\":\"Target Lab Ets\",\"@id\":\"https:\\\/\\\/www.romaoggi.eu\\\/#\\\/schema\\\/person\\\/72b8cfc6de60caeb335267c8e21d90fb\"},\"headline\":\"Volano gli aquiloni nel cielo di primavera\",\"datePublished\":\"2023-04-28T09:35:38+00:00\",\"dateModified\":\"2023-04-28T17:44:24+00:00\",\"mainEntityOfPage\":{\"@id\":\"https:\\\/\\\/www.romaoggi.eu\\\/index.php\\\/2023\\\/04\\\/28\\\/volano-gli-aquiloni-nel-cielo-di-primavera\\\/\"},\"wordCount\":536,\"publisher\":{\"@id\":\"https:\\\/\\\/www.romaoggi.eu\\\/#organization\"},\"image\":{\"@id\":\"https:\\\/\\\/www.romaoggi.eu\\\/index.php\\\/2023\\\/04\\\/28\\\/volano-gli-aquiloni-nel-cielo-di-primavera\\\/#primaryimage\"},\"thumbnailUrl\":\"https:\\\/\\\/www.romaoggi.eu\\\/wp-content\\\/uploads\\\/2023\\\/04\\\/IMG-20230424-WA0022-1.jpg\",\"keywords\":[\"Festa degli aquiloni\",\"Melodie di seta\",\"Parco degli Acquedotti di Roma\",\"target lab ets\",\"Weifang\"],\"articleSection\":[\"Eventi\"],\"inLanguage\":\"it-IT\"},{\"@type\":\"WebPage\",\"@id\":\"https:\\\/\\\/www.romaoggi.eu\\\/index.php\\\/2023\\\/04\\\/28\\\/volano-gli-aquiloni-nel-cielo-di-primavera\\\/\",\"url\":\"https:\\\/\\\/www.romaoggi.eu\\\/index.php\\\/2023\\\/04\\\/28\\\/volano-gli-aquiloni-nel-cielo-di-primavera\\\/\",\"name\":\"Volano gli aquiloni nel cielo di primavera\",\"isPartOf\":{\"@id\":\"https:\\\/\\\/www.romaoggi.eu\\\/#website\"},\"primaryImageOfPage\":{\"@id\":\"https:\\\/\\\/www.romaoggi.eu\\\/index.php\\\/2023\\\/04\\\/28\\\/volano-gli-aquiloni-nel-cielo-di-primavera\\\/#primaryimage\"},\"image\":{\"@id\":\"https:\\\/\\\/www.romaoggi.eu\\\/index.php\\\/2023\\\/04\\\/28\\\/volano-gli-aquiloni-nel-cielo-di-primavera\\\/#primaryimage\"},\"thumbnailUrl\":\"https:\\\/\\\/www.romaoggi.eu\\\/wp-content\\\/uploads\\\/2023\\\/04\\\/IMG-20230424-WA0022-1.jpg\",\"datePublished\":\"2023-04-28T09:35:38+00:00\",\"dateModified\":\"2023-04-28T17:44:24+00:00\",\"description\":\"\\\"Volano gli aquiloni nel cielo di primavera\\\" Prima festa degli aquiloni di Weifang a Roma Sei pronto per un viaggio nella cultura tradizionale cinese? No,\",\"breadcrumb\":{\"@id\":\"https:\\\/\\\/www.romaoggi.eu\\\/index.php\\\/2023\\\/04\\\/28\\\/volano-gli-aquiloni-nel-cielo-di-primavera\\\/#breadcrumb\"},\"inLanguage\":\"it-IT\",\"potentialAction\":[{\"@type\":\"ReadAction\",\"target\":[\"https:\\\/\\\/www.romaoggi.eu\\\/index.php\\\/2023\\\/04\\\/28\\\/volano-gli-aquiloni-nel-cielo-di-primavera\\\/\"]}]},{\"@type\":\"ImageObject\",\"inLanguage\":\"it-IT\",\"@id\":\"https:\\\/\\\/www.romaoggi.eu\\\/index.php\\\/2023\\\/04\\\/28\\\/volano-gli-aquiloni-nel-cielo-di-primavera\\\/#primaryimage\",\"url\":\"https:\\\/\\\/www.romaoggi.eu\\\/wp-content\\\/uploads\\\/2023\\\/04\\\/IMG-20230424-WA0022-1.jpg\",\"contentUrl\":\"https:\\\/\\\/www.romaoggi.eu\\\/wp-content\\\/uploads\\\/2023\\\/04\\\/IMG-20230424-WA0022-1.jpg\",\"width\":1113,\"height\":937},{\"@type\":\"BreadcrumbList\",\"@id\":\"https:\\\/\\\/www.romaoggi.eu\\\/index.php\\\/2023\\\/04\\\/28\\\/volano-gli-aquiloni-nel-cielo-di-primavera\\\/#breadcrumb\",\"itemListElement\":[{\"@type\":\"ListItem\",\"position\":1,\"name\":\"Home\",\"item\":\"https:\\\/\\\/www.romaoggi.eu\\\/\"},{\"@type\":\"ListItem\",\"position\":2,\"name\":\"Volano gli aquiloni nel cielo di primavera\"}]},{\"@type\":\"WebSite\",\"@id\":\"https:\\\/\\\/www.romaoggi.eu\\\/#website\",\"url\":\"https:\\\/\\\/www.romaoggi.eu\\\/\",\"name\":\"roma oggi\",\"description\":\"Interesting News for Interesting people\",\"publisher\":{\"@id\":\"https:\\\/\\\/www.romaoggi.eu\\\/#organization\"},\"potentialAction\":[{\"@type\":\"SearchAction\",\"target\":{\"@type\":\"EntryPoint\",\"urlTemplate\":\"https:\\\/\\\/www.romaoggi.eu\\\/?s={search_term_string}\"},\"query-input\":{\"@type\":\"PropertyValueSpecification\",\"valueRequired\":true,\"valueName\":\"search_term_string\"}}],\"inLanguage\":\"it-IT\"},{\"@type\":\"Organization\",\"@id\":\"https:\\\/\\\/www.romaoggi.eu\\\/#organization\",\"name\":\"RomaOggi\",\"url\":\"https:\\\/\\\/www.romaoggi.eu\\\/\",\"logo\":{\"@type\":\"ImageObject\",\"inLanguage\":\"it-IT\",\"@id\":\"https:\\\/\\\/www.romaoggi.eu\\\/#\\\/schema\\\/logo\\\/image\\\/\",\"url\":\"https:\\\/\\\/www.romaoggi.eu\\\/wp-content\\\/uploads\\\/2017\\\/04\\\/logowp.jpg\",\"contentUrl\":\"https:\\\/\\\/www.romaoggi.eu\\\/wp-content\\\/uploads\\\/2017\\\/04\\\/logowp.jpg\",\"width\":300,\"height\":133,\"caption\":\"RomaOggi\"},\"image\":{\"@id\":\"https:\\\/\\\/www.romaoggi.eu\\\/#\\\/schema\\\/logo\\\/image\\\/\"},\"sameAs\":[\"https:\\\/\\\/www.facebook.com\\\/RomaOggi-841544845954114\",\"https:\\\/\\\/x.com\\\/romaoggi_eu\"]},{\"@type\":\"Person\",\"@id\":\"https:\\\/\\\/www.romaoggi.eu\\\/#\\\/schema\\\/person\\\/72b8cfc6de60caeb335267c8e21d90fb\",\"name\":\"Target Lab Ets\",\"image\":{\"@type\":\"ImageObject\",\"inLanguage\":\"it-IT\",\"@id\":\"https:\\\/\\\/secure.gravatar.com\\\/avatar\\\/ab64fd266889a629b0e9e6ab56209e379c2a89cfda303941ee9621d4090292d1?s=96&d=mm&r=g\",\"url\":\"https:\\\/\\\/secure.gravatar.com\\\/avatar\\\/ab64fd266889a629b0e9e6ab56209e379c2a89cfda303941ee9621d4090292d1?s=96&d=mm&r=g\",\"contentUrl\":\"https:\\\/\\\/secure.gravatar.com\\\/avatar\\\/ab64fd266889a629b0e9e6ab56209e379c2a89cfda303941ee9621d4090292d1?s=96&d=mm&r=g\",\"caption\":\"Target Lab Ets\"},\"sameAs\":[\"http:\\\/\\\/www.targetlab.org\"],\"url\":\"https:\\\/\\\/www.romaoggi.eu\\\/index.php\\\/author\\\/isfc\\\/\"}]}<\/script>\n<!-- \/ Yoast SEO plugin. -->","yoast_head_json":{"title":"Volano gli aquiloni nel cielo di primavera","description":"\"Volano gli aquiloni nel cielo di primavera\" Prima festa degli aquiloni di Weifang a Roma Sei pronto per un viaggio nella cultura tradizionale cinese? No,","robots":{"index":"index","follow":"follow","max-snippet":"max-snippet:-1","max-image-preview":"max-image-preview:large","max-video-preview":"max-video-preview:-1"},"canonical":"https:\/\/www.romaoggi.eu\/index.php\/2023\/04\/28\/volano-gli-aquiloni-nel-cielo-di-primavera\/","og_locale":"it_IT","og_type":"article","og_title":"Volano gli aquiloni nel cielo di primavera","og_description":"\"Volano gli aquiloni nel cielo di primavera\" Prima festa degli aquiloni di Weifang a Roma Sei pronto per un viaggio nella cultura tradizionale cinese? No,","og_url":"https:\/\/www.romaoggi.eu\/index.php\/2023\/04\/28\/volano-gli-aquiloni-nel-cielo-di-primavera\/","og_site_name":"roma oggi","article_publisher":"https:\/\/www.facebook.com\/RomaOggi-841544845954114","article_published_time":"2023-04-28T09:35:38+00:00","article_modified_time":"2023-04-28T17:44:24+00:00","og_image":[{"width":1113,"height":937,"url":"https:\/\/www.romaoggi.eu\/wp-content\/uploads\/2023\/04\/IMG-20230424-WA0022-1.jpg","type":"image\/jpeg"}],"author":"Target Lab Ets","twitter_card":"summary_large_image","twitter_creator":"@romaoggi_eu","twitter_site":"@romaoggi_eu","twitter_misc":{"Scritto da":"Target Lab Ets","Tempo di lettura stimato":"4 minuti"},"schema":{"@context":"https:\/\/schema.org","@graph":[{"@type":"Article","@id":"https:\/\/www.romaoggi.eu\/index.php\/2023\/04\/28\/volano-gli-aquiloni-nel-cielo-di-primavera\/#article","isPartOf":{"@id":"https:\/\/www.romaoggi.eu\/index.php\/2023\/04\/28\/volano-gli-aquiloni-nel-cielo-di-primavera\/"},"author":{"name":"Target Lab Ets","@id":"https:\/\/www.romaoggi.eu\/#\/schema\/person\/72b8cfc6de60caeb335267c8e21d90fb"},"headline":"Volano gli aquiloni nel cielo di primavera","datePublished":"2023-04-28T09:35:38+00:00","dateModified":"2023-04-28T17:44:24+00:00","mainEntityOfPage":{"@id":"https:\/\/www.romaoggi.eu\/index.php\/2023\/04\/28\/volano-gli-aquiloni-nel-cielo-di-primavera\/"},"wordCount":536,"publisher":{"@id":"https:\/\/www.romaoggi.eu\/#organization"},"image":{"@id":"https:\/\/www.romaoggi.eu\/index.php\/2023\/04\/28\/volano-gli-aquiloni-nel-cielo-di-primavera\/#primaryimage"},"thumbnailUrl":"https:\/\/www.romaoggi.eu\/wp-content\/uploads\/2023\/04\/IMG-20230424-WA0022-1.jpg","keywords":["Festa degli aquiloni","Melodie di seta","Parco degli Acquedotti di Roma","target lab ets","Weifang"],"articleSection":["Eventi"],"inLanguage":"it-IT"},{"@type":"WebPage","@id":"https:\/\/www.romaoggi.eu\/index.php\/2023\/04\/28\/volano-gli-aquiloni-nel-cielo-di-primavera\/","url":"https:\/\/www.romaoggi.eu\/index.php\/2023\/04\/28\/volano-gli-aquiloni-nel-cielo-di-primavera\/","name":"Volano gli aquiloni nel cielo di primavera","isPartOf":{"@id":"https:\/\/www.romaoggi.eu\/#website"},"primaryImageOfPage":{"@id":"https:\/\/www.romaoggi.eu\/index.php\/2023\/04\/28\/volano-gli-aquiloni-nel-cielo-di-primavera\/#primaryimage"},"image":{"@id":"https:\/\/www.romaoggi.eu\/index.php\/2023\/04\/28\/volano-gli-aquiloni-nel-cielo-di-primavera\/#primaryimage"},"thumbnailUrl":"https:\/\/www.romaoggi.eu\/wp-content\/uploads\/2023\/04\/IMG-20230424-WA0022-1.jpg","datePublished":"2023-04-28T09:35:38+00:00","dateModified":"2023-04-28T17:44:24+00:00","description":"\"Volano gli aquiloni nel cielo di primavera\" Prima festa degli aquiloni di Weifang a Roma Sei pronto per un viaggio nella cultura tradizionale cinese? No,","breadcrumb":{"@id":"https:\/\/www.romaoggi.eu\/index.php\/2023\/04\/28\/volano-gli-aquiloni-nel-cielo-di-primavera\/#breadcrumb"},"inLanguage":"it-IT","potentialAction":[{"@type":"ReadAction","target":["https:\/\/www.romaoggi.eu\/index.php\/2023\/04\/28\/volano-gli-aquiloni-nel-cielo-di-primavera\/"]}]},{"@type":"ImageObject","inLanguage":"it-IT","@id":"https:\/\/www.romaoggi.eu\/index.php\/2023\/04\/28\/volano-gli-aquiloni-nel-cielo-di-primavera\/#primaryimage","url":"https:\/\/www.romaoggi.eu\/wp-content\/uploads\/2023\/04\/IMG-20230424-WA0022-1.jpg","contentUrl":"https:\/\/www.romaoggi.eu\/wp-content\/uploads\/2023\/04\/IMG-20230424-WA0022-1.jpg","width":1113,"height":937},{"@type":"BreadcrumbList","@id":"https:\/\/www.romaoggi.eu\/index.php\/2023\/04\/28\/volano-gli-aquiloni-nel-cielo-di-primavera\/#breadcrumb","itemListElement":[{"@type":"ListItem","position":1,"name":"Home","item":"https:\/\/www.romaoggi.eu\/"},{"@type":"ListItem","position":2,"name":"Volano gli aquiloni nel cielo di primavera"}]},{"@type":"WebSite","@id":"https:\/\/www.romaoggi.eu\/#website","url":"https:\/\/www.romaoggi.eu\/","name":"roma oggi","description":"Interesting News for Interesting people","publisher":{"@id":"https:\/\/www.romaoggi.eu\/#organization"},"potentialAction":[{"@type":"SearchAction","target":{"@type":"EntryPoint","urlTemplate":"https:\/\/www.romaoggi.eu\/?s={search_term_string}"},"query-input":{"@type":"PropertyValueSpecification","valueRequired":true,"valueName":"search_term_string"}}],"inLanguage":"it-IT"},{"@type":"Organization","@id":"https:\/\/www.romaoggi.eu\/#organization","name":"RomaOggi","url":"https:\/\/www.romaoggi.eu\/","logo":{"@type":"ImageObject","inLanguage":"it-IT","@id":"https:\/\/www.romaoggi.eu\/#\/schema\/logo\/image\/","url":"https:\/\/www.romaoggi.eu\/wp-content\/uploads\/2017\/04\/logowp.jpg","contentUrl":"https:\/\/www.romaoggi.eu\/wp-content\/uploads\/2017\/04\/logowp.jpg","width":300,"height":133,"caption":"RomaOggi"},"image":{"@id":"https:\/\/www.romaoggi.eu\/#\/schema\/logo\/image\/"},"sameAs":["https:\/\/www.facebook.com\/RomaOggi-841544845954114","https:\/\/x.com\/romaoggi_eu"]},{"@type":"Person","@id":"https:\/\/www.romaoggi.eu\/#\/schema\/person\/72b8cfc6de60caeb335267c8e21d90fb","name":"Target Lab Ets","image":{"@type":"ImageObject","inLanguage":"it-IT","@id":"https:\/\/secure.gravatar.com\/avatar\/ab64fd266889a629b0e9e6ab56209e379c2a89cfda303941ee9621d4090292d1?s=96&d=mm&r=g","url":"https:\/\/secure.gravatar.com\/avatar\/ab64fd266889a629b0e9e6ab56209e379c2a89cfda303941ee9621d4090292d1?s=96&d=mm&r=g","contentUrl":"https:\/\/secure.gravatar.com\/avatar\/ab64fd266889a629b0e9e6ab56209e379c2a89cfda303941ee9621d4090292d1?s=96&d=mm&r=g","caption":"Target Lab Ets"},"sameAs":["http:\/\/www.targetlab.org"],"url":"https:\/\/www.romaoggi.eu\/index.php\/author\/isfc\/"}]}},"_links":{"self":[{"href":"https:\/\/www.romaoggi.eu\/index.php\/wp-json\/wp\/v2\/posts\/35186","targetHints":{"allow":["GET"]}}],"collection":[{"href":"https:\/\/www.romaoggi.eu\/index.php\/wp-json\/wp\/v2\/posts"}],"about":[{"href":"https:\/\/www.romaoggi.eu\/index.php\/wp-json\/wp\/v2\/types\/post"}],"author":[{"embeddable":true,"href":"https:\/\/www.romaoggi.eu\/index.php\/wp-json\/wp\/v2\/users\/17"}],"replies":[{"embeddable":true,"href":"https:\/\/www.romaoggi.eu\/index.php\/wp-json\/wp\/v2\/comments?post=35186"}],"version-history":[{"count":3,"href":"https:\/\/www.romaoggi.eu\/index.php\/wp-json\/wp\/v2\/posts\/35186\/revisions"}],"predecessor-version":[{"id":35210,"href":"https:\/\/www.romaoggi.eu\/index.php\/wp-json\/wp\/v2\/posts\/35186\/revisions\/35210"}],"wp:featuredmedia":[{"embeddable":true,"href":"https:\/\/www.romaoggi.eu\/index.php\/wp-json\/wp\/v2\/media\/35188"}],"wp:attachment":[{"href":"https:\/\/www.romaoggi.eu\/index.php\/wp-json\/wp\/v2\/media?parent=35186"}],"wp:term":[{"taxonomy":"category","embeddable":true,"href":"https:\/\/www.romaoggi.eu\/index.php\/wp-json\/wp\/v2\/categories?post=35186"},{"taxonomy":"post_tag","embeddable":true,"href":"https:\/\/www.romaoggi.eu\/index.php\/wp-json\/wp\/v2\/tags?post=35186"}],"curies":[{"name":"wp","href":"https:\/\/api.w.org\/{rel}","templated":true}]}}