{"id":35280,"date":"2023-05-09T15:05:55","date_gmt":"2023-05-09T13:05:55","guid":{"rendered":"https:\/\/www.romaoggi.eu\/?p=35280"},"modified":"2023-05-09T15:05:55","modified_gmt":"2023-05-09T13:05:55","slug":"la-lettera-scarlatta-del-sovrappeso-by-emanuela-scanu","status":"publish","type":"post","link":"https:\/\/www.romaoggi.eu\/index.php\/2023\/05\/09\/la-lettera-scarlatta-del-sovrappeso-by-emanuela-scanu\/","title":{"rendered":"\u201cLa lettera scarlatta\u201d del sovrappeso-by Emanuela Scanu"},"content":{"rendered":"<p><strong>\u201cLa lettera scarlatta\u201d del sovrappeso-by Emanuela Scanu<\/strong><\/p>\n<p style=\"text-align: justify;\"><span style=\"font-weight: 400;\">Per le donne \u201cla bellezza \u00e8 un dovere\u201d non pensiate che sia frutto dei social media, perch\u00e9 questo concetto ha origini ben pi\u00f9 lontane!<\/span><\/p>\n<p style=\"text-align: justify;\"><span style=\"font-weight: 400;\">Sebbene i salotti televisivi abbiamo dato quella marcia in pi\u00f9 al concetto dobbiamo tornare all\u2019epoca classica dove dalle opere giunte ai nostri giorni ricaviamo che: l\u2019uomo viene rappresentato attraverso il concetto di forza, mentre la donna \u00e8 caratterizzata dalla bellezza. Fu Platone ad attribuire alla bellezza un valore morale ripetuto poi da altri filosofi nei tempi a seguire in cui viene creato un legame tra ci\u00f2 che \u00e8 bello e ci\u00f2 che \u00e8 buono. Quindi il bello \u00e8 buono e le due cose sembrano indissolubili. Ne consegue che il giudizio sull\u2019aspetto esteriore quasi non viene messo in discussione! Alla faccia della body positivity\u00a0 che cerca di superare i vecchi canoni estetici, ma la cui strada sembra davvero ardua!&#8230;\u00a0<\/span><\/p>\n<p style=\"text-align: justify;\"><span style=\"font-weight: 400;\">Sovrappeso in primis\u00a0 il giudizio morale \u00e8 schiacciante, quasi la societ\u00e0 non possa accettare l\u2019idea che si possa essere sciatti nella cura di s\u00e9 come nel mangiare! Disgusto e disagio verso le donne con kg in pi\u00f9 \u00e8 palpabile.<\/span><\/p>\n<p style=\"text-align: justify;\"><span style=\"font-weight: 400;\">Ogni giorno io accolgo nel mio studio donne che sono sopraffatte dal giudizio sul loro corpo da parte di compagni, familiari, amici. Il giudizio peggiore proviene da altre donne che invece di fare fronte comune si aggrediscono, se non nei fatti, nei modi e nelle parole. Il peggior giudizio in assoluto proviene da loro stesse confermando che se si \u00e8 grosse si \u00e8 brutte e quindi anche non brave mogli o madri! E se si \u00e8 brutti non si vale nulla e non si merita nulla! Quindi ecco che il peso del dover essere bella diventa schiacciante.<\/span><\/p>\n<p style=\"text-align: justify;\"><span style=\"font-weight: 400;\">Noi donne se usciamo con un filo di ricrescita siamo sciatte e sentiamo dire: ma quella non si \u00e8 guardata allo specchio? Mentre l\u2019uomo brizzolato \u00e8 un tipo! L\u2019uomo con la pancia attira commenti ironici, la donna con la pancia \u00e8 volgare. Ci portiamo dietro pensieri molto radicati eppure le donne in questo ultimo secolo hanno fatto grandi battaglie per essere riconosciute al di \u00e0 dell\u2019aspetto estetico. Nei primi anni \u201c70 il concorso di Miss Universo fu disturbato da agitatori (agitatrici!!!).\u00a0 Era appena nato il movimento femminista che in quella occasione combatte l\u2019esposizione della donna come fosse bestiame in vendita!<\/span><\/p>\n<p style=\"text-align: justify;\"><span style=\"font-weight: 400;\">In Italia abbiamo avuto <strong>Oriana Fallaci<\/strong> a ricordare alle donne che hanno una voce e una testa oltre che il corpo. Fu lei nel libro: \u201c<strong>Se nascerai donna\u201d<\/strong> edito da <strong>Rizzoli<\/strong> che dalle interviste a tante figure femminili si delineano i passaggi spigolosi di una cultura che, sebbene stia cambiando, evidenzia incessante il giudizio spesso tagliente di altre donne in un mondo ancora troppo in mano agli uomini.<\/span><\/p>\n<p><img loading=\"lazy\" decoding=\"async\" class=\"aligncenter wp-image-34613 size-large\" src=\"https:\/\/www.romaoggi.eu\/wp-content\/uploads\/2022\/12\/io-768x1024.jpg\" alt=\"\" width=\"768\" height=\"1024\" srcset=\"https:\/\/www.romaoggi.eu\/wp-content\/uploads\/2022\/12\/io-768x1024.jpg 768w, https:\/\/www.romaoggi.eu\/wp-content\/uploads\/2022\/12\/io-225x300.jpg 225w, https:\/\/www.romaoggi.eu\/wp-content\/uploads\/2022\/12\/io-1152x1536.jpg 1152w, https:\/\/www.romaoggi.eu\/wp-content\/uploads\/2022\/12\/io.jpg 1536w\" sizes=\"auto, (max-width: 768px) 100vw, 768px\" \/><\/p>\n<p><strong><em>Dott.ssa\u00a0<a href=\"https:\/\/www.romaoggi.eu\/index.php\/2019\/08\/12\/lestrattore-di-succo-per-stare-bene-e-perdere-peso-di-emanuela-scanu\/\" data-aalisten=\"1\">Emanuela Scanu<\/a><\/em><\/strong><\/p>\n<p>Psicologa esperta in disturbi dell\u2019alimentazione e coach alimentare<\/p>\n<p>Autrice del libro\u00a0<strong>Dimagrire una scelta consapevole<\/strong>\u00a0ed. campi di carta 2013<\/p>\n","protected":false},"excerpt":{"rendered":"<div class=\"mh-excerpt\"><p>\u201cLa lettera scarlatta\u201d del sovrappeso-by Emanuela Scanu Per le donne \u201cla bellezza \u00e8 un dovere\u201d non pensiate che sia frutto dei social media, perch\u00e9 questo concetto ha origini ben pi\u00f9 lontane! Sebbene i salotti televisivi <a class=\"mh-excerpt-more\" href=\"https:\/\/www.romaoggi.eu\/index.php\/2023\/05\/09\/la-lettera-scarlatta-del-sovrappeso-by-emanuela-scanu\/\" title=\"\u201cLa lettera scarlatta\u201d del sovrappeso-by Emanuela Scanu\">[&#8230;]<\/a><\/p>\n<\/div>","protected":false},"author":15,"featured_media":35283,"comment_status":"closed","ping_status":"open","sticky":false,"template":"","format":"standard","meta":{"_sitemap_exclude":false,"_sitemap_priority":"","_sitemap_frequency":"","footnotes":""},"categories":[12817],"tags":[16876,2987,7106,4713,1032,12424,13303,6655,16874,4712,15445,16875],"class_list":["post-35280","post","type-post","status-publish","format-standard","has-post-thumbnail","hentry","category-mindfood-di-emanuela-scanu","tag-aspetto","tag-bellezza","tag-concorso-bellezza","tag-dieta","tag-donna","tag-emanuela-scanu","tag-mangiare","tag-miss","tag-platone","tag-salute","tag-sovrappeso","tag-specchio"],"yoast_head":"<!-- This site is optimized with the Yoast SEO plugin v27.4 - https:\/\/yoast.com\/product\/yoast-seo-wordpress\/ -->\n<title>\u201cLa lettera scarlatta\u201d del sovrappeso-by Emanuela Scanu<\/title>\n<meta name=\"description\" content=\"\u201cLa lettera scarlatta\u201d del sovrappeso-by Emanuela Scanu Per le donne \u201cla bellezza \u00e8 un dovere\u201d non pensiate che sia frutto dei social media, perch\u00e9 questo\" \/>\n<meta name=\"robots\" content=\"index, follow, max-snippet:-1, max-image-preview:large, max-video-preview:-1\" \/>\n<link rel=\"canonical\" href=\"https:\/\/www.romaoggi.eu\/index.php\/2023\/05\/09\/la-lettera-scarlatta-del-sovrappeso-by-emanuela-scanu\/\" \/>\n<meta property=\"og:locale\" content=\"it_IT\" \/>\n<meta property=\"og:type\" content=\"article\" \/>\n<meta property=\"og:title\" content=\"\u201cLa lettera scarlatta\u201d del sovrappeso-by Emanuela Scanu\" \/>\n<meta property=\"og:description\" content=\"\u201cLa lettera scarlatta\u201d del sovrappeso-by Emanuela Scanu Per le donne \u201cla bellezza \u00e8 un dovere\u201d non pensiate che sia frutto dei social media, perch\u00e9 questo\" \/>\n<meta property=\"og:url\" content=\"https:\/\/www.romaoggi.eu\/index.php\/2023\/05\/09\/la-lettera-scarlatta-del-sovrappeso-by-emanuela-scanu\/\" \/>\n<meta property=\"og:site_name\" content=\"roma oggi\" \/>\n<meta property=\"article:publisher\" content=\"https:\/\/www.facebook.com\/RomaOggi-841544845954114\" \/>\n<meta property=\"article:published_time\" content=\"2023-05-09T13:05:55+00:00\" \/>\n<meta property=\"og:image\" content=\"https:\/\/www.romaoggi.eu\/wp-content\/uploads\/2023\/05\/per-maggio.jpeg\" \/>\n\t<meta property=\"og:image:width\" content=\"1640\" \/>\n\t<meta property=\"og:image:height\" content=\"924\" \/>\n\t<meta property=\"og:image:type\" content=\"image\/jpeg\" \/>\n<meta name=\"author\" content=\"Emanuela Scanu\" \/>\n<meta name=\"twitter:card\" content=\"summary_large_image\" \/>\n<meta name=\"twitter:creator\" content=\"@romaoggi_eu\" \/>\n<meta name=\"twitter:site\" content=\"@romaoggi_eu\" \/>\n<meta name=\"twitter:label1\" content=\"Scritto da\" \/>\n\t<meta name=\"twitter:data1\" content=\"Emanuela Scanu\" \/>\n\t<meta name=\"twitter:label2\" content=\"Tempo di lettura stimato\" \/>\n\t<meta name=\"twitter:data2\" content=\"3 minuti\" \/>\n<script type=\"application\/ld+json\" class=\"yoast-schema-graph\">{\"@context\":\"https:\\\/\\\/schema.org\",\"@graph\":[{\"@type\":\"Article\",\"@id\":\"https:\\\/\\\/www.romaoggi.eu\\\/index.php\\\/2023\\\/05\\\/09\\\/la-lettera-scarlatta-del-sovrappeso-by-emanuela-scanu\\\/#article\",\"isPartOf\":{\"@id\":\"https:\\\/\\\/www.romaoggi.eu\\\/index.php\\\/2023\\\/05\\\/09\\\/la-lettera-scarlatta-del-sovrappeso-by-emanuela-scanu\\\/\"},\"author\":{\"name\":\"Emanuela Scanu\",\"@id\":\"https:\\\/\\\/www.romaoggi.eu\\\/#\\\/schema\\\/person\\\/1ec8ab015e67a2efdfc9c021043dc1bb\"},\"headline\":\"\u201cLa lettera scarlatta\u201d del sovrappeso-by Emanuela Scanu\",\"datePublished\":\"2023-05-09T13:05:55+00:00\",\"mainEntityOfPage\":{\"@id\":\"https:\\\/\\\/www.romaoggi.eu\\\/index.php\\\/2023\\\/05\\\/09\\\/la-lettera-scarlatta-del-sovrappeso-by-emanuela-scanu\\\/\"},\"wordCount\":477,\"publisher\":{\"@id\":\"https:\\\/\\\/www.romaoggi.eu\\\/#organization\"},\"image\":{\"@id\":\"https:\\\/\\\/www.romaoggi.eu\\\/index.php\\\/2023\\\/05\\\/09\\\/la-lettera-scarlatta-del-sovrappeso-by-emanuela-scanu\\\/#primaryimage\"},\"thumbnailUrl\":\"https:\\\/\\\/www.romaoggi.eu\\\/wp-content\\\/uploads\\\/2023\\\/05\\\/per-maggio.jpeg\",\"keywords\":[\"aspetto\",\"bellezza\",\"concorso bellezza\",\"dieta\",\"donna\",\"emanuela scanu\",\"mangiare\",\"Miss\",\"platone\",\"salute\",\"sovrappeso\",\"specchio\"],\"articleSection\":[\"Mind&amp;Food di Emanuela Scanu\"],\"inLanguage\":\"it-IT\"},{\"@type\":\"WebPage\",\"@id\":\"https:\\\/\\\/www.romaoggi.eu\\\/index.php\\\/2023\\\/05\\\/09\\\/la-lettera-scarlatta-del-sovrappeso-by-emanuela-scanu\\\/\",\"url\":\"https:\\\/\\\/www.romaoggi.eu\\\/index.php\\\/2023\\\/05\\\/09\\\/la-lettera-scarlatta-del-sovrappeso-by-emanuela-scanu\\\/\",\"name\":\"\u201cLa lettera scarlatta\u201d del sovrappeso-by Emanuela Scanu\",\"isPartOf\":{\"@id\":\"https:\\\/\\\/www.romaoggi.eu\\\/#website\"},\"primaryImageOfPage\":{\"@id\":\"https:\\\/\\\/www.romaoggi.eu\\\/index.php\\\/2023\\\/05\\\/09\\\/la-lettera-scarlatta-del-sovrappeso-by-emanuela-scanu\\\/#primaryimage\"},\"image\":{\"@id\":\"https:\\\/\\\/www.romaoggi.eu\\\/index.php\\\/2023\\\/05\\\/09\\\/la-lettera-scarlatta-del-sovrappeso-by-emanuela-scanu\\\/#primaryimage\"},\"thumbnailUrl\":\"https:\\\/\\\/www.romaoggi.eu\\\/wp-content\\\/uploads\\\/2023\\\/05\\\/per-maggio.jpeg\",\"datePublished\":\"2023-05-09T13:05:55+00:00\",\"description\":\"\u201cLa lettera scarlatta\u201d del sovrappeso-by Emanuela Scanu Per le donne \u201cla bellezza \u00e8 un dovere\u201d non pensiate che sia frutto dei social media, perch\u00e9 questo\",\"breadcrumb\":{\"@id\":\"https:\\\/\\\/www.romaoggi.eu\\\/index.php\\\/2023\\\/05\\\/09\\\/la-lettera-scarlatta-del-sovrappeso-by-emanuela-scanu\\\/#breadcrumb\"},\"inLanguage\":\"it-IT\",\"potentialAction\":[{\"@type\":\"ReadAction\",\"target\":[\"https:\\\/\\\/www.romaoggi.eu\\\/index.php\\\/2023\\\/05\\\/09\\\/la-lettera-scarlatta-del-sovrappeso-by-emanuela-scanu\\\/\"]}]},{\"@type\":\"ImageObject\",\"inLanguage\":\"it-IT\",\"@id\":\"https:\\\/\\\/www.romaoggi.eu\\\/index.php\\\/2023\\\/05\\\/09\\\/la-lettera-scarlatta-del-sovrappeso-by-emanuela-scanu\\\/#primaryimage\",\"url\":\"https:\\\/\\\/www.romaoggi.eu\\\/wp-content\\\/uploads\\\/2023\\\/05\\\/per-maggio.jpeg\",\"contentUrl\":\"https:\\\/\\\/www.romaoggi.eu\\\/wp-content\\\/uploads\\\/2023\\\/05\\\/per-maggio.jpeg\",\"width\":1640,\"height\":924,\"caption\":\"alt tag sovrappeso\"},{\"@type\":\"BreadcrumbList\",\"@id\":\"https:\\\/\\\/www.romaoggi.eu\\\/index.php\\\/2023\\\/05\\\/09\\\/la-lettera-scarlatta-del-sovrappeso-by-emanuela-scanu\\\/#breadcrumb\",\"itemListElement\":[{\"@type\":\"ListItem\",\"position\":1,\"name\":\"Home\",\"item\":\"https:\\\/\\\/www.romaoggi.eu\\\/\"},{\"@type\":\"ListItem\",\"position\":2,\"name\":\"\u201cLa lettera scarlatta\u201d del sovrappeso-by Emanuela Scanu\"}]},{\"@type\":\"WebSite\",\"@id\":\"https:\\\/\\\/www.romaoggi.eu\\\/#website\",\"url\":\"https:\\\/\\\/www.romaoggi.eu\\\/\",\"name\":\"roma oggi\",\"description\":\"Interesting News for Interesting people\",\"publisher\":{\"@id\":\"https:\\\/\\\/www.romaoggi.eu\\\/#organization\"},\"potentialAction\":[{\"@type\":\"SearchAction\",\"target\":{\"@type\":\"EntryPoint\",\"urlTemplate\":\"https:\\\/\\\/www.romaoggi.eu\\\/?s={search_term_string}\"},\"query-input\":{\"@type\":\"PropertyValueSpecification\",\"valueRequired\":true,\"valueName\":\"search_term_string\"}}],\"inLanguage\":\"it-IT\"},{\"@type\":\"Organization\",\"@id\":\"https:\\\/\\\/www.romaoggi.eu\\\/#organization\",\"name\":\"RomaOggi\",\"url\":\"https:\\\/\\\/www.romaoggi.eu\\\/\",\"logo\":{\"@type\":\"ImageObject\",\"inLanguage\":\"it-IT\",\"@id\":\"https:\\\/\\\/www.romaoggi.eu\\\/#\\\/schema\\\/logo\\\/image\\\/\",\"url\":\"https:\\\/\\\/www.romaoggi.eu\\\/wp-content\\\/uploads\\\/2017\\\/04\\\/logowp.jpg\",\"contentUrl\":\"https:\\\/\\\/www.romaoggi.eu\\\/wp-content\\\/uploads\\\/2017\\\/04\\\/logowp.jpg\",\"width\":300,\"height\":133,\"caption\":\"RomaOggi\"},\"image\":{\"@id\":\"https:\\\/\\\/www.romaoggi.eu\\\/#\\\/schema\\\/logo\\\/image\\\/\"},\"sameAs\":[\"https:\\\/\\\/www.facebook.com\\\/RomaOggi-841544845954114\",\"https:\\\/\\\/x.com\\\/romaoggi_eu\"]},{\"@type\":\"Person\",\"@id\":\"https:\\\/\\\/www.romaoggi.eu\\\/#\\\/schema\\\/person\\\/1ec8ab015e67a2efdfc9c021043dc1bb\",\"name\":\"Emanuela Scanu\",\"image\":{\"@type\":\"ImageObject\",\"inLanguage\":\"it-IT\",\"@id\":\"https:\\\/\\\/secure.gravatar.com\\\/avatar\\\/39bacfd625ef91a3711b21879f0e8cb1a68afc8d5bdcf92d10a6da6ee9245f23?s=96&d=mm&r=g\",\"url\":\"https:\\\/\\\/secure.gravatar.com\\\/avatar\\\/39bacfd625ef91a3711b21879f0e8cb1a68afc8d5bdcf92d10a6da6ee9245f23?s=96&d=mm&r=g\",\"contentUrl\":\"https:\\\/\\\/secure.gravatar.com\\\/avatar\\\/39bacfd625ef91a3711b21879f0e8cb1a68afc8d5bdcf92d10a6da6ee9245f23?s=96&d=mm&r=g\",\"caption\":\"Emanuela Scanu\"},\"url\":\"https:\\\/\\\/www.romaoggi.eu\\\/index.php\\\/author\\\/emanuela\\\/\"}]}<\/script>\n<!-- \/ Yoast SEO plugin. -->","yoast_head_json":{"title":"\u201cLa lettera scarlatta\u201d del sovrappeso-by Emanuela Scanu","description":"\u201cLa lettera scarlatta\u201d del sovrappeso-by Emanuela Scanu Per le donne \u201cla bellezza \u00e8 un dovere\u201d non pensiate che sia frutto dei social media, perch\u00e9 questo","robots":{"index":"index","follow":"follow","max-snippet":"max-snippet:-1","max-image-preview":"max-image-preview:large","max-video-preview":"max-video-preview:-1"},"canonical":"https:\/\/www.romaoggi.eu\/index.php\/2023\/05\/09\/la-lettera-scarlatta-del-sovrappeso-by-emanuela-scanu\/","og_locale":"it_IT","og_type":"article","og_title":"\u201cLa lettera scarlatta\u201d del sovrappeso-by Emanuela Scanu","og_description":"\u201cLa lettera scarlatta\u201d del sovrappeso-by Emanuela Scanu Per le donne \u201cla bellezza \u00e8 un dovere\u201d non pensiate che sia frutto dei social media, perch\u00e9 questo","og_url":"https:\/\/www.romaoggi.eu\/index.php\/2023\/05\/09\/la-lettera-scarlatta-del-sovrappeso-by-emanuela-scanu\/","og_site_name":"roma oggi","article_publisher":"https:\/\/www.facebook.com\/RomaOggi-841544845954114","article_published_time":"2023-05-09T13:05:55+00:00","og_image":[{"width":1640,"height":924,"url":"https:\/\/www.romaoggi.eu\/wp-content\/uploads\/2023\/05\/per-maggio.jpeg","type":"image\/jpeg"}],"author":"Emanuela Scanu","twitter_card":"summary_large_image","twitter_creator":"@romaoggi_eu","twitter_site":"@romaoggi_eu","twitter_misc":{"Scritto da":"Emanuela Scanu","Tempo di lettura stimato":"3 minuti"},"schema":{"@context":"https:\/\/schema.org","@graph":[{"@type":"Article","@id":"https:\/\/www.romaoggi.eu\/index.php\/2023\/05\/09\/la-lettera-scarlatta-del-sovrappeso-by-emanuela-scanu\/#article","isPartOf":{"@id":"https:\/\/www.romaoggi.eu\/index.php\/2023\/05\/09\/la-lettera-scarlatta-del-sovrappeso-by-emanuela-scanu\/"},"author":{"name":"Emanuela Scanu","@id":"https:\/\/www.romaoggi.eu\/#\/schema\/person\/1ec8ab015e67a2efdfc9c021043dc1bb"},"headline":"\u201cLa lettera scarlatta\u201d del sovrappeso-by Emanuela Scanu","datePublished":"2023-05-09T13:05:55+00:00","mainEntityOfPage":{"@id":"https:\/\/www.romaoggi.eu\/index.php\/2023\/05\/09\/la-lettera-scarlatta-del-sovrappeso-by-emanuela-scanu\/"},"wordCount":477,"publisher":{"@id":"https:\/\/www.romaoggi.eu\/#organization"},"image":{"@id":"https:\/\/www.romaoggi.eu\/index.php\/2023\/05\/09\/la-lettera-scarlatta-del-sovrappeso-by-emanuela-scanu\/#primaryimage"},"thumbnailUrl":"https:\/\/www.romaoggi.eu\/wp-content\/uploads\/2023\/05\/per-maggio.jpeg","keywords":["aspetto","bellezza","concorso bellezza","dieta","donna","emanuela scanu","mangiare","Miss","platone","salute","sovrappeso","specchio"],"articleSection":["Mind&amp;Food di Emanuela Scanu"],"inLanguage":"it-IT"},{"@type":"WebPage","@id":"https:\/\/www.romaoggi.eu\/index.php\/2023\/05\/09\/la-lettera-scarlatta-del-sovrappeso-by-emanuela-scanu\/","url":"https:\/\/www.romaoggi.eu\/index.php\/2023\/05\/09\/la-lettera-scarlatta-del-sovrappeso-by-emanuela-scanu\/","name":"\u201cLa lettera scarlatta\u201d del sovrappeso-by Emanuela Scanu","isPartOf":{"@id":"https:\/\/www.romaoggi.eu\/#website"},"primaryImageOfPage":{"@id":"https:\/\/www.romaoggi.eu\/index.php\/2023\/05\/09\/la-lettera-scarlatta-del-sovrappeso-by-emanuela-scanu\/#primaryimage"},"image":{"@id":"https:\/\/www.romaoggi.eu\/index.php\/2023\/05\/09\/la-lettera-scarlatta-del-sovrappeso-by-emanuela-scanu\/#primaryimage"},"thumbnailUrl":"https:\/\/www.romaoggi.eu\/wp-content\/uploads\/2023\/05\/per-maggio.jpeg","datePublished":"2023-05-09T13:05:55+00:00","description":"\u201cLa lettera scarlatta\u201d del sovrappeso-by Emanuela Scanu Per le donne \u201cla bellezza \u00e8 un dovere\u201d non pensiate che sia frutto dei social media, perch\u00e9 questo","breadcrumb":{"@id":"https:\/\/www.romaoggi.eu\/index.php\/2023\/05\/09\/la-lettera-scarlatta-del-sovrappeso-by-emanuela-scanu\/#breadcrumb"},"inLanguage":"it-IT","potentialAction":[{"@type":"ReadAction","target":["https:\/\/www.romaoggi.eu\/index.php\/2023\/05\/09\/la-lettera-scarlatta-del-sovrappeso-by-emanuela-scanu\/"]}]},{"@type":"ImageObject","inLanguage":"it-IT","@id":"https:\/\/www.romaoggi.eu\/index.php\/2023\/05\/09\/la-lettera-scarlatta-del-sovrappeso-by-emanuela-scanu\/#primaryimage","url":"https:\/\/www.romaoggi.eu\/wp-content\/uploads\/2023\/05\/per-maggio.jpeg","contentUrl":"https:\/\/www.romaoggi.eu\/wp-content\/uploads\/2023\/05\/per-maggio.jpeg","width":1640,"height":924,"caption":"alt tag sovrappeso"},{"@type":"BreadcrumbList","@id":"https:\/\/www.romaoggi.eu\/index.php\/2023\/05\/09\/la-lettera-scarlatta-del-sovrappeso-by-emanuela-scanu\/#breadcrumb","itemListElement":[{"@type":"ListItem","position":1,"name":"Home","item":"https:\/\/www.romaoggi.eu\/"},{"@type":"ListItem","position":2,"name":"\u201cLa lettera scarlatta\u201d del sovrappeso-by Emanuela Scanu"}]},{"@type":"WebSite","@id":"https:\/\/www.romaoggi.eu\/#website","url":"https:\/\/www.romaoggi.eu\/","name":"roma oggi","description":"Interesting News for Interesting people","publisher":{"@id":"https:\/\/www.romaoggi.eu\/#organization"},"potentialAction":[{"@type":"SearchAction","target":{"@type":"EntryPoint","urlTemplate":"https:\/\/www.romaoggi.eu\/?s={search_term_string}"},"query-input":{"@type":"PropertyValueSpecification","valueRequired":true,"valueName":"search_term_string"}}],"inLanguage":"it-IT"},{"@type":"Organization","@id":"https:\/\/www.romaoggi.eu\/#organization","name":"RomaOggi","url":"https:\/\/www.romaoggi.eu\/","logo":{"@type":"ImageObject","inLanguage":"it-IT","@id":"https:\/\/www.romaoggi.eu\/#\/schema\/logo\/image\/","url":"https:\/\/www.romaoggi.eu\/wp-content\/uploads\/2017\/04\/logowp.jpg","contentUrl":"https:\/\/www.romaoggi.eu\/wp-content\/uploads\/2017\/04\/logowp.jpg","width":300,"height":133,"caption":"RomaOggi"},"image":{"@id":"https:\/\/www.romaoggi.eu\/#\/schema\/logo\/image\/"},"sameAs":["https:\/\/www.facebook.com\/RomaOggi-841544845954114","https:\/\/x.com\/romaoggi_eu"]},{"@type":"Person","@id":"https:\/\/www.romaoggi.eu\/#\/schema\/person\/1ec8ab015e67a2efdfc9c021043dc1bb","name":"Emanuela Scanu","image":{"@type":"ImageObject","inLanguage":"it-IT","@id":"https:\/\/secure.gravatar.com\/avatar\/39bacfd625ef91a3711b21879f0e8cb1a68afc8d5bdcf92d10a6da6ee9245f23?s=96&d=mm&r=g","url":"https:\/\/secure.gravatar.com\/avatar\/39bacfd625ef91a3711b21879f0e8cb1a68afc8d5bdcf92d10a6da6ee9245f23?s=96&d=mm&r=g","contentUrl":"https:\/\/secure.gravatar.com\/avatar\/39bacfd625ef91a3711b21879f0e8cb1a68afc8d5bdcf92d10a6da6ee9245f23?s=96&d=mm&r=g","caption":"Emanuela Scanu"},"url":"https:\/\/www.romaoggi.eu\/index.php\/author\/emanuela\/"}]}},"_links":{"self":[{"href":"https:\/\/www.romaoggi.eu\/index.php\/wp-json\/wp\/v2\/posts\/35280","targetHints":{"allow":["GET"]}}],"collection":[{"href":"https:\/\/www.romaoggi.eu\/index.php\/wp-json\/wp\/v2\/posts"}],"about":[{"href":"https:\/\/www.romaoggi.eu\/index.php\/wp-json\/wp\/v2\/types\/post"}],"author":[{"embeddable":true,"href":"https:\/\/www.romaoggi.eu\/index.php\/wp-json\/wp\/v2\/users\/15"}],"replies":[{"embeddable":true,"href":"https:\/\/www.romaoggi.eu\/index.php\/wp-json\/wp\/v2\/comments?post=35280"}],"version-history":[{"count":4,"href":"https:\/\/www.romaoggi.eu\/index.php\/wp-json\/wp\/v2\/posts\/35280\/revisions"}],"predecessor-version":[{"id":35285,"href":"https:\/\/www.romaoggi.eu\/index.php\/wp-json\/wp\/v2\/posts\/35280\/revisions\/35285"}],"wp:featuredmedia":[{"embeddable":true,"href":"https:\/\/www.romaoggi.eu\/index.php\/wp-json\/wp\/v2\/media\/35283"}],"wp:attachment":[{"href":"https:\/\/www.romaoggi.eu\/index.php\/wp-json\/wp\/v2\/media?parent=35280"}],"wp:term":[{"taxonomy":"category","embeddable":true,"href":"https:\/\/www.romaoggi.eu\/index.php\/wp-json\/wp\/v2\/categories?post=35280"},{"taxonomy":"post_tag","embeddable":true,"href":"https:\/\/www.romaoggi.eu\/index.php\/wp-json\/wp\/v2\/tags?post=35280"}],"curies":[{"name":"wp","href":"https:\/\/api.w.org\/{rel}","templated":true}]}}