{"id":35418,"date":"2023-06-13T17:10:53","date_gmt":"2023-06-13T15:10:53","guid":{"rendered":"https:\/\/www.romaoggi.eu\/?p=35418"},"modified":"2023-06-13T17:12:43","modified_gmt":"2023-06-13T15:12:43","slug":"non-dare-peso-al-peso-by-emanuela-scanu","status":"publish","type":"post","link":"https:\/\/www.romaoggi.eu\/index.php\/2023\/06\/13\/non-dare-peso-al-peso-by-emanuela-scanu\/","title":{"rendered":"Non dare peso al \u201cpeso\u201d- by Emanuela Scanu"},"content":{"rendered":"<p style=\"text-align: justify;\"><strong>Non dare peso al \u201cpeso\u201d<\/strong><br \/>\nLa bilancia, strumento odiato e temuto, \u00e8 stata creata nell\u2019antichit\u00e0 con lo scopo di evitare inganni nel commercio. Da tempi remoti fino ad oggi \u00e8 considerato un simbolo di giustizia eppure il momento di salire sulla bilancia per qualcuno \u00e8 un momento vissuto con enorme ansia e\/o disagio.<\/p>\n<p style=\"text-align: justify;\">Quando \u00e8 cominciato tutto questo? In un tempo passato, non troppo remoto, per la maggior parte della popolazione riuscire a mettere insieme il pranzo e la cena era una vera peripezia. Oggi non \u00e8 pi\u00f9 cos\u00ec, eccetto purtroppo ancora per alcune minoranze. Il cibo \u00e8 sempre disponibile, ci sono negozi aperti anche durante la notte e con una semplice App ci portano il nostro alimento preferito a casa. Con tutta questa disponibilit\u00e0 di cibo dovevamo essere sereni eppure noi esseri umani sempre insoddisfatti abbiamo creato un altro problema: l\u2019ideale del corpo perfetto!<\/p>\n<p style=\"text-align: justify;\">Ecco quindi il grande divario tra disponibilit\u00e0 di cibo e la possibilit\u00e0 di aumentare di peso. Chiunque, se mangia troppo e male, oltre ad avere problemi di colesterolo, pressione arteriosa alta, disfunzioni intestinali pu\u00f2 aumentare di peso. Sono pochi i fortunati dotati di super metabolismo che impedisce loro di prendere peso, ma che non garantisce la salute gastro intestinale o cardiovascolare!<\/p>\n<p style=\"text-align: justify;\">Come sappiamo non basta la disponibilit\u00e0 di cibo per prendere peso altrimenti saremmo tutti obesi. Il cibo spesso diventa il rifugio dopo giornate storte, dopo amori falliti, il compagno se ci si sente soli e la coccola che ci \u00e8 mancata magari nell\u2019infanzia. Si pu\u00f2 essere golosi \u00e8 vero, ma dopo una certa quantit\u00e0 dello stesso cibo il gusto non viene percepito allo stesso modo perch\u00e9 le papille gustative ormai sature non inviano pi\u00f9 i segnali al cervello affinch\u00e9 possa trarre gusto da quel particolare cibo quindi questa \u00e8 solo una scusa.<\/p>\n<p style=\"text-align: justify;\">Per molti il rapporto con il cibo \u00e8 un rapporto complicato. Non star\u00f2 in questa sede a spiegare i perch\u00e9 ed i per come visto che ne parliamo tutte le settimane! Vi dico solo che aumentare di peso diventa un problema perch\u00e9 il corpo non risponde ai canoni che la societ\u00e0 ha creato.<\/p>\n<p style=\"text-align: justify;\">Non solo la societ\u00e0, il gruppo in cui siamo inseriti, ma anche l\u2019immenso mondo virtuale sempre pronto a dare giudizi e sempre pronto a demonizzare chi non si adegua al modello. La body positivity sembra quasi un contentino creato per una sorta di politicamente corretto pi\u00f9 che per reale convinzione perch\u00e9 una persona in sovrappeso viene sempre vista con disgusto.<\/p>\n<p style=\"text-align: justify;\">Ma torniamo alla dannata bilancia. Non deve essere un problema se non lo volete. Se accettate il vostro corpo e la vostra vita vi sta bene cos\u00ec al diavolo la bilancia (abbiate solo riguardo per la salute mi raccomando!) Non dovete essere a dieta per sempre se non \u00e8 quello che volete e gli abiti si vendono di tutte le taglie e a qualsiasi prezzo!<\/p>\n<p style=\"text-align: justify;\">Se non volete stare a dieta non fatelo, se sono gli altri a spingervi in questa direzione non fatelo. Fatelo solo se \u00e8 una vostra scelta Se il corpo in cui vivete non \u00e8 quello che vi rappresenta (e non quello dei vostri sogni mi raccomando questo \u00e8 importante!) vi sentite goffe o inadeguate allora una perdita di peso \u00e8 necessaria. La bilancia non deve essere il giudice severo, ma l\u2019indicatore se si sta facendo bene o meno un determinato cammino.<\/p>\n<p style=\"text-align: justify;\">Se il numero che vedete sulla bilancia influenza il vostro umore e la vostra autostima, non esitare a chiedere aiuto. Siete molto di pi\u00f9 di ci\u00f2 che mangiate, \u00e8 importante la consapevolezza su ci\u00f2 che mangiate, ma anche il vostro benessere e la vostra serenit\u00e0 (a tavola o no!)<\/p>\n<p style=\"text-align: justify;\">Se non c\u2019\u00e8 il numerino tanto atteso possono essere tanti i motivi: da un errore della bilancia a variazioni di peso casuali. Per questo in genere bisogna pesarsi non pi\u00f9 di una volta a settimana a digiuno ! Quando ci si pesa e si scopre che non \u00e8 cambiato niente, ci si deprime inutilmente. Un aumento di peso non significa sempre aumento del grasso corporeo cos\u00ec come una diminuzione non \u00e8 una diminuzione di grasso! Le fluttuazioni di peso sono fisiologiche e sono influenzate da tantissimi fattori quali interventi ormonali, farmaci, temperatura esterna, attivit\u00e0 fisica. Se state facendo tutto bene, alimentazione corretta e attivit\u00e0 fisica, non ci sono motivi per non perdere peso!<\/p>\n<p style=\"text-align: justify;\">Invece di delegare il vostro stato di salute alla bilancia imparate ad ascoltarvi ed osservarvi: la pancia \u00e8 pi\u00f9 sgonfia? Vi sentite pi\u00f9 leggeri? Le scarpe entrano meglio? La cinta va larga? Il pantalone si chiude con meno difficolt\u00e0? Avete meno fiatone? Vi sentite pieni di energia? Questi sono gli unici parametri da tenere in considerazione! Se ci si pesa tutti i giorni, o pi\u00f9 volte al giorno, cercando conferme \u00e8 doveroso chiedersi cosa faccia davvero paura : il numerino che vedete scritto o il valore che la societ\u00e0 in cui vivete gli d\u00e0?<br \/>\nVi ricordo che solo voi siete autorizzati a darvi un valore e non la bilancia!<\/p>\n<p>&nbsp;<\/p>\n<p><img loading=\"lazy\" decoding=\"async\" class=\"aligncenter wp-image-33425 size-full\" src=\"https:\/\/www.romaoggi.eu\/wp-content\/uploads\/2022\/07\/224686598_2683031358671344_63855404181515841_n.jpg\" alt=\"\" width=\"720\" height=\"960\" srcset=\"https:\/\/www.romaoggi.eu\/wp-content\/uploads\/2022\/07\/224686598_2683031358671344_63855404181515841_n.jpg 720w, https:\/\/www.romaoggi.eu\/wp-content\/uploads\/2022\/07\/224686598_2683031358671344_63855404181515841_n-225x300.jpg 225w\" sizes=\"auto, (max-width: 720px) 100vw, 720px\" \/><\/p>\n<p><strong><em>Dott.ssa\u00a0<a href=\"https:\/\/www.romaoggi.eu\/index.php\/2019\/08\/12\/lestrattore-di-succo-per-stare-bene-e-perdere-peso-di-emanuela-scanu\/\" data-aalisten=\"1\">Emanuela Scanu<\/a><\/em><\/strong><\/p>\n<p>Psicologa esperta in disturbi dell\u2019alimentazione e coach alimentare<\/p>\n<p>Autrice del libro\u00a0<strong>Dimagrire una scelta consapevole<\/strong>\u00a0ed. campi di carta 2013<\/p>\n","protected":false},"excerpt":{"rendered":"<div class=\"mh-excerpt\"><p>Non dare peso al \u201cpeso\u201d La bilancia, strumento odiato e temuto, \u00e8 stata creata nell\u2019antichit\u00e0 con lo scopo di evitare inganni nel commercio. Da tempi remoti fino ad oggi \u00e8 considerato un simbolo di giustizia <a class=\"mh-excerpt-more\" href=\"https:\/\/www.romaoggi.eu\/index.php\/2023\/06\/13\/non-dare-peso-al-peso-by-emanuela-scanu\/\" title=\"Non dare peso al \u201cpeso\u201d- by Emanuela Scanu\">[&#8230;]<\/a><\/p>\n<\/div>","protected":false},"author":15,"featured_media":35422,"comment_status":"closed","ping_status":"open","sticky":false,"template":"","format":"standard","meta":{"_sitemap_exclude":false,"_sitemap_priority":"","_sitemap_frequency":"","footnotes":""},"categories":[12817],"tags":[12987,3892,16740,5381,4545,12424,13303,14447,16812],"class_list":["post-35418","post","type-post","status-publish","format-standard","has-post-thumbnail","hentry","category-mindfood-di-emanuela-scanu","tag-autostima","tag-benessere","tag-bilancia","tag-cibo","tag-corpo","tag-emanuela-scanu","tag-mangiare","tag-peso","tag-umore"],"yoast_head":"<!-- This site is optimized with the Yoast SEO plugin v27.5 - https:\/\/yoast.com\/product\/yoast-seo-wordpress\/ -->\n<title>Non dare peso al \u201cpeso\u201d- by Emanuela Scanu<\/title>\n<meta name=\"description\" content=\"Non dare peso al \u201cpeso\u201d La bilancia, strumento odiato e temuto, \u00e8 stata creata nell\u2019antichit\u00e0 con lo scopo di evitare inganni nel commercio. Da tempi\" \/>\n<meta name=\"robots\" content=\"index, follow, max-snippet:-1, max-image-preview:large, max-video-preview:-1\" \/>\n<link rel=\"canonical\" href=\"https:\/\/www.romaoggi.eu\/index.php\/2023\/06\/13\/non-dare-peso-al-peso-by-emanuela-scanu\/\" \/>\n<meta property=\"og:locale\" content=\"it_IT\" \/>\n<meta property=\"og:type\" content=\"article\" \/>\n<meta property=\"og:title\" content=\"Non dare peso al \u201cpeso\u201d- by Emanuela Scanu\" \/>\n<meta property=\"og:description\" content=\"Non dare peso al \u201cpeso\u201d La bilancia, strumento odiato e temuto, \u00e8 stata creata nell\u2019antichit\u00e0 con lo scopo di evitare inganni nel commercio. Da tempi\" \/>\n<meta property=\"og:url\" content=\"https:\/\/www.romaoggi.eu\/index.php\/2023\/06\/13\/non-dare-peso-al-peso-by-emanuela-scanu\/\" \/>\n<meta property=\"og:site_name\" content=\"roma oggi\" \/>\n<meta property=\"article:publisher\" content=\"https:\/\/www.facebook.com\/RomaOggi-841544845954114\" \/>\n<meta property=\"article:published_time\" content=\"2023-06-13T15:10:53+00:00\" \/>\n<meta property=\"article:modified_time\" content=\"2023-06-13T15:12:43+00:00\" \/>\n<meta property=\"og:image\" content=\"https:\/\/www.romaoggi.eu\/wp-content\/uploads\/2023\/06\/giugno-non-dare-peso-al-peso-bilancia.jpg\" \/>\n\t<meta property=\"og:image:width\" content=\"1434\" \/>\n\t<meta property=\"og:image:height\" content=\"1076\" \/>\n\t<meta property=\"og:image:type\" content=\"image\/jpeg\" \/>\n<meta name=\"author\" content=\"Emanuela Scanu\" \/>\n<meta name=\"twitter:card\" content=\"summary_large_image\" \/>\n<meta name=\"twitter:creator\" content=\"@romaoggi_eu\" \/>\n<meta name=\"twitter:site\" content=\"@romaoggi_eu\" \/>\n<meta name=\"twitter:label1\" content=\"Scritto da\" \/>\n\t<meta name=\"twitter:data1\" content=\"Emanuela Scanu\" \/>\n\t<meta name=\"twitter:label2\" content=\"Tempo di lettura stimato\" \/>\n\t<meta name=\"twitter:data2\" content=\"5 minuti\" \/>\n<script type=\"application\/ld+json\" class=\"yoast-schema-graph\">{\"@context\":\"https:\\\/\\\/schema.org\",\"@graph\":[{\"@type\":\"Article\",\"@id\":\"https:\\\/\\\/www.romaoggi.eu\\\/index.php\\\/2023\\\/06\\\/13\\\/non-dare-peso-al-peso-by-emanuela-scanu\\\/#article\",\"isPartOf\":{\"@id\":\"https:\\\/\\\/www.romaoggi.eu\\\/index.php\\\/2023\\\/06\\\/13\\\/non-dare-peso-al-peso-by-emanuela-scanu\\\/\"},\"author\":{\"name\":\"Emanuela Scanu\",\"@id\":\"https:\\\/\\\/www.romaoggi.eu\\\/#\\\/schema\\\/person\\\/1ec8ab015e67a2efdfc9c021043dc1bb\"},\"headline\":\"Non dare peso al \u201cpeso\u201d- by Emanuela Scanu\",\"datePublished\":\"2023-06-13T15:10:53+00:00\",\"dateModified\":\"2023-06-13T15:12:43+00:00\",\"mainEntityOfPage\":{\"@id\":\"https:\\\/\\\/www.romaoggi.eu\\\/index.php\\\/2023\\\/06\\\/13\\\/non-dare-peso-al-peso-by-emanuela-scanu\\\/\"},\"wordCount\":846,\"publisher\":{\"@id\":\"https:\\\/\\\/www.romaoggi.eu\\\/#organization\"},\"image\":{\"@id\":\"https:\\\/\\\/www.romaoggi.eu\\\/index.php\\\/2023\\\/06\\\/13\\\/non-dare-peso-al-peso-by-emanuela-scanu\\\/#primaryimage\"},\"thumbnailUrl\":\"https:\\\/\\\/www.romaoggi.eu\\\/wp-content\\\/uploads\\\/2023\\\/06\\\/giugno-non-dare-peso-al-peso-bilancia.jpg\",\"keywords\":[\"autostima\",\"Benessere\",\"bilancia\",\"Cibo\",\"corpo\",\"emanuela scanu\",\"mangiare\",\"peso\",\"umore\"],\"articleSection\":[\"Mind&amp;Food di Emanuela Scanu\"],\"inLanguage\":\"it-IT\"},{\"@type\":\"WebPage\",\"@id\":\"https:\\\/\\\/www.romaoggi.eu\\\/index.php\\\/2023\\\/06\\\/13\\\/non-dare-peso-al-peso-by-emanuela-scanu\\\/\",\"url\":\"https:\\\/\\\/www.romaoggi.eu\\\/index.php\\\/2023\\\/06\\\/13\\\/non-dare-peso-al-peso-by-emanuela-scanu\\\/\",\"name\":\"Non dare peso al \u201cpeso\u201d- by Emanuela Scanu\",\"isPartOf\":{\"@id\":\"https:\\\/\\\/www.romaoggi.eu\\\/#website\"},\"primaryImageOfPage\":{\"@id\":\"https:\\\/\\\/www.romaoggi.eu\\\/index.php\\\/2023\\\/06\\\/13\\\/non-dare-peso-al-peso-by-emanuela-scanu\\\/#primaryimage\"},\"image\":{\"@id\":\"https:\\\/\\\/www.romaoggi.eu\\\/index.php\\\/2023\\\/06\\\/13\\\/non-dare-peso-al-peso-by-emanuela-scanu\\\/#primaryimage\"},\"thumbnailUrl\":\"https:\\\/\\\/www.romaoggi.eu\\\/wp-content\\\/uploads\\\/2023\\\/06\\\/giugno-non-dare-peso-al-peso-bilancia.jpg\",\"datePublished\":\"2023-06-13T15:10:53+00:00\",\"dateModified\":\"2023-06-13T15:12:43+00:00\",\"description\":\"Non dare peso al \u201cpeso\u201d La bilancia, strumento odiato e temuto, \u00e8 stata creata nell\u2019antichit\u00e0 con lo scopo di evitare inganni nel commercio. Da tempi\",\"breadcrumb\":{\"@id\":\"https:\\\/\\\/www.romaoggi.eu\\\/index.php\\\/2023\\\/06\\\/13\\\/non-dare-peso-al-peso-by-emanuela-scanu\\\/#breadcrumb\"},\"inLanguage\":\"it-IT\",\"potentialAction\":[{\"@type\":\"ReadAction\",\"target\":[\"https:\\\/\\\/www.romaoggi.eu\\\/index.php\\\/2023\\\/06\\\/13\\\/non-dare-peso-al-peso-by-emanuela-scanu\\\/\"]}]},{\"@type\":\"ImageObject\",\"inLanguage\":\"it-IT\",\"@id\":\"https:\\\/\\\/www.romaoggi.eu\\\/index.php\\\/2023\\\/06\\\/13\\\/non-dare-peso-al-peso-by-emanuela-scanu\\\/#primaryimage\",\"url\":\"https:\\\/\\\/www.romaoggi.eu\\\/wp-content\\\/uploads\\\/2023\\\/06\\\/giugno-non-dare-peso-al-peso-bilancia.jpg\",\"contentUrl\":\"https:\\\/\\\/www.romaoggi.eu\\\/wp-content\\\/uploads\\\/2023\\\/06\\\/giugno-non-dare-peso-al-peso-bilancia.jpg\",\"width\":1434,\"height\":1076,\"caption\":\"alt tag peso\"},{\"@type\":\"BreadcrumbList\",\"@id\":\"https:\\\/\\\/www.romaoggi.eu\\\/index.php\\\/2023\\\/06\\\/13\\\/non-dare-peso-al-peso-by-emanuela-scanu\\\/#breadcrumb\",\"itemListElement\":[{\"@type\":\"ListItem\",\"position\":1,\"name\":\"Home\",\"item\":\"https:\\\/\\\/www.romaoggi.eu\\\/\"},{\"@type\":\"ListItem\",\"position\":2,\"name\":\"Non dare peso al \u201cpeso\u201d- by Emanuela Scanu\"}]},{\"@type\":\"WebSite\",\"@id\":\"https:\\\/\\\/www.romaoggi.eu\\\/#website\",\"url\":\"https:\\\/\\\/www.romaoggi.eu\\\/\",\"name\":\"roma oggi\",\"description\":\"Interesting News for Interesting people\",\"publisher\":{\"@id\":\"https:\\\/\\\/www.romaoggi.eu\\\/#organization\"},\"potentialAction\":[{\"@type\":\"SearchAction\",\"target\":{\"@type\":\"EntryPoint\",\"urlTemplate\":\"https:\\\/\\\/www.romaoggi.eu\\\/?s={search_term_string}\"},\"query-input\":{\"@type\":\"PropertyValueSpecification\",\"valueRequired\":true,\"valueName\":\"search_term_string\"}}],\"inLanguage\":\"it-IT\"},{\"@type\":\"Organization\",\"@id\":\"https:\\\/\\\/www.romaoggi.eu\\\/#organization\",\"name\":\"RomaOggi\",\"url\":\"https:\\\/\\\/www.romaoggi.eu\\\/\",\"logo\":{\"@type\":\"ImageObject\",\"inLanguage\":\"it-IT\",\"@id\":\"https:\\\/\\\/www.romaoggi.eu\\\/#\\\/schema\\\/logo\\\/image\\\/\",\"url\":\"https:\\\/\\\/www.romaoggi.eu\\\/wp-content\\\/uploads\\\/2017\\\/04\\\/logowp.jpg\",\"contentUrl\":\"https:\\\/\\\/www.romaoggi.eu\\\/wp-content\\\/uploads\\\/2017\\\/04\\\/logowp.jpg\",\"width\":300,\"height\":133,\"caption\":\"RomaOggi\"},\"image\":{\"@id\":\"https:\\\/\\\/www.romaoggi.eu\\\/#\\\/schema\\\/logo\\\/image\\\/\"},\"sameAs\":[\"https:\\\/\\\/www.facebook.com\\\/RomaOggi-841544845954114\",\"https:\\\/\\\/x.com\\\/romaoggi_eu\"]},{\"@type\":\"Person\",\"@id\":\"https:\\\/\\\/www.romaoggi.eu\\\/#\\\/schema\\\/person\\\/1ec8ab015e67a2efdfc9c021043dc1bb\",\"name\":\"Emanuela Scanu\",\"image\":{\"@type\":\"ImageObject\",\"inLanguage\":\"it-IT\",\"@id\":\"https:\\\/\\\/secure.gravatar.com\\\/avatar\\\/39bacfd625ef91a3711b21879f0e8cb1a68afc8d5bdcf92d10a6da6ee9245f23?s=96&d=mm&r=g\",\"url\":\"https:\\\/\\\/secure.gravatar.com\\\/avatar\\\/39bacfd625ef91a3711b21879f0e8cb1a68afc8d5bdcf92d10a6da6ee9245f23?s=96&d=mm&r=g\",\"contentUrl\":\"https:\\\/\\\/secure.gravatar.com\\\/avatar\\\/39bacfd625ef91a3711b21879f0e8cb1a68afc8d5bdcf92d10a6da6ee9245f23?s=96&d=mm&r=g\",\"caption\":\"Emanuela Scanu\"},\"url\":\"https:\\\/\\\/www.romaoggi.eu\\\/index.php\\\/author\\\/emanuela\\\/\"}]}<\/script>\n<!-- \/ Yoast SEO plugin. -->","yoast_head_json":{"title":"Non dare peso al \u201cpeso\u201d- by Emanuela Scanu","description":"Non dare peso al \u201cpeso\u201d La bilancia, strumento odiato e temuto, \u00e8 stata creata nell\u2019antichit\u00e0 con lo scopo di evitare inganni nel commercio. Da tempi","robots":{"index":"index","follow":"follow","max-snippet":"max-snippet:-1","max-image-preview":"max-image-preview:large","max-video-preview":"max-video-preview:-1"},"canonical":"https:\/\/www.romaoggi.eu\/index.php\/2023\/06\/13\/non-dare-peso-al-peso-by-emanuela-scanu\/","og_locale":"it_IT","og_type":"article","og_title":"Non dare peso al \u201cpeso\u201d- by Emanuela Scanu","og_description":"Non dare peso al \u201cpeso\u201d La bilancia, strumento odiato e temuto, \u00e8 stata creata nell\u2019antichit\u00e0 con lo scopo di evitare inganni nel commercio. Da tempi","og_url":"https:\/\/www.romaoggi.eu\/index.php\/2023\/06\/13\/non-dare-peso-al-peso-by-emanuela-scanu\/","og_site_name":"roma oggi","article_publisher":"https:\/\/www.facebook.com\/RomaOggi-841544845954114","article_published_time":"2023-06-13T15:10:53+00:00","article_modified_time":"2023-06-13T15:12:43+00:00","og_image":[{"width":1434,"height":1076,"url":"https:\/\/www.romaoggi.eu\/wp-content\/uploads\/2023\/06\/giugno-non-dare-peso-al-peso-bilancia.jpg","type":"image\/jpeg"}],"author":"Emanuela Scanu","twitter_card":"summary_large_image","twitter_creator":"@romaoggi_eu","twitter_site":"@romaoggi_eu","twitter_misc":{"Scritto da":"Emanuela Scanu","Tempo di lettura stimato":"5 minuti"},"schema":{"@context":"https:\/\/schema.org","@graph":[{"@type":"Article","@id":"https:\/\/www.romaoggi.eu\/index.php\/2023\/06\/13\/non-dare-peso-al-peso-by-emanuela-scanu\/#article","isPartOf":{"@id":"https:\/\/www.romaoggi.eu\/index.php\/2023\/06\/13\/non-dare-peso-al-peso-by-emanuela-scanu\/"},"author":{"name":"Emanuela Scanu","@id":"https:\/\/www.romaoggi.eu\/#\/schema\/person\/1ec8ab015e67a2efdfc9c021043dc1bb"},"headline":"Non dare peso al \u201cpeso\u201d- by Emanuela Scanu","datePublished":"2023-06-13T15:10:53+00:00","dateModified":"2023-06-13T15:12:43+00:00","mainEntityOfPage":{"@id":"https:\/\/www.romaoggi.eu\/index.php\/2023\/06\/13\/non-dare-peso-al-peso-by-emanuela-scanu\/"},"wordCount":846,"publisher":{"@id":"https:\/\/www.romaoggi.eu\/#organization"},"image":{"@id":"https:\/\/www.romaoggi.eu\/index.php\/2023\/06\/13\/non-dare-peso-al-peso-by-emanuela-scanu\/#primaryimage"},"thumbnailUrl":"https:\/\/www.romaoggi.eu\/wp-content\/uploads\/2023\/06\/giugno-non-dare-peso-al-peso-bilancia.jpg","keywords":["autostima","Benessere","bilancia","Cibo","corpo","emanuela scanu","mangiare","peso","umore"],"articleSection":["Mind&amp;Food di Emanuela Scanu"],"inLanguage":"it-IT"},{"@type":"WebPage","@id":"https:\/\/www.romaoggi.eu\/index.php\/2023\/06\/13\/non-dare-peso-al-peso-by-emanuela-scanu\/","url":"https:\/\/www.romaoggi.eu\/index.php\/2023\/06\/13\/non-dare-peso-al-peso-by-emanuela-scanu\/","name":"Non dare peso al \u201cpeso\u201d- by Emanuela Scanu","isPartOf":{"@id":"https:\/\/www.romaoggi.eu\/#website"},"primaryImageOfPage":{"@id":"https:\/\/www.romaoggi.eu\/index.php\/2023\/06\/13\/non-dare-peso-al-peso-by-emanuela-scanu\/#primaryimage"},"image":{"@id":"https:\/\/www.romaoggi.eu\/index.php\/2023\/06\/13\/non-dare-peso-al-peso-by-emanuela-scanu\/#primaryimage"},"thumbnailUrl":"https:\/\/www.romaoggi.eu\/wp-content\/uploads\/2023\/06\/giugno-non-dare-peso-al-peso-bilancia.jpg","datePublished":"2023-06-13T15:10:53+00:00","dateModified":"2023-06-13T15:12:43+00:00","description":"Non dare peso al \u201cpeso\u201d La bilancia, strumento odiato e temuto, \u00e8 stata creata nell\u2019antichit\u00e0 con lo scopo di evitare inganni nel commercio. Da tempi","breadcrumb":{"@id":"https:\/\/www.romaoggi.eu\/index.php\/2023\/06\/13\/non-dare-peso-al-peso-by-emanuela-scanu\/#breadcrumb"},"inLanguage":"it-IT","potentialAction":[{"@type":"ReadAction","target":["https:\/\/www.romaoggi.eu\/index.php\/2023\/06\/13\/non-dare-peso-al-peso-by-emanuela-scanu\/"]}]},{"@type":"ImageObject","inLanguage":"it-IT","@id":"https:\/\/www.romaoggi.eu\/index.php\/2023\/06\/13\/non-dare-peso-al-peso-by-emanuela-scanu\/#primaryimage","url":"https:\/\/www.romaoggi.eu\/wp-content\/uploads\/2023\/06\/giugno-non-dare-peso-al-peso-bilancia.jpg","contentUrl":"https:\/\/www.romaoggi.eu\/wp-content\/uploads\/2023\/06\/giugno-non-dare-peso-al-peso-bilancia.jpg","width":1434,"height":1076,"caption":"alt tag peso"},{"@type":"BreadcrumbList","@id":"https:\/\/www.romaoggi.eu\/index.php\/2023\/06\/13\/non-dare-peso-al-peso-by-emanuela-scanu\/#breadcrumb","itemListElement":[{"@type":"ListItem","position":1,"name":"Home","item":"https:\/\/www.romaoggi.eu\/"},{"@type":"ListItem","position":2,"name":"Non dare peso al \u201cpeso\u201d- by Emanuela Scanu"}]},{"@type":"WebSite","@id":"https:\/\/www.romaoggi.eu\/#website","url":"https:\/\/www.romaoggi.eu\/","name":"roma oggi","description":"Interesting News for Interesting people","publisher":{"@id":"https:\/\/www.romaoggi.eu\/#organization"},"potentialAction":[{"@type":"SearchAction","target":{"@type":"EntryPoint","urlTemplate":"https:\/\/www.romaoggi.eu\/?s={search_term_string}"},"query-input":{"@type":"PropertyValueSpecification","valueRequired":true,"valueName":"search_term_string"}}],"inLanguage":"it-IT"},{"@type":"Organization","@id":"https:\/\/www.romaoggi.eu\/#organization","name":"RomaOggi","url":"https:\/\/www.romaoggi.eu\/","logo":{"@type":"ImageObject","inLanguage":"it-IT","@id":"https:\/\/www.romaoggi.eu\/#\/schema\/logo\/image\/","url":"https:\/\/www.romaoggi.eu\/wp-content\/uploads\/2017\/04\/logowp.jpg","contentUrl":"https:\/\/www.romaoggi.eu\/wp-content\/uploads\/2017\/04\/logowp.jpg","width":300,"height":133,"caption":"RomaOggi"},"image":{"@id":"https:\/\/www.romaoggi.eu\/#\/schema\/logo\/image\/"},"sameAs":["https:\/\/www.facebook.com\/RomaOggi-841544845954114","https:\/\/x.com\/romaoggi_eu"]},{"@type":"Person","@id":"https:\/\/www.romaoggi.eu\/#\/schema\/person\/1ec8ab015e67a2efdfc9c021043dc1bb","name":"Emanuela Scanu","image":{"@type":"ImageObject","inLanguage":"it-IT","@id":"https:\/\/secure.gravatar.com\/avatar\/39bacfd625ef91a3711b21879f0e8cb1a68afc8d5bdcf92d10a6da6ee9245f23?s=96&d=mm&r=g","url":"https:\/\/secure.gravatar.com\/avatar\/39bacfd625ef91a3711b21879f0e8cb1a68afc8d5bdcf92d10a6da6ee9245f23?s=96&d=mm&r=g","contentUrl":"https:\/\/secure.gravatar.com\/avatar\/39bacfd625ef91a3711b21879f0e8cb1a68afc8d5bdcf92d10a6da6ee9245f23?s=96&d=mm&r=g","caption":"Emanuela Scanu"},"url":"https:\/\/www.romaoggi.eu\/index.php\/author\/emanuela\/"}]}},"_links":{"self":[{"href":"https:\/\/www.romaoggi.eu\/index.php\/wp-json\/wp\/v2\/posts\/35418","targetHints":{"allow":["GET"]}}],"collection":[{"href":"https:\/\/www.romaoggi.eu\/index.php\/wp-json\/wp\/v2\/posts"}],"about":[{"href":"https:\/\/www.romaoggi.eu\/index.php\/wp-json\/wp\/v2\/types\/post"}],"author":[{"embeddable":true,"href":"https:\/\/www.romaoggi.eu\/index.php\/wp-json\/wp\/v2\/users\/15"}],"replies":[{"embeddable":true,"href":"https:\/\/www.romaoggi.eu\/index.php\/wp-json\/wp\/v2\/comments?post=35418"}],"version-history":[{"count":3,"href":"https:\/\/www.romaoggi.eu\/index.php\/wp-json\/wp\/v2\/posts\/35418\/revisions"}],"predecessor-version":[{"id":35423,"href":"https:\/\/www.romaoggi.eu\/index.php\/wp-json\/wp\/v2\/posts\/35418\/revisions\/35423"}],"wp:featuredmedia":[{"embeddable":true,"href":"https:\/\/www.romaoggi.eu\/index.php\/wp-json\/wp\/v2\/media\/35422"}],"wp:attachment":[{"href":"https:\/\/www.romaoggi.eu\/index.php\/wp-json\/wp\/v2\/media?parent=35418"}],"wp:term":[{"taxonomy":"category","embeddable":true,"href":"https:\/\/www.romaoggi.eu\/index.php\/wp-json\/wp\/v2\/categories?post=35418"},{"taxonomy":"post_tag","embeddable":true,"href":"https:\/\/www.romaoggi.eu\/index.php\/wp-json\/wp\/v2\/tags?post=35418"}],"curies":[{"name":"wp","href":"https:\/\/api.w.org\/{rel}","templated":true}]}}