{"id":35458,"date":"2023-06-18T19:31:22","date_gmt":"2023-06-18T17:31:22","guid":{"rendered":"https:\/\/www.romaoggi.eu\/?p=35458"},"modified":"2023-06-18T19:31:22","modified_gmt":"2023-06-18T17:31:22","slug":"reportage-la-famiglia-cubana-di-luisa-martina-hernandez-valdes-printfocus","status":"publish","type":"post","link":"https:\/\/www.romaoggi.eu\/index.php\/2023\/06\/18\/reportage-la-famiglia-cubana-di-luisa-martina-hernandez-valdes-printfocus\/","title":{"rendered":"Reportage: &#8220;La famiglia cubana&#8221;&#8230;di Luisa Martina Hern\u00e1ndez Vald\u00e9s &#8211; PrintFocus"},"content":{"rendered":"<p align=\"JUSTIFY\"><span style=\"color: #18191b\"><span style=\"font-family: Times New Roman, serif\"><span style=\"font-size: medium\">\u00a0 \u00a0La fot\u00f3grafa cubana <b>Luisa Martina Hern\u00e1ndez Vald\u00e9s<\/b> ha creado este reportaje para darnos a conocer los aspectos significativos e interesantes que caracterizan a la familia cubana al describir un t\u00edpico d\u00eda familiar.<\/span><\/span><\/span><\/p>\n<p align=\"JUSTIFY\"><span style=\"color: #18191b\"><span style=\"font-family: Times New Roman, serif\"><span style=\"font-size: medium\">\u00a0 Este reportaje inaugura <b>PrintFocus<\/b> &#8211;<b>Programa Internacional de Fotograf\u00eda y Cultura Sicr\u00e9tica<\/b>-, un proyecto de fotograf\u00eda, informaci\u00f3n, desarrollo e intercambio entre pueblos concebido por Target Lab Ets, en el que Luisa Martina se inscribi\u00f3 junto a otros colegas fot\u00f3grafos cubanos y en el que se est\u00e1n inscribiendo fot\u00f3grafos de otras nacionalidades<\/span><\/span><\/span><\/p>\n<p align=\"JUSTIFY\"><span style=\"color: #18191b\"><span style=\"font-family: Times New Roman, serif\"><span style=\"font-size: medium\"><b>\u00a0 Mediante una donaci\u00f3n puedes recibir una o varias fotograf\u00edas en formato 30x40cm impresas en soporte r\u00edgido. La donaci\u00f3n se destina a financiar y apoyar el proyecto PrintFocus.<\/b><\/span><\/span><\/span><\/p>\n<p align=\"JUSTIFY\"><span style=\"color: #18191b\"><span style=\"font-family: Times New Roman, serif\"><span style=\"font-size: medium\"><b>\u00a0P\u00f3ngase en contacto con la l\u00ednea de informaci\u00f3n de Target Lab Ets whatsapp 00393714413442 para conocer todos los detalles al respecto<\/b><\/span><\/span><\/span><\/p>\n<p align=\"JUSTIFY\"><span style=\"font-family: Times New Roman, serif\"><span style=\"font-size: medium\"><span style=\"color: #000000\"><i>\u00a0La fotografa cubana <\/i><\/span><span style=\"color: #202124\"><i>Luisa Martina Hern\u00e1ndez Vald\u00e9s ha realizzato questo reportage per farci conoscere aspetti significativi e interessanti che caratterizzano la famiglia cubana descrivendo una tipica giornata in famiglia.<\/i><\/span><\/span><\/span><\/p>\n<p align=\"JUSTIFY\"><span style=\"font-family: Times New Roman, serif\"><span style=\"font-size: medium\"><i><span style=\"color: #202124\">\u00a0Con questo reportage si inaugura PrintFocus &#8211; Programma Internazionale di Fotografia e Cultura Sicretica &#8211; <\/span><span style=\"color: #18191b\">un progetto di fotografia, informazione, sviluppo ed interscambio tra i popoli ideato da Target Lab Ets cui Luisa Martina ha aderito insieme ad altri colleghi fotografi cubani e al quale si stanno iscrivendo fotografi di altre nazionalit\u00e0.<\/span><\/i><\/span><\/span><\/p>\n<p align=\"JUSTIFY\"><strong><span style=\"color: #18191b\"><span style=\"font-family: Times New Roman, serif\"><span style=\"font-size: medium\"><i>Attraverso una donazione si pu\u00f2 ricevere una o pi\u00f9 fotografie in formato 30x40cm su supporto rigido. La donazione va finanziare e sostenere il progetto PrintFocus.<\/i><\/span><\/span><\/span><\/strong><\/p>\n<p align=\"JUSTIFY\"><span style=\"font-family: Times New Roman, serif\"><span style=\"font-size: medium\"><i><span style=\"color: #18191b\">Contattare la infoline whats app <\/span><span style=\"color: #18191b\"><b>00393714413442<\/b><\/span><span style=\"color: #18191b\"> di Target Lab Ets per conoscere tutti i dettagli in merito <\/span><\/i><\/span><\/span><\/p>\n<p style=\"text-align: center\" align=\"JUSTIFY\"><span style=\"font-family: Times New Roman, serif\"><span style=\"font-size: medium\"><b>La familia Cubana<\/b><\/span><\/span><\/p>\n<p align=\"JUSTIFY\"><a name=\"tw-target-text\"><\/a> \u201c<span style=\"font-family: Times New Roman, serif\"><span style=\"font-size: medium\"><b>Con este <\/b><span style=\"color: #202124\"><span lang=\"es-ES\"><b>reportaje <\/b><\/span><\/span><b>q<\/b><span style=\"color: #202124\"><span lang=\"es-ES\"><b>uiero <\/b><\/span><\/span><b>presentar una peque\u00f1a muestra de fotograf\u00edas hechas a familias cubanas donde se aprecia como conviven, como interact\u00faan algunos de sus miembros y sirviendo al mismo tiempo, para dar a conocer vivencias comunes a muchas familias cubanas.\u201d<\/b><\/span><\/span><\/p>\n<p align=\"JUSTIFY\"><span style=\"font-family: Times New Roman, serif\"><span style=\"font-size: medium\"><b>La concepci\u00f3n familia est\u00e1 muy bien definida en Cuba de acuerdo con los c\u00e1nones universales, pero tambi\u00e9n tiene identidad propia y adaptable a nuestra idiosincrasia. La forma com\u00fan de que familia es grupo de dos o m\u00e1s personas emparentadas entre s\u00ed hasta el cuarto grado de consanguinidad (padre-hijo-abuelo-nieto) se ampl\u00edan a que, para nosotros amigos allegados tambi\u00e9n los consideramos familia. En la actualidad el t\u00e9rmino familia se ha ido modificando, el concepto no s\u00f3lo se centra en los lazos consangu\u00edneos, ahora nuestra familia puede ser grupo de personas con el que nos sentimos protegido, amados y felices.<\/b><\/span><\/span><\/p>\n<p align=\"JUSTIFY\"><span style=\"color: #202124\">\u201c<span style=\"font-family: Times New Roman, serif\"><span style=\"font-size: medium\"><i>Con questo reportage voglio presentare un piccolo campione di fotografie scattate a famiglie cubane dove si apprezza come vivono insieme, come alcuni dei suoi membri interagiscono e allo stesso tempo, per far conoscere esperienze comuni a molte famiglie cubane.\u201d<\/i><\/span><\/span><\/span><\/p>\n<pre lang=\"it-IT\"><span style=\"color: #202124\"><span style=\"font-family: Times New Roman, serif\"><span style=\"font-size: medium\"><i>Il concetto di famiglia \u00e8 molto ben definito a Cuba secondo i canoni universali, ma ha anche una sua identit\u00e0 e si adatta alle nostre \r\nidiosincrasie. L'idea comune per cui la famiglia \u00e8 un gruppo di due o pi\u00f9 persone imparentate tra loro fino al quarto grado di \r\nconsanguineit\u00e0 (padre-figlio-nonno-nipote) si estende a considerare della famiglia anche ai nostri amici intimi. <\/i><\/span><\/span><\/span>\r\n<span style=\"color: #202124\"><span style=\"font-family: Times New Roman, serif\"><span style=\"font-size: medium\"><span lang=\"it-IT\"><i>Attualmente il termine famiglia sta cambiando, il concetto non \u00e8 focalizzato solo sui legami di sangue, ora la nostra famiglia pu\u00f2 \r\nessere un gruppo di persone con le quali ci sentiamo protetti, amati e felici.\r\n<\/i><\/span><\/span><\/span><\/span><\/pre>\n<figure id=\"attachment_35465\" aria-describedby=\"caption-attachment-35465\" style=\"width: 966px\" class=\"wp-caption alignnone\"><img loading=\"lazy\" decoding=\"async\" class=\" wp-image-35465\" src=\"https:\/\/www.romaoggi.eu\/wp-content\/uploads\/2023\/06\/DESBORDADA-ALEGRi\u0301A-\u00a9-Luisa-Martina-Herna\u0301ndez-Valde\u0301s-Print-Focus-Target-Lab-Ets--300x200.jpg\" alt=\"alt tag Print Focus\" width=\"966\" height=\"644\" srcset=\"https:\/\/www.romaoggi.eu\/wp-content\/uploads\/2023\/06\/DESBORDADA-ALEGRi\u0301A-\u00a9-Luisa-Martina-Herna\u0301ndez-Valde\u0301s-Print-Focus-Target-Lab-Ets--300x200.jpg 300w, https:\/\/www.romaoggi.eu\/wp-content\/uploads\/2023\/06\/DESBORDADA-ALEGRi\u0301A-\u00a9-Luisa-Martina-Herna\u0301ndez-Valde\u0301s-Print-Focus-Target-Lab-Ets-.jpg 1020w\" sizes=\"auto, (max-width: 966px) 100vw, 966px\" \/><figcaption id=\"caption-attachment-35465\" class=\"wp-caption-text\"><strong>Desbordada alegr\u00eda \u00a9 Luisa Martina Hern\u00e1ndez Vald\u00e9s &#8211; Print Focus-Target Lab Ets<\/strong><\/figcaption><\/figure>\n<pre lang=\"it-IT\"><i>\r\n<\/i><span style=\"font-family: Times New Roman, serif\"><span style=\"font-size: medium\"><b>La familia juega un rol fundamental para la protecci\u00f3n, estabilidad y conformaci\u00f3n de valores. Es el motor y freno de acciones diversas, genera orgullo, sentido de pertenencia y fuente de satisfacci\u00f3n, alegr\u00edas y tristezas que forman parte de vivir cotidiano. <\/b><\/span><\/span><\/pre>\n<p align=\"JUSTIFY\"><span style=\"font-family: Times New Roman, serif\"><span style=\"font-size: medium\"><b>A trav\u00e9s de la familia se protege, se brinda seguridad y protecci\u00f3n econ\u00f3mica y afectiva entre todos los que la conforman. Destac\u00e1ndose siempre el respeto, a s\u00ed mismo y hacia los dem\u00e1s. <\/b><\/span><\/span><\/p>\n<p align=\"JUSTIFY\"><span style=\"font-family: Times New Roman, serif\"><span style=\"font-size: medium\"><b>Es com\u00fan que la familia se re\u00fana en torno al miembro de m\u00e1s edad en celebraciones y fiestas, que compartan momentos de trabajo y diversi\u00f3n ya sea en el propio hogar o en lugares de solaz esparcimiento, pero siempre como un grupo allegado y eso es lo que se muestran en las fotos que ilustran este <span style=\"color: #202124\"><span lang=\"es-ES\">reportaje<\/span><\/span>.<\/b><\/span><\/span><\/p>\n<p lang=\"it-IT\" align=\"JUSTIFY\"><span style=\"color: #202124\"><span style=\"font-family: Times New Roman, serif\"><span style=\"font-size: medium\"><i>La famiglia svolge un ruolo fondamentale per la protezione, la stabilit\u00e0 e la conformazione dei valori. \u00c8 il motore e il freno di varie azioni, genera orgoglio, senso di appartenenza e fonte di soddisfazioni, gioie e tristezze che fanno parte della quotidianit\u00e0.<\/i><\/span><\/span><\/span><\/p>\n<pre lang=\"it-IT\"><span style=\"color: #202124\"><span style=\"font-family: Times New Roman, serif\"><span style=\"font-size: medium\"><i>Attraverso la famiglia si assicura protezione, sicurezza economica ed affettiva tra tutti coloro che la compongono. Sottolineando sempre \r\nil rispetto, verso se stesso e verso gli altri.<\/i><\/span><\/span><\/span>\r\n<span style=\"color: #202124\"><span style=\"font-family: Times New Roman, serif\"><span style=\"font-size: medium\"><span lang=\"it-IT\"><i>\u00c8 comune che la famiglia si raccolga attorno al membro pi\u00f9 anziano nelle celebrazioni e nelle feste, per condividere momenti di lavoro \r\ne divertimento sia a casa che nei luoghi di svago, ma sempre come un gruppo affiatato ed \u00e8 quello che mostrano le foto che illustrano \r\nquesto reportage.\r\n<\/i><\/span><\/span><\/span><\/span><\/pre>\n<figure id=\"attachment_35460\" aria-describedby=\"caption-attachment-35460\" style=\"width: 878px\" class=\"wp-caption alignnone\"><img loading=\"lazy\" decoding=\"async\" class=\" wp-image-35460\" src=\"https:\/\/www.romaoggi.eu\/wp-content\/uploads\/2023\/06\/REUNIo\u0301N-FAMILIAR-\u00a9-Luisa-Martina-Herna\u0301ndez-Valde\u0301s-Print-Focus-Target-Lab-Ets--300x200.jpg\" alt=\"alt tag Print Focus\" width=\"878\" height=\"585\" srcset=\"https:\/\/www.romaoggi.eu\/wp-content\/uploads\/2023\/06\/REUNIo\u0301N-FAMILIAR-\u00a9-Luisa-Martina-Herna\u0301ndez-Valde\u0301s-Print-Focus-Target-Lab-Ets--300x200.jpg 300w, https:\/\/www.romaoggi.eu\/wp-content\/uploads\/2023\/06\/REUNIo\u0301N-FAMILIAR-\u00a9-Luisa-Martina-Herna\u0301ndez-Valde\u0301s-Print-Focus-Target-Lab-Ets-.jpg 1020w\" sizes=\"auto, (max-width: 878px) 100vw, 878px\" \/><figcaption id=\"caption-attachment-35460\" class=\"wp-caption-text\"><strong>Reunion familiar \u00a9 Luisa Martina Herna\u0301ndez Valde\u0301s &#8211; Print Focus-Target Lab Ets<\/strong><\/figcaption><\/figure>\n<pre lang=\"it-IT\"><span style=\"color: #202124\"><span style=\"font-family: Times New Roman, serif\"><span style=\"font-size: medium\"><span lang=\"it-IT\"><i>\u00a0<\/i><\/span><\/span><\/span><\/span><\/pre>\n<p align=\"JUSTIFY\"><span style=\"font-family: Times New Roman, serif\"><span style=\"font-size: medium\"><b>Las im\u00e1genes ejemplifican como en la familia cubana, es com\u00fan ver a los j\u00f3venes alrededor de la abuela, nietos recibiendo ense\u00f1anzas de sus mayores, complicidad entre hermanos, amigos, parejas, pero todos haciendo gala de la uni\u00f3n familiar. En familia aprendemos inicialmente a vivir, a hacernos cargo de nosotros mismos, a compartir nuestros dones y talentos con los dem\u00e1s, a colaborar y vivir en armon\u00eda con nuestro pr\u00f3jimo. En las fotos que mostramos en este trabajo vemos a la familia en su conjunto o a miembros aislados de ella, en actividades divertidas, liberando tensiones enfrent\u00e1ndose al quehacer del d\u00eda a d\u00eda seg\u00fan los intereses de sus miembros.<\/b><\/span><\/span><\/p>\n<p align=\"JUSTIFY\"><span style=\"font-family: Times New Roman, serif\"><span style=\"font-size: medium\"><b>Es buenos destacar que tambi\u00e9n existen muchas familias disfuncionales, que no en toda la sociedad existen familias con los valores y principios deseados y es prioridad del gobierno y de las organizaciones sociales de revertir esta situaci\u00f3n para aspirar a que toda la familia cubana se encuentra dentro de la concepci\u00f3n de familia a que aspira nuestra sociedad.<\/b><\/span><\/span><\/p>\n<p align=\"JUSTIFY\"><span style=\"font-family: Times New Roman, serif\"><span style=\"font-size: medium\"><span style=\"color: #202124\"><span lang=\"it-IT\"><i>Le immagini esemplificano come nella famiglia cubana sia comune vedere giovani intorno alla nonna, nipoti che ricevono lezioni dai pi\u00f9 grandi, complicit\u00e0 tra fratelli, amici, coppie, ma tutti ostentano l&#8217;unit\u00e0 familiare. Come famiglia impariamo inizialmente a vivere, a prenderci cura di noi stessi, a condividere i nostri doni e talenti con gli altri, a collaborare e vivere in armonia con il nostro prossimo. Nelle foto che mostriamo in questo lavoro vediamo la famiglia nel suo insieme o membri isolati di essa, in attivit\u00e0 ludiche, sciogliendo le tensioni affrontando le faccende quotidiane secondo gli interessi dei suoi membri.<\/i><\/span><\/span><\/span><\/span><\/p>\n<pre><span style=\"font-family: Times New Roman, serif\"><span style=\"font-size: medium\"><i><span style=\"color: #202124\"><span lang=\"it-IT\">Vale la pena notare che ci sono anche molte famiglie disfunzionali, <\/span><\/span><b>\r\n<\/b><span style=\"color: #202124\">che non in tutta la societ\u00e0 ci sono famiglie con i valori e i principi desiderati ed \u00e8 una priorit\u00e0 del governo e delle organizzazioni sociali \r\ninvertire questa situazione<\/span><span style=\"color: #202124\"><span lang=\"it-IT\"> affinch\u00e8 tutte le famiglie cubane rientrino nella concezione di famiglia a cui aspira la nostra societ\u00e0.<\/span><\/span><\/i><\/span><\/span><\/pre>\n<p align=\"JUSTIFY\"><span style=\"font-family: Times New Roman, serif\"><span style=\"font-size: medium\"><b>\u00a9 Luisa Martina Hern\u00e1ndez Vald\u00e9s<\/b><\/span><\/span><\/p>\n<figure id=\"attachment_35467\" aria-describedby=\"caption-attachment-35467\" style=\"width: 950px\" class=\"wp-caption alignnone\"><img loading=\"lazy\" decoding=\"async\" class=\" wp-image-35467\" src=\"https:\/\/www.romaoggi.eu\/wp-content\/uploads\/2023\/06\/Rica-caldosa-300x200.jpg\" alt=\"alt tag Print Focus\" width=\"950\" height=\"633\" srcset=\"https:\/\/www.romaoggi.eu\/wp-content\/uploads\/2023\/06\/Rica-caldosa-300x200.jpg 300w, https:\/\/www.romaoggi.eu\/wp-content\/uploads\/2023\/06\/Rica-caldosa.jpg 1020w\" sizes=\"auto, (max-width: 950px) 100vw, 950px\" \/><figcaption id=\"caption-attachment-35467\" class=\"wp-caption-text\"><strong>Rica caldosa \u00a9 Luisa Martina Hern\u00e1ndez Vald\u00e9s &#8211; Print Focus-Target Lab Ets<\/strong><\/figcaption><\/figure>\n<p>______________________________________________________________________<\/p>\n<p><span style=\"font-family: Times New Roman, serif\"><span style=\"font-size: medium\"><b>Luisa Martina. Fot\u00f3grafa Cubana. La Habana. Cuba. <\/b><\/span><\/span><span style=\"font-family: Times New Roman, serif\"><span style=\"font-size: medium\"><b>Licenciada en Educaci\u00f3n Superior, especialidad: Espa\u00f1ol y Literatura. <\/b><\/span><\/span><\/p>\n<p><span style=\"font-family: Times New Roman, serif\"><span style=\"font-size: medium\"><b>Fot\u00f3grafa miembro del Fondo Cubano de la Imagen Fotogr\u00e1fica (F.C.I.F)<span lang=\"es-ES\">. <\/span><\/b><\/span><\/span><span style=\"font-family: Times New Roman, serif\"><span style=\"font-size: medium\"><b>Miembro del Fondo Iberoamericano de Fotograf\u00eda. (F.I.F.) <\/b><\/span><\/span><span style=\"font-family: Times New Roman, serif\"><span style=\"font-size: medium\"><b>Miembro de la Secci\u00f3n de Fotonaturaleza de la Sociedad Cubana de Zoolog\u00eda. <\/b><\/span><\/span><span style=\"font-family: Times New Roman, serif\"><span style=\"font-size: medium\"><b>Miembro asociado a la ADAVIS.<\/b><\/span><\/span><\/p>\n<pre lang=\"it-IT\"><a name=\"tw-target-text1\"><\/a><span style=\"color: #202124\"><span style=\"font-family: Times New Roman, serif\"><span style=\"font-size: medium\"><i>Luisa Martina. fotografo cubano. L'Avana. Cuba.<\/i><\/span><\/span><\/span>\r\n<span style=\"color: #202124\"><span style=\"font-family: Times New Roman, serif\"><span style=\"font-size: medium\"><span lang=\"it-IT\"><i>Laurea in Istruzione Superiore, specialit\u00e0: Spagnolo e Letteratura.<\/i><\/span><\/span><\/span><\/span>\r\n<span style=\"color: #202124\"><span style=\"font-family: Times New Roman, serif\"><span style=\"font-size: medium\"><span lang=\"it-IT\"><i>Fotografo membro del Cubano de la Imagen Fotogr\u00e1fica Fund (F.C.I.F).<\/i><\/span><\/span><\/span><\/span>\r\n<span style=\"color: #202124\"><span style=\"font-family: Times New Roman, serif\"><span style=\"font-size: medium\"><span lang=\"it-IT\"><i>Membro dell'Ibero-American Photography Fund. (IFF)<\/i><\/span><\/span><\/span><\/span>\r\n<span style=\"color: #202124\"><span style=\"font-family: Times New Roman, serif\"><span style=\"font-size: medium\"><span lang=\"it-IT\"><i>Membro della Sezione Fotonatura della Societ\u00e0 Cubana di Zoologia<\/i><\/span><\/span><\/span><\/span>\r\n<span style=\"color: #202124\"><span style=\"font-family: Times New Roman, serif\"><span style=\"font-size: medium\"><span lang=\"it-IT\"><i>Sono un membro di ADAVIS.<\/i><\/span><\/span><\/span><\/span>\r\n\r\n<span style=\"color: #202124\"><span style=\"font-family: Times New Roman, serif\"><span style=\"font-size: medium\"><span lang=\"it-IT\"><i><b>Editing e redazione di Alessandro Lisci \u2013 Target Lab Ets \r\n<\/b><\/i><\/span><\/span><\/span><\/span><\/pre>\n<p>&nbsp;<\/p>\n<figure id=\"attachment_35461\" aria-describedby=\"caption-attachment-35461\" style=\"width: 776px\" class=\"wp-caption alignnone\"><img loading=\"lazy\" decoding=\"async\" class=\" wp-image-35461\" src=\"https:\/\/www.romaoggi.eu\/wp-content\/uploads\/2023\/06\/MADRECITA-\u00a9-Luisa-Martina-Herna\u0301ndez-Valde\u0301s-Print-Focus-Target-Lab-Ets--300x200.jpg\" alt=\"alt tag Print Focus\" width=\"776\" height=\"517\" srcset=\"https:\/\/www.romaoggi.eu\/wp-content\/uploads\/2023\/06\/MADRECITA-\u00a9-Luisa-Martina-Herna\u0301ndez-Valde\u0301s-Print-Focus-Target-Lab-Ets--300x200.jpg 300w, https:\/\/www.romaoggi.eu\/wp-content\/uploads\/2023\/06\/MADRECITA-\u00a9-Luisa-Martina-Herna\u0301ndez-Valde\u0301s-Print-Focus-Target-Lab-Ets-.jpg 1020w\" sizes=\"auto, (max-width: 776px) 100vw, 776px\" \/><figcaption id=\"caption-attachment-35461\" class=\"wp-caption-text\"><strong>Madrecita \u00a9 Luisa Martina Herna\u0301ndez Valde\u0301s &#8211; Print Focus-Target Lab Ets<\/strong><\/figcaption><\/figure>\n<p>&nbsp;<\/p>\n<figure id=\"attachment_35463\" aria-describedby=\"caption-attachment-35463\" style=\"width: 746px\" class=\"wp-caption alignnone\"><img loading=\"lazy\" decoding=\"async\" class=\" wp-image-35463\" src=\"https:\/\/www.romaoggi.eu\/wp-content\/uploads\/2023\/06\/ESCUCHANDO-SABIDURi\u0301A-\u00a9-Luisa-Martina-Herna\u0301ndez-Valde\u0301s-Print-Focus-Target-Lab-Ets--300x200.jpg\" alt=\"alt tag Print Focus\" width=\"746\" height=\"497\" srcset=\"https:\/\/www.romaoggi.eu\/wp-content\/uploads\/2023\/06\/ESCUCHANDO-SABIDURi\u0301A-\u00a9-Luisa-Martina-Herna\u0301ndez-Valde\u0301s-Print-Focus-Target-Lab-Ets--300x200.jpg 300w, https:\/\/www.romaoggi.eu\/wp-content\/uploads\/2023\/06\/ESCUCHANDO-SABIDURi\u0301A-\u00a9-Luisa-Martina-Herna\u0301ndez-Valde\u0301s-Print-Focus-Target-Lab-Ets-.jpg 1020w\" sizes=\"auto, (max-width: 746px) 100vw, 746px\" \/><figcaption id=\"caption-attachment-35463\" class=\"wp-caption-text\"><strong>Escuchando Sabiduria \u00a9 Luisa Martina Herna\u0301ndez Valde\u0301s &#8211; Print Focus-Target Lab Ets<\/strong><\/figcaption><\/figure>\n<p>&nbsp;<\/p>\n<figure id=\"attachment_35464\" aria-describedby=\"caption-attachment-35464\" style=\"width: 746px\" class=\"wp-caption alignnone\"><img loading=\"lazy\" decoding=\"async\" class=\" wp-image-35464\" src=\"https:\/\/www.romaoggi.eu\/wp-content\/uploads\/2023\/06\/DOMINo\u0301-EL-JUEGO-DE-LA-FAMILIA-CUBANA-\u00a9-Luisa-Martina-Herna\u0301ndez-Valde\u0301s-Print-Focus-Target-Lab-Ets--300x200.jpg\" alt=\"alt tag Print Focus\" width=\"746\" height=\"497\" srcset=\"https:\/\/www.romaoggi.eu\/wp-content\/uploads\/2023\/06\/DOMINo\u0301-EL-JUEGO-DE-LA-FAMILIA-CUBANA-\u00a9-Luisa-Martina-Herna\u0301ndez-Valde\u0301s-Print-Focus-Target-Lab-Ets--300x200.jpg 300w, https:\/\/www.romaoggi.eu\/wp-content\/uploads\/2023\/06\/DOMINo\u0301-EL-JUEGO-DE-LA-FAMILIA-CUBANA-\u00a9-Luisa-Martina-Herna\u0301ndez-Valde\u0301s-Print-Focus-Target-Lab-Ets-.jpg 1020w\" sizes=\"auto, (max-width: 746px) 100vw, 746px\" \/><figcaption id=\"caption-attachment-35464\" class=\"wp-caption-text\"><strong>Domin\u00f2 el jeugo de la familia cubana \u00a9 Luisa Martina Herna\u0301ndez Valde\u0301s &#8211; Print Focus-Target Lab Ets<\/strong><\/figcaption><\/figure>\n<p>&nbsp;<\/p>\n<figure id=\"attachment_35470\" aria-describedby=\"caption-attachment-35470\" style=\"width: 757px\" class=\"wp-caption alignnone\"><img loading=\"lazy\" decoding=\"async\" class=\" wp-image-35470\" src=\"https:\/\/www.romaoggi.eu\/wp-content\/uploads\/2023\/06\/COMPLICIDAD-DE-HERMANAS-\u00a9-\u00a9-Luisa-Martina-Herna\u0301ndez-Valde\u0301s-Print-Focus-Target-Lab-Ets--200x300.jpg\" alt=\"alt tag Print Focus\" width=\"757\" height=\"1136\" srcset=\"https:\/\/www.romaoggi.eu\/wp-content\/uploads\/2023\/06\/COMPLICIDAD-DE-HERMANAS-\u00a9-\u00a9-Luisa-Martina-Herna\u0301ndez-Valde\u0301s-Print-Focus-Target-Lab-Ets--200x300.jpg 200w, https:\/\/www.romaoggi.eu\/wp-content\/uploads\/2023\/06\/COMPLICIDAD-DE-HERMANAS-\u00a9-\u00a9-Luisa-Martina-Herna\u0301ndez-Valde\u0301s-Print-Focus-Target-Lab-Ets-.jpg 680w\" sizes=\"auto, (max-width: 757px) 100vw, 757px\" \/><figcaption id=\"caption-attachment-35470\" class=\"wp-caption-text\"><strong>Complicidad de hermanas \u00a9 Luisa Martina Herna\u0301ndez Valde\u0301s &#8211; Print Focus-Target Lab Ets<\/strong><\/figcaption><\/figure>\n<p>&nbsp;<\/p>\n<figure id=\"attachment_35478\" aria-describedby=\"caption-attachment-35478\" style=\"width: 762px\" class=\"wp-caption alignnone\"><img loading=\"lazy\" decoding=\"async\" class=\" wp-image-35478\" src=\"https:\/\/www.romaoggi.eu\/wp-content\/uploads\/2023\/06\/Suen\u0303a-mi-felicidad-1-200x300.jpg\" alt=\"alt tag Print Focus\" width=\"762\" height=\"1143\" srcset=\"https:\/\/www.romaoggi.eu\/wp-content\/uploads\/2023\/06\/Suen\u0303a-mi-felicidad-1-200x300.jpg 200w, https:\/\/www.romaoggi.eu\/wp-content\/uploads\/2023\/06\/Suen\u0303a-mi-felicidad-1.jpg 680w\" sizes=\"auto, (max-width: 762px) 100vw, 762px\" \/><figcaption id=\"caption-attachment-35478\" class=\"wp-caption-text\"><strong>Suen\u0303a mi felicidad \u00a9 Luisa Martina Herna\u0301ndez Valde\u0301s &#8211; Print Focus-Target Lab Ets<\/strong><\/figcaption><\/figure>\n<p>&nbsp;<\/p>\n<figure id=\"attachment_35479\" aria-describedby=\"caption-attachment-35479\" style=\"width: 749px\" class=\"wp-caption alignnone\"><img loading=\"lazy\" decoding=\"async\" class=\" wp-image-35479\" src=\"https:\/\/www.romaoggi.eu\/wp-content\/uploads\/2023\/06\/INTENSO-INSTANTE-CON-LA-ABUELA-\u00a9-\u00a9-Luisa-Martina-Herna\u0301ndez-Valde\u0301s-Print-Focus-Target-Lab-Ets-1-1-200x300.jpg\" alt=\"alt tag Print Focus\" width=\"749\" height=\"1124\" srcset=\"https:\/\/www.romaoggi.eu\/wp-content\/uploads\/2023\/06\/INTENSO-INSTANTE-CON-LA-ABUELA-\u00a9-\u00a9-Luisa-Martina-Herna\u0301ndez-Valde\u0301s-Print-Focus-Target-Lab-Ets-1-1-200x300.jpg 200w, https:\/\/www.romaoggi.eu\/wp-content\/uploads\/2023\/06\/INTENSO-INSTANTE-CON-LA-ABUELA-\u00a9-\u00a9-Luisa-Martina-Herna\u0301ndez-Valde\u0301s-Print-Focus-Target-Lab-Ets-1-1.jpg 680w\" sizes=\"auto, (max-width: 749px) 100vw, 749px\" \/><figcaption id=\"caption-attachment-35479\" class=\"wp-caption-text\"><strong>Intenso Instante con la Abuela\u00a9 Luisa Martina Herna\u0301ndez Valde\u0301s &#8211; Print Focus-Target Lab Ets<\/strong><\/figcaption><\/figure>\n<p>&nbsp;<\/p>\n<figure id=\"attachment_35468\" aria-describedby=\"caption-attachment-35468\" style=\"width: 763px\" class=\"wp-caption alignnone\"><img loading=\"lazy\" decoding=\"async\" class=\" wp-image-35468\" src=\"https:\/\/www.romaoggi.eu\/wp-content\/uploads\/2023\/06\/SU-CORAZo\u0301N-ES-MI-CUNA-\u00a9-\u00a9-Luisa-Martina-Herna\u0301ndez-Valde\u0301s-Print-Focus-Target-Lab-Ets--200x300.jpg\" alt=\"alt tag Print Focus\" width=\"763\" height=\"1145\" srcset=\"https:\/\/www.romaoggi.eu\/wp-content\/uploads\/2023\/06\/SU-CORAZo\u0301N-ES-MI-CUNA-\u00a9-\u00a9-Luisa-Martina-Herna\u0301ndez-Valde\u0301s-Print-Focus-Target-Lab-Ets--200x300.jpg 200w, https:\/\/www.romaoggi.eu\/wp-content\/uploads\/2023\/06\/SU-CORAZo\u0301N-ES-MI-CUNA-\u00a9-\u00a9-Luisa-Martina-Herna\u0301ndez-Valde\u0301s-Print-Focus-Target-Lab-Ets-.jpg 680w\" sizes=\"auto, (max-width: 763px) 100vw, 763px\" \/><figcaption id=\"caption-attachment-35468\" class=\"wp-caption-text\"><strong>Su coraz\u00f3n es mi cuna \u00a9 Luisa Martina Hern\u00e1ndez Vald\u00e9s &#8211; Print Focus-Target Lab Ets<\/strong><\/figcaption><\/figure>\n<p>&nbsp;<\/p>\n<figure id=\"attachment_35462\" aria-describedby=\"caption-attachment-35462\" style=\"width: 744px\" class=\"wp-caption alignnone\"><img loading=\"lazy\" decoding=\"async\" class=\" wp-image-35462\" src=\"https:\/\/www.romaoggi.eu\/wp-content\/uploads\/2023\/06\/LAS-JOYAS-DE-LA-ABUELA-\u00a9-Luisa-Martina-Herna\u0301ndez-Valde\u0301s-Print-Focus-Target-Lab-Ets--300x200.jpg\" alt=\"alt tag Print Focus\" width=\"744\" height=\"496\" srcset=\"https:\/\/www.romaoggi.eu\/wp-content\/uploads\/2023\/06\/LAS-JOYAS-DE-LA-ABUELA-\u00a9-Luisa-Martina-Herna\u0301ndez-Valde\u0301s-Print-Focus-Target-Lab-Ets--300x200.jpg 300w, https:\/\/www.romaoggi.eu\/wp-content\/uploads\/2023\/06\/LAS-JOYAS-DE-LA-ABUELA-\u00a9-Luisa-Martina-Herna\u0301ndez-Valde\u0301s-Print-Focus-Target-Lab-Ets-.jpg 1020w\" sizes=\"auto, (max-width: 744px) 100vw, 744px\" \/><figcaption id=\"caption-attachment-35462\" class=\"wp-caption-text\"><strong>Las Joyas de la abuela \u00a9 Luisa Martina Herna\u0301ndez Valde\u0301s &#8211; Print Focus-Target Lab Ets<\/strong><\/figcaption><\/figure>\n<pre lang=\"it-IT\"><span style=\"color: #202124\"><span style=\"font-family: Times New Roman, serif\"><span style=\"font-size: medium\"><span lang=\"it-IT\"><i><b>\u00a0\r\n\r\n<\/b><\/i><\/span><\/span><\/span><\/span><\/pre>\n","protected":false},"excerpt":{"rendered":"<div class=\"mh-excerpt\"><p>\u00a0 \u00a0La fot\u00f3grafa cubana Luisa Martina Hern\u00e1ndez Vald\u00e9s ha creado este reportaje para darnos a conocer los aspectos significativos e interesantes que caracterizan a la familia cubana al describir un t\u00edpico d\u00eda familiar. \u00a0 Este <a class=\"mh-excerpt-more\" href=\"https:\/\/www.romaoggi.eu\/index.php\/2023\/06\/18\/reportage-la-famiglia-cubana-di-luisa-martina-hernandez-valdes-printfocus\/\" title=\"Reportage: &#8220;La famiglia cubana&#8221;&#8230;di Luisa Martina Hern\u00e1ndez Vald\u00e9s &#8211; PrintFocus\">[&#8230;]<\/a><\/p>\n<\/div>","protected":false},"author":17,"featured_media":35466,"comment_status":"closed","ping_status":"open","sticky":false,"template":"","format":"standard","meta":{"_sitemap_exclude":false,"_sitemap_priority":"","_sitemap_frequency":"","footnotes":""},"categories":[8172],"tags":[16923,7592,16919,16920,16921,16918,16897,16917,4481,16922,15567,16204],"class_list":["post-35458","post","type-post","status-publish","format-standard","has-post-thumbnail","hentry","category-reportage","tag-adavis","tag-cuba","tag-f-c-i-f","tag-fondo-cubano-de-la-imagen-fotografica","tag-fondo-iberoamericano-de-fotografia","tag-la-familia-cubana","tag-luisa-martina-hernandez-valdes","tag-print-focus","tag-reportage","tag-seccion-de-fotonaturaleza-de-la-sociedad-cubana-de-zoologia","tag-target-lab-ets","tag-target-lab-laboratorio-sperimentale-di-fotografia-e-comunicazione-rome"],"yoast_head":"<!-- This site is optimized with the Yoast SEO plugin v27.5 - https:\/\/yoast.com\/product\/yoast-seo-wordpress\/ -->\n<title>Reportage: &quot;La famiglia cubana&quot;...di Luisa Martina Hern\u00e1ndez Vald\u00e9s - PrintFocus<\/title>\n<meta name=\"description\" content=\"\u00a0 \u00a0La fot\u00f3grafa cubana Luisa Martina Hern\u00e1ndez Vald\u00e9s ha creado este reportaje para darnos a conocer los aspectos significativos e interesantes que\" \/>\n<meta name=\"robots\" content=\"index, follow, max-snippet:-1, max-image-preview:large, max-video-preview:-1\" \/>\n<link rel=\"canonical\" href=\"https:\/\/www.romaoggi.eu\/index.php\/2023\/06\/18\/reportage-la-famiglia-cubana-di-luisa-martina-hernandez-valdes-printfocus\/\" \/>\n<meta property=\"og:locale\" content=\"it_IT\" \/>\n<meta property=\"og:type\" content=\"article\" \/>\n<meta property=\"og:title\" content=\"Reportage: &quot;La famiglia cubana&quot;...di Luisa Martina Hern\u00e1ndez Vald\u00e9s - PrintFocus\" \/>\n<meta property=\"og:description\" content=\"\u00a0 \u00a0La fot\u00f3grafa cubana Luisa Martina Hern\u00e1ndez Vald\u00e9s ha creado este reportaje para darnos a conocer los aspectos significativos e interesantes que\" \/>\n<meta property=\"og:url\" content=\"https:\/\/www.romaoggi.eu\/index.php\/2023\/06\/18\/reportage-la-famiglia-cubana-di-luisa-martina-hernandez-valdes-printfocus\/\" \/>\n<meta property=\"og:site_name\" content=\"roma oggi\" \/>\n<meta property=\"article:publisher\" content=\"https:\/\/www.facebook.com\/RomaOggi-841544845954114\" \/>\n<meta property=\"article:published_time\" content=\"2023-06-18T17:31:22+00:00\" \/>\n<meta property=\"og:image\" content=\"https:\/\/www.romaoggi.eu\/wp-content\/uploads\/2023\/06\/COOPERACIo\u0301N-FAMILIAR-\u00a9-Luisa-Martina-Herna\u0301ndez-Valde\u0301s-Print-Focus-Target-Lab-Ets-.jpg\" \/>\n\t<meta property=\"og:image:width\" content=\"1020\" \/>\n\t<meta property=\"og:image:height\" content=\"680\" \/>\n\t<meta property=\"og:image:type\" content=\"image\/jpeg\" \/>\n<meta name=\"author\" content=\"Target Lab Ets\" \/>\n<meta name=\"twitter:card\" content=\"summary_large_image\" \/>\n<meta name=\"twitter:creator\" content=\"@romaoggi_eu\" \/>\n<meta name=\"twitter:site\" content=\"@romaoggi_eu\" \/>\n<meta name=\"twitter:label1\" content=\"Scritto da\" \/>\n\t<meta name=\"twitter:data1\" content=\"Target Lab Ets\" \/>\n\t<meta name=\"twitter:label2\" content=\"Tempo di lettura stimato\" \/>\n\t<meta name=\"twitter:data2\" content=\"10 minuti\" \/>\n<script type=\"application\/ld+json\" class=\"yoast-schema-graph\">{\"@context\":\"https:\\\/\\\/schema.org\",\"@graph\":[{\"@type\":\"Article\",\"@id\":\"https:\\\/\\\/www.romaoggi.eu\\\/index.php\\\/2023\\\/06\\\/18\\\/reportage-la-famiglia-cubana-di-luisa-martina-hernandez-valdes-printfocus\\\/#article\",\"isPartOf\":{\"@id\":\"https:\\\/\\\/www.romaoggi.eu\\\/index.php\\\/2023\\\/06\\\/18\\\/reportage-la-famiglia-cubana-di-luisa-martina-hernandez-valdes-printfocus\\\/\"},\"author\":{\"name\":\"Target Lab Ets\",\"@id\":\"https:\\\/\\\/www.romaoggi.eu\\\/#\\\/schema\\\/person\\\/72b8cfc6de60caeb335267c8e21d90fb\"},\"headline\":\"Reportage: &#8220;La famiglia cubana&#8221;&#8230;di Luisa Martina Hern\u00e1ndez Vald\u00e9s &#8211; PrintFocus\",\"datePublished\":\"2023-06-18T17:31:22+00:00\",\"mainEntityOfPage\":{\"@id\":\"https:\\\/\\\/www.romaoggi.eu\\\/index.php\\\/2023\\\/06\\\/18\\\/reportage-la-famiglia-cubana-di-luisa-martina-hernandez-valdes-printfocus\\\/\"},\"wordCount\":1210,\"publisher\":{\"@id\":\"https:\\\/\\\/www.romaoggi.eu\\\/#organization\"},\"image\":{\"@id\":\"https:\\\/\\\/www.romaoggi.eu\\\/index.php\\\/2023\\\/06\\\/18\\\/reportage-la-famiglia-cubana-di-luisa-martina-hernandez-valdes-printfocus\\\/#primaryimage\"},\"thumbnailUrl\":\"https:\\\/\\\/www.romaoggi.eu\\\/wp-content\\\/uploads\\\/2023\\\/06\\\/COOPERACIo\u0301N-FAMILIAR-\u00a9-Luisa-Martina-Herna\u0301ndez-Valde\u0301s-Print-Focus-Target-Lab-Ets-.jpg\",\"keywords\":[\"ADAVIS.\",\"Cuba\",\"F.C.I.F\",\"Fondo Cubano de la Imagen Fotogr\u00e1fica\",\"Fondo Iberoamericano de Fotograf\u00eda\",\"la familia Cubana\",\"Luisa Martina Herna\u0301ndez Valde\u0301s\",\"Print Focus\",\"reportage\",\"Secci\u00f3n de Fotonaturaleza de la Sociedad Cubana de Zoolog\u00eda\",\"target lab ets\",\"Target Lab Laboratorio Sperimentale di Fotografia e Comunicazione. #rome\"],\"articleSection\":[\"Reportage\"],\"inLanguage\":\"it-IT\"},{\"@type\":\"WebPage\",\"@id\":\"https:\\\/\\\/www.romaoggi.eu\\\/index.php\\\/2023\\\/06\\\/18\\\/reportage-la-famiglia-cubana-di-luisa-martina-hernandez-valdes-printfocus\\\/\",\"url\":\"https:\\\/\\\/www.romaoggi.eu\\\/index.php\\\/2023\\\/06\\\/18\\\/reportage-la-famiglia-cubana-di-luisa-martina-hernandez-valdes-printfocus\\\/\",\"name\":\"Reportage: \\\"La famiglia cubana\\\"...di Luisa Martina Hern\u00e1ndez Vald\u00e9s - PrintFocus\",\"isPartOf\":{\"@id\":\"https:\\\/\\\/www.romaoggi.eu\\\/#website\"},\"primaryImageOfPage\":{\"@id\":\"https:\\\/\\\/www.romaoggi.eu\\\/index.php\\\/2023\\\/06\\\/18\\\/reportage-la-famiglia-cubana-di-luisa-martina-hernandez-valdes-printfocus\\\/#primaryimage\"},\"image\":{\"@id\":\"https:\\\/\\\/www.romaoggi.eu\\\/index.php\\\/2023\\\/06\\\/18\\\/reportage-la-famiglia-cubana-di-luisa-martina-hernandez-valdes-printfocus\\\/#primaryimage\"},\"thumbnailUrl\":\"https:\\\/\\\/www.romaoggi.eu\\\/wp-content\\\/uploads\\\/2023\\\/06\\\/COOPERACIo\u0301N-FAMILIAR-\u00a9-Luisa-Martina-Herna\u0301ndez-Valde\u0301s-Print-Focus-Target-Lab-Ets-.jpg\",\"datePublished\":\"2023-06-18T17:31:22+00:00\",\"description\":\"\u00a0 \u00a0La fot\u00f3grafa cubana Luisa Martina Hern\u00e1ndez Vald\u00e9s ha creado este reportaje para darnos a conocer los aspectos significativos e interesantes que\",\"breadcrumb\":{\"@id\":\"https:\\\/\\\/www.romaoggi.eu\\\/index.php\\\/2023\\\/06\\\/18\\\/reportage-la-famiglia-cubana-di-luisa-martina-hernandez-valdes-printfocus\\\/#breadcrumb\"},\"inLanguage\":\"it-IT\",\"potentialAction\":[{\"@type\":\"ReadAction\",\"target\":[\"https:\\\/\\\/www.romaoggi.eu\\\/index.php\\\/2023\\\/06\\\/18\\\/reportage-la-famiglia-cubana-di-luisa-martina-hernandez-valdes-printfocus\\\/\"]}]},{\"@type\":\"ImageObject\",\"inLanguage\":\"it-IT\",\"@id\":\"https:\\\/\\\/www.romaoggi.eu\\\/index.php\\\/2023\\\/06\\\/18\\\/reportage-la-famiglia-cubana-di-luisa-martina-hernandez-valdes-printfocus\\\/#primaryimage\",\"url\":\"https:\\\/\\\/www.romaoggi.eu\\\/wp-content\\\/uploads\\\/2023\\\/06\\\/COOPERACIo\u0301N-FAMILIAR-\u00a9-Luisa-Martina-Herna\u0301ndez-Valde\u0301s-Print-Focus-Target-Lab-Ets-.jpg\",\"contentUrl\":\"https:\\\/\\\/www.romaoggi.eu\\\/wp-content\\\/uploads\\\/2023\\\/06\\\/COOPERACIo\u0301N-FAMILIAR-\u00a9-Luisa-Martina-Herna\u0301ndez-Valde\u0301s-Print-Focus-Target-Lab-Ets-.jpg\",\"width\":1020,\"height\":680,\"caption\":\"Cooperaci\u00f2n familiar \u00a9 Luisa Martina Hern\u00e1ndez Vald\u00e9s - Print Focus-Target Lab Ets\"},{\"@type\":\"BreadcrumbList\",\"@id\":\"https:\\\/\\\/www.romaoggi.eu\\\/index.php\\\/2023\\\/06\\\/18\\\/reportage-la-famiglia-cubana-di-luisa-martina-hernandez-valdes-printfocus\\\/#breadcrumb\",\"itemListElement\":[{\"@type\":\"ListItem\",\"position\":1,\"name\":\"Home\",\"item\":\"https:\\\/\\\/www.romaoggi.eu\\\/\"},{\"@type\":\"ListItem\",\"position\":2,\"name\":\"Reportage: &#8220;La famiglia cubana&#8221;&#8230;di Luisa Martina Hern\u00e1ndez Vald\u00e9s &#8211; PrintFocus\"}]},{\"@type\":\"WebSite\",\"@id\":\"https:\\\/\\\/www.romaoggi.eu\\\/#website\",\"url\":\"https:\\\/\\\/www.romaoggi.eu\\\/\",\"name\":\"roma oggi\",\"description\":\"Interesting News for Interesting people\",\"publisher\":{\"@id\":\"https:\\\/\\\/www.romaoggi.eu\\\/#organization\"},\"potentialAction\":[{\"@type\":\"SearchAction\",\"target\":{\"@type\":\"EntryPoint\",\"urlTemplate\":\"https:\\\/\\\/www.romaoggi.eu\\\/?s={search_term_string}\"},\"query-input\":{\"@type\":\"PropertyValueSpecification\",\"valueRequired\":true,\"valueName\":\"search_term_string\"}}],\"inLanguage\":\"it-IT\"},{\"@type\":\"Organization\",\"@id\":\"https:\\\/\\\/www.romaoggi.eu\\\/#organization\",\"name\":\"RomaOggi\",\"url\":\"https:\\\/\\\/www.romaoggi.eu\\\/\",\"logo\":{\"@type\":\"ImageObject\",\"inLanguage\":\"it-IT\",\"@id\":\"https:\\\/\\\/www.romaoggi.eu\\\/#\\\/schema\\\/logo\\\/image\\\/\",\"url\":\"https:\\\/\\\/www.romaoggi.eu\\\/wp-content\\\/uploads\\\/2017\\\/04\\\/logowp.jpg\",\"contentUrl\":\"https:\\\/\\\/www.romaoggi.eu\\\/wp-content\\\/uploads\\\/2017\\\/04\\\/logowp.jpg\",\"width\":300,\"height\":133,\"caption\":\"RomaOggi\"},\"image\":{\"@id\":\"https:\\\/\\\/www.romaoggi.eu\\\/#\\\/schema\\\/logo\\\/image\\\/\"},\"sameAs\":[\"https:\\\/\\\/www.facebook.com\\\/RomaOggi-841544845954114\",\"https:\\\/\\\/x.com\\\/romaoggi_eu\"]},{\"@type\":\"Person\",\"@id\":\"https:\\\/\\\/www.romaoggi.eu\\\/#\\\/schema\\\/person\\\/72b8cfc6de60caeb335267c8e21d90fb\",\"name\":\"Target Lab Ets\",\"image\":{\"@type\":\"ImageObject\",\"inLanguage\":\"it-IT\",\"@id\":\"https:\\\/\\\/secure.gravatar.com\\\/avatar\\\/ab64fd266889a629b0e9e6ab56209e379c2a89cfda303941ee9621d4090292d1?s=96&d=mm&r=g\",\"url\":\"https:\\\/\\\/secure.gravatar.com\\\/avatar\\\/ab64fd266889a629b0e9e6ab56209e379c2a89cfda303941ee9621d4090292d1?s=96&d=mm&r=g\",\"contentUrl\":\"https:\\\/\\\/secure.gravatar.com\\\/avatar\\\/ab64fd266889a629b0e9e6ab56209e379c2a89cfda303941ee9621d4090292d1?s=96&d=mm&r=g\",\"caption\":\"Target Lab Ets\"},\"sameAs\":[\"http:\\\/\\\/www.targetlab.org\"],\"url\":\"https:\\\/\\\/www.romaoggi.eu\\\/index.php\\\/author\\\/isfc\\\/\"}]}<\/script>\n<!-- \/ Yoast SEO plugin. -->","yoast_head_json":{"title":"Reportage: \"La famiglia cubana\"...di Luisa Martina Hern\u00e1ndez Vald\u00e9s - PrintFocus","description":"\u00a0 \u00a0La fot\u00f3grafa cubana Luisa Martina Hern\u00e1ndez Vald\u00e9s ha creado este reportaje para darnos a conocer los aspectos significativos e interesantes que","robots":{"index":"index","follow":"follow","max-snippet":"max-snippet:-1","max-image-preview":"max-image-preview:large","max-video-preview":"max-video-preview:-1"},"canonical":"https:\/\/www.romaoggi.eu\/index.php\/2023\/06\/18\/reportage-la-famiglia-cubana-di-luisa-martina-hernandez-valdes-printfocus\/","og_locale":"it_IT","og_type":"article","og_title":"Reportage: \"La famiglia cubana\"...di Luisa Martina Hern\u00e1ndez Vald\u00e9s - PrintFocus","og_description":"\u00a0 \u00a0La fot\u00f3grafa cubana Luisa Martina Hern\u00e1ndez Vald\u00e9s ha creado este reportaje para darnos a conocer los aspectos significativos e interesantes que","og_url":"https:\/\/www.romaoggi.eu\/index.php\/2023\/06\/18\/reportage-la-famiglia-cubana-di-luisa-martina-hernandez-valdes-printfocus\/","og_site_name":"roma oggi","article_publisher":"https:\/\/www.facebook.com\/RomaOggi-841544845954114","article_published_time":"2023-06-18T17:31:22+00:00","og_image":[{"width":1020,"height":680,"url":"https:\/\/www.romaoggi.eu\/wp-content\/uploads\/2023\/06\/COOPERACIo\u0301N-FAMILIAR-\u00a9-Luisa-Martina-Herna\u0301ndez-Valde\u0301s-Print-Focus-Target-Lab-Ets-.jpg","type":"image\/jpeg"}],"author":"Target Lab Ets","twitter_card":"summary_large_image","twitter_creator":"@romaoggi_eu","twitter_site":"@romaoggi_eu","twitter_misc":{"Scritto da":"Target Lab Ets","Tempo di lettura stimato":"10 minuti"},"schema":{"@context":"https:\/\/schema.org","@graph":[{"@type":"Article","@id":"https:\/\/www.romaoggi.eu\/index.php\/2023\/06\/18\/reportage-la-famiglia-cubana-di-luisa-martina-hernandez-valdes-printfocus\/#article","isPartOf":{"@id":"https:\/\/www.romaoggi.eu\/index.php\/2023\/06\/18\/reportage-la-famiglia-cubana-di-luisa-martina-hernandez-valdes-printfocus\/"},"author":{"name":"Target Lab Ets","@id":"https:\/\/www.romaoggi.eu\/#\/schema\/person\/72b8cfc6de60caeb335267c8e21d90fb"},"headline":"Reportage: &#8220;La famiglia cubana&#8221;&#8230;di Luisa Martina Hern\u00e1ndez Vald\u00e9s &#8211; PrintFocus","datePublished":"2023-06-18T17:31:22+00:00","mainEntityOfPage":{"@id":"https:\/\/www.romaoggi.eu\/index.php\/2023\/06\/18\/reportage-la-famiglia-cubana-di-luisa-martina-hernandez-valdes-printfocus\/"},"wordCount":1210,"publisher":{"@id":"https:\/\/www.romaoggi.eu\/#organization"},"image":{"@id":"https:\/\/www.romaoggi.eu\/index.php\/2023\/06\/18\/reportage-la-famiglia-cubana-di-luisa-martina-hernandez-valdes-printfocus\/#primaryimage"},"thumbnailUrl":"https:\/\/www.romaoggi.eu\/wp-content\/uploads\/2023\/06\/COOPERACIo\u0301N-FAMILIAR-\u00a9-Luisa-Martina-Herna\u0301ndez-Valde\u0301s-Print-Focus-Target-Lab-Ets-.jpg","keywords":["ADAVIS.","Cuba","F.C.I.F","Fondo Cubano de la Imagen Fotogr\u00e1fica","Fondo Iberoamericano de Fotograf\u00eda","la familia Cubana","Luisa Martina Herna\u0301ndez Valde\u0301s","Print Focus","reportage","Secci\u00f3n de Fotonaturaleza de la Sociedad Cubana de Zoolog\u00eda","target lab ets","Target Lab Laboratorio Sperimentale di Fotografia e Comunicazione. #rome"],"articleSection":["Reportage"],"inLanguage":"it-IT"},{"@type":"WebPage","@id":"https:\/\/www.romaoggi.eu\/index.php\/2023\/06\/18\/reportage-la-famiglia-cubana-di-luisa-martina-hernandez-valdes-printfocus\/","url":"https:\/\/www.romaoggi.eu\/index.php\/2023\/06\/18\/reportage-la-famiglia-cubana-di-luisa-martina-hernandez-valdes-printfocus\/","name":"Reportage: \"La famiglia cubana\"...di Luisa Martina Hern\u00e1ndez Vald\u00e9s - PrintFocus","isPartOf":{"@id":"https:\/\/www.romaoggi.eu\/#website"},"primaryImageOfPage":{"@id":"https:\/\/www.romaoggi.eu\/index.php\/2023\/06\/18\/reportage-la-famiglia-cubana-di-luisa-martina-hernandez-valdes-printfocus\/#primaryimage"},"image":{"@id":"https:\/\/www.romaoggi.eu\/index.php\/2023\/06\/18\/reportage-la-famiglia-cubana-di-luisa-martina-hernandez-valdes-printfocus\/#primaryimage"},"thumbnailUrl":"https:\/\/www.romaoggi.eu\/wp-content\/uploads\/2023\/06\/COOPERACIo\u0301N-FAMILIAR-\u00a9-Luisa-Martina-Herna\u0301ndez-Valde\u0301s-Print-Focus-Target-Lab-Ets-.jpg","datePublished":"2023-06-18T17:31:22+00:00","description":"\u00a0 \u00a0La fot\u00f3grafa cubana Luisa Martina Hern\u00e1ndez Vald\u00e9s ha creado este reportaje para darnos a conocer los aspectos significativos e interesantes que","breadcrumb":{"@id":"https:\/\/www.romaoggi.eu\/index.php\/2023\/06\/18\/reportage-la-famiglia-cubana-di-luisa-martina-hernandez-valdes-printfocus\/#breadcrumb"},"inLanguage":"it-IT","potentialAction":[{"@type":"ReadAction","target":["https:\/\/www.romaoggi.eu\/index.php\/2023\/06\/18\/reportage-la-famiglia-cubana-di-luisa-martina-hernandez-valdes-printfocus\/"]}]},{"@type":"ImageObject","inLanguage":"it-IT","@id":"https:\/\/www.romaoggi.eu\/index.php\/2023\/06\/18\/reportage-la-famiglia-cubana-di-luisa-martina-hernandez-valdes-printfocus\/#primaryimage","url":"https:\/\/www.romaoggi.eu\/wp-content\/uploads\/2023\/06\/COOPERACIo\u0301N-FAMILIAR-\u00a9-Luisa-Martina-Herna\u0301ndez-Valde\u0301s-Print-Focus-Target-Lab-Ets-.jpg","contentUrl":"https:\/\/www.romaoggi.eu\/wp-content\/uploads\/2023\/06\/COOPERACIo\u0301N-FAMILIAR-\u00a9-Luisa-Martina-Herna\u0301ndez-Valde\u0301s-Print-Focus-Target-Lab-Ets-.jpg","width":1020,"height":680,"caption":"Cooperaci\u00f2n familiar \u00a9 Luisa Martina Hern\u00e1ndez Vald\u00e9s - Print Focus-Target Lab Ets"},{"@type":"BreadcrumbList","@id":"https:\/\/www.romaoggi.eu\/index.php\/2023\/06\/18\/reportage-la-famiglia-cubana-di-luisa-martina-hernandez-valdes-printfocus\/#breadcrumb","itemListElement":[{"@type":"ListItem","position":1,"name":"Home","item":"https:\/\/www.romaoggi.eu\/"},{"@type":"ListItem","position":2,"name":"Reportage: &#8220;La famiglia cubana&#8221;&#8230;di Luisa Martina Hern\u00e1ndez Vald\u00e9s &#8211; PrintFocus"}]},{"@type":"WebSite","@id":"https:\/\/www.romaoggi.eu\/#website","url":"https:\/\/www.romaoggi.eu\/","name":"roma oggi","description":"Interesting News for Interesting people","publisher":{"@id":"https:\/\/www.romaoggi.eu\/#organization"},"potentialAction":[{"@type":"SearchAction","target":{"@type":"EntryPoint","urlTemplate":"https:\/\/www.romaoggi.eu\/?s={search_term_string}"},"query-input":{"@type":"PropertyValueSpecification","valueRequired":true,"valueName":"search_term_string"}}],"inLanguage":"it-IT"},{"@type":"Organization","@id":"https:\/\/www.romaoggi.eu\/#organization","name":"RomaOggi","url":"https:\/\/www.romaoggi.eu\/","logo":{"@type":"ImageObject","inLanguage":"it-IT","@id":"https:\/\/www.romaoggi.eu\/#\/schema\/logo\/image\/","url":"https:\/\/www.romaoggi.eu\/wp-content\/uploads\/2017\/04\/logowp.jpg","contentUrl":"https:\/\/www.romaoggi.eu\/wp-content\/uploads\/2017\/04\/logowp.jpg","width":300,"height":133,"caption":"RomaOggi"},"image":{"@id":"https:\/\/www.romaoggi.eu\/#\/schema\/logo\/image\/"},"sameAs":["https:\/\/www.facebook.com\/RomaOggi-841544845954114","https:\/\/x.com\/romaoggi_eu"]},{"@type":"Person","@id":"https:\/\/www.romaoggi.eu\/#\/schema\/person\/72b8cfc6de60caeb335267c8e21d90fb","name":"Target Lab Ets","image":{"@type":"ImageObject","inLanguage":"it-IT","@id":"https:\/\/secure.gravatar.com\/avatar\/ab64fd266889a629b0e9e6ab56209e379c2a89cfda303941ee9621d4090292d1?s=96&d=mm&r=g","url":"https:\/\/secure.gravatar.com\/avatar\/ab64fd266889a629b0e9e6ab56209e379c2a89cfda303941ee9621d4090292d1?s=96&d=mm&r=g","contentUrl":"https:\/\/secure.gravatar.com\/avatar\/ab64fd266889a629b0e9e6ab56209e379c2a89cfda303941ee9621d4090292d1?s=96&d=mm&r=g","caption":"Target Lab Ets"},"sameAs":["http:\/\/www.targetlab.org"],"url":"https:\/\/www.romaoggi.eu\/index.php\/author\/isfc\/"}]}},"_links":{"self":[{"href":"https:\/\/www.romaoggi.eu\/index.php\/wp-json\/wp\/v2\/posts\/35458","targetHints":{"allow":["GET"]}}],"collection":[{"href":"https:\/\/www.romaoggi.eu\/index.php\/wp-json\/wp\/v2\/posts"}],"about":[{"href":"https:\/\/www.romaoggi.eu\/index.php\/wp-json\/wp\/v2\/types\/post"}],"author":[{"embeddable":true,"href":"https:\/\/www.romaoggi.eu\/index.php\/wp-json\/wp\/v2\/users\/17"}],"replies":[{"embeddable":true,"href":"https:\/\/www.romaoggi.eu\/index.php\/wp-json\/wp\/v2\/comments?post=35458"}],"version-history":[{"count":11,"href":"https:\/\/www.romaoggi.eu\/index.php\/wp-json\/wp\/v2\/posts\/35458\/revisions"}],"predecessor-version":[{"id":35483,"href":"https:\/\/www.romaoggi.eu\/index.php\/wp-json\/wp\/v2\/posts\/35458\/revisions\/35483"}],"wp:featuredmedia":[{"embeddable":true,"href":"https:\/\/www.romaoggi.eu\/index.php\/wp-json\/wp\/v2\/media\/35466"}],"wp:attachment":[{"href":"https:\/\/www.romaoggi.eu\/index.php\/wp-json\/wp\/v2\/media?parent=35458"}],"wp:term":[{"taxonomy":"category","embeddable":true,"href":"https:\/\/www.romaoggi.eu\/index.php\/wp-json\/wp\/v2\/categories?post=35458"},{"taxonomy":"post_tag","embeddable":true,"href":"https:\/\/www.romaoggi.eu\/index.php\/wp-json\/wp\/v2\/tags?post=35458"}],"curies":[{"name":"wp","href":"https:\/\/api.w.org\/{rel}","templated":true}]}}