{"id":35723,"date":"2023-09-11T09:48:51","date_gmt":"2023-09-11T07:48:51","guid":{"rendered":"https:\/\/www.romaoggi.eu\/?p=35723"},"modified":"2023-09-13T12:08:49","modified_gmt":"2023-09-13T10:08:49","slug":"12-ottobre-concerto-di-tango-con-ana-karina-rossi-a-cura-di-sylvia-irrazabal","status":"publish","type":"post","link":"https:\/\/www.romaoggi.eu\/index.php\/2023\/09\/11\/12-ottobre-concerto-di-tango-con-ana-karina-rossi-a-cura-di-sylvia-irrazabal\/","title":{"rendered":"12 ottobre-Concerto di Tango con Ana Karina Rossi a cura di Sylvia Irrazabal"},"content":{"rendered":"<p style=\"text-align: justify;\"><span style=\"font-weight: 400;\">Il 12 ottobre\u00a0un grande concerto a Roma alla <a href=\"https:\/\/www.turismoroma.it\/it\/luoghi\/sala-baldini\">Sala Baldini<\/a> in piazza Campitelli ore 20.30, un appuntamento imperdibile per gli amanti del tango, con la voce di <\/span><b>Ana Karina Rossi <\/b><span style=\"font-weight: 400;\">una delle cantanti pi\u00f9 riconosciute a livello internazionale della sua generazione sulla scena del Tango,<\/span> <span style=\"font-weight: 400;\">accompagnata al piano dal maestro <\/span><b>Fabrizio Mocata<\/b><span style=\"font-weight: 400;\"> pianista e compositore\u00a0 tra i pi\u00f9 innovativi e promettenti capace di combinare virtuosismo classico e raffinata influenza del jazz con passione e grandi slanci emotivi. Un evento organizzato in collaborazione con l\u2019Associazione Culturale <a href=\"https:\/\/www.tempietto.it\/\">\u201c<\/a><\/span><i><span style=\"font-weight: 400;\">Concerti nel Tempietto<\/span><\/i><span style=\"font-weight: 400;\">\u201d e con l\u2019Associazione \u201c<\/span><strong><i>TangoEventi\u201d<\/i>.<\/strong><\/p>\n<figure id=\"attachment_35732\" aria-describedby=\"caption-attachment-35732\" style=\"width: 1024px\" class=\"wp-caption aligncenter\"><img loading=\"lazy\" decoding=\"async\" class=\"wp-image-35732 size-large\" src=\"https:\/\/www.romaoggi.eu\/wp-content\/uploads\/2023\/09\/ana_karina_rossi-Copia-1024x683.jpg\" alt=\"\" width=\"1024\" height=\"683\" srcset=\"https:\/\/www.romaoggi.eu\/wp-content\/uploads\/2023\/09\/ana_karina_rossi-Copia-1024x683.jpg 1024w, https:\/\/www.romaoggi.eu\/wp-content\/uploads\/2023\/09\/ana_karina_rossi-Copia-300x200.jpg 300w, https:\/\/www.romaoggi.eu\/wp-content\/uploads\/2023\/09\/ana_karina_rossi-Copia.jpg 1500w\" sizes=\"auto, (max-width: 1024px) 100vw, 1024px\" \/><figcaption id=\"caption-attachment-35732\" class=\"wp-caption-text\">Ana Karina Rossi<\/figcaption><\/figure>\n<p style=\"text-align: justify;\"><span style=\"font-weight: 400;\">Pi\u00f9 di un\u2019ora di musica e ballo dal vivo per una serata intensa e passionale, sulle cui note si esibiranno una coppia di ballerini internazionali, <\/span><b>Vanessa Presutti y Peter Manchia<\/b><span style=\"font-weight: 400;\">. Una serata travolgente ideata e realizzata dalla manager culturale <\/span><a href=\"https:\/\/www.romaoggi.eu\/index.php\/2023\/04\/17\/luci-e-colori-nellarte-oltre-duecento-visitatori-e-ospiti-internazionali\/\"><b>Sylvia Irrazabal<\/b><\/a><span style=\"font-weight: 400;\">, da anni organizzatrice di eventi culturali di successo e di piattaforme d\u2019incontro e dialogo interculturale alla quale abbiamo chiesto:<\/span><\/p>\n<figure id=\"attachment_35724\" aria-describedby=\"caption-attachment-35724\" style=\"width: 798px\" class=\"wp-caption aligncenter\"><img loading=\"lazy\" decoding=\"async\" class=\"wp-image-35724 size-full\" src=\"https:\/\/www.romaoggi.eu\/wp-content\/uploads\/2023\/09\/sylvia-irrazabal-manager-culturale.jpg\" alt=\"alt tag concerto tango\" width=\"798\" height=\"1024\" srcset=\"https:\/\/www.romaoggi.eu\/wp-content\/uploads\/2023\/09\/sylvia-irrazabal-manager-culturale.jpg 798w, https:\/\/www.romaoggi.eu\/wp-content\/uploads\/2023\/09\/sylvia-irrazabal-manager-culturale-234x300.jpg 234w\" sizes=\"auto, (max-width: 798px) 100vw, 798px\" \/><figcaption id=\"caption-attachment-35724\" class=\"wp-caption-text\">Sylvia Irrazabal<\/figcaption><\/figure>\n<p style=\"text-align: justify;\"><b>Dott.ssa Irrazabal,<\/b> <b>come nasce l\u2019idea di questa serata?<\/b><\/p>\n<p style=\"text-align: justify;\"><i><span style=\"font-weight: 400;\">\u201cConosco Ana Karina Rossi da molti anni perch\u00e9 ci accomuna la nostra origine uruguayana e la passione per l\u2019arte e la musica. Come Addetta Culturale dell\u2019Ambasciata dell\u2019Uruguay in Italia ho organizzato a Roma, ormai parecchi anni fa, il suo primo concerto in Europa che ha riscosso un grande successo. Dopo vari anni e molte performance in diverse citt\u00e0 italiane Ana Karina si \u00e8 poi trasferita nel 2012 a Parigi dove ha sviluppato un grande repertorio ricco di splendide interpretazioni di Tango nella capitale francese e in varie altre citt\u00e0 francesi non trascurando concerti in Uruguay e in diversi Paesi d\u2019America Latina cos\u00ec come in varie citt\u00e0 europee. Di recente si \u00e8 esibita in citt\u00e0 del nord e centro Italia tra cui Milano e Firenze ma mancava il ritorno al suo primo amore con il pubblico romano ed io non potevo esimermi dal favorire questa sua passione con un concerto alla Sala Baldini di Piazza Campitelli 7, vicino al magnifico Teatro Marcello\u201d.<\/span><\/i><\/p>\n<p style=\"text-align: justify;\"><b><i>Chi sono Ana Karina Rossi e Fabrizio Mocata?<\/i><\/b><\/p>\n<p style=\"text-align: justify;\"><i><span style=\"font-weight: 400;\">\u201cAna Karina \u00e8 innanzitutto una grande persona e una grande amica. Madre di due magnifiche bambine, Anah\u00ec e Alma. Come artista, rappresenta una delle cantanti pi\u00f9 riconosciute della sua generazione sulla scena del Tango internazionale, con collaborazioni artistiche illustri come quella decennale con Horacio Ferrer, ideatore con Astor Piazzolla della grande opera <\/span><\/i><b><i>Maria de Buenos Aires<\/i><\/b><i><span style=\"font-weight: 400;\">. Insieme a Ferrer ha registrato l\u2019album <\/span><\/i><b><i>Tango y Gotan<\/i><\/b><i><span style=\"font-weight: 400;\"> presentando e cantando in prima assoluta quattro canzoni del prestigioso poeta come <\/span><\/i><b><i>Balada para un loco<\/i><\/b><i><span style=\"font-weight: 400;\"> e <\/span><\/i><b><i>Chiquilin de Bacin<\/i><\/b><i><span style=\"font-weight: 400;\">. Per Ferrer ha interpretato il suo primo ruolo nella sua ultima opera Dandy in anteprima al Teatro dell\u2019Opera di Montevideo. Ferrer diceva di lei: <\/span><\/i><b><i>Ana Karina \u00e8 un cuore che canta!<\/i><\/b><i><span style=\"font-weight: 400;\"> Con il pianista e compositore siciliano Fabrizio Mocata ha sviluppato una grande e fruttuosa collaborazione interpretativa. Mocata \u00e8 un pianista tra i pi\u00f9 innovativi e promettenti sulla scena internazionale del Tango. Il suo solare e pulsante Tango \u00e8 divenuto una presenza ricorrente nei cartelloni dei pi\u00f9 importanti Tango Festivals, da Buenos Aires a Granada e a Medellin.\u00a0<\/span><\/i><\/p>\n<figure id=\"attachment_35733\" aria-describedby=\"caption-attachment-35733\" style=\"width: 1024px\" class=\"wp-caption aligncenter\"><img loading=\"lazy\" decoding=\"async\" class=\"wp-image-35733 size-large\" src=\"https:\/\/www.romaoggi.eu\/wp-content\/uploads\/2023\/09\/PETER-MANCHIA-VANESSA-PRESUTTI-1024x768.jpg\" alt=\"\" width=\"1024\" height=\"768\" srcset=\"https:\/\/www.romaoggi.eu\/wp-content\/uploads\/2023\/09\/PETER-MANCHIA-VANESSA-PRESUTTI-1024x768.jpg 1024w, https:\/\/www.romaoggi.eu\/wp-content\/uploads\/2023\/09\/PETER-MANCHIA-VANESSA-PRESUTTI-300x225.jpg 300w, https:\/\/www.romaoggi.eu\/wp-content\/uploads\/2023\/09\/PETER-MANCHIA-VANESSA-PRESUTTI-1536x1152.jpg 1536w, https:\/\/www.romaoggi.eu\/wp-content\/uploads\/2023\/09\/PETER-MANCHIA-VANESSA-PRESUTTI-2048x1536.jpg 2048w, https:\/\/www.romaoggi.eu\/wp-content\/uploads\/2023\/09\/PETER-MANCHIA-VANESSA-PRESUTTI-326x245.jpg 326w, https:\/\/www.romaoggi.eu\/wp-content\/uploads\/2023\/09\/PETER-MANCHIA-VANESSA-PRESUTTI-80x60.jpg 80w\" sizes=\"auto, (max-width: 1024px) 100vw, 1024px\" \/><figcaption id=\"caption-attachment-35733\" class=\"wp-caption-text\">PETER MANCHIA VANESSA PRESUTTI<\/figcaption><\/figure>\n<p style=\"text-align: justify;\"><b>\u00a0<\/b><\/p>\n<p style=\"text-align: justify;\"><b>\u00a0<\/b><b>Vanessa Presutti e Peter Manchia come entrano in questo progetto?<\/b><\/p>\n<p style=\"text-align: justify;\"><i><span style=\"font-weight: 400;\">\u201cA guidarci alla scoperta del Tango in questa splendida serata del Concerto di Ana Karina saranno due grandi maestri Peter Manchia e Vanessa Presutti, vice campioni europei di Tango Salon 2023 che hanno partecipato al recente Campionato Mondiale di Tango Salon e Tango Escenario 2023 della citt\u00e0 di Buenos Aires. Maestri e docenti di Tango in importanti Scuole della capitale, il loro virtuosismo interpretativo ha affascinato i cultori e non della materia\u201d<\/span><\/i><b><i>.<\/i><\/b><\/p>\n<figure id=\"attachment_35734\" aria-describedby=\"caption-attachment-35734\" style=\"width: 1024px\" class=\"wp-caption aligncenter\"><img loading=\"lazy\" decoding=\"async\" class=\"wp-image-35734 size-large\" src=\"https:\/\/www.romaoggi.eu\/wp-content\/uploads\/2023\/09\/VANESSA-PRESUTTI-E-PETER-MANCHIA-1024x683.jpg\" alt=\"\" width=\"1024\" height=\"683\" srcset=\"https:\/\/www.romaoggi.eu\/wp-content\/uploads\/2023\/09\/VANESSA-PRESUTTI-E-PETER-MANCHIA-1024x683.jpg 1024w, https:\/\/www.romaoggi.eu\/wp-content\/uploads\/2023\/09\/VANESSA-PRESUTTI-E-PETER-MANCHIA-300x200.jpg 300w, https:\/\/www.romaoggi.eu\/wp-content\/uploads\/2023\/09\/VANESSA-PRESUTTI-E-PETER-MANCHIA-1536x1024.jpg 1536w, https:\/\/www.romaoggi.eu\/wp-content\/uploads\/2023\/09\/VANESSA-PRESUTTI-E-PETER-MANCHIA.jpg 2048w\" sizes=\"auto, (max-width: 1024px) 100vw, 1024px\" \/><figcaption id=\"caption-attachment-35734\" class=\"wp-caption-text\">VANESSA PRESUTTI E PETER MANCHIA<\/figcaption><\/figure>\n<p style=\"text-align: justify;\"><b><i>A chi \u00e8 dedicato questo appuntamento con il tango?<\/i><\/b><\/p>\n<p style=\"text-align: justify;\"><b><i>\u201c<\/i><\/b><i><span style=\"font-weight: 400;\">Questo appuntamento \u00e8 dedicato all\u2019amore di Ana Karina e di me stessa per il pubblico romano appassionato del Tango e non solo, e a tutti coloro che vedono nell\u2019espressione artistica di ogni tipo un frammento autentico e universale di dialogo interculturale che avvicina tutti i popoli del nostro pianeta!<\/span><\/i><\/p>\n<p style=\"text-align: justify;\"><b><i>Come partecipare e come procurarsi il posto in questa serata unica nel panorama autunnale romano?<\/i><\/b><\/p>\n<p style=\"text-align: justify;\"><i><span style=\"font-weight: 400;\">\u201cLe prevendite sono gi\u00e0 iniziate! Coloro che sono interessati debbono affrettarsi sul sito: <\/span><\/i><a href=\"https:\/\/www.tempietto.eu\/AnaKarinaRossi.php\"><b><i>https:\/\/www.tempietto.eu\/AnaKarinaRossi.php<\/i><\/b><\/a> <i><span style=\"font-weight: 400;\">Arte e Cultura &#8211; Gli eventi culturali di Sylvia Irrazabal &#8211; Concerto di Tango &#8211; Ana Karina Rossi \u2013 12 Ottobre 2023 \u2013 ore 20:30 &#8211; Biglietteria in loco: Sala Baldini &#8211; Piazza Campitelli 7 \u2013 Roma &#8211;<\/span><\/i><b><i>Prezzo biglietto: 15 euro\u201d.<\/i><\/b><\/p>\n<p style=\"text-align: justify;\"><b><i>Infoline+39 347 8703753<\/i><\/b><\/p>\n<p style=\"text-align: justify;\"><b>Un programma musicale e di danza scelto con cura, che cosa vedremo il 12 ottobre?<\/b><\/p>\n<p style=\"text-align: justify;\"><i><span style=\"font-weight: 400;\">\u201cAna Karina Rossi accompagnata dal pianista Fabrizio Mocata interpreteranno una selezione di brani di maggior successo internazionale di <\/span><\/i><b><i>Astor Piazzolla<\/i><\/b><i><span style=\"font-weight: 400;\">, varie esecuzioni di <\/span><\/i><b><i>Tango Tradizionale e composizioni<\/i><\/b><i><span style=\"font-weight: 400;\"> originali della artista stessa con musica propria di Fabrizio Mocata. Con le interpretazioni di danza dei Maestri ballerini Peter Manchia e Vanessa Presutti, pi\u00f9 di un\u2019ora di passione e poesia!\u201d.<\/span><\/i><\/p>\n<p><img loading=\"lazy\" decoding=\"async\" class=\"aligncenter wp-image-35725 size-full\" src=\"https:\/\/www.romaoggi.eu\/wp-content\/uploads\/2023\/09\/locandina-12-ottobre.jpg\" alt=\"alt tag concerto tango\" width=\"904\" height=\"904\" srcset=\"https:\/\/www.romaoggi.eu\/wp-content\/uploads\/2023\/09\/locandina-12-ottobre.jpg 904w, https:\/\/www.romaoggi.eu\/wp-content\/uploads\/2023\/09\/locandina-12-ottobre-300x300.jpg 300w, https:\/\/www.romaoggi.eu\/wp-content\/uploads\/2023\/09\/locandina-12-ottobre-150x150.jpg 150w\" sizes=\"auto, (max-width: 904px) 100vw, 904px\" \/><\/p>\n<p>&nbsp;<\/p>\n","protected":false},"excerpt":{"rendered":"<div class=\"mh-excerpt\"><p>Il 12 ottobre\u00a0un grande concerto a Roma alla Sala Baldini in piazza Campitelli ore 20.30, un appuntamento imperdibile per gli amanti del tango, con la voce di Ana Karina Rossi una delle cantanti pi\u00f9 riconosciute <a class=\"mh-excerpt-more\" href=\"https:\/\/www.romaoggi.eu\/index.php\/2023\/09\/11\/12-ottobre-concerto-di-tango-con-ana-karina-rossi-a-cura-di-sylvia-irrazabal\/\" title=\"12 ottobre-Concerto di Tango con Ana Karina Rossi a cura di Sylvia Irrazabal\">[&#8230;]<\/a><\/p>\n<\/div>","protected":false},"author":1,"featured_media":35762,"comment_status":"closed","ping_status":"open","sticky":false,"template":"","format":"standard","meta":{"_sitemap_exclude":false,"_sitemap_priority":"","_sitemap_frequency":"","footnotes":""},"categories":[4],"tags":[1940,16985,16984,1281,16983,4978,16986,109,5079,279,287,10716,16987],"class_list":["post-35723","post","type-post","status-publish","format-standard","has-post-thumbnail","hentry","category-spettacolo","tag-ambasciata-uruguay","tag-ana-karina-rossi","tag-ballerino","tag-concerto","tag-concerto-tango","tag-danza","tag-fabrizio-mocata","tag-roma","tag-spettacolo","tag-sylvia-irrazabal","tag-tango","tag-tango-argentino","tag-tango-escenario"],"yoast_head":"<!-- This site is optimized with the Yoast SEO plugin v27.5 - https:\/\/yoast.com\/product\/yoast-seo-wordpress\/ -->\n<title>12 ottobre-Concerto di Tango con Ana Karina Rossi a cura di Sylvia Irrazabal<\/title>\n<meta name=\"description\" content=\"Il 12 ottobre\u00a0un grande concerto a Roma alla Sala Baldini in piazza Campitelli ore 20.30, un appuntamento imperdibile per gli amanti del tango, con la\" \/>\n<meta name=\"robots\" content=\"index, follow, max-snippet:-1, max-image-preview:large, max-video-preview:-1\" \/>\n<link rel=\"canonical\" href=\"https:\/\/www.romaoggi.eu\/index.php\/2023\/09\/11\/12-ottobre-concerto-di-tango-con-ana-karina-rossi-a-cura-di-sylvia-irrazabal\/\" \/>\n<meta property=\"og:locale\" content=\"it_IT\" \/>\n<meta property=\"og:type\" content=\"article\" \/>\n<meta property=\"og:title\" content=\"12 ottobre-Concerto di Tango con Ana Karina Rossi a cura di Sylvia Irrazabal\" \/>\n<meta property=\"og:description\" content=\"Il 12 ottobre\u00a0un grande concerto a Roma alla Sala Baldini in piazza Campitelli ore 20.30, un appuntamento imperdibile per gli amanti del tango, con la\" \/>\n<meta property=\"og:url\" content=\"https:\/\/www.romaoggi.eu\/index.php\/2023\/09\/11\/12-ottobre-concerto-di-tango-con-ana-karina-rossi-a-cura-di-sylvia-irrazabal\/\" \/>\n<meta property=\"og:site_name\" content=\"roma oggi\" \/>\n<meta property=\"article:publisher\" content=\"https:\/\/www.facebook.com\/RomaOggi-841544845954114\" \/>\n<meta property=\"article:published_time\" content=\"2023-09-11T07:48:51+00:00\" \/>\n<meta property=\"article:modified_time\" content=\"2023-09-13T10:08:49+00:00\" \/>\n<meta property=\"og:image\" content=\"https:\/\/www.romaoggi.eu\/wp-content\/uploads\/2023\/09\/PI-CORTOOOO.jpg\" \/>\n\t<meta property=\"og:image:width\" content=\"1091\" \/>\n\t<meta property=\"og:image:height\" content=\"600\" \/>\n\t<meta property=\"og:image:type\" content=\"image\/jpeg\" \/>\n<meta name=\"author\" content=\"admin\" \/>\n<meta name=\"twitter:card\" content=\"summary_large_image\" \/>\n<meta name=\"twitter:creator\" content=\"@romaoggi_eu\" \/>\n<meta name=\"twitter:site\" content=\"@romaoggi_eu\" \/>\n<meta name=\"twitter:label1\" content=\"Scritto da\" \/>\n\t<meta name=\"twitter:data1\" content=\"admin\" \/>\n\t<meta name=\"twitter:label2\" content=\"Tempo di lettura stimato\" \/>\n\t<meta name=\"twitter:data2\" content=\"6 minuti\" \/>\n<script type=\"application\/ld+json\" class=\"yoast-schema-graph\">{\"@context\":\"https:\\\/\\\/schema.org\",\"@graph\":[{\"@type\":\"Article\",\"@id\":\"https:\\\/\\\/www.romaoggi.eu\\\/index.php\\\/2023\\\/09\\\/11\\\/12-ottobre-concerto-di-tango-con-ana-karina-rossi-a-cura-di-sylvia-irrazabal\\\/#article\",\"isPartOf\":{\"@id\":\"https:\\\/\\\/www.romaoggi.eu\\\/index.php\\\/2023\\\/09\\\/11\\\/12-ottobre-concerto-di-tango-con-ana-karina-rossi-a-cura-di-sylvia-irrazabal\\\/\"},\"author\":{\"name\":\"admin\",\"@id\":\"https:\\\/\\\/www.romaoggi.eu\\\/#\\\/schema\\\/person\\\/9b23ceb6a2992a25e98c76a5f1fbb887\"},\"headline\":\"12 ottobre-Concerto di Tango con Ana Karina Rossi a cura di Sylvia Irrazabal\",\"datePublished\":\"2023-09-11T07:48:51+00:00\",\"dateModified\":\"2023-09-13T10:08:49+00:00\",\"mainEntityOfPage\":{\"@id\":\"https:\\\/\\\/www.romaoggi.eu\\\/index.php\\\/2023\\\/09\\\/11\\\/12-ottobre-concerto-di-tango-con-ana-karina-rossi-a-cura-di-sylvia-irrazabal\\\/\"},\"wordCount\":839,\"publisher\":{\"@id\":\"https:\\\/\\\/www.romaoggi.eu\\\/#organization\"},\"image\":{\"@id\":\"https:\\\/\\\/www.romaoggi.eu\\\/index.php\\\/2023\\\/09\\\/11\\\/12-ottobre-concerto-di-tango-con-ana-karina-rossi-a-cura-di-sylvia-irrazabal\\\/#primaryimage\"},\"thumbnailUrl\":\"https:\\\/\\\/www.romaoggi.eu\\\/wp-content\\\/uploads\\\/2023\\\/09\\\/PI-CORTOOOO.jpg\",\"keywords\":[\"Ambasciata Uruguay\",\"ana karina rossi\",\"ballerino\",\"concerto\",\"concerto tango\",\"danza\",\"fabrizio mocata\",\"roma\",\"spettacolo\",\"Sylvia Irraz\u00e0bal\",\"tango\",\"tango argentino\",\"Tango Escenario\"],\"articleSection\":[\"Spettacolo\"],\"inLanguage\":\"it-IT\"},{\"@type\":\"WebPage\",\"@id\":\"https:\\\/\\\/www.romaoggi.eu\\\/index.php\\\/2023\\\/09\\\/11\\\/12-ottobre-concerto-di-tango-con-ana-karina-rossi-a-cura-di-sylvia-irrazabal\\\/\",\"url\":\"https:\\\/\\\/www.romaoggi.eu\\\/index.php\\\/2023\\\/09\\\/11\\\/12-ottobre-concerto-di-tango-con-ana-karina-rossi-a-cura-di-sylvia-irrazabal\\\/\",\"name\":\"12 ottobre-Concerto di Tango con Ana Karina Rossi a cura di Sylvia Irrazabal\",\"isPartOf\":{\"@id\":\"https:\\\/\\\/www.romaoggi.eu\\\/#website\"},\"primaryImageOfPage\":{\"@id\":\"https:\\\/\\\/www.romaoggi.eu\\\/index.php\\\/2023\\\/09\\\/11\\\/12-ottobre-concerto-di-tango-con-ana-karina-rossi-a-cura-di-sylvia-irrazabal\\\/#primaryimage\"},\"image\":{\"@id\":\"https:\\\/\\\/www.romaoggi.eu\\\/index.php\\\/2023\\\/09\\\/11\\\/12-ottobre-concerto-di-tango-con-ana-karina-rossi-a-cura-di-sylvia-irrazabal\\\/#primaryimage\"},\"thumbnailUrl\":\"https:\\\/\\\/www.romaoggi.eu\\\/wp-content\\\/uploads\\\/2023\\\/09\\\/PI-CORTOOOO.jpg\",\"datePublished\":\"2023-09-11T07:48:51+00:00\",\"dateModified\":\"2023-09-13T10:08:49+00:00\",\"description\":\"Il 12 ottobre\u00a0un grande concerto a Roma alla Sala Baldini in piazza Campitelli ore 20.30, un appuntamento imperdibile per gli amanti del tango, con la\",\"breadcrumb\":{\"@id\":\"https:\\\/\\\/www.romaoggi.eu\\\/index.php\\\/2023\\\/09\\\/11\\\/12-ottobre-concerto-di-tango-con-ana-karina-rossi-a-cura-di-sylvia-irrazabal\\\/#breadcrumb\"},\"inLanguage\":\"it-IT\",\"potentialAction\":[{\"@type\":\"ReadAction\",\"target\":[\"https:\\\/\\\/www.romaoggi.eu\\\/index.php\\\/2023\\\/09\\\/11\\\/12-ottobre-concerto-di-tango-con-ana-karina-rossi-a-cura-di-sylvia-irrazabal\\\/\"]}]},{\"@type\":\"ImageObject\",\"inLanguage\":\"it-IT\",\"@id\":\"https:\\\/\\\/www.romaoggi.eu\\\/index.php\\\/2023\\\/09\\\/11\\\/12-ottobre-concerto-di-tango-con-ana-karina-rossi-a-cura-di-sylvia-irrazabal\\\/#primaryimage\",\"url\":\"https:\\\/\\\/www.romaoggi.eu\\\/wp-content\\\/uploads\\\/2023\\\/09\\\/PI-CORTOOOO.jpg\",\"contentUrl\":\"https:\\\/\\\/www.romaoggi.eu\\\/wp-content\\\/uploads\\\/2023\\\/09\\\/PI-CORTOOOO.jpg\",\"width\":1091,\"height\":600},{\"@type\":\"BreadcrumbList\",\"@id\":\"https:\\\/\\\/www.romaoggi.eu\\\/index.php\\\/2023\\\/09\\\/11\\\/12-ottobre-concerto-di-tango-con-ana-karina-rossi-a-cura-di-sylvia-irrazabal\\\/#breadcrumb\",\"itemListElement\":[{\"@type\":\"ListItem\",\"position\":1,\"name\":\"Home\",\"item\":\"https:\\\/\\\/www.romaoggi.eu\\\/\"},{\"@type\":\"ListItem\",\"position\":2,\"name\":\"12 ottobre-Concerto di Tango con Ana Karina Rossi a cura di Sylvia Irrazabal\"}]},{\"@type\":\"WebSite\",\"@id\":\"https:\\\/\\\/www.romaoggi.eu\\\/#website\",\"url\":\"https:\\\/\\\/www.romaoggi.eu\\\/\",\"name\":\"roma oggi\",\"description\":\"Interesting News for Interesting people\",\"publisher\":{\"@id\":\"https:\\\/\\\/www.romaoggi.eu\\\/#organization\"},\"potentialAction\":[{\"@type\":\"SearchAction\",\"target\":{\"@type\":\"EntryPoint\",\"urlTemplate\":\"https:\\\/\\\/www.romaoggi.eu\\\/?s={search_term_string}\"},\"query-input\":{\"@type\":\"PropertyValueSpecification\",\"valueRequired\":true,\"valueName\":\"search_term_string\"}}],\"inLanguage\":\"it-IT\"},{\"@type\":\"Organization\",\"@id\":\"https:\\\/\\\/www.romaoggi.eu\\\/#organization\",\"name\":\"RomaOggi\",\"url\":\"https:\\\/\\\/www.romaoggi.eu\\\/\",\"logo\":{\"@type\":\"ImageObject\",\"inLanguage\":\"it-IT\",\"@id\":\"https:\\\/\\\/www.romaoggi.eu\\\/#\\\/schema\\\/logo\\\/image\\\/\",\"url\":\"https:\\\/\\\/www.romaoggi.eu\\\/wp-content\\\/uploads\\\/2017\\\/04\\\/logowp.jpg\",\"contentUrl\":\"https:\\\/\\\/www.romaoggi.eu\\\/wp-content\\\/uploads\\\/2017\\\/04\\\/logowp.jpg\",\"width\":300,\"height\":133,\"caption\":\"RomaOggi\"},\"image\":{\"@id\":\"https:\\\/\\\/www.romaoggi.eu\\\/#\\\/schema\\\/logo\\\/image\\\/\"},\"sameAs\":[\"https:\\\/\\\/www.facebook.com\\\/RomaOggi-841544845954114\",\"https:\\\/\\\/x.com\\\/romaoggi_eu\"]},{\"@type\":\"Person\",\"@id\":\"https:\\\/\\\/www.romaoggi.eu\\\/#\\\/schema\\\/person\\\/9b23ceb6a2992a25e98c76a5f1fbb887\",\"name\":\"admin\",\"image\":{\"@type\":\"ImageObject\",\"inLanguage\":\"it-IT\",\"@id\":\"https:\\\/\\\/secure.gravatar.com\\\/avatar\\\/51b1e0a1f4159e3b5d89435fce5e1a348d6c59e2ff8c2d428dae75560aace504?s=96&d=mm&r=g\",\"url\":\"https:\\\/\\\/secure.gravatar.com\\\/avatar\\\/51b1e0a1f4159e3b5d89435fce5e1a348d6c59e2ff8c2d428dae75560aace504?s=96&d=mm&r=g\",\"contentUrl\":\"https:\\\/\\\/secure.gravatar.com\\\/avatar\\\/51b1e0a1f4159e3b5d89435fce5e1a348d6c59e2ff8c2d428dae75560aace504?s=96&d=mm&r=g\",\"caption\":\"admin\"},\"url\":\"https:\\\/\\\/www.romaoggi.eu\\\/index.php\\\/author\\\/admin\\\/\"}]}<\/script>\n<!-- \/ Yoast SEO plugin. -->","yoast_head_json":{"title":"12 ottobre-Concerto di Tango con Ana Karina Rossi a cura di Sylvia Irrazabal","description":"Il 12 ottobre\u00a0un grande concerto a Roma alla Sala Baldini in piazza Campitelli ore 20.30, un appuntamento imperdibile per gli amanti del tango, con la","robots":{"index":"index","follow":"follow","max-snippet":"max-snippet:-1","max-image-preview":"max-image-preview:large","max-video-preview":"max-video-preview:-1"},"canonical":"https:\/\/www.romaoggi.eu\/index.php\/2023\/09\/11\/12-ottobre-concerto-di-tango-con-ana-karina-rossi-a-cura-di-sylvia-irrazabal\/","og_locale":"it_IT","og_type":"article","og_title":"12 ottobre-Concerto di Tango con Ana Karina Rossi a cura di Sylvia Irrazabal","og_description":"Il 12 ottobre\u00a0un grande concerto a Roma alla Sala Baldini in piazza Campitelli ore 20.30, un appuntamento imperdibile per gli amanti del tango, con la","og_url":"https:\/\/www.romaoggi.eu\/index.php\/2023\/09\/11\/12-ottobre-concerto-di-tango-con-ana-karina-rossi-a-cura-di-sylvia-irrazabal\/","og_site_name":"roma oggi","article_publisher":"https:\/\/www.facebook.com\/RomaOggi-841544845954114","article_published_time":"2023-09-11T07:48:51+00:00","article_modified_time":"2023-09-13T10:08:49+00:00","og_image":[{"width":1091,"height":600,"url":"https:\/\/www.romaoggi.eu\/wp-content\/uploads\/2023\/09\/PI-CORTOOOO.jpg","type":"image\/jpeg"}],"author":"admin","twitter_card":"summary_large_image","twitter_creator":"@romaoggi_eu","twitter_site":"@romaoggi_eu","twitter_misc":{"Scritto da":"admin","Tempo di lettura stimato":"6 minuti"},"schema":{"@context":"https:\/\/schema.org","@graph":[{"@type":"Article","@id":"https:\/\/www.romaoggi.eu\/index.php\/2023\/09\/11\/12-ottobre-concerto-di-tango-con-ana-karina-rossi-a-cura-di-sylvia-irrazabal\/#article","isPartOf":{"@id":"https:\/\/www.romaoggi.eu\/index.php\/2023\/09\/11\/12-ottobre-concerto-di-tango-con-ana-karina-rossi-a-cura-di-sylvia-irrazabal\/"},"author":{"name":"admin","@id":"https:\/\/www.romaoggi.eu\/#\/schema\/person\/9b23ceb6a2992a25e98c76a5f1fbb887"},"headline":"12 ottobre-Concerto di Tango con Ana Karina Rossi a cura di Sylvia Irrazabal","datePublished":"2023-09-11T07:48:51+00:00","dateModified":"2023-09-13T10:08:49+00:00","mainEntityOfPage":{"@id":"https:\/\/www.romaoggi.eu\/index.php\/2023\/09\/11\/12-ottobre-concerto-di-tango-con-ana-karina-rossi-a-cura-di-sylvia-irrazabal\/"},"wordCount":839,"publisher":{"@id":"https:\/\/www.romaoggi.eu\/#organization"},"image":{"@id":"https:\/\/www.romaoggi.eu\/index.php\/2023\/09\/11\/12-ottobre-concerto-di-tango-con-ana-karina-rossi-a-cura-di-sylvia-irrazabal\/#primaryimage"},"thumbnailUrl":"https:\/\/www.romaoggi.eu\/wp-content\/uploads\/2023\/09\/PI-CORTOOOO.jpg","keywords":["Ambasciata Uruguay","ana karina rossi","ballerino","concerto","concerto tango","danza","fabrizio mocata","roma","spettacolo","Sylvia Irraz\u00e0bal","tango","tango argentino","Tango Escenario"],"articleSection":["Spettacolo"],"inLanguage":"it-IT"},{"@type":"WebPage","@id":"https:\/\/www.romaoggi.eu\/index.php\/2023\/09\/11\/12-ottobre-concerto-di-tango-con-ana-karina-rossi-a-cura-di-sylvia-irrazabal\/","url":"https:\/\/www.romaoggi.eu\/index.php\/2023\/09\/11\/12-ottobre-concerto-di-tango-con-ana-karina-rossi-a-cura-di-sylvia-irrazabal\/","name":"12 ottobre-Concerto di Tango con Ana Karina Rossi a cura di Sylvia Irrazabal","isPartOf":{"@id":"https:\/\/www.romaoggi.eu\/#website"},"primaryImageOfPage":{"@id":"https:\/\/www.romaoggi.eu\/index.php\/2023\/09\/11\/12-ottobre-concerto-di-tango-con-ana-karina-rossi-a-cura-di-sylvia-irrazabal\/#primaryimage"},"image":{"@id":"https:\/\/www.romaoggi.eu\/index.php\/2023\/09\/11\/12-ottobre-concerto-di-tango-con-ana-karina-rossi-a-cura-di-sylvia-irrazabal\/#primaryimage"},"thumbnailUrl":"https:\/\/www.romaoggi.eu\/wp-content\/uploads\/2023\/09\/PI-CORTOOOO.jpg","datePublished":"2023-09-11T07:48:51+00:00","dateModified":"2023-09-13T10:08:49+00:00","description":"Il 12 ottobre\u00a0un grande concerto a Roma alla Sala Baldini in piazza Campitelli ore 20.30, un appuntamento imperdibile per gli amanti del tango, con la","breadcrumb":{"@id":"https:\/\/www.romaoggi.eu\/index.php\/2023\/09\/11\/12-ottobre-concerto-di-tango-con-ana-karina-rossi-a-cura-di-sylvia-irrazabal\/#breadcrumb"},"inLanguage":"it-IT","potentialAction":[{"@type":"ReadAction","target":["https:\/\/www.romaoggi.eu\/index.php\/2023\/09\/11\/12-ottobre-concerto-di-tango-con-ana-karina-rossi-a-cura-di-sylvia-irrazabal\/"]}]},{"@type":"ImageObject","inLanguage":"it-IT","@id":"https:\/\/www.romaoggi.eu\/index.php\/2023\/09\/11\/12-ottobre-concerto-di-tango-con-ana-karina-rossi-a-cura-di-sylvia-irrazabal\/#primaryimage","url":"https:\/\/www.romaoggi.eu\/wp-content\/uploads\/2023\/09\/PI-CORTOOOO.jpg","contentUrl":"https:\/\/www.romaoggi.eu\/wp-content\/uploads\/2023\/09\/PI-CORTOOOO.jpg","width":1091,"height":600},{"@type":"BreadcrumbList","@id":"https:\/\/www.romaoggi.eu\/index.php\/2023\/09\/11\/12-ottobre-concerto-di-tango-con-ana-karina-rossi-a-cura-di-sylvia-irrazabal\/#breadcrumb","itemListElement":[{"@type":"ListItem","position":1,"name":"Home","item":"https:\/\/www.romaoggi.eu\/"},{"@type":"ListItem","position":2,"name":"12 ottobre-Concerto di Tango con Ana Karina Rossi a cura di Sylvia Irrazabal"}]},{"@type":"WebSite","@id":"https:\/\/www.romaoggi.eu\/#website","url":"https:\/\/www.romaoggi.eu\/","name":"roma oggi","description":"Interesting News for Interesting people","publisher":{"@id":"https:\/\/www.romaoggi.eu\/#organization"},"potentialAction":[{"@type":"SearchAction","target":{"@type":"EntryPoint","urlTemplate":"https:\/\/www.romaoggi.eu\/?s={search_term_string}"},"query-input":{"@type":"PropertyValueSpecification","valueRequired":true,"valueName":"search_term_string"}}],"inLanguage":"it-IT"},{"@type":"Organization","@id":"https:\/\/www.romaoggi.eu\/#organization","name":"RomaOggi","url":"https:\/\/www.romaoggi.eu\/","logo":{"@type":"ImageObject","inLanguage":"it-IT","@id":"https:\/\/www.romaoggi.eu\/#\/schema\/logo\/image\/","url":"https:\/\/www.romaoggi.eu\/wp-content\/uploads\/2017\/04\/logowp.jpg","contentUrl":"https:\/\/www.romaoggi.eu\/wp-content\/uploads\/2017\/04\/logowp.jpg","width":300,"height":133,"caption":"RomaOggi"},"image":{"@id":"https:\/\/www.romaoggi.eu\/#\/schema\/logo\/image\/"},"sameAs":["https:\/\/www.facebook.com\/RomaOggi-841544845954114","https:\/\/x.com\/romaoggi_eu"]},{"@type":"Person","@id":"https:\/\/www.romaoggi.eu\/#\/schema\/person\/9b23ceb6a2992a25e98c76a5f1fbb887","name":"admin","image":{"@type":"ImageObject","inLanguage":"it-IT","@id":"https:\/\/secure.gravatar.com\/avatar\/51b1e0a1f4159e3b5d89435fce5e1a348d6c59e2ff8c2d428dae75560aace504?s=96&d=mm&r=g","url":"https:\/\/secure.gravatar.com\/avatar\/51b1e0a1f4159e3b5d89435fce5e1a348d6c59e2ff8c2d428dae75560aace504?s=96&d=mm&r=g","contentUrl":"https:\/\/secure.gravatar.com\/avatar\/51b1e0a1f4159e3b5d89435fce5e1a348d6c59e2ff8c2d428dae75560aace504?s=96&d=mm&r=g","caption":"admin"},"url":"https:\/\/www.romaoggi.eu\/index.php\/author\/admin\/"}]}},"_links":{"self":[{"href":"https:\/\/www.romaoggi.eu\/index.php\/wp-json\/wp\/v2\/posts\/35723","targetHints":{"allow":["GET"]}}],"collection":[{"href":"https:\/\/www.romaoggi.eu\/index.php\/wp-json\/wp\/v2\/posts"}],"about":[{"href":"https:\/\/www.romaoggi.eu\/index.php\/wp-json\/wp\/v2\/types\/post"}],"author":[{"embeddable":true,"href":"https:\/\/www.romaoggi.eu\/index.php\/wp-json\/wp\/v2\/users\/1"}],"replies":[{"embeddable":true,"href":"https:\/\/www.romaoggi.eu\/index.php\/wp-json\/wp\/v2\/comments?post=35723"}],"version-history":[{"count":8,"href":"https:\/\/www.romaoggi.eu\/index.php\/wp-json\/wp\/v2\/posts\/35723\/revisions"}],"predecessor-version":[{"id":35763,"href":"https:\/\/www.romaoggi.eu\/index.php\/wp-json\/wp\/v2\/posts\/35723\/revisions\/35763"}],"wp:featuredmedia":[{"embeddable":true,"href":"https:\/\/www.romaoggi.eu\/index.php\/wp-json\/wp\/v2\/media\/35762"}],"wp:attachment":[{"href":"https:\/\/www.romaoggi.eu\/index.php\/wp-json\/wp\/v2\/media?parent=35723"}],"wp:term":[{"taxonomy":"category","embeddable":true,"href":"https:\/\/www.romaoggi.eu\/index.php\/wp-json\/wp\/v2\/categories?post=35723"},{"taxonomy":"post_tag","embeddable":true,"href":"https:\/\/www.romaoggi.eu\/index.php\/wp-json\/wp\/v2\/tags?post=35723"}],"curies":[{"name":"wp","href":"https:\/\/api.w.org\/{rel}","templated":true}]}}