{"id":35764,"date":"2023-09-14T17:23:24","date_gmt":"2023-09-14T15:23:24","guid":{"rendered":"https:\/\/www.romaoggi.eu\/?p=35764"},"modified":"2023-09-14T17:23:24","modified_gmt":"2023-09-14T15:23:24","slug":"artisti-di-strada-di-seby-mangiameli-approda-nella-capitale-21-settembre","status":"publish","type":"post","link":"https:\/\/www.romaoggi.eu\/index.php\/2023\/09\/14\/artisti-di-strada-di-seby-mangiameli-approda-nella-capitale-21-settembre\/","title":{"rendered":"&#8220;Artisti di strada&#8221;, di Seby Mangiameli, approda nella capitale-21 settembre"},"content":{"rendered":"<p><b>&#8220;Artisti di strada&#8221;, di Seby Mangiameli, approda nella capitale.<\/b><\/p>\n<p style=\"text-align: justify;\"><b>Il poliedrico artista siciliano sar\u00e0 in scena al <a href=\"https:\/\/www.facebook.com\/p\/ArMaTeatro-100064798668508\/\">teatro AR.MA<\/a> di Roma con uno special guest, Giovanni Imparato alle percussioni e voce. Dopo quasi un anno sar\u00e0 un\u2019occasione per proporre il nuovo album in una serata che promette grandi emozioni.\u00a0<\/b><\/p>\n<p style=\"text-align: justify;\"><span style=\"font-weight: 400;\">Seby Mangiameli, dopo un anno, torna a Roma per proseguire il suo tour in giro per l\u2019Italia e presentare il nuovo album \u201cArtisti di strada\u201d al Teatro AR.MA sito in Via Ruggero di Lauria, 22.<\/span><\/p>\n<p style=\"text-align: justify;\"><span style=\"font-weight: 400;\">&#8220;Artisti di strada&#8221; contiene brani che sono pura poesia, scaturiti proprio dal fatto che sono componimenti adattati alla musica o di atmosfere etniche, come si percepisce chiaramente in &#8220;Plenilunio del sud&#8221;.<\/span><\/p>\n<p style=\"text-align: justify;\"><span style=\"font-weight: 400;\">Durante la serata, Seby verr\u00e0 affiancato da una prestigiosa presenza, quella di Giovanni Imparato, percussionista e voce dell&#8217; Orchestra Italiana di Renzo Arbore, che ha collaborato con artisti internazionali tra cui il notissimo Paco de Lucia.<\/span><\/p>\n<p style=\"text-align: justify;\"><span style=\"font-weight: 400;\">Un progetto ambizioso, quello di Seby, che si avvale della preziosa collaborazione di vari musicisti: Salvo Amore alle chitarre, anche arrangiatore delle canzoni, Giusy Sipala al violino, considerata una virtuosa dello strumento in tutta la Sicilia, Marco Monaco, gi\u00e0 batterista dell&#8217;orchestra di &#8220;Domenica In&#8221;, e fratello di Piergiorgio, &#8211; scomparso quattro anni fa &#8211; fondatore dei Tedranura assieme a Seby Mangiameli, e ancora Cristiano Nuovo al basso e contrabasso, il fisarmonicista Giuseppe Roccella, una delle fisarmoniche pi\u00f9 malinconiche e tecniche della Sicilia, Ale Conti, ukulele e voce, e Stefania Cinfrocca, voce.<\/span><\/p>\n<p><img loading=\"lazy\" decoding=\"async\" class=\"aligncenter wp-image-35766 size-large\" src=\"https:\/\/www.romaoggi.eu\/wp-content\/uploads\/2023\/09\/373062339_2922155254631883_5213850001798951860_n-724x1024.jpg\" alt=\"alt tag seby mangiameli\" width=\"724\" height=\"1024\" srcset=\"https:\/\/www.romaoggi.eu\/wp-content\/uploads\/2023\/09\/373062339_2922155254631883_5213850001798951860_n-724x1024.jpg 724w, https:\/\/www.romaoggi.eu\/wp-content\/uploads\/2023\/09\/373062339_2922155254631883_5213850001798951860_n-212x300.jpg 212w, https:\/\/www.romaoggi.eu\/wp-content\/uploads\/2023\/09\/373062339_2922155254631883_5213850001798951860_n-1086x1536.jpg 1086w, https:\/\/www.romaoggi.eu\/wp-content\/uploads\/2023\/09\/373062339_2922155254631883_5213850001798951860_n.jpg 1131w\" sizes=\"auto, (max-width: 724px) 100vw, 724px\" \/><\/p>\n<p style=\"text-align: justify;\"><span style=\"font-weight: 400;\">Il CD si pu\u00f2 acquistare anche sulle maggiori piattaforme online.<\/span><\/p>\n<p style=\"text-align: justify;\"><span style=\"font-weight: 400;\">Il tour \u00e8 partito dalla Sicilia, esattamente da Giampilieri e Carlentini, e toccher\u00e0 varie citt\u00e0 italiane, tra cui Roma appunto, Empoli, Poggio Nativo, Catania, Messina, Lentini, Perugia&#8230; di cui daremo aggiornamenti di volta in volta.<\/span><\/p>\n<p style=\"text-align: justify;\"><span style=\"font-weight: 400;\">a Roma alle ore 21.00 presso il <strong>Teatro AR.MA<\/strong><\/span><\/p>\n<p style=\"text-align: justify;\"><span style=\"font-weight: 400;\">Via Ruggero di Lauria, 22<\/span><\/p>\n<p style=\"text-align: justify;\"><span style=\"font-weight: 400;\">Apericena e concerto Euro 20<\/span><\/p>\n<p style=\"text-align: justify;\"><span style=\"font-weight: 400;\">Per info e prenotazioni: 0651964061\u00a0<\/span><\/p>\n","protected":false},"excerpt":{"rendered":"<div class=\"mh-excerpt\"><p>&#8220;Artisti di strada&#8221;, di Seby Mangiameli, approda nella capitale. Il poliedrico artista siciliano sar\u00e0 in scena al teatro AR.MA di Roma con uno special guest, Giovanni Imparato alle percussioni e voce. Dopo quasi un anno <a class=\"mh-excerpt-more\" href=\"https:\/\/www.romaoggi.eu\/index.php\/2023\/09\/14\/artisti-di-strada-di-seby-mangiameli-approda-nella-capitale-21-settembre\/\" title=\"&#8220;Artisti di strada&#8221;, di Seby Mangiameli, approda nella capitale-21 settembre\">[&#8230;]<\/a><\/p>\n<\/div>","protected":false},"author":3,"featured_media":35765,"comment_status":"closed","ping_status":"open","sticky":false,"template":"","format":"standard","meta":{"_sitemap_exclude":false,"_sitemap_priority":"","_sitemap_frequency":"","footnotes":""},"categories":[4281],"tags":[16996,5632,13252,16995,85],"class_list":["post-35764","post","type-post","status-publish","format-standard","has-post-thumbnail","hentry","category-teatro","tag-giovanni-imparato","tag-percussioni","tag-seby-mangiameli","tag-seby-mangianelli","tag-teatro"],"yoast_head":"<!-- This site is optimized with the Yoast SEO plugin v27.5 - https:\/\/yoast.com\/product\/yoast-seo-wordpress\/ -->\n<title>&quot;Artisti di strada&quot;, di Seby Mangiameli, approda nella capitale-21 settembre<\/title>\n<meta name=\"description\" content=\"&quot;Artisti di strada&quot;, di Seby Mangiameli, approda nella capitale. Il poliedrico artista siciliano sar\u00e0 in scena al teatro AR.MA di Roma con uno special\" \/>\n<meta name=\"robots\" content=\"index, follow, max-snippet:-1, max-image-preview:large, max-video-preview:-1\" \/>\n<link rel=\"canonical\" href=\"https:\/\/www.romaoggi.eu\/index.php\/2023\/09\/14\/artisti-di-strada-di-seby-mangiameli-approda-nella-capitale-21-settembre\/\" \/>\n<meta property=\"og:locale\" content=\"it_IT\" \/>\n<meta property=\"og:type\" content=\"article\" \/>\n<meta property=\"og:title\" content=\"&quot;Artisti di strada&quot;, di Seby Mangiameli, approda nella capitale-21 settembre\" \/>\n<meta property=\"og:description\" content=\"&quot;Artisti di strada&quot;, di Seby Mangiameli, approda nella capitale. Il poliedrico artista siciliano sar\u00e0 in scena al teatro AR.MA di Roma con uno special\" \/>\n<meta property=\"og:url\" content=\"https:\/\/www.romaoggi.eu\/index.php\/2023\/09\/14\/artisti-di-strada-di-seby-mangiameli-approda-nella-capitale-21-settembre\/\" \/>\n<meta property=\"og:site_name\" content=\"roma oggi\" \/>\n<meta property=\"article:publisher\" content=\"https:\/\/www.facebook.com\/RomaOggi-841544845954114\" \/>\n<meta property=\"article:published_time\" content=\"2023-09-14T15:23:24+00:00\" \/>\n<meta property=\"og:image\" content=\"https:\/\/www.romaoggi.eu\/wp-content\/uploads\/2023\/09\/376395607_1024011501964370_1011728211886884249_n.jpg\" \/>\n\t<meta property=\"og:image:width\" content=\"1024\" \/>\n\t<meta property=\"og:image:height\" content=\"682\" \/>\n\t<meta property=\"og:image:type\" content=\"image\/jpeg\" \/>\n<meta name=\"author\" content=\"Antonietta Di Vizia\" \/>\n<meta name=\"twitter:card\" content=\"summary_large_image\" \/>\n<meta name=\"twitter:creator\" content=\"@romaoggi_eu\" \/>\n<meta name=\"twitter:site\" content=\"@romaoggi_eu\" \/>\n<meta name=\"twitter:label1\" content=\"Scritto da\" \/>\n\t<meta name=\"twitter:data1\" content=\"Antonietta Di Vizia\" \/>\n\t<meta name=\"twitter:label2\" content=\"Tempo di lettura stimato\" \/>\n\t<meta name=\"twitter:data2\" content=\"2 minuti\" \/>\n<script type=\"application\/ld+json\" class=\"yoast-schema-graph\">{\"@context\":\"https:\\\/\\\/schema.org\",\"@graph\":[{\"@type\":\"Article\",\"@id\":\"https:\\\/\\\/www.romaoggi.eu\\\/index.php\\\/2023\\\/09\\\/14\\\/artisti-di-strada-di-seby-mangiameli-approda-nella-capitale-21-settembre\\\/#article\",\"isPartOf\":{\"@id\":\"https:\\\/\\\/www.romaoggi.eu\\\/index.php\\\/2023\\\/09\\\/14\\\/artisti-di-strada-di-seby-mangiameli-approda-nella-capitale-21-settembre\\\/\"},\"author\":{\"name\":\"Antonietta Di Vizia\",\"@id\":\"https:\\\/\\\/www.romaoggi.eu\\\/#\\\/schema\\\/person\\\/c8ca1fb64b5506391fff5f822a866c23\"},\"headline\":\"&#8220;Artisti di strada&#8221;, di Seby Mangiameli, approda nella capitale-21 settembre\",\"datePublished\":\"2023-09-14T15:23:24+00:00\",\"mainEntityOfPage\":{\"@id\":\"https:\\\/\\\/www.romaoggi.eu\\\/index.php\\\/2023\\\/09\\\/14\\\/artisti-di-strada-di-seby-mangiameli-approda-nella-capitale-21-settembre\\\/\"},\"wordCount\":321,\"publisher\":{\"@id\":\"https:\\\/\\\/www.romaoggi.eu\\\/#organization\"},\"image\":{\"@id\":\"https:\\\/\\\/www.romaoggi.eu\\\/index.php\\\/2023\\\/09\\\/14\\\/artisti-di-strada-di-seby-mangiameli-approda-nella-capitale-21-settembre\\\/#primaryimage\"},\"thumbnailUrl\":\"https:\\\/\\\/www.romaoggi.eu\\\/wp-content\\\/uploads\\\/2023\\\/09\\\/376395607_1024011501964370_1011728211886884249_n.jpg\",\"keywords\":[\"giovanni imparato\",\"Percussioni\",\"Seby Mangiameli\",\"seby mangianelli\",\"teatro\"],\"articleSection\":[\"teatro\"],\"inLanguage\":\"it-IT\"},{\"@type\":\"WebPage\",\"@id\":\"https:\\\/\\\/www.romaoggi.eu\\\/index.php\\\/2023\\\/09\\\/14\\\/artisti-di-strada-di-seby-mangiameli-approda-nella-capitale-21-settembre\\\/\",\"url\":\"https:\\\/\\\/www.romaoggi.eu\\\/index.php\\\/2023\\\/09\\\/14\\\/artisti-di-strada-di-seby-mangiameli-approda-nella-capitale-21-settembre\\\/\",\"name\":\"\\\"Artisti di strada\\\", di Seby Mangiameli, approda nella capitale-21 settembre\",\"isPartOf\":{\"@id\":\"https:\\\/\\\/www.romaoggi.eu\\\/#website\"},\"primaryImageOfPage\":{\"@id\":\"https:\\\/\\\/www.romaoggi.eu\\\/index.php\\\/2023\\\/09\\\/14\\\/artisti-di-strada-di-seby-mangiameli-approda-nella-capitale-21-settembre\\\/#primaryimage\"},\"image\":{\"@id\":\"https:\\\/\\\/www.romaoggi.eu\\\/index.php\\\/2023\\\/09\\\/14\\\/artisti-di-strada-di-seby-mangiameli-approda-nella-capitale-21-settembre\\\/#primaryimage\"},\"thumbnailUrl\":\"https:\\\/\\\/www.romaoggi.eu\\\/wp-content\\\/uploads\\\/2023\\\/09\\\/376395607_1024011501964370_1011728211886884249_n.jpg\",\"datePublished\":\"2023-09-14T15:23:24+00:00\",\"description\":\"\\\"Artisti di strada\\\", di Seby Mangiameli, approda nella capitale. Il poliedrico artista siciliano sar\u00e0 in scena al teatro AR.MA di Roma con uno special\",\"breadcrumb\":{\"@id\":\"https:\\\/\\\/www.romaoggi.eu\\\/index.php\\\/2023\\\/09\\\/14\\\/artisti-di-strada-di-seby-mangiameli-approda-nella-capitale-21-settembre\\\/#breadcrumb\"},\"inLanguage\":\"it-IT\",\"potentialAction\":[{\"@type\":\"ReadAction\",\"target\":[\"https:\\\/\\\/www.romaoggi.eu\\\/index.php\\\/2023\\\/09\\\/14\\\/artisti-di-strada-di-seby-mangiameli-approda-nella-capitale-21-settembre\\\/\"]}]},{\"@type\":\"ImageObject\",\"inLanguage\":\"it-IT\",\"@id\":\"https:\\\/\\\/www.romaoggi.eu\\\/index.php\\\/2023\\\/09\\\/14\\\/artisti-di-strada-di-seby-mangiameli-approda-nella-capitale-21-settembre\\\/#primaryimage\",\"url\":\"https:\\\/\\\/www.romaoggi.eu\\\/wp-content\\\/uploads\\\/2023\\\/09\\\/376395607_1024011501964370_1011728211886884249_n.jpg\",\"contentUrl\":\"https:\\\/\\\/www.romaoggi.eu\\\/wp-content\\\/uploads\\\/2023\\\/09\\\/376395607_1024011501964370_1011728211886884249_n.jpg\",\"width\":1024,\"height\":682,\"caption\":\"alt tag seby mangiameli\"},{\"@type\":\"BreadcrumbList\",\"@id\":\"https:\\\/\\\/www.romaoggi.eu\\\/index.php\\\/2023\\\/09\\\/14\\\/artisti-di-strada-di-seby-mangiameli-approda-nella-capitale-21-settembre\\\/#breadcrumb\",\"itemListElement\":[{\"@type\":\"ListItem\",\"position\":1,\"name\":\"Home\",\"item\":\"https:\\\/\\\/www.romaoggi.eu\\\/\"},{\"@type\":\"ListItem\",\"position\":2,\"name\":\"&#8220;Artisti di strada&#8221;, di Seby Mangiameli, approda nella capitale-21 settembre\"}]},{\"@type\":\"WebSite\",\"@id\":\"https:\\\/\\\/www.romaoggi.eu\\\/#website\",\"url\":\"https:\\\/\\\/www.romaoggi.eu\\\/\",\"name\":\"roma oggi\",\"description\":\"Interesting News for Interesting people\",\"publisher\":{\"@id\":\"https:\\\/\\\/www.romaoggi.eu\\\/#organization\"},\"potentialAction\":[{\"@type\":\"SearchAction\",\"target\":{\"@type\":\"EntryPoint\",\"urlTemplate\":\"https:\\\/\\\/www.romaoggi.eu\\\/?s={search_term_string}\"},\"query-input\":{\"@type\":\"PropertyValueSpecification\",\"valueRequired\":true,\"valueName\":\"search_term_string\"}}],\"inLanguage\":\"it-IT\"},{\"@type\":\"Organization\",\"@id\":\"https:\\\/\\\/www.romaoggi.eu\\\/#organization\",\"name\":\"RomaOggi\",\"url\":\"https:\\\/\\\/www.romaoggi.eu\\\/\",\"logo\":{\"@type\":\"ImageObject\",\"inLanguage\":\"it-IT\",\"@id\":\"https:\\\/\\\/www.romaoggi.eu\\\/#\\\/schema\\\/logo\\\/image\\\/\",\"url\":\"https:\\\/\\\/www.romaoggi.eu\\\/wp-content\\\/uploads\\\/2017\\\/04\\\/logowp.jpg\",\"contentUrl\":\"https:\\\/\\\/www.romaoggi.eu\\\/wp-content\\\/uploads\\\/2017\\\/04\\\/logowp.jpg\",\"width\":300,\"height\":133,\"caption\":\"RomaOggi\"},\"image\":{\"@id\":\"https:\\\/\\\/www.romaoggi.eu\\\/#\\\/schema\\\/logo\\\/image\\\/\"},\"sameAs\":[\"https:\\\/\\\/www.facebook.com\\\/RomaOggi-841544845954114\",\"https:\\\/\\\/x.com\\\/romaoggi_eu\"]},{\"@type\":\"Person\",\"@id\":\"https:\\\/\\\/www.romaoggi.eu\\\/#\\\/schema\\\/person\\\/c8ca1fb64b5506391fff5f822a866c23\",\"name\":\"Antonietta Di Vizia\",\"image\":{\"@type\":\"ImageObject\",\"inLanguage\":\"it-IT\",\"@id\":\"https:\\\/\\\/secure.gravatar.com\\\/avatar\\\/2ad571aa3fbfe3089b06ed5617adf58717b9359c0c97cf9b52804fb2dac293f2?s=96&d=mm&r=g\",\"url\":\"https:\\\/\\\/secure.gravatar.com\\\/avatar\\\/2ad571aa3fbfe3089b06ed5617adf58717b9359c0c97cf9b52804fb2dac293f2?s=96&d=mm&r=g\",\"contentUrl\":\"https:\\\/\\\/secure.gravatar.com\\\/avatar\\\/2ad571aa3fbfe3089b06ed5617adf58717b9359c0c97cf9b52804fb2dac293f2?s=96&d=mm&r=g\",\"caption\":\"Antonietta Di Vizia\"},\"url\":\"https:\\\/\\\/www.romaoggi.eu\\\/index.php\\\/author\\\/antonietta\\\/\"}]}<\/script>\n<!-- \/ Yoast SEO plugin. -->","yoast_head_json":{"title":"\"Artisti di strada\", di Seby Mangiameli, approda nella capitale-21 settembre","description":"\"Artisti di strada\", di Seby Mangiameli, approda nella capitale. Il poliedrico artista siciliano sar\u00e0 in scena al teatro AR.MA di Roma con uno special","robots":{"index":"index","follow":"follow","max-snippet":"max-snippet:-1","max-image-preview":"max-image-preview:large","max-video-preview":"max-video-preview:-1"},"canonical":"https:\/\/www.romaoggi.eu\/index.php\/2023\/09\/14\/artisti-di-strada-di-seby-mangiameli-approda-nella-capitale-21-settembre\/","og_locale":"it_IT","og_type":"article","og_title":"\"Artisti di strada\", di Seby Mangiameli, approda nella capitale-21 settembre","og_description":"\"Artisti di strada\", di Seby Mangiameli, approda nella capitale. Il poliedrico artista siciliano sar\u00e0 in scena al teatro AR.MA di Roma con uno special","og_url":"https:\/\/www.romaoggi.eu\/index.php\/2023\/09\/14\/artisti-di-strada-di-seby-mangiameli-approda-nella-capitale-21-settembre\/","og_site_name":"roma oggi","article_publisher":"https:\/\/www.facebook.com\/RomaOggi-841544845954114","article_published_time":"2023-09-14T15:23:24+00:00","og_image":[{"width":1024,"height":682,"url":"https:\/\/www.romaoggi.eu\/wp-content\/uploads\/2023\/09\/376395607_1024011501964370_1011728211886884249_n.jpg","type":"image\/jpeg"}],"author":"Antonietta Di Vizia","twitter_card":"summary_large_image","twitter_creator":"@romaoggi_eu","twitter_site":"@romaoggi_eu","twitter_misc":{"Scritto da":"Antonietta Di Vizia","Tempo di lettura stimato":"2 minuti"},"schema":{"@context":"https:\/\/schema.org","@graph":[{"@type":"Article","@id":"https:\/\/www.romaoggi.eu\/index.php\/2023\/09\/14\/artisti-di-strada-di-seby-mangiameli-approda-nella-capitale-21-settembre\/#article","isPartOf":{"@id":"https:\/\/www.romaoggi.eu\/index.php\/2023\/09\/14\/artisti-di-strada-di-seby-mangiameli-approda-nella-capitale-21-settembre\/"},"author":{"name":"Antonietta Di Vizia","@id":"https:\/\/www.romaoggi.eu\/#\/schema\/person\/c8ca1fb64b5506391fff5f822a866c23"},"headline":"&#8220;Artisti di strada&#8221;, di Seby Mangiameli, approda nella capitale-21 settembre","datePublished":"2023-09-14T15:23:24+00:00","mainEntityOfPage":{"@id":"https:\/\/www.romaoggi.eu\/index.php\/2023\/09\/14\/artisti-di-strada-di-seby-mangiameli-approda-nella-capitale-21-settembre\/"},"wordCount":321,"publisher":{"@id":"https:\/\/www.romaoggi.eu\/#organization"},"image":{"@id":"https:\/\/www.romaoggi.eu\/index.php\/2023\/09\/14\/artisti-di-strada-di-seby-mangiameli-approda-nella-capitale-21-settembre\/#primaryimage"},"thumbnailUrl":"https:\/\/www.romaoggi.eu\/wp-content\/uploads\/2023\/09\/376395607_1024011501964370_1011728211886884249_n.jpg","keywords":["giovanni imparato","Percussioni","Seby Mangiameli","seby mangianelli","teatro"],"articleSection":["teatro"],"inLanguage":"it-IT"},{"@type":"WebPage","@id":"https:\/\/www.romaoggi.eu\/index.php\/2023\/09\/14\/artisti-di-strada-di-seby-mangiameli-approda-nella-capitale-21-settembre\/","url":"https:\/\/www.romaoggi.eu\/index.php\/2023\/09\/14\/artisti-di-strada-di-seby-mangiameli-approda-nella-capitale-21-settembre\/","name":"\"Artisti di strada\", di Seby Mangiameli, approda nella capitale-21 settembre","isPartOf":{"@id":"https:\/\/www.romaoggi.eu\/#website"},"primaryImageOfPage":{"@id":"https:\/\/www.romaoggi.eu\/index.php\/2023\/09\/14\/artisti-di-strada-di-seby-mangiameli-approda-nella-capitale-21-settembre\/#primaryimage"},"image":{"@id":"https:\/\/www.romaoggi.eu\/index.php\/2023\/09\/14\/artisti-di-strada-di-seby-mangiameli-approda-nella-capitale-21-settembre\/#primaryimage"},"thumbnailUrl":"https:\/\/www.romaoggi.eu\/wp-content\/uploads\/2023\/09\/376395607_1024011501964370_1011728211886884249_n.jpg","datePublished":"2023-09-14T15:23:24+00:00","description":"\"Artisti di strada\", di Seby Mangiameli, approda nella capitale. Il poliedrico artista siciliano sar\u00e0 in scena al teatro AR.MA di Roma con uno special","breadcrumb":{"@id":"https:\/\/www.romaoggi.eu\/index.php\/2023\/09\/14\/artisti-di-strada-di-seby-mangiameli-approda-nella-capitale-21-settembre\/#breadcrumb"},"inLanguage":"it-IT","potentialAction":[{"@type":"ReadAction","target":["https:\/\/www.romaoggi.eu\/index.php\/2023\/09\/14\/artisti-di-strada-di-seby-mangiameli-approda-nella-capitale-21-settembre\/"]}]},{"@type":"ImageObject","inLanguage":"it-IT","@id":"https:\/\/www.romaoggi.eu\/index.php\/2023\/09\/14\/artisti-di-strada-di-seby-mangiameli-approda-nella-capitale-21-settembre\/#primaryimage","url":"https:\/\/www.romaoggi.eu\/wp-content\/uploads\/2023\/09\/376395607_1024011501964370_1011728211886884249_n.jpg","contentUrl":"https:\/\/www.romaoggi.eu\/wp-content\/uploads\/2023\/09\/376395607_1024011501964370_1011728211886884249_n.jpg","width":1024,"height":682,"caption":"alt tag seby mangiameli"},{"@type":"BreadcrumbList","@id":"https:\/\/www.romaoggi.eu\/index.php\/2023\/09\/14\/artisti-di-strada-di-seby-mangiameli-approda-nella-capitale-21-settembre\/#breadcrumb","itemListElement":[{"@type":"ListItem","position":1,"name":"Home","item":"https:\/\/www.romaoggi.eu\/"},{"@type":"ListItem","position":2,"name":"&#8220;Artisti di strada&#8221;, di Seby Mangiameli, approda nella capitale-21 settembre"}]},{"@type":"WebSite","@id":"https:\/\/www.romaoggi.eu\/#website","url":"https:\/\/www.romaoggi.eu\/","name":"roma oggi","description":"Interesting News for Interesting people","publisher":{"@id":"https:\/\/www.romaoggi.eu\/#organization"},"potentialAction":[{"@type":"SearchAction","target":{"@type":"EntryPoint","urlTemplate":"https:\/\/www.romaoggi.eu\/?s={search_term_string}"},"query-input":{"@type":"PropertyValueSpecification","valueRequired":true,"valueName":"search_term_string"}}],"inLanguage":"it-IT"},{"@type":"Organization","@id":"https:\/\/www.romaoggi.eu\/#organization","name":"RomaOggi","url":"https:\/\/www.romaoggi.eu\/","logo":{"@type":"ImageObject","inLanguage":"it-IT","@id":"https:\/\/www.romaoggi.eu\/#\/schema\/logo\/image\/","url":"https:\/\/www.romaoggi.eu\/wp-content\/uploads\/2017\/04\/logowp.jpg","contentUrl":"https:\/\/www.romaoggi.eu\/wp-content\/uploads\/2017\/04\/logowp.jpg","width":300,"height":133,"caption":"RomaOggi"},"image":{"@id":"https:\/\/www.romaoggi.eu\/#\/schema\/logo\/image\/"},"sameAs":["https:\/\/www.facebook.com\/RomaOggi-841544845954114","https:\/\/x.com\/romaoggi_eu"]},{"@type":"Person","@id":"https:\/\/www.romaoggi.eu\/#\/schema\/person\/c8ca1fb64b5506391fff5f822a866c23","name":"Antonietta Di Vizia","image":{"@type":"ImageObject","inLanguage":"it-IT","@id":"https:\/\/secure.gravatar.com\/avatar\/2ad571aa3fbfe3089b06ed5617adf58717b9359c0c97cf9b52804fb2dac293f2?s=96&d=mm&r=g","url":"https:\/\/secure.gravatar.com\/avatar\/2ad571aa3fbfe3089b06ed5617adf58717b9359c0c97cf9b52804fb2dac293f2?s=96&d=mm&r=g","contentUrl":"https:\/\/secure.gravatar.com\/avatar\/2ad571aa3fbfe3089b06ed5617adf58717b9359c0c97cf9b52804fb2dac293f2?s=96&d=mm&r=g","caption":"Antonietta Di Vizia"},"url":"https:\/\/www.romaoggi.eu\/index.php\/author\/antonietta\/"}]}},"_links":{"self":[{"href":"https:\/\/www.romaoggi.eu\/index.php\/wp-json\/wp\/v2\/posts\/35764","targetHints":{"allow":["GET"]}}],"collection":[{"href":"https:\/\/www.romaoggi.eu\/index.php\/wp-json\/wp\/v2\/posts"}],"about":[{"href":"https:\/\/www.romaoggi.eu\/index.php\/wp-json\/wp\/v2\/types\/post"}],"author":[{"embeddable":true,"href":"https:\/\/www.romaoggi.eu\/index.php\/wp-json\/wp\/v2\/users\/3"}],"replies":[{"embeddable":true,"href":"https:\/\/www.romaoggi.eu\/index.php\/wp-json\/wp\/v2\/comments?post=35764"}],"version-history":[{"count":2,"href":"https:\/\/www.romaoggi.eu\/index.php\/wp-json\/wp\/v2\/posts\/35764\/revisions"}],"predecessor-version":[{"id":35768,"href":"https:\/\/www.romaoggi.eu\/index.php\/wp-json\/wp\/v2\/posts\/35764\/revisions\/35768"}],"wp:featuredmedia":[{"embeddable":true,"href":"https:\/\/www.romaoggi.eu\/index.php\/wp-json\/wp\/v2\/media\/35765"}],"wp:attachment":[{"href":"https:\/\/www.romaoggi.eu\/index.php\/wp-json\/wp\/v2\/media?parent=35764"}],"wp:term":[{"taxonomy":"category","embeddable":true,"href":"https:\/\/www.romaoggi.eu\/index.php\/wp-json\/wp\/v2\/categories?post=35764"},{"taxonomy":"post_tag","embeddable":true,"href":"https:\/\/www.romaoggi.eu\/index.php\/wp-json\/wp\/v2\/tags?post=35764"}],"curies":[{"name":"wp","href":"https:\/\/api.w.org\/{rel}","templated":true}]}}