{"id":35801,"date":"2023-09-19T11:32:06","date_gmt":"2023-09-19T09:32:06","guid":{"rendered":"https:\/\/www.romaoggi.eu\/?p=35801"},"modified":"2023-09-19T11:32:06","modified_gmt":"2023-09-19T09:32:06","slug":"21-settembre-un-tango-per-la-pace-serata-evento-allex-cartiera-latina-a-roma","status":"publish","type":"post","link":"https:\/\/www.romaoggi.eu\/index.php\/2023\/09\/19\/21-settembre-un-tango-per-la-pace-serata-evento-allex-cartiera-latina-a-roma\/","title":{"rendered":"21 settembre &#8220;Un Tango per la Pace&#8221; serata evento all&#8217;ex Cartiera latina a Roma"},"content":{"rendered":"<p style=\"text-align: justify;\">In occasione della <strong>Giornata mondiale della Pace<\/strong> 21 settembre 2023, l&#8217;associazione culturale <a href=\"https:\/\/www.facebook.com\/tangoeventi\/?locale=it_IT\">TangoEventi<\/a> vi invita alla serata evento<strong> &#8220;Un Tango per la Pace&#8221;<\/strong> I\u00b0edizione, all&#8217;Ex Cartiera latina in Via Appia Antica 42- Roma,\u00a0 con il patrocinio di Municipio VIII Roma Capitale, I.I.L.A Organizzazione internazionale dei Paesi dell&#8217;America Latina, Ambasciata dell&#8217;Uruguay.<\/p>\n<p>L &#8216;evento inizia alle 19.00 e termina alle 23.45. Dalle 19.00 alle 20.00 \u00e8 possibile fare una visita guidata in questo posto straordinario , e intanto si pu\u00f2 iniziare a ballare sulle splendide selezioni di tango selezionate da Tdj Super Sabino.<\/p>\n<p style=\"text-align: justify;\">La ex Cartiera Latina \u00e8 tra i pochi impianti industriali sopravvissuti nella citt\u00e0 di Roma, \u00e8 una struttura unica nel suo genere ed eccezionale per la posizione strategica a ridosso delle Mura Aureliane, lambita per tutta la sua lunghezza dal fiume Almone. Oggi \u00e8 sede dell&#8217;Ente Parco Regionale dell&#8217;Appia Antica. Le prime testimonianze della storia produttiva risalgono al 1081, struttura utilizzata poi dai Padri Cappuccini nel 1600, all&#8217;inizio dell&#8217;800 fu trasformata in mulino, e nel 1912 l&#8217;impianto fu modificato e inizi\u00f2 la produzione della carta dagli stracci , chiuse nel 1986.<\/p>\n<p style=\"text-align: justify;\">L&#8217; Abbraccio Universale del Tango un segno diverso ma tangibile al tema internazionale della Pace. Durante la serata ci sar\u00e0 un punto ristoro &#8220;Pizzeria del porto di Gaeta&#8221; con le famose Tielle, un angolo dell&#8217;artista ,con opere varie, un intervento sintetico di ospiti istituzionali che hanno dato il loro appoggio, e una breve performance teatrale e musicale a cura e con Fatima Scialdone.<\/p>\n<figure id=\"attachment_35805\" aria-describedby=\"caption-attachment-35805\" style=\"width: 720px\" class=\"wp-caption aligncenter\"><img loading=\"lazy\" decoding=\"async\" class=\"wp-image-35805 size-full\" src=\"https:\/\/www.romaoggi.eu\/wp-content\/uploads\/2023\/09\/IMG-20230918-WA0027.jpg\" alt=\"\" width=\"720\" height=\"508\" srcset=\"https:\/\/www.romaoggi.eu\/wp-content\/uploads\/2023\/09\/IMG-20230918-WA0027.jpg 720w, https:\/\/www.romaoggi.eu\/wp-content\/uploads\/2023\/09\/IMG-20230918-WA0027-300x212.jpg 300w\" sizes=\"auto, (max-width: 720px) 100vw, 720px\" \/><figcaption id=\"caption-attachment-35805\" class=\"wp-caption-text\">Fatima Scialdone<\/figcaption><\/figure>\n<p>L&#8217; evento \u00e8 gratuito con prenotazione obbligatoria fino ad esaurimento posti. Info e prenotazioni <strong>3398209385<\/strong><\/p>\n<p>Programma<br \/>\nApertura ore 19.00 chiusura ore 23.45<br \/>\nTdj Super Sabino<br \/>\nVisite guidate alla cartiera 19,15 primo gruppo 19.35 secondo gruppo (prenotazione obbligatoria)<\/p>\n","protected":false},"excerpt":{"rendered":"<div class=\"mh-excerpt\"><p>In occasione della Giornata mondiale della Pace 21 settembre 2023, l&#8217;associazione culturale TangoEventi vi invita alla serata evento &#8220;Un Tango per la Pace&#8221; I\u00b0edizione, all&#8217;Ex Cartiera latina in Via Appia Antica 42- Roma,\u00a0 con il <a class=\"mh-excerpt-more\" href=\"https:\/\/www.romaoggi.eu\/index.php\/2023\/09\/19\/21-settembre-un-tango-per-la-pace-serata-evento-allex-cartiera-latina-a-roma\/\" title=\"21 settembre &#8220;Un Tango per la Pace&#8221; serata evento all&#8217;ex Cartiera latina a Roma\">[&#8230;]<\/a><\/p>\n<\/div>","protected":false},"author":3,"featured_media":35804,"comment_status":"closed","ping_status":"open","sticky":false,"template":"","format":"standard","meta":{"_sitemap_exclude":false,"_sitemap_priority":"","_sitemap_frequency":"","footnotes":""},"categories":[3],"tags":[17008,109,287,17007,17009],"class_list":["post-35801","post","type-post","status-publish","format-standard","has-post-thumbnail","hentry","category-eventi","tag-fatima-scialdone","tag-roma","tag-tango","tag-tango-per-la-pace","tag-tangoeventi"],"yoast_head":"<!-- This site is optimized with the Yoast SEO plugin v27.5 - https:\/\/yoast.com\/product\/yoast-seo-wordpress\/ -->\n<title>21 settembre &quot;Un Tango per la Pace&quot; serata evento all&#039;ex Cartiera latina a Roma<\/title>\n<meta name=\"description\" content=\"In occasione della Giornata mondiale della Pace 21 settembre 2023, l&#039;associazione culturale TangoEventi vi invita alla serata evento &quot;Un Tango per la\" \/>\n<meta name=\"robots\" content=\"index, follow, max-snippet:-1, max-image-preview:large, max-video-preview:-1\" \/>\n<link rel=\"canonical\" href=\"https:\/\/www.romaoggi.eu\/index.php\/2023\/09\/19\/21-settembre-un-tango-per-la-pace-serata-evento-allex-cartiera-latina-a-roma\/\" \/>\n<meta property=\"og:locale\" content=\"it_IT\" \/>\n<meta property=\"og:type\" content=\"article\" \/>\n<meta property=\"og:title\" content=\"21 settembre &quot;Un Tango per la Pace&quot; serata evento all&#039;ex Cartiera latina a Roma\" \/>\n<meta property=\"og:description\" content=\"In occasione della Giornata mondiale della Pace 21 settembre 2023, l&#039;associazione culturale TangoEventi vi invita alla serata evento &quot;Un Tango per la\" \/>\n<meta property=\"og:url\" content=\"https:\/\/www.romaoggi.eu\/index.php\/2023\/09\/19\/21-settembre-un-tango-per-la-pace-serata-evento-allex-cartiera-latina-a-roma\/\" \/>\n<meta property=\"og:site_name\" content=\"roma oggi\" \/>\n<meta property=\"article:publisher\" content=\"https:\/\/www.facebook.com\/RomaOggi-841544845954114\" \/>\n<meta property=\"article:published_time\" content=\"2023-09-19T09:32:06+00:00\" \/>\n<meta property=\"og:image\" content=\"https:\/\/www.romaoggi.eu\/wp-content\/uploads\/2023\/09\/unnamed.png\" \/>\n\t<meta property=\"og:image:width\" content=\"1920\" \/>\n\t<meta property=\"og:image:height\" content=\"1080\" \/>\n\t<meta property=\"og:image:type\" content=\"image\/png\" \/>\n<meta name=\"author\" content=\"Antonietta Di Vizia\" \/>\n<meta name=\"twitter:card\" content=\"summary_large_image\" \/>\n<meta name=\"twitter:creator\" content=\"@romaoggi_eu\" \/>\n<meta name=\"twitter:site\" content=\"@romaoggi_eu\" \/>\n<meta name=\"twitter:label1\" content=\"Scritto da\" \/>\n\t<meta name=\"twitter:data1\" content=\"Antonietta Di Vizia\" \/>\n\t<meta name=\"twitter:label2\" content=\"Tempo di lettura stimato\" \/>\n\t<meta name=\"twitter:data2\" content=\"2 minuti\" \/>\n<script type=\"application\/ld+json\" class=\"yoast-schema-graph\">{\"@context\":\"https:\\\/\\\/schema.org\",\"@graph\":[{\"@type\":\"Article\",\"@id\":\"https:\\\/\\\/www.romaoggi.eu\\\/index.php\\\/2023\\\/09\\\/19\\\/21-settembre-un-tango-per-la-pace-serata-evento-allex-cartiera-latina-a-roma\\\/#article\",\"isPartOf\":{\"@id\":\"https:\\\/\\\/www.romaoggi.eu\\\/index.php\\\/2023\\\/09\\\/19\\\/21-settembre-un-tango-per-la-pace-serata-evento-allex-cartiera-latina-a-roma\\\/\"},\"author\":{\"name\":\"Antonietta Di Vizia\",\"@id\":\"https:\\\/\\\/www.romaoggi.eu\\\/#\\\/schema\\\/person\\\/c8ca1fb64b5506391fff5f822a866c23\"},\"headline\":\"21 settembre &#8220;Un Tango per la Pace&#8221; serata evento all&#8217;ex Cartiera latina a Roma\",\"datePublished\":\"2023-09-19T09:32:06+00:00\",\"mainEntityOfPage\":{\"@id\":\"https:\\\/\\\/www.romaoggi.eu\\\/index.php\\\/2023\\\/09\\\/19\\\/21-settembre-un-tango-per-la-pace-serata-evento-allex-cartiera-latina-a-roma\\\/\"},\"wordCount\":296,\"publisher\":{\"@id\":\"https:\\\/\\\/www.romaoggi.eu\\\/#organization\"},\"image\":{\"@id\":\"https:\\\/\\\/www.romaoggi.eu\\\/index.php\\\/2023\\\/09\\\/19\\\/21-settembre-un-tango-per-la-pace-serata-evento-allex-cartiera-latina-a-roma\\\/#primaryimage\"},\"thumbnailUrl\":\"https:\\\/\\\/www.romaoggi.eu\\\/wp-content\\\/uploads\\\/2023\\\/09\\\/unnamed.png\",\"keywords\":[\"fatima scialdone\",\"roma\",\"tango\",\"Tango per la Pace\",\"TangoEventi\"],\"articleSection\":[\"Eventi\"],\"inLanguage\":\"it-IT\"},{\"@type\":\"WebPage\",\"@id\":\"https:\\\/\\\/www.romaoggi.eu\\\/index.php\\\/2023\\\/09\\\/19\\\/21-settembre-un-tango-per-la-pace-serata-evento-allex-cartiera-latina-a-roma\\\/\",\"url\":\"https:\\\/\\\/www.romaoggi.eu\\\/index.php\\\/2023\\\/09\\\/19\\\/21-settembre-un-tango-per-la-pace-serata-evento-allex-cartiera-latina-a-roma\\\/\",\"name\":\"21 settembre \\\"Un Tango per la Pace\\\" serata evento all'ex Cartiera latina a Roma\",\"isPartOf\":{\"@id\":\"https:\\\/\\\/www.romaoggi.eu\\\/#website\"},\"primaryImageOfPage\":{\"@id\":\"https:\\\/\\\/www.romaoggi.eu\\\/index.php\\\/2023\\\/09\\\/19\\\/21-settembre-un-tango-per-la-pace-serata-evento-allex-cartiera-latina-a-roma\\\/#primaryimage\"},\"image\":{\"@id\":\"https:\\\/\\\/www.romaoggi.eu\\\/index.php\\\/2023\\\/09\\\/19\\\/21-settembre-un-tango-per-la-pace-serata-evento-allex-cartiera-latina-a-roma\\\/#primaryimage\"},\"thumbnailUrl\":\"https:\\\/\\\/www.romaoggi.eu\\\/wp-content\\\/uploads\\\/2023\\\/09\\\/unnamed.png\",\"datePublished\":\"2023-09-19T09:32:06+00:00\",\"description\":\"In occasione della Giornata mondiale della Pace 21 settembre 2023, l'associazione culturale TangoEventi vi invita alla serata evento \\\"Un Tango per la\",\"breadcrumb\":{\"@id\":\"https:\\\/\\\/www.romaoggi.eu\\\/index.php\\\/2023\\\/09\\\/19\\\/21-settembre-un-tango-per-la-pace-serata-evento-allex-cartiera-latina-a-roma\\\/#breadcrumb\"},\"inLanguage\":\"it-IT\",\"potentialAction\":[{\"@type\":\"ReadAction\",\"target\":[\"https:\\\/\\\/www.romaoggi.eu\\\/index.php\\\/2023\\\/09\\\/19\\\/21-settembre-un-tango-per-la-pace-serata-evento-allex-cartiera-latina-a-roma\\\/\"]}]},{\"@type\":\"ImageObject\",\"inLanguage\":\"it-IT\",\"@id\":\"https:\\\/\\\/www.romaoggi.eu\\\/index.php\\\/2023\\\/09\\\/19\\\/21-settembre-un-tango-per-la-pace-serata-evento-allex-cartiera-latina-a-roma\\\/#primaryimage\",\"url\":\"https:\\\/\\\/www.romaoggi.eu\\\/wp-content\\\/uploads\\\/2023\\\/09\\\/unnamed.png\",\"contentUrl\":\"https:\\\/\\\/www.romaoggi.eu\\\/wp-content\\\/uploads\\\/2023\\\/09\\\/unnamed.png\",\"width\":1920,\"height\":1080,\"caption\":\"alt tag tango per la pace\"},{\"@type\":\"BreadcrumbList\",\"@id\":\"https:\\\/\\\/www.romaoggi.eu\\\/index.php\\\/2023\\\/09\\\/19\\\/21-settembre-un-tango-per-la-pace-serata-evento-allex-cartiera-latina-a-roma\\\/#breadcrumb\",\"itemListElement\":[{\"@type\":\"ListItem\",\"position\":1,\"name\":\"Home\",\"item\":\"https:\\\/\\\/www.romaoggi.eu\\\/\"},{\"@type\":\"ListItem\",\"position\":2,\"name\":\"21 settembre &#8220;Un Tango per la Pace&#8221; serata evento all&#8217;ex Cartiera latina a Roma\"}]},{\"@type\":\"WebSite\",\"@id\":\"https:\\\/\\\/www.romaoggi.eu\\\/#website\",\"url\":\"https:\\\/\\\/www.romaoggi.eu\\\/\",\"name\":\"roma oggi\",\"description\":\"Interesting News for Interesting people\",\"publisher\":{\"@id\":\"https:\\\/\\\/www.romaoggi.eu\\\/#organization\"},\"potentialAction\":[{\"@type\":\"SearchAction\",\"target\":{\"@type\":\"EntryPoint\",\"urlTemplate\":\"https:\\\/\\\/www.romaoggi.eu\\\/?s={search_term_string}\"},\"query-input\":{\"@type\":\"PropertyValueSpecification\",\"valueRequired\":true,\"valueName\":\"search_term_string\"}}],\"inLanguage\":\"it-IT\"},{\"@type\":\"Organization\",\"@id\":\"https:\\\/\\\/www.romaoggi.eu\\\/#organization\",\"name\":\"RomaOggi\",\"url\":\"https:\\\/\\\/www.romaoggi.eu\\\/\",\"logo\":{\"@type\":\"ImageObject\",\"inLanguage\":\"it-IT\",\"@id\":\"https:\\\/\\\/www.romaoggi.eu\\\/#\\\/schema\\\/logo\\\/image\\\/\",\"url\":\"https:\\\/\\\/www.romaoggi.eu\\\/wp-content\\\/uploads\\\/2017\\\/04\\\/logowp.jpg\",\"contentUrl\":\"https:\\\/\\\/www.romaoggi.eu\\\/wp-content\\\/uploads\\\/2017\\\/04\\\/logowp.jpg\",\"width\":300,\"height\":133,\"caption\":\"RomaOggi\"},\"image\":{\"@id\":\"https:\\\/\\\/www.romaoggi.eu\\\/#\\\/schema\\\/logo\\\/image\\\/\"},\"sameAs\":[\"https:\\\/\\\/www.facebook.com\\\/RomaOggi-841544845954114\",\"https:\\\/\\\/x.com\\\/romaoggi_eu\"]},{\"@type\":\"Person\",\"@id\":\"https:\\\/\\\/www.romaoggi.eu\\\/#\\\/schema\\\/person\\\/c8ca1fb64b5506391fff5f822a866c23\",\"name\":\"Antonietta Di Vizia\",\"image\":{\"@type\":\"ImageObject\",\"inLanguage\":\"it-IT\",\"@id\":\"https:\\\/\\\/secure.gravatar.com\\\/avatar\\\/2ad571aa3fbfe3089b06ed5617adf58717b9359c0c97cf9b52804fb2dac293f2?s=96&d=mm&r=g\",\"url\":\"https:\\\/\\\/secure.gravatar.com\\\/avatar\\\/2ad571aa3fbfe3089b06ed5617adf58717b9359c0c97cf9b52804fb2dac293f2?s=96&d=mm&r=g\",\"contentUrl\":\"https:\\\/\\\/secure.gravatar.com\\\/avatar\\\/2ad571aa3fbfe3089b06ed5617adf58717b9359c0c97cf9b52804fb2dac293f2?s=96&d=mm&r=g\",\"caption\":\"Antonietta Di Vizia\"},\"url\":\"https:\\\/\\\/www.romaoggi.eu\\\/index.php\\\/author\\\/antonietta\\\/\"}]}<\/script>\n<!-- \/ Yoast SEO plugin. -->","yoast_head_json":{"title":"21 settembre \"Un Tango per la Pace\" serata evento all'ex Cartiera latina a Roma","description":"In occasione della Giornata mondiale della Pace 21 settembre 2023, l'associazione culturale TangoEventi vi invita alla serata evento \"Un Tango per la","robots":{"index":"index","follow":"follow","max-snippet":"max-snippet:-1","max-image-preview":"max-image-preview:large","max-video-preview":"max-video-preview:-1"},"canonical":"https:\/\/www.romaoggi.eu\/index.php\/2023\/09\/19\/21-settembre-un-tango-per-la-pace-serata-evento-allex-cartiera-latina-a-roma\/","og_locale":"it_IT","og_type":"article","og_title":"21 settembre \"Un Tango per la Pace\" serata evento all'ex Cartiera latina a Roma","og_description":"In occasione della Giornata mondiale della Pace 21 settembre 2023, l'associazione culturale TangoEventi vi invita alla serata evento \"Un Tango per la","og_url":"https:\/\/www.romaoggi.eu\/index.php\/2023\/09\/19\/21-settembre-un-tango-per-la-pace-serata-evento-allex-cartiera-latina-a-roma\/","og_site_name":"roma oggi","article_publisher":"https:\/\/www.facebook.com\/RomaOggi-841544845954114","article_published_time":"2023-09-19T09:32:06+00:00","og_image":[{"width":1920,"height":1080,"url":"https:\/\/www.romaoggi.eu\/wp-content\/uploads\/2023\/09\/unnamed.png","type":"image\/png"}],"author":"Antonietta Di Vizia","twitter_card":"summary_large_image","twitter_creator":"@romaoggi_eu","twitter_site":"@romaoggi_eu","twitter_misc":{"Scritto da":"Antonietta Di Vizia","Tempo di lettura stimato":"2 minuti"},"schema":{"@context":"https:\/\/schema.org","@graph":[{"@type":"Article","@id":"https:\/\/www.romaoggi.eu\/index.php\/2023\/09\/19\/21-settembre-un-tango-per-la-pace-serata-evento-allex-cartiera-latina-a-roma\/#article","isPartOf":{"@id":"https:\/\/www.romaoggi.eu\/index.php\/2023\/09\/19\/21-settembre-un-tango-per-la-pace-serata-evento-allex-cartiera-latina-a-roma\/"},"author":{"name":"Antonietta Di Vizia","@id":"https:\/\/www.romaoggi.eu\/#\/schema\/person\/c8ca1fb64b5506391fff5f822a866c23"},"headline":"21 settembre &#8220;Un Tango per la Pace&#8221; serata evento all&#8217;ex Cartiera latina a Roma","datePublished":"2023-09-19T09:32:06+00:00","mainEntityOfPage":{"@id":"https:\/\/www.romaoggi.eu\/index.php\/2023\/09\/19\/21-settembre-un-tango-per-la-pace-serata-evento-allex-cartiera-latina-a-roma\/"},"wordCount":296,"publisher":{"@id":"https:\/\/www.romaoggi.eu\/#organization"},"image":{"@id":"https:\/\/www.romaoggi.eu\/index.php\/2023\/09\/19\/21-settembre-un-tango-per-la-pace-serata-evento-allex-cartiera-latina-a-roma\/#primaryimage"},"thumbnailUrl":"https:\/\/www.romaoggi.eu\/wp-content\/uploads\/2023\/09\/unnamed.png","keywords":["fatima scialdone","roma","tango","Tango per la Pace","TangoEventi"],"articleSection":["Eventi"],"inLanguage":"it-IT"},{"@type":"WebPage","@id":"https:\/\/www.romaoggi.eu\/index.php\/2023\/09\/19\/21-settembre-un-tango-per-la-pace-serata-evento-allex-cartiera-latina-a-roma\/","url":"https:\/\/www.romaoggi.eu\/index.php\/2023\/09\/19\/21-settembre-un-tango-per-la-pace-serata-evento-allex-cartiera-latina-a-roma\/","name":"21 settembre \"Un Tango per la Pace\" serata evento all'ex Cartiera latina a Roma","isPartOf":{"@id":"https:\/\/www.romaoggi.eu\/#website"},"primaryImageOfPage":{"@id":"https:\/\/www.romaoggi.eu\/index.php\/2023\/09\/19\/21-settembre-un-tango-per-la-pace-serata-evento-allex-cartiera-latina-a-roma\/#primaryimage"},"image":{"@id":"https:\/\/www.romaoggi.eu\/index.php\/2023\/09\/19\/21-settembre-un-tango-per-la-pace-serata-evento-allex-cartiera-latina-a-roma\/#primaryimage"},"thumbnailUrl":"https:\/\/www.romaoggi.eu\/wp-content\/uploads\/2023\/09\/unnamed.png","datePublished":"2023-09-19T09:32:06+00:00","description":"In occasione della Giornata mondiale della Pace 21 settembre 2023, l'associazione culturale TangoEventi vi invita alla serata evento \"Un Tango per la","breadcrumb":{"@id":"https:\/\/www.romaoggi.eu\/index.php\/2023\/09\/19\/21-settembre-un-tango-per-la-pace-serata-evento-allex-cartiera-latina-a-roma\/#breadcrumb"},"inLanguage":"it-IT","potentialAction":[{"@type":"ReadAction","target":["https:\/\/www.romaoggi.eu\/index.php\/2023\/09\/19\/21-settembre-un-tango-per-la-pace-serata-evento-allex-cartiera-latina-a-roma\/"]}]},{"@type":"ImageObject","inLanguage":"it-IT","@id":"https:\/\/www.romaoggi.eu\/index.php\/2023\/09\/19\/21-settembre-un-tango-per-la-pace-serata-evento-allex-cartiera-latina-a-roma\/#primaryimage","url":"https:\/\/www.romaoggi.eu\/wp-content\/uploads\/2023\/09\/unnamed.png","contentUrl":"https:\/\/www.romaoggi.eu\/wp-content\/uploads\/2023\/09\/unnamed.png","width":1920,"height":1080,"caption":"alt tag tango per la pace"},{"@type":"BreadcrumbList","@id":"https:\/\/www.romaoggi.eu\/index.php\/2023\/09\/19\/21-settembre-un-tango-per-la-pace-serata-evento-allex-cartiera-latina-a-roma\/#breadcrumb","itemListElement":[{"@type":"ListItem","position":1,"name":"Home","item":"https:\/\/www.romaoggi.eu\/"},{"@type":"ListItem","position":2,"name":"21 settembre &#8220;Un Tango per la Pace&#8221; serata evento all&#8217;ex Cartiera latina a Roma"}]},{"@type":"WebSite","@id":"https:\/\/www.romaoggi.eu\/#website","url":"https:\/\/www.romaoggi.eu\/","name":"roma oggi","description":"Interesting News for Interesting people","publisher":{"@id":"https:\/\/www.romaoggi.eu\/#organization"},"potentialAction":[{"@type":"SearchAction","target":{"@type":"EntryPoint","urlTemplate":"https:\/\/www.romaoggi.eu\/?s={search_term_string}"},"query-input":{"@type":"PropertyValueSpecification","valueRequired":true,"valueName":"search_term_string"}}],"inLanguage":"it-IT"},{"@type":"Organization","@id":"https:\/\/www.romaoggi.eu\/#organization","name":"RomaOggi","url":"https:\/\/www.romaoggi.eu\/","logo":{"@type":"ImageObject","inLanguage":"it-IT","@id":"https:\/\/www.romaoggi.eu\/#\/schema\/logo\/image\/","url":"https:\/\/www.romaoggi.eu\/wp-content\/uploads\/2017\/04\/logowp.jpg","contentUrl":"https:\/\/www.romaoggi.eu\/wp-content\/uploads\/2017\/04\/logowp.jpg","width":300,"height":133,"caption":"RomaOggi"},"image":{"@id":"https:\/\/www.romaoggi.eu\/#\/schema\/logo\/image\/"},"sameAs":["https:\/\/www.facebook.com\/RomaOggi-841544845954114","https:\/\/x.com\/romaoggi_eu"]},{"@type":"Person","@id":"https:\/\/www.romaoggi.eu\/#\/schema\/person\/c8ca1fb64b5506391fff5f822a866c23","name":"Antonietta Di Vizia","image":{"@type":"ImageObject","inLanguage":"it-IT","@id":"https:\/\/secure.gravatar.com\/avatar\/2ad571aa3fbfe3089b06ed5617adf58717b9359c0c97cf9b52804fb2dac293f2?s=96&d=mm&r=g","url":"https:\/\/secure.gravatar.com\/avatar\/2ad571aa3fbfe3089b06ed5617adf58717b9359c0c97cf9b52804fb2dac293f2?s=96&d=mm&r=g","contentUrl":"https:\/\/secure.gravatar.com\/avatar\/2ad571aa3fbfe3089b06ed5617adf58717b9359c0c97cf9b52804fb2dac293f2?s=96&d=mm&r=g","caption":"Antonietta Di Vizia"},"url":"https:\/\/www.romaoggi.eu\/index.php\/author\/antonietta\/"}]}},"_links":{"self":[{"href":"https:\/\/www.romaoggi.eu\/index.php\/wp-json\/wp\/v2\/posts\/35801","targetHints":{"allow":["GET"]}}],"collection":[{"href":"https:\/\/www.romaoggi.eu\/index.php\/wp-json\/wp\/v2\/posts"}],"about":[{"href":"https:\/\/www.romaoggi.eu\/index.php\/wp-json\/wp\/v2\/types\/post"}],"author":[{"embeddable":true,"href":"https:\/\/www.romaoggi.eu\/index.php\/wp-json\/wp\/v2\/users\/3"}],"replies":[{"embeddable":true,"href":"https:\/\/www.romaoggi.eu\/index.php\/wp-json\/wp\/v2\/comments?post=35801"}],"version-history":[{"count":3,"href":"https:\/\/www.romaoggi.eu\/index.php\/wp-json\/wp\/v2\/posts\/35801\/revisions"}],"predecessor-version":[{"id":35806,"href":"https:\/\/www.romaoggi.eu\/index.php\/wp-json\/wp\/v2\/posts\/35801\/revisions\/35806"}],"wp:featuredmedia":[{"embeddable":true,"href":"https:\/\/www.romaoggi.eu\/index.php\/wp-json\/wp\/v2\/media\/35804"}],"wp:attachment":[{"href":"https:\/\/www.romaoggi.eu\/index.php\/wp-json\/wp\/v2\/media?parent=35801"}],"wp:term":[{"taxonomy":"category","embeddable":true,"href":"https:\/\/www.romaoggi.eu\/index.php\/wp-json\/wp\/v2\/categories?post=35801"},{"taxonomy":"post_tag","embeddable":true,"href":"https:\/\/www.romaoggi.eu\/index.php\/wp-json\/wp\/v2\/tags?post=35801"}],"curies":[{"name":"wp","href":"https:\/\/api.w.org\/{rel}","templated":true}]}}