{"id":35866,"date":"2023-09-27T09:09:06","date_gmt":"2023-09-27T07:09:06","guid":{"rendered":"https:\/\/www.romaoggi.eu\/?p=35866"},"modified":"2023-09-27T09:11:54","modified_gmt":"2023-09-27T07:11:54","slug":"cortona-on-the-move-2023-di-claudio-polvanesi-target-lab-ets","status":"publish","type":"post","link":"https:\/\/www.romaoggi.eu\/index.php\/2023\/09\/27\/cortona-on-the-move-2023-di-claudio-polvanesi-target-lab-ets\/","title":{"rendered":"Cortona On The Move 2023&#8230; di Claudio Polvanesi &#8211; Target Lab Ets"},"content":{"rendered":"<p style=\"text-align: left\"><strong>FESTIVAL INTERNAZIONALE DELLA FOTOGRAFIA<\/strong><\/p>\n<p><strong>CORTONA ON THE MOVE 2023<\/strong><\/p>\n<p>81 giorni di esposizione, 28 mostre 2 delle quali provenienti da archivi privati, 38 fotografi 11 dei quali raggruppati in una collettiva; il tutto distribuito in 6 aree espositive una delle quali all\u2019aperto.<\/p>\n<p>Questi i numeri della 13\u00b0 edizione del festival internazionale di fotografia CORTONA ON THE MOVE quest\u2019anno intitolata \u201cMORE OR LESS\u201d.<\/p>\n<p>Una mostra caricata di un forte valore aggiunto visto che viene ospitata, com\u2019\u00e8 consuetudine, in una citt\u00e0 che si inserisce a pieno titolo tra le eccellenze dei borghi toscani e dell\u2019Italia tutta.<\/p>\n<p>E se una delle mostre si sviluppa in uno spazio esterno, non \u00e8 certo perch\u00e9 qui manchino luoghi chiusi, tradizionalmente pi\u00f9 adatti a questo tipo di eventi, ma perch\u00e9 Cortona pu\u00f2 permettersi il lusso di offrire anche le proprie strade a tali scopi.<\/p>\n<p>L\u2019edizione di quest\u2019anno vede una nutrita mole di immagini fotografiche che raccontano, in un articolato percorso espositivo, la polarizzazione sempre pi\u00f9 marcata tra ricchezza e povert\u00e0 nel mondo.<\/p>\n<p>Molti i generi fotografici che si sono sviluppati per mostrare come la forbice sia sempre pi\u00f9 aperta tra abbondanza, opulenza, surplus da una parte e povert\u00e0, deficit e dispersione dall\u2019altra.<\/p>\n<p>Numerosi i fotografi soprattutto di varie provenienze geografiche e culturali, scelta saggia degli organizzatori cha hanno voluto arricchire il pi\u00f9 possibile questo tema utilizzando esperienze e visioni del mondo tra le pi\u00f9 ampie possibili.<\/p>\n<p>Una serie di mostre, queste di Cortona, che invitano a riflettere sulle contrapposizioni sempre pi\u00f9 marcate della nostra societ\u00e0 attraverso un linguaggio fotografico che non \u00e8 certo nuovo a questi temi ma che sempre pi\u00f9 si fa strumento narrativo della nostra epoca.<\/p>\n<p><strong>\u00a9Claudio Polvanesi\/Target Lab ETS<\/strong><\/p>\n<p>&nbsp;<\/p>\n<figure id=\"attachment_35850\" aria-describedby=\"caption-attachment-35850\" style=\"width: 300px\" class=\"wp-caption alignnone\"><img loading=\"lazy\" decoding=\"async\" class=\"size-medium wp-image-35850\" src=\"https:\/\/www.romaoggi.eu\/wp-content\/uploads\/2023\/09\/Cortona-on-the-move-2023-2-300x200.jpg\" alt=\"Alt tag cortona on the move 2023\" width=\"300\" height=\"200\" srcset=\"https:\/\/www.romaoggi.eu\/wp-content\/uploads\/2023\/09\/Cortona-on-the-move-2023-2-300x200.jpg 300w, https:\/\/www.romaoggi.eu\/wp-content\/uploads\/2023\/09\/Cortona-on-the-move-2023-2-1024x683.jpg 1024w, https:\/\/www.romaoggi.eu\/wp-content\/uploads\/2023\/09\/Cortona-on-the-move-2023-2-1536x1024.jpg 1536w, https:\/\/www.romaoggi.eu\/wp-content\/uploads\/2023\/09\/Cortona-on-the-move-2023-2-2048x1365.jpg 2048w\" sizes=\"auto, (max-width: 300px) 100vw, 300px\" \/><figcaption id=\"caption-attachment-35850\" class=\"wp-caption-text\"><strong>Cortona on the move 2023. Foto copyright Claudio Polvanesi- Target Lab Ets<\/strong><\/figcaption><\/figure>\n<p>&nbsp;<\/p>\n<figure id=\"attachment_35845\" aria-describedby=\"caption-attachment-35845\" style=\"width: 300px\" class=\"wp-caption alignnone\"><img loading=\"lazy\" decoding=\"async\" class=\"size-medium wp-image-35845\" src=\"https:\/\/www.romaoggi.eu\/wp-content\/uploads\/2023\/09\/IMG-20230924-WA0007-300x200.jpg\" alt=\"Alt tag cortona on the move 2023\" width=\"300\" height=\"200\" srcset=\"https:\/\/www.romaoggi.eu\/wp-content\/uploads\/2023\/09\/IMG-20230924-WA0007-300x200.jpg 300w, https:\/\/www.romaoggi.eu\/wp-content\/uploads\/2023\/09\/IMG-20230924-WA0007-1024x682.jpg 1024w, https:\/\/www.romaoggi.eu\/wp-content\/uploads\/2023\/09\/IMG-20230924-WA0007-1536x1023.jpg 1536w, https:\/\/www.romaoggi.eu\/wp-content\/uploads\/2023\/09\/IMG-20230924-WA0007.jpg 1600w\" sizes=\"auto, (max-width: 300px) 100vw, 300px\" \/><figcaption id=\"caption-attachment-35845\" class=\"wp-caption-text\"><strong>Cortona on the move 2023. Foto copyright Claudio Polvanesi- Target Lab Ets<\/strong><\/figcaption><\/figure>\n<p>&nbsp;<\/p>\n<figure id=\"attachment_35848\" aria-describedby=\"caption-attachment-35848\" style=\"width: 300px\" class=\"wp-caption alignnone\"><img loading=\"lazy\" decoding=\"async\" class=\"size-medium wp-image-35848\" src=\"https:\/\/www.romaoggi.eu\/wp-content\/uploads\/2023\/09\/IMG-20230924-WA0003-300x200.jpg\" alt=\"Alt tag cortona on the move 2023\" width=\"300\" height=\"200\" srcset=\"https:\/\/www.romaoggi.eu\/wp-content\/uploads\/2023\/09\/IMG-20230924-WA0003-300x200.jpg 300w, https:\/\/www.romaoggi.eu\/wp-content\/uploads\/2023\/09\/IMG-20230924-WA0003-1024x682.jpg 1024w, https:\/\/www.romaoggi.eu\/wp-content\/uploads\/2023\/09\/IMG-20230924-WA0003-1536x1023.jpg 1536w, https:\/\/www.romaoggi.eu\/wp-content\/uploads\/2023\/09\/IMG-20230924-WA0003.jpg 1600w\" sizes=\"auto, (max-width: 300px) 100vw, 300px\" \/><figcaption id=\"caption-attachment-35848\" class=\"wp-caption-text\"><strong>Cortona on the move 2023. Foto copyright Claudio Polvanesi- Target Lab Ets<\/strong><\/figcaption><\/figure>\n<p>&nbsp;<\/p>\n<figure id=\"attachment_35843\" aria-describedby=\"caption-attachment-35843\" style=\"width: 300px\" class=\"wp-caption alignnone\"><img loading=\"lazy\" decoding=\"async\" class=\"size-medium wp-image-35843\" src=\"https:\/\/www.romaoggi.eu\/wp-content\/uploads\/2023\/09\/IMG-20230924-WA0008-300x200.jpg\" alt=\"Alt tag cortona on the move 2023\" width=\"300\" height=\"200\" srcset=\"https:\/\/www.romaoggi.eu\/wp-content\/uploads\/2023\/09\/IMG-20230924-WA0008-300x200.jpg 300w, https:\/\/www.romaoggi.eu\/wp-content\/uploads\/2023\/09\/IMG-20230924-WA0008-1024x682.jpg 1024w, https:\/\/www.romaoggi.eu\/wp-content\/uploads\/2023\/09\/IMG-20230924-WA0008-1536x1023.jpg 1536w, https:\/\/www.romaoggi.eu\/wp-content\/uploads\/2023\/09\/IMG-20230924-WA0008.jpg 1600w\" sizes=\"auto, (max-width: 300px) 100vw, 300px\" \/><figcaption id=\"caption-attachment-35843\" class=\"wp-caption-text\"><strong>Cortona on the move 2023. Foto copyright Claudio Polvanesi- Target Lab Ets<\/strong><\/figcaption><\/figure>\n<figure id=\"attachment_35838\" aria-describedby=\"caption-attachment-35838\" style=\"width: 300px\" class=\"wp-caption alignleft\"><img loading=\"lazy\" decoding=\"async\" class=\"size-medium wp-image-35838\" src=\"https:\/\/www.romaoggi.eu\/wp-content\/uploads\/2023\/09\/IMG-20230924-WA0011-300x200.jpg\" alt=\"Alt tag cortona on the move 2023\" width=\"300\" height=\"200\" srcset=\"https:\/\/www.romaoggi.eu\/wp-content\/uploads\/2023\/09\/IMG-20230924-WA0011-300x200.jpg 300w, https:\/\/www.romaoggi.eu\/wp-content\/uploads\/2023\/09\/IMG-20230924-WA0011-1024x682.jpg 1024w, https:\/\/www.romaoggi.eu\/wp-content\/uploads\/2023\/09\/IMG-20230924-WA0011-1536x1023.jpg 1536w, https:\/\/www.romaoggi.eu\/wp-content\/uploads\/2023\/09\/IMG-20230924-WA0011.jpg 1600w\" sizes=\"auto, (max-width: 300px) 100vw, 300px\" \/><figcaption id=\"caption-attachment-35838\" class=\"wp-caption-text\"><strong>Cortona on the move 2023. Foto copyright Claudio Polvanesi- Target Lab Ets<\/strong><\/figcaption><\/figure>\n<p>&nbsp;<\/p>\n<figure id=\"attachment_35833\" aria-describedby=\"caption-attachment-35833\" style=\"width: 300px\" class=\"wp-caption alignnone\"><img loading=\"lazy\" decoding=\"async\" class=\"size-medium wp-image-35833\" src=\"https:\/\/www.romaoggi.eu\/wp-content\/uploads\/2023\/09\/IMG-20230924-WA0021-300x200.jpg\" alt=\"Alt tag cortona on the move 2023\" width=\"300\" height=\"200\" srcset=\"https:\/\/www.romaoggi.eu\/wp-content\/uploads\/2023\/09\/IMG-20230924-WA0021-300x200.jpg 300w, https:\/\/www.romaoggi.eu\/wp-content\/uploads\/2023\/09\/IMG-20230924-WA0021-1024x682.jpg 1024w, https:\/\/www.romaoggi.eu\/wp-content\/uploads\/2023\/09\/IMG-20230924-WA0021-1536x1023.jpg 1536w, https:\/\/www.romaoggi.eu\/wp-content\/uploads\/2023\/09\/IMG-20230924-WA0021.jpg 1600w\" sizes=\"auto, (max-width: 300px) 100vw, 300px\" \/><figcaption id=\"caption-attachment-35833\" class=\"wp-caption-text\"><strong>Cortona on the move 2023. Foto copyright Claudio Polvanesi- Target Lab Ets<\/strong><\/figcaption><\/figure>\n<figure id=\"attachment_35834\" aria-describedby=\"caption-attachment-35834\" style=\"width: 300px\" class=\"wp-caption alignnone\"><img loading=\"lazy\" decoding=\"async\" class=\"size-medium wp-image-35834\" src=\"https:\/\/www.romaoggi.eu\/wp-content\/uploads\/2023\/09\/IMG-20230924-WA0023-300x200.jpg\" alt=\"Alt tag cortona on the move 2023\" width=\"300\" height=\"200\" srcset=\"https:\/\/www.romaoggi.eu\/wp-content\/uploads\/2023\/09\/IMG-20230924-WA0023-300x200.jpg 300w, https:\/\/www.romaoggi.eu\/wp-content\/uploads\/2023\/09\/IMG-20230924-WA0023-1024x682.jpg 1024w, https:\/\/www.romaoggi.eu\/wp-content\/uploads\/2023\/09\/IMG-20230924-WA0023-1536x1023.jpg 1536w, https:\/\/www.romaoggi.eu\/wp-content\/uploads\/2023\/09\/IMG-20230924-WA0023.jpg 1600w\" sizes=\"auto, (max-width: 300px) 100vw, 300px\" \/><figcaption id=\"caption-attachment-35834\" class=\"wp-caption-text\"><strong>Cortona on the move 2023. Foto copyright Claudio Polvanesi- Target Lab Ets<\/strong><\/figcaption><\/figure>\n","protected":false},"excerpt":{"rendered":"<div class=\"mh-excerpt\"><p>FESTIVAL INTERNAZIONALE DELLA FOTOGRAFIA CORTONA ON THE MOVE 2023 81 giorni di esposizione, 28 mostre 2 delle quali provenienti da archivi privati, 38 fotografi 11 dei quali raggruppati in una collettiva; il tutto distribuito in <a class=\"mh-excerpt-more\" href=\"https:\/\/www.romaoggi.eu\/index.php\/2023\/09\/27\/cortona-on-the-move-2023-di-claudio-polvanesi-target-lab-ets\/\" title=\"Cortona On The Move 2023&#8230; di Claudio Polvanesi &#8211; Target Lab Ets\">[&#8230;]<\/a><\/p>\n<\/div>","protected":false},"author":17,"featured_media":35846,"comment_status":"closed","ping_status":"open","sticky":false,"template":"","format":"standard","meta":{"_sitemap_exclude":false,"_sitemap_priority":"","_sitemap_frequency":"","footnotes":""},"categories":[15839],"tags":[14679,17017,17018,4481,15567],"class_list":["post-35866","post","type-post","status-publish","format-standard","has-post-thumbnail","hentry","category-fotografia-dintorni","tag-claudio-polvanesi","tag-cortona-on-the-move-2023","tag-festival-internazionale-della-fotografia","tag-reportage","tag-target-lab-ets"],"yoast_head":"<!-- This site is optimized with the Yoast SEO plugin v27.4 - https:\/\/yoast.com\/product\/yoast-seo-wordpress\/ -->\n<title>Cortona On The Move 2023... di Claudio Polvanesi - Target Lab Ets<\/title>\n<meta name=\"description\" content=\"FESTIVAL INTERNAZIONALE DELLA FOTOGRAFIA CORTONA ON THE MOVE 2023 81 giorni di esposizione, 28 mostre 2 delle quali provenienti da archivi privati, 38\" \/>\n<meta name=\"robots\" content=\"index, follow, max-snippet:-1, max-image-preview:large, max-video-preview:-1\" \/>\n<link rel=\"canonical\" href=\"https:\/\/www.romaoggi.eu\/index.php\/2023\/09\/27\/cortona-on-the-move-2023-di-claudio-polvanesi-target-lab-ets\/\" \/>\n<meta property=\"og:locale\" content=\"it_IT\" \/>\n<meta property=\"og:type\" content=\"article\" \/>\n<meta property=\"og:title\" content=\"Cortona On The Move 2023... di Claudio Polvanesi - Target Lab Ets\" \/>\n<meta property=\"og:description\" content=\"FESTIVAL INTERNAZIONALE DELLA FOTOGRAFIA CORTONA ON THE MOVE 2023 81 giorni di esposizione, 28 mostre 2 delle quali provenienti da archivi privati, 38\" \/>\n<meta property=\"og:url\" content=\"https:\/\/www.romaoggi.eu\/index.php\/2023\/09\/27\/cortona-on-the-move-2023-di-claudio-polvanesi-target-lab-ets\/\" \/>\n<meta property=\"og:site_name\" content=\"roma oggi\" \/>\n<meta property=\"article:publisher\" content=\"https:\/\/www.facebook.com\/RomaOggi-841544845954114\" \/>\n<meta property=\"article:published_time\" content=\"2023-09-27T07:09:06+00:00\" \/>\n<meta property=\"article:modified_time\" content=\"2023-09-27T07:11:54+00:00\" \/>\n<meta property=\"og:image\" content=\"https:\/\/www.romaoggi.eu\/wp-content\/uploads\/2023\/09\/IMG-20230924-WA0004.jpg\" \/>\n\t<meta property=\"og:image:width\" content=\"1600\" \/>\n\t<meta property=\"og:image:height\" content=\"1066\" \/>\n\t<meta property=\"og:image:type\" content=\"image\/jpeg\" \/>\n<meta name=\"author\" content=\"Target Lab Ets\" \/>\n<meta name=\"twitter:card\" content=\"summary_large_image\" \/>\n<meta name=\"twitter:creator\" content=\"@romaoggi_eu\" \/>\n<meta name=\"twitter:site\" content=\"@romaoggi_eu\" \/>\n<meta name=\"twitter:label1\" content=\"Scritto da\" \/>\n\t<meta name=\"twitter:data1\" content=\"Target Lab Ets\" \/>\n\t<meta name=\"twitter:label2\" content=\"Tempo di lettura stimato\" \/>\n\t<meta name=\"twitter:data2\" content=\"4 minuti\" \/>\n<script type=\"application\/ld+json\" class=\"yoast-schema-graph\">{\"@context\":\"https:\\\/\\\/schema.org\",\"@graph\":[{\"@type\":\"Article\",\"@id\":\"https:\\\/\\\/www.romaoggi.eu\\\/index.php\\\/2023\\\/09\\\/27\\\/cortona-on-the-move-2023-di-claudio-polvanesi-target-lab-ets\\\/#article\",\"isPartOf\":{\"@id\":\"https:\\\/\\\/www.romaoggi.eu\\\/index.php\\\/2023\\\/09\\\/27\\\/cortona-on-the-move-2023-di-claudio-polvanesi-target-lab-ets\\\/\"},\"author\":{\"name\":\"Target Lab Ets\",\"@id\":\"https:\\\/\\\/www.romaoggi.eu\\\/#\\\/schema\\\/person\\\/72b8cfc6de60caeb335267c8e21d90fb\"},\"headline\":\"Cortona On The Move 2023&#8230; di Claudio Polvanesi &#8211; Target Lab Ets\",\"datePublished\":\"2023-09-27T07:09:06+00:00\",\"dateModified\":\"2023-09-27T07:11:54+00:00\",\"mainEntityOfPage\":{\"@id\":\"https:\\\/\\\/www.romaoggi.eu\\\/index.php\\\/2023\\\/09\\\/27\\\/cortona-on-the-move-2023-di-claudio-polvanesi-target-lab-ets\\\/\"},\"wordCount\":414,\"publisher\":{\"@id\":\"https:\\\/\\\/www.romaoggi.eu\\\/#organization\"},\"image\":{\"@id\":\"https:\\\/\\\/www.romaoggi.eu\\\/index.php\\\/2023\\\/09\\\/27\\\/cortona-on-the-move-2023-di-claudio-polvanesi-target-lab-ets\\\/#primaryimage\"},\"thumbnailUrl\":\"https:\\\/\\\/www.romaoggi.eu\\\/wp-content\\\/uploads\\\/2023\\\/09\\\/IMG-20230924-WA0004.jpg\",\"keywords\":[\"claudio polvanesi\",\"Cortona on the move 2023\",\"FESTIVAL INTERNAZIONALE DELLA FOTOGRAFIA\",\"reportage\",\"target lab ets\"],\"articleSection\":[\"Fotografia &amp; Dintorni\"],\"inLanguage\":\"it-IT\"},{\"@type\":\"WebPage\",\"@id\":\"https:\\\/\\\/www.romaoggi.eu\\\/index.php\\\/2023\\\/09\\\/27\\\/cortona-on-the-move-2023-di-claudio-polvanesi-target-lab-ets\\\/\",\"url\":\"https:\\\/\\\/www.romaoggi.eu\\\/index.php\\\/2023\\\/09\\\/27\\\/cortona-on-the-move-2023-di-claudio-polvanesi-target-lab-ets\\\/\",\"name\":\"Cortona On The Move 2023... di Claudio Polvanesi - Target Lab Ets\",\"isPartOf\":{\"@id\":\"https:\\\/\\\/www.romaoggi.eu\\\/#website\"},\"primaryImageOfPage\":{\"@id\":\"https:\\\/\\\/www.romaoggi.eu\\\/index.php\\\/2023\\\/09\\\/27\\\/cortona-on-the-move-2023-di-claudio-polvanesi-target-lab-ets\\\/#primaryimage\"},\"image\":{\"@id\":\"https:\\\/\\\/www.romaoggi.eu\\\/index.php\\\/2023\\\/09\\\/27\\\/cortona-on-the-move-2023-di-claudio-polvanesi-target-lab-ets\\\/#primaryimage\"},\"thumbnailUrl\":\"https:\\\/\\\/www.romaoggi.eu\\\/wp-content\\\/uploads\\\/2023\\\/09\\\/IMG-20230924-WA0004.jpg\",\"datePublished\":\"2023-09-27T07:09:06+00:00\",\"dateModified\":\"2023-09-27T07:11:54+00:00\",\"description\":\"FESTIVAL INTERNAZIONALE DELLA FOTOGRAFIA CORTONA ON THE MOVE 2023 81 giorni di esposizione, 28 mostre 2 delle quali provenienti da archivi privati, 38\",\"breadcrumb\":{\"@id\":\"https:\\\/\\\/www.romaoggi.eu\\\/index.php\\\/2023\\\/09\\\/27\\\/cortona-on-the-move-2023-di-claudio-polvanesi-target-lab-ets\\\/#breadcrumb\"},\"inLanguage\":\"it-IT\",\"potentialAction\":[{\"@type\":\"ReadAction\",\"target\":[\"https:\\\/\\\/www.romaoggi.eu\\\/index.php\\\/2023\\\/09\\\/27\\\/cortona-on-the-move-2023-di-claudio-polvanesi-target-lab-ets\\\/\"]}]},{\"@type\":\"ImageObject\",\"inLanguage\":\"it-IT\",\"@id\":\"https:\\\/\\\/www.romaoggi.eu\\\/index.php\\\/2023\\\/09\\\/27\\\/cortona-on-the-move-2023-di-claudio-polvanesi-target-lab-ets\\\/#primaryimage\",\"url\":\"https:\\\/\\\/www.romaoggi.eu\\\/wp-content\\\/uploads\\\/2023\\\/09\\\/IMG-20230924-WA0004.jpg\",\"contentUrl\":\"https:\\\/\\\/www.romaoggi.eu\\\/wp-content\\\/uploads\\\/2023\\\/09\\\/IMG-20230924-WA0004.jpg\",\"width\":1600,\"height\":1066,\"caption\":\"Cortona on the move 2023. Foto copyright Claudio Polvanesi- Target Lab Ets\"},{\"@type\":\"BreadcrumbList\",\"@id\":\"https:\\\/\\\/www.romaoggi.eu\\\/index.php\\\/2023\\\/09\\\/27\\\/cortona-on-the-move-2023-di-claudio-polvanesi-target-lab-ets\\\/#breadcrumb\",\"itemListElement\":[{\"@type\":\"ListItem\",\"position\":1,\"name\":\"Home\",\"item\":\"https:\\\/\\\/www.romaoggi.eu\\\/\"},{\"@type\":\"ListItem\",\"position\":2,\"name\":\"Cortona On The Move 2023&#8230; di Claudio Polvanesi &#8211; Target Lab Ets\"}]},{\"@type\":\"WebSite\",\"@id\":\"https:\\\/\\\/www.romaoggi.eu\\\/#website\",\"url\":\"https:\\\/\\\/www.romaoggi.eu\\\/\",\"name\":\"roma oggi\",\"description\":\"Interesting News for Interesting people\",\"publisher\":{\"@id\":\"https:\\\/\\\/www.romaoggi.eu\\\/#organization\"},\"potentialAction\":[{\"@type\":\"SearchAction\",\"target\":{\"@type\":\"EntryPoint\",\"urlTemplate\":\"https:\\\/\\\/www.romaoggi.eu\\\/?s={search_term_string}\"},\"query-input\":{\"@type\":\"PropertyValueSpecification\",\"valueRequired\":true,\"valueName\":\"search_term_string\"}}],\"inLanguage\":\"it-IT\"},{\"@type\":\"Organization\",\"@id\":\"https:\\\/\\\/www.romaoggi.eu\\\/#organization\",\"name\":\"RomaOggi\",\"url\":\"https:\\\/\\\/www.romaoggi.eu\\\/\",\"logo\":{\"@type\":\"ImageObject\",\"inLanguage\":\"it-IT\",\"@id\":\"https:\\\/\\\/www.romaoggi.eu\\\/#\\\/schema\\\/logo\\\/image\\\/\",\"url\":\"https:\\\/\\\/www.romaoggi.eu\\\/wp-content\\\/uploads\\\/2017\\\/04\\\/logowp.jpg\",\"contentUrl\":\"https:\\\/\\\/www.romaoggi.eu\\\/wp-content\\\/uploads\\\/2017\\\/04\\\/logowp.jpg\",\"width\":300,\"height\":133,\"caption\":\"RomaOggi\"},\"image\":{\"@id\":\"https:\\\/\\\/www.romaoggi.eu\\\/#\\\/schema\\\/logo\\\/image\\\/\"},\"sameAs\":[\"https:\\\/\\\/www.facebook.com\\\/RomaOggi-841544845954114\",\"https:\\\/\\\/x.com\\\/romaoggi_eu\"]},{\"@type\":\"Person\",\"@id\":\"https:\\\/\\\/www.romaoggi.eu\\\/#\\\/schema\\\/person\\\/72b8cfc6de60caeb335267c8e21d90fb\",\"name\":\"Target Lab Ets\",\"image\":{\"@type\":\"ImageObject\",\"inLanguage\":\"it-IT\",\"@id\":\"https:\\\/\\\/secure.gravatar.com\\\/avatar\\\/ab64fd266889a629b0e9e6ab56209e379c2a89cfda303941ee9621d4090292d1?s=96&d=mm&r=g\",\"url\":\"https:\\\/\\\/secure.gravatar.com\\\/avatar\\\/ab64fd266889a629b0e9e6ab56209e379c2a89cfda303941ee9621d4090292d1?s=96&d=mm&r=g\",\"contentUrl\":\"https:\\\/\\\/secure.gravatar.com\\\/avatar\\\/ab64fd266889a629b0e9e6ab56209e379c2a89cfda303941ee9621d4090292d1?s=96&d=mm&r=g\",\"caption\":\"Target Lab Ets\"},\"sameAs\":[\"http:\\\/\\\/www.targetlab.org\"],\"url\":\"https:\\\/\\\/www.romaoggi.eu\\\/index.php\\\/author\\\/isfc\\\/\"}]}<\/script>\n<!-- \/ Yoast SEO plugin. -->","yoast_head_json":{"title":"Cortona On The Move 2023... di Claudio Polvanesi - Target Lab Ets","description":"FESTIVAL INTERNAZIONALE DELLA FOTOGRAFIA CORTONA ON THE MOVE 2023 81 giorni di esposizione, 28 mostre 2 delle quali provenienti da archivi privati, 38","robots":{"index":"index","follow":"follow","max-snippet":"max-snippet:-1","max-image-preview":"max-image-preview:large","max-video-preview":"max-video-preview:-1"},"canonical":"https:\/\/www.romaoggi.eu\/index.php\/2023\/09\/27\/cortona-on-the-move-2023-di-claudio-polvanesi-target-lab-ets\/","og_locale":"it_IT","og_type":"article","og_title":"Cortona On The Move 2023... di Claudio Polvanesi - Target Lab Ets","og_description":"FESTIVAL INTERNAZIONALE DELLA FOTOGRAFIA CORTONA ON THE MOVE 2023 81 giorni di esposizione, 28 mostre 2 delle quali provenienti da archivi privati, 38","og_url":"https:\/\/www.romaoggi.eu\/index.php\/2023\/09\/27\/cortona-on-the-move-2023-di-claudio-polvanesi-target-lab-ets\/","og_site_name":"roma oggi","article_publisher":"https:\/\/www.facebook.com\/RomaOggi-841544845954114","article_published_time":"2023-09-27T07:09:06+00:00","article_modified_time":"2023-09-27T07:11:54+00:00","og_image":[{"width":1600,"height":1066,"url":"https:\/\/www.romaoggi.eu\/wp-content\/uploads\/2023\/09\/IMG-20230924-WA0004.jpg","type":"image\/jpeg"}],"author":"Target Lab Ets","twitter_card":"summary_large_image","twitter_creator":"@romaoggi_eu","twitter_site":"@romaoggi_eu","twitter_misc":{"Scritto da":"Target Lab Ets","Tempo di lettura stimato":"4 minuti"},"schema":{"@context":"https:\/\/schema.org","@graph":[{"@type":"Article","@id":"https:\/\/www.romaoggi.eu\/index.php\/2023\/09\/27\/cortona-on-the-move-2023-di-claudio-polvanesi-target-lab-ets\/#article","isPartOf":{"@id":"https:\/\/www.romaoggi.eu\/index.php\/2023\/09\/27\/cortona-on-the-move-2023-di-claudio-polvanesi-target-lab-ets\/"},"author":{"name":"Target Lab Ets","@id":"https:\/\/www.romaoggi.eu\/#\/schema\/person\/72b8cfc6de60caeb335267c8e21d90fb"},"headline":"Cortona On The Move 2023&#8230; di Claudio Polvanesi &#8211; Target Lab Ets","datePublished":"2023-09-27T07:09:06+00:00","dateModified":"2023-09-27T07:11:54+00:00","mainEntityOfPage":{"@id":"https:\/\/www.romaoggi.eu\/index.php\/2023\/09\/27\/cortona-on-the-move-2023-di-claudio-polvanesi-target-lab-ets\/"},"wordCount":414,"publisher":{"@id":"https:\/\/www.romaoggi.eu\/#organization"},"image":{"@id":"https:\/\/www.romaoggi.eu\/index.php\/2023\/09\/27\/cortona-on-the-move-2023-di-claudio-polvanesi-target-lab-ets\/#primaryimage"},"thumbnailUrl":"https:\/\/www.romaoggi.eu\/wp-content\/uploads\/2023\/09\/IMG-20230924-WA0004.jpg","keywords":["claudio polvanesi","Cortona on the move 2023","FESTIVAL INTERNAZIONALE DELLA FOTOGRAFIA","reportage","target lab ets"],"articleSection":["Fotografia &amp; Dintorni"],"inLanguage":"it-IT"},{"@type":"WebPage","@id":"https:\/\/www.romaoggi.eu\/index.php\/2023\/09\/27\/cortona-on-the-move-2023-di-claudio-polvanesi-target-lab-ets\/","url":"https:\/\/www.romaoggi.eu\/index.php\/2023\/09\/27\/cortona-on-the-move-2023-di-claudio-polvanesi-target-lab-ets\/","name":"Cortona On The Move 2023... di Claudio Polvanesi - Target Lab Ets","isPartOf":{"@id":"https:\/\/www.romaoggi.eu\/#website"},"primaryImageOfPage":{"@id":"https:\/\/www.romaoggi.eu\/index.php\/2023\/09\/27\/cortona-on-the-move-2023-di-claudio-polvanesi-target-lab-ets\/#primaryimage"},"image":{"@id":"https:\/\/www.romaoggi.eu\/index.php\/2023\/09\/27\/cortona-on-the-move-2023-di-claudio-polvanesi-target-lab-ets\/#primaryimage"},"thumbnailUrl":"https:\/\/www.romaoggi.eu\/wp-content\/uploads\/2023\/09\/IMG-20230924-WA0004.jpg","datePublished":"2023-09-27T07:09:06+00:00","dateModified":"2023-09-27T07:11:54+00:00","description":"FESTIVAL INTERNAZIONALE DELLA FOTOGRAFIA CORTONA ON THE MOVE 2023 81 giorni di esposizione, 28 mostre 2 delle quali provenienti da archivi privati, 38","breadcrumb":{"@id":"https:\/\/www.romaoggi.eu\/index.php\/2023\/09\/27\/cortona-on-the-move-2023-di-claudio-polvanesi-target-lab-ets\/#breadcrumb"},"inLanguage":"it-IT","potentialAction":[{"@type":"ReadAction","target":["https:\/\/www.romaoggi.eu\/index.php\/2023\/09\/27\/cortona-on-the-move-2023-di-claudio-polvanesi-target-lab-ets\/"]}]},{"@type":"ImageObject","inLanguage":"it-IT","@id":"https:\/\/www.romaoggi.eu\/index.php\/2023\/09\/27\/cortona-on-the-move-2023-di-claudio-polvanesi-target-lab-ets\/#primaryimage","url":"https:\/\/www.romaoggi.eu\/wp-content\/uploads\/2023\/09\/IMG-20230924-WA0004.jpg","contentUrl":"https:\/\/www.romaoggi.eu\/wp-content\/uploads\/2023\/09\/IMG-20230924-WA0004.jpg","width":1600,"height":1066,"caption":"Cortona on the move 2023. Foto copyright Claudio Polvanesi- Target Lab Ets"},{"@type":"BreadcrumbList","@id":"https:\/\/www.romaoggi.eu\/index.php\/2023\/09\/27\/cortona-on-the-move-2023-di-claudio-polvanesi-target-lab-ets\/#breadcrumb","itemListElement":[{"@type":"ListItem","position":1,"name":"Home","item":"https:\/\/www.romaoggi.eu\/"},{"@type":"ListItem","position":2,"name":"Cortona On The Move 2023&#8230; di Claudio Polvanesi &#8211; Target Lab Ets"}]},{"@type":"WebSite","@id":"https:\/\/www.romaoggi.eu\/#website","url":"https:\/\/www.romaoggi.eu\/","name":"roma oggi","description":"Interesting News for Interesting people","publisher":{"@id":"https:\/\/www.romaoggi.eu\/#organization"},"potentialAction":[{"@type":"SearchAction","target":{"@type":"EntryPoint","urlTemplate":"https:\/\/www.romaoggi.eu\/?s={search_term_string}"},"query-input":{"@type":"PropertyValueSpecification","valueRequired":true,"valueName":"search_term_string"}}],"inLanguage":"it-IT"},{"@type":"Organization","@id":"https:\/\/www.romaoggi.eu\/#organization","name":"RomaOggi","url":"https:\/\/www.romaoggi.eu\/","logo":{"@type":"ImageObject","inLanguage":"it-IT","@id":"https:\/\/www.romaoggi.eu\/#\/schema\/logo\/image\/","url":"https:\/\/www.romaoggi.eu\/wp-content\/uploads\/2017\/04\/logowp.jpg","contentUrl":"https:\/\/www.romaoggi.eu\/wp-content\/uploads\/2017\/04\/logowp.jpg","width":300,"height":133,"caption":"RomaOggi"},"image":{"@id":"https:\/\/www.romaoggi.eu\/#\/schema\/logo\/image\/"},"sameAs":["https:\/\/www.facebook.com\/RomaOggi-841544845954114","https:\/\/x.com\/romaoggi_eu"]},{"@type":"Person","@id":"https:\/\/www.romaoggi.eu\/#\/schema\/person\/72b8cfc6de60caeb335267c8e21d90fb","name":"Target Lab Ets","image":{"@type":"ImageObject","inLanguage":"it-IT","@id":"https:\/\/secure.gravatar.com\/avatar\/ab64fd266889a629b0e9e6ab56209e379c2a89cfda303941ee9621d4090292d1?s=96&d=mm&r=g","url":"https:\/\/secure.gravatar.com\/avatar\/ab64fd266889a629b0e9e6ab56209e379c2a89cfda303941ee9621d4090292d1?s=96&d=mm&r=g","contentUrl":"https:\/\/secure.gravatar.com\/avatar\/ab64fd266889a629b0e9e6ab56209e379c2a89cfda303941ee9621d4090292d1?s=96&d=mm&r=g","caption":"Target Lab Ets"},"sameAs":["http:\/\/www.targetlab.org"],"url":"https:\/\/www.romaoggi.eu\/index.php\/author\/isfc\/"}]}},"_links":{"self":[{"href":"https:\/\/www.romaoggi.eu\/index.php\/wp-json\/wp\/v2\/posts\/35866","targetHints":{"allow":["GET"]}}],"collection":[{"href":"https:\/\/www.romaoggi.eu\/index.php\/wp-json\/wp\/v2\/posts"}],"about":[{"href":"https:\/\/www.romaoggi.eu\/index.php\/wp-json\/wp\/v2\/types\/post"}],"author":[{"embeddable":true,"href":"https:\/\/www.romaoggi.eu\/index.php\/wp-json\/wp\/v2\/users\/17"}],"replies":[{"embeddable":true,"href":"https:\/\/www.romaoggi.eu\/index.php\/wp-json\/wp\/v2\/comments?post=35866"}],"version-history":[{"count":3,"href":"https:\/\/www.romaoggi.eu\/index.php\/wp-json\/wp\/v2\/posts\/35866\/revisions"}],"predecessor-version":[{"id":35869,"href":"https:\/\/www.romaoggi.eu\/index.php\/wp-json\/wp\/v2\/posts\/35866\/revisions\/35869"}],"wp:featuredmedia":[{"embeddable":true,"href":"https:\/\/www.romaoggi.eu\/index.php\/wp-json\/wp\/v2\/media\/35846"}],"wp:attachment":[{"href":"https:\/\/www.romaoggi.eu\/index.php\/wp-json\/wp\/v2\/media?parent=35866"}],"wp:term":[{"taxonomy":"category","embeddable":true,"href":"https:\/\/www.romaoggi.eu\/index.php\/wp-json\/wp\/v2\/categories?post=35866"},{"taxonomy":"post_tag","embeddable":true,"href":"https:\/\/www.romaoggi.eu\/index.php\/wp-json\/wp\/v2\/tags?post=35866"}],"curies":[{"name":"wp","href":"https:\/\/api.w.org\/{rel}","templated":true}]}}