{"id":35964,"date":"2023-10-05T15:29:32","date_gmt":"2023-10-05T13:29:32","guid":{"rendered":"https:\/\/www.romaoggi.eu\/?p=35964"},"modified":"2023-10-05T19:52:54","modified_gmt":"2023-10-05T17:52:54","slug":"omaggio-a-david-crosby","status":"publish","type":"post","link":"https:\/\/www.romaoggi.eu\/index.php\/2023\/10\/05\/omaggio-a-david-crosby\/","title":{"rendered":"Omaggio a David Crosby"},"content":{"rendered":"<p>Sabato 7 ottobre<\/p>\n<div>Ore 21<\/div>\n<div><\/div>\n<div>\n<div>Per info e prenotazioni:<\/div>\n<div style=\"text-align: left\">339 5893232 (anche Whatsapp)<\/div>\n<\/div>\n<div><\/div>\n<div>\n<div><span style=\"font-family: Helvetica Neue, Helvetica, Arial, sans-serif\">In arrivo una serata per ricordare la vita e la musica di David Crosby.\u00a0<\/span><\/div>\n<div><span style=\"font-family: Helvetica Neue, Helvetica, Arial, sans-serif\">\u00a0<\/span><\/div>\n<div><span style=\"font-family: Helvetica Neue, Helvetica, Arial, sans-serif\">La Band Deja Vu avr\u00e0 il piacere e l&#8217;onore di condividere il palco con Jeff Pevar e Marcus Eaton, due chitarristi che hanno collaborato a lungo con Croz, e con gli amici della D\u00e9j\u00e0 V\u00f9 Band, Stefano Frollano, Francesco Lucarelli ed altri ospiti.<\/span><\/div>\n<div><\/div>\n<\/div>\n<div><span style=\"font-family: Helvetica Neue, Helvetica, Arial, sans-serif\">Lo show \u201cMusic Is Love\u201d \u00e8 articolato sulla narrazione di alcuni ma importanti tratti della carriera di David Crosby che si alterneranno con la proiezione di filmati . Dal primo periodo dei Byrds fino ai recenti progetti discografici passando naturalmente per Crosby Stills &amp; Nash , CSN&amp;Y , Crosby &amp; Nash,\u00a0 CPR (Crosby, Pevar Raymond), e non ultime la Sky Trails Band e la Lighthouse Band, quest\u2019ultima con Michael League, Becca Stevens e Michelle Willis<\/span><\/div>\n<div><\/div>\n<div>\n<div><span style=\"font-family: Helvetica Neue, Helvetica, Arial, sans-serif\">Per info e prenotazioni:<\/span><\/div>\n<div><span style=\"font-family: Helvetica Neue, Helvetica, Arial, sans-serif\">339 5893232 (anche Whatsapp)<\/span><\/div>\n<div><span style=\"font-family: Helvetica Neue, Helvetica, Arial, sans-serif\">https:\/\/facebook.com\/events\/s\/music-is-love-celebrating-the-\/1326316011345593\/<\/span><\/div>\n<\/div>\n","protected":false},"excerpt":{"rendered":"<div class=\"mh-excerpt\"><p>Sabato 7 ottobre Ore 21 Per info e prenotazioni: 339 5893232 (anche Whatsapp) In arrivo una serata per ricordare la vita e la musica di David Crosby.\u00a0 \u00a0 La Band Deja Vu avr\u00e0 il piacere <a class=\"mh-excerpt-more\" href=\"https:\/\/www.romaoggi.eu\/index.php\/2023\/10\/05\/omaggio-a-david-crosby\/\" title=\"Omaggio a David Crosby\">[&#8230;]<\/a><\/p>\n<\/div>","protected":false},"author":17,"featured_media":35968,"comment_status":"closed","ping_status":"open","sticky":false,"template":"","format":"standard","meta":{"_sitemap_exclude":false,"_sitemap_priority":"","_sitemap_frequency":"","footnotes":""},"categories":[14247],"tags":[17054,17053,17055],"class_list":["post-35964","post","type-post","status-publish","format-standard","has-post-thumbnail","hentry","category-dentro-roma","tag-claudio-maffei","tag-david-crosby","tag-live-do-k"],"yoast_head":"<!-- This site is optimized with the Yoast SEO plugin v27.5 - https:\/\/yoast.com\/product\/yoast-seo-wordpress\/ -->\n<title>Omaggio a David Crosby<\/title>\n<meta name=\"description\" content=\"Sabato 7 ottobre Ore 21 Per info e prenotazioni: 339 5893232 (anche Whatsapp) In arrivo una serata per ricordare la vita e la musica di David Crosby.\u00a0 \u00a0\" \/>\n<meta name=\"robots\" content=\"index, follow, max-snippet:-1, max-image-preview:large, max-video-preview:-1\" \/>\n<link rel=\"canonical\" href=\"https:\/\/www.romaoggi.eu\/index.php\/2023\/10\/05\/omaggio-a-david-crosby\/\" \/>\n<meta property=\"og:locale\" content=\"it_IT\" \/>\n<meta property=\"og:type\" content=\"article\" \/>\n<meta property=\"og:title\" content=\"Omaggio a David Crosby\" \/>\n<meta property=\"og:description\" content=\"Sabato 7 ottobre Ore 21 Per info e prenotazioni: 339 5893232 (anche Whatsapp) In arrivo una serata per ricordare la vita e la musica di David Crosby.\u00a0 \u00a0\" \/>\n<meta property=\"og:url\" content=\"https:\/\/www.romaoggi.eu\/index.php\/2023\/10\/05\/omaggio-a-david-crosby\/\" \/>\n<meta property=\"og:site_name\" content=\"roma oggi\" \/>\n<meta property=\"article:publisher\" content=\"https:\/\/www.facebook.com\/RomaOggi-841544845954114\" \/>\n<meta property=\"article:published_time\" content=\"2023-10-05T13:29:32+00:00\" \/>\n<meta property=\"article:modified_time\" content=\"2023-10-05T17:52:54+00:00\" \/>\n<meta property=\"og:image\" content=\"https:\/\/www.romaoggi.eu\/wp-content\/uploads\/2023\/10\/IMG-20231003-WA0034.jpg\" \/>\n\t<meta property=\"og:image:width\" content=\"820\" \/>\n\t<meta property=\"og:image:height\" content=\"312\" \/>\n\t<meta property=\"og:image:type\" content=\"image\/jpeg\" \/>\n<meta name=\"author\" content=\"Target Lab Ets\" \/>\n<meta name=\"twitter:card\" content=\"summary_large_image\" \/>\n<meta name=\"twitter:creator\" content=\"@romaoggi_eu\" \/>\n<meta name=\"twitter:site\" content=\"@romaoggi_eu\" \/>\n<meta name=\"twitter:label1\" content=\"Scritto da\" \/>\n\t<meta name=\"twitter:data1\" content=\"Target Lab Ets\" \/>\n\t<meta name=\"twitter:label2\" content=\"Tempo di lettura stimato\" \/>\n\t<meta name=\"twitter:data2\" content=\"1 minuto\" \/>\n<script type=\"application\/ld+json\" class=\"yoast-schema-graph\">{\"@context\":\"https:\\\/\\\/schema.org\",\"@graph\":[{\"@type\":\"Article\",\"@id\":\"https:\\\/\\\/www.romaoggi.eu\\\/index.php\\\/2023\\\/10\\\/05\\\/omaggio-a-david-crosby\\\/#article\",\"isPartOf\":{\"@id\":\"https:\\\/\\\/www.romaoggi.eu\\\/index.php\\\/2023\\\/10\\\/05\\\/omaggio-a-david-crosby\\\/\"},\"author\":{\"name\":\"Target Lab Ets\",\"@id\":\"https:\\\/\\\/www.romaoggi.eu\\\/#\\\/schema\\\/person\\\/72b8cfc6de60caeb335267c8e21d90fb\"},\"headline\":\"Omaggio a David Crosby\",\"datePublished\":\"2023-10-05T13:29:32+00:00\",\"dateModified\":\"2023-10-05T17:52:54+00:00\",\"mainEntityOfPage\":{\"@id\":\"https:\\\/\\\/www.romaoggi.eu\\\/index.php\\\/2023\\\/10\\\/05\\\/omaggio-a-david-crosby\\\/\"},\"wordCount\":158,\"publisher\":{\"@id\":\"https:\\\/\\\/www.romaoggi.eu\\\/#organization\"},\"image\":{\"@id\":\"https:\\\/\\\/www.romaoggi.eu\\\/index.php\\\/2023\\\/10\\\/05\\\/omaggio-a-david-crosby\\\/#primaryimage\"},\"thumbnailUrl\":\"https:\\\/\\\/www.romaoggi.eu\\\/wp-content\\\/uploads\\\/2023\\\/10\\\/IMG-20231003-WA0034.jpg\",\"keywords\":[\"claudio maffei\",\"David crosby\",\"live do k\"],\"articleSection\":[\"DENTRO ROMA\"],\"inLanguage\":\"it-IT\"},{\"@type\":\"WebPage\",\"@id\":\"https:\\\/\\\/www.romaoggi.eu\\\/index.php\\\/2023\\\/10\\\/05\\\/omaggio-a-david-crosby\\\/\",\"url\":\"https:\\\/\\\/www.romaoggi.eu\\\/index.php\\\/2023\\\/10\\\/05\\\/omaggio-a-david-crosby\\\/\",\"name\":\"Omaggio a David Crosby\",\"isPartOf\":{\"@id\":\"https:\\\/\\\/www.romaoggi.eu\\\/#website\"},\"primaryImageOfPage\":{\"@id\":\"https:\\\/\\\/www.romaoggi.eu\\\/index.php\\\/2023\\\/10\\\/05\\\/omaggio-a-david-crosby\\\/#primaryimage\"},\"image\":{\"@id\":\"https:\\\/\\\/www.romaoggi.eu\\\/index.php\\\/2023\\\/10\\\/05\\\/omaggio-a-david-crosby\\\/#primaryimage\"},\"thumbnailUrl\":\"https:\\\/\\\/www.romaoggi.eu\\\/wp-content\\\/uploads\\\/2023\\\/10\\\/IMG-20231003-WA0034.jpg\",\"datePublished\":\"2023-10-05T13:29:32+00:00\",\"dateModified\":\"2023-10-05T17:52:54+00:00\",\"description\":\"Sabato 7 ottobre Ore 21 Per info e prenotazioni: 339 5893232 (anche Whatsapp) In arrivo una serata per ricordare la vita e la musica di David Crosby.\u00a0 \u00a0\",\"breadcrumb\":{\"@id\":\"https:\\\/\\\/www.romaoggi.eu\\\/index.php\\\/2023\\\/10\\\/05\\\/omaggio-a-david-crosby\\\/#breadcrumb\"},\"inLanguage\":\"it-IT\",\"potentialAction\":[{\"@type\":\"ReadAction\",\"target\":[\"https:\\\/\\\/www.romaoggi.eu\\\/index.php\\\/2023\\\/10\\\/05\\\/omaggio-a-david-crosby\\\/\"]}]},{\"@type\":\"ImageObject\",\"inLanguage\":\"it-IT\",\"@id\":\"https:\\\/\\\/www.romaoggi.eu\\\/index.php\\\/2023\\\/10\\\/05\\\/omaggio-a-david-crosby\\\/#primaryimage\",\"url\":\"https:\\\/\\\/www.romaoggi.eu\\\/wp-content\\\/uploads\\\/2023\\\/10\\\/IMG-20231003-WA0034.jpg\",\"contentUrl\":\"https:\\\/\\\/www.romaoggi.eu\\\/wp-content\\\/uploads\\\/2023\\\/10\\\/IMG-20231003-WA0034.jpg\",\"width\":820,\"height\":312},{\"@type\":\"BreadcrumbList\",\"@id\":\"https:\\\/\\\/www.romaoggi.eu\\\/index.php\\\/2023\\\/10\\\/05\\\/omaggio-a-david-crosby\\\/#breadcrumb\",\"itemListElement\":[{\"@type\":\"ListItem\",\"position\":1,\"name\":\"Home\",\"item\":\"https:\\\/\\\/www.romaoggi.eu\\\/\"},{\"@type\":\"ListItem\",\"position\":2,\"name\":\"Omaggio a David Crosby\"}]},{\"@type\":\"WebSite\",\"@id\":\"https:\\\/\\\/www.romaoggi.eu\\\/#website\",\"url\":\"https:\\\/\\\/www.romaoggi.eu\\\/\",\"name\":\"roma oggi\",\"description\":\"Interesting News for Interesting people\",\"publisher\":{\"@id\":\"https:\\\/\\\/www.romaoggi.eu\\\/#organization\"},\"potentialAction\":[{\"@type\":\"SearchAction\",\"target\":{\"@type\":\"EntryPoint\",\"urlTemplate\":\"https:\\\/\\\/www.romaoggi.eu\\\/?s={search_term_string}\"},\"query-input\":{\"@type\":\"PropertyValueSpecification\",\"valueRequired\":true,\"valueName\":\"search_term_string\"}}],\"inLanguage\":\"it-IT\"},{\"@type\":\"Organization\",\"@id\":\"https:\\\/\\\/www.romaoggi.eu\\\/#organization\",\"name\":\"RomaOggi\",\"url\":\"https:\\\/\\\/www.romaoggi.eu\\\/\",\"logo\":{\"@type\":\"ImageObject\",\"inLanguage\":\"it-IT\",\"@id\":\"https:\\\/\\\/www.romaoggi.eu\\\/#\\\/schema\\\/logo\\\/image\\\/\",\"url\":\"https:\\\/\\\/www.romaoggi.eu\\\/wp-content\\\/uploads\\\/2017\\\/04\\\/logowp.jpg\",\"contentUrl\":\"https:\\\/\\\/www.romaoggi.eu\\\/wp-content\\\/uploads\\\/2017\\\/04\\\/logowp.jpg\",\"width\":300,\"height\":133,\"caption\":\"RomaOggi\"},\"image\":{\"@id\":\"https:\\\/\\\/www.romaoggi.eu\\\/#\\\/schema\\\/logo\\\/image\\\/\"},\"sameAs\":[\"https:\\\/\\\/www.facebook.com\\\/RomaOggi-841544845954114\",\"https:\\\/\\\/x.com\\\/romaoggi_eu\"]},{\"@type\":\"Person\",\"@id\":\"https:\\\/\\\/www.romaoggi.eu\\\/#\\\/schema\\\/person\\\/72b8cfc6de60caeb335267c8e21d90fb\",\"name\":\"Target Lab Ets\",\"image\":{\"@type\":\"ImageObject\",\"inLanguage\":\"it-IT\",\"@id\":\"https:\\\/\\\/secure.gravatar.com\\\/avatar\\\/ab64fd266889a629b0e9e6ab56209e379c2a89cfda303941ee9621d4090292d1?s=96&d=mm&r=g\",\"url\":\"https:\\\/\\\/secure.gravatar.com\\\/avatar\\\/ab64fd266889a629b0e9e6ab56209e379c2a89cfda303941ee9621d4090292d1?s=96&d=mm&r=g\",\"contentUrl\":\"https:\\\/\\\/secure.gravatar.com\\\/avatar\\\/ab64fd266889a629b0e9e6ab56209e379c2a89cfda303941ee9621d4090292d1?s=96&d=mm&r=g\",\"caption\":\"Target Lab Ets\"},\"sameAs\":[\"http:\\\/\\\/www.targetlab.org\"],\"url\":\"https:\\\/\\\/www.romaoggi.eu\\\/index.php\\\/author\\\/isfc\\\/\"}]}<\/script>\n<!-- \/ Yoast SEO plugin. -->","yoast_head_json":{"title":"Omaggio a David Crosby","description":"Sabato 7 ottobre Ore 21 Per info e prenotazioni: 339 5893232 (anche Whatsapp) In arrivo una serata per ricordare la vita e la musica di David Crosby.\u00a0 \u00a0","robots":{"index":"index","follow":"follow","max-snippet":"max-snippet:-1","max-image-preview":"max-image-preview:large","max-video-preview":"max-video-preview:-1"},"canonical":"https:\/\/www.romaoggi.eu\/index.php\/2023\/10\/05\/omaggio-a-david-crosby\/","og_locale":"it_IT","og_type":"article","og_title":"Omaggio a David Crosby","og_description":"Sabato 7 ottobre Ore 21 Per info e prenotazioni: 339 5893232 (anche Whatsapp) In arrivo una serata per ricordare la vita e la musica di David Crosby.\u00a0 \u00a0","og_url":"https:\/\/www.romaoggi.eu\/index.php\/2023\/10\/05\/omaggio-a-david-crosby\/","og_site_name":"roma oggi","article_publisher":"https:\/\/www.facebook.com\/RomaOggi-841544845954114","article_published_time":"2023-10-05T13:29:32+00:00","article_modified_time":"2023-10-05T17:52:54+00:00","og_image":[{"width":820,"height":312,"url":"https:\/\/www.romaoggi.eu\/wp-content\/uploads\/2023\/10\/IMG-20231003-WA0034.jpg","type":"image\/jpeg"}],"author":"Target Lab Ets","twitter_card":"summary_large_image","twitter_creator":"@romaoggi_eu","twitter_site":"@romaoggi_eu","twitter_misc":{"Scritto da":"Target Lab Ets","Tempo di lettura stimato":"1 minuto"},"schema":{"@context":"https:\/\/schema.org","@graph":[{"@type":"Article","@id":"https:\/\/www.romaoggi.eu\/index.php\/2023\/10\/05\/omaggio-a-david-crosby\/#article","isPartOf":{"@id":"https:\/\/www.romaoggi.eu\/index.php\/2023\/10\/05\/omaggio-a-david-crosby\/"},"author":{"name":"Target Lab Ets","@id":"https:\/\/www.romaoggi.eu\/#\/schema\/person\/72b8cfc6de60caeb335267c8e21d90fb"},"headline":"Omaggio a David Crosby","datePublished":"2023-10-05T13:29:32+00:00","dateModified":"2023-10-05T17:52:54+00:00","mainEntityOfPage":{"@id":"https:\/\/www.romaoggi.eu\/index.php\/2023\/10\/05\/omaggio-a-david-crosby\/"},"wordCount":158,"publisher":{"@id":"https:\/\/www.romaoggi.eu\/#organization"},"image":{"@id":"https:\/\/www.romaoggi.eu\/index.php\/2023\/10\/05\/omaggio-a-david-crosby\/#primaryimage"},"thumbnailUrl":"https:\/\/www.romaoggi.eu\/wp-content\/uploads\/2023\/10\/IMG-20231003-WA0034.jpg","keywords":["claudio maffei","David crosby","live do k"],"articleSection":["DENTRO ROMA"],"inLanguage":"it-IT"},{"@type":"WebPage","@id":"https:\/\/www.romaoggi.eu\/index.php\/2023\/10\/05\/omaggio-a-david-crosby\/","url":"https:\/\/www.romaoggi.eu\/index.php\/2023\/10\/05\/omaggio-a-david-crosby\/","name":"Omaggio a David Crosby","isPartOf":{"@id":"https:\/\/www.romaoggi.eu\/#website"},"primaryImageOfPage":{"@id":"https:\/\/www.romaoggi.eu\/index.php\/2023\/10\/05\/omaggio-a-david-crosby\/#primaryimage"},"image":{"@id":"https:\/\/www.romaoggi.eu\/index.php\/2023\/10\/05\/omaggio-a-david-crosby\/#primaryimage"},"thumbnailUrl":"https:\/\/www.romaoggi.eu\/wp-content\/uploads\/2023\/10\/IMG-20231003-WA0034.jpg","datePublished":"2023-10-05T13:29:32+00:00","dateModified":"2023-10-05T17:52:54+00:00","description":"Sabato 7 ottobre Ore 21 Per info e prenotazioni: 339 5893232 (anche Whatsapp) In arrivo una serata per ricordare la vita e la musica di David Crosby.\u00a0 \u00a0","breadcrumb":{"@id":"https:\/\/www.romaoggi.eu\/index.php\/2023\/10\/05\/omaggio-a-david-crosby\/#breadcrumb"},"inLanguage":"it-IT","potentialAction":[{"@type":"ReadAction","target":["https:\/\/www.romaoggi.eu\/index.php\/2023\/10\/05\/omaggio-a-david-crosby\/"]}]},{"@type":"ImageObject","inLanguage":"it-IT","@id":"https:\/\/www.romaoggi.eu\/index.php\/2023\/10\/05\/omaggio-a-david-crosby\/#primaryimage","url":"https:\/\/www.romaoggi.eu\/wp-content\/uploads\/2023\/10\/IMG-20231003-WA0034.jpg","contentUrl":"https:\/\/www.romaoggi.eu\/wp-content\/uploads\/2023\/10\/IMG-20231003-WA0034.jpg","width":820,"height":312},{"@type":"BreadcrumbList","@id":"https:\/\/www.romaoggi.eu\/index.php\/2023\/10\/05\/omaggio-a-david-crosby\/#breadcrumb","itemListElement":[{"@type":"ListItem","position":1,"name":"Home","item":"https:\/\/www.romaoggi.eu\/"},{"@type":"ListItem","position":2,"name":"Omaggio a David Crosby"}]},{"@type":"WebSite","@id":"https:\/\/www.romaoggi.eu\/#website","url":"https:\/\/www.romaoggi.eu\/","name":"roma oggi","description":"Interesting News for Interesting people","publisher":{"@id":"https:\/\/www.romaoggi.eu\/#organization"},"potentialAction":[{"@type":"SearchAction","target":{"@type":"EntryPoint","urlTemplate":"https:\/\/www.romaoggi.eu\/?s={search_term_string}"},"query-input":{"@type":"PropertyValueSpecification","valueRequired":true,"valueName":"search_term_string"}}],"inLanguage":"it-IT"},{"@type":"Organization","@id":"https:\/\/www.romaoggi.eu\/#organization","name":"RomaOggi","url":"https:\/\/www.romaoggi.eu\/","logo":{"@type":"ImageObject","inLanguage":"it-IT","@id":"https:\/\/www.romaoggi.eu\/#\/schema\/logo\/image\/","url":"https:\/\/www.romaoggi.eu\/wp-content\/uploads\/2017\/04\/logowp.jpg","contentUrl":"https:\/\/www.romaoggi.eu\/wp-content\/uploads\/2017\/04\/logowp.jpg","width":300,"height":133,"caption":"RomaOggi"},"image":{"@id":"https:\/\/www.romaoggi.eu\/#\/schema\/logo\/image\/"},"sameAs":["https:\/\/www.facebook.com\/RomaOggi-841544845954114","https:\/\/x.com\/romaoggi_eu"]},{"@type":"Person","@id":"https:\/\/www.romaoggi.eu\/#\/schema\/person\/72b8cfc6de60caeb335267c8e21d90fb","name":"Target Lab Ets","image":{"@type":"ImageObject","inLanguage":"it-IT","@id":"https:\/\/secure.gravatar.com\/avatar\/ab64fd266889a629b0e9e6ab56209e379c2a89cfda303941ee9621d4090292d1?s=96&d=mm&r=g","url":"https:\/\/secure.gravatar.com\/avatar\/ab64fd266889a629b0e9e6ab56209e379c2a89cfda303941ee9621d4090292d1?s=96&d=mm&r=g","contentUrl":"https:\/\/secure.gravatar.com\/avatar\/ab64fd266889a629b0e9e6ab56209e379c2a89cfda303941ee9621d4090292d1?s=96&d=mm&r=g","caption":"Target Lab Ets"},"sameAs":["http:\/\/www.targetlab.org"],"url":"https:\/\/www.romaoggi.eu\/index.php\/author\/isfc\/"}]}},"_links":{"self":[{"href":"https:\/\/www.romaoggi.eu\/index.php\/wp-json\/wp\/v2\/posts\/35964","targetHints":{"allow":["GET"]}}],"collection":[{"href":"https:\/\/www.romaoggi.eu\/index.php\/wp-json\/wp\/v2\/posts"}],"about":[{"href":"https:\/\/www.romaoggi.eu\/index.php\/wp-json\/wp\/v2\/types\/post"}],"author":[{"embeddable":true,"href":"https:\/\/www.romaoggi.eu\/index.php\/wp-json\/wp\/v2\/users\/17"}],"replies":[{"embeddable":true,"href":"https:\/\/www.romaoggi.eu\/index.php\/wp-json\/wp\/v2\/comments?post=35964"}],"version-history":[{"count":4,"href":"https:\/\/www.romaoggi.eu\/index.php\/wp-json\/wp\/v2\/posts\/35964\/revisions"}],"predecessor-version":[{"id":35991,"href":"https:\/\/www.romaoggi.eu\/index.php\/wp-json\/wp\/v2\/posts\/35964\/revisions\/35991"}],"wp:featuredmedia":[{"embeddable":true,"href":"https:\/\/www.romaoggi.eu\/index.php\/wp-json\/wp\/v2\/media\/35968"}],"wp:attachment":[{"href":"https:\/\/www.romaoggi.eu\/index.php\/wp-json\/wp\/v2\/media?parent=35964"}],"wp:term":[{"taxonomy":"category","embeddable":true,"href":"https:\/\/www.romaoggi.eu\/index.php\/wp-json\/wp\/v2\/categories?post=35964"},{"taxonomy":"post_tag","embeddable":true,"href":"https:\/\/www.romaoggi.eu\/index.php\/wp-json\/wp\/v2\/tags?post=35964"}],"curies":[{"name":"wp","href":"https:\/\/api.w.org\/{rel}","templated":true}]}}