{"id":35982,"date":"2023-10-05T15:45:35","date_gmt":"2023-10-05T13:45:35","guid":{"rendered":"https:\/\/www.romaoggi.eu\/?p=35982"},"modified":"2023-10-05T15:55:40","modified_gmt":"2023-10-05T13:55:40","slug":"levent-planner-emanuele-salci-ci-racconta-del-suo-successo-a-madrid","status":"publish","type":"post","link":"https:\/\/www.romaoggi.eu\/index.php\/2023\/10\/05\/levent-planner-emanuele-salci-ci-racconta-del-suo-successo-a-madrid\/","title":{"rendered":"L\u2019Event Planner Emanuele Salci ci racconta del suo successo a Madrid"},"content":{"rendered":"<p><b>A tu per tu con l\u2019Event Planner Emanuele Salci<\/b><\/p>\n<p style=\"text-align: justify;\"><span style=\"font-weight: 400;\">Gli operatori dell&#8217; organizzazione di matrimoni sono stati fra i pi\u00f9 colpiti durante la pandemia. Eventi e cerimonie annullate ma quest&#8217; anno il fatturato ha dimostrato una stagione da record. Mai come quest&#8217; anno il settore ha ripreso in pieno attivit\u00e0 raggiungendo risultati da record pari al di sopra delle aspettative.\u00a0 <\/span><span style=\"font-weight: 400;\">Abbiamo incontrato uno degli organizzatori pi\u00f9 richiesti in Italia, il noto wedding planner<\/span><b> Emanuele Salci<\/b><span style=\"font-weight: 400;\">.\u00a0<\/span><\/p>\n<p><img loading=\"lazy\" decoding=\"async\" class=\"aligncenter wp-image-35984 size-large\" src=\"https:\/\/www.romaoggi.eu\/wp-content\/uploads\/2023\/10\/image_6483441-10-681x1024.jpg\" alt=\" alt tag emanuele salci\" width=\"681\" height=\"1024\" srcset=\"https:\/\/www.romaoggi.eu\/wp-content\/uploads\/2023\/10\/image_6483441-10-681x1024.jpg 681w, https:\/\/www.romaoggi.eu\/wp-content\/uploads\/2023\/10\/image_6483441-10-200x300.jpg 200w, https:\/\/www.romaoggi.eu\/wp-content\/uploads\/2023\/10\/image_6483441-10-1022x1536.jpg 1022w, https:\/\/www.romaoggi.eu\/wp-content\/uploads\/2023\/10\/image_6483441-10.jpg 1331w\" sizes=\"auto, (max-width: 681px) 100vw, 681px\" \/><\/p>\n<p style=\"text-align: justify;\"><strong><i>Emanuele il vostro \u00e8 stato uno dei settori maggiormente colpiti negli ultimi anni, come \u00e8\u00a0 stato quel brutto anno di pandemia per voi e quali sono state le attivit\u00e0 che avete dovuto affrontare per correre ai ripari?\u00a0<\/i><\/strong><\/p>\n<p style=\"text-align: justify;\"><em><span style=\"font-weight: 400;\">&#8220;Se devo essere onesto io mi trovavo in Spagna, per esattezza a Madrid e devo dire che la pandemia l&#8217;ho sentita tantissimo. Abbiamo cercato di sopravvivere, un p\u00f2 come tutti, cercando anche di reinventarci in cose che non avevamo mai fatto. D&#8217;altronde l&#8217;unica cosa rimasta era quella di vivere la giornata con la spensieratezza. Durante la pandemia ho letto tanto, creato un format dove si cucinava delle ricette casalinghe, mi sono dedicato molto a me stesso che purtroppo presi dalla vita frenetica ci rimane sempre pochissimo tempo. Per\u00f2 la pandemia ci ha anche insegnato ad essere pi\u00f9 ottimisti e forti, perch\u00e9 a cadere ci si mette un attimo \u00e8 la salita che rimane sempre quella difficile&#8221;.\u00a0<\/span><\/em><\/p>\n<p style=\"text-align: justify;\"><strong><i>Quest&#8217;anno la stagione segna numeri da record.. Come nasce la tua brillante carriera in questo settore?\u00a0<\/i><\/strong><\/p>\n<p style=\"text-align: justify;\"><em><span style=\"font-weight: 400;\">&#8220;Ho sempre partecipato a grandi eventi come show-cooking, ero un pasticcere e mi invitavano sempre a fare dimostrazioni di dolci. L&#8217;organizzazione, gli allestimenti, gli sposi mi hanno sempre affascinato, cos\u00ec da iscrivermi in una accademia di Wedding planner qui a Roma. Tanta formazione, gavetta, tanti no e decisioni difficili da prendere per inseguire il mio grande sogno nascosto. Ecco come nasce, da un grande sogno nascosto che finalmente sono riuscito a tirare fuori&#8221;.\u00a0<\/span><\/em><\/p>\n<p><strong><i>Sei giovane ma determinato, richiesto in lungo e in largo dello stivale, a cosa devi il segreto del tuo successo?\u00a0<\/i><\/strong><\/p>\n<p><span style=\"font-weight: 400;\">Sono del segno del Toro, quindi devo tutto alla mia grande determinazione e ambizione con il quale affronto ogni giorno la mia vita.\u00a0<\/span><\/p>\n<p><strong><i>Questo settore oltre ad essere in ascesa \u00e8 sempre in continua evoluzione, come deve essere affrontato il cambiamento del tempo, delle mode, uso e costumi?\u00a0<\/i><\/strong><\/p>\n<p><em><span style=\"font-weight: 400;\">&#8220;Sicuramente rispetto gli anni precedenti i matrimoni si sono evoluti <\/span><span style=\"font-weight: 400;\">sempre di pi\u00f9, ad oggi gli sposi vogliono un matrimonio da favola e nello stesso modo far sognare anche gli ospiti. Sono un grande amante dei cambiamenti e continue evoluzioni, mi piace essere aggiornato e cercare di trovare una soluzione che ancora non esiste. D&#8217;altronde il nostro lavoro \u00e8 questo, aggiornarsi e girare un film da sogno&#8221;.\u00a0<\/span><\/em><\/p>\n<p><img loading=\"lazy\" decoding=\"async\" class=\"aligncenter wp-image-35985 size-large\" src=\"https:\/\/www.romaoggi.eu\/wp-content\/uploads\/2023\/10\/image_6483441-9-682x1024.jpg\" alt=\"\" width=\"682\" height=\"1024\" srcset=\"https:\/\/www.romaoggi.eu\/wp-content\/uploads\/2023\/10\/image_6483441-9-682x1024.jpg 682w, https:\/\/www.romaoggi.eu\/wp-content\/uploads\/2023\/10\/image_6483441-9-200x300.jpg 200w, https:\/\/www.romaoggi.eu\/wp-content\/uploads\/2023\/10\/image_6483441-9-1024x1536.jpg 1024w, https:\/\/www.romaoggi.eu\/wp-content\/uploads\/2023\/10\/image_6483441-9-1365x2048.jpg 1365w, https:\/\/www.romaoggi.eu\/wp-content\/uploads\/2023\/10\/image_6483441-9.jpg 1706w\" sizes=\"auto, (max-width: 682px) 100vw, 682px\" \/><\/p>\n<p>&nbsp;<\/p>\n<p><strong><i>Vuoi raccontare ai nostri lettori una novit\u00e0 che vedremo nella prossima stagione?\u00a0<\/i><\/strong><\/p>\n<p><em><span style=\"font-weight: 400;\">&#8220;Ci sono tantissime novit\u00e0 da raccontare, perch\u00e9 svelare tutto adesso? Un p\u00f2 di suspance ci vuole. Sono sicuro che non vi deluder\u00f2 mai!&#8221;.\u00a0<\/span><\/em><\/p>\n<p><strong><i>I tuoi progetti futuri? Vuoi svelarci qualcosa..\u00a0<\/i><\/strong><\/p>\n<p><span style=\"font-weight: 400;\">&#8220;<em>Tanti progetti futuri, sono un fiume di idee. Mi sveglio la mattina e scrivo tutto quello che deve essere fatto, ho come l&#8217;impressione che la mia testa \u00e8 una macchina di idee che devono essere portate a termine. Quindi cari lettori, rimanete sintonizzati, perch\u00e9 insieme andremo a fare un grande sogno!&#8221;.<\/em><\/span><\/p>\n","protected":false},"excerpt":{"rendered":"<div class=\"mh-excerpt\"><p>A tu per tu con l\u2019Event Planner Emanuele Salci Gli operatori dell&#8217; organizzazione di matrimoni sono stati fra i pi\u00f9 colpiti durante la pandemia. Eventi e cerimonie annullate ma quest&#8217; anno il fatturato ha dimostrato <a class=\"mh-excerpt-more\" href=\"https:\/\/www.romaoggi.eu\/index.php\/2023\/10\/05\/levent-planner-emanuele-salci-ci-racconta-del-suo-successo-a-madrid\/\" title=\"L\u2019Event Planner Emanuele Salci ci racconta del suo successo a Madrid\">[&#8230;]<\/a><\/p>\n<\/div>","protected":false},"author":1,"featured_media":35983,"comment_status":"closed","ping_status":"open","sticky":false,"template":"","format":"standard","meta":{"_sitemap_exclude":false,"_sitemap_priority":"","_sitemap_frequency":"","footnotes":""},"categories":[5273],"tags":[17056,17057,995,17058,13750,14192,2379,12693],"class_list":["post-35982","post","type-post","status-publish","format-standard","has-post-thumbnail","hentry","category-oltre-roma","tag-emanuele-salci","tag-event-planner","tag-madrid","tag-matrimoni","tag-pandemia","tag-spagna","tag-wedding","tag-wedding-planner"],"yoast_head":"<!-- This site is optimized with the Yoast SEO plugin v27.5 - https:\/\/yoast.com\/product\/yoast-seo-wordpress\/ -->\n<title>L\u2019Event Planner Emanuele Salci ci racconta del suo successo a Madrid<\/title>\n<meta name=\"description\" content=\"A tu per tu con l\u2019Event Planner Emanuele Salci Gli operatori dell&#039; organizzazione di matrimoni sono stati fra i pi\u00f9 colpiti durante la pandemia. Eventi e\" \/>\n<meta name=\"robots\" content=\"index, follow, max-snippet:-1, max-image-preview:large, max-video-preview:-1\" \/>\n<link rel=\"canonical\" href=\"https:\/\/www.romaoggi.eu\/index.php\/2023\/10\/05\/levent-planner-emanuele-salci-ci-racconta-del-suo-successo-a-madrid\/\" \/>\n<meta property=\"og:locale\" content=\"it_IT\" \/>\n<meta property=\"og:type\" content=\"article\" \/>\n<meta property=\"og:title\" content=\"L\u2019Event Planner Emanuele Salci ci racconta del suo successo a Madrid\" \/>\n<meta property=\"og:description\" content=\"A tu per tu con l\u2019Event Planner Emanuele Salci Gli operatori dell&#039; organizzazione di matrimoni sono stati fra i pi\u00f9 colpiti durante la pandemia. Eventi e\" \/>\n<meta property=\"og:url\" content=\"https:\/\/www.romaoggi.eu\/index.php\/2023\/10\/05\/levent-planner-emanuele-salci-ci-racconta-del-suo-successo-a-madrid\/\" \/>\n<meta property=\"og:site_name\" content=\"roma oggi\" \/>\n<meta property=\"article:publisher\" content=\"https:\/\/www.facebook.com\/RomaOggi-841544845954114\" \/>\n<meta property=\"article:published_time\" content=\"2023-10-05T13:45:35+00:00\" \/>\n<meta property=\"article:modified_time\" content=\"2023-10-05T13:55:40+00:00\" \/>\n<meta property=\"og:image\" content=\"https:\/\/www.romaoggi.eu\/wp-content\/uploads\/2023\/10\/image_6483441-3.jpg\" \/>\n\t<meta property=\"og:image:width\" content=\"331\" \/>\n\t<meta property=\"og:image:height\" content=\"310\" \/>\n\t<meta property=\"og:image:type\" content=\"image\/jpeg\" \/>\n<meta name=\"author\" content=\"admin\" \/>\n<meta name=\"twitter:card\" content=\"summary_large_image\" \/>\n<meta name=\"twitter:creator\" content=\"@romaoggi_eu\" \/>\n<meta name=\"twitter:site\" content=\"@romaoggi_eu\" \/>\n<meta name=\"twitter:label1\" content=\"Scritto da\" \/>\n\t<meta name=\"twitter:data1\" content=\"admin\" \/>\n\t<meta name=\"twitter:label2\" content=\"Tempo di lettura stimato\" \/>\n\t<meta name=\"twitter:data2\" content=\"4 minuti\" \/>\n<script type=\"application\/ld+json\" class=\"yoast-schema-graph\">{\"@context\":\"https:\\\/\\\/schema.org\",\"@graph\":[{\"@type\":\"Article\",\"@id\":\"https:\\\/\\\/www.romaoggi.eu\\\/index.php\\\/2023\\\/10\\\/05\\\/levent-planner-emanuele-salci-ci-racconta-del-suo-successo-a-madrid\\\/#article\",\"isPartOf\":{\"@id\":\"https:\\\/\\\/www.romaoggi.eu\\\/index.php\\\/2023\\\/10\\\/05\\\/levent-planner-emanuele-salci-ci-racconta-del-suo-successo-a-madrid\\\/\"},\"author\":{\"name\":\"admin\",\"@id\":\"https:\\\/\\\/www.romaoggi.eu\\\/#\\\/schema\\\/person\\\/9b23ceb6a2992a25e98c76a5f1fbb887\"},\"headline\":\"L\u2019Event Planner Emanuele Salci ci racconta del suo successo a Madrid\",\"datePublished\":\"2023-10-05T13:45:35+00:00\",\"dateModified\":\"2023-10-05T13:55:40+00:00\",\"mainEntityOfPage\":{\"@id\":\"https:\\\/\\\/www.romaoggi.eu\\\/index.php\\\/2023\\\/10\\\/05\\\/levent-planner-emanuele-salci-ci-racconta-del-suo-successo-a-madrid\\\/\"},\"wordCount\":560,\"publisher\":{\"@id\":\"https:\\\/\\\/www.romaoggi.eu\\\/#organization\"},\"image\":{\"@id\":\"https:\\\/\\\/www.romaoggi.eu\\\/index.php\\\/2023\\\/10\\\/05\\\/levent-planner-emanuele-salci-ci-racconta-del-suo-successo-a-madrid\\\/#primaryimage\"},\"thumbnailUrl\":\"https:\\\/\\\/www.romaoggi.eu\\\/wp-content\\\/uploads\\\/2023\\\/10\\\/image_6483441-3.jpg\",\"keywords\":[\"emanuele salci\",\"event planner\",\"madrid\",\"matrimoni\",\"pandemia\",\"spagna\",\"Wedding\",\"wedding planner\"],\"articleSection\":[\"oltre Roma\"],\"inLanguage\":\"it-IT\"},{\"@type\":\"WebPage\",\"@id\":\"https:\\\/\\\/www.romaoggi.eu\\\/index.php\\\/2023\\\/10\\\/05\\\/levent-planner-emanuele-salci-ci-racconta-del-suo-successo-a-madrid\\\/\",\"url\":\"https:\\\/\\\/www.romaoggi.eu\\\/index.php\\\/2023\\\/10\\\/05\\\/levent-planner-emanuele-salci-ci-racconta-del-suo-successo-a-madrid\\\/\",\"name\":\"L\u2019Event Planner Emanuele Salci ci racconta del suo successo a Madrid\",\"isPartOf\":{\"@id\":\"https:\\\/\\\/www.romaoggi.eu\\\/#website\"},\"primaryImageOfPage\":{\"@id\":\"https:\\\/\\\/www.romaoggi.eu\\\/index.php\\\/2023\\\/10\\\/05\\\/levent-planner-emanuele-salci-ci-racconta-del-suo-successo-a-madrid\\\/#primaryimage\"},\"image\":{\"@id\":\"https:\\\/\\\/www.romaoggi.eu\\\/index.php\\\/2023\\\/10\\\/05\\\/levent-planner-emanuele-salci-ci-racconta-del-suo-successo-a-madrid\\\/#primaryimage\"},\"thumbnailUrl\":\"https:\\\/\\\/www.romaoggi.eu\\\/wp-content\\\/uploads\\\/2023\\\/10\\\/image_6483441-3.jpg\",\"datePublished\":\"2023-10-05T13:45:35+00:00\",\"dateModified\":\"2023-10-05T13:55:40+00:00\",\"description\":\"A tu per tu con l\u2019Event Planner Emanuele Salci Gli operatori dell' organizzazione di matrimoni sono stati fra i pi\u00f9 colpiti durante la pandemia. Eventi e\",\"breadcrumb\":{\"@id\":\"https:\\\/\\\/www.romaoggi.eu\\\/index.php\\\/2023\\\/10\\\/05\\\/levent-planner-emanuele-salci-ci-racconta-del-suo-successo-a-madrid\\\/#breadcrumb\"},\"inLanguage\":\"it-IT\",\"potentialAction\":[{\"@type\":\"ReadAction\",\"target\":[\"https:\\\/\\\/www.romaoggi.eu\\\/index.php\\\/2023\\\/10\\\/05\\\/levent-planner-emanuele-salci-ci-racconta-del-suo-successo-a-madrid\\\/\"]}]},{\"@type\":\"ImageObject\",\"inLanguage\":\"it-IT\",\"@id\":\"https:\\\/\\\/www.romaoggi.eu\\\/index.php\\\/2023\\\/10\\\/05\\\/levent-planner-emanuele-salci-ci-racconta-del-suo-successo-a-madrid\\\/#primaryimage\",\"url\":\"https:\\\/\\\/www.romaoggi.eu\\\/wp-content\\\/uploads\\\/2023\\\/10\\\/image_6483441-3.jpg\",\"contentUrl\":\"https:\\\/\\\/www.romaoggi.eu\\\/wp-content\\\/uploads\\\/2023\\\/10\\\/image_6483441-3.jpg\",\"width\":331,\"height\":310,\"caption\":\"Emanuele Salci\"},{\"@type\":\"BreadcrumbList\",\"@id\":\"https:\\\/\\\/www.romaoggi.eu\\\/index.php\\\/2023\\\/10\\\/05\\\/levent-planner-emanuele-salci-ci-racconta-del-suo-successo-a-madrid\\\/#breadcrumb\",\"itemListElement\":[{\"@type\":\"ListItem\",\"position\":1,\"name\":\"Home\",\"item\":\"https:\\\/\\\/www.romaoggi.eu\\\/\"},{\"@type\":\"ListItem\",\"position\":2,\"name\":\"L\u2019Event Planner Emanuele Salci ci racconta del suo successo a Madrid\"}]},{\"@type\":\"WebSite\",\"@id\":\"https:\\\/\\\/www.romaoggi.eu\\\/#website\",\"url\":\"https:\\\/\\\/www.romaoggi.eu\\\/\",\"name\":\"roma oggi\",\"description\":\"Interesting News for Interesting people\",\"publisher\":{\"@id\":\"https:\\\/\\\/www.romaoggi.eu\\\/#organization\"},\"potentialAction\":[{\"@type\":\"SearchAction\",\"target\":{\"@type\":\"EntryPoint\",\"urlTemplate\":\"https:\\\/\\\/www.romaoggi.eu\\\/?s={search_term_string}\"},\"query-input\":{\"@type\":\"PropertyValueSpecification\",\"valueRequired\":true,\"valueName\":\"search_term_string\"}}],\"inLanguage\":\"it-IT\"},{\"@type\":\"Organization\",\"@id\":\"https:\\\/\\\/www.romaoggi.eu\\\/#organization\",\"name\":\"RomaOggi\",\"url\":\"https:\\\/\\\/www.romaoggi.eu\\\/\",\"logo\":{\"@type\":\"ImageObject\",\"inLanguage\":\"it-IT\",\"@id\":\"https:\\\/\\\/www.romaoggi.eu\\\/#\\\/schema\\\/logo\\\/image\\\/\",\"url\":\"https:\\\/\\\/www.romaoggi.eu\\\/wp-content\\\/uploads\\\/2017\\\/04\\\/logowp.jpg\",\"contentUrl\":\"https:\\\/\\\/www.romaoggi.eu\\\/wp-content\\\/uploads\\\/2017\\\/04\\\/logowp.jpg\",\"width\":300,\"height\":133,\"caption\":\"RomaOggi\"},\"image\":{\"@id\":\"https:\\\/\\\/www.romaoggi.eu\\\/#\\\/schema\\\/logo\\\/image\\\/\"},\"sameAs\":[\"https:\\\/\\\/www.facebook.com\\\/RomaOggi-841544845954114\",\"https:\\\/\\\/x.com\\\/romaoggi_eu\"]},{\"@type\":\"Person\",\"@id\":\"https:\\\/\\\/www.romaoggi.eu\\\/#\\\/schema\\\/person\\\/9b23ceb6a2992a25e98c76a5f1fbb887\",\"name\":\"admin\",\"image\":{\"@type\":\"ImageObject\",\"inLanguage\":\"it-IT\",\"@id\":\"https:\\\/\\\/secure.gravatar.com\\\/avatar\\\/51b1e0a1f4159e3b5d89435fce5e1a348d6c59e2ff8c2d428dae75560aace504?s=96&d=mm&r=g\",\"url\":\"https:\\\/\\\/secure.gravatar.com\\\/avatar\\\/51b1e0a1f4159e3b5d89435fce5e1a348d6c59e2ff8c2d428dae75560aace504?s=96&d=mm&r=g\",\"contentUrl\":\"https:\\\/\\\/secure.gravatar.com\\\/avatar\\\/51b1e0a1f4159e3b5d89435fce5e1a348d6c59e2ff8c2d428dae75560aace504?s=96&d=mm&r=g\",\"caption\":\"admin\"},\"url\":\"https:\\\/\\\/www.romaoggi.eu\\\/index.php\\\/author\\\/admin\\\/\"}]}<\/script>\n<!-- \/ Yoast SEO plugin. -->","yoast_head_json":{"title":"L\u2019Event Planner Emanuele Salci ci racconta del suo successo a Madrid","description":"A tu per tu con l\u2019Event Planner Emanuele Salci Gli operatori dell' organizzazione di matrimoni sono stati fra i pi\u00f9 colpiti durante la pandemia. Eventi e","robots":{"index":"index","follow":"follow","max-snippet":"max-snippet:-1","max-image-preview":"max-image-preview:large","max-video-preview":"max-video-preview:-1"},"canonical":"https:\/\/www.romaoggi.eu\/index.php\/2023\/10\/05\/levent-planner-emanuele-salci-ci-racconta-del-suo-successo-a-madrid\/","og_locale":"it_IT","og_type":"article","og_title":"L\u2019Event Planner Emanuele Salci ci racconta del suo successo a Madrid","og_description":"A tu per tu con l\u2019Event Planner Emanuele Salci Gli operatori dell' organizzazione di matrimoni sono stati fra i pi\u00f9 colpiti durante la pandemia. Eventi e","og_url":"https:\/\/www.romaoggi.eu\/index.php\/2023\/10\/05\/levent-planner-emanuele-salci-ci-racconta-del-suo-successo-a-madrid\/","og_site_name":"roma oggi","article_publisher":"https:\/\/www.facebook.com\/RomaOggi-841544845954114","article_published_time":"2023-10-05T13:45:35+00:00","article_modified_time":"2023-10-05T13:55:40+00:00","og_image":[{"width":331,"height":310,"url":"https:\/\/www.romaoggi.eu\/wp-content\/uploads\/2023\/10\/image_6483441-3.jpg","type":"image\/jpeg"}],"author":"admin","twitter_card":"summary_large_image","twitter_creator":"@romaoggi_eu","twitter_site":"@romaoggi_eu","twitter_misc":{"Scritto da":"admin","Tempo di lettura stimato":"4 minuti"},"schema":{"@context":"https:\/\/schema.org","@graph":[{"@type":"Article","@id":"https:\/\/www.romaoggi.eu\/index.php\/2023\/10\/05\/levent-planner-emanuele-salci-ci-racconta-del-suo-successo-a-madrid\/#article","isPartOf":{"@id":"https:\/\/www.romaoggi.eu\/index.php\/2023\/10\/05\/levent-planner-emanuele-salci-ci-racconta-del-suo-successo-a-madrid\/"},"author":{"name":"admin","@id":"https:\/\/www.romaoggi.eu\/#\/schema\/person\/9b23ceb6a2992a25e98c76a5f1fbb887"},"headline":"L\u2019Event Planner Emanuele Salci ci racconta del suo successo a Madrid","datePublished":"2023-10-05T13:45:35+00:00","dateModified":"2023-10-05T13:55:40+00:00","mainEntityOfPage":{"@id":"https:\/\/www.romaoggi.eu\/index.php\/2023\/10\/05\/levent-planner-emanuele-salci-ci-racconta-del-suo-successo-a-madrid\/"},"wordCount":560,"publisher":{"@id":"https:\/\/www.romaoggi.eu\/#organization"},"image":{"@id":"https:\/\/www.romaoggi.eu\/index.php\/2023\/10\/05\/levent-planner-emanuele-salci-ci-racconta-del-suo-successo-a-madrid\/#primaryimage"},"thumbnailUrl":"https:\/\/www.romaoggi.eu\/wp-content\/uploads\/2023\/10\/image_6483441-3.jpg","keywords":["emanuele salci","event planner","madrid","matrimoni","pandemia","spagna","Wedding","wedding planner"],"articleSection":["oltre Roma"],"inLanguage":"it-IT"},{"@type":"WebPage","@id":"https:\/\/www.romaoggi.eu\/index.php\/2023\/10\/05\/levent-planner-emanuele-salci-ci-racconta-del-suo-successo-a-madrid\/","url":"https:\/\/www.romaoggi.eu\/index.php\/2023\/10\/05\/levent-planner-emanuele-salci-ci-racconta-del-suo-successo-a-madrid\/","name":"L\u2019Event Planner Emanuele Salci ci racconta del suo successo a Madrid","isPartOf":{"@id":"https:\/\/www.romaoggi.eu\/#website"},"primaryImageOfPage":{"@id":"https:\/\/www.romaoggi.eu\/index.php\/2023\/10\/05\/levent-planner-emanuele-salci-ci-racconta-del-suo-successo-a-madrid\/#primaryimage"},"image":{"@id":"https:\/\/www.romaoggi.eu\/index.php\/2023\/10\/05\/levent-planner-emanuele-salci-ci-racconta-del-suo-successo-a-madrid\/#primaryimage"},"thumbnailUrl":"https:\/\/www.romaoggi.eu\/wp-content\/uploads\/2023\/10\/image_6483441-3.jpg","datePublished":"2023-10-05T13:45:35+00:00","dateModified":"2023-10-05T13:55:40+00:00","description":"A tu per tu con l\u2019Event Planner Emanuele Salci Gli operatori dell' organizzazione di matrimoni sono stati fra i pi\u00f9 colpiti durante la pandemia. Eventi e","breadcrumb":{"@id":"https:\/\/www.romaoggi.eu\/index.php\/2023\/10\/05\/levent-planner-emanuele-salci-ci-racconta-del-suo-successo-a-madrid\/#breadcrumb"},"inLanguage":"it-IT","potentialAction":[{"@type":"ReadAction","target":["https:\/\/www.romaoggi.eu\/index.php\/2023\/10\/05\/levent-planner-emanuele-salci-ci-racconta-del-suo-successo-a-madrid\/"]}]},{"@type":"ImageObject","inLanguage":"it-IT","@id":"https:\/\/www.romaoggi.eu\/index.php\/2023\/10\/05\/levent-planner-emanuele-salci-ci-racconta-del-suo-successo-a-madrid\/#primaryimage","url":"https:\/\/www.romaoggi.eu\/wp-content\/uploads\/2023\/10\/image_6483441-3.jpg","contentUrl":"https:\/\/www.romaoggi.eu\/wp-content\/uploads\/2023\/10\/image_6483441-3.jpg","width":331,"height":310,"caption":"Emanuele Salci"},{"@type":"BreadcrumbList","@id":"https:\/\/www.romaoggi.eu\/index.php\/2023\/10\/05\/levent-planner-emanuele-salci-ci-racconta-del-suo-successo-a-madrid\/#breadcrumb","itemListElement":[{"@type":"ListItem","position":1,"name":"Home","item":"https:\/\/www.romaoggi.eu\/"},{"@type":"ListItem","position":2,"name":"L\u2019Event Planner Emanuele Salci ci racconta del suo successo a Madrid"}]},{"@type":"WebSite","@id":"https:\/\/www.romaoggi.eu\/#website","url":"https:\/\/www.romaoggi.eu\/","name":"roma oggi","description":"Interesting News for Interesting people","publisher":{"@id":"https:\/\/www.romaoggi.eu\/#organization"},"potentialAction":[{"@type":"SearchAction","target":{"@type":"EntryPoint","urlTemplate":"https:\/\/www.romaoggi.eu\/?s={search_term_string}"},"query-input":{"@type":"PropertyValueSpecification","valueRequired":true,"valueName":"search_term_string"}}],"inLanguage":"it-IT"},{"@type":"Organization","@id":"https:\/\/www.romaoggi.eu\/#organization","name":"RomaOggi","url":"https:\/\/www.romaoggi.eu\/","logo":{"@type":"ImageObject","inLanguage":"it-IT","@id":"https:\/\/www.romaoggi.eu\/#\/schema\/logo\/image\/","url":"https:\/\/www.romaoggi.eu\/wp-content\/uploads\/2017\/04\/logowp.jpg","contentUrl":"https:\/\/www.romaoggi.eu\/wp-content\/uploads\/2017\/04\/logowp.jpg","width":300,"height":133,"caption":"RomaOggi"},"image":{"@id":"https:\/\/www.romaoggi.eu\/#\/schema\/logo\/image\/"},"sameAs":["https:\/\/www.facebook.com\/RomaOggi-841544845954114","https:\/\/x.com\/romaoggi_eu"]},{"@type":"Person","@id":"https:\/\/www.romaoggi.eu\/#\/schema\/person\/9b23ceb6a2992a25e98c76a5f1fbb887","name":"admin","image":{"@type":"ImageObject","inLanguage":"it-IT","@id":"https:\/\/secure.gravatar.com\/avatar\/51b1e0a1f4159e3b5d89435fce5e1a348d6c59e2ff8c2d428dae75560aace504?s=96&d=mm&r=g","url":"https:\/\/secure.gravatar.com\/avatar\/51b1e0a1f4159e3b5d89435fce5e1a348d6c59e2ff8c2d428dae75560aace504?s=96&d=mm&r=g","contentUrl":"https:\/\/secure.gravatar.com\/avatar\/51b1e0a1f4159e3b5d89435fce5e1a348d6c59e2ff8c2d428dae75560aace504?s=96&d=mm&r=g","caption":"admin"},"url":"https:\/\/www.romaoggi.eu\/index.php\/author\/admin\/"}]}},"_links":{"self":[{"href":"https:\/\/www.romaoggi.eu\/index.php\/wp-json\/wp\/v2\/posts\/35982","targetHints":{"allow":["GET"]}}],"collection":[{"href":"https:\/\/www.romaoggi.eu\/index.php\/wp-json\/wp\/v2\/posts"}],"about":[{"href":"https:\/\/www.romaoggi.eu\/index.php\/wp-json\/wp\/v2\/types\/post"}],"author":[{"embeddable":true,"href":"https:\/\/www.romaoggi.eu\/index.php\/wp-json\/wp\/v2\/users\/1"}],"replies":[{"embeddable":true,"href":"https:\/\/www.romaoggi.eu\/index.php\/wp-json\/wp\/v2\/comments?post=35982"}],"version-history":[{"count":4,"href":"https:\/\/www.romaoggi.eu\/index.php\/wp-json\/wp\/v2\/posts\/35982\/revisions"}],"predecessor-version":[{"id":35989,"href":"https:\/\/www.romaoggi.eu\/index.php\/wp-json\/wp\/v2\/posts\/35982\/revisions\/35989"}],"wp:featuredmedia":[{"embeddable":true,"href":"https:\/\/www.romaoggi.eu\/index.php\/wp-json\/wp\/v2\/media\/35983"}],"wp:attachment":[{"href":"https:\/\/www.romaoggi.eu\/index.php\/wp-json\/wp\/v2\/media?parent=35982"}],"wp:term":[{"taxonomy":"category","embeddable":true,"href":"https:\/\/www.romaoggi.eu\/index.php\/wp-json\/wp\/v2\/categories?post=35982"},{"taxonomy":"post_tag","embeddable":true,"href":"https:\/\/www.romaoggi.eu\/index.php\/wp-json\/wp\/v2\/tags?post=35982"}],"curies":[{"name":"wp","href":"https:\/\/api.w.org\/{rel}","templated":true}]}}