{"id":36249,"date":"2023-11-27T10:43:37","date_gmt":"2023-11-27T09:43:37","guid":{"rendered":"https:\/\/www.romaoggi.eu\/?p=36249"},"modified":"2023-11-27T10:43:37","modified_gmt":"2023-11-27T09:43:37","slug":"il-boudoir-del-gentiluomo-il-nuovo-libro-di-niky-marcelli","status":"publish","type":"post","link":"https:\/\/www.romaoggi.eu\/index.php\/2023\/11\/27\/il-boudoir-del-gentiluomo-il-nuovo-libro-di-niky-marcelli\/","title":{"rendered":"&#8220;Il Boudoir del Gentiluomo&#8221; il nuovo libro di Niky Marcelli"},"content":{"rendered":"<p style=\"text-align: justify;\"><strong>Il pamphlet di Niky Marcelli &#8220;<em>Il Boudoir del Gentiluomo&#8221; <\/em>contro l\u2019ineleganza maschile dilagante &#8220;<\/strong><strong>Uomini, come vi vestite male!&#8221; in uscita il 1\u00b0dicembre.<\/strong><\/p>\n<p style=\"text-align: justify;\"><strong>Ne &#8220;<em>Il Boudoir del Gentiluomo<\/em>, lo scrittore affronta quella che definisce \u201cuna vera e propria piaga dell\u2019incivilt\u00e0 moderna\u201d e ed elargisce \u201cconsigli non richiesti, ma utili\u201d per debellarla. <\/strong><strong>Prefazione di Bonizza Giordani Aragno.<\/strong><\/p>\n<p style=\"text-align: justify;\"><strong>\u00a0<\/strong>Cosa non dovrebbe mai mancare nel guardaroba di un gentiluomo che voglia dirsi elegante e cosa, per converso, quest\u2019ultimo non dovrebbe indossare <u>mai<\/u>?<\/p>\n<p style=\"text-align: justify;\">Prova a rispondere a questo annoso quesito, con le consuete ironia e arguzia che lo contraddistinguono, il <em>dandyssimo<\/em> scrittore <strong>Niky Marcelli<\/strong> nel suo pamphlet <em>Il Boudoir del Gentiluomo<\/em>, in uscita a dicembre per i tipi di <strong><a href=\"https:\/\/www.edizioniclandestine.it\/\">Edizioni Clandestine, Gruppo Santelli<\/a><em>.<\/em><\/strong><\/p>\n<p><img loading=\"lazy\" decoding=\"async\" class=\"aligncenter wp-image-36250 size-large\" src=\"https:\/\/www.romaoggi.eu\/wp-content\/uploads\/2023\/11\/COVER-BOUDOIR-1-682x1024.jpg\" alt=\"\" width=\"682\" height=\"1024\" srcset=\"https:\/\/www.romaoggi.eu\/wp-content\/uploads\/2023\/11\/COVER-BOUDOIR-1-682x1024.jpg 682w, https:\/\/www.romaoggi.eu\/wp-content\/uploads\/2023\/11\/COVER-BOUDOIR-1-200x300.jpg 200w, https:\/\/www.romaoggi.eu\/wp-content\/uploads\/2023\/11\/COVER-BOUDOIR-1-1024x1536.jpg 1024w, https:\/\/www.romaoggi.eu\/wp-content\/uploads\/2023\/11\/COVER-BOUDOIR-1.jpg 1333w\" sizes=\"auto, (max-width: 682px) 100vw, 682px\" \/><\/p>\n<p style=\"text-align: justify;\">Resosi infatti conto di quanto un odierno e malinteso concetto di \u201ccomodit\u00e0\u201d abbia soppiantato quello di \u201celeganza\u201d, Marcelli ci porta con questo divertente \u201clibello\u201d attraverso diversi secoli di moda maschile, raccontandoci le origini di molti degli indumenti che indossiamo ancora oggi.<\/p>\n<p style=\"text-align: justify;\">Come scrive la storica della moda e del costume <strong>Bonizza Giordani Aragno<\/strong> nella sua prefazione, <em>se la moda \u00e8 costruzione culturale, il <\/em>Boudoir del Gentiluomo<em> \u00e8 il punto di intersezione tra abito, corpo e forma. Autentiche riflessioni sulle recenti evoluzioni della moda maschile a favore di un\u2019eleganza contenuta e dove l\u2019apparenza si pone come indicatore sociale<\/em>. <em>Il libro compie un ipotetico itinerario tra moda e modi d\u2019intendere l\u2019abbigliamento maschile, tra tradizione e curiosit\u00e0, tra stile e tendenze. L\u2019Autore si pone con il giusto distacco verso il tema quotidiano a cui ognuno di noi, la mattina davanti al proprio boudoir, pensa: come mi vesto?<\/em><\/p>\n<p style=\"text-align: justify;\">Senza perdere il suo proverbiale senso dell\u2019umorismo n\u00e9 la sua leggerezza, <strong>Niky Marcelli<\/strong> ci consiglia quindi sui tessuti e sui tagli, invitandoci a non essere <em>fashion victims<\/em>, ma a cercare il nostro stile senza tenere troppo conto delle mode del momento e, soprattutto, a seguire sempre i dettami di quelli che chiama \u201cMadonna Sobriet\u00e0\u201d e \u201cMessere Buongusto\u201d. Questo senza ovviamente tralasciare la doverosa attenzione a quello che chiama \u201cla base\u201d, ovvero il nostro corpo.<\/p>\n<p style=\"text-align: justify;\">Perch\u00e9, sostiene, il nostro aspetto \u00e8 il nostro primo biglietto da visita e chi non ha cura e amore verso se stesso non pu\u00f2 averne nemmeno verso il suo prossimo. E lo stile \u00e8 tutto!<\/p>\n<figure id=\"attachment_36252\" aria-describedby=\"caption-attachment-36252\" style=\"width: 417px\" class=\"wp-caption aligncenter\"><img loading=\"lazy\" decoding=\"async\" class=\"wp-image-36252 size-full\" src=\"https:\/\/www.romaoggi.eu\/wp-content\/uploads\/2023\/11\/NIKY-MARCELLI-6-Ph-SIMONA-PONI.jpg\" alt=\"alt tag NIKY MARCELLI \" width=\"417\" height=\"625\" srcset=\"https:\/\/www.romaoggi.eu\/wp-content\/uploads\/2023\/11\/NIKY-MARCELLI-6-Ph-SIMONA-PONI.jpg 417w, https:\/\/www.romaoggi.eu\/wp-content\/uploads\/2023\/11\/NIKY-MARCELLI-6-Ph-SIMONA-PONI-200x300.jpg 200w\" sizes=\"auto, (max-width: 417px) 100vw, 417px\" \/><figcaption id=\"caption-attachment-36252\" class=\"wp-caption-text\">NIKY MARCELLI -Ph SIMONA PONI<\/figcaption><\/figure>\n<p>&nbsp;<\/p>\n<p>&nbsp;<\/p>\n","protected":false},"excerpt":{"rendered":"<div class=\"mh-excerpt\"><p>Il pamphlet di Niky Marcelli &#8220;Il Boudoir del Gentiluomo&#8221; contro l\u2019ineleganza maschile dilagante &#8220;Uomini, come vi vestite male!&#8221; in uscita il 1\u00b0dicembre. Ne &#8220;Il Boudoir del Gentiluomo, lo scrittore affronta quella che definisce \u201cuna vera <a class=\"mh-excerpt-more\" href=\"https:\/\/www.romaoggi.eu\/index.php\/2023\/11\/27\/il-boudoir-del-gentiluomo-il-nuovo-libro-di-niky-marcelli\/\" title=\"&#8220;Il Boudoir del Gentiluomo&#8221; il nuovo libro di Niky Marcelli\">[&#8230;]<\/a><\/p>\n<\/div>","protected":false},"author":1,"featured_media":36258,"comment_status":"closed","ping_status":"open","sticky":false,"template":"","format":"standard","meta":{"_sitemap_exclude":false,"_sitemap_priority":"","_sitemap_frequency":"","footnotes":""},"categories":[10],"tags":[17103,14772,17105,12427,17104,17106,17101,476,17102,9674],"class_list":["post-36249","post","type-post","status-publish","format-standard","has-post-thumbnail","hentry","category-libri","tag-boudoir","tag-consigli","tag-edizioni-clandestine","tag-eleganza","tag-gentiluomo","tag-gruppo-santelli","tag-libello","tag-libro","tag-moda-maschile","tag-niky-marcelli"],"yoast_head":"<!-- This site is optimized with the Yoast SEO plugin v27.5 - https:\/\/yoast.com\/product\/yoast-seo-wordpress\/ -->\n<title>&quot;Il Boudoir del Gentiluomo&quot; il nuovo libro di Niky Marcelli<\/title>\n<meta name=\"description\" content=\"Il pamphlet di Niky Marcelli &quot;Il Boudoir del Gentiluomo&quot; contro l\u2019ineleganza maschile dilagante &quot;Uomini, come vi vestite male!&quot; in uscita il 1\u00b0dicembre.\" \/>\n<meta name=\"robots\" content=\"index, follow, max-snippet:-1, max-image-preview:large, max-video-preview:-1\" \/>\n<link rel=\"canonical\" href=\"https:\/\/www.romaoggi.eu\/index.php\/2023\/11\/27\/il-boudoir-del-gentiluomo-il-nuovo-libro-di-niky-marcelli\/\" \/>\n<meta property=\"og:locale\" content=\"it_IT\" \/>\n<meta property=\"og:type\" content=\"article\" \/>\n<meta property=\"og:title\" content=\"&quot;Il Boudoir del Gentiluomo&quot; il nuovo libro di Niky Marcelli\" \/>\n<meta property=\"og:description\" content=\"Il pamphlet di Niky Marcelli &quot;Il Boudoir del Gentiluomo&quot; contro l\u2019ineleganza maschile dilagante &quot;Uomini, come vi vestite male!&quot; in uscita il 1\u00b0dicembre.\" \/>\n<meta property=\"og:url\" content=\"https:\/\/www.romaoggi.eu\/index.php\/2023\/11\/27\/il-boudoir-del-gentiluomo-il-nuovo-libro-di-niky-marcelli\/\" \/>\n<meta property=\"og:site_name\" content=\"roma oggi\" \/>\n<meta property=\"article:publisher\" content=\"https:\/\/www.facebook.com\/RomaOggi-841544845954114\" \/>\n<meta property=\"article:published_time\" content=\"2023-11-27T09:43:37+00:00\" \/>\n<meta property=\"og:image\" content=\"https:\/\/www.romaoggi.eu\/wp-content\/uploads\/2023\/11\/provaaaaaa-1.jpg\" \/>\n\t<meta property=\"og:image:width\" content=\"870\" \/>\n\t<meta property=\"og:image:height\" content=\"600\" \/>\n\t<meta property=\"og:image:type\" content=\"image\/jpeg\" \/>\n<meta name=\"author\" content=\"admin\" \/>\n<meta name=\"twitter:card\" content=\"summary_large_image\" \/>\n<meta name=\"twitter:creator\" content=\"@romaoggi_eu\" \/>\n<meta name=\"twitter:site\" content=\"@romaoggi_eu\" \/>\n<meta name=\"twitter:label1\" content=\"Scritto da\" \/>\n\t<meta name=\"twitter:data1\" content=\"admin\" \/>\n\t<meta name=\"twitter:label2\" content=\"Tempo di lettura stimato\" \/>\n\t<meta name=\"twitter:data2\" content=\"3 minuti\" \/>\n<script type=\"application\/ld+json\" class=\"yoast-schema-graph\">{\"@context\":\"https:\\\/\\\/schema.org\",\"@graph\":[{\"@type\":\"Article\",\"@id\":\"https:\\\/\\\/www.romaoggi.eu\\\/index.php\\\/2023\\\/11\\\/27\\\/il-boudoir-del-gentiluomo-il-nuovo-libro-di-niky-marcelli\\\/#article\",\"isPartOf\":{\"@id\":\"https:\\\/\\\/www.romaoggi.eu\\\/index.php\\\/2023\\\/11\\\/27\\\/il-boudoir-del-gentiluomo-il-nuovo-libro-di-niky-marcelli\\\/\"},\"author\":{\"name\":\"admin\",\"@id\":\"https:\\\/\\\/www.romaoggi.eu\\\/#\\\/schema\\\/person\\\/9b23ceb6a2992a25e98c76a5f1fbb887\"},\"headline\":\"&#8220;Il Boudoir del Gentiluomo&#8221; il nuovo libro di Niky Marcelli\",\"datePublished\":\"2023-11-27T09:43:37+00:00\",\"mainEntityOfPage\":{\"@id\":\"https:\\\/\\\/www.romaoggi.eu\\\/index.php\\\/2023\\\/11\\\/27\\\/il-boudoir-del-gentiluomo-il-nuovo-libro-di-niky-marcelli\\\/\"},\"wordCount\":400,\"publisher\":{\"@id\":\"https:\\\/\\\/www.romaoggi.eu\\\/#organization\"},\"image\":{\"@id\":\"https:\\\/\\\/www.romaoggi.eu\\\/index.php\\\/2023\\\/11\\\/27\\\/il-boudoir-del-gentiluomo-il-nuovo-libro-di-niky-marcelli\\\/#primaryimage\"},\"thumbnailUrl\":\"https:\\\/\\\/www.romaoggi.eu\\\/wp-content\\\/uploads\\\/2023\\\/11\\\/provaaaaaa-1.jpg\",\"keywords\":[\"Boudoir\",\"consigli\",\"Edizioni Clandestine\",\"eleganza\",\"gentiluomo\",\"Gruppo Santelli.\",\"libello\",\"libro\",\"moda maschile\",\"niky marcelli\"],\"articleSection\":[\"Libri\"],\"inLanguage\":\"it-IT\"},{\"@type\":\"WebPage\",\"@id\":\"https:\\\/\\\/www.romaoggi.eu\\\/index.php\\\/2023\\\/11\\\/27\\\/il-boudoir-del-gentiluomo-il-nuovo-libro-di-niky-marcelli\\\/\",\"url\":\"https:\\\/\\\/www.romaoggi.eu\\\/index.php\\\/2023\\\/11\\\/27\\\/il-boudoir-del-gentiluomo-il-nuovo-libro-di-niky-marcelli\\\/\",\"name\":\"\\\"Il Boudoir del Gentiluomo\\\" il nuovo libro di Niky Marcelli\",\"isPartOf\":{\"@id\":\"https:\\\/\\\/www.romaoggi.eu\\\/#website\"},\"primaryImageOfPage\":{\"@id\":\"https:\\\/\\\/www.romaoggi.eu\\\/index.php\\\/2023\\\/11\\\/27\\\/il-boudoir-del-gentiluomo-il-nuovo-libro-di-niky-marcelli\\\/#primaryimage\"},\"image\":{\"@id\":\"https:\\\/\\\/www.romaoggi.eu\\\/index.php\\\/2023\\\/11\\\/27\\\/il-boudoir-del-gentiluomo-il-nuovo-libro-di-niky-marcelli\\\/#primaryimage\"},\"thumbnailUrl\":\"https:\\\/\\\/www.romaoggi.eu\\\/wp-content\\\/uploads\\\/2023\\\/11\\\/provaaaaaa-1.jpg\",\"datePublished\":\"2023-11-27T09:43:37+00:00\",\"description\":\"Il pamphlet di Niky Marcelli \\\"Il Boudoir del Gentiluomo\\\" contro l\u2019ineleganza maschile dilagante \\\"Uomini, come vi vestite male!\\\" in uscita il 1\u00b0dicembre.\",\"breadcrumb\":{\"@id\":\"https:\\\/\\\/www.romaoggi.eu\\\/index.php\\\/2023\\\/11\\\/27\\\/il-boudoir-del-gentiluomo-il-nuovo-libro-di-niky-marcelli\\\/#breadcrumb\"},\"inLanguage\":\"it-IT\",\"potentialAction\":[{\"@type\":\"ReadAction\",\"target\":[\"https:\\\/\\\/www.romaoggi.eu\\\/index.php\\\/2023\\\/11\\\/27\\\/il-boudoir-del-gentiluomo-il-nuovo-libro-di-niky-marcelli\\\/\"]}]},{\"@type\":\"ImageObject\",\"inLanguage\":\"it-IT\",\"@id\":\"https:\\\/\\\/www.romaoggi.eu\\\/index.php\\\/2023\\\/11\\\/27\\\/il-boudoir-del-gentiluomo-il-nuovo-libro-di-niky-marcelli\\\/#primaryimage\",\"url\":\"https:\\\/\\\/www.romaoggi.eu\\\/wp-content\\\/uploads\\\/2023\\\/11\\\/provaaaaaa-1.jpg\",\"contentUrl\":\"https:\\\/\\\/www.romaoggi.eu\\\/wp-content\\\/uploads\\\/2023\\\/11\\\/provaaaaaa-1.jpg\",\"width\":870,\"height\":600},{\"@type\":\"BreadcrumbList\",\"@id\":\"https:\\\/\\\/www.romaoggi.eu\\\/index.php\\\/2023\\\/11\\\/27\\\/il-boudoir-del-gentiluomo-il-nuovo-libro-di-niky-marcelli\\\/#breadcrumb\",\"itemListElement\":[{\"@type\":\"ListItem\",\"position\":1,\"name\":\"Home\",\"item\":\"https:\\\/\\\/www.romaoggi.eu\\\/\"},{\"@type\":\"ListItem\",\"position\":2,\"name\":\"&#8220;Il Boudoir del Gentiluomo&#8221; il nuovo libro di Niky Marcelli\"}]},{\"@type\":\"WebSite\",\"@id\":\"https:\\\/\\\/www.romaoggi.eu\\\/#website\",\"url\":\"https:\\\/\\\/www.romaoggi.eu\\\/\",\"name\":\"roma oggi\",\"description\":\"Interesting News for Interesting people\",\"publisher\":{\"@id\":\"https:\\\/\\\/www.romaoggi.eu\\\/#organization\"},\"potentialAction\":[{\"@type\":\"SearchAction\",\"target\":{\"@type\":\"EntryPoint\",\"urlTemplate\":\"https:\\\/\\\/www.romaoggi.eu\\\/?s={search_term_string}\"},\"query-input\":{\"@type\":\"PropertyValueSpecification\",\"valueRequired\":true,\"valueName\":\"search_term_string\"}}],\"inLanguage\":\"it-IT\"},{\"@type\":\"Organization\",\"@id\":\"https:\\\/\\\/www.romaoggi.eu\\\/#organization\",\"name\":\"RomaOggi\",\"url\":\"https:\\\/\\\/www.romaoggi.eu\\\/\",\"logo\":{\"@type\":\"ImageObject\",\"inLanguage\":\"it-IT\",\"@id\":\"https:\\\/\\\/www.romaoggi.eu\\\/#\\\/schema\\\/logo\\\/image\\\/\",\"url\":\"https:\\\/\\\/www.romaoggi.eu\\\/wp-content\\\/uploads\\\/2017\\\/04\\\/logowp.jpg\",\"contentUrl\":\"https:\\\/\\\/www.romaoggi.eu\\\/wp-content\\\/uploads\\\/2017\\\/04\\\/logowp.jpg\",\"width\":300,\"height\":133,\"caption\":\"RomaOggi\"},\"image\":{\"@id\":\"https:\\\/\\\/www.romaoggi.eu\\\/#\\\/schema\\\/logo\\\/image\\\/\"},\"sameAs\":[\"https:\\\/\\\/www.facebook.com\\\/RomaOggi-841544845954114\",\"https:\\\/\\\/x.com\\\/romaoggi_eu\"]},{\"@type\":\"Person\",\"@id\":\"https:\\\/\\\/www.romaoggi.eu\\\/#\\\/schema\\\/person\\\/9b23ceb6a2992a25e98c76a5f1fbb887\",\"name\":\"admin\",\"image\":{\"@type\":\"ImageObject\",\"inLanguage\":\"it-IT\",\"@id\":\"https:\\\/\\\/secure.gravatar.com\\\/avatar\\\/51b1e0a1f4159e3b5d89435fce5e1a348d6c59e2ff8c2d428dae75560aace504?s=96&d=mm&r=g\",\"url\":\"https:\\\/\\\/secure.gravatar.com\\\/avatar\\\/51b1e0a1f4159e3b5d89435fce5e1a348d6c59e2ff8c2d428dae75560aace504?s=96&d=mm&r=g\",\"contentUrl\":\"https:\\\/\\\/secure.gravatar.com\\\/avatar\\\/51b1e0a1f4159e3b5d89435fce5e1a348d6c59e2ff8c2d428dae75560aace504?s=96&d=mm&r=g\",\"caption\":\"admin\"},\"url\":\"https:\\\/\\\/www.romaoggi.eu\\\/index.php\\\/author\\\/admin\\\/\"}]}<\/script>\n<!-- \/ Yoast SEO plugin. -->","yoast_head_json":{"title":"\"Il Boudoir del Gentiluomo\" il nuovo libro di Niky Marcelli","description":"Il pamphlet di Niky Marcelli \"Il Boudoir del Gentiluomo\" contro l\u2019ineleganza maschile dilagante \"Uomini, come vi vestite male!\" in uscita il 1\u00b0dicembre.","robots":{"index":"index","follow":"follow","max-snippet":"max-snippet:-1","max-image-preview":"max-image-preview:large","max-video-preview":"max-video-preview:-1"},"canonical":"https:\/\/www.romaoggi.eu\/index.php\/2023\/11\/27\/il-boudoir-del-gentiluomo-il-nuovo-libro-di-niky-marcelli\/","og_locale":"it_IT","og_type":"article","og_title":"\"Il Boudoir del Gentiluomo\" il nuovo libro di Niky Marcelli","og_description":"Il pamphlet di Niky Marcelli \"Il Boudoir del Gentiluomo\" contro l\u2019ineleganza maschile dilagante \"Uomini, come vi vestite male!\" in uscita il 1\u00b0dicembre.","og_url":"https:\/\/www.romaoggi.eu\/index.php\/2023\/11\/27\/il-boudoir-del-gentiluomo-il-nuovo-libro-di-niky-marcelli\/","og_site_name":"roma oggi","article_publisher":"https:\/\/www.facebook.com\/RomaOggi-841544845954114","article_published_time":"2023-11-27T09:43:37+00:00","og_image":[{"width":870,"height":600,"url":"https:\/\/www.romaoggi.eu\/wp-content\/uploads\/2023\/11\/provaaaaaa-1.jpg","type":"image\/jpeg"}],"author":"admin","twitter_card":"summary_large_image","twitter_creator":"@romaoggi_eu","twitter_site":"@romaoggi_eu","twitter_misc":{"Scritto da":"admin","Tempo di lettura stimato":"3 minuti"},"schema":{"@context":"https:\/\/schema.org","@graph":[{"@type":"Article","@id":"https:\/\/www.romaoggi.eu\/index.php\/2023\/11\/27\/il-boudoir-del-gentiluomo-il-nuovo-libro-di-niky-marcelli\/#article","isPartOf":{"@id":"https:\/\/www.romaoggi.eu\/index.php\/2023\/11\/27\/il-boudoir-del-gentiluomo-il-nuovo-libro-di-niky-marcelli\/"},"author":{"name":"admin","@id":"https:\/\/www.romaoggi.eu\/#\/schema\/person\/9b23ceb6a2992a25e98c76a5f1fbb887"},"headline":"&#8220;Il Boudoir del Gentiluomo&#8221; il nuovo libro di Niky Marcelli","datePublished":"2023-11-27T09:43:37+00:00","mainEntityOfPage":{"@id":"https:\/\/www.romaoggi.eu\/index.php\/2023\/11\/27\/il-boudoir-del-gentiluomo-il-nuovo-libro-di-niky-marcelli\/"},"wordCount":400,"publisher":{"@id":"https:\/\/www.romaoggi.eu\/#organization"},"image":{"@id":"https:\/\/www.romaoggi.eu\/index.php\/2023\/11\/27\/il-boudoir-del-gentiluomo-il-nuovo-libro-di-niky-marcelli\/#primaryimage"},"thumbnailUrl":"https:\/\/www.romaoggi.eu\/wp-content\/uploads\/2023\/11\/provaaaaaa-1.jpg","keywords":["Boudoir","consigli","Edizioni Clandestine","eleganza","gentiluomo","Gruppo Santelli.","libello","libro","moda maschile","niky marcelli"],"articleSection":["Libri"],"inLanguage":"it-IT"},{"@type":"WebPage","@id":"https:\/\/www.romaoggi.eu\/index.php\/2023\/11\/27\/il-boudoir-del-gentiluomo-il-nuovo-libro-di-niky-marcelli\/","url":"https:\/\/www.romaoggi.eu\/index.php\/2023\/11\/27\/il-boudoir-del-gentiluomo-il-nuovo-libro-di-niky-marcelli\/","name":"\"Il Boudoir del Gentiluomo\" il nuovo libro di Niky Marcelli","isPartOf":{"@id":"https:\/\/www.romaoggi.eu\/#website"},"primaryImageOfPage":{"@id":"https:\/\/www.romaoggi.eu\/index.php\/2023\/11\/27\/il-boudoir-del-gentiluomo-il-nuovo-libro-di-niky-marcelli\/#primaryimage"},"image":{"@id":"https:\/\/www.romaoggi.eu\/index.php\/2023\/11\/27\/il-boudoir-del-gentiluomo-il-nuovo-libro-di-niky-marcelli\/#primaryimage"},"thumbnailUrl":"https:\/\/www.romaoggi.eu\/wp-content\/uploads\/2023\/11\/provaaaaaa-1.jpg","datePublished":"2023-11-27T09:43:37+00:00","description":"Il pamphlet di Niky Marcelli \"Il Boudoir del Gentiluomo\" contro l\u2019ineleganza maschile dilagante \"Uomini, come vi vestite male!\" in uscita il 1\u00b0dicembre.","breadcrumb":{"@id":"https:\/\/www.romaoggi.eu\/index.php\/2023\/11\/27\/il-boudoir-del-gentiluomo-il-nuovo-libro-di-niky-marcelli\/#breadcrumb"},"inLanguage":"it-IT","potentialAction":[{"@type":"ReadAction","target":["https:\/\/www.romaoggi.eu\/index.php\/2023\/11\/27\/il-boudoir-del-gentiluomo-il-nuovo-libro-di-niky-marcelli\/"]}]},{"@type":"ImageObject","inLanguage":"it-IT","@id":"https:\/\/www.romaoggi.eu\/index.php\/2023\/11\/27\/il-boudoir-del-gentiluomo-il-nuovo-libro-di-niky-marcelli\/#primaryimage","url":"https:\/\/www.romaoggi.eu\/wp-content\/uploads\/2023\/11\/provaaaaaa-1.jpg","contentUrl":"https:\/\/www.romaoggi.eu\/wp-content\/uploads\/2023\/11\/provaaaaaa-1.jpg","width":870,"height":600},{"@type":"BreadcrumbList","@id":"https:\/\/www.romaoggi.eu\/index.php\/2023\/11\/27\/il-boudoir-del-gentiluomo-il-nuovo-libro-di-niky-marcelli\/#breadcrumb","itemListElement":[{"@type":"ListItem","position":1,"name":"Home","item":"https:\/\/www.romaoggi.eu\/"},{"@type":"ListItem","position":2,"name":"&#8220;Il Boudoir del Gentiluomo&#8221; il nuovo libro di Niky Marcelli"}]},{"@type":"WebSite","@id":"https:\/\/www.romaoggi.eu\/#website","url":"https:\/\/www.romaoggi.eu\/","name":"roma oggi","description":"Interesting News for Interesting people","publisher":{"@id":"https:\/\/www.romaoggi.eu\/#organization"},"potentialAction":[{"@type":"SearchAction","target":{"@type":"EntryPoint","urlTemplate":"https:\/\/www.romaoggi.eu\/?s={search_term_string}"},"query-input":{"@type":"PropertyValueSpecification","valueRequired":true,"valueName":"search_term_string"}}],"inLanguage":"it-IT"},{"@type":"Organization","@id":"https:\/\/www.romaoggi.eu\/#organization","name":"RomaOggi","url":"https:\/\/www.romaoggi.eu\/","logo":{"@type":"ImageObject","inLanguage":"it-IT","@id":"https:\/\/www.romaoggi.eu\/#\/schema\/logo\/image\/","url":"https:\/\/www.romaoggi.eu\/wp-content\/uploads\/2017\/04\/logowp.jpg","contentUrl":"https:\/\/www.romaoggi.eu\/wp-content\/uploads\/2017\/04\/logowp.jpg","width":300,"height":133,"caption":"RomaOggi"},"image":{"@id":"https:\/\/www.romaoggi.eu\/#\/schema\/logo\/image\/"},"sameAs":["https:\/\/www.facebook.com\/RomaOggi-841544845954114","https:\/\/x.com\/romaoggi_eu"]},{"@type":"Person","@id":"https:\/\/www.romaoggi.eu\/#\/schema\/person\/9b23ceb6a2992a25e98c76a5f1fbb887","name":"admin","image":{"@type":"ImageObject","inLanguage":"it-IT","@id":"https:\/\/secure.gravatar.com\/avatar\/51b1e0a1f4159e3b5d89435fce5e1a348d6c59e2ff8c2d428dae75560aace504?s=96&d=mm&r=g","url":"https:\/\/secure.gravatar.com\/avatar\/51b1e0a1f4159e3b5d89435fce5e1a348d6c59e2ff8c2d428dae75560aace504?s=96&d=mm&r=g","contentUrl":"https:\/\/secure.gravatar.com\/avatar\/51b1e0a1f4159e3b5d89435fce5e1a348d6c59e2ff8c2d428dae75560aace504?s=96&d=mm&r=g","caption":"admin"},"url":"https:\/\/www.romaoggi.eu\/index.php\/author\/admin\/"}]}},"_links":{"self":[{"href":"https:\/\/www.romaoggi.eu\/index.php\/wp-json\/wp\/v2\/posts\/36249","targetHints":{"allow":["GET"]}}],"collection":[{"href":"https:\/\/www.romaoggi.eu\/index.php\/wp-json\/wp\/v2\/posts"}],"about":[{"href":"https:\/\/www.romaoggi.eu\/index.php\/wp-json\/wp\/v2\/types\/post"}],"author":[{"embeddable":true,"href":"https:\/\/www.romaoggi.eu\/index.php\/wp-json\/wp\/v2\/users\/1"}],"replies":[{"embeddable":true,"href":"https:\/\/www.romaoggi.eu\/index.php\/wp-json\/wp\/v2\/comments?post=36249"}],"version-history":[{"count":6,"href":"https:\/\/www.romaoggi.eu\/index.php\/wp-json\/wp\/v2\/posts\/36249\/revisions"}],"predecessor-version":[{"id":36256,"href":"https:\/\/www.romaoggi.eu\/index.php\/wp-json\/wp\/v2\/posts\/36249\/revisions\/36256"}],"wp:featuredmedia":[{"embeddable":true,"href":"https:\/\/www.romaoggi.eu\/index.php\/wp-json\/wp\/v2\/media\/36258"}],"wp:attachment":[{"href":"https:\/\/www.romaoggi.eu\/index.php\/wp-json\/wp\/v2\/media?parent=36249"}],"wp:term":[{"taxonomy":"category","embeddable":true,"href":"https:\/\/www.romaoggi.eu\/index.php\/wp-json\/wp\/v2\/categories?post=36249"},{"taxonomy":"post_tag","embeddable":true,"href":"https:\/\/www.romaoggi.eu\/index.php\/wp-json\/wp\/v2\/tags?post=36249"}],"curies":[{"name":"wp","href":"https:\/\/api.w.org\/{rel}","templated":true}]}}