{"id":36651,"date":"2024-03-16T13:57:16","date_gmt":"2024-03-16T12:57:16","guid":{"rendered":"https:\/\/www.romaoggi.eu\/?p=36651"},"modified":"2024-03-16T13:57:16","modified_gmt":"2024-03-16T12:57:16","slug":"genesi-a-cura-di-zsolt-petranyi-larte-contemporanea-allaccademia-dungheria-di-roma","status":"publish","type":"post","link":"https:\/\/www.romaoggi.eu\/index.php\/2024\/03\/16\/genesi-a-cura-di-zsolt-petranyi-larte-contemporanea-allaccademia-dungheria-di-roma\/","title":{"rendered":"&#8220;Genesi&#8221; a cura di Zsolt Petr\u00e1nyi. L&#8217;arte contemporanea all&#8217;Accademia d&#8217;Ungheria di Roma"},"content":{"rendered":"<p style=\"text-align: left\" align=\"CENTER\"><span style=\"color: #ff0000\"><strong>Redazione a cura di Alessandro Lisci &#8211; Target Lab Ets\u00a0<\/strong><\/span><\/p>\n<p align=\"CENTER\"><img loading=\"lazy\" decoding=\"async\" class=\"alignnone size-full wp-image-36656\" src=\"https:\/\/www.romaoggi.eu\/wp-content\/uploads\/2024\/03\/thumbnail.png\" alt=\"\" width=\"270\" height=\"86\" \/><\/p>\n<h1 align=\"CENTER\"><span style=\"font-family: Times New Roman, serif\"><span style=\"font-size: large\"><span lang=\"it-IT\"><b>GENESI<\/b><\/span><\/span><\/span><\/h1>\n<p align=\"CENTER\"><span style=\"font-family: Times New Roman, serif\"><span style=\"font-size: large\"><span lang=\"it-IT\"><b>mostra d&#8217;arte contemporanea<\/b><\/span><\/span><\/span><\/p>\n<p><img loading=\"lazy\" decoding=\"async\" class=\"wp-image-36653 aligncenter\" src=\"https:\/\/www.romaoggi.eu\/wp-content\/uploads\/2024\/03\/Schermata-2024-03-16-alle-13.48.11-copia-300x81.jpg\" alt=\"alt tag Accademia d'Ungheria di Roma\" width=\"707\" height=\"191\" srcset=\"https:\/\/www.romaoggi.eu\/wp-content\/uploads\/2024\/03\/Schermata-2024-03-16-alle-13.48.11-copia-300x81.jpg 300w, https:\/\/www.romaoggi.eu\/wp-content\/uploads\/2024\/03\/Schermata-2024-03-16-alle-13.48.11-copia-1024x277.jpg 1024w, https:\/\/www.romaoggi.eu\/wp-content\/uploads\/2024\/03\/Schermata-2024-03-16-alle-13.48.11-copia.jpg 1417w\" sizes=\"auto, (max-width: 707px) 100vw, 707px\" \/><\/p>\n<p lang=\"it-IT\" align=\"JUSTIFY\"><span style=\"font-family: Times New Roman, serif\"><span style=\"font-size: medium\"><span style=\"color: #000000\">da <strong><span style=\"color: #ff0000\">Mercoled\u00ec 13 marzo presso l&#8217;Accademia d&#8217;Ungheria in Roma si potr\u00e0 visitare la mostra d&#8217;arte contemporanea <\/span><\/strong><\/span><strong><span style=\"color: #ff0000\"><i>GENESI<\/i>, a cura di\u00a0Zsolt Petr\u00e1nyi. <\/span><\/strong><\/span><\/span><\/p>\n<p lang=\"it-IT\" align=\"JUSTIFY\"><span style=\"font-family: Times New Roman, serif\"><span style=\"font-size: medium\"><span style=\"color: #000000\">Interverranno:<\/span><span style=\"color: #000000\"><b> S.E. \u00c1d\u00e1m Zolt\u00e1n Kov\u00e1cs<\/b><\/span><span style=\"color: #000000\">, Ambasciatore di Ungheria; <\/span><span style=\"color: #000000\"><span style=\"font-family: Noto Sans, serif\"><b>Norbert N\u00e9meth, Rettore del Pontificio Istituto Ungherese<\/b><\/span><\/span><span style=\"color: #000000\"><span style=\"font-family: Noto Sans, serif\">; <\/span><\/span><span style=\"color: #000000\"><span style=\"font-family: Noto Sans, serif\"><b>Levente Kov\u00e1cs<\/b><\/span><\/span><span style=\"color: #000000\"><span style=\"font-family: Noto Sans, serif\">, collezionista. <\/span><\/span><\/span><\/span><\/p>\n<p lang=\"it-IT\" align=\"JUSTIFY\"><span style=\"font-family: Times New Roman, serif\"><span style=\"font-size: medium\"><span style=\"color: #000000\">L&#8217;esposizione ad ingresso libero rester\u00e0 aperta al pubblico fino al 14 giugno 2024.\u00a0<\/span><\/span><\/span><\/p>\n<p lang=\"it-IT\" align=\"JUSTIFY\"><span style=\"font-family: Times New Roman, serif\"><span style=\"font-size: medium\"><span style=\"color: #000000\"><span style=\"font-family: Noto Sans, serif\">Al vernissage \u00e8 seguito un <\/span><\/span><span style=\"color: #000000\"><span style=\"font-family: Noto Sans, serif\"><b>breve intervallo musicale a cura dei cantanti lirici ungheresi Natasa K\u00e1tai, Orsolya Jansz\u00f3, Csan\u00e1d Barbarics<\/b><\/span><\/span><span style=\"color: #000000\"><span style=\"font-family: Noto Sans, serif\">.<\/span><\/span><\/span><\/span><\/p>\n<h1 lang=\"it-IT\" align=\"JUSTIFY\"><a name=\"_GoBack\"><\/a> <span style=\"font-family: Times New Roman, serif\"><span style=\"font-size: medium\"><span style=\"color: #000000\"><span style=\"font-size: small\">&#8220;La mostra \u201cGenesi\u201d nasce con l\u2019idea di dare un\u2019interpretazione artistica in chiave contemporanea dei cinque libri dell\u2019Antico Testamento di Mos\u00e8. Le tematiche delle opere spaziano da argomenti pi\u00f9 ampi a singoli momenti narrativi, con l\u2019intento di richiamare l\u2019attenzione dello spettatore non solo sulle scene oramai divenute familiari dell\u2019Antico Testamento, ma anche sui loro significati intrinseci.<\/span><\/span><\/span><\/span><br \/>\n<span style=\"font-family: Times New Roman, serif\"><span style=\"font-size: medium\"><span style=\"color: #000000\"><span style=\"font-size: small\">\u00a0 Le opere in mostra provengono da una collezione privata. Levente Kov\u00e1cs- T\u00edmea Kov\u00e1cs -Szab\u00f3 quali mecenati impegnati dell\u2019arte, hanno dato un notevole sostegno anche in termini economici alla realizzazione delle suddette opere e alla loro promozione. Non \u00e8 la prima volta che lo fanno: la mostra \u201cGenesi\u201d difatti \u00e8 stata preceduta due anni fa dalla mostra d\u2019arte contemporanea \u201cVangelo 21\u201d, che trattava 12 scene importanti del Nuovo Testamento con opere di altrettanti artisti. Il successo di questo progetto ha permesso di poter proseguire con l\u2019elaborazione dei primi libri dell\u2019Antico Testamento.<\/span><\/span><\/span><\/span><br \/>\n<span style=\"font-family: Times New Roman, serif\"><span style=\"font-size: medium\"><span style=\"color: #000000\"><span style=\"font-size: small\">Per la realizzazione delle opere, ci siamo avvalsi di artisti che avevano gi\u00e0 precedentemente lavorato sul tema o comunque erano interessati a farlo. Anche in questo caso, l\u2019intera collezione \u00e8 composta dalle opere di 12 artisti che hanno assolto al loro \u201ccompito\u201d con una grande variet\u00e0 di approcci. L\u2019attenzione degli artisti difatti, al di fuori delle scene pi\u00f9 rappresentate nella storia dell\u2019arte come la storia di Adamo ed Eva, la scala di Giacobbe, i Dieci Comandamenti, si \u00e8 spostata verso scene meno note dell\u2019Antico Testamento. L\u2019aspetto interessante di queste opere nonch\u00e9 della stessa mostra \u00e8 che gli spettatori possono trovare delle interpretazioni che li incoraggiano ad un\u2019ulteriore riflessione e rilettura dei libri di Mos\u00e8.<\/span><\/span><\/span><\/span><br \/>\n<span style=\"font-family: Times New Roman, serif\"><span style=\"font-size: medium\"><span style=\"color: #000000\"><span style=\"font-size: small\">Gli artisti espositori rappresentano diverse generazioni ed i loro nomi sono ben noti al pubblico sia in Ungheria sia all\u2019estero. Le loro attivit\u00e0 ad ampio respiro comprendono diversi mezzi e tematiche. Al loro invito a partecipare al progetto \u201cGenesi\u201d, \u00e8 segu\u00ecto un lungo lavoro di preparazione. Le singole ricerche e gli schizzi difatti venivano periodicamente presentati e discussi con il professore e teologo J\u00f3zsef Zsengell\u00e9r. I messaggi artistici cos\u00ec formulati, grazie anche alle loro diversit\u00e0, offrono un approccio attuale sul ruolo ad esempio dei personaggi femminili dell\u2019Antico Testamento nello sviluppo delle storie o sulla questione della connessione passata e presente del sacrificio.<\/span><\/span><\/span><\/span><br \/>\n<span style=\"font-family: Times New Roman, serif\"><span style=\"font-size: medium\"><span style=\"color: #000000\"><span style=\"font-size: small\">La presente mostra allestita presso l\u2019Accademia d\u2019Ungheria in Roma \u00e8 la prima presentazione al pubblico della collezione \u201cGenesi\u201d. Per ragioni di spazio non siamo riusciti ad esporre l\u2019intera collezione, ma solo una selezione che tuttavia dar\u00e0 un quadro quasi completo delle diversit\u00e0 di idee e forme di tutti gli artisti invitati al progetto.<\/span><\/span><\/span><\/span><br \/>\n<span style=\"font-family: Times New Roman, serif\"><span style=\"font-size: medium\"><span style=\"color: #000000\"><span style=\"font-size: small\">Gli artisti in mostra: Zsolt Asztalos, M\u00e1ria Chilf, M\u00e1rta Czene, G\u00e1bor Gerhes, Gyula J\u00falius, \u00c9va Magyarosi, Erik M\u00e1trai, S\u00e1ndor R\u00e1czmoln\u00e1r, Eszter Szab\u00f3, \u00c1gnes Uray-S\u00e9pfalvi, Bogl\u00e1rka Zellei, \u00c1kos Wechter<\/span><\/span><span style=\"color: #000000\"><span style=\"font-size: small\">&#8220;<\/span><\/span><span style=\"color: #000000\"><span style=\"font-size: small\"><b>.<\/b><\/span><\/span><\/span><\/span><br \/>\n<span style=\"font-family: Times New Roman, serif\"><span style=\"font-size: medium\"><span style=\"color: #000000\"><span style=\"font-size: small\">Zsolt Petr\u00e1nyi, curatore<\/span><\/span><\/span><\/span><\/h1>\n<p><span style=\"font-family: Times New Roman, serif\"><span style=\"font-size: large\"><span lang=\"it-IT\"><b>________________________<\/b><\/span><\/span><\/span><\/p>\n<p><span style=\"font-family: Times New Roman, serif\"><span lang=\"it-IT\">GENESI \u2013 mostra d\u2019arte contemporanea<\/span><\/span><\/p>\n<p><span style=\"font-family: Times New Roman, serif\"><span lang=\"it-IT\">Accademia d\u2019Ungheria in Roma<\/span><\/span><\/p>\n<p><span style=\"font-family: Times New Roman, serif\"><span lang=\"it-IT\">Palazzo Falconieri, Via Giulia, 1<\/span><\/span><\/p>\n<p><span style=\"font-family: Times New Roman, serif\"><span lang=\"it-IT\">13 marzo &#8211; 14 giugno 2024<\/span><\/span><\/p>\n<p><span style=\"font-family: Times New Roman, serif\"><span lang=\"it-IT\">Ufficio stampa: <a href=\"mailto:stampa.accademia@mfa.gov.hu\">stampa.accademia@mfa.gov.hu<\/a> <\/span><\/span><\/p>\n<p><span style=\"font-family: Times New Roman, serif\">Facebook: <a href=\"https:\/\/www.facebook.com\/Accadung\/\">https:\/\/www.facebook.com\/Accadung\/<\/a><\/span><\/p>\n<p><span style=\"font-family: Times New Roman, serif\"><span lang=\"it-IT\">Sito: <a href=\"https:\/\/culture.hu\/it\/roma\/eventi\/genesi---mostra-d'arte-contemporanea\">https:\/\/culture.hu\/it\/roma\/eventi\/genesi&#8212;mostra-d&#8217;arte-contemporanea<\/a><\/span><\/span><\/p>\n<p><img loading=\"lazy\" decoding=\"async\" class=\"wp-image-36657 aligncenter\" src=\"https:\/\/www.romaoggi.eu\/wp-content\/uploads\/2024\/03\/Gerhes-Ga\u0301bor-Az-U\u0308resse\u0301g-300x226.jpg\" alt=\"\" width=\"598\" height=\"450\" srcset=\"https:\/\/www.romaoggi.eu\/wp-content\/uploads\/2024\/03\/Gerhes-Ga\u0301bor-Az-U\u0308resse\u0301g-300x226.jpg 300w, https:\/\/www.romaoggi.eu\/wp-content\/uploads\/2024\/03\/Gerhes-Ga\u0301bor-Az-U\u0308resse\u0301g-1024x771.jpg 1024w, https:\/\/www.romaoggi.eu\/wp-content\/uploads\/2024\/03\/Gerhes-Ga\u0301bor-Az-U\u0308resse\u0301g-326x245.jpg 326w, https:\/\/www.romaoggi.eu\/wp-content\/uploads\/2024\/03\/Gerhes-Ga\u0301bor-Az-U\u0308resse\u0301g-80x60.jpg 80w, https:\/\/www.romaoggi.eu\/wp-content\/uploads\/2024\/03\/Gerhes-Ga\u0301bor-Az-U\u0308resse\u0301g.jpg 1329w\" sizes=\"auto, (max-width: 598px) 100vw, 598px\" \/><\/p>\n<p><img loading=\"lazy\" decoding=\"async\" class=\"wp-image-36659 aligncenter\" src=\"https:\/\/www.romaoggi.eu\/wp-content\/uploads\/2024\/03\/Wechter-A\u0301kos-Ti\u0301zparancsolat-Ne-o\u0308lj-208x300.jpg\" alt=\"\" width=\"582\" height=\"839\" \/><\/p>\n<p><img loading=\"lazy\" decoding=\"async\" class=\"wp-image-36658 aligncenter\" src=\"https:\/\/www.romaoggi.eu\/wp-content\/uploads\/2024\/03\/Ma\u0301ria-Chilf-Scala-di-Jacobbe-300x173.jpg\" alt=\"\" width=\"588\" height=\"339\" srcset=\"https:\/\/www.romaoggi.eu\/wp-content\/uploads\/2024\/03\/Ma\u0301ria-Chilf-Scala-di-Jacobbe-300x173.jpg 300w, https:\/\/www.romaoggi.eu\/wp-content\/uploads\/2024\/03\/Ma\u0301ria-Chilf-Scala-di-Jacobbe-1024x590.jpg 1024w, https:\/\/www.romaoggi.eu\/wp-content\/uploads\/2024\/03\/Ma\u0301ria-Chilf-Scala-di-Jacobbe.jpg 1353w\" sizes=\"auto, (max-width: 588px) 100vw, 588px\" \/><\/p>\n","protected":false},"excerpt":{"rendered":"<div class=\"mh-excerpt\"><p>Redazione a cura di Alessandro Lisci &#8211; Target Lab Ets\u00a0 GENESI mostra d&#8217;arte contemporanea da Mercoled\u00ec 13 marzo presso l&#8217;Accademia d&#8217;Ungheria in Roma si potr\u00e0 visitare la mostra d&#8217;arte contemporanea GENESI, a cura di\u00a0Zsolt Petr\u00e1nyi. <a class=\"mh-excerpt-more\" href=\"https:\/\/www.romaoggi.eu\/index.php\/2024\/03\/16\/genesi-a-cura-di-zsolt-petranyi-larte-contemporanea-allaccademia-dungheria-di-roma\/\" title=\"&#8220;Genesi&#8221; a cura di Zsolt Petr\u00e1nyi. L&#8217;arte contemporanea all&#8217;Accademia d&#8217;Ungheria di Roma\">[&#8230;]<\/a><\/p>\n<\/div>","protected":false},"author":17,"featured_media":36653,"comment_status":"closed","ping_status":"open","sticky":false,"template":"","format":"standard","meta":{"_sitemap_exclude":false,"_sitemap_priority":"","_sitemap_frequency":"","footnotes":""},"categories":[14247],"tags":[17190,17189,17191,17192,17188],"class_list":["post-36651","post","type-post","status-publish","format-standard","has-post-thumbnail","hentry","category-dentro-roma","tag-accademia-dungheria-in-roma","tag-genesi","tag-mostra-darte-contemporanea","tag-palazzo-falconieri","tag-zsolt-petranyi"],"yoast_head":"<!-- This site is optimized with the Yoast SEO plugin v27.5 - https:\/\/yoast.com\/product\/yoast-seo-wordpress\/ -->\n<title>&quot;Genesi&quot; a cura di Zsolt Petr\u00e1nyi. L&#039;arte contemporanea all&#039;Accademia d&#039;Ungheria di Roma<\/title>\n<meta name=\"description\" content=\"Redazione a cura di Alessandro Lisci - Target Lab Ets\u00a0 GENESI mostra d&#039;arte contemporanea da Mercoled\u00ec 13 marzo presso l&#039;Accademia d&#039;Ungheria in Roma si\" \/>\n<meta name=\"robots\" content=\"index, follow, max-snippet:-1, max-image-preview:large, max-video-preview:-1\" \/>\n<link rel=\"canonical\" href=\"https:\/\/www.romaoggi.eu\/index.php\/2024\/03\/16\/genesi-a-cura-di-zsolt-petranyi-larte-contemporanea-allaccademia-dungheria-di-roma\/\" \/>\n<meta property=\"og:locale\" content=\"it_IT\" \/>\n<meta property=\"og:type\" content=\"article\" \/>\n<meta property=\"og:title\" content=\"&quot;Genesi&quot; a cura di Zsolt Petr\u00e1nyi. L&#039;arte contemporanea all&#039;Accademia d&#039;Ungheria di Roma\" \/>\n<meta property=\"og:description\" content=\"Redazione a cura di Alessandro Lisci - Target Lab Ets\u00a0 GENESI mostra d&#039;arte contemporanea da Mercoled\u00ec 13 marzo presso l&#039;Accademia d&#039;Ungheria in Roma si\" \/>\n<meta property=\"og:url\" content=\"https:\/\/www.romaoggi.eu\/index.php\/2024\/03\/16\/genesi-a-cura-di-zsolt-petranyi-larte-contemporanea-allaccademia-dungheria-di-roma\/\" \/>\n<meta property=\"og:site_name\" content=\"roma oggi\" \/>\n<meta property=\"article:publisher\" content=\"https:\/\/www.facebook.com\/RomaOggi-841544845954114\" \/>\n<meta property=\"article:published_time\" content=\"2024-03-16T12:57:16+00:00\" \/>\n<meta property=\"og:image\" content=\"https:\/\/www.romaoggi.eu\/wp-content\/uploads\/2024\/03\/Schermata-2024-03-16-alle-13.48.11-copia.jpg\" \/>\n\t<meta property=\"og:image:width\" content=\"1417\" \/>\n\t<meta property=\"og:image:height\" content=\"383\" \/>\n\t<meta property=\"og:image:type\" content=\"image\/jpeg\" \/>\n<meta name=\"author\" content=\"Target Lab Ets\" \/>\n<meta name=\"twitter:card\" content=\"summary_large_image\" \/>\n<meta name=\"twitter:creator\" content=\"@romaoggi_eu\" \/>\n<meta name=\"twitter:site\" content=\"@romaoggi_eu\" \/>\n<meta name=\"twitter:label1\" content=\"Scritto da\" \/>\n\t<meta name=\"twitter:data1\" content=\"Target Lab Ets\" \/>\n\t<meta name=\"twitter:label2\" content=\"Tempo di lettura stimato\" \/>\n\t<meta name=\"twitter:data2\" content=\"5 minuti\" \/>\n<script type=\"application\/ld+json\" class=\"yoast-schema-graph\">{\"@context\":\"https:\\\/\\\/schema.org\",\"@graph\":[{\"@type\":\"Article\",\"@id\":\"https:\\\/\\\/www.romaoggi.eu\\\/index.php\\\/2024\\\/03\\\/16\\\/genesi-a-cura-di-zsolt-petranyi-larte-contemporanea-allaccademia-dungheria-di-roma\\\/#article\",\"isPartOf\":{\"@id\":\"https:\\\/\\\/www.romaoggi.eu\\\/index.php\\\/2024\\\/03\\\/16\\\/genesi-a-cura-di-zsolt-petranyi-larte-contemporanea-allaccademia-dungheria-di-roma\\\/\"},\"author\":{\"name\":\"Target Lab Ets\",\"@id\":\"https:\\\/\\\/www.romaoggi.eu\\\/#\\\/schema\\\/person\\\/72b8cfc6de60caeb335267c8e21d90fb\"},\"headline\":\"&#8220;Genesi&#8221; a cura di Zsolt Petr\u00e1nyi. L&#8217;arte contemporanea all&#8217;Accademia d&#8217;Ungheria di Roma\",\"datePublished\":\"2024-03-16T12:57:16+00:00\",\"mainEntityOfPage\":{\"@id\":\"https:\\\/\\\/www.romaoggi.eu\\\/index.php\\\/2024\\\/03\\\/16\\\/genesi-a-cura-di-zsolt-petranyi-larte-contemporanea-allaccademia-dungheria-di-roma\\\/\"},\"wordCount\":625,\"publisher\":{\"@id\":\"https:\\\/\\\/www.romaoggi.eu\\\/#organization\"},\"image\":{\"@id\":\"https:\\\/\\\/www.romaoggi.eu\\\/index.php\\\/2024\\\/03\\\/16\\\/genesi-a-cura-di-zsolt-petranyi-larte-contemporanea-allaccademia-dungheria-di-roma\\\/#primaryimage\"},\"thumbnailUrl\":\"https:\\\/\\\/www.romaoggi.eu\\\/wp-content\\\/uploads\\\/2024\\\/03\\\/Schermata-2024-03-16-alle-13.48.11-copia.jpg\",\"keywords\":[\"Accademia d'Ungheria in Roma\",\"genesi\",\"mostra d\u2019arte contemporanea\",\"Palazzo Falconieri\",\"Zsolt Petr\u00e1nyi.\"],\"articleSection\":[\"DENTRO ROMA\"],\"inLanguage\":\"it-IT\"},{\"@type\":\"WebPage\",\"@id\":\"https:\\\/\\\/www.romaoggi.eu\\\/index.php\\\/2024\\\/03\\\/16\\\/genesi-a-cura-di-zsolt-petranyi-larte-contemporanea-allaccademia-dungheria-di-roma\\\/\",\"url\":\"https:\\\/\\\/www.romaoggi.eu\\\/index.php\\\/2024\\\/03\\\/16\\\/genesi-a-cura-di-zsolt-petranyi-larte-contemporanea-allaccademia-dungheria-di-roma\\\/\",\"name\":\"\\\"Genesi\\\" a cura di Zsolt Petr\u00e1nyi. L'arte contemporanea all'Accademia d'Ungheria di Roma\",\"isPartOf\":{\"@id\":\"https:\\\/\\\/www.romaoggi.eu\\\/#website\"},\"primaryImageOfPage\":{\"@id\":\"https:\\\/\\\/www.romaoggi.eu\\\/index.php\\\/2024\\\/03\\\/16\\\/genesi-a-cura-di-zsolt-petranyi-larte-contemporanea-allaccademia-dungheria-di-roma\\\/#primaryimage\"},\"image\":{\"@id\":\"https:\\\/\\\/www.romaoggi.eu\\\/index.php\\\/2024\\\/03\\\/16\\\/genesi-a-cura-di-zsolt-petranyi-larte-contemporanea-allaccademia-dungheria-di-roma\\\/#primaryimage\"},\"thumbnailUrl\":\"https:\\\/\\\/www.romaoggi.eu\\\/wp-content\\\/uploads\\\/2024\\\/03\\\/Schermata-2024-03-16-alle-13.48.11-copia.jpg\",\"datePublished\":\"2024-03-16T12:57:16+00:00\",\"description\":\"Redazione a cura di Alessandro Lisci - Target Lab Ets\u00a0 GENESI mostra d'arte contemporanea da Mercoled\u00ec 13 marzo presso l'Accademia d'Ungheria in Roma si\",\"breadcrumb\":{\"@id\":\"https:\\\/\\\/www.romaoggi.eu\\\/index.php\\\/2024\\\/03\\\/16\\\/genesi-a-cura-di-zsolt-petranyi-larte-contemporanea-allaccademia-dungheria-di-roma\\\/#breadcrumb\"},\"inLanguage\":\"it-IT\",\"potentialAction\":[{\"@type\":\"ReadAction\",\"target\":[\"https:\\\/\\\/www.romaoggi.eu\\\/index.php\\\/2024\\\/03\\\/16\\\/genesi-a-cura-di-zsolt-petranyi-larte-contemporanea-allaccademia-dungheria-di-roma\\\/\"]}]},{\"@type\":\"ImageObject\",\"inLanguage\":\"it-IT\",\"@id\":\"https:\\\/\\\/www.romaoggi.eu\\\/index.php\\\/2024\\\/03\\\/16\\\/genesi-a-cura-di-zsolt-petranyi-larte-contemporanea-allaccademia-dungheria-di-roma\\\/#primaryimage\",\"url\":\"https:\\\/\\\/www.romaoggi.eu\\\/wp-content\\\/uploads\\\/2024\\\/03\\\/Schermata-2024-03-16-alle-13.48.11-copia.jpg\",\"contentUrl\":\"https:\\\/\\\/www.romaoggi.eu\\\/wp-content\\\/uploads\\\/2024\\\/03\\\/Schermata-2024-03-16-alle-13.48.11-copia.jpg\",\"width\":1417,\"height\":383,\"caption\":\"Genesi - Mostra d'Arte Contemporanea\"},{\"@type\":\"BreadcrumbList\",\"@id\":\"https:\\\/\\\/www.romaoggi.eu\\\/index.php\\\/2024\\\/03\\\/16\\\/genesi-a-cura-di-zsolt-petranyi-larte-contemporanea-allaccademia-dungheria-di-roma\\\/#breadcrumb\",\"itemListElement\":[{\"@type\":\"ListItem\",\"position\":1,\"name\":\"Home\",\"item\":\"https:\\\/\\\/www.romaoggi.eu\\\/\"},{\"@type\":\"ListItem\",\"position\":2,\"name\":\"&#8220;Genesi&#8221; a cura di Zsolt Petr\u00e1nyi. L&#8217;arte contemporanea all&#8217;Accademia d&#8217;Ungheria di Roma\"}]},{\"@type\":\"WebSite\",\"@id\":\"https:\\\/\\\/www.romaoggi.eu\\\/#website\",\"url\":\"https:\\\/\\\/www.romaoggi.eu\\\/\",\"name\":\"roma oggi\",\"description\":\"Interesting News for Interesting people\",\"publisher\":{\"@id\":\"https:\\\/\\\/www.romaoggi.eu\\\/#organization\"},\"potentialAction\":[{\"@type\":\"SearchAction\",\"target\":{\"@type\":\"EntryPoint\",\"urlTemplate\":\"https:\\\/\\\/www.romaoggi.eu\\\/?s={search_term_string}\"},\"query-input\":{\"@type\":\"PropertyValueSpecification\",\"valueRequired\":true,\"valueName\":\"search_term_string\"}}],\"inLanguage\":\"it-IT\"},{\"@type\":\"Organization\",\"@id\":\"https:\\\/\\\/www.romaoggi.eu\\\/#organization\",\"name\":\"RomaOggi\",\"url\":\"https:\\\/\\\/www.romaoggi.eu\\\/\",\"logo\":{\"@type\":\"ImageObject\",\"inLanguage\":\"it-IT\",\"@id\":\"https:\\\/\\\/www.romaoggi.eu\\\/#\\\/schema\\\/logo\\\/image\\\/\",\"url\":\"https:\\\/\\\/www.romaoggi.eu\\\/wp-content\\\/uploads\\\/2017\\\/04\\\/logowp.jpg\",\"contentUrl\":\"https:\\\/\\\/www.romaoggi.eu\\\/wp-content\\\/uploads\\\/2017\\\/04\\\/logowp.jpg\",\"width\":300,\"height\":133,\"caption\":\"RomaOggi\"},\"image\":{\"@id\":\"https:\\\/\\\/www.romaoggi.eu\\\/#\\\/schema\\\/logo\\\/image\\\/\"},\"sameAs\":[\"https:\\\/\\\/www.facebook.com\\\/RomaOggi-841544845954114\",\"https:\\\/\\\/x.com\\\/romaoggi_eu\"]},{\"@type\":\"Person\",\"@id\":\"https:\\\/\\\/www.romaoggi.eu\\\/#\\\/schema\\\/person\\\/72b8cfc6de60caeb335267c8e21d90fb\",\"name\":\"Target Lab Ets\",\"image\":{\"@type\":\"ImageObject\",\"inLanguage\":\"it-IT\",\"@id\":\"https:\\\/\\\/secure.gravatar.com\\\/avatar\\\/ab64fd266889a629b0e9e6ab56209e379c2a89cfda303941ee9621d4090292d1?s=96&d=mm&r=g\",\"url\":\"https:\\\/\\\/secure.gravatar.com\\\/avatar\\\/ab64fd266889a629b0e9e6ab56209e379c2a89cfda303941ee9621d4090292d1?s=96&d=mm&r=g\",\"contentUrl\":\"https:\\\/\\\/secure.gravatar.com\\\/avatar\\\/ab64fd266889a629b0e9e6ab56209e379c2a89cfda303941ee9621d4090292d1?s=96&d=mm&r=g\",\"caption\":\"Target Lab Ets\"},\"sameAs\":[\"http:\\\/\\\/www.targetlab.org\"],\"url\":\"https:\\\/\\\/www.romaoggi.eu\\\/index.php\\\/author\\\/isfc\\\/\"}]}<\/script>\n<!-- \/ Yoast SEO plugin. -->","yoast_head_json":{"title":"\"Genesi\" a cura di Zsolt Petr\u00e1nyi. L'arte contemporanea all'Accademia d'Ungheria di Roma","description":"Redazione a cura di Alessandro Lisci - Target Lab Ets\u00a0 GENESI mostra d'arte contemporanea da Mercoled\u00ec 13 marzo presso l'Accademia d'Ungheria in Roma si","robots":{"index":"index","follow":"follow","max-snippet":"max-snippet:-1","max-image-preview":"max-image-preview:large","max-video-preview":"max-video-preview:-1"},"canonical":"https:\/\/www.romaoggi.eu\/index.php\/2024\/03\/16\/genesi-a-cura-di-zsolt-petranyi-larte-contemporanea-allaccademia-dungheria-di-roma\/","og_locale":"it_IT","og_type":"article","og_title":"\"Genesi\" a cura di Zsolt Petr\u00e1nyi. L'arte contemporanea all'Accademia d'Ungheria di Roma","og_description":"Redazione a cura di Alessandro Lisci - Target Lab Ets\u00a0 GENESI mostra d'arte contemporanea da Mercoled\u00ec 13 marzo presso l'Accademia d'Ungheria in Roma si","og_url":"https:\/\/www.romaoggi.eu\/index.php\/2024\/03\/16\/genesi-a-cura-di-zsolt-petranyi-larte-contemporanea-allaccademia-dungheria-di-roma\/","og_site_name":"roma oggi","article_publisher":"https:\/\/www.facebook.com\/RomaOggi-841544845954114","article_published_time":"2024-03-16T12:57:16+00:00","og_image":[{"width":1417,"height":383,"url":"https:\/\/www.romaoggi.eu\/wp-content\/uploads\/2024\/03\/Schermata-2024-03-16-alle-13.48.11-copia.jpg","type":"image\/jpeg"}],"author":"Target Lab Ets","twitter_card":"summary_large_image","twitter_creator":"@romaoggi_eu","twitter_site":"@romaoggi_eu","twitter_misc":{"Scritto da":"Target Lab Ets","Tempo di lettura stimato":"5 minuti"},"schema":{"@context":"https:\/\/schema.org","@graph":[{"@type":"Article","@id":"https:\/\/www.romaoggi.eu\/index.php\/2024\/03\/16\/genesi-a-cura-di-zsolt-petranyi-larte-contemporanea-allaccademia-dungheria-di-roma\/#article","isPartOf":{"@id":"https:\/\/www.romaoggi.eu\/index.php\/2024\/03\/16\/genesi-a-cura-di-zsolt-petranyi-larte-contemporanea-allaccademia-dungheria-di-roma\/"},"author":{"name":"Target Lab Ets","@id":"https:\/\/www.romaoggi.eu\/#\/schema\/person\/72b8cfc6de60caeb335267c8e21d90fb"},"headline":"&#8220;Genesi&#8221; a cura di Zsolt Petr\u00e1nyi. L&#8217;arte contemporanea all&#8217;Accademia d&#8217;Ungheria di Roma","datePublished":"2024-03-16T12:57:16+00:00","mainEntityOfPage":{"@id":"https:\/\/www.romaoggi.eu\/index.php\/2024\/03\/16\/genesi-a-cura-di-zsolt-petranyi-larte-contemporanea-allaccademia-dungheria-di-roma\/"},"wordCount":625,"publisher":{"@id":"https:\/\/www.romaoggi.eu\/#organization"},"image":{"@id":"https:\/\/www.romaoggi.eu\/index.php\/2024\/03\/16\/genesi-a-cura-di-zsolt-petranyi-larte-contemporanea-allaccademia-dungheria-di-roma\/#primaryimage"},"thumbnailUrl":"https:\/\/www.romaoggi.eu\/wp-content\/uploads\/2024\/03\/Schermata-2024-03-16-alle-13.48.11-copia.jpg","keywords":["Accademia d'Ungheria in Roma","genesi","mostra d\u2019arte contemporanea","Palazzo Falconieri","Zsolt Petr\u00e1nyi."],"articleSection":["DENTRO ROMA"],"inLanguage":"it-IT"},{"@type":"WebPage","@id":"https:\/\/www.romaoggi.eu\/index.php\/2024\/03\/16\/genesi-a-cura-di-zsolt-petranyi-larte-contemporanea-allaccademia-dungheria-di-roma\/","url":"https:\/\/www.romaoggi.eu\/index.php\/2024\/03\/16\/genesi-a-cura-di-zsolt-petranyi-larte-contemporanea-allaccademia-dungheria-di-roma\/","name":"\"Genesi\" a cura di Zsolt Petr\u00e1nyi. L'arte contemporanea all'Accademia d'Ungheria di Roma","isPartOf":{"@id":"https:\/\/www.romaoggi.eu\/#website"},"primaryImageOfPage":{"@id":"https:\/\/www.romaoggi.eu\/index.php\/2024\/03\/16\/genesi-a-cura-di-zsolt-petranyi-larte-contemporanea-allaccademia-dungheria-di-roma\/#primaryimage"},"image":{"@id":"https:\/\/www.romaoggi.eu\/index.php\/2024\/03\/16\/genesi-a-cura-di-zsolt-petranyi-larte-contemporanea-allaccademia-dungheria-di-roma\/#primaryimage"},"thumbnailUrl":"https:\/\/www.romaoggi.eu\/wp-content\/uploads\/2024\/03\/Schermata-2024-03-16-alle-13.48.11-copia.jpg","datePublished":"2024-03-16T12:57:16+00:00","description":"Redazione a cura di Alessandro Lisci - Target Lab Ets\u00a0 GENESI mostra d'arte contemporanea da Mercoled\u00ec 13 marzo presso l'Accademia d'Ungheria in Roma si","breadcrumb":{"@id":"https:\/\/www.romaoggi.eu\/index.php\/2024\/03\/16\/genesi-a-cura-di-zsolt-petranyi-larte-contemporanea-allaccademia-dungheria-di-roma\/#breadcrumb"},"inLanguage":"it-IT","potentialAction":[{"@type":"ReadAction","target":["https:\/\/www.romaoggi.eu\/index.php\/2024\/03\/16\/genesi-a-cura-di-zsolt-petranyi-larte-contemporanea-allaccademia-dungheria-di-roma\/"]}]},{"@type":"ImageObject","inLanguage":"it-IT","@id":"https:\/\/www.romaoggi.eu\/index.php\/2024\/03\/16\/genesi-a-cura-di-zsolt-petranyi-larte-contemporanea-allaccademia-dungheria-di-roma\/#primaryimage","url":"https:\/\/www.romaoggi.eu\/wp-content\/uploads\/2024\/03\/Schermata-2024-03-16-alle-13.48.11-copia.jpg","contentUrl":"https:\/\/www.romaoggi.eu\/wp-content\/uploads\/2024\/03\/Schermata-2024-03-16-alle-13.48.11-copia.jpg","width":1417,"height":383,"caption":"Genesi - Mostra d'Arte Contemporanea"},{"@type":"BreadcrumbList","@id":"https:\/\/www.romaoggi.eu\/index.php\/2024\/03\/16\/genesi-a-cura-di-zsolt-petranyi-larte-contemporanea-allaccademia-dungheria-di-roma\/#breadcrumb","itemListElement":[{"@type":"ListItem","position":1,"name":"Home","item":"https:\/\/www.romaoggi.eu\/"},{"@type":"ListItem","position":2,"name":"&#8220;Genesi&#8221; a cura di Zsolt Petr\u00e1nyi. L&#8217;arte contemporanea all&#8217;Accademia d&#8217;Ungheria di Roma"}]},{"@type":"WebSite","@id":"https:\/\/www.romaoggi.eu\/#website","url":"https:\/\/www.romaoggi.eu\/","name":"roma oggi","description":"Interesting News for Interesting people","publisher":{"@id":"https:\/\/www.romaoggi.eu\/#organization"},"potentialAction":[{"@type":"SearchAction","target":{"@type":"EntryPoint","urlTemplate":"https:\/\/www.romaoggi.eu\/?s={search_term_string}"},"query-input":{"@type":"PropertyValueSpecification","valueRequired":true,"valueName":"search_term_string"}}],"inLanguage":"it-IT"},{"@type":"Organization","@id":"https:\/\/www.romaoggi.eu\/#organization","name":"RomaOggi","url":"https:\/\/www.romaoggi.eu\/","logo":{"@type":"ImageObject","inLanguage":"it-IT","@id":"https:\/\/www.romaoggi.eu\/#\/schema\/logo\/image\/","url":"https:\/\/www.romaoggi.eu\/wp-content\/uploads\/2017\/04\/logowp.jpg","contentUrl":"https:\/\/www.romaoggi.eu\/wp-content\/uploads\/2017\/04\/logowp.jpg","width":300,"height":133,"caption":"RomaOggi"},"image":{"@id":"https:\/\/www.romaoggi.eu\/#\/schema\/logo\/image\/"},"sameAs":["https:\/\/www.facebook.com\/RomaOggi-841544845954114","https:\/\/x.com\/romaoggi_eu"]},{"@type":"Person","@id":"https:\/\/www.romaoggi.eu\/#\/schema\/person\/72b8cfc6de60caeb335267c8e21d90fb","name":"Target Lab Ets","image":{"@type":"ImageObject","inLanguage":"it-IT","@id":"https:\/\/secure.gravatar.com\/avatar\/ab64fd266889a629b0e9e6ab56209e379c2a89cfda303941ee9621d4090292d1?s=96&d=mm&r=g","url":"https:\/\/secure.gravatar.com\/avatar\/ab64fd266889a629b0e9e6ab56209e379c2a89cfda303941ee9621d4090292d1?s=96&d=mm&r=g","contentUrl":"https:\/\/secure.gravatar.com\/avatar\/ab64fd266889a629b0e9e6ab56209e379c2a89cfda303941ee9621d4090292d1?s=96&d=mm&r=g","caption":"Target Lab Ets"},"sameAs":["http:\/\/www.targetlab.org"],"url":"https:\/\/www.romaoggi.eu\/index.php\/author\/isfc\/"}]}},"_links":{"self":[{"href":"https:\/\/www.romaoggi.eu\/index.php\/wp-json\/wp\/v2\/posts\/36651","targetHints":{"allow":["GET"]}}],"collection":[{"href":"https:\/\/www.romaoggi.eu\/index.php\/wp-json\/wp\/v2\/posts"}],"about":[{"href":"https:\/\/www.romaoggi.eu\/index.php\/wp-json\/wp\/v2\/types\/post"}],"author":[{"embeddable":true,"href":"https:\/\/www.romaoggi.eu\/index.php\/wp-json\/wp\/v2\/users\/17"}],"replies":[{"embeddable":true,"href":"https:\/\/www.romaoggi.eu\/index.php\/wp-json\/wp\/v2\/comments?post=36651"}],"version-history":[{"count":5,"href":"https:\/\/www.romaoggi.eu\/index.php\/wp-json\/wp\/v2\/posts\/36651\/revisions"}],"predecessor-version":[{"id":36662,"href":"https:\/\/www.romaoggi.eu\/index.php\/wp-json\/wp\/v2\/posts\/36651\/revisions\/36662"}],"wp:featuredmedia":[{"embeddable":true,"href":"https:\/\/www.romaoggi.eu\/index.php\/wp-json\/wp\/v2\/media\/36653"}],"wp:attachment":[{"href":"https:\/\/www.romaoggi.eu\/index.php\/wp-json\/wp\/v2\/media?parent=36651"}],"wp:term":[{"taxonomy":"category","embeddable":true,"href":"https:\/\/www.romaoggi.eu\/index.php\/wp-json\/wp\/v2\/categories?post=36651"},{"taxonomy":"post_tag","embeddable":true,"href":"https:\/\/www.romaoggi.eu\/index.php\/wp-json\/wp\/v2\/tags?post=36651"}],"curies":[{"name":"wp","href":"https:\/\/api.w.org\/{rel}","templated":true}]}}