{"id":36663,"date":"2024-03-17T11:33:39","date_gmt":"2024-03-17T10:33:39","guid":{"rendered":"https:\/\/www.romaoggi.eu\/?p=36663"},"modified":"2024-03-17T11:40:11","modified_gmt":"2024-03-17T10:40:11","slug":"michele-baldi-e-il-nuovo-commissario-di-roma-per-noi-moderati","status":"publish","type":"post","link":"https:\/\/www.romaoggi.eu\/index.php\/2024\/03\/17\/michele-baldi-e-il-nuovo-commissario-di-roma-per-noi-moderati\/","title":{"rendered":"Michele Baldi \u00e8 il nuovo Commissario di Roma per &#8220;Noi Moderati&#8221;"},"content":{"rendered":"<p style=\"text-align: justify;\"><strong>Michele Baldi<\/strong>, personaggio molto conosciuto per i suoi trascorsi politici, sociali e sportivi nell\u2019ambito romano \u00e8 il nuovo <strong>Commissario di Roma per il partito di \u201cNoi Moderati\u201d<\/strong> di <strong>Maurizio Lupi<\/strong>.<\/p>\n<p><img loading=\"lazy\" decoding=\"async\" class=\"aligncenter wp-image-36668 size-full\" src=\"https:\/\/www.romaoggi.eu\/wp-content\/uploads\/2024\/03\/432385187_430617646147805_1817479192052360447_n.png\" alt=\"\" width=\"960\" height=\"400\" srcset=\"https:\/\/www.romaoggi.eu\/wp-content\/uploads\/2024\/03\/432385187_430617646147805_1817479192052360447_n.png 960w, https:\/\/www.romaoggi.eu\/wp-content\/uploads\/2024\/03\/432385187_430617646147805_1817479192052360447_n-300x125.png 300w\" sizes=\"auto, (max-width: 960px) 100vw, 960px\" \/><\/p>\n<p style=\"text-align: justify;\"><strong>Un impegno di grande responsabilit\u00e0 come \u00e8 arrivato a questa scelta?<\/strong><br \/>\n&#8220;<em>In effetti avevo attaccato i miei scarpini al chiodo nella speranza di vedere persone che avessero a cuore questa citt\u00e0 e che con amore e passione avrebbero potuto farla diventare quello che merita di essere, la Caput Mundi. Ma purtroppo ho visto sempre peggio e allora su pressioni di un amico leale come Marco Di Stefano, Commissario regionale di \u201cNoi Moderati\u201d e Consigliere comunale a Roma, con alle spalle un referente nazionale come Maurizio Lupi, ho deciso di accettare questa nuova sfida. E\u2019 l\u2019ennesima mission impossibile della mia vita politica. Non c\u2019\u00e8 soddisfazione nelle cose semplici, mi piacciono le sfide ma soprattutto mi rendo conto che anche se i capelli si sono un po\u2019 imbiancati, la passione per la buona politica e l\u2019amore per Roma \u00e8 sempre quello dei miei vent\u2019anni<\/em>&#8220;.<br \/>\n<strong>E quindi qual \u00e8 stata la sua prima mossa?<\/strong><br \/>\n&#8220;<em>Quella di mettere su un\u2019organizzazione che sappia ascoltare e parlare con la gente. Oggi la crisi della politica nasce soprattutto da un distacco tra una classe dirigente che si sente unta dal Signore, spesso arrogante, chiusa in logiche di potere e che molto spesso sconfinano in veri e propri abusi, dimenticando le persone. Non devo inventarmi nulla, solo ritrovare la vera essenza della buona politica al servizio della gente e per la citt\u00e0. Per questo, avendo avuto carta bianca, sto organizzando un partito che sia una grande comunit\u00e0 con persone di buona volont\u00e0 e ovviamente aperto a tutti, a queste condizioni. Persone che non urlano, ma che sappiano coniugare solidariet\u00e0, sussidiariet\u00e0, impegno e seriet\u00e0&#8221;.<\/em><br \/>\n<strong>Le percentuali vi danno ancora distanti dagli altri partiti del centro destra. Cosa avete in mente?<\/strong><br \/>\n&#8220;<em>Della percentuale non mi interesso pi\u00f9 di tanto, anche perch\u00e9 quando le persone capiranno che \u201cNoi Moderati\u201d \u00e8 il partito di una persona corretta ed amata come Maurizio Lupi, un\u2019identificazione ancora purtroppo non percepita, le percentuali aumenteranno in maniera esponenziale e comunque pi\u00f9 che i numeri mi interessa la qualit\u00e0 delle iniziative, dei progetti e dei programmi. Innanzitutto ci presenteremo con un incontro previsto per<strong> sabato 23 marzo al Rome Marriott Park Hotel<\/strong> alle 10.00 e contemporaneamente stiamo aprendo uno sportello di ascolto presso la Regione Lazio dove abbiamo un validissimo Consigliere regionale come <strong>Nazzareno Neri<\/strong> dove tutti i giorni ci sar\u00e0 chi ascolter\u00e0 tutte le richieste dei cittadini ed il titolo di questa iniziativa \u00e8 \u201cNOI MODERATI: TI ASCOLTIAMO\u201d, coordinata da una persona peraltro impegnata nel mondo del volontariato sui disabili, <strong>Valeria Diamanti.<\/strong> Poi abbiamo programmato per <strong>domenica 5 maggio<\/strong> una giornata di <strong>prevenzione sanitaria gratuita<\/strong> che si terr\u00e0 presso il VI municipio, ovviamente accessibile a tutti i cittadini del Lazio con medici volontari guidati dal Responsabile del Dipartimento Sanit\u00e0, il <strong>Dr. Roberto Morello<\/strong>. E poi tanto altro da scoprire giorno per giorno e sulla pagina Facebook di <a href=\"https:\/\/www.facebook.com\/RomaNoiModerati\">\u201cNoi Moderati Roma\u201d<\/a>.<\/em><br \/>\n<strong>Un bell\u2019impegno, molto faticoso?<\/strong><br \/>\n<em>&#8220;Se le cose le fai con passione e con amore la fatica diventa solo gioia, soprattutto se riuscir\u00f2 a vedere negli occhi delle persone uno sguardo positivo per quello che siamo e che facciamo, piuttosto che i troppi sguardi rassegnati e disgustati quando si parla di politica. Questa \u00e8 la missione impossibile da far diventare possibile&#8221;.<\/em><br \/>\n<strong>Allora in bocca al lupo?<\/strong><br \/>\n<em>&#8220;Se mi permette, viva il lupo!&#8221;.<\/em><\/p>\n","protected":false},"excerpt":{"rendered":"<div class=\"mh-excerpt\"><p>Michele Baldi, personaggio molto conosciuto per i suoi trascorsi politici, sociali e sportivi nell\u2019ambito romano \u00e8 il nuovo Commissario di Roma per il partito di \u201cNoi Moderati\u201d di Maurizio Lupi. Un impegno di grande responsabilit\u00e0 <a class=\"mh-excerpt-more\" href=\"https:\/\/www.romaoggi.eu\/index.php\/2024\/03\/17\/michele-baldi-e-il-nuovo-commissario-di-roma-per-noi-moderati\/\" title=\"Michele Baldi \u00e8 il nuovo Commissario di Roma per &#8220;Noi Moderati&#8221;\">[&#8230;]<\/a><\/p>\n<\/div>","protected":false},"author":1,"featured_media":36670,"comment_status":"closed","ping_status":"open","sticky":false,"template":"","format":"standard","meta":{"_sitemap_exclude":false,"_sitemap_priority":"","_sitemap_frequency":"","footnotes":""},"categories":[7],"tags":[10881,17194,1535,17193,885,109],"class_list":["post-36663","post","type-post","status-publish","format-standard","has-post-thumbnail","hentry","category-interviste","tag-consigliere-comunale","tag-maurizio-lupi","tag-michele-baldi","tag-noi-moderati","tag-politica","tag-roma"],"yoast_head":"<!-- This site is optimized with the Yoast SEO plugin v27.5 - https:\/\/yoast.com\/product\/yoast-seo-wordpress\/ -->\n<title>Michele Baldi \u00e8 il nuovo Commissario di Roma per &quot;Noi Moderati&quot;<\/title>\n<meta name=\"description\" content=\"Michele Baldi, personaggio molto conosciuto per i suoi trascorsi politici, sociali e sportivi nell\u2019ambito romano \u00e8 il nuovo Commissario di Roma per il\" \/>\n<meta name=\"robots\" content=\"index, follow, max-snippet:-1, max-image-preview:large, max-video-preview:-1\" \/>\n<link rel=\"canonical\" href=\"https:\/\/www.romaoggi.eu\/index.php\/2024\/03\/17\/michele-baldi-e-il-nuovo-commissario-di-roma-per-noi-moderati\/\" \/>\n<meta property=\"og:locale\" content=\"it_IT\" \/>\n<meta property=\"og:type\" content=\"article\" \/>\n<meta property=\"og:title\" content=\"Michele Baldi \u00e8 il nuovo Commissario di Roma per &quot;Noi Moderati&quot;\" \/>\n<meta property=\"og:description\" content=\"Michele Baldi, personaggio molto conosciuto per i suoi trascorsi politici, sociali e sportivi nell\u2019ambito romano \u00e8 il nuovo Commissario di Roma per il\" \/>\n<meta property=\"og:url\" content=\"https:\/\/www.romaoggi.eu\/index.php\/2024\/03\/17\/michele-baldi-e-il-nuovo-commissario-di-roma-per-noi-moderati\/\" \/>\n<meta property=\"og:site_name\" content=\"roma oggi\" \/>\n<meta property=\"article:publisher\" content=\"https:\/\/www.facebook.com\/RomaOggi-841544845954114\" \/>\n<meta property=\"article:published_time\" content=\"2024-03-17T10:33:39+00:00\" \/>\n<meta property=\"article:modified_time\" content=\"2024-03-17T10:40:11+00:00\" \/>\n<meta property=\"og:image\" content=\"https:\/\/www.romaoggi.eu\/wp-content\/uploads\/2024\/03\/baldi-copertina.jpg\" \/>\n\t<meta property=\"og:image:width\" content=\"2039\" \/>\n\t<meta property=\"og:image:height\" content=\"1065\" \/>\n\t<meta property=\"og:image:type\" content=\"image\/jpeg\" \/>\n<meta name=\"author\" content=\"admin\" \/>\n<meta name=\"twitter:card\" content=\"summary_large_image\" \/>\n<meta name=\"twitter:creator\" content=\"@romaoggi_eu\" \/>\n<meta name=\"twitter:site\" content=\"@romaoggi_eu\" \/>\n<meta name=\"twitter:label1\" content=\"Scritto da\" \/>\n\t<meta name=\"twitter:data1\" content=\"admin\" \/>\n\t<meta name=\"twitter:label2\" content=\"Tempo di lettura stimato\" \/>\n\t<meta name=\"twitter:data2\" content=\"4 minuti\" \/>\n<script type=\"application\/ld+json\" class=\"yoast-schema-graph\">{\"@context\":\"https:\\\/\\\/schema.org\",\"@graph\":[{\"@type\":\"Article\",\"@id\":\"https:\\\/\\\/www.romaoggi.eu\\\/index.php\\\/2024\\\/03\\\/17\\\/michele-baldi-e-il-nuovo-commissario-di-roma-per-noi-moderati\\\/#article\",\"isPartOf\":{\"@id\":\"https:\\\/\\\/www.romaoggi.eu\\\/index.php\\\/2024\\\/03\\\/17\\\/michele-baldi-e-il-nuovo-commissario-di-roma-per-noi-moderati\\\/\"},\"author\":{\"name\":\"admin\",\"@id\":\"https:\\\/\\\/www.romaoggi.eu\\\/#\\\/schema\\\/person\\\/9b23ceb6a2992a25e98c76a5f1fbb887\"},\"headline\":\"Michele Baldi \u00e8 il nuovo Commissario di Roma per &#8220;Noi Moderati&#8221;\",\"datePublished\":\"2024-03-17T10:33:39+00:00\",\"dateModified\":\"2024-03-17T10:40:11+00:00\",\"mainEntityOfPage\":{\"@id\":\"https:\\\/\\\/www.romaoggi.eu\\\/index.php\\\/2024\\\/03\\\/17\\\/michele-baldi-e-il-nuovo-commissario-di-roma-per-noi-moderati\\\/\"},\"wordCount\":581,\"publisher\":{\"@id\":\"https:\\\/\\\/www.romaoggi.eu\\\/#organization\"},\"image\":{\"@id\":\"https:\\\/\\\/www.romaoggi.eu\\\/index.php\\\/2024\\\/03\\\/17\\\/michele-baldi-e-il-nuovo-commissario-di-roma-per-noi-moderati\\\/#primaryimage\"},\"thumbnailUrl\":\"https:\\\/\\\/www.romaoggi.eu\\\/wp-content\\\/uploads\\\/2024\\\/03\\\/baldi-copertina.jpg\",\"keywords\":[\"consigliere comunale\",\"maurizio lupi\",\"Michele Baldi\",\"noi moderati\",\"politica\",\"roma\"],\"articleSection\":[\"Interviste\"],\"inLanguage\":\"it-IT\"},{\"@type\":\"WebPage\",\"@id\":\"https:\\\/\\\/www.romaoggi.eu\\\/index.php\\\/2024\\\/03\\\/17\\\/michele-baldi-e-il-nuovo-commissario-di-roma-per-noi-moderati\\\/\",\"url\":\"https:\\\/\\\/www.romaoggi.eu\\\/index.php\\\/2024\\\/03\\\/17\\\/michele-baldi-e-il-nuovo-commissario-di-roma-per-noi-moderati\\\/\",\"name\":\"Michele Baldi \u00e8 il nuovo Commissario di Roma per \\\"Noi Moderati\\\"\",\"isPartOf\":{\"@id\":\"https:\\\/\\\/www.romaoggi.eu\\\/#website\"},\"primaryImageOfPage\":{\"@id\":\"https:\\\/\\\/www.romaoggi.eu\\\/index.php\\\/2024\\\/03\\\/17\\\/michele-baldi-e-il-nuovo-commissario-di-roma-per-noi-moderati\\\/#primaryimage\"},\"image\":{\"@id\":\"https:\\\/\\\/www.romaoggi.eu\\\/index.php\\\/2024\\\/03\\\/17\\\/michele-baldi-e-il-nuovo-commissario-di-roma-per-noi-moderati\\\/#primaryimage\"},\"thumbnailUrl\":\"https:\\\/\\\/www.romaoggi.eu\\\/wp-content\\\/uploads\\\/2024\\\/03\\\/baldi-copertina.jpg\",\"datePublished\":\"2024-03-17T10:33:39+00:00\",\"dateModified\":\"2024-03-17T10:40:11+00:00\",\"description\":\"Michele Baldi, personaggio molto conosciuto per i suoi trascorsi politici, sociali e sportivi nell\u2019ambito romano \u00e8 il nuovo Commissario di Roma per il\",\"breadcrumb\":{\"@id\":\"https:\\\/\\\/www.romaoggi.eu\\\/index.php\\\/2024\\\/03\\\/17\\\/michele-baldi-e-il-nuovo-commissario-di-roma-per-noi-moderati\\\/#breadcrumb\"},\"inLanguage\":\"it-IT\",\"potentialAction\":[{\"@type\":\"ReadAction\",\"target\":[\"https:\\\/\\\/www.romaoggi.eu\\\/index.php\\\/2024\\\/03\\\/17\\\/michele-baldi-e-il-nuovo-commissario-di-roma-per-noi-moderati\\\/\"]}]},{\"@type\":\"ImageObject\",\"inLanguage\":\"it-IT\",\"@id\":\"https:\\\/\\\/www.romaoggi.eu\\\/index.php\\\/2024\\\/03\\\/17\\\/michele-baldi-e-il-nuovo-commissario-di-roma-per-noi-moderati\\\/#primaryimage\",\"url\":\"https:\\\/\\\/www.romaoggi.eu\\\/wp-content\\\/uploads\\\/2024\\\/03\\\/baldi-copertina.jpg\",\"contentUrl\":\"https:\\\/\\\/www.romaoggi.eu\\\/wp-content\\\/uploads\\\/2024\\\/03\\\/baldi-copertina.jpg\",\"width\":2039,\"height\":1065,\"caption\":\"Michele Baldi e Maurizio Lupi\"},{\"@type\":\"BreadcrumbList\",\"@id\":\"https:\\\/\\\/www.romaoggi.eu\\\/index.php\\\/2024\\\/03\\\/17\\\/michele-baldi-e-il-nuovo-commissario-di-roma-per-noi-moderati\\\/#breadcrumb\",\"itemListElement\":[{\"@type\":\"ListItem\",\"position\":1,\"name\":\"Home\",\"item\":\"https:\\\/\\\/www.romaoggi.eu\\\/\"},{\"@type\":\"ListItem\",\"position\":2,\"name\":\"Michele Baldi \u00e8 il nuovo Commissario di Roma per &#8220;Noi Moderati&#8221;\"}]},{\"@type\":\"WebSite\",\"@id\":\"https:\\\/\\\/www.romaoggi.eu\\\/#website\",\"url\":\"https:\\\/\\\/www.romaoggi.eu\\\/\",\"name\":\"roma oggi\",\"description\":\"Interesting News for Interesting people\",\"publisher\":{\"@id\":\"https:\\\/\\\/www.romaoggi.eu\\\/#organization\"},\"potentialAction\":[{\"@type\":\"SearchAction\",\"target\":{\"@type\":\"EntryPoint\",\"urlTemplate\":\"https:\\\/\\\/www.romaoggi.eu\\\/?s={search_term_string}\"},\"query-input\":{\"@type\":\"PropertyValueSpecification\",\"valueRequired\":true,\"valueName\":\"search_term_string\"}}],\"inLanguage\":\"it-IT\"},{\"@type\":\"Organization\",\"@id\":\"https:\\\/\\\/www.romaoggi.eu\\\/#organization\",\"name\":\"RomaOggi\",\"url\":\"https:\\\/\\\/www.romaoggi.eu\\\/\",\"logo\":{\"@type\":\"ImageObject\",\"inLanguage\":\"it-IT\",\"@id\":\"https:\\\/\\\/www.romaoggi.eu\\\/#\\\/schema\\\/logo\\\/image\\\/\",\"url\":\"https:\\\/\\\/www.romaoggi.eu\\\/wp-content\\\/uploads\\\/2017\\\/04\\\/logowp.jpg\",\"contentUrl\":\"https:\\\/\\\/www.romaoggi.eu\\\/wp-content\\\/uploads\\\/2017\\\/04\\\/logowp.jpg\",\"width\":300,\"height\":133,\"caption\":\"RomaOggi\"},\"image\":{\"@id\":\"https:\\\/\\\/www.romaoggi.eu\\\/#\\\/schema\\\/logo\\\/image\\\/\"},\"sameAs\":[\"https:\\\/\\\/www.facebook.com\\\/RomaOggi-841544845954114\",\"https:\\\/\\\/x.com\\\/romaoggi_eu\"]},{\"@type\":\"Person\",\"@id\":\"https:\\\/\\\/www.romaoggi.eu\\\/#\\\/schema\\\/person\\\/9b23ceb6a2992a25e98c76a5f1fbb887\",\"name\":\"admin\",\"image\":{\"@type\":\"ImageObject\",\"inLanguage\":\"it-IT\",\"@id\":\"https:\\\/\\\/secure.gravatar.com\\\/avatar\\\/51b1e0a1f4159e3b5d89435fce5e1a348d6c59e2ff8c2d428dae75560aace504?s=96&d=mm&r=g\",\"url\":\"https:\\\/\\\/secure.gravatar.com\\\/avatar\\\/51b1e0a1f4159e3b5d89435fce5e1a348d6c59e2ff8c2d428dae75560aace504?s=96&d=mm&r=g\",\"contentUrl\":\"https:\\\/\\\/secure.gravatar.com\\\/avatar\\\/51b1e0a1f4159e3b5d89435fce5e1a348d6c59e2ff8c2d428dae75560aace504?s=96&d=mm&r=g\",\"caption\":\"admin\"},\"url\":\"https:\\\/\\\/www.romaoggi.eu\\\/index.php\\\/author\\\/admin\\\/\"}]}<\/script>\n<!-- \/ Yoast SEO plugin. -->","yoast_head_json":{"title":"Michele Baldi \u00e8 il nuovo Commissario di Roma per \"Noi Moderati\"","description":"Michele Baldi, personaggio molto conosciuto per i suoi trascorsi politici, sociali e sportivi nell\u2019ambito romano \u00e8 il nuovo Commissario di Roma per il","robots":{"index":"index","follow":"follow","max-snippet":"max-snippet:-1","max-image-preview":"max-image-preview:large","max-video-preview":"max-video-preview:-1"},"canonical":"https:\/\/www.romaoggi.eu\/index.php\/2024\/03\/17\/michele-baldi-e-il-nuovo-commissario-di-roma-per-noi-moderati\/","og_locale":"it_IT","og_type":"article","og_title":"Michele Baldi \u00e8 il nuovo Commissario di Roma per \"Noi Moderati\"","og_description":"Michele Baldi, personaggio molto conosciuto per i suoi trascorsi politici, sociali e sportivi nell\u2019ambito romano \u00e8 il nuovo Commissario di Roma per il","og_url":"https:\/\/www.romaoggi.eu\/index.php\/2024\/03\/17\/michele-baldi-e-il-nuovo-commissario-di-roma-per-noi-moderati\/","og_site_name":"roma oggi","article_publisher":"https:\/\/www.facebook.com\/RomaOggi-841544845954114","article_published_time":"2024-03-17T10:33:39+00:00","article_modified_time":"2024-03-17T10:40:11+00:00","og_image":[{"width":2039,"height":1065,"url":"https:\/\/www.romaoggi.eu\/wp-content\/uploads\/2024\/03\/baldi-copertina.jpg","type":"image\/jpeg"}],"author":"admin","twitter_card":"summary_large_image","twitter_creator":"@romaoggi_eu","twitter_site":"@romaoggi_eu","twitter_misc":{"Scritto da":"admin","Tempo di lettura stimato":"4 minuti"},"schema":{"@context":"https:\/\/schema.org","@graph":[{"@type":"Article","@id":"https:\/\/www.romaoggi.eu\/index.php\/2024\/03\/17\/michele-baldi-e-il-nuovo-commissario-di-roma-per-noi-moderati\/#article","isPartOf":{"@id":"https:\/\/www.romaoggi.eu\/index.php\/2024\/03\/17\/michele-baldi-e-il-nuovo-commissario-di-roma-per-noi-moderati\/"},"author":{"name":"admin","@id":"https:\/\/www.romaoggi.eu\/#\/schema\/person\/9b23ceb6a2992a25e98c76a5f1fbb887"},"headline":"Michele Baldi \u00e8 il nuovo Commissario di Roma per &#8220;Noi Moderati&#8221;","datePublished":"2024-03-17T10:33:39+00:00","dateModified":"2024-03-17T10:40:11+00:00","mainEntityOfPage":{"@id":"https:\/\/www.romaoggi.eu\/index.php\/2024\/03\/17\/michele-baldi-e-il-nuovo-commissario-di-roma-per-noi-moderati\/"},"wordCount":581,"publisher":{"@id":"https:\/\/www.romaoggi.eu\/#organization"},"image":{"@id":"https:\/\/www.romaoggi.eu\/index.php\/2024\/03\/17\/michele-baldi-e-il-nuovo-commissario-di-roma-per-noi-moderati\/#primaryimage"},"thumbnailUrl":"https:\/\/www.romaoggi.eu\/wp-content\/uploads\/2024\/03\/baldi-copertina.jpg","keywords":["consigliere comunale","maurizio lupi","Michele Baldi","noi moderati","politica","roma"],"articleSection":["Interviste"],"inLanguage":"it-IT"},{"@type":"WebPage","@id":"https:\/\/www.romaoggi.eu\/index.php\/2024\/03\/17\/michele-baldi-e-il-nuovo-commissario-di-roma-per-noi-moderati\/","url":"https:\/\/www.romaoggi.eu\/index.php\/2024\/03\/17\/michele-baldi-e-il-nuovo-commissario-di-roma-per-noi-moderati\/","name":"Michele Baldi \u00e8 il nuovo Commissario di Roma per \"Noi Moderati\"","isPartOf":{"@id":"https:\/\/www.romaoggi.eu\/#website"},"primaryImageOfPage":{"@id":"https:\/\/www.romaoggi.eu\/index.php\/2024\/03\/17\/michele-baldi-e-il-nuovo-commissario-di-roma-per-noi-moderati\/#primaryimage"},"image":{"@id":"https:\/\/www.romaoggi.eu\/index.php\/2024\/03\/17\/michele-baldi-e-il-nuovo-commissario-di-roma-per-noi-moderati\/#primaryimage"},"thumbnailUrl":"https:\/\/www.romaoggi.eu\/wp-content\/uploads\/2024\/03\/baldi-copertina.jpg","datePublished":"2024-03-17T10:33:39+00:00","dateModified":"2024-03-17T10:40:11+00:00","description":"Michele Baldi, personaggio molto conosciuto per i suoi trascorsi politici, sociali e sportivi nell\u2019ambito romano \u00e8 il nuovo Commissario di Roma per il","breadcrumb":{"@id":"https:\/\/www.romaoggi.eu\/index.php\/2024\/03\/17\/michele-baldi-e-il-nuovo-commissario-di-roma-per-noi-moderati\/#breadcrumb"},"inLanguage":"it-IT","potentialAction":[{"@type":"ReadAction","target":["https:\/\/www.romaoggi.eu\/index.php\/2024\/03\/17\/michele-baldi-e-il-nuovo-commissario-di-roma-per-noi-moderati\/"]}]},{"@type":"ImageObject","inLanguage":"it-IT","@id":"https:\/\/www.romaoggi.eu\/index.php\/2024\/03\/17\/michele-baldi-e-il-nuovo-commissario-di-roma-per-noi-moderati\/#primaryimage","url":"https:\/\/www.romaoggi.eu\/wp-content\/uploads\/2024\/03\/baldi-copertina.jpg","contentUrl":"https:\/\/www.romaoggi.eu\/wp-content\/uploads\/2024\/03\/baldi-copertina.jpg","width":2039,"height":1065,"caption":"Michele Baldi e Maurizio Lupi"},{"@type":"BreadcrumbList","@id":"https:\/\/www.romaoggi.eu\/index.php\/2024\/03\/17\/michele-baldi-e-il-nuovo-commissario-di-roma-per-noi-moderati\/#breadcrumb","itemListElement":[{"@type":"ListItem","position":1,"name":"Home","item":"https:\/\/www.romaoggi.eu\/"},{"@type":"ListItem","position":2,"name":"Michele Baldi \u00e8 il nuovo Commissario di Roma per &#8220;Noi Moderati&#8221;"}]},{"@type":"WebSite","@id":"https:\/\/www.romaoggi.eu\/#website","url":"https:\/\/www.romaoggi.eu\/","name":"roma oggi","description":"Interesting News for Interesting people","publisher":{"@id":"https:\/\/www.romaoggi.eu\/#organization"},"potentialAction":[{"@type":"SearchAction","target":{"@type":"EntryPoint","urlTemplate":"https:\/\/www.romaoggi.eu\/?s={search_term_string}"},"query-input":{"@type":"PropertyValueSpecification","valueRequired":true,"valueName":"search_term_string"}}],"inLanguage":"it-IT"},{"@type":"Organization","@id":"https:\/\/www.romaoggi.eu\/#organization","name":"RomaOggi","url":"https:\/\/www.romaoggi.eu\/","logo":{"@type":"ImageObject","inLanguage":"it-IT","@id":"https:\/\/www.romaoggi.eu\/#\/schema\/logo\/image\/","url":"https:\/\/www.romaoggi.eu\/wp-content\/uploads\/2017\/04\/logowp.jpg","contentUrl":"https:\/\/www.romaoggi.eu\/wp-content\/uploads\/2017\/04\/logowp.jpg","width":300,"height":133,"caption":"RomaOggi"},"image":{"@id":"https:\/\/www.romaoggi.eu\/#\/schema\/logo\/image\/"},"sameAs":["https:\/\/www.facebook.com\/RomaOggi-841544845954114","https:\/\/x.com\/romaoggi_eu"]},{"@type":"Person","@id":"https:\/\/www.romaoggi.eu\/#\/schema\/person\/9b23ceb6a2992a25e98c76a5f1fbb887","name":"admin","image":{"@type":"ImageObject","inLanguage":"it-IT","@id":"https:\/\/secure.gravatar.com\/avatar\/51b1e0a1f4159e3b5d89435fce5e1a348d6c59e2ff8c2d428dae75560aace504?s=96&d=mm&r=g","url":"https:\/\/secure.gravatar.com\/avatar\/51b1e0a1f4159e3b5d89435fce5e1a348d6c59e2ff8c2d428dae75560aace504?s=96&d=mm&r=g","contentUrl":"https:\/\/secure.gravatar.com\/avatar\/51b1e0a1f4159e3b5d89435fce5e1a348d6c59e2ff8c2d428dae75560aace504?s=96&d=mm&r=g","caption":"admin"},"url":"https:\/\/www.romaoggi.eu\/index.php\/author\/admin\/"}]}},"_links":{"self":[{"href":"https:\/\/www.romaoggi.eu\/index.php\/wp-json\/wp\/v2\/posts\/36663","targetHints":{"allow":["GET"]}}],"collection":[{"href":"https:\/\/www.romaoggi.eu\/index.php\/wp-json\/wp\/v2\/posts"}],"about":[{"href":"https:\/\/www.romaoggi.eu\/index.php\/wp-json\/wp\/v2\/types\/post"}],"author":[{"embeddable":true,"href":"https:\/\/www.romaoggi.eu\/index.php\/wp-json\/wp\/v2\/users\/1"}],"replies":[{"embeddable":true,"href":"https:\/\/www.romaoggi.eu\/index.php\/wp-json\/wp\/v2\/comments?post=36663"}],"version-history":[{"count":5,"href":"https:\/\/www.romaoggi.eu\/index.php\/wp-json\/wp\/v2\/posts\/36663\/revisions"}],"predecessor-version":[{"id":36671,"href":"https:\/\/www.romaoggi.eu\/index.php\/wp-json\/wp\/v2\/posts\/36663\/revisions\/36671"}],"wp:featuredmedia":[{"embeddable":true,"href":"https:\/\/www.romaoggi.eu\/index.php\/wp-json\/wp\/v2\/media\/36670"}],"wp:attachment":[{"href":"https:\/\/www.romaoggi.eu\/index.php\/wp-json\/wp\/v2\/media?parent=36663"}],"wp:term":[{"taxonomy":"category","embeddable":true,"href":"https:\/\/www.romaoggi.eu\/index.php\/wp-json\/wp\/v2\/categories?post=36663"},{"taxonomy":"post_tag","embeddable":true,"href":"https:\/\/www.romaoggi.eu\/index.php\/wp-json\/wp\/v2\/tags?post=36663"}],"curies":[{"name":"wp","href":"https:\/\/api.w.org\/{rel}","templated":true}]}}