{"id":36951,"date":"2024-04-10T14:49:00","date_gmt":"2024-04-10T12:49:00","guid":{"rendered":"https:\/\/www.romaoggi.eu\/?p=36951"},"modified":"2024-05-03T07:20:27","modified_gmt":"2024-05-03T05:20:27","slug":"printfocus-explorer-dukha-della-taiga-nella-mongolia-settentrionale-di-daniela-casula","status":"publish","type":"post","link":"https:\/\/www.romaoggi.eu\/index.php\/2024\/04\/10\/printfocus-explorer-dukha-della-taiga-nella-mongolia-settentrionale-di-daniela-casula\/","title":{"rendered":"PrintFocus &#8211; Explorer : &#8220;Dukha della taiga nella Mongolia settentrionale&#8221; di  Daniela Casula"},"content":{"rendered":"<p align=\"CENTER\"><img loading=\"lazy\" decoding=\"async\" class=\"size-medium wp-image-36934 aligncenter\" src=\"https:\/\/www.romaoggi.eu\/wp-content\/uploads\/2024\/04\/Libraccio_Verde-300x93.png\" alt=\"\" width=\"300\" height=\"93\" srcset=\"https:\/\/www.romaoggi.eu\/wp-content\/uploads\/2024\/04\/Libraccio_Verde-300x93.png 300w, https:\/\/www.romaoggi.eu\/wp-content\/uploads\/2024\/04\/Libraccio_Verde.png 740w\" sizes=\"auto, (max-width: 300px) 100vw, 300px\" \/><img loading=\"lazy\" decoding=\"async\" class=\"wp-image-36979 aligncenter\" src=\"https:\/\/www.romaoggi.eu\/wp-content\/uploads\/2024\/04\/Banner-Ita-Premio-Print-Focus-LOCANDINA-SFONDO-BIANCO-SPECIMEN-36X36X300DPI-300x68.jpg\" alt=\"\" width=\"314\" height=\"71\" srcset=\"https:\/\/www.romaoggi.eu\/wp-content\/uploads\/2024\/04\/Banner-Ita-Premio-Print-Focus-LOCANDINA-SFONDO-BIANCO-SPECIMEN-36X36X300DPI-300x68.jpg 300w, https:\/\/www.romaoggi.eu\/wp-content\/uploads\/2024\/04\/Banner-Ita-Premio-Print-Focus-LOCANDINA-SFONDO-BIANCO-SPECIMEN-36X36X300DPI-1024x232.jpg 1024w, https:\/\/www.romaoggi.eu\/wp-content\/uploads\/2024\/04\/Banner-Ita-Premio-Print-Focus-LOCANDINA-SFONDO-BIANCO-SPECIMEN-36X36X300DPI-1536x348.jpg 1536w, https:\/\/www.romaoggi.eu\/wp-content\/uploads\/2024\/04\/Banner-Ita-Premio-Print-Focus-LOCANDINA-SFONDO-BIANCO-SPECIMEN-36X36X300DPI-2048x464.jpg 2048w\" sizes=\"auto, (max-width: 314px) 100vw, 314px\" \/><\/p>\n<p align=\"CENTER\"><span style=\"color: #ff0000\"><strong>Redazione a cura di Alessandro Lisci &#8211; Target LAb Ets<\/strong><\/span><\/p>\n<p align=\"CENTER\"><span style=\"color: #ff0000\"><strong>LAboratorio Sperimentale di Fotografia e Comunicazione<\/strong><\/span><\/p>\n<p align=\"CENTER\"><strong><span style=\"color: #339966\">Reportage presentato alle selezioni per la prima edizione del concorso &#8220;Explorer. Viaggio intorno al mondo &#8221; del premio internazionale PrintFocus<\/span><\/strong><\/p>\n<h1 align=\"CENTER\"><b>Dukha della taiga nella Mongolia settentrionale <\/b><\/h1>\n<p align=\"JUSTIFY\">Partendo dalla citt\u00e0 di M\u00f6r\u00f6n attraverso la taiga della Mongolia settentrionale \u00e8 possibile raggiungere dopo ore a cavallo una delle comunit\u00e0 dei Dukha, i leggendari pastori di renne, nell\u2019estrema propaggine settentrionale della regione di Huvsgol. La minoranza etnica dei Dukha \u00e8 chiamata in lingua mongola Tsaatan, \u201cuomini-renna\u201d, dato che essa vive quasi esclusivamente delle proprie renne, da cui ricava il latte, le corna da intagliare, un mezzo di trasporto e, pur se di rado, anche carne. I Dukha abitualmente non si cibano di renne malgrado nella taiga, a causa della caccia indiscriminata dalla fine degli anni \u201870, gli animali siano scomparsi quasi del tutto.<\/p>\n<p align=\"JUSTIFY\">Le renne non sono considerate dai Dukha come semplici capi di allevamento, ma come veri e propri membri della comunit\u00e0, alla cui cura \u00e8 interamente dedicata la loro vita.<\/p>\n<p align=\"JUSTIFY\">Gli Tsaatan fanno parte del gruppo etnico dei tuvani che vivono nella Repubblica popolare di Tuva in Russia, e parlano sia il dialetto tuvino che la lingua mongola. La comunit\u00e0 della taiga conta poco pi\u00f9 di duecento persone, mentre gli altri uomini-renna sono distribuiti in piccoli centri sparsi nella regione di Huvsgol.<\/p>\n<p align=\"JUSTIFY\">Il dialetto tuvino ha una ricca tradizione orale, che ha molte forme: fiabe magiche ed eroiche, storie di paura e lunghissimi poemi epici. Questa tradizione \u00e8 oggi in pericolo. Tuttavia, grazie alla linguista Elisabetta Ragagnin, massima specialista mondiale di questo idioma che incontro a Ulan Bator, vengo a conoscenza dell\u2019esistenza di un programma governativo di reintroduzione del dialetto tuvino nelle scuole per consentire ai bambini della taiga, figli dei pastori di renne, di tener vivo questo idioma.<\/p>\n<figure id=\"attachment_36967\" aria-describedby=\"caption-attachment-36967\" style=\"width: 1183px\" class=\"wp-caption alignnone\"><img loading=\"lazy\" decoding=\"async\" class=\" wp-image-36967\" src=\"https:\/\/www.romaoggi.eu\/wp-content\/uploads\/2024\/04\/foto-1\u00a9_Mandrie-di-renne-300x135.jpg\" alt=\"alt tag Dukha della taiga\" width=\"1183\" height=\"532\" srcset=\"https:\/\/www.romaoggi.eu\/wp-content\/uploads\/2024\/04\/foto-1\u00a9_Mandrie-di-renne-300x135.jpg 300w, https:\/\/www.romaoggi.eu\/wp-content\/uploads\/2024\/04\/foto-1\u00a9_Mandrie-di-renne-1024x461.jpg 1024w, https:\/\/www.romaoggi.eu\/wp-content\/uploads\/2024\/04\/foto-1\u00a9_Mandrie-di-renne.jpg 1472w\" sizes=\"auto, (max-width: 1183px) 100vw, 1183px\" \/><figcaption id=\"caption-attachment-36967\" class=\"wp-caption-text\"><strong>Mandrie di renne \u00a9 Daniela Casula.\u00a0 \u00a0 \u00a0 \u00a0 \u00a0 \u00a0 \u00a0 \u00a0 \u00a0 \u00a0 \u00a0\u00a0<\/strong><\/figcaption><\/figure>\n<p align=\"JUSTIFY\">Lo stile di vita degli Tsaatan \u00e8 semi-nomade dato che tre o quattro volte all\u2019anno spostano i loro accampamenti di <i>urts<\/i> (tende di forma conica) alla ricerca di pascoli di erbe di qualit\u00e0 e di licheni per soddisfare i fini palati delle renne. Gli Tsaatan preferiscono alle gher (le note case dei mongoli) le loro <i>urts<\/i> di forma conica che ricordano i tipi (teepe) dei nativi americani. Costruite tradizionalmente con corteccia di betulla, oggi le <i>urts <\/i>sono realizzate con teli sintetici.<\/p>\n<p><img loading=\"lazy\" decoding=\"async\" class=\" wp-image-36968\" src=\"https:\/\/www.romaoggi.eu\/wp-content\/uploads\/2024\/04\/foto-2\u00a9_urt_TendaConicaTipicaTsaatan-300x135.jpg\" alt=\"alt tag Dukha della taiga\" width=\"1166\" height=\"525\" srcset=\"https:\/\/www.romaoggi.eu\/wp-content\/uploads\/2024\/04\/foto-2\u00a9_urt_TendaConicaTipicaTsaatan-300x135.jpg 300w, https:\/\/www.romaoggi.eu\/wp-content\/uploads\/2024\/04\/foto-2\u00a9_urt_TendaConicaTipicaTsaatan-1024x461.jpg 1024w, https:\/\/www.romaoggi.eu\/wp-content\/uploads\/2024\/04\/foto-2\u00a9_urt_TendaConicaTipicaTsaatan.jpg 1472w\" sizes=\"auto, (max-width: 1166px) 100vw, 1166px\" \/><\/p>\n<p><strong><strong>Tenda conica urt tipica degli Tsaatan \u00a9 Daniela Casula\u00a0<\/strong><\/strong><\/p>\n<p align=\"JUSTIFY\">Gli Tsaatan appendono i loro oggetti e le loro piante medicinali in alto su pali di legno per ottimizzare lo spazio limitato delle urts in cui si svolge gran parte della loro vita domestica. All\u2019interno di esse gli utensili sono disposti in modo da creare un cerchio intorno ad una stufa centrale in ghisa provvista di canna fumaria con cui sono scaldate.<\/p>\n<p><img loading=\"lazy\" decoding=\"async\" class=\" wp-image-36969\" src=\"https:\/\/www.romaoggi.eu\/wp-content\/uploads\/2024\/04\/Foto-3\u00a9-Interno-Tenda-Disposizione-Utensili-copia-300x135.jpg\" alt=\"alt tag Dukha della taiga\" width=\"1142\" height=\"514\" srcset=\"https:\/\/www.romaoggi.eu\/wp-content\/uploads\/2024\/04\/Foto-3\u00a9-Interno-Tenda-Disposizione-Utensili-copia-300x135.jpg 300w, https:\/\/www.romaoggi.eu\/wp-content\/uploads\/2024\/04\/Foto-3\u00a9-Interno-Tenda-Disposizione-Utensili-copia-1024x462.jpg 1024w, https:\/\/www.romaoggi.eu\/wp-content\/uploads\/2024\/04\/Foto-3\u00a9-Interno-Tenda-Disposizione-Utensili-copia.jpg 1471w\" sizes=\"auto, (max-width: 1142px) 100vw, 1142px\" \/><\/p>\n<p><strong><strong>Interno Tenda della pastora Buyantogtoh \u00a9 Daniela Casula<\/strong><\/strong><\/p>\n<p align=\"JUSTIFY\">Le giovani famiglie sono ancora dedite alle attivit\u00e0 della comunit\u00e0 (mungitura, raccolta di piante medicinali, scorta di acqua e legna ecc). Anche Saran, pur avendo un neonato di cui occuparsi, ogni pomeriggio si dedica alla mungitura delle renne che hanno partorito di recente<\/p>\n<figure id=\"attachment_36970\" aria-describedby=\"caption-attachment-36970\" style=\"width: 1146px\" class=\"wp-caption alignnone\"><img loading=\"lazy\" decoding=\"async\" class=\" wp-image-36970\" src=\"https:\/\/www.romaoggi.eu\/wp-content\/uploads\/2024\/04\/Foto-4\u00a9-Saran-Mungitura-Donna-con-abito-rosso-135x300.jpg\" alt=\"alt tag Dukha della taiga\" width=\"1146\" height=\"2547\" srcset=\"https:\/\/www.romaoggi.eu\/wp-content\/uploads\/2024\/04\/Foto-4\u00a9-Saran-Mungitura-Donna-con-abito-rosso-135x300.jpg 135w, https:\/\/www.romaoggi.eu\/wp-content\/uploads\/2024\/04\/Foto-4\u00a9-Saran-Mungitura-Donna-con-abito-rosso-461x1024.jpg 461w, https:\/\/www.romaoggi.eu\/wp-content\/uploads\/2024\/04\/Foto-4\u00a9-Saran-Mungitura-Donna-con-abito-rosso.jpg 503w\" sizes=\"auto, (max-width: 1146px) 100vw, 1146px\" \/><figcaption id=\"caption-attachment-36970\" class=\"wp-caption-text\"><strong>Giovane donna Saran durante la mungitura \u00a9\u00a0 Daniela Casula\u00a0<\/strong><\/figcaption><\/figure>\n<p align=\"JUSTIFY\">I compiti di pastorizia sono condivisi tra tutti i membri della comunit\u00e0. Le donne si occupano in particolare dell\u2019\u201dasilo delle renne\u201d, un recinto molto ampio in cui i piccoli di renna vengono attaccati alle madri per l\u2019allattamento. I piccoli sono molto voraci e \u201cattaccano\u201d le mammelle materne in modo cos\u00ec aggressivo che quando le mamme strabuzzano gli occhi per il dolore, vengono allontanati dalle pastore<\/p>\n<p><img loading=\"lazy\" decoding=\"async\" class=\" wp-image-36971\" src=\"https:\/\/www.romaoggi.eu\/wp-content\/uploads\/2024\/04\/Foto-5\u00a9-Allattamento-Piccoli-renna-copia-300x135.jpg\" alt=\"alt tag Dukha della taiga\" width=\"1135\" height=\"511\" srcset=\"https:\/\/www.romaoggi.eu\/wp-content\/uploads\/2024\/04\/Foto-5\u00a9-Allattamento-Piccoli-renna-copia-300x135.jpg 300w, https:\/\/www.romaoggi.eu\/wp-content\/uploads\/2024\/04\/Foto-5\u00a9-Allattamento-Piccoli-renna-copia-1024x461.jpg 1024w, https:\/\/www.romaoggi.eu\/wp-content\/uploads\/2024\/04\/Foto-5\u00a9-Allattamento-Piccoli-renna-copia.jpg 1472w\" sizes=\"auto, (max-width: 1135px) 100vw, 1135px\" \/><\/p>\n<p><strong><strong>Asilo delle renne\u00a0 \u00a9 Daniela Casula<\/strong><\/strong><\/p>\n<p align=\"JUSTIFY\">Quando i piccoli hanno mangiato a sufficienza, le madri vengono munte dalle pastore Dukha. Saintsetseg, pastora di giorno e sciamana al plenilunio, \u00e8 intenta a mungere una renna.<\/p>\n<p><img loading=\"lazy\" decoding=\"async\" class=\" wp-image-36972\" src=\"https:\/\/www.romaoggi.eu\/wp-content\/uploads\/2024\/04\/foto-6\u00a9_SaintsetsegSciamanaPastoraMungituraRenna-copia-135x300.jpg\" alt=\"alt tag Dukha della taiga\" width=\"1137\" height=\"2527\" srcset=\"https:\/\/www.romaoggi.eu\/wp-content\/uploads\/2024\/04\/foto-6\u00a9_SaintsetsegSciamanaPastoraMungituraRenna-copia-135x300.jpg 135w, https:\/\/www.romaoggi.eu\/wp-content\/uploads\/2024\/04\/foto-6\u00a9_SaintsetsegSciamanaPastoraMungituraRenna-copia-461x1024.jpg 461w\" sizes=\"auto, (max-width: 1137px) 100vw, 1137px\" \/><\/p>\n<p><strong><strong>Saintsetseg la pastora Sciamana \u00a0\u00a9 Daniela Casula\u00a0 \u00a0<\/strong><\/strong><\/p>\n<p align=\"JUSTIFY\">Le pastore Zaya e Batsukh radunano le renne nei pressi del loro attuale accampamento<\/p>\n<figure id=\"attachment_36973\" aria-describedby=\"caption-attachment-36973\" style=\"width: 1162px\" class=\"wp-caption alignnone\"><img loading=\"lazy\" decoding=\"async\" class=\" wp-image-36973\" src=\"https:\/\/www.romaoggi.eu\/wp-content\/uploads\/2024\/04\/Foto-7\u00a9_PastoreRadunanoRenneVicinoInsediamento-300x135.jpg\" alt=\"alt tag Dukha della taiga\" width=\"1162\" height=\"523\" srcset=\"https:\/\/www.romaoggi.eu\/wp-content\/uploads\/2024\/04\/Foto-7\u00a9_PastoreRadunanoRenneVicinoInsediamento-300x135.jpg 300w, https:\/\/www.romaoggi.eu\/wp-content\/uploads\/2024\/04\/Foto-7\u00a9_PastoreRadunanoRenneVicinoInsediamento-1024x461.jpg 1024w, https:\/\/www.romaoggi.eu\/wp-content\/uploads\/2024\/04\/Foto-7\u00a9_PastoreRadunanoRenneVicinoInsediamento.jpg 1472w\" sizes=\"auto, (max-width: 1162px) 100vw, 1162px\" \/><figcaption id=\"caption-attachment-36973\" class=\"wp-caption-text\"><strong><strong>Pastore e raduno delle renne nei pressi dell&#8217;accampamento \u00a9 Daniela Casula\u00a0 \u00a0 \u00a0 \u00a0 \u00a0 \u00a0 \u00a0 \u00a0 \u00a0 \u00a0 \u00a0\u00a0<\/strong><\/strong><\/figcaption><\/figure>\n<p>Le figlie apprendono il mestiere delle madri pastore semplicemente osservandole.<\/p>\n<p><img loading=\"lazy\" decoding=\"async\" class=\" wp-image-36974\" src=\"https:\/\/www.romaoggi.eu\/wp-content\/uploads\/2024\/04\/Foto-8\u00a9_BambinaFigliaOsservaMadreLavoro-135x300.jpg\" alt=\"alt tag Dukha della taiga\" width=\"1163\" height=\"2584\" srcset=\"https:\/\/www.romaoggi.eu\/wp-content\/uploads\/2024\/04\/Foto-8\u00a9_BambinaFigliaOsservaMadreLavoro-135x300.jpg 135w, https:\/\/www.romaoggi.eu\/wp-content\/uploads\/2024\/04\/Foto-8\u00a9_BambinaFigliaOsservaMadreLavoro-461x1024.jpg 461w, https:\/\/www.romaoggi.eu\/wp-content\/uploads\/2024\/04\/Foto-8\u00a9_BambinaFigliaOsservaMadreLavoro-691x1536.jpg 691w, https:\/\/www.romaoggi.eu\/wp-content\/uploads\/2024\/04\/Foto-8\u00a9_BambinaFigliaOsservaMadreLavoro-922x2048.jpg 922w, https:\/\/www.romaoggi.eu\/wp-content\/uploads\/2024\/04\/Foto-8\u00a9_BambinaFigliaOsservaMadreLavoro.jpg 983w\" sizes=\"auto, (max-width: 1163px) 100vw, 1163px\" \/><\/p>\n<p><strong><strong>Bambina Dukha fra le renne \u00a0\u00a9 Daniela Casula.\u00a0<\/strong><\/strong><\/p>\n<p align=\"JUSTIFY\">Buyantogtoh, oltre ad essere una<u> pastora<\/u> e ad occuparsi della raccolta delle erbe da usare come piante medicinali, si prende cura anche della propria <i>urt <\/i>e allestisce i pasti quotidiani della famiglia. Fuori dalla <i>urt \u2013 <\/i>mi dice<i> &#8211; \u201c<\/i>si comporta come un uomo perch\u00e9 si prende cura delle renne\u201d ma \u201cdentro la <i>urt<\/i> sono una donna\u201d. Alla domanda su quale sia il rapporto delle donne Dukha con la propria parvenza fisica mi risponde con decisione: \u201c<i>non mi importa affatto della mia apparenza fisica; sono orgogliosa di essere riuscita ad allevare i miei figli senza mai lamentarmi del gelo invernale<\/i>\u201d &#8211; nella taiga durante l\u2019inverno la temperatura tocca i meno 50<sup>0<\/sup> -. <i>Noi donne Dukha sappiamo come appariamo, viviamo sempre insieme e non vogliamo cambiare<\/i>\u201d.<\/p>\n<p><img loading=\"lazy\" decoding=\"async\" class=\" wp-image-36975\" src=\"https:\/\/www.romaoggi.eu\/wp-content\/uploads\/2024\/04\/Foto-9\u00a9_StufaPaneBuyantogtohSpezzaLegnaperStufaDentroTenda-300x135.jpg\" alt=\"alt tag Dukha della taiga\" width=\"1160\" height=\"522\" srcset=\"https:\/\/www.romaoggi.eu\/wp-content\/uploads\/2024\/04\/Foto-9\u00a9_StufaPaneBuyantogtohSpezzaLegnaperStufaDentroTenda-300x135.jpg 300w, https:\/\/www.romaoggi.eu\/wp-content\/uploads\/2024\/04\/Foto-9\u00a9_StufaPaneBuyantogtohSpezzaLegnaperStufaDentroTenda-1024x461.jpg 1024w, https:\/\/www.romaoggi.eu\/wp-content\/uploads\/2024\/04\/Foto-9\u00a9_StufaPaneBuyantogtohSpezzaLegnaperStufaDentroTenda.jpg 1472w\" sizes=\"auto, (max-width: 1160px) 100vw, 1160px\" \/><\/p>\n<p><strong><strong>Buyantogtoh Spezza la\u00a0 Legna per la stufa \u00a9 Daniela Casula\u00a0<\/strong><\/strong><\/p>\n<p align=\"JUSTIFY\"><a name=\"_Hlk147050158\"><\/a>Lo sciamanesimo riveste un ruolo importante nella vita degli Tsaatan: nella comunit\u00e0 che ho visitato la sciamana Saintsetseg svolge la funzione di guaritrice, offrendo cure a base di rimedi tradizionali e invocando gli spiriti della natura a protezione della comunit\u00e0.<\/p>\n<p><img loading=\"lazy\" decoding=\"async\" class=\" wp-image-36976\" src=\"https:\/\/www.romaoggi.eu\/wp-content\/uploads\/2024\/04\/Foto-10\u00a9-SciamanaSaintsetsegTamburoPlenilunio-copia-300x270.jpg\" alt=\"alt tag Dukha della taiga\" width=\"1189\" height=\"1070\" srcset=\"https:\/\/www.romaoggi.eu\/wp-content\/uploads\/2024\/04\/Foto-10\u00a9-SciamanaSaintsetsegTamburoPlenilunio-copia-300x270.jpg 300w, https:\/\/www.romaoggi.eu\/wp-content\/uploads\/2024\/04\/Foto-10\u00a9-SciamanaSaintsetsegTamburoPlenilunio-copia-1024x922.jpg 1024w, https:\/\/www.romaoggi.eu\/wp-content\/uploads\/2024\/04\/Foto-10\u00a9-SciamanaSaintsetsegTamburoPlenilunio-copia.jpg 1080w\" sizes=\"auto, (max-width: 1189px) 100vw, 1189px\" \/><\/p>\n<p><strong><strong>La Sciamana Saintsetseg al tamburo durante il Plenilunio \u00a0\u00a9 Daniela Casula\u00a0<\/strong><\/strong><\/p>\n<p align=\"JUSTIFY\"><b>\u00a0 \u00a0 EPILOGO CONCLUSIVO<\/b><\/p>\n<p align=\"JUSTIFY\">In passato, gli Tsaatan erano completamente autosufficienti e ogni famiglia poteva contare su un numero di renne adeguato a garantire il proprio sostentamento. Oggi, in autunno gli Tsaatan raccolgono frutti di bosco, pinoli e patate selvatiche e, quando \u00e8 possibile, praticano la pesca e la caccia come ulteriori mezzi di sussistenza. Il cibo \u00e8 particolarmente scarso da gennaio a marzo. Nel 2012 un sussidio statale \u00e8 stato concesso dal Presidente della Mongolia agli anziani e alle famiglie numerose degli Tsaatan.<\/p>\n<p align=\"JUSTIFY\">Gli Tsaatan saranno in grado di mantenere la propria identit\u00e0 culturale e di preservare il proprio rapporto di intima vicinanza con la natura continuando a vivere nella taiga per prendersi cura delle renne o la maggior parte di loro decider\u00e0 di passare a un nuovo stile di vita?<\/p>\n","protected":false},"excerpt":{"rendered":"<div class=\"mh-excerpt\"><p>Redazione a cura di Alessandro Lisci &#8211; Target LAb Ets LAboratorio Sperimentale di Fotografia e Comunicazione Reportage presentato alle selezioni per la prima edizione del concorso &#8220;Explorer. Viaggio intorno al mondo &#8221; del premio internazionale <a class=\"mh-excerpt-more\" href=\"https:\/\/www.romaoggi.eu\/index.php\/2024\/04\/10\/printfocus-explorer-dukha-della-taiga-nella-mongolia-settentrionale-di-daniela-casula\/\" title=\"PrintFocus &#8211; Explorer : &#8220;Dukha della taiga nella Mongolia settentrionale&#8221; di  Daniela Casula\">[&#8230;]<\/a><\/p>\n<\/div>","protected":false},"author":17,"featured_media":36969,"comment_status":"closed","ping_status":"open","sticky":false,"template":"","format":"standard","meta":{"_sitemap_exclude":false,"_sitemap_priority":"","_sitemap_frequency":"","footnotes":""},"categories":[8172],"tags":[4137,17267,17266,16948,16933,17268,17269,16917,15567,16934],"class_list":["post-36951","post","type-post","status-publish","format-standard","has-post-thumbnail","hentry","category-reportage","tag-alessandro-lisci","tag-daniela-casula","tag-dukha-della-taiga","tag-explorer","tag-libraccio","tag-mongolia","tag-premio-internazionale-di-fotografia","tag-print-focus","tag-target-lab-ets","tag-viaggio-intorno-al-mondo"],"yoast_head":"<!-- This site is optimized with the Yoast SEO plugin v27.4 - https:\/\/yoast.com\/product\/yoast-seo-wordpress\/ -->\n<title>PrintFocus - Explorer : &quot;Dukha della taiga nella Mongolia settentrionale&quot; di Daniela Casula<\/title>\n<meta name=\"description\" content=\"Redazione a cura di Alessandro Lisci - Target LAb Ets LAboratorio Sperimentale di Fotografia e Comunicazione Reportage presentato alle selezioni per la\" \/>\n<meta name=\"robots\" content=\"index, follow, max-snippet:-1, max-image-preview:large, max-video-preview:-1\" \/>\n<link rel=\"canonical\" href=\"https:\/\/www.romaoggi.eu\/index.php\/2024\/04\/10\/printfocus-explorer-dukha-della-taiga-nella-mongolia-settentrionale-di-daniela-casula\/\" \/>\n<meta property=\"og:locale\" content=\"it_IT\" \/>\n<meta property=\"og:type\" content=\"article\" \/>\n<meta property=\"og:title\" content=\"PrintFocus - Explorer : &quot;Dukha della taiga nella Mongolia settentrionale&quot; di Daniela Casula\" \/>\n<meta property=\"og:description\" content=\"Redazione a cura di Alessandro Lisci - Target LAb Ets LAboratorio Sperimentale di Fotografia e Comunicazione Reportage presentato alle selezioni per la\" \/>\n<meta property=\"og:url\" content=\"https:\/\/www.romaoggi.eu\/index.php\/2024\/04\/10\/printfocus-explorer-dukha-della-taiga-nella-mongolia-settentrionale-di-daniela-casula\/\" \/>\n<meta property=\"og:site_name\" content=\"roma oggi\" \/>\n<meta property=\"article:publisher\" content=\"https:\/\/www.facebook.com\/RomaOggi-841544845954114\" \/>\n<meta property=\"article:published_time\" content=\"2024-04-10T12:49:00+00:00\" \/>\n<meta property=\"article:modified_time\" content=\"2024-05-03T05:20:27+00:00\" \/>\n<meta property=\"og:image\" content=\"https:\/\/www.romaoggi.eu\/wp-content\/uploads\/2024\/04\/Foto-3\u00a9-Interno-Tenda-Disposizione-Utensili-copia.jpg\" \/>\n\t<meta property=\"og:image:width\" content=\"1471\" \/>\n\t<meta property=\"og:image:height\" content=\"664\" \/>\n\t<meta property=\"og:image:type\" content=\"image\/jpeg\" \/>\n<meta name=\"author\" content=\"Target Lab Ets\" \/>\n<meta name=\"twitter:card\" content=\"summary_large_image\" \/>\n<meta name=\"twitter:creator\" content=\"@romaoggi_eu\" \/>\n<meta name=\"twitter:site\" content=\"@romaoggi_eu\" \/>\n<meta name=\"twitter:label1\" content=\"Scritto da\" \/>\n\t<meta name=\"twitter:data1\" content=\"Target Lab Ets\" \/>\n\t<meta name=\"twitter:label2\" content=\"Tempo di lettura stimato\" \/>\n\t<meta name=\"twitter:data2\" content=\"8 minuti\" \/>\n<script type=\"application\/ld+json\" class=\"yoast-schema-graph\">{\"@context\":\"https:\\\/\\\/schema.org\",\"@graph\":[{\"@type\":\"Article\",\"@id\":\"https:\\\/\\\/www.romaoggi.eu\\\/index.php\\\/2024\\\/04\\\/10\\\/printfocus-explorer-dukha-della-taiga-nella-mongolia-settentrionale-di-daniela-casula\\\/#article\",\"isPartOf\":{\"@id\":\"https:\\\/\\\/www.romaoggi.eu\\\/index.php\\\/2024\\\/04\\\/10\\\/printfocus-explorer-dukha-della-taiga-nella-mongolia-settentrionale-di-daniela-casula\\\/\"},\"author\":{\"name\":\"Target Lab Ets\",\"@id\":\"https:\\\/\\\/www.romaoggi.eu\\\/#\\\/schema\\\/person\\\/72b8cfc6de60caeb335267c8e21d90fb\"},\"headline\":\"PrintFocus &#8211; Explorer : &#8220;Dukha della taiga nella Mongolia settentrionale&#8221; di Daniela Casula\",\"datePublished\":\"2024-04-10T12:49:00+00:00\",\"dateModified\":\"2024-05-03T05:20:27+00:00\",\"mainEntityOfPage\":{\"@id\":\"https:\\\/\\\/www.romaoggi.eu\\\/index.php\\\/2024\\\/04\\\/10\\\/printfocus-explorer-dukha-della-taiga-nella-mongolia-settentrionale-di-daniela-casula\\\/\"},\"wordCount\":1006,\"publisher\":{\"@id\":\"https:\\\/\\\/www.romaoggi.eu\\\/#organization\"},\"image\":{\"@id\":\"https:\\\/\\\/www.romaoggi.eu\\\/index.php\\\/2024\\\/04\\\/10\\\/printfocus-explorer-dukha-della-taiga-nella-mongolia-settentrionale-di-daniela-casula\\\/#primaryimage\"},\"thumbnailUrl\":\"https:\\\/\\\/www.romaoggi.eu\\\/wp-content\\\/uploads\\\/2024\\\/04\\\/Foto-3\u00a9-Interno-Tenda-Disposizione-Utensili-copia.jpg\",\"keywords\":[\"alessandro lisci\",\"Daniela CAsula\",\"Dukha della taiga\",\"Explorer\",\"Libraccio\",\"Mongolia\",\"Premio internazionale di fotografia\",\"Print Focus\",\"target lab ets\",\"Viaggio intorno al Mondo\"],\"articleSection\":[\"Reportage\"],\"inLanguage\":\"it-IT\"},{\"@type\":\"WebPage\",\"@id\":\"https:\\\/\\\/www.romaoggi.eu\\\/index.php\\\/2024\\\/04\\\/10\\\/printfocus-explorer-dukha-della-taiga-nella-mongolia-settentrionale-di-daniela-casula\\\/\",\"url\":\"https:\\\/\\\/www.romaoggi.eu\\\/index.php\\\/2024\\\/04\\\/10\\\/printfocus-explorer-dukha-della-taiga-nella-mongolia-settentrionale-di-daniela-casula\\\/\",\"name\":\"PrintFocus - Explorer : \\\"Dukha della taiga nella Mongolia settentrionale\\\" di Daniela Casula\",\"isPartOf\":{\"@id\":\"https:\\\/\\\/www.romaoggi.eu\\\/#website\"},\"primaryImageOfPage\":{\"@id\":\"https:\\\/\\\/www.romaoggi.eu\\\/index.php\\\/2024\\\/04\\\/10\\\/printfocus-explorer-dukha-della-taiga-nella-mongolia-settentrionale-di-daniela-casula\\\/#primaryimage\"},\"image\":{\"@id\":\"https:\\\/\\\/www.romaoggi.eu\\\/index.php\\\/2024\\\/04\\\/10\\\/printfocus-explorer-dukha-della-taiga-nella-mongolia-settentrionale-di-daniela-casula\\\/#primaryimage\"},\"thumbnailUrl\":\"https:\\\/\\\/www.romaoggi.eu\\\/wp-content\\\/uploads\\\/2024\\\/04\\\/Foto-3\u00a9-Interno-Tenda-Disposizione-Utensili-copia.jpg\",\"datePublished\":\"2024-04-10T12:49:00+00:00\",\"dateModified\":\"2024-05-03T05:20:27+00:00\",\"description\":\"Redazione a cura di Alessandro Lisci - Target LAb Ets LAboratorio Sperimentale di Fotografia e Comunicazione Reportage presentato alle selezioni per la\",\"breadcrumb\":{\"@id\":\"https:\\\/\\\/www.romaoggi.eu\\\/index.php\\\/2024\\\/04\\\/10\\\/printfocus-explorer-dukha-della-taiga-nella-mongolia-settentrionale-di-daniela-casula\\\/#breadcrumb\"},\"inLanguage\":\"it-IT\",\"potentialAction\":[{\"@type\":\"ReadAction\",\"target\":[\"https:\\\/\\\/www.romaoggi.eu\\\/index.php\\\/2024\\\/04\\\/10\\\/printfocus-explorer-dukha-della-taiga-nella-mongolia-settentrionale-di-daniela-casula\\\/\"]}]},{\"@type\":\"ImageObject\",\"inLanguage\":\"it-IT\",\"@id\":\"https:\\\/\\\/www.romaoggi.eu\\\/index.php\\\/2024\\\/04\\\/10\\\/printfocus-explorer-dukha-della-taiga-nella-mongolia-settentrionale-di-daniela-casula\\\/#primaryimage\",\"url\":\"https:\\\/\\\/www.romaoggi.eu\\\/wp-content\\\/uploads\\\/2024\\\/04\\\/Foto-3\u00a9-Interno-Tenda-Disposizione-Utensili-copia.jpg\",\"contentUrl\":\"https:\\\/\\\/www.romaoggi.eu\\\/wp-content\\\/uploads\\\/2024\\\/04\\\/Foto-3\u00a9-Interno-Tenda-Disposizione-Utensili-copia.jpg\",\"width\":1471,\"height\":664,\"caption\":\"Foto 3 \u00a9 Daniela Casula Interno Tenda della pastora Buyantogtoh\"},{\"@type\":\"BreadcrumbList\",\"@id\":\"https:\\\/\\\/www.romaoggi.eu\\\/index.php\\\/2024\\\/04\\\/10\\\/printfocus-explorer-dukha-della-taiga-nella-mongolia-settentrionale-di-daniela-casula\\\/#breadcrumb\",\"itemListElement\":[{\"@type\":\"ListItem\",\"position\":1,\"name\":\"Home\",\"item\":\"https:\\\/\\\/www.romaoggi.eu\\\/\"},{\"@type\":\"ListItem\",\"position\":2,\"name\":\"PrintFocus &#8211; Explorer : &#8220;Dukha della taiga nella Mongolia settentrionale&#8221; di Daniela Casula\"}]},{\"@type\":\"WebSite\",\"@id\":\"https:\\\/\\\/www.romaoggi.eu\\\/#website\",\"url\":\"https:\\\/\\\/www.romaoggi.eu\\\/\",\"name\":\"roma oggi\",\"description\":\"Interesting News for Interesting people\",\"publisher\":{\"@id\":\"https:\\\/\\\/www.romaoggi.eu\\\/#organization\"},\"potentialAction\":[{\"@type\":\"SearchAction\",\"target\":{\"@type\":\"EntryPoint\",\"urlTemplate\":\"https:\\\/\\\/www.romaoggi.eu\\\/?s={search_term_string}\"},\"query-input\":{\"@type\":\"PropertyValueSpecification\",\"valueRequired\":true,\"valueName\":\"search_term_string\"}}],\"inLanguage\":\"it-IT\"},{\"@type\":\"Organization\",\"@id\":\"https:\\\/\\\/www.romaoggi.eu\\\/#organization\",\"name\":\"RomaOggi\",\"url\":\"https:\\\/\\\/www.romaoggi.eu\\\/\",\"logo\":{\"@type\":\"ImageObject\",\"inLanguage\":\"it-IT\",\"@id\":\"https:\\\/\\\/www.romaoggi.eu\\\/#\\\/schema\\\/logo\\\/image\\\/\",\"url\":\"https:\\\/\\\/www.romaoggi.eu\\\/wp-content\\\/uploads\\\/2017\\\/04\\\/logowp.jpg\",\"contentUrl\":\"https:\\\/\\\/www.romaoggi.eu\\\/wp-content\\\/uploads\\\/2017\\\/04\\\/logowp.jpg\",\"width\":300,\"height\":133,\"caption\":\"RomaOggi\"},\"image\":{\"@id\":\"https:\\\/\\\/www.romaoggi.eu\\\/#\\\/schema\\\/logo\\\/image\\\/\"},\"sameAs\":[\"https:\\\/\\\/www.facebook.com\\\/RomaOggi-841544845954114\",\"https:\\\/\\\/x.com\\\/romaoggi_eu\"]},{\"@type\":\"Person\",\"@id\":\"https:\\\/\\\/www.romaoggi.eu\\\/#\\\/schema\\\/person\\\/72b8cfc6de60caeb335267c8e21d90fb\",\"name\":\"Target Lab Ets\",\"image\":{\"@type\":\"ImageObject\",\"inLanguage\":\"it-IT\",\"@id\":\"https:\\\/\\\/secure.gravatar.com\\\/avatar\\\/ab64fd266889a629b0e9e6ab56209e379c2a89cfda303941ee9621d4090292d1?s=96&d=mm&r=g\",\"url\":\"https:\\\/\\\/secure.gravatar.com\\\/avatar\\\/ab64fd266889a629b0e9e6ab56209e379c2a89cfda303941ee9621d4090292d1?s=96&d=mm&r=g\",\"contentUrl\":\"https:\\\/\\\/secure.gravatar.com\\\/avatar\\\/ab64fd266889a629b0e9e6ab56209e379c2a89cfda303941ee9621d4090292d1?s=96&d=mm&r=g\",\"caption\":\"Target Lab Ets\"},\"sameAs\":[\"http:\\\/\\\/www.targetlab.org\"],\"url\":\"https:\\\/\\\/www.romaoggi.eu\\\/index.php\\\/author\\\/isfc\\\/\"}]}<\/script>\n<!-- \/ Yoast SEO plugin. -->","yoast_head_json":{"title":"PrintFocus - Explorer : \"Dukha della taiga nella Mongolia settentrionale\" di Daniela Casula","description":"Redazione a cura di Alessandro Lisci - Target LAb Ets LAboratorio Sperimentale di Fotografia e Comunicazione Reportage presentato alle selezioni per la","robots":{"index":"index","follow":"follow","max-snippet":"max-snippet:-1","max-image-preview":"max-image-preview:large","max-video-preview":"max-video-preview:-1"},"canonical":"https:\/\/www.romaoggi.eu\/index.php\/2024\/04\/10\/printfocus-explorer-dukha-della-taiga-nella-mongolia-settentrionale-di-daniela-casula\/","og_locale":"it_IT","og_type":"article","og_title":"PrintFocus - Explorer : \"Dukha della taiga nella Mongolia settentrionale\" di Daniela Casula","og_description":"Redazione a cura di Alessandro Lisci - Target LAb Ets LAboratorio Sperimentale di Fotografia e Comunicazione Reportage presentato alle selezioni per la","og_url":"https:\/\/www.romaoggi.eu\/index.php\/2024\/04\/10\/printfocus-explorer-dukha-della-taiga-nella-mongolia-settentrionale-di-daniela-casula\/","og_site_name":"roma oggi","article_publisher":"https:\/\/www.facebook.com\/RomaOggi-841544845954114","article_published_time":"2024-04-10T12:49:00+00:00","article_modified_time":"2024-05-03T05:20:27+00:00","og_image":[{"width":1471,"height":664,"url":"https:\/\/www.romaoggi.eu\/wp-content\/uploads\/2024\/04\/Foto-3\u00a9-Interno-Tenda-Disposizione-Utensili-copia.jpg","type":"image\/jpeg"}],"author":"Target Lab Ets","twitter_card":"summary_large_image","twitter_creator":"@romaoggi_eu","twitter_site":"@romaoggi_eu","twitter_misc":{"Scritto da":"Target Lab Ets","Tempo di lettura stimato":"8 minuti"},"schema":{"@context":"https:\/\/schema.org","@graph":[{"@type":"Article","@id":"https:\/\/www.romaoggi.eu\/index.php\/2024\/04\/10\/printfocus-explorer-dukha-della-taiga-nella-mongolia-settentrionale-di-daniela-casula\/#article","isPartOf":{"@id":"https:\/\/www.romaoggi.eu\/index.php\/2024\/04\/10\/printfocus-explorer-dukha-della-taiga-nella-mongolia-settentrionale-di-daniela-casula\/"},"author":{"name":"Target Lab Ets","@id":"https:\/\/www.romaoggi.eu\/#\/schema\/person\/72b8cfc6de60caeb335267c8e21d90fb"},"headline":"PrintFocus &#8211; Explorer : &#8220;Dukha della taiga nella Mongolia settentrionale&#8221; di Daniela Casula","datePublished":"2024-04-10T12:49:00+00:00","dateModified":"2024-05-03T05:20:27+00:00","mainEntityOfPage":{"@id":"https:\/\/www.romaoggi.eu\/index.php\/2024\/04\/10\/printfocus-explorer-dukha-della-taiga-nella-mongolia-settentrionale-di-daniela-casula\/"},"wordCount":1006,"publisher":{"@id":"https:\/\/www.romaoggi.eu\/#organization"},"image":{"@id":"https:\/\/www.romaoggi.eu\/index.php\/2024\/04\/10\/printfocus-explorer-dukha-della-taiga-nella-mongolia-settentrionale-di-daniela-casula\/#primaryimage"},"thumbnailUrl":"https:\/\/www.romaoggi.eu\/wp-content\/uploads\/2024\/04\/Foto-3\u00a9-Interno-Tenda-Disposizione-Utensili-copia.jpg","keywords":["alessandro lisci","Daniela CAsula","Dukha della taiga","Explorer","Libraccio","Mongolia","Premio internazionale di fotografia","Print Focus","target lab ets","Viaggio intorno al Mondo"],"articleSection":["Reportage"],"inLanguage":"it-IT"},{"@type":"WebPage","@id":"https:\/\/www.romaoggi.eu\/index.php\/2024\/04\/10\/printfocus-explorer-dukha-della-taiga-nella-mongolia-settentrionale-di-daniela-casula\/","url":"https:\/\/www.romaoggi.eu\/index.php\/2024\/04\/10\/printfocus-explorer-dukha-della-taiga-nella-mongolia-settentrionale-di-daniela-casula\/","name":"PrintFocus - Explorer : \"Dukha della taiga nella Mongolia settentrionale\" di Daniela Casula","isPartOf":{"@id":"https:\/\/www.romaoggi.eu\/#website"},"primaryImageOfPage":{"@id":"https:\/\/www.romaoggi.eu\/index.php\/2024\/04\/10\/printfocus-explorer-dukha-della-taiga-nella-mongolia-settentrionale-di-daniela-casula\/#primaryimage"},"image":{"@id":"https:\/\/www.romaoggi.eu\/index.php\/2024\/04\/10\/printfocus-explorer-dukha-della-taiga-nella-mongolia-settentrionale-di-daniela-casula\/#primaryimage"},"thumbnailUrl":"https:\/\/www.romaoggi.eu\/wp-content\/uploads\/2024\/04\/Foto-3\u00a9-Interno-Tenda-Disposizione-Utensili-copia.jpg","datePublished":"2024-04-10T12:49:00+00:00","dateModified":"2024-05-03T05:20:27+00:00","description":"Redazione a cura di Alessandro Lisci - Target LAb Ets LAboratorio Sperimentale di Fotografia e Comunicazione Reportage presentato alle selezioni per la","breadcrumb":{"@id":"https:\/\/www.romaoggi.eu\/index.php\/2024\/04\/10\/printfocus-explorer-dukha-della-taiga-nella-mongolia-settentrionale-di-daniela-casula\/#breadcrumb"},"inLanguage":"it-IT","potentialAction":[{"@type":"ReadAction","target":["https:\/\/www.romaoggi.eu\/index.php\/2024\/04\/10\/printfocus-explorer-dukha-della-taiga-nella-mongolia-settentrionale-di-daniela-casula\/"]}]},{"@type":"ImageObject","inLanguage":"it-IT","@id":"https:\/\/www.romaoggi.eu\/index.php\/2024\/04\/10\/printfocus-explorer-dukha-della-taiga-nella-mongolia-settentrionale-di-daniela-casula\/#primaryimage","url":"https:\/\/www.romaoggi.eu\/wp-content\/uploads\/2024\/04\/Foto-3\u00a9-Interno-Tenda-Disposizione-Utensili-copia.jpg","contentUrl":"https:\/\/www.romaoggi.eu\/wp-content\/uploads\/2024\/04\/Foto-3\u00a9-Interno-Tenda-Disposizione-Utensili-copia.jpg","width":1471,"height":664,"caption":"Foto 3 \u00a9 Daniela Casula Interno Tenda della pastora Buyantogtoh"},{"@type":"BreadcrumbList","@id":"https:\/\/www.romaoggi.eu\/index.php\/2024\/04\/10\/printfocus-explorer-dukha-della-taiga-nella-mongolia-settentrionale-di-daniela-casula\/#breadcrumb","itemListElement":[{"@type":"ListItem","position":1,"name":"Home","item":"https:\/\/www.romaoggi.eu\/"},{"@type":"ListItem","position":2,"name":"PrintFocus &#8211; Explorer : &#8220;Dukha della taiga nella Mongolia settentrionale&#8221; di Daniela Casula"}]},{"@type":"WebSite","@id":"https:\/\/www.romaoggi.eu\/#website","url":"https:\/\/www.romaoggi.eu\/","name":"roma oggi","description":"Interesting News for Interesting people","publisher":{"@id":"https:\/\/www.romaoggi.eu\/#organization"},"potentialAction":[{"@type":"SearchAction","target":{"@type":"EntryPoint","urlTemplate":"https:\/\/www.romaoggi.eu\/?s={search_term_string}"},"query-input":{"@type":"PropertyValueSpecification","valueRequired":true,"valueName":"search_term_string"}}],"inLanguage":"it-IT"},{"@type":"Organization","@id":"https:\/\/www.romaoggi.eu\/#organization","name":"RomaOggi","url":"https:\/\/www.romaoggi.eu\/","logo":{"@type":"ImageObject","inLanguage":"it-IT","@id":"https:\/\/www.romaoggi.eu\/#\/schema\/logo\/image\/","url":"https:\/\/www.romaoggi.eu\/wp-content\/uploads\/2017\/04\/logowp.jpg","contentUrl":"https:\/\/www.romaoggi.eu\/wp-content\/uploads\/2017\/04\/logowp.jpg","width":300,"height":133,"caption":"RomaOggi"},"image":{"@id":"https:\/\/www.romaoggi.eu\/#\/schema\/logo\/image\/"},"sameAs":["https:\/\/www.facebook.com\/RomaOggi-841544845954114","https:\/\/x.com\/romaoggi_eu"]},{"@type":"Person","@id":"https:\/\/www.romaoggi.eu\/#\/schema\/person\/72b8cfc6de60caeb335267c8e21d90fb","name":"Target Lab Ets","image":{"@type":"ImageObject","inLanguage":"it-IT","@id":"https:\/\/secure.gravatar.com\/avatar\/ab64fd266889a629b0e9e6ab56209e379c2a89cfda303941ee9621d4090292d1?s=96&d=mm&r=g","url":"https:\/\/secure.gravatar.com\/avatar\/ab64fd266889a629b0e9e6ab56209e379c2a89cfda303941ee9621d4090292d1?s=96&d=mm&r=g","contentUrl":"https:\/\/secure.gravatar.com\/avatar\/ab64fd266889a629b0e9e6ab56209e379c2a89cfda303941ee9621d4090292d1?s=96&d=mm&r=g","caption":"Target Lab Ets"},"sameAs":["http:\/\/www.targetlab.org"],"url":"https:\/\/www.romaoggi.eu\/index.php\/author\/isfc\/"}]}},"_links":{"self":[{"href":"https:\/\/www.romaoggi.eu\/index.php\/wp-json\/wp\/v2\/posts\/36951","targetHints":{"allow":["GET"]}}],"collection":[{"href":"https:\/\/www.romaoggi.eu\/index.php\/wp-json\/wp\/v2\/posts"}],"about":[{"href":"https:\/\/www.romaoggi.eu\/index.php\/wp-json\/wp\/v2\/types\/post"}],"author":[{"embeddable":true,"href":"https:\/\/www.romaoggi.eu\/index.php\/wp-json\/wp\/v2\/users\/17"}],"replies":[{"embeddable":true,"href":"https:\/\/www.romaoggi.eu\/index.php\/wp-json\/wp\/v2\/comments?post=36951"}],"version-history":[{"count":8,"href":"https:\/\/www.romaoggi.eu\/index.php\/wp-json\/wp\/v2\/posts\/36951\/revisions"}],"predecessor-version":[{"id":37146,"href":"https:\/\/www.romaoggi.eu\/index.php\/wp-json\/wp\/v2\/posts\/36951\/revisions\/37146"}],"wp:featuredmedia":[{"embeddable":true,"href":"https:\/\/www.romaoggi.eu\/index.php\/wp-json\/wp\/v2\/media\/36969"}],"wp:attachment":[{"href":"https:\/\/www.romaoggi.eu\/index.php\/wp-json\/wp\/v2\/media?parent=36951"}],"wp:term":[{"taxonomy":"category","embeddable":true,"href":"https:\/\/www.romaoggi.eu\/index.php\/wp-json\/wp\/v2\/categories?post=36951"},{"taxonomy":"post_tag","embeddable":true,"href":"https:\/\/www.romaoggi.eu\/index.php\/wp-json\/wp\/v2\/tags?post=36951"}],"curies":[{"name":"wp","href":"https:\/\/api.w.org\/{rel}","templated":true}]}}