{"id":36953,"date":"2024-04-09T13:55:38","date_gmt":"2024-04-09T11:55:38","guid":{"rendered":"https:\/\/www.romaoggi.eu\/?p=36953"},"modified":"2024-04-09T13:55:38","modified_gmt":"2024-04-09T11:55:38","slug":"marton-nemes-con-techno-zen-alla-60-esposizione-internazionale-darte-la-biennale-di-venezia","status":"publish","type":"post","link":"https:\/\/www.romaoggi.eu\/index.php\/2024\/04\/09\/marton-nemes-con-techno-zen-alla-60-esposizione-internazionale-darte-la-biennale-di-venezia\/","title":{"rendered":"M\u00e1rton Nemes con Techno Zen alla 60. Esposizione Internazionale d&#8217;Arte &#8211; La Biennale di Venezia"},"content":{"rendered":"<p align=\"JUSTIFY\"><img loading=\"lazy\" decoding=\"async\" class=\"alignnone size-medium wp-image-36959 alignright\" src=\"https:\/\/www.romaoggi.eu\/wp-content\/uploads\/2024\/04\/logo-1-alto-300x277.jpg\" alt=\"alt tag Nemes Marton\" width=\"300\" height=\"277\" srcset=\"https:\/\/www.romaoggi.eu\/wp-content\/uploads\/2024\/04\/logo-1-alto-300x277.jpg 300w, https:\/\/www.romaoggi.eu\/wp-content\/uploads\/2024\/04\/logo-1-alto.jpg 398w\" sizes=\"auto, (max-width: 300px) 100vw, 300px\" \/><\/p>\n<p style=\"text-align: center\" align=\"JUSTIFY\"><strong><span style=\"font-size: large\"><span lang=\"it-IT\">Il Padiglione dell\u2019Ungheria<\/span><\/span><\/strong><\/p>\n<p style=\"text-align: center\" align=\"JUSTIFY\"><strong><span style=\"font-size: large\"><span lang=\"it-IT\">alla 60. Esposizione Internazionale d&#8217;Arte &#8211; La Biennale di Venezia<\/span><\/span><\/strong><\/p>\n<p style=\"text-align: center\" align=\"JUSTIFY\"><span style=\"font-size: large\"><span lang=\"it-IT\"><b>M\u00e1rton Nemes<\/b><\/span><\/span><\/p>\n<p style=\"text-align: center\" align=\"JUSTIFY\"><span style=\"font-size: large\"><span lang=\"it-IT\"><b>Techno Zen<\/b><\/span><\/span><\/p>\n<p align=\"JUSTIFY\"><span style=\"font-size: medium\"><span lang=\"it-IT\">Il lavoro di <strong>M\u00e1rton Nemes<\/strong> \u00e8 influenzato dalle sottoculture techno; l&#8217;esplosione e la riorganizzazione del campo pittorico conferiscono un carattere psichedelico ai suoi dipinti che evocano l&#8217;atmosfera visiva delle discoteche di oggi. Combinando elementi pittorici e scultorei, le sue installazioni multimediali creano una dinamica spaziale ipnotica che porta lo spettatore dalla durezza del mondo reale in un campo di colori fluido e vertiginoso. <\/span><\/span><\/p>\n<p align=\"JUSTIFY\"><span style=\"font-size: medium\"><span lang=\"it-IT\"><strong>Per la 60. Esposizione Internazionale d&#8217;Arte<\/strong>, il progetto \u00e8 stato concepito da Nemes come una Gesamtkunstwerk immersiva, basata sulla pittura, che sottolinea l&#8217;espansione del genere pittorico, la sua estensione ad altri media, un processo che \u00e8 diventato sempre pi\u00f9 caratteristico della pratica dell&#8217;artista. Nelle sue opere precedenti, <strong>M\u00e1rton Nemes<\/strong> si \u00e8 avvicinato alla cultura rave da una prospettiva escapista e ha formulato l&#8217;idea di liberarsi da situazioni depressive e senza speranza con mezzi visivi. L&#8217;ensemble esposto nel padiglione segna ora una svolta: la sfida alla realt\u00e0 \u00e8 sostituita da un&#8217;esperienza trascendentale e la vibrazione della techno si trasforma in una risonanza zen. <\/span><\/span><\/p>\n<p align=\"JUSTIFY\"><span style=\"font-size: medium\"><span lang=\"it-IT\">Il termine techno si riferisce anche a techn\u00e9 e arte tecnologica; la fusione di tecnologie e materiali industriali con un approccio pi\u00f9 convenzionale si svolge come un oggetto pittorico, un\u2019installazione o un ambiente pittorico in movimento. Acciaio tagliato al laser, vernice per auto, lamiera smaltata, proiezione, luci DMX, altoparlanti e ventilatori colorati sono gli strumenti che <strong>M\u00e1rton Nemes<\/strong> integra nella sua pratica per reinterpretare la tavolozza della pittura. Cos\u00ec facendo, crea un ambiente multisensoriale: il suo contenuto ottico, acustico e tattile si svolge attraverso gli effetti combinati di luce, colore, movimento e suono. <\/span><\/span><\/p>\n<p align=\"JUSTIFY\"><span style=\"font-size: medium\"><span lang=\"it-IT\">La mostra \u00e8 strutturata in tre parti principali destinate a essere pienamente comprese, percepite e vissute quando il visitatore si trova al centro del padiglione, il cortile che collega tutti gli spazi. Questa posizione &#8211; essere al centro &#8211; ha un significato simbolico, <\/span><\/span><span style=\"font-size: medium\"><span lang=\"it-IT\">\u00e8<\/span><\/span><span style=\"font-size: medium\"><span lang=\"it-IT\"> sia fisica che ontologica. In un&#8217;epoca di fenomeni sociali polarizzati che mancano o escludono completamente le sfumature, il progetto trasmette un messaggio umanistico che invoca l&#8217;apertura e la tolleranza.<\/span><\/span><\/p>\n<p align=\"JUSTIFY\"><span style=\"font-size: medium\"><span lang=\"it-IT\"><b>Commissario nazionale:<\/b><\/span><\/span><span style=\"font-size: medium\"><span lang=\"it-IT\"> Julia Fab\u00e9nyi<\/span><\/span><\/p>\n<p align=\"JUSTIFY\"><span style=\"font-size: medium\"><span lang=\"it-IT\"><b>Curatore:<\/b><\/span><\/span><span style=\"font-size: medium\"><span lang=\"it-IT\"> R\u00f3na Kopeczky<\/span><\/span><\/p>\n<p align=\"JUSTIFY\"><span style=\"font-size: medium\"><span lang=\"en-GB\"><b>Artista:<\/b><\/span><\/span><span style=\"font-size: medium\"><span lang=\"en-GB\"> M\u00e1rton Nemes<\/span><\/span><\/p>\n<p align=\"JUSTIFY\"><span style=\"font-size: medium\"><span lang=\"en-GB\"><b>Organizzatore:<\/b><\/span><\/span><span style=\"font-size: medium\"><span lang=\"en-GB\"> Ludwig Museum \u2013 Museum of Contemporary Art<\/span><\/span><\/p>\n<p align=\"JUSTIFY\"><span style=\"font-size: medium\"><span lang=\"en-GB\"><b>Venue:<\/b><\/span><\/span><span style=\"font-size: medium\"><span lang=\"en-GB\"> Giardini<\/span><\/span><\/p>\n<p><span style=\"font-size: medium\"><span lang=\"en-GB\"><a href=\"http:\/\/www.ludwigmuseum.hu\">www.ludwigmuseum.hu<\/a> <\/span><\/span><\/p>\n<p><span style=\"font-size: medium\"><span lang=\"en-GB\"><a href=\"https:\/\/nemesmarton.com\/biennale\">https:\/\/nemesmarton.com\/biennale<\/a> <\/span><\/span><\/p>\n<p><span style=\"font-size: medium\"><span lang=\"en-US\"><a href=\"http:\/\/www.instagram.com\/martonnemes\/\">www.instagram.com\/martonnemes\/<\/a> <\/span><\/span><\/p>\n<p><span style=\"font-size: medium\"><span lang=\"it-IT\">Progetto finanziato dal <\/span><\/span><\/p>\n<p><strong><span style=\"font-size: medium\"><span lang=\"it-IT\">Ministero della Cultura e dell\u2019Innovazione dell\u2019Ungheria<\/span><\/span><\/strong><\/p>\n<p><img loading=\"lazy\" decoding=\"async\" class=\"alignnone wp-image-36960\" src=\"https:\/\/www.romaoggi.eu\/wp-content\/uploads\/2024\/04\/logo-2-basso.jpg\" alt=\"alt tag Nemes Marton\" width=\"179\" height=\"128\" \/> <img loading=\"lazy\" decoding=\"async\" class=\"alignnone size-medium wp-image-36961\" src=\"https:\/\/www.romaoggi.eu\/wp-content\/uploads\/2024\/04\/logo1-basso-300x120.jpg\" alt=\"alt tag Nemes Marton\" width=\"300\" height=\"120\" srcset=\"https:\/\/www.romaoggi.eu\/wp-content\/uploads\/2024\/04\/logo1-basso-300x120.jpg 300w, https:\/\/www.romaoggi.eu\/wp-content\/uploads\/2024\/04\/logo1-basso.jpg 574w\" sizes=\"auto, (max-width: 300px) 100vw, 300px\" \/><\/p>\n<p>&nbsp;<\/p>\n<figure id=\"attachment_36957\" aria-describedby=\"caption-attachment-36957\" style=\"width: 716px\" class=\"wp-caption alignnone\"><img loading=\"lazy\" decoding=\"async\" class=\" wp-image-36957\" src=\"https:\/\/www.romaoggi.eu\/wp-content\/uploads\/2024\/04\/3.-Nemes-Marton_Eclipse-11-12_2024-300x169.jpg\" alt=\"alt tag Nemes Marton\" width=\"716\" height=\"403\" srcset=\"https:\/\/www.romaoggi.eu\/wp-content\/uploads\/2024\/04\/3.-Nemes-Marton_Eclipse-11-12_2024-300x169.jpg 300w, https:\/\/www.romaoggi.eu\/wp-content\/uploads\/2024\/04\/3.-Nemes-Marton_Eclipse-11-12_2024-1024x576.jpg 1024w, https:\/\/www.romaoggi.eu\/wp-content\/uploads\/2024\/04\/3.-Nemes-Marton_Eclipse-11-12_2024-1536x864.jpg 1536w, https:\/\/www.romaoggi.eu\/wp-content\/uploads\/2024\/04\/3.-Nemes-Marton_Eclipse-11-12_2024-678x381.jpg 678w, https:\/\/www.romaoggi.eu\/wp-content\/uploads\/2024\/04\/3.-Nemes-Marton_Eclipse-11-12_2024.jpg 1920w\" sizes=\"auto, (max-width: 716px) 100vw, 716px\" \/><figcaption id=\"caption-attachment-36957\" class=\"wp-caption-text\"><strong>\u00a9 Nemes Marton Eclipse 2024<\/strong><\/figcaption><\/figure>\n<p>&nbsp;<\/p>\n<figure id=\"attachment_36956\" aria-describedby=\"caption-attachment-36956\" style=\"width: 769px\" class=\"wp-caption alignnone\"><img loading=\"lazy\" decoding=\"async\" class=\" wp-image-36956\" src=\"https:\/\/www.romaoggi.eu\/wp-content\/uploads\/2024\/04\/2.-Nemes-Marton_Inside-Outside_2024-300x169.jpg\" alt=\"alt tag Nemes Marton\" width=\"769\" height=\"433\" srcset=\"https:\/\/www.romaoggi.eu\/wp-content\/uploads\/2024\/04\/2.-Nemes-Marton_Inside-Outside_2024-300x169.jpg 300w, https:\/\/www.romaoggi.eu\/wp-content\/uploads\/2024\/04\/2.-Nemes-Marton_Inside-Outside_2024-1024x576.jpg 1024w, https:\/\/www.romaoggi.eu\/wp-content\/uploads\/2024\/04\/2.-Nemes-Marton_Inside-Outside_2024-1536x864.jpg 1536w, https:\/\/www.romaoggi.eu\/wp-content\/uploads\/2024\/04\/2.-Nemes-Marton_Inside-Outside_2024-678x381.jpg 678w, https:\/\/www.romaoggi.eu\/wp-content\/uploads\/2024\/04\/2.-Nemes-Marton_Inside-Outside_2024.jpg 1920w\" sizes=\"auto, (max-width: 769px) 100vw, 769px\" \/><figcaption id=\"caption-attachment-36956\" class=\"wp-caption-text\"><strong>\u00a9 Nemes Marton Outside 2024<\/strong><\/figcaption><\/figure>\n<p>&nbsp;<\/p>\n<figure id=\"attachment_36955\" aria-describedby=\"caption-attachment-36955\" style=\"width: 740px\" class=\"wp-caption alignnone\"><img loading=\"lazy\" decoding=\"async\" class=\" wp-image-36955\" src=\"https:\/\/www.romaoggi.eu\/wp-content\/uploads\/2024\/04\/1.-Nemes-Marton_Breathe-In-Breathe-Out_2024-300x169.jpg\" alt=\"alt tag Nemes Marton\" width=\"740\" height=\"417\" srcset=\"https:\/\/www.romaoggi.eu\/wp-content\/uploads\/2024\/04\/1.-Nemes-Marton_Breathe-In-Breathe-Out_2024-300x169.jpg 300w, https:\/\/www.romaoggi.eu\/wp-content\/uploads\/2024\/04\/1.-Nemes-Marton_Breathe-In-Breathe-Out_2024-1024x576.jpg 1024w, https:\/\/www.romaoggi.eu\/wp-content\/uploads\/2024\/04\/1.-Nemes-Marton_Breathe-In-Breathe-Out_2024-1536x864.jpg 1536w, https:\/\/www.romaoggi.eu\/wp-content\/uploads\/2024\/04\/1.-Nemes-Marton_Breathe-In-Breathe-Out_2024-678x381.jpg 678w, https:\/\/www.romaoggi.eu\/wp-content\/uploads\/2024\/04\/1.-Nemes-Marton_Breathe-In-Breathe-Out_2024.jpg 1920w\" sizes=\"auto, (max-width: 740px) 100vw, 740px\" \/><figcaption id=\"caption-attachment-36955\" class=\"wp-caption-text\"><strong>\u00a9 Nemes Marton Breathe In Breathe Out 2024<\/strong><\/figcaption><\/figure>\n<p>&nbsp;<\/p>\n<figure id=\"attachment_36962\" aria-describedby=\"caption-attachment-36962\" style=\"width: 727px\" class=\"wp-caption alignnone\"><img loading=\"lazy\" decoding=\"async\" class=\" wp-image-36962\" src=\"https:\/\/www.romaoggi.eu\/wp-content\/uploads\/2024\/04\/4.-Nemes-Marton_Superposed_2024-212x300.jpg\" alt=\"alt tag Nemes Marton\" width=\"727\" height=\"1029\" srcset=\"https:\/\/www.romaoggi.eu\/wp-content\/uploads\/2024\/04\/4.-Nemes-Marton_Superposed_2024-212x300.jpg 212w, https:\/\/www.romaoggi.eu\/wp-content\/uploads\/2024\/04\/4.-Nemes-Marton_Superposed_2024.jpg 595w\" sizes=\"auto, (max-width: 727px) 100vw, 727px\" \/><figcaption id=\"caption-attachment-36962\" class=\"wp-caption-text\"><strong>\u00a9 Nemes Marton Superposed 2024<\/strong><\/figcaption><\/figure>\n","protected":false},"excerpt":{"rendered":"<div class=\"mh-excerpt\"><p>Il Padiglione dell\u2019Ungheria alla 60. Esposizione Internazionale d&#8217;Arte &#8211; La Biennale di Venezia M\u00e1rton Nemes Techno Zen Il lavoro di M\u00e1rton Nemes \u00e8 influenzato dalle sottoculture techno; l&#8217;esplosione e la riorganizzazione del campo pittorico conferiscono <a class=\"mh-excerpt-more\" href=\"https:\/\/www.romaoggi.eu\/index.php\/2024\/04\/09\/marton-nemes-con-techno-zen-alla-60-esposizione-internazionale-darte-la-biennale-di-venezia\/\" title=\"M\u00e1rton Nemes con Techno Zen alla 60. Esposizione Internazionale d&#8217;Arte &#8211; La Biennale di Venezia\">[&#8230;]<\/a><\/p>\n<\/div>","protected":false},"author":17,"featured_media":36963,"comment_status":"closed","ping_status":"open","sticky":false,"template":"","format":"standard","meta":{"_sitemap_exclude":false,"_sitemap_priority":"","_sitemap_frequency":"","footnotes":""},"categories":[5273],"tags":[17256,17255,17257],"class_list":["post-36953","post","type-post","status-publish","format-standard","has-post-thumbnail","hentry","category-oltre-roma","tag-ludwig-museum","tag-marton-nemes","tag-ministero-della-cultura-e-dellinnovazione-dellungheria"],"yoast_head":"<!-- This site is optimized with the Yoast SEO plugin v27.5 - https:\/\/yoast.com\/product\/yoast-seo-wordpress\/ -->\n<title>M\u00e1rton Nemes con Techno Zen alla 60. Esposizione Internazionale d&#039;Arte - La Biennale di Venezia<\/title>\n<meta name=\"description\" content=\"Il Padiglione dell\u2019Ungheria alla 60. Esposizione Internazionale d&#039;Arte - La Biennale di Venezia M\u00e1rton Nemes Techno Zen Il lavoro di M\u00e1rton Nemes \u00e8\" \/>\n<meta name=\"robots\" content=\"index, follow, max-snippet:-1, max-image-preview:large, max-video-preview:-1\" \/>\n<link rel=\"canonical\" href=\"https:\/\/www.romaoggi.eu\/index.php\/2024\/04\/09\/marton-nemes-con-techno-zen-alla-60-esposizione-internazionale-darte-la-biennale-di-venezia\/\" \/>\n<meta property=\"og:locale\" content=\"it_IT\" \/>\n<meta property=\"og:type\" content=\"article\" \/>\n<meta property=\"og:title\" content=\"M\u00e1rton Nemes con Techno Zen alla 60. Esposizione Internazionale d&#039;Arte - La Biennale di Venezia\" \/>\n<meta property=\"og:description\" content=\"Il Padiglione dell\u2019Ungheria alla 60. Esposizione Internazionale d&#039;Arte - La Biennale di Venezia M\u00e1rton Nemes Techno Zen Il lavoro di M\u00e1rton Nemes \u00e8\" \/>\n<meta property=\"og:url\" content=\"https:\/\/www.romaoggi.eu\/index.php\/2024\/04\/09\/marton-nemes-con-techno-zen-alla-60-esposizione-internazionale-darte-la-biennale-di-venezia\/\" \/>\n<meta property=\"og:site_name\" content=\"roma oggi\" \/>\n<meta property=\"article:publisher\" content=\"https:\/\/www.facebook.com\/RomaOggi-841544845954114\" \/>\n<meta property=\"article:published_time\" content=\"2024-04-09T11:55:38+00:00\" \/>\n<meta property=\"og:image\" content=\"https:\/\/www.romaoggi.eu\/wp-content\/uploads\/2024\/04\/locandina-per-romaoggi-Nemes-Marton_Techno-Zen_2024-copia.jpg\" \/>\n\t<meta property=\"og:image:width\" content=\"1020\" \/>\n\t<meta property=\"og:image:height\" content=\"574\" \/>\n\t<meta property=\"og:image:type\" content=\"image\/jpeg\" \/>\n<meta name=\"author\" content=\"Target Lab Ets\" \/>\n<meta name=\"twitter:card\" content=\"summary_large_image\" \/>\n<meta name=\"twitter:creator\" content=\"@romaoggi_eu\" \/>\n<meta name=\"twitter:site\" content=\"@romaoggi_eu\" \/>\n<meta name=\"twitter:label1\" content=\"Scritto da\" \/>\n\t<meta name=\"twitter:data1\" content=\"Target Lab Ets\" \/>\n\t<meta name=\"twitter:label2\" content=\"Tempo di lettura stimato\" \/>\n\t<meta name=\"twitter:data2\" content=\"4 minuti\" \/>\n<script type=\"application\/ld+json\" class=\"yoast-schema-graph\">{\"@context\":\"https:\\\/\\\/schema.org\",\"@graph\":[{\"@type\":\"Article\",\"@id\":\"https:\\\/\\\/www.romaoggi.eu\\\/index.php\\\/2024\\\/04\\\/09\\\/marton-nemes-con-techno-zen-alla-60-esposizione-internazionale-darte-la-biennale-di-venezia\\\/#article\",\"isPartOf\":{\"@id\":\"https:\\\/\\\/www.romaoggi.eu\\\/index.php\\\/2024\\\/04\\\/09\\\/marton-nemes-con-techno-zen-alla-60-esposizione-internazionale-darte-la-biennale-di-venezia\\\/\"},\"author\":{\"name\":\"Target Lab Ets\",\"@id\":\"https:\\\/\\\/www.romaoggi.eu\\\/#\\\/schema\\\/person\\\/72b8cfc6de60caeb335267c8e21d90fb\"},\"headline\":\"M\u00e1rton Nemes con Techno Zen alla 60. Esposizione Internazionale d&#8217;Arte &#8211; La Biennale di Venezia\",\"datePublished\":\"2024-04-09T11:55:38+00:00\",\"mainEntityOfPage\":{\"@id\":\"https:\\\/\\\/www.romaoggi.eu\\\/index.php\\\/2024\\\/04\\\/09\\\/marton-nemes-con-techno-zen-alla-60-esposizione-internazionale-darte-la-biennale-di-venezia\\\/\"},\"wordCount\":463,\"publisher\":{\"@id\":\"https:\\\/\\\/www.romaoggi.eu\\\/#organization\"},\"image\":{\"@id\":\"https:\\\/\\\/www.romaoggi.eu\\\/index.php\\\/2024\\\/04\\\/09\\\/marton-nemes-con-techno-zen-alla-60-esposizione-internazionale-darte-la-biennale-di-venezia\\\/#primaryimage\"},\"thumbnailUrl\":\"https:\\\/\\\/www.romaoggi.eu\\\/wp-content\\\/uploads\\\/2024\\\/04\\\/locandina-per-romaoggi-Nemes-Marton_Techno-Zen_2024-copia.jpg\",\"keywords\":[\"Ludwig Museum\",\"M\u00e1rton Nemes\",\"Ministero della Cultura e dell\u2019Innovazione dell\u2019Ungheria\"],\"articleSection\":[\"oltre Roma\"],\"inLanguage\":\"it-IT\"},{\"@type\":\"WebPage\",\"@id\":\"https:\\\/\\\/www.romaoggi.eu\\\/index.php\\\/2024\\\/04\\\/09\\\/marton-nemes-con-techno-zen-alla-60-esposizione-internazionale-darte-la-biennale-di-venezia\\\/\",\"url\":\"https:\\\/\\\/www.romaoggi.eu\\\/index.php\\\/2024\\\/04\\\/09\\\/marton-nemes-con-techno-zen-alla-60-esposizione-internazionale-darte-la-biennale-di-venezia\\\/\",\"name\":\"M\u00e1rton Nemes con Techno Zen alla 60. Esposizione Internazionale d'Arte - La Biennale di Venezia\",\"isPartOf\":{\"@id\":\"https:\\\/\\\/www.romaoggi.eu\\\/#website\"},\"primaryImageOfPage\":{\"@id\":\"https:\\\/\\\/www.romaoggi.eu\\\/index.php\\\/2024\\\/04\\\/09\\\/marton-nemes-con-techno-zen-alla-60-esposizione-internazionale-darte-la-biennale-di-venezia\\\/#primaryimage\"},\"image\":{\"@id\":\"https:\\\/\\\/www.romaoggi.eu\\\/index.php\\\/2024\\\/04\\\/09\\\/marton-nemes-con-techno-zen-alla-60-esposizione-internazionale-darte-la-biennale-di-venezia\\\/#primaryimage\"},\"thumbnailUrl\":\"https:\\\/\\\/www.romaoggi.eu\\\/wp-content\\\/uploads\\\/2024\\\/04\\\/locandina-per-romaoggi-Nemes-Marton_Techno-Zen_2024-copia.jpg\",\"datePublished\":\"2024-04-09T11:55:38+00:00\",\"description\":\"Il Padiglione dell\u2019Ungheria alla 60. Esposizione Internazionale d'Arte - La Biennale di Venezia M\u00e1rton Nemes Techno Zen Il lavoro di M\u00e1rton Nemes \u00e8\",\"breadcrumb\":{\"@id\":\"https:\\\/\\\/www.romaoggi.eu\\\/index.php\\\/2024\\\/04\\\/09\\\/marton-nemes-con-techno-zen-alla-60-esposizione-internazionale-darte-la-biennale-di-venezia\\\/#breadcrumb\"},\"inLanguage\":\"it-IT\",\"potentialAction\":[{\"@type\":\"ReadAction\",\"target\":[\"https:\\\/\\\/www.romaoggi.eu\\\/index.php\\\/2024\\\/04\\\/09\\\/marton-nemes-con-techno-zen-alla-60-esposizione-internazionale-darte-la-biennale-di-venezia\\\/\"]}]},{\"@type\":\"ImageObject\",\"inLanguage\":\"it-IT\",\"@id\":\"https:\\\/\\\/www.romaoggi.eu\\\/index.php\\\/2024\\\/04\\\/09\\\/marton-nemes-con-techno-zen-alla-60-esposizione-internazionale-darte-la-biennale-di-venezia\\\/#primaryimage\",\"url\":\"https:\\\/\\\/www.romaoggi.eu\\\/wp-content\\\/uploads\\\/2024\\\/04\\\/locandina-per-romaoggi-Nemes-Marton_Techno-Zen_2024-copia.jpg\",\"contentUrl\":\"https:\\\/\\\/www.romaoggi.eu\\\/wp-content\\\/uploads\\\/2024\\\/04\\\/locandina-per-romaoggi-Nemes-Marton_Techno-Zen_2024-copia.jpg\",\"width\":1020,\"height\":574,\"caption\":\"\u00a9 Nemes Marton Techno Zen 2024\"},{\"@type\":\"BreadcrumbList\",\"@id\":\"https:\\\/\\\/www.romaoggi.eu\\\/index.php\\\/2024\\\/04\\\/09\\\/marton-nemes-con-techno-zen-alla-60-esposizione-internazionale-darte-la-biennale-di-venezia\\\/#breadcrumb\",\"itemListElement\":[{\"@type\":\"ListItem\",\"position\":1,\"name\":\"Home\",\"item\":\"https:\\\/\\\/www.romaoggi.eu\\\/\"},{\"@type\":\"ListItem\",\"position\":2,\"name\":\"M\u00e1rton Nemes con Techno Zen alla 60. Esposizione Internazionale d&#8217;Arte &#8211; La Biennale di Venezia\"}]},{\"@type\":\"WebSite\",\"@id\":\"https:\\\/\\\/www.romaoggi.eu\\\/#website\",\"url\":\"https:\\\/\\\/www.romaoggi.eu\\\/\",\"name\":\"roma oggi\",\"description\":\"Interesting News for Interesting people\",\"publisher\":{\"@id\":\"https:\\\/\\\/www.romaoggi.eu\\\/#organization\"},\"potentialAction\":[{\"@type\":\"SearchAction\",\"target\":{\"@type\":\"EntryPoint\",\"urlTemplate\":\"https:\\\/\\\/www.romaoggi.eu\\\/?s={search_term_string}\"},\"query-input\":{\"@type\":\"PropertyValueSpecification\",\"valueRequired\":true,\"valueName\":\"search_term_string\"}}],\"inLanguage\":\"it-IT\"},{\"@type\":\"Organization\",\"@id\":\"https:\\\/\\\/www.romaoggi.eu\\\/#organization\",\"name\":\"RomaOggi\",\"url\":\"https:\\\/\\\/www.romaoggi.eu\\\/\",\"logo\":{\"@type\":\"ImageObject\",\"inLanguage\":\"it-IT\",\"@id\":\"https:\\\/\\\/www.romaoggi.eu\\\/#\\\/schema\\\/logo\\\/image\\\/\",\"url\":\"https:\\\/\\\/www.romaoggi.eu\\\/wp-content\\\/uploads\\\/2017\\\/04\\\/logowp.jpg\",\"contentUrl\":\"https:\\\/\\\/www.romaoggi.eu\\\/wp-content\\\/uploads\\\/2017\\\/04\\\/logowp.jpg\",\"width\":300,\"height\":133,\"caption\":\"RomaOggi\"},\"image\":{\"@id\":\"https:\\\/\\\/www.romaoggi.eu\\\/#\\\/schema\\\/logo\\\/image\\\/\"},\"sameAs\":[\"https:\\\/\\\/www.facebook.com\\\/RomaOggi-841544845954114\",\"https:\\\/\\\/x.com\\\/romaoggi_eu\"]},{\"@type\":\"Person\",\"@id\":\"https:\\\/\\\/www.romaoggi.eu\\\/#\\\/schema\\\/person\\\/72b8cfc6de60caeb335267c8e21d90fb\",\"name\":\"Target Lab Ets\",\"image\":{\"@type\":\"ImageObject\",\"inLanguage\":\"it-IT\",\"@id\":\"https:\\\/\\\/secure.gravatar.com\\\/avatar\\\/ab64fd266889a629b0e9e6ab56209e379c2a89cfda303941ee9621d4090292d1?s=96&d=mm&r=g\",\"url\":\"https:\\\/\\\/secure.gravatar.com\\\/avatar\\\/ab64fd266889a629b0e9e6ab56209e379c2a89cfda303941ee9621d4090292d1?s=96&d=mm&r=g\",\"contentUrl\":\"https:\\\/\\\/secure.gravatar.com\\\/avatar\\\/ab64fd266889a629b0e9e6ab56209e379c2a89cfda303941ee9621d4090292d1?s=96&d=mm&r=g\",\"caption\":\"Target Lab Ets\"},\"sameAs\":[\"http:\\\/\\\/www.targetlab.org\"],\"url\":\"https:\\\/\\\/www.romaoggi.eu\\\/index.php\\\/author\\\/isfc\\\/\"}]}<\/script>\n<!-- \/ Yoast SEO plugin. -->","yoast_head_json":{"title":"M\u00e1rton Nemes con Techno Zen alla 60. Esposizione Internazionale d'Arte - La Biennale di Venezia","description":"Il Padiglione dell\u2019Ungheria alla 60. Esposizione Internazionale d'Arte - La Biennale di Venezia M\u00e1rton Nemes Techno Zen Il lavoro di M\u00e1rton Nemes \u00e8","robots":{"index":"index","follow":"follow","max-snippet":"max-snippet:-1","max-image-preview":"max-image-preview:large","max-video-preview":"max-video-preview:-1"},"canonical":"https:\/\/www.romaoggi.eu\/index.php\/2024\/04\/09\/marton-nemes-con-techno-zen-alla-60-esposizione-internazionale-darte-la-biennale-di-venezia\/","og_locale":"it_IT","og_type":"article","og_title":"M\u00e1rton Nemes con Techno Zen alla 60. Esposizione Internazionale d'Arte - La Biennale di Venezia","og_description":"Il Padiglione dell\u2019Ungheria alla 60. Esposizione Internazionale d'Arte - La Biennale di Venezia M\u00e1rton Nemes Techno Zen Il lavoro di M\u00e1rton Nemes \u00e8","og_url":"https:\/\/www.romaoggi.eu\/index.php\/2024\/04\/09\/marton-nemes-con-techno-zen-alla-60-esposizione-internazionale-darte-la-biennale-di-venezia\/","og_site_name":"roma oggi","article_publisher":"https:\/\/www.facebook.com\/RomaOggi-841544845954114","article_published_time":"2024-04-09T11:55:38+00:00","og_image":[{"width":1020,"height":574,"url":"https:\/\/www.romaoggi.eu\/wp-content\/uploads\/2024\/04\/locandina-per-romaoggi-Nemes-Marton_Techno-Zen_2024-copia.jpg","type":"image\/jpeg"}],"author":"Target Lab Ets","twitter_card":"summary_large_image","twitter_creator":"@romaoggi_eu","twitter_site":"@romaoggi_eu","twitter_misc":{"Scritto da":"Target Lab Ets","Tempo di lettura stimato":"4 minuti"},"schema":{"@context":"https:\/\/schema.org","@graph":[{"@type":"Article","@id":"https:\/\/www.romaoggi.eu\/index.php\/2024\/04\/09\/marton-nemes-con-techno-zen-alla-60-esposizione-internazionale-darte-la-biennale-di-venezia\/#article","isPartOf":{"@id":"https:\/\/www.romaoggi.eu\/index.php\/2024\/04\/09\/marton-nemes-con-techno-zen-alla-60-esposizione-internazionale-darte-la-biennale-di-venezia\/"},"author":{"name":"Target Lab Ets","@id":"https:\/\/www.romaoggi.eu\/#\/schema\/person\/72b8cfc6de60caeb335267c8e21d90fb"},"headline":"M\u00e1rton Nemes con Techno Zen alla 60. Esposizione Internazionale d&#8217;Arte &#8211; La Biennale di Venezia","datePublished":"2024-04-09T11:55:38+00:00","mainEntityOfPage":{"@id":"https:\/\/www.romaoggi.eu\/index.php\/2024\/04\/09\/marton-nemes-con-techno-zen-alla-60-esposizione-internazionale-darte-la-biennale-di-venezia\/"},"wordCount":463,"publisher":{"@id":"https:\/\/www.romaoggi.eu\/#organization"},"image":{"@id":"https:\/\/www.romaoggi.eu\/index.php\/2024\/04\/09\/marton-nemes-con-techno-zen-alla-60-esposizione-internazionale-darte-la-biennale-di-venezia\/#primaryimage"},"thumbnailUrl":"https:\/\/www.romaoggi.eu\/wp-content\/uploads\/2024\/04\/locandina-per-romaoggi-Nemes-Marton_Techno-Zen_2024-copia.jpg","keywords":["Ludwig Museum","M\u00e1rton Nemes","Ministero della Cultura e dell\u2019Innovazione dell\u2019Ungheria"],"articleSection":["oltre Roma"],"inLanguage":"it-IT"},{"@type":"WebPage","@id":"https:\/\/www.romaoggi.eu\/index.php\/2024\/04\/09\/marton-nemes-con-techno-zen-alla-60-esposizione-internazionale-darte-la-biennale-di-venezia\/","url":"https:\/\/www.romaoggi.eu\/index.php\/2024\/04\/09\/marton-nemes-con-techno-zen-alla-60-esposizione-internazionale-darte-la-biennale-di-venezia\/","name":"M\u00e1rton Nemes con Techno Zen alla 60. Esposizione Internazionale d'Arte - La Biennale di Venezia","isPartOf":{"@id":"https:\/\/www.romaoggi.eu\/#website"},"primaryImageOfPage":{"@id":"https:\/\/www.romaoggi.eu\/index.php\/2024\/04\/09\/marton-nemes-con-techno-zen-alla-60-esposizione-internazionale-darte-la-biennale-di-venezia\/#primaryimage"},"image":{"@id":"https:\/\/www.romaoggi.eu\/index.php\/2024\/04\/09\/marton-nemes-con-techno-zen-alla-60-esposizione-internazionale-darte-la-biennale-di-venezia\/#primaryimage"},"thumbnailUrl":"https:\/\/www.romaoggi.eu\/wp-content\/uploads\/2024\/04\/locandina-per-romaoggi-Nemes-Marton_Techno-Zen_2024-copia.jpg","datePublished":"2024-04-09T11:55:38+00:00","description":"Il Padiglione dell\u2019Ungheria alla 60. Esposizione Internazionale d'Arte - La Biennale di Venezia M\u00e1rton Nemes Techno Zen Il lavoro di M\u00e1rton Nemes \u00e8","breadcrumb":{"@id":"https:\/\/www.romaoggi.eu\/index.php\/2024\/04\/09\/marton-nemes-con-techno-zen-alla-60-esposizione-internazionale-darte-la-biennale-di-venezia\/#breadcrumb"},"inLanguage":"it-IT","potentialAction":[{"@type":"ReadAction","target":["https:\/\/www.romaoggi.eu\/index.php\/2024\/04\/09\/marton-nemes-con-techno-zen-alla-60-esposizione-internazionale-darte-la-biennale-di-venezia\/"]}]},{"@type":"ImageObject","inLanguage":"it-IT","@id":"https:\/\/www.romaoggi.eu\/index.php\/2024\/04\/09\/marton-nemes-con-techno-zen-alla-60-esposizione-internazionale-darte-la-biennale-di-venezia\/#primaryimage","url":"https:\/\/www.romaoggi.eu\/wp-content\/uploads\/2024\/04\/locandina-per-romaoggi-Nemes-Marton_Techno-Zen_2024-copia.jpg","contentUrl":"https:\/\/www.romaoggi.eu\/wp-content\/uploads\/2024\/04\/locandina-per-romaoggi-Nemes-Marton_Techno-Zen_2024-copia.jpg","width":1020,"height":574,"caption":"\u00a9 Nemes Marton Techno Zen 2024"},{"@type":"BreadcrumbList","@id":"https:\/\/www.romaoggi.eu\/index.php\/2024\/04\/09\/marton-nemes-con-techno-zen-alla-60-esposizione-internazionale-darte-la-biennale-di-venezia\/#breadcrumb","itemListElement":[{"@type":"ListItem","position":1,"name":"Home","item":"https:\/\/www.romaoggi.eu\/"},{"@type":"ListItem","position":2,"name":"M\u00e1rton Nemes con Techno Zen alla 60. Esposizione Internazionale d&#8217;Arte &#8211; La Biennale di Venezia"}]},{"@type":"WebSite","@id":"https:\/\/www.romaoggi.eu\/#website","url":"https:\/\/www.romaoggi.eu\/","name":"roma oggi","description":"Interesting News for Interesting people","publisher":{"@id":"https:\/\/www.romaoggi.eu\/#organization"},"potentialAction":[{"@type":"SearchAction","target":{"@type":"EntryPoint","urlTemplate":"https:\/\/www.romaoggi.eu\/?s={search_term_string}"},"query-input":{"@type":"PropertyValueSpecification","valueRequired":true,"valueName":"search_term_string"}}],"inLanguage":"it-IT"},{"@type":"Organization","@id":"https:\/\/www.romaoggi.eu\/#organization","name":"RomaOggi","url":"https:\/\/www.romaoggi.eu\/","logo":{"@type":"ImageObject","inLanguage":"it-IT","@id":"https:\/\/www.romaoggi.eu\/#\/schema\/logo\/image\/","url":"https:\/\/www.romaoggi.eu\/wp-content\/uploads\/2017\/04\/logowp.jpg","contentUrl":"https:\/\/www.romaoggi.eu\/wp-content\/uploads\/2017\/04\/logowp.jpg","width":300,"height":133,"caption":"RomaOggi"},"image":{"@id":"https:\/\/www.romaoggi.eu\/#\/schema\/logo\/image\/"},"sameAs":["https:\/\/www.facebook.com\/RomaOggi-841544845954114","https:\/\/x.com\/romaoggi_eu"]},{"@type":"Person","@id":"https:\/\/www.romaoggi.eu\/#\/schema\/person\/72b8cfc6de60caeb335267c8e21d90fb","name":"Target Lab Ets","image":{"@type":"ImageObject","inLanguage":"it-IT","@id":"https:\/\/secure.gravatar.com\/avatar\/ab64fd266889a629b0e9e6ab56209e379c2a89cfda303941ee9621d4090292d1?s=96&d=mm&r=g","url":"https:\/\/secure.gravatar.com\/avatar\/ab64fd266889a629b0e9e6ab56209e379c2a89cfda303941ee9621d4090292d1?s=96&d=mm&r=g","contentUrl":"https:\/\/secure.gravatar.com\/avatar\/ab64fd266889a629b0e9e6ab56209e379c2a89cfda303941ee9621d4090292d1?s=96&d=mm&r=g","caption":"Target Lab Ets"},"sameAs":["http:\/\/www.targetlab.org"],"url":"https:\/\/www.romaoggi.eu\/index.php\/author\/isfc\/"}]}},"_links":{"self":[{"href":"https:\/\/www.romaoggi.eu\/index.php\/wp-json\/wp\/v2\/posts\/36953","targetHints":{"allow":["GET"]}}],"collection":[{"href":"https:\/\/www.romaoggi.eu\/index.php\/wp-json\/wp\/v2\/posts"}],"about":[{"href":"https:\/\/www.romaoggi.eu\/index.php\/wp-json\/wp\/v2\/types\/post"}],"author":[{"embeddable":true,"href":"https:\/\/www.romaoggi.eu\/index.php\/wp-json\/wp\/v2\/users\/17"}],"replies":[{"embeddable":true,"href":"https:\/\/www.romaoggi.eu\/index.php\/wp-json\/wp\/v2\/comments?post=36953"}],"version-history":[{"count":4,"href":"https:\/\/www.romaoggi.eu\/index.php\/wp-json\/wp\/v2\/posts\/36953\/revisions"}],"predecessor-version":[{"id":36966,"href":"https:\/\/www.romaoggi.eu\/index.php\/wp-json\/wp\/v2\/posts\/36953\/revisions\/36966"}],"wp:featuredmedia":[{"embeddable":true,"href":"https:\/\/www.romaoggi.eu\/index.php\/wp-json\/wp\/v2\/media\/36963"}],"wp:attachment":[{"href":"https:\/\/www.romaoggi.eu\/index.php\/wp-json\/wp\/v2\/media?parent=36953"}],"wp:term":[{"taxonomy":"category","embeddable":true,"href":"https:\/\/www.romaoggi.eu\/index.php\/wp-json\/wp\/v2\/categories?post=36953"},{"taxonomy":"post_tag","embeddable":true,"href":"https:\/\/www.romaoggi.eu\/index.php\/wp-json\/wp\/v2\/tags?post=36953"}],"curies":[{"name":"wp","href":"https:\/\/api.w.org\/{rel}","templated":true}]}}