{"id":37033,"date":"2024-04-17T12:16:43","date_gmt":"2024-04-17T10:16:43","guid":{"rendered":"https:\/\/www.romaoggi.eu\/?p=37033"},"modified":"2024-04-17T12:16:43","modified_gmt":"2024-04-17T10:16:43","slug":"the-glamour-lounge-il-nuovo-tempo-della-bellezza-a-roma","status":"publish","type":"post","link":"https:\/\/www.romaoggi.eu\/index.php\/2024\/04\/17\/the-glamour-lounge-il-nuovo-tempo-della-bellezza-a-roma\/","title":{"rendered":"The Glamour Lounge: il nuovo tempo della bellezza a Roma"},"content":{"rendered":"<div class=\"gmail_quote\">\n<p style=\"text-align: justify;\">Inaugurato\u00a0 luned\u00ec 15 aprile\u00a0 <strong>&#8220;The Glamour Lounge&#8221;<\/strong> un nuovo tempio della bellezza e relax nella zona Prati\u00a0 a Roma. Tanti gli ospiti presenti fra i quali la blogger e insegnante di portamento e stile <strong>Daniela Ferrari<\/strong>, l&#8217;attrice <strong>Roberta Sanz\u00f2,<\/strong> la giornalista <strong>Maria Romana Barraco<\/strong>, la blogger <strong>Jolanda Gurreri<\/strong>, la giornalista Rai<strong> Antonietta Di Vizia,<\/strong> l&#8217;influencer <strong>Sabrina Diamanti.<\/strong><\/p>\n<figure id=\"attachment_37035\" aria-describedby=\"caption-attachment-37035\" style=\"width: 576px\" class=\"wp-caption aligncenter\"><img loading=\"lazy\" decoding=\"async\" class=\"wp-image-37035 size-large\" src=\"https:\/\/www.romaoggi.eu\/wp-content\/uploads\/2024\/04\/IMG_0195-576x1024.jpeg\" alt=\"\" width=\"576\" height=\"1024\" srcset=\"https:\/\/www.romaoggi.eu\/wp-content\/uploads\/2024\/04\/IMG_0195-576x1024.jpeg 576w, https:\/\/www.romaoggi.eu\/wp-content\/uploads\/2024\/04\/IMG_0195-169x300.jpeg 169w, https:\/\/www.romaoggi.eu\/wp-content\/uploads\/2024\/04\/IMG_0195-864x1536.jpeg 864w, https:\/\/www.romaoggi.eu\/wp-content\/uploads\/2024\/04\/IMG_0195.jpeg 1125w\" sizes=\"auto, (max-width: 576px) 100vw, 576px\" \/><figcaption id=\"caption-attachment-37035\" class=\"wp-caption-text\">Alberto Caccia, Roberta Sanz\u00f2 e Roberta Nardi<\/figcaption><\/figure>\n<p style=\"text-align: justify;\">&#8220;The Glamour Lounge&#8221; molto pi\u00f9 di un semplice salone di bellezza,\u00a0 si propone come un&#8217; oasi di lusso dove il tempo sembra fermarsi e ogni cliente sar\u00e0 trattato come una star. Il locale si sviluppa su due piani, ognuno arredato con cura e attenzione ai dettagli. Dai mobili di design all&#8217;avanguardia alle luci soffuse che creano un&#8217;atmosfera avvolgente, ogni elemento \u00e8 stato scelto per garantire il massimo comfort e relax.<\/p>\n<p style=\"text-align: justify;\">Ma cosa rende &#8220;The Glamour Lounge&#8221; cos\u00ec speciale? \u00c8 la sua squadra di professionisti altamente qualificati e appassionati. Alla guida del salone c&#8217;\u00e8 <strong>Angeliki Katsiadaki<\/strong>, nuova icona nel mondo della bellezza romana. Angeliki si impegna a offrire ai suoi clienti solo il meglio. Accanto a lei, un team di parrucchieri di prim&#8217;ordine e prossimamente anche una professionista dell&#8217;onicotecnica che si occuper\u00e0 di soddisfare ogni esigenza di bellezza e benessere.<\/p>\n<p style=\"text-align: justify;\">L&#8217;operativit\u00e0 del salone parte da marted\u00ec 16 aprile, quindi non perdete l&#8217;occasione di vivere un&#8217;esperienza unica nel suo genere. Che si tratti di una nuova acconciatura alla moda, di una manicure impeccabile o semplicemente di un momento di relax totale, &#8220;The Glamour Lounge&#8221; \u00e8 il luogo dove i vostri sogni di bellezza diventano realt\u00e0.<\/p>\n<figure id=\"attachment_37036\" aria-describedby=\"caption-attachment-37036\" style=\"width: 768px\" class=\"wp-caption aligncenter\"><img loading=\"lazy\" decoding=\"async\" class=\"wp-image-37036 size-large\" src=\"https:\/\/www.romaoggi.eu\/wp-content\/uploads\/2024\/04\/IMG-768x1024.jpg\" alt=\"\" width=\"768\" height=\"1024\" srcset=\"https:\/\/www.romaoggi.eu\/wp-content\/uploads\/2024\/04\/IMG-768x1024.jpg 768w, https:\/\/www.romaoggi.eu\/wp-content\/uploads\/2024\/04\/IMG-225x300.jpg 225w, https:\/\/www.romaoggi.eu\/wp-content\/uploads\/2024\/04\/IMG.jpg 780w\" sizes=\"auto, (max-width: 768px) 100vw, 768px\" \/><figcaption id=\"caption-attachment-37036\" class=\"wp-caption-text\">Angeliki Katsiadaki e l&#8217;attrice Roberta Sanz\u00f2<\/figcaption><\/figure>\n<p>&nbsp;<\/p>\n<\/div>\n","protected":false},"excerpt":{"rendered":"<div class=\"mh-excerpt\"><p>Inaugurato\u00a0 luned\u00ec 15 aprile\u00a0 &#8220;The Glamour Lounge&#8221; un nuovo tempio della bellezza e relax nella zona Prati\u00a0 a Roma. Tanti gli ospiti presenti fra i quali la blogger e insegnante di portamento e stile Daniela <a class=\"mh-excerpt-more\" href=\"https:\/\/www.romaoggi.eu\/index.php\/2024\/04\/17\/the-glamour-lounge-il-nuovo-tempo-della-bellezza-a-roma\/\" title=\"The Glamour Lounge: il nuovo tempo della bellezza a Roma\">[&#8230;]<\/a><\/p>\n<\/div>","protected":false},"author":1,"featured_media":37034,"comment_status":"closed","ping_status":"open","sticky":false,"template":"","format":"standard","meta":{"_sitemap_exclude":false,"_sitemap_priority":"","_sitemap_frequency":"","footnotes":""},"categories":[3],"tags":[2987,17276,201,17277,9963,743,109,17278,17275],"class_list":["post-37033","post","type-post","status-publish","format-standard","has-post-thumbnail","hentry","category-eventi","tag-bellezza","tag-hair","tag-moda","tag-nail","tag-prati","tag-roberta-sanzo","tag-roma","tag-salone-di-bellezza","tag-the-glamour-lounge"],"yoast_head":"<!-- This site is optimized with the Yoast SEO plugin v27.5 - https:\/\/yoast.com\/product\/yoast-seo-wordpress\/ -->\n<title>The Glamour Lounge: il nuovo tempo della bellezza a Roma<\/title>\n<meta name=\"description\" content=\"Inaugurato\u00a0 luned\u00ec 15 aprile\u00a0 &quot;The Glamour Lounge&quot; un nuovo tempio della bellezza e relax nella zona Prati\u00a0 a Roma. Tanti gli ospiti presenti fra i quali\" \/>\n<meta name=\"robots\" content=\"index, follow, max-snippet:-1, max-image-preview:large, max-video-preview:-1\" \/>\n<link rel=\"canonical\" href=\"https:\/\/www.romaoggi.eu\/index.php\/2024\/04\/17\/the-glamour-lounge-il-nuovo-tempo-della-bellezza-a-roma\/\" \/>\n<meta property=\"og:locale\" content=\"it_IT\" \/>\n<meta property=\"og:type\" content=\"article\" \/>\n<meta property=\"og:title\" content=\"The Glamour Lounge: il nuovo tempo della bellezza a Roma\" \/>\n<meta property=\"og:description\" content=\"Inaugurato\u00a0 luned\u00ec 15 aprile\u00a0 &quot;The Glamour Lounge&quot; un nuovo tempio della bellezza e relax nella zona Prati\u00a0 a Roma. Tanti gli ospiti presenti fra i quali\" \/>\n<meta property=\"og:url\" content=\"https:\/\/www.romaoggi.eu\/index.php\/2024\/04\/17\/the-glamour-lounge-il-nuovo-tempo-della-bellezza-a-roma\/\" \/>\n<meta property=\"og:site_name\" content=\"roma oggi\" \/>\n<meta property=\"article:publisher\" content=\"https:\/\/www.facebook.com\/RomaOggi-841544845954114\" \/>\n<meta property=\"article:published_time\" content=\"2024-04-17T10:16:43+00:00\" \/>\n<meta property=\"og:image\" content=\"https:\/\/www.romaoggi.eu\/wp-content\/uploads\/2024\/04\/copertina.jpg\" \/>\n\t<meta property=\"og:image:width\" content=\"991\" \/>\n\t<meta property=\"og:image:height\" content=\"789\" \/>\n\t<meta property=\"og:image:type\" content=\"image\/jpeg\" \/>\n<meta name=\"author\" content=\"admin\" \/>\n<meta name=\"twitter:card\" content=\"summary_large_image\" \/>\n<meta name=\"twitter:creator\" content=\"@romaoggi_eu\" \/>\n<meta name=\"twitter:site\" content=\"@romaoggi_eu\" \/>\n<meta name=\"twitter:label1\" content=\"Scritto da\" \/>\n\t<meta name=\"twitter:data1\" content=\"admin\" \/>\n\t<meta name=\"twitter:label2\" content=\"Tempo di lettura stimato\" \/>\n\t<meta name=\"twitter:data2\" content=\"3 minuti\" \/>\n<script type=\"application\/ld+json\" class=\"yoast-schema-graph\">{\"@context\":\"https:\\\/\\\/schema.org\",\"@graph\":[{\"@type\":\"Article\",\"@id\":\"https:\\\/\\\/www.romaoggi.eu\\\/index.php\\\/2024\\\/04\\\/17\\\/the-glamour-lounge-il-nuovo-tempo-della-bellezza-a-roma\\\/#article\",\"isPartOf\":{\"@id\":\"https:\\\/\\\/www.romaoggi.eu\\\/index.php\\\/2024\\\/04\\\/17\\\/the-glamour-lounge-il-nuovo-tempo-della-bellezza-a-roma\\\/\"},\"author\":{\"name\":\"admin\",\"@id\":\"https:\\\/\\\/www.romaoggi.eu\\\/#\\\/schema\\\/person\\\/9b23ceb6a2992a25e98c76a5f1fbb887\"},\"headline\":\"The Glamour Lounge: il nuovo tempo della bellezza a Roma\",\"datePublished\":\"2024-04-17T10:16:43+00:00\",\"mainEntityOfPage\":{\"@id\":\"https:\\\/\\\/www.romaoggi.eu\\\/index.php\\\/2024\\\/04\\\/17\\\/the-glamour-lounge-il-nuovo-tempo-della-bellezza-a-roma\\\/\"},\"wordCount\":293,\"publisher\":{\"@id\":\"https:\\\/\\\/www.romaoggi.eu\\\/#organization\"},\"image\":{\"@id\":\"https:\\\/\\\/www.romaoggi.eu\\\/index.php\\\/2024\\\/04\\\/17\\\/the-glamour-lounge-il-nuovo-tempo-della-bellezza-a-roma\\\/#primaryimage\"},\"thumbnailUrl\":\"https:\\\/\\\/www.romaoggi.eu\\\/wp-content\\\/uploads\\\/2024\\\/04\\\/copertina.jpg\",\"keywords\":[\"bellezza\",\"hair\",\"moda\",\"nail\",\"Prati\",\"roberta sanz\u00f2\",\"roma\",\"salone di bellezza\",\"the glamour lounge\"],\"articleSection\":[\"Eventi\"],\"inLanguage\":\"it-IT\"},{\"@type\":\"WebPage\",\"@id\":\"https:\\\/\\\/www.romaoggi.eu\\\/index.php\\\/2024\\\/04\\\/17\\\/the-glamour-lounge-il-nuovo-tempo-della-bellezza-a-roma\\\/\",\"url\":\"https:\\\/\\\/www.romaoggi.eu\\\/index.php\\\/2024\\\/04\\\/17\\\/the-glamour-lounge-il-nuovo-tempo-della-bellezza-a-roma\\\/\",\"name\":\"The Glamour Lounge: il nuovo tempo della bellezza a Roma\",\"isPartOf\":{\"@id\":\"https:\\\/\\\/www.romaoggi.eu\\\/#website\"},\"primaryImageOfPage\":{\"@id\":\"https:\\\/\\\/www.romaoggi.eu\\\/index.php\\\/2024\\\/04\\\/17\\\/the-glamour-lounge-il-nuovo-tempo-della-bellezza-a-roma\\\/#primaryimage\"},\"image\":{\"@id\":\"https:\\\/\\\/www.romaoggi.eu\\\/index.php\\\/2024\\\/04\\\/17\\\/the-glamour-lounge-il-nuovo-tempo-della-bellezza-a-roma\\\/#primaryimage\"},\"thumbnailUrl\":\"https:\\\/\\\/www.romaoggi.eu\\\/wp-content\\\/uploads\\\/2024\\\/04\\\/copertina.jpg\",\"datePublished\":\"2024-04-17T10:16:43+00:00\",\"description\":\"Inaugurato\u00a0 luned\u00ec 15 aprile\u00a0 \\\"The Glamour Lounge\\\" un nuovo tempio della bellezza e relax nella zona Prati\u00a0 a Roma. Tanti gli ospiti presenti fra i quali\",\"breadcrumb\":{\"@id\":\"https:\\\/\\\/www.romaoggi.eu\\\/index.php\\\/2024\\\/04\\\/17\\\/the-glamour-lounge-il-nuovo-tempo-della-bellezza-a-roma\\\/#breadcrumb\"},\"inLanguage\":\"it-IT\",\"potentialAction\":[{\"@type\":\"ReadAction\",\"target\":[\"https:\\\/\\\/www.romaoggi.eu\\\/index.php\\\/2024\\\/04\\\/17\\\/the-glamour-lounge-il-nuovo-tempo-della-bellezza-a-roma\\\/\"]}]},{\"@type\":\"ImageObject\",\"inLanguage\":\"it-IT\",\"@id\":\"https:\\\/\\\/www.romaoggi.eu\\\/index.php\\\/2024\\\/04\\\/17\\\/the-glamour-lounge-il-nuovo-tempo-della-bellezza-a-roma\\\/#primaryimage\",\"url\":\"https:\\\/\\\/www.romaoggi.eu\\\/wp-content\\\/uploads\\\/2024\\\/04\\\/copertina.jpg\",\"contentUrl\":\"https:\\\/\\\/www.romaoggi.eu\\\/wp-content\\\/uploads\\\/2024\\\/04\\\/copertina.jpg\",\"width\":991,\"height\":789,\"caption\":\"Angeliki Katsiadaki e l'influenser Sabrina Diamanti\"},{\"@type\":\"BreadcrumbList\",\"@id\":\"https:\\\/\\\/www.romaoggi.eu\\\/index.php\\\/2024\\\/04\\\/17\\\/the-glamour-lounge-il-nuovo-tempo-della-bellezza-a-roma\\\/#breadcrumb\",\"itemListElement\":[{\"@type\":\"ListItem\",\"position\":1,\"name\":\"Home\",\"item\":\"https:\\\/\\\/www.romaoggi.eu\\\/\"},{\"@type\":\"ListItem\",\"position\":2,\"name\":\"The Glamour Lounge: il nuovo tempo della bellezza a Roma\"}]},{\"@type\":\"WebSite\",\"@id\":\"https:\\\/\\\/www.romaoggi.eu\\\/#website\",\"url\":\"https:\\\/\\\/www.romaoggi.eu\\\/\",\"name\":\"roma oggi\",\"description\":\"Interesting News for Interesting people\",\"publisher\":{\"@id\":\"https:\\\/\\\/www.romaoggi.eu\\\/#organization\"},\"potentialAction\":[{\"@type\":\"SearchAction\",\"target\":{\"@type\":\"EntryPoint\",\"urlTemplate\":\"https:\\\/\\\/www.romaoggi.eu\\\/?s={search_term_string}\"},\"query-input\":{\"@type\":\"PropertyValueSpecification\",\"valueRequired\":true,\"valueName\":\"search_term_string\"}}],\"inLanguage\":\"it-IT\"},{\"@type\":\"Organization\",\"@id\":\"https:\\\/\\\/www.romaoggi.eu\\\/#organization\",\"name\":\"RomaOggi\",\"url\":\"https:\\\/\\\/www.romaoggi.eu\\\/\",\"logo\":{\"@type\":\"ImageObject\",\"inLanguage\":\"it-IT\",\"@id\":\"https:\\\/\\\/www.romaoggi.eu\\\/#\\\/schema\\\/logo\\\/image\\\/\",\"url\":\"https:\\\/\\\/www.romaoggi.eu\\\/wp-content\\\/uploads\\\/2017\\\/04\\\/logowp.jpg\",\"contentUrl\":\"https:\\\/\\\/www.romaoggi.eu\\\/wp-content\\\/uploads\\\/2017\\\/04\\\/logowp.jpg\",\"width\":300,\"height\":133,\"caption\":\"RomaOggi\"},\"image\":{\"@id\":\"https:\\\/\\\/www.romaoggi.eu\\\/#\\\/schema\\\/logo\\\/image\\\/\"},\"sameAs\":[\"https:\\\/\\\/www.facebook.com\\\/RomaOggi-841544845954114\",\"https:\\\/\\\/x.com\\\/romaoggi_eu\"]},{\"@type\":\"Person\",\"@id\":\"https:\\\/\\\/www.romaoggi.eu\\\/#\\\/schema\\\/person\\\/9b23ceb6a2992a25e98c76a5f1fbb887\",\"name\":\"admin\",\"image\":{\"@type\":\"ImageObject\",\"inLanguage\":\"it-IT\",\"@id\":\"https:\\\/\\\/secure.gravatar.com\\\/avatar\\\/51b1e0a1f4159e3b5d89435fce5e1a348d6c59e2ff8c2d428dae75560aace504?s=96&d=mm&r=g\",\"url\":\"https:\\\/\\\/secure.gravatar.com\\\/avatar\\\/51b1e0a1f4159e3b5d89435fce5e1a348d6c59e2ff8c2d428dae75560aace504?s=96&d=mm&r=g\",\"contentUrl\":\"https:\\\/\\\/secure.gravatar.com\\\/avatar\\\/51b1e0a1f4159e3b5d89435fce5e1a348d6c59e2ff8c2d428dae75560aace504?s=96&d=mm&r=g\",\"caption\":\"admin\"},\"url\":\"https:\\\/\\\/www.romaoggi.eu\\\/index.php\\\/author\\\/admin\\\/\"}]}<\/script>\n<!-- \/ Yoast SEO plugin. -->","yoast_head_json":{"title":"The Glamour Lounge: il nuovo tempo della bellezza a Roma","description":"Inaugurato\u00a0 luned\u00ec 15 aprile\u00a0 \"The Glamour Lounge\" un nuovo tempio della bellezza e relax nella zona Prati\u00a0 a Roma. Tanti gli ospiti presenti fra i quali","robots":{"index":"index","follow":"follow","max-snippet":"max-snippet:-1","max-image-preview":"max-image-preview:large","max-video-preview":"max-video-preview:-1"},"canonical":"https:\/\/www.romaoggi.eu\/index.php\/2024\/04\/17\/the-glamour-lounge-il-nuovo-tempo-della-bellezza-a-roma\/","og_locale":"it_IT","og_type":"article","og_title":"The Glamour Lounge: il nuovo tempo della bellezza a Roma","og_description":"Inaugurato\u00a0 luned\u00ec 15 aprile\u00a0 \"The Glamour Lounge\" un nuovo tempio della bellezza e relax nella zona Prati\u00a0 a Roma. Tanti gli ospiti presenti fra i quali","og_url":"https:\/\/www.romaoggi.eu\/index.php\/2024\/04\/17\/the-glamour-lounge-il-nuovo-tempo-della-bellezza-a-roma\/","og_site_name":"roma oggi","article_publisher":"https:\/\/www.facebook.com\/RomaOggi-841544845954114","article_published_time":"2024-04-17T10:16:43+00:00","og_image":[{"width":991,"height":789,"url":"https:\/\/www.romaoggi.eu\/wp-content\/uploads\/2024\/04\/copertina.jpg","type":"image\/jpeg"}],"author":"admin","twitter_card":"summary_large_image","twitter_creator":"@romaoggi_eu","twitter_site":"@romaoggi_eu","twitter_misc":{"Scritto da":"admin","Tempo di lettura stimato":"3 minuti"},"schema":{"@context":"https:\/\/schema.org","@graph":[{"@type":"Article","@id":"https:\/\/www.romaoggi.eu\/index.php\/2024\/04\/17\/the-glamour-lounge-il-nuovo-tempo-della-bellezza-a-roma\/#article","isPartOf":{"@id":"https:\/\/www.romaoggi.eu\/index.php\/2024\/04\/17\/the-glamour-lounge-il-nuovo-tempo-della-bellezza-a-roma\/"},"author":{"name":"admin","@id":"https:\/\/www.romaoggi.eu\/#\/schema\/person\/9b23ceb6a2992a25e98c76a5f1fbb887"},"headline":"The Glamour Lounge: il nuovo tempo della bellezza a Roma","datePublished":"2024-04-17T10:16:43+00:00","mainEntityOfPage":{"@id":"https:\/\/www.romaoggi.eu\/index.php\/2024\/04\/17\/the-glamour-lounge-il-nuovo-tempo-della-bellezza-a-roma\/"},"wordCount":293,"publisher":{"@id":"https:\/\/www.romaoggi.eu\/#organization"},"image":{"@id":"https:\/\/www.romaoggi.eu\/index.php\/2024\/04\/17\/the-glamour-lounge-il-nuovo-tempo-della-bellezza-a-roma\/#primaryimage"},"thumbnailUrl":"https:\/\/www.romaoggi.eu\/wp-content\/uploads\/2024\/04\/copertina.jpg","keywords":["bellezza","hair","moda","nail","Prati","roberta sanz\u00f2","roma","salone di bellezza","the glamour lounge"],"articleSection":["Eventi"],"inLanguage":"it-IT"},{"@type":"WebPage","@id":"https:\/\/www.romaoggi.eu\/index.php\/2024\/04\/17\/the-glamour-lounge-il-nuovo-tempo-della-bellezza-a-roma\/","url":"https:\/\/www.romaoggi.eu\/index.php\/2024\/04\/17\/the-glamour-lounge-il-nuovo-tempo-della-bellezza-a-roma\/","name":"The Glamour Lounge: il nuovo tempo della bellezza a Roma","isPartOf":{"@id":"https:\/\/www.romaoggi.eu\/#website"},"primaryImageOfPage":{"@id":"https:\/\/www.romaoggi.eu\/index.php\/2024\/04\/17\/the-glamour-lounge-il-nuovo-tempo-della-bellezza-a-roma\/#primaryimage"},"image":{"@id":"https:\/\/www.romaoggi.eu\/index.php\/2024\/04\/17\/the-glamour-lounge-il-nuovo-tempo-della-bellezza-a-roma\/#primaryimage"},"thumbnailUrl":"https:\/\/www.romaoggi.eu\/wp-content\/uploads\/2024\/04\/copertina.jpg","datePublished":"2024-04-17T10:16:43+00:00","description":"Inaugurato\u00a0 luned\u00ec 15 aprile\u00a0 \"The Glamour Lounge\" un nuovo tempio della bellezza e relax nella zona Prati\u00a0 a Roma. Tanti gli ospiti presenti fra i quali","breadcrumb":{"@id":"https:\/\/www.romaoggi.eu\/index.php\/2024\/04\/17\/the-glamour-lounge-il-nuovo-tempo-della-bellezza-a-roma\/#breadcrumb"},"inLanguage":"it-IT","potentialAction":[{"@type":"ReadAction","target":["https:\/\/www.romaoggi.eu\/index.php\/2024\/04\/17\/the-glamour-lounge-il-nuovo-tempo-della-bellezza-a-roma\/"]}]},{"@type":"ImageObject","inLanguage":"it-IT","@id":"https:\/\/www.romaoggi.eu\/index.php\/2024\/04\/17\/the-glamour-lounge-il-nuovo-tempo-della-bellezza-a-roma\/#primaryimage","url":"https:\/\/www.romaoggi.eu\/wp-content\/uploads\/2024\/04\/copertina.jpg","contentUrl":"https:\/\/www.romaoggi.eu\/wp-content\/uploads\/2024\/04\/copertina.jpg","width":991,"height":789,"caption":"Angeliki Katsiadaki e l'influenser Sabrina Diamanti"},{"@type":"BreadcrumbList","@id":"https:\/\/www.romaoggi.eu\/index.php\/2024\/04\/17\/the-glamour-lounge-il-nuovo-tempo-della-bellezza-a-roma\/#breadcrumb","itemListElement":[{"@type":"ListItem","position":1,"name":"Home","item":"https:\/\/www.romaoggi.eu\/"},{"@type":"ListItem","position":2,"name":"The Glamour Lounge: il nuovo tempo della bellezza a Roma"}]},{"@type":"WebSite","@id":"https:\/\/www.romaoggi.eu\/#website","url":"https:\/\/www.romaoggi.eu\/","name":"roma oggi","description":"Interesting News for Interesting people","publisher":{"@id":"https:\/\/www.romaoggi.eu\/#organization"},"potentialAction":[{"@type":"SearchAction","target":{"@type":"EntryPoint","urlTemplate":"https:\/\/www.romaoggi.eu\/?s={search_term_string}"},"query-input":{"@type":"PropertyValueSpecification","valueRequired":true,"valueName":"search_term_string"}}],"inLanguage":"it-IT"},{"@type":"Organization","@id":"https:\/\/www.romaoggi.eu\/#organization","name":"RomaOggi","url":"https:\/\/www.romaoggi.eu\/","logo":{"@type":"ImageObject","inLanguage":"it-IT","@id":"https:\/\/www.romaoggi.eu\/#\/schema\/logo\/image\/","url":"https:\/\/www.romaoggi.eu\/wp-content\/uploads\/2017\/04\/logowp.jpg","contentUrl":"https:\/\/www.romaoggi.eu\/wp-content\/uploads\/2017\/04\/logowp.jpg","width":300,"height":133,"caption":"RomaOggi"},"image":{"@id":"https:\/\/www.romaoggi.eu\/#\/schema\/logo\/image\/"},"sameAs":["https:\/\/www.facebook.com\/RomaOggi-841544845954114","https:\/\/x.com\/romaoggi_eu"]},{"@type":"Person","@id":"https:\/\/www.romaoggi.eu\/#\/schema\/person\/9b23ceb6a2992a25e98c76a5f1fbb887","name":"admin","image":{"@type":"ImageObject","inLanguage":"it-IT","@id":"https:\/\/secure.gravatar.com\/avatar\/51b1e0a1f4159e3b5d89435fce5e1a348d6c59e2ff8c2d428dae75560aace504?s=96&d=mm&r=g","url":"https:\/\/secure.gravatar.com\/avatar\/51b1e0a1f4159e3b5d89435fce5e1a348d6c59e2ff8c2d428dae75560aace504?s=96&d=mm&r=g","contentUrl":"https:\/\/secure.gravatar.com\/avatar\/51b1e0a1f4159e3b5d89435fce5e1a348d6c59e2ff8c2d428dae75560aace504?s=96&d=mm&r=g","caption":"admin"},"url":"https:\/\/www.romaoggi.eu\/index.php\/author\/admin\/"}]}},"_links":{"self":[{"href":"https:\/\/www.romaoggi.eu\/index.php\/wp-json\/wp\/v2\/posts\/37033","targetHints":{"allow":["GET"]}}],"collection":[{"href":"https:\/\/www.romaoggi.eu\/index.php\/wp-json\/wp\/v2\/posts"}],"about":[{"href":"https:\/\/www.romaoggi.eu\/index.php\/wp-json\/wp\/v2\/types\/post"}],"author":[{"embeddable":true,"href":"https:\/\/www.romaoggi.eu\/index.php\/wp-json\/wp\/v2\/users\/1"}],"replies":[{"embeddable":true,"href":"https:\/\/www.romaoggi.eu\/index.php\/wp-json\/wp\/v2\/comments?post=37033"}],"version-history":[{"count":3,"href":"https:\/\/www.romaoggi.eu\/index.php\/wp-json\/wp\/v2\/posts\/37033\/revisions"}],"predecessor-version":[{"id":37039,"href":"https:\/\/www.romaoggi.eu\/index.php\/wp-json\/wp\/v2\/posts\/37033\/revisions\/37039"}],"wp:featuredmedia":[{"embeddable":true,"href":"https:\/\/www.romaoggi.eu\/index.php\/wp-json\/wp\/v2\/media\/37034"}],"wp:attachment":[{"href":"https:\/\/www.romaoggi.eu\/index.php\/wp-json\/wp\/v2\/media?parent=37033"}],"wp:term":[{"taxonomy":"category","embeddable":true,"href":"https:\/\/www.romaoggi.eu\/index.php\/wp-json\/wp\/v2\/categories?post=37033"},{"taxonomy":"post_tag","embeddable":true,"href":"https:\/\/www.romaoggi.eu\/index.php\/wp-json\/wp\/v2\/tags?post=37033"}],"curies":[{"name":"wp","href":"https:\/\/api.w.org\/{rel}","templated":true}]}}