{"id":37164,"date":"2024-05-05T15:38:17","date_gmt":"2024-05-05T13:38:17","guid":{"rendered":"https:\/\/www.romaoggi.eu\/?p=37164"},"modified":"2024-05-05T15:44:35","modified_gmt":"2024-05-05T13:44:35","slug":"lo-spettacolo-il-sogno-del-principe-inaugura-lavvio-dellanno-dello-scambio-culturale-italia-e-corea-2024-2025","status":"publish","type":"post","link":"https:\/\/www.romaoggi.eu\/index.php\/2024\/05\/05\/lo-spettacolo-il-sogno-del-principe-inaugura-lavvio-dellanno-dello-scambio-culturale-italia-e-corea-2024-2025\/","title":{"rendered":"Lo spettacolo &#8220;Il Sogno del Principe&#8221; inaugura l&#8217;avvio dell&#8217;Anno dello Scambio Culturale Italia e Corea 2024-2025"},"content":{"rendered":"<p><span style=\"color: #ff0000\"><strong>Redazione e foto a cura di Alessandro Lisci &#8211; Target Lab Ets <span style=\"color: #000000\">mob 3316379346<\/span><\/strong><\/span><\/p>\n<h3><span style=\"font-size: medium\"><span style=\"font-family: Times New Roman, serif\"><span lang=\"it-IT\">In occasione dell\u2019 \u201cAnno dello Scambio Culturale Italia e Corea 2024-2025\u201d il Ministero della Cultura, Sport e Turismo della Repubblica di Corea annuncia l\u2019organizzazione di vari eventi quali spettacoli, mostre, contenuti media ed eventi turistici con la collaborazione della Korean Foundation for International Cultural Exchange (KOFICE), Istituto Culturale Coreano in Italia, Korea Creative Content Agency (KOCCA) e National Museum of Korea.<\/span><\/span><\/span><\/h3>\n<p><span style=\"font-size: medium\"><span style=\"font-family: Times New Roman, serif\"><span lang=\"it-IT\"><strong>Il Ministro della Cultura, In Chon Yu, ha visitato Roma il 3 maggio<\/strong> e ha firmato un memorandum d&#8217;intesa con il Ministero degli Affari Esteri e della Cooperazione Internazionale della Repubblica Italiana sulla collaborazione negli ambiti culturali come arte, progetti creativi, mostre, ecc\u2026 per una buona riuscita dell\u2019Anno dello Scambio Culturale.<\/span><\/span><\/span><\/p>\n<figure id=\"attachment_37167\" aria-describedby=\"caption-attachment-37167\" style=\"width: 1049px\" class=\"wp-caption alignnone\"><img loading=\"lazy\" decoding=\"async\" class=\" wp-image-37167\" src=\"https:\/\/www.romaoggi.eu\/wp-content\/uploads\/2024\/05\/DSC_7891Il-sogno-del-Principe-Balletto-del-National-Gugak-Center-Teatro-Argentina-4-maggio-2024-Photo-\u00a9-Alessandro-Lisci-Target-LAb-Ets--300x200.jpg\" alt=\"alt tag Il Sogno del Principe\" width=\"1049\" height=\"699\" srcset=\"https:\/\/www.romaoggi.eu\/wp-content\/uploads\/2024\/05\/DSC_7891Il-sogno-del-Principe-Balletto-del-National-Gugak-Center-Teatro-Argentina-4-maggio-2024-Photo-\u00a9-Alessandro-Lisci-Target-LAb-Ets--300x200.jpg 300w, https:\/\/www.romaoggi.eu\/wp-content\/uploads\/2024\/05\/DSC_7891Il-sogno-del-Principe-Balletto-del-National-Gugak-Center-Teatro-Argentina-4-maggio-2024-Photo-\u00a9-Alessandro-Lisci-Target-LAb-Ets-.jpg 1020w\" sizes=\"auto, (max-width: 1049px) 100vw, 1049px\" \/><figcaption id=\"caption-attachment-37167\" class=\"wp-caption-text\"><strong>Il sogno del Principe &#8211; Balletto del National Gugak Center &#8211; Teatro Argentina 4 maggio 2024 Photo \u00a9 Alessandro Lisci &#8211; Target LAb Ets<\/strong><\/figcaption><\/figure>\n<p><span style=\"font-size: medium\"><span style=\"font-family: Times New Roman, serif\"><span lang=\"it-IT\"><b>Al via l\u2019Anno dello Scambio Culturale con lo spettacolo \u201cIl sogno del Principe\u201d del National Gugak Center<\/b><\/span><\/span><\/span><\/p>\n<p><span style=\"font-size: medium\"><span style=\"font-family: Times New Roman, serif\"><span lang=\"it-IT\">Il <\/span><\/span><span style=\"font-family: Times New Roman, serif\"><span lang=\"it-IT\"><b>National Gugak Center<\/b><\/span><\/span><span style=\"font-family: Times New Roman, serif\"><span lang=\"it-IT\"> si esibir\u00e0 con lo spettacolo <strong>\u201cIl sogno del Principe\u201d<\/strong> che metter\u00e0 in mostra musica e danze tradizionali coreane quali \u201cTaepyeongmu\u201d, \u201cSarangchum\u201d, \u201cSogochum\u201d, \u201cPangut\u201d, ecc\u2026 Questo spettacolo \u00e8 stato organizzato in forma straordinaria unicamente per celebrare l\u2019Anno dello Scambio Culturale.<\/span><\/span><\/span><\/p>\n<p><span style=\"font-size: medium\"><span style=\"font-family: Times New Roman, serif\"><span lang=\"it-IT\">Partendo da <strong>\u201cIl sogno del Principe\u201d<\/strong>, nelle maggiori citt\u00e0 italiane come Roma e Milano verranno organizzati vari eventi come <\/span><\/span><span style=\"font-family: Times New Roman, serif\"><span lang=\"it-IT\">la <\/span><\/span><span style=\"font-family: Times New Roman, serif\"><span lang=\"it-IT\">mostra di artista coreano rilevante (maggio-settembre), <\/span><\/span><span style=\"font-family: Times New Roman, serif\"><span lang=\"it-IT\">la <\/span><\/span><span style=\"font-family: Times New Roman, serif\"><span lang=\"it-IT\"> realizzazione di cortometraggi riguardanti la Corea (febbraio-ottobre), eventi riguardanti il mercato di K-contents (luglio) , la fiera di turismo coreano (ottobre).<\/span><\/span><\/span><\/p>\n<p><span style=\"font-size: medium\"><span style=\"font-family: Times New Roman, serif\"><span lang=\"it-IT\">In particolare la mostra di sculture dell\u2019artista <\/span><\/span><span style=\"font-family: Times New Roman, serif\"><span lang=\"it-IT\"><b>Eun Sun Park,<\/b><\/span><\/span><span style=\"font-family: Times New Roman, serif\"><span lang=\"it-IT\"> di cui l\u2019inaugurazione \u00e8 programmata per maggio, verr\u00e0 esposta al pubblico per 4 mesi presso le principali localit\u00e0 turistiche di Roma con la collaborazione del Parco Archeologico del Colosseo. Questa mostra sar\u00e0 un\u2019occasione per mostrare a tutti i turisti del mondo, che visitano l\u2019Italia, l\u2019amicizia tra la Corea e l\u2019Italia insieme all\u2019anima artistica delle opere coreane. <strong>Lo scultore Eun Sun Park \u00e8 stato premiato nel 2018 con il premio di massimo rilievo nel mondo scultoreo italiano \u201cFratelli Rosselli\u201d.<\/strong><\/span><\/span><\/span><\/p>\n<p><span style=\"font-size: medium\"><span style=\"font-family: Times New Roman, serif\"><span lang=\"it-IT\"><b>Ricerca e avvio di progetti di scambio tra nuove generazioni ed esperti di vari campi per il consolidamento di scambi culturali permanenti<\/b><\/span><\/span><\/span><\/p>\n<p><span style=\"font-size: medium\"><span style=\"font-family: Times New Roman, serif\"><span lang=\"it-IT\">Il Ministero della Cultura, selezionando aree di interesse comune tra giovani artisti coreani e italiani, come l\u2019opera lirica, il design, ecc\u2026 sostiene attivit\u00e0 per creare congiuntamente opere sotto la guida di artisti rappresentativi di entrambi i Paesi. Inoltre curatori di musei italiani verranno invitati in Corea per rafforzare gli scambi tra musei coreani e quelli italiani, e si terr\u00e0 un forum in cui si discuter\u00e0 sulla politica culturale con istituzioni artistiche ed esperti di vari campi per cercare direzioni congiunte per uno scambio culturale permanente tra i due Paesi.<\/span><\/span> <\/span><\/p>\n<p><span style=\"font-size: medium\"><span style=\"font-family: Times New Roman, serif\"><span lang=\"it-IT\"><strong>Il Ministro In Chon Yu<\/strong> ha affermato: \u201cLa Corea e l\u2019Italia hanno qualcosa in comune: sono potenze culturali orientate al futuro che sono cresciute grazie alla loro brillante storia e alle loro risorse culturali, e oggi guidano il mondo. Spero che questi due anni di scambio culturale porteranno ispirazioni culturali innovative e creative ai cittadini di entrambi i Paesi.\u201d.<\/span><\/span><\/span><\/p>\n<p>&nbsp;<\/p>\n<figure id=\"attachment_37174\" aria-describedby=\"caption-attachment-37174\" style=\"width: 1061px\" class=\"wp-caption alignnone\"><img loading=\"lazy\" decoding=\"async\" class=\" wp-image-37174\" src=\"https:\/\/www.romaoggi.eu\/wp-content\/uploads\/2024\/05\/DSC_7960Il-sogno-del-Principe-Balletto-del-National-Gugak-Center-Teatro-Argentina-4-maggio-2024-Photo-\u00a9-Alessandro-Lisci-Target-LAb-Ets--300x200.jpg\" alt=\"alt tag Il Sogno del Principe\" width=\"1061\" height=\"707\" srcset=\"https:\/\/www.romaoggi.eu\/wp-content\/uploads\/2024\/05\/DSC_7960Il-sogno-del-Principe-Balletto-del-National-Gugak-Center-Teatro-Argentina-4-maggio-2024-Photo-\u00a9-Alessandro-Lisci-Target-LAb-Ets--300x200.jpg 300w, https:\/\/www.romaoggi.eu\/wp-content\/uploads\/2024\/05\/DSC_7960Il-sogno-del-Principe-Balletto-del-National-Gugak-Center-Teatro-Argentina-4-maggio-2024-Photo-\u00a9-Alessandro-Lisci-Target-LAb-Ets-.jpg 1020w\" sizes=\"auto, (max-width: 1061px) 100vw, 1061px\" \/><figcaption id=\"caption-attachment-37174\" class=\"wp-caption-text\"><strong>Il sogno del Principe &#8211; Balletto del National Gugak Center &#8211; Teatro Argentina 4 maggio 2024 Photo \u00a9 Alessandro Lisci &#8211; Target LAb Ets<\/strong><\/figcaption><\/figure>\n<p>&nbsp;<\/p>\n<figure id=\"attachment_37173\" aria-describedby=\"caption-attachment-37173\" style=\"width: 1152px\" class=\"wp-caption alignnone\"><img loading=\"lazy\" decoding=\"async\" class=\" wp-image-37173\" src=\"https:\/\/www.romaoggi.eu\/wp-content\/uploads\/2024\/05\/DSC_7953Il-sogno-del-Principe-Balletto-del-National-Gugak-Center-Teatro-Argentina-4-maggio-2024-Photo-\u00a9-Alessandro-Lisci-Target-LAb-Ets--200x300.jpg\" alt=\"alt tag Il Sogno del Principe\" width=\"1152\" height=\"1728\" srcset=\"https:\/\/www.romaoggi.eu\/wp-content\/uploads\/2024\/05\/DSC_7953Il-sogno-del-Principe-Balletto-del-National-Gugak-Center-Teatro-Argentina-4-maggio-2024-Photo-\u00a9-Alessandro-Lisci-Target-LAb-Ets--200x300.jpg 200w, https:\/\/www.romaoggi.eu\/wp-content\/uploads\/2024\/05\/DSC_7953Il-sogno-del-Principe-Balletto-del-National-Gugak-Center-Teatro-Argentina-4-maggio-2024-Photo-\u00a9-Alessandro-Lisci-Target-LAb-Ets-.jpg 680w\" sizes=\"auto, (max-width: 1152px) 100vw, 1152px\" \/><figcaption id=\"caption-attachment-37173\" class=\"wp-caption-text\"><strong>Il sogno del Principe &#8211; Balletto del National Gugak Center &#8211; Teatro Argentina 4 maggio 2024 Photo \u00a9 Alessandro Lisci &#8211; Target LAb Ets<\/strong><\/figcaption><\/figure>\n<p>&nbsp;<\/p>\n<figure id=\"attachment_37172\" aria-describedby=\"caption-attachment-37172\" style=\"width: 1062px\" class=\"wp-caption alignnone\"><img loading=\"lazy\" decoding=\"async\" class=\" wp-image-37172\" src=\"https:\/\/www.romaoggi.eu\/wp-content\/uploads\/2024\/05\/DSC_7936Il-sogno-del-Principe-Balletto-del-National-Gugak-Center-Teatro-Argentina-4-maggio-2024-Photo-\u00a9-Alessandro-Lisci-Target-LAb-Ets--200x300.jpg\" alt=\"alt tag Il Sogno del Principe\" width=\"1062\" height=\"1593\" srcset=\"https:\/\/www.romaoggi.eu\/wp-content\/uploads\/2024\/05\/DSC_7936Il-sogno-del-Principe-Balletto-del-National-Gugak-Center-Teatro-Argentina-4-maggio-2024-Photo-\u00a9-Alessandro-Lisci-Target-LAb-Ets--200x300.jpg 200w, https:\/\/www.romaoggi.eu\/wp-content\/uploads\/2024\/05\/DSC_7936Il-sogno-del-Principe-Balletto-del-National-Gugak-Center-Teatro-Argentina-4-maggio-2024-Photo-\u00a9-Alessandro-Lisci-Target-LAb-Ets-.jpg 680w\" sizes=\"auto, (max-width: 1062px) 100vw, 1062px\" \/><figcaption id=\"caption-attachment-37172\" class=\"wp-caption-text\"><strong>Il sogno del Principe &#8211; Balletto del National Gugak Center &#8211; Teatro Argentina 4 maggio 2024 Photo \u00a9 Alessandro Lisci &#8211; Target LAb Ets<\/strong><\/figcaption><\/figure>\n<p>&nbsp;<\/p>\n<figure id=\"attachment_37180\" aria-describedby=\"caption-attachment-37180\" style=\"width: 1055px\" class=\"wp-caption alignnone\"><img loading=\"lazy\" decoding=\"async\" class=\" wp-image-37180\" src=\"https:\/\/www.romaoggi.eu\/wp-content\/uploads\/2024\/05\/DSC_8097Il-sogno-del-Principe-Balletto-del-National-Gugak-Center-Teatro-Argentina-4-maggio-2024-Photo-\u00a9-Alessandro-Lisci-Target-LAb-Ets--300x200.jpg\" alt=\"alt tag Il Sogno del Principe\" width=\"1055\" height=\"703\" srcset=\"https:\/\/www.romaoggi.eu\/wp-content\/uploads\/2024\/05\/DSC_8097Il-sogno-del-Principe-Balletto-del-National-Gugak-Center-Teatro-Argentina-4-maggio-2024-Photo-\u00a9-Alessandro-Lisci-Target-LAb-Ets--300x200.jpg 300w, https:\/\/www.romaoggi.eu\/wp-content\/uploads\/2024\/05\/DSC_8097Il-sogno-del-Principe-Balletto-del-National-Gugak-Center-Teatro-Argentina-4-maggio-2024-Photo-\u00a9-Alessandro-Lisci-Target-LAb-Ets-.jpg 1020w\" sizes=\"auto, (max-width: 1055px) 100vw, 1055px\" \/><figcaption id=\"caption-attachment-37180\" class=\"wp-caption-text\"><strong>Il sogno del Principe &#8211; Balletto del National Gugak Center &#8211; Teatro Argentina 4 maggio 2024 Photo \u00a9 Alessandro Lisci &#8211; Target LAb Ets<\/strong><\/figcaption><\/figure>\n<p>&nbsp;<\/p>\n<figure id=\"attachment_37169\" aria-describedby=\"caption-attachment-37169\" style=\"width: 1103px\" class=\"wp-caption alignnone\"><img loading=\"lazy\" decoding=\"async\" class=\" wp-image-37169\" src=\"https:\/\/www.romaoggi.eu\/wp-content\/uploads\/2024\/05\/DSC_7911Il-sogno-del-Principe-Balletto-del-National-Gugak-Center-Teatro-Argentina-4-maggio-2024-Photo-\u00a9-Alessandro-Lisci-Target-LAb-Ets--300x200.jpg\" alt=\"alt tag Il Sogno del Principe\" width=\"1103\" height=\"735\" srcset=\"https:\/\/www.romaoggi.eu\/wp-content\/uploads\/2024\/05\/DSC_7911Il-sogno-del-Principe-Balletto-del-National-Gugak-Center-Teatro-Argentina-4-maggio-2024-Photo-\u00a9-Alessandro-Lisci-Target-LAb-Ets--300x200.jpg 300w, https:\/\/www.romaoggi.eu\/wp-content\/uploads\/2024\/05\/DSC_7911Il-sogno-del-Principe-Balletto-del-National-Gugak-Center-Teatro-Argentina-4-maggio-2024-Photo-\u00a9-Alessandro-Lisci-Target-LAb-Ets-.jpg 1020w\" sizes=\"auto, (max-width: 1103px) 100vw, 1103px\" \/><figcaption id=\"caption-attachment-37169\" class=\"wp-caption-text\"><strong>Il sogno del Principe &#8211; Balletto del National Gugak Center &#8211; Teatro Argentina 4 maggio 2024 Photo \u00a9 Alessandro Lisci &#8211; Target LAb Ets<\/strong><\/figcaption><\/figure>\n<p>&nbsp;<\/p>\n<figure id=\"attachment_37168\" aria-describedby=\"caption-attachment-37168\" style=\"width: 1127px\" class=\"wp-caption alignnone\"><img loading=\"lazy\" decoding=\"async\" class=\" wp-image-37168\" src=\"https:\/\/www.romaoggi.eu\/wp-content\/uploads\/2024\/05\/DSC_7902Il-sogno-del-Principe-Balletto-del-National-Gugak-Center-Teatro-Argentina-4-maggio-2024-Photo-\u00a9-Alessandro-Lisci-Target-LAb-Ets--300x200.jpg\" alt=\"alt tag Il Sogno del Principe\" width=\"1127\" height=\"751\" srcset=\"https:\/\/www.romaoggi.eu\/wp-content\/uploads\/2024\/05\/DSC_7902Il-sogno-del-Principe-Balletto-del-National-Gugak-Center-Teatro-Argentina-4-maggio-2024-Photo-\u00a9-Alessandro-Lisci-Target-LAb-Ets--300x200.jpg 300w, https:\/\/www.romaoggi.eu\/wp-content\/uploads\/2024\/05\/DSC_7902Il-sogno-del-Principe-Balletto-del-National-Gugak-Center-Teatro-Argentina-4-maggio-2024-Photo-\u00a9-Alessandro-Lisci-Target-LAb-Ets-.jpg 1020w\" sizes=\"auto, (max-width: 1127px) 100vw, 1127px\" \/><figcaption id=\"caption-attachment-37168\" class=\"wp-caption-text\"><strong>Il sogno del Principe &#8211; Balletto del National Gugak Center &#8211; Teatro Argentina 4 maggio 2024 Photo \u00a9 Alessandro Lisci &#8211; Target LAb Ets<\/strong><\/figcaption><\/figure>\n<p>&nbsp;<\/p>\n<figure id=\"attachment_37170\" aria-describedby=\"caption-attachment-37170\" style=\"width: 1055px\" class=\"wp-caption alignnone\"><img loading=\"lazy\" decoding=\"async\" class=\" wp-image-37170\" src=\"https:\/\/www.romaoggi.eu\/wp-content\/uploads\/2024\/05\/DSC_7920Il-sogno-del-Principe-Balletto-del-National-Gugak-Center-Teatro-Argentina-4-maggio-2024-Photo-\u00a9-Alessandro-Lisci-Target-LAb-Ets--300x200.jpg\" alt=\"alt tag Il Sogno del Principe\" width=\"1055\" height=\"703\" srcset=\"https:\/\/www.romaoggi.eu\/wp-content\/uploads\/2024\/05\/DSC_7920Il-sogno-del-Principe-Balletto-del-National-Gugak-Center-Teatro-Argentina-4-maggio-2024-Photo-\u00a9-Alessandro-Lisci-Target-LAb-Ets--300x200.jpg 300w, https:\/\/www.romaoggi.eu\/wp-content\/uploads\/2024\/05\/DSC_7920Il-sogno-del-Principe-Balletto-del-National-Gugak-Center-Teatro-Argentina-4-maggio-2024-Photo-\u00a9-Alessandro-Lisci-Target-LAb-Ets-.jpg 1020w\" sizes=\"auto, (max-width: 1055px) 100vw, 1055px\" \/><figcaption id=\"caption-attachment-37170\" class=\"wp-caption-text\"><strong>Il sogno del Principe &#8211; Balletto del National Gugak Center &#8211; Teatro Argentina 4 maggio 2024 Photo \u00a9 Alessandro Lisci &#8211; Target LAb Ets<\/strong><\/figcaption><\/figure>\n<p>&nbsp;<\/p>\n<figure id=\"attachment_37178\" aria-describedby=\"caption-attachment-37178\" style=\"width: 1060px\" class=\"wp-caption alignnone\"><img loading=\"lazy\" decoding=\"async\" class=\" wp-image-37178\" src=\"https:\/\/www.romaoggi.eu\/wp-content\/uploads\/2024\/05\/DSC_8009Il-sogno-del-Principe-Balletto-del-National-Gugak-Center-Teatro-Argentina-4-maggio-2024-Photo-\u00a9-Alessandro-Lisci-Target-LAb-Ets--200x300.jpg\" alt=\"alt tag Il Sogno del Principe\" width=\"1060\" height=\"1590\" srcset=\"https:\/\/www.romaoggi.eu\/wp-content\/uploads\/2024\/05\/DSC_8009Il-sogno-del-Principe-Balletto-del-National-Gugak-Center-Teatro-Argentina-4-maggio-2024-Photo-\u00a9-Alessandro-Lisci-Target-LAb-Ets--200x300.jpg 200w, https:\/\/www.romaoggi.eu\/wp-content\/uploads\/2024\/05\/DSC_8009Il-sogno-del-Principe-Balletto-del-National-Gugak-Center-Teatro-Argentina-4-maggio-2024-Photo-\u00a9-Alessandro-Lisci-Target-LAb-Ets-.jpg 680w\" sizes=\"auto, (max-width: 1060px) 100vw, 1060px\" \/><figcaption id=\"caption-attachment-37178\" class=\"wp-caption-text\"><strong>Il sogno del Principe &#8211; Balletto del National Gugak Center &#8211; Teatro Argentina 4 maggio 2024 Photo \u00a9 Alessandro Lisci &#8211; Target LAb Ets<\/strong><\/figcaption><\/figure>\n<p>&nbsp;<\/p>\n<figure id=\"attachment_37177\" aria-describedby=\"caption-attachment-37177\" style=\"width: 1065px\" class=\"wp-caption alignnone\"><img loading=\"lazy\" decoding=\"async\" class=\" wp-image-37177\" src=\"https:\/\/www.romaoggi.eu\/wp-content\/uploads\/2024\/05\/DSC_8006Il-sogno-del-Principe-Balletto-del-National-Gugak-Center-Teatro-Argentina-4-maggio-2024-Photo-\u00a9-Alessandro-Lisci-Target-LAb-Ets--300x200.jpg\" alt=\"alt tag Il Sogno del Principe\" width=\"1065\" height=\"710\" srcset=\"https:\/\/www.romaoggi.eu\/wp-content\/uploads\/2024\/05\/DSC_8006Il-sogno-del-Principe-Balletto-del-National-Gugak-Center-Teatro-Argentina-4-maggio-2024-Photo-\u00a9-Alessandro-Lisci-Target-LAb-Ets--300x200.jpg 300w, https:\/\/www.romaoggi.eu\/wp-content\/uploads\/2024\/05\/DSC_8006Il-sogno-del-Principe-Balletto-del-National-Gugak-Center-Teatro-Argentina-4-maggio-2024-Photo-\u00a9-Alessandro-Lisci-Target-LAb-Ets-.jpg 1020w\" sizes=\"auto, (max-width: 1065px) 100vw, 1065px\" \/><figcaption id=\"caption-attachment-37177\" class=\"wp-caption-text\"><strong>Il sogno del Principe &#8211; Balletto del National Gugak Center &#8211; Teatro Argentina 4 maggio 2024 Photo \u00a9 Alessandro Lisci &#8211; Target LAb Ets<\/strong><\/figcaption><\/figure>\n<p>&nbsp;<\/p>\n<figure id=\"attachment_37166\" aria-describedby=\"caption-attachment-37166\" style=\"width: 1082px\" class=\"wp-caption alignnone\"><img loading=\"lazy\" decoding=\"async\" class=\" wp-image-37166\" src=\"https:\/\/www.romaoggi.eu\/wp-content\/uploads\/2024\/05\/DSC_7865Il-sogno-del-Principe-Balletto-del-National-Gugak-Center-Teatro-Argentina-4-maggio-2024-Photo-\u00a9-Alessandro-Lisci-Target-LAb-Ets--300x200.jpg\" alt=\"alt tag Il Sogno del Principe\" width=\"1082\" height=\"721\" srcset=\"https:\/\/www.romaoggi.eu\/wp-content\/uploads\/2024\/05\/DSC_7865Il-sogno-del-Principe-Balletto-del-National-Gugak-Center-Teatro-Argentina-4-maggio-2024-Photo-\u00a9-Alessandro-Lisci-Target-LAb-Ets--300x200.jpg 300w, https:\/\/www.romaoggi.eu\/wp-content\/uploads\/2024\/05\/DSC_7865Il-sogno-del-Principe-Balletto-del-National-Gugak-Center-Teatro-Argentina-4-maggio-2024-Photo-\u00a9-Alessandro-Lisci-Target-LAb-Ets-.jpg 1020w\" sizes=\"auto, (max-width: 1082px) 100vw, 1082px\" \/><figcaption id=\"caption-attachment-37166\" class=\"wp-caption-text\"><strong>Il sogno del Principe &#8211; Balletto del National Gugak Center &#8211; Teatro Argentina 4 maggio 2024 Photo \u00a9 Alessandro Lisci &#8211; Target LAb Ets<\/strong><\/figcaption><\/figure>\n<p>&nbsp;<\/p>\n<figure id=\"attachment_37179\" aria-describedby=\"caption-attachment-37179\" style=\"width: 1083px\" class=\"wp-caption alignnone\"><img loading=\"lazy\" decoding=\"async\" class=\" wp-image-37179\" src=\"https:\/\/www.romaoggi.eu\/wp-content\/uploads\/2024\/05\/DSC_8053Il-sogno-del-Principe-Balletto-del-National-Gugak-Center-Teatro-Argentina-4-maggio-2024-Photo-\u00a9-Alessandro-Lisci-Target-LAb-Ets--300x200.jpg\" alt=\"alt tag Il Sogno del Principe\" width=\"1083\" height=\"722\" srcset=\"https:\/\/www.romaoggi.eu\/wp-content\/uploads\/2024\/05\/DSC_8053Il-sogno-del-Principe-Balletto-del-National-Gugak-Center-Teatro-Argentina-4-maggio-2024-Photo-\u00a9-Alessandro-Lisci-Target-LAb-Ets--300x200.jpg 300w, https:\/\/www.romaoggi.eu\/wp-content\/uploads\/2024\/05\/DSC_8053Il-sogno-del-Principe-Balletto-del-National-Gugak-Center-Teatro-Argentina-4-maggio-2024-Photo-\u00a9-Alessandro-Lisci-Target-LAb-Ets-.jpg 1020w\" sizes=\"auto, (max-width: 1083px) 100vw, 1083px\" \/><figcaption id=\"caption-attachment-37179\" class=\"wp-caption-text\"><strong>Il sogno del Principe &#8211; Balletto del National Gugak Center &#8211; Teatro Argentina 4 maggio 2024 Photo \u00a9 Alessandro Lisci &#8211; Target LAb Ets<\/strong><\/figcaption><\/figure>\n<p>&nbsp;<\/p>\n<figure id=\"attachment_37185\" aria-describedby=\"caption-attachment-37185\" style=\"width: 1093px\" class=\"wp-caption alignnone\"><img loading=\"lazy\" decoding=\"async\" class=\" wp-image-37185\" src=\"https:\/\/www.romaoggi.eu\/wp-content\/uploads\/2024\/05\/DSC_8163Il-sogno-del-Principe-Balletto-del-National-Gugak-Center-Teatro-Argentina-4-maggio-2024-Photo-\u00a9-Alessandro-Lisci-Target-LAb-Ets--200x300.jpg\" alt=\"alt tag Il Sogno del Principe\" width=\"1093\" height=\"1640\" srcset=\"https:\/\/www.romaoggi.eu\/wp-content\/uploads\/2024\/05\/DSC_8163Il-sogno-del-Principe-Balletto-del-National-Gugak-Center-Teatro-Argentina-4-maggio-2024-Photo-\u00a9-Alessandro-Lisci-Target-LAb-Ets--200x300.jpg 200w, https:\/\/www.romaoggi.eu\/wp-content\/uploads\/2024\/05\/DSC_8163Il-sogno-del-Principe-Balletto-del-National-Gugak-Center-Teatro-Argentina-4-maggio-2024-Photo-\u00a9-Alessandro-Lisci-Target-LAb-Ets-.jpg 680w\" sizes=\"auto, (max-width: 1093px) 100vw, 1093px\" \/><figcaption id=\"caption-attachment-37185\" class=\"wp-caption-text\"><strong>Il sogno del Principe &#8211; Balletto del National Gugak Center &#8211; Teatro Argentina 4 maggio 2024 Photo \u00a9 Alessandro Lisci &#8211; Target LAb Ets<\/strong><\/figcaption><\/figure>\n<p>&nbsp;<\/p>\n<figure id=\"attachment_37184\" aria-describedby=\"caption-attachment-37184\" style=\"width: 1058px\" class=\"wp-caption alignnone\"><img loading=\"lazy\" decoding=\"async\" class=\" wp-image-37184\" src=\"https:\/\/www.romaoggi.eu\/wp-content\/uploads\/2024\/05\/DSC_8139Il-sogno-del-Principe-Balletto-del-National-Gugak-Center-Teatro-Argentina-4-maggio-2024-Photo-\u00a9-Alessandro-Lisci-Target-LAb-Ets--300x200.jpg\" alt=\"alt tag Il Sogno del Principe\" width=\"1058\" height=\"705\" srcset=\"https:\/\/www.romaoggi.eu\/wp-content\/uploads\/2024\/05\/DSC_8139Il-sogno-del-Principe-Balletto-del-National-Gugak-Center-Teatro-Argentina-4-maggio-2024-Photo-\u00a9-Alessandro-Lisci-Target-LAb-Ets--300x200.jpg 300w, https:\/\/www.romaoggi.eu\/wp-content\/uploads\/2024\/05\/DSC_8139Il-sogno-del-Principe-Balletto-del-National-Gugak-Center-Teatro-Argentina-4-maggio-2024-Photo-\u00a9-Alessandro-Lisci-Target-LAb-Ets-.jpg 1020w\" sizes=\"auto, (max-width: 1058px) 100vw, 1058px\" \/><figcaption id=\"caption-attachment-37184\" class=\"wp-caption-text\"><strong>Il sogno del Principe &#8211; Balletto del National Gugak Center &#8211; Teatro Argentina 4 maggio 2024 Photo \u00a9 Alessandro Lisci &#8211; Target LAb Ets<\/strong><\/figcaption><\/figure>\n<p>&nbsp;<\/p>\n<figure id=\"attachment_37181\" aria-describedby=\"caption-attachment-37181\" style=\"width: 1103px\" class=\"wp-caption alignnone\"><img loading=\"lazy\" decoding=\"async\" class=\" wp-image-37181\" src=\"https:\/\/www.romaoggi.eu\/wp-content\/uploads\/2024\/05\/DSC_8116Il-sogno-del-Principe-Balletto-del-National-Gugak-Center-Teatro-Argentina-4-maggio-2024-Photo-\u00a9-Alessandro-Lisci-Target-LAb-Ets--300x200.jpg\" alt=\"alt tag Il Sogno del Principe\" width=\"1103\" height=\"735\" srcset=\"https:\/\/www.romaoggi.eu\/wp-content\/uploads\/2024\/05\/DSC_8116Il-sogno-del-Principe-Balletto-del-National-Gugak-Center-Teatro-Argentina-4-maggio-2024-Photo-\u00a9-Alessandro-Lisci-Target-LAb-Ets--300x200.jpg 300w, https:\/\/www.romaoggi.eu\/wp-content\/uploads\/2024\/05\/DSC_8116Il-sogno-del-Principe-Balletto-del-National-Gugak-Center-Teatro-Argentina-4-maggio-2024-Photo-\u00a9-Alessandro-Lisci-Target-LAb-Ets-.jpg 1020w\" sizes=\"auto, (max-width: 1103px) 100vw, 1103px\" \/><figcaption id=\"caption-attachment-37181\" class=\"wp-caption-text\"><strong>Il sogno del Principe &#8211; Balletto del National Gugak Center &#8211; Teatro Argentina 4 maggio 2024 Photo \u00a9 Alessandro Lisci &#8211; Target LAb Ets<\/strong><\/figcaption><\/figure>\n<p>&nbsp;<\/p>\n<figure id=\"attachment_37183\" aria-describedby=\"caption-attachment-37183\" style=\"width: 1092px\" class=\"wp-caption alignnone\"><img loading=\"lazy\" decoding=\"async\" class=\" wp-image-37183\" src=\"https:\/\/www.romaoggi.eu\/wp-content\/uploads\/2024\/05\/DSC_8138Il-sogno-del-Principe-Balletto-del-National-Gugak-Center-Teatro-Argentina-4-maggio-2024-Photo-\u00a9-Alessandro-Lisci-Target-LAb-Ets--300x200.jpg\" alt=\"alt tag Il Sogno del Principe\" width=\"1092\" height=\"728\" srcset=\"https:\/\/www.romaoggi.eu\/wp-content\/uploads\/2024\/05\/DSC_8138Il-sogno-del-Principe-Balletto-del-National-Gugak-Center-Teatro-Argentina-4-maggio-2024-Photo-\u00a9-Alessandro-Lisci-Target-LAb-Ets--300x200.jpg 300w, https:\/\/www.romaoggi.eu\/wp-content\/uploads\/2024\/05\/DSC_8138Il-sogno-del-Principe-Balletto-del-National-Gugak-Center-Teatro-Argentina-4-maggio-2024-Photo-\u00a9-Alessandro-Lisci-Target-LAb-Ets-.jpg 1020w\" sizes=\"auto, (max-width: 1092px) 100vw, 1092px\" \/><figcaption id=\"caption-attachment-37183\" class=\"wp-caption-text\"><strong>Il sogno del Principe &#8211; Balletto del National Gugak Center &#8211; Teatro Argentina 4 maggio 2024 Photo \u00a9 Alessandro Lisci &#8211; Target LAb Ets<\/strong><\/figcaption><\/figure>\n<p>&nbsp;<\/p>\n<figure id=\"attachment_37182\" aria-describedby=\"caption-attachment-37182\" style=\"width: 1082px\" class=\"wp-caption alignnone\"><img loading=\"lazy\" decoding=\"async\" class=\" wp-image-37182\" src=\"https:\/\/www.romaoggi.eu\/wp-content\/uploads\/2024\/05\/DSC_8126Il-sogno-del-Principe-Balletto-del-National-Gugak-Center-Teatro-Argentina-4-maggio-2024-Photo-\u00a9-Alessandro-Lisci-Target-LAb-Ets--300x200.jpg\" alt=\"alt tag Il Sogno del Principe\" width=\"1082\" height=\"721\" srcset=\"https:\/\/www.romaoggi.eu\/wp-content\/uploads\/2024\/05\/DSC_8126Il-sogno-del-Principe-Balletto-del-National-Gugak-Center-Teatro-Argentina-4-maggio-2024-Photo-\u00a9-Alessandro-Lisci-Target-LAb-Ets--300x200.jpg 300w, https:\/\/www.romaoggi.eu\/wp-content\/uploads\/2024\/05\/DSC_8126Il-sogno-del-Principe-Balletto-del-National-Gugak-Center-Teatro-Argentina-4-maggio-2024-Photo-\u00a9-Alessandro-Lisci-Target-LAb-Ets-.jpg 1020w\" sizes=\"auto, (max-width: 1082px) 100vw, 1082px\" \/><figcaption id=\"caption-attachment-37182\" class=\"wp-caption-text\"><strong>Il sogno del Principe &#8211; Balletto del National Gugak Center &#8211; Teatro Argentina 4 maggio 2024 Photo \u00a9 Alessandro Lisci &#8211; Target LAb Ets<\/strong><\/figcaption><\/figure>\n<p>&nbsp;<\/p>\n<figure id=\"attachment_37186\" aria-describedby=\"caption-attachment-37186\" style=\"width: 1058px\" class=\"wp-caption alignnone\"><img loading=\"lazy\" decoding=\"async\" class=\" wp-image-37186\" src=\"https:\/\/www.romaoggi.eu\/wp-content\/uploads\/2024\/05\/DSC_7827-Il-sogno-del-Principe-Il-Ministro-della-Cultura-coreano-In-Chon-Yu-al-Teatro-Argentina-Photo-\u00a9-Alessandro-Lisci-Target-LAb-Ets--300x200.jpg\" alt=\"alt tag Il Sogno del Principe\" width=\"1058\" height=\"705\" srcset=\"https:\/\/www.romaoggi.eu\/wp-content\/uploads\/2024\/05\/DSC_7827-Il-sogno-del-Principe-Il-Ministro-della-Cultura-coreano-In-Chon-Yu-al-Teatro-Argentina-Photo-\u00a9-Alessandro-Lisci-Target-LAb-Ets--300x200.jpg 300w, https:\/\/www.romaoggi.eu\/wp-content\/uploads\/2024\/05\/DSC_7827-Il-sogno-del-Principe-Il-Ministro-della-Cultura-coreano-In-Chon-Yu-al-Teatro-Argentina-Photo-\u00a9-Alessandro-Lisci-Target-LAb-Ets-.jpg 1020w\" sizes=\"auto, (max-width: 1058px) 100vw, 1058px\" \/><figcaption id=\"caption-attachment-37186\" class=\"wp-caption-text\"><strong>Il Ministro della Cultura coreano In Chon Yu al Teatro Argentina Photo \u00a9 Alessandro Lisci &#8211; Target LAb Ets<\/strong><\/figcaption><\/figure>\n<p>&nbsp;<\/p>\n<figure id=\"attachment_37187\" aria-describedby=\"caption-attachment-37187\" style=\"width: 1089px\" class=\"wp-caption alignnone\"><img loading=\"lazy\" decoding=\"async\" class=\" wp-image-37187\" src=\"https:\/\/www.romaoggi.eu\/wp-content\/uploads\/2024\/05\/DSC_8172-Teatro-Argentina-Leonardo-Contini-con-lo-scultore-Eun-Sun-Park-4-maggio-2024-Photo-\u00a9-Alessandro-Lisci-Target-LAb-Ets--300x200.jpg\" alt=\"alt tag Il Sogno del Principe\" width=\"1089\" height=\"726\" srcset=\"https:\/\/www.romaoggi.eu\/wp-content\/uploads\/2024\/05\/DSC_8172-Teatro-Argentina-Leonardo-Contini-con-lo-scultore-Eun-Sun-Park-4-maggio-2024-Photo-\u00a9-Alessandro-Lisci-Target-LAb-Ets--300x200.jpg 300w, https:\/\/www.romaoggi.eu\/wp-content\/uploads\/2024\/05\/DSC_8172-Teatro-Argentina-Leonardo-Contini-con-lo-scultore-Eun-Sun-Park-4-maggio-2024-Photo-\u00a9-Alessandro-Lisci-Target-LAb-Ets-.jpg 1020w\" sizes=\"auto, (max-width: 1089px) 100vw, 1089px\" \/><figcaption id=\"caption-attachment-37187\" class=\"wp-caption-text\"><strong>Teatro Argentina, Leonardo Contini con lo scultore Eun Sun Park \u00a9 Alessandro Lisci &#8211; Target LAb Ets<\/strong><\/figcaption><\/figure>\n","protected":false},"excerpt":{"rendered":"<div class=\"mh-excerpt\"><p>Redazione e foto a cura di Alessandro Lisci &#8211; Target Lab Ets mob 3316379346 In occasione dell\u2019 \u201cAnno dello Scambio Culturale Italia e Corea 2024-2025\u201d il Ministero della Cultura, Sport e Turismo della Repubblica di <a class=\"mh-excerpt-more\" href=\"https:\/\/www.romaoggi.eu\/index.php\/2024\/05\/05\/lo-spettacolo-il-sogno-del-principe-inaugura-lavvio-dellanno-dello-scambio-culturale-italia-e-corea-2024-2025\/\" title=\"Lo spettacolo &#8220;Il Sogno del Principe&#8221; inaugura l&#8217;avvio dell&#8217;Anno dello Scambio Culturale Italia e Corea 2024-2025\">[&#8230;]<\/a><\/p>\n<\/div>","protected":false},"author":17,"featured_media":37176,"comment_status":"closed","ping_status":"open","sticky":false,"template":"","format":"standard","meta":{"_sitemap_exclude":false,"_sitemap_priority":"","_sitemap_frequency":"","footnotes":""},"categories":[3],"tags":[4137,17309,17304,17310,17303,17302,15003,17301,17308,1738,17306,17307,17305,15567],"class_list":["post-37164","post","type-post","status-publish","format-standard","has-post-thumbnail","hentry","category-eventi","tag-alessandro-lisci","tag-eun-sun-park","tag-il-sogno-del-principe","tag-in-chon-yu","tag-kocca","tag-kofice","tag-laboratorio-sperimentale-di-fotografia-e-comunicazione","tag-national-gugak-center","tag-pangut","tag-romaoggi-eu","tag-sarangchum","tag-sogochum","tag-taepyeongmu","tag-target-lab-ets"],"yoast_head":"<!-- This site is optimized with the Yoast SEO plugin v27.5 - https:\/\/yoast.com\/product\/yoast-seo-wordpress\/ -->\n<title>Lo spettacolo &quot;Il Sogno del Principe&quot; inaugura l&#039;avvio dell&#039;Anno dello Scambio Culturale Italia e Corea 2024-2025<\/title>\n<meta name=\"description\" content=\"Redazione e foto a cura di Alessandro Lisci - Target Lab Ets mob 3316379346 In occasione dell\u2019 \u201cAnno dello Scambio Culturale Italia e Corea 2024-2025\u201d il\" \/>\n<meta name=\"robots\" content=\"index, follow, max-snippet:-1, max-image-preview:large, max-video-preview:-1\" \/>\n<link rel=\"canonical\" href=\"https:\/\/www.romaoggi.eu\/index.php\/2024\/05\/05\/lo-spettacolo-il-sogno-del-principe-inaugura-lavvio-dellanno-dello-scambio-culturale-italia-e-corea-2024-2025\/\" \/>\n<meta property=\"og:locale\" content=\"it_IT\" \/>\n<meta property=\"og:type\" content=\"article\" \/>\n<meta property=\"og:title\" content=\"Lo spettacolo &quot;Il Sogno del Principe&quot; inaugura l&#039;avvio dell&#039;Anno dello Scambio Culturale Italia e Corea 2024-2025\" \/>\n<meta property=\"og:description\" content=\"Redazione e foto a cura di Alessandro Lisci - Target Lab Ets mob 3316379346 In occasione dell\u2019 \u201cAnno dello Scambio Culturale Italia e Corea 2024-2025\u201d il\" \/>\n<meta property=\"og:url\" content=\"https:\/\/www.romaoggi.eu\/index.php\/2024\/05\/05\/lo-spettacolo-il-sogno-del-principe-inaugura-lavvio-dellanno-dello-scambio-culturale-italia-e-corea-2024-2025\/\" \/>\n<meta property=\"og:site_name\" content=\"roma oggi\" \/>\n<meta property=\"article:publisher\" content=\"https:\/\/www.facebook.com\/RomaOggi-841544845954114\" \/>\n<meta property=\"article:published_time\" content=\"2024-05-05T13:38:17+00:00\" \/>\n<meta property=\"article:modified_time\" content=\"2024-05-05T13:44:35+00:00\" \/>\n<meta property=\"og:image\" content=\"https:\/\/www.romaoggi.eu\/wp-content\/uploads\/2024\/05\/DSC_7989Il-sogno-del-Principe-Balletto-del-National-Gugak-Center-Teatro-Argentina-4-maggio-2024-Photo-\u00a9-Alessandro-Lisci-Target-LAb-Ets-.jpg\" \/>\n\t<meta property=\"og:image:width\" content=\"1020\" \/>\n\t<meta property=\"og:image:height\" content=\"680\" \/>\n\t<meta property=\"og:image:type\" content=\"image\/jpeg\" \/>\n<meta name=\"author\" content=\"Target Lab Ets\" \/>\n<meta name=\"twitter:card\" content=\"summary_large_image\" \/>\n<meta name=\"twitter:creator\" content=\"@romaoggi_eu\" \/>\n<meta name=\"twitter:site\" content=\"@romaoggi_eu\" \/>\n<meta name=\"twitter:label1\" content=\"Scritto da\" \/>\n\t<meta name=\"twitter:data1\" content=\"Target Lab Ets\" \/>\n\t<meta name=\"twitter:label2\" content=\"Tempo di lettura stimato\" \/>\n\t<meta name=\"twitter:data2\" content=\"10 minuti\" \/>\n<script type=\"application\/ld+json\" class=\"yoast-schema-graph\">{\"@context\":\"https:\\\/\\\/schema.org\",\"@graph\":[{\"@type\":\"Article\",\"@id\":\"https:\\\/\\\/www.romaoggi.eu\\\/index.php\\\/2024\\\/05\\\/05\\\/lo-spettacolo-il-sogno-del-principe-inaugura-lavvio-dellanno-dello-scambio-culturale-italia-e-corea-2024-2025\\\/#article\",\"isPartOf\":{\"@id\":\"https:\\\/\\\/www.romaoggi.eu\\\/index.php\\\/2024\\\/05\\\/05\\\/lo-spettacolo-il-sogno-del-principe-inaugura-lavvio-dellanno-dello-scambio-culturale-italia-e-corea-2024-2025\\\/\"},\"author\":{\"name\":\"Target Lab Ets\",\"@id\":\"https:\\\/\\\/www.romaoggi.eu\\\/#\\\/schema\\\/person\\\/72b8cfc6de60caeb335267c8e21d90fb\"},\"headline\":\"Lo spettacolo &#8220;Il Sogno del Principe&#8221; inaugura l&#8217;avvio dell&#8217;Anno dello Scambio Culturale Italia e Corea 2024-2025\",\"datePublished\":\"2024-05-05T13:38:17+00:00\",\"dateModified\":\"2024-05-05T13:44:35+00:00\",\"mainEntityOfPage\":{\"@id\":\"https:\\\/\\\/www.romaoggi.eu\\\/index.php\\\/2024\\\/05\\\/05\\\/lo-spettacolo-il-sogno-del-principe-inaugura-lavvio-dellanno-dello-scambio-culturale-italia-e-corea-2024-2025\\\/\"},\"wordCount\":1058,\"publisher\":{\"@id\":\"https:\\\/\\\/www.romaoggi.eu\\\/#organization\"},\"image\":{\"@id\":\"https:\\\/\\\/www.romaoggi.eu\\\/index.php\\\/2024\\\/05\\\/05\\\/lo-spettacolo-il-sogno-del-principe-inaugura-lavvio-dellanno-dello-scambio-culturale-italia-e-corea-2024-2025\\\/#primaryimage\"},\"thumbnailUrl\":\"https:\\\/\\\/www.romaoggi.eu\\\/wp-content\\\/uploads\\\/2024\\\/05\\\/DSC_7989Il-sogno-del-Principe-Balletto-del-National-Gugak-Center-Teatro-Argentina-4-maggio-2024-Photo-\u00a9-Alessandro-Lisci-Target-LAb-Ets-.jpg\",\"keywords\":[\"alessandro lisci\",\"Eun Sun PArk\",\"Il sogno del Principe\",\"In Chon Yu\",\"KOCCA\",\"KOFICE\",\"laboratorio sperimentale di fotografia e comunicazione\",\"National Gugak Center\",\"Pangut\",\"RomaOggi.eu\",\"Sarangchum\",\"Sogochum\",\"Taepyeongmu\",\"target lab ets\"],\"articleSection\":[\"Eventi\"],\"inLanguage\":\"it-IT\"},{\"@type\":\"WebPage\",\"@id\":\"https:\\\/\\\/www.romaoggi.eu\\\/index.php\\\/2024\\\/05\\\/05\\\/lo-spettacolo-il-sogno-del-principe-inaugura-lavvio-dellanno-dello-scambio-culturale-italia-e-corea-2024-2025\\\/\",\"url\":\"https:\\\/\\\/www.romaoggi.eu\\\/index.php\\\/2024\\\/05\\\/05\\\/lo-spettacolo-il-sogno-del-principe-inaugura-lavvio-dellanno-dello-scambio-culturale-italia-e-corea-2024-2025\\\/\",\"name\":\"Lo spettacolo \\\"Il Sogno del Principe\\\" inaugura l'avvio dell'Anno dello Scambio Culturale Italia e Corea 2024-2025\",\"isPartOf\":{\"@id\":\"https:\\\/\\\/www.romaoggi.eu\\\/#website\"},\"primaryImageOfPage\":{\"@id\":\"https:\\\/\\\/www.romaoggi.eu\\\/index.php\\\/2024\\\/05\\\/05\\\/lo-spettacolo-il-sogno-del-principe-inaugura-lavvio-dellanno-dello-scambio-culturale-italia-e-corea-2024-2025\\\/#primaryimage\"},\"image\":{\"@id\":\"https:\\\/\\\/www.romaoggi.eu\\\/index.php\\\/2024\\\/05\\\/05\\\/lo-spettacolo-il-sogno-del-principe-inaugura-lavvio-dellanno-dello-scambio-culturale-italia-e-corea-2024-2025\\\/#primaryimage\"},\"thumbnailUrl\":\"https:\\\/\\\/www.romaoggi.eu\\\/wp-content\\\/uploads\\\/2024\\\/05\\\/DSC_7989Il-sogno-del-Principe-Balletto-del-National-Gugak-Center-Teatro-Argentina-4-maggio-2024-Photo-\u00a9-Alessandro-Lisci-Target-LAb-Ets-.jpg\",\"datePublished\":\"2024-05-05T13:38:17+00:00\",\"dateModified\":\"2024-05-05T13:44:35+00:00\",\"description\":\"Redazione e foto a cura di Alessandro Lisci - Target Lab Ets mob 3316379346 In occasione dell\u2019 \u201cAnno dello Scambio Culturale Italia e Corea 2024-2025\u201d il\",\"breadcrumb\":{\"@id\":\"https:\\\/\\\/www.romaoggi.eu\\\/index.php\\\/2024\\\/05\\\/05\\\/lo-spettacolo-il-sogno-del-principe-inaugura-lavvio-dellanno-dello-scambio-culturale-italia-e-corea-2024-2025\\\/#breadcrumb\"},\"inLanguage\":\"it-IT\",\"potentialAction\":[{\"@type\":\"ReadAction\",\"target\":[\"https:\\\/\\\/www.romaoggi.eu\\\/index.php\\\/2024\\\/05\\\/05\\\/lo-spettacolo-il-sogno-del-principe-inaugura-lavvio-dellanno-dello-scambio-culturale-italia-e-corea-2024-2025\\\/\"]}]},{\"@type\":\"ImageObject\",\"inLanguage\":\"it-IT\",\"@id\":\"https:\\\/\\\/www.romaoggi.eu\\\/index.php\\\/2024\\\/05\\\/05\\\/lo-spettacolo-il-sogno-del-principe-inaugura-lavvio-dellanno-dello-scambio-culturale-italia-e-corea-2024-2025\\\/#primaryimage\",\"url\":\"https:\\\/\\\/www.romaoggi.eu\\\/wp-content\\\/uploads\\\/2024\\\/05\\\/DSC_7989Il-sogno-del-Principe-Balletto-del-National-Gugak-Center-Teatro-Argentina-4-maggio-2024-Photo-\u00a9-Alessandro-Lisci-Target-LAb-Ets-.jpg\",\"contentUrl\":\"https:\\\/\\\/www.romaoggi.eu\\\/wp-content\\\/uploads\\\/2024\\\/05\\\/DSC_7989Il-sogno-del-Principe-Balletto-del-National-Gugak-Center-Teatro-Argentina-4-maggio-2024-Photo-\u00a9-Alessandro-Lisci-Target-LAb-Ets-.jpg\",\"width\":1020,\"height\":680,\"caption\":\"Il sogno del Principe - Balletto del National Gugak Center - Teatro Argentina 4 maggio 2024 Photo \u00a9 Alessandro Lisci - Target LAb Ets\"},{\"@type\":\"BreadcrumbList\",\"@id\":\"https:\\\/\\\/www.romaoggi.eu\\\/index.php\\\/2024\\\/05\\\/05\\\/lo-spettacolo-il-sogno-del-principe-inaugura-lavvio-dellanno-dello-scambio-culturale-italia-e-corea-2024-2025\\\/#breadcrumb\",\"itemListElement\":[{\"@type\":\"ListItem\",\"position\":1,\"name\":\"Home\",\"item\":\"https:\\\/\\\/www.romaoggi.eu\\\/\"},{\"@type\":\"ListItem\",\"position\":2,\"name\":\"Lo spettacolo &#8220;Il Sogno del Principe&#8221; inaugura l&#8217;avvio dell&#8217;Anno dello Scambio Culturale Italia e Corea 2024-2025\"}]},{\"@type\":\"WebSite\",\"@id\":\"https:\\\/\\\/www.romaoggi.eu\\\/#website\",\"url\":\"https:\\\/\\\/www.romaoggi.eu\\\/\",\"name\":\"roma oggi\",\"description\":\"Interesting News for Interesting people\",\"publisher\":{\"@id\":\"https:\\\/\\\/www.romaoggi.eu\\\/#organization\"},\"potentialAction\":[{\"@type\":\"SearchAction\",\"target\":{\"@type\":\"EntryPoint\",\"urlTemplate\":\"https:\\\/\\\/www.romaoggi.eu\\\/?s={search_term_string}\"},\"query-input\":{\"@type\":\"PropertyValueSpecification\",\"valueRequired\":true,\"valueName\":\"search_term_string\"}}],\"inLanguage\":\"it-IT\"},{\"@type\":\"Organization\",\"@id\":\"https:\\\/\\\/www.romaoggi.eu\\\/#organization\",\"name\":\"RomaOggi\",\"url\":\"https:\\\/\\\/www.romaoggi.eu\\\/\",\"logo\":{\"@type\":\"ImageObject\",\"inLanguage\":\"it-IT\",\"@id\":\"https:\\\/\\\/www.romaoggi.eu\\\/#\\\/schema\\\/logo\\\/image\\\/\",\"url\":\"https:\\\/\\\/www.romaoggi.eu\\\/wp-content\\\/uploads\\\/2017\\\/04\\\/logowp.jpg\",\"contentUrl\":\"https:\\\/\\\/www.romaoggi.eu\\\/wp-content\\\/uploads\\\/2017\\\/04\\\/logowp.jpg\",\"width\":300,\"height\":133,\"caption\":\"RomaOggi\"},\"image\":{\"@id\":\"https:\\\/\\\/www.romaoggi.eu\\\/#\\\/schema\\\/logo\\\/image\\\/\"},\"sameAs\":[\"https:\\\/\\\/www.facebook.com\\\/RomaOggi-841544845954114\",\"https:\\\/\\\/x.com\\\/romaoggi_eu\"]},{\"@type\":\"Person\",\"@id\":\"https:\\\/\\\/www.romaoggi.eu\\\/#\\\/schema\\\/person\\\/72b8cfc6de60caeb335267c8e21d90fb\",\"name\":\"Target Lab Ets\",\"image\":{\"@type\":\"ImageObject\",\"inLanguage\":\"it-IT\",\"@id\":\"https:\\\/\\\/secure.gravatar.com\\\/avatar\\\/ab64fd266889a629b0e9e6ab56209e379c2a89cfda303941ee9621d4090292d1?s=96&d=mm&r=g\",\"url\":\"https:\\\/\\\/secure.gravatar.com\\\/avatar\\\/ab64fd266889a629b0e9e6ab56209e379c2a89cfda303941ee9621d4090292d1?s=96&d=mm&r=g\",\"contentUrl\":\"https:\\\/\\\/secure.gravatar.com\\\/avatar\\\/ab64fd266889a629b0e9e6ab56209e379c2a89cfda303941ee9621d4090292d1?s=96&d=mm&r=g\",\"caption\":\"Target Lab Ets\"},\"sameAs\":[\"http:\\\/\\\/www.targetlab.org\"],\"url\":\"https:\\\/\\\/www.romaoggi.eu\\\/index.php\\\/author\\\/isfc\\\/\"}]}<\/script>\n<!-- \/ Yoast SEO plugin. -->","yoast_head_json":{"title":"Lo spettacolo \"Il Sogno del Principe\" inaugura l'avvio dell'Anno dello Scambio Culturale Italia e Corea 2024-2025","description":"Redazione e foto a cura di Alessandro Lisci - Target Lab Ets mob 3316379346 In occasione dell\u2019 \u201cAnno dello Scambio Culturale Italia e Corea 2024-2025\u201d il","robots":{"index":"index","follow":"follow","max-snippet":"max-snippet:-1","max-image-preview":"max-image-preview:large","max-video-preview":"max-video-preview:-1"},"canonical":"https:\/\/www.romaoggi.eu\/index.php\/2024\/05\/05\/lo-spettacolo-il-sogno-del-principe-inaugura-lavvio-dellanno-dello-scambio-culturale-italia-e-corea-2024-2025\/","og_locale":"it_IT","og_type":"article","og_title":"Lo spettacolo \"Il Sogno del Principe\" inaugura l'avvio dell'Anno dello Scambio Culturale Italia e Corea 2024-2025","og_description":"Redazione e foto a cura di Alessandro Lisci - Target Lab Ets mob 3316379346 In occasione dell\u2019 \u201cAnno dello Scambio Culturale Italia e Corea 2024-2025\u201d il","og_url":"https:\/\/www.romaoggi.eu\/index.php\/2024\/05\/05\/lo-spettacolo-il-sogno-del-principe-inaugura-lavvio-dellanno-dello-scambio-culturale-italia-e-corea-2024-2025\/","og_site_name":"roma oggi","article_publisher":"https:\/\/www.facebook.com\/RomaOggi-841544845954114","article_published_time":"2024-05-05T13:38:17+00:00","article_modified_time":"2024-05-05T13:44:35+00:00","og_image":[{"width":1020,"height":680,"url":"https:\/\/www.romaoggi.eu\/wp-content\/uploads\/2024\/05\/DSC_7989Il-sogno-del-Principe-Balletto-del-National-Gugak-Center-Teatro-Argentina-4-maggio-2024-Photo-\u00a9-Alessandro-Lisci-Target-LAb-Ets-.jpg","type":"image\/jpeg"}],"author":"Target Lab Ets","twitter_card":"summary_large_image","twitter_creator":"@romaoggi_eu","twitter_site":"@romaoggi_eu","twitter_misc":{"Scritto da":"Target Lab Ets","Tempo di lettura stimato":"10 minuti"},"schema":{"@context":"https:\/\/schema.org","@graph":[{"@type":"Article","@id":"https:\/\/www.romaoggi.eu\/index.php\/2024\/05\/05\/lo-spettacolo-il-sogno-del-principe-inaugura-lavvio-dellanno-dello-scambio-culturale-italia-e-corea-2024-2025\/#article","isPartOf":{"@id":"https:\/\/www.romaoggi.eu\/index.php\/2024\/05\/05\/lo-spettacolo-il-sogno-del-principe-inaugura-lavvio-dellanno-dello-scambio-culturale-italia-e-corea-2024-2025\/"},"author":{"name":"Target Lab Ets","@id":"https:\/\/www.romaoggi.eu\/#\/schema\/person\/72b8cfc6de60caeb335267c8e21d90fb"},"headline":"Lo spettacolo &#8220;Il Sogno del Principe&#8221; inaugura l&#8217;avvio dell&#8217;Anno dello Scambio Culturale Italia e Corea 2024-2025","datePublished":"2024-05-05T13:38:17+00:00","dateModified":"2024-05-05T13:44:35+00:00","mainEntityOfPage":{"@id":"https:\/\/www.romaoggi.eu\/index.php\/2024\/05\/05\/lo-spettacolo-il-sogno-del-principe-inaugura-lavvio-dellanno-dello-scambio-culturale-italia-e-corea-2024-2025\/"},"wordCount":1058,"publisher":{"@id":"https:\/\/www.romaoggi.eu\/#organization"},"image":{"@id":"https:\/\/www.romaoggi.eu\/index.php\/2024\/05\/05\/lo-spettacolo-il-sogno-del-principe-inaugura-lavvio-dellanno-dello-scambio-culturale-italia-e-corea-2024-2025\/#primaryimage"},"thumbnailUrl":"https:\/\/www.romaoggi.eu\/wp-content\/uploads\/2024\/05\/DSC_7989Il-sogno-del-Principe-Balletto-del-National-Gugak-Center-Teatro-Argentina-4-maggio-2024-Photo-\u00a9-Alessandro-Lisci-Target-LAb-Ets-.jpg","keywords":["alessandro lisci","Eun Sun PArk","Il sogno del Principe","In Chon Yu","KOCCA","KOFICE","laboratorio sperimentale di fotografia e comunicazione","National Gugak Center","Pangut","RomaOggi.eu","Sarangchum","Sogochum","Taepyeongmu","target lab ets"],"articleSection":["Eventi"],"inLanguage":"it-IT"},{"@type":"WebPage","@id":"https:\/\/www.romaoggi.eu\/index.php\/2024\/05\/05\/lo-spettacolo-il-sogno-del-principe-inaugura-lavvio-dellanno-dello-scambio-culturale-italia-e-corea-2024-2025\/","url":"https:\/\/www.romaoggi.eu\/index.php\/2024\/05\/05\/lo-spettacolo-il-sogno-del-principe-inaugura-lavvio-dellanno-dello-scambio-culturale-italia-e-corea-2024-2025\/","name":"Lo spettacolo \"Il Sogno del Principe\" inaugura l'avvio dell'Anno dello Scambio Culturale Italia e Corea 2024-2025","isPartOf":{"@id":"https:\/\/www.romaoggi.eu\/#website"},"primaryImageOfPage":{"@id":"https:\/\/www.romaoggi.eu\/index.php\/2024\/05\/05\/lo-spettacolo-il-sogno-del-principe-inaugura-lavvio-dellanno-dello-scambio-culturale-italia-e-corea-2024-2025\/#primaryimage"},"image":{"@id":"https:\/\/www.romaoggi.eu\/index.php\/2024\/05\/05\/lo-spettacolo-il-sogno-del-principe-inaugura-lavvio-dellanno-dello-scambio-culturale-italia-e-corea-2024-2025\/#primaryimage"},"thumbnailUrl":"https:\/\/www.romaoggi.eu\/wp-content\/uploads\/2024\/05\/DSC_7989Il-sogno-del-Principe-Balletto-del-National-Gugak-Center-Teatro-Argentina-4-maggio-2024-Photo-\u00a9-Alessandro-Lisci-Target-LAb-Ets-.jpg","datePublished":"2024-05-05T13:38:17+00:00","dateModified":"2024-05-05T13:44:35+00:00","description":"Redazione e foto a cura di Alessandro Lisci - Target Lab Ets mob 3316379346 In occasione dell\u2019 \u201cAnno dello Scambio Culturale Italia e Corea 2024-2025\u201d il","breadcrumb":{"@id":"https:\/\/www.romaoggi.eu\/index.php\/2024\/05\/05\/lo-spettacolo-il-sogno-del-principe-inaugura-lavvio-dellanno-dello-scambio-culturale-italia-e-corea-2024-2025\/#breadcrumb"},"inLanguage":"it-IT","potentialAction":[{"@type":"ReadAction","target":["https:\/\/www.romaoggi.eu\/index.php\/2024\/05\/05\/lo-spettacolo-il-sogno-del-principe-inaugura-lavvio-dellanno-dello-scambio-culturale-italia-e-corea-2024-2025\/"]}]},{"@type":"ImageObject","inLanguage":"it-IT","@id":"https:\/\/www.romaoggi.eu\/index.php\/2024\/05\/05\/lo-spettacolo-il-sogno-del-principe-inaugura-lavvio-dellanno-dello-scambio-culturale-italia-e-corea-2024-2025\/#primaryimage","url":"https:\/\/www.romaoggi.eu\/wp-content\/uploads\/2024\/05\/DSC_7989Il-sogno-del-Principe-Balletto-del-National-Gugak-Center-Teatro-Argentina-4-maggio-2024-Photo-\u00a9-Alessandro-Lisci-Target-LAb-Ets-.jpg","contentUrl":"https:\/\/www.romaoggi.eu\/wp-content\/uploads\/2024\/05\/DSC_7989Il-sogno-del-Principe-Balletto-del-National-Gugak-Center-Teatro-Argentina-4-maggio-2024-Photo-\u00a9-Alessandro-Lisci-Target-LAb-Ets-.jpg","width":1020,"height":680,"caption":"Il sogno del Principe - Balletto del National Gugak Center - Teatro Argentina 4 maggio 2024 Photo \u00a9 Alessandro Lisci - Target LAb Ets"},{"@type":"BreadcrumbList","@id":"https:\/\/www.romaoggi.eu\/index.php\/2024\/05\/05\/lo-spettacolo-il-sogno-del-principe-inaugura-lavvio-dellanno-dello-scambio-culturale-italia-e-corea-2024-2025\/#breadcrumb","itemListElement":[{"@type":"ListItem","position":1,"name":"Home","item":"https:\/\/www.romaoggi.eu\/"},{"@type":"ListItem","position":2,"name":"Lo spettacolo &#8220;Il Sogno del Principe&#8221; inaugura l&#8217;avvio dell&#8217;Anno dello Scambio Culturale Italia e Corea 2024-2025"}]},{"@type":"WebSite","@id":"https:\/\/www.romaoggi.eu\/#website","url":"https:\/\/www.romaoggi.eu\/","name":"roma oggi","description":"Interesting News for Interesting people","publisher":{"@id":"https:\/\/www.romaoggi.eu\/#organization"},"potentialAction":[{"@type":"SearchAction","target":{"@type":"EntryPoint","urlTemplate":"https:\/\/www.romaoggi.eu\/?s={search_term_string}"},"query-input":{"@type":"PropertyValueSpecification","valueRequired":true,"valueName":"search_term_string"}}],"inLanguage":"it-IT"},{"@type":"Organization","@id":"https:\/\/www.romaoggi.eu\/#organization","name":"RomaOggi","url":"https:\/\/www.romaoggi.eu\/","logo":{"@type":"ImageObject","inLanguage":"it-IT","@id":"https:\/\/www.romaoggi.eu\/#\/schema\/logo\/image\/","url":"https:\/\/www.romaoggi.eu\/wp-content\/uploads\/2017\/04\/logowp.jpg","contentUrl":"https:\/\/www.romaoggi.eu\/wp-content\/uploads\/2017\/04\/logowp.jpg","width":300,"height":133,"caption":"RomaOggi"},"image":{"@id":"https:\/\/www.romaoggi.eu\/#\/schema\/logo\/image\/"},"sameAs":["https:\/\/www.facebook.com\/RomaOggi-841544845954114","https:\/\/x.com\/romaoggi_eu"]},{"@type":"Person","@id":"https:\/\/www.romaoggi.eu\/#\/schema\/person\/72b8cfc6de60caeb335267c8e21d90fb","name":"Target Lab Ets","image":{"@type":"ImageObject","inLanguage":"it-IT","@id":"https:\/\/secure.gravatar.com\/avatar\/ab64fd266889a629b0e9e6ab56209e379c2a89cfda303941ee9621d4090292d1?s=96&d=mm&r=g","url":"https:\/\/secure.gravatar.com\/avatar\/ab64fd266889a629b0e9e6ab56209e379c2a89cfda303941ee9621d4090292d1?s=96&d=mm&r=g","contentUrl":"https:\/\/secure.gravatar.com\/avatar\/ab64fd266889a629b0e9e6ab56209e379c2a89cfda303941ee9621d4090292d1?s=96&d=mm&r=g","caption":"Target Lab Ets"},"sameAs":["http:\/\/www.targetlab.org"],"url":"https:\/\/www.romaoggi.eu\/index.php\/author\/isfc\/"}]}},"_links":{"self":[{"href":"https:\/\/www.romaoggi.eu\/index.php\/wp-json\/wp\/v2\/posts\/37164","targetHints":{"allow":["GET"]}}],"collection":[{"href":"https:\/\/www.romaoggi.eu\/index.php\/wp-json\/wp\/v2\/posts"}],"about":[{"href":"https:\/\/www.romaoggi.eu\/index.php\/wp-json\/wp\/v2\/types\/post"}],"author":[{"embeddable":true,"href":"https:\/\/www.romaoggi.eu\/index.php\/wp-json\/wp\/v2\/users\/17"}],"replies":[{"embeddable":true,"href":"https:\/\/www.romaoggi.eu\/index.php\/wp-json\/wp\/v2\/comments?post=37164"}],"version-history":[{"count":3,"href":"https:\/\/www.romaoggi.eu\/index.php\/wp-json\/wp\/v2\/posts\/37164\/revisions"}],"predecessor-version":[{"id":37189,"href":"https:\/\/www.romaoggi.eu\/index.php\/wp-json\/wp\/v2\/posts\/37164\/revisions\/37189"}],"wp:featuredmedia":[{"embeddable":true,"href":"https:\/\/www.romaoggi.eu\/index.php\/wp-json\/wp\/v2\/media\/37176"}],"wp:attachment":[{"href":"https:\/\/www.romaoggi.eu\/index.php\/wp-json\/wp\/v2\/media?parent=37164"}],"wp:term":[{"taxonomy":"category","embeddable":true,"href":"https:\/\/www.romaoggi.eu\/index.php\/wp-json\/wp\/v2\/categories?post=37164"},{"taxonomy":"post_tag","embeddable":true,"href":"https:\/\/www.romaoggi.eu\/index.php\/wp-json\/wp\/v2\/tags?post=37164"}],"curies":[{"name":"wp","href":"https:\/\/api.w.org\/{rel}","templated":true}]}}