{"id":37483,"date":"2024-07-05T11:51:35","date_gmt":"2024-07-05T09:51:35","guid":{"rendered":"https:\/\/www.romaoggi.eu\/?p=37483"},"modified":"2024-07-05T11:51:35","modified_gmt":"2024-07-05T09:51:35","slug":"federica-pento-brilla-alla-finalissima-di-miss-adriatico","status":"publish","type":"post","link":"https:\/\/www.romaoggi.eu\/index.php\/2024\/07\/05\/federica-pento-brilla-alla-finalissima-di-miss-adriatico\/","title":{"rendered":"Federica Pento brilla alla finalissima di &#8220;Miss Adriatico&#8221;"},"content":{"rendered":"<div style=\"text-align: justify;\"><b>Federica Pento brilla alla finalissima di &#8220;Miss Adriatico&#8221;<\/b><\/div>\n<div>\n<div class=\"gmail_quote\">\n<div>\n<div class=\"gmail_quote\">\n<div>\n<div class=\"gmail_quote\">\n<div>\n<div dir=\"auto\" style=\"text-align: justify;\">\n<div><\/div>\n<p>Grande protagonista della finalissima di &#8220;Miss Adriatico&#8221;, la cantautrice <strong>Federica Pento<\/strong> ha incantato il pubblico di Montesilvano il 3 luglio al <a href=\"https:\/\/www.teatro.it\/teatri\/teatro-del-mare-montesilvano-cartellone\"><strong>Teatro del Mare<\/strong><\/a> con una performance memorabile. La cantautrice abruzzese ha eseguito il suo successo &#8220;Calamite&#8221;, ormai una delle hit pi\u00f9 apprezzate del 2024, e ha offerto una toccante interpretazione della cover &#8220;Io vivr\u00f2 (senza te)&#8221; di Lucio Battisti.<\/p>\n<\/div>\n<div style=\"text-align: justify;\">L&#8217;evento, patrocinato dal comune di Montesilvano, \u00e8 stato una celebrazione di bellezza, talento e spettacolo, e la presenza di Federica Pento ha aggiunto un tocco speciale alla serata. La sua esibizione di &#8220;Calamite&#8221; ha infiammato il palco, confermando il suo status di astro nascente della musica italiana. Ma \u00e8 stata la sua interpretazione del classico di Battisti a toccare profondamente il pubblico.<\/div>\n<div>\n<figure id=\"attachment_37487\" aria-describedby=\"caption-attachment-37487\" style=\"width: 759px\" class=\"wp-caption aligncenter\"><img loading=\"lazy\" decoding=\"async\" class=\"wp-image-37487 size-large\" src=\"https:\/\/www.romaoggi.eu\/wp-content\/uploads\/2024\/07\/0a1cc263-12ce-4a08-932f-345c1cb2d996-1-759x1024.jpeg\" alt=\"alt tag federica pento\" width=\"759\" height=\"1024\" srcset=\"https:\/\/www.romaoggi.eu\/wp-content\/uploads\/2024\/07\/0a1cc263-12ce-4a08-932f-345c1cb2d996-1-759x1024.jpeg 759w, https:\/\/www.romaoggi.eu\/wp-content\/uploads\/2024\/07\/0a1cc263-12ce-4a08-932f-345c1cb2d996-1-222x300.jpeg 222w, https:\/\/www.romaoggi.eu\/wp-content\/uploads\/2024\/07\/0a1cc263-12ce-4a08-932f-345c1cb2d996-1-1138x1536.jpeg 1138w, https:\/\/www.romaoggi.eu\/wp-content\/uploads\/2024\/07\/0a1cc263-12ce-4a08-932f-345c1cb2d996-1.jpeg 1147w\" sizes=\"auto, (max-width: 759px) 100vw, 759px\" \/><figcaption id=\"caption-attachment-37487\" class=\"wp-caption-text\">Federica Pento<\/figcaption><\/figure>\n<\/div>\n<div style=\"text-align: justify;\">Federica ha spiegato:\u00a0<em>\u201cIo vivr\u00f2 (senza te) \u00e8 un mio cavallo di battaglia. Ho cantato questo brano perch\u00e9 inizia con una frase che ho voluto sottolineare: \u2018che non si muore per amore, \u00e8 una gran bella verit\u00e0\u2019. E a Miss Adriatico questo pezzo l\u2019ho dedicato a tutte le ragazze, spiegando che nel mondo attuale purtroppo invece \u00e8 il contrario&#8230; molte donne muoiono per quello che credevano fosse amore.<\/em><i>\u201d<\/i>\u00a0Le sue parole hanno sottolineato un messaggio potente e necessario, che ha risuonato profondamente tra i presenti.<\/div>\n<div><\/div>\n<div style=\"text-align: justify;\"><strong>Federica Pento<\/strong> non \u00e8 nuova a prestazioni che lasciano il segno. Conosciuta per la sua voce magnetica e per le sue canzoni che trasmettono autenticit\u00e0 e passione, ha gi\u00e0 catturato l&#8217;attenzione del pubblico con &#8220;Calamite&#8221;. La sua musica, capace di toccare corde profonde dell&#8217;anima, ha raccolto elogi da critici e fan per la sua profondit\u00e0 emotiva e la sua potente esecuzione.\u00a0 La partecipazione di Federica Pento alla finalissima di &#8220;<em>Miss Adriatico<\/em>&#8221; \u00e8 stata un momento culminante di una carriera in rapida ascesa. La sua capacit\u00e0 di combinare la potenza della musica con messaggi significativi le permette di emergere come una delle voci pi\u00f9 promettenti e influenti della musica contemporanea italiana. Il pubblico di Montesilvano, emozionato e grato, non dimenticher\u00e0 facilmente la serata in cui Federica ha cantato non solo con la voce, ma anche con il cuore.<\/div>\n<\/div>\n<\/div>\n<\/div>\n<\/div>\n<\/div>\n<\/div>\n<\/div>\n","protected":false},"excerpt":{"rendered":"<div class=\"mh-excerpt\"><p>Federica Pento brilla alla finalissima di &#8220;Miss Adriatico&#8221; Grande protagonista della finalissima di &#8220;Miss Adriatico&#8221;, la cantautrice Federica Pento ha incantato il pubblico di Montesilvano il 3 luglio al Teatro del Mare con una performance <a class=\"mh-excerpt-more\" href=\"https:\/\/www.romaoggi.eu\/index.php\/2024\/07\/05\/federica-pento-brilla-alla-finalissima-di-miss-adriatico\/\" title=\"Federica Pento brilla alla finalissima di &#8220;Miss Adriatico&#8221;\">[&#8230;]<\/a><\/p>\n<\/div>","protected":false},"author":1,"featured_media":37486,"comment_status":"closed","ping_status":"open","sticky":false,"template":"","format":"standard","meta":{"_sitemap_exclude":false,"_sitemap_priority":"","_sitemap_frequency":"","footnotes":""},"categories":[5273],"tags":[17433,1100,6233,17432],"class_list":["post-37483","post","type-post","status-publish","format-standard","has-post-thumbnail","hentry","category-oltre-roma","tag-calamite","tag-cantante","tag-federica-pento","tag-miss-adriatico"],"yoast_head":"<!-- This site is optimized with the Yoast SEO plugin v27.5 - https:\/\/yoast.com\/product\/yoast-seo-wordpress\/ -->\n<title>Federica Pento brilla alla finalissima di &quot;Miss Adriatico&quot;<\/title>\n<meta name=\"description\" content=\"Federica Pento brilla alla finalissima di &quot;Miss Adriatico&quot; Grande protagonista della finalissima di &quot;Miss Adriatico&quot;, la cantautrice Federica Pento ha\" \/>\n<meta name=\"robots\" content=\"index, follow, max-snippet:-1, max-image-preview:large, max-video-preview:-1\" \/>\n<link rel=\"canonical\" href=\"https:\/\/www.romaoggi.eu\/index.php\/2024\/07\/05\/federica-pento-brilla-alla-finalissima-di-miss-adriatico\/\" \/>\n<meta property=\"og:locale\" content=\"it_IT\" \/>\n<meta property=\"og:type\" content=\"article\" \/>\n<meta property=\"og:title\" content=\"Federica Pento brilla alla finalissima di &quot;Miss Adriatico&quot;\" \/>\n<meta property=\"og:description\" content=\"Federica Pento brilla alla finalissima di &quot;Miss Adriatico&quot; Grande protagonista della finalissima di &quot;Miss Adriatico&quot;, la cantautrice Federica Pento ha\" \/>\n<meta property=\"og:url\" content=\"https:\/\/www.romaoggi.eu\/index.php\/2024\/07\/05\/federica-pento-brilla-alla-finalissima-di-miss-adriatico\/\" \/>\n<meta property=\"og:site_name\" content=\"roma oggi\" \/>\n<meta property=\"article:publisher\" content=\"https:\/\/www.facebook.com\/RomaOggi-841544845954114\" \/>\n<meta property=\"article:published_time\" content=\"2024-07-05T09:51:35+00:00\" \/>\n<meta property=\"og:image\" content=\"https:\/\/www.romaoggi.eu\/wp-content\/uploads\/2024\/07\/COPERTINA-1.jpg\" \/>\n\t<meta property=\"og:image:width\" content=\"1111\" \/>\n\t<meta property=\"og:image:height\" content=\"949\" \/>\n\t<meta property=\"og:image:type\" content=\"image\/jpeg\" \/>\n<meta name=\"author\" content=\"admin\" \/>\n<meta name=\"twitter:card\" content=\"summary_large_image\" \/>\n<meta name=\"twitter:creator\" content=\"@romaoggi_eu\" \/>\n<meta name=\"twitter:site\" content=\"@romaoggi_eu\" \/>\n<meta name=\"twitter:label1\" content=\"Scritto da\" \/>\n\t<meta name=\"twitter:data1\" content=\"admin\" \/>\n\t<meta name=\"twitter:label2\" content=\"Tempo di lettura stimato\" \/>\n\t<meta name=\"twitter:data2\" content=\"3 minuti\" \/>\n<script type=\"application\/ld+json\" class=\"yoast-schema-graph\">{\"@context\":\"https:\\\/\\\/schema.org\",\"@graph\":[{\"@type\":\"Article\",\"@id\":\"https:\\\/\\\/www.romaoggi.eu\\\/index.php\\\/2024\\\/07\\\/05\\\/federica-pento-brilla-alla-finalissima-di-miss-adriatico\\\/#article\",\"isPartOf\":{\"@id\":\"https:\\\/\\\/www.romaoggi.eu\\\/index.php\\\/2024\\\/07\\\/05\\\/federica-pento-brilla-alla-finalissima-di-miss-adriatico\\\/\"},\"author\":{\"name\":\"admin\",\"@id\":\"https:\\\/\\\/www.romaoggi.eu\\\/#\\\/schema\\\/person\\\/9b23ceb6a2992a25e98c76a5f1fbb887\"},\"headline\":\"Federica Pento brilla alla finalissima di &#8220;Miss Adriatico&#8221;\",\"datePublished\":\"2024-07-05T09:51:35+00:00\",\"mainEntityOfPage\":{\"@id\":\"https:\\\/\\\/www.romaoggi.eu\\\/index.php\\\/2024\\\/07\\\/05\\\/federica-pento-brilla-alla-finalissima-di-miss-adriatico\\\/\"},\"wordCount\":364,\"publisher\":{\"@id\":\"https:\\\/\\\/www.romaoggi.eu\\\/#organization\"},\"image\":{\"@id\":\"https:\\\/\\\/www.romaoggi.eu\\\/index.php\\\/2024\\\/07\\\/05\\\/federica-pento-brilla-alla-finalissima-di-miss-adriatico\\\/#primaryimage\"},\"thumbnailUrl\":\"https:\\\/\\\/www.romaoggi.eu\\\/wp-content\\\/uploads\\\/2024\\\/07\\\/COPERTINA-1.jpg\",\"keywords\":[\"calamite\",\"cantante\",\"federica pento\",\"miss adriatico\"],\"articleSection\":[\"oltre Roma\"],\"inLanguage\":\"it-IT\"},{\"@type\":\"WebPage\",\"@id\":\"https:\\\/\\\/www.romaoggi.eu\\\/index.php\\\/2024\\\/07\\\/05\\\/federica-pento-brilla-alla-finalissima-di-miss-adriatico\\\/\",\"url\":\"https:\\\/\\\/www.romaoggi.eu\\\/index.php\\\/2024\\\/07\\\/05\\\/federica-pento-brilla-alla-finalissima-di-miss-adriatico\\\/\",\"name\":\"Federica Pento brilla alla finalissima di \\\"Miss Adriatico\\\"\",\"isPartOf\":{\"@id\":\"https:\\\/\\\/www.romaoggi.eu\\\/#website\"},\"primaryImageOfPage\":{\"@id\":\"https:\\\/\\\/www.romaoggi.eu\\\/index.php\\\/2024\\\/07\\\/05\\\/federica-pento-brilla-alla-finalissima-di-miss-adriatico\\\/#primaryimage\"},\"image\":{\"@id\":\"https:\\\/\\\/www.romaoggi.eu\\\/index.php\\\/2024\\\/07\\\/05\\\/federica-pento-brilla-alla-finalissima-di-miss-adriatico\\\/#primaryimage\"},\"thumbnailUrl\":\"https:\\\/\\\/www.romaoggi.eu\\\/wp-content\\\/uploads\\\/2024\\\/07\\\/COPERTINA-1.jpg\",\"datePublished\":\"2024-07-05T09:51:35+00:00\",\"description\":\"Federica Pento brilla alla finalissima di \\\"Miss Adriatico\\\" Grande protagonista della finalissima di \\\"Miss Adriatico\\\", la cantautrice Federica Pento ha\",\"breadcrumb\":{\"@id\":\"https:\\\/\\\/www.romaoggi.eu\\\/index.php\\\/2024\\\/07\\\/05\\\/federica-pento-brilla-alla-finalissima-di-miss-adriatico\\\/#breadcrumb\"},\"inLanguage\":\"it-IT\",\"potentialAction\":[{\"@type\":\"ReadAction\",\"target\":[\"https:\\\/\\\/www.romaoggi.eu\\\/index.php\\\/2024\\\/07\\\/05\\\/federica-pento-brilla-alla-finalissima-di-miss-adriatico\\\/\"]}]},{\"@type\":\"ImageObject\",\"inLanguage\":\"it-IT\",\"@id\":\"https:\\\/\\\/www.romaoggi.eu\\\/index.php\\\/2024\\\/07\\\/05\\\/federica-pento-brilla-alla-finalissima-di-miss-adriatico\\\/#primaryimage\",\"url\":\"https:\\\/\\\/www.romaoggi.eu\\\/wp-content\\\/uploads\\\/2024\\\/07\\\/COPERTINA-1.jpg\",\"contentUrl\":\"https:\\\/\\\/www.romaoggi.eu\\\/wp-content\\\/uploads\\\/2024\\\/07\\\/COPERTINA-1.jpg\",\"width\":1111,\"height\":949,\"caption\":\"Federica Pento\"},{\"@type\":\"BreadcrumbList\",\"@id\":\"https:\\\/\\\/www.romaoggi.eu\\\/index.php\\\/2024\\\/07\\\/05\\\/federica-pento-brilla-alla-finalissima-di-miss-adriatico\\\/#breadcrumb\",\"itemListElement\":[{\"@type\":\"ListItem\",\"position\":1,\"name\":\"Home\",\"item\":\"https:\\\/\\\/www.romaoggi.eu\\\/\"},{\"@type\":\"ListItem\",\"position\":2,\"name\":\"Federica Pento brilla alla finalissima di &#8220;Miss Adriatico&#8221;\"}]},{\"@type\":\"WebSite\",\"@id\":\"https:\\\/\\\/www.romaoggi.eu\\\/#website\",\"url\":\"https:\\\/\\\/www.romaoggi.eu\\\/\",\"name\":\"roma oggi\",\"description\":\"Interesting News for Interesting people\",\"publisher\":{\"@id\":\"https:\\\/\\\/www.romaoggi.eu\\\/#organization\"},\"potentialAction\":[{\"@type\":\"SearchAction\",\"target\":{\"@type\":\"EntryPoint\",\"urlTemplate\":\"https:\\\/\\\/www.romaoggi.eu\\\/?s={search_term_string}\"},\"query-input\":{\"@type\":\"PropertyValueSpecification\",\"valueRequired\":true,\"valueName\":\"search_term_string\"}}],\"inLanguage\":\"it-IT\"},{\"@type\":\"Organization\",\"@id\":\"https:\\\/\\\/www.romaoggi.eu\\\/#organization\",\"name\":\"RomaOggi\",\"url\":\"https:\\\/\\\/www.romaoggi.eu\\\/\",\"logo\":{\"@type\":\"ImageObject\",\"inLanguage\":\"it-IT\",\"@id\":\"https:\\\/\\\/www.romaoggi.eu\\\/#\\\/schema\\\/logo\\\/image\\\/\",\"url\":\"https:\\\/\\\/www.romaoggi.eu\\\/wp-content\\\/uploads\\\/2017\\\/04\\\/logowp.jpg\",\"contentUrl\":\"https:\\\/\\\/www.romaoggi.eu\\\/wp-content\\\/uploads\\\/2017\\\/04\\\/logowp.jpg\",\"width\":300,\"height\":133,\"caption\":\"RomaOggi\"},\"image\":{\"@id\":\"https:\\\/\\\/www.romaoggi.eu\\\/#\\\/schema\\\/logo\\\/image\\\/\"},\"sameAs\":[\"https:\\\/\\\/www.facebook.com\\\/RomaOggi-841544845954114\",\"https:\\\/\\\/x.com\\\/romaoggi_eu\"]},{\"@type\":\"Person\",\"@id\":\"https:\\\/\\\/www.romaoggi.eu\\\/#\\\/schema\\\/person\\\/9b23ceb6a2992a25e98c76a5f1fbb887\",\"name\":\"admin\",\"image\":{\"@type\":\"ImageObject\",\"inLanguage\":\"it-IT\",\"@id\":\"https:\\\/\\\/secure.gravatar.com\\\/avatar\\\/51b1e0a1f4159e3b5d89435fce5e1a348d6c59e2ff8c2d428dae75560aace504?s=96&d=mm&r=g\",\"url\":\"https:\\\/\\\/secure.gravatar.com\\\/avatar\\\/51b1e0a1f4159e3b5d89435fce5e1a348d6c59e2ff8c2d428dae75560aace504?s=96&d=mm&r=g\",\"contentUrl\":\"https:\\\/\\\/secure.gravatar.com\\\/avatar\\\/51b1e0a1f4159e3b5d89435fce5e1a348d6c59e2ff8c2d428dae75560aace504?s=96&d=mm&r=g\",\"caption\":\"admin\"},\"url\":\"https:\\\/\\\/www.romaoggi.eu\\\/index.php\\\/author\\\/admin\\\/\"}]}<\/script>\n<!-- \/ Yoast SEO plugin. -->","yoast_head_json":{"title":"Federica Pento brilla alla finalissima di \"Miss Adriatico\"","description":"Federica Pento brilla alla finalissima di \"Miss Adriatico\" Grande protagonista della finalissima di \"Miss Adriatico\", la cantautrice Federica Pento ha","robots":{"index":"index","follow":"follow","max-snippet":"max-snippet:-1","max-image-preview":"max-image-preview:large","max-video-preview":"max-video-preview:-1"},"canonical":"https:\/\/www.romaoggi.eu\/index.php\/2024\/07\/05\/federica-pento-brilla-alla-finalissima-di-miss-adriatico\/","og_locale":"it_IT","og_type":"article","og_title":"Federica Pento brilla alla finalissima di \"Miss Adriatico\"","og_description":"Federica Pento brilla alla finalissima di \"Miss Adriatico\" Grande protagonista della finalissima di \"Miss Adriatico\", la cantautrice Federica Pento ha","og_url":"https:\/\/www.romaoggi.eu\/index.php\/2024\/07\/05\/federica-pento-brilla-alla-finalissima-di-miss-adriatico\/","og_site_name":"roma oggi","article_publisher":"https:\/\/www.facebook.com\/RomaOggi-841544845954114","article_published_time":"2024-07-05T09:51:35+00:00","og_image":[{"width":1111,"height":949,"url":"https:\/\/www.romaoggi.eu\/wp-content\/uploads\/2024\/07\/COPERTINA-1.jpg","type":"image\/jpeg"}],"author":"admin","twitter_card":"summary_large_image","twitter_creator":"@romaoggi_eu","twitter_site":"@romaoggi_eu","twitter_misc":{"Scritto da":"admin","Tempo di lettura stimato":"3 minuti"},"schema":{"@context":"https:\/\/schema.org","@graph":[{"@type":"Article","@id":"https:\/\/www.romaoggi.eu\/index.php\/2024\/07\/05\/federica-pento-brilla-alla-finalissima-di-miss-adriatico\/#article","isPartOf":{"@id":"https:\/\/www.romaoggi.eu\/index.php\/2024\/07\/05\/federica-pento-brilla-alla-finalissima-di-miss-adriatico\/"},"author":{"name":"admin","@id":"https:\/\/www.romaoggi.eu\/#\/schema\/person\/9b23ceb6a2992a25e98c76a5f1fbb887"},"headline":"Federica Pento brilla alla finalissima di &#8220;Miss Adriatico&#8221;","datePublished":"2024-07-05T09:51:35+00:00","mainEntityOfPage":{"@id":"https:\/\/www.romaoggi.eu\/index.php\/2024\/07\/05\/federica-pento-brilla-alla-finalissima-di-miss-adriatico\/"},"wordCount":364,"publisher":{"@id":"https:\/\/www.romaoggi.eu\/#organization"},"image":{"@id":"https:\/\/www.romaoggi.eu\/index.php\/2024\/07\/05\/federica-pento-brilla-alla-finalissima-di-miss-adriatico\/#primaryimage"},"thumbnailUrl":"https:\/\/www.romaoggi.eu\/wp-content\/uploads\/2024\/07\/COPERTINA-1.jpg","keywords":["calamite","cantante","federica pento","miss adriatico"],"articleSection":["oltre Roma"],"inLanguage":"it-IT"},{"@type":"WebPage","@id":"https:\/\/www.romaoggi.eu\/index.php\/2024\/07\/05\/federica-pento-brilla-alla-finalissima-di-miss-adriatico\/","url":"https:\/\/www.romaoggi.eu\/index.php\/2024\/07\/05\/federica-pento-brilla-alla-finalissima-di-miss-adriatico\/","name":"Federica Pento brilla alla finalissima di \"Miss Adriatico\"","isPartOf":{"@id":"https:\/\/www.romaoggi.eu\/#website"},"primaryImageOfPage":{"@id":"https:\/\/www.romaoggi.eu\/index.php\/2024\/07\/05\/federica-pento-brilla-alla-finalissima-di-miss-adriatico\/#primaryimage"},"image":{"@id":"https:\/\/www.romaoggi.eu\/index.php\/2024\/07\/05\/federica-pento-brilla-alla-finalissima-di-miss-adriatico\/#primaryimage"},"thumbnailUrl":"https:\/\/www.romaoggi.eu\/wp-content\/uploads\/2024\/07\/COPERTINA-1.jpg","datePublished":"2024-07-05T09:51:35+00:00","description":"Federica Pento brilla alla finalissima di \"Miss Adriatico\" Grande protagonista della finalissima di \"Miss Adriatico\", la cantautrice Federica Pento ha","breadcrumb":{"@id":"https:\/\/www.romaoggi.eu\/index.php\/2024\/07\/05\/federica-pento-brilla-alla-finalissima-di-miss-adriatico\/#breadcrumb"},"inLanguage":"it-IT","potentialAction":[{"@type":"ReadAction","target":["https:\/\/www.romaoggi.eu\/index.php\/2024\/07\/05\/federica-pento-brilla-alla-finalissima-di-miss-adriatico\/"]}]},{"@type":"ImageObject","inLanguage":"it-IT","@id":"https:\/\/www.romaoggi.eu\/index.php\/2024\/07\/05\/federica-pento-brilla-alla-finalissima-di-miss-adriatico\/#primaryimage","url":"https:\/\/www.romaoggi.eu\/wp-content\/uploads\/2024\/07\/COPERTINA-1.jpg","contentUrl":"https:\/\/www.romaoggi.eu\/wp-content\/uploads\/2024\/07\/COPERTINA-1.jpg","width":1111,"height":949,"caption":"Federica Pento"},{"@type":"BreadcrumbList","@id":"https:\/\/www.romaoggi.eu\/index.php\/2024\/07\/05\/federica-pento-brilla-alla-finalissima-di-miss-adriatico\/#breadcrumb","itemListElement":[{"@type":"ListItem","position":1,"name":"Home","item":"https:\/\/www.romaoggi.eu\/"},{"@type":"ListItem","position":2,"name":"Federica Pento brilla alla finalissima di &#8220;Miss Adriatico&#8221;"}]},{"@type":"WebSite","@id":"https:\/\/www.romaoggi.eu\/#website","url":"https:\/\/www.romaoggi.eu\/","name":"roma oggi","description":"Interesting News for Interesting people","publisher":{"@id":"https:\/\/www.romaoggi.eu\/#organization"},"potentialAction":[{"@type":"SearchAction","target":{"@type":"EntryPoint","urlTemplate":"https:\/\/www.romaoggi.eu\/?s={search_term_string}"},"query-input":{"@type":"PropertyValueSpecification","valueRequired":true,"valueName":"search_term_string"}}],"inLanguage":"it-IT"},{"@type":"Organization","@id":"https:\/\/www.romaoggi.eu\/#organization","name":"RomaOggi","url":"https:\/\/www.romaoggi.eu\/","logo":{"@type":"ImageObject","inLanguage":"it-IT","@id":"https:\/\/www.romaoggi.eu\/#\/schema\/logo\/image\/","url":"https:\/\/www.romaoggi.eu\/wp-content\/uploads\/2017\/04\/logowp.jpg","contentUrl":"https:\/\/www.romaoggi.eu\/wp-content\/uploads\/2017\/04\/logowp.jpg","width":300,"height":133,"caption":"RomaOggi"},"image":{"@id":"https:\/\/www.romaoggi.eu\/#\/schema\/logo\/image\/"},"sameAs":["https:\/\/www.facebook.com\/RomaOggi-841544845954114","https:\/\/x.com\/romaoggi_eu"]},{"@type":"Person","@id":"https:\/\/www.romaoggi.eu\/#\/schema\/person\/9b23ceb6a2992a25e98c76a5f1fbb887","name":"admin","image":{"@type":"ImageObject","inLanguage":"it-IT","@id":"https:\/\/secure.gravatar.com\/avatar\/51b1e0a1f4159e3b5d89435fce5e1a348d6c59e2ff8c2d428dae75560aace504?s=96&d=mm&r=g","url":"https:\/\/secure.gravatar.com\/avatar\/51b1e0a1f4159e3b5d89435fce5e1a348d6c59e2ff8c2d428dae75560aace504?s=96&d=mm&r=g","contentUrl":"https:\/\/secure.gravatar.com\/avatar\/51b1e0a1f4159e3b5d89435fce5e1a348d6c59e2ff8c2d428dae75560aace504?s=96&d=mm&r=g","caption":"admin"},"url":"https:\/\/www.romaoggi.eu\/index.php\/author\/admin\/"}]}},"_links":{"self":[{"href":"https:\/\/www.romaoggi.eu\/index.php\/wp-json\/wp\/v2\/posts\/37483","targetHints":{"allow":["GET"]}}],"collection":[{"href":"https:\/\/www.romaoggi.eu\/index.php\/wp-json\/wp\/v2\/posts"}],"about":[{"href":"https:\/\/www.romaoggi.eu\/index.php\/wp-json\/wp\/v2\/types\/post"}],"author":[{"embeddable":true,"href":"https:\/\/www.romaoggi.eu\/index.php\/wp-json\/wp\/v2\/users\/1"}],"replies":[{"embeddable":true,"href":"https:\/\/www.romaoggi.eu\/index.php\/wp-json\/wp\/v2\/comments?post=37483"}],"version-history":[{"count":2,"href":"https:\/\/www.romaoggi.eu\/index.php\/wp-json\/wp\/v2\/posts\/37483\/revisions"}],"predecessor-version":[{"id":37490,"href":"https:\/\/www.romaoggi.eu\/index.php\/wp-json\/wp\/v2\/posts\/37483\/revisions\/37490"}],"wp:featuredmedia":[{"embeddable":true,"href":"https:\/\/www.romaoggi.eu\/index.php\/wp-json\/wp\/v2\/media\/37486"}],"wp:attachment":[{"href":"https:\/\/www.romaoggi.eu\/index.php\/wp-json\/wp\/v2\/media?parent=37483"}],"wp:term":[{"taxonomy":"category","embeddable":true,"href":"https:\/\/www.romaoggi.eu\/index.php\/wp-json\/wp\/v2\/categories?post=37483"},{"taxonomy":"post_tag","embeddable":true,"href":"https:\/\/www.romaoggi.eu\/index.php\/wp-json\/wp\/v2\/tags?post=37483"}],"curies":[{"name":"wp","href":"https:\/\/api.w.org\/{rel}","templated":true}]}}