{"id":37504,"date":"2024-07-17T11:25:36","date_gmt":"2024-07-17T09:25:36","guid":{"rendered":"https:\/\/www.romaoggi.eu\/?p=37504"},"modified":"2024-07-19T08:01:19","modified_gmt":"2024-07-19T06:01:19","slug":"international-fashion-gala-un-connubio-tra-moda-e-solidarieta","status":"publish","type":"post","link":"https:\/\/www.romaoggi.eu\/index.php\/2024\/07\/17\/international-fashion-gala-un-connubio-tra-moda-e-solidarieta\/","title":{"rendered":"\u201cInternational Fashion Gala\u201d un connubio tra moda e solidariet\u00e0"},"content":{"rendered":"<p style=\"text-align: justify;\">\u201cInternational Fashion Gala\u201d, un connubio tra moda e solidariet\u00e0 che ha dato vita ad uno spettacolare Fashion Show incantando i selezionatissimi ospiti<\/p>\n<p style=\"text-align: justify;\">Si \u00e8 tenuto sabato 13 luglio al <a href=\"https:\/\/villaferrata.it\/\">Park Hotel Villa Ferrata<\/a>, il suggestivo Fashion Show <strong>\u201cInternational Fashion Gala\u201d<\/strong> che ha saputo sposare con successo la moda con una grande iniziativa solidale, coinvolgendo due importanti realt\u00e0 associative: la Confimea Sanit\u00e0 e il Lions Club Roma Sibilla.<\/p>\n<p><img loading=\"lazy\" decoding=\"async\" class=\"aligncenter wp-image-37507 size-large\" src=\"https:\/\/www.romaoggi.eu\/wp-content\/uploads\/2024\/07\/PVC_1379-1024x683.jpg\" alt=\"alt tag International Fashion Gala\" width=\"1024\" height=\"683\" srcset=\"https:\/\/www.romaoggi.eu\/wp-content\/uploads\/2024\/07\/PVC_1379-1024x683.jpg 1024w, https:\/\/www.romaoggi.eu\/wp-content\/uploads\/2024\/07\/PVC_1379-300x200.jpg 300w, https:\/\/www.romaoggi.eu\/wp-content\/uploads\/2024\/07\/PVC_1379.jpg 1260w\" sizes=\"auto, (max-width: 1024px) 100vw, 1024px\" \/><\/p>\n<p style=\"text-align: justify;\">Le donazioni sono state devolute alla Casa di Accoglienza di Ariccia, fortemente voluta dal Sindaco Gianluca Staccoli, per le donne vittime di violenza o che stanno intraprendendo un percorso di recupero dalla tossicodipendenza.<\/p>\n<p style=\"text-align: justify;\">Al Fashion Show hanno partecipato bambini e giovani talenti di et\u00e0 compresa dai 6 ai 20 anni, provenienti non solo dall\u2019Italia ma anche dalla Romania e dalla Moldavia, che hanno sfilato con disinvoltura e professionalit\u00e0 a bordo piscina dell\u2019incantevole Villa Ferrata, presentando il brand \u201cPunto e Virgola\u201d dello Shop di Jolanda Papa.<\/p>\n<p style=\"text-align: justify;\">I giovanissimi partecipanti sono stati premiati da una giuria d\u2019eccellenza, presieduta dal campione mondiale di rally <strong>Max Rendina<\/strong> e composta da: Rita Mure\u0219an, top model internazionale e stilista; Mirela Vescan, make up artist, direttrice della pi\u00f9 importante e premiata Accademia in Romania di make-up; Laura Stone, top model internazionale, Miss Romania, attrice, cantante e organizzatrice di eventi; Dana Enache, Capo redattrice di Viva Magazine; Luciana Esposito, della LP Produzioni; Isa Doglia, Presidente Cine Fashion Group; Valerio Paolucci, attore; Massimo Paolucci, regista; Massimo Renda, Corrado Stramaglia, Responsabile Settore Emittenti Radio e TV, Ministero dello Sviluppo Economico, Dipartimento Comunicazioni, Ispettorato Territoriale del Lazio; Gianfranco De Rosa, Produttore Esecutivo Cine Booking; Gianfranco Ranieri, con pi\u00f9 di 100 partecipazioni ad importanti giurie; Fabio Di Carlo, Dottore di Ricerca Universit\u00e0 di Roma &#8220;La Sapienza&#8221; e Alessandro Battaglia, Event Manager.<\/p>\n<p style=\"text-align: justify;\">Premiati i giovanissimi <strong>Indrid Vanesa Talchiu<\/strong>, 14 anni, romena \u201cRegina di Roma\u201d; <strong>Vlad Popovici<\/strong>, 11 anni, moldavo, \u201cRe di Roma\u201d e <strong>Daria Rebeca Caltea,<\/strong> qualificatasi al terzo posto, 8 anni, romena.<\/p>\n<p style=\"font-weight: 400;\">Il regista Massimo Paolucci, dopo l\u2019uscita del suo ultimo film \u201c<strong>The Contract<\/strong>\u201d, che ha girato con il famoso attore statunitense Kevin Spacey, vincitore di due Premi Oscar, presente in giuria, ha individuato e scelto la vincitrice <strong>Indrid Vanesa Talchiu<\/strong> e <strong>Raphael Emre Canga,<\/strong> modello e pianista, come protagonisti del suo prossimo film. \u00a0Dalla moda al cinema il passo \u00e8 breve!<\/p>\n<p style=\"text-align: justify;\">Dopo le premiazioni dei giovani partecipanti, 15 splendide modelle internazionali hanno portato in passerella i meravigliosi abiti di Haute Couture dei Fashion Designer Raluca Soare, Jos\u00e8 Lombardi e del brand Via Montenapoleone Milano, ai quali \u00e8 stata consegnata una targa come riconoscimento per la loro creativit\u00e0.<\/p>\n<p><img loading=\"lazy\" decoding=\"async\" class=\"aligncenter wp-image-37508 size-large\" src=\"https:\/\/www.romaoggi.eu\/wp-content\/uploads\/2024\/07\/PVC_0226-1024x683.jpg\" alt=\"alt tag International Fashion Gala\" width=\"1024\" height=\"683\" srcset=\"https:\/\/www.romaoggi.eu\/wp-content\/uploads\/2024\/07\/PVC_0226-1024x683.jpg 1024w, https:\/\/www.romaoggi.eu\/wp-content\/uploads\/2024\/07\/PVC_0226-300x200.jpg 300w, https:\/\/www.romaoggi.eu\/wp-content\/uploads\/2024\/07\/PVC_0226.jpg 1260w\" sizes=\"auto, (max-width: 1024px) 100vw, 1024px\" \/><\/p>\n<p style=\"text-align: justify;\">La serata, presentata da <strong>Elena Presti<\/strong>, \u00e8 stata allietata dall\u2019esibizione al pianoforte del giovanissimo e talentuoso pianista romeno <strong>Raphael Emre Canga<\/strong>, che ha regalato agli invitati un momento di magia musicale; dalla voce incantevole della bellissima Top Model internazionale ucraina <strong>Yana Brilitskaya<\/strong>, che con la sua performance coinvolgente ha lasciato senza fiato gli ospiti e da <strong>Daria Rebeca Caltea<\/strong>, 8 anni, la pi\u00f9 conosciuta baby singer romena.<\/p>\n<p style=\"text-align: justify;\">Al format ideato da Riccardo Gubiani e affiancato nell\u2019organizzazione da Isa Doglia, Marina Colicchio, Laura Stone e Mirella Vescan, erano presenti personalit\u00e0 di spicco come il Dott. Carlo Capria, della Presidenza del Consiglio dei Ministri, Dipartimento per la programmazione e il coordinamento della politica economica; Giorgio Asquini, Presidente Nazionale di Confimea Sanit\u00e0; Gianluca Staccoli, Sindaco di Ariccia; Sandro Rosilioni, Presidente del Lions Club Roma Sibilla; Giorgio Brunori, Direttore Servizio Sociale del Comune di Ariccia; Nadia Valeva, Presidente dell\u2019European Fashion Council; Luiza Pufu, Consigliere presso l\u2019Ambasciata di Romania.<\/p>\n<p style=\"text-align: justify;\">Le acconciature dei bimbi e delle modelle sono state curate dall\u2019hair designer Lello Sebastiani, assistito dal Team della Training Academy che ne ha curato anche il make up.<\/p>\n<p style=\"text-align: justify;\">Durante la serata gli ospiti hanno potuto gustare le ricercate pietanze dell\u2019elegante e raffinata cena di Gala a bordo piscina, curata dallo chef della struttura.<\/p>\n<p>&nbsp;<\/p>\n","protected":false},"excerpt":{"rendered":"<div class=\"mh-excerpt\"><p>\u201cInternational Fashion Gala\u201d, un connubio tra moda e solidariet\u00e0 che ha dato vita ad uno spettacolare Fashion Show incantando i selezionatissimi ospiti Si \u00e8 tenuto sabato 13 luglio al Park Hotel Villa Ferrata, il suggestivo <a class=\"mh-excerpt-more\" href=\"https:\/\/www.romaoggi.eu\/index.php\/2024\/07\/17\/international-fashion-gala-un-connubio-tra-moda-e-solidarieta\/\" title=\"\u201cInternational Fashion Gala\u201d un connubio tra moda e solidariet\u00e0\">[&#8230;]<\/a><\/p>\n<\/div>","protected":false},"author":1,"featured_media":37506,"comment_status":"closed","ping_status":"open","sticky":false,"template":"","format":"standard","meta":{"_sitemap_exclude":false,"_sitemap_priority":"","_sitemap_frequency":"","footnotes":""},"categories":[5273],"tags":[17441,10127,17442,17444,201,5079,17443],"class_list":["post-37504","post","type-post","status-publish","format-standard","has-post-thumbnail","hentry","category-oltre-roma","tag-international-fashion-gala","tag-elena-presti","tag-gala","tag-max-rendina","tag-moda","tag-spettacolo","tag-villa-ferrata"],"yoast_head":"<!-- This site is optimized with the Yoast SEO plugin v27.5 - https:\/\/yoast.com\/product\/yoast-seo-wordpress\/ -->\n<title>\u201cInternational Fashion Gala\u201d un connubio tra moda e solidariet\u00e0<\/title>\n<meta name=\"description\" content=\"\u201cInternational Fashion Gala\u201d, un connubio tra moda e solidariet\u00e0 che ha dato vita ad uno spettacolare Fashion Show incantando i selezionatissimi ospiti Si\" \/>\n<meta name=\"robots\" content=\"index, follow, max-snippet:-1, max-image-preview:large, max-video-preview:-1\" \/>\n<link rel=\"canonical\" href=\"https:\/\/www.romaoggi.eu\/index.php\/2024\/07\/17\/international-fashion-gala-un-connubio-tra-moda-e-solidarieta\/\" \/>\n<meta property=\"og:locale\" content=\"it_IT\" \/>\n<meta property=\"og:type\" content=\"article\" \/>\n<meta property=\"og:title\" content=\"\u201cInternational Fashion Gala\u201d un connubio tra moda e solidariet\u00e0\" \/>\n<meta property=\"og:description\" content=\"\u201cInternational Fashion Gala\u201d, un connubio tra moda e solidariet\u00e0 che ha dato vita ad uno spettacolare Fashion Show incantando i selezionatissimi ospiti Si\" \/>\n<meta property=\"og:url\" content=\"https:\/\/www.romaoggi.eu\/index.php\/2024\/07\/17\/international-fashion-gala-un-connubio-tra-moda-e-solidarieta\/\" \/>\n<meta property=\"og:site_name\" content=\"roma oggi\" \/>\n<meta property=\"article:publisher\" content=\"https:\/\/www.facebook.com\/RomaOggi-841544845954114\" \/>\n<meta property=\"article:published_time\" content=\"2024-07-17T09:25:36+00:00\" \/>\n<meta property=\"article:modified_time\" content=\"2024-07-19T06:01:19+00:00\" \/>\n<meta property=\"og:image\" content=\"https:\/\/www.romaoggi.eu\/wp-content\/uploads\/2024\/07\/20240716_143636.jpg\" \/>\n\t<meta property=\"og:image:width\" content=\"1441\" \/>\n\t<meta property=\"og:image:height\" content=\"916\" \/>\n\t<meta property=\"og:image:type\" content=\"image\/jpeg\" \/>\n<meta name=\"author\" content=\"admin\" \/>\n<meta name=\"twitter:card\" content=\"summary_large_image\" \/>\n<meta name=\"twitter:creator\" content=\"@romaoggi_eu\" \/>\n<meta name=\"twitter:site\" content=\"@romaoggi_eu\" \/>\n<meta name=\"twitter:label1\" content=\"Scritto da\" \/>\n\t<meta name=\"twitter:data1\" content=\"admin\" \/>\n\t<meta name=\"twitter:label2\" content=\"Tempo di lettura stimato\" \/>\n\t<meta name=\"twitter:data2\" content=\"4 minuti\" \/>\n<script type=\"application\/ld+json\" class=\"yoast-schema-graph\">{\"@context\":\"https:\\\/\\\/schema.org\",\"@graph\":[{\"@type\":\"Article\",\"@id\":\"https:\\\/\\\/www.romaoggi.eu\\\/index.php\\\/2024\\\/07\\\/17\\\/international-fashion-gala-un-connubio-tra-moda-e-solidarieta\\\/#article\",\"isPartOf\":{\"@id\":\"https:\\\/\\\/www.romaoggi.eu\\\/index.php\\\/2024\\\/07\\\/17\\\/international-fashion-gala-un-connubio-tra-moda-e-solidarieta\\\/\"},\"author\":{\"name\":\"admin\",\"@id\":\"https:\\\/\\\/www.romaoggi.eu\\\/#\\\/schema\\\/person\\\/9b23ceb6a2992a25e98c76a5f1fbb887\"},\"headline\":\"\u201cInternational Fashion Gala\u201d un connubio tra moda e solidariet\u00e0\",\"datePublished\":\"2024-07-17T09:25:36+00:00\",\"dateModified\":\"2024-07-19T06:01:19+00:00\",\"mainEntityOfPage\":{\"@id\":\"https:\\\/\\\/www.romaoggi.eu\\\/index.php\\\/2024\\\/07\\\/17\\\/international-fashion-gala-un-connubio-tra-moda-e-solidarieta\\\/\"},\"wordCount\":638,\"publisher\":{\"@id\":\"https:\\\/\\\/www.romaoggi.eu\\\/#organization\"},\"image\":{\"@id\":\"https:\\\/\\\/www.romaoggi.eu\\\/index.php\\\/2024\\\/07\\\/17\\\/international-fashion-gala-un-connubio-tra-moda-e-solidarieta\\\/#primaryimage\"},\"thumbnailUrl\":\"https:\\\/\\\/www.romaoggi.eu\\\/wp-content\\\/uploads\\\/2024\\\/07\\\/20240716_143636.jpg\",\"keywords\":[\"\u201cInternational Fashion Gala\",\"Elena Presti\",\"gala\",\"max rendina\",\"moda\",\"spettacolo\",\"villa ferrata\"],\"articleSection\":[\"oltre Roma\"],\"inLanguage\":\"it-IT\"},{\"@type\":\"WebPage\",\"@id\":\"https:\\\/\\\/www.romaoggi.eu\\\/index.php\\\/2024\\\/07\\\/17\\\/international-fashion-gala-un-connubio-tra-moda-e-solidarieta\\\/\",\"url\":\"https:\\\/\\\/www.romaoggi.eu\\\/index.php\\\/2024\\\/07\\\/17\\\/international-fashion-gala-un-connubio-tra-moda-e-solidarieta\\\/\",\"name\":\"\u201cInternational Fashion Gala\u201d un connubio tra moda e solidariet\u00e0\",\"isPartOf\":{\"@id\":\"https:\\\/\\\/www.romaoggi.eu\\\/#website\"},\"primaryImageOfPage\":{\"@id\":\"https:\\\/\\\/www.romaoggi.eu\\\/index.php\\\/2024\\\/07\\\/17\\\/international-fashion-gala-un-connubio-tra-moda-e-solidarieta\\\/#primaryimage\"},\"image\":{\"@id\":\"https:\\\/\\\/www.romaoggi.eu\\\/index.php\\\/2024\\\/07\\\/17\\\/international-fashion-gala-un-connubio-tra-moda-e-solidarieta\\\/#primaryimage\"},\"thumbnailUrl\":\"https:\\\/\\\/www.romaoggi.eu\\\/wp-content\\\/uploads\\\/2024\\\/07\\\/20240716_143636.jpg\",\"datePublished\":\"2024-07-17T09:25:36+00:00\",\"dateModified\":\"2024-07-19T06:01:19+00:00\",\"description\":\"\u201cInternational Fashion Gala\u201d, un connubio tra moda e solidariet\u00e0 che ha dato vita ad uno spettacolare Fashion Show incantando i selezionatissimi ospiti Si\",\"breadcrumb\":{\"@id\":\"https:\\\/\\\/www.romaoggi.eu\\\/index.php\\\/2024\\\/07\\\/17\\\/international-fashion-gala-un-connubio-tra-moda-e-solidarieta\\\/#breadcrumb\"},\"inLanguage\":\"it-IT\",\"potentialAction\":[{\"@type\":\"ReadAction\",\"target\":[\"https:\\\/\\\/www.romaoggi.eu\\\/index.php\\\/2024\\\/07\\\/17\\\/international-fashion-gala-un-connubio-tra-moda-e-solidarieta\\\/\"]}]},{\"@type\":\"ImageObject\",\"inLanguage\":\"it-IT\",\"@id\":\"https:\\\/\\\/www.romaoggi.eu\\\/index.php\\\/2024\\\/07\\\/17\\\/international-fashion-gala-un-connubio-tra-moda-e-solidarieta\\\/#primaryimage\",\"url\":\"https:\\\/\\\/www.romaoggi.eu\\\/wp-content\\\/uploads\\\/2024\\\/07\\\/20240716_143636.jpg\",\"contentUrl\":\"https:\\\/\\\/www.romaoggi.eu\\\/wp-content\\\/uploads\\\/2024\\\/07\\\/20240716_143636.jpg\",\"width\":1441,\"height\":916,\"caption\":\"alt tag International Fashion Gala\"},{\"@type\":\"BreadcrumbList\",\"@id\":\"https:\\\/\\\/www.romaoggi.eu\\\/index.php\\\/2024\\\/07\\\/17\\\/international-fashion-gala-un-connubio-tra-moda-e-solidarieta\\\/#breadcrumb\",\"itemListElement\":[{\"@type\":\"ListItem\",\"position\":1,\"name\":\"Home\",\"item\":\"https:\\\/\\\/www.romaoggi.eu\\\/\"},{\"@type\":\"ListItem\",\"position\":2,\"name\":\"\u201cInternational Fashion Gala\u201d un connubio tra moda e solidariet\u00e0\"}]},{\"@type\":\"WebSite\",\"@id\":\"https:\\\/\\\/www.romaoggi.eu\\\/#website\",\"url\":\"https:\\\/\\\/www.romaoggi.eu\\\/\",\"name\":\"roma oggi\",\"description\":\"Interesting News for Interesting people\",\"publisher\":{\"@id\":\"https:\\\/\\\/www.romaoggi.eu\\\/#organization\"},\"potentialAction\":[{\"@type\":\"SearchAction\",\"target\":{\"@type\":\"EntryPoint\",\"urlTemplate\":\"https:\\\/\\\/www.romaoggi.eu\\\/?s={search_term_string}\"},\"query-input\":{\"@type\":\"PropertyValueSpecification\",\"valueRequired\":true,\"valueName\":\"search_term_string\"}}],\"inLanguage\":\"it-IT\"},{\"@type\":\"Organization\",\"@id\":\"https:\\\/\\\/www.romaoggi.eu\\\/#organization\",\"name\":\"RomaOggi\",\"url\":\"https:\\\/\\\/www.romaoggi.eu\\\/\",\"logo\":{\"@type\":\"ImageObject\",\"inLanguage\":\"it-IT\",\"@id\":\"https:\\\/\\\/www.romaoggi.eu\\\/#\\\/schema\\\/logo\\\/image\\\/\",\"url\":\"https:\\\/\\\/www.romaoggi.eu\\\/wp-content\\\/uploads\\\/2017\\\/04\\\/logowp.jpg\",\"contentUrl\":\"https:\\\/\\\/www.romaoggi.eu\\\/wp-content\\\/uploads\\\/2017\\\/04\\\/logowp.jpg\",\"width\":300,\"height\":133,\"caption\":\"RomaOggi\"},\"image\":{\"@id\":\"https:\\\/\\\/www.romaoggi.eu\\\/#\\\/schema\\\/logo\\\/image\\\/\"},\"sameAs\":[\"https:\\\/\\\/www.facebook.com\\\/RomaOggi-841544845954114\",\"https:\\\/\\\/x.com\\\/romaoggi_eu\"]},{\"@type\":\"Person\",\"@id\":\"https:\\\/\\\/www.romaoggi.eu\\\/#\\\/schema\\\/person\\\/9b23ceb6a2992a25e98c76a5f1fbb887\",\"name\":\"admin\",\"image\":{\"@type\":\"ImageObject\",\"inLanguage\":\"it-IT\",\"@id\":\"https:\\\/\\\/secure.gravatar.com\\\/avatar\\\/51b1e0a1f4159e3b5d89435fce5e1a348d6c59e2ff8c2d428dae75560aace504?s=96&d=mm&r=g\",\"url\":\"https:\\\/\\\/secure.gravatar.com\\\/avatar\\\/51b1e0a1f4159e3b5d89435fce5e1a348d6c59e2ff8c2d428dae75560aace504?s=96&d=mm&r=g\",\"contentUrl\":\"https:\\\/\\\/secure.gravatar.com\\\/avatar\\\/51b1e0a1f4159e3b5d89435fce5e1a348d6c59e2ff8c2d428dae75560aace504?s=96&d=mm&r=g\",\"caption\":\"admin\"},\"url\":\"https:\\\/\\\/www.romaoggi.eu\\\/index.php\\\/author\\\/admin\\\/\"}]}<\/script>\n<!-- \/ Yoast SEO plugin. -->","yoast_head_json":{"title":"\u201cInternational Fashion Gala\u201d un connubio tra moda e solidariet\u00e0","description":"\u201cInternational Fashion Gala\u201d, un connubio tra moda e solidariet\u00e0 che ha dato vita ad uno spettacolare Fashion Show incantando i selezionatissimi ospiti Si","robots":{"index":"index","follow":"follow","max-snippet":"max-snippet:-1","max-image-preview":"max-image-preview:large","max-video-preview":"max-video-preview:-1"},"canonical":"https:\/\/www.romaoggi.eu\/index.php\/2024\/07\/17\/international-fashion-gala-un-connubio-tra-moda-e-solidarieta\/","og_locale":"it_IT","og_type":"article","og_title":"\u201cInternational Fashion Gala\u201d un connubio tra moda e solidariet\u00e0","og_description":"\u201cInternational Fashion Gala\u201d, un connubio tra moda e solidariet\u00e0 che ha dato vita ad uno spettacolare Fashion Show incantando i selezionatissimi ospiti Si","og_url":"https:\/\/www.romaoggi.eu\/index.php\/2024\/07\/17\/international-fashion-gala-un-connubio-tra-moda-e-solidarieta\/","og_site_name":"roma oggi","article_publisher":"https:\/\/www.facebook.com\/RomaOggi-841544845954114","article_published_time":"2024-07-17T09:25:36+00:00","article_modified_time":"2024-07-19T06:01:19+00:00","og_image":[{"width":1441,"height":916,"url":"https:\/\/www.romaoggi.eu\/wp-content\/uploads\/2024\/07\/20240716_143636.jpg","type":"image\/jpeg"}],"author":"admin","twitter_card":"summary_large_image","twitter_creator":"@romaoggi_eu","twitter_site":"@romaoggi_eu","twitter_misc":{"Scritto da":"admin","Tempo di lettura stimato":"4 minuti"},"schema":{"@context":"https:\/\/schema.org","@graph":[{"@type":"Article","@id":"https:\/\/www.romaoggi.eu\/index.php\/2024\/07\/17\/international-fashion-gala-un-connubio-tra-moda-e-solidarieta\/#article","isPartOf":{"@id":"https:\/\/www.romaoggi.eu\/index.php\/2024\/07\/17\/international-fashion-gala-un-connubio-tra-moda-e-solidarieta\/"},"author":{"name":"admin","@id":"https:\/\/www.romaoggi.eu\/#\/schema\/person\/9b23ceb6a2992a25e98c76a5f1fbb887"},"headline":"\u201cInternational Fashion Gala\u201d un connubio tra moda e solidariet\u00e0","datePublished":"2024-07-17T09:25:36+00:00","dateModified":"2024-07-19T06:01:19+00:00","mainEntityOfPage":{"@id":"https:\/\/www.romaoggi.eu\/index.php\/2024\/07\/17\/international-fashion-gala-un-connubio-tra-moda-e-solidarieta\/"},"wordCount":638,"publisher":{"@id":"https:\/\/www.romaoggi.eu\/#organization"},"image":{"@id":"https:\/\/www.romaoggi.eu\/index.php\/2024\/07\/17\/international-fashion-gala-un-connubio-tra-moda-e-solidarieta\/#primaryimage"},"thumbnailUrl":"https:\/\/www.romaoggi.eu\/wp-content\/uploads\/2024\/07\/20240716_143636.jpg","keywords":["\u201cInternational Fashion Gala","Elena Presti","gala","max rendina","moda","spettacolo","villa ferrata"],"articleSection":["oltre Roma"],"inLanguage":"it-IT"},{"@type":"WebPage","@id":"https:\/\/www.romaoggi.eu\/index.php\/2024\/07\/17\/international-fashion-gala-un-connubio-tra-moda-e-solidarieta\/","url":"https:\/\/www.romaoggi.eu\/index.php\/2024\/07\/17\/international-fashion-gala-un-connubio-tra-moda-e-solidarieta\/","name":"\u201cInternational Fashion Gala\u201d un connubio tra moda e solidariet\u00e0","isPartOf":{"@id":"https:\/\/www.romaoggi.eu\/#website"},"primaryImageOfPage":{"@id":"https:\/\/www.romaoggi.eu\/index.php\/2024\/07\/17\/international-fashion-gala-un-connubio-tra-moda-e-solidarieta\/#primaryimage"},"image":{"@id":"https:\/\/www.romaoggi.eu\/index.php\/2024\/07\/17\/international-fashion-gala-un-connubio-tra-moda-e-solidarieta\/#primaryimage"},"thumbnailUrl":"https:\/\/www.romaoggi.eu\/wp-content\/uploads\/2024\/07\/20240716_143636.jpg","datePublished":"2024-07-17T09:25:36+00:00","dateModified":"2024-07-19T06:01:19+00:00","description":"\u201cInternational Fashion Gala\u201d, un connubio tra moda e solidariet\u00e0 che ha dato vita ad uno spettacolare Fashion Show incantando i selezionatissimi ospiti Si","breadcrumb":{"@id":"https:\/\/www.romaoggi.eu\/index.php\/2024\/07\/17\/international-fashion-gala-un-connubio-tra-moda-e-solidarieta\/#breadcrumb"},"inLanguage":"it-IT","potentialAction":[{"@type":"ReadAction","target":["https:\/\/www.romaoggi.eu\/index.php\/2024\/07\/17\/international-fashion-gala-un-connubio-tra-moda-e-solidarieta\/"]}]},{"@type":"ImageObject","inLanguage":"it-IT","@id":"https:\/\/www.romaoggi.eu\/index.php\/2024\/07\/17\/international-fashion-gala-un-connubio-tra-moda-e-solidarieta\/#primaryimage","url":"https:\/\/www.romaoggi.eu\/wp-content\/uploads\/2024\/07\/20240716_143636.jpg","contentUrl":"https:\/\/www.romaoggi.eu\/wp-content\/uploads\/2024\/07\/20240716_143636.jpg","width":1441,"height":916,"caption":"alt tag International Fashion Gala"},{"@type":"BreadcrumbList","@id":"https:\/\/www.romaoggi.eu\/index.php\/2024\/07\/17\/international-fashion-gala-un-connubio-tra-moda-e-solidarieta\/#breadcrumb","itemListElement":[{"@type":"ListItem","position":1,"name":"Home","item":"https:\/\/www.romaoggi.eu\/"},{"@type":"ListItem","position":2,"name":"\u201cInternational Fashion Gala\u201d un connubio tra moda e solidariet\u00e0"}]},{"@type":"WebSite","@id":"https:\/\/www.romaoggi.eu\/#website","url":"https:\/\/www.romaoggi.eu\/","name":"roma oggi","description":"Interesting News for Interesting people","publisher":{"@id":"https:\/\/www.romaoggi.eu\/#organization"},"potentialAction":[{"@type":"SearchAction","target":{"@type":"EntryPoint","urlTemplate":"https:\/\/www.romaoggi.eu\/?s={search_term_string}"},"query-input":{"@type":"PropertyValueSpecification","valueRequired":true,"valueName":"search_term_string"}}],"inLanguage":"it-IT"},{"@type":"Organization","@id":"https:\/\/www.romaoggi.eu\/#organization","name":"RomaOggi","url":"https:\/\/www.romaoggi.eu\/","logo":{"@type":"ImageObject","inLanguage":"it-IT","@id":"https:\/\/www.romaoggi.eu\/#\/schema\/logo\/image\/","url":"https:\/\/www.romaoggi.eu\/wp-content\/uploads\/2017\/04\/logowp.jpg","contentUrl":"https:\/\/www.romaoggi.eu\/wp-content\/uploads\/2017\/04\/logowp.jpg","width":300,"height":133,"caption":"RomaOggi"},"image":{"@id":"https:\/\/www.romaoggi.eu\/#\/schema\/logo\/image\/"},"sameAs":["https:\/\/www.facebook.com\/RomaOggi-841544845954114","https:\/\/x.com\/romaoggi_eu"]},{"@type":"Person","@id":"https:\/\/www.romaoggi.eu\/#\/schema\/person\/9b23ceb6a2992a25e98c76a5f1fbb887","name":"admin","image":{"@type":"ImageObject","inLanguage":"it-IT","@id":"https:\/\/secure.gravatar.com\/avatar\/51b1e0a1f4159e3b5d89435fce5e1a348d6c59e2ff8c2d428dae75560aace504?s=96&d=mm&r=g","url":"https:\/\/secure.gravatar.com\/avatar\/51b1e0a1f4159e3b5d89435fce5e1a348d6c59e2ff8c2d428dae75560aace504?s=96&d=mm&r=g","contentUrl":"https:\/\/secure.gravatar.com\/avatar\/51b1e0a1f4159e3b5d89435fce5e1a348d6c59e2ff8c2d428dae75560aace504?s=96&d=mm&r=g","caption":"admin"},"url":"https:\/\/www.romaoggi.eu\/index.php\/author\/admin\/"}]}},"_links":{"self":[{"href":"https:\/\/www.romaoggi.eu\/index.php\/wp-json\/wp\/v2\/posts\/37504","targetHints":{"allow":["GET"]}}],"collection":[{"href":"https:\/\/www.romaoggi.eu\/index.php\/wp-json\/wp\/v2\/posts"}],"about":[{"href":"https:\/\/www.romaoggi.eu\/index.php\/wp-json\/wp\/v2\/types\/post"}],"author":[{"embeddable":true,"href":"https:\/\/www.romaoggi.eu\/index.php\/wp-json\/wp\/v2\/users\/1"}],"replies":[{"embeddable":true,"href":"https:\/\/www.romaoggi.eu\/index.php\/wp-json\/wp\/v2\/comments?post=37504"}],"version-history":[{"count":4,"href":"https:\/\/www.romaoggi.eu\/index.php\/wp-json\/wp\/v2\/posts\/37504\/revisions"}],"predecessor-version":[{"id":37542,"href":"https:\/\/www.romaoggi.eu\/index.php\/wp-json\/wp\/v2\/posts\/37504\/revisions\/37542"}],"wp:featuredmedia":[{"embeddable":true,"href":"https:\/\/www.romaoggi.eu\/index.php\/wp-json\/wp\/v2\/media\/37506"}],"wp:attachment":[{"href":"https:\/\/www.romaoggi.eu\/index.php\/wp-json\/wp\/v2\/media?parent=37504"}],"wp:term":[{"taxonomy":"category","embeddable":true,"href":"https:\/\/www.romaoggi.eu\/index.php\/wp-json\/wp\/v2\/categories?post=37504"},{"taxonomy":"post_tag","embeddable":true,"href":"https:\/\/www.romaoggi.eu\/index.php\/wp-json\/wp\/v2\/tags?post=37504"}],"curies":[{"name":"wp","href":"https:\/\/api.w.org\/{rel}","templated":true}]}}