{"id":37579,"date":"2024-08-21T21:41:58","date_gmt":"2024-08-21T19:41:58","guid":{"rendered":"https:\/\/www.romaoggi.eu\/?p=37579"},"modified":"2024-08-21T21:41:58","modified_gmt":"2024-08-21T19:41:58","slug":"mar-del-plata-150-la-mostra-fotografica","status":"publish","type":"post","link":"https:\/\/www.romaoggi.eu\/index.php\/2024\/08\/21\/mar-del-plata-150-la-mostra-fotografica\/","title":{"rendered":"&#8220;MAR DEL PLATA 150&#8221; la mostra fotografica di Luc\u00eda Calabrino fa tappa a Roma"},"content":{"rendered":"<h3 class=\"western\" style=\"text-align: center\" align=\"CENTER\"><span style=\"font-size: medium\"><span style=\"color: #ff0000\">Redazione<\/span><strong><span style=\"color: #ff0000\"> a cura di Alessandro Lisci &#8211; Target Lab Ets mob 3316379346<\/span><\/strong><\/span><\/h3>\n<h2 class=\"western\" align=\"CENTER\"><span style=\"color: #000000\"><span style=\"font-family: Times New Roman, serif\"><span style=\"font-size: medium\"><b><strong>Vi aspettiamo alla <\/strong><\/b><\/span><\/span><\/span><\/h2>\n<p align=\"CENTER\"><span style=\"color: #000000\"><span style=\"font-family: Times New Roman, serif\"><span style=\"font-size: medium\"><b>mostra fotografica<\/b><\/span><\/span><\/span><\/p>\n<p align=\"CENTER\"><a name=\"yiv9155830672m_3898193153324451381gmail-OBJ_PREFIX_DWT2136_com_zimbra_date1\"><\/a><a name=\"yiv9155830672m_3898193153324451381gmail-OBJ_PREFIX_DWT2127_com_zimbra_date1\"><\/a> <span style=\"color: #ff0000\"><span style=\"font-family: Times New Roman, serif\"><span style=\"font-size: x-large\"><i><b>&#8220;MAR DEL PLATA 150&#8221;<\/b><\/i><\/span><\/span><\/span><\/p>\n<p align=\"CENTER\"><span style=\"color: #000000\"><span style=\"font-family: Times New Roman, serif\"><span style=\"font-size: medium\"><strong>dal 26 agosto al 6 settembre<\/strong>\u00a0<\/span><\/span><\/span><\/p>\n<p align=\"CENTER\"><strong><span style=\"color: #000000\"><span style=\"font-family: Times New Roman, serif\"><span style=\"font-size: x-large\"><em><span style=\"color: #202124\"><span style=\"font-size: medium\">presso l&#8217;<\/span><\/span><\/em><em><span style=\"font-size: medium\">Ufficio Culturale &#8211; Casa Argentina:\u00a0 Via Vittorio Veneto, 7 &#8211; Roma<\/span><\/em><\/span><\/span><\/span><\/strong><\/p>\n<p align=\"JUSTIFY\"><span style=\"color: #000000\"><span style=\"font-family: Times New Roman, serif\"><span style=\"font-size: medium\"><b>\u00a0Luc\u00eda Calabrino<\/b>, nella sua mostra &#8220;<span style=\"color: #005a95\">MAR<\/span> DEL PLATA 150&#8243;, celebra il 150\u00b0 aniversario della\u00a0 citt\u00e0 attraverso immagini storiche e contemporanee intervenute. Nata a <span style=\"color: #005a95\">Mar<\/span> del Plata da genitori italiani, quest&#8217;artista italo &#8211; argentina utilizza la fotografia sperimentale e il ricamo per esplorare l&#8217;identit\u00e0, la famiglia e la migrazione. La mostra include le foto provenienti dall&#8217;Archivio del Museo Storico Comunale \u201cBarili\u201d e le immagini contemporanee sviluppate con tecniche sperimentali.<\/span><\/span><\/span><\/p>\n<p align=\"JUSTIFY\"><span style=\"color: #000000\"><span style=\"font-family: Times New Roman, serif\"><span style=\"font-size: medium\">\u00a0La mostra &#8220;<span style=\"color: #005a95\">Mar<\/span> del Plata 150&#8243; \u00e8 stata esposta a <span style=\"color: #005a95\">Mar<\/span> del Plata, in Argentina, e proseguir\u00e0 per l&#8217;Italia, a Roma, Ischia, Sorrento, Acireale, Aci Trezza, Palermo e Mascalucia in Sicilia, sar\u00e0 anche esposta a Parigi. L&#8217;anno prossimo sar\u00e0 esposta nella citt\u00e0 di Rosario e Buenos Aires. \u00c8 stata dichiarata di Interesse Culturale dal Comune di General Pueyrredon e ha il patrocinio del COMITES <span style=\"color: #005a95\">Mar<\/span> del Plata.\u00a0<\/span><\/span><\/span><\/p>\n<p align=\"JUSTIFY\"><span style=\"background-color: #d5d5d5\">\u00a0 <\/span><span style=\"color: #000000;font-family: 'Times New Roman', serif;font-size: medium\">L&#8217;artista si \u00e8 laureata in Arti Visive presso la Scuola Mart\u00edn A. Malharro e ha partecipato a residenze a Barcellona. Le sue esposizioni\u00a0 includono &#8220;<span style=\"color: #005a95\">MAR<\/span> DEL PLATA 150&#8243;, Lanzarote Art Gallery e la V Biennale di Libro d&#8217;Artista al Museo Casa Carnacini.<\/span><\/p>\n<p style=\"text-align: center\" align=\"JUSTIFY\"><strong><span style=\"color: #000000\"><span style=\"font-family: Times New Roman, serif\"><span style=\"font-size: medium\"><b>Quando:<\/b><\/span><\/span><\/span><\/strong><span style=\"color: #000000\"><span style=\"font-family: Times New Roman, serif\"><span style=\"font-size: medium\"><b>\u00a0dal 26 agosto al 6 settembre\u00a0<\/b><\/span><\/span><\/span><\/p>\n<p style=\"text-align: center\" align=\"JUSTIFY\"><strong><span style=\"color: #202124\"><span style=\"font-family: Times New Roman, serif\"><span style=\"font-size: medium\"><b>Dove:<\/b><\/span><\/span><\/span><\/strong><b> <\/b><em><span style=\"color: #000000\"><span style=\"font-family: Times New Roman, serif\"><span style=\"font-size: medium\"><b>Ufficio Culturale &#8211; Casa Argentina:\u00a0 Via Vittorio Veneto, 7 &#8211; Roma<\/b><\/span><\/span><\/span><\/em><\/p>\n<p style=\"text-align: center\" align=\"JUSTIFY\"><em><span style=\"color: #000000\"><span style=\"font-family: Times New Roman, serif\"><span style=\"font-size: medium\"><b>Ambasciata della Repubblica Argentina presso la Repubblica Italiana<\/b><\/span><\/span><\/span><\/em><\/p>\n<p style=\"text-align: center\" align=\"JUSTIFY\"><span style=\"color: #000000\"><span style=\"font-family: Times New Roman, serif\"><span style=\"font-size: medium\">L&#8217;artista Luc\u00eda Calabrino sar\u00e0 presente a Casa Argentina dal 26 agosto fino al 6 settembre.<\/span><\/span><\/span><\/p>\n<p style=\"text-align: center\" align=\"JUSTIFY\"><span style=\"color: #000000\"><span style=\"font-family: Times New Roman, serif\"><span style=\"font-size: medium\"><i><u><b>Orario estivo: nel mese di agosto, la Casa Argentina rimarr\u00e0 aperta da Luned\u00ec al venerd\u00ec dalle ore 10 alle 16.30<\/b><\/u><\/i><\/span><\/span><\/span><\/p>\n<p style=\"text-align: center\" align=\"LEFT\"><span style=\"color: #000000\"><span style=\"font-family: arial, helvetica, sans-serif\"><span style=\"font-size: small\">Per informazione: Tel. 06 487 3866<\/span><\/span><\/span><\/p>\n<p style=\"text-align: center\" align=\"LEFT\"><span style=\"color: #000000\"><span style=\"font-family: arial, helvetica, sans-serif\"><span style=\"font-size: medium\">Ingresso libero e gratuito.<\/span><\/span><\/span><\/p>\n<p style=\"text-align: center\" align=\"LEFT\"><strong><span style=\"color: #000000\"><span style=\"font-family: arial, sans-serif\"><span style=\"font-size: medium\">Facebook: Luc\u00eda Calabrino &#8211; Artista Pl\u00e1stica<\/span><\/span><\/span><\/strong><\/p>\n<figure id=\"attachment_37583\" aria-describedby=\"caption-attachment-37583\" style=\"width: 766px\" class=\"wp-caption alignnone\"><img loading=\"lazy\" decoding=\"async\" class=\" wp-image-37583\" src=\"https:\/\/www.romaoggi.eu\/wp-content\/uploads\/2024\/08\/ITA-300x300.jpg\" alt=\"alt tag Luc\u00eda Calabrino\" width=\"766\" height=\"766\" srcset=\"https:\/\/www.romaoggi.eu\/wp-content\/uploads\/2024\/08\/ITA-300x300.jpg 300w, https:\/\/www.romaoggi.eu\/wp-content\/uploads\/2024\/08\/ITA-1024x1024.jpg 1024w, https:\/\/www.romaoggi.eu\/wp-content\/uploads\/2024\/08\/ITA-150x150.jpg 150w, https:\/\/www.romaoggi.eu\/wp-content\/uploads\/2024\/08\/ITA.jpg 1200w\" sizes=\"auto, (max-width: 766px) 100vw, 766px\" \/><figcaption id=\"caption-attachment-37583\" class=\"wp-caption-text\"><strong>Mar della Plata 150. Mostra fotografica di<\/strong><br \/><strong>Luc\u00eda Calabrino<\/strong><\/figcaption><\/figure>\n","protected":false},"excerpt":{"rendered":"<div class=\"mh-excerpt\"><p>Redazione a cura di Alessandro Lisci &#8211; Target Lab Ets mob 3316379346 Vi aspettiamo alla mostra fotografica &#8220;MAR DEL PLATA 150&#8221; dal 26 agosto al 6 settembre\u00a0 presso l&#8217;Ufficio Culturale &#8211; Casa Argentina:\u00a0 Via Vittorio <a class=\"mh-excerpt-more\" href=\"https:\/\/www.romaoggi.eu\/index.php\/2024\/08\/21\/mar-del-plata-150-la-mostra-fotografica\/\" title=\"&#8220;MAR DEL PLATA 150&#8221; la mostra fotografica di Luc\u00eda Calabrino fa tappa a Roma\">[&#8230;]<\/a><\/p>\n<\/div>","protected":false},"author":17,"featured_media":37583,"comment_status":"closed","ping_status":"open","sticky":false,"template":"","format":"standard","meta":{"_sitemap_exclude":false,"_sitemap_priority":"","_sitemap_frequency":"","footnotes":""},"categories":[15839],"tags":[17387,17470,17295,17469,17468],"class_list":["post-37579","post","type-post","status-publish","format-standard","has-post-thumbnail","hentry","category-fotografia-dintorni","tag-casaagentinait","tag-ambasciata-della-repubblica-argentina","tag-casa-argentina-di-roma","tag-lucia-calabrino","tag-mar-del-plata-150"],"yoast_head":"<!-- This site is optimized with the Yoast SEO plugin v27.4 - https:\/\/yoast.com\/product\/yoast-seo-wordpress\/ -->\n<title>&quot;MAR DEL PLATA 150&quot; la mostra fotografica di Luc\u00eda Calabrino fa tappa a Roma<\/title>\n<meta name=\"description\" content=\"Redazione a cura di Alessandro Lisci - Target Lab Ets mob 3316379346 Vi aspettiamo alla mostra fotografica &quot;MAR DEL PLATA 150&quot; dal 26 agosto al 6\" \/>\n<meta name=\"robots\" content=\"index, follow, max-snippet:-1, max-image-preview:large, max-video-preview:-1\" \/>\n<link rel=\"canonical\" href=\"https:\/\/www.romaoggi.eu\/index.php\/2024\/08\/21\/mar-del-plata-150-la-mostra-fotografica\/\" \/>\n<meta property=\"og:locale\" content=\"it_IT\" \/>\n<meta property=\"og:type\" content=\"article\" \/>\n<meta property=\"og:title\" content=\"&quot;MAR DEL PLATA 150&quot; la mostra fotografica di Luc\u00eda Calabrino fa tappa a Roma\" \/>\n<meta property=\"og:description\" content=\"Redazione a cura di Alessandro Lisci - Target Lab Ets mob 3316379346 Vi aspettiamo alla mostra fotografica &quot;MAR DEL PLATA 150&quot; dal 26 agosto al 6\" \/>\n<meta property=\"og:url\" content=\"https:\/\/www.romaoggi.eu\/index.php\/2024\/08\/21\/mar-del-plata-150-la-mostra-fotografica\/\" \/>\n<meta property=\"og:site_name\" content=\"roma oggi\" \/>\n<meta property=\"article:publisher\" content=\"https:\/\/www.facebook.com\/RomaOggi-841544845954114\" \/>\n<meta property=\"article:published_time\" content=\"2024-08-21T19:41:58+00:00\" \/>\n<meta property=\"og:image\" content=\"https:\/\/www.romaoggi.eu\/wp-content\/uploads\/2024\/08\/ITA.jpg\" \/>\n\t<meta property=\"og:image:width\" content=\"1200\" \/>\n\t<meta property=\"og:image:height\" content=\"1200\" \/>\n\t<meta property=\"og:image:type\" content=\"image\/jpeg\" \/>\n<meta name=\"author\" content=\"Target Lab Ets\" \/>\n<meta name=\"twitter:card\" content=\"summary_large_image\" \/>\n<meta name=\"twitter:creator\" content=\"@romaoggi_eu\" \/>\n<meta name=\"twitter:site\" content=\"@romaoggi_eu\" \/>\n<meta name=\"twitter:label1\" content=\"Scritto da\" \/>\n\t<meta name=\"twitter:data1\" content=\"Target Lab Ets\" \/>\n\t<meta name=\"twitter:label2\" content=\"Tempo di lettura stimato\" \/>\n\t<meta name=\"twitter:data2\" content=\"3 minuti\" \/>\n<script type=\"application\/ld+json\" class=\"yoast-schema-graph\">{\"@context\":\"https:\\\/\\\/schema.org\",\"@graph\":[{\"@type\":\"Article\",\"@id\":\"https:\\\/\\\/www.romaoggi.eu\\\/index.php\\\/2024\\\/08\\\/21\\\/mar-del-plata-150-la-mostra-fotografica\\\/#article\",\"isPartOf\":{\"@id\":\"https:\\\/\\\/www.romaoggi.eu\\\/index.php\\\/2024\\\/08\\\/21\\\/mar-del-plata-150-la-mostra-fotografica\\\/\"},\"author\":{\"name\":\"Target Lab Ets\",\"@id\":\"https:\\\/\\\/www.romaoggi.eu\\\/#\\\/schema\\\/person\\\/72b8cfc6de60caeb335267c8e21d90fb\"},\"headline\":\"&#8220;MAR DEL PLATA 150&#8221; la mostra fotografica di Luc\u00eda Calabrino fa tappa a Roma\",\"datePublished\":\"2024-08-21T19:41:58+00:00\",\"mainEntityOfPage\":{\"@id\":\"https:\\\/\\\/www.romaoggi.eu\\\/index.php\\\/2024\\\/08\\\/21\\\/mar-del-plata-150-la-mostra-fotografica\\\/\"},\"wordCount\":316,\"publisher\":{\"@id\":\"https:\\\/\\\/www.romaoggi.eu\\\/#organization\"},\"image\":{\"@id\":\"https:\\\/\\\/www.romaoggi.eu\\\/index.php\\\/2024\\\/08\\\/21\\\/mar-del-plata-150-la-mostra-fotografica\\\/#primaryimage\"},\"thumbnailUrl\":\"https:\\\/\\\/www.romaoggi.eu\\\/wp-content\\\/uploads\\\/2024\\\/08\\\/ITA.jpg\",\"keywords\":[\"@casaagentinait\",\"Ambasciata della Repubblica Argentina\",\"Casa Argentina di Roma\",\"Luc\u00eda Calabrino\",\"MAR DEL PLATA 150\"],\"articleSection\":[\"Fotografia &amp; Dintorni\"],\"inLanguage\":\"it-IT\"},{\"@type\":\"WebPage\",\"@id\":\"https:\\\/\\\/www.romaoggi.eu\\\/index.php\\\/2024\\\/08\\\/21\\\/mar-del-plata-150-la-mostra-fotografica\\\/\",\"url\":\"https:\\\/\\\/www.romaoggi.eu\\\/index.php\\\/2024\\\/08\\\/21\\\/mar-del-plata-150-la-mostra-fotografica\\\/\",\"name\":\"\\\"MAR DEL PLATA 150\\\" la mostra fotografica di Luc\u00eda Calabrino fa tappa a Roma\",\"isPartOf\":{\"@id\":\"https:\\\/\\\/www.romaoggi.eu\\\/#website\"},\"primaryImageOfPage\":{\"@id\":\"https:\\\/\\\/www.romaoggi.eu\\\/index.php\\\/2024\\\/08\\\/21\\\/mar-del-plata-150-la-mostra-fotografica\\\/#primaryimage\"},\"image\":{\"@id\":\"https:\\\/\\\/www.romaoggi.eu\\\/index.php\\\/2024\\\/08\\\/21\\\/mar-del-plata-150-la-mostra-fotografica\\\/#primaryimage\"},\"thumbnailUrl\":\"https:\\\/\\\/www.romaoggi.eu\\\/wp-content\\\/uploads\\\/2024\\\/08\\\/ITA.jpg\",\"datePublished\":\"2024-08-21T19:41:58+00:00\",\"description\":\"Redazione a cura di Alessandro Lisci - Target Lab Ets mob 3316379346 Vi aspettiamo alla mostra fotografica \\\"MAR DEL PLATA 150\\\" dal 26 agosto al 6\",\"breadcrumb\":{\"@id\":\"https:\\\/\\\/www.romaoggi.eu\\\/index.php\\\/2024\\\/08\\\/21\\\/mar-del-plata-150-la-mostra-fotografica\\\/#breadcrumb\"},\"inLanguage\":\"it-IT\",\"potentialAction\":[{\"@type\":\"ReadAction\",\"target\":[\"https:\\\/\\\/www.romaoggi.eu\\\/index.php\\\/2024\\\/08\\\/21\\\/mar-del-plata-150-la-mostra-fotografica\\\/\"]}]},{\"@type\":\"ImageObject\",\"inLanguage\":\"it-IT\",\"@id\":\"https:\\\/\\\/www.romaoggi.eu\\\/index.php\\\/2024\\\/08\\\/21\\\/mar-del-plata-150-la-mostra-fotografica\\\/#primaryimage\",\"url\":\"https:\\\/\\\/www.romaoggi.eu\\\/wp-content\\\/uploads\\\/2024\\\/08\\\/ITA.jpg\",\"contentUrl\":\"https:\\\/\\\/www.romaoggi.eu\\\/wp-content\\\/uploads\\\/2024\\\/08\\\/ITA.jpg\",\"width\":1200,\"height\":1200,\"caption\":\"Mar della Plata 150. Mostra fotografica di Luc\u00eda Calabrino\"},{\"@type\":\"BreadcrumbList\",\"@id\":\"https:\\\/\\\/www.romaoggi.eu\\\/index.php\\\/2024\\\/08\\\/21\\\/mar-del-plata-150-la-mostra-fotografica\\\/#breadcrumb\",\"itemListElement\":[{\"@type\":\"ListItem\",\"position\":1,\"name\":\"Home\",\"item\":\"https:\\\/\\\/www.romaoggi.eu\\\/\"},{\"@type\":\"ListItem\",\"position\":2,\"name\":\"&#8220;MAR DEL PLATA 150&#8221; la mostra fotografica di Luc\u00eda Calabrino fa tappa a Roma\"}]},{\"@type\":\"WebSite\",\"@id\":\"https:\\\/\\\/www.romaoggi.eu\\\/#website\",\"url\":\"https:\\\/\\\/www.romaoggi.eu\\\/\",\"name\":\"roma oggi\",\"description\":\"Interesting News for Interesting people\",\"publisher\":{\"@id\":\"https:\\\/\\\/www.romaoggi.eu\\\/#organization\"},\"potentialAction\":[{\"@type\":\"SearchAction\",\"target\":{\"@type\":\"EntryPoint\",\"urlTemplate\":\"https:\\\/\\\/www.romaoggi.eu\\\/?s={search_term_string}\"},\"query-input\":{\"@type\":\"PropertyValueSpecification\",\"valueRequired\":true,\"valueName\":\"search_term_string\"}}],\"inLanguage\":\"it-IT\"},{\"@type\":\"Organization\",\"@id\":\"https:\\\/\\\/www.romaoggi.eu\\\/#organization\",\"name\":\"RomaOggi\",\"url\":\"https:\\\/\\\/www.romaoggi.eu\\\/\",\"logo\":{\"@type\":\"ImageObject\",\"inLanguage\":\"it-IT\",\"@id\":\"https:\\\/\\\/www.romaoggi.eu\\\/#\\\/schema\\\/logo\\\/image\\\/\",\"url\":\"https:\\\/\\\/www.romaoggi.eu\\\/wp-content\\\/uploads\\\/2017\\\/04\\\/logowp.jpg\",\"contentUrl\":\"https:\\\/\\\/www.romaoggi.eu\\\/wp-content\\\/uploads\\\/2017\\\/04\\\/logowp.jpg\",\"width\":300,\"height\":133,\"caption\":\"RomaOggi\"},\"image\":{\"@id\":\"https:\\\/\\\/www.romaoggi.eu\\\/#\\\/schema\\\/logo\\\/image\\\/\"},\"sameAs\":[\"https:\\\/\\\/www.facebook.com\\\/RomaOggi-841544845954114\",\"https:\\\/\\\/x.com\\\/romaoggi_eu\"]},{\"@type\":\"Person\",\"@id\":\"https:\\\/\\\/www.romaoggi.eu\\\/#\\\/schema\\\/person\\\/72b8cfc6de60caeb335267c8e21d90fb\",\"name\":\"Target Lab Ets\",\"image\":{\"@type\":\"ImageObject\",\"inLanguage\":\"it-IT\",\"@id\":\"https:\\\/\\\/secure.gravatar.com\\\/avatar\\\/ab64fd266889a629b0e9e6ab56209e379c2a89cfda303941ee9621d4090292d1?s=96&d=mm&r=g\",\"url\":\"https:\\\/\\\/secure.gravatar.com\\\/avatar\\\/ab64fd266889a629b0e9e6ab56209e379c2a89cfda303941ee9621d4090292d1?s=96&d=mm&r=g\",\"contentUrl\":\"https:\\\/\\\/secure.gravatar.com\\\/avatar\\\/ab64fd266889a629b0e9e6ab56209e379c2a89cfda303941ee9621d4090292d1?s=96&d=mm&r=g\",\"caption\":\"Target Lab Ets\"},\"sameAs\":[\"http:\\\/\\\/www.targetlab.org\"],\"url\":\"https:\\\/\\\/www.romaoggi.eu\\\/index.php\\\/author\\\/isfc\\\/\"}]}<\/script>\n<!-- \/ Yoast SEO plugin. -->","yoast_head_json":{"title":"\"MAR DEL PLATA 150\" la mostra fotografica di Luc\u00eda Calabrino fa tappa a Roma","description":"Redazione a cura di Alessandro Lisci - Target Lab Ets mob 3316379346 Vi aspettiamo alla mostra fotografica \"MAR DEL PLATA 150\" dal 26 agosto al 6","robots":{"index":"index","follow":"follow","max-snippet":"max-snippet:-1","max-image-preview":"max-image-preview:large","max-video-preview":"max-video-preview:-1"},"canonical":"https:\/\/www.romaoggi.eu\/index.php\/2024\/08\/21\/mar-del-plata-150-la-mostra-fotografica\/","og_locale":"it_IT","og_type":"article","og_title":"\"MAR DEL PLATA 150\" la mostra fotografica di Luc\u00eda Calabrino fa tappa a Roma","og_description":"Redazione a cura di Alessandro Lisci - Target Lab Ets mob 3316379346 Vi aspettiamo alla mostra fotografica \"MAR DEL PLATA 150\" dal 26 agosto al 6","og_url":"https:\/\/www.romaoggi.eu\/index.php\/2024\/08\/21\/mar-del-plata-150-la-mostra-fotografica\/","og_site_name":"roma oggi","article_publisher":"https:\/\/www.facebook.com\/RomaOggi-841544845954114","article_published_time":"2024-08-21T19:41:58+00:00","og_image":[{"width":1200,"height":1200,"url":"https:\/\/www.romaoggi.eu\/wp-content\/uploads\/2024\/08\/ITA.jpg","type":"image\/jpeg"}],"author":"Target Lab Ets","twitter_card":"summary_large_image","twitter_creator":"@romaoggi_eu","twitter_site":"@romaoggi_eu","twitter_misc":{"Scritto da":"Target Lab Ets","Tempo di lettura stimato":"3 minuti"},"schema":{"@context":"https:\/\/schema.org","@graph":[{"@type":"Article","@id":"https:\/\/www.romaoggi.eu\/index.php\/2024\/08\/21\/mar-del-plata-150-la-mostra-fotografica\/#article","isPartOf":{"@id":"https:\/\/www.romaoggi.eu\/index.php\/2024\/08\/21\/mar-del-plata-150-la-mostra-fotografica\/"},"author":{"name":"Target Lab Ets","@id":"https:\/\/www.romaoggi.eu\/#\/schema\/person\/72b8cfc6de60caeb335267c8e21d90fb"},"headline":"&#8220;MAR DEL PLATA 150&#8221; la mostra fotografica di Luc\u00eda Calabrino fa tappa a Roma","datePublished":"2024-08-21T19:41:58+00:00","mainEntityOfPage":{"@id":"https:\/\/www.romaoggi.eu\/index.php\/2024\/08\/21\/mar-del-plata-150-la-mostra-fotografica\/"},"wordCount":316,"publisher":{"@id":"https:\/\/www.romaoggi.eu\/#organization"},"image":{"@id":"https:\/\/www.romaoggi.eu\/index.php\/2024\/08\/21\/mar-del-plata-150-la-mostra-fotografica\/#primaryimage"},"thumbnailUrl":"https:\/\/www.romaoggi.eu\/wp-content\/uploads\/2024\/08\/ITA.jpg","keywords":["@casaagentinait","Ambasciata della Repubblica Argentina","Casa Argentina di Roma","Luc\u00eda Calabrino","MAR DEL PLATA 150"],"articleSection":["Fotografia &amp; Dintorni"],"inLanguage":"it-IT"},{"@type":"WebPage","@id":"https:\/\/www.romaoggi.eu\/index.php\/2024\/08\/21\/mar-del-plata-150-la-mostra-fotografica\/","url":"https:\/\/www.romaoggi.eu\/index.php\/2024\/08\/21\/mar-del-plata-150-la-mostra-fotografica\/","name":"\"MAR DEL PLATA 150\" la mostra fotografica di Luc\u00eda Calabrino fa tappa a Roma","isPartOf":{"@id":"https:\/\/www.romaoggi.eu\/#website"},"primaryImageOfPage":{"@id":"https:\/\/www.romaoggi.eu\/index.php\/2024\/08\/21\/mar-del-plata-150-la-mostra-fotografica\/#primaryimage"},"image":{"@id":"https:\/\/www.romaoggi.eu\/index.php\/2024\/08\/21\/mar-del-plata-150-la-mostra-fotografica\/#primaryimage"},"thumbnailUrl":"https:\/\/www.romaoggi.eu\/wp-content\/uploads\/2024\/08\/ITA.jpg","datePublished":"2024-08-21T19:41:58+00:00","description":"Redazione a cura di Alessandro Lisci - Target Lab Ets mob 3316379346 Vi aspettiamo alla mostra fotografica \"MAR DEL PLATA 150\" dal 26 agosto al 6","breadcrumb":{"@id":"https:\/\/www.romaoggi.eu\/index.php\/2024\/08\/21\/mar-del-plata-150-la-mostra-fotografica\/#breadcrumb"},"inLanguage":"it-IT","potentialAction":[{"@type":"ReadAction","target":["https:\/\/www.romaoggi.eu\/index.php\/2024\/08\/21\/mar-del-plata-150-la-mostra-fotografica\/"]}]},{"@type":"ImageObject","inLanguage":"it-IT","@id":"https:\/\/www.romaoggi.eu\/index.php\/2024\/08\/21\/mar-del-plata-150-la-mostra-fotografica\/#primaryimage","url":"https:\/\/www.romaoggi.eu\/wp-content\/uploads\/2024\/08\/ITA.jpg","contentUrl":"https:\/\/www.romaoggi.eu\/wp-content\/uploads\/2024\/08\/ITA.jpg","width":1200,"height":1200,"caption":"Mar della Plata 150. Mostra fotografica di Luc\u00eda Calabrino"},{"@type":"BreadcrumbList","@id":"https:\/\/www.romaoggi.eu\/index.php\/2024\/08\/21\/mar-del-plata-150-la-mostra-fotografica\/#breadcrumb","itemListElement":[{"@type":"ListItem","position":1,"name":"Home","item":"https:\/\/www.romaoggi.eu\/"},{"@type":"ListItem","position":2,"name":"&#8220;MAR DEL PLATA 150&#8221; la mostra fotografica di Luc\u00eda Calabrino fa tappa a Roma"}]},{"@type":"WebSite","@id":"https:\/\/www.romaoggi.eu\/#website","url":"https:\/\/www.romaoggi.eu\/","name":"roma oggi","description":"Interesting News for Interesting people","publisher":{"@id":"https:\/\/www.romaoggi.eu\/#organization"},"potentialAction":[{"@type":"SearchAction","target":{"@type":"EntryPoint","urlTemplate":"https:\/\/www.romaoggi.eu\/?s={search_term_string}"},"query-input":{"@type":"PropertyValueSpecification","valueRequired":true,"valueName":"search_term_string"}}],"inLanguage":"it-IT"},{"@type":"Organization","@id":"https:\/\/www.romaoggi.eu\/#organization","name":"RomaOggi","url":"https:\/\/www.romaoggi.eu\/","logo":{"@type":"ImageObject","inLanguage":"it-IT","@id":"https:\/\/www.romaoggi.eu\/#\/schema\/logo\/image\/","url":"https:\/\/www.romaoggi.eu\/wp-content\/uploads\/2017\/04\/logowp.jpg","contentUrl":"https:\/\/www.romaoggi.eu\/wp-content\/uploads\/2017\/04\/logowp.jpg","width":300,"height":133,"caption":"RomaOggi"},"image":{"@id":"https:\/\/www.romaoggi.eu\/#\/schema\/logo\/image\/"},"sameAs":["https:\/\/www.facebook.com\/RomaOggi-841544845954114","https:\/\/x.com\/romaoggi_eu"]},{"@type":"Person","@id":"https:\/\/www.romaoggi.eu\/#\/schema\/person\/72b8cfc6de60caeb335267c8e21d90fb","name":"Target Lab Ets","image":{"@type":"ImageObject","inLanguage":"it-IT","@id":"https:\/\/secure.gravatar.com\/avatar\/ab64fd266889a629b0e9e6ab56209e379c2a89cfda303941ee9621d4090292d1?s=96&d=mm&r=g","url":"https:\/\/secure.gravatar.com\/avatar\/ab64fd266889a629b0e9e6ab56209e379c2a89cfda303941ee9621d4090292d1?s=96&d=mm&r=g","contentUrl":"https:\/\/secure.gravatar.com\/avatar\/ab64fd266889a629b0e9e6ab56209e379c2a89cfda303941ee9621d4090292d1?s=96&d=mm&r=g","caption":"Target Lab Ets"},"sameAs":["http:\/\/www.targetlab.org"],"url":"https:\/\/www.romaoggi.eu\/index.php\/author\/isfc\/"}]}},"_links":{"self":[{"href":"https:\/\/www.romaoggi.eu\/index.php\/wp-json\/wp\/v2\/posts\/37579","targetHints":{"allow":["GET"]}}],"collection":[{"href":"https:\/\/www.romaoggi.eu\/index.php\/wp-json\/wp\/v2\/posts"}],"about":[{"href":"https:\/\/www.romaoggi.eu\/index.php\/wp-json\/wp\/v2\/types\/post"}],"author":[{"embeddable":true,"href":"https:\/\/www.romaoggi.eu\/index.php\/wp-json\/wp\/v2\/users\/17"}],"replies":[{"embeddable":true,"href":"https:\/\/www.romaoggi.eu\/index.php\/wp-json\/wp\/v2\/comments?post=37579"}],"version-history":[{"count":3,"href":"https:\/\/www.romaoggi.eu\/index.php\/wp-json\/wp\/v2\/posts\/37579\/revisions"}],"predecessor-version":[{"id":37584,"href":"https:\/\/www.romaoggi.eu\/index.php\/wp-json\/wp\/v2\/posts\/37579\/revisions\/37584"}],"wp:featuredmedia":[{"embeddable":true,"href":"https:\/\/www.romaoggi.eu\/index.php\/wp-json\/wp\/v2\/media\/37583"}],"wp:attachment":[{"href":"https:\/\/www.romaoggi.eu\/index.php\/wp-json\/wp\/v2\/media?parent=37579"}],"wp:term":[{"taxonomy":"category","embeddable":true,"href":"https:\/\/www.romaoggi.eu\/index.php\/wp-json\/wp\/v2\/categories?post=37579"},{"taxonomy":"post_tag","embeddable":true,"href":"https:\/\/www.romaoggi.eu\/index.php\/wp-json\/wp\/v2\/tags?post=37579"}],"curies":[{"name":"wp","href":"https:\/\/api.w.org\/{rel}","templated":true}]}}